{"id":50342,"date":"2023-11-24T16:16:45","date_gmt":"2023-11-24T14:16:45","guid":{"rendered":"https:\/\/just-now.news\/de\/deutschland\/die-eu-bereitet-sich-auf-das-unvermeidliche-ende-vor\/"},"modified":"2023-11-24T16:16:45","modified_gmt":"2023-11-24T14:16:45","slug":"die-eu-bereitet-sich-auf-das-unvermeidliche-ende-vor","status":"publish","type":"post","link":"https:\/\/now-news.de\/de\/deutschland\/die-eu-bereitet-sich-auf-das-unvermeidliche-ende-vor\/","title":{"rendered":"Die EU bereitet sich auf das unvermeidliche Ende vor"},"content":{"rendered":"<p><img decoding=\"async\" src=\"http:\/\/just-now.news\/de\/wp-content\/uploads\/sites\/3\/2023\/11\/655fba1448fbef71c44dcc84.jpg\" \/><\/p>\n<div class=\"Text-root Text-type_1 \">\n                Zerf\u00e4llt die EU? Die Anzeichen mehren sich \u2013 und US-Strategen planen schon f\u00fcr ein anderes Europa nach 2027. Nur in Russland mag man nicht so recht daran glauben.\n            <\/div>\n<p><\/p>\n<div class=\"Text-root Text-type_5 ArticleView-text ViewText-root \">\n<p><em>Von Sergei Sawtschuk\u00a0<\/em><\/p>\n<p>Ganz gleich, wie viele russische Publizisten und Analysten schreiben, dass die Europ\u00e4ische Union in ihrer derzeitigen funktionalen und vor allem moralischen Gestalt und der Form mangelnder Eigenst\u00e4ndigkeit dem Untergang geweiht ist \u2013 all diese Argumente sto\u00dfen bei den russischen &#8220;Europhilen&#8221; stets auf hochm\u00fctigen Spott. Das Hauptargument und \u2013 wie es ihnen scheint \u2013 das Totschlagargument sei, dass wir seit den noch nicht sehr lange zur\u00fcckliegenden Zeiten der UdSSR nun schon vom Verfall des Westens h\u00f6ren, der jedoch nie eingetreten ist. Das &#8220;Wrack&#8221; ist immer noch da \u2013 in dem Sinne, dass Europa in Gestalt der EU immer noch f\u00fcr viele der Standard, das Ma\u00df und das unerreichbare Ideal ist.<\/p>\n<p>Innerhalb der Europ\u00e4ischen Union ist man nicht so ignorant.<\/p>\n<p>Neulich fand in Ungarn ein Kongress der Fidesz-Partei statt, auf dem der ungarische Ministerpr\u00e4sident und Parteivorsitzende Viktor Orb\u00e1n von der Trib\u00fcne aus sinngem\u00e4\u00df Blitz und Donner gegen die EU warf. Lassen Sie uns einfach die wichtigsten Postulate aus seiner Rede an seine Parteifreunde und Mitb\u00fcrger aufz\u00e4hlen:<\/p>\n<ul>\n<li>Die Br\u00fcsseler Politik f\u00fchrt Europa in ein drohendes Chaos.<\/li>\n<li>Innerhalb der EU gibt es immer weniger Menschen, die arbeiten, und immer mehr, die dem Staat auf der Tasche liegen m\u00f6chten.<\/li>\n<li>Die innere Ordnung wird von Tag zu Tag schw\u00e4cher.<\/li>\n<li>Die unkontrollierte Migration hat bereits ungewollte Folgen.<\/li>\n<li>Die Finanzverschuldung Europas w\u00e4chst stetig.<\/li>\n<li>Die Kapitalflucht in die USA und die asiatischen L\u00e4nder nimmt zu, was den Tod der europ\u00e4ischen Industrie bedeutet.<\/li>\n<li>Br\u00fcssel verfolgt eine Politik des Isolationismus statt echter Diplomatie.<\/li>\n<li>Jede abweichende Meinung wird unterdr\u00fcckt.<\/li>\n<li>Im Jahr 2030 wird Deutschland nur noch die zehntgr\u00f6\u00dfte Volkswirtschaft der Welt sein, und das Vereinigte K\u00f6nigreich und Frankreich werden noch weiter zur\u00fcckfallen<strong><\/strong><\/li>\n<\/ul>\n<p>Die Menschen der \u00e4lteren Generation in Russland und die im ehemaligen Ostblock generell m\u00fcssen jetzt ein starkes D\u00e9j\u00e0-vu-Erlebnis gehabt haben. Viele der Thesen Orb\u00e1ns k\u00f6nnen direkt aus den politischen Informationsstunden stammen, wie sie in sowjetischen Bildungs- und Produktionsst\u00e4tten abgehalten wurden. Aber wir leben nicht mehr Mitte der 1980er Jahre, sondern am Ende des ersten Viertels des 21.Jahrhunderts. Au\u00dferdem werden die rebellischen \u00c4u\u00dferungen vom Ministerpr\u00e4sidenten eines Landes gemacht, das vor genau 20 Jahren erst dieser EU beigetreten ist, nachdem 80 Prozent der B\u00fcrger beim Referendum 2003 f\u00fcr den Beitritt zur Union gestimmt hatten.<\/p>\n<p>Ja, es stimmt: Ungarn ist nicht das gr\u00f6\u00dfte, reichste oder st\u00e4rkste Land in Europa. Gemessen an der Bev\u00f6lkerungszahl liegt es nur auf Platz 13, gemessen an der Fl\u00e4che auf Platz 18, und Ungarn ist nach Polen das Empf\u00e4ngerland der zweith\u00f6chsten Finanzhilfen der EU.<\/p>\n<p>Und genau das ist der Punkt. Es w\u00e4re verst\u00e4ndlich, wenn eine solche verbale Eskapade von dem Regierungschef eines der reichsten und unabh\u00e4ngigsten L\u00e4nder organisiert w\u00fcrde, das es leid ist, einen Haufen Schmarotzer durchzuf\u00fcttern. Aber allein die Tatsache, dass ein offenkundig in der Defensive befindlicher Akteur der europ\u00e4ischen Politik die Rolle des Unruhestifters spielt und jede Zur\u00fcckhaltung fallen l\u00e4sst, zeigt deutlich, dass eben dieser Akteur nichts mehr zu verlieren hat. Die Lage ist so ernst, dass selbst ein drohender Ausschluss vom Haushaltstrog in Br\u00fcssel nicht ausreicht, um ihn zum Schweigen zu bringen.<\/p>\n<p>Um das Bild zu vervollst\u00e4ndigen, sollte man einen Blick in die Slowakei werfen, wo die Mannschaft von Robert Fico sensationell die Regierungsgesch\u00e4fte \u00fcbernommen hat und deren Funktion\u00e4re demonstrativ die EU-Fahnen aus ihren B\u00fcros entfernen. Im Hintergrund dieses Gesamtbildes sind auch noch die Wahlergebnisse in Deutschland zu beachten: Dort ist Olaf Scholz mittlerweile in wichtigen Bundesl\u00e4ndern krachend gescheitert und hat einen historischen Negativrekord seiner Sozialdemokratischen Partei bei Wahlen errungen.<\/p>\n<p>Die Bem\u00fchungen, die f\u00fcr jeden sp\u00fcrbare Realit\u00e4t zu leugnen \u2013 sei es von den Plutokraten in Br\u00fcssel oder von ihren Anh\u00e4ngern in Russland \u2013 sehen immer mehr wie der Versuch aus, einen Elefanten unter einem Taschentuch zu verstecken.<\/p>\n<p>Es ist von grundlegender Bedeutung, dass westliche Quellen und alle m\u00f6glichen Arten von Strategieschmieden den Zusammenbruch der Europ\u00e4ischen Union schon lange nicht mehr als gewisse Wahrscheinlichkeit, sondern als garantiertes Finale betrachten.<\/p>\n<p>Der <em>Guardian<\/em>\u00a0<a rel=\"nofollow noopener\" target=\"_blank\" href=\"https:\/\/www.theguardian.com\/business\/2023\/jun\/08\/eurozone-sinks-into-recession-as-cost-of-living-crisis-takes-toll\">berichtet<\/a>, dass nicht nur einzelne L\u00e4nder, sondern die gesamte Eurozone in die Rezession rutscht. Dieser Prozess ist grunds\u00e4tzlich nicht geeignet, bei den betroffenen B\u00fcrgern Freude auszul\u00f6sen, vor allem wenn man bedenkt, dass die Talfahrt im n\u00e4chsten Jahr nicht aufh\u00f6ren, sondern sich nur noch weiter beschleunigen wird.<br \/> Die kanadische gemeinn\u00fctzige Stiftung McMUN (McGill Model United Nations) h\u00e4lt offiziell Konferenzen ab, auf denen das Schicksal Europas nach 2027 diskutiert wird. Wie unschwer zu erraten ist, wird dies das Jahr sein, das Beobachter aus \u00dcbersee als das letzte Jahr in der Geschichte der EU <a rel=\"nofollow noopener\" target=\"_blank\" href=\"https:\/\/www.mcmun.org\/collapse-of-the-eu\">vorhersagen<\/a>.<\/p>\n<p>Bereits 2019 hat der European Council on Foreign Relations umfangreiche Meinungsumfragen in Deutschland, Frankreich, den Niederlanden, Italien, \u00d6sterreich, der Slowakei, Griechenland, der Tschechischen Republik und Polen durchgef\u00fchrt. Und schon damals, noch lange vor dem Verh\u00e4ngen von Sanktionen gegen russische Energieressourcen und vor all dem, wovon Viktor Orb\u00e1n heute spricht, <a rel=\"nofollow noopener\" target=\"_blank\" href=\"https:\/\/www.theguardian.com\/world\/2019\/may\/15\/majority-of-europeans-expect-end-of-eu-within-20-years\">hielt<\/a> die Mehrheit der Befragten den Zusammenbruch der Europ\u00e4ischen Union in einer Perspektive von 10 bis 20 Jahren f\u00fcr unvermeidlich. Die Ergebnisse der Umfrage wurden in Europa selbst \u00e4u\u00dferst ernst genommen \u2013 so sehr immerhin, dass die Europ\u00e4ische Kommission selbst einen Bericht von Ian Kearns, Autor des Buches &#8220;Collapse: Europe After The European Union&#8221;, in Auftrag gab, in dem dieser die sechs wahrscheinlichsten Szenarien des Zusammenbruchs betrachtet.<\/p>\n<p>Nach den Geboten des Genres sollte ein solcher Text eigentlich mit einem herzlichen und ergreifenden Satz enden. Aber mir kommt nur der uralte Witz in den Sinn, dass die Ukraine nicht von ihren europ\u00e4ischen Bestrebungen abgehalten werden sollte. Vielmehr sollte Kiew in dieser Angelegenheit sehr unterst\u00fctzt werden, denn welcher Union die Ukrainer auch beitreten m\u00f6gen, sie werden sie garantiert zum Scheitern bringen. Die Aufnahme der Ukraine als Vollmitglied der EU ist noch nicht vollzogen, aber die EU bereitet bereits ein Laken vor, worin sie sich einwickeln und zum Friedhof wanken kann.<\/p>\n<p><em>\u00dcbersetzung aus dem <\/em><a rel=\"nofollow noopener\" target=\"_blank\" href=\"https:\/\/ria.ru\/20231123\/evropa-1911189975.html\"><em>Russischen<\/em><\/a><em> und zuerst erschienen am 23. November 2023 bei RIA Nowosti.<\/em><\/p>\n<p><strong>Mehr zum Thema<\/strong> &#8211; <a rel=\"nofollow noopener\" target=\"_blank\" href=\"https:\/\/freedert.online\/meinung\/187364-russlands-rache-gegen-hochnaesige-europa\/\">Russlands Rache gegen das hochn\u00e4sige Europa muss im Voraus vorbereitet werden<\/a><\/p>\n<\/p>\n<\/div>\n<p><br \/>\n<br \/><a href=\"https:\/\/de.rt.com\/meinung\/187944-eu-bereitet-sich-auf-das-ende-vor\/\">Source link <\/a><\/p>\n","protected":false},"excerpt":{"rendered":"<p>Zerf\u00e4llt die EU? Die Anzeichen mehren sich \u2013 und US-Strategen planen schon f\u00fcr ein anderes Europa nach 2027. Nur in Russland mag man nicht so recht daran glauben. Von Sergei Sawtschuk\u00a0 Ganz gleich, wie viele russische Publizisten und Analysten schreiben, dass die Europ\u00e4ische Union in ihrer derzeitigen funktionalen und vor allem moralischen Gestalt und der [&hellip;]<\/p>\n","protected":false},"author":3,"featured_media":50343,"comment_status":"open","ping_status":"open","sticky":false,"template":"","format":"standard","meta":{"_yoast_indexnow_last_ping":["1700835590"],"wp_automatic_camp":["217"],"4ffe5a544a1b489dbc04e840d7a634d0":["Die EU bereitet sich auf das unvermeidliche Ende vor"],"original_link":["https:\/\/de.rt.com\/meinung\/187944-eu-bereitet-sich-auf-das-ende-vor\/"],"_thumbnail_id":["50343"],"_wptgpro_p2tg_sent2tg":["a:1:{i:23737;s:19:\"2023-11-24 16:20:56\";}"],"jnews_social_counter_last_update":["1777435505"]},"categories":[19,23],"tags":[133,8549,427,45,5375,434,50965,320],"yoast_head":"<!-- This site is optimized with the Yoast SEO Premium plugin v22.7 (Yoast SEO v22.7) - https:\/\/yoast.com\/wordpress\/plugins\/seo\/ -->\n<title>Die EU bereitet sich auf das unvermeidliche Ende vor - just-now.NEWS Deutschland<\/title>\n<meta name=\"robots\" content=\"index, follow, max-snippet:-1, max-image-preview:large, max-video-preview:-1\" \/>\n<link rel=\"canonical\" href=\"https:\/\/now-news.de\/de\/deutschland\/die-eu-bereitet-sich-auf-das-unvermeidliche-ende-vor\/\" \/>\n<meta property=\"og:locale\" content=\"de_DE\" \/>\n<meta property=\"og:type\" content=\"article\" \/>\n<meta property=\"og:title\" content=\"Die EU bereitet sich auf das unvermeidliche Ende vor\" \/>\n<meta property=\"og:description\" content=\"Zerf\u00e4llt die EU? Die Anzeichen mehren sich \u2013 und US-Strategen planen schon f\u00fcr ein anderes Europa nach 2027. Nur in Russland mag man nicht so recht daran glauben. Von Sergei Sawtschuk\u00a0 Ganz gleich, wie viele russische Publizisten und Analysten schreiben, dass die Europ\u00e4ische Union in ihrer derzeitigen funktionalen und vor allem moralischen Gestalt und der [&hellip;]\" \/>\n<meta property=\"og:url\" content=\"https:\/\/now-news.de\/de\/deutschland\/die-eu-bereitet-sich-auf-das-unvermeidliche-ende-vor\/\" \/>\n<meta property=\"og:site_name\" content=\"just-now.NEWS Deutschland\" \/>\n<meta property=\"article:publisher\" content=\"https:\/\/www.facebook.com\/wirmachenauf\" \/>\n<meta property=\"article:published_time\" content=\"2023-11-24T14:16:45+00:00\" \/>\n<meta property=\"og:image\" content=\"https:\/\/now-news.de\/de\/wp-content\/uploads\/sites\/3\/2023\/11\/Die-EU-bereitet-sich-auf-das-unvermeidliche-Ende-vor.jpg\" \/>\n\t<meta property=\"og:image:width\" content=\"460\" \/>\n\t<meta property=\"og:image:height\" content=\"259\" \/>\n\t<meta property=\"og:image:type\" content=\"image\/jpeg\" \/>\n<meta name=\"author\" content=\"rtnews\" \/>\n<meta name=\"twitter:card\" content=\"summary_large_image\" \/>\n<meta name=\"twitter:creator\" content=\"@WirMachenAuf_de\" \/>\n<meta name=\"twitter:site\" content=\"@WirMachenAuf_de\" \/>\n<meta name=\"twitter:label1\" content=\"Verfasst von\" \/>\n\t<meta name=\"twitter:data1\" content=\"rtnews\" \/>\n\t<meta name=\"twitter:label2\" content=\"Gesch\u00e4tzte Lesezeit\" \/>\n\t<meta name=\"twitter:data2\" content=\"5\u00a0Minuten\" \/>\n<script type=\"application\/ld+json\" class=\"yoast-schema-graph\">{\"@context\":\"https:\/\/schema.org\",\"@graph\":[{\"@type\":\"Article\",\"@id\":\"https:\/\/now-news.de\/de\/deutschland\/die-eu-bereitet-sich-auf-das-unvermeidliche-ende-vor\/#article\",\"isPartOf\":{\"@id\":\"https:\/\/now-news.de\/de\/deutschland\/die-eu-bereitet-sich-auf-das-unvermeidliche-ende-vor\/\"},\"author\":{\"name\":\"rtnews\",\"@id\":\"https:\/\/now-news.de\/de\/#\/schema\/person\/fb534a4e865501d8b3285208df34a9b5\"},\"headline\":\"Die EU bereitet sich auf das unvermeidliche Ende vor\",\"datePublished\":\"2023-11-24T14:16:45+00:00\",\"dateModified\":\"2023-11-24T14:16:45+00:00\",\"mainEntityOfPage\":{\"@id\":\"https:\/\/now-news.de\/de\/deutschland\/die-eu-bereitet-sich-auf-das-unvermeidliche-ende-vor\/\"},\"wordCount\":1071,\"commentCount\":0,\"publisher\":{\"@id\":\"https:\/\/now-news.de\/de\/#organization\"},\"image\":{\"@id\":\"https:\/\/now-news.de\/de\/deutschland\/die-eu-bereitet-sich-auf-das-unvermeidliche-ende-vor\/#primaryimage\"},\"thumbnailUrl\":\"https:\/\/now-news.de\/de\/wp-content\/uploads\/sites\/3\/2023\/11\/Die-EU-bereitet-sich-auf-das-unvermeidliche-Ende-vor.jpg\",\"keywords\":[\"AUF\",\"bereitet\",\"das\",\"die\",\"Ende\",\"sich\",\"unvermeidliche\",\"vor\"],\"articleSection\":[\"Deutschland\",\"Russland\"],\"inLanguage\":\"de\",\"potentialAction\":[{\"@type\":\"CommentAction\",\"name\":\"Comment\",\"target\":[\"https:\/\/now-news.de\/de\/deutschland\/die-eu-bereitet-sich-auf-das-unvermeidliche-ende-vor\/#respond\"]}]},{\"@type\":\"WebPage\",\"@id\":\"https:\/\/now-news.de\/de\/deutschland\/die-eu-bereitet-sich-auf-das-unvermeidliche-ende-vor\/\",\"url\":\"https:\/\/now-news.de\/de\/deutschland\/die-eu-bereitet-sich-auf-das-unvermeidliche-ende-vor\/\",\"name\":\"Die EU bereitet sich auf das unvermeidliche Ende vor - just-now.NEWS Deutschland\",\"isPartOf\":{\"@id\":\"https:\/\/now-news.de\/de\/#website\"},\"primaryImageOfPage\":{\"@id\":\"https:\/\/now-news.de\/de\/deutschland\/die-eu-bereitet-sich-auf-das-unvermeidliche-ende-vor\/#primaryimage\"},\"image\":{\"@id\":\"https:\/\/now-news.de\/de\/deutschland\/die-eu-bereitet-sich-auf-das-unvermeidliche-ende-vor\/#primaryimage\"},\"thumbnailUrl\":\"https:\/\/now-news.de\/de\/wp-content\/uploads\/sites\/3\/2023\/11\/Die-EU-bereitet-sich-auf-das-unvermeidliche-Ende-vor.jpg\",\"datePublished\":\"2023-11-24T14:16:45+00:00\",\"dateModified\":\"2023-11-24T14:16:45+00:00\",\"breadcrumb\":{\"@id\":\"https:\/\/now-news.de\/de\/deutschland\/die-eu-bereitet-sich-auf-das-unvermeidliche-ende-vor\/#breadcrumb\"},\"inLanguage\":\"de\",\"potentialAction\":[{\"@type\":\"ReadAction\",\"target\":[\"https:\/\/now-news.de\/de\/deutschland\/die-eu-bereitet-sich-auf-das-unvermeidliche-ende-vor\/\"]}]},{\"@type\":\"ImageObject\",\"inLanguage\":\"de\",\"@id\":\"https:\/\/now-news.de\/de\/deutschland\/die-eu-bereitet-sich-auf-das-unvermeidliche-ende-vor\/#primaryimage\",\"url\":\"https:\/\/now-news.de\/de\/wp-content\/uploads\/sites\/3\/2023\/11\/Die-EU-bereitet-sich-auf-das-unvermeidliche-Ende-vor.jpg\",\"contentUrl\":\"https:\/\/now-news.de\/de\/wp-content\/uploads\/sites\/3\/2023\/11\/Die-EU-bereitet-sich-auf-das-unvermeidliche-Ende-vor.jpg\",\"width\":460,\"height\":259,\"caption\":\"Die EU bereitet sich auf das unvermeidliche Ende vor\"},{\"@type\":\"BreadcrumbList\",\"@id\":\"https:\/\/now-news.de\/de\/deutschland\/die-eu-bereitet-sich-auf-das-unvermeidliche-ende-vor\/#breadcrumb\",\"itemListElement\":[{\"@type\":\"ListItem\",\"position\":1,\"name\":\"Home\",\"item\":\"https:\/\/now-news.de\/de\/\"},{\"@type\":\"ListItem\",\"position\":2,\"name\":\"Die EU bereitet sich auf das unvermeidliche Ende vor\"}]},{\"@type\":\"WebSite\",\"@id\":\"https:\/\/now-news.de\/de\/#website\",\"url\":\"https:\/\/now-news.de\/de\/\",\"name\":\"just-now.NEWS Deutschland\",\"description\":\"Das Portal f\u00fcr unzensierte Nachrichten aus der Welt\",\"publisher\":{\"@id\":\"https:\/\/now-news.de\/de\/#organization\"},\"potentialAction\":[{\"@type\":\"SearchAction\",\"target\":{\"@type\":\"EntryPoint\",\"urlTemplate\":\"https:\/\/now-news.de\/de\/?s={search_term_string}\"},\"query-input\":\"required name=search_term_string\"}],\"inLanguage\":\"de\"},{\"@type\":\"Organization\",\"@id\":\"https:\/\/now-news.de\/de\/#organization\",\"name\":\"Just Now News\",\"url\":\"https:\/\/now-news.de\/de\/\",\"logo\":{\"@type\":\"ImageObject\",\"inLanguage\":\"de\",\"@id\":\"https:\/\/now-news.de\/de\/#\/schema\/logo\/image\/\",\"url\":\"http:\/\/just-now.news\/de\/wp-content\/uploads\/sites\/3\/2022\/04\/logo500x500.jpg\",\"contentUrl\":\"http:\/\/just-now.news\/de\/wp-content\/uploads\/sites\/3\/2022\/04\/logo500x500.jpg\",\"width\":500,\"height\":500,\"caption\":\"Just Now News\"},\"image\":{\"@id\":\"https:\/\/now-news.de\/de\/#\/schema\/logo\/image\/\"},\"sameAs\":[\"https:\/\/www.facebook.com\/wirmachenauf\",\"https:\/\/x.com\/WirMachenAuf_de\"]},{\"@type\":\"Person\",\"@id\":\"https:\/\/now-news.de\/de\/#\/schema\/person\/fb534a4e865501d8b3285208df34a9b5\",\"name\":\"rtnews\",\"image\":{\"@type\":\"ImageObject\",\"inLanguage\":\"de\",\"@id\":\"https:\/\/now-news.de\/de\/#\/schema\/person\/image\/\",\"url\":\"https:\/\/secure.gravatar.com\/avatar\/82aafea7d8127119dd649515f56e2117?s=96&d=mm&r=g\",\"contentUrl\":\"https:\/\/secure.gravatar.com\/avatar\/82aafea7d8127119dd649515f56e2117?s=96&d=mm&r=g\",\"caption\":\"rtnews\"},\"url\":\"https:\/\/now-news.de\/de\/author\/rnews\/\"}]}<\/script>\n<!-- \/ Yoast SEO Premium plugin. -->","yoast_head_json":{"title":"Die EU bereitet sich auf das unvermeidliche Ende vor - just-now.NEWS Deutschland","robots":{"index":"index","follow":"follow","max-snippet":"max-snippet:-1","max-image-preview":"max-image-preview:large","max-video-preview":"max-video-preview:-1"},"canonical":"https:\/\/now-news.de\/de\/deutschland\/die-eu-bereitet-sich-auf-das-unvermeidliche-ende-vor\/","og_locale":"de_DE","og_type":"article","og_title":"Die EU bereitet sich auf das unvermeidliche Ende vor","og_description":"Zerf\u00e4llt die EU? Die Anzeichen mehren sich \u2013 und US-Strategen planen schon f\u00fcr ein anderes Europa nach 2027. Nur in Russland mag man nicht so recht daran glauben. Von Sergei Sawtschuk\u00a0 Ganz gleich, wie viele russische Publizisten und Analysten schreiben, dass die Europ\u00e4ische Union in ihrer derzeitigen funktionalen und vor allem moralischen Gestalt und der [&hellip;]","og_url":"https:\/\/now-news.de\/de\/deutschland\/die-eu-bereitet-sich-auf-das-unvermeidliche-ende-vor\/","og_site_name":"just-now.NEWS Deutschland","article_publisher":"https:\/\/www.facebook.com\/wirmachenauf","article_published_time":"2023-11-24T14:16:45+00:00","og_image":[{"width":460,"height":259,"url":"https:\/\/now-news.de\/de\/wp-content\/uploads\/sites\/3\/2023\/11\/Die-EU-bereitet-sich-auf-das-unvermeidliche-Ende-vor.jpg","type":"image\/jpeg"}],"author":"rtnews","twitter_card":"summary_large_image","twitter_creator":"@WirMachenAuf_de","twitter_site":"@WirMachenAuf_de","twitter_misc":{"Verfasst von":"rtnews","Gesch\u00e4tzte Lesezeit":"5\u00a0Minuten"},"schema":{"@context":"https:\/\/schema.org","@graph":[{"@type":"Article","@id":"https:\/\/now-news.de\/de\/deutschland\/die-eu-bereitet-sich-auf-das-unvermeidliche-ende-vor\/#article","isPartOf":{"@id":"https:\/\/now-news.de\/de\/deutschland\/die-eu-bereitet-sich-auf-das-unvermeidliche-ende-vor\/"},"author":{"name":"rtnews","@id":"https:\/\/now-news.de\/de\/#\/schema\/person\/fb534a4e865501d8b3285208df34a9b5"},"headline":"Die EU bereitet sich auf das unvermeidliche Ende vor","datePublished":"2023-11-24T14:16:45+00:00","dateModified":"2023-11-24T14:16:45+00:00","mainEntityOfPage":{"@id":"https:\/\/now-news.de\/de\/deutschland\/die-eu-bereitet-sich-auf-das-unvermeidliche-ende-vor\/"},"wordCount":1071,"commentCount":0,"publisher":{"@id":"https:\/\/now-news.de\/de\/#organization"},"image":{"@id":"https:\/\/now-news.de\/de\/deutschland\/die-eu-bereitet-sich-auf-das-unvermeidliche-ende-vor\/#primaryimage"},"thumbnailUrl":"https:\/\/now-news.de\/de\/wp-content\/uploads\/sites\/3\/2023\/11\/Die-EU-bereitet-sich-auf-das-unvermeidliche-Ende-vor.jpg","keywords":["AUF","bereitet","das","die","Ende","sich","unvermeidliche","vor"],"articleSection":["Deutschland","Russland"],"inLanguage":"de","potentialAction":[{"@type":"CommentAction","name":"Comment","target":["https:\/\/now-news.de\/de\/deutschland\/die-eu-bereitet-sich-auf-das-unvermeidliche-ende-vor\/#respond"]}]},{"@type":"WebPage","@id":"https:\/\/now-news.de\/de\/deutschland\/die-eu-bereitet-sich-auf-das-unvermeidliche-ende-vor\/","url":"https:\/\/now-news.de\/de\/deutschland\/die-eu-bereitet-sich-auf-das-unvermeidliche-ende-vor\/","name":"Die EU bereitet sich auf das unvermeidliche Ende vor - just-now.NEWS Deutschland","isPartOf":{"@id":"https:\/\/now-news.de\/de\/#website"},"primaryImageOfPage":{"@id":"https:\/\/now-news.de\/de\/deutschland\/die-eu-bereitet-sich-auf-das-unvermeidliche-ende-vor\/#primaryimage"},"image":{"@id":"https:\/\/now-news.de\/de\/deutschland\/die-eu-bereitet-sich-auf-das-unvermeidliche-ende-vor\/#primaryimage"},"thumbnailUrl":"https:\/\/now-news.de\/de\/wp-content\/uploads\/sites\/3\/2023\/11\/Die-EU-bereitet-sich-auf-das-unvermeidliche-Ende-vor.jpg","datePublished":"2023-11-24T14:16:45+00:00","dateModified":"2023-11-24T14:16:45+00:00","breadcrumb":{"@id":"https:\/\/now-news.de\/de\/deutschland\/die-eu-bereitet-sich-auf-das-unvermeidliche-ende-vor\/#breadcrumb"},"inLanguage":"de","potentialAction":[{"@type":"ReadAction","target":["https:\/\/now-news.de\/de\/deutschland\/die-eu-bereitet-sich-auf-das-unvermeidliche-ende-vor\/"]}]},{"@type":"ImageObject","inLanguage":"de","@id":"https:\/\/now-news.de\/de\/deutschland\/die-eu-bereitet-sich-auf-das-unvermeidliche-ende-vor\/#primaryimage","url":"https:\/\/now-news.de\/de\/wp-content\/uploads\/sites\/3\/2023\/11\/Die-EU-bereitet-sich-auf-das-unvermeidliche-Ende-vor.jpg","contentUrl":"https:\/\/now-news.de\/de\/wp-content\/uploads\/sites\/3\/2023\/11\/Die-EU-bereitet-sich-auf-das-unvermeidliche-Ende-vor.jpg","width":460,"height":259,"caption":"Die EU bereitet sich auf das unvermeidliche Ende vor"},{"@type":"BreadcrumbList","@id":"https:\/\/now-news.de\/de\/deutschland\/die-eu-bereitet-sich-auf-das-unvermeidliche-ende-vor\/#breadcrumb","itemListElement":[{"@type":"ListItem","position":1,"name":"Home","item":"https:\/\/now-news.de\/de\/"},{"@type":"ListItem","position":2,"name":"Die EU bereitet sich auf das unvermeidliche Ende vor"}]},{"@type":"WebSite","@id":"https:\/\/now-news.de\/de\/#website","url":"https:\/\/now-news.de\/de\/","name":"just-now.NEWS Deutschland","description":"Das Portal f\u00fcr unzensierte Nachrichten aus der Welt","publisher":{"@id":"https:\/\/now-news.de\/de\/#organization"},"potentialAction":[{"@type":"SearchAction","target":{"@type":"EntryPoint","urlTemplate":"https:\/\/now-news.de\/de\/?s={search_term_string}"},"query-input":"required name=search_term_string"}],"inLanguage":"de"},{"@type":"Organization","@id":"https:\/\/now-news.de\/de\/#organization","name":"Just Now News","url":"https:\/\/now-news.de\/de\/","logo":{"@type":"ImageObject","inLanguage":"de","@id":"https:\/\/now-news.de\/de\/#\/schema\/logo\/image\/","url":"http:\/\/just-now.news\/de\/wp-content\/uploads\/sites\/3\/2022\/04\/logo500x500.jpg","contentUrl":"http:\/\/just-now.news\/de\/wp-content\/uploads\/sites\/3\/2022\/04\/logo500x500.jpg","width":500,"height":500,"caption":"Just Now News"},"image":{"@id":"https:\/\/now-news.de\/de\/#\/schema\/logo\/image\/"},"sameAs":["https:\/\/www.facebook.com\/wirmachenauf","https:\/\/x.com\/WirMachenAuf_de"]},{"@type":"Person","@id":"https:\/\/now-news.de\/de\/#\/schema\/person\/fb534a4e865501d8b3285208df34a9b5","name":"rtnews","image":{"@type":"ImageObject","inLanguage":"de","@id":"https:\/\/now-news.de\/de\/#\/schema\/person\/image\/","url":"https:\/\/secure.gravatar.com\/avatar\/82aafea7d8127119dd649515f56e2117?s=96&d=mm&r=g","contentUrl":"https:\/\/secure.gravatar.com\/avatar\/82aafea7d8127119dd649515f56e2117?s=96&d=mm&r=g","caption":"rtnews"},"url":"https:\/\/now-news.de\/de\/author\/rnews\/"}]}},"_links":{"self":[{"href":"https:\/\/now-news.de\/de\/wp-json\/wp\/v2\/posts\/50342"}],"collection":[{"href":"https:\/\/now-news.de\/de\/wp-json\/wp\/v2\/posts"}],"about":[{"href":"https:\/\/now-news.de\/de\/wp-json\/wp\/v2\/types\/post"}],"author":[{"embeddable":true,"href":"https:\/\/now-news.de\/de\/wp-json\/wp\/v2\/users\/3"}],"replies":[{"embeddable":true,"href":"https:\/\/now-news.de\/de\/wp-json\/wp\/v2\/comments?post=50342"}],"version-history":[{"count":0,"href":"https:\/\/now-news.de\/de\/wp-json\/wp\/v2\/posts\/50342\/revisions"}],"wp:featuredmedia":[{"embeddable":true,"href":"https:\/\/now-news.de\/de\/wp-json\/wp\/v2\/media\/50343"}],"wp:attachment":[{"href":"https:\/\/now-news.de\/de\/wp-json\/wp\/v2\/media?parent=50342"}],"wp:term":[{"taxonomy":"category","embeddable":true,"href":"https:\/\/now-news.de\/de\/wp-json\/wp\/v2\/categories?post=50342"},{"taxonomy":"post_tag","embeddable":true,"href":"https:\/\/now-news.de\/de\/wp-json\/wp\/v2\/tags?post=50342"}],"curies":[{"name":"wp","href":"https:\/\/api.w.org\/{rel}","templated":true}]}}