{"id":50332,"date":"2023-11-24T10:41:25","date_gmt":"2023-11-24T08:41:25","guid":{"rendered":"https:\/\/just-now.news\/de\/deutschland\/irland-gewalteskalation-in-dublin-nach-ungeklaerten-messerattacken-gegen-kinder\/"},"modified":"2023-11-24T10:41:25","modified_gmt":"2023-11-24T08:41:25","slug":"irland-gewalteskalation-in-dublin-nach-ungeklaerten-messerattacken-gegen-kinder","status":"publish","type":"post","link":"https:\/\/now-news.de\/de\/deutschland\/irland-gewalteskalation-in-dublin-nach-ungeklaerten-messerattacken-gegen-kinder\/","title":{"rendered":"Irland: Gewalteskalation in Dublin nach ungekl\u00e4rten Messerattacken gegen Kinder"},"content":{"rendered":"<p><img decoding=\"async\" src=\"http:\/\/just-now.news\/de\/wp-content\/uploads\/sites\/3\/2023\/11\/65604dc348fbef71c44dcc90.jpg\" \/><\/p>\n<div class=\"Text-root Text-type_1 \">\n                Die Nachrichten \u00fcber mehrere Messerattacken in der irischen Hauptstadt ersch\u00fctterten und verunsicherten die Bev\u00f6lkerung. Zwei Opfer, darunter ein Kind, wurden als schwer verletzt gemeldet. Die ungekl\u00e4rte Informationslage eines T\u00e4ters mit gemutma\u00dftem Migrationshintergrund f\u00fchrte dann zu den eskalierenden Krawallen.\n            <\/div>\n<p><\/p>\n<div class=\"Text-root Text-type_5 ArticleView-text ViewText-root \">\n<p>In der irischen Hauptstadt Dublin wurden erste Berichte \u00fcber mehrere durch Messerstiche verletzte Menschen am fr\u00fchen Vormittag des 23. November bekannt. Laut ersten\u00a0<a rel=\"nofollow noopener\" target=\"_blank\" href=\"https:\/\/www.dailymail.co.uk\/news\/article-12784345\/Children-stabbed-near-girls-school-Dublin.html\">Polizeiangaben<\/a>\u00a0erlitten dabei\u00a0vor einer Kindertagesst\u00e4tte drei Kinder und eine Frau &#8220;schwerere Verletzungen&#8221;. Ein zudem festgenommener Mann wurde zuvor ebenfalls verletzt, galt jedoch zu dem Zeitpunkt als m\u00f6glicher Messert\u00e4ter, zumindest laut Polizei als &#8220;eine Person von Interesse&#8221;. Im Verlauf des Nachmittags und speziell des fr\u00fchen Abends schaukelte sich\u00a0\u00fcber Spekulationen in den sozialen Medien die Stimmung hoch.\u00a0Am Abend kam es dann zu schweren Ausschreitungen in der Innenstadt von Dublin, bei denen mehrere Busse, eine Stra\u00dfenbahn und ein Polizeiauto angez\u00fcndet wurden.<\/p>\n<p>Das schockierende Ereignis erfolgte im Zentrum der Hauptstadt vor einer Einrichtung f\u00fcr Kinder im Grundschulalter. Laut Mediendarlegungen war dabei eine Gruppe von Kindern und Erziehern spazieren, als pl\u00f6tzlich &#8220;eines\u00a0von ihnen zu Boden ging, dann ein anderers, dann ein weiteres&#8221;, so die Aussage eines Zeugen, der den Angriff beobachtet hatte, gegen\u00fcber dem<em>\u00a0Irish Independent<\/em>. Ein Mann w\u00e4re dann &#8220;vorbeigerannt&#8221;, jedoch von anwesenden Menschen \u00fcberw\u00e4ltigt worden, als laut Zeuge &#8220;eine Menge Leute sich auf ihn st\u00fcrzten&#8221;.\u00a0Auf einer ersten Pressekonferenz in Dublin\u00a0teilte der zust\u00e4ndige\u00a0Superintendent Liam Geraghty mit, dass\u00a0die Ermittlungen &#8220;in diesem fr\u00fchen Stadium weiterhin unvoreingenommen sind&#8221;. Eine &#8220;terroristische Verbindung&#8221; wurde ausgeschlossen. Von Beginn an kursierten jedoch Ger\u00fcchte, speziell in den sozialen Medien, die von einem migrantischen T\u00e4ter sprachen.<\/p>\n<p>F\u00fcnf Verletzte wurden in Krankenh\u00e4user in der Region Dublin gebracht.\u00a0Eines der drei Kinder, ein M\u00e4dchen, und eine Frau erlitten bei dem Vorfall demnach &#8220;schwere&#8221; Verletzungen, waren dabei jedoch nicht in Lebensgefahr.\u00a0Ein f\u00fcnf Jahre alter Junge und ein sechsj\u00e4hriges M\u00e4dchen erlitten leichtere Verletzungen.\u00a0Lokalen Berichten zufolge wurde am Tatort &#8220;ein gro\u00dfes Messer beschlagnahmt&#8221;, so die britische\u00a0<em>Daily Mail<\/em>\u00a0<a rel=\"nofollow noopener\" target=\"_blank\" href=\"https:\/\/www.dailymail.co.uk\/news\/article-12784345\/Children-stabbed-near-girls-school-Dublin.html\">berichtend<\/a>. Das Alter des T\u00e4ters wird mit &#8220;um die 50&#8221; angegeben.\u00a0<\/p>\n<p>Am Abend versammelten sich immer mehr Menschen im\u00a0Stadtzentrum in der N\u00e4he des Anschlagsortes, unter anderem in der O&#8217;Connell Street, einer der wichtigsten Einkaufsstra\u00dfen Dublins. Die britische\u00a0<em>BBC<\/em>\u00a0informierte im Verlauf des Abends zu dem Festgenommenen mit der Beschreibung, dass &#8220;es sich bei dem mutma\u00dflichen Attent\u00e4ter um einen irischen Staatsb\u00fcrger handelt, der seit 20 Jahren im Lande lebt&#8221;, ohne weitere Details zu benennen. Laut Polizeiangaben wurden kurz vor Mitternacht mehrere Polizeibeamte bei den dann eskalierenden Ausschreitungen verletzt. Gesch\u00e4fte, Autos und \u00f6ffentliche Verkehrsmittel wurden verw\u00fcstet und in Brand gesteckt.\u00a0<\/p>\n<div class=\"EmbedBlock-root EmbedBlock-twitter\">\n<div class=\"TwitterEmbed\">\n<blockquote class=\"twitter-tweet lazyload\" data-twitter=\"twitter-tweet\">\n<p lang=\"en\" dir=\"ltr\">Ireland: \ud83c\uddee\ud83c\uddea Dublin is burning tonight.Police cars and public buses have been lit on fire.This was from anger boiling over following a mass stabbing attack that included three children by an immigrant from Algeria.The IRISH PEOPLE have rightfully so HAD ENOUGH. <a rel=\"nofollow noopener\" target=\"_blank\" href=\"https:\/\/t.co\/kZyH3YEAOt\">pic.twitter.com\/kZyH3YEAOt<\/a><\/p>\n<p>\u2014 Epstein&#8217;s Sheet. \ud83e\uddfb (@meantweeting1) <a rel=\"nofollow noopener\" target=\"_blank\" href=\"https:\/\/twitter.com\/meantweeting1\/status\/1727921827907822002?ref_src=twsrc%5Etfw\">November 24, 2023<\/a><\/p><\/blockquote>\n<\/div>\n<\/div>\n<p>In einer Erkl\u00e4rung, die am sp\u00e4ten Donnerstagabend herausgegeben wurde, teilte ein leitender Beamter mit, dass &#8220;das erhebliche Ausma\u00df an \u00f6ffentlicher Unruhe, krimineller Besch\u00e4digung und Gewalt von gewaltt\u00e4tigen Personen im Stadtzentrum von Dublin ver\u00fcbt wurde&#8221;.<\/p>\n<div class=\"EmbedBlock-root EmbedBlock-twitter\">\n<div class=\"TwitterEmbed\">\n<blockquote class=\"twitter-tweet lazyload\" data-twitter=\"twitter-tweet\">\n<p lang=\"en\" dir=\"ltr\">Extremely violent scenes in Dublin, Ireland as a spontaneous protest over an immigrant suspect stabbing school children in the city center devolves into mass rioting and looting. <a rel=\"nofollow noopener\" target=\"_blank\" href=\"https:\/\/t.co\/V6ajfIay38\">pic.twitter.com\/V6ajfIay38<\/a><\/p>\n<p>\u2014 Andy Ng\u00f4 \ud83c\udff3\ufe0f\u200d\ud83c\udf08 (@MrAndyNgo) <a rel=\"nofollow noopener\" target=\"_blank\" href=\"https:\/\/twitter.com\/MrAndyNgo\/status\/1727886605900296372?ref_src=twsrc%5Etfw\">November 24, 2023<\/a><\/p><\/blockquote>\n<\/div>\n<\/div>\n<p>Die irische Nationalpolizei\u00a0An Garda S\u00edoch\u00e1na gab gegen\u00fcber Medien zu Protokoll, dass sie alleinig eine &#8220;verr\u00fcckte, von einer rechtsextremen Ideologie getriebene Hooligan-Gruppierung&#8221; f\u00fcr die gewaltt\u00e4tigen Szenen verantwortlich mache.\u00a0W\u00e4hrend sich die Ausschreitungen gegen Mitternacht beruhigten, blieben mehr als 400 Beamte \u00fcber Nacht im Dubliner Stadtzentrum auf Streife.<\/p>\n<p><strong>Mehr zum Thema &#8211;<\/strong>\u00a0<a rel=\"nofollow noopener\" target=\"_blank\" href=\"https:\/\/freedert.online\/europa\/187753-frankreich-dorffest-wird-von-jugendlichen\/\">Frankreich: Dorffest wird von Jugendlichen \u00fcberfallen \u2013 16-J\u00e4hriger stirbt durch Messerattacke<\/a><\/p>\n<\/p>\n<\/div>\n<p><script async src=\"https:\/\/platform.twitter.com\/widgets.js\" charset=\"utf-8\"><\/script><br \/>\n<br \/><br \/>\n<br \/><a href=\"https:\/\/de.rt.com\/europa\/187958-irland-gewalteskalation-in-dublin-nach\/\">Source link <\/a><\/p>\n","protected":false},"excerpt":{"rendered":"<p>Die Nachrichten \u00fcber mehrere Messerattacken in der irischen Hauptstadt ersch\u00fctterten und verunsicherten die Bev\u00f6lkerung. Zwei Opfer, darunter ein Kind, wurden als schwer verletzt gemeldet. Die ungekl\u00e4rte Informationslage eines T\u00e4ters mit gemutma\u00dftem Migrationshintergrund f\u00fchrte dann zu den eskalierenden Krawallen. In der irischen Hauptstadt Dublin wurden erste Berichte \u00fcber mehrere durch Messerstiche verletzte Menschen am fr\u00fchen Vormittag [&hellip;]<\/p>\n","protected":false},"author":3,"featured_media":50333,"comment_status":"open","ping_status":"open","sticky":false,"template":"","format":"standard","meta":{"_yoast_indexnow_last_ping":["1700826885"],"wp_automatic_camp":["217"],"4565f2230cba6b895bdb2a5d9d17de7d":["Irland: Gewalteskalation in Dublin nach ungekl\u00e4rten Messerattacken gegen Kinder"],"original_link":["https:\/\/de.rt.com\/europa\/187958-irland-gewalteskalation-in-dublin-nach\/"],"_thumbnail_id":["50333"],"_wptgpro_p2tg_sent2tg":["a:1:{i:23737;s:19:\"2023-11-24 13:55:55\";}"],"jnews_social_counter_last_update":["1777204739"]},"categories":[19,23],"tags":[50954,278,50953,21412,3567,32579,979,50955],"yoast_head":"<!-- This site is optimized with the Yoast SEO Premium plugin v22.7 (Yoast SEO v22.7) - https:\/\/yoast.com\/wordpress\/plugins\/seo\/ -->\n<title>Irland: Gewalteskalation in Dublin nach ungekl\u00e4rten Messerattacken gegen Kinder - just-now.NEWS Deutschland<\/title>\n<meta name=\"robots\" content=\"index, follow, max-snippet:-1, max-image-preview:large, max-video-preview:-1\" \/>\n<link rel=\"canonical\" href=\"https:\/\/now-news.de\/de\/deutschland\/irland-gewalteskalation-in-dublin-nach-ungeklaerten-messerattacken-gegen-kinder\/\" \/>\n<meta property=\"og:locale\" content=\"de_DE\" \/>\n<meta property=\"og:type\" content=\"article\" \/>\n<meta property=\"og:title\" content=\"Irland: Gewalteskalation in Dublin nach ungekl\u00e4rten Messerattacken gegen Kinder\" \/>\n<meta property=\"og:description\" content=\"Die Nachrichten \u00fcber mehrere Messerattacken in der irischen Hauptstadt ersch\u00fctterten und verunsicherten die Bev\u00f6lkerung. Zwei Opfer, darunter ein Kind, wurden als schwer verletzt gemeldet. Die ungekl\u00e4rte Informationslage eines T\u00e4ters mit gemutma\u00dftem Migrationshintergrund f\u00fchrte dann zu den eskalierenden Krawallen. In der irischen Hauptstadt Dublin wurden erste Berichte \u00fcber mehrere durch Messerstiche verletzte Menschen am fr\u00fchen Vormittag [&hellip;]\" \/>\n<meta property=\"og:url\" content=\"https:\/\/now-news.de\/de\/deutschland\/irland-gewalteskalation-in-dublin-nach-ungeklaerten-messerattacken-gegen-kinder\/\" \/>\n<meta property=\"og:site_name\" content=\"just-now.NEWS Deutschland\" \/>\n<meta property=\"article:publisher\" content=\"https:\/\/www.facebook.com\/wirmachenauf\" \/>\n<meta property=\"article:published_time\" content=\"2023-11-24T08:41:25+00:00\" \/>\n<meta property=\"og:image\" content=\"https:\/\/now-news.de\/de\/wp-content\/uploads\/sites\/3\/2023\/11\/Irland-Gewalteskalation-in-Dublin-nach-ungeklaerten-Messerattacken-gegen-Kinder.jpg\" \/>\n\t<meta property=\"og:image:width\" content=\"460\" \/>\n\t<meta property=\"og:image:height\" content=\"259\" \/>\n\t<meta property=\"og:image:type\" content=\"image\/jpeg\" \/>\n<meta name=\"author\" content=\"rtnews\" \/>\n<meta name=\"twitter:card\" content=\"summary_large_image\" \/>\n<meta name=\"twitter:creator\" content=\"@WirMachenAuf_de\" \/>\n<meta name=\"twitter:site\" content=\"@WirMachenAuf_de\" \/>\n<meta name=\"twitter:label1\" content=\"Verfasst von\" \/>\n\t<meta name=\"twitter:data1\" content=\"rtnews\" \/>\n\t<meta name=\"twitter:label2\" content=\"Gesch\u00e4tzte Lesezeit\" \/>\n\t<meta name=\"twitter:data2\" content=\"3\u00a0Minuten\" \/>\n<script type=\"application\/ld+json\" class=\"yoast-schema-graph\">{\"@context\":\"https:\/\/schema.org\",\"@graph\":[{\"@type\":\"Article\",\"@id\":\"https:\/\/now-news.de\/de\/deutschland\/irland-gewalteskalation-in-dublin-nach-ungeklaerten-messerattacken-gegen-kinder\/#article\",\"isPartOf\":{\"@id\":\"https:\/\/now-news.de\/de\/deutschland\/irland-gewalteskalation-in-dublin-nach-ungeklaerten-messerattacken-gegen-kinder\/\"},\"author\":{\"name\":\"rtnews\",\"@id\":\"https:\/\/now-news.de\/de\/#\/schema\/person\/fb534a4e865501d8b3285208df34a9b5\"},\"headline\":\"Irland: Gewalteskalation in Dublin nach ungekl\u00e4rten Messerattacken gegen Kinder\",\"datePublished\":\"2023-11-24T08:41:25+00:00\",\"dateModified\":\"2023-11-24T08:41:25+00:00\",\"mainEntityOfPage\":{\"@id\":\"https:\/\/now-news.de\/de\/deutschland\/irland-gewalteskalation-in-dublin-nach-ungeklaerten-messerattacken-gegen-kinder\/\"},\"wordCount\":665,\"commentCount\":0,\"publisher\":{\"@id\":\"https:\/\/now-news.de\/de\/#organization\"},\"image\":{\"@id\":\"https:\/\/now-news.de\/de\/deutschland\/irland-gewalteskalation-in-dublin-nach-ungeklaerten-messerattacken-gegen-kinder\/#primaryimage\"},\"thumbnailUrl\":\"https:\/\/now-news.de\/de\/wp-content\/uploads\/sites\/3\/2023\/11\/Irland-Gewalteskalation-in-Dublin-nach-ungeklaerten-Messerattacken-gegen-Kinder.jpg\",\"keywords\":[\"Dublin\",\"gegen\",\"Gewalteskalation\",\"Irland\",\"Kinder\",\"Messerattacken\",\"nach\",\"ungekl\u00e4rten\"],\"articleSection\":[\"Deutschland\",\"Russland\"],\"inLanguage\":\"de\",\"potentialAction\":[{\"@type\":\"CommentAction\",\"name\":\"Comment\",\"target\":[\"https:\/\/now-news.de\/de\/deutschland\/irland-gewalteskalation-in-dublin-nach-ungeklaerten-messerattacken-gegen-kinder\/#respond\"]}]},{\"@type\":\"WebPage\",\"@id\":\"https:\/\/now-news.de\/de\/deutschland\/irland-gewalteskalation-in-dublin-nach-ungeklaerten-messerattacken-gegen-kinder\/\",\"url\":\"https:\/\/now-news.de\/de\/deutschland\/irland-gewalteskalation-in-dublin-nach-ungeklaerten-messerattacken-gegen-kinder\/\",\"name\":\"Irland: Gewalteskalation in Dublin nach ungekl\u00e4rten Messerattacken gegen Kinder - just-now.NEWS Deutschland\",\"isPartOf\":{\"@id\":\"https:\/\/now-news.de\/de\/#website\"},\"primaryImageOfPage\":{\"@id\":\"https:\/\/now-news.de\/de\/deutschland\/irland-gewalteskalation-in-dublin-nach-ungeklaerten-messerattacken-gegen-kinder\/#primaryimage\"},\"image\":{\"@id\":\"https:\/\/now-news.de\/de\/deutschland\/irland-gewalteskalation-in-dublin-nach-ungeklaerten-messerattacken-gegen-kinder\/#primaryimage\"},\"thumbnailUrl\":\"https:\/\/now-news.de\/de\/wp-content\/uploads\/sites\/3\/2023\/11\/Irland-Gewalteskalation-in-Dublin-nach-ungeklaerten-Messerattacken-gegen-Kinder.jpg\",\"datePublished\":\"2023-11-24T08:41:25+00:00\",\"dateModified\":\"2023-11-24T08:41:25+00:00\",\"breadcrumb\":{\"@id\":\"https:\/\/now-news.de\/de\/deutschland\/irland-gewalteskalation-in-dublin-nach-ungeklaerten-messerattacken-gegen-kinder\/#breadcrumb\"},\"inLanguage\":\"de\",\"potentialAction\":[{\"@type\":\"ReadAction\",\"target\":[\"https:\/\/now-news.de\/de\/deutschland\/irland-gewalteskalation-in-dublin-nach-ungeklaerten-messerattacken-gegen-kinder\/\"]}]},{\"@type\":\"ImageObject\",\"inLanguage\":\"de\",\"@id\":\"https:\/\/now-news.de\/de\/deutschland\/irland-gewalteskalation-in-dublin-nach-ungeklaerten-messerattacken-gegen-kinder\/#primaryimage\",\"url\":\"https:\/\/now-news.de\/de\/wp-content\/uploads\/sites\/3\/2023\/11\/Irland-Gewalteskalation-in-Dublin-nach-ungeklaerten-Messerattacken-gegen-Kinder.jpg\",\"contentUrl\":\"https:\/\/now-news.de\/de\/wp-content\/uploads\/sites\/3\/2023\/11\/Irland-Gewalteskalation-in-Dublin-nach-ungeklaerten-Messerattacken-gegen-Kinder.jpg\",\"width\":460,\"height\":259,\"caption\":\"Irland: Gewalteskalation in Dublin nach ungekl\u00e4rten Messerattacken gegen Kinder\"},{\"@type\":\"BreadcrumbList\",\"@id\":\"https:\/\/now-news.de\/de\/deutschland\/irland-gewalteskalation-in-dublin-nach-ungeklaerten-messerattacken-gegen-kinder\/#breadcrumb\",\"itemListElement\":[{\"@type\":\"ListItem\",\"position\":1,\"name\":\"Home\",\"item\":\"https:\/\/now-news.de\/de\/\"},{\"@type\":\"ListItem\",\"position\":2,\"name\":\"Irland: Gewalteskalation in Dublin nach ungekl\u00e4rten Messerattacken gegen Kinder\"}]},{\"@type\":\"WebSite\",\"@id\":\"https:\/\/now-news.de\/de\/#website\",\"url\":\"https:\/\/now-news.de\/de\/\",\"name\":\"just-now.NEWS Deutschland\",\"description\":\"Das Portal f\u00fcr unzensierte Nachrichten aus der Welt\",\"publisher\":{\"@id\":\"https:\/\/now-news.de\/de\/#organization\"},\"potentialAction\":[{\"@type\":\"SearchAction\",\"target\":{\"@type\":\"EntryPoint\",\"urlTemplate\":\"https:\/\/now-news.de\/de\/?s={search_term_string}\"},\"query-input\":\"required name=search_term_string\"}],\"inLanguage\":\"de\"},{\"@type\":\"Organization\",\"@id\":\"https:\/\/now-news.de\/de\/#organization\",\"name\":\"Just Now News\",\"url\":\"https:\/\/now-news.de\/de\/\",\"logo\":{\"@type\":\"ImageObject\",\"inLanguage\":\"de\",\"@id\":\"https:\/\/now-news.de\/de\/#\/schema\/logo\/image\/\",\"url\":\"http:\/\/just-now.news\/de\/wp-content\/uploads\/sites\/3\/2022\/04\/logo500x500.jpg\",\"contentUrl\":\"http:\/\/just-now.news\/de\/wp-content\/uploads\/sites\/3\/2022\/04\/logo500x500.jpg\",\"width\":500,\"height\":500,\"caption\":\"Just Now News\"},\"image\":{\"@id\":\"https:\/\/now-news.de\/de\/#\/schema\/logo\/image\/\"},\"sameAs\":[\"https:\/\/www.facebook.com\/wirmachenauf\",\"https:\/\/x.com\/WirMachenAuf_de\"]},{\"@type\":\"Person\",\"@id\":\"https:\/\/now-news.de\/de\/#\/schema\/person\/fb534a4e865501d8b3285208df34a9b5\",\"name\":\"rtnews\",\"image\":{\"@type\":\"ImageObject\",\"inLanguage\":\"de\",\"@id\":\"https:\/\/now-news.de\/de\/#\/schema\/person\/image\/\",\"url\":\"https:\/\/secure.gravatar.com\/avatar\/82aafea7d8127119dd649515f56e2117?s=96&d=mm&r=g\",\"contentUrl\":\"https:\/\/secure.gravatar.com\/avatar\/82aafea7d8127119dd649515f56e2117?s=96&d=mm&r=g\",\"caption\":\"rtnews\"},\"url\":\"https:\/\/now-news.de\/de\/author\/rnews\/\"}]}<\/script>\n<!-- \/ Yoast SEO Premium plugin. -->","yoast_head_json":{"title":"Irland: Gewalteskalation in Dublin nach ungekl\u00e4rten Messerattacken gegen Kinder - just-now.NEWS Deutschland","robots":{"index":"index","follow":"follow","max-snippet":"max-snippet:-1","max-image-preview":"max-image-preview:large","max-video-preview":"max-video-preview:-1"},"canonical":"https:\/\/now-news.de\/de\/deutschland\/irland-gewalteskalation-in-dublin-nach-ungeklaerten-messerattacken-gegen-kinder\/","og_locale":"de_DE","og_type":"article","og_title":"Irland: Gewalteskalation in Dublin nach ungekl\u00e4rten Messerattacken gegen Kinder","og_description":"Die Nachrichten \u00fcber mehrere Messerattacken in der irischen Hauptstadt ersch\u00fctterten und verunsicherten die Bev\u00f6lkerung. Zwei Opfer, darunter ein Kind, wurden als schwer verletzt gemeldet. Die ungekl\u00e4rte Informationslage eines T\u00e4ters mit gemutma\u00dftem Migrationshintergrund f\u00fchrte dann zu den eskalierenden Krawallen. In der irischen Hauptstadt Dublin wurden erste Berichte \u00fcber mehrere durch Messerstiche verletzte Menschen am fr\u00fchen Vormittag [&hellip;]","og_url":"https:\/\/now-news.de\/de\/deutschland\/irland-gewalteskalation-in-dublin-nach-ungeklaerten-messerattacken-gegen-kinder\/","og_site_name":"just-now.NEWS Deutschland","article_publisher":"https:\/\/www.facebook.com\/wirmachenauf","article_published_time":"2023-11-24T08:41:25+00:00","og_image":[{"width":460,"height":259,"url":"https:\/\/now-news.de\/de\/wp-content\/uploads\/sites\/3\/2023\/11\/Irland-Gewalteskalation-in-Dublin-nach-ungeklaerten-Messerattacken-gegen-Kinder.jpg","type":"image\/jpeg"}],"author":"rtnews","twitter_card":"summary_large_image","twitter_creator":"@WirMachenAuf_de","twitter_site":"@WirMachenAuf_de","twitter_misc":{"Verfasst von":"rtnews","Gesch\u00e4tzte Lesezeit":"3\u00a0Minuten"},"schema":{"@context":"https:\/\/schema.org","@graph":[{"@type":"Article","@id":"https:\/\/now-news.de\/de\/deutschland\/irland-gewalteskalation-in-dublin-nach-ungeklaerten-messerattacken-gegen-kinder\/#article","isPartOf":{"@id":"https:\/\/now-news.de\/de\/deutschland\/irland-gewalteskalation-in-dublin-nach-ungeklaerten-messerattacken-gegen-kinder\/"},"author":{"name":"rtnews","@id":"https:\/\/now-news.de\/de\/#\/schema\/person\/fb534a4e865501d8b3285208df34a9b5"},"headline":"Irland: Gewalteskalation in Dublin nach ungekl\u00e4rten Messerattacken gegen Kinder","datePublished":"2023-11-24T08:41:25+00:00","dateModified":"2023-11-24T08:41:25+00:00","mainEntityOfPage":{"@id":"https:\/\/now-news.de\/de\/deutschland\/irland-gewalteskalation-in-dublin-nach-ungeklaerten-messerattacken-gegen-kinder\/"},"wordCount":665,"commentCount":0,"publisher":{"@id":"https:\/\/now-news.de\/de\/#organization"},"image":{"@id":"https:\/\/now-news.de\/de\/deutschland\/irland-gewalteskalation-in-dublin-nach-ungeklaerten-messerattacken-gegen-kinder\/#primaryimage"},"thumbnailUrl":"https:\/\/now-news.de\/de\/wp-content\/uploads\/sites\/3\/2023\/11\/Irland-Gewalteskalation-in-Dublin-nach-ungeklaerten-Messerattacken-gegen-Kinder.jpg","keywords":["Dublin","gegen","Gewalteskalation","Irland","Kinder","Messerattacken","nach","ungekl\u00e4rten"],"articleSection":["Deutschland","Russland"],"inLanguage":"de","potentialAction":[{"@type":"CommentAction","name":"Comment","target":["https:\/\/now-news.de\/de\/deutschland\/irland-gewalteskalation-in-dublin-nach-ungeklaerten-messerattacken-gegen-kinder\/#respond"]}]},{"@type":"WebPage","@id":"https:\/\/now-news.de\/de\/deutschland\/irland-gewalteskalation-in-dublin-nach-ungeklaerten-messerattacken-gegen-kinder\/","url":"https:\/\/now-news.de\/de\/deutschland\/irland-gewalteskalation-in-dublin-nach-ungeklaerten-messerattacken-gegen-kinder\/","name":"Irland: Gewalteskalation in Dublin nach ungekl\u00e4rten Messerattacken gegen Kinder - just-now.NEWS Deutschland","isPartOf":{"@id":"https:\/\/now-news.de\/de\/#website"},"primaryImageOfPage":{"@id":"https:\/\/now-news.de\/de\/deutschland\/irland-gewalteskalation-in-dublin-nach-ungeklaerten-messerattacken-gegen-kinder\/#primaryimage"},"image":{"@id":"https:\/\/now-news.de\/de\/deutschland\/irland-gewalteskalation-in-dublin-nach-ungeklaerten-messerattacken-gegen-kinder\/#primaryimage"},"thumbnailUrl":"https:\/\/now-news.de\/de\/wp-content\/uploads\/sites\/3\/2023\/11\/Irland-Gewalteskalation-in-Dublin-nach-ungeklaerten-Messerattacken-gegen-Kinder.jpg","datePublished":"2023-11-24T08:41:25+00:00","dateModified":"2023-11-24T08:41:25+00:00","breadcrumb":{"@id":"https:\/\/now-news.de\/de\/deutschland\/irland-gewalteskalation-in-dublin-nach-ungeklaerten-messerattacken-gegen-kinder\/#breadcrumb"},"inLanguage":"de","potentialAction":[{"@type":"ReadAction","target":["https:\/\/now-news.de\/de\/deutschland\/irland-gewalteskalation-in-dublin-nach-ungeklaerten-messerattacken-gegen-kinder\/"]}]},{"@type":"ImageObject","inLanguage":"de","@id":"https:\/\/now-news.de\/de\/deutschland\/irland-gewalteskalation-in-dublin-nach-ungeklaerten-messerattacken-gegen-kinder\/#primaryimage","url":"https:\/\/now-news.de\/de\/wp-content\/uploads\/sites\/3\/2023\/11\/Irland-Gewalteskalation-in-Dublin-nach-ungeklaerten-Messerattacken-gegen-Kinder.jpg","contentUrl":"https:\/\/now-news.de\/de\/wp-content\/uploads\/sites\/3\/2023\/11\/Irland-Gewalteskalation-in-Dublin-nach-ungeklaerten-Messerattacken-gegen-Kinder.jpg","width":460,"height":259,"caption":"Irland: Gewalteskalation in Dublin nach ungekl\u00e4rten Messerattacken gegen Kinder"},{"@type":"BreadcrumbList","@id":"https:\/\/now-news.de\/de\/deutschland\/irland-gewalteskalation-in-dublin-nach-ungeklaerten-messerattacken-gegen-kinder\/#breadcrumb","itemListElement":[{"@type":"ListItem","position":1,"name":"Home","item":"https:\/\/now-news.de\/de\/"},{"@type":"ListItem","position":2,"name":"Irland: Gewalteskalation in Dublin nach ungekl\u00e4rten Messerattacken gegen Kinder"}]},{"@type":"WebSite","@id":"https:\/\/now-news.de\/de\/#website","url":"https:\/\/now-news.de\/de\/","name":"just-now.NEWS Deutschland","description":"Das Portal f\u00fcr unzensierte Nachrichten aus der Welt","publisher":{"@id":"https:\/\/now-news.de\/de\/#organization"},"potentialAction":[{"@type":"SearchAction","target":{"@type":"EntryPoint","urlTemplate":"https:\/\/now-news.de\/de\/?s={search_term_string}"},"query-input":"required name=search_term_string"}],"inLanguage":"de"},{"@type":"Organization","@id":"https:\/\/now-news.de\/de\/#organization","name":"Just Now News","url":"https:\/\/now-news.de\/de\/","logo":{"@type":"ImageObject","inLanguage":"de","@id":"https:\/\/now-news.de\/de\/#\/schema\/logo\/image\/","url":"http:\/\/just-now.news\/de\/wp-content\/uploads\/sites\/3\/2022\/04\/logo500x500.jpg","contentUrl":"http:\/\/just-now.news\/de\/wp-content\/uploads\/sites\/3\/2022\/04\/logo500x500.jpg","width":500,"height":500,"caption":"Just Now News"},"image":{"@id":"https:\/\/now-news.de\/de\/#\/schema\/logo\/image\/"},"sameAs":["https:\/\/www.facebook.com\/wirmachenauf","https:\/\/x.com\/WirMachenAuf_de"]},{"@type":"Person","@id":"https:\/\/now-news.de\/de\/#\/schema\/person\/fb534a4e865501d8b3285208df34a9b5","name":"rtnews","image":{"@type":"ImageObject","inLanguage":"de","@id":"https:\/\/now-news.de\/de\/#\/schema\/person\/image\/","url":"https:\/\/secure.gravatar.com\/avatar\/82aafea7d8127119dd649515f56e2117?s=96&d=mm&r=g","contentUrl":"https:\/\/secure.gravatar.com\/avatar\/82aafea7d8127119dd649515f56e2117?s=96&d=mm&r=g","caption":"rtnews"},"url":"https:\/\/now-news.de\/de\/author\/rnews\/"}]}},"_links":{"self":[{"href":"https:\/\/now-news.de\/de\/wp-json\/wp\/v2\/posts\/50332"}],"collection":[{"href":"https:\/\/now-news.de\/de\/wp-json\/wp\/v2\/posts"}],"about":[{"href":"https:\/\/now-news.de\/de\/wp-json\/wp\/v2\/types\/post"}],"author":[{"embeddable":true,"href":"https:\/\/now-news.de\/de\/wp-json\/wp\/v2\/users\/3"}],"replies":[{"embeddable":true,"href":"https:\/\/now-news.de\/de\/wp-json\/wp\/v2\/comments?post=50332"}],"version-history":[{"count":0,"href":"https:\/\/now-news.de\/de\/wp-json\/wp\/v2\/posts\/50332\/revisions"}],"wp:featuredmedia":[{"embeddable":true,"href":"https:\/\/now-news.de\/de\/wp-json\/wp\/v2\/media\/50333"}],"wp:attachment":[{"href":"https:\/\/now-news.de\/de\/wp-json\/wp\/v2\/media?parent=50332"}],"wp:term":[{"taxonomy":"category","embeddable":true,"href":"https:\/\/now-news.de\/de\/wp-json\/wp\/v2\/categories?post=50332"},{"taxonomy":"post_tag","embeddable":true,"href":"https:\/\/now-news.de\/de\/wp-json\/wp\/v2\/tags?post=50332"}],"curies":[{"name":"wp","href":"https:\/\/api.w.org\/{rel}","templated":true}]}}