{"id":50312,"date":"2023-11-23T19:45:40","date_gmt":"2023-11-23T17:45:40","guid":{"rendered":"https:\/\/just-now.news\/de\/deutschland\/wladimir-putin-erklaert-kommendes-jahr-zum-jahr-der-familie\/"},"modified":"2023-11-23T19:45:40","modified_gmt":"2023-11-23T17:45:40","slug":"wladimir-putin-erklaert-kommendes-jahr-zum-jahr-der-familie","status":"publish","type":"post","link":"https:\/\/now-news.de\/de\/deutschland\/wladimir-putin-erklaert-kommendes-jahr-zum-jahr-der-familie\/","title":{"rendered":"Wladimir Putin erkl\u00e4rt kommendes Jahr zum Jahr der Familie"},"content":{"rendered":"<p><img decoding=\"async\" src=\"http:\/\/just-now.news\/de\/wp-content\/uploads\/sites\/3\/2023\/11\/655f8c67b480cc2b2226dda0.jpg\" \/><\/p>\n<div class=\"Text-root Text-type_1 \">\n                Der russische Pr\u00e4sident hat das Jahr 2024 zum Jahr der Familie in Russland erkl\u00e4rt. Die Entscheidung sei getroffen worden, um \u201edie staatliche Politik im Bereich des Familienschutzes und der Bewahrung traditioneller Familienwerte zu f\u00f6rdern\u201c.\n            <\/div>\n<p><\/p>\n<div class=\"Text-root Text-type_5 ArticleView-text ViewText-root \">\n<p>Der russische Pr\u00e4sident hat am Mittwoch ein Dekret unterzeichnet, in dem er das kommende Jahr zum &#8220;Jahr der Familie&#8221; erkl\u00e4rte. Ziel der Initiative sei es, &#8220;die staatliche Politik im Bereich des Familienschutzes und der Bewahrung traditioneller Familienwerte zu f\u00f6rdern&#8221;, hei\u00dft es in dem Dokument, das ab sofort in Kraft tritt.<\/p>\n<p>Wladimir Putin wies die Regierung an, bis zum 27. Dezember ein Organisationskomitee f\u00fcr das &#8220;Jahr der Familie&#8221; zu bilden. Zur Vorsitzenden wurde die stellvertretende Ministerpr\u00e4sidentin Tatjana Golikowa ernannt. Zus\u00e4tzlich werden regionale Beamte angewiesen, &#8220;notwendige Aktivit\u00e4ten durchzuf\u00fchren&#8221;, um das &#8220;Jahr der Familie&#8221; umzusetzen.<\/p>\n<p>Die Initiative findet inmitten einer <a rel=\"nofollow noopener\" target=\"_blank\" href=\"https:\/\/freedert.online\/russland\/186338-russischer-abgeordneter-schlaegt-vor-frauen\/\">Debatte im russischen Parlament<\/a> \u00fcber m\u00f6gliche Versch\u00e4rfungen des Abtreibungsrechtes statt. Die Zahl der Abtreibungen in Russland ist von 2,13 Millionen im Jahr 2000 auf 506.000 im Jahr 2022 zur\u00fcckgegangen. Putin bezeichnete die Lage dennoch als akut. Die Familienpolitik sei &#8220;\u00e4u\u00dferst wichtig f\u00fcr die Zukunft&#8221; Russlands, betonte er und erinnerte daran, dass das Land in den 1990er Jahren einen Geburteneinbruch erlebt habe, der mit dem des Zweiten Weltkriegs vergleichbar sei.<\/p>\n<p>Wladimir Putin hatte im August\u00a0die &#8220;schwierige&#8221;\u00a0demografische Lage im Land einger\u00e4umt.\u00a0Er wies darauf hin, dass weniger Kinder geboren w\u00fcrden als noch vor einem Jahr, und ordnete die Einf\u00fchrung von Programmen an, die darauf abzielen, die Geburtenraten anzukurbeln.\u00a0Aus einer <a rel=\"nofollow noopener\" target=\"_blank\" href=\"https:\/\/freedert.online\/russland\/184659-neue-prognose-fuer-russland-bevoelkerungsrueckgang\/\">Prognose<\/a> der russischen Statistikbeh\u00f6rde Rosstat geht hervor, dass der nat\u00fcrliche Bev\u00f6lkerungsr\u00fcckgang in Russland fortgesetzt wird, zumindest bis zum Jahr 2045. Zum 1. Januar 2046 sollen in Russland rund 138 Millionen Menschen leben, also fast acht Millionen weniger als im Jahr 2023. Die Bev\u00f6lkerung soll von 2024 bis 2045 jedes Jahr um durchschnittlich 332.000 Menschen zur\u00fcckgehen.<\/p>\n<p>Seit dem Jahr 2007 widmet der russische Pr\u00e4sident das jeweils kommende Jahr einem bestimmten Thema, um die \u00f6ffentliche Aufmerksamkeit darauf zu lenken.\u00a0Das Jahr 2023\u00a0wurde in Russland zum Jahr des Lehrers\u00a0erkl\u00e4rt.\u00a02022 war das Jahr der Volkskunst und des immateriellen Kulturerbes, 2021 das Jahr der Wissenschaft und Technologie, 2020 das Jahr der Erinnerung zu Ehren des 75. Jahrestages des Sieges im Gro\u00dfen Vaterl\u00e4ndischen Krieg.<\/p>\n<p><strong>Mehr zum Thema<\/strong> \u2013 <a rel=\"nofollow noopener\" target=\"_blank\" href=\"https:\/\/freedert.online\/russland\/185393-russland-staatsduma-debattiert-ueber-radikale\/\">Russland: Staatsduma debattiert \u00fcber striktere Abtreibungsregeln<\/a><\/p>\n<\/div>\n<p><br \/>\n<br \/><a href=\"https:\/\/de.rt.com\/russland\/187910-wladimir-putin-erklaert-kommendes-jahr\/\">Source link <\/a><\/p>\n","protected":false},"excerpt":{"rendered":"<p>Der russische Pr\u00e4sident hat das Jahr 2024 zum Jahr der Familie in Russland erkl\u00e4rt. Die Entscheidung sei getroffen worden, um \u201edie staatliche Politik im Bereich des Familienschutzes und der Bewahrung traditioneller Familienwerte zu f\u00f6rdern\u201c. Der russische Pr\u00e4sident hat am Mittwoch ein Dekret unterzeichnet, in dem er das kommende Jahr zum &#8220;Jahr der Familie&#8221; erkl\u00e4rte. Ziel [&hellip;]<\/p>\n","protected":false},"author":3,"featured_media":50313,"comment_status":"open","ping_status":"open","sticky":false,"template":"","format":"standard","meta":{"_yoast_indexnow_last_ping":["1700777714"],"wp_automatic_camp":["217"],"112e6864dded272dc635c3235aa8b4f1":["Wladimir Putin erkl\u00e4rt kommendes Jahr zum Jahr der Familie"],"original_link":["https:\/\/de.rt.com\/russland\/187910-wladimir-putin-erklaert-kommendes-jahr\/"],"_thumbnail_id":["50313"],"_wptgpro_p2tg_sent2tg":["a:1:{i:23737;s:19:\"2023-11-24 00:17:12\";}"],"jnews_social_counter_last_update":["1777552937"]},"categories":[19,23],"tags":[82,1030,2397,1615,38134,125,6987,565],"yoast_head":"<!-- This site is optimized with the Yoast SEO Premium plugin v22.7 (Yoast SEO v22.7) - https:\/\/yoast.com\/wordpress\/plugins\/seo\/ -->\n<title>Wladimir Putin erkl\u00e4rt kommendes Jahr zum Jahr der Familie - just-now.NEWS Deutschland<\/title>\n<meta name=\"robots\" content=\"index, follow, max-snippet:-1, max-image-preview:large, max-video-preview:-1\" \/>\n<link rel=\"canonical\" href=\"https:\/\/now-news.de\/de\/deutschland\/wladimir-putin-erklaert-kommendes-jahr-zum-jahr-der-familie\/\" \/>\n<meta property=\"og:locale\" content=\"de_DE\" \/>\n<meta property=\"og:type\" content=\"article\" \/>\n<meta property=\"og:title\" content=\"Wladimir Putin erkl\u00e4rt kommendes Jahr zum Jahr der Familie\" \/>\n<meta property=\"og:description\" content=\"Der russische Pr\u00e4sident hat das Jahr 2024 zum Jahr der Familie in Russland erkl\u00e4rt. Die Entscheidung sei getroffen worden, um \u201edie staatliche Politik im Bereich des Familienschutzes und der Bewahrung traditioneller Familienwerte zu f\u00f6rdern\u201c. Der russische Pr\u00e4sident hat am Mittwoch ein Dekret unterzeichnet, in dem er das kommende Jahr zum &#8220;Jahr der Familie&#8221; erkl\u00e4rte. Ziel [&hellip;]\" \/>\n<meta property=\"og:url\" content=\"https:\/\/now-news.de\/de\/deutschland\/wladimir-putin-erklaert-kommendes-jahr-zum-jahr-der-familie\/\" \/>\n<meta property=\"og:site_name\" content=\"just-now.NEWS Deutschland\" \/>\n<meta property=\"article:publisher\" content=\"https:\/\/www.facebook.com\/wirmachenauf\" \/>\n<meta property=\"article:published_time\" content=\"2023-11-23T17:45:40+00:00\" \/>\n<meta property=\"og:image\" content=\"https:\/\/now-news.de\/de\/wp-content\/uploads\/sites\/3\/2023\/11\/Wladimir-Putin-erklaert-kommendes-Jahr-zum-Jahr-der-Familie.jpg\" \/>\n\t<meta property=\"og:image:width\" content=\"460\" \/>\n\t<meta property=\"og:image:height\" content=\"259\" \/>\n\t<meta property=\"og:image:type\" content=\"image\/jpeg\" \/>\n<meta name=\"author\" content=\"rtnews\" \/>\n<meta name=\"twitter:card\" content=\"summary_large_image\" \/>\n<meta name=\"twitter:creator\" content=\"@WirMachenAuf_de\" \/>\n<meta name=\"twitter:site\" content=\"@WirMachenAuf_de\" \/>\n<meta name=\"twitter:label1\" content=\"Verfasst von\" \/>\n\t<meta name=\"twitter:data1\" content=\"rtnews\" \/>\n\t<meta name=\"twitter:label2\" content=\"Gesch\u00e4tzte Lesezeit\" \/>\n\t<meta name=\"twitter:data2\" content=\"2\u00a0Minuten\" \/>\n<script type=\"application\/ld+json\" class=\"yoast-schema-graph\">{\"@context\":\"https:\/\/schema.org\",\"@graph\":[{\"@type\":\"Article\",\"@id\":\"https:\/\/now-news.de\/de\/deutschland\/wladimir-putin-erklaert-kommendes-jahr-zum-jahr-der-familie\/#article\",\"isPartOf\":{\"@id\":\"https:\/\/now-news.de\/de\/deutschland\/wladimir-putin-erklaert-kommendes-jahr-zum-jahr-der-familie\/\"},\"author\":{\"name\":\"rtnews\",\"@id\":\"https:\/\/now-news.de\/de\/#\/schema\/person\/fb534a4e865501d8b3285208df34a9b5\"},\"headline\":\"Wladimir Putin erkl\u00e4rt kommendes Jahr zum Jahr der Familie\",\"datePublished\":\"2023-11-23T17:45:40+00:00\",\"dateModified\":\"2023-11-23T17:45:40+00:00\",\"mainEntityOfPage\":{\"@id\":\"https:\/\/now-news.de\/de\/deutschland\/wladimir-putin-erklaert-kommendes-jahr-zum-jahr-der-familie\/\"},\"wordCount\":394,\"commentCount\":0,\"publisher\":{\"@id\":\"https:\/\/now-news.de\/de\/#organization\"},\"image\":{\"@id\":\"https:\/\/now-news.de\/de\/deutschland\/wladimir-putin-erklaert-kommendes-jahr-zum-jahr-der-familie\/#primaryimage\"},\"thumbnailUrl\":\"https:\/\/now-news.de\/de\/wp-content\/uploads\/sites\/3\/2023\/11\/Wladimir-Putin-erklaert-kommendes-Jahr-zum-Jahr-der-Familie.jpg\",\"keywords\":[\"der\",\"erkl\u00e4rt\",\"Familie\",\"Jahr\",\"kommendes\",\"putin\",\"Wladimir\",\"zum\"],\"articleSection\":[\"Deutschland\",\"Russland\"],\"inLanguage\":\"de\",\"potentialAction\":[{\"@type\":\"CommentAction\",\"name\":\"Comment\",\"target\":[\"https:\/\/now-news.de\/de\/deutschland\/wladimir-putin-erklaert-kommendes-jahr-zum-jahr-der-familie\/#respond\"]}]},{\"@type\":\"WebPage\",\"@id\":\"https:\/\/now-news.de\/de\/deutschland\/wladimir-putin-erklaert-kommendes-jahr-zum-jahr-der-familie\/\",\"url\":\"https:\/\/now-news.de\/de\/deutschland\/wladimir-putin-erklaert-kommendes-jahr-zum-jahr-der-familie\/\",\"name\":\"Wladimir Putin erkl\u00e4rt kommendes Jahr zum Jahr der Familie - just-now.NEWS Deutschland\",\"isPartOf\":{\"@id\":\"https:\/\/now-news.de\/de\/#website\"},\"primaryImageOfPage\":{\"@id\":\"https:\/\/now-news.de\/de\/deutschland\/wladimir-putin-erklaert-kommendes-jahr-zum-jahr-der-familie\/#primaryimage\"},\"image\":{\"@id\":\"https:\/\/now-news.de\/de\/deutschland\/wladimir-putin-erklaert-kommendes-jahr-zum-jahr-der-familie\/#primaryimage\"},\"thumbnailUrl\":\"https:\/\/now-news.de\/de\/wp-content\/uploads\/sites\/3\/2023\/11\/Wladimir-Putin-erklaert-kommendes-Jahr-zum-Jahr-der-Familie.jpg\",\"datePublished\":\"2023-11-23T17:45:40+00:00\",\"dateModified\":\"2023-11-23T17:45:40+00:00\",\"breadcrumb\":{\"@id\":\"https:\/\/now-news.de\/de\/deutschland\/wladimir-putin-erklaert-kommendes-jahr-zum-jahr-der-familie\/#breadcrumb\"},\"inLanguage\":\"de\",\"potentialAction\":[{\"@type\":\"ReadAction\",\"target\":[\"https:\/\/now-news.de\/de\/deutschland\/wladimir-putin-erklaert-kommendes-jahr-zum-jahr-der-familie\/\"]}]},{\"@type\":\"ImageObject\",\"inLanguage\":\"de\",\"@id\":\"https:\/\/now-news.de\/de\/deutschland\/wladimir-putin-erklaert-kommendes-jahr-zum-jahr-der-familie\/#primaryimage\",\"url\":\"https:\/\/now-news.de\/de\/wp-content\/uploads\/sites\/3\/2023\/11\/Wladimir-Putin-erklaert-kommendes-Jahr-zum-Jahr-der-Familie.jpg\",\"contentUrl\":\"https:\/\/now-news.de\/de\/wp-content\/uploads\/sites\/3\/2023\/11\/Wladimir-Putin-erklaert-kommendes-Jahr-zum-Jahr-der-Familie.jpg\",\"width\":460,\"height\":259,\"caption\":\"Wladimir Putin erkl\u00e4rt kommendes Jahr zum Jahr der Familie\"},{\"@type\":\"BreadcrumbList\",\"@id\":\"https:\/\/now-news.de\/de\/deutschland\/wladimir-putin-erklaert-kommendes-jahr-zum-jahr-der-familie\/#breadcrumb\",\"itemListElement\":[{\"@type\":\"ListItem\",\"position\":1,\"name\":\"Home\",\"item\":\"https:\/\/now-news.de\/de\/\"},{\"@type\":\"ListItem\",\"position\":2,\"name\":\"Wladimir Putin erkl\u00e4rt kommendes Jahr zum Jahr der Familie\"}]},{\"@type\":\"WebSite\",\"@id\":\"https:\/\/now-news.de\/de\/#website\",\"url\":\"https:\/\/now-news.de\/de\/\",\"name\":\"just-now.NEWS Deutschland\",\"description\":\"Das Portal f\u00fcr unzensierte Nachrichten aus der Welt\",\"publisher\":{\"@id\":\"https:\/\/now-news.de\/de\/#organization\"},\"potentialAction\":[{\"@type\":\"SearchAction\",\"target\":{\"@type\":\"EntryPoint\",\"urlTemplate\":\"https:\/\/now-news.de\/de\/?s={search_term_string}\"},\"query-input\":\"required name=search_term_string\"}],\"inLanguage\":\"de\"},{\"@type\":\"Organization\",\"@id\":\"https:\/\/now-news.de\/de\/#organization\",\"name\":\"Just Now News\",\"url\":\"https:\/\/now-news.de\/de\/\",\"logo\":{\"@type\":\"ImageObject\",\"inLanguage\":\"de\",\"@id\":\"https:\/\/now-news.de\/de\/#\/schema\/logo\/image\/\",\"url\":\"http:\/\/just-now.news\/de\/wp-content\/uploads\/sites\/3\/2022\/04\/logo500x500.jpg\",\"contentUrl\":\"http:\/\/just-now.news\/de\/wp-content\/uploads\/sites\/3\/2022\/04\/logo500x500.jpg\",\"width\":500,\"height\":500,\"caption\":\"Just Now News\"},\"image\":{\"@id\":\"https:\/\/now-news.de\/de\/#\/schema\/logo\/image\/\"},\"sameAs\":[\"https:\/\/www.facebook.com\/wirmachenauf\",\"https:\/\/x.com\/WirMachenAuf_de\"]},{\"@type\":\"Person\",\"@id\":\"https:\/\/now-news.de\/de\/#\/schema\/person\/fb534a4e865501d8b3285208df34a9b5\",\"name\":\"rtnews\",\"image\":{\"@type\":\"ImageObject\",\"inLanguage\":\"de\",\"@id\":\"https:\/\/now-news.de\/de\/#\/schema\/person\/image\/\",\"url\":\"https:\/\/secure.gravatar.com\/avatar\/82aafea7d8127119dd649515f56e2117?s=96&d=mm&r=g\",\"contentUrl\":\"https:\/\/secure.gravatar.com\/avatar\/82aafea7d8127119dd649515f56e2117?s=96&d=mm&r=g\",\"caption\":\"rtnews\"},\"url\":\"https:\/\/now-news.de\/de\/author\/rnews\/\"}]}<\/script>\n<!-- \/ Yoast SEO Premium plugin. -->","yoast_head_json":{"title":"Wladimir Putin erkl\u00e4rt kommendes Jahr zum Jahr der Familie - just-now.NEWS Deutschland","robots":{"index":"index","follow":"follow","max-snippet":"max-snippet:-1","max-image-preview":"max-image-preview:large","max-video-preview":"max-video-preview:-1"},"canonical":"https:\/\/now-news.de\/de\/deutschland\/wladimir-putin-erklaert-kommendes-jahr-zum-jahr-der-familie\/","og_locale":"de_DE","og_type":"article","og_title":"Wladimir Putin erkl\u00e4rt kommendes Jahr zum Jahr der Familie","og_description":"Der russische Pr\u00e4sident hat das Jahr 2024 zum Jahr der Familie in Russland erkl\u00e4rt. Die Entscheidung sei getroffen worden, um \u201edie staatliche Politik im Bereich des Familienschutzes und der Bewahrung traditioneller Familienwerte zu f\u00f6rdern\u201c. Der russische Pr\u00e4sident hat am Mittwoch ein Dekret unterzeichnet, in dem er das kommende Jahr zum &#8220;Jahr der Familie&#8221; erkl\u00e4rte. Ziel [&hellip;]","og_url":"https:\/\/now-news.de\/de\/deutschland\/wladimir-putin-erklaert-kommendes-jahr-zum-jahr-der-familie\/","og_site_name":"just-now.NEWS Deutschland","article_publisher":"https:\/\/www.facebook.com\/wirmachenauf","article_published_time":"2023-11-23T17:45:40+00:00","og_image":[{"width":460,"height":259,"url":"https:\/\/now-news.de\/de\/wp-content\/uploads\/sites\/3\/2023\/11\/Wladimir-Putin-erklaert-kommendes-Jahr-zum-Jahr-der-Familie.jpg","type":"image\/jpeg"}],"author":"rtnews","twitter_card":"summary_large_image","twitter_creator":"@WirMachenAuf_de","twitter_site":"@WirMachenAuf_de","twitter_misc":{"Verfasst von":"rtnews","Gesch\u00e4tzte Lesezeit":"2\u00a0Minuten"},"schema":{"@context":"https:\/\/schema.org","@graph":[{"@type":"Article","@id":"https:\/\/now-news.de\/de\/deutschland\/wladimir-putin-erklaert-kommendes-jahr-zum-jahr-der-familie\/#article","isPartOf":{"@id":"https:\/\/now-news.de\/de\/deutschland\/wladimir-putin-erklaert-kommendes-jahr-zum-jahr-der-familie\/"},"author":{"name":"rtnews","@id":"https:\/\/now-news.de\/de\/#\/schema\/person\/fb534a4e865501d8b3285208df34a9b5"},"headline":"Wladimir Putin erkl\u00e4rt kommendes Jahr zum Jahr der Familie","datePublished":"2023-11-23T17:45:40+00:00","dateModified":"2023-11-23T17:45:40+00:00","mainEntityOfPage":{"@id":"https:\/\/now-news.de\/de\/deutschland\/wladimir-putin-erklaert-kommendes-jahr-zum-jahr-der-familie\/"},"wordCount":394,"commentCount":0,"publisher":{"@id":"https:\/\/now-news.de\/de\/#organization"},"image":{"@id":"https:\/\/now-news.de\/de\/deutschland\/wladimir-putin-erklaert-kommendes-jahr-zum-jahr-der-familie\/#primaryimage"},"thumbnailUrl":"https:\/\/now-news.de\/de\/wp-content\/uploads\/sites\/3\/2023\/11\/Wladimir-Putin-erklaert-kommendes-Jahr-zum-Jahr-der-Familie.jpg","keywords":["der","erkl\u00e4rt","Familie","Jahr","kommendes","putin","Wladimir","zum"],"articleSection":["Deutschland","Russland"],"inLanguage":"de","potentialAction":[{"@type":"CommentAction","name":"Comment","target":["https:\/\/now-news.de\/de\/deutschland\/wladimir-putin-erklaert-kommendes-jahr-zum-jahr-der-familie\/#respond"]}]},{"@type":"WebPage","@id":"https:\/\/now-news.de\/de\/deutschland\/wladimir-putin-erklaert-kommendes-jahr-zum-jahr-der-familie\/","url":"https:\/\/now-news.de\/de\/deutschland\/wladimir-putin-erklaert-kommendes-jahr-zum-jahr-der-familie\/","name":"Wladimir Putin erkl\u00e4rt kommendes Jahr zum Jahr der Familie - just-now.NEWS Deutschland","isPartOf":{"@id":"https:\/\/now-news.de\/de\/#website"},"primaryImageOfPage":{"@id":"https:\/\/now-news.de\/de\/deutschland\/wladimir-putin-erklaert-kommendes-jahr-zum-jahr-der-familie\/#primaryimage"},"image":{"@id":"https:\/\/now-news.de\/de\/deutschland\/wladimir-putin-erklaert-kommendes-jahr-zum-jahr-der-familie\/#primaryimage"},"thumbnailUrl":"https:\/\/now-news.de\/de\/wp-content\/uploads\/sites\/3\/2023\/11\/Wladimir-Putin-erklaert-kommendes-Jahr-zum-Jahr-der-Familie.jpg","datePublished":"2023-11-23T17:45:40+00:00","dateModified":"2023-11-23T17:45:40+00:00","breadcrumb":{"@id":"https:\/\/now-news.de\/de\/deutschland\/wladimir-putin-erklaert-kommendes-jahr-zum-jahr-der-familie\/#breadcrumb"},"inLanguage":"de","potentialAction":[{"@type":"ReadAction","target":["https:\/\/now-news.de\/de\/deutschland\/wladimir-putin-erklaert-kommendes-jahr-zum-jahr-der-familie\/"]}]},{"@type":"ImageObject","inLanguage":"de","@id":"https:\/\/now-news.de\/de\/deutschland\/wladimir-putin-erklaert-kommendes-jahr-zum-jahr-der-familie\/#primaryimage","url":"https:\/\/now-news.de\/de\/wp-content\/uploads\/sites\/3\/2023\/11\/Wladimir-Putin-erklaert-kommendes-Jahr-zum-Jahr-der-Familie.jpg","contentUrl":"https:\/\/now-news.de\/de\/wp-content\/uploads\/sites\/3\/2023\/11\/Wladimir-Putin-erklaert-kommendes-Jahr-zum-Jahr-der-Familie.jpg","width":460,"height":259,"caption":"Wladimir Putin erkl\u00e4rt kommendes Jahr zum Jahr der Familie"},{"@type":"BreadcrumbList","@id":"https:\/\/now-news.de\/de\/deutschland\/wladimir-putin-erklaert-kommendes-jahr-zum-jahr-der-familie\/#breadcrumb","itemListElement":[{"@type":"ListItem","position":1,"name":"Home","item":"https:\/\/now-news.de\/de\/"},{"@type":"ListItem","position":2,"name":"Wladimir Putin erkl\u00e4rt kommendes Jahr zum Jahr der Familie"}]},{"@type":"WebSite","@id":"https:\/\/now-news.de\/de\/#website","url":"https:\/\/now-news.de\/de\/","name":"just-now.NEWS Deutschland","description":"Das Portal f\u00fcr unzensierte Nachrichten aus der Welt","publisher":{"@id":"https:\/\/now-news.de\/de\/#organization"},"potentialAction":[{"@type":"SearchAction","target":{"@type":"EntryPoint","urlTemplate":"https:\/\/now-news.de\/de\/?s={search_term_string}"},"query-input":"required name=search_term_string"}],"inLanguage":"de"},{"@type":"Organization","@id":"https:\/\/now-news.de\/de\/#organization","name":"Just Now News","url":"https:\/\/now-news.de\/de\/","logo":{"@type":"ImageObject","inLanguage":"de","@id":"https:\/\/now-news.de\/de\/#\/schema\/logo\/image\/","url":"http:\/\/just-now.news\/de\/wp-content\/uploads\/sites\/3\/2022\/04\/logo500x500.jpg","contentUrl":"http:\/\/just-now.news\/de\/wp-content\/uploads\/sites\/3\/2022\/04\/logo500x500.jpg","width":500,"height":500,"caption":"Just Now News"},"image":{"@id":"https:\/\/now-news.de\/de\/#\/schema\/logo\/image\/"},"sameAs":["https:\/\/www.facebook.com\/wirmachenauf","https:\/\/x.com\/WirMachenAuf_de"]},{"@type":"Person","@id":"https:\/\/now-news.de\/de\/#\/schema\/person\/fb534a4e865501d8b3285208df34a9b5","name":"rtnews","image":{"@type":"ImageObject","inLanguage":"de","@id":"https:\/\/now-news.de\/de\/#\/schema\/person\/image\/","url":"https:\/\/secure.gravatar.com\/avatar\/82aafea7d8127119dd649515f56e2117?s=96&d=mm&r=g","contentUrl":"https:\/\/secure.gravatar.com\/avatar\/82aafea7d8127119dd649515f56e2117?s=96&d=mm&r=g","caption":"rtnews"},"url":"https:\/\/now-news.de\/de\/author\/rnews\/"}]}},"_links":{"self":[{"href":"https:\/\/now-news.de\/de\/wp-json\/wp\/v2\/posts\/50312"}],"collection":[{"href":"https:\/\/now-news.de\/de\/wp-json\/wp\/v2\/posts"}],"about":[{"href":"https:\/\/now-news.de\/de\/wp-json\/wp\/v2\/types\/post"}],"author":[{"embeddable":true,"href":"https:\/\/now-news.de\/de\/wp-json\/wp\/v2\/users\/3"}],"replies":[{"embeddable":true,"href":"https:\/\/now-news.de\/de\/wp-json\/wp\/v2\/comments?post=50312"}],"version-history":[{"count":0,"href":"https:\/\/now-news.de\/de\/wp-json\/wp\/v2\/posts\/50312\/revisions"}],"wp:featuredmedia":[{"embeddable":true,"href":"https:\/\/now-news.de\/de\/wp-json\/wp\/v2\/media\/50313"}],"wp:attachment":[{"href":"https:\/\/now-news.de\/de\/wp-json\/wp\/v2\/media?parent=50312"}],"wp:term":[{"taxonomy":"category","embeddable":true,"href":"https:\/\/now-news.de\/de\/wp-json\/wp\/v2\/categories?post=50312"},{"taxonomy":"post_tag","embeddable":true,"href":"https:\/\/now-news.de\/de\/wp-json\/wp\/v2\/tags?post=50312"}],"curies":[{"name":"wp","href":"https:\/\/api.w.org\/{rel}","templated":true}]}}