{"id":50292,"date":"2023-11-23T19:59:06","date_gmt":"2023-11-23T17:59:06","guid":{"rendered":"https:\/\/just-now.news\/de\/deutschland\/lukaschenko-nur-atomwaffen-koennen-sicherheit-in-region-gewaehrleisten\/"},"modified":"2023-11-23T19:59:06","modified_gmt":"2023-11-23T17:59:06","slug":"lukaschenko-nur-atomwaffen-koennen-sicherheit-in-region-gewaehrleisten","status":"publish","type":"post","link":"https:\/\/now-news.de\/de\/deutschland\/lukaschenko-nur-atomwaffen-koennen-sicherheit-in-region-gewaehrleisten\/","title":{"rendered":"Lukaschenko: Nur Atomwaffen k\u00f6nnen Sicherheit in Region gew\u00e4hrleisten"},"content":{"rendered":"<p><img decoding=\"async\" src=\"http:\/\/just-now.news\/de\/wp-content\/uploads\/sites\/3\/2023\/11\/655f660eb480cc2e011f9b6b.jpg\" \/><\/p>\n<div class=\"Text-root Text-type_1 \">\n                Nur die Stationierung von Atomwaffen in Wei\u00dfrussland kann Sicherheit in die Region bringen. Dies hat Pr\u00e4sident Alexander Lukaschenko am Donnerstag in Minsk erkl\u00e4rt. Der R\u00fcckzug der Kernwaffen aus Wei\u00dfrussland habe schon einmal provokative Aktionen der NATO erm\u00f6glicht.\n            <\/div>\n<p><\/p>\n<div class=\"Text-root Text-type_5 ArticleView-text ViewText-root \">\n<p><strong><\/strong>Wei\u00dfrusslands Pr\u00e4sident Alexander Lukaschenko hat am Donnerstag am Gipfel der Organisation des Vertrages f\u00fcr Kollektive Sicherheit teilgenommen. Bei der Sitzung in Minsk er\u00f6rterte der Staatschef unter anderem die Stationierung russischer Atomraketen auf wei\u00dfrussischem Territorium. Seiner Meinung nach k\u00f6nnten nur\u00a0derart schlagkr\u00e4ftigen Waffen die Sicherheit in der gesamten Region gew\u00e4hrleisten.<\/p>\n<p>Lukaschenko verwies in diesem Zusammenhang auf einige Ereignisse der Vergangenheit. Der R\u00fcckzug der Atomwaffen aus Wei\u00dfrussland im Jahr 1996 habe die NATO-Osterweiterung erm\u00f6glicht. Ferner habe das Milit\u00e4rb\u00fcndnis im Rahmen eines Man\u00f6vers 2016 das Szenario eines m\u00f6glichen Atomangriffs auf Wei\u00dfrussland ge\u00fcbt. Nach dem Plan der \u00dcbung, die auf Initiative des Friedensnobelpreistr\u00e4gers Barack Obama stattgefunden habe, sei\u00a0Minsk nicht einmal an einem Konflikt beteiligt gewesen, so Lukaschenko. Weiter k\u00f6nnten mehrere Beispiele einseitiger Zwangsma\u00dfnahmen, milit\u00e4rischer Provokationen an den Grenzen, Informationssabotagen und millionenschwerer Investitionen in gescheiterte Staatsstreiche angef\u00fchrt werden. Damit wolle die NATO nicht nur an Wei\u00dfrussland, sondern auch\u00a0die anderen L\u00e4nder der Region ein klares Signal senden.<\/p>\n<p>Vor diesem Hintergrund, betonte Lukaschenko, seien jegliche Vorhaltungen in Bezug auf die Stationierung russischer Atomwaffen in Wei\u00dfrussland sinnlos. Dieser Schritt sei vielmehr eine Gegenma\u00dfnahme. Die Nachrichtenagentur <em>Belta<\/em> zitierte den Staatschef mit den Worten:<\/p>\n<blockquote>\n<p><em>&#8220;Wir, ich wiederhole es schon zum hundertsten Mal, drohen niemandem. Wir lernen einfach die sogenannte diplomatische Etikette von denjenigen, die die Sprache der Gewalt zu einem globalen Trend gemacht haben.&#8221;<\/em><\/p>\n<\/blockquote>\n<p>Lukaschenko stellte abschlie\u00dfend fest, dass nur Atomwaffen die Sicherheit in der Region gew\u00e4hrleisten und einem Land das n\u00f6tige Gewicht auf der Weltb\u00fchne geben k\u00f6nnte \u2013 so sehe derzeit die Realit\u00e4t aus.<\/p>\n<p>Russlands Pr\u00e4sident Wladimir Putin hatte im M\u00e4rz dieses Jahres erkl\u00e4rt, dass der Bau eines Lagers f\u00fcr taktische Atomwaffen in Wei\u00dfrussland bis zum 1. Juli abgeschlossen sein werde. Au\u00dferdem werde Moskau eine Anzahl seiner nuklearen Flugk\u00f6rper in das Nachbarland verlegen, ohne dabei allerdings Minsk die Kontrolle \u00fcber diese Waffen zu \u00fcbergeben. Dieses Vorgehen wurde damit begr\u00fcndet,\u00a0dass es eine Antwort auf die Stationierung US-amerikanischer Atomwaffen in unmittelbarer N\u00e4he\u00a0der russischen\u00a0Grenzen sei.<\/p>\n<p><strong>Mehr zum Thema \u2013<\/strong>\u00a0<a rel=\"nofollow noopener\" target=\"_blank\" href=\"https:\/\/freedert.online\/europa\/176613-russisches-aussenministerium-nennt-bedingung-fuer\/\">Russisches Au\u00dfenministerium nennt Bedingung f\u00fcr Abzug von Atomwaffen aus Wei\u00dfrussland<\/a><\/p>\n<\/div>\n<p><br \/>\n<br \/><a href=\"https:\/\/de.rt.com\/international\/187907-lukaschenko-nur-atomwaffen-koennen-sicherheit\/\">Source link <\/a><\/p>\n","protected":false},"excerpt":{"rendered":"<p>Nur die Stationierung von Atomwaffen in Wei\u00dfrussland kann Sicherheit in die Region bringen. Dies hat Pr\u00e4sident Alexander Lukaschenko am Donnerstag in Minsk erkl\u00e4rt. Der R\u00fcckzug der Kernwaffen aus Wei\u00dfrussland habe schon einmal provokative Aktionen der NATO erm\u00f6glicht. Wei\u00dfrusslands Pr\u00e4sident Alexander Lukaschenko hat am Donnerstag am Gipfel der Organisation des Vertrages f\u00fcr Kollektive Sicherheit teilgenommen. Bei [&hellip;]<\/p>\n","protected":false},"author":3,"featured_media":50293,"comment_status":"open","ping_status":"open","sticky":false,"template":"","format":"standard","meta":{"_yoast_indexnow_last_ping":["1700767984"],"wp_automatic_camp":["217"],"413028cdb6dc1a032668423bb0a4cbce":["Lukaschenko: Nur Atomwaffen k\u00f6nnen Sicherheit in Region gew\u00e4hrleisten"],"original_link":["https:\/\/de.rt.com\/international\/187907-lukaschenko-nur-atomwaffen-koennen-sicherheit\/"],"_thumbnail_id":["50293"],"_wptgpro_p2tg_sent2tg":["a:1:{i:23737;s:19:\"2023-11-23 21:34:30\";}"],"jnews_social_counter_last_update":["1777611073"]},"categories":[19,23],"tags":[7620,50929,4296,21453,4230,494,840],"yoast_head":"<!-- This site is optimized with the Yoast SEO Premium plugin v22.7 (Yoast SEO v22.7) - https:\/\/yoast.com\/wordpress\/plugins\/seo\/ -->\n<title>Lukaschenko: Nur Atomwaffen k\u00f6nnen Sicherheit in Region gew\u00e4hrleisten - just-now.NEWS Deutschland<\/title>\n<meta name=\"robots\" content=\"index, follow, max-snippet:-1, max-image-preview:large, max-video-preview:-1\" \/>\n<link rel=\"canonical\" href=\"https:\/\/now-news.de\/de\/deutschland\/lukaschenko-nur-atomwaffen-koennen-sicherheit-in-region-gewaehrleisten\/\" \/>\n<meta property=\"og:locale\" content=\"de_DE\" \/>\n<meta property=\"og:type\" content=\"article\" \/>\n<meta property=\"og:title\" content=\"Lukaschenko: Nur Atomwaffen k\u00f6nnen Sicherheit in Region gew\u00e4hrleisten\" \/>\n<meta property=\"og:description\" content=\"Nur die Stationierung von Atomwaffen in Wei\u00dfrussland kann Sicherheit in die Region bringen. Dies hat Pr\u00e4sident Alexander Lukaschenko am Donnerstag in Minsk erkl\u00e4rt. Der R\u00fcckzug der Kernwaffen aus Wei\u00dfrussland habe schon einmal provokative Aktionen der NATO erm\u00f6glicht. Wei\u00dfrusslands Pr\u00e4sident Alexander Lukaschenko hat am Donnerstag am Gipfel der Organisation des Vertrages f\u00fcr Kollektive Sicherheit teilgenommen. Bei [&hellip;]\" \/>\n<meta property=\"og:url\" content=\"https:\/\/now-news.de\/de\/deutschland\/lukaschenko-nur-atomwaffen-koennen-sicherheit-in-region-gewaehrleisten\/\" \/>\n<meta property=\"og:site_name\" content=\"just-now.NEWS Deutschland\" \/>\n<meta property=\"article:publisher\" content=\"https:\/\/www.facebook.com\/wirmachenauf\" \/>\n<meta property=\"article:published_time\" content=\"2023-11-23T17:59:06+00:00\" \/>\n<meta property=\"og:image\" content=\"https:\/\/now-news.de\/de\/wp-content\/uploads\/sites\/3\/2023\/11\/Lukaschenko-Nur-Atomwaffen-koennen-Sicherheit-in-Region-gewaehrleisten.jpg\" \/>\n\t<meta property=\"og:image:width\" content=\"460\" \/>\n\t<meta property=\"og:image:height\" content=\"259\" \/>\n\t<meta property=\"og:image:type\" content=\"image\/jpeg\" \/>\n<meta name=\"author\" content=\"rtnews\" \/>\n<meta name=\"twitter:card\" content=\"summary_large_image\" \/>\n<meta name=\"twitter:creator\" content=\"@WirMachenAuf_de\" \/>\n<meta name=\"twitter:site\" content=\"@WirMachenAuf_de\" \/>\n<meta name=\"twitter:label1\" content=\"Verfasst von\" \/>\n\t<meta name=\"twitter:data1\" content=\"rtnews\" \/>\n\t<meta name=\"twitter:label2\" content=\"Gesch\u00e4tzte Lesezeit\" \/>\n\t<meta name=\"twitter:data2\" content=\"2\u00a0Minuten\" \/>\n<script type=\"application\/ld+json\" class=\"yoast-schema-graph\">{\"@context\":\"https:\/\/schema.org\",\"@graph\":[{\"@type\":\"Article\",\"@id\":\"https:\/\/now-news.de\/de\/deutschland\/lukaschenko-nur-atomwaffen-koennen-sicherheit-in-region-gewaehrleisten\/#article\",\"isPartOf\":{\"@id\":\"https:\/\/now-news.de\/de\/deutschland\/lukaschenko-nur-atomwaffen-koennen-sicherheit-in-region-gewaehrleisten\/\"},\"author\":{\"name\":\"rtnews\",\"@id\":\"https:\/\/now-news.de\/de\/#\/schema\/person\/fb534a4e865501d8b3285208df34a9b5\"},\"headline\":\"Lukaschenko: Nur Atomwaffen k\u00f6nnen Sicherheit in Region gew\u00e4hrleisten\",\"datePublished\":\"2023-11-23T17:59:06+00:00\",\"dateModified\":\"2023-11-23T17:59:06+00:00\",\"mainEntityOfPage\":{\"@id\":\"https:\/\/now-news.de\/de\/deutschland\/lukaschenko-nur-atomwaffen-koennen-sicherheit-in-region-gewaehrleisten\/\"},\"wordCount\":427,\"commentCount\":0,\"publisher\":{\"@id\":\"https:\/\/now-news.de\/de\/#organization\"},\"image\":{\"@id\":\"https:\/\/now-news.de\/de\/deutschland\/lukaschenko-nur-atomwaffen-koennen-sicherheit-in-region-gewaehrleisten\/#primaryimage\"},\"thumbnailUrl\":\"https:\/\/now-news.de\/de\/wp-content\/uploads\/sites\/3\/2023\/11\/Lukaschenko-Nur-Atomwaffen-koennen-Sicherheit-in-Region-gewaehrleisten.jpg\",\"keywords\":[\"Atomwaffen\",\"gew\u00e4hrleisten\",\"k\u00f6nnen\",\"Lukaschenko\",\"NUR\",\"Region\",\"Sicherheit\"],\"articleSection\":[\"Deutschland\",\"Russland\"],\"inLanguage\":\"de\",\"potentialAction\":[{\"@type\":\"CommentAction\",\"name\":\"Comment\",\"target\":[\"https:\/\/now-news.de\/de\/deutschland\/lukaschenko-nur-atomwaffen-koennen-sicherheit-in-region-gewaehrleisten\/#respond\"]}]},{\"@type\":\"WebPage\",\"@id\":\"https:\/\/now-news.de\/de\/deutschland\/lukaschenko-nur-atomwaffen-koennen-sicherheit-in-region-gewaehrleisten\/\",\"url\":\"https:\/\/now-news.de\/de\/deutschland\/lukaschenko-nur-atomwaffen-koennen-sicherheit-in-region-gewaehrleisten\/\",\"name\":\"Lukaschenko: Nur Atomwaffen k\u00f6nnen Sicherheit in Region gew\u00e4hrleisten - just-now.NEWS Deutschland\",\"isPartOf\":{\"@id\":\"https:\/\/now-news.de\/de\/#website\"},\"primaryImageOfPage\":{\"@id\":\"https:\/\/now-news.de\/de\/deutschland\/lukaschenko-nur-atomwaffen-koennen-sicherheit-in-region-gewaehrleisten\/#primaryimage\"},\"image\":{\"@id\":\"https:\/\/now-news.de\/de\/deutschland\/lukaschenko-nur-atomwaffen-koennen-sicherheit-in-region-gewaehrleisten\/#primaryimage\"},\"thumbnailUrl\":\"https:\/\/now-news.de\/de\/wp-content\/uploads\/sites\/3\/2023\/11\/Lukaschenko-Nur-Atomwaffen-koennen-Sicherheit-in-Region-gewaehrleisten.jpg\",\"datePublished\":\"2023-11-23T17:59:06+00:00\",\"dateModified\":\"2023-11-23T17:59:06+00:00\",\"breadcrumb\":{\"@id\":\"https:\/\/now-news.de\/de\/deutschland\/lukaschenko-nur-atomwaffen-koennen-sicherheit-in-region-gewaehrleisten\/#breadcrumb\"},\"inLanguage\":\"de\",\"potentialAction\":[{\"@type\":\"ReadAction\",\"target\":[\"https:\/\/now-news.de\/de\/deutschland\/lukaschenko-nur-atomwaffen-koennen-sicherheit-in-region-gewaehrleisten\/\"]}]},{\"@type\":\"ImageObject\",\"inLanguage\":\"de\",\"@id\":\"https:\/\/now-news.de\/de\/deutschland\/lukaschenko-nur-atomwaffen-koennen-sicherheit-in-region-gewaehrleisten\/#primaryimage\",\"url\":\"https:\/\/now-news.de\/de\/wp-content\/uploads\/sites\/3\/2023\/11\/Lukaschenko-Nur-Atomwaffen-koennen-Sicherheit-in-Region-gewaehrleisten.jpg\",\"contentUrl\":\"https:\/\/now-news.de\/de\/wp-content\/uploads\/sites\/3\/2023\/11\/Lukaschenko-Nur-Atomwaffen-koennen-Sicherheit-in-Region-gewaehrleisten.jpg\",\"width\":460,\"height\":259,\"caption\":\"Lukaschenko: Nur Atomwaffen k\u00f6nnen Sicherheit in Region gew\u00e4hrleisten\"},{\"@type\":\"BreadcrumbList\",\"@id\":\"https:\/\/now-news.de\/de\/deutschland\/lukaschenko-nur-atomwaffen-koennen-sicherheit-in-region-gewaehrleisten\/#breadcrumb\",\"itemListElement\":[{\"@type\":\"ListItem\",\"position\":1,\"name\":\"Home\",\"item\":\"https:\/\/now-news.de\/de\/\"},{\"@type\":\"ListItem\",\"position\":2,\"name\":\"Lukaschenko: Nur Atomwaffen k\u00f6nnen Sicherheit in Region gew\u00e4hrleisten\"}]},{\"@type\":\"WebSite\",\"@id\":\"https:\/\/now-news.de\/de\/#website\",\"url\":\"https:\/\/now-news.de\/de\/\",\"name\":\"just-now.NEWS Deutschland\",\"description\":\"Das Portal f\u00fcr unzensierte Nachrichten aus der Welt\",\"publisher\":{\"@id\":\"https:\/\/now-news.de\/de\/#organization\"},\"potentialAction\":[{\"@type\":\"SearchAction\",\"target\":{\"@type\":\"EntryPoint\",\"urlTemplate\":\"https:\/\/now-news.de\/de\/?s={search_term_string}\"},\"query-input\":\"required name=search_term_string\"}],\"inLanguage\":\"de\"},{\"@type\":\"Organization\",\"@id\":\"https:\/\/now-news.de\/de\/#organization\",\"name\":\"Just Now News\",\"url\":\"https:\/\/now-news.de\/de\/\",\"logo\":{\"@type\":\"ImageObject\",\"inLanguage\":\"de\",\"@id\":\"https:\/\/now-news.de\/de\/#\/schema\/logo\/image\/\",\"url\":\"http:\/\/just-now.news\/de\/wp-content\/uploads\/sites\/3\/2022\/04\/logo500x500.jpg\",\"contentUrl\":\"http:\/\/just-now.news\/de\/wp-content\/uploads\/sites\/3\/2022\/04\/logo500x500.jpg\",\"width\":500,\"height\":500,\"caption\":\"Just Now News\"},\"image\":{\"@id\":\"https:\/\/now-news.de\/de\/#\/schema\/logo\/image\/\"},\"sameAs\":[\"https:\/\/www.facebook.com\/wirmachenauf\",\"https:\/\/x.com\/WirMachenAuf_de\"]},{\"@type\":\"Person\",\"@id\":\"https:\/\/now-news.de\/de\/#\/schema\/person\/fb534a4e865501d8b3285208df34a9b5\",\"name\":\"rtnews\",\"image\":{\"@type\":\"ImageObject\",\"inLanguage\":\"de\",\"@id\":\"https:\/\/now-news.de\/de\/#\/schema\/person\/image\/\",\"url\":\"https:\/\/secure.gravatar.com\/avatar\/82aafea7d8127119dd649515f56e2117?s=96&d=mm&r=g\",\"contentUrl\":\"https:\/\/secure.gravatar.com\/avatar\/82aafea7d8127119dd649515f56e2117?s=96&d=mm&r=g\",\"caption\":\"rtnews\"},\"url\":\"https:\/\/now-news.de\/de\/author\/rnews\/\"}]}<\/script>\n<!-- \/ Yoast SEO Premium plugin. -->","yoast_head_json":{"title":"Lukaschenko: Nur Atomwaffen k\u00f6nnen Sicherheit in Region gew\u00e4hrleisten - just-now.NEWS Deutschland","robots":{"index":"index","follow":"follow","max-snippet":"max-snippet:-1","max-image-preview":"max-image-preview:large","max-video-preview":"max-video-preview:-1"},"canonical":"https:\/\/now-news.de\/de\/deutschland\/lukaschenko-nur-atomwaffen-koennen-sicherheit-in-region-gewaehrleisten\/","og_locale":"de_DE","og_type":"article","og_title":"Lukaschenko: Nur Atomwaffen k\u00f6nnen Sicherheit in Region gew\u00e4hrleisten","og_description":"Nur die Stationierung von Atomwaffen in Wei\u00dfrussland kann Sicherheit in die Region bringen. Dies hat Pr\u00e4sident Alexander Lukaschenko am Donnerstag in Minsk erkl\u00e4rt. Der R\u00fcckzug der Kernwaffen aus Wei\u00dfrussland habe schon einmal provokative Aktionen der NATO erm\u00f6glicht. Wei\u00dfrusslands Pr\u00e4sident Alexander Lukaschenko hat am Donnerstag am Gipfel der Organisation des Vertrages f\u00fcr Kollektive Sicherheit teilgenommen. Bei [&hellip;]","og_url":"https:\/\/now-news.de\/de\/deutschland\/lukaschenko-nur-atomwaffen-koennen-sicherheit-in-region-gewaehrleisten\/","og_site_name":"just-now.NEWS Deutschland","article_publisher":"https:\/\/www.facebook.com\/wirmachenauf","article_published_time":"2023-11-23T17:59:06+00:00","og_image":[{"width":460,"height":259,"url":"https:\/\/now-news.de\/de\/wp-content\/uploads\/sites\/3\/2023\/11\/Lukaschenko-Nur-Atomwaffen-koennen-Sicherheit-in-Region-gewaehrleisten.jpg","type":"image\/jpeg"}],"author":"rtnews","twitter_card":"summary_large_image","twitter_creator":"@WirMachenAuf_de","twitter_site":"@WirMachenAuf_de","twitter_misc":{"Verfasst von":"rtnews","Gesch\u00e4tzte Lesezeit":"2\u00a0Minuten"},"schema":{"@context":"https:\/\/schema.org","@graph":[{"@type":"Article","@id":"https:\/\/now-news.de\/de\/deutschland\/lukaschenko-nur-atomwaffen-koennen-sicherheit-in-region-gewaehrleisten\/#article","isPartOf":{"@id":"https:\/\/now-news.de\/de\/deutschland\/lukaschenko-nur-atomwaffen-koennen-sicherheit-in-region-gewaehrleisten\/"},"author":{"name":"rtnews","@id":"https:\/\/now-news.de\/de\/#\/schema\/person\/fb534a4e865501d8b3285208df34a9b5"},"headline":"Lukaschenko: Nur Atomwaffen k\u00f6nnen Sicherheit in Region gew\u00e4hrleisten","datePublished":"2023-11-23T17:59:06+00:00","dateModified":"2023-11-23T17:59:06+00:00","mainEntityOfPage":{"@id":"https:\/\/now-news.de\/de\/deutschland\/lukaschenko-nur-atomwaffen-koennen-sicherheit-in-region-gewaehrleisten\/"},"wordCount":427,"commentCount":0,"publisher":{"@id":"https:\/\/now-news.de\/de\/#organization"},"image":{"@id":"https:\/\/now-news.de\/de\/deutschland\/lukaschenko-nur-atomwaffen-koennen-sicherheit-in-region-gewaehrleisten\/#primaryimage"},"thumbnailUrl":"https:\/\/now-news.de\/de\/wp-content\/uploads\/sites\/3\/2023\/11\/Lukaschenko-Nur-Atomwaffen-koennen-Sicherheit-in-Region-gewaehrleisten.jpg","keywords":["Atomwaffen","gew\u00e4hrleisten","k\u00f6nnen","Lukaschenko","NUR","Region","Sicherheit"],"articleSection":["Deutschland","Russland"],"inLanguage":"de","potentialAction":[{"@type":"CommentAction","name":"Comment","target":["https:\/\/now-news.de\/de\/deutschland\/lukaschenko-nur-atomwaffen-koennen-sicherheit-in-region-gewaehrleisten\/#respond"]}]},{"@type":"WebPage","@id":"https:\/\/now-news.de\/de\/deutschland\/lukaschenko-nur-atomwaffen-koennen-sicherheit-in-region-gewaehrleisten\/","url":"https:\/\/now-news.de\/de\/deutschland\/lukaschenko-nur-atomwaffen-koennen-sicherheit-in-region-gewaehrleisten\/","name":"Lukaschenko: Nur Atomwaffen k\u00f6nnen Sicherheit in Region gew\u00e4hrleisten - just-now.NEWS Deutschland","isPartOf":{"@id":"https:\/\/now-news.de\/de\/#website"},"primaryImageOfPage":{"@id":"https:\/\/now-news.de\/de\/deutschland\/lukaschenko-nur-atomwaffen-koennen-sicherheit-in-region-gewaehrleisten\/#primaryimage"},"image":{"@id":"https:\/\/now-news.de\/de\/deutschland\/lukaschenko-nur-atomwaffen-koennen-sicherheit-in-region-gewaehrleisten\/#primaryimage"},"thumbnailUrl":"https:\/\/now-news.de\/de\/wp-content\/uploads\/sites\/3\/2023\/11\/Lukaschenko-Nur-Atomwaffen-koennen-Sicherheit-in-Region-gewaehrleisten.jpg","datePublished":"2023-11-23T17:59:06+00:00","dateModified":"2023-11-23T17:59:06+00:00","breadcrumb":{"@id":"https:\/\/now-news.de\/de\/deutschland\/lukaschenko-nur-atomwaffen-koennen-sicherheit-in-region-gewaehrleisten\/#breadcrumb"},"inLanguage":"de","potentialAction":[{"@type":"ReadAction","target":["https:\/\/now-news.de\/de\/deutschland\/lukaschenko-nur-atomwaffen-koennen-sicherheit-in-region-gewaehrleisten\/"]}]},{"@type":"ImageObject","inLanguage":"de","@id":"https:\/\/now-news.de\/de\/deutschland\/lukaschenko-nur-atomwaffen-koennen-sicherheit-in-region-gewaehrleisten\/#primaryimage","url":"https:\/\/now-news.de\/de\/wp-content\/uploads\/sites\/3\/2023\/11\/Lukaschenko-Nur-Atomwaffen-koennen-Sicherheit-in-Region-gewaehrleisten.jpg","contentUrl":"https:\/\/now-news.de\/de\/wp-content\/uploads\/sites\/3\/2023\/11\/Lukaschenko-Nur-Atomwaffen-koennen-Sicherheit-in-Region-gewaehrleisten.jpg","width":460,"height":259,"caption":"Lukaschenko: Nur Atomwaffen k\u00f6nnen Sicherheit in Region gew\u00e4hrleisten"},{"@type":"BreadcrumbList","@id":"https:\/\/now-news.de\/de\/deutschland\/lukaschenko-nur-atomwaffen-koennen-sicherheit-in-region-gewaehrleisten\/#breadcrumb","itemListElement":[{"@type":"ListItem","position":1,"name":"Home","item":"https:\/\/now-news.de\/de\/"},{"@type":"ListItem","position":2,"name":"Lukaschenko: Nur Atomwaffen k\u00f6nnen Sicherheit in Region gew\u00e4hrleisten"}]},{"@type":"WebSite","@id":"https:\/\/now-news.de\/de\/#website","url":"https:\/\/now-news.de\/de\/","name":"just-now.NEWS Deutschland","description":"Das Portal f\u00fcr unzensierte Nachrichten aus der Welt","publisher":{"@id":"https:\/\/now-news.de\/de\/#organization"},"potentialAction":[{"@type":"SearchAction","target":{"@type":"EntryPoint","urlTemplate":"https:\/\/now-news.de\/de\/?s={search_term_string}"},"query-input":"required name=search_term_string"}],"inLanguage":"de"},{"@type":"Organization","@id":"https:\/\/now-news.de\/de\/#organization","name":"Just Now News","url":"https:\/\/now-news.de\/de\/","logo":{"@type":"ImageObject","inLanguage":"de","@id":"https:\/\/now-news.de\/de\/#\/schema\/logo\/image\/","url":"http:\/\/just-now.news\/de\/wp-content\/uploads\/sites\/3\/2022\/04\/logo500x500.jpg","contentUrl":"http:\/\/just-now.news\/de\/wp-content\/uploads\/sites\/3\/2022\/04\/logo500x500.jpg","width":500,"height":500,"caption":"Just Now News"},"image":{"@id":"https:\/\/now-news.de\/de\/#\/schema\/logo\/image\/"},"sameAs":["https:\/\/www.facebook.com\/wirmachenauf","https:\/\/x.com\/WirMachenAuf_de"]},{"@type":"Person","@id":"https:\/\/now-news.de\/de\/#\/schema\/person\/fb534a4e865501d8b3285208df34a9b5","name":"rtnews","image":{"@type":"ImageObject","inLanguage":"de","@id":"https:\/\/now-news.de\/de\/#\/schema\/person\/image\/","url":"https:\/\/secure.gravatar.com\/avatar\/82aafea7d8127119dd649515f56e2117?s=96&d=mm&r=g","contentUrl":"https:\/\/secure.gravatar.com\/avatar\/82aafea7d8127119dd649515f56e2117?s=96&d=mm&r=g","caption":"rtnews"},"url":"https:\/\/now-news.de\/de\/author\/rnews\/"}]}},"_links":{"self":[{"href":"https:\/\/now-news.de\/de\/wp-json\/wp\/v2\/posts\/50292"}],"collection":[{"href":"https:\/\/now-news.de\/de\/wp-json\/wp\/v2\/posts"}],"about":[{"href":"https:\/\/now-news.de\/de\/wp-json\/wp\/v2\/types\/post"}],"author":[{"embeddable":true,"href":"https:\/\/now-news.de\/de\/wp-json\/wp\/v2\/users\/3"}],"replies":[{"embeddable":true,"href":"https:\/\/now-news.de\/de\/wp-json\/wp\/v2\/comments?post=50292"}],"version-history":[{"count":0,"href":"https:\/\/now-news.de\/de\/wp-json\/wp\/v2\/posts\/50292\/revisions"}],"wp:featuredmedia":[{"embeddable":true,"href":"https:\/\/now-news.de\/de\/wp-json\/wp\/v2\/media\/50293"}],"wp:attachment":[{"href":"https:\/\/now-news.de\/de\/wp-json\/wp\/v2\/media?parent=50292"}],"wp:term":[{"taxonomy":"category","embeddable":true,"href":"https:\/\/now-news.de\/de\/wp-json\/wp\/v2\/categories?post=50292"},{"taxonomy":"post_tag","embeddable":true,"href":"https:\/\/now-news.de\/de\/wp-json\/wp\/v2\/tags?post=50292"}],"curies":[{"name":"wp","href":"https:\/\/api.w.org\/{rel}","templated":true}]}}