{"id":50265,"date":"2023-11-23T14:55:02","date_gmt":"2023-11-23T12:55:02","guid":{"rendered":"https:\/\/just-now.news\/de\/deutschland\/kiew-will-keine-ausnahmen-fuer-ungarische-minderheit-machen\/"},"modified":"2023-11-23T14:55:02","modified_gmt":"2023-11-23T12:55:02","slug":"kiew-will-keine-ausnahmen-fuer-ungarische-minderheit-machen","status":"publish","type":"post","link":"https:\/\/now-news.de\/de\/deutschland\/kiew-will-keine-ausnahmen-fuer-ungarische-minderheit-machen\/","title":{"rendered":"Kiew will keine Ausnahmen f\u00fcr ungarische Minderheit machen"},"content":{"rendered":"<p><img decoding=\"async\" src=\"http:\/\/just-now.news\/de\/wp-content\/uploads\/sites\/3\/2023\/11\/655f40eeb480cc34f4600aa3.jpg\" \/><\/p>\n<div class=\"Text-root Text-type_1 \">\n                Auf dem Weg in die Europ\u00e4ische Union wird die Ukraine der ungarischen Minderheit im Land keine Zugest\u00e4ndnisse &#8220;nach Budapests Laune&#8221; machen. Olga Stefanischina, die stellvertretende ukrainische Premierministerin, \u00e4u\u00dferte sich dazu in einem Interview.\n            <\/div>\n<p><\/p>\n<div class=\"Text-root Text-type_5 ArticleView-text ViewText-root \">\n<p>Bal\u00e1zs Orb\u00e1n, politischer Direktor des ungarischen Ministerpr\u00e4sidenten, erkl\u00e4rte j\u00fcngst, Budapest werde die Aufnahme von Verhandlungen mit Kiew \u00fcber einen EU-Beitritt blockieren, solange Ungarns Forderungen bez\u00fcglich der Unterrichtssprache f\u00fcr die ungarische Minderheit in der Ukraine nicht erf\u00fcllt seien. Olga Stefanischina, die als stellvertretende ukrainische Premierministerin f\u00fcr die europ\u00e4ische und euroatlantische Integration\u00a0des Landes zust\u00e4ndig ist, <a rel=\"nofollow noopener\" target=\"_blank\" href=\"https:\/\/www.pravda.com.ua\/rus\/news\/2023\/11\/22\/7429947\/\">\u00e4u\u00dferte<\/a> sich zu dem Thema in einem Interview mit der <em>Ukrainskaja Prawda<\/em> am Mittwoch.<\/p>\n<blockquote>\n<p><em>&#8220;Niemand wird f\u00fcr Ungarn besondere Ausnahmen in der Frage der nationalen Minderheiten machen. Wir haben auch rum\u00e4nische, griechische und bulgarische Minderheiten, aber in Budapest schreit man am lautesten, was keineswegs bedeutet, dass die ungarische Minderheit in der Ukraine besondere Probleme hat.&#8221;<\/em><\/p>\n<\/blockquote>\n<p>Im Jahr 2017 verabschiedete das ukrainische Parlament ein Bildungsgesetz, das die bestehenden Rechte ethnischer Minderheiten, darunter auch die ungarische, auf Unterricht in ihrer Muttersprache einschr\u00e4nkte. Zwei Jahre sp\u00e4ter wurde ein neues Staatssprachengesetz verabschiedet, das die ukrainische Sprache in allen Bereichen des \u00f6ffentlichen Lebens f\u00fcr obligatorisch erkl\u00e4rte.<\/p>\n<p>Laut Stefanischina w\u00fcrden politische Launen sowie \u00c4u\u00dferungen Kiew nicht dazu veranlassen, besondere Ans\u00e4tze hinsichtlich der ungarischen Minderheit zu entwickeln. Alle Minderheiten w\u00fcrden auf gleiche Weise behandelt, versicherte die Beamtin. Kiew f\u00fchre separate Verhandlungen beispielsweise mit Rum\u00e4nien, um die Kriterien der Europ\u00e4ischen Kommission f\u00fcr die Aufnahme von Beitrittsverhandlungen zur EU zu erf\u00fcllen. Die rum\u00e4nische Minderheit sei eine der gr\u00f6\u00dften in der Ukraine. Aus Bukarest gebe es keinen solchen Aufschrei wie vonseiten Budapests, betonte Stefanischina. Daher gehe sie davon aus, dass Ungarn \u00fcberhaupt kein politisches Interesse daran habe, mit dem Thema abzuschlie\u00dfen. Ihr zufolge will die Ukraine die Gesetzgebung zu nationalen Minderheiten vor allem unter Ber\u00fccksichtigung der Angelegenheiten des Bildungsprozesses \u00e4ndern.<\/p>\n<p>Zuvor hatte sich auch Ungarns Ministerpr\u00e4sident Viktor Orb\u00e1n deutlich gegen die Aufnahme von Verhandlungen \u00fcber einen EU-Beitritt der Ukraine ausgesprochen. Im staatlichen Rundfunk sagte Orb\u00e1n, dies sei die klare Haltung seines Landes. Auf dem EU-Gipfel Mitte Dezember wollen die Staats- und Regierungschefs der Mitgliedsl\u00e4nder dar\u00fcber entscheiden, ob sie die Ukraine zur Aufnahme von Beitrittsgespr\u00e4chen einladen, sobald das Land die Bedingungen hierf\u00fcr erf\u00fcllt hat. Eine solche Entscheidung k\u00f6nnen die 27 EU-Mitglieder jedoch nur einstimmig treffen.<\/p>\n<p><strong>Mehr yum Thema<\/strong> &#8211; <a rel=\"nofollow noopener\" target=\"_blank\" href=\"https:\/\/freedert.online\/europa\/187855-oesterreichs-aussenminister-schallenberg-keine-sonderbehandlung\/\">\u00d6sterreichs Au\u00dfenminister: Keine Sonderbehandlung f\u00fcr Ukraine bei EU-Beitritt<\/a><\/p>\n<\/div>\n<p><br \/>\n<br \/><a href=\"https:\/\/de.rt.com\/europa\/187875-kiew-will-keine-ausnahmen-fuer\/\">Source link <\/a><\/p>\n","protected":false},"excerpt":{"rendered":"<p>Auf dem Weg in die Europ\u00e4ische Union wird die Ukraine der ungarischen Minderheit im Land keine Zugest\u00e4ndnisse &#8220;nach Budapests Laune&#8221; machen. Olga Stefanischina, die stellvertretende ukrainische Premierministerin, \u00e4u\u00dferte sich dazu in einem Interview. Bal\u00e1zs Orb\u00e1n, politischer Direktor des ungarischen Ministerpr\u00e4sidenten, erkl\u00e4rte j\u00fcngst, Budapest werde die Aufnahme von Verhandlungen mit Kiew \u00fcber einen EU-Beitritt blockieren, solange [&hellip;]<\/p>\n","protected":false},"author":3,"featured_media":50266,"comment_status":"open","ping_status":"open","sticky":false,"template":"","format":"standard","meta":{"_yoast_indexnow_last_ping":["1700749436"],"wp_automatic_camp":["217"],"57adf0a375bef67f3be7cab182af117f":["Kiew will keine Ausnahmen f\u00fcr ungarische Minderheit machen"],"original_link":["https:\/\/de.rt.com\/europa\/187875-kiew-will-keine-ausnahmen-fuer\/"],"_thumbnail_id":["50266"],"_wptgpro_p2tg_sent2tg":["a:1:{i:23737;s:19:\"2023-11-23 16:25:05\";}"],"jnews_social_counter_last_update":["1777791454"]},"categories":[19,23],"tags":[36924,221,375,1025,3570,26398,39649],"yoast_head":"<!-- This site is optimized with the Yoast SEO Premium plugin v22.7 (Yoast SEO v22.7) - https:\/\/yoast.com\/wordpress\/plugins\/seo\/ -->\n<title>Kiew will keine Ausnahmen f\u00fcr ungarische Minderheit machen - just-now.NEWS Deutschland<\/title>\n<meta name=\"robots\" content=\"index, follow, max-snippet:-1, max-image-preview:large, max-video-preview:-1\" \/>\n<link rel=\"canonical\" href=\"https:\/\/now-news.de\/de\/deutschland\/kiew-will-keine-ausnahmen-fuer-ungarische-minderheit-machen\/\" \/>\n<meta property=\"og:locale\" content=\"de_DE\" \/>\n<meta property=\"og:type\" content=\"article\" \/>\n<meta property=\"og:title\" content=\"Kiew will keine Ausnahmen f\u00fcr ungarische Minderheit machen\" \/>\n<meta property=\"og:description\" content=\"Auf dem Weg in die Europ\u00e4ische Union wird die Ukraine der ungarischen Minderheit im Land keine Zugest\u00e4ndnisse &#8220;nach Budapests Laune&#8221; machen. Olga Stefanischina, die stellvertretende ukrainische Premierministerin, \u00e4u\u00dferte sich dazu in einem Interview. Bal\u00e1zs Orb\u00e1n, politischer Direktor des ungarischen Ministerpr\u00e4sidenten, erkl\u00e4rte j\u00fcngst, Budapest werde die Aufnahme von Verhandlungen mit Kiew \u00fcber einen EU-Beitritt blockieren, solange [&hellip;]\" \/>\n<meta property=\"og:url\" content=\"https:\/\/now-news.de\/de\/deutschland\/kiew-will-keine-ausnahmen-fuer-ungarische-minderheit-machen\/\" \/>\n<meta property=\"og:site_name\" content=\"just-now.NEWS Deutschland\" \/>\n<meta property=\"article:publisher\" content=\"https:\/\/www.facebook.com\/wirmachenauf\" \/>\n<meta property=\"article:published_time\" content=\"2023-11-23T12:55:02+00:00\" \/>\n<meta property=\"og:image\" content=\"https:\/\/now-news.de\/de\/wp-content\/uploads\/sites\/3\/2023\/11\/Kiew-will-keine-Ausnahmen-fuer-ungarische-Minderheit-machen.jpg\" \/>\n\t<meta property=\"og:image:width\" content=\"460\" \/>\n\t<meta property=\"og:image:height\" content=\"259\" \/>\n\t<meta property=\"og:image:type\" content=\"image\/jpeg\" \/>\n<meta name=\"author\" content=\"rtnews\" \/>\n<meta name=\"twitter:card\" content=\"summary_large_image\" \/>\n<meta name=\"twitter:creator\" content=\"@WirMachenAuf_de\" \/>\n<meta name=\"twitter:site\" content=\"@WirMachenAuf_de\" \/>\n<meta name=\"twitter:label1\" content=\"Verfasst von\" \/>\n\t<meta name=\"twitter:data1\" content=\"rtnews\" \/>\n\t<meta name=\"twitter:label2\" content=\"Gesch\u00e4tzte Lesezeit\" \/>\n\t<meta name=\"twitter:data2\" content=\"2\u00a0Minuten\" \/>\n<script type=\"application\/ld+json\" class=\"yoast-schema-graph\">{\"@context\":\"https:\/\/schema.org\",\"@graph\":[{\"@type\":\"Article\",\"@id\":\"https:\/\/now-news.de\/de\/deutschland\/kiew-will-keine-ausnahmen-fuer-ungarische-minderheit-machen\/#article\",\"isPartOf\":{\"@id\":\"https:\/\/now-news.de\/de\/deutschland\/kiew-will-keine-ausnahmen-fuer-ungarische-minderheit-machen\/\"},\"author\":{\"name\":\"rtnews\",\"@id\":\"https:\/\/now-news.de\/de\/#\/schema\/person\/fb534a4e865501d8b3285208df34a9b5\"},\"headline\":\"Kiew will keine Ausnahmen f\u00fcr ungarische Minderheit machen\",\"datePublished\":\"2023-11-23T12:55:02+00:00\",\"dateModified\":\"2023-11-23T12:55:02+00:00\",\"mainEntityOfPage\":{\"@id\":\"https:\/\/now-news.de\/de\/deutschland\/kiew-will-keine-ausnahmen-fuer-ungarische-minderheit-machen\/\"},\"wordCount\":438,\"commentCount\":0,\"publisher\":{\"@id\":\"https:\/\/now-news.de\/de\/#organization\"},\"image\":{\"@id\":\"https:\/\/now-news.de\/de\/deutschland\/kiew-will-keine-ausnahmen-fuer-ungarische-minderheit-machen\/#primaryimage\"},\"thumbnailUrl\":\"https:\/\/now-news.de\/de\/wp-content\/uploads\/sites\/3\/2023\/11\/Kiew-will-keine-Ausnahmen-fuer-ungarische-Minderheit-machen.jpg\",\"keywords\":[\"Ausnahmen\",\"f\u00fcr\",\"keine\",\"Kiew\",\"machen\",\"Minderheit\",\"ungarische\"],\"articleSection\":[\"Deutschland\",\"Russland\"],\"inLanguage\":\"de\",\"potentialAction\":[{\"@type\":\"CommentAction\",\"name\":\"Comment\",\"target\":[\"https:\/\/now-news.de\/de\/deutschland\/kiew-will-keine-ausnahmen-fuer-ungarische-minderheit-machen\/#respond\"]}]},{\"@type\":\"WebPage\",\"@id\":\"https:\/\/now-news.de\/de\/deutschland\/kiew-will-keine-ausnahmen-fuer-ungarische-minderheit-machen\/\",\"url\":\"https:\/\/now-news.de\/de\/deutschland\/kiew-will-keine-ausnahmen-fuer-ungarische-minderheit-machen\/\",\"name\":\"Kiew will keine Ausnahmen f\u00fcr ungarische Minderheit machen - just-now.NEWS Deutschland\",\"isPartOf\":{\"@id\":\"https:\/\/now-news.de\/de\/#website\"},\"primaryImageOfPage\":{\"@id\":\"https:\/\/now-news.de\/de\/deutschland\/kiew-will-keine-ausnahmen-fuer-ungarische-minderheit-machen\/#primaryimage\"},\"image\":{\"@id\":\"https:\/\/now-news.de\/de\/deutschland\/kiew-will-keine-ausnahmen-fuer-ungarische-minderheit-machen\/#primaryimage\"},\"thumbnailUrl\":\"https:\/\/now-news.de\/de\/wp-content\/uploads\/sites\/3\/2023\/11\/Kiew-will-keine-Ausnahmen-fuer-ungarische-Minderheit-machen.jpg\",\"datePublished\":\"2023-11-23T12:55:02+00:00\",\"dateModified\":\"2023-11-23T12:55:02+00:00\",\"breadcrumb\":{\"@id\":\"https:\/\/now-news.de\/de\/deutschland\/kiew-will-keine-ausnahmen-fuer-ungarische-minderheit-machen\/#breadcrumb\"},\"inLanguage\":\"de\",\"potentialAction\":[{\"@type\":\"ReadAction\",\"target\":[\"https:\/\/now-news.de\/de\/deutschland\/kiew-will-keine-ausnahmen-fuer-ungarische-minderheit-machen\/\"]}]},{\"@type\":\"ImageObject\",\"inLanguage\":\"de\",\"@id\":\"https:\/\/now-news.de\/de\/deutschland\/kiew-will-keine-ausnahmen-fuer-ungarische-minderheit-machen\/#primaryimage\",\"url\":\"https:\/\/now-news.de\/de\/wp-content\/uploads\/sites\/3\/2023\/11\/Kiew-will-keine-Ausnahmen-fuer-ungarische-Minderheit-machen.jpg\",\"contentUrl\":\"https:\/\/now-news.de\/de\/wp-content\/uploads\/sites\/3\/2023\/11\/Kiew-will-keine-Ausnahmen-fuer-ungarische-Minderheit-machen.jpg\",\"width\":460,\"height\":259,\"caption\":\"Kiew will keine Ausnahmen f\u00fcr ungarische Minderheit machen\"},{\"@type\":\"BreadcrumbList\",\"@id\":\"https:\/\/now-news.de\/de\/deutschland\/kiew-will-keine-ausnahmen-fuer-ungarische-minderheit-machen\/#breadcrumb\",\"itemListElement\":[{\"@type\":\"ListItem\",\"position\":1,\"name\":\"Home\",\"item\":\"https:\/\/now-news.de\/de\/\"},{\"@type\":\"ListItem\",\"position\":2,\"name\":\"Kiew will keine Ausnahmen f\u00fcr ungarische Minderheit machen\"}]},{\"@type\":\"WebSite\",\"@id\":\"https:\/\/now-news.de\/de\/#website\",\"url\":\"https:\/\/now-news.de\/de\/\",\"name\":\"just-now.NEWS Deutschland\",\"description\":\"Das Portal f\u00fcr unzensierte Nachrichten aus der Welt\",\"publisher\":{\"@id\":\"https:\/\/now-news.de\/de\/#organization\"},\"potentialAction\":[{\"@type\":\"SearchAction\",\"target\":{\"@type\":\"EntryPoint\",\"urlTemplate\":\"https:\/\/now-news.de\/de\/?s={search_term_string}\"},\"query-input\":\"required name=search_term_string\"}],\"inLanguage\":\"de\"},{\"@type\":\"Organization\",\"@id\":\"https:\/\/now-news.de\/de\/#organization\",\"name\":\"Just Now News\",\"url\":\"https:\/\/now-news.de\/de\/\",\"logo\":{\"@type\":\"ImageObject\",\"inLanguage\":\"de\",\"@id\":\"https:\/\/now-news.de\/de\/#\/schema\/logo\/image\/\",\"url\":\"http:\/\/just-now.news\/de\/wp-content\/uploads\/sites\/3\/2022\/04\/logo500x500.jpg\",\"contentUrl\":\"http:\/\/just-now.news\/de\/wp-content\/uploads\/sites\/3\/2022\/04\/logo500x500.jpg\",\"width\":500,\"height\":500,\"caption\":\"Just Now News\"},\"image\":{\"@id\":\"https:\/\/now-news.de\/de\/#\/schema\/logo\/image\/\"},\"sameAs\":[\"https:\/\/www.facebook.com\/wirmachenauf\",\"https:\/\/x.com\/WirMachenAuf_de\"]},{\"@type\":\"Person\",\"@id\":\"https:\/\/now-news.de\/de\/#\/schema\/person\/fb534a4e865501d8b3285208df34a9b5\",\"name\":\"rtnews\",\"image\":{\"@type\":\"ImageObject\",\"inLanguage\":\"de\",\"@id\":\"https:\/\/now-news.de\/de\/#\/schema\/person\/image\/\",\"url\":\"https:\/\/secure.gravatar.com\/avatar\/82aafea7d8127119dd649515f56e2117?s=96&d=mm&r=g\",\"contentUrl\":\"https:\/\/secure.gravatar.com\/avatar\/82aafea7d8127119dd649515f56e2117?s=96&d=mm&r=g\",\"caption\":\"rtnews\"},\"url\":\"https:\/\/now-news.de\/de\/author\/rnews\/\"}]}<\/script>\n<!-- \/ Yoast SEO Premium plugin. -->","yoast_head_json":{"title":"Kiew will keine Ausnahmen f\u00fcr ungarische Minderheit machen - just-now.NEWS Deutschland","robots":{"index":"index","follow":"follow","max-snippet":"max-snippet:-1","max-image-preview":"max-image-preview:large","max-video-preview":"max-video-preview:-1"},"canonical":"https:\/\/now-news.de\/de\/deutschland\/kiew-will-keine-ausnahmen-fuer-ungarische-minderheit-machen\/","og_locale":"de_DE","og_type":"article","og_title":"Kiew will keine Ausnahmen f\u00fcr ungarische Minderheit machen","og_description":"Auf dem Weg in die Europ\u00e4ische Union wird die Ukraine der ungarischen Minderheit im Land keine Zugest\u00e4ndnisse &#8220;nach Budapests Laune&#8221; machen. Olga Stefanischina, die stellvertretende ukrainische Premierministerin, \u00e4u\u00dferte sich dazu in einem Interview. Bal\u00e1zs Orb\u00e1n, politischer Direktor des ungarischen Ministerpr\u00e4sidenten, erkl\u00e4rte j\u00fcngst, Budapest werde die Aufnahme von Verhandlungen mit Kiew \u00fcber einen EU-Beitritt blockieren, solange [&hellip;]","og_url":"https:\/\/now-news.de\/de\/deutschland\/kiew-will-keine-ausnahmen-fuer-ungarische-minderheit-machen\/","og_site_name":"just-now.NEWS Deutschland","article_publisher":"https:\/\/www.facebook.com\/wirmachenauf","article_published_time":"2023-11-23T12:55:02+00:00","og_image":[{"width":460,"height":259,"url":"https:\/\/now-news.de\/de\/wp-content\/uploads\/sites\/3\/2023\/11\/Kiew-will-keine-Ausnahmen-fuer-ungarische-Minderheit-machen.jpg","type":"image\/jpeg"}],"author":"rtnews","twitter_card":"summary_large_image","twitter_creator":"@WirMachenAuf_de","twitter_site":"@WirMachenAuf_de","twitter_misc":{"Verfasst von":"rtnews","Gesch\u00e4tzte Lesezeit":"2\u00a0Minuten"},"schema":{"@context":"https:\/\/schema.org","@graph":[{"@type":"Article","@id":"https:\/\/now-news.de\/de\/deutschland\/kiew-will-keine-ausnahmen-fuer-ungarische-minderheit-machen\/#article","isPartOf":{"@id":"https:\/\/now-news.de\/de\/deutschland\/kiew-will-keine-ausnahmen-fuer-ungarische-minderheit-machen\/"},"author":{"name":"rtnews","@id":"https:\/\/now-news.de\/de\/#\/schema\/person\/fb534a4e865501d8b3285208df34a9b5"},"headline":"Kiew will keine Ausnahmen f\u00fcr ungarische Minderheit machen","datePublished":"2023-11-23T12:55:02+00:00","dateModified":"2023-11-23T12:55:02+00:00","mainEntityOfPage":{"@id":"https:\/\/now-news.de\/de\/deutschland\/kiew-will-keine-ausnahmen-fuer-ungarische-minderheit-machen\/"},"wordCount":438,"commentCount":0,"publisher":{"@id":"https:\/\/now-news.de\/de\/#organization"},"image":{"@id":"https:\/\/now-news.de\/de\/deutschland\/kiew-will-keine-ausnahmen-fuer-ungarische-minderheit-machen\/#primaryimage"},"thumbnailUrl":"https:\/\/now-news.de\/de\/wp-content\/uploads\/sites\/3\/2023\/11\/Kiew-will-keine-Ausnahmen-fuer-ungarische-Minderheit-machen.jpg","keywords":["Ausnahmen","f\u00fcr","keine","Kiew","machen","Minderheit","ungarische"],"articleSection":["Deutschland","Russland"],"inLanguage":"de","potentialAction":[{"@type":"CommentAction","name":"Comment","target":["https:\/\/now-news.de\/de\/deutschland\/kiew-will-keine-ausnahmen-fuer-ungarische-minderheit-machen\/#respond"]}]},{"@type":"WebPage","@id":"https:\/\/now-news.de\/de\/deutschland\/kiew-will-keine-ausnahmen-fuer-ungarische-minderheit-machen\/","url":"https:\/\/now-news.de\/de\/deutschland\/kiew-will-keine-ausnahmen-fuer-ungarische-minderheit-machen\/","name":"Kiew will keine Ausnahmen f\u00fcr ungarische Minderheit machen - just-now.NEWS Deutschland","isPartOf":{"@id":"https:\/\/now-news.de\/de\/#website"},"primaryImageOfPage":{"@id":"https:\/\/now-news.de\/de\/deutschland\/kiew-will-keine-ausnahmen-fuer-ungarische-minderheit-machen\/#primaryimage"},"image":{"@id":"https:\/\/now-news.de\/de\/deutschland\/kiew-will-keine-ausnahmen-fuer-ungarische-minderheit-machen\/#primaryimage"},"thumbnailUrl":"https:\/\/now-news.de\/de\/wp-content\/uploads\/sites\/3\/2023\/11\/Kiew-will-keine-Ausnahmen-fuer-ungarische-Minderheit-machen.jpg","datePublished":"2023-11-23T12:55:02+00:00","dateModified":"2023-11-23T12:55:02+00:00","breadcrumb":{"@id":"https:\/\/now-news.de\/de\/deutschland\/kiew-will-keine-ausnahmen-fuer-ungarische-minderheit-machen\/#breadcrumb"},"inLanguage":"de","potentialAction":[{"@type":"ReadAction","target":["https:\/\/now-news.de\/de\/deutschland\/kiew-will-keine-ausnahmen-fuer-ungarische-minderheit-machen\/"]}]},{"@type":"ImageObject","inLanguage":"de","@id":"https:\/\/now-news.de\/de\/deutschland\/kiew-will-keine-ausnahmen-fuer-ungarische-minderheit-machen\/#primaryimage","url":"https:\/\/now-news.de\/de\/wp-content\/uploads\/sites\/3\/2023\/11\/Kiew-will-keine-Ausnahmen-fuer-ungarische-Minderheit-machen.jpg","contentUrl":"https:\/\/now-news.de\/de\/wp-content\/uploads\/sites\/3\/2023\/11\/Kiew-will-keine-Ausnahmen-fuer-ungarische-Minderheit-machen.jpg","width":460,"height":259,"caption":"Kiew will keine Ausnahmen f\u00fcr ungarische Minderheit machen"},{"@type":"BreadcrumbList","@id":"https:\/\/now-news.de\/de\/deutschland\/kiew-will-keine-ausnahmen-fuer-ungarische-minderheit-machen\/#breadcrumb","itemListElement":[{"@type":"ListItem","position":1,"name":"Home","item":"https:\/\/now-news.de\/de\/"},{"@type":"ListItem","position":2,"name":"Kiew will keine Ausnahmen f\u00fcr ungarische Minderheit machen"}]},{"@type":"WebSite","@id":"https:\/\/now-news.de\/de\/#website","url":"https:\/\/now-news.de\/de\/","name":"just-now.NEWS Deutschland","description":"Das Portal f\u00fcr unzensierte Nachrichten aus der Welt","publisher":{"@id":"https:\/\/now-news.de\/de\/#organization"},"potentialAction":[{"@type":"SearchAction","target":{"@type":"EntryPoint","urlTemplate":"https:\/\/now-news.de\/de\/?s={search_term_string}"},"query-input":"required name=search_term_string"}],"inLanguage":"de"},{"@type":"Organization","@id":"https:\/\/now-news.de\/de\/#organization","name":"Just Now News","url":"https:\/\/now-news.de\/de\/","logo":{"@type":"ImageObject","inLanguage":"de","@id":"https:\/\/now-news.de\/de\/#\/schema\/logo\/image\/","url":"http:\/\/just-now.news\/de\/wp-content\/uploads\/sites\/3\/2022\/04\/logo500x500.jpg","contentUrl":"http:\/\/just-now.news\/de\/wp-content\/uploads\/sites\/3\/2022\/04\/logo500x500.jpg","width":500,"height":500,"caption":"Just Now News"},"image":{"@id":"https:\/\/now-news.de\/de\/#\/schema\/logo\/image\/"},"sameAs":["https:\/\/www.facebook.com\/wirmachenauf","https:\/\/x.com\/WirMachenAuf_de"]},{"@type":"Person","@id":"https:\/\/now-news.de\/de\/#\/schema\/person\/fb534a4e865501d8b3285208df34a9b5","name":"rtnews","image":{"@type":"ImageObject","inLanguage":"de","@id":"https:\/\/now-news.de\/de\/#\/schema\/person\/image\/","url":"https:\/\/secure.gravatar.com\/avatar\/82aafea7d8127119dd649515f56e2117?s=96&d=mm&r=g","contentUrl":"https:\/\/secure.gravatar.com\/avatar\/82aafea7d8127119dd649515f56e2117?s=96&d=mm&r=g","caption":"rtnews"},"url":"https:\/\/now-news.de\/de\/author\/rnews\/"}]}},"_links":{"self":[{"href":"https:\/\/now-news.de\/de\/wp-json\/wp\/v2\/posts\/50265"}],"collection":[{"href":"https:\/\/now-news.de\/de\/wp-json\/wp\/v2\/posts"}],"about":[{"href":"https:\/\/now-news.de\/de\/wp-json\/wp\/v2\/types\/post"}],"author":[{"embeddable":true,"href":"https:\/\/now-news.de\/de\/wp-json\/wp\/v2\/users\/3"}],"replies":[{"embeddable":true,"href":"https:\/\/now-news.de\/de\/wp-json\/wp\/v2\/comments?post=50265"}],"version-history":[{"count":0,"href":"https:\/\/now-news.de\/de\/wp-json\/wp\/v2\/posts\/50265\/revisions"}],"wp:featuredmedia":[{"embeddable":true,"href":"https:\/\/now-news.de\/de\/wp-json\/wp\/v2\/media\/50266"}],"wp:attachment":[{"href":"https:\/\/now-news.de\/de\/wp-json\/wp\/v2\/media?parent=50265"}],"wp:term":[{"taxonomy":"category","embeddable":true,"href":"https:\/\/now-news.de\/de\/wp-json\/wp\/v2\/categories?post=50265"},{"taxonomy":"post_tag","embeddable":true,"href":"https:\/\/now-news.de\/de\/wp-json\/wp\/v2\/tags?post=50265"}],"curies":[{"name":"wp","href":"https:\/\/api.w.org\/{rel}","templated":true}]}}