{"id":50240,"date":"2023-11-23T12:13:14","date_gmt":"2023-11-23T10:13:14","guid":{"rendered":"https:\/\/just-now.news\/de\/deutschland\/oesterreichs-aussenminister-keine-sonderbehandlung-fuer-ukraine-bei-eu-beitritt\/"},"modified":"2023-11-23T12:13:14","modified_gmt":"2023-11-23T10:13:14","slug":"oesterreichs-aussenminister-keine-sonderbehandlung-fuer-ukraine-bei-eu-beitritt","status":"publish","type":"post","link":"https:\/\/now-news.de\/de\/deutschland\/oesterreichs-aussenminister-keine-sonderbehandlung-fuer-ukraine-bei-eu-beitritt\/","title":{"rendered":"\u00d6sterreichs Au\u00dfenminister: Keine Sonderbehandlung f\u00fcr Ukraine bei EU-Beitritt"},"content":{"rendered":"<p><img decoding=\"async\" src=\"http:\/\/just-now.news\/de\/wp-content\/uploads\/sites\/3\/2023\/11\/655f1a40b480cc75fb5910a0.jpg\" \/><\/p>\n<div class=\"Text-root Text-type_1 \">\n                In einem Interview ruft \u00d6sterreichs Au\u00dfenminister Alexander Schallenberg Br\u00fcssel dazu auf, der Ukraine keinen Vorrang gegen\u00fcber dem Westbalkan bei der Entscheidung \u00fcber den EU-Beitritt zu geben.\n            <\/div>\n<p><\/p>\n<div class=\"Text-root Text-type_5 ArticleView-text ViewText-root \">\n<p>Die Staats- und Regierungschefs der EU sollten die Ukraine hinsichtlich der Aufnahme von Beitrittsverhandlungen nicht bevorzugt behandeln. Dies <a rel=\"nofollow noopener\" target=\"_blank\" href=\"https:\/\/www.ft.com\/content\/5270c7c9-5712-481a-ba5f-be7678ef0469\">erkl\u00e4rte<\/a> der \u00f6sterreichische Au\u00dfenminister Alexander Schallenberg in einem Interview mit der <em>Financial Times<\/em>. Ihm zufolge w\u00e4re es &#8220;eine geostrategische Katastrophe&#8221;, wenn die EU-Kommission &#8220;den Westbalkan mit der Lupe und die Ukraine mit der rosaroten Brille&#8221; betrachte.<\/p>\n<p>Angesprochen darauf, ob Wien ein Veto gegen die Beitrittsgespr\u00e4che mit der Ukraine erw\u00e4ge, wenn den Verhandlungen bez\u00fcglich Bosnien und Herzegowina nicht ebenfalls gr\u00fcnes Licht gegeben werde, sagte Schallenberg, die Diskussionen w\u00fcrden &#8220;bereits in die richtige Richtung gehen&#8221;. Mit Blick auf Bosnien und Herzegowina sagte er an die EU adressiert:\u00a0<\/p>\n<blockquote>\n<p><em>&#8220;Schaffen wir kein Problem in der Region, die seit 20 Jahren wartet, indem wird sie zu einem weiteren H\u00fcrdenlauf bitten. Wie der albanische Premierminister Edi Rama sagte, wenn ich ihn richtig zitiere, m\u00fcssen wir dann einen Krieg auf dem Balkan beginnen, um Ihre Aufmerksamkeit zu erregen?&#8221;<\/em><\/p>\n<\/blockquote>\n<p>Es sei wichtig, so der Au\u00dfenminister, die Ukraine sowie Bosnien und Herzegowina an die Europ\u00e4ische Union zu binden, um dem Einfluss Russlands auf diese Staaten entgegenzuwirken. Br\u00fcssel d\u00fcrfe nicht zulassen, dass Russland und China ihren Einfluss in der Region ausbauten, auch nicht durch Infrastrukturprojekte. Diese sollten Schallenberg zufolge von der EU finanziert werden.<\/p>\n<p>Bez\u00fcglich der EU-Beitrittsverhandlungen beider L\u00e4nder stellte er fest:<\/p>\n<blockquote>\n<p><em>&#8220;Es wird eine sehr hitzige Debatte geben und wir wollen aus geostrategischen Gr\u00fcnden, dass die Signale in beide Richtungen gleich sind.&#8221;<\/em><\/p>\n<\/blockquote>\n<p>Zudem m\u00fcsse man ein Signal an Dritte senden. Schallenberg spielte damit auf Serbien an, das 2014 offiziell seine EU-Beitrittsverhandlungen aufgenommen habe und bisher keine Erfolge melden k\u00f6nne. Hierzu gab der Au\u00dfenminister an, dass es in Serbien zum ersten Mal Umfragen gebe, bei denen die Bev\u00f6lkerung mehrheitlich nicht mehr f\u00fcr die Europ\u00e4ische Union sei.<\/p>\n<blockquote>\n<p><em>&#8220;Das sollte bei uns alle Alarmglocken schrillen lassen. Wir verlieren sie.&#8221;<\/em><\/p>\n<\/blockquote>\n<p>Auf dem Gipfeltreffen in Br\u00fcssel am 14. und 15. Dezember werden die Staats- und Regierungschefs der EU-Mitgliedsstaaten entscheiden, ob die Ukraine offizielle Beitrittsgespr\u00e4che f\u00fchren darf. Ungarn gilt jedoch als das Haupthindernis f\u00fcr Kiews EU-Ambitionen. Premierminister Viktor Orb\u00e1n erkl\u00e4rte in diesem Monat, die Ukraine sei &#8220;in keiner Weise f\u00e4hig&#8221;, der EU beizutreten. Er wies allerdings Behauptungen zur\u00fcck, Budapests\u00a0Einw\u00e4nde st\u00fcnden im Zusammenhang mit dem Protest gegen die Zur\u00fcckhaltung von Geldern durch die EU wegen angeblicher Rechts- und Menschenrechtsverletzungen.<\/p>\n<p><strong>Mehr zum Thema<\/strong> &#8211; <a rel=\"nofollow noopener\" target=\"_blank\" href=\"https:\/\/freedert.online\/international\/187688-eu-ratspraesident-michel-daempft-erwartungen-der-ukraine\/\">EU-Ratspr\u00e4sident Michel d\u00e4mpft Erwartungen der Ukraine<\/a><\/p>\n<\/div>\n<p><br \/>\n<br \/><a href=\"https:\/\/de.rt.com\/europa\/187855-oesterreichs-aussenminister-schallenberg-keine-sonderbehandlung\/\">Source link <\/a><\/p>\n","protected":false},"excerpt":{"rendered":"<p>In einem Interview ruft \u00d6sterreichs Au\u00dfenminister Alexander Schallenberg Br\u00fcssel dazu auf, der Ukraine keinen Vorrang gegen\u00fcber dem Westbalkan bei der Entscheidung \u00fcber den EU-Beitritt zu geben. Die Staats- und Regierungschefs der EU sollten die Ukraine hinsichtlich der Aufnahme von Beitrittsverhandlungen nicht bevorzugt behandeln. Dies erkl\u00e4rte der \u00f6sterreichische Au\u00dfenminister Alexander Schallenberg in einem Interview mit der [&hellip;]<\/p>\n","protected":false},"author":3,"featured_media":50241,"comment_status":"open","ping_status":"open","sticky":false,"template":"","format":"standard","meta":{"_yoast_indexnow_last_ping":["1700734926"],"wp_automatic_camp":["217"],"d8844595c36a056d705d69a195604b91":["\u00d6sterreichs Au\u00dfenminister: Keine Sonderbehandlung f\u00fcr Ukraine bei EU-Beitritt"],"original_link":["https:\/\/de.rt.com\/europa\/187855-oesterreichs-aussenminister-schallenberg-keine-sonderbehandlung\/"],"_thumbnail_id":["50241"],"_wptgpro_p2tg_sent2tg":["a:1:{i:23737;s:19:\"2023-11-23 12:23:31\";}"],"jnews_social_counter_last_update":["1777691655"]},"categories":[19,23],"tags":[13830,363,19540,221,375,8354,50901,127],"yoast_head":"<!-- This site is optimized with the Yoast SEO Premium plugin v22.7 (Yoast SEO v22.7) - https:\/\/yoast.com\/wordpress\/plugins\/seo\/ -->\n<title>\u00d6sterreichs Au\u00dfenminister: Keine Sonderbehandlung f\u00fcr Ukraine bei EU-Beitritt - just-now.NEWS Deutschland<\/title>\n<meta name=\"robots\" content=\"index, follow, max-snippet:-1, max-image-preview:large, max-video-preview:-1\" \/>\n<link rel=\"canonical\" href=\"https:\/\/now-news.de\/de\/deutschland\/oesterreichs-aussenminister-keine-sonderbehandlung-fuer-ukraine-bei-eu-beitritt\/\" \/>\n<meta property=\"og:locale\" content=\"de_DE\" \/>\n<meta property=\"og:type\" content=\"article\" \/>\n<meta property=\"og:title\" content=\"\u00d6sterreichs Au\u00dfenminister: Keine Sonderbehandlung f\u00fcr Ukraine bei EU-Beitritt\" \/>\n<meta property=\"og:description\" content=\"In einem Interview ruft \u00d6sterreichs Au\u00dfenminister Alexander Schallenberg Br\u00fcssel dazu auf, der Ukraine keinen Vorrang gegen\u00fcber dem Westbalkan bei der Entscheidung \u00fcber den EU-Beitritt zu geben. Die Staats- und Regierungschefs der EU sollten die Ukraine hinsichtlich der Aufnahme von Beitrittsverhandlungen nicht bevorzugt behandeln. Dies erkl\u00e4rte der \u00f6sterreichische Au\u00dfenminister Alexander Schallenberg in einem Interview mit der [&hellip;]\" \/>\n<meta property=\"og:url\" content=\"https:\/\/now-news.de\/de\/deutschland\/oesterreichs-aussenminister-keine-sonderbehandlung-fuer-ukraine-bei-eu-beitritt\/\" \/>\n<meta property=\"og:site_name\" content=\"just-now.NEWS Deutschland\" \/>\n<meta property=\"article:publisher\" content=\"https:\/\/www.facebook.com\/wirmachenauf\" \/>\n<meta property=\"article:published_time\" content=\"2023-11-23T10:13:14+00:00\" \/>\n<meta property=\"og:image\" content=\"https:\/\/now-news.de\/de\/wp-content\/uploads\/sites\/3\/2023\/11\/Oesterreichs-Aussenminister-Keine-Sonderbehandlung-fuer-Ukraine-bei-EU-Beitritt.jpg\" \/>\n\t<meta property=\"og:image:width\" content=\"460\" \/>\n\t<meta property=\"og:image:height\" content=\"259\" \/>\n\t<meta property=\"og:image:type\" content=\"image\/jpeg\" \/>\n<meta name=\"author\" content=\"rtnews\" \/>\n<meta name=\"twitter:card\" content=\"summary_large_image\" \/>\n<meta name=\"twitter:creator\" content=\"@WirMachenAuf_de\" \/>\n<meta name=\"twitter:site\" content=\"@WirMachenAuf_de\" \/>\n<meta name=\"twitter:label1\" content=\"Verfasst von\" \/>\n\t<meta name=\"twitter:data1\" content=\"rtnews\" \/>\n\t<meta name=\"twitter:label2\" content=\"Gesch\u00e4tzte Lesezeit\" \/>\n\t<meta name=\"twitter:data2\" content=\"2\u00a0Minuten\" \/>\n<script type=\"application\/ld+json\" class=\"yoast-schema-graph\">{\"@context\":\"https:\/\/schema.org\",\"@graph\":[{\"@type\":\"Article\",\"@id\":\"https:\/\/now-news.de\/de\/deutschland\/oesterreichs-aussenminister-keine-sonderbehandlung-fuer-ukraine-bei-eu-beitritt\/#article\",\"isPartOf\":{\"@id\":\"https:\/\/now-news.de\/de\/deutschland\/oesterreichs-aussenminister-keine-sonderbehandlung-fuer-ukraine-bei-eu-beitritt\/\"},\"author\":{\"name\":\"rtnews\",\"@id\":\"https:\/\/now-news.de\/de\/#\/schema\/person\/fb534a4e865501d8b3285208df34a9b5\"},\"headline\":\"\u00d6sterreichs Au\u00dfenminister: Keine Sonderbehandlung f\u00fcr Ukraine bei EU-Beitritt\",\"datePublished\":\"2023-11-23T10:13:14+00:00\",\"dateModified\":\"2023-11-23T10:13:14+00:00\",\"mainEntityOfPage\":{\"@id\":\"https:\/\/now-news.de\/de\/deutschland\/oesterreichs-aussenminister-keine-sonderbehandlung-fuer-ukraine-bei-eu-beitritt\/\"},\"wordCount\":456,\"commentCount\":0,\"publisher\":{\"@id\":\"https:\/\/now-news.de\/de\/#organization\"},\"image\":{\"@id\":\"https:\/\/now-news.de\/de\/deutschland\/oesterreichs-aussenminister-keine-sonderbehandlung-fuer-ukraine-bei-eu-beitritt\/#primaryimage\"},\"thumbnailUrl\":\"https:\/\/now-news.de\/de\/wp-content\/uploads\/sites\/3\/2023\/11\/Oesterreichs-Aussenminister-Keine-Sonderbehandlung-fuer-Ukraine-bei-EU-Beitritt.jpg\",\"keywords\":[\"Au\u00dfenminister\",\"bei\",\"EUBeitritt\",\"f\u00fcr\",\"keine\",\"\u00d6sterreichs\",\"Sonderbehandlung\",\"ukraine\"],\"articleSection\":[\"Deutschland\",\"Russland\"],\"inLanguage\":\"de\",\"potentialAction\":[{\"@type\":\"CommentAction\",\"name\":\"Comment\",\"target\":[\"https:\/\/now-news.de\/de\/deutschland\/oesterreichs-aussenminister-keine-sonderbehandlung-fuer-ukraine-bei-eu-beitritt\/#respond\"]}]},{\"@type\":\"WebPage\",\"@id\":\"https:\/\/now-news.de\/de\/deutschland\/oesterreichs-aussenminister-keine-sonderbehandlung-fuer-ukraine-bei-eu-beitritt\/\",\"url\":\"https:\/\/now-news.de\/de\/deutschland\/oesterreichs-aussenminister-keine-sonderbehandlung-fuer-ukraine-bei-eu-beitritt\/\",\"name\":\"\u00d6sterreichs Au\u00dfenminister: Keine Sonderbehandlung f\u00fcr Ukraine bei EU-Beitritt - just-now.NEWS Deutschland\",\"isPartOf\":{\"@id\":\"https:\/\/now-news.de\/de\/#website\"},\"primaryImageOfPage\":{\"@id\":\"https:\/\/now-news.de\/de\/deutschland\/oesterreichs-aussenminister-keine-sonderbehandlung-fuer-ukraine-bei-eu-beitritt\/#primaryimage\"},\"image\":{\"@id\":\"https:\/\/now-news.de\/de\/deutschland\/oesterreichs-aussenminister-keine-sonderbehandlung-fuer-ukraine-bei-eu-beitritt\/#primaryimage\"},\"thumbnailUrl\":\"https:\/\/now-news.de\/de\/wp-content\/uploads\/sites\/3\/2023\/11\/Oesterreichs-Aussenminister-Keine-Sonderbehandlung-fuer-Ukraine-bei-EU-Beitritt.jpg\",\"datePublished\":\"2023-11-23T10:13:14+00:00\",\"dateModified\":\"2023-11-23T10:13:14+00:00\",\"breadcrumb\":{\"@id\":\"https:\/\/now-news.de\/de\/deutschland\/oesterreichs-aussenminister-keine-sonderbehandlung-fuer-ukraine-bei-eu-beitritt\/#breadcrumb\"},\"inLanguage\":\"de\",\"potentialAction\":[{\"@type\":\"ReadAction\",\"target\":[\"https:\/\/now-news.de\/de\/deutschland\/oesterreichs-aussenminister-keine-sonderbehandlung-fuer-ukraine-bei-eu-beitritt\/\"]}]},{\"@type\":\"ImageObject\",\"inLanguage\":\"de\",\"@id\":\"https:\/\/now-news.de\/de\/deutschland\/oesterreichs-aussenminister-keine-sonderbehandlung-fuer-ukraine-bei-eu-beitritt\/#primaryimage\",\"url\":\"https:\/\/now-news.de\/de\/wp-content\/uploads\/sites\/3\/2023\/11\/Oesterreichs-Aussenminister-Keine-Sonderbehandlung-fuer-Ukraine-bei-EU-Beitritt.jpg\",\"contentUrl\":\"https:\/\/now-news.de\/de\/wp-content\/uploads\/sites\/3\/2023\/11\/Oesterreichs-Aussenminister-Keine-Sonderbehandlung-fuer-Ukraine-bei-EU-Beitritt.jpg\",\"width\":460,\"height\":259,\"caption\":\"\u00d6sterreichs Au\u00dfenminister: Keine Sonderbehandlung f\u00fcr Ukraine bei EU-Beitritt\"},{\"@type\":\"BreadcrumbList\",\"@id\":\"https:\/\/now-news.de\/de\/deutschland\/oesterreichs-aussenminister-keine-sonderbehandlung-fuer-ukraine-bei-eu-beitritt\/#breadcrumb\",\"itemListElement\":[{\"@type\":\"ListItem\",\"position\":1,\"name\":\"Home\",\"item\":\"https:\/\/now-news.de\/de\/\"},{\"@type\":\"ListItem\",\"position\":2,\"name\":\"\u00d6sterreichs Au\u00dfenminister: Keine Sonderbehandlung f\u00fcr Ukraine bei EU-Beitritt\"}]},{\"@type\":\"WebSite\",\"@id\":\"https:\/\/now-news.de\/de\/#website\",\"url\":\"https:\/\/now-news.de\/de\/\",\"name\":\"just-now.NEWS Deutschland\",\"description\":\"Das Portal f\u00fcr unzensierte Nachrichten aus der Welt\",\"publisher\":{\"@id\":\"https:\/\/now-news.de\/de\/#organization\"},\"potentialAction\":[{\"@type\":\"SearchAction\",\"target\":{\"@type\":\"EntryPoint\",\"urlTemplate\":\"https:\/\/now-news.de\/de\/?s={search_term_string}\"},\"query-input\":\"required name=search_term_string\"}],\"inLanguage\":\"de\"},{\"@type\":\"Organization\",\"@id\":\"https:\/\/now-news.de\/de\/#organization\",\"name\":\"Just Now News\",\"url\":\"https:\/\/now-news.de\/de\/\",\"logo\":{\"@type\":\"ImageObject\",\"inLanguage\":\"de\",\"@id\":\"https:\/\/now-news.de\/de\/#\/schema\/logo\/image\/\",\"url\":\"http:\/\/just-now.news\/de\/wp-content\/uploads\/sites\/3\/2022\/04\/logo500x500.jpg\",\"contentUrl\":\"http:\/\/just-now.news\/de\/wp-content\/uploads\/sites\/3\/2022\/04\/logo500x500.jpg\",\"width\":500,\"height\":500,\"caption\":\"Just Now News\"},\"image\":{\"@id\":\"https:\/\/now-news.de\/de\/#\/schema\/logo\/image\/\"},\"sameAs\":[\"https:\/\/www.facebook.com\/wirmachenauf\",\"https:\/\/x.com\/WirMachenAuf_de\"]},{\"@type\":\"Person\",\"@id\":\"https:\/\/now-news.de\/de\/#\/schema\/person\/fb534a4e865501d8b3285208df34a9b5\",\"name\":\"rtnews\",\"image\":{\"@type\":\"ImageObject\",\"inLanguage\":\"de\",\"@id\":\"https:\/\/now-news.de\/de\/#\/schema\/person\/image\/\",\"url\":\"https:\/\/secure.gravatar.com\/avatar\/82aafea7d8127119dd649515f56e2117?s=96&d=mm&r=g\",\"contentUrl\":\"https:\/\/secure.gravatar.com\/avatar\/82aafea7d8127119dd649515f56e2117?s=96&d=mm&r=g\",\"caption\":\"rtnews\"},\"url\":\"https:\/\/now-news.de\/de\/author\/rnews\/\"}]}<\/script>\n<!-- \/ Yoast SEO Premium plugin. -->","yoast_head_json":{"title":"\u00d6sterreichs Au\u00dfenminister: Keine Sonderbehandlung f\u00fcr Ukraine bei EU-Beitritt - just-now.NEWS Deutschland","robots":{"index":"index","follow":"follow","max-snippet":"max-snippet:-1","max-image-preview":"max-image-preview:large","max-video-preview":"max-video-preview:-1"},"canonical":"https:\/\/now-news.de\/de\/deutschland\/oesterreichs-aussenminister-keine-sonderbehandlung-fuer-ukraine-bei-eu-beitritt\/","og_locale":"de_DE","og_type":"article","og_title":"\u00d6sterreichs Au\u00dfenminister: Keine Sonderbehandlung f\u00fcr Ukraine bei EU-Beitritt","og_description":"In einem Interview ruft \u00d6sterreichs Au\u00dfenminister Alexander Schallenberg Br\u00fcssel dazu auf, der Ukraine keinen Vorrang gegen\u00fcber dem Westbalkan bei der Entscheidung \u00fcber den EU-Beitritt zu geben. Die Staats- und Regierungschefs der EU sollten die Ukraine hinsichtlich der Aufnahme von Beitrittsverhandlungen nicht bevorzugt behandeln. Dies erkl\u00e4rte der \u00f6sterreichische Au\u00dfenminister Alexander Schallenberg in einem Interview mit der [&hellip;]","og_url":"https:\/\/now-news.de\/de\/deutschland\/oesterreichs-aussenminister-keine-sonderbehandlung-fuer-ukraine-bei-eu-beitritt\/","og_site_name":"just-now.NEWS Deutschland","article_publisher":"https:\/\/www.facebook.com\/wirmachenauf","article_published_time":"2023-11-23T10:13:14+00:00","og_image":[{"width":460,"height":259,"url":"https:\/\/now-news.de\/de\/wp-content\/uploads\/sites\/3\/2023\/11\/Oesterreichs-Aussenminister-Keine-Sonderbehandlung-fuer-Ukraine-bei-EU-Beitritt.jpg","type":"image\/jpeg"}],"author":"rtnews","twitter_card":"summary_large_image","twitter_creator":"@WirMachenAuf_de","twitter_site":"@WirMachenAuf_de","twitter_misc":{"Verfasst von":"rtnews","Gesch\u00e4tzte Lesezeit":"2\u00a0Minuten"},"schema":{"@context":"https:\/\/schema.org","@graph":[{"@type":"Article","@id":"https:\/\/now-news.de\/de\/deutschland\/oesterreichs-aussenminister-keine-sonderbehandlung-fuer-ukraine-bei-eu-beitritt\/#article","isPartOf":{"@id":"https:\/\/now-news.de\/de\/deutschland\/oesterreichs-aussenminister-keine-sonderbehandlung-fuer-ukraine-bei-eu-beitritt\/"},"author":{"name":"rtnews","@id":"https:\/\/now-news.de\/de\/#\/schema\/person\/fb534a4e865501d8b3285208df34a9b5"},"headline":"\u00d6sterreichs Au\u00dfenminister: Keine Sonderbehandlung f\u00fcr Ukraine bei EU-Beitritt","datePublished":"2023-11-23T10:13:14+00:00","dateModified":"2023-11-23T10:13:14+00:00","mainEntityOfPage":{"@id":"https:\/\/now-news.de\/de\/deutschland\/oesterreichs-aussenminister-keine-sonderbehandlung-fuer-ukraine-bei-eu-beitritt\/"},"wordCount":456,"commentCount":0,"publisher":{"@id":"https:\/\/now-news.de\/de\/#organization"},"image":{"@id":"https:\/\/now-news.de\/de\/deutschland\/oesterreichs-aussenminister-keine-sonderbehandlung-fuer-ukraine-bei-eu-beitritt\/#primaryimage"},"thumbnailUrl":"https:\/\/now-news.de\/de\/wp-content\/uploads\/sites\/3\/2023\/11\/Oesterreichs-Aussenminister-Keine-Sonderbehandlung-fuer-Ukraine-bei-EU-Beitritt.jpg","keywords":["Au\u00dfenminister","bei","EUBeitritt","f\u00fcr","keine","\u00d6sterreichs","Sonderbehandlung","ukraine"],"articleSection":["Deutschland","Russland"],"inLanguage":"de","potentialAction":[{"@type":"CommentAction","name":"Comment","target":["https:\/\/now-news.de\/de\/deutschland\/oesterreichs-aussenminister-keine-sonderbehandlung-fuer-ukraine-bei-eu-beitritt\/#respond"]}]},{"@type":"WebPage","@id":"https:\/\/now-news.de\/de\/deutschland\/oesterreichs-aussenminister-keine-sonderbehandlung-fuer-ukraine-bei-eu-beitritt\/","url":"https:\/\/now-news.de\/de\/deutschland\/oesterreichs-aussenminister-keine-sonderbehandlung-fuer-ukraine-bei-eu-beitritt\/","name":"\u00d6sterreichs Au\u00dfenminister: Keine Sonderbehandlung f\u00fcr Ukraine bei EU-Beitritt - just-now.NEWS Deutschland","isPartOf":{"@id":"https:\/\/now-news.de\/de\/#website"},"primaryImageOfPage":{"@id":"https:\/\/now-news.de\/de\/deutschland\/oesterreichs-aussenminister-keine-sonderbehandlung-fuer-ukraine-bei-eu-beitritt\/#primaryimage"},"image":{"@id":"https:\/\/now-news.de\/de\/deutschland\/oesterreichs-aussenminister-keine-sonderbehandlung-fuer-ukraine-bei-eu-beitritt\/#primaryimage"},"thumbnailUrl":"https:\/\/now-news.de\/de\/wp-content\/uploads\/sites\/3\/2023\/11\/Oesterreichs-Aussenminister-Keine-Sonderbehandlung-fuer-Ukraine-bei-EU-Beitritt.jpg","datePublished":"2023-11-23T10:13:14+00:00","dateModified":"2023-11-23T10:13:14+00:00","breadcrumb":{"@id":"https:\/\/now-news.de\/de\/deutschland\/oesterreichs-aussenminister-keine-sonderbehandlung-fuer-ukraine-bei-eu-beitritt\/#breadcrumb"},"inLanguage":"de","potentialAction":[{"@type":"ReadAction","target":["https:\/\/now-news.de\/de\/deutschland\/oesterreichs-aussenminister-keine-sonderbehandlung-fuer-ukraine-bei-eu-beitritt\/"]}]},{"@type":"ImageObject","inLanguage":"de","@id":"https:\/\/now-news.de\/de\/deutschland\/oesterreichs-aussenminister-keine-sonderbehandlung-fuer-ukraine-bei-eu-beitritt\/#primaryimage","url":"https:\/\/now-news.de\/de\/wp-content\/uploads\/sites\/3\/2023\/11\/Oesterreichs-Aussenminister-Keine-Sonderbehandlung-fuer-Ukraine-bei-EU-Beitritt.jpg","contentUrl":"https:\/\/now-news.de\/de\/wp-content\/uploads\/sites\/3\/2023\/11\/Oesterreichs-Aussenminister-Keine-Sonderbehandlung-fuer-Ukraine-bei-EU-Beitritt.jpg","width":460,"height":259,"caption":"\u00d6sterreichs Au\u00dfenminister: Keine Sonderbehandlung f\u00fcr Ukraine bei EU-Beitritt"},{"@type":"BreadcrumbList","@id":"https:\/\/now-news.de\/de\/deutschland\/oesterreichs-aussenminister-keine-sonderbehandlung-fuer-ukraine-bei-eu-beitritt\/#breadcrumb","itemListElement":[{"@type":"ListItem","position":1,"name":"Home","item":"https:\/\/now-news.de\/de\/"},{"@type":"ListItem","position":2,"name":"\u00d6sterreichs Au\u00dfenminister: Keine Sonderbehandlung f\u00fcr Ukraine bei EU-Beitritt"}]},{"@type":"WebSite","@id":"https:\/\/now-news.de\/de\/#website","url":"https:\/\/now-news.de\/de\/","name":"just-now.NEWS Deutschland","description":"Das Portal f\u00fcr unzensierte Nachrichten aus der Welt","publisher":{"@id":"https:\/\/now-news.de\/de\/#organization"},"potentialAction":[{"@type":"SearchAction","target":{"@type":"EntryPoint","urlTemplate":"https:\/\/now-news.de\/de\/?s={search_term_string}"},"query-input":"required name=search_term_string"}],"inLanguage":"de"},{"@type":"Organization","@id":"https:\/\/now-news.de\/de\/#organization","name":"Just Now News","url":"https:\/\/now-news.de\/de\/","logo":{"@type":"ImageObject","inLanguage":"de","@id":"https:\/\/now-news.de\/de\/#\/schema\/logo\/image\/","url":"http:\/\/just-now.news\/de\/wp-content\/uploads\/sites\/3\/2022\/04\/logo500x500.jpg","contentUrl":"http:\/\/just-now.news\/de\/wp-content\/uploads\/sites\/3\/2022\/04\/logo500x500.jpg","width":500,"height":500,"caption":"Just Now News"},"image":{"@id":"https:\/\/now-news.de\/de\/#\/schema\/logo\/image\/"},"sameAs":["https:\/\/www.facebook.com\/wirmachenauf","https:\/\/x.com\/WirMachenAuf_de"]},{"@type":"Person","@id":"https:\/\/now-news.de\/de\/#\/schema\/person\/fb534a4e865501d8b3285208df34a9b5","name":"rtnews","image":{"@type":"ImageObject","inLanguage":"de","@id":"https:\/\/now-news.de\/de\/#\/schema\/person\/image\/","url":"https:\/\/secure.gravatar.com\/avatar\/82aafea7d8127119dd649515f56e2117?s=96&d=mm&r=g","contentUrl":"https:\/\/secure.gravatar.com\/avatar\/82aafea7d8127119dd649515f56e2117?s=96&d=mm&r=g","caption":"rtnews"},"url":"https:\/\/now-news.de\/de\/author\/rnews\/"}]}},"_links":{"self":[{"href":"https:\/\/now-news.de\/de\/wp-json\/wp\/v2\/posts\/50240"}],"collection":[{"href":"https:\/\/now-news.de\/de\/wp-json\/wp\/v2\/posts"}],"about":[{"href":"https:\/\/now-news.de\/de\/wp-json\/wp\/v2\/types\/post"}],"author":[{"embeddable":true,"href":"https:\/\/now-news.de\/de\/wp-json\/wp\/v2\/users\/3"}],"replies":[{"embeddable":true,"href":"https:\/\/now-news.de\/de\/wp-json\/wp\/v2\/comments?post=50240"}],"version-history":[{"count":0,"href":"https:\/\/now-news.de\/de\/wp-json\/wp\/v2\/posts\/50240\/revisions"}],"wp:featuredmedia":[{"embeddable":true,"href":"https:\/\/now-news.de\/de\/wp-json\/wp\/v2\/media\/50241"}],"wp:attachment":[{"href":"https:\/\/now-news.de\/de\/wp-json\/wp\/v2\/media?parent=50240"}],"wp:term":[{"taxonomy":"category","embeddable":true,"href":"https:\/\/now-news.de\/de\/wp-json\/wp\/v2\/categories?post=50240"},{"taxonomy":"post_tag","embeddable":true,"href":"https:\/\/now-news.de\/de\/wp-json\/wp\/v2\/tags?post=50240"}],"curies":[{"name":"wp","href":"https:\/\/api.w.org\/{rel}","templated":true}]}}