{"id":50232,"date":"2023-11-23T10:06:50","date_gmt":"2023-11-23T08:06:50","guid":{"rendered":"https:\/\/just-now.news\/de\/deutschland\/in-mehreren-bundeslaendern-razzia-gegen-hamas-und-samidoun-anhaenger\/"},"modified":"2023-11-23T10:06:50","modified_gmt":"2023-11-23T08:06:50","slug":"in-mehreren-bundeslaendern-razzia-gegen-hamas-und-samidoun-anhaenger","status":"publish","type":"post","link":"https:\/\/now-news.de\/de\/deutschland\/in-mehreren-bundeslaendern-razzia-gegen-hamas-und-samidoun-anhaenger\/","title":{"rendered":"In mehreren Bundesl\u00e4ndern: Razzia gegen Hamas- und Samidoun-Anh\u00e4nger"},"content":{"rendered":"<p><img decoding=\"async\" src=\"http:\/\/just-now.news\/de\/wp-content\/uploads\/sites\/3\/2023\/11\/655f051f48fbef0cbe24f722.jpg\" \/><\/p>\n<div class=\"Text-root Text-type_1 \">\n                Polizisten haben in vier Bundesl\u00e4ndern insgesamt 15 Objekte durchsucht. Betroffen waren mutma\u00dfliche Anh\u00e4nger der Hamas und von Samidoun. Das Bundesministerium des Innern hatte Anfang November ein Bet\u00e4tigungsverbot f\u00fcr die Hamas und ein Vereinsverbot f\u00fcr Samidoun ausgesprochen.\n            <\/div>\n<p><\/p>\n<div class=\"Text-root Text-type_5 ArticleView-text ViewText-root \">\n<p>Die deutsche Polizei geht seit dem Morgen gegen mutma\u00dfliche Mitglieder und Anh\u00e4nger der Hamas-Organisation und des Netzwerks pal\u00e4stinensischer Gefangener &#8220;Samidoun&#8221; (deutsch: Standhafte) vor. Nach Informationen des Bundesinnenministeriums finden Razzien in Berlin, Niedersachsen, Nordrhein-Westfalen und Schleswig-Holstein statt. In insgesamt 15 Geb\u00e4uden sollen Wohnungen durchsucht worden sein.<\/p>\n<p>Schwerpunkt der Durchsuchungen ist Berlin. Allein dort sind laut der Berliner Innenverwaltung mehr als 300 Polizisten im Einsatz. Ziel der Aktionen sei es, Beweismittel und Verm\u00f6genswerte sicherzustellen. Die Bundesinnenministerin Nancy Faeser hatte vor drei Wochen ein Bet\u00e4tigungsverbot f\u00fcr die Hamas erlassen und die Aufl\u00f6sung von Samidoun verk\u00fcndet.<\/p>\n<p>Im Fokus der\u00a0Durchsuchungen sollen unter anderem auch Funktion\u00e4re der Pal\u00e4stinensischen Gemeinschaft in Deutschland (PGD)\u00a0stehen. Der nordrhein-westf\u00e4lische Verfassungsschutz bezeichnet\u00a0diesen Verein mit Sitz in Berlin als die &#8220;wichtigste Organisation f\u00fcr Anh\u00e4nger der Hamas in Deutschland&#8221;.<\/p>\n<p>Auch Wohnungen f\u00fchrender Aktivisten von Samidoun werden durchsucht. Die Sicherheitsbeh\u00f6rden rechnen den Verein dem Umfeld der marxistisch-leninistischen &#8220;Volksfront zur Befreiung Pal\u00e4stinas&#8221; (PFLP) zu. Diese Organisation steht bereits seit 2002 auf der Terrorliste der Europ\u00e4ischen Union.<\/p>\n<p>Die\u00a0deutsche Bundesregierung hat sich bei der j\u00fcngsten Eskalation des Nahostkonflikts, die durch den \u00dcberfall der Hamas auf Israel eingeleitet wurde, eindeutig auf die Seite Israels gestellt.<\/p>\n<p><strong>Mehr zum Thema<\/strong> &#8211; <a rel=\"nofollow noopener\" target=\"_blank\" href=\"https:\/\/freedert.online\/meinung\/186708-faeser-glaubensbekenntnisse-und-parolen-oder\/\">Faeser, Glaubensbekenntnisse und Parolen oder: alles gegen die Meinungsfreiheit<\/a><\/p>\n<\/div>\n<p><br \/>\n<br \/><a href=\"https:\/\/de.rt.com\/inland\/187841-in-mehreren-bundeslaendern-razzia-gegen\/\">Source link <\/a><\/p>\n","protected":false},"excerpt":{"rendered":"<p>Polizisten haben in vier Bundesl\u00e4ndern insgesamt 15 Objekte durchsucht. Betroffen waren mutma\u00dfliche Anh\u00e4nger der Hamas und von Samidoun. Das Bundesministerium des Innern hatte Anfang November ein Bet\u00e4tigungsverbot f\u00fcr die Hamas und ein Vereinsverbot f\u00fcr Samidoun ausgesprochen. Die deutsche Polizei geht seit dem Morgen gegen mutma\u00dfliche Mitglieder und Anh\u00e4nger der Hamas-Organisation und des Netzwerks pal\u00e4stinensischer Gefangener [&hellip;]<\/p>\n","protected":false},"author":3,"featured_media":50233,"comment_status":"open","ping_status":"open","sticky":false,"template":"","format":"standard","meta":{"_yoast_indexnow_last_ping":["1700727176"],"wp_automatic_camp":["217"],"81fbf0e5674a2518f59407319d9e300a":["In mehreren Bundesl\u00e4ndern: Razzia gegen Hamas- und Samidoun-Anh\u00e4nger"],"original_link":["https:\/\/de.rt.com\/inland\/187841-in-mehreren-bundeslaendern-razzia-gegen\/"],"_thumbnail_id":["50233"],"_wptgpro_p2tg_sent2tg":["a:1:{i:23737;s:19:\"2023-11-23 10:13:58\";}"],"jnews_social_counter_last_update":["1777369376"]},"categories":[19,23],"tags":[33650,278,5832,13044,1749,50897,140],"yoast_head":"<!-- This site is optimized with the Yoast SEO Premium plugin v22.7 (Yoast SEO v22.7) - https:\/\/yoast.com\/wordpress\/plugins\/seo\/ -->\n<title>In mehreren Bundesl\u00e4ndern: Razzia gegen Hamas- und Samidoun-Anh\u00e4nger - just-now.NEWS Deutschland<\/title>\n<meta name=\"robots\" content=\"index, follow, max-snippet:-1, max-image-preview:large, max-video-preview:-1\" \/>\n<link rel=\"canonical\" href=\"https:\/\/now-news.de\/de\/deutschland\/in-mehreren-bundeslaendern-razzia-gegen-hamas-und-samidoun-anhaenger\/\" \/>\n<meta property=\"og:locale\" content=\"de_DE\" \/>\n<meta property=\"og:type\" content=\"article\" \/>\n<meta property=\"og:title\" content=\"In mehreren Bundesl\u00e4ndern: Razzia gegen Hamas- und Samidoun-Anh\u00e4nger\" \/>\n<meta property=\"og:description\" content=\"Polizisten haben in vier Bundesl\u00e4ndern insgesamt 15 Objekte durchsucht. Betroffen waren mutma\u00dfliche Anh\u00e4nger der Hamas und von Samidoun. Das Bundesministerium des Innern hatte Anfang November ein Bet\u00e4tigungsverbot f\u00fcr die Hamas und ein Vereinsverbot f\u00fcr Samidoun ausgesprochen. Die deutsche Polizei geht seit dem Morgen gegen mutma\u00dfliche Mitglieder und Anh\u00e4nger der Hamas-Organisation und des Netzwerks pal\u00e4stinensischer Gefangener [&hellip;]\" \/>\n<meta property=\"og:url\" content=\"https:\/\/now-news.de\/de\/deutschland\/in-mehreren-bundeslaendern-razzia-gegen-hamas-und-samidoun-anhaenger\/\" \/>\n<meta property=\"og:site_name\" content=\"just-now.NEWS Deutschland\" \/>\n<meta property=\"article:publisher\" content=\"https:\/\/www.facebook.com\/wirmachenauf\" \/>\n<meta property=\"article:published_time\" content=\"2023-11-23T08:06:50+00:00\" \/>\n<meta property=\"og:image\" content=\"https:\/\/now-news.de\/de\/wp-content\/uploads\/sites\/3\/2023\/11\/In-mehreren-Bundeslaendern-Razzia-gegen-Hamas-und-Samidoun-Anhaenger.jpg\" \/>\n\t<meta property=\"og:image:width\" content=\"460\" \/>\n\t<meta property=\"og:image:height\" content=\"259\" \/>\n\t<meta property=\"og:image:type\" content=\"image\/jpeg\" \/>\n<meta name=\"author\" content=\"rtnews\" \/>\n<meta name=\"twitter:card\" content=\"summary_large_image\" \/>\n<meta name=\"twitter:creator\" content=\"@WirMachenAuf_de\" \/>\n<meta name=\"twitter:site\" content=\"@WirMachenAuf_de\" \/>\n<meta name=\"twitter:label1\" content=\"Verfasst von\" \/>\n\t<meta name=\"twitter:data1\" content=\"rtnews\" \/>\n\t<meta name=\"twitter:label2\" content=\"Gesch\u00e4tzte Lesezeit\" \/>\n\t<meta name=\"twitter:data2\" content=\"1\u00a0Minute\" \/>\n<script type=\"application\/ld+json\" class=\"yoast-schema-graph\">{\"@context\":\"https:\/\/schema.org\",\"@graph\":[{\"@type\":\"Article\",\"@id\":\"https:\/\/now-news.de\/de\/deutschland\/in-mehreren-bundeslaendern-razzia-gegen-hamas-und-samidoun-anhaenger\/#article\",\"isPartOf\":{\"@id\":\"https:\/\/now-news.de\/de\/deutschland\/in-mehreren-bundeslaendern-razzia-gegen-hamas-und-samidoun-anhaenger\/\"},\"author\":{\"name\":\"rtnews\",\"@id\":\"https:\/\/now-news.de\/de\/#\/schema\/person\/fb534a4e865501d8b3285208df34a9b5\"},\"headline\":\"In mehreren Bundesl\u00e4ndern: Razzia gegen Hamas- und Samidoun-Anh\u00e4nger\",\"datePublished\":\"2023-11-23T08:06:50+00:00\",\"dateModified\":\"2023-11-23T08:06:50+00:00\",\"mainEntityOfPage\":{\"@id\":\"https:\/\/now-news.de\/de\/deutschland\/in-mehreren-bundeslaendern-razzia-gegen-hamas-und-samidoun-anhaenger\/\"},\"wordCount\":273,\"commentCount\":0,\"publisher\":{\"@id\":\"https:\/\/now-news.de\/de\/#organization\"},\"image\":{\"@id\":\"https:\/\/now-news.de\/de\/deutschland\/in-mehreren-bundeslaendern-razzia-gegen-hamas-und-samidoun-anhaenger\/#primaryimage\"},\"thumbnailUrl\":\"https:\/\/now-news.de\/de\/wp-content\/uploads\/sites\/3\/2023\/11\/In-mehreren-Bundeslaendern-Razzia-gegen-Hamas-und-Samidoun-Anhaenger.jpg\",\"keywords\":[\"Bundesl\u00e4ndern\",\"gegen\",\"Hamas\",\"mehreren\",\"Razzia\",\"SamidounAnh\u00e4nger\",\"und\"],\"articleSection\":[\"Deutschland\",\"Russland\"],\"inLanguage\":\"de\",\"potentialAction\":[{\"@type\":\"CommentAction\",\"name\":\"Comment\",\"target\":[\"https:\/\/now-news.de\/de\/deutschland\/in-mehreren-bundeslaendern-razzia-gegen-hamas-und-samidoun-anhaenger\/#respond\"]}]},{\"@type\":\"WebPage\",\"@id\":\"https:\/\/now-news.de\/de\/deutschland\/in-mehreren-bundeslaendern-razzia-gegen-hamas-und-samidoun-anhaenger\/\",\"url\":\"https:\/\/now-news.de\/de\/deutschland\/in-mehreren-bundeslaendern-razzia-gegen-hamas-und-samidoun-anhaenger\/\",\"name\":\"In mehreren Bundesl\u00e4ndern: Razzia gegen Hamas- und Samidoun-Anh\u00e4nger - just-now.NEWS Deutschland\",\"isPartOf\":{\"@id\":\"https:\/\/now-news.de\/de\/#website\"},\"primaryImageOfPage\":{\"@id\":\"https:\/\/now-news.de\/de\/deutschland\/in-mehreren-bundeslaendern-razzia-gegen-hamas-und-samidoun-anhaenger\/#primaryimage\"},\"image\":{\"@id\":\"https:\/\/now-news.de\/de\/deutschland\/in-mehreren-bundeslaendern-razzia-gegen-hamas-und-samidoun-anhaenger\/#primaryimage\"},\"thumbnailUrl\":\"https:\/\/now-news.de\/de\/wp-content\/uploads\/sites\/3\/2023\/11\/In-mehreren-Bundeslaendern-Razzia-gegen-Hamas-und-Samidoun-Anhaenger.jpg\",\"datePublished\":\"2023-11-23T08:06:50+00:00\",\"dateModified\":\"2023-11-23T08:06:50+00:00\",\"breadcrumb\":{\"@id\":\"https:\/\/now-news.de\/de\/deutschland\/in-mehreren-bundeslaendern-razzia-gegen-hamas-und-samidoun-anhaenger\/#breadcrumb\"},\"inLanguage\":\"de\",\"potentialAction\":[{\"@type\":\"ReadAction\",\"target\":[\"https:\/\/now-news.de\/de\/deutschland\/in-mehreren-bundeslaendern-razzia-gegen-hamas-und-samidoun-anhaenger\/\"]}]},{\"@type\":\"ImageObject\",\"inLanguage\":\"de\",\"@id\":\"https:\/\/now-news.de\/de\/deutschland\/in-mehreren-bundeslaendern-razzia-gegen-hamas-und-samidoun-anhaenger\/#primaryimage\",\"url\":\"https:\/\/now-news.de\/de\/wp-content\/uploads\/sites\/3\/2023\/11\/In-mehreren-Bundeslaendern-Razzia-gegen-Hamas-und-Samidoun-Anhaenger.jpg\",\"contentUrl\":\"https:\/\/now-news.de\/de\/wp-content\/uploads\/sites\/3\/2023\/11\/In-mehreren-Bundeslaendern-Razzia-gegen-Hamas-und-Samidoun-Anhaenger.jpg\",\"width\":460,\"height\":259,\"caption\":\"In mehreren Bundesl\u00e4ndern: Razzia gegen Hamas- und Samidoun-Anh\u00e4nger\"},{\"@type\":\"BreadcrumbList\",\"@id\":\"https:\/\/now-news.de\/de\/deutschland\/in-mehreren-bundeslaendern-razzia-gegen-hamas-und-samidoun-anhaenger\/#breadcrumb\",\"itemListElement\":[{\"@type\":\"ListItem\",\"position\":1,\"name\":\"Home\",\"item\":\"https:\/\/now-news.de\/de\/\"},{\"@type\":\"ListItem\",\"position\":2,\"name\":\"In mehreren Bundesl\u00e4ndern: Razzia gegen Hamas- und Samidoun-Anh\u00e4nger\"}]},{\"@type\":\"WebSite\",\"@id\":\"https:\/\/now-news.de\/de\/#website\",\"url\":\"https:\/\/now-news.de\/de\/\",\"name\":\"just-now.NEWS Deutschland\",\"description\":\"Das Portal f\u00fcr unzensierte Nachrichten aus der Welt\",\"publisher\":{\"@id\":\"https:\/\/now-news.de\/de\/#organization\"},\"potentialAction\":[{\"@type\":\"SearchAction\",\"target\":{\"@type\":\"EntryPoint\",\"urlTemplate\":\"https:\/\/now-news.de\/de\/?s={search_term_string}\"},\"query-input\":\"required name=search_term_string\"}],\"inLanguage\":\"de\"},{\"@type\":\"Organization\",\"@id\":\"https:\/\/now-news.de\/de\/#organization\",\"name\":\"Just Now News\",\"url\":\"https:\/\/now-news.de\/de\/\",\"logo\":{\"@type\":\"ImageObject\",\"inLanguage\":\"de\",\"@id\":\"https:\/\/now-news.de\/de\/#\/schema\/logo\/image\/\",\"url\":\"http:\/\/just-now.news\/de\/wp-content\/uploads\/sites\/3\/2022\/04\/logo500x500.jpg\",\"contentUrl\":\"http:\/\/just-now.news\/de\/wp-content\/uploads\/sites\/3\/2022\/04\/logo500x500.jpg\",\"width\":500,\"height\":500,\"caption\":\"Just Now News\"},\"image\":{\"@id\":\"https:\/\/now-news.de\/de\/#\/schema\/logo\/image\/\"},\"sameAs\":[\"https:\/\/www.facebook.com\/wirmachenauf\",\"https:\/\/x.com\/WirMachenAuf_de\"]},{\"@type\":\"Person\",\"@id\":\"https:\/\/now-news.de\/de\/#\/schema\/person\/fb534a4e865501d8b3285208df34a9b5\",\"name\":\"rtnews\",\"image\":{\"@type\":\"ImageObject\",\"inLanguage\":\"de\",\"@id\":\"https:\/\/now-news.de\/de\/#\/schema\/person\/image\/\",\"url\":\"https:\/\/secure.gravatar.com\/avatar\/82aafea7d8127119dd649515f56e2117?s=96&d=mm&r=g\",\"contentUrl\":\"https:\/\/secure.gravatar.com\/avatar\/82aafea7d8127119dd649515f56e2117?s=96&d=mm&r=g\",\"caption\":\"rtnews\"},\"url\":\"https:\/\/now-news.de\/de\/author\/rnews\/\"}]}<\/script>\n<!-- \/ Yoast SEO Premium plugin. -->","yoast_head_json":{"title":"In mehreren Bundesl\u00e4ndern: Razzia gegen Hamas- und Samidoun-Anh\u00e4nger - just-now.NEWS Deutschland","robots":{"index":"index","follow":"follow","max-snippet":"max-snippet:-1","max-image-preview":"max-image-preview:large","max-video-preview":"max-video-preview:-1"},"canonical":"https:\/\/now-news.de\/de\/deutschland\/in-mehreren-bundeslaendern-razzia-gegen-hamas-und-samidoun-anhaenger\/","og_locale":"de_DE","og_type":"article","og_title":"In mehreren Bundesl\u00e4ndern: Razzia gegen Hamas- und Samidoun-Anh\u00e4nger","og_description":"Polizisten haben in vier Bundesl\u00e4ndern insgesamt 15 Objekte durchsucht. Betroffen waren mutma\u00dfliche Anh\u00e4nger der Hamas und von Samidoun. Das Bundesministerium des Innern hatte Anfang November ein Bet\u00e4tigungsverbot f\u00fcr die Hamas und ein Vereinsverbot f\u00fcr Samidoun ausgesprochen. Die deutsche Polizei geht seit dem Morgen gegen mutma\u00dfliche Mitglieder und Anh\u00e4nger der Hamas-Organisation und des Netzwerks pal\u00e4stinensischer Gefangener [&hellip;]","og_url":"https:\/\/now-news.de\/de\/deutschland\/in-mehreren-bundeslaendern-razzia-gegen-hamas-und-samidoun-anhaenger\/","og_site_name":"just-now.NEWS Deutschland","article_publisher":"https:\/\/www.facebook.com\/wirmachenauf","article_published_time":"2023-11-23T08:06:50+00:00","og_image":[{"width":460,"height":259,"url":"https:\/\/now-news.de\/de\/wp-content\/uploads\/sites\/3\/2023\/11\/In-mehreren-Bundeslaendern-Razzia-gegen-Hamas-und-Samidoun-Anhaenger.jpg","type":"image\/jpeg"}],"author":"rtnews","twitter_card":"summary_large_image","twitter_creator":"@WirMachenAuf_de","twitter_site":"@WirMachenAuf_de","twitter_misc":{"Verfasst von":"rtnews","Gesch\u00e4tzte Lesezeit":"1\u00a0Minute"},"schema":{"@context":"https:\/\/schema.org","@graph":[{"@type":"Article","@id":"https:\/\/now-news.de\/de\/deutschland\/in-mehreren-bundeslaendern-razzia-gegen-hamas-und-samidoun-anhaenger\/#article","isPartOf":{"@id":"https:\/\/now-news.de\/de\/deutschland\/in-mehreren-bundeslaendern-razzia-gegen-hamas-und-samidoun-anhaenger\/"},"author":{"name":"rtnews","@id":"https:\/\/now-news.de\/de\/#\/schema\/person\/fb534a4e865501d8b3285208df34a9b5"},"headline":"In mehreren Bundesl\u00e4ndern: Razzia gegen Hamas- und Samidoun-Anh\u00e4nger","datePublished":"2023-11-23T08:06:50+00:00","dateModified":"2023-11-23T08:06:50+00:00","mainEntityOfPage":{"@id":"https:\/\/now-news.de\/de\/deutschland\/in-mehreren-bundeslaendern-razzia-gegen-hamas-und-samidoun-anhaenger\/"},"wordCount":273,"commentCount":0,"publisher":{"@id":"https:\/\/now-news.de\/de\/#organization"},"image":{"@id":"https:\/\/now-news.de\/de\/deutschland\/in-mehreren-bundeslaendern-razzia-gegen-hamas-und-samidoun-anhaenger\/#primaryimage"},"thumbnailUrl":"https:\/\/now-news.de\/de\/wp-content\/uploads\/sites\/3\/2023\/11\/In-mehreren-Bundeslaendern-Razzia-gegen-Hamas-und-Samidoun-Anhaenger.jpg","keywords":["Bundesl\u00e4ndern","gegen","Hamas","mehreren","Razzia","SamidounAnh\u00e4nger","und"],"articleSection":["Deutschland","Russland"],"inLanguage":"de","potentialAction":[{"@type":"CommentAction","name":"Comment","target":["https:\/\/now-news.de\/de\/deutschland\/in-mehreren-bundeslaendern-razzia-gegen-hamas-und-samidoun-anhaenger\/#respond"]}]},{"@type":"WebPage","@id":"https:\/\/now-news.de\/de\/deutschland\/in-mehreren-bundeslaendern-razzia-gegen-hamas-und-samidoun-anhaenger\/","url":"https:\/\/now-news.de\/de\/deutschland\/in-mehreren-bundeslaendern-razzia-gegen-hamas-und-samidoun-anhaenger\/","name":"In mehreren Bundesl\u00e4ndern: Razzia gegen Hamas- und Samidoun-Anh\u00e4nger - just-now.NEWS Deutschland","isPartOf":{"@id":"https:\/\/now-news.de\/de\/#website"},"primaryImageOfPage":{"@id":"https:\/\/now-news.de\/de\/deutschland\/in-mehreren-bundeslaendern-razzia-gegen-hamas-und-samidoun-anhaenger\/#primaryimage"},"image":{"@id":"https:\/\/now-news.de\/de\/deutschland\/in-mehreren-bundeslaendern-razzia-gegen-hamas-und-samidoun-anhaenger\/#primaryimage"},"thumbnailUrl":"https:\/\/now-news.de\/de\/wp-content\/uploads\/sites\/3\/2023\/11\/In-mehreren-Bundeslaendern-Razzia-gegen-Hamas-und-Samidoun-Anhaenger.jpg","datePublished":"2023-11-23T08:06:50+00:00","dateModified":"2023-11-23T08:06:50+00:00","breadcrumb":{"@id":"https:\/\/now-news.de\/de\/deutschland\/in-mehreren-bundeslaendern-razzia-gegen-hamas-und-samidoun-anhaenger\/#breadcrumb"},"inLanguage":"de","potentialAction":[{"@type":"ReadAction","target":["https:\/\/now-news.de\/de\/deutschland\/in-mehreren-bundeslaendern-razzia-gegen-hamas-und-samidoun-anhaenger\/"]}]},{"@type":"ImageObject","inLanguage":"de","@id":"https:\/\/now-news.de\/de\/deutschland\/in-mehreren-bundeslaendern-razzia-gegen-hamas-und-samidoun-anhaenger\/#primaryimage","url":"https:\/\/now-news.de\/de\/wp-content\/uploads\/sites\/3\/2023\/11\/In-mehreren-Bundeslaendern-Razzia-gegen-Hamas-und-Samidoun-Anhaenger.jpg","contentUrl":"https:\/\/now-news.de\/de\/wp-content\/uploads\/sites\/3\/2023\/11\/In-mehreren-Bundeslaendern-Razzia-gegen-Hamas-und-Samidoun-Anhaenger.jpg","width":460,"height":259,"caption":"In mehreren Bundesl\u00e4ndern: Razzia gegen Hamas- und Samidoun-Anh\u00e4nger"},{"@type":"BreadcrumbList","@id":"https:\/\/now-news.de\/de\/deutschland\/in-mehreren-bundeslaendern-razzia-gegen-hamas-und-samidoun-anhaenger\/#breadcrumb","itemListElement":[{"@type":"ListItem","position":1,"name":"Home","item":"https:\/\/now-news.de\/de\/"},{"@type":"ListItem","position":2,"name":"In mehreren Bundesl\u00e4ndern: Razzia gegen Hamas- und Samidoun-Anh\u00e4nger"}]},{"@type":"WebSite","@id":"https:\/\/now-news.de\/de\/#website","url":"https:\/\/now-news.de\/de\/","name":"just-now.NEWS Deutschland","description":"Das Portal f\u00fcr unzensierte Nachrichten aus der Welt","publisher":{"@id":"https:\/\/now-news.de\/de\/#organization"},"potentialAction":[{"@type":"SearchAction","target":{"@type":"EntryPoint","urlTemplate":"https:\/\/now-news.de\/de\/?s={search_term_string}"},"query-input":"required name=search_term_string"}],"inLanguage":"de"},{"@type":"Organization","@id":"https:\/\/now-news.de\/de\/#organization","name":"Just Now News","url":"https:\/\/now-news.de\/de\/","logo":{"@type":"ImageObject","inLanguage":"de","@id":"https:\/\/now-news.de\/de\/#\/schema\/logo\/image\/","url":"http:\/\/just-now.news\/de\/wp-content\/uploads\/sites\/3\/2022\/04\/logo500x500.jpg","contentUrl":"http:\/\/just-now.news\/de\/wp-content\/uploads\/sites\/3\/2022\/04\/logo500x500.jpg","width":500,"height":500,"caption":"Just Now News"},"image":{"@id":"https:\/\/now-news.de\/de\/#\/schema\/logo\/image\/"},"sameAs":["https:\/\/www.facebook.com\/wirmachenauf","https:\/\/x.com\/WirMachenAuf_de"]},{"@type":"Person","@id":"https:\/\/now-news.de\/de\/#\/schema\/person\/fb534a4e865501d8b3285208df34a9b5","name":"rtnews","image":{"@type":"ImageObject","inLanguage":"de","@id":"https:\/\/now-news.de\/de\/#\/schema\/person\/image\/","url":"https:\/\/secure.gravatar.com\/avatar\/82aafea7d8127119dd649515f56e2117?s=96&d=mm&r=g","contentUrl":"https:\/\/secure.gravatar.com\/avatar\/82aafea7d8127119dd649515f56e2117?s=96&d=mm&r=g","caption":"rtnews"},"url":"https:\/\/now-news.de\/de\/author\/rnews\/"}]}},"_links":{"self":[{"href":"https:\/\/now-news.de\/de\/wp-json\/wp\/v2\/posts\/50232"}],"collection":[{"href":"https:\/\/now-news.de\/de\/wp-json\/wp\/v2\/posts"}],"about":[{"href":"https:\/\/now-news.de\/de\/wp-json\/wp\/v2\/types\/post"}],"author":[{"embeddable":true,"href":"https:\/\/now-news.de\/de\/wp-json\/wp\/v2\/users\/3"}],"replies":[{"embeddable":true,"href":"https:\/\/now-news.de\/de\/wp-json\/wp\/v2\/comments?post=50232"}],"version-history":[{"count":0,"href":"https:\/\/now-news.de\/de\/wp-json\/wp\/v2\/posts\/50232\/revisions"}],"wp:featuredmedia":[{"embeddable":true,"href":"https:\/\/now-news.de\/de\/wp-json\/wp\/v2\/media\/50233"}],"wp:attachment":[{"href":"https:\/\/now-news.de\/de\/wp-json\/wp\/v2\/media?parent=50232"}],"wp:term":[{"taxonomy":"category","embeddable":true,"href":"https:\/\/now-news.de\/de\/wp-json\/wp\/v2\/categories?post=50232"},{"taxonomy":"post_tag","embeddable":true,"href":"https:\/\/now-news.de\/de\/wp-json\/wp\/v2\/tags?post=50232"}],"curies":[{"name":"wp","href":"https:\/\/api.w.org\/{rel}","templated":true}]}}