{"id":50227,"date":"2023-11-23T08:30:00","date_gmt":"2023-11-23T06:30:00","guid":{"rendered":"https:\/\/just-now.news\/de\/deutschland\/zerfall-zersetzung-und-personalmangel-im-westen-waechst-die-sorge-um-die-ukrainische-armee\/"},"modified":"2023-11-23T08:30:00","modified_gmt":"2023-11-23T06:30:00","slug":"zerfall-zersetzung-und-personalmangel-im-westen-waechst-die-sorge-um-die-ukrainische-armee","status":"publish","type":"post","link":"https:\/\/now-news.de\/de\/deutschland\/zerfall-zersetzung-und-personalmangel-im-westen-waechst-die-sorge-um-die-ukrainische-armee\/","title":{"rendered":"Zerfall, Zersetzung und Personalmangel &#8211; Im Westen w\u00e4chst die Sorge um die ukrainische Armee"},"content":{"rendered":"<p><img decoding=\"async\" src=\"http:\/\/just-now.news\/de\/wp-content\/uploads\/sites\/3\/2023\/11\/655df6c6b480cc4d8a2c6f02.png\" \/><\/p>\n<div class=\"Text-root Text-type_1 \">\n                Noch vor wenigen Monaten konnte Selenskij bei seinen Touren durch Europa blauen Auges dem dortigen Publikum vorl\u00fcgen, vor jedem Wehramt st\u00e4nden Freiwillige Schlange. Heute aber pfeifen es selbst im Westen die Spatzen von den D\u00e4chern: Das Kanonenfutter ist verheizt worden.\n            <\/div>\n<p><\/p>\n<div class=\"Text-root Text-type_5 ArticleView-text ViewText-root \">\n<p><em>Von Wladimir Kornilow<\/em><\/p>\n<p>Woher noch Kanonenfutter nehmen? Das ist das Hauptproblem des ukrainischen Milit\u00e4rs, das offen in Kiew und im Westen diskutiert wird. Wladimir Omeljan, ehemals Infrastrukturminister der Ukraine,\u00a0der heute im Rang des Hauptmannes im ukrainischen Milit\u00e4r dient, hat diese Problemstellung sehr eindeutig ausformuliert. In einem Interview an <em>The Guardian<\/em>\u00a0<a rel=\"nofollow noopener\" target=\"_blank\" href=\"https:\/\/www.theguardian.com\/world\/2023\/nov\/20\/ukrainian-optimism-fades-at-start-of-another-winter-of-war\">erkl\u00e4rte<\/a> er, Kiew sei f\u00e4hig, den Donbass und die Halbinsel Krim zu erobern, falls der Westen mit Kampfpanzern und Kampfflugzeugen F-16 in der n\u00f6tigen Anzahl aushelfen w\u00fcrde. Und falls Kiew bereit w\u00e4re, weitere 300.000 bis 500.000 Soldaten im Gemetzel zu verheizen. Bez\u00fcglich des letzten Punktes gibt sich Omeljan besonders best\u00fcrzt:<\/p>\n<blockquote>\n<p>&#8220;Doch ich sehe keine weiteren 500.000 Mann, die zu sterben bereit w\u00e4ren.&#8221;<\/p>\n<\/blockquote>\n<p>Auch sehe der Hauptmann keine Bereitschaft seitens des Westens, Kiew die Waffensysteme der ben\u00f6tigten Typen und in den ben\u00f6tigten Mengen zu \u00fcberlassen.<\/p>\n<p>Noch vor wenigen Monaten konnte Selenskij bei seinen Touren durch Europa blauen Auges dem dortigen Publikum vorl\u00fcgen, vor jeder Rekrutierungsstelle st\u00e4nden Freiwillige Schlange. Mittlerweile aber haben in der westlichen Journalistenzunft nur die notorischen, absoluten M\u00fc\u00dfigg\u00e4nger sich noch nicht zum von Omeljan umrissenen Problem ausgelassen: Das Kanonenfutter ist verheizt worden und Bedienstete der ukrainischen Rekrutierungsstellen veranstalten nunmehr regelm\u00e4\u00dfig allerorten im Lande ihre <a rel=\"nofollow noopener\" target=\"_blank\" href=\"https:\/\/t.me\/RadioStydoba\/25272\">Menschenjagden in den Stra\u00dfen<\/a>.<\/p>\n<p>Man siehe und staune, wie viel im Westen allein in der vergangenen Woche zu diesem Thema ver\u00f6ffentlicht wurde. <em>CNN<\/em> hat diesem Problem gar eine umfangreiche journalistische Ermittlung <a rel=\"nofollow noopener\" target=\"_blank\" href=\"https:\/\/edition.cnn.com\/2023\/11\/19\/europe\/ukraine-difficulties-in-military-recruitment-intl\/index.html\">gewidmet<\/a> und den Artikel mit den Ermittlungsergebnissen wie folgt getitelt:<\/p>\n<blockquote>\n<p><em>&#8220;Der Krieg zieht sich in die L\u00e4nge \u2013 und damit ben\u00f6tigt die Ukraine mehr Soldaten. Nicht alle sind zum Dienst bereit.&#8221; <\/em><\/p>\n<\/blockquote>\n<p>Potenzielle Rekruten, die von den US-Journalisten befragt wurden, nannten die Entsendung junger Ukrainer an die Front einen &#8220;sinnlosen Mord&#8221; und stellen unbequeme Fragen:<\/p>\n<blockquote>\n<p><em>&#8220;Was hat mir dieses Land gegeben, dass ich ihm etwas schulden soll?&#8221;<\/em><\/p>\n<\/blockquote>\n<div class=\"EmbedBlock-root EmbedBlock-externalVideo EmbedBlock-odysee\">\n<div class=\"VkEmbed\"><iframe class=\"lazyload\" data-src=\"https:\/\/odysee.com\/%24\/embed\/%40RTDE%3Ae%2FUkrainische-Soldaten-Wir-waren-uns-selbst-%C3%BCberlassenes-Kanonenfutter-keine-Kommunikation-nichts%3A3\" frameborder=\"0\" width=\"853\" height=\"480\" allowfullscreen><\/iframe><\/div>\n<\/div>\n<p>\u00dcbrigens wurde im selben Material ein weiteres Problem angesprochen, das unmittelbar mit der Mobilmachungsverweigerung seitens der Ukrainer verbunden ist: Die Anzahl von S\u00f6ldnern aus dem Ausland im Dienste Kiews ist schlagartig gesunken. Ist auch Ihnen aufgefallen, dass an der Front aufgenommene, vor lauter Bravour triefende englischsprachige Videoclips aus den einschl\u00e4gigen sozialen Medien wie TikTok neuerdings nahezu verschwunden sind? Achten Sie bei Gelegenheit einmal darauf. In seinem Interview an <em>CNN<\/em> allerdings erkl\u00e4rt ein verwundeter ukrainischer Leutnant dies damit, dass nahezu die H\u00e4lfte aller Ausl\u00e4nder nach einem kurzen Aufenthalt in der H\u00f6lle des Krieges ihre Vertr\u00e4ge mit dem ukrainischen Milit\u00e4r annulliert haben. Frei nach dem Motto:<\/p>\n<blockquote>\n<p><em>&#8220;Nee, nee, was zu viel ist, ist zu viel. F\u00fcr einen solchen Krieg haben wir ganz sicher nicht unterschrieben.&#8221;<\/em><\/p>\n<\/blockquote>\n<p>Aufschlussreich war schlie\u00dflich auch eine Reportage, die j\u00fcngst im niederl\u00e4ndischen Blatt <em>NRC Handelsblad<\/em> ver\u00f6ffentlicht wurde. Journalisten dieser Zeitung fanden heraus: In den Niederlanden halten sich momentan bis zu 25.000 ukrainische M\u00e4nner im wehrpflichtigen Alter auf und deren Zustrom in das Land ist in der j\u00fcngsten Zeit deutlich angewachsen. Reporter haben die Kerle befragt, die der Zwangsrekrutierung in der &#8220;demokratischen&#8221; Ukraine entgehen und aus dem Land fliehen konnten. Die Journalisten <a rel=\"nofollow noopener\" target=\"_blank\" href=\"https:\/\/www.nrc.nl\/nieuws\/2023\/11\/16\/groeiend-ongemak-over-komst-alleenstaande-oekraiense-mannen-ik-schaam-me-niet-hoor-a4181176\">sahnten<\/a> spannende und bildreiche Erz\u00e4hlungen \u00fcber das Korruptionsunwesen im ukrainischen Milit\u00e4r ab. Einer der Fl\u00fcchtlinge nannte die ukrainische Armee gar\u00a0unverbl\u00fcmt und geradeaus eine &#8220;<a rel=\"nofollow noopener\" target=\"_blank\" href=\"https:\/\/de.rt.com\/europa\/176052-illegale-gewinne-in-hoehe-von-chef-odessaers-rekrutierungsbueros-verhaftet\/\">korrumpierte Bande<\/a>&#8220;. Etwa \u00fcber die K\u00e4uflichkeit des Leitpersonals der ukrainischen Wehr\u00e4mter, der sogenannten Kriegskomissare, werden mittlerweile sogar Lieder gedichtet:<\/p>\n<p>So viel zum Thema Menschenschlangen vor ukrainischen Rekrutierungsstellen.<\/p>\n<p>Urteilt man nach dem Tenor besagter Ver\u00f6ffentlichungen, so denkt man im Westen ernsthaft dar\u00fcber nach, wie man die ihrer rabenm\u00fctterlichen Heimat entflohenen ukrainischen Wehrpflichtigen dorthin zur\u00fcckschicken kann, um so das von Omeljan formulierte Problem zu l\u00f6sen. Die oben zitierte <em>CNN<\/em>-Schlagzeile mutet nicht umsonst fast wie ein Appell an. Nicht ausgeschlossen, dass Kiews Mangel an Kanonenfutter eines der Themen war, die bei der Visite des Pentagon-Chefs Lloyd Austin in Kiew besprochen wurden.<\/p>\n<p>Allerdings: Selbst falls ein solcher Plan ausgearbeitet und umgesetzt werden sollte, wird dies den Kampfgeist der Ukrainer ganz bestimmt nicht heben. Und der Kampfgeist befindet sich auf einem Rekordtiefpunkt \u2013 was sogar <em>The Guardian<\/em> einr\u00e4umt. Nicht umsonst besprechen englischsprachige Teilnehmer in den sozialen Netzwerken \u00e4u\u00dferst rege einen viralen Videoclip von irgendeinem Konzert, das eine ukrainische S\u00e4ngerin vor ukrainischen Soldaten gab. Jack Posobiec, ein sehr beliebter rechtskonservativer US-Blogger, kommentierte dies wie folgt:<\/p>\n<blockquote>\n<p><em>&#8220;Achtet auf das Alter dieser Rekruten \u2013 und auf ihren Gesichtsausdruck!&#8221;<\/em><\/p>\n<\/blockquote>\n<p>Ein Nutzer antwortete ihm:<\/p>\n<blockquote>\n<p><em>&#8220;Da sind nur \u00e4ltere M\u00e4nner \u2013 und sie sehen alle schon besiegt aus.&#8221;<\/em><\/p>\n<\/blockquote>\n<div class=\"EmbedBlock-root EmbedBlock-twitter\">\n<div class=\"TwitterEmbed\">\n<blockquote class=\"twitter-tweet lazyload\" data-twitter=\"twitter-tweet\">\n<p lang=\"en\" dir=\"ltr\">Look at the age and expressions of these Ukrainian recruits&#8230;<a rel=\"nofollow noopener\" target=\"_blank\" href=\"https:\/\/t.co\/PocWeXLT3f\">pic.twitter.com\/PocWeXLT3f<\/a><\/p>\n<p>\u2014 Jack Poso \ud83c\uddfa\ud83c\uddf8 (@JackPosobiec) <a rel=\"nofollow noopener\" target=\"_blank\" href=\"https:\/\/twitter.com\/JackPosobiec\/status\/1726654076153454755?ref_src=twsrc%5Etfw\">November 20, 2023<\/a><\/p><\/blockquote>\n<\/div>\n<\/div>\n<p>So viel zum Thema Kampfgeist. Solcher Ukrainer kann man eine halbe Million oder eine Million an die Front schicken oder gar <a rel=\"nofollow noopener\" target=\"_blank\" href=\"https:\/\/freedert.online\/meinung\/167108-bis-zum-letzten-ukrainer-zwei\/\">alle, die noch \u00fcbrig geblieben sind<\/a> \u2013 doch dies wird die Zersetzung der ukrainischen Gesellschaft, die selbst im Westen schon erkannt worden ist, nur noch verst\u00e4rken und beschleunigen.<\/p>\n<p><em>\u00dcbersetzt aus dem <a rel=\"nofollow noopener\" target=\"_blank\" href=\"https:\/\/t.me\/c\/1686844692\/5231\">Russischen<\/a>.<\/em><\/p>\n<p><em><a rel=\"nofollow noopener\" target=\"_blank\" href=\"https:\/\/ru.wikipedia.org\/wiki\/%D0%9A%D0%BE%D1%80%D0%BD%D0%B8%D0%BB%D0%BE%D0%B2,_%D0%92%D0%BB%D0%B0%D0%B4%D0%B8%D0%BC%D0%B8%D1%80_%D0%92%D0%BB%D0%B0%D0%B4%D0%B8%D0%BC%D0%B8%D1%80%D0%BE%D0%B2%D0%B8%D1%87\">Wladimir<\/a>\u00a0<a rel=\"nofollow noopener\" target=\"_blank\" href=\"https:\/\/nl.wikipedia.org\/wiki\/Vladimir_Kornilov\">Kornilow<\/a>\u00a0ist ein sowjetischer, ukrainischer und russischer Politologe, Geschichtswissenschaftler, Journalist, Schriftsteller und gesellschaftlicher Aktivist. Ehemals Leiter der Ukrainischen Filiale des Instituts der GUS-Staaten in Kiew und Leiter des Zentrums f\u00fcr eurasische Studien in Den Haag.\u00a0Nach seiner scharfen Kritik am Euromaidan musste er aus der Ukraine fl\u00fcchten und arbeitet seit 2017 als Kolumnist bei Rossija Segodnja. F\u00fchrt eine\u00a0<a rel=\"nofollow noopener\" target=\"_blank\" href=\"https:\/\/t.me\/kornilov1968\">Telegram-Kolumne<\/a>\u00a0zu aktuellen politischen\u00a0<a rel=\"nofollow noopener\" target=\"_blank\" href=\"https:\/\/www.google.de\/search?q=site%3Ade.rt.com+wladimir+kornilow&amp;biw=1200&amp;bih=595&amp;ei=yCEZYrhgz4bA8A-IoKWgAw&amp;ved=0ahUKEwi45Njdv5v2AhVPAxAIHQhQCTQ4ChDh1QMIDg&amp;uact=5&amp;oq=site%3Ade.rt.com+wladimir+kornilow&amp;gs_lcp=Cgdnd3Mtd2l6EANKBAhBGABKBAhGGABQAFjnFGCEFmgAcAB4AYAB5wOIAdMfkgEJMy43LjQuNC4xmAEAoAEBwAEB&amp;sclient=gws-wiz\">Nachrichtenanl\u00e4ssen<\/a>.<\/em><\/p>\n<p><strong>Mehr zum Thema<\/strong>\u00a0\u2013 <a rel=\"nofollow noopener\" target=\"_blank\" href=\"https:\/\/freedert.online\/meinung\/178598-266-hektar-fuer-gefallene-ukraine\/\">266 Hektar f\u00fcr Gefallene: Ukraine will den gr\u00f6\u00dften Soldatenfriedhof Europas errichten<\/a><\/p>\n<div class=\"EmbedBlock-root EmbedBlock-externalVideo EmbedBlock-odysee\">\n<div class=\"VkEmbed\"><iframe class=\"lazyload\" data-src=\"https:\/\/odysee.com\/%24\/embed\/%40RTDE%3Ae%2FZwangsmobilisierung-Video-sorgt-f%C3%BCr-Furore%E2%80%92Holt-Kiew-gefl%C3%BCchtete-M%C3%A4nner-aus-der-EU-zur%C3%BCck%3Ab\" frameborder=\"0\" width=\"853\" height=\"480\" allowfullscreen><\/iframe><\/div>\n<\/div>\n<\/div>\n<p><script async src=\"https:\/\/platform.twitter.com\/widgets.js\" charset=\"utf-8\"><\/script><br \/>\n<br \/><br \/>\n<br \/><a href=\"https:\/\/de.rt.com\/europa\/187754-zerfall-zersetzung-und-personalmangel-ukrainischen-armee-nun-auch-westen-offensichtlich\/\">Source link <\/a><\/p>\n","protected":false},"excerpt":{"rendered":"<p>Noch vor wenigen Monaten konnte Selenskij bei seinen Touren durch Europa blauen Auges dem dortigen Publikum vorl\u00fcgen, vor jedem Wehramt st\u00e4nden Freiwillige Schlange. Heute aber pfeifen es selbst im Westen die Spatzen von den D\u00e4chern: Das Kanonenfutter ist verheizt worden. Von Wladimir Kornilow Woher noch Kanonenfutter nehmen? Das ist das Hauptproblem des ukrainischen Milit\u00e4rs, das [&hellip;]<\/p>\n","protected":false},"author":3,"featured_media":50228,"comment_status":"open","ping_status":"open","sticky":false,"template":"","format":"standard","meta":{"_yoast_indexnow_last_ping":["1700721301"],"wp_automatic_camp":["217"],"4e5d0f8ee889f5ae69fcf62618eb783b":["Zerfall, Zersetzung und Personalmangel - Im Westen w\u00e4chst die Sorge um die ukrainische Armee"],"original_link":["https:\/\/de.rt.com\/europa\/187754-zerfall-zersetzung-und-personalmangel-ukrainischen-armee-nun-auch-westen-offensichtlich\/"],"_thumbnail_id":["50228"],"_wptgpro_p2tg_sent2tg":["a:1:{i:23737;s:19:\"2023-11-23 08:36:12\";}"],"jnews_social_counter_last_update":["1777174827"]},"categories":[19,23],"tags":[2398,45,25690,13676,905,140,21107,378,20748,50896],"yoast_head":"<!-- This site is optimized with the Yoast SEO Premium plugin v22.7 (Yoast SEO v22.7) - https:\/\/yoast.com\/wordpress\/plugins\/seo\/ -->\n<title>Zerfall, Zersetzung und Personalmangel - Im Westen w\u00e4chst die Sorge um die ukrainische Armee - just-now.NEWS Deutschland<\/title>\n<meta name=\"robots\" content=\"index, follow, max-snippet:-1, max-image-preview:large, max-video-preview:-1\" \/>\n<link rel=\"canonical\" href=\"https:\/\/now-news.de\/de\/deutschland\/zerfall-zersetzung-und-personalmangel-im-westen-waechst-die-sorge-um-die-ukrainische-armee\/\" \/>\n<meta property=\"og:locale\" content=\"de_DE\" \/>\n<meta property=\"og:type\" content=\"article\" \/>\n<meta property=\"og:title\" content=\"Zerfall, Zersetzung und Personalmangel - Im Westen w\u00e4chst die Sorge um die ukrainische Armee\" \/>\n<meta property=\"og:description\" content=\"Noch vor wenigen Monaten konnte Selenskij bei seinen Touren durch Europa blauen Auges dem dortigen Publikum vorl\u00fcgen, vor jedem Wehramt st\u00e4nden Freiwillige Schlange. Heute aber pfeifen es selbst im Westen die Spatzen von den D\u00e4chern: Das Kanonenfutter ist verheizt worden. Von Wladimir Kornilow Woher noch Kanonenfutter nehmen? Das ist das Hauptproblem des ukrainischen Milit\u00e4rs, das [&hellip;]\" \/>\n<meta property=\"og:url\" content=\"https:\/\/now-news.de\/de\/deutschland\/zerfall-zersetzung-und-personalmangel-im-westen-waechst-die-sorge-um-die-ukrainische-armee\/\" \/>\n<meta property=\"og:site_name\" content=\"just-now.NEWS Deutschland\" \/>\n<meta property=\"article:publisher\" content=\"https:\/\/www.facebook.com\/wirmachenauf\" \/>\n<meta property=\"article:published_time\" content=\"2023-11-23T06:30:00+00:00\" \/>\n<meta property=\"og:image\" content=\"https:\/\/now-news.de\/de\/wp-content\/uploads\/sites\/3\/2023\/11\/Zerfall-Zersetzung-und-Personalmangel-Im-Westen-waechst-die-Sorge.png\" \/>\n\t<meta property=\"og:image:width\" content=\"460\" \/>\n\t<meta property=\"og:image:height\" content=\"259\" \/>\n\t<meta property=\"og:image:type\" content=\"image\/png\" \/>\n<meta name=\"author\" content=\"rtnews\" \/>\n<meta name=\"twitter:card\" content=\"summary_large_image\" \/>\n<meta name=\"twitter:creator\" content=\"@WirMachenAuf_de\" \/>\n<meta name=\"twitter:site\" content=\"@WirMachenAuf_de\" \/>\n<meta name=\"twitter:label1\" content=\"Verfasst von\" \/>\n\t<meta name=\"twitter:data1\" content=\"rtnews\" \/>\n\t<meta name=\"twitter:label2\" content=\"Gesch\u00e4tzte Lesezeit\" \/>\n\t<meta name=\"twitter:data2\" content=\"5\u00a0Minuten\" \/>\n<script type=\"application\/ld+json\" class=\"yoast-schema-graph\">{\"@context\":\"https:\/\/schema.org\",\"@graph\":[{\"@type\":\"Article\",\"@id\":\"https:\/\/now-news.de\/de\/deutschland\/zerfall-zersetzung-und-personalmangel-im-westen-waechst-die-sorge-um-die-ukrainische-armee\/#article\",\"isPartOf\":{\"@id\":\"https:\/\/now-news.de\/de\/deutschland\/zerfall-zersetzung-und-personalmangel-im-westen-waechst-die-sorge-um-die-ukrainische-armee\/\"},\"author\":{\"name\":\"rtnews\",\"@id\":\"https:\/\/now-news.de\/de\/#\/schema\/person\/fb534a4e865501d8b3285208df34a9b5\"},\"headline\":\"Zerfall, Zersetzung und Personalmangel &#8211; Im Westen w\u00e4chst die Sorge um die ukrainische Armee\",\"datePublished\":\"2023-11-23T06:30:00+00:00\",\"dateModified\":\"2023-11-23T06:30:00+00:00\",\"mainEntityOfPage\":{\"@id\":\"https:\/\/now-news.de\/de\/deutschland\/zerfall-zersetzung-und-personalmangel-im-westen-waechst-die-sorge-um-die-ukrainische-armee\/\"},\"wordCount\":964,\"commentCount\":0,\"publisher\":{\"@id\":\"https:\/\/now-news.de\/de\/#organization\"},\"image\":{\"@id\":\"https:\/\/now-news.de\/de\/deutschland\/zerfall-zersetzung-und-personalmangel-im-westen-waechst-die-sorge-um-die-ukrainische-armee\/#primaryimage\"},\"thumbnailUrl\":\"https:\/\/now-news.de\/de\/wp-content\/uploads\/sites\/3\/2023\/11\/Zerfall-Zersetzung-und-Personalmangel-Im-Westen-waechst-die-Sorge.png\",\"keywords\":[\"Armee\",\"die\",\"Personalmangel\",\"Sorge\",\"Ukrainische\",\"und\",\"w\u00e4chst\",\"Westen\",\"Zerfall\",\"Zersetzung\"],\"articleSection\":[\"Deutschland\",\"Russland\"],\"inLanguage\":\"de\",\"potentialAction\":[{\"@type\":\"CommentAction\",\"name\":\"Comment\",\"target\":[\"https:\/\/now-news.de\/de\/deutschland\/zerfall-zersetzung-und-personalmangel-im-westen-waechst-die-sorge-um-die-ukrainische-armee\/#respond\"]}]},{\"@type\":\"WebPage\",\"@id\":\"https:\/\/now-news.de\/de\/deutschland\/zerfall-zersetzung-und-personalmangel-im-westen-waechst-die-sorge-um-die-ukrainische-armee\/\",\"url\":\"https:\/\/now-news.de\/de\/deutschland\/zerfall-zersetzung-und-personalmangel-im-westen-waechst-die-sorge-um-die-ukrainische-armee\/\",\"name\":\"Zerfall, Zersetzung und Personalmangel - Im Westen w\u00e4chst die Sorge um die ukrainische Armee - just-now.NEWS Deutschland\",\"isPartOf\":{\"@id\":\"https:\/\/now-news.de\/de\/#website\"},\"primaryImageOfPage\":{\"@id\":\"https:\/\/now-news.de\/de\/deutschland\/zerfall-zersetzung-und-personalmangel-im-westen-waechst-die-sorge-um-die-ukrainische-armee\/#primaryimage\"},\"image\":{\"@id\":\"https:\/\/now-news.de\/de\/deutschland\/zerfall-zersetzung-und-personalmangel-im-westen-waechst-die-sorge-um-die-ukrainische-armee\/#primaryimage\"},\"thumbnailUrl\":\"https:\/\/now-news.de\/de\/wp-content\/uploads\/sites\/3\/2023\/11\/Zerfall-Zersetzung-und-Personalmangel-Im-Westen-waechst-die-Sorge.png\",\"datePublished\":\"2023-11-23T06:30:00+00:00\",\"dateModified\":\"2023-11-23T06:30:00+00:00\",\"breadcrumb\":{\"@id\":\"https:\/\/now-news.de\/de\/deutschland\/zerfall-zersetzung-und-personalmangel-im-westen-waechst-die-sorge-um-die-ukrainische-armee\/#breadcrumb\"},\"inLanguage\":\"de\",\"potentialAction\":[{\"@type\":\"ReadAction\",\"target\":[\"https:\/\/now-news.de\/de\/deutschland\/zerfall-zersetzung-und-personalmangel-im-westen-waechst-die-sorge-um-die-ukrainische-armee\/\"]}]},{\"@type\":\"ImageObject\",\"inLanguage\":\"de\",\"@id\":\"https:\/\/now-news.de\/de\/deutschland\/zerfall-zersetzung-und-personalmangel-im-westen-waechst-die-sorge-um-die-ukrainische-armee\/#primaryimage\",\"url\":\"https:\/\/now-news.de\/de\/wp-content\/uploads\/sites\/3\/2023\/11\/Zerfall-Zersetzung-und-Personalmangel-Im-Westen-waechst-die-Sorge.png\",\"contentUrl\":\"https:\/\/now-news.de\/de\/wp-content\/uploads\/sites\/3\/2023\/11\/Zerfall-Zersetzung-und-Personalmangel-Im-Westen-waechst-die-Sorge.png\",\"width\":460,\"height\":259,\"caption\":\"Zerfall, Zersetzung und Personalmangel - Im Westen w\u00e4chst die Sorge um die ukrainische Armee\"},{\"@type\":\"BreadcrumbList\",\"@id\":\"https:\/\/now-news.de\/de\/deutschland\/zerfall-zersetzung-und-personalmangel-im-westen-waechst-die-sorge-um-die-ukrainische-armee\/#breadcrumb\",\"itemListElement\":[{\"@type\":\"ListItem\",\"position\":1,\"name\":\"Home\",\"item\":\"https:\/\/now-news.de\/de\/\"},{\"@type\":\"ListItem\",\"position\":2,\"name\":\"Zerfall, Zersetzung und Personalmangel &#8211; Im Westen w\u00e4chst die Sorge um die ukrainische Armee\"}]},{\"@type\":\"WebSite\",\"@id\":\"https:\/\/now-news.de\/de\/#website\",\"url\":\"https:\/\/now-news.de\/de\/\",\"name\":\"just-now.NEWS Deutschland\",\"description\":\"Das Portal f\u00fcr unzensierte Nachrichten aus der Welt\",\"publisher\":{\"@id\":\"https:\/\/now-news.de\/de\/#organization\"},\"potentialAction\":[{\"@type\":\"SearchAction\",\"target\":{\"@type\":\"EntryPoint\",\"urlTemplate\":\"https:\/\/now-news.de\/de\/?s={search_term_string}\"},\"query-input\":\"required name=search_term_string\"}],\"inLanguage\":\"de\"},{\"@type\":\"Organization\",\"@id\":\"https:\/\/now-news.de\/de\/#organization\",\"name\":\"Just Now News\",\"url\":\"https:\/\/now-news.de\/de\/\",\"logo\":{\"@type\":\"ImageObject\",\"inLanguage\":\"de\",\"@id\":\"https:\/\/now-news.de\/de\/#\/schema\/logo\/image\/\",\"url\":\"http:\/\/just-now.news\/de\/wp-content\/uploads\/sites\/3\/2022\/04\/logo500x500.jpg\",\"contentUrl\":\"http:\/\/just-now.news\/de\/wp-content\/uploads\/sites\/3\/2022\/04\/logo500x500.jpg\",\"width\":500,\"height\":500,\"caption\":\"Just Now News\"},\"image\":{\"@id\":\"https:\/\/now-news.de\/de\/#\/schema\/logo\/image\/\"},\"sameAs\":[\"https:\/\/www.facebook.com\/wirmachenauf\",\"https:\/\/x.com\/WirMachenAuf_de\"]},{\"@type\":\"Person\",\"@id\":\"https:\/\/now-news.de\/de\/#\/schema\/person\/fb534a4e865501d8b3285208df34a9b5\",\"name\":\"rtnews\",\"image\":{\"@type\":\"ImageObject\",\"inLanguage\":\"de\",\"@id\":\"https:\/\/now-news.de\/de\/#\/schema\/person\/image\/\",\"url\":\"https:\/\/secure.gravatar.com\/avatar\/82aafea7d8127119dd649515f56e2117?s=96&d=mm&r=g\",\"contentUrl\":\"https:\/\/secure.gravatar.com\/avatar\/82aafea7d8127119dd649515f56e2117?s=96&d=mm&r=g\",\"caption\":\"rtnews\"},\"url\":\"https:\/\/now-news.de\/de\/author\/rnews\/\"}]}<\/script>\n<!-- \/ Yoast SEO Premium plugin. -->","yoast_head_json":{"title":"Zerfall, Zersetzung und Personalmangel - Im Westen w\u00e4chst die Sorge um die ukrainische Armee - just-now.NEWS Deutschland","robots":{"index":"index","follow":"follow","max-snippet":"max-snippet:-1","max-image-preview":"max-image-preview:large","max-video-preview":"max-video-preview:-1"},"canonical":"https:\/\/now-news.de\/de\/deutschland\/zerfall-zersetzung-und-personalmangel-im-westen-waechst-die-sorge-um-die-ukrainische-armee\/","og_locale":"de_DE","og_type":"article","og_title":"Zerfall, Zersetzung und Personalmangel - Im Westen w\u00e4chst die Sorge um die ukrainische Armee","og_description":"Noch vor wenigen Monaten konnte Selenskij bei seinen Touren durch Europa blauen Auges dem dortigen Publikum vorl\u00fcgen, vor jedem Wehramt st\u00e4nden Freiwillige Schlange. Heute aber pfeifen es selbst im Westen die Spatzen von den D\u00e4chern: Das Kanonenfutter ist verheizt worden. Von Wladimir Kornilow Woher noch Kanonenfutter nehmen? Das ist das Hauptproblem des ukrainischen Milit\u00e4rs, das [&hellip;]","og_url":"https:\/\/now-news.de\/de\/deutschland\/zerfall-zersetzung-und-personalmangel-im-westen-waechst-die-sorge-um-die-ukrainische-armee\/","og_site_name":"just-now.NEWS Deutschland","article_publisher":"https:\/\/www.facebook.com\/wirmachenauf","article_published_time":"2023-11-23T06:30:00+00:00","og_image":[{"width":460,"height":259,"url":"https:\/\/now-news.de\/de\/wp-content\/uploads\/sites\/3\/2023\/11\/Zerfall-Zersetzung-und-Personalmangel-Im-Westen-waechst-die-Sorge.png","type":"image\/png"}],"author":"rtnews","twitter_card":"summary_large_image","twitter_creator":"@WirMachenAuf_de","twitter_site":"@WirMachenAuf_de","twitter_misc":{"Verfasst von":"rtnews","Gesch\u00e4tzte Lesezeit":"5\u00a0Minuten"},"schema":{"@context":"https:\/\/schema.org","@graph":[{"@type":"Article","@id":"https:\/\/now-news.de\/de\/deutschland\/zerfall-zersetzung-und-personalmangel-im-westen-waechst-die-sorge-um-die-ukrainische-armee\/#article","isPartOf":{"@id":"https:\/\/now-news.de\/de\/deutschland\/zerfall-zersetzung-und-personalmangel-im-westen-waechst-die-sorge-um-die-ukrainische-armee\/"},"author":{"name":"rtnews","@id":"https:\/\/now-news.de\/de\/#\/schema\/person\/fb534a4e865501d8b3285208df34a9b5"},"headline":"Zerfall, Zersetzung und Personalmangel &#8211; Im Westen w\u00e4chst die Sorge um die ukrainische Armee","datePublished":"2023-11-23T06:30:00+00:00","dateModified":"2023-11-23T06:30:00+00:00","mainEntityOfPage":{"@id":"https:\/\/now-news.de\/de\/deutschland\/zerfall-zersetzung-und-personalmangel-im-westen-waechst-die-sorge-um-die-ukrainische-armee\/"},"wordCount":964,"commentCount":0,"publisher":{"@id":"https:\/\/now-news.de\/de\/#organization"},"image":{"@id":"https:\/\/now-news.de\/de\/deutschland\/zerfall-zersetzung-und-personalmangel-im-westen-waechst-die-sorge-um-die-ukrainische-armee\/#primaryimage"},"thumbnailUrl":"https:\/\/now-news.de\/de\/wp-content\/uploads\/sites\/3\/2023\/11\/Zerfall-Zersetzung-und-Personalmangel-Im-Westen-waechst-die-Sorge.png","keywords":["Armee","die","Personalmangel","Sorge","Ukrainische","und","w\u00e4chst","Westen","Zerfall","Zersetzung"],"articleSection":["Deutschland","Russland"],"inLanguage":"de","potentialAction":[{"@type":"CommentAction","name":"Comment","target":["https:\/\/now-news.de\/de\/deutschland\/zerfall-zersetzung-und-personalmangel-im-westen-waechst-die-sorge-um-die-ukrainische-armee\/#respond"]}]},{"@type":"WebPage","@id":"https:\/\/now-news.de\/de\/deutschland\/zerfall-zersetzung-und-personalmangel-im-westen-waechst-die-sorge-um-die-ukrainische-armee\/","url":"https:\/\/now-news.de\/de\/deutschland\/zerfall-zersetzung-und-personalmangel-im-westen-waechst-die-sorge-um-die-ukrainische-armee\/","name":"Zerfall, Zersetzung und Personalmangel - Im Westen w\u00e4chst die Sorge um die ukrainische Armee - just-now.NEWS Deutschland","isPartOf":{"@id":"https:\/\/now-news.de\/de\/#website"},"primaryImageOfPage":{"@id":"https:\/\/now-news.de\/de\/deutschland\/zerfall-zersetzung-und-personalmangel-im-westen-waechst-die-sorge-um-die-ukrainische-armee\/#primaryimage"},"image":{"@id":"https:\/\/now-news.de\/de\/deutschland\/zerfall-zersetzung-und-personalmangel-im-westen-waechst-die-sorge-um-die-ukrainische-armee\/#primaryimage"},"thumbnailUrl":"https:\/\/now-news.de\/de\/wp-content\/uploads\/sites\/3\/2023\/11\/Zerfall-Zersetzung-und-Personalmangel-Im-Westen-waechst-die-Sorge.png","datePublished":"2023-11-23T06:30:00+00:00","dateModified":"2023-11-23T06:30:00+00:00","breadcrumb":{"@id":"https:\/\/now-news.de\/de\/deutschland\/zerfall-zersetzung-und-personalmangel-im-westen-waechst-die-sorge-um-die-ukrainische-armee\/#breadcrumb"},"inLanguage":"de","potentialAction":[{"@type":"ReadAction","target":["https:\/\/now-news.de\/de\/deutschland\/zerfall-zersetzung-und-personalmangel-im-westen-waechst-die-sorge-um-die-ukrainische-armee\/"]}]},{"@type":"ImageObject","inLanguage":"de","@id":"https:\/\/now-news.de\/de\/deutschland\/zerfall-zersetzung-und-personalmangel-im-westen-waechst-die-sorge-um-die-ukrainische-armee\/#primaryimage","url":"https:\/\/now-news.de\/de\/wp-content\/uploads\/sites\/3\/2023\/11\/Zerfall-Zersetzung-und-Personalmangel-Im-Westen-waechst-die-Sorge.png","contentUrl":"https:\/\/now-news.de\/de\/wp-content\/uploads\/sites\/3\/2023\/11\/Zerfall-Zersetzung-und-Personalmangel-Im-Westen-waechst-die-Sorge.png","width":460,"height":259,"caption":"Zerfall, Zersetzung und Personalmangel - Im Westen w\u00e4chst die Sorge um die ukrainische Armee"},{"@type":"BreadcrumbList","@id":"https:\/\/now-news.de\/de\/deutschland\/zerfall-zersetzung-und-personalmangel-im-westen-waechst-die-sorge-um-die-ukrainische-armee\/#breadcrumb","itemListElement":[{"@type":"ListItem","position":1,"name":"Home","item":"https:\/\/now-news.de\/de\/"},{"@type":"ListItem","position":2,"name":"Zerfall, Zersetzung und Personalmangel &#8211; Im Westen w\u00e4chst die Sorge um die ukrainische Armee"}]},{"@type":"WebSite","@id":"https:\/\/now-news.de\/de\/#website","url":"https:\/\/now-news.de\/de\/","name":"just-now.NEWS Deutschland","description":"Das Portal f\u00fcr unzensierte Nachrichten aus der Welt","publisher":{"@id":"https:\/\/now-news.de\/de\/#organization"},"potentialAction":[{"@type":"SearchAction","target":{"@type":"EntryPoint","urlTemplate":"https:\/\/now-news.de\/de\/?s={search_term_string}"},"query-input":"required name=search_term_string"}],"inLanguage":"de"},{"@type":"Organization","@id":"https:\/\/now-news.de\/de\/#organization","name":"Just Now News","url":"https:\/\/now-news.de\/de\/","logo":{"@type":"ImageObject","inLanguage":"de","@id":"https:\/\/now-news.de\/de\/#\/schema\/logo\/image\/","url":"http:\/\/just-now.news\/de\/wp-content\/uploads\/sites\/3\/2022\/04\/logo500x500.jpg","contentUrl":"http:\/\/just-now.news\/de\/wp-content\/uploads\/sites\/3\/2022\/04\/logo500x500.jpg","width":500,"height":500,"caption":"Just Now News"},"image":{"@id":"https:\/\/now-news.de\/de\/#\/schema\/logo\/image\/"},"sameAs":["https:\/\/www.facebook.com\/wirmachenauf","https:\/\/x.com\/WirMachenAuf_de"]},{"@type":"Person","@id":"https:\/\/now-news.de\/de\/#\/schema\/person\/fb534a4e865501d8b3285208df34a9b5","name":"rtnews","image":{"@type":"ImageObject","inLanguage":"de","@id":"https:\/\/now-news.de\/de\/#\/schema\/person\/image\/","url":"https:\/\/secure.gravatar.com\/avatar\/82aafea7d8127119dd649515f56e2117?s=96&d=mm&r=g","contentUrl":"https:\/\/secure.gravatar.com\/avatar\/82aafea7d8127119dd649515f56e2117?s=96&d=mm&r=g","caption":"rtnews"},"url":"https:\/\/now-news.de\/de\/author\/rnews\/"}]}},"_links":{"self":[{"href":"https:\/\/now-news.de\/de\/wp-json\/wp\/v2\/posts\/50227"}],"collection":[{"href":"https:\/\/now-news.de\/de\/wp-json\/wp\/v2\/posts"}],"about":[{"href":"https:\/\/now-news.de\/de\/wp-json\/wp\/v2\/types\/post"}],"author":[{"embeddable":true,"href":"https:\/\/now-news.de\/de\/wp-json\/wp\/v2\/users\/3"}],"replies":[{"embeddable":true,"href":"https:\/\/now-news.de\/de\/wp-json\/wp\/v2\/comments?post=50227"}],"version-history":[{"count":0,"href":"https:\/\/now-news.de\/de\/wp-json\/wp\/v2\/posts\/50227\/revisions"}],"wp:featuredmedia":[{"embeddable":true,"href":"https:\/\/now-news.de\/de\/wp-json\/wp\/v2\/media\/50228"}],"wp:attachment":[{"href":"https:\/\/now-news.de\/de\/wp-json\/wp\/v2\/media?parent=50227"}],"wp:term":[{"taxonomy":"category","embeddable":true,"href":"https:\/\/now-news.de\/de\/wp-json\/wp\/v2\/categories?post=50227"},{"taxonomy":"post_tag","embeddable":true,"href":"https:\/\/now-news.de\/de\/wp-json\/wp\/v2\/tags?post=50227"}],"curies":[{"name":"wp","href":"https:\/\/api.w.org\/{rel}","templated":true}]}}