{"id":50161,"date":"2023-11-22T08:30:00","date_gmt":"2023-11-22T06:30:00","guid":{"rendered":"https:\/\/just-now.news\/de\/deutschland\/wirtschaftseinbruch-kinderbuchautoren-gehoeren-nicht-ins-wirtschaftsministerium\/"},"modified":"2023-11-22T08:30:00","modified_gmt":"2023-11-22T06:30:00","slug":"wirtschaftseinbruch-kinderbuchautoren-gehoeren-nicht-ins-wirtschaftsministerium","status":"publish","type":"post","link":"https:\/\/now-news.de\/de\/deutschland\/wirtschaftseinbruch-kinderbuchautoren-gehoeren-nicht-ins-wirtschaftsministerium\/","title":{"rendered":"Wirtschaftseinbruch: Kinderbuchautoren geh\u00f6ren nicht ins Wirtschaftsministerium"},"content":{"rendered":"<p><img decoding=\"async\" src=\"http:\/\/just-now.news\/de\/wp-content\/uploads\/sites\/3\/2023\/11\/655ccd00b480cc09d21e1a29.jpg\" \/><\/p>\n<div class=\"Text-root Text-type_1 \">\n                Robert Habeck hat sich v\u00f6llig verkalkuliert. Er wollte die deutsche Wirtschaft von Grund auf neu erfinden und gegen Russland aufstellen. Damit ist er v\u00f6llig gescheitert. Den Preis bezahlen die Deutschen mit dem wirtschaftlichen Niedergang des Landes. Es wird Zeit, dass Habeck geht.\n            <\/div>\n<p><\/p>\n<div class=\"Text-root Text-type_5 ArticleView-text ViewText-root \">\n<p><em>Von Gert Ewen Ungar<\/em><\/p>\n<p>In M\u00fclheim an der Ruhr steht seit geraumer Zeit eine Gasturbine. Sie war Teil der Ostseepipeline Nord Stream 1, durch die russisches Gas nach Deutschland gepumpt wurde. Die Turbine des Konzerns Siemens Energy war zur Wartung in Kanada und wurde aufgrund der Sanktionen nicht an Russland, sondern an Deutschland geliefert. Dort steht sie noch heute, denn Russland und Deutschland konnten sich nicht auf ein Verfahren zur \u00dcbergabe einigen. Deutschland sagt, Russland ist schuld, Russland sieht das anders. Moskau witterte einen Trick zur Verh\u00e4ngung weiterer Sanktionen. Siemens Energy ist faktisch pleite und bekommt nun Staatshilfe von einem Staat, der seit einem Verfassungsgerichtsurteil ebenfalls in ziemlichen Zahlungsschwierigkeiten ist. Die Turbine von M\u00fclheim steht f\u00fcr ein umfassendes politisches und diplomatisches Versagen sowie symbolisch f\u00fcr den von der Politik ausgel\u00f6sten Niedergang der deutschen Wirtschaft.\u00a0<\/p>\n<p>Die M\u00fclheimer Gasturbine steht\u00a0damit auch\u00a0f\u00fcr die wirtschaftspolitische Unvernunft des Kinderbuchautors Robert Habeck, der es\u00a0wohl nur aufgrund des in Deutschland herrschenden Fachkr\u00e4ftemangels zum Wirtschaftsminister geschafft hat. Auf dem Posten malt er sich die Wirtschaftswelt in kinderbuchbunten Farben sch\u00f6n, w\u00e4hrend er die reale deutsche Wirtschaft in einem wilden Ritt des wirtschaftspolitischen Wahnsinns in den Untergang reitet.<\/p>\n<p>Robert Habeck ist Rassist und Russenhasser. Er f\u00fchlt sich vom Russen verfolgt, wittert \u00fcberall russische Agenten, russische Einflussnahme und russische Desinformation. Diesen Hass lebt er aus und f\u00fcr ihn ist er bereit, die deutsche Wirtschaft zu opfern. Kein russisches Gas mehr, kein russisches \u00d6l, keine Kooperation mit Russland. Nichts.<\/p>\n<p>Wir stellen die deutsche Wirtschaft auf den Betrieb mit Wind, Wasser und Sonne um, tr\u00e4umte der Kinderbuchautor vor sich hin. Wir ruinieren dadurch Russland, weil der Russe auf unser Geld angewiesen ist, um einen Krieg zu f\u00fchren, an dessen Entstehung wir selbstverst\u00e4ndlich absolut unschuldig sind. Wer was anderes behauptet oder gar auf die Chronologie der Abl\u00e4ufe verweist, ist russischer Einflussagent, spielt Putin in die H\u00e4nde oder ist ein Opfer der russischen Propaganda. In der Kinderbuchwelt des Robert Habeck ist alles ganz einfach.\u00a0<\/p>\n<p>Schon allein dieser mangelnde Einblick in makro\u00f6konomische Zusammenh\u00e4nge disqualifiziert Habeck f\u00fcr sein Amt. Russland ist f\u00fcr das F\u00fchren des Krieges nicht auf ausl\u00e4ndische Devisen angewiesen, denn alles\u00a0\u2013 von der Entwicklung von Waffen bis hin zum Soldaten\u00a0\u2013 wird in Rubel bezahlt. Rubel kann die russische Zentralbank aber endlos sch\u00f6pfen. Man kann daher den Krieg auch nicht dadurch beenden, indem man Russland von ausl\u00e4ndischen Devisen abschneidet. Das funktioniert nur in einer irrealen Kinderbuchwelt.\u00a0<\/p>\n<p>Der Kinderbuchautor im Wirtschaftsministerium will die deutsche Wirtschaft neu aufstellen. Daf\u00fcr braucht es Geld und Investitionen. Alles soll gr\u00fcn und nachhaltig und umweltfreundlich und einfach sch\u00f6n werden. Auf russische Energietr\u00e4ger verzichten wir heute und sofort. Gleichzeitig fangen wir auch heute mit dem Umbau an, hat sich Robert \u00fcberlegt. Dass dadurch eine massive Versorgungsl\u00fccke entsteht, weil die Infrastruktur, die es heute und unmittelbar f\u00fcr den Ausstieg br\u00e4uchte, noch nicht einmal im Bau, sondern nur in der Planung ist, will der Kinderbuchautor nicht zur Kenntnis nehmen. Das ist viel zu nah an den Fakten. Realit\u00e4t h\u00e4lt man im Habeck-Ministerium offenbar f\u00fcr \u00fcberbewertet.\u00a0<\/p>\n<p>Der Wirtschaftsminister mit der Kinderbuch-Seele tut sich schwer mit Tatsachen. Er tut sich auch schwer damit, anzuerkennen, dass die massiv gestiegenen Energiepreise auf sein und das westliche Konto gehen. Er behauptet, es l\u00e4ge an &#8220;Putins brutalem Angriffskrieg.&#8221; Dabei haben die Energiepreise mit dem Krieg nichts zu tun, sondern ausschlie\u00dflich mit den Sanktionen. Auch diesen sehr einfach zu verstehenden \u00f6konomischen Zusammenhang leugnet der deutsche Wirtschaftsminister und beweist damit seine fehlende Basisqualifikation.\u00a0<\/p>\n<p>Immerhin wollte er den Menschen und der Industrie ein bisschen unter die Arme greifen und die Strom- und Gaspreise subventionieren. Weil der Wirtschaftsminister eigentlich Kinderbuchautor ist, hat sich die Bundesregierung f\u00fcr die Ma\u00dfnahme einen sch\u00f6nen Namen ausgedacht. Sie hei\u00dft &#8220;Doppelwumms&#8221;, denn die W\u00e4hler sind f\u00fcr die Bundesregierung wie kleine Kinder, die man mit ausgedachten W\u00f6rtern beeindrucken kann. Als N\u00e4chstes kommt dann das Superkalifragilistikexpialigetisch-Gesetz.\u00a0<\/p>\n<p>Man nahm 2022 einen Kredit in H\u00f6he von 200 Milliarden Euro auf, nannte ihn Sonderverm\u00f6gen und plante, ihn 2023 auszugeben. Der Kinderbuch schreibende Wirtschaftsminister fand, das sei eine gute Idee, denn man hat das schon einmal gemacht. Geld, das man sich zwar geliehen, hat, aber f\u00fcr den urspr\u00fcnglichen Zweck der Abfederung des durch die Corona-Ma\u00dfnahmen ausgel\u00f6sten wirtschaftlichen Abschwungs nicht gebraucht wurde, gab man jetzt einfach f\u00fcr den Klimaschutz aus.\u00a0<\/p>\n<p>Nun hat der Deutsche Bundestag im Jahr 2010 einen Paragrafen ins Grundgesetz geschrieben, der auch von einem Kinderbuchautor stammen k\u00f6nnte, denn er folgt einer schlichten Logik und hei\u00dft Schuldenbremse. Man darf nur so viel Geld ausgeben, wie man einnimmt. Das klingt kinderbuchlogisch, hat aber mit Volkswirtschaft nichts zu tun.<\/p>\n<p>Das Bundesverfassungsgericht hat jetzt entschieden, dass all das, was sich der deutsche Wirtschaftsminister mit kindlicher Fantasie zusammengetr\u00e4umt hat, schlicht nicht geht, weil es eben gegen jenen Paragrafen verst\u00f6\u00dft. Denn was im Grundgesetz steht, muss beachtet werden, auch wenn es Unsinn ist. Man sollte daher vorher gut \u00fcberlegen, was man dort\u00a0reinschreibt.\u00a0<\/p>\n<p>Der gesamte Plan Habecks vom Umbau Deutschlands l\u00f6st sich in Luft auf. In einem <a rel=\"nofollow noopener\" target=\"_blank\" href=\"https:\/\/www.tagesschau.de\/inland\/innenpolitik\/habeck-tagesthemen-interview-100.html\">Interview <\/a>mit der <em>Tagesschau<\/em> gibt der Minister sogar zu, dass dies zu erwarten war. Und er f\u00fcgt hinzu, dass der Standard der Deutschen jetzt leider sinken wird. Sorry, kann man nichts machen. Der Kinderbuchautor aus dem Wirtschaftsministerium zuckt mit den Achseln.\u00a0<\/p>\n<blockquote>\n<p><em>&#8220;Aber dieses Urteil betrifft nicht irgendwelche scheinbar abstrusen Klimaschutzprojekte, sondern alle werden jetzt schon davon ber\u00fchrt sein. Die deutsche Volkswirtschaft wird durch dieses Urteil schrumpfen, weniger stark wachsen als vorhergesehen.&#8221;<\/em><\/p>\n<\/blockquote>\n<p>Habeck ist die Gestalt gewordene Realit\u00e4tsflucht. Robert Habeck\u00a0zweifelt\u00a0auch kein bisschen an seinem antirussischen Kurs. Die Frage, ob all die Abkehr von russischen Energietr\u00e4gern und der Konfrontationskurs gegen\u00fcber Russland nicht besser r\u00fcckg\u00e4ngig gemacht werden sollte, stellt sich ihm gar nicht erst. Die Deutschen werden den damit verbundenen Wohlstandsverlust und die neue Armut schon irgendwie aushalten k\u00f6nnen. Ist ja schlie\u00dflich f\u00fcr eine gute Sache, weil wir gegen den Diktator Putin sind, denkt sich der kindliche Minister.<\/p>\n<p>Russland ist \u00fcbrigens nach wie vor bereit, auch mit Deutschland Gesch\u00e4fte zu machen, sagte Putin erst k\u00fcrzlich wieder. Die aktuelle Krise und alles, was noch kommt, ist daher absolut hausgemacht. Sie speist sich vor allem aus dem Starrsinn Habecks, dessen Festhalten an Pl\u00e4nen, die nicht realistisch sind, und seinem irrationalen Hass auf Russland und alles Russische.\u00a0\u00a0<\/p>\n<p>Der Kinderbuchautor will sich obendrein noch aus der Verantwortung stehlen. Schuld am deutschen Wirtschaftsdesaster ist alle Welt, allen voran Putin, nur er nicht. Dabei ist alles, was Habeck anfasst, durchsetzt von Inkompetenz. Dass er den Klimatransformationsfond und vermutlich auch den Wirtschaftsstabilisierungsfond in den Sand gesetzt hat, sind keine Einzelf\u00e4lle. Neben dem Scheitern der Haushaltsplanung f\u00fcr seine zentralen Projekte betrifft das auch das Heizungsgesetz. Dessen Kernst\u00fcck ist die kommunale W\u00e4rmeplanung. An ihr orientieren sich die Fristen und Laufzeiten, dort wird die gesamte Planung verankert. Nur: Die kommunale W\u00e4rmeplanung kommt erst sp\u00e4ter, w\u00e4hrend das Heizungsgesetz schon am 1. Januar 2024 in Kraft tritt. Chaos in Gesetz gegossen.\u00a0<\/p>\n<p>Es gibt sicherlich keine klar gezogene Linie, ab welchem Grad des Versagens ein Minister zur\u00fccktreten sollte. Klar aber ist, dass Robert Habeck inzwischen alle Linien \u00fcberschritten hat. Er sollte sich wieder Kinderb\u00fcchern widmen. Dort kann er seine Tr\u00e4ume leben. Im Wirtschaftsministerium richtet er nur Schaden an. Das hat er inzwischen zur Gen\u00fcge bewiesen. Den Schaden, den er anrichtet, m\u00fcssen die Deutschen durch sinkenden Lebensstandard, wachsende Armut und Unsicherheit aber nicht in einer bunten Kinderbuchwelt, sondern in der Realit\u00e4t ausbaden.\u00a0<\/p>\n<p><strong>Mehr zum Thema<\/strong>\u00a0\u2013 <a rel=\"nofollow noopener\" target=\"_blank\" href=\"https:\/\/freedert.online\/meinung\/187337-plappern-wie-habeck-wirtschaftsminister-entdeckt\/\">Plappern wie Habeck: Ein Wirtschaftsminister entdeckt das Wort &#8220;Arbeitspl\u00e4tze&#8221;<\/a><\/p>\n<\/div>\n<p><br \/>\n<br \/><a href=\"https:\/\/de.rt.com\/meinung\/187689-russophobe-kinderbuchautoren-gehoeren-nicht-ins\/\">Source link <\/a><\/p>\n","protected":false},"excerpt":{"rendered":"<p>Robert Habeck hat sich v\u00f6llig verkalkuliert. Er wollte die deutsche Wirtschaft von Grund auf neu erfinden und gegen Russland aufstellen. Damit ist er v\u00f6llig gescheitert. Den Preis bezahlen die Deutschen mit dem wirtschaftlichen Niedergang des Landes. Es wird Zeit, dass Habeck geht. Von Gert Ewen Ungar In M\u00fclheim an der Ruhr steht seit geraumer Zeit [&hellip;]<\/p>\n","protected":false},"author":3,"featured_media":50162,"comment_status":"open","ping_status":"open","sticky":false,"template":"","format":"standard","meta":{"_yoast_indexnow_last_ping":["1700634832"],"wp_automatic_camp":["217"],"7b2f3c4ce6cdf78e7dfbc3a2e8fca6a6":["Wirtschaftseinbruch: Kinderbuchautoren geh\u00f6ren nicht ins Wirtschaftsministerium"],"original_link":["https:\/\/de.rt.com\/meinung\/187689-russophobe-kinderbuchautoren-gehoeren-nicht-ins\/"],"_thumbnail_id":["50162"],"jnews_social_counter_last_update":["1777372008"],"_wptgpro_p2tg_sent2tg":["a:1:{i:23737;s:19:\"2023-11-22 08:35:08\";}"]},"categories":[19,23],"tags":[12025,1678,50862,800,31379,33180],"yoast_head":"<!-- This site is optimized with the Yoast SEO Premium plugin v22.7 (Yoast SEO v22.7) - https:\/\/yoast.com\/wordpress\/plugins\/seo\/ -->\n<title>Wirtschaftseinbruch: Kinderbuchautoren geh\u00f6ren nicht ins Wirtschaftsministerium - just-now.NEWS Deutschland<\/title>\n<meta name=\"robots\" content=\"index, follow, max-snippet:-1, max-image-preview:large, max-video-preview:-1\" \/>\n<link rel=\"canonical\" href=\"https:\/\/now-news.de\/de\/deutschland\/wirtschaftseinbruch-kinderbuchautoren-gehoeren-nicht-ins-wirtschaftsministerium\/\" \/>\n<meta property=\"og:locale\" content=\"de_DE\" \/>\n<meta property=\"og:type\" content=\"article\" \/>\n<meta property=\"og:title\" content=\"Wirtschaftseinbruch: Kinderbuchautoren geh\u00f6ren nicht ins Wirtschaftsministerium\" \/>\n<meta property=\"og:description\" content=\"Robert Habeck hat sich v\u00f6llig verkalkuliert. Er wollte die deutsche Wirtschaft von Grund auf neu erfinden und gegen Russland aufstellen. Damit ist er v\u00f6llig gescheitert. Den Preis bezahlen die Deutschen mit dem wirtschaftlichen Niedergang des Landes. Es wird Zeit, dass Habeck geht. Von Gert Ewen Ungar In M\u00fclheim an der Ruhr steht seit geraumer Zeit [&hellip;]\" \/>\n<meta property=\"og:url\" content=\"https:\/\/now-news.de\/de\/deutschland\/wirtschaftseinbruch-kinderbuchautoren-gehoeren-nicht-ins-wirtschaftsministerium\/\" \/>\n<meta property=\"og:site_name\" content=\"just-now.NEWS Deutschland\" \/>\n<meta property=\"article:publisher\" content=\"https:\/\/www.facebook.com\/wirmachenauf\" \/>\n<meta property=\"article:published_time\" content=\"2023-11-22T06:30:00+00:00\" \/>\n<meta property=\"og:image\" content=\"https:\/\/now-news.de\/de\/wp-content\/uploads\/sites\/3\/2023\/11\/Wirtschaftseinbruch-Kinderbuchautoren-gehoeren-nicht-ins-Wirtschaftsministerium.jpg\" \/>\n\t<meta property=\"og:image:width\" content=\"460\" \/>\n\t<meta property=\"og:image:height\" content=\"259\" \/>\n\t<meta property=\"og:image:type\" content=\"image\/jpeg\" \/>\n<meta name=\"author\" content=\"rtnews\" \/>\n<meta name=\"twitter:card\" content=\"summary_large_image\" \/>\n<meta name=\"twitter:creator\" content=\"@WirMachenAuf_de\" \/>\n<meta name=\"twitter:site\" content=\"@WirMachenAuf_de\" \/>\n<meta name=\"twitter:label1\" content=\"Verfasst von\" \/>\n\t<meta name=\"twitter:data1\" content=\"rtnews\" \/>\n\t<meta name=\"twitter:label2\" content=\"Gesch\u00e4tzte Lesezeit\" \/>\n\t<meta name=\"twitter:data2\" content=\"7\u00a0Minuten\" \/>\n<script type=\"application\/ld+json\" class=\"yoast-schema-graph\">{\"@context\":\"https:\/\/schema.org\",\"@graph\":[{\"@type\":\"Article\",\"@id\":\"https:\/\/now-news.de\/de\/deutschland\/wirtschaftseinbruch-kinderbuchautoren-gehoeren-nicht-ins-wirtschaftsministerium\/#article\",\"isPartOf\":{\"@id\":\"https:\/\/now-news.de\/de\/deutschland\/wirtschaftseinbruch-kinderbuchautoren-gehoeren-nicht-ins-wirtschaftsministerium\/\"},\"author\":{\"name\":\"rtnews\",\"@id\":\"https:\/\/now-news.de\/de\/#\/schema\/person\/fb534a4e865501d8b3285208df34a9b5\"},\"headline\":\"Wirtschaftseinbruch: Kinderbuchautoren geh\u00f6ren nicht ins Wirtschaftsministerium\",\"datePublished\":\"2023-11-22T06:30:00+00:00\",\"dateModified\":\"2023-11-22T06:30:00+00:00\",\"mainEntityOfPage\":{\"@id\":\"https:\/\/now-news.de\/de\/deutschland\/wirtschaftseinbruch-kinderbuchautoren-gehoeren-nicht-ins-wirtschaftsministerium\/\"},\"wordCount\":1340,\"commentCount\":0,\"publisher\":{\"@id\":\"https:\/\/now-news.de\/de\/#organization\"},\"image\":{\"@id\":\"https:\/\/now-news.de\/de\/deutschland\/wirtschaftseinbruch-kinderbuchautoren-gehoeren-nicht-ins-wirtschaftsministerium\/#primaryimage\"},\"thumbnailUrl\":\"https:\/\/now-news.de\/de\/wp-content\/uploads\/sites\/3\/2023\/11\/Wirtschaftseinbruch-Kinderbuchautoren-gehoeren-nicht-ins-Wirtschaftsministerium.jpg\",\"keywords\":[\"geh\u00f6ren\",\"ins\",\"Kinderbuchautoren\",\"nicht\",\"Wirtschaftseinbruch\",\"Wirtschaftsministerium\"],\"articleSection\":[\"Deutschland\",\"Russland\"],\"inLanguage\":\"de\",\"potentialAction\":[{\"@type\":\"CommentAction\",\"name\":\"Comment\",\"target\":[\"https:\/\/now-news.de\/de\/deutschland\/wirtschaftseinbruch-kinderbuchautoren-gehoeren-nicht-ins-wirtschaftsministerium\/#respond\"]}]},{\"@type\":\"WebPage\",\"@id\":\"https:\/\/now-news.de\/de\/deutschland\/wirtschaftseinbruch-kinderbuchautoren-gehoeren-nicht-ins-wirtschaftsministerium\/\",\"url\":\"https:\/\/now-news.de\/de\/deutschland\/wirtschaftseinbruch-kinderbuchautoren-gehoeren-nicht-ins-wirtschaftsministerium\/\",\"name\":\"Wirtschaftseinbruch: Kinderbuchautoren geh\u00f6ren nicht ins Wirtschaftsministerium - just-now.NEWS Deutschland\",\"isPartOf\":{\"@id\":\"https:\/\/now-news.de\/de\/#website\"},\"primaryImageOfPage\":{\"@id\":\"https:\/\/now-news.de\/de\/deutschland\/wirtschaftseinbruch-kinderbuchautoren-gehoeren-nicht-ins-wirtschaftsministerium\/#primaryimage\"},\"image\":{\"@id\":\"https:\/\/now-news.de\/de\/deutschland\/wirtschaftseinbruch-kinderbuchautoren-gehoeren-nicht-ins-wirtschaftsministerium\/#primaryimage\"},\"thumbnailUrl\":\"https:\/\/now-news.de\/de\/wp-content\/uploads\/sites\/3\/2023\/11\/Wirtschaftseinbruch-Kinderbuchautoren-gehoeren-nicht-ins-Wirtschaftsministerium.jpg\",\"datePublished\":\"2023-11-22T06:30:00+00:00\",\"dateModified\":\"2023-11-22T06:30:00+00:00\",\"breadcrumb\":{\"@id\":\"https:\/\/now-news.de\/de\/deutschland\/wirtschaftseinbruch-kinderbuchautoren-gehoeren-nicht-ins-wirtschaftsministerium\/#breadcrumb\"},\"inLanguage\":\"de\",\"potentialAction\":[{\"@type\":\"ReadAction\",\"target\":[\"https:\/\/now-news.de\/de\/deutschland\/wirtschaftseinbruch-kinderbuchautoren-gehoeren-nicht-ins-wirtschaftsministerium\/\"]}]},{\"@type\":\"ImageObject\",\"inLanguage\":\"de\",\"@id\":\"https:\/\/now-news.de\/de\/deutschland\/wirtschaftseinbruch-kinderbuchautoren-gehoeren-nicht-ins-wirtschaftsministerium\/#primaryimage\",\"url\":\"https:\/\/now-news.de\/de\/wp-content\/uploads\/sites\/3\/2023\/11\/Wirtschaftseinbruch-Kinderbuchautoren-gehoeren-nicht-ins-Wirtschaftsministerium.jpg\",\"contentUrl\":\"https:\/\/now-news.de\/de\/wp-content\/uploads\/sites\/3\/2023\/11\/Wirtschaftseinbruch-Kinderbuchautoren-gehoeren-nicht-ins-Wirtschaftsministerium.jpg\",\"width\":460,\"height\":259,\"caption\":\"Wirtschaftseinbruch: Kinderbuchautoren geh\u00f6ren nicht ins Wirtschaftsministerium\"},{\"@type\":\"BreadcrumbList\",\"@id\":\"https:\/\/now-news.de\/de\/deutschland\/wirtschaftseinbruch-kinderbuchautoren-gehoeren-nicht-ins-wirtschaftsministerium\/#breadcrumb\",\"itemListElement\":[{\"@type\":\"ListItem\",\"position\":1,\"name\":\"Home\",\"item\":\"https:\/\/now-news.de\/de\/\"},{\"@type\":\"ListItem\",\"position\":2,\"name\":\"Wirtschaftseinbruch: Kinderbuchautoren geh\u00f6ren nicht ins Wirtschaftsministerium\"}]},{\"@type\":\"WebSite\",\"@id\":\"https:\/\/now-news.de\/de\/#website\",\"url\":\"https:\/\/now-news.de\/de\/\",\"name\":\"just-now.NEWS Deutschland\",\"description\":\"Das Portal f\u00fcr unzensierte Nachrichten aus der Welt\",\"publisher\":{\"@id\":\"https:\/\/now-news.de\/de\/#organization\"},\"potentialAction\":[{\"@type\":\"SearchAction\",\"target\":{\"@type\":\"EntryPoint\",\"urlTemplate\":\"https:\/\/now-news.de\/de\/?s={search_term_string}\"},\"query-input\":\"required name=search_term_string\"}],\"inLanguage\":\"de\"},{\"@type\":\"Organization\",\"@id\":\"https:\/\/now-news.de\/de\/#organization\",\"name\":\"Just Now News\",\"url\":\"https:\/\/now-news.de\/de\/\",\"logo\":{\"@type\":\"ImageObject\",\"inLanguage\":\"de\",\"@id\":\"https:\/\/now-news.de\/de\/#\/schema\/logo\/image\/\",\"url\":\"http:\/\/just-now.news\/de\/wp-content\/uploads\/sites\/3\/2022\/04\/logo500x500.jpg\",\"contentUrl\":\"http:\/\/just-now.news\/de\/wp-content\/uploads\/sites\/3\/2022\/04\/logo500x500.jpg\",\"width\":500,\"height\":500,\"caption\":\"Just Now News\"},\"image\":{\"@id\":\"https:\/\/now-news.de\/de\/#\/schema\/logo\/image\/\"},\"sameAs\":[\"https:\/\/www.facebook.com\/wirmachenauf\",\"https:\/\/x.com\/WirMachenAuf_de\"]},{\"@type\":\"Person\",\"@id\":\"https:\/\/now-news.de\/de\/#\/schema\/person\/fb534a4e865501d8b3285208df34a9b5\",\"name\":\"rtnews\",\"image\":{\"@type\":\"ImageObject\",\"inLanguage\":\"de\",\"@id\":\"https:\/\/now-news.de\/de\/#\/schema\/person\/image\/\",\"url\":\"https:\/\/secure.gravatar.com\/avatar\/82aafea7d8127119dd649515f56e2117?s=96&d=mm&r=g\",\"contentUrl\":\"https:\/\/secure.gravatar.com\/avatar\/82aafea7d8127119dd649515f56e2117?s=96&d=mm&r=g\",\"caption\":\"rtnews\"},\"url\":\"https:\/\/now-news.de\/de\/author\/rnews\/\"}]}<\/script>\n<!-- \/ Yoast SEO Premium plugin. -->","yoast_head_json":{"title":"Wirtschaftseinbruch: Kinderbuchautoren geh\u00f6ren nicht ins Wirtschaftsministerium - just-now.NEWS Deutschland","robots":{"index":"index","follow":"follow","max-snippet":"max-snippet:-1","max-image-preview":"max-image-preview:large","max-video-preview":"max-video-preview:-1"},"canonical":"https:\/\/now-news.de\/de\/deutschland\/wirtschaftseinbruch-kinderbuchautoren-gehoeren-nicht-ins-wirtschaftsministerium\/","og_locale":"de_DE","og_type":"article","og_title":"Wirtschaftseinbruch: Kinderbuchautoren geh\u00f6ren nicht ins Wirtschaftsministerium","og_description":"Robert Habeck hat sich v\u00f6llig verkalkuliert. Er wollte die deutsche Wirtschaft von Grund auf neu erfinden und gegen Russland aufstellen. Damit ist er v\u00f6llig gescheitert. Den Preis bezahlen die Deutschen mit dem wirtschaftlichen Niedergang des Landes. Es wird Zeit, dass Habeck geht. Von Gert Ewen Ungar In M\u00fclheim an der Ruhr steht seit geraumer Zeit [&hellip;]","og_url":"https:\/\/now-news.de\/de\/deutschland\/wirtschaftseinbruch-kinderbuchautoren-gehoeren-nicht-ins-wirtschaftsministerium\/","og_site_name":"just-now.NEWS Deutschland","article_publisher":"https:\/\/www.facebook.com\/wirmachenauf","article_published_time":"2023-11-22T06:30:00+00:00","og_image":[{"width":460,"height":259,"url":"https:\/\/now-news.de\/de\/wp-content\/uploads\/sites\/3\/2023\/11\/Wirtschaftseinbruch-Kinderbuchautoren-gehoeren-nicht-ins-Wirtschaftsministerium.jpg","type":"image\/jpeg"}],"author":"rtnews","twitter_card":"summary_large_image","twitter_creator":"@WirMachenAuf_de","twitter_site":"@WirMachenAuf_de","twitter_misc":{"Verfasst von":"rtnews","Gesch\u00e4tzte Lesezeit":"7\u00a0Minuten"},"schema":{"@context":"https:\/\/schema.org","@graph":[{"@type":"Article","@id":"https:\/\/now-news.de\/de\/deutschland\/wirtschaftseinbruch-kinderbuchautoren-gehoeren-nicht-ins-wirtschaftsministerium\/#article","isPartOf":{"@id":"https:\/\/now-news.de\/de\/deutschland\/wirtschaftseinbruch-kinderbuchautoren-gehoeren-nicht-ins-wirtschaftsministerium\/"},"author":{"name":"rtnews","@id":"https:\/\/now-news.de\/de\/#\/schema\/person\/fb534a4e865501d8b3285208df34a9b5"},"headline":"Wirtschaftseinbruch: Kinderbuchautoren geh\u00f6ren nicht ins Wirtschaftsministerium","datePublished":"2023-11-22T06:30:00+00:00","dateModified":"2023-11-22T06:30:00+00:00","mainEntityOfPage":{"@id":"https:\/\/now-news.de\/de\/deutschland\/wirtschaftseinbruch-kinderbuchautoren-gehoeren-nicht-ins-wirtschaftsministerium\/"},"wordCount":1340,"commentCount":0,"publisher":{"@id":"https:\/\/now-news.de\/de\/#organization"},"image":{"@id":"https:\/\/now-news.de\/de\/deutschland\/wirtschaftseinbruch-kinderbuchautoren-gehoeren-nicht-ins-wirtschaftsministerium\/#primaryimage"},"thumbnailUrl":"https:\/\/now-news.de\/de\/wp-content\/uploads\/sites\/3\/2023\/11\/Wirtschaftseinbruch-Kinderbuchautoren-gehoeren-nicht-ins-Wirtschaftsministerium.jpg","keywords":["geh\u00f6ren","ins","Kinderbuchautoren","nicht","Wirtschaftseinbruch","Wirtschaftsministerium"],"articleSection":["Deutschland","Russland"],"inLanguage":"de","potentialAction":[{"@type":"CommentAction","name":"Comment","target":["https:\/\/now-news.de\/de\/deutschland\/wirtschaftseinbruch-kinderbuchautoren-gehoeren-nicht-ins-wirtschaftsministerium\/#respond"]}]},{"@type":"WebPage","@id":"https:\/\/now-news.de\/de\/deutschland\/wirtschaftseinbruch-kinderbuchautoren-gehoeren-nicht-ins-wirtschaftsministerium\/","url":"https:\/\/now-news.de\/de\/deutschland\/wirtschaftseinbruch-kinderbuchautoren-gehoeren-nicht-ins-wirtschaftsministerium\/","name":"Wirtschaftseinbruch: Kinderbuchautoren geh\u00f6ren nicht ins Wirtschaftsministerium - just-now.NEWS Deutschland","isPartOf":{"@id":"https:\/\/now-news.de\/de\/#website"},"primaryImageOfPage":{"@id":"https:\/\/now-news.de\/de\/deutschland\/wirtschaftseinbruch-kinderbuchautoren-gehoeren-nicht-ins-wirtschaftsministerium\/#primaryimage"},"image":{"@id":"https:\/\/now-news.de\/de\/deutschland\/wirtschaftseinbruch-kinderbuchautoren-gehoeren-nicht-ins-wirtschaftsministerium\/#primaryimage"},"thumbnailUrl":"https:\/\/now-news.de\/de\/wp-content\/uploads\/sites\/3\/2023\/11\/Wirtschaftseinbruch-Kinderbuchautoren-gehoeren-nicht-ins-Wirtschaftsministerium.jpg","datePublished":"2023-11-22T06:30:00+00:00","dateModified":"2023-11-22T06:30:00+00:00","breadcrumb":{"@id":"https:\/\/now-news.de\/de\/deutschland\/wirtschaftseinbruch-kinderbuchautoren-gehoeren-nicht-ins-wirtschaftsministerium\/#breadcrumb"},"inLanguage":"de","potentialAction":[{"@type":"ReadAction","target":["https:\/\/now-news.de\/de\/deutschland\/wirtschaftseinbruch-kinderbuchautoren-gehoeren-nicht-ins-wirtschaftsministerium\/"]}]},{"@type":"ImageObject","inLanguage":"de","@id":"https:\/\/now-news.de\/de\/deutschland\/wirtschaftseinbruch-kinderbuchautoren-gehoeren-nicht-ins-wirtschaftsministerium\/#primaryimage","url":"https:\/\/now-news.de\/de\/wp-content\/uploads\/sites\/3\/2023\/11\/Wirtschaftseinbruch-Kinderbuchautoren-gehoeren-nicht-ins-Wirtschaftsministerium.jpg","contentUrl":"https:\/\/now-news.de\/de\/wp-content\/uploads\/sites\/3\/2023\/11\/Wirtschaftseinbruch-Kinderbuchautoren-gehoeren-nicht-ins-Wirtschaftsministerium.jpg","width":460,"height":259,"caption":"Wirtschaftseinbruch: Kinderbuchautoren geh\u00f6ren nicht ins Wirtschaftsministerium"},{"@type":"BreadcrumbList","@id":"https:\/\/now-news.de\/de\/deutschland\/wirtschaftseinbruch-kinderbuchautoren-gehoeren-nicht-ins-wirtschaftsministerium\/#breadcrumb","itemListElement":[{"@type":"ListItem","position":1,"name":"Home","item":"https:\/\/now-news.de\/de\/"},{"@type":"ListItem","position":2,"name":"Wirtschaftseinbruch: Kinderbuchautoren geh\u00f6ren nicht ins Wirtschaftsministerium"}]},{"@type":"WebSite","@id":"https:\/\/now-news.de\/de\/#website","url":"https:\/\/now-news.de\/de\/","name":"just-now.NEWS Deutschland","description":"Das Portal f\u00fcr unzensierte Nachrichten aus der Welt","publisher":{"@id":"https:\/\/now-news.de\/de\/#organization"},"potentialAction":[{"@type":"SearchAction","target":{"@type":"EntryPoint","urlTemplate":"https:\/\/now-news.de\/de\/?s={search_term_string}"},"query-input":"required name=search_term_string"}],"inLanguage":"de"},{"@type":"Organization","@id":"https:\/\/now-news.de\/de\/#organization","name":"Just Now News","url":"https:\/\/now-news.de\/de\/","logo":{"@type":"ImageObject","inLanguage":"de","@id":"https:\/\/now-news.de\/de\/#\/schema\/logo\/image\/","url":"http:\/\/just-now.news\/de\/wp-content\/uploads\/sites\/3\/2022\/04\/logo500x500.jpg","contentUrl":"http:\/\/just-now.news\/de\/wp-content\/uploads\/sites\/3\/2022\/04\/logo500x500.jpg","width":500,"height":500,"caption":"Just Now News"},"image":{"@id":"https:\/\/now-news.de\/de\/#\/schema\/logo\/image\/"},"sameAs":["https:\/\/www.facebook.com\/wirmachenauf","https:\/\/x.com\/WirMachenAuf_de"]},{"@type":"Person","@id":"https:\/\/now-news.de\/de\/#\/schema\/person\/fb534a4e865501d8b3285208df34a9b5","name":"rtnews","image":{"@type":"ImageObject","inLanguage":"de","@id":"https:\/\/now-news.de\/de\/#\/schema\/person\/image\/","url":"https:\/\/secure.gravatar.com\/avatar\/82aafea7d8127119dd649515f56e2117?s=96&d=mm&r=g","contentUrl":"https:\/\/secure.gravatar.com\/avatar\/82aafea7d8127119dd649515f56e2117?s=96&d=mm&r=g","caption":"rtnews"},"url":"https:\/\/now-news.de\/de\/author\/rnews\/"}]}},"_links":{"self":[{"href":"https:\/\/now-news.de\/de\/wp-json\/wp\/v2\/posts\/50161"}],"collection":[{"href":"https:\/\/now-news.de\/de\/wp-json\/wp\/v2\/posts"}],"about":[{"href":"https:\/\/now-news.de\/de\/wp-json\/wp\/v2\/types\/post"}],"author":[{"embeddable":true,"href":"https:\/\/now-news.de\/de\/wp-json\/wp\/v2\/users\/3"}],"replies":[{"embeddable":true,"href":"https:\/\/now-news.de\/de\/wp-json\/wp\/v2\/comments?post=50161"}],"version-history":[{"count":0,"href":"https:\/\/now-news.de\/de\/wp-json\/wp\/v2\/posts\/50161\/revisions"}],"wp:featuredmedia":[{"embeddable":true,"href":"https:\/\/now-news.de\/de\/wp-json\/wp\/v2\/media\/50162"}],"wp:attachment":[{"href":"https:\/\/now-news.de\/de\/wp-json\/wp\/v2\/media?parent=50161"}],"wp:term":[{"taxonomy":"category","embeddable":true,"href":"https:\/\/now-news.de\/de\/wp-json\/wp\/v2\/categories?post=50161"},{"taxonomy":"post_tag","embeddable":true,"href":"https:\/\/now-news.de\/de\/wp-json\/wp\/v2\/tags?post=50161"}],"curies":[{"name":"wp","href":"https:\/\/api.w.org\/{rel}","templated":true}]}}