{"id":50126,"date":"2023-11-21T13:37:19","date_gmt":"2023-11-21T11:37:19","guid":{"rendered":"https:\/\/just-now.news\/de\/deutschland\/botschafter-ljubinski-zum-maidan-ein-tragisches-jubilaeum-worueber-der-westen-schweigt\/"},"modified":"2023-11-21T13:37:19","modified_gmt":"2023-11-21T11:37:19","slug":"botschafter-ljubinski-zum-maidan-ein-tragisches-jubilaeum-worueber-der-westen-schweigt","status":"publish","type":"post","link":"https:\/\/now-news.de\/de\/deutschland\/botschafter-ljubinski-zum-maidan-ein-tragisches-jubilaeum-worueber-der-westen-schweigt\/","title":{"rendered":"Botschafter Ljubinski zum Maidan: Ein tragisches Jubil\u00e4um \u2013 Wor\u00fcber der Westen schweigt"},"content":{"rendered":"<p><img decoding=\"async\" src=\"http:\/\/just-now.news\/de\/wp-content\/uploads\/sites\/3\/2023\/11\/655c7b8e48fbef155803de81.jpg\" \/><\/p>\n<div class=\"Text-root Text-type_1 \">\n                Vor zehn Jahren begannen die vom Westen gro\u00dfz\u00fcgig gef\u00f6rderten regierungsfeindlichen Massenproteste in Kiews Stadtzentrum. Daran erinnert Dmitri Ljubinski, russischer Botschafter in \u00d6sterreich, in einem Gastbeitrag f\u00fcr &#8220;RT DE&#8221;, bei dem er Geschichte und Hintergr\u00fcnde der Ukrainekrise beleuchtet.\n            <\/div>\n<p><\/p>\n<div class=\"Text-root Text-type_5 ArticleView-text ViewText-root \">\n<p><em>Von Dmitri Ljubinski<\/em><\/p>\n<p><strong><\/strong> Am 21. November j\u00e4hrt sich heuer zum 10. Mal ein ganz tragisches Datum \u2013 der Beginn des sogenannten &#8220;Euromaidans&#8221; in der Ukraine. Zur Erinnerung: nach der Entscheidung des ukrainischen Pr\u00e4sidenten Wiktor Janukowitsch, die Verhandlungen mit der EU \u00fcber ein Assoziierungsabkommen auszusetzen, waren damals brutale Stra\u00dfenschlachten zwischen nationalistischen Gruppierungen und der Polizei in Kiew ausgebrochen. Diese uferten schlie\u00dflich mit tatkr\u00e4ftiger Brandstiftung durch EU und die NATO in einem Staatsstreich.<\/p>\n<p>Erst am 21. Februar 2014 wurde zwischen Janukowitsch und der Opposition unter Vermittlung der deutschen, franz\u00f6sischen und polnischen Vertreter eine Vereinbarung \u00fcber die Beilegung der Krise erzielt. Die Mitunterzeichner \u2013 beide Au\u00dfenminister Steinmeier und Sikorski, sowie der Au\u00dfenministeriumsdirektor Fournier \u2013 d\u00fcrfen wenig stolz darauf sein, das unter diesem Dokument bezeugt zu haben, denn es stellte sich als ein reines Ablenkungsman\u00f6ver heraus, das ausschlie\u00dflich den Abzug der Polizeieinheiten bewirken sollte. Keiner der Putschisten hatte ernsthaft vor, die Waffen niederzulegen, eine von dem Abkommen vorgesehene \u201eRegierung der nationalen Einheit\u201c zu bilden, oder die Neuwahlen des Pr\u00e4sidenten nur wenige Monate abzuwarten. Auch die westlichen &#8220;Vermittler&#8221; schien die Einhaltung dieser Vereinbarung herzlich wenig zu interessieren. Sie goutierten die Vertreibung des demokratisch gew\u00e4hlten Pr\u00e4sidenten und bezeichneten den Umsturz als \u201edemokratisch\u201c. Man braucht \u00fcberhaupt nicht zu erw\u00e4hnen, dass keiner der Schuldigen daf\u00fcr zur Rechenschaft gezogen wurde.<\/p>\n<p>Der Kiewer Staatsstreich trieb einen tiefen Keil in die ukrainische Gesellschaft, f\u00fchrte zum Aufstieg nationalistischer Bewegungen in westlichen Gebieten des Landes, der Verfolgung und Verbannung der russischen Sprache, sowie zur Versch\u00e4rfung der wirtschaftlichen und sozialen Lage im Land. Die allerersten politischen Initiativen der neuen &#8220;F\u00fchrung&#8221; in Kiew waren auf die Einschr\u00e4nkung der Rechte der russischsprachigen Bev\u00f6lkerung gerichtet. Schon am 23. Februar 2014 wurde das Gesetz au\u00dfer Kraft gesetzt und dadurch der russischen Sprache der regionale Status in einer Reihe von Regionen entzogen. Nur wenige Wochen sp\u00e4ter wurde vier russischsprachigen Fernsehkan\u00e4len die Sendeerlaubnis entzogen.<\/p>\n<p>Dies f\u00fchrte zu einer Welle von Protesten im S\u00fcdosten der Ukraine \u2013 in Dnepropetrowsk, Donezk, Lugansk, Charkow und anderen St\u00e4dten. Unter den wichtigsten Forderungen der Teilnehmer war die Durchf\u00fchrung eines Referendums \u00fcber die F\u00f6deralisierung der Ukraine, sowie \u00fcber den Status der russischen Sprache. Die zahlreichen Teilnehmer solcher Kundgebungen wurden zu Opfern von gewaltt\u00e4tigen \u00dcbergriffen seitens nationalistischer Gruppierungen. Ein schrecklicher Angriff in Odessa Anfang Mai endete besonders tragisch. Rechtsradikale Kr\u00e4fte trieben Aktivisten, die f\u00fcr ein solches Referendum die Unterschriften sammelten, mit Gewalt in das Haus der Gewerkschaften und z\u00fcndeten es an. 48 Menschen wurden lebendig verbrannt. Es er\u00fcbrigt sich auch hier zu sagen, dass die Kiewer Putschisten an ernsthaften Ermittlung gar nicht interessiert waren \u2013 die Schuldigen wurden weder gesucht noch gefunden. Ich bitte sie alle ganz ernsthaft sich dieses traurige Datum \u2013 den 02.05.2014 \u2013 vorzumerken \u2013 im Westen pflegt man nach eigenen willk\u00fcrlichen &#8220;Regeln&#8221; solche neonazistischen Verbrechen gegen die Menschlichkeit zu schnell vergessen zu lassen oder gar nicht zu bemerken.<\/p>\n<p>Menschen im Osten der Ukraine begannen sich zusehend im eigenen Land entfremdet und diskriminiert zu f\u00fchlen. Sie wollten sich nicht mit den Entscheidungen einer illegitimen Regierung abfinden und nahmen ihr eigenes Schicksal selber in die Hand.<\/p>\n<p>Am 7. April 2014 wurde in Donezk der Republikanische Volksrat gebildet, der die Unabh\u00e4ngigkeit der Donezker Volksrepublik (DVR) verk\u00fcndete, die Lugansker Volksrepublik (LVR) wurde am 27. April 2014 ausgerufen. Daraufhin erkl\u00e4rte die illegitime Kiewer &#8220;F\u00fchrung&#8221; den Beginn einer &#8220;Antiterroroperation&#8221; im Donbass \u2013 einen brutalen und blutigen Krieg gegen die Zivilbev\u00f6lkerung des eigenen Landes. Nur mit riesiger M\u00fche konnten die aktiven Kampfhandlungen erst ein Jahr sp\u00e4ter beendet werden, als im Februar 2015 die Minsker Abkommen unterzeichnet wurden. Diese best\u00e4tigten die vollst\u00e4ndige Souver\u00e4nit\u00e4t und territoriale Integrit\u00e4t der Ukraine. Die DVR und LVR erkl\u00e4rten sich bereit, nicht auf die Unabh\u00e4ngigkeit von Kiew zu bestehen. Ihre Autonomie im Bestand der Ukraine sollte bescheiden werden: die Beibehaltung der russischen Sprache (was vollkommen den Forderungen mehrerer internationaler Konventionen \u00fcber die Rechte von Sprachminderheiten entsprach), die Bildung einer eigenen Polizei, das Recht auf Pr\u00fcfung der Kandidaturen von Richtern und Staatsanw\u00e4lten in diesen Regionen, sowie einige wirtschaftliche Privilegien. \u00c4hnliche Vereinbarungen gab es bereits, z.\u00a0B. zwischen der Republik Srpska und Bosnien Herzegowina.<\/p>\n<p>Der vom UN-Sicherheitsrat bekr\u00e4ftigte Minsker Ma\u00dfnahmenkomplex stellte eine reale M\u00f6glichkeit zur Beilegung des Ukraine-Konflikts dar. Diese wurde aber durch die willentliche Sabotage von Kiew und den westlichen &#8220;Garanten&#8221; Deutschland und Frankreich verpulvert. Angela Merkel, Fran\u00e7ois Hollande und Petro Poroschenko haben sp\u00e4ter offen, zufrieden und sogar mit Stolz zugegeben, dass dieses Dokument nur Papier wert war, nie wirklich umgesetzt werden sollte, sondern lediglich dazu diente, Zeit zu schinden, um die Ukraine mit Waffen gegen Russland vollzupumpen.<\/p>\n<p>All die folgenden Jahre gingen die Bombardements der Zivilbev\u00f6lkerung und Infrastruktur im Donbass weiter, die Ukraine r\u00fcstete auf. Nach Angaben des Hohen Kommissars der Vereinten Nationen f\u00fcr Menschenrechte sind bis zum 31. Dezember 2021 dem Konflikt in der Ukraine \u00fcber 14.000 Menschen zum Opfer gefallen. Es war absolut offensichtlich geworden, dass keine Umsetzung der Resolution des UN-Sicherheitsrates oder der Minsker Abkommen in Sicht war. Die Ukraine hatte sich f\u00fcr einen &#8220;Plan B&#8221; entschieden. Es blieb Russland nichts anderes \u00fcbrig, als die Unabh\u00e4ngigkeit der beiden Republiken anzuerkennen, mit ihnen Beistandsvertr\u00e4ge zu unterzeichnen und milit\u00e4rische Hilfe zum Schutz der Bev\u00f6lkerung vor der ukrainischen &#8220;F\u00fchrung&#8221; zu leisten.<\/p>\n<p>Kiew seinerseits vergeudete keine Zeit. Gesetz f\u00fcr Gesetz wurde dort das Verbot der russischen Sprache in der Bildung, in den Medien, sowie sp\u00e4ter im \u00f6ffentlichen Leben festgelegt. Gleichzeitig wurden nazistische Handlanger, die Hitler und seinen Verbrecherherden begeistert folgten, in der Waffen-SS dienten und vom N\u00fcrnberger Tribunal verurteilt wurden, auf gesetzlicher Ebene zu Volkshelden erkl\u00e4rt. Das alles war klares Zeugnis davon, dass die Ukraine klar auf dem Kurs des Russenhasses und des Neonazismus ist.<\/p>\n<p>Die friedenserzwingende spezielle Milit\u00e4roperation geht weiter und wird mit voller Sicherheit ihre Ziele erreichen. Es ist aber auch wichtig zu betonen, dass Moskau von Anfang an f\u00fcr Verhandlungen offen war. So sind wir nur einige Tage nach ihrem Beginn dem Wunsch Kiews nach Friedensgespr\u00e4chen nachgekommen. Ende April 2022 pr\u00e4sentierte die ukrainische Seite in Istanbul eine Prinzipienliste, auf deren Grundlage sie bereit w\u00e4re, den Konflikt beizulegen. Wir stimmten zu und schlugen vor, diese vertraglich festzuhalten. Mitte April 2022 pr\u00e4sentierten wir solchen Vertragsentwurf. Die R\u00fcckmeldung darauf folgte nicht \u2013 es wurde Kiew einfach von seinen westlichen Kuratoren nicht erlaubt. Seitdem h\u00f6rten wir nur unz\u00e4hlige Erkl\u00e4rungen von Selenskij und seiner Beraterhorde, die Ukraine sei nur dann zu Verhandlungen bereit, wenn &#8220;Russland besiegt und ukrainische Gebiete zur\u00fcckerobert&#8221; w\u00e4ren. Derweil beschie\u00dft Kiew diese armen Gebiete tagt\u00e4glich und immer heftiger mit moderner, auch verbotener westlicher Munition \u2013 Wohn- und Krankenh\u00e4user, Schulen und Kinderg\u00e4rten \u2013 gerade die Menschen, die, wie sie behaupten, sp\u00e4ter unter ihre Verwaltung zur\u00fcckkehren sollten.<\/p>\n<p>Aber auch der Westen l\u00e4sst sich immer tiefer in den Konflikt hineinziehen, \u00fcberschreitet wiederholt seine eigenen roten Linien und ist bereit &#8220;bis zum letzten Ukrainer zu k\u00e4mpfen&#8221;. Man fordert, dass die Ukraine keine Verhandlungen beginnen solle, bis Russland &#8220;auf dem Schlachtfeld besiegt&#8221; sei. Das sind offizielle sinnlose Erkl\u00e4rungen, die von Washington, Berlin, Br\u00fcssel, London, leider aber auch von Wien gedankenlos wiederholt werden.<\/p>\n<p>Unter solchen Umst\u00e4nden sieht Russland keine andere Option, als die Fortsetzung der speziellen Milit\u00e4roperation. Bis die Ziele vollst\u00e4ndig erreicht sind \u2013 die Demilitarisierung und Denazifizierung der Ukraine, die Gew\u00e4hrleistung der Sicherheit Russlands und ihrer neuen Regionen. Und diese Ziele werden erf\u00fcllt, ob es dem Westen gef\u00e4llt oder nicht. Sein totaler Fehler war es, unsere Vorschl\u00e4ge zur Architektur der europ\u00e4ischen Sicherheit im Dezember 2021 arrogant abzuweisen. Zu diesem Dialog werden wir unausweichlich zur\u00fcckkehren, aber in Anbetracht neuer Bedingungen und Realien.<\/p>\n<p><strong>Mehr zum Thema<\/strong> \u2013 <a rel=\"nofollow noopener\" target=\"_blank\" href=\"https:\/\/freeassange.rtde.life\/meinung\/187600-sergei-netschajew-euromaidan-als-ukrainische\/\">Botschafter Netschajew: Der &#8220;Euromaidan&#8221; als ukrainische Trag\u00f6die<\/a><\/p>\n<div class=\"EmbedBlock-root EmbedBlock-externalVideo EmbedBlock-vk\">\n<div class=\"VkEmbed\"><iframe class=\"lazyload\" data-src=\"https:\/\/vk.com\/video_ext.php?oid=-134310637&amp;id=456272054&amp;hash=5fb1d3d68ae28173\" frameborder=\"0\" width=\"853\" height=\"480\" allowfullscreen><\/iframe><\/div>\n<\/div>\n<\/div>\n<p><br \/>\n<br \/><a href=\"https:\/\/de.rt.com\/meinung\/187636-maidan-tragisches-jubilaeum-worueber-der-westen-schweigt\/\">Source link <\/a><\/p>\n","protected":false},"excerpt":{"rendered":"<p>Vor zehn Jahren begannen die vom Westen gro\u00dfz\u00fcgig gef\u00f6rderten regierungsfeindlichen Massenproteste in Kiews Stadtzentrum. Daran erinnert Dmitri Ljubinski, russischer Botschafter in \u00d6sterreich, in einem Gastbeitrag f\u00fcr &#8220;RT DE&#8221;, bei dem er Geschichte und Hintergr\u00fcnde der Ukrainekrise beleuchtet. Von Dmitri Ljubinski Am 21. November j\u00e4hrt sich heuer zum 10. Mal ein ganz tragisches Datum \u2013 der [&hellip;]<\/p>\n","protected":false},"author":3,"featured_media":50127,"comment_status":"open","ping_status":"open","sticky":false,"template":"","format":"standard","meta":{"_yoast_indexnow_last_ping":["1700566743"],"wp_automatic_camp":["217"],"e4bae6ccc205b6d2abe061038d82cb6d":["Botschafter Ljubinski zum Maidan: Ein tragisches Jubil\u00e4um \u2013 Wor\u00fcber der Westen schweigt"],"original_link":["https:\/\/de.rt.com\/meinung\/187636-maidan-tragisches-jubilaeum-worueber-der-westen-schweigt\/"],"_thumbnail_id":["50127"],"jnews_social_counter_last_update":["1777171512"],"_wptgpro_p2tg_sent2tg":["a:1:{i:23737;s:19:\"2023-11-21 13:40:12\";}"]},"categories":[19,23],"tags":[4992,82,357,18652,50839,36558,30962,50840,378,50841,565],"yoast_head":"<!-- This site is optimized with the Yoast SEO Premium plugin v22.7 (Yoast SEO v22.7) - https:\/\/yoast.com\/wordpress\/plugins\/seo\/ -->\n<title>Botschafter Ljubinski zum Maidan: Ein tragisches Jubil\u00e4um \u2013 Wor\u00fcber der Westen schweigt - just-now.NEWS Deutschland<\/title>\n<meta name=\"robots\" content=\"index, follow, max-snippet:-1, max-image-preview:large, max-video-preview:-1\" \/>\n<link rel=\"canonical\" href=\"https:\/\/now-news.de\/de\/deutschland\/botschafter-ljubinski-zum-maidan-ein-tragisches-jubilaeum-worueber-der-westen-schweigt\/\" \/>\n<meta property=\"og:locale\" content=\"de_DE\" \/>\n<meta property=\"og:type\" content=\"article\" \/>\n<meta property=\"og:title\" content=\"Botschafter Ljubinski zum Maidan: Ein tragisches Jubil\u00e4um \u2013 Wor\u00fcber der Westen schweigt\" \/>\n<meta property=\"og:description\" content=\"Vor zehn Jahren begannen die vom Westen gro\u00dfz\u00fcgig gef\u00f6rderten regierungsfeindlichen Massenproteste in Kiews Stadtzentrum. Daran erinnert Dmitri Ljubinski, russischer Botschafter in \u00d6sterreich, in einem Gastbeitrag f\u00fcr &#8220;RT DE&#8221;, bei dem er Geschichte und Hintergr\u00fcnde der Ukrainekrise beleuchtet. Von Dmitri Ljubinski Am 21. November j\u00e4hrt sich heuer zum 10. Mal ein ganz tragisches Datum \u2013 der [&hellip;]\" \/>\n<meta property=\"og:url\" content=\"https:\/\/now-news.de\/de\/deutschland\/botschafter-ljubinski-zum-maidan-ein-tragisches-jubilaeum-worueber-der-westen-schweigt\/\" \/>\n<meta property=\"og:site_name\" content=\"just-now.NEWS Deutschland\" \/>\n<meta property=\"article:publisher\" content=\"https:\/\/www.facebook.com\/wirmachenauf\" \/>\n<meta property=\"article:published_time\" content=\"2023-11-21T11:37:19+00:00\" \/>\n<meta property=\"og:image\" content=\"https:\/\/now-news.de\/de\/wp-content\/uploads\/sites\/3\/2023\/11\/Botschafter-Ljubinski-zum-Maidan-Ein-tragisches-Jubilaeum-\u2013-Worueber-der.jpg\" \/>\n\t<meta property=\"og:image:width\" content=\"460\" \/>\n\t<meta property=\"og:image:height\" content=\"259\" \/>\n\t<meta property=\"og:image:type\" content=\"image\/jpeg\" \/>\n<meta name=\"author\" content=\"rtnews\" \/>\n<meta name=\"twitter:card\" content=\"summary_large_image\" \/>\n<meta name=\"twitter:creator\" content=\"@WirMachenAuf_de\" \/>\n<meta name=\"twitter:site\" content=\"@WirMachenAuf_de\" \/>\n<meta name=\"twitter:label1\" content=\"Verfasst von\" \/>\n\t<meta name=\"twitter:data1\" content=\"rtnews\" \/>\n\t<meta name=\"twitter:label2\" content=\"Gesch\u00e4tzte Lesezeit\" \/>\n\t<meta name=\"twitter:data2\" content=\"7\u00a0Minuten\" \/>\n<script type=\"application\/ld+json\" class=\"yoast-schema-graph\">{\"@context\":\"https:\/\/schema.org\",\"@graph\":[{\"@type\":\"Article\",\"@id\":\"https:\/\/now-news.de\/de\/deutschland\/botschafter-ljubinski-zum-maidan-ein-tragisches-jubilaeum-worueber-der-westen-schweigt\/#article\",\"isPartOf\":{\"@id\":\"https:\/\/now-news.de\/de\/deutschland\/botschafter-ljubinski-zum-maidan-ein-tragisches-jubilaeum-worueber-der-westen-schweigt\/\"},\"author\":{\"name\":\"rtnews\",\"@id\":\"https:\/\/now-news.de\/de\/#\/schema\/person\/fb534a4e865501d8b3285208df34a9b5\"},\"headline\":\"Botschafter Ljubinski zum Maidan: Ein tragisches Jubil\u00e4um \u2013 Wor\u00fcber der Westen schweigt\",\"datePublished\":\"2023-11-21T11:37:19+00:00\",\"dateModified\":\"2023-11-21T11:37:19+00:00\",\"mainEntityOfPage\":{\"@id\":\"https:\/\/now-news.de\/de\/deutschland\/botschafter-ljubinski-zum-maidan-ein-tragisches-jubilaeum-worueber-der-westen-schweigt\/\"},\"wordCount\":1357,\"commentCount\":0,\"publisher\":{\"@id\":\"https:\/\/now-news.de\/de\/#organization\"},\"image\":{\"@id\":\"https:\/\/now-news.de\/de\/deutschland\/botschafter-ljubinski-zum-maidan-ein-tragisches-jubilaeum-worueber-der-westen-schweigt\/#primaryimage\"},\"thumbnailUrl\":\"https:\/\/now-news.de\/de\/wp-content\/uploads\/sites\/3\/2023\/11\/Botschafter-Ljubinski-zum-Maidan-Ein-tragisches-Jubilaeum-\u2013-Worueber-der.jpg\",\"keywords\":[\"Botschafter\",\"der\",\"ein\",\"Jubil\u00e4um\",\"Ljubinski\",\"Maidan\",\"schweigt\",\"tragisches\",\"Westen\",\"Wor\u00fcber\",\"zum\"],\"articleSection\":[\"Deutschland\",\"Russland\"],\"inLanguage\":\"de\",\"potentialAction\":[{\"@type\":\"CommentAction\",\"name\":\"Comment\",\"target\":[\"https:\/\/now-news.de\/de\/deutschland\/botschafter-ljubinski-zum-maidan-ein-tragisches-jubilaeum-worueber-der-westen-schweigt\/#respond\"]}]},{\"@type\":\"WebPage\",\"@id\":\"https:\/\/now-news.de\/de\/deutschland\/botschafter-ljubinski-zum-maidan-ein-tragisches-jubilaeum-worueber-der-westen-schweigt\/\",\"url\":\"https:\/\/now-news.de\/de\/deutschland\/botschafter-ljubinski-zum-maidan-ein-tragisches-jubilaeum-worueber-der-westen-schweigt\/\",\"name\":\"Botschafter Ljubinski zum Maidan: Ein tragisches Jubil\u00e4um \u2013 Wor\u00fcber der Westen schweigt - just-now.NEWS Deutschland\",\"isPartOf\":{\"@id\":\"https:\/\/now-news.de\/de\/#website\"},\"primaryImageOfPage\":{\"@id\":\"https:\/\/now-news.de\/de\/deutschland\/botschafter-ljubinski-zum-maidan-ein-tragisches-jubilaeum-worueber-der-westen-schweigt\/#primaryimage\"},\"image\":{\"@id\":\"https:\/\/now-news.de\/de\/deutschland\/botschafter-ljubinski-zum-maidan-ein-tragisches-jubilaeum-worueber-der-westen-schweigt\/#primaryimage\"},\"thumbnailUrl\":\"https:\/\/now-news.de\/de\/wp-content\/uploads\/sites\/3\/2023\/11\/Botschafter-Ljubinski-zum-Maidan-Ein-tragisches-Jubilaeum-\u2013-Worueber-der.jpg\",\"datePublished\":\"2023-11-21T11:37:19+00:00\",\"dateModified\":\"2023-11-21T11:37:19+00:00\",\"breadcrumb\":{\"@id\":\"https:\/\/now-news.de\/de\/deutschland\/botschafter-ljubinski-zum-maidan-ein-tragisches-jubilaeum-worueber-der-westen-schweigt\/#breadcrumb\"},\"inLanguage\":\"de\",\"potentialAction\":[{\"@type\":\"ReadAction\",\"target\":[\"https:\/\/now-news.de\/de\/deutschland\/botschafter-ljubinski-zum-maidan-ein-tragisches-jubilaeum-worueber-der-westen-schweigt\/\"]}]},{\"@type\":\"ImageObject\",\"inLanguage\":\"de\",\"@id\":\"https:\/\/now-news.de\/de\/deutschland\/botschafter-ljubinski-zum-maidan-ein-tragisches-jubilaeum-worueber-der-westen-schweigt\/#primaryimage\",\"url\":\"https:\/\/now-news.de\/de\/wp-content\/uploads\/sites\/3\/2023\/11\/Botschafter-Ljubinski-zum-Maidan-Ein-tragisches-Jubilaeum-\u2013-Worueber-der.jpg\",\"contentUrl\":\"https:\/\/now-news.de\/de\/wp-content\/uploads\/sites\/3\/2023\/11\/Botschafter-Ljubinski-zum-Maidan-Ein-tragisches-Jubilaeum-\u2013-Worueber-der.jpg\",\"width\":460,\"height\":259,\"caption\":\"Botschafter Ljubinski zum Maidan: Ein tragisches Jubil\u00e4um \u2013 Wor\u00fcber der Westen schweigt\"},{\"@type\":\"BreadcrumbList\",\"@id\":\"https:\/\/now-news.de\/de\/deutschland\/botschafter-ljubinski-zum-maidan-ein-tragisches-jubilaeum-worueber-der-westen-schweigt\/#breadcrumb\",\"itemListElement\":[{\"@type\":\"ListItem\",\"position\":1,\"name\":\"Home\",\"item\":\"https:\/\/now-news.de\/de\/\"},{\"@type\":\"ListItem\",\"position\":2,\"name\":\"Botschafter Ljubinski zum Maidan: Ein tragisches Jubil\u00e4um \u2013 Wor\u00fcber der Westen schweigt\"}]},{\"@type\":\"WebSite\",\"@id\":\"https:\/\/now-news.de\/de\/#website\",\"url\":\"https:\/\/now-news.de\/de\/\",\"name\":\"just-now.NEWS Deutschland\",\"description\":\"Das Portal f\u00fcr unzensierte Nachrichten aus der Welt\",\"publisher\":{\"@id\":\"https:\/\/now-news.de\/de\/#organization\"},\"potentialAction\":[{\"@type\":\"SearchAction\",\"target\":{\"@type\":\"EntryPoint\",\"urlTemplate\":\"https:\/\/now-news.de\/de\/?s={search_term_string}\"},\"query-input\":\"required name=search_term_string\"}],\"inLanguage\":\"de\"},{\"@type\":\"Organization\",\"@id\":\"https:\/\/now-news.de\/de\/#organization\",\"name\":\"Just Now News\",\"url\":\"https:\/\/now-news.de\/de\/\",\"logo\":{\"@type\":\"ImageObject\",\"inLanguage\":\"de\",\"@id\":\"https:\/\/now-news.de\/de\/#\/schema\/logo\/image\/\",\"url\":\"http:\/\/just-now.news\/de\/wp-content\/uploads\/sites\/3\/2022\/04\/logo500x500.jpg\",\"contentUrl\":\"http:\/\/just-now.news\/de\/wp-content\/uploads\/sites\/3\/2022\/04\/logo500x500.jpg\",\"width\":500,\"height\":500,\"caption\":\"Just Now News\"},\"image\":{\"@id\":\"https:\/\/now-news.de\/de\/#\/schema\/logo\/image\/\"},\"sameAs\":[\"https:\/\/www.facebook.com\/wirmachenauf\",\"https:\/\/x.com\/WirMachenAuf_de\"]},{\"@type\":\"Person\",\"@id\":\"https:\/\/now-news.de\/de\/#\/schema\/person\/fb534a4e865501d8b3285208df34a9b5\",\"name\":\"rtnews\",\"image\":{\"@type\":\"ImageObject\",\"inLanguage\":\"de\",\"@id\":\"https:\/\/now-news.de\/de\/#\/schema\/person\/image\/\",\"url\":\"https:\/\/secure.gravatar.com\/avatar\/82aafea7d8127119dd649515f56e2117?s=96&d=mm&r=g\",\"contentUrl\":\"https:\/\/secure.gravatar.com\/avatar\/82aafea7d8127119dd649515f56e2117?s=96&d=mm&r=g\",\"caption\":\"rtnews\"},\"url\":\"https:\/\/now-news.de\/de\/author\/rnews\/\"}]}<\/script>\n<!-- \/ Yoast SEO Premium plugin. -->","yoast_head_json":{"title":"Botschafter Ljubinski zum Maidan: Ein tragisches Jubil\u00e4um \u2013 Wor\u00fcber der Westen schweigt - just-now.NEWS Deutschland","robots":{"index":"index","follow":"follow","max-snippet":"max-snippet:-1","max-image-preview":"max-image-preview:large","max-video-preview":"max-video-preview:-1"},"canonical":"https:\/\/now-news.de\/de\/deutschland\/botschafter-ljubinski-zum-maidan-ein-tragisches-jubilaeum-worueber-der-westen-schweigt\/","og_locale":"de_DE","og_type":"article","og_title":"Botschafter Ljubinski zum Maidan: Ein tragisches Jubil\u00e4um \u2013 Wor\u00fcber der Westen schweigt","og_description":"Vor zehn Jahren begannen die vom Westen gro\u00dfz\u00fcgig gef\u00f6rderten regierungsfeindlichen Massenproteste in Kiews Stadtzentrum. Daran erinnert Dmitri Ljubinski, russischer Botschafter in \u00d6sterreich, in einem Gastbeitrag f\u00fcr &#8220;RT DE&#8221;, bei dem er Geschichte und Hintergr\u00fcnde der Ukrainekrise beleuchtet. Von Dmitri Ljubinski Am 21. November j\u00e4hrt sich heuer zum 10. Mal ein ganz tragisches Datum \u2013 der [&hellip;]","og_url":"https:\/\/now-news.de\/de\/deutschland\/botschafter-ljubinski-zum-maidan-ein-tragisches-jubilaeum-worueber-der-westen-schweigt\/","og_site_name":"just-now.NEWS Deutschland","article_publisher":"https:\/\/www.facebook.com\/wirmachenauf","article_published_time":"2023-11-21T11:37:19+00:00","og_image":[{"width":460,"height":259,"url":"https:\/\/now-news.de\/de\/wp-content\/uploads\/sites\/3\/2023\/11\/Botschafter-Ljubinski-zum-Maidan-Ein-tragisches-Jubilaeum-\u2013-Worueber-der.jpg","type":"image\/jpeg"}],"author":"rtnews","twitter_card":"summary_large_image","twitter_creator":"@WirMachenAuf_de","twitter_site":"@WirMachenAuf_de","twitter_misc":{"Verfasst von":"rtnews","Gesch\u00e4tzte Lesezeit":"7\u00a0Minuten"},"schema":{"@context":"https:\/\/schema.org","@graph":[{"@type":"Article","@id":"https:\/\/now-news.de\/de\/deutschland\/botschafter-ljubinski-zum-maidan-ein-tragisches-jubilaeum-worueber-der-westen-schweigt\/#article","isPartOf":{"@id":"https:\/\/now-news.de\/de\/deutschland\/botschafter-ljubinski-zum-maidan-ein-tragisches-jubilaeum-worueber-der-westen-schweigt\/"},"author":{"name":"rtnews","@id":"https:\/\/now-news.de\/de\/#\/schema\/person\/fb534a4e865501d8b3285208df34a9b5"},"headline":"Botschafter Ljubinski zum Maidan: Ein tragisches Jubil\u00e4um \u2013 Wor\u00fcber der Westen schweigt","datePublished":"2023-11-21T11:37:19+00:00","dateModified":"2023-11-21T11:37:19+00:00","mainEntityOfPage":{"@id":"https:\/\/now-news.de\/de\/deutschland\/botschafter-ljubinski-zum-maidan-ein-tragisches-jubilaeum-worueber-der-westen-schweigt\/"},"wordCount":1357,"commentCount":0,"publisher":{"@id":"https:\/\/now-news.de\/de\/#organization"},"image":{"@id":"https:\/\/now-news.de\/de\/deutschland\/botschafter-ljubinski-zum-maidan-ein-tragisches-jubilaeum-worueber-der-westen-schweigt\/#primaryimage"},"thumbnailUrl":"https:\/\/now-news.de\/de\/wp-content\/uploads\/sites\/3\/2023\/11\/Botschafter-Ljubinski-zum-Maidan-Ein-tragisches-Jubilaeum-\u2013-Worueber-der.jpg","keywords":["Botschafter","der","ein","Jubil\u00e4um","Ljubinski","Maidan","schweigt","tragisches","Westen","Wor\u00fcber","zum"],"articleSection":["Deutschland","Russland"],"inLanguage":"de","potentialAction":[{"@type":"CommentAction","name":"Comment","target":["https:\/\/now-news.de\/de\/deutschland\/botschafter-ljubinski-zum-maidan-ein-tragisches-jubilaeum-worueber-der-westen-schweigt\/#respond"]}]},{"@type":"WebPage","@id":"https:\/\/now-news.de\/de\/deutschland\/botschafter-ljubinski-zum-maidan-ein-tragisches-jubilaeum-worueber-der-westen-schweigt\/","url":"https:\/\/now-news.de\/de\/deutschland\/botschafter-ljubinski-zum-maidan-ein-tragisches-jubilaeum-worueber-der-westen-schweigt\/","name":"Botschafter Ljubinski zum Maidan: Ein tragisches Jubil\u00e4um \u2013 Wor\u00fcber der Westen schweigt - just-now.NEWS Deutschland","isPartOf":{"@id":"https:\/\/now-news.de\/de\/#website"},"primaryImageOfPage":{"@id":"https:\/\/now-news.de\/de\/deutschland\/botschafter-ljubinski-zum-maidan-ein-tragisches-jubilaeum-worueber-der-westen-schweigt\/#primaryimage"},"image":{"@id":"https:\/\/now-news.de\/de\/deutschland\/botschafter-ljubinski-zum-maidan-ein-tragisches-jubilaeum-worueber-der-westen-schweigt\/#primaryimage"},"thumbnailUrl":"https:\/\/now-news.de\/de\/wp-content\/uploads\/sites\/3\/2023\/11\/Botschafter-Ljubinski-zum-Maidan-Ein-tragisches-Jubilaeum-\u2013-Worueber-der.jpg","datePublished":"2023-11-21T11:37:19+00:00","dateModified":"2023-11-21T11:37:19+00:00","breadcrumb":{"@id":"https:\/\/now-news.de\/de\/deutschland\/botschafter-ljubinski-zum-maidan-ein-tragisches-jubilaeum-worueber-der-westen-schweigt\/#breadcrumb"},"inLanguage":"de","potentialAction":[{"@type":"ReadAction","target":["https:\/\/now-news.de\/de\/deutschland\/botschafter-ljubinski-zum-maidan-ein-tragisches-jubilaeum-worueber-der-westen-schweigt\/"]}]},{"@type":"ImageObject","inLanguage":"de","@id":"https:\/\/now-news.de\/de\/deutschland\/botschafter-ljubinski-zum-maidan-ein-tragisches-jubilaeum-worueber-der-westen-schweigt\/#primaryimage","url":"https:\/\/now-news.de\/de\/wp-content\/uploads\/sites\/3\/2023\/11\/Botschafter-Ljubinski-zum-Maidan-Ein-tragisches-Jubilaeum-\u2013-Worueber-der.jpg","contentUrl":"https:\/\/now-news.de\/de\/wp-content\/uploads\/sites\/3\/2023\/11\/Botschafter-Ljubinski-zum-Maidan-Ein-tragisches-Jubilaeum-\u2013-Worueber-der.jpg","width":460,"height":259,"caption":"Botschafter Ljubinski zum Maidan: Ein tragisches Jubil\u00e4um \u2013 Wor\u00fcber der Westen schweigt"},{"@type":"BreadcrumbList","@id":"https:\/\/now-news.de\/de\/deutschland\/botschafter-ljubinski-zum-maidan-ein-tragisches-jubilaeum-worueber-der-westen-schweigt\/#breadcrumb","itemListElement":[{"@type":"ListItem","position":1,"name":"Home","item":"https:\/\/now-news.de\/de\/"},{"@type":"ListItem","position":2,"name":"Botschafter Ljubinski zum Maidan: Ein tragisches Jubil\u00e4um \u2013 Wor\u00fcber der Westen schweigt"}]},{"@type":"WebSite","@id":"https:\/\/now-news.de\/de\/#website","url":"https:\/\/now-news.de\/de\/","name":"just-now.NEWS Deutschland","description":"Das Portal f\u00fcr unzensierte Nachrichten aus der Welt","publisher":{"@id":"https:\/\/now-news.de\/de\/#organization"},"potentialAction":[{"@type":"SearchAction","target":{"@type":"EntryPoint","urlTemplate":"https:\/\/now-news.de\/de\/?s={search_term_string}"},"query-input":"required name=search_term_string"}],"inLanguage":"de"},{"@type":"Organization","@id":"https:\/\/now-news.de\/de\/#organization","name":"Just Now News","url":"https:\/\/now-news.de\/de\/","logo":{"@type":"ImageObject","inLanguage":"de","@id":"https:\/\/now-news.de\/de\/#\/schema\/logo\/image\/","url":"http:\/\/just-now.news\/de\/wp-content\/uploads\/sites\/3\/2022\/04\/logo500x500.jpg","contentUrl":"http:\/\/just-now.news\/de\/wp-content\/uploads\/sites\/3\/2022\/04\/logo500x500.jpg","width":500,"height":500,"caption":"Just Now News"},"image":{"@id":"https:\/\/now-news.de\/de\/#\/schema\/logo\/image\/"},"sameAs":["https:\/\/www.facebook.com\/wirmachenauf","https:\/\/x.com\/WirMachenAuf_de"]},{"@type":"Person","@id":"https:\/\/now-news.de\/de\/#\/schema\/person\/fb534a4e865501d8b3285208df34a9b5","name":"rtnews","image":{"@type":"ImageObject","inLanguage":"de","@id":"https:\/\/now-news.de\/de\/#\/schema\/person\/image\/","url":"https:\/\/secure.gravatar.com\/avatar\/82aafea7d8127119dd649515f56e2117?s=96&d=mm&r=g","contentUrl":"https:\/\/secure.gravatar.com\/avatar\/82aafea7d8127119dd649515f56e2117?s=96&d=mm&r=g","caption":"rtnews"},"url":"https:\/\/now-news.de\/de\/author\/rnews\/"}]}},"_links":{"self":[{"href":"https:\/\/now-news.de\/de\/wp-json\/wp\/v2\/posts\/50126"}],"collection":[{"href":"https:\/\/now-news.de\/de\/wp-json\/wp\/v2\/posts"}],"about":[{"href":"https:\/\/now-news.de\/de\/wp-json\/wp\/v2\/types\/post"}],"author":[{"embeddable":true,"href":"https:\/\/now-news.de\/de\/wp-json\/wp\/v2\/users\/3"}],"replies":[{"embeddable":true,"href":"https:\/\/now-news.de\/de\/wp-json\/wp\/v2\/comments?post=50126"}],"version-history":[{"count":0,"href":"https:\/\/now-news.de\/de\/wp-json\/wp\/v2\/posts\/50126\/revisions"}],"wp:featuredmedia":[{"embeddable":true,"href":"https:\/\/now-news.de\/de\/wp-json\/wp\/v2\/media\/50127"}],"wp:attachment":[{"href":"https:\/\/now-news.de\/de\/wp-json\/wp\/v2\/media?parent=50126"}],"wp:term":[{"taxonomy":"category","embeddable":true,"href":"https:\/\/now-news.de\/de\/wp-json\/wp\/v2\/categories?post=50126"},{"taxonomy":"post_tag","embeddable":true,"href":"https:\/\/now-news.de\/de\/wp-json\/wp\/v2\/tags?post=50126"}],"curies":[{"name":"wp","href":"https:\/\/api.w.org\/{rel}","templated":true}]}}