{"id":50094,"date":"2023-11-20T19:23:37","date_gmt":"2023-11-20T17:23:37","guid":{"rendered":"https:\/\/just-now.news\/de\/deutschland\/ovks-generalsekretaer-armenien-lehnt-unterstuetzung-durch-organisation-ab\/"},"modified":"2023-11-20T19:23:37","modified_gmt":"2023-11-20T17:23:37","slug":"ovks-generalsekretaer-armenien-lehnt-unterstuetzung-durch-organisation-ab","status":"publish","type":"post","link":"https:\/\/now-news.de\/de\/deutschland\/ovks-generalsekretaer-armenien-lehnt-unterstuetzung-durch-organisation-ab\/","title":{"rendered":"OVKS-Generalsekret\u00e4r: Armenien lehnt Unterst\u00fctzung durch Organisation ab"},"content":{"rendered":"<p><img decoding=\"async\" src=\"http:\/\/just-now.news\/de\/wp-content\/uploads\/sites\/3\/2023\/11\/655b7b6bb480cc37174f99d5.jpg\" \/><\/p>\n<div class=\"Text-root Text-type_1 \">\n                Der Generalsekret\u00e4r der OVKS teilte mit, dass Armenien das Dokument \u00fcber die Unterst\u00fctzung des Landes von der Tagesordnung des Gipfels zur\u00fcckzieht. Dar\u00fcber hinaus wird der armenische Premierminister Nikol Paschinjan nicht an dem bevorstehenden Treffen teilnehmen.\n            <\/div>\n<p><\/p>\n<div class=\"Text-root Text-type_5 ArticleView-text ViewText-root \">\n<p>Armenien hat seine Partner in der Organisation des Vertrags \u00fcber kollektive Sicherheit (OVKS) gebeten, das Dokument \u00fcber die Unterst\u00fctzung Jerewans von der Tagesordnung des f\u00fcr den 23. November in Minsk geplanten Gipfels zu streichen. Es geht um den Auftrag des Kollektiven Sicherheitsrates, die Entscheidung \u00fcber die Unterst\u00fctzung Armeniens nachzubearbeiten. Dies gab der Generalsekret\u00e4r der Organisation, Imangali Tasmagambetow, bei einem Treffen mit dem wei\u00dfrussischen Pr\u00e4sidenten Alexander Lukaschenko bekannt:<\/p>\n<blockquote>\n<p><em>&#8220;Die armenische Seite hat, obwohl alle anderen Verb\u00fcndeten diese Entscheidung unterst\u00fctzt haben, kein Interesse an diesem Dokument bekundet und dar\u00fcber hinaus im letzten Teil unserer Arbeit darum gebeten, es \u00fcberhaupt von der Tagesordnung zu nehmen.&#8221;<\/em><\/p>\n<\/blockquote>\n<p>Zuvor hatte der armenische Premierminister Nikol Paschinjan seine Teilnahme am OVKS-Gipfel abgelehnt. Der Kreml bedauerte dies und wies darauf hin, dass solche Treffen &#8220;eine sehr gute Gelegenheit f\u00fcr den Meinungsaustausch&#8221; seien. Lukaschenko riet dem armenischen Regierungschef, &#8220;nichts zu \u00fcberst\u00fcrzen, keine voreiligen Entscheidungen zu treffen, sondern ernsthaft \u00fcber die n\u00e4chsten Schritte nachzudenken, die auf eine Desintegration abzielen k\u00f6nnten.&#8221;<\/p>\n<p>Im Mai 2023 schloss Paschinjan einen m\u00f6glichen Austritt Armeniens aus der OVKS nicht aus. Er brachte zum Ausdruck, dass Jerewan der Meinung sei, dass die Organisation nicht auf Anfragen zur Entsendung einer Beobachtermission in die Republik reagiere (es ging um den Konflikt mit Aserbaidschan), wodurch der Eindruck entstehe, dass die Organisation &#8220;Armenien verl\u00e4sst&#8221;. \u00a0<\/p>\n<p>Mitte November erkl\u00e4rte Paschinjan, dass Jerewan &#8220;keine Vorbereitungen&#8221; f\u00fcr einen Austritt aus der OVKS treffe, sondern sich selbst und der Organisation Zeit gebe, \u00fcber weitere Schritte nachzudenken. Der Premierminister wies darauf hin, dass Armenien nach anderen Partnern im Bereich der Sicherheit Ausschau halte, aber &#8220;keine \u00c4nderungen in der strategischen Politik ank\u00fcndigen wird, solange der Austritt aus der OVKS nicht angek\u00fcndigt oder beschlossen ist&#8221;.<\/p>\n<p>Im vergangenen November verweigerte Paschinjan auf dem OVKS-Gipfel in Jerewan die Unterzeichnung eines Beschlussentwurfs des kollektiven Sicherheitsrats \u00fcber gemeinsame Ma\u00dfnahmen zur Unterst\u00fctzung Armeniens.<\/p>\n<p><strong>Mehr zum Thema<\/strong> &#8211; <a rel=\"nofollow noopener\" target=\"_blank\" href=\"https:\/\/kurz.rt.com\/40ak\">Armenien: Ministerpr\u00e4sident Paschinjan reist nicht zum OVKS-Gipfel in Minsk<\/a><\/p>\n<\/div>\n<p><br \/>\n<br \/><a href=\"https:\/\/de.rt.com\/international\/187594-ovks-generalsekretaer-armenien-lehnt-unterstuetzung\/\">Source link <\/a><\/p>\n","protected":false},"excerpt":{"rendered":"<p>Der Generalsekret\u00e4r der OVKS teilte mit, dass Armenien das Dokument \u00fcber die Unterst\u00fctzung des Landes von der Tagesordnung des Gipfels zur\u00fcckzieht. Dar\u00fcber hinaus wird der armenische Premierminister Nikol Paschinjan nicht an dem bevorstehenden Treffen teilnehmen. Armenien hat seine Partner in der Organisation des Vertrags \u00fcber kollektive Sicherheit (OVKS) gebeten, das Dokument \u00fcber die Unterst\u00fctzung Jerewans [&hellip;]<\/p>\n","protected":false},"author":3,"featured_media":50095,"comment_status":"open","ping_status":"open","sticky":false,"template":"","format":"standard","meta":{"_yoast_indexnow_last_ping":["1700505525"],"wp_automatic_camp":["217"],"b4c2c32726a0935bda4298cc8677cbb3":["OVKS-Generalsekret\u00e4r: Armenien lehnt Unterst\u00fctzung durch Organisation ab"],"original_link":["https:\/\/de.rt.com\/international\/187594-ovks-generalsekretaer-armenien-lehnt-unterstuetzung\/"],"_thumbnail_id":["50095"],"_wptgpro_p2tg_sent2tg":["a:1:{i:23737;s:19:\"2023-11-20 20:39:48\";}"],"jnews_social_counter_last_update":["1777208466"]},"categories":[19,23],"tags":[10002,1024,2034,14864,20797,962],"yoast_head":"<!-- This site is optimized with the Yoast SEO Premium plugin v22.7 (Yoast SEO v22.7) - https:\/\/yoast.com\/wordpress\/plugins\/seo\/ -->\n<title>OVKS-Generalsekret\u00e4r: Armenien lehnt Unterst\u00fctzung durch Organisation ab - just-now.NEWS Deutschland<\/title>\n<meta name=\"robots\" content=\"index, follow, max-snippet:-1, max-image-preview:large, max-video-preview:-1\" \/>\n<link rel=\"canonical\" href=\"https:\/\/now-news.de\/de\/deutschland\/ovks-generalsekretaer-armenien-lehnt-unterstuetzung-durch-organisation-ab\/\" \/>\n<meta property=\"og:locale\" content=\"de_DE\" \/>\n<meta property=\"og:type\" content=\"article\" \/>\n<meta property=\"og:title\" content=\"OVKS-Generalsekret\u00e4r: Armenien lehnt Unterst\u00fctzung durch Organisation ab\" \/>\n<meta property=\"og:description\" content=\"Der Generalsekret\u00e4r der OVKS teilte mit, dass Armenien das Dokument \u00fcber die Unterst\u00fctzung des Landes von der Tagesordnung des Gipfels zur\u00fcckzieht. Dar\u00fcber hinaus wird der armenische Premierminister Nikol Paschinjan nicht an dem bevorstehenden Treffen teilnehmen. Armenien hat seine Partner in der Organisation des Vertrags \u00fcber kollektive Sicherheit (OVKS) gebeten, das Dokument \u00fcber die Unterst\u00fctzung Jerewans [&hellip;]\" \/>\n<meta property=\"og:url\" content=\"https:\/\/now-news.de\/de\/deutschland\/ovks-generalsekretaer-armenien-lehnt-unterstuetzung-durch-organisation-ab\/\" \/>\n<meta property=\"og:site_name\" content=\"just-now.NEWS Deutschland\" \/>\n<meta property=\"article:publisher\" content=\"https:\/\/www.facebook.com\/wirmachenauf\" \/>\n<meta property=\"article:published_time\" content=\"2023-11-20T17:23:37+00:00\" \/>\n<meta property=\"og:image\" content=\"https:\/\/now-news.de\/de\/wp-content\/uploads\/sites\/3\/2023\/11\/OVKS-Generalsekretaer-Armenien-lehnt-Unterstuetzung-durch-Organisation-ab.jpg\" \/>\n\t<meta property=\"og:image:width\" content=\"460\" \/>\n\t<meta property=\"og:image:height\" content=\"259\" \/>\n\t<meta property=\"og:image:type\" content=\"image\/jpeg\" \/>\n<meta name=\"author\" content=\"rtnews\" \/>\n<meta name=\"twitter:card\" content=\"summary_large_image\" \/>\n<meta name=\"twitter:creator\" content=\"@WirMachenAuf_de\" \/>\n<meta name=\"twitter:site\" content=\"@WirMachenAuf_de\" \/>\n<meta name=\"twitter:label1\" content=\"Verfasst von\" \/>\n\t<meta name=\"twitter:data1\" content=\"rtnews\" \/>\n\t<meta name=\"twitter:label2\" content=\"Gesch\u00e4tzte Lesezeit\" \/>\n\t<meta name=\"twitter:data2\" content=\"2\u00a0Minuten\" \/>\n<script type=\"application\/ld+json\" class=\"yoast-schema-graph\">{\"@context\":\"https:\/\/schema.org\",\"@graph\":[{\"@type\":\"Article\",\"@id\":\"https:\/\/now-news.de\/de\/deutschland\/ovks-generalsekretaer-armenien-lehnt-unterstuetzung-durch-organisation-ab\/#article\",\"isPartOf\":{\"@id\":\"https:\/\/now-news.de\/de\/deutschland\/ovks-generalsekretaer-armenien-lehnt-unterstuetzung-durch-organisation-ab\/\"},\"author\":{\"name\":\"rtnews\",\"@id\":\"https:\/\/now-news.de\/de\/#\/schema\/person\/fb534a4e865501d8b3285208df34a9b5\"},\"headline\":\"OVKS-Generalsekret\u00e4r: Armenien lehnt Unterst\u00fctzung durch Organisation ab\",\"datePublished\":\"2023-11-20T17:23:37+00:00\",\"dateModified\":\"2023-11-20T17:23:37+00:00\",\"mainEntityOfPage\":{\"@id\":\"https:\/\/now-news.de\/de\/deutschland\/ovks-generalsekretaer-armenien-lehnt-unterstuetzung-durch-organisation-ab\/\"},\"wordCount\":382,\"commentCount\":0,\"publisher\":{\"@id\":\"https:\/\/now-news.de\/de\/#organization\"},\"image\":{\"@id\":\"https:\/\/now-news.de\/de\/deutschland\/ovks-generalsekretaer-armenien-lehnt-unterstuetzung-durch-organisation-ab\/#primaryimage\"},\"thumbnailUrl\":\"https:\/\/now-news.de\/de\/wp-content\/uploads\/sites\/3\/2023\/11\/OVKS-Generalsekretaer-Armenien-lehnt-Unterstuetzung-durch-Organisation-ab.jpg\",\"keywords\":[\"Armenien\",\"durch\",\"lehnt\",\"Organisation\",\"OVKSGeneralsekret\u00e4r\",\"Unterst\u00fctzung\"],\"articleSection\":[\"Deutschland\",\"Russland\"],\"inLanguage\":\"de\",\"potentialAction\":[{\"@type\":\"CommentAction\",\"name\":\"Comment\",\"target\":[\"https:\/\/now-news.de\/de\/deutschland\/ovks-generalsekretaer-armenien-lehnt-unterstuetzung-durch-organisation-ab\/#respond\"]}]},{\"@type\":\"WebPage\",\"@id\":\"https:\/\/now-news.de\/de\/deutschland\/ovks-generalsekretaer-armenien-lehnt-unterstuetzung-durch-organisation-ab\/\",\"url\":\"https:\/\/now-news.de\/de\/deutschland\/ovks-generalsekretaer-armenien-lehnt-unterstuetzung-durch-organisation-ab\/\",\"name\":\"OVKS-Generalsekret\u00e4r: Armenien lehnt Unterst\u00fctzung durch Organisation ab - just-now.NEWS Deutschland\",\"isPartOf\":{\"@id\":\"https:\/\/now-news.de\/de\/#website\"},\"primaryImageOfPage\":{\"@id\":\"https:\/\/now-news.de\/de\/deutschland\/ovks-generalsekretaer-armenien-lehnt-unterstuetzung-durch-organisation-ab\/#primaryimage\"},\"image\":{\"@id\":\"https:\/\/now-news.de\/de\/deutschland\/ovks-generalsekretaer-armenien-lehnt-unterstuetzung-durch-organisation-ab\/#primaryimage\"},\"thumbnailUrl\":\"https:\/\/now-news.de\/de\/wp-content\/uploads\/sites\/3\/2023\/11\/OVKS-Generalsekretaer-Armenien-lehnt-Unterstuetzung-durch-Organisation-ab.jpg\",\"datePublished\":\"2023-11-20T17:23:37+00:00\",\"dateModified\":\"2023-11-20T17:23:37+00:00\",\"breadcrumb\":{\"@id\":\"https:\/\/now-news.de\/de\/deutschland\/ovks-generalsekretaer-armenien-lehnt-unterstuetzung-durch-organisation-ab\/#breadcrumb\"},\"inLanguage\":\"de\",\"potentialAction\":[{\"@type\":\"ReadAction\",\"target\":[\"https:\/\/now-news.de\/de\/deutschland\/ovks-generalsekretaer-armenien-lehnt-unterstuetzung-durch-organisation-ab\/\"]}]},{\"@type\":\"ImageObject\",\"inLanguage\":\"de\",\"@id\":\"https:\/\/now-news.de\/de\/deutschland\/ovks-generalsekretaer-armenien-lehnt-unterstuetzung-durch-organisation-ab\/#primaryimage\",\"url\":\"https:\/\/now-news.de\/de\/wp-content\/uploads\/sites\/3\/2023\/11\/OVKS-Generalsekretaer-Armenien-lehnt-Unterstuetzung-durch-Organisation-ab.jpg\",\"contentUrl\":\"https:\/\/now-news.de\/de\/wp-content\/uploads\/sites\/3\/2023\/11\/OVKS-Generalsekretaer-Armenien-lehnt-Unterstuetzung-durch-Organisation-ab.jpg\",\"width\":460,\"height\":259,\"caption\":\"OVKS-Generalsekret\u00e4r: Armenien lehnt Unterst\u00fctzung durch Organisation ab\"},{\"@type\":\"BreadcrumbList\",\"@id\":\"https:\/\/now-news.de\/de\/deutschland\/ovks-generalsekretaer-armenien-lehnt-unterstuetzung-durch-organisation-ab\/#breadcrumb\",\"itemListElement\":[{\"@type\":\"ListItem\",\"position\":1,\"name\":\"Home\",\"item\":\"https:\/\/now-news.de\/de\/\"},{\"@type\":\"ListItem\",\"position\":2,\"name\":\"OVKS-Generalsekret\u00e4r: Armenien lehnt Unterst\u00fctzung durch Organisation ab\"}]},{\"@type\":\"WebSite\",\"@id\":\"https:\/\/now-news.de\/de\/#website\",\"url\":\"https:\/\/now-news.de\/de\/\",\"name\":\"just-now.NEWS Deutschland\",\"description\":\"Das Portal f\u00fcr unzensierte Nachrichten aus der Welt\",\"publisher\":{\"@id\":\"https:\/\/now-news.de\/de\/#organization\"},\"potentialAction\":[{\"@type\":\"SearchAction\",\"target\":{\"@type\":\"EntryPoint\",\"urlTemplate\":\"https:\/\/now-news.de\/de\/?s={search_term_string}\"},\"query-input\":\"required name=search_term_string\"}],\"inLanguage\":\"de\"},{\"@type\":\"Organization\",\"@id\":\"https:\/\/now-news.de\/de\/#organization\",\"name\":\"Just Now News\",\"url\":\"https:\/\/now-news.de\/de\/\",\"logo\":{\"@type\":\"ImageObject\",\"inLanguage\":\"de\",\"@id\":\"https:\/\/now-news.de\/de\/#\/schema\/logo\/image\/\",\"url\":\"http:\/\/just-now.news\/de\/wp-content\/uploads\/sites\/3\/2022\/04\/logo500x500.jpg\",\"contentUrl\":\"http:\/\/just-now.news\/de\/wp-content\/uploads\/sites\/3\/2022\/04\/logo500x500.jpg\",\"width\":500,\"height\":500,\"caption\":\"Just Now News\"},\"image\":{\"@id\":\"https:\/\/now-news.de\/de\/#\/schema\/logo\/image\/\"},\"sameAs\":[\"https:\/\/www.facebook.com\/wirmachenauf\",\"https:\/\/x.com\/WirMachenAuf_de\"]},{\"@type\":\"Person\",\"@id\":\"https:\/\/now-news.de\/de\/#\/schema\/person\/fb534a4e865501d8b3285208df34a9b5\",\"name\":\"rtnews\",\"image\":{\"@type\":\"ImageObject\",\"inLanguage\":\"de\",\"@id\":\"https:\/\/now-news.de\/de\/#\/schema\/person\/image\/\",\"url\":\"https:\/\/secure.gravatar.com\/avatar\/82aafea7d8127119dd649515f56e2117?s=96&d=mm&r=g\",\"contentUrl\":\"https:\/\/secure.gravatar.com\/avatar\/82aafea7d8127119dd649515f56e2117?s=96&d=mm&r=g\",\"caption\":\"rtnews\"},\"url\":\"https:\/\/now-news.de\/de\/author\/rnews\/\"}]}<\/script>\n<!-- \/ Yoast SEO Premium plugin. -->","yoast_head_json":{"title":"OVKS-Generalsekret\u00e4r: Armenien lehnt Unterst\u00fctzung durch Organisation ab - just-now.NEWS Deutschland","robots":{"index":"index","follow":"follow","max-snippet":"max-snippet:-1","max-image-preview":"max-image-preview:large","max-video-preview":"max-video-preview:-1"},"canonical":"https:\/\/now-news.de\/de\/deutschland\/ovks-generalsekretaer-armenien-lehnt-unterstuetzung-durch-organisation-ab\/","og_locale":"de_DE","og_type":"article","og_title":"OVKS-Generalsekret\u00e4r: Armenien lehnt Unterst\u00fctzung durch Organisation ab","og_description":"Der Generalsekret\u00e4r der OVKS teilte mit, dass Armenien das Dokument \u00fcber die Unterst\u00fctzung des Landes von der Tagesordnung des Gipfels zur\u00fcckzieht. Dar\u00fcber hinaus wird der armenische Premierminister Nikol Paschinjan nicht an dem bevorstehenden Treffen teilnehmen. Armenien hat seine Partner in der Organisation des Vertrags \u00fcber kollektive Sicherheit (OVKS) gebeten, das Dokument \u00fcber die Unterst\u00fctzung Jerewans [&hellip;]","og_url":"https:\/\/now-news.de\/de\/deutschland\/ovks-generalsekretaer-armenien-lehnt-unterstuetzung-durch-organisation-ab\/","og_site_name":"just-now.NEWS Deutschland","article_publisher":"https:\/\/www.facebook.com\/wirmachenauf","article_published_time":"2023-11-20T17:23:37+00:00","og_image":[{"width":460,"height":259,"url":"https:\/\/now-news.de\/de\/wp-content\/uploads\/sites\/3\/2023\/11\/OVKS-Generalsekretaer-Armenien-lehnt-Unterstuetzung-durch-Organisation-ab.jpg","type":"image\/jpeg"}],"author":"rtnews","twitter_card":"summary_large_image","twitter_creator":"@WirMachenAuf_de","twitter_site":"@WirMachenAuf_de","twitter_misc":{"Verfasst von":"rtnews","Gesch\u00e4tzte Lesezeit":"2\u00a0Minuten"},"schema":{"@context":"https:\/\/schema.org","@graph":[{"@type":"Article","@id":"https:\/\/now-news.de\/de\/deutschland\/ovks-generalsekretaer-armenien-lehnt-unterstuetzung-durch-organisation-ab\/#article","isPartOf":{"@id":"https:\/\/now-news.de\/de\/deutschland\/ovks-generalsekretaer-armenien-lehnt-unterstuetzung-durch-organisation-ab\/"},"author":{"name":"rtnews","@id":"https:\/\/now-news.de\/de\/#\/schema\/person\/fb534a4e865501d8b3285208df34a9b5"},"headline":"OVKS-Generalsekret\u00e4r: Armenien lehnt Unterst\u00fctzung durch Organisation ab","datePublished":"2023-11-20T17:23:37+00:00","dateModified":"2023-11-20T17:23:37+00:00","mainEntityOfPage":{"@id":"https:\/\/now-news.de\/de\/deutschland\/ovks-generalsekretaer-armenien-lehnt-unterstuetzung-durch-organisation-ab\/"},"wordCount":382,"commentCount":0,"publisher":{"@id":"https:\/\/now-news.de\/de\/#organization"},"image":{"@id":"https:\/\/now-news.de\/de\/deutschland\/ovks-generalsekretaer-armenien-lehnt-unterstuetzung-durch-organisation-ab\/#primaryimage"},"thumbnailUrl":"https:\/\/now-news.de\/de\/wp-content\/uploads\/sites\/3\/2023\/11\/OVKS-Generalsekretaer-Armenien-lehnt-Unterstuetzung-durch-Organisation-ab.jpg","keywords":["Armenien","durch","lehnt","Organisation","OVKSGeneralsekret\u00e4r","Unterst\u00fctzung"],"articleSection":["Deutschland","Russland"],"inLanguage":"de","potentialAction":[{"@type":"CommentAction","name":"Comment","target":["https:\/\/now-news.de\/de\/deutschland\/ovks-generalsekretaer-armenien-lehnt-unterstuetzung-durch-organisation-ab\/#respond"]}]},{"@type":"WebPage","@id":"https:\/\/now-news.de\/de\/deutschland\/ovks-generalsekretaer-armenien-lehnt-unterstuetzung-durch-organisation-ab\/","url":"https:\/\/now-news.de\/de\/deutschland\/ovks-generalsekretaer-armenien-lehnt-unterstuetzung-durch-organisation-ab\/","name":"OVKS-Generalsekret\u00e4r: Armenien lehnt Unterst\u00fctzung durch Organisation ab - just-now.NEWS Deutschland","isPartOf":{"@id":"https:\/\/now-news.de\/de\/#website"},"primaryImageOfPage":{"@id":"https:\/\/now-news.de\/de\/deutschland\/ovks-generalsekretaer-armenien-lehnt-unterstuetzung-durch-organisation-ab\/#primaryimage"},"image":{"@id":"https:\/\/now-news.de\/de\/deutschland\/ovks-generalsekretaer-armenien-lehnt-unterstuetzung-durch-organisation-ab\/#primaryimage"},"thumbnailUrl":"https:\/\/now-news.de\/de\/wp-content\/uploads\/sites\/3\/2023\/11\/OVKS-Generalsekretaer-Armenien-lehnt-Unterstuetzung-durch-Organisation-ab.jpg","datePublished":"2023-11-20T17:23:37+00:00","dateModified":"2023-11-20T17:23:37+00:00","breadcrumb":{"@id":"https:\/\/now-news.de\/de\/deutschland\/ovks-generalsekretaer-armenien-lehnt-unterstuetzung-durch-organisation-ab\/#breadcrumb"},"inLanguage":"de","potentialAction":[{"@type":"ReadAction","target":["https:\/\/now-news.de\/de\/deutschland\/ovks-generalsekretaer-armenien-lehnt-unterstuetzung-durch-organisation-ab\/"]}]},{"@type":"ImageObject","inLanguage":"de","@id":"https:\/\/now-news.de\/de\/deutschland\/ovks-generalsekretaer-armenien-lehnt-unterstuetzung-durch-organisation-ab\/#primaryimage","url":"https:\/\/now-news.de\/de\/wp-content\/uploads\/sites\/3\/2023\/11\/OVKS-Generalsekretaer-Armenien-lehnt-Unterstuetzung-durch-Organisation-ab.jpg","contentUrl":"https:\/\/now-news.de\/de\/wp-content\/uploads\/sites\/3\/2023\/11\/OVKS-Generalsekretaer-Armenien-lehnt-Unterstuetzung-durch-Organisation-ab.jpg","width":460,"height":259,"caption":"OVKS-Generalsekret\u00e4r: Armenien lehnt Unterst\u00fctzung durch Organisation ab"},{"@type":"BreadcrumbList","@id":"https:\/\/now-news.de\/de\/deutschland\/ovks-generalsekretaer-armenien-lehnt-unterstuetzung-durch-organisation-ab\/#breadcrumb","itemListElement":[{"@type":"ListItem","position":1,"name":"Home","item":"https:\/\/now-news.de\/de\/"},{"@type":"ListItem","position":2,"name":"OVKS-Generalsekret\u00e4r: Armenien lehnt Unterst\u00fctzung durch Organisation ab"}]},{"@type":"WebSite","@id":"https:\/\/now-news.de\/de\/#website","url":"https:\/\/now-news.de\/de\/","name":"just-now.NEWS Deutschland","description":"Das Portal f\u00fcr unzensierte Nachrichten aus der Welt","publisher":{"@id":"https:\/\/now-news.de\/de\/#organization"},"potentialAction":[{"@type":"SearchAction","target":{"@type":"EntryPoint","urlTemplate":"https:\/\/now-news.de\/de\/?s={search_term_string}"},"query-input":"required name=search_term_string"}],"inLanguage":"de"},{"@type":"Organization","@id":"https:\/\/now-news.de\/de\/#organization","name":"Just Now News","url":"https:\/\/now-news.de\/de\/","logo":{"@type":"ImageObject","inLanguage":"de","@id":"https:\/\/now-news.de\/de\/#\/schema\/logo\/image\/","url":"http:\/\/just-now.news\/de\/wp-content\/uploads\/sites\/3\/2022\/04\/logo500x500.jpg","contentUrl":"http:\/\/just-now.news\/de\/wp-content\/uploads\/sites\/3\/2022\/04\/logo500x500.jpg","width":500,"height":500,"caption":"Just Now News"},"image":{"@id":"https:\/\/now-news.de\/de\/#\/schema\/logo\/image\/"},"sameAs":["https:\/\/www.facebook.com\/wirmachenauf","https:\/\/x.com\/WirMachenAuf_de"]},{"@type":"Person","@id":"https:\/\/now-news.de\/de\/#\/schema\/person\/fb534a4e865501d8b3285208df34a9b5","name":"rtnews","image":{"@type":"ImageObject","inLanguage":"de","@id":"https:\/\/now-news.de\/de\/#\/schema\/person\/image\/","url":"https:\/\/secure.gravatar.com\/avatar\/82aafea7d8127119dd649515f56e2117?s=96&d=mm&r=g","contentUrl":"https:\/\/secure.gravatar.com\/avatar\/82aafea7d8127119dd649515f56e2117?s=96&d=mm&r=g","caption":"rtnews"},"url":"https:\/\/now-news.de\/de\/author\/rnews\/"}]}},"_links":{"self":[{"href":"https:\/\/now-news.de\/de\/wp-json\/wp\/v2\/posts\/50094"}],"collection":[{"href":"https:\/\/now-news.de\/de\/wp-json\/wp\/v2\/posts"}],"about":[{"href":"https:\/\/now-news.de\/de\/wp-json\/wp\/v2\/types\/post"}],"author":[{"embeddable":true,"href":"https:\/\/now-news.de\/de\/wp-json\/wp\/v2\/users\/3"}],"replies":[{"embeddable":true,"href":"https:\/\/now-news.de\/de\/wp-json\/wp\/v2\/comments?post=50094"}],"version-history":[{"count":0,"href":"https:\/\/now-news.de\/de\/wp-json\/wp\/v2\/posts\/50094\/revisions"}],"wp:featuredmedia":[{"embeddable":true,"href":"https:\/\/now-news.de\/de\/wp-json\/wp\/v2\/media\/50095"}],"wp:attachment":[{"href":"https:\/\/now-news.de\/de\/wp-json\/wp\/v2\/media?parent=50094"}],"wp:term":[{"taxonomy":"category","embeddable":true,"href":"https:\/\/now-news.de\/de\/wp-json\/wp\/v2\/categories?post=50094"},{"taxonomy":"post_tag","embeddable":true,"href":"https:\/\/now-news.de\/de\/wp-json\/wp\/v2\/tags?post=50094"}],"curies":[{"name":"wp","href":"https:\/\/api.w.org\/{rel}","templated":true}]}}