{"id":50084,"date":"2023-11-20T18:30:25","date_gmt":"2023-11-20T16:30:25","guid":{"rendered":"https:\/\/just-now.news\/de\/deutschland\/mahle-chef-europa-wird-als-standort-in-zukunft-eine-kleinere-rolle-spielen\/"},"modified":"2023-11-20T18:30:25","modified_gmt":"2023-11-20T16:30:25","slug":"mahle-chef-europa-wird-als-standort-in-zukunft-eine-kleinere-rolle-spielen","status":"publish","type":"post","link":"https:\/\/now-news.de\/de\/deutschland\/mahle-chef-europa-wird-als-standort-in-zukunft-eine-kleinere-rolle-spielen\/","title":{"rendered":"Mahle-Chef: &quot;Europa wird als Standort in Zukunft eine kleinere Rolle spielen&quot;"},"content":{"rendered":"<p><img decoding=\"async\" src=\"http:\/\/just-now.news\/de\/wp-content\/uploads\/sites\/3\/2023\/11\/655b57e448fbef3ca95cd8a1.jpg\" \/><\/p>\n<div class=\"Text-root Text-type_1 \">\n                Laut dem Gesch\u00e4ftsf\u00fchrer des Autozulieferers Mahle sind die aktuellen Schwankungen auf dem Markt f\u00fcr Elektroautos nur der Anfang dessen, was man im Laufe des kommenden Jahrzehnts erleben wird. Bis 2035 geht er f\u00fcr seine Industrie von einem Arbeitsplatzverlust von bis zu 40 Prozent aus.\n            <\/div>\n<p><\/p>\n<div class=\"Text-root Text-type_5 ArticleView-text ViewText-root \">\n<p>Der Gesch\u00e4ftsf\u00fchrer des Stuttgarter Autozulieferers Mahle, Arnd Franz, will an der Produktion von Verbrennermotoren festhalten. Diese sollen laut EU-Gesetz ab dem Jahr 2035 verboten werden, um die Wirtschaft zu &#8220;dekarbonisieren&#8221;. Im Interview mit der Springerzeitung <em>Welt<\/em> begr\u00fcndete Franz seine Forderung damit, dass E-Autos &#8220;aus Gr\u00fcnden der Risikoabw\u00e4gung&#8221; nicht der einzige Weg zu einer umweltvertr\u00e4glichen Mobilit\u00e4t sein d\u00fcrften.<\/p>\n<p>So m\u00fcsse man ebenso daf\u00fcr sorgen, dass andere Antriebsformen nachhaltig werden. Wie in anderen Weltregionen auch, brauche es vielf\u00e4ltige L\u00f6sungen f\u00fcr die Dekarbonisierung, argumentiert Franz, wie &#8220;hocheffiziente Verbrenner, die mit nachhaltigen Kraftstoffen klimaneutral betrieben werden&#8221;. Dass die EU bis 2035 eine komplette Industrie auf eine neue Technologie bringen wolle, sei hingegen &#8220;eine fast pharaonische Zielsetzung&#8221;.<\/p>\n<p>Das schwache Wachstum auf dem Markt f\u00fcr E-Autos erkl\u00e4rt Franz mit zahlreichen &#8220;Unsicherheiten&#8221;, angefangen bei der Ladeinfrastruktur \u00fcber die Verf\u00fcgbarkeit und den Preis f\u00fcr &#8220;gr\u00fcnen&#8221; Strom bis hin zu den Kosten f\u00fcr die Neuanschaffung eines E-Autos. Die aktuellen Schwankungen seien nur der Anfang dessen, was wir im Laufe\u00a0des\u00a0kommenden Jahrzehnts erleben w\u00fcrden, betont Franz. Im \u00dcbrigen w\u00fcrden Konsumenten selbst entscheiden, welches Auto sie kaufen.\u00a0Dies m\u00fcsse nicht mit dem \u00fcbereinstimmen, was die Politik vorschreiben will. Die EU-Kommission untersch\u00e4tze, wie lange die Leute ihre Autos fahren.<\/p>\n<p><strong>Erwartungen an die Industrie sind &#8220;viel zu hoch&#8221;<\/strong><\/p>\n<p>Mahle selbst verdiene mit Komponenten f\u00fcr E-Autos kein Geld. Aktuell werde &#8220;fast nur&#8221; investiert, so Franz. Die verkauften St\u00fcckzahlen l\u00e4gen &#8220;weit hinter den Erwartungen&#8221; und die Schwankungen seien &#8220;sehr hoch&#8221;, was die Transformation noch anspruchsvoller mache, als sie von vornherein war. Von den viel zu hohen Erwartungen an die Industrie sei man aufgrund der &#8220;makro\u00f6konomischen Bedingungen&#8221; weit entfernt.<\/p>\n<blockquote>\n<p><em>&#8220;Durch die Inflation haben die Leute weniger Geld in der Tasche und auch die Finanzierungskosten explodieren.&#8221;<\/em><\/p>\n<\/blockquote>\n<p>Gleichzeitig liege in Europa die Gesamtnachfrage unabh\u00e4ngig von der Antriebsart um 20 Prozent unter dem Niveau vor der Coronakrise. Bei Mahle gehe man zudem nicht davon aus, dass die Zahl der produzierten Fahrzeuge wieder an das fr\u00fchere Niveau herankommen werde. Die Produktion werde daher verkleinert werden und Europa werde in Zukunft als Standort im globalen Ma\u00dfstab eine kleinere Rolle spielen.<\/p>\n<p>Eine Deindustrialisierung sieht Franz dennoch nicht auf Deutschland zukommen, zumindest nicht im Sinne einer &#8220;Technologie-Abwanderung&#8221;. Zu einem Besch\u00e4ftigungsabbau werde es aber sehr wahrscheinlich kommen.<\/p>\n<p>Franz geht hier von bis zu 40 Prozent weniger Arbeitspl\u00e4tzen in der Zulieferindustrie aus, da der Verbrennermotor wesentlich besch\u00e4ftigungsintensiver sei als das Elektroauto. Daher rechne er nicht damit, dass Mahle seine aktuell 30.000 Mitarbeiter in Europa im Jahr 2035 noch haben werde \u2013 trotz steigenden Umsatzes. &#8220;Es werden deutlich weniger sein.&#8221;<\/p>\n<p><strong>Mehr zum Thema\u00a0<\/strong>\u2013\u00a0<a rel=\"nofollow noopener\" target=\"_blank\" href=\"https:\/\/freedert.online\/wirtschaft\/187039-bmw-motorenproduktion-jetzt-komplett-aus\/\">BMW: Motorenproduktion jetzt komplett aus Deutschland abgezogen<\/a><\/p>\n<div class=\"EmbedBlock-root EmbedBlock-externalVideo EmbedBlock-odysee\">\n<div class=\"VkEmbed\"><iframe class=\"lazyload\" data-src=\"https:\/\/odysee.com\/%24\/embed\/%40RTDE%3Ae%2F-Stromnetz-nicht-ger%C3%BCstet--%E2%80%93-Verkehrswende-unmachbar--%3Ae\" frameborder=\"0\" width=\"853\" height=\"480\" allowfullscreen><\/iframe><\/div>\n<\/div>\n<\/div>\n<p><br \/>\n<br \/><a href=\"https:\/\/de.rt.com\/inland\/187575-mahle-chef-europa-wird-als\/\">Source link <\/a><\/p>\n","protected":false},"excerpt":{"rendered":"<p>Laut dem Gesch\u00e4ftsf\u00fchrer des Autozulieferers Mahle sind die aktuellen Schwankungen auf dem Markt f\u00fcr Elektroautos nur der Anfang dessen, was man im Laufe des kommenden Jahrzehnts erleben wird. Bis 2035 geht er f\u00fcr seine Industrie von einem Arbeitsplatzverlust von bis zu 40 Prozent aus. Der Gesch\u00e4ftsf\u00fchrer des Stuttgarter Autozulieferers Mahle, Arnd Franz, will an der [&hellip;]<\/p>\n","protected":false},"author":3,"featured_media":50085,"comment_status":"open","ping_status":"open","sticky":false,"template":"","format":"standard","meta":{"_yoast_indexnow_last_ping":["1700497846"],"wp_automatic_camp":["217"],"ac745a9df409c74f84279d0732f9785a":["Mahle-Chef: &quot;Europa wird als Standort in Zukunft eine kleinere Rolle spielen&quot;"],"original_link":["https:\/\/de.rt.com\/inland\/187575-mahle-chef-europa-wird-als\/"],"_thumbnail_id":["50085"],"jnews_social_counter_last_update":["1777121657"],"_wptgpro_p2tg_sent2tg":["a:1:{i:23737;s:19:\"2023-11-20 18:31:52\";}"]},"categories":[19,23],"tags":[273,275,21836,50816,23034,4504,50817,26991,374,3250],"yoast_head":"<!-- This site is optimized with the Yoast SEO Premium plugin v22.7 (Yoast SEO v22.7) - https:\/\/yoast.com\/wordpress\/plugins\/seo\/ -->\n<title>Mahle-Chef: &quot;Europa wird als Standort in Zukunft eine kleinere Rolle spielen&quot; - just-now.NEWS Deutschland<\/title>\n<meta name=\"robots\" content=\"index, follow, max-snippet:-1, max-image-preview:large, max-video-preview:-1\" \/>\n<link rel=\"canonical\" href=\"https:\/\/now-news.de\/de\/deutschland\/mahle-chef-europa-wird-als-standort-in-zukunft-eine-kleinere-rolle-spielen\/\" \/>\n<meta property=\"og:locale\" content=\"de_DE\" \/>\n<meta property=\"og:type\" content=\"article\" \/>\n<meta property=\"og:title\" content=\"Mahle-Chef: &quot;Europa wird als Standort in Zukunft eine kleinere Rolle spielen&quot;\" \/>\n<meta property=\"og:description\" content=\"Laut dem Gesch\u00e4ftsf\u00fchrer des Autozulieferers Mahle sind die aktuellen Schwankungen auf dem Markt f\u00fcr Elektroautos nur der Anfang dessen, was man im Laufe des kommenden Jahrzehnts erleben wird. Bis 2035 geht er f\u00fcr seine Industrie von einem Arbeitsplatzverlust von bis zu 40 Prozent aus. Der Gesch\u00e4ftsf\u00fchrer des Stuttgarter Autozulieferers Mahle, Arnd Franz, will an der [&hellip;]\" \/>\n<meta property=\"og:url\" content=\"https:\/\/now-news.de\/de\/deutschland\/mahle-chef-europa-wird-als-standort-in-zukunft-eine-kleinere-rolle-spielen\/\" \/>\n<meta property=\"og:site_name\" content=\"just-now.NEWS Deutschland\" \/>\n<meta property=\"article:publisher\" content=\"https:\/\/www.facebook.com\/wirmachenauf\" \/>\n<meta property=\"article:published_time\" content=\"2023-11-20T16:30:25+00:00\" \/>\n<meta property=\"og:image\" content=\"https:\/\/now-news.de\/de\/wp-content\/uploads\/sites\/3\/2023\/11\/Mahle-Chef-quotEuropa-wird-als-Standort-in-Zukunft-eine-kleinere-Rolle.jpg\" \/>\n\t<meta property=\"og:image:width\" content=\"460\" \/>\n\t<meta property=\"og:image:height\" content=\"259\" \/>\n\t<meta property=\"og:image:type\" content=\"image\/jpeg\" \/>\n<meta name=\"author\" content=\"rtnews\" \/>\n<meta name=\"twitter:card\" content=\"summary_large_image\" \/>\n<meta name=\"twitter:creator\" content=\"@WirMachenAuf_de\" \/>\n<meta name=\"twitter:site\" content=\"@WirMachenAuf_de\" \/>\n<meta name=\"twitter:label1\" content=\"Verfasst von\" \/>\n\t<meta name=\"twitter:data1\" content=\"rtnews\" \/>\n\t<meta name=\"twitter:label2\" content=\"Gesch\u00e4tzte Lesezeit\" \/>\n\t<meta name=\"twitter:data2\" content=\"3\u00a0Minuten\" \/>\n<script type=\"application\/ld+json\" class=\"yoast-schema-graph\">{\"@context\":\"https:\/\/schema.org\",\"@graph\":[{\"@type\":\"Article\",\"@id\":\"https:\/\/now-news.de\/de\/deutschland\/mahle-chef-europa-wird-als-standort-in-zukunft-eine-kleinere-rolle-spielen\/#article\",\"isPartOf\":{\"@id\":\"https:\/\/now-news.de\/de\/deutschland\/mahle-chef-europa-wird-als-standort-in-zukunft-eine-kleinere-rolle-spielen\/\"},\"author\":{\"name\":\"rtnews\",\"@id\":\"https:\/\/now-news.de\/de\/#\/schema\/person\/fb534a4e865501d8b3285208df34a9b5\"},\"headline\":\"Mahle-Chef: &quot;Europa wird als Standort in Zukunft eine kleinere Rolle spielen&quot;\",\"datePublished\":\"2023-11-20T16:30:25+00:00\",\"dateModified\":\"2023-11-20T16:30:25+00:00\",\"mainEntityOfPage\":{\"@id\":\"https:\/\/now-news.de\/de\/deutschland\/mahle-chef-europa-wird-als-standort-in-zukunft-eine-kleinere-rolle-spielen\/\"},\"wordCount\":513,\"commentCount\":0,\"publisher\":{\"@id\":\"https:\/\/now-news.de\/de\/#organization\"},\"image\":{\"@id\":\"https:\/\/now-news.de\/de\/deutschland\/mahle-chef-europa-wird-als-standort-in-zukunft-eine-kleinere-rolle-spielen\/#primaryimage\"},\"thumbnailUrl\":\"https:\/\/now-news.de\/de\/wp-content\/uploads\/sites\/3\/2023\/11\/Mahle-Chef-quotEuropa-wird-als-Standort-in-Zukunft-eine-kleinere-Rolle.jpg\",\"keywords\":[\"als\",\"eine\",\"kleinere\",\"MahleChef\",\"quotEuropa\",\"Rolle\",\"spielenquot\",\"Standort\",\"wird\",\"Zukunft\"],\"articleSection\":[\"Deutschland\",\"Russland\"],\"inLanguage\":\"de\",\"potentialAction\":[{\"@type\":\"CommentAction\",\"name\":\"Comment\",\"target\":[\"https:\/\/now-news.de\/de\/deutschland\/mahle-chef-europa-wird-als-standort-in-zukunft-eine-kleinere-rolle-spielen\/#respond\"]}]},{\"@type\":\"WebPage\",\"@id\":\"https:\/\/now-news.de\/de\/deutschland\/mahle-chef-europa-wird-als-standort-in-zukunft-eine-kleinere-rolle-spielen\/\",\"url\":\"https:\/\/now-news.de\/de\/deutschland\/mahle-chef-europa-wird-als-standort-in-zukunft-eine-kleinere-rolle-spielen\/\",\"name\":\"Mahle-Chef: &quot;Europa wird als Standort in Zukunft eine kleinere Rolle spielen&quot; - just-now.NEWS Deutschland\",\"isPartOf\":{\"@id\":\"https:\/\/now-news.de\/de\/#website\"},\"primaryImageOfPage\":{\"@id\":\"https:\/\/now-news.de\/de\/deutschland\/mahle-chef-europa-wird-als-standort-in-zukunft-eine-kleinere-rolle-spielen\/#primaryimage\"},\"image\":{\"@id\":\"https:\/\/now-news.de\/de\/deutschland\/mahle-chef-europa-wird-als-standort-in-zukunft-eine-kleinere-rolle-spielen\/#primaryimage\"},\"thumbnailUrl\":\"https:\/\/now-news.de\/de\/wp-content\/uploads\/sites\/3\/2023\/11\/Mahle-Chef-quotEuropa-wird-als-Standort-in-Zukunft-eine-kleinere-Rolle.jpg\",\"datePublished\":\"2023-11-20T16:30:25+00:00\",\"dateModified\":\"2023-11-20T16:30:25+00:00\",\"breadcrumb\":{\"@id\":\"https:\/\/now-news.de\/de\/deutschland\/mahle-chef-europa-wird-als-standort-in-zukunft-eine-kleinere-rolle-spielen\/#breadcrumb\"},\"inLanguage\":\"de\",\"potentialAction\":[{\"@type\":\"ReadAction\",\"target\":[\"https:\/\/now-news.de\/de\/deutschland\/mahle-chef-europa-wird-als-standort-in-zukunft-eine-kleinere-rolle-spielen\/\"]}]},{\"@type\":\"ImageObject\",\"inLanguage\":\"de\",\"@id\":\"https:\/\/now-news.de\/de\/deutschland\/mahle-chef-europa-wird-als-standort-in-zukunft-eine-kleinere-rolle-spielen\/#primaryimage\",\"url\":\"https:\/\/now-news.de\/de\/wp-content\/uploads\/sites\/3\/2023\/11\/Mahle-Chef-quotEuropa-wird-als-Standort-in-Zukunft-eine-kleinere-Rolle.jpg\",\"contentUrl\":\"https:\/\/now-news.de\/de\/wp-content\/uploads\/sites\/3\/2023\/11\/Mahle-Chef-quotEuropa-wird-als-Standort-in-Zukunft-eine-kleinere-Rolle.jpg\",\"width\":460,\"height\":259,\"caption\":\"Mahle-Chef: &quot;Europa wird als Standort in Zukunft eine kleinere Rolle spielen&quot;\"},{\"@type\":\"BreadcrumbList\",\"@id\":\"https:\/\/now-news.de\/de\/deutschland\/mahle-chef-europa-wird-als-standort-in-zukunft-eine-kleinere-rolle-spielen\/#breadcrumb\",\"itemListElement\":[{\"@type\":\"ListItem\",\"position\":1,\"name\":\"Home\",\"item\":\"https:\/\/now-news.de\/de\/\"},{\"@type\":\"ListItem\",\"position\":2,\"name\":\"Mahle-Chef: &quot;Europa wird als Standort in Zukunft eine kleinere Rolle spielen&quot;\"}]},{\"@type\":\"WebSite\",\"@id\":\"https:\/\/now-news.de\/de\/#website\",\"url\":\"https:\/\/now-news.de\/de\/\",\"name\":\"just-now.NEWS Deutschland\",\"description\":\"Das Portal f\u00fcr unzensierte Nachrichten aus der Welt\",\"publisher\":{\"@id\":\"https:\/\/now-news.de\/de\/#organization\"},\"potentialAction\":[{\"@type\":\"SearchAction\",\"target\":{\"@type\":\"EntryPoint\",\"urlTemplate\":\"https:\/\/now-news.de\/de\/?s={search_term_string}\"},\"query-input\":\"required name=search_term_string\"}],\"inLanguage\":\"de\"},{\"@type\":\"Organization\",\"@id\":\"https:\/\/now-news.de\/de\/#organization\",\"name\":\"Just Now News\",\"url\":\"https:\/\/now-news.de\/de\/\",\"logo\":{\"@type\":\"ImageObject\",\"inLanguage\":\"de\",\"@id\":\"https:\/\/now-news.de\/de\/#\/schema\/logo\/image\/\",\"url\":\"http:\/\/just-now.news\/de\/wp-content\/uploads\/sites\/3\/2022\/04\/logo500x500.jpg\",\"contentUrl\":\"http:\/\/just-now.news\/de\/wp-content\/uploads\/sites\/3\/2022\/04\/logo500x500.jpg\",\"width\":500,\"height\":500,\"caption\":\"Just Now News\"},\"image\":{\"@id\":\"https:\/\/now-news.de\/de\/#\/schema\/logo\/image\/\"},\"sameAs\":[\"https:\/\/www.facebook.com\/wirmachenauf\",\"https:\/\/x.com\/WirMachenAuf_de\"]},{\"@type\":\"Person\",\"@id\":\"https:\/\/now-news.de\/de\/#\/schema\/person\/fb534a4e865501d8b3285208df34a9b5\",\"name\":\"rtnews\",\"image\":{\"@type\":\"ImageObject\",\"inLanguage\":\"de\",\"@id\":\"https:\/\/now-news.de\/de\/#\/schema\/person\/image\/\",\"url\":\"https:\/\/secure.gravatar.com\/avatar\/82aafea7d8127119dd649515f56e2117?s=96&d=mm&r=g\",\"contentUrl\":\"https:\/\/secure.gravatar.com\/avatar\/82aafea7d8127119dd649515f56e2117?s=96&d=mm&r=g\",\"caption\":\"rtnews\"},\"url\":\"https:\/\/now-news.de\/de\/author\/rnews\/\"}]}<\/script>\n<!-- \/ Yoast SEO Premium plugin. -->","yoast_head_json":{"title":"Mahle-Chef: &quot;Europa wird als Standort in Zukunft eine kleinere Rolle spielen&quot; - just-now.NEWS Deutschland","robots":{"index":"index","follow":"follow","max-snippet":"max-snippet:-1","max-image-preview":"max-image-preview:large","max-video-preview":"max-video-preview:-1"},"canonical":"https:\/\/now-news.de\/de\/deutschland\/mahle-chef-europa-wird-als-standort-in-zukunft-eine-kleinere-rolle-spielen\/","og_locale":"de_DE","og_type":"article","og_title":"Mahle-Chef: &quot;Europa wird als Standort in Zukunft eine kleinere Rolle spielen&quot;","og_description":"Laut dem Gesch\u00e4ftsf\u00fchrer des Autozulieferers Mahle sind die aktuellen Schwankungen auf dem Markt f\u00fcr Elektroautos nur der Anfang dessen, was man im Laufe des kommenden Jahrzehnts erleben wird. Bis 2035 geht er f\u00fcr seine Industrie von einem Arbeitsplatzverlust von bis zu 40 Prozent aus. Der Gesch\u00e4ftsf\u00fchrer des Stuttgarter Autozulieferers Mahle, Arnd Franz, will an der [&hellip;]","og_url":"https:\/\/now-news.de\/de\/deutschland\/mahle-chef-europa-wird-als-standort-in-zukunft-eine-kleinere-rolle-spielen\/","og_site_name":"just-now.NEWS Deutschland","article_publisher":"https:\/\/www.facebook.com\/wirmachenauf","article_published_time":"2023-11-20T16:30:25+00:00","og_image":[{"width":460,"height":259,"url":"https:\/\/now-news.de\/de\/wp-content\/uploads\/sites\/3\/2023\/11\/Mahle-Chef-quotEuropa-wird-als-Standort-in-Zukunft-eine-kleinere-Rolle.jpg","type":"image\/jpeg"}],"author":"rtnews","twitter_card":"summary_large_image","twitter_creator":"@WirMachenAuf_de","twitter_site":"@WirMachenAuf_de","twitter_misc":{"Verfasst von":"rtnews","Gesch\u00e4tzte Lesezeit":"3\u00a0Minuten"},"schema":{"@context":"https:\/\/schema.org","@graph":[{"@type":"Article","@id":"https:\/\/now-news.de\/de\/deutschland\/mahle-chef-europa-wird-als-standort-in-zukunft-eine-kleinere-rolle-spielen\/#article","isPartOf":{"@id":"https:\/\/now-news.de\/de\/deutschland\/mahle-chef-europa-wird-als-standort-in-zukunft-eine-kleinere-rolle-spielen\/"},"author":{"name":"rtnews","@id":"https:\/\/now-news.de\/de\/#\/schema\/person\/fb534a4e865501d8b3285208df34a9b5"},"headline":"Mahle-Chef: &quot;Europa wird als Standort in Zukunft eine kleinere Rolle spielen&quot;","datePublished":"2023-11-20T16:30:25+00:00","dateModified":"2023-11-20T16:30:25+00:00","mainEntityOfPage":{"@id":"https:\/\/now-news.de\/de\/deutschland\/mahle-chef-europa-wird-als-standort-in-zukunft-eine-kleinere-rolle-spielen\/"},"wordCount":513,"commentCount":0,"publisher":{"@id":"https:\/\/now-news.de\/de\/#organization"},"image":{"@id":"https:\/\/now-news.de\/de\/deutschland\/mahle-chef-europa-wird-als-standort-in-zukunft-eine-kleinere-rolle-spielen\/#primaryimage"},"thumbnailUrl":"https:\/\/now-news.de\/de\/wp-content\/uploads\/sites\/3\/2023\/11\/Mahle-Chef-quotEuropa-wird-als-Standort-in-Zukunft-eine-kleinere-Rolle.jpg","keywords":["als","eine","kleinere","MahleChef","quotEuropa","Rolle","spielenquot","Standort","wird","Zukunft"],"articleSection":["Deutschland","Russland"],"inLanguage":"de","potentialAction":[{"@type":"CommentAction","name":"Comment","target":["https:\/\/now-news.de\/de\/deutschland\/mahle-chef-europa-wird-als-standort-in-zukunft-eine-kleinere-rolle-spielen\/#respond"]}]},{"@type":"WebPage","@id":"https:\/\/now-news.de\/de\/deutschland\/mahle-chef-europa-wird-als-standort-in-zukunft-eine-kleinere-rolle-spielen\/","url":"https:\/\/now-news.de\/de\/deutschland\/mahle-chef-europa-wird-als-standort-in-zukunft-eine-kleinere-rolle-spielen\/","name":"Mahle-Chef: &quot;Europa wird als Standort in Zukunft eine kleinere Rolle spielen&quot; - just-now.NEWS Deutschland","isPartOf":{"@id":"https:\/\/now-news.de\/de\/#website"},"primaryImageOfPage":{"@id":"https:\/\/now-news.de\/de\/deutschland\/mahle-chef-europa-wird-als-standort-in-zukunft-eine-kleinere-rolle-spielen\/#primaryimage"},"image":{"@id":"https:\/\/now-news.de\/de\/deutschland\/mahle-chef-europa-wird-als-standort-in-zukunft-eine-kleinere-rolle-spielen\/#primaryimage"},"thumbnailUrl":"https:\/\/now-news.de\/de\/wp-content\/uploads\/sites\/3\/2023\/11\/Mahle-Chef-quotEuropa-wird-als-Standort-in-Zukunft-eine-kleinere-Rolle.jpg","datePublished":"2023-11-20T16:30:25+00:00","dateModified":"2023-11-20T16:30:25+00:00","breadcrumb":{"@id":"https:\/\/now-news.de\/de\/deutschland\/mahle-chef-europa-wird-als-standort-in-zukunft-eine-kleinere-rolle-spielen\/#breadcrumb"},"inLanguage":"de","potentialAction":[{"@type":"ReadAction","target":["https:\/\/now-news.de\/de\/deutschland\/mahle-chef-europa-wird-als-standort-in-zukunft-eine-kleinere-rolle-spielen\/"]}]},{"@type":"ImageObject","inLanguage":"de","@id":"https:\/\/now-news.de\/de\/deutschland\/mahle-chef-europa-wird-als-standort-in-zukunft-eine-kleinere-rolle-spielen\/#primaryimage","url":"https:\/\/now-news.de\/de\/wp-content\/uploads\/sites\/3\/2023\/11\/Mahle-Chef-quotEuropa-wird-als-Standort-in-Zukunft-eine-kleinere-Rolle.jpg","contentUrl":"https:\/\/now-news.de\/de\/wp-content\/uploads\/sites\/3\/2023\/11\/Mahle-Chef-quotEuropa-wird-als-Standort-in-Zukunft-eine-kleinere-Rolle.jpg","width":460,"height":259,"caption":"Mahle-Chef: &quot;Europa wird als Standort in Zukunft eine kleinere Rolle spielen&quot;"},{"@type":"BreadcrumbList","@id":"https:\/\/now-news.de\/de\/deutschland\/mahle-chef-europa-wird-als-standort-in-zukunft-eine-kleinere-rolle-spielen\/#breadcrumb","itemListElement":[{"@type":"ListItem","position":1,"name":"Home","item":"https:\/\/now-news.de\/de\/"},{"@type":"ListItem","position":2,"name":"Mahle-Chef: &quot;Europa wird als Standort in Zukunft eine kleinere Rolle spielen&quot;"}]},{"@type":"WebSite","@id":"https:\/\/now-news.de\/de\/#website","url":"https:\/\/now-news.de\/de\/","name":"just-now.NEWS Deutschland","description":"Das Portal f\u00fcr unzensierte Nachrichten aus der Welt","publisher":{"@id":"https:\/\/now-news.de\/de\/#organization"},"potentialAction":[{"@type":"SearchAction","target":{"@type":"EntryPoint","urlTemplate":"https:\/\/now-news.de\/de\/?s={search_term_string}"},"query-input":"required name=search_term_string"}],"inLanguage":"de"},{"@type":"Organization","@id":"https:\/\/now-news.de\/de\/#organization","name":"Just Now News","url":"https:\/\/now-news.de\/de\/","logo":{"@type":"ImageObject","inLanguage":"de","@id":"https:\/\/now-news.de\/de\/#\/schema\/logo\/image\/","url":"http:\/\/just-now.news\/de\/wp-content\/uploads\/sites\/3\/2022\/04\/logo500x500.jpg","contentUrl":"http:\/\/just-now.news\/de\/wp-content\/uploads\/sites\/3\/2022\/04\/logo500x500.jpg","width":500,"height":500,"caption":"Just Now News"},"image":{"@id":"https:\/\/now-news.de\/de\/#\/schema\/logo\/image\/"},"sameAs":["https:\/\/www.facebook.com\/wirmachenauf","https:\/\/x.com\/WirMachenAuf_de"]},{"@type":"Person","@id":"https:\/\/now-news.de\/de\/#\/schema\/person\/fb534a4e865501d8b3285208df34a9b5","name":"rtnews","image":{"@type":"ImageObject","inLanguage":"de","@id":"https:\/\/now-news.de\/de\/#\/schema\/person\/image\/","url":"https:\/\/secure.gravatar.com\/avatar\/82aafea7d8127119dd649515f56e2117?s=96&d=mm&r=g","contentUrl":"https:\/\/secure.gravatar.com\/avatar\/82aafea7d8127119dd649515f56e2117?s=96&d=mm&r=g","caption":"rtnews"},"url":"https:\/\/now-news.de\/de\/author\/rnews\/"}]}},"_links":{"self":[{"href":"https:\/\/now-news.de\/de\/wp-json\/wp\/v2\/posts\/50084"}],"collection":[{"href":"https:\/\/now-news.de\/de\/wp-json\/wp\/v2\/posts"}],"about":[{"href":"https:\/\/now-news.de\/de\/wp-json\/wp\/v2\/types\/post"}],"author":[{"embeddable":true,"href":"https:\/\/now-news.de\/de\/wp-json\/wp\/v2\/users\/3"}],"replies":[{"embeddable":true,"href":"https:\/\/now-news.de\/de\/wp-json\/wp\/v2\/comments?post=50084"}],"version-history":[{"count":0,"href":"https:\/\/now-news.de\/de\/wp-json\/wp\/v2\/posts\/50084\/revisions"}],"wp:featuredmedia":[{"embeddable":true,"href":"https:\/\/now-news.de\/de\/wp-json\/wp\/v2\/media\/50085"}],"wp:attachment":[{"href":"https:\/\/now-news.de\/de\/wp-json\/wp\/v2\/media?parent=50084"}],"wp:term":[{"taxonomy":"category","embeddable":true,"href":"https:\/\/now-news.de\/de\/wp-json\/wp\/v2\/categories?post=50084"},{"taxonomy":"post_tag","embeddable":true,"href":"https:\/\/now-news.de\/de\/wp-json\/wp\/v2\/tags?post=50084"}],"curies":[{"name":"wp","href":"https:\/\/api.w.org\/{rel}","templated":true}]}}