{"id":50076,"date":"2023-11-20T17:16:00","date_gmt":"2023-11-20T15:16:00","guid":{"rendered":"https:\/\/just-now.news\/de\/deutschland\/ich-liebe-deine-ohren-biden-irritiert-mit-aussagen-zu-sechsjaehrigem-maedchen\/"},"modified":"2023-11-20T17:16:00","modified_gmt":"2023-11-20T15:16:00","slug":"ich-liebe-deine-ohren-biden-irritiert-mit-aussagen-zu-sechsjaehrigem-maedchen","status":"publish","type":"post","link":"https:\/\/now-news.de\/de\/deutschland\/ich-liebe-deine-ohren-biden-irritiert-mit-aussagen-zu-sechsjaehrigem-maedchen\/","title":{"rendered":"&quot;Ich liebe deine Ohren&quot; \u2013 Biden irritiert mit Aussagen zu sechsj\u00e4hrigem M\u00e4dchen"},"content":{"rendered":"<p><img decoding=\"async\" src=\"http:\/\/just-now.news\/de\/wp-content\/uploads\/sites\/3\/2023\/11\/655b6bb8b480cc39304c47aa.jpg\" \/><\/p>\n<div class=\"Text-root Text-type_1 \">\n                Und wieder ein bizarrer Biden-Moment: Bei der Vorstellung des neuen Hollywood-Films &#8220;Wonka&#8221; auf einem Marinest\u00fctzpunkt im US-Bundesstaat Virginia sorgte der US-Pr\u00e4sident Joe Biden f\u00fcr Irritationen. Hat sich der &#8220;m\u00e4chtigste Mann der Welt&#8221; nicht mehr im Griff?\n            <\/div>\n<p><\/p>\n<div class=\"Text-root Text-type_5 ArticleView-text ViewText-root \">\n<p>US-Pr\u00e4sident Joe Biden sorgt einmal mehr mit einem bizarren Auftritt f\u00fcr Kopfsch\u00fctteln. Der 81-J\u00e4hrige besuchte mit seiner Frau einen Marinest\u00fctzpunkt im US-Bundesstaat Virginia. Dabei stellte er auch den neuen Hollywood-Film &#8220;Wonka&#8221; des Regisseurs Paul King vor.<\/p>\n<p>Doch pl\u00f6tzlich richtete sich der US-Pr\u00e4sident an ein sechsj\u00e4hriges M\u00e4dchen im Publikum, ber\u00fchrte sie fast und machte ihr Komplimente:<\/p>\n<blockquote>\n<p><em>&#8220;Ich liebe deine Ohren.&#8221;<\/em><\/p>\n<\/blockquote>\n<p>Biden f\u00fcgte noch hinzu: &#8220;Sie sind wirklich cool!&#8221; Das kleine M\u00e4dchen trug ein Haarband mit Leoparden-Ohren. Dieses stach dem Pr\u00e4sidenten offenbar ins Auge. Anschlie\u00dfend fragte er das Kind noch nach seinem Namen. &#8220;Catherine&#8221;, antwortet die Sechsj\u00e4hrige sch\u00fcchtern. Daraufhin Biden:<\/p>\n<blockquote>\n<p><em>&#8220;Was f\u00fcr ein sch\u00f6ner Name (\u2026) Das ist der Name meiner Mama. Wie alt bist du \u2013 siebzehn?&#8221;<\/em><\/p>\n<\/blockquote>\n<p>Ein Video zeigt, wie unwohl sich das M\u00e4dchen f\u00fchlt:<\/p>\n<div class=\"EmbedBlock-root EmbedBlock-twitter\">\n<div class=\"TwitterEmbed\">\n<blockquote class=\"twitter-tweet lazyload\" data-twitter=\"twitter-tweet\">\n<p lang=\"en\" dir=\"ltr\">Creepy Joe strikes again? <a rel=\"nofollow noopener\" target=\"_blank\" href=\"https:\/\/twitter.com\/hashtag\/CreepyJoe?src=hash&amp;ref_src=twsrc%5Etfw\">#CreepyJoe<\/a> \ud83d\ude02 <a rel=\"nofollow noopener\" target=\"_blank\" href=\"https:\/\/t.co\/MMYRBH2VM2\">pic.twitter.com\/MMYRBH2VM2<\/a><\/p>\n<p>\u2014 SamB (@SamXtrooTH) <a rel=\"nofollow noopener\" target=\"_blank\" href=\"https:\/\/twitter.com\/SamXtrooTH\/status\/1726600523019849885?ref_src=twsrc%5Etfw\">November 20, 2023<\/a><\/p><\/blockquote>\n<\/div>\n<\/div>\n<p>F\u00fcr sein verst\u00f6rendes Verhalten erntete Biden auf den sozialen Medien jede Menge ablehnender Reaktionen. Nutzer auf X schrieben zum Beispiel:<\/p>\n<blockquote>\n<p><em>&#8220;Noch ein maximaler Cringe-Moment.&#8221;<\/em><\/p>\n<\/blockquote>\n<p>Oder auch:<\/p>\n<blockquote>\n<p><em>&#8220;Ein normaler Typ auf der Arbeit w\u00fcrde sofort gefeuert werden.&#8221;<\/em><\/p>\n<\/blockquote>\n<p>W\u00e4hrend der Veranstaltung betonte Biden immer wieder, wie wichtig Kinder f\u00fcr das Land seien. &#8220;Ich mag Kinder lieber als Erwachsene&#8221;, witzelt er weiter. Und:<\/p>\n<blockquote>\n<p><em>&#8220;Ich w\u00fcnschte, ich k\u00f6nnte bleiben und mit euch &#8216;Wonka&#8217; schauen.&#8221;<\/em><\/p>\n<\/blockquote>\n<p>Zuletzt sorgte Joe Biden Mitte September f\u00fcr Verwirrung. An einer Pressekonferenz in Vietnam sagte er bizarre Dinge wie &#8220;Ich werde jetzt ins Bett gehen&#8221;. Am Ende drehte ihm seine Entourage sogar das Mikrofon ab.<\/p>\n<p><strong>Mehr zum Thema<\/strong> \u2013 <a rel=\"nofollow noopener\" target=\"_blank\" href=\"https:\/\/freeassange.rtde.life\/meinung\/181644-ueber-joe-biden-sollte-man-nicht-lachen-sondern-ihn-bemitleiden\/\">Man sollte nicht \u00fcber Joe Biden lachen \u2013 sondern ihn bemitleiden <\/a><\/p>\n<div class=\"EmbedBlock-root EmbedBlock-externalVideo EmbedBlock-odysee\">\n<div class=\"VkEmbed\"><iframe class=\"lazyload\" data-src=\"https:\/\/odysee.com\/%24\/embed\/%40RTDE%3Ae%2Fbiden-zwischen-altersschw%C3%A4che-und-jetlag-werde-jetzt-ins-bett-gehen%3A4\" frameborder=\"0\" width=\"853\" height=\"480\" allowfullscreen><\/iframe><\/div>\n<\/div>\n<\/div>\n<p><script async src=\"https:\/\/platform.twitter.com\/widgets.js\" charset=\"utf-8\"><\/script><br \/>\n<br \/><br \/>\n<br \/><a href=\"https:\/\/de.rt.com\/nordamerika\/187588-ich-liebe-deine-ohren-biden-irritiert-mit-aussagen-zu-6-jaehrigem-maedchen\/\">Source link <\/a><\/p>\n","protected":false},"excerpt":{"rendered":"<p>Und wieder ein bizarrer Biden-Moment: Bei der Vorstellung des neuen Hollywood-Films &#8220;Wonka&#8221; auf einem Marinest\u00fctzpunkt im US-Bundesstaat Virginia sorgte der US-Pr\u00e4sident Joe Biden f\u00fcr Irritationen. Hat sich der &#8220;m\u00e4chtigste Mann der Welt&#8221; nicht mehr im Griff? US-Pr\u00e4sident Joe Biden sorgt einmal mehr mit einem bizarren Auftritt f\u00fcr Kopfsch\u00fctteln. Der 81-J\u00e4hrige besuchte mit seiner Frau einen [&hellip;]<\/p>\n","protected":false},"author":3,"featured_media":50077,"comment_status":"open","ping_status":"open","sticky":false,"template":"","format":"standard","meta":{"_yoast_indexnow_last_ping":["1700494011"],"wp_automatic_camp":["217"],"186171e07755bfcd1747cba9b87d9171":["&quot;Ich liebe deine Ohren&quot; \u2013 Biden irritiert mit Aussagen zu sechsj\u00e4hrigem M\u00e4dchen"],"original_link":["https:\/\/de.rt.com\/nordamerika\/187588-ich-liebe-deine-ohren-biden-irritiert-mit-aussagen-zu-6-jaehrigem-maedchen\/"],"_thumbnail_id":["50077"],"_wptgpro_p2tg_sent2tg":["a:1:{i:23737;s:19:\"2023-11-20 17:27:56\";}"],"jnews_social_counter_last_update":["1777359353"]},"categories":[19,23],"tags":[22003,1348,12124,32865,5887,18655,419,50813,7155,50814],"yoast_head":"<!-- This site is optimized with the Yoast SEO Premium plugin v22.7 (Yoast SEO v22.7) - https:\/\/yoast.com\/wordpress\/plugins\/seo\/ -->\n<title>&quot;Ich liebe deine Ohren&quot; \u2013 Biden irritiert mit Aussagen zu sechsj\u00e4hrigem M\u00e4dchen - just-now.NEWS Deutschland<\/title>\n<meta name=\"robots\" content=\"index, follow, max-snippet:-1, max-image-preview:large, max-video-preview:-1\" \/>\n<link rel=\"canonical\" href=\"https:\/\/now-news.de\/de\/deutschland\/ich-liebe-deine-ohren-biden-irritiert-mit-aussagen-zu-sechsjaehrigem-maedchen\/\" \/>\n<meta property=\"og:locale\" content=\"de_DE\" \/>\n<meta property=\"og:type\" content=\"article\" \/>\n<meta property=\"og:title\" content=\"&quot;Ich liebe deine Ohren&quot; \u2013 Biden irritiert mit Aussagen zu sechsj\u00e4hrigem M\u00e4dchen\" \/>\n<meta property=\"og:description\" content=\"Und wieder ein bizarrer Biden-Moment: Bei der Vorstellung des neuen Hollywood-Films &#8220;Wonka&#8221; auf einem Marinest\u00fctzpunkt im US-Bundesstaat Virginia sorgte der US-Pr\u00e4sident Joe Biden f\u00fcr Irritationen. Hat sich der &#8220;m\u00e4chtigste Mann der Welt&#8221; nicht mehr im Griff? US-Pr\u00e4sident Joe Biden sorgt einmal mehr mit einem bizarren Auftritt f\u00fcr Kopfsch\u00fctteln. Der 81-J\u00e4hrige besuchte mit seiner Frau einen [&hellip;]\" \/>\n<meta property=\"og:url\" content=\"https:\/\/now-news.de\/de\/deutschland\/ich-liebe-deine-ohren-biden-irritiert-mit-aussagen-zu-sechsjaehrigem-maedchen\/\" \/>\n<meta property=\"og:site_name\" content=\"just-now.NEWS Deutschland\" \/>\n<meta property=\"article:publisher\" content=\"https:\/\/www.facebook.com\/wirmachenauf\" \/>\n<meta property=\"article:published_time\" content=\"2023-11-20T15:16:00+00:00\" \/>\n<meta property=\"og:image\" content=\"https:\/\/now-news.de\/de\/wp-content\/uploads\/sites\/3\/2023\/11\/quotIch-liebe-deine-Ohrenquot-\u2013-Biden-irritiert-mit-Aussagen-zu.jpg\" \/>\n\t<meta property=\"og:image:width\" content=\"460\" \/>\n\t<meta property=\"og:image:height\" content=\"259\" \/>\n\t<meta property=\"og:image:type\" content=\"image\/jpeg\" \/>\n<meta name=\"author\" content=\"rtnews\" \/>\n<meta name=\"twitter:card\" content=\"summary_large_image\" \/>\n<meta name=\"twitter:creator\" content=\"@WirMachenAuf_de\" \/>\n<meta name=\"twitter:site\" content=\"@WirMachenAuf_de\" \/>\n<meta name=\"twitter:label1\" content=\"Verfasst von\" \/>\n\t<meta name=\"twitter:data1\" content=\"rtnews\" \/>\n\t<meta name=\"twitter:label2\" content=\"Gesch\u00e4tzte Lesezeit\" \/>\n\t<meta name=\"twitter:data2\" content=\"2\u00a0Minuten\" \/>\n<script type=\"application\/ld+json\" class=\"yoast-schema-graph\">{\"@context\":\"https:\/\/schema.org\",\"@graph\":[{\"@type\":\"Article\",\"@id\":\"https:\/\/now-news.de\/de\/deutschland\/ich-liebe-deine-ohren-biden-irritiert-mit-aussagen-zu-sechsjaehrigem-maedchen\/#article\",\"isPartOf\":{\"@id\":\"https:\/\/now-news.de\/de\/deutschland\/ich-liebe-deine-ohren-biden-irritiert-mit-aussagen-zu-sechsjaehrigem-maedchen\/\"},\"author\":{\"name\":\"rtnews\",\"@id\":\"https:\/\/now-news.de\/de\/#\/schema\/person\/fb534a4e865501d8b3285208df34a9b5\"},\"headline\":\"&quot;Ich liebe deine Ohren&quot; \u2013 Biden irritiert mit Aussagen zu sechsj\u00e4hrigem M\u00e4dchen\",\"datePublished\":\"2023-11-20T15:16:00+00:00\",\"dateModified\":\"2023-11-20T15:16:00+00:00\",\"mainEntityOfPage\":{\"@id\":\"https:\/\/now-news.de\/de\/deutschland\/ich-liebe-deine-ohren-biden-irritiert-mit-aussagen-zu-sechsjaehrigem-maedchen\/\"},\"wordCount\":339,\"commentCount\":0,\"publisher\":{\"@id\":\"https:\/\/now-news.de\/de\/#organization\"},\"image\":{\"@id\":\"https:\/\/now-news.de\/de\/deutschland\/ich-liebe-deine-ohren-biden-irritiert-mit-aussagen-zu-sechsjaehrigem-maedchen\/#primaryimage\"},\"thumbnailUrl\":\"https:\/\/now-news.de\/de\/wp-content\/uploads\/sites\/3\/2023\/11\/quotIch-liebe-deine-Ohrenquot-\u2013-Biden-irritiert-mit-Aussagen-zu.jpg\",\"keywords\":[\"Aussagen\",\"Biden\",\"DEINE\",\"irritiert\",\"liebe\",\"M\u00e4dchen\",\"mit\",\"Ohrenquot\",\"quotIch\",\"sechsj\u00e4hrigem\"],\"articleSection\":[\"Deutschland\",\"Russland\"],\"inLanguage\":\"de\",\"potentialAction\":[{\"@type\":\"CommentAction\",\"name\":\"Comment\",\"target\":[\"https:\/\/now-news.de\/de\/deutschland\/ich-liebe-deine-ohren-biden-irritiert-mit-aussagen-zu-sechsjaehrigem-maedchen\/#respond\"]}]},{\"@type\":\"WebPage\",\"@id\":\"https:\/\/now-news.de\/de\/deutschland\/ich-liebe-deine-ohren-biden-irritiert-mit-aussagen-zu-sechsjaehrigem-maedchen\/\",\"url\":\"https:\/\/now-news.de\/de\/deutschland\/ich-liebe-deine-ohren-biden-irritiert-mit-aussagen-zu-sechsjaehrigem-maedchen\/\",\"name\":\"&quot;Ich liebe deine Ohren&quot; \u2013 Biden irritiert mit Aussagen zu sechsj\u00e4hrigem M\u00e4dchen - just-now.NEWS Deutschland\",\"isPartOf\":{\"@id\":\"https:\/\/now-news.de\/de\/#website\"},\"primaryImageOfPage\":{\"@id\":\"https:\/\/now-news.de\/de\/deutschland\/ich-liebe-deine-ohren-biden-irritiert-mit-aussagen-zu-sechsjaehrigem-maedchen\/#primaryimage\"},\"image\":{\"@id\":\"https:\/\/now-news.de\/de\/deutschland\/ich-liebe-deine-ohren-biden-irritiert-mit-aussagen-zu-sechsjaehrigem-maedchen\/#primaryimage\"},\"thumbnailUrl\":\"https:\/\/now-news.de\/de\/wp-content\/uploads\/sites\/3\/2023\/11\/quotIch-liebe-deine-Ohrenquot-\u2013-Biden-irritiert-mit-Aussagen-zu.jpg\",\"datePublished\":\"2023-11-20T15:16:00+00:00\",\"dateModified\":\"2023-11-20T15:16:00+00:00\",\"breadcrumb\":{\"@id\":\"https:\/\/now-news.de\/de\/deutschland\/ich-liebe-deine-ohren-biden-irritiert-mit-aussagen-zu-sechsjaehrigem-maedchen\/#breadcrumb\"},\"inLanguage\":\"de\",\"potentialAction\":[{\"@type\":\"ReadAction\",\"target\":[\"https:\/\/now-news.de\/de\/deutschland\/ich-liebe-deine-ohren-biden-irritiert-mit-aussagen-zu-sechsjaehrigem-maedchen\/\"]}]},{\"@type\":\"ImageObject\",\"inLanguage\":\"de\",\"@id\":\"https:\/\/now-news.de\/de\/deutschland\/ich-liebe-deine-ohren-biden-irritiert-mit-aussagen-zu-sechsjaehrigem-maedchen\/#primaryimage\",\"url\":\"https:\/\/now-news.de\/de\/wp-content\/uploads\/sites\/3\/2023\/11\/quotIch-liebe-deine-Ohrenquot-\u2013-Biden-irritiert-mit-Aussagen-zu.jpg\",\"contentUrl\":\"https:\/\/now-news.de\/de\/wp-content\/uploads\/sites\/3\/2023\/11\/quotIch-liebe-deine-Ohrenquot-\u2013-Biden-irritiert-mit-Aussagen-zu.jpg\",\"width\":460,\"height\":259,\"caption\":\"&quot;Ich liebe deine Ohren&quot; \u2013 Biden irritiert mit Aussagen zu sechsj\u00e4hrigem M\u00e4dchen\"},{\"@type\":\"BreadcrumbList\",\"@id\":\"https:\/\/now-news.de\/de\/deutschland\/ich-liebe-deine-ohren-biden-irritiert-mit-aussagen-zu-sechsjaehrigem-maedchen\/#breadcrumb\",\"itemListElement\":[{\"@type\":\"ListItem\",\"position\":1,\"name\":\"Home\",\"item\":\"https:\/\/now-news.de\/de\/\"},{\"@type\":\"ListItem\",\"position\":2,\"name\":\"&quot;Ich liebe deine Ohren&quot; \u2013 Biden irritiert mit Aussagen zu sechsj\u00e4hrigem M\u00e4dchen\"}]},{\"@type\":\"WebSite\",\"@id\":\"https:\/\/now-news.de\/de\/#website\",\"url\":\"https:\/\/now-news.de\/de\/\",\"name\":\"just-now.NEWS Deutschland\",\"description\":\"Das Portal f\u00fcr unzensierte Nachrichten aus der Welt\",\"publisher\":{\"@id\":\"https:\/\/now-news.de\/de\/#organization\"},\"potentialAction\":[{\"@type\":\"SearchAction\",\"target\":{\"@type\":\"EntryPoint\",\"urlTemplate\":\"https:\/\/now-news.de\/de\/?s={search_term_string}\"},\"query-input\":\"required name=search_term_string\"}],\"inLanguage\":\"de\"},{\"@type\":\"Organization\",\"@id\":\"https:\/\/now-news.de\/de\/#organization\",\"name\":\"Just Now News\",\"url\":\"https:\/\/now-news.de\/de\/\",\"logo\":{\"@type\":\"ImageObject\",\"inLanguage\":\"de\",\"@id\":\"https:\/\/now-news.de\/de\/#\/schema\/logo\/image\/\",\"url\":\"http:\/\/just-now.news\/de\/wp-content\/uploads\/sites\/3\/2022\/04\/logo500x500.jpg\",\"contentUrl\":\"http:\/\/just-now.news\/de\/wp-content\/uploads\/sites\/3\/2022\/04\/logo500x500.jpg\",\"width\":500,\"height\":500,\"caption\":\"Just Now News\"},\"image\":{\"@id\":\"https:\/\/now-news.de\/de\/#\/schema\/logo\/image\/\"},\"sameAs\":[\"https:\/\/www.facebook.com\/wirmachenauf\",\"https:\/\/x.com\/WirMachenAuf_de\"]},{\"@type\":\"Person\",\"@id\":\"https:\/\/now-news.de\/de\/#\/schema\/person\/fb534a4e865501d8b3285208df34a9b5\",\"name\":\"rtnews\",\"image\":{\"@type\":\"ImageObject\",\"inLanguage\":\"de\",\"@id\":\"https:\/\/now-news.de\/de\/#\/schema\/person\/image\/\",\"url\":\"https:\/\/secure.gravatar.com\/avatar\/82aafea7d8127119dd649515f56e2117?s=96&d=mm&r=g\",\"contentUrl\":\"https:\/\/secure.gravatar.com\/avatar\/82aafea7d8127119dd649515f56e2117?s=96&d=mm&r=g\",\"caption\":\"rtnews\"},\"url\":\"https:\/\/now-news.de\/de\/author\/rnews\/\"}]}<\/script>\n<!-- \/ Yoast SEO Premium plugin. -->","yoast_head_json":{"title":"&quot;Ich liebe deine Ohren&quot; \u2013 Biden irritiert mit Aussagen zu sechsj\u00e4hrigem M\u00e4dchen - just-now.NEWS Deutschland","robots":{"index":"index","follow":"follow","max-snippet":"max-snippet:-1","max-image-preview":"max-image-preview:large","max-video-preview":"max-video-preview:-1"},"canonical":"https:\/\/now-news.de\/de\/deutschland\/ich-liebe-deine-ohren-biden-irritiert-mit-aussagen-zu-sechsjaehrigem-maedchen\/","og_locale":"de_DE","og_type":"article","og_title":"&quot;Ich liebe deine Ohren&quot; \u2013 Biden irritiert mit Aussagen zu sechsj\u00e4hrigem M\u00e4dchen","og_description":"Und wieder ein bizarrer Biden-Moment: Bei der Vorstellung des neuen Hollywood-Films &#8220;Wonka&#8221; auf einem Marinest\u00fctzpunkt im US-Bundesstaat Virginia sorgte der US-Pr\u00e4sident Joe Biden f\u00fcr Irritationen. Hat sich der &#8220;m\u00e4chtigste Mann der Welt&#8221; nicht mehr im Griff? US-Pr\u00e4sident Joe Biden sorgt einmal mehr mit einem bizarren Auftritt f\u00fcr Kopfsch\u00fctteln. Der 81-J\u00e4hrige besuchte mit seiner Frau einen [&hellip;]","og_url":"https:\/\/now-news.de\/de\/deutschland\/ich-liebe-deine-ohren-biden-irritiert-mit-aussagen-zu-sechsjaehrigem-maedchen\/","og_site_name":"just-now.NEWS Deutschland","article_publisher":"https:\/\/www.facebook.com\/wirmachenauf","article_published_time":"2023-11-20T15:16:00+00:00","og_image":[{"width":460,"height":259,"url":"https:\/\/now-news.de\/de\/wp-content\/uploads\/sites\/3\/2023\/11\/quotIch-liebe-deine-Ohrenquot-\u2013-Biden-irritiert-mit-Aussagen-zu.jpg","type":"image\/jpeg"}],"author":"rtnews","twitter_card":"summary_large_image","twitter_creator":"@WirMachenAuf_de","twitter_site":"@WirMachenAuf_de","twitter_misc":{"Verfasst von":"rtnews","Gesch\u00e4tzte Lesezeit":"2\u00a0Minuten"},"schema":{"@context":"https:\/\/schema.org","@graph":[{"@type":"Article","@id":"https:\/\/now-news.de\/de\/deutschland\/ich-liebe-deine-ohren-biden-irritiert-mit-aussagen-zu-sechsjaehrigem-maedchen\/#article","isPartOf":{"@id":"https:\/\/now-news.de\/de\/deutschland\/ich-liebe-deine-ohren-biden-irritiert-mit-aussagen-zu-sechsjaehrigem-maedchen\/"},"author":{"name":"rtnews","@id":"https:\/\/now-news.de\/de\/#\/schema\/person\/fb534a4e865501d8b3285208df34a9b5"},"headline":"&quot;Ich liebe deine Ohren&quot; \u2013 Biden irritiert mit Aussagen zu sechsj\u00e4hrigem M\u00e4dchen","datePublished":"2023-11-20T15:16:00+00:00","dateModified":"2023-11-20T15:16:00+00:00","mainEntityOfPage":{"@id":"https:\/\/now-news.de\/de\/deutschland\/ich-liebe-deine-ohren-biden-irritiert-mit-aussagen-zu-sechsjaehrigem-maedchen\/"},"wordCount":339,"commentCount":0,"publisher":{"@id":"https:\/\/now-news.de\/de\/#organization"},"image":{"@id":"https:\/\/now-news.de\/de\/deutschland\/ich-liebe-deine-ohren-biden-irritiert-mit-aussagen-zu-sechsjaehrigem-maedchen\/#primaryimage"},"thumbnailUrl":"https:\/\/now-news.de\/de\/wp-content\/uploads\/sites\/3\/2023\/11\/quotIch-liebe-deine-Ohrenquot-\u2013-Biden-irritiert-mit-Aussagen-zu.jpg","keywords":["Aussagen","Biden","DEINE","irritiert","liebe","M\u00e4dchen","mit","Ohrenquot","quotIch","sechsj\u00e4hrigem"],"articleSection":["Deutschland","Russland"],"inLanguage":"de","potentialAction":[{"@type":"CommentAction","name":"Comment","target":["https:\/\/now-news.de\/de\/deutschland\/ich-liebe-deine-ohren-biden-irritiert-mit-aussagen-zu-sechsjaehrigem-maedchen\/#respond"]}]},{"@type":"WebPage","@id":"https:\/\/now-news.de\/de\/deutschland\/ich-liebe-deine-ohren-biden-irritiert-mit-aussagen-zu-sechsjaehrigem-maedchen\/","url":"https:\/\/now-news.de\/de\/deutschland\/ich-liebe-deine-ohren-biden-irritiert-mit-aussagen-zu-sechsjaehrigem-maedchen\/","name":"&quot;Ich liebe deine Ohren&quot; \u2013 Biden irritiert mit Aussagen zu sechsj\u00e4hrigem M\u00e4dchen - just-now.NEWS Deutschland","isPartOf":{"@id":"https:\/\/now-news.de\/de\/#website"},"primaryImageOfPage":{"@id":"https:\/\/now-news.de\/de\/deutschland\/ich-liebe-deine-ohren-biden-irritiert-mit-aussagen-zu-sechsjaehrigem-maedchen\/#primaryimage"},"image":{"@id":"https:\/\/now-news.de\/de\/deutschland\/ich-liebe-deine-ohren-biden-irritiert-mit-aussagen-zu-sechsjaehrigem-maedchen\/#primaryimage"},"thumbnailUrl":"https:\/\/now-news.de\/de\/wp-content\/uploads\/sites\/3\/2023\/11\/quotIch-liebe-deine-Ohrenquot-\u2013-Biden-irritiert-mit-Aussagen-zu.jpg","datePublished":"2023-11-20T15:16:00+00:00","dateModified":"2023-11-20T15:16:00+00:00","breadcrumb":{"@id":"https:\/\/now-news.de\/de\/deutschland\/ich-liebe-deine-ohren-biden-irritiert-mit-aussagen-zu-sechsjaehrigem-maedchen\/#breadcrumb"},"inLanguage":"de","potentialAction":[{"@type":"ReadAction","target":["https:\/\/now-news.de\/de\/deutschland\/ich-liebe-deine-ohren-biden-irritiert-mit-aussagen-zu-sechsjaehrigem-maedchen\/"]}]},{"@type":"ImageObject","inLanguage":"de","@id":"https:\/\/now-news.de\/de\/deutschland\/ich-liebe-deine-ohren-biden-irritiert-mit-aussagen-zu-sechsjaehrigem-maedchen\/#primaryimage","url":"https:\/\/now-news.de\/de\/wp-content\/uploads\/sites\/3\/2023\/11\/quotIch-liebe-deine-Ohrenquot-\u2013-Biden-irritiert-mit-Aussagen-zu.jpg","contentUrl":"https:\/\/now-news.de\/de\/wp-content\/uploads\/sites\/3\/2023\/11\/quotIch-liebe-deine-Ohrenquot-\u2013-Biden-irritiert-mit-Aussagen-zu.jpg","width":460,"height":259,"caption":"&quot;Ich liebe deine Ohren&quot; \u2013 Biden irritiert mit Aussagen zu sechsj\u00e4hrigem M\u00e4dchen"},{"@type":"BreadcrumbList","@id":"https:\/\/now-news.de\/de\/deutschland\/ich-liebe-deine-ohren-biden-irritiert-mit-aussagen-zu-sechsjaehrigem-maedchen\/#breadcrumb","itemListElement":[{"@type":"ListItem","position":1,"name":"Home","item":"https:\/\/now-news.de\/de\/"},{"@type":"ListItem","position":2,"name":"&quot;Ich liebe deine Ohren&quot; \u2013 Biden irritiert mit Aussagen zu sechsj\u00e4hrigem M\u00e4dchen"}]},{"@type":"WebSite","@id":"https:\/\/now-news.de\/de\/#website","url":"https:\/\/now-news.de\/de\/","name":"just-now.NEWS Deutschland","description":"Das Portal f\u00fcr unzensierte Nachrichten aus der Welt","publisher":{"@id":"https:\/\/now-news.de\/de\/#organization"},"potentialAction":[{"@type":"SearchAction","target":{"@type":"EntryPoint","urlTemplate":"https:\/\/now-news.de\/de\/?s={search_term_string}"},"query-input":"required name=search_term_string"}],"inLanguage":"de"},{"@type":"Organization","@id":"https:\/\/now-news.de\/de\/#organization","name":"Just Now News","url":"https:\/\/now-news.de\/de\/","logo":{"@type":"ImageObject","inLanguage":"de","@id":"https:\/\/now-news.de\/de\/#\/schema\/logo\/image\/","url":"http:\/\/just-now.news\/de\/wp-content\/uploads\/sites\/3\/2022\/04\/logo500x500.jpg","contentUrl":"http:\/\/just-now.news\/de\/wp-content\/uploads\/sites\/3\/2022\/04\/logo500x500.jpg","width":500,"height":500,"caption":"Just Now News"},"image":{"@id":"https:\/\/now-news.de\/de\/#\/schema\/logo\/image\/"},"sameAs":["https:\/\/www.facebook.com\/wirmachenauf","https:\/\/x.com\/WirMachenAuf_de"]},{"@type":"Person","@id":"https:\/\/now-news.de\/de\/#\/schema\/person\/fb534a4e865501d8b3285208df34a9b5","name":"rtnews","image":{"@type":"ImageObject","inLanguage":"de","@id":"https:\/\/now-news.de\/de\/#\/schema\/person\/image\/","url":"https:\/\/secure.gravatar.com\/avatar\/82aafea7d8127119dd649515f56e2117?s=96&d=mm&r=g","contentUrl":"https:\/\/secure.gravatar.com\/avatar\/82aafea7d8127119dd649515f56e2117?s=96&d=mm&r=g","caption":"rtnews"},"url":"https:\/\/now-news.de\/de\/author\/rnews\/"}]}},"_links":{"self":[{"href":"https:\/\/now-news.de\/de\/wp-json\/wp\/v2\/posts\/50076"}],"collection":[{"href":"https:\/\/now-news.de\/de\/wp-json\/wp\/v2\/posts"}],"about":[{"href":"https:\/\/now-news.de\/de\/wp-json\/wp\/v2\/types\/post"}],"author":[{"embeddable":true,"href":"https:\/\/now-news.de\/de\/wp-json\/wp\/v2\/users\/3"}],"replies":[{"embeddable":true,"href":"https:\/\/now-news.de\/de\/wp-json\/wp\/v2\/comments?post=50076"}],"version-history":[{"count":0,"href":"https:\/\/now-news.de\/de\/wp-json\/wp\/v2\/posts\/50076\/revisions"}],"wp:featuredmedia":[{"embeddable":true,"href":"https:\/\/now-news.de\/de\/wp-json\/wp\/v2\/media\/50077"}],"wp:attachment":[{"href":"https:\/\/now-news.de\/de\/wp-json\/wp\/v2\/media?parent=50076"}],"wp:term":[{"taxonomy":"category","embeddable":true,"href":"https:\/\/now-news.de\/de\/wp-json\/wp\/v2\/categories?post=50076"},{"taxonomy":"post_tag","embeddable":true,"href":"https:\/\/now-news.de\/de\/wp-json\/wp\/v2\/tags?post=50076"}],"curies":[{"name":"wp","href":"https:\/\/api.w.org\/{rel}","templated":true}]}}