{"id":50050,"date":"2023-11-20T09:56:17","date_gmt":"2023-11-20T07:56:17","guid":{"rendered":"https:\/\/just-now.news\/de\/deutschland\/javier-milei-gewinnt-praesidentschaftswahl-in-argentinien\/"},"modified":"2023-11-20T09:56:17","modified_gmt":"2023-11-20T07:56:17","slug":"javier-milei-gewinnt-praesidentschaftswahl-in-argentinien","status":"publish","type":"post","link":"https:\/\/now-news.de\/de\/deutschland\/javier-milei-gewinnt-praesidentschaftswahl-in-argentinien\/","title":{"rendered":"Javier Milei gewinnt Pr\u00e4sidentschaftswahl in Argentinien"},"content":{"rendered":"<p><img decoding=\"async\" src=\"http:\/\/just-now.news\/de\/wp-content\/uploads\/sites\/3\/2023\/11\/655b0ad7b480cc3687005852.jpg\" \/><\/p>\n<div class=\"Text-root Text-type_1 \">\n                Javier Milei wird neuer Pr\u00e4sident Argentiniens. Er setzte sich am Sonntag in der Stichwahl deutlich gegen den Kandidaten des Regierungslagers durch. Der Ultraliberale hat im Wahlkampf mit extremen Forderungen gepunktet \u2013 unter anderem will er die Zentralbank abschaffen und den US-Dollar einf\u00fchren.\n            <\/div>\n<p><\/p>\n<div class=\"Text-root Text-type_5 ArticleView-text ViewText-root \">\n<p>Der ultraliberale \u00d6konom Javier Milei hat die Pr\u00e4sidentschaftswahl in Argentinien gewonnen. Laut den am Sonntagabend ver\u00f6ffentlichten offiziellen Teilergebnissen \u2013 nach Ausz\u00e4hlung von mehr als 86 Prozent der Stimmen \u2013 setzte er sich in der Stichwahl gegen den peronistischen\u00a0Wirtschaftsminister Sergio Massa mit knapp 56 Prozent der Stimmen durch. Massa erhielt demnach 44 Prozent der Stimmen.\u00a0Massa hatte bereits vor Ver\u00f6ffentlichung der\u00a0Zahlen vor Anh\u00e4ngern seine Niederlage einger\u00e4umt. Er erkl\u00e4rte, Milei sei &#8220;der Pr\u00e4sident, den die Mehrheit der Argentinier f\u00fcr die n\u00e4chsten vier Jahre gew\u00e4hlt hat&#8221;:<\/p>\n<blockquote>\n<p><em>&#8220;Die Ergebnisse sind nicht das, was wir erwartet haben, und ich habe Javier Milei kontaktiert, um ihm zu gratulieren und ihm Gl\u00fcck zu w\u00fcnschen.&#8221;<\/em><\/p>\n<\/blockquote>\n<p>In Mileis Wahlkampfzentrale brach nach Ver\u00f6ffentlichung der Ergebnisse Jubel aus. Milei versprach den &#8220;Wiederaufbau Argentiniens&#8221;. Man werde zu den Ideen der Gr\u00fcndungsv\u00e4ter zur\u00fcckkehren, durch die Argentinien zu einem der reichsten L\u00e4nder der Welt geworden sei. Die gro\u00dfen Probleme des Landes lie\u00dfen sich nur durch mehr Freiheit l\u00f6sen. Die Zukunft des Landes sei liberal.<\/p>\n<div class=\"EmbedBlock-root EmbedBlock-twitter\">\n<div class=\"TwitterEmbed\">\n<blockquote class=\"twitter-tweet lazyload\" data-twitter=\"twitter-tweet\">\n<p lang=\"en\" dir=\"ltr\">Congratulations, Argentina! \ud83c\udde6\ud83c\uddf7\ud83c\udde6\ud83c\uddf7The Javier Milei era has begun and it should be interesting to say the least.Many in the US have compared him to a Ron Paul\/Donald Trump hybrid.Here&#8217;s Milei celebrating his big win tonight \ud83d\udd25 <a rel=\"nofollow noopener\" target=\"_blank\" href=\"https:\/\/t.co\/DW93nUIhhz\">pic.twitter.com\/DW93nUIhhz<\/a><\/p>\n<p>\u2014 Jesse Cohen (@JesseCohenInv) <a rel=\"nofollow noopener\" target=\"_blank\" href=\"https:\/\/twitter.com\/JesseCohenInv\/status\/1726469926284861546?ref_src=twsrc%5Etfw\">November 20, 2023<\/a><\/p><\/blockquote>\n<\/div>\n<\/div>\n<p>Der 53-j\u00e4hrige Milei als Neuling in der Politik, der sich selbst als\u00a0Anarchokapitalist bezeichnet, hatte im Wahlkampf erkl\u00e4rt, er wolle die Zentralbank und mehrere Ministerien abschaffen, die \u00f6ffentlichen Ausgaben &#8220;mit der Kettens\u00e4ge&#8221; k\u00fcrzen und den argentinischen Peso durch den US-Dollar als Landesw\u00e4hrung ersetzen. Zu erwarten sind gro\u00dffl\u00e4chige Privatisierungen und eine Kehrtwendung weg von den BRICS hin zu den USA. Auch der Beitritt Argentiniens zu dem BRICS-B\u00fcndnis zum 1. Januar 2024 k\u00f6nnte nun infrage\u00a0gestellt werden.<\/p>\n<p>Der \u00d6konom Milei, Spitzname &#8220;El Loco&#8221;, gilt als\u00a0Exzentriker. Er \u00fcbt sich in Telepathie und hat f\u00fcnf geklonte Hunde, die er seine Kinder nennt. Inwieweit er seine Wahlversprechen umsetzen kann, wird auch von den B\u00fcndnispartnern abh\u00e4ngen, auf die er angewiesen sein wird.\u00a0Sein eigenes libert\u00e4res B\u00fcndnis &#8220;Die Freiheit geht voran&#8221; verf\u00fcgt nur \u00fcber\u00a0drei Sitze im Parlament.\u00a0<\/p>\n<p>Der Wahlverlierer Massa, der bereits 2015 kandidiert hatte, war f\u00fcr das mitte-links-gerichtete Regierungslager angetreten, das die argentinische Politik seit Jahrzehnten dominiert hat. Er war im ersten Wahlgang vor knapp einem Monat noch mit sieben Prozentpunkten Vorsprung vor Milei auf dem ersten Platz gelandet.<\/p>\n<p>Mileis Erfolg erkl\u00e4rt sich auch durch die katastrophale wirtschaftliche Lage des Landes. Die Inflationsrate liegt bei \u00fcber 100 Prozent.\u00a0\u00dcber 40 Prozent der Bev\u00f6lkerung gelten als arm.<\/p>\n<p><strong>Mehr zum Thema<\/strong> &#8211; <a rel=\"nofollow noopener\" target=\"_blank\" href=\"https:\/\/freedert.online\/amerika\/184640-stichwahl-in-argentinien-regierungskandidat-sergio\/\">Stichwahl in Argentinien: Regierungskandidat Sergio Mass \u00fcberraschend Erstrundensieger<\/a><\/p>\n<\/div>\n<p><script async src=\"https:\/\/platform.twitter.com\/widgets.js\" charset=\"utf-8\"><\/script><br \/>\n<br \/><br \/>\n<br \/><a href=\"https:\/\/de.rt.com\/amerika\/187524-javier-milei-gewinnt-praesidentschaftswahl-in\/\">Source link <\/a><\/p>\n","protected":false},"excerpt":{"rendered":"<p>Javier Milei wird neuer Pr\u00e4sident Argentiniens. Er setzte sich am Sonntag in der Stichwahl deutlich gegen den Kandidaten des Regierungslagers durch. Der Ultraliberale hat im Wahlkampf mit extremen Forderungen gepunktet \u2013 unter anderem will er die Zentralbank abschaffen und den US-Dollar einf\u00fchren. Der ultraliberale \u00d6konom Javier Milei hat die Pr\u00e4sidentschaftswahl in Argentinien gewonnen. Laut den [&hellip;]<\/p>\n","protected":false},"author":3,"featured_media":50051,"comment_status":"open","ping_status":"open","sticky":false,"template":"","format":"standard","meta":{"_yoast_indexnow_last_ping":["1700467824"],"wp_automatic_camp":["217"],"135448ac76c63f026e4038ad2f043fe2":["Javier Milei gewinnt Pr\u00e4sidentschaftswahl in Argentinien"],"original_link":["https:\/\/de.rt.com\/amerika\/187524-javier-milei-gewinnt-praesidentschaftswahl-in\/"],"_thumbnail_id":["50051"],"jnews_social_counter_last_update":["1777450502"],"_wptgpro_p2tg_sent2tg":["a:1:{i:23737;s:19:\"2023-11-20 10:11:43\";}"]},"categories":[19,23],"tags":[21891,18701,50800,14656,8762],"yoast_head":"<!-- This site is optimized with the Yoast SEO Premium plugin v22.7 (Yoast SEO v22.7) - https:\/\/yoast.com\/wordpress\/plugins\/seo\/ -->\n<title>Javier Milei gewinnt Pr\u00e4sidentschaftswahl in Argentinien - just-now.NEWS Deutschland<\/title>\n<meta name=\"robots\" content=\"index, follow, max-snippet:-1, max-image-preview:large, max-video-preview:-1\" \/>\n<link rel=\"canonical\" href=\"https:\/\/now-news.de\/de\/deutschland\/javier-milei-gewinnt-praesidentschaftswahl-in-argentinien\/\" \/>\n<meta property=\"og:locale\" content=\"de_DE\" \/>\n<meta property=\"og:type\" content=\"article\" \/>\n<meta property=\"og:title\" content=\"Javier Milei gewinnt Pr\u00e4sidentschaftswahl in Argentinien\" \/>\n<meta property=\"og:description\" content=\"Javier Milei wird neuer Pr\u00e4sident Argentiniens. Er setzte sich am Sonntag in der Stichwahl deutlich gegen den Kandidaten des Regierungslagers durch. Der Ultraliberale hat im Wahlkampf mit extremen Forderungen gepunktet \u2013 unter anderem will er die Zentralbank abschaffen und den US-Dollar einf\u00fchren. Der ultraliberale \u00d6konom Javier Milei hat die Pr\u00e4sidentschaftswahl in Argentinien gewonnen. Laut den [&hellip;]\" \/>\n<meta property=\"og:url\" content=\"https:\/\/now-news.de\/de\/deutschland\/javier-milei-gewinnt-praesidentschaftswahl-in-argentinien\/\" \/>\n<meta property=\"og:site_name\" content=\"just-now.NEWS Deutschland\" \/>\n<meta property=\"article:publisher\" content=\"https:\/\/www.facebook.com\/wirmachenauf\" \/>\n<meta property=\"article:published_time\" content=\"2023-11-20T07:56:17+00:00\" \/>\n<meta property=\"og:image\" content=\"https:\/\/now-news.de\/de\/wp-content\/uploads\/sites\/3\/2023\/11\/Javier-Milei-gewinnt-Praesidentschaftswahl-in-Argentinien.jpg\" \/>\n\t<meta property=\"og:image:width\" content=\"460\" \/>\n\t<meta property=\"og:image:height\" content=\"259\" \/>\n\t<meta property=\"og:image:type\" content=\"image\/jpeg\" \/>\n<meta name=\"author\" content=\"rtnews\" \/>\n<meta name=\"twitter:card\" content=\"summary_large_image\" \/>\n<meta name=\"twitter:creator\" content=\"@WirMachenAuf_de\" \/>\n<meta name=\"twitter:site\" content=\"@WirMachenAuf_de\" \/>\n<meta name=\"twitter:label1\" content=\"Verfasst von\" \/>\n\t<meta name=\"twitter:data1\" content=\"rtnews\" \/>\n\t<meta name=\"twitter:label2\" content=\"Gesch\u00e4tzte Lesezeit\" \/>\n\t<meta name=\"twitter:data2\" content=\"2\u00a0Minuten\" \/>\n<script type=\"application\/ld+json\" class=\"yoast-schema-graph\">{\"@context\":\"https:\/\/schema.org\",\"@graph\":[{\"@type\":\"Article\",\"@id\":\"https:\/\/now-news.de\/de\/deutschland\/javier-milei-gewinnt-praesidentschaftswahl-in-argentinien\/#article\",\"isPartOf\":{\"@id\":\"https:\/\/now-news.de\/de\/deutschland\/javier-milei-gewinnt-praesidentschaftswahl-in-argentinien\/\"},\"author\":{\"name\":\"rtnews\",\"@id\":\"https:\/\/now-news.de\/de\/#\/schema\/person\/fb534a4e865501d8b3285208df34a9b5\"},\"headline\":\"Javier Milei gewinnt Pr\u00e4sidentschaftswahl in Argentinien\",\"datePublished\":\"2023-11-20T07:56:17+00:00\",\"dateModified\":\"2023-11-20T07:56:17+00:00\",\"mainEntityOfPage\":{\"@id\":\"https:\/\/now-news.de\/de\/deutschland\/javier-milei-gewinnt-praesidentschaftswahl-in-argentinien\/\"},\"wordCount\":506,\"commentCount\":0,\"publisher\":{\"@id\":\"https:\/\/now-news.de\/de\/#organization\"},\"image\":{\"@id\":\"https:\/\/now-news.de\/de\/deutschland\/javier-milei-gewinnt-praesidentschaftswahl-in-argentinien\/#primaryimage\"},\"thumbnailUrl\":\"https:\/\/now-news.de\/de\/wp-content\/uploads\/sites\/3\/2023\/11\/Javier-Milei-gewinnt-Praesidentschaftswahl-in-Argentinien.jpg\",\"keywords\":[\"Argentinien\",\"gewinnt\",\"Javier\",\"Milei\",\"Pr\u00e4sidentschaftswahl\"],\"articleSection\":[\"Deutschland\",\"Russland\"],\"inLanguage\":\"de\",\"potentialAction\":[{\"@type\":\"CommentAction\",\"name\":\"Comment\",\"target\":[\"https:\/\/now-news.de\/de\/deutschland\/javier-milei-gewinnt-praesidentschaftswahl-in-argentinien\/#respond\"]}]},{\"@type\":\"WebPage\",\"@id\":\"https:\/\/now-news.de\/de\/deutschland\/javier-milei-gewinnt-praesidentschaftswahl-in-argentinien\/\",\"url\":\"https:\/\/now-news.de\/de\/deutschland\/javier-milei-gewinnt-praesidentschaftswahl-in-argentinien\/\",\"name\":\"Javier Milei gewinnt Pr\u00e4sidentschaftswahl in Argentinien - just-now.NEWS Deutschland\",\"isPartOf\":{\"@id\":\"https:\/\/now-news.de\/de\/#website\"},\"primaryImageOfPage\":{\"@id\":\"https:\/\/now-news.de\/de\/deutschland\/javier-milei-gewinnt-praesidentschaftswahl-in-argentinien\/#primaryimage\"},\"image\":{\"@id\":\"https:\/\/now-news.de\/de\/deutschland\/javier-milei-gewinnt-praesidentschaftswahl-in-argentinien\/#primaryimage\"},\"thumbnailUrl\":\"https:\/\/now-news.de\/de\/wp-content\/uploads\/sites\/3\/2023\/11\/Javier-Milei-gewinnt-Praesidentschaftswahl-in-Argentinien.jpg\",\"datePublished\":\"2023-11-20T07:56:17+00:00\",\"dateModified\":\"2023-11-20T07:56:17+00:00\",\"breadcrumb\":{\"@id\":\"https:\/\/now-news.de\/de\/deutschland\/javier-milei-gewinnt-praesidentschaftswahl-in-argentinien\/#breadcrumb\"},\"inLanguage\":\"de\",\"potentialAction\":[{\"@type\":\"ReadAction\",\"target\":[\"https:\/\/now-news.de\/de\/deutschland\/javier-milei-gewinnt-praesidentschaftswahl-in-argentinien\/\"]}]},{\"@type\":\"ImageObject\",\"inLanguage\":\"de\",\"@id\":\"https:\/\/now-news.de\/de\/deutschland\/javier-milei-gewinnt-praesidentschaftswahl-in-argentinien\/#primaryimage\",\"url\":\"https:\/\/now-news.de\/de\/wp-content\/uploads\/sites\/3\/2023\/11\/Javier-Milei-gewinnt-Praesidentschaftswahl-in-Argentinien.jpg\",\"contentUrl\":\"https:\/\/now-news.de\/de\/wp-content\/uploads\/sites\/3\/2023\/11\/Javier-Milei-gewinnt-Praesidentschaftswahl-in-Argentinien.jpg\",\"width\":460,\"height\":259,\"caption\":\"Javier Milei gewinnt Pr\u00e4sidentschaftswahl in Argentinien\"},{\"@type\":\"BreadcrumbList\",\"@id\":\"https:\/\/now-news.de\/de\/deutschland\/javier-milei-gewinnt-praesidentschaftswahl-in-argentinien\/#breadcrumb\",\"itemListElement\":[{\"@type\":\"ListItem\",\"position\":1,\"name\":\"Home\",\"item\":\"https:\/\/now-news.de\/de\/\"},{\"@type\":\"ListItem\",\"position\":2,\"name\":\"Javier Milei gewinnt Pr\u00e4sidentschaftswahl in Argentinien\"}]},{\"@type\":\"WebSite\",\"@id\":\"https:\/\/now-news.de\/de\/#website\",\"url\":\"https:\/\/now-news.de\/de\/\",\"name\":\"just-now.NEWS Deutschland\",\"description\":\"Das Portal f\u00fcr unzensierte Nachrichten aus der Welt\",\"publisher\":{\"@id\":\"https:\/\/now-news.de\/de\/#organization\"},\"potentialAction\":[{\"@type\":\"SearchAction\",\"target\":{\"@type\":\"EntryPoint\",\"urlTemplate\":\"https:\/\/now-news.de\/de\/?s={search_term_string}\"},\"query-input\":\"required name=search_term_string\"}],\"inLanguage\":\"de\"},{\"@type\":\"Organization\",\"@id\":\"https:\/\/now-news.de\/de\/#organization\",\"name\":\"Just Now News\",\"url\":\"https:\/\/now-news.de\/de\/\",\"logo\":{\"@type\":\"ImageObject\",\"inLanguage\":\"de\",\"@id\":\"https:\/\/now-news.de\/de\/#\/schema\/logo\/image\/\",\"url\":\"http:\/\/just-now.news\/de\/wp-content\/uploads\/sites\/3\/2022\/04\/logo500x500.jpg\",\"contentUrl\":\"http:\/\/just-now.news\/de\/wp-content\/uploads\/sites\/3\/2022\/04\/logo500x500.jpg\",\"width\":500,\"height\":500,\"caption\":\"Just Now News\"},\"image\":{\"@id\":\"https:\/\/now-news.de\/de\/#\/schema\/logo\/image\/\"},\"sameAs\":[\"https:\/\/www.facebook.com\/wirmachenauf\",\"https:\/\/x.com\/WirMachenAuf_de\"]},{\"@type\":\"Person\",\"@id\":\"https:\/\/now-news.de\/de\/#\/schema\/person\/fb534a4e865501d8b3285208df34a9b5\",\"name\":\"rtnews\",\"image\":{\"@type\":\"ImageObject\",\"inLanguage\":\"de\",\"@id\":\"https:\/\/now-news.de\/de\/#\/schema\/person\/image\/\",\"url\":\"https:\/\/secure.gravatar.com\/avatar\/82aafea7d8127119dd649515f56e2117?s=96&d=mm&r=g\",\"contentUrl\":\"https:\/\/secure.gravatar.com\/avatar\/82aafea7d8127119dd649515f56e2117?s=96&d=mm&r=g\",\"caption\":\"rtnews\"},\"url\":\"https:\/\/now-news.de\/de\/author\/rnews\/\"}]}<\/script>\n<!-- \/ Yoast SEO Premium plugin. -->","yoast_head_json":{"title":"Javier Milei gewinnt Pr\u00e4sidentschaftswahl in Argentinien - just-now.NEWS Deutschland","robots":{"index":"index","follow":"follow","max-snippet":"max-snippet:-1","max-image-preview":"max-image-preview:large","max-video-preview":"max-video-preview:-1"},"canonical":"https:\/\/now-news.de\/de\/deutschland\/javier-milei-gewinnt-praesidentschaftswahl-in-argentinien\/","og_locale":"de_DE","og_type":"article","og_title":"Javier Milei gewinnt Pr\u00e4sidentschaftswahl in Argentinien","og_description":"Javier Milei wird neuer Pr\u00e4sident Argentiniens. Er setzte sich am Sonntag in der Stichwahl deutlich gegen den Kandidaten des Regierungslagers durch. Der Ultraliberale hat im Wahlkampf mit extremen Forderungen gepunktet \u2013 unter anderem will er die Zentralbank abschaffen und den US-Dollar einf\u00fchren. Der ultraliberale \u00d6konom Javier Milei hat die Pr\u00e4sidentschaftswahl in Argentinien gewonnen. Laut den [&hellip;]","og_url":"https:\/\/now-news.de\/de\/deutschland\/javier-milei-gewinnt-praesidentschaftswahl-in-argentinien\/","og_site_name":"just-now.NEWS Deutschland","article_publisher":"https:\/\/www.facebook.com\/wirmachenauf","article_published_time":"2023-11-20T07:56:17+00:00","og_image":[{"width":460,"height":259,"url":"https:\/\/now-news.de\/de\/wp-content\/uploads\/sites\/3\/2023\/11\/Javier-Milei-gewinnt-Praesidentschaftswahl-in-Argentinien.jpg","type":"image\/jpeg"}],"author":"rtnews","twitter_card":"summary_large_image","twitter_creator":"@WirMachenAuf_de","twitter_site":"@WirMachenAuf_de","twitter_misc":{"Verfasst von":"rtnews","Gesch\u00e4tzte Lesezeit":"2\u00a0Minuten"},"schema":{"@context":"https:\/\/schema.org","@graph":[{"@type":"Article","@id":"https:\/\/now-news.de\/de\/deutschland\/javier-milei-gewinnt-praesidentschaftswahl-in-argentinien\/#article","isPartOf":{"@id":"https:\/\/now-news.de\/de\/deutschland\/javier-milei-gewinnt-praesidentschaftswahl-in-argentinien\/"},"author":{"name":"rtnews","@id":"https:\/\/now-news.de\/de\/#\/schema\/person\/fb534a4e865501d8b3285208df34a9b5"},"headline":"Javier Milei gewinnt Pr\u00e4sidentschaftswahl in Argentinien","datePublished":"2023-11-20T07:56:17+00:00","dateModified":"2023-11-20T07:56:17+00:00","mainEntityOfPage":{"@id":"https:\/\/now-news.de\/de\/deutschland\/javier-milei-gewinnt-praesidentschaftswahl-in-argentinien\/"},"wordCount":506,"commentCount":0,"publisher":{"@id":"https:\/\/now-news.de\/de\/#organization"},"image":{"@id":"https:\/\/now-news.de\/de\/deutschland\/javier-milei-gewinnt-praesidentschaftswahl-in-argentinien\/#primaryimage"},"thumbnailUrl":"https:\/\/now-news.de\/de\/wp-content\/uploads\/sites\/3\/2023\/11\/Javier-Milei-gewinnt-Praesidentschaftswahl-in-Argentinien.jpg","keywords":["Argentinien","gewinnt","Javier","Milei","Pr\u00e4sidentschaftswahl"],"articleSection":["Deutschland","Russland"],"inLanguage":"de","potentialAction":[{"@type":"CommentAction","name":"Comment","target":["https:\/\/now-news.de\/de\/deutschland\/javier-milei-gewinnt-praesidentschaftswahl-in-argentinien\/#respond"]}]},{"@type":"WebPage","@id":"https:\/\/now-news.de\/de\/deutschland\/javier-milei-gewinnt-praesidentschaftswahl-in-argentinien\/","url":"https:\/\/now-news.de\/de\/deutschland\/javier-milei-gewinnt-praesidentschaftswahl-in-argentinien\/","name":"Javier Milei gewinnt Pr\u00e4sidentschaftswahl in Argentinien - just-now.NEWS Deutschland","isPartOf":{"@id":"https:\/\/now-news.de\/de\/#website"},"primaryImageOfPage":{"@id":"https:\/\/now-news.de\/de\/deutschland\/javier-milei-gewinnt-praesidentschaftswahl-in-argentinien\/#primaryimage"},"image":{"@id":"https:\/\/now-news.de\/de\/deutschland\/javier-milei-gewinnt-praesidentschaftswahl-in-argentinien\/#primaryimage"},"thumbnailUrl":"https:\/\/now-news.de\/de\/wp-content\/uploads\/sites\/3\/2023\/11\/Javier-Milei-gewinnt-Praesidentschaftswahl-in-Argentinien.jpg","datePublished":"2023-11-20T07:56:17+00:00","dateModified":"2023-11-20T07:56:17+00:00","breadcrumb":{"@id":"https:\/\/now-news.de\/de\/deutschland\/javier-milei-gewinnt-praesidentschaftswahl-in-argentinien\/#breadcrumb"},"inLanguage":"de","potentialAction":[{"@type":"ReadAction","target":["https:\/\/now-news.de\/de\/deutschland\/javier-milei-gewinnt-praesidentschaftswahl-in-argentinien\/"]}]},{"@type":"ImageObject","inLanguage":"de","@id":"https:\/\/now-news.de\/de\/deutschland\/javier-milei-gewinnt-praesidentschaftswahl-in-argentinien\/#primaryimage","url":"https:\/\/now-news.de\/de\/wp-content\/uploads\/sites\/3\/2023\/11\/Javier-Milei-gewinnt-Praesidentschaftswahl-in-Argentinien.jpg","contentUrl":"https:\/\/now-news.de\/de\/wp-content\/uploads\/sites\/3\/2023\/11\/Javier-Milei-gewinnt-Praesidentschaftswahl-in-Argentinien.jpg","width":460,"height":259,"caption":"Javier Milei gewinnt Pr\u00e4sidentschaftswahl in Argentinien"},{"@type":"BreadcrumbList","@id":"https:\/\/now-news.de\/de\/deutschland\/javier-milei-gewinnt-praesidentschaftswahl-in-argentinien\/#breadcrumb","itemListElement":[{"@type":"ListItem","position":1,"name":"Home","item":"https:\/\/now-news.de\/de\/"},{"@type":"ListItem","position":2,"name":"Javier Milei gewinnt Pr\u00e4sidentschaftswahl in Argentinien"}]},{"@type":"WebSite","@id":"https:\/\/now-news.de\/de\/#website","url":"https:\/\/now-news.de\/de\/","name":"just-now.NEWS Deutschland","description":"Das Portal f\u00fcr unzensierte Nachrichten aus der Welt","publisher":{"@id":"https:\/\/now-news.de\/de\/#organization"},"potentialAction":[{"@type":"SearchAction","target":{"@type":"EntryPoint","urlTemplate":"https:\/\/now-news.de\/de\/?s={search_term_string}"},"query-input":"required name=search_term_string"}],"inLanguage":"de"},{"@type":"Organization","@id":"https:\/\/now-news.de\/de\/#organization","name":"Just Now News","url":"https:\/\/now-news.de\/de\/","logo":{"@type":"ImageObject","inLanguage":"de","@id":"https:\/\/now-news.de\/de\/#\/schema\/logo\/image\/","url":"http:\/\/just-now.news\/de\/wp-content\/uploads\/sites\/3\/2022\/04\/logo500x500.jpg","contentUrl":"http:\/\/just-now.news\/de\/wp-content\/uploads\/sites\/3\/2022\/04\/logo500x500.jpg","width":500,"height":500,"caption":"Just Now News"},"image":{"@id":"https:\/\/now-news.de\/de\/#\/schema\/logo\/image\/"},"sameAs":["https:\/\/www.facebook.com\/wirmachenauf","https:\/\/x.com\/WirMachenAuf_de"]},{"@type":"Person","@id":"https:\/\/now-news.de\/de\/#\/schema\/person\/fb534a4e865501d8b3285208df34a9b5","name":"rtnews","image":{"@type":"ImageObject","inLanguage":"de","@id":"https:\/\/now-news.de\/de\/#\/schema\/person\/image\/","url":"https:\/\/secure.gravatar.com\/avatar\/82aafea7d8127119dd649515f56e2117?s=96&d=mm&r=g","contentUrl":"https:\/\/secure.gravatar.com\/avatar\/82aafea7d8127119dd649515f56e2117?s=96&d=mm&r=g","caption":"rtnews"},"url":"https:\/\/now-news.de\/de\/author\/rnews\/"}]}},"_links":{"self":[{"href":"https:\/\/now-news.de\/de\/wp-json\/wp\/v2\/posts\/50050"}],"collection":[{"href":"https:\/\/now-news.de\/de\/wp-json\/wp\/v2\/posts"}],"about":[{"href":"https:\/\/now-news.de\/de\/wp-json\/wp\/v2\/types\/post"}],"author":[{"embeddable":true,"href":"https:\/\/now-news.de\/de\/wp-json\/wp\/v2\/users\/3"}],"replies":[{"embeddable":true,"href":"https:\/\/now-news.de\/de\/wp-json\/wp\/v2\/comments?post=50050"}],"version-history":[{"count":0,"href":"https:\/\/now-news.de\/de\/wp-json\/wp\/v2\/posts\/50050\/revisions"}],"wp:featuredmedia":[{"embeddable":true,"href":"https:\/\/now-news.de\/de\/wp-json\/wp\/v2\/media\/50051"}],"wp:attachment":[{"href":"https:\/\/now-news.de\/de\/wp-json\/wp\/v2\/media?parent=50050"}],"wp:term":[{"taxonomy":"category","embeddable":true,"href":"https:\/\/now-news.de\/de\/wp-json\/wp\/v2\/categories?post=50050"},{"taxonomy":"post_tag","embeddable":true,"href":"https:\/\/now-news.de\/de\/wp-json\/wp\/v2\/tags?post=50050"}],"curies":[{"name":"wp","href":"https:\/\/api.w.org\/{rel}","templated":true}]}}