{"id":50016,"date":"2023-11-19T15:36:39","date_gmt":"2023-11-19T13:36:39","guid":{"rendered":"https:\/\/just-now.news\/de\/deutschland\/doppel-gipfeltreffen-in-san-francisco-apec-und-usa-china\/"},"modified":"2023-11-19T15:36:39","modified_gmt":"2023-11-19T13:36:39","slug":"doppel-gipfeltreffen-in-san-francisco-apec-und-usa-china","status":"publish","type":"post","link":"https:\/\/now-news.de\/de\/deutschland\/doppel-gipfeltreffen-in-san-francisco-apec-und-usa-china\/","title":{"rendered":"Doppel-Gipfeltreffen in San Francisco \u2013 APEC und USA-China"},"content":{"rendered":"<p><img decoding=\"async\" src=\"http:\/\/just-now.news\/de\/wp-content\/uploads\/sites\/3\/2023\/11\/655a098a48fbef4091793c79.jpg\" \/><\/p>\n<div class=\"Text-root Text-type_1 \">\n                Trotz der zur Schau gestellten Zufriedenheit Washingtons mit dem Treffen zwischen Joe Biden und Xi Jinping gibt es im Kern der Beziehung keine Anzeichen eines Nachlassens der Spannungen. Xi ermahnte Washington, seine vertraglichen Verpflichtungen einzuhalten, statt weiter zu z\u00fcndeln.\n            <\/div>\n<p><\/p>\n<div class=\"Text-root Text-type_5 ArticleView-text ViewText-root \">\n<p><em>Von Rainer Rupp<\/em><\/p>\n<p>Am Freitag, dem 17. November endete im kalifornischen San Francisco das weltweit aufmerksam beobachtete Gipfeltreffen der Asiatisch-Pazifischen Wirtschaftsgemeinschaft (APEC). Dies ist eine internationale Organisation, die sich im pazifischen Raum zum Ziel gesetzt hat, eine Freihandelszone zum gegenseitigen wirtschaftlichen Vorteil und zur F\u00f6rderung des Wohlstandes in dieser Weltregion einzurichten. In den 21 APEC-Mitgliedstaaten lebt knapp die H\u00e4lfte der Weltbev\u00f6lkerung.<\/p>\n<p>Mit besonderer Spannung wurde dabei der bilaterale US-amerikanisch-chinesische Sondergipfel einen Tag vor dem APEC-Gipfel erwartet. Er fand auf Verlangen der Chinesen an einem 40 Kilometer s\u00fcdlich von San Francisco entfernten Ort statt, der damit hinreichend weit vom Ort des APEC-Gipfels weg war, um ihm die von den Chinesen verlangte diplomatische und symbolische Sonderstellung zu geben.<\/p>\n<p>Der US-chinesische Sondergipfel zwischen den Pr\u00e4sidenten Xi Jinping und Joe Biden war auf wiederholtes und immer dringlicheres Dr\u00e4ngen Washingtons zustande gekommen. Aber nach den kr\u00e4ftigen Tritten der Biden-Regierung gegen das chinesische Schienbein in den letzten Jahren war es schwer f\u00fcr die US-Emiss\u00e4re, die Chinesen vom Sinn und Zweck einer Wiederbelegung der fast g\u00e4nzlich abgestorbenen Beziehungen zu Washington unter der aktuellen US-Regierung zu \u00fcberzeugen.<\/p>\n<p>Pr\u00e4sident Biden hatte zwar sein Amt mit dem Versprechen angetreten, die von seinem Vorg\u00e4nger Donald Trump bereits besch\u00e4digten Beziehungen zu China zu reparieren. Aber erst einmal an der Macht, haben er und seine Regierungsmitglieder alles getan, um die Beziehungen zu Peking g\u00e4nzlich gegen die Wand zu fahren: angefangen mit br\u00fcsken, diplomatischen Zur\u00fcckweisungen bis hin zu \u00fcblen Beleidigungen des US-Pr\u00e4sidenten Biden, der pers\u00f6nlich Xi als Diktator bezeichnet hatte.<\/p>\n<p>Hinzu kam die Versch\u00e4rfung aller m\u00f6glichen US-Sanktionen gegen China, begleitet von einer konfrontativen militaristischen Rhetorik f\u00fchrender US-Regierungsmitglieder. Diese Kriegsrhetorik wiederum war mit zunehmenden politischen und milit\u00e4rischen Provokationen in der Stra\u00dfe von Taiwan und im S\u00fcdchinesischen Meer verbunden. Dies alles wurde von den Lobbyisten der US-R\u00fcstungsindustrie mit medialer Sch\u00fctzenhilfe und Anti-China-Hetze kr\u00e4ftig unterst\u00fctzt. Vor allem mit den neuen und massiven US-Waffenlieferungen an Taiwan hat die Biden-Administration wahrscheinlich schon eine von Pekings roten Linien \u00fcberschritten.<\/p>\n<p>Eine ganz andere politische US-Orientierung wurde am Rande des APEC-Treffens in San Francisco deutlich. M\u00e4chtige US-Wirtschaftskreise, gegen die selbst die US-R\u00fcstungsindustrie wenig ausrichten k\u00f6nnte, zeigten auf spektakul\u00e4re Weise, dass sie mit der China feindlichen Richtung des Biden-Regimes nicht mehr einverstanden sind. (Mehr dazu weiter unten.)<\/p>\n<p>Auch der viert\u00e4gige Besuch der US-Finanzministerin Janet Yellen Anfang Juli dieses Jahres in China d\u00fcrfte unter dem Druck dieser Wirtschaftskreise zustande gekommen sein. W\u00e4hrend ihres vollkommen aus dem bisherigen politischen Konfrontationskurs des Biden-Regimes herausfallenden Besuchs in Peking lie\u00df Yellen keine Gelegenheit aus, die Chinesen zu umschmeicheln. Die Tatsache, dass die Chinesen seit Anfang dieses Jahres damit begonnen haben, in bisher nie dagewesener Gr\u00f6\u00dfenordnung US-Schatzbriefe abzusto\u00dfen und daf\u00fcr zur Absicherung ihrer weltweiten geldpolitischen Ambitionen Gold einzukaufen und im eigenen Land einzulagern, d\u00fcrfte ebenfalls etwas mit Yellens Besuch zu tun gehabt haben.<\/p>\n<p><strong><\/strong>Nach ihrer R\u00fcckkehr fasste Yellen das Ergebnis ihrer Gespr\u00e4che in Peking wie folgt zusammen: Die &#8220;Meinungsverschiedenheiten&#8221; bleiben, doch k\u00fcnftig wollten beide Nationen wieder st\u00e4rker auf den gegenseitigen Austausch setzen.<\/p>\n<p>Nach Yellens Auftakt gaben sich hoch- und mittelrangige Mitglieder der US-Regierung einer nach dem anderen in Peking die Klinke in die Hand. Alle hatten das gleiche Anliegen, die Gespr\u00e4che mit Peking wieder in Gang zu bringen, nachdem sie in den letzten Jahren so viel dazu getan hatten, diese abzuw\u00fcrgen. Ein Treffen Xis mit Biden am Rande des APEC-Gipfels sollte die Wiederann\u00e4herung f\u00fcr die ganze Welt deutlich sichtbar machen und diplomatisch abrunden.<\/p>\n<p>Die USA, vor allem US-Au\u00dfenminister Antony Blinken, der als Letzter in Peking war, mussten hart arbeiten, um die Chinesen davon zu \u00fcberzeugen, dass das Biden-Regime doch noch gesch\u00e4ftsf\u00e4hig ist, trotz aller in der Vergangenheit gegen\u00fcber China gebrochenen Versprechen und Zusagen wie den &#8220;F\u00fcnf Neins&#8221;, auf die sich Xi in seiner Rede vor den versammelten APEC-Pr\u00e4sidenten in San Francisco ausf\u00fchrlich bezog.<\/p>\n<p>Xi betonte, dass die USA glaubw\u00fcrdige Ma\u00dfnahmen ergreifen m\u00fcssen,<\/p>\n<p>&#8211; um das &#8220;Ein-China-Prinzip&#8221; (dass n\u00e4mlich Taiwan kein unabh\u00e4ngiger Staat, sondern Teil der Volksrepublik China ist) einzuhalten,<\/p>\n<p>&#8211; um die Bestimmungen der drei gemeinsamen Kommuniqu\u00e9s zwischen China und den USA strikt einzuhalten,<\/p>\n<p>&#8211; um die von der US-F\u00fchrung eingegangene Verpflichtung der &#8220;F\u00fcnf Neins&#8221; einzuhalten (d.\u00a0h. keinen &#8220;neuen Kalten Krieg&#8221; anzustreben),<\/p>\n<p>&#8211; keinen Konflikt mit China zu suchen,<\/p>\n<p>&#8211; nicht zu versuchen, Chinas System zu \u00e4ndern, also keine Destabilisierungsversuche \u00e0 la Farbrevolution zu unternehmen,<\/p>\n<p>&#8211; nichts zu tun, um die Wiederbelebung der US-B\u00fcndnisse in der Region gegen China zu richten,<\/p>\n<p>&#8211; nichts zu tun, um die &#8220;Unabh\u00e4ngigkeit Taiwans&#8221; zu unterst\u00fctzen.<\/p>\n<p>Zu diesen &#8220;F\u00fcnf Nein&#8221; haben sich US-Regierungen im Laufe vieler Verhandlungen in den vergangenen Jahrzehnten in bilateralen Abkommen mit China verpflichtet. Nachdem Xi die Biden-Regierung beim APEC-Gipfel vor den versammelten Pr\u00e4sidenten und Regierungschef an die von ihr ignorierten oder gebrochenen Verpflichtungen erinnert hatte, unterstrich er seine Ermahnungen an Washington, nicht weiter &#8220;den falschen und gef\u00e4hrlichen Weg einzuschlagen&#8221;, da sich nicht nur die USA und China, sondern die gesamte Weltgemeinschaft die Konsequenzen daraus nicht leisten k\u00f6nne.<\/p>\n<p>Beim APEC-Gipfel wies Xi auch darauf hin, dass der (System-)Wettbewerb zwischen den USA und China nicht der vorherrschende Trend der heutigen Zeit sein d\u00fcrfte, denn damit k\u00f6nnten die Probleme, mit denen China, die USA und die Welt insgesamt konfrontiert seien, nicht gel\u00f6st werden. Und der chinesische Pr\u00e4sident f\u00fcgte hinzu, dass der Erfolg eines Landes eine Chance f\u00fcr das andere sei. Dabei dr\u00fcckte er seinen festen Glauben an die vielversprechende Zukunft der Beziehungen zwischen China und den USA aus.<\/p>\n<p>Aber der APEC-Gipfel war noch nicht zu Ende, als Pr\u00e4sident Biden erneut sehr tief in den Fettnapf trat. Bei der Pressekonferenz beantwortete er die Frage, ob er Xi immer noch f\u00fcr einen Diktator halte, positiv und bekr\u00e4ftigte seine fr\u00fchere Aussage, indem er Xi erneut als Diktator bezeichnete, was eine starke Reaktion aus Peking zur Folge hatte. Das ohnehin bereits fehlende Vertrauen der chinesischen F\u00fchrung in Abkommen mit und Versprechungen der US-Regierungen wird dadurch nur noch best\u00e4rkt.<\/p>\n<p>Ganz anders war die Stimmung am Rande des US-China-Gipfels, denn Vertreter der m\u00e4chtigsten US-Wirtschaftskreise und -Konzerne hatten im Rahmen des US-China Business Council, der Handelskammer und der einflussreichen politischen Denkfabrik Council for Foreign Relations zu Ehren Xis ein festliches Abendessen veranstaltet.<\/p>\n<p>Die ebenfalls anwesenden Sponsoren dieses Galadinners waren u.\u00a0a. die Chefs der Unternehmen Apple, BlackRock, Blackstone, Boeing, Broadcom, Citadel, Citi, FedEx, Gilead, Honeywell, KKR, MasterCard, Nike, Pepsi, Pfizer, P&amp;G, Qualcomm, Thermo Fisher und Visa \u2013 um die wichtigsten zu nennen. Ein Screenshot von der kompletten Liste der Sponsoren ist am Ende des Artikels zu finden.<\/p>\n<p>An dieser Stelle sei an Kurt Tucholsky und seine Beschreibung von Regierungspolitikern erinnert:<\/p>\n<p>&#8220;Sie glauben, sie h\u00e4tten die Macht, dabei stellen sie nur die Regierung.&#8221; (F\u00fcr die wirklich M\u00e4chtigen.)<\/p>\n<p>Das festliche Abendessen, das die wirklich M\u00e4chtigen in den USA Xi in San Francisco gegeben haben, und die Gespr\u00e4che, die dabei am Rande stattgefunden haben, sagen f\u00fcr die Beurteilung des aktuellen Zustands und der Zukunft der Beziehungen zwischen China und den USA mehr aus als Xis Treffen mit Biden und Blinken. Letzteres hat selbst laut US-Medien nichts Wesentliches zur Verbesserung der bilateralen Beziehungen beigetragen.<\/p>\n<p>Das Wenige, was es an Verbesserungen der US-chinesischen Beziehungen auf dem Xi-Biden-Gipfel gab, waren neben einigen Aspekten, die den kulturellen und akademischen Austausch betreffen, ein milit\u00e4rischer Aspekt, dem das Pentagon h\u00f6chste Priorit\u00e4t beima\u00df, n\u00e4mlich die Wiederer\u00f6ffnung der Diskussionskan\u00e4le zum Austausch milit\u00e4rischer Belange in Krisensituationen. Das katastrophale Verhalten der Biden-Administration hatte in den letzten Jahren dazu gef\u00fchrt, dass diese milit\u00e4rischen Kontaktkan\u00e4le mit China total eingefroren worden waren.<\/p>\n<p>Die respektierte US-Zeitschrift <em>National Interest<\/em> fasst das US-chinesische Treffen denn auch <a rel=\"nofollow noopener\" target=\"_blank\" href=\"https:\/\/nationalinterest.org\/feature\/joe-biden-xi-jinping-summit-nothing-accomplished-207317\">wie folgt zusammen<\/a>: &#8220;Gipfeltreffen zwischen Joe Biden und Xi Jinping \u2013 Nichts erreicht?&#8221; Trotz der zur Schau gestellten Zufriedenheit Washingtons mit dem Treffen gebe es keine Anzeichen, dass die Spannungen im Kern der Beziehung eines nachgelassen h\u00e4tten, so die Zeitschrift.<\/p>\n<p><strong>Mehr zum Thema<\/strong>\u00a0\u2013\u00a0<a rel=\"nofollow noopener\" target=\"_blank\" href=\"https:\/\/freedert.online\/meinung\/184807-panik-im-weissen-haus\/\">Panik im Wei\u00dfen Haus? \u2013 geplagt von &#8220;epischen Sorgen und historischer Gefahr&#8221;<\/a><\/p>\n<\/p>\n<\/div>\n<p><br \/>\n<br \/><a href=\"https:\/\/de.rt.com\/meinung\/187444-doppel-gipfeltreffen-in-san-francisco\/\">Source link <\/a><\/p>\n","protected":false},"excerpt":{"rendered":"<p>Trotz der zur Schau gestellten Zufriedenheit Washingtons mit dem Treffen zwischen Joe Biden und Xi Jinping gibt es im Kern der Beziehung keine Anzeichen eines Nachlassens der Spannungen. Xi ermahnte Washington, seine vertraglichen Verpflichtungen einzuhalten, statt weiter zu z\u00fcndeln. Von Rainer Rupp Am Freitag, dem 17. November endete im kalifornischen San Francisco das weltweit aufmerksam [&hellip;]<\/p>\n","protected":false},"author":3,"featured_media":50017,"comment_status":"open","ping_status":"open","sticky":false,"template":"","format":"standard","meta":{"_yoast_indexnow_last_ping":["1700401255"],"wp_automatic_camp":["217"],"31444215086dead31b48e926739a67f6":["Doppel-Gipfeltreffen in San Francisco \u2013 APEC und USA-China"],"original_link":["https:\/\/de.rt.com\/meinung\/187444-doppel-gipfeltreffen-in-san-francisco\/"],"_thumbnail_id":["50017"],"_wptgpro_p2tg_sent2tg":["a:1:{i:23737;s:19:\"2023-11-19 15:43:41\";}"],"jnews_social_counter_last_update":["1777378425"]},"categories":[19,23],"tags":[50782,50781,16403,11841,140,50783],"yoast_head":"<!-- This site is optimized with the Yoast SEO Premium plugin v22.7 (Yoast SEO v22.7) - https:\/\/yoast.com\/wordpress\/plugins\/seo\/ -->\n<title>Doppel-Gipfeltreffen in San Francisco \u2013 APEC und USA-China - just-now.NEWS Deutschland<\/title>\n<meta name=\"robots\" content=\"index, follow, max-snippet:-1, max-image-preview:large, max-video-preview:-1\" \/>\n<link rel=\"canonical\" href=\"https:\/\/now-news.de\/de\/deutschland\/doppel-gipfeltreffen-in-san-francisco-apec-und-usa-china\/\" \/>\n<meta property=\"og:locale\" content=\"de_DE\" \/>\n<meta property=\"og:type\" content=\"article\" \/>\n<meta property=\"og:title\" content=\"Doppel-Gipfeltreffen in San Francisco \u2013 APEC und USA-China\" \/>\n<meta property=\"og:description\" content=\"Trotz der zur Schau gestellten Zufriedenheit Washingtons mit dem Treffen zwischen Joe Biden und Xi Jinping gibt es im Kern der Beziehung keine Anzeichen eines Nachlassens der Spannungen. Xi ermahnte Washington, seine vertraglichen Verpflichtungen einzuhalten, statt weiter zu z\u00fcndeln. Von Rainer Rupp Am Freitag, dem 17. November endete im kalifornischen San Francisco das weltweit aufmerksam [&hellip;]\" \/>\n<meta property=\"og:url\" content=\"https:\/\/now-news.de\/de\/deutschland\/doppel-gipfeltreffen-in-san-francisco-apec-und-usa-china\/\" \/>\n<meta property=\"og:site_name\" content=\"just-now.NEWS Deutschland\" \/>\n<meta property=\"article:publisher\" content=\"https:\/\/www.facebook.com\/wirmachenauf\" \/>\n<meta property=\"article:published_time\" content=\"2023-11-19T13:36:39+00:00\" \/>\n<meta property=\"og:image\" content=\"https:\/\/now-news.de\/de\/wp-content\/uploads\/sites\/3\/2023\/11\/Doppel-Gipfeltreffen-in-San-Francisco-\u2013-APEC-und-USA-China.jpg\" \/>\n\t<meta property=\"og:image:width\" content=\"460\" \/>\n\t<meta property=\"og:image:height\" content=\"259\" \/>\n\t<meta property=\"og:image:type\" content=\"image\/jpeg\" \/>\n<meta name=\"author\" content=\"rtnews\" \/>\n<meta name=\"twitter:card\" content=\"summary_large_image\" \/>\n<meta name=\"twitter:creator\" content=\"@WirMachenAuf_de\" \/>\n<meta name=\"twitter:site\" content=\"@WirMachenAuf_de\" \/>\n<meta name=\"twitter:label1\" content=\"Verfasst von\" \/>\n\t<meta name=\"twitter:data1\" content=\"rtnews\" \/>\n\t<meta name=\"twitter:label2\" content=\"Gesch\u00e4tzte Lesezeit\" \/>\n\t<meta name=\"twitter:data2\" content=\"7\u00a0Minuten\" \/>\n<script type=\"application\/ld+json\" class=\"yoast-schema-graph\">{\"@context\":\"https:\/\/schema.org\",\"@graph\":[{\"@type\":\"Article\",\"@id\":\"https:\/\/now-news.de\/de\/deutschland\/doppel-gipfeltreffen-in-san-francisco-apec-und-usa-china\/#article\",\"isPartOf\":{\"@id\":\"https:\/\/now-news.de\/de\/deutschland\/doppel-gipfeltreffen-in-san-francisco-apec-und-usa-china\/\"},\"author\":{\"name\":\"rtnews\",\"@id\":\"https:\/\/now-news.de\/de\/#\/schema\/person\/fb534a4e865501d8b3285208df34a9b5\"},\"headline\":\"Doppel-Gipfeltreffen in San Francisco \u2013 APEC und USA-China\",\"datePublished\":\"2023-11-19T13:36:39+00:00\",\"dateModified\":\"2023-11-19T13:36:39+00:00\",\"mainEntityOfPage\":{\"@id\":\"https:\/\/now-news.de\/de\/deutschland\/doppel-gipfeltreffen-in-san-francisco-apec-und-usa-china\/\"},\"wordCount\":1420,\"commentCount\":0,\"publisher\":{\"@id\":\"https:\/\/now-news.de\/de\/#organization\"},\"image\":{\"@id\":\"https:\/\/now-news.de\/de\/deutschland\/doppel-gipfeltreffen-in-san-francisco-apec-und-usa-china\/#primaryimage\"},\"thumbnailUrl\":\"https:\/\/now-news.de\/de\/wp-content\/uploads\/sites\/3\/2023\/11\/Doppel-Gipfeltreffen-in-San-Francisco-\u2013-APEC-und-USA-China.jpg\",\"keywords\":[\"APEC\",\"DoppelGipfeltreffen\",\"Francisco\",\"San\",\"und\",\"USAChina\"],\"articleSection\":[\"Deutschland\",\"Russland\"],\"inLanguage\":\"de\",\"potentialAction\":[{\"@type\":\"CommentAction\",\"name\":\"Comment\",\"target\":[\"https:\/\/now-news.de\/de\/deutschland\/doppel-gipfeltreffen-in-san-francisco-apec-und-usa-china\/#respond\"]}]},{\"@type\":\"WebPage\",\"@id\":\"https:\/\/now-news.de\/de\/deutschland\/doppel-gipfeltreffen-in-san-francisco-apec-und-usa-china\/\",\"url\":\"https:\/\/now-news.de\/de\/deutschland\/doppel-gipfeltreffen-in-san-francisco-apec-und-usa-china\/\",\"name\":\"Doppel-Gipfeltreffen in San Francisco \u2013 APEC und USA-China - just-now.NEWS Deutschland\",\"isPartOf\":{\"@id\":\"https:\/\/now-news.de\/de\/#website\"},\"primaryImageOfPage\":{\"@id\":\"https:\/\/now-news.de\/de\/deutschland\/doppel-gipfeltreffen-in-san-francisco-apec-und-usa-china\/#primaryimage\"},\"image\":{\"@id\":\"https:\/\/now-news.de\/de\/deutschland\/doppel-gipfeltreffen-in-san-francisco-apec-und-usa-china\/#primaryimage\"},\"thumbnailUrl\":\"https:\/\/now-news.de\/de\/wp-content\/uploads\/sites\/3\/2023\/11\/Doppel-Gipfeltreffen-in-San-Francisco-\u2013-APEC-und-USA-China.jpg\",\"datePublished\":\"2023-11-19T13:36:39+00:00\",\"dateModified\":\"2023-11-19T13:36:39+00:00\",\"breadcrumb\":{\"@id\":\"https:\/\/now-news.de\/de\/deutschland\/doppel-gipfeltreffen-in-san-francisco-apec-und-usa-china\/#breadcrumb\"},\"inLanguage\":\"de\",\"potentialAction\":[{\"@type\":\"ReadAction\",\"target\":[\"https:\/\/now-news.de\/de\/deutschland\/doppel-gipfeltreffen-in-san-francisco-apec-und-usa-china\/\"]}]},{\"@type\":\"ImageObject\",\"inLanguage\":\"de\",\"@id\":\"https:\/\/now-news.de\/de\/deutschland\/doppel-gipfeltreffen-in-san-francisco-apec-und-usa-china\/#primaryimage\",\"url\":\"https:\/\/now-news.de\/de\/wp-content\/uploads\/sites\/3\/2023\/11\/Doppel-Gipfeltreffen-in-San-Francisco-\u2013-APEC-und-USA-China.jpg\",\"contentUrl\":\"https:\/\/now-news.de\/de\/wp-content\/uploads\/sites\/3\/2023\/11\/Doppel-Gipfeltreffen-in-San-Francisco-\u2013-APEC-und-USA-China.jpg\",\"width\":460,\"height\":259,\"caption\":\"Doppel-Gipfeltreffen in San Francisco \u2013 APEC und USA-China\"},{\"@type\":\"BreadcrumbList\",\"@id\":\"https:\/\/now-news.de\/de\/deutschland\/doppel-gipfeltreffen-in-san-francisco-apec-und-usa-china\/#breadcrumb\",\"itemListElement\":[{\"@type\":\"ListItem\",\"position\":1,\"name\":\"Home\",\"item\":\"https:\/\/now-news.de\/de\/\"},{\"@type\":\"ListItem\",\"position\":2,\"name\":\"Doppel-Gipfeltreffen in San Francisco \u2013 APEC und USA-China\"}]},{\"@type\":\"WebSite\",\"@id\":\"https:\/\/now-news.de\/de\/#website\",\"url\":\"https:\/\/now-news.de\/de\/\",\"name\":\"just-now.NEWS Deutschland\",\"description\":\"Das Portal f\u00fcr unzensierte Nachrichten aus der Welt\",\"publisher\":{\"@id\":\"https:\/\/now-news.de\/de\/#organization\"},\"potentialAction\":[{\"@type\":\"SearchAction\",\"target\":{\"@type\":\"EntryPoint\",\"urlTemplate\":\"https:\/\/now-news.de\/de\/?s={search_term_string}\"},\"query-input\":\"required name=search_term_string\"}],\"inLanguage\":\"de\"},{\"@type\":\"Organization\",\"@id\":\"https:\/\/now-news.de\/de\/#organization\",\"name\":\"Just Now News\",\"url\":\"https:\/\/now-news.de\/de\/\",\"logo\":{\"@type\":\"ImageObject\",\"inLanguage\":\"de\",\"@id\":\"https:\/\/now-news.de\/de\/#\/schema\/logo\/image\/\",\"url\":\"http:\/\/just-now.news\/de\/wp-content\/uploads\/sites\/3\/2022\/04\/logo500x500.jpg\",\"contentUrl\":\"http:\/\/just-now.news\/de\/wp-content\/uploads\/sites\/3\/2022\/04\/logo500x500.jpg\",\"width\":500,\"height\":500,\"caption\":\"Just Now News\"},\"image\":{\"@id\":\"https:\/\/now-news.de\/de\/#\/schema\/logo\/image\/\"},\"sameAs\":[\"https:\/\/www.facebook.com\/wirmachenauf\",\"https:\/\/x.com\/WirMachenAuf_de\"]},{\"@type\":\"Person\",\"@id\":\"https:\/\/now-news.de\/de\/#\/schema\/person\/fb534a4e865501d8b3285208df34a9b5\",\"name\":\"rtnews\",\"image\":{\"@type\":\"ImageObject\",\"inLanguage\":\"de\",\"@id\":\"https:\/\/now-news.de\/de\/#\/schema\/person\/image\/\",\"url\":\"https:\/\/secure.gravatar.com\/avatar\/82aafea7d8127119dd649515f56e2117?s=96&d=mm&r=g\",\"contentUrl\":\"https:\/\/secure.gravatar.com\/avatar\/82aafea7d8127119dd649515f56e2117?s=96&d=mm&r=g\",\"caption\":\"rtnews\"},\"url\":\"https:\/\/now-news.de\/de\/author\/rnews\/\"}]}<\/script>\n<!-- \/ Yoast SEO Premium plugin. -->","yoast_head_json":{"title":"Doppel-Gipfeltreffen in San Francisco \u2013 APEC und USA-China - just-now.NEWS Deutschland","robots":{"index":"index","follow":"follow","max-snippet":"max-snippet:-1","max-image-preview":"max-image-preview:large","max-video-preview":"max-video-preview:-1"},"canonical":"https:\/\/now-news.de\/de\/deutschland\/doppel-gipfeltreffen-in-san-francisco-apec-und-usa-china\/","og_locale":"de_DE","og_type":"article","og_title":"Doppel-Gipfeltreffen in San Francisco \u2013 APEC und USA-China","og_description":"Trotz der zur Schau gestellten Zufriedenheit Washingtons mit dem Treffen zwischen Joe Biden und Xi Jinping gibt es im Kern der Beziehung keine Anzeichen eines Nachlassens der Spannungen. Xi ermahnte Washington, seine vertraglichen Verpflichtungen einzuhalten, statt weiter zu z\u00fcndeln. Von Rainer Rupp Am Freitag, dem 17. November endete im kalifornischen San Francisco das weltweit aufmerksam [&hellip;]","og_url":"https:\/\/now-news.de\/de\/deutschland\/doppel-gipfeltreffen-in-san-francisco-apec-und-usa-china\/","og_site_name":"just-now.NEWS Deutschland","article_publisher":"https:\/\/www.facebook.com\/wirmachenauf","article_published_time":"2023-11-19T13:36:39+00:00","og_image":[{"width":460,"height":259,"url":"https:\/\/now-news.de\/de\/wp-content\/uploads\/sites\/3\/2023\/11\/Doppel-Gipfeltreffen-in-San-Francisco-\u2013-APEC-und-USA-China.jpg","type":"image\/jpeg"}],"author":"rtnews","twitter_card":"summary_large_image","twitter_creator":"@WirMachenAuf_de","twitter_site":"@WirMachenAuf_de","twitter_misc":{"Verfasst von":"rtnews","Gesch\u00e4tzte Lesezeit":"7\u00a0Minuten"},"schema":{"@context":"https:\/\/schema.org","@graph":[{"@type":"Article","@id":"https:\/\/now-news.de\/de\/deutschland\/doppel-gipfeltreffen-in-san-francisco-apec-und-usa-china\/#article","isPartOf":{"@id":"https:\/\/now-news.de\/de\/deutschland\/doppel-gipfeltreffen-in-san-francisco-apec-und-usa-china\/"},"author":{"name":"rtnews","@id":"https:\/\/now-news.de\/de\/#\/schema\/person\/fb534a4e865501d8b3285208df34a9b5"},"headline":"Doppel-Gipfeltreffen in San Francisco \u2013 APEC und USA-China","datePublished":"2023-11-19T13:36:39+00:00","dateModified":"2023-11-19T13:36:39+00:00","mainEntityOfPage":{"@id":"https:\/\/now-news.de\/de\/deutschland\/doppel-gipfeltreffen-in-san-francisco-apec-und-usa-china\/"},"wordCount":1420,"commentCount":0,"publisher":{"@id":"https:\/\/now-news.de\/de\/#organization"},"image":{"@id":"https:\/\/now-news.de\/de\/deutschland\/doppel-gipfeltreffen-in-san-francisco-apec-und-usa-china\/#primaryimage"},"thumbnailUrl":"https:\/\/now-news.de\/de\/wp-content\/uploads\/sites\/3\/2023\/11\/Doppel-Gipfeltreffen-in-San-Francisco-\u2013-APEC-und-USA-China.jpg","keywords":["APEC","DoppelGipfeltreffen","Francisco","San","und","USAChina"],"articleSection":["Deutschland","Russland"],"inLanguage":"de","potentialAction":[{"@type":"CommentAction","name":"Comment","target":["https:\/\/now-news.de\/de\/deutschland\/doppel-gipfeltreffen-in-san-francisco-apec-und-usa-china\/#respond"]}]},{"@type":"WebPage","@id":"https:\/\/now-news.de\/de\/deutschland\/doppel-gipfeltreffen-in-san-francisco-apec-und-usa-china\/","url":"https:\/\/now-news.de\/de\/deutschland\/doppel-gipfeltreffen-in-san-francisco-apec-und-usa-china\/","name":"Doppel-Gipfeltreffen in San Francisco \u2013 APEC und USA-China - just-now.NEWS Deutschland","isPartOf":{"@id":"https:\/\/now-news.de\/de\/#website"},"primaryImageOfPage":{"@id":"https:\/\/now-news.de\/de\/deutschland\/doppel-gipfeltreffen-in-san-francisco-apec-und-usa-china\/#primaryimage"},"image":{"@id":"https:\/\/now-news.de\/de\/deutschland\/doppel-gipfeltreffen-in-san-francisco-apec-und-usa-china\/#primaryimage"},"thumbnailUrl":"https:\/\/now-news.de\/de\/wp-content\/uploads\/sites\/3\/2023\/11\/Doppel-Gipfeltreffen-in-San-Francisco-\u2013-APEC-und-USA-China.jpg","datePublished":"2023-11-19T13:36:39+00:00","dateModified":"2023-11-19T13:36:39+00:00","breadcrumb":{"@id":"https:\/\/now-news.de\/de\/deutschland\/doppel-gipfeltreffen-in-san-francisco-apec-und-usa-china\/#breadcrumb"},"inLanguage":"de","potentialAction":[{"@type":"ReadAction","target":["https:\/\/now-news.de\/de\/deutschland\/doppel-gipfeltreffen-in-san-francisco-apec-und-usa-china\/"]}]},{"@type":"ImageObject","inLanguage":"de","@id":"https:\/\/now-news.de\/de\/deutschland\/doppel-gipfeltreffen-in-san-francisco-apec-und-usa-china\/#primaryimage","url":"https:\/\/now-news.de\/de\/wp-content\/uploads\/sites\/3\/2023\/11\/Doppel-Gipfeltreffen-in-San-Francisco-\u2013-APEC-und-USA-China.jpg","contentUrl":"https:\/\/now-news.de\/de\/wp-content\/uploads\/sites\/3\/2023\/11\/Doppel-Gipfeltreffen-in-San-Francisco-\u2013-APEC-und-USA-China.jpg","width":460,"height":259,"caption":"Doppel-Gipfeltreffen in San Francisco \u2013 APEC und USA-China"},{"@type":"BreadcrumbList","@id":"https:\/\/now-news.de\/de\/deutschland\/doppel-gipfeltreffen-in-san-francisco-apec-und-usa-china\/#breadcrumb","itemListElement":[{"@type":"ListItem","position":1,"name":"Home","item":"https:\/\/now-news.de\/de\/"},{"@type":"ListItem","position":2,"name":"Doppel-Gipfeltreffen in San Francisco \u2013 APEC und USA-China"}]},{"@type":"WebSite","@id":"https:\/\/now-news.de\/de\/#website","url":"https:\/\/now-news.de\/de\/","name":"just-now.NEWS Deutschland","description":"Das Portal f\u00fcr unzensierte Nachrichten aus der Welt","publisher":{"@id":"https:\/\/now-news.de\/de\/#organization"},"potentialAction":[{"@type":"SearchAction","target":{"@type":"EntryPoint","urlTemplate":"https:\/\/now-news.de\/de\/?s={search_term_string}"},"query-input":"required name=search_term_string"}],"inLanguage":"de"},{"@type":"Organization","@id":"https:\/\/now-news.de\/de\/#organization","name":"Just Now News","url":"https:\/\/now-news.de\/de\/","logo":{"@type":"ImageObject","inLanguage":"de","@id":"https:\/\/now-news.de\/de\/#\/schema\/logo\/image\/","url":"http:\/\/just-now.news\/de\/wp-content\/uploads\/sites\/3\/2022\/04\/logo500x500.jpg","contentUrl":"http:\/\/just-now.news\/de\/wp-content\/uploads\/sites\/3\/2022\/04\/logo500x500.jpg","width":500,"height":500,"caption":"Just Now News"},"image":{"@id":"https:\/\/now-news.de\/de\/#\/schema\/logo\/image\/"},"sameAs":["https:\/\/www.facebook.com\/wirmachenauf","https:\/\/x.com\/WirMachenAuf_de"]},{"@type":"Person","@id":"https:\/\/now-news.de\/de\/#\/schema\/person\/fb534a4e865501d8b3285208df34a9b5","name":"rtnews","image":{"@type":"ImageObject","inLanguage":"de","@id":"https:\/\/now-news.de\/de\/#\/schema\/person\/image\/","url":"https:\/\/secure.gravatar.com\/avatar\/82aafea7d8127119dd649515f56e2117?s=96&d=mm&r=g","contentUrl":"https:\/\/secure.gravatar.com\/avatar\/82aafea7d8127119dd649515f56e2117?s=96&d=mm&r=g","caption":"rtnews"},"url":"https:\/\/now-news.de\/de\/author\/rnews\/"}]}},"_links":{"self":[{"href":"https:\/\/now-news.de\/de\/wp-json\/wp\/v2\/posts\/50016"}],"collection":[{"href":"https:\/\/now-news.de\/de\/wp-json\/wp\/v2\/posts"}],"about":[{"href":"https:\/\/now-news.de\/de\/wp-json\/wp\/v2\/types\/post"}],"author":[{"embeddable":true,"href":"https:\/\/now-news.de\/de\/wp-json\/wp\/v2\/users\/3"}],"replies":[{"embeddable":true,"href":"https:\/\/now-news.de\/de\/wp-json\/wp\/v2\/comments?post=50016"}],"version-history":[{"count":0,"href":"https:\/\/now-news.de\/de\/wp-json\/wp\/v2\/posts\/50016\/revisions"}],"wp:featuredmedia":[{"embeddable":true,"href":"https:\/\/now-news.de\/de\/wp-json\/wp\/v2\/media\/50017"}],"wp:attachment":[{"href":"https:\/\/now-news.de\/de\/wp-json\/wp\/v2\/media?parent=50016"}],"wp:term":[{"taxonomy":"category","embeddable":true,"href":"https:\/\/now-news.de\/de\/wp-json\/wp\/v2\/categories?post=50016"},{"taxonomy":"post_tag","embeddable":true,"href":"https:\/\/now-news.de\/de\/wp-json\/wp\/v2\/tags?post=50016"}],"curies":[{"name":"wp","href":"https:\/\/api.w.org\/{rel}","templated":true}]}}