{"id":49992,"date":"2023-11-18T21:57:09","date_gmt":"2023-11-18T19:57:09","guid":{"rendered":"https:\/\/just-now.news\/de\/deutschland\/europa-steht-davor-auf-den-boden-der-tatsachen-zurueckgeholt-zu-werden\/"},"modified":"2023-11-18T21:57:09","modified_gmt":"2023-11-18T19:57:09","slug":"europa-steht-davor-auf-den-boden-der-tatsachen-zurueckgeholt-zu-werden","status":"publish","type":"post","link":"https:\/\/now-news.de\/de\/deutschland\/europa-steht-davor-auf-den-boden-der-tatsachen-zurueckgeholt-zu-werden\/","title":{"rendered":"Europa steht davor, auf den Boden der Tatsachen zur\u00fcckgeholt zu werden"},"content":{"rendered":"<p><img decoding=\"async\" src=\"http:\/\/just-now.news\/de\/wp-content\/uploads\/sites\/3\/2023\/11\/6553d3fcb480cc6219712426.jpg\" \/><\/p>\n<div class=\"Text-root Text-type_1 \">\n                Antirussische Sanktionen, Milliarden f\u00fcr die Ukraine, Waffenlieferungen ohne Ende \u2013 jetzt auch an Israel: Der Kriegskurs ruiniert die EU-L\u00e4nder. Deindustrialisierung und Armut nehmen zu. Politik- und Wirtschaftseliten handeln gegen die Interessen der Mehrheit. Diese Einsicht d\u00fcrfte durch den Winter bef\u00f6rdert werden.\n            <\/div>\n<p><\/p>\n<div class=\"Text-root Text-type_5 ArticleView-text ViewText-root \">\n<p><em>Von Wiktorija Nikiforowa<\/em><\/p>\n<p>Der Winter hat sich unbemerkt herangeschlichen \u2013 und in der Europ\u00e4ischen Union Panik ausgel\u00f6st. Dem Boxer Vitali Klitschko sei f\u00fcr die treffende Formulierung gedankt: Das Europa von heute bereitet sich in der Tat auf die kalte Jahreszeit vor, als ob seine letzten Tage bevorst\u00fcnden.<\/p>\n<p>&#8220;Der Winter der zwei Kriege&#8221;: So <a rel=\"nofollow noopener\" target=\"_blank\" href=\"https:\/\/www.politico.eu\/article\/europe-braces-winter-two-wars-energy-price-gas-oil-electricity-hamas-israel-ukraine-russia\/\">nennt<\/a> die europ\u00e4ische Ausgabe von <em>Politico<\/em> die kommenden drei Monate. Die Propaganda erkl\u00e4rt den Europ\u00e4ern, dass sie hungern und frieren werden, weil Tausende von Kilometern entfernt die Russen Kupjansk befreien und die IDF den Gazastreifen bombardieren.<\/p>\n<p>Die gr\u00f6\u00dfte Bef\u00fcrchtung des europ\u00e4ischen Establishments besteht heute darin, dass die arabischen L\u00e4nder, die \u00fcber die Massaker im Gazastreifen emp\u00f6rt sind, den europ\u00e4ischen Verb\u00fcndeten Israels den \u00d6lhahn zudrehen werden. Das zweite Schreckensszenario ist, dass sich Iran in den Konflikt einmischt und die Stra\u00dfe von Hormus blockiert, durch die \u00d6l- und Fl\u00fcssiggastanker fahren. In beiden F\u00e4llen w\u00fcrden die Preise f\u00fcr Kohlenwasserstoffe in die H\u00f6he schie\u00dfen, und die EU m\u00fcsste sich wirklich &#8220;auf den Boden der Tatsachen&#8221; vorbereiten.<\/p>\n<p>Wenn dies aber nicht so kommt, wird es trotzdem kein leichter Winter werden. Die europ\u00e4ischen Staats- und Regierungschefs werden ihre verarmten W\u00e4hler einfach mit der Tatsache tr\u00f6sten, dass es viel schlimmer h\u00e4tte kommen k\u00f6nnen.<\/p>\n<p>Schon jetzt versichert die EU-F\u00fchrung ihren Untertanen, dass sie den Finger am Puls der Zeit hat, auf alle Turbulenzen vorbereitet ist und der n\u00e4chste Winter leichter sein wird als der vorherige. Was sind die Geheimnisse der &#8220;Stabilit\u00e4t&#8221; der europ\u00e4ischen Wirtschaft? Es stellt sich heraus, dass man dort gelernt hat, weniger zu konsumieren.<\/p>\n<p><em>Politico<\/em> berichtet stolz, dass die EU-Mitgliedstaaten im vergangenen Jahr ihren Gasverbrauch um 20 Prozent gesenkt haben. Wie war das m\u00f6glich? Nun, nat\u00fcrlich: Fabriken wurden geschlossen, ganze Industriezweige brachen zusammen (z. B. die D\u00fcngemittelproduktion), und die Menschen verloren ihre Arbeit.<\/p>\n<p>Die Haushalte sparten wie verr\u00fcckt beim Heizen, weil sie die Rechnungen, die sie erhielten, nicht bezahlen konnten. In Griechenland zum Beispiel gab die H\u00e4lfte der Haushalte an, dass sie ihre Nebenkosten nicht bezahlen konnten. Die Folge war, dass die schw\u00e4chsten und \u00e4rmsten Menschen massenhaft starben. Der <em>Economist<\/em> hat uns dar\u00fcber informiert, dass im Winter 2022\/23 in Europa mehr Rentner an Unterk\u00fchlung starben als im vorangegangenen Winter am Coronavirus. Der <em>Economist<\/em>\u00a0<a rel=\"nofollow noopener\" target=\"_blank\" href=\"https:\/\/www.economist.com\/graphic-detail\/2023\/05\/10\/expensive-energy-may-have-killed-more-europeans-than-covid-19-last-winter\">schreibt<\/a>: &#8220;Teurer Strom hat mehr Europ\u00e4er get\u00f6tet als COVID.&#8221;<\/p>\n<p>Massenarmut, Krankheiten, vorzeitige Todesf\u00e4lle, das Aufbl\u00fchen des Freeganismus (wenn Menschen auf M\u00fcllhalden nach Nahrung suchen) \u2013 das ist es, was hinter der \u00fcberraschenden Formulierung unserer ehemaligen Partner &#8220;Europa begann, weniger zu konsumieren&#8221; steckt. Der Patient fing an, weniger zu essen, und er verlor an Gewicht. Zwar ist er dabei gestorben, aber das macht nichts.<\/p>\n<p>Britische Zeitungen lehren ihre Leser, dass man zwischen 18 und 9 Uhr nichts essen soll. Eine franz\u00f6sische Nichtregierungsorganisation weist darauf hin, dass 48 Prozent der franz\u00f6sischen Eltern an Lebensmitteln sparen, um ihre Kinder zu ern\u00e4hren. Die &#8220;Foundation for European Progressive Studies&#8221; (etwa: Stiftung f\u00fcr Europ\u00e4ische Progressive Studien; Anm. d. Red.) schl\u00e4gt als L\u00f6sung eine Umstellung auf eine &#8220;pflanzliche Ern\u00e4hrung&#8221; (Plant-based Diet) vor. \u00dcbersetzt in die normale Sprache bedeutet dies eine Ern\u00e4hrung mit Kartoffeln und Kohl \u2013 das ist es, was die Bev\u00f6lkerung von Deutschland in der Weimarer Republik sattgehabt hatte, bis sie so hungrig geworden war, dass sie Adolf Hitler gew\u00e4hlt hatte und nach Osten marschiert war.<\/p>\n<p>Das sind die Ergebnisse des letzten Winters in Europa. Die L\u00e4nder, die sich ihrer &#8220;Ausnahmestellung&#8221; r\u00fchmten, verwandeln sich allm\u00e4hlich in eine Obdachlosen-Bruchbude, in der Ratten herumschn\u00fcffeln und Bettwanzen w\u00fcten. Und der letzte Winter war f\u00fcr europ\u00e4ische Verh\u00e4ltnisse rekordverd\u00e4chtig warm.<\/p>\n<p>Obwohl alle den G\u00fcrtel bis zum letzten Loch enger geschnallt haben, &#8220;wollen die Gaspreise einfach nicht sinken&#8221;, <a rel=\"nofollow noopener\" target=\"_blank\" href=\"https:\/\/www.politico.eu\/article\/europe-braces-winter-two-wars-energy-price-gas-oil-electricity-hamas-israel-ukraine-russia\/\">schreibt<\/a>\u00a0<em>Politico<\/em>. Das Ergebnis ist, dass &#8220;die Europ\u00e4er in diesem Winter mit steigenden Strompreisen und einer neuen Abschw\u00e4chung der Industrie konfrontiert werden, da die Rechnungen unerschwinglich werden&#8221;.<\/p>\n<p>Fachleute raten den Regierungen, die Nachfrage nach Kohlenwasserstoffen und Strom weiter zu senken und auf keinen Fall die Industrieproduktion zu subventionieren \u2013 da andernfalls die Preise noch weiter in die H\u00f6he schnellen w\u00fcrden. Mit anderen Worten: Europa steht eine neue Runde der Deindustrialisierung bevor. Na dann, gute Reise.<\/p>\n<p>Aber schieben Sie nicht Ihre eigenen Fehler und Vergehen auf andere. Die Theorie vom &#8220;Winter der zwei Kriege&#8221; ist eine reinste L\u00fcge. Es ist nicht die Schuld Irans, der Hamas oder Russlands, dass die Europ\u00e4er nichts zu essen haben. Der Ruin und die Unordnung in der EU gehen allein auf das Konto des europ\u00e4ischen Establishments.<\/p>\n<p>Gott allein wei\u00df, warum ihre US-Herren sie dort festhalten, aber auf Anweisung des Wei\u00dfen Hauses sind die europ\u00e4ischen F\u00fchrer bereit, ihre eigene Bev\u00f6lkerung verhungern und erfrieren zu lassen. Es sind die Europ\u00e4er, die zw\u00f6lf Pakete mit antirussischen Sanktionen eingef\u00fchrt haben \u2013 ich darf daran erinnern, dass das letzte Paket N\u00e4gel und N\u00e4hnadeln umfasst. Es sind dieselben Europ\u00e4er, die den Russen ihre Ersparnisse und Immobilien, Autos und Schmuck wegnehmen. Es sind dieselben Europ\u00e4er, die zulie\u00dfen, dass die USA die Nord-Stream-Pipelines in die Luft sprengten, und die nicht einmal protestiert haben. Es sind dieselben Europ\u00e4er, die Panzer und Waffen in die Ukraine schicken, um russische Soldaten zu t\u00f6ten.<\/p>\n<p>Nun, Sie werden bekommen, was Sie bestellt haben. Sie wollten die Beziehungen zu Russland abbrechen? Bitte sch\u00f6n. Russland ist dadurch nicht verarmt. Wir haben sehr gute Wirtschaftsdaten, wir k\u00f6nnen uns in die Karten schauen lassen. Und wie geht es Ihnen mit abgebrochenen Beziehungen?<\/p>\n<p>Und dann werden die europ\u00e4ischen Regierungen auf Gehei\u00df Washingtons verpflichtet, Israel zu unterst\u00fctzen. Abermillionen von Menschen in Europa sind dagegen, sie sind f\u00fcr Pal\u00e4stina. Deshalb gibt es Kundgebungen mit abertausenden Teilnehmern, Protesten und Ausschreitungen. Es ist also nicht mehr weit bis zu einer n\u00e4chsten Terrorwelle in europ\u00e4ischen St\u00e4dten. Und wieder haben die europ\u00e4ischen Eliten das alles selbst angerichtet.<\/p>\n<p>Kurzum, der beste Weg f\u00fcr die Europ\u00e4er, normal durch den Winter zu kommen, ist, etwas gegen ihre Eliten zu unternehmen. Allm\u00e4hlich beginnen die Menschen, dies zu begreifen. Die Erfolge der Alternative f\u00fcr Deutschland, die Wahlniederlage der Ukraine in Polen, der Sieg von Robert Fico in der Slowakei \u2013 all das sind Anzeichen daf\u00fcr, dass die Massen beginnen, Politiker, die f\u00fcr sie und nicht f\u00fcr Washington arbeiten, an die Spitze zu dr\u00e4ngen. Das ist kein schneller Prozess, aber er ist eindeutig im Gange. Ein weiterer schwieriger Winter k\u00f6nnte den Europ\u00e4ern helfen, die Notwendigkeit von Ver\u00e4nderungen zu erkennen. Schlie\u00dflich k\u00e4mpft General Frost immer f\u00fcr Russland.<\/p>\n<p><em>\u00dcbersetzung aus dem <a rel=\"nofollow noopener\" target=\"_blank\" href=\"https:\/\/ria.ru\/20231113\/evropa-1908978891.html\">Russischen<\/a>. Der Artikel ist zuerst am 13. November 2023 auf ria.ru erschienen.<\/em><\/p>\n<p><strong>Mehr zum Thema<\/strong> \u2013 <a rel=\"nofollow noopener\" target=\"_blank\" href=\"https:\/\/freedert.online\/international\/186963-studie-lng-schlechter-fuer-umwelt\/\">Studie: LNG schlechter f\u00fcr die Umwelt als Kohle<\/a><\/p>\n<\/div>\n<p><br \/>\n<br \/><a href=\"https:\/\/de.rt.com\/meinung\/187029-europa-steht-davor-auf-den-boden-der-tatsachen-zurueckgeholt-zu-werden\/\">Source link <\/a><\/p>\n","protected":false},"excerpt":{"rendered":"<p>Antirussische Sanktionen, Milliarden f\u00fcr die Ukraine, Waffenlieferungen ohne Ende \u2013 jetzt auch an Israel: Der Kriegskurs ruiniert die EU-L\u00e4nder. Deindustrialisierung und Armut nehmen zu. Politik- und Wirtschaftseliten handeln gegen die Interessen der Mehrheit. Diese Einsicht d\u00fcrfte durch den Winter bef\u00f6rdert werden. Von Wiktorija Nikiforowa Der Winter hat sich unbemerkt herangeschlichen \u2013 und in der Europ\u00e4ischen [&hellip;]<\/p>\n","protected":false},"author":3,"featured_media":49993,"comment_status":"open","ping_status":"open","sticky":false,"template":"","format":"standard","meta":{"_yoast_indexnow_last_ping":["1700338360"],"wp_automatic_camp":["217"],"f788c5ddd5e1a0be44ec5903838ac14b":["Europa steht davor, auf den Boden der Tatsachen zur\u00fcckgeholt zu werden"],"original_link":["https:\/\/de.rt.com\/meinung\/187029-europa-steht-davor-auf-den-boden-der-tatsachen-zurueckgeholt-zu-werden\/"],"_thumbnail_id":["49993"],"_wptgpro_p2tg_sent2tg":["a:1:{i:23737;s:19:\"2023-11-18 22:13:42\";}"],"jnews_social_counter_last_update":["1777218691"]},"categories":[19,23],"tags":[133,16879,11225,48,82,1370,1606,41247,1040,50768],"yoast_head":"<!-- This site is optimized with the Yoast SEO Premium plugin v22.7 (Yoast SEO v22.7) - https:\/\/yoast.com\/wordpress\/plugins\/seo\/ -->\n<title>Europa steht davor, auf den Boden der Tatsachen zur\u00fcckgeholt zu werden - just-now.NEWS Deutschland<\/title>\n<meta name=\"robots\" content=\"index, follow, max-snippet:-1, max-image-preview:large, max-video-preview:-1\" \/>\n<link rel=\"canonical\" href=\"https:\/\/now-news.de\/de\/deutschland\/europa-steht-davor-auf-den-boden-der-tatsachen-zurueckgeholt-zu-werden\/\" \/>\n<meta property=\"og:locale\" content=\"de_DE\" \/>\n<meta property=\"og:type\" content=\"article\" \/>\n<meta property=\"og:title\" content=\"Europa steht davor, auf den Boden der Tatsachen zur\u00fcckgeholt zu werden\" \/>\n<meta property=\"og:description\" content=\"Antirussische Sanktionen, Milliarden f\u00fcr die Ukraine, Waffenlieferungen ohne Ende \u2013 jetzt auch an Israel: Der Kriegskurs ruiniert die EU-L\u00e4nder. Deindustrialisierung und Armut nehmen zu. Politik- und Wirtschaftseliten handeln gegen die Interessen der Mehrheit. Diese Einsicht d\u00fcrfte durch den Winter bef\u00f6rdert werden. Von Wiktorija Nikiforowa Der Winter hat sich unbemerkt herangeschlichen \u2013 und in der Europ\u00e4ischen [&hellip;]\" \/>\n<meta property=\"og:url\" content=\"https:\/\/now-news.de\/de\/deutschland\/europa-steht-davor-auf-den-boden-der-tatsachen-zurueckgeholt-zu-werden\/\" \/>\n<meta property=\"og:site_name\" content=\"just-now.NEWS Deutschland\" \/>\n<meta property=\"article:publisher\" content=\"https:\/\/www.facebook.com\/wirmachenauf\" \/>\n<meta property=\"article:published_time\" content=\"2023-11-18T19:57:09+00:00\" \/>\n<meta property=\"og:image\" content=\"https:\/\/now-news.de\/de\/wp-content\/uploads\/sites\/3\/2023\/11\/Europa-steht-davor-auf-den-Boden-der-Tatsachen-zurueckgeholt-zu.jpg\" \/>\n\t<meta property=\"og:image:width\" content=\"460\" \/>\n\t<meta property=\"og:image:height\" content=\"259\" \/>\n\t<meta property=\"og:image:type\" content=\"image\/jpeg\" \/>\n<meta name=\"author\" content=\"rtnews\" \/>\n<meta name=\"twitter:card\" content=\"summary_large_image\" \/>\n<meta name=\"twitter:creator\" content=\"@WirMachenAuf_de\" \/>\n<meta name=\"twitter:site\" content=\"@WirMachenAuf_de\" \/>\n<meta name=\"twitter:label1\" content=\"Verfasst von\" \/>\n\t<meta name=\"twitter:data1\" content=\"rtnews\" \/>\n\t<meta name=\"twitter:label2\" content=\"Gesch\u00e4tzte Lesezeit\" \/>\n\t<meta name=\"twitter:data2\" content=\"6\u00a0Minuten\" \/>\n<script type=\"application\/ld+json\" class=\"yoast-schema-graph\">{\"@context\":\"https:\/\/schema.org\",\"@graph\":[{\"@type\":\"Article\",\"@id\":\"https:\/\/now-news.de\/de\/deutschland\/europa-steht-davor-auf-den-boden-der-tatsachen-zurueckgeholt-zu-werden\/#article\",\"isPartOf\":{\"@id\":\"https:\/\/now-news.de\/de\/deutschland\/europa-steht-davor-auf-den-boden-der-tatsachen-zurueckgeholt-zu-werden\/\"},\"author\":{\"name\":\"rtnews\",\"@id\":\"https:\/\/now-news.de\/de\/#\/schema\/person\/fb534a4e865501d8b3285208df34a9b5\"},\"headline\":\"Europa steht davor, auf den Boden der Tatsachen zur\u00fcckgeholt zu werden\",\"datePublished\":\"2023-11-18T19:57:09+00:00\",\"dateModified\":\"2023-11-18T19:57:09+00:00\",\"mainEntityOfPage\":{\"@id\":\"https:\/\/now-news.de\/de\/deutschland\/europa-steht-davor-auf-den-boden-der-tatsachen-zurueckgeholt-zu-werden\/\"},\"wordCount\":1210,\"commentCount\":0,\"publisher\":{\"@id\":\"https:\/\/now-news.de\/de\/#organization\"},\"image\":{\"@id\":\"https:\/\/now-news.de\/de\/deutschland\/europa-steht-davor-auf-den-boden-der-tatsachen-zurueckgeholt-zu-werden\/#primaryimage\"},\"thumbnailUrl\":\"https:\/\/now-news.de\/de\/wp-content\/uploads\/sites\/3\/2023\/11\/Europa-steht-davor-auf-den-Boden-der-Tatsachen-zurueckgeholt-zu.jpg\",\"keywords\":[\"AUF\",\"Boden\",\"davor\",\"den\",\"der\",\"Europa\",\"steht\",\"Tatsachen\",\"Werden\",\"zur\u00fcckgeholt\"],\"articleSection\":[\"Deutschland\",\"Russland\"],\"inLanguage\":\"de\",\"potentialAction\":[{\"@type\":\"CommentAction\",\"name\":\"Comment\",\"target\":[\"https:\/\/now-news.de\/de\/deutschland\/europa-steht-davor-auf-den-boden-der-tatsachen-zurueckgeholt-zu-werden\/#respond\"]}]},{\"@type\":\"WebPage\",\"@id\":\"https:\/\/now-news.de\/de\/deutschland\/europa-steht-davor-auf-den-boden-der-tatsachen-zurueckgeholt-zu-werden\/\",\"url\":\"https:\/\/now-news.de\/de\/deutschland\/europa-steht-davor-auf-den-boden-der-tatsachen-zurueckgeholt-zu-werden\/\",\"name\":\"Europa steht davor, auf den Boden der Tatsachen zur\u00fcckgeholt zu werden - just-now.NEWS Deutschland\",\"isPartOf\":{\"@id\":\"https:\/\/now-news.de\/de\/#website\"},\"primaryImageOfPage\":{\"@id\":\"https:\/\/now-news.de\/de\/deutschland\/europa-steht-davor-auf-den-boden-der-tatsachen-zurueckgeholt-zu-werden\/#primaryimage\"},\"image\":{\"@id\":\"https:\/\/now-news.de\/de\/deutschland\/europa-steht-davor-auf-den-boden-der-tatsachen-zurueckgeholt-zu-werden\/#primaryimage\"},\"thumbnailUrl\":\"https:\/\/now-news.de\/de\/wp-content\/uploads\/sites\/3\/2023\/11\/Europa-steht-davor-auf-den-Boden-der-Tatsachen-zurueckgeholt-zu.jpg\",\"datePublished\":\"2023-11-18T19:57:09+00:00\",\"dateModified\":\"2023-11-18T19:57:09+00:00\",\"breadcrumb\":{\"@id\":\"https:\/\/now-news.de\/de\/deutschland\/europa-steht-davor-auf-den-boden-der-tatsachen-zurueckgeholt-zu-werden\/#breadcrumb\"},\"inLanguage\":\"de\",\"potentialAction\":[{\"@type\":\"ReadAction\",\"target\":[\"https:\/\/now-news.de\/de\/deutschland\/europa-steht-davor-auf-den-boden-der-tatsachen-zurueckgeholt-zu-werden\/\"]}]},{\"@type\":\"ImageObject\",\"inLanguage\":\"de\",\"@id\":\"https:\/\/now-news.de\/de\/deutschland\/europa-steht-davor-auf-den-boden-der-tatsachen-zurueckgeholt-zu-werden\/#primaryimage\",\"url\":\"https:\/\/now-news.de\/de\/wp-content\/uploads\/sites\/3\/2023\/11\/Europa-steht-davor-auf-den-Boden-der-Tatsachen-zurueckgeholt-zu.jpg\",\"contentUrl\":\"https:\/\/now-news.de\/de\/wp-content\/uploads\/sites\/3\/2023\/11\/Europa-steht-davor-auf-den-Boden-der-Tatsachen-zurueckgeholt-zu.jpg\",\"width\":460,\"height\":259,\"caption\":\"Europa steht davor, auf den Boden der Tatsachen zur\u00fcckgeholt zu werden\"},{\"@type\":\"BreadcrumbList\",\"@id\":\"https:\/\/now-news.de\/de\/deutschland\/europa-steht-davor-auf-den-boden-der-tatsachen-zurueckgeholt-zu-werden\/#breadcrumb\",\"itemListElement\":[{\"@type\":\"ListItem\",\"position\":1,\"name\":\"Home\",\"item\":\"https:\/\/now-news.de\/de\/\"},{\"@type\":\"ListItem\",\"position\":2,\"name\":\"Europa steht davor, auf den Boden der Tatsachen zur\u00fcckgeholt zu werden\"}]},{\"@type\":\"WebSite\",\"@id\":\"https:\/\/now-news.de\/de\/#website\",\"url\":\"https:\/\/now-news.de\/de\/\",\"name\":\"just-now.NEWS Deutschland\",\"description\":\"Das Portal f\u00fcr unzensierte Nachrichten aus der Welt\",\"publisher\":{\"@id\":\"https:\/\/now-news.de\/de\/#organization\"},\"potentialAction\":[{\"@type\":\"SearchAction\",\"target\":{\"@type\":\"EntryPoint\",\"urlTemplate\":\"https:\/\/now-news.de\/de\/?s={search_term_string}\"},\"query-input\":\"required name=search_term_string\"}],\"inLanguage\":\"de\"},{\"@type\":\"Organization\",\"@id\":\"https:\/\/now-news.de\/de\/#organization\",\"name\":\"Just Now News\",\"url\":\"https:\/\/now-news.de\/de\/\",\"logo\":{\"@type\":\"ImageObject\",\"inLanguage\":\"de\",\"@id\":\"https:\/\/now-news.de\/de\/#\/schema\/logo\/image\/\",\"url\":\"http:\/\/just-now.news\/de\/wp-content\/uploads\/sites\/3\/2022\/04\/logo500x500.jpg\",\"contentUrl\":\"http:\/\/just-now.news\/de\/wp-content\/uploads\/sites\/3\/2022\/04\/logo500x500.jpg\",\"width\":500,\"height\":500,\"caption\":\"Just Now News\"},\"image\":{\"@id\":\"https:\/\/now-news.de\/de\/#\/schema\/logo\/image\/\"},\"sameAs\":[\"https:\/\/www.facebook.com\/wirmachenauf\",\"https:\/\/x.com\/WirMachenAuf_de\"]},{\"@type\":\"Person\",\"@id\":\"https:\/\/now-news.de\/de\/#\/schema\/person\/fb534a4e865501d8b3285208df34a9b5\",\"name\":\"rtnews\",\"image\":{\"@type\":\"ImageObject\",\"inLanguage\":\"de\",\"@id\":\"https:\/\/now-news.de\/de\/#\/schema\/person\/image\/\",\"url\":\"https:\/\/secure.gravatar.com\/avatar\/82aafea7d8127119dd649515f56e2117?s=96&d=mm&r=g\",\"contentUrl\":\"https:\/\/secure.gravatar.com\/avatar\/82aafea7d8127119dd649515f56e2117?s=96&d=mm&r=g\",\"caption\":\"rtnews\"},\"url\":\"https:\/\/now-news.de\/de\/author\/rnews\/\"}]}<\/script>\n<!-- \/ Yoast SEO Premium plugin. -->","yoast_head_json":{"title":"Europa steht davor, auf den Boden der Tatsachen zur\u00fcckgeholt zu werden - just-now.NEWS Deutschland","robots":{"index":"index","follow":"follow","max-snippet":"max-snippet:-1","max-image-preview":"max-image-preview:large","max-video-preview":"max-video-preview:-1"},"canonical":"https:\/\/now-news.de\/de\/deutschland\/europa-steht-davor-auf-den-boden-der-tatsachen-zurueckgeholt-zu-werden\/","og_locale":"de_DE","og_type":"article","og_title":"Europa steht davor, auf den Boden der Tatsachen zur\u00fcckgeholt zu werden","og_description":"Antirussische Sanktionen, Milliarden f\u00fcr die Ukraine, Waffenlieferungen ohne Ende \u2013 jetzt auch an Israel: Der Kriegskurs ruiniert die EU-L\u00e4nder. Deindustrialisierung und Armut nehmen zu. Politik- und Wirtschaftseliten handeln gegen die Interessen der Mehrheit. Diese Einsicht d\u00fcrfte durch den Winter bef\u00f6rdert werden. Von Wiktorija Nikiforowa Der Winter hat sich unbemerkt herangeschlichen \u2013 und in der Europ\u00e4ischen [&hellip;]","og_url":"https:\/\/now-news.de\/de\/deutschland\/europa-steht-davor-auf-den-boden-der-tatsachen-zurueckgeholt-zu-werden\/","og_site_name":"just-now.NEWS Deutschland","article_publisher":"https:\/\/www.facebook.com\/wirmachenauf","article_published_time":"2023-11-18T19:57:09+00:00","og_image":[{"width":460,"height":259,"url":"https:\/\/now-news.de\/de\/wp-content\/uploads\/sites\/3\/2023\/11\/Europa-steht-davor-auf-den-Boden-der-Tatsachen-zurueckgeholt-zu.jpg","type":"image\/jpeg"}],"author":"rtnews","twitter_card":"summary_large_image","twitter_creator":"@WirMachenAuf_de","twitter_site":"@WirMachenAuf_de","twitter_misc":{"Verfasst von":"rtnews","Gesch\u00e4tzte Lesezeit":"6\u00a0Minuten"},"schema":{"@context":"https:\/\/schema.org","@graph":[{"@type":"Article","@id":"https:\/\/now-news.de\/de\/deutschland\/europa-steht-davor-auf-den-boden-der-tatsachen-zurueckgeholt-zu-werden\/#article","isPartOf":{"@id":"https:\/\/now-news.de\/de\/deutschland\/europa-steht-davor-auf-den-boden-der-tatsachen-zurueckgeholt-zu-werden\/"},"author":{"name":"rtnews","@id":"https:\/\/now-news.de\/de\/#\/schema\/person\/fb534a4e865501d8b3285208df34a9b5"},"headline":"Europa steht davor, auf den Boden der Tatsachen zur\u00fcckgeholt zu werden","datePublished":"2023-11-18T19:57:09+00:00","dateModified":"2023-11-18T19:57:09+00:00","mainEntityOfPage":{"@id":"https:\/\/now-news.de\/de\/deutschland\/europa-steht-davor-auf-den-boden-der-tatsachen-zurueckgeholt-zu-werden\/"},"wordCount":1210,"commentCount":0,"publisher":{"@id":"https:\/\/now-news.de\/de\/#organization"},"image":{"@id":"https:\/\/now-news.de\/de\/deutschland\/europa-steht-davor-auf-den-boden-der-tatsachen-zurueckgeholt-zu-werden\/#primaryimage"},"thumbnailUrl":"https:\/\/now-news.de\/de\/wp-content\/uploads\/sites\/3\/2023\/11\/Europa-steht-davor-auf-den-Boden-der-Tatsachen-zurueckgeholt-zu.jpg","keywords":["AUF","Boden","davor","den","der","Europa","steht","Tatsachen","Werden","zur\u00fcckgeholt"],"articleSection":["Deutschland","Russland"],"inLanguage":"de","potentialAction":[{"@type":"CommentAction","name":"Comment","target":["https:\/\/now-news.de\/de\/deutschland\/europa-steht-davor-auf-den-boden-der-tatsachen-zurueckgeholt-zu-werden\/#respond"]}]},{"@type":"WebPage","@id":"https:\/\/now-news.de\/de\/deutschland\/europa-steht-davor-auf-den-boden-der-tatsachen-zurueckgeholt-zu-werden\/","url":"https:\/\/now-news.de\/de\/deutschland\/europa-steht-davor-auf-den-boden-der-tatsachen-zurueckgeholt-zu-werden\/","name":"Europa steht davor, auf den Boden der Tatsachen zur\u00fcckgeholt zu werden - just-now.NEWS Deutschland","isPartOf":{"@id":"https:\/\/now-news.de\/de\/#website"},"primaryImageOfPage":{"@id":"https:\/\/now-news.de\/de\/deutschland\/europa-steht-davor-auf-den-boden-der-tatsachen-zurueckgeholt-zu-werden\/#primaryimage"},"image":{"@id":"https:\/\/now-news.de\/de\/deutschland\/europa-steht-davor-auf-den-boden-der-tatsachen-zurueckgeholt-zu-werden\/#primaryimage"},"thumbnailUrl":"https:\/\/now-news.de\/de\/wp-content\/uploads\/sites\/3\/2023\/11\/Europa-steht-davor-auf-den-Boden-der-Tatsachen-zurueckgeholt-zu.jpg","datePublished":"2023-11-18T19:57:09+00:00","dateModified":"2023-11-18T19:57:09+00:00","breadcrumb":{"@id":"https:\/\/now-news.de\/de\/deutschland\/europa-steht-davor-auf-den-boden-der-tatsachen-zurueckgeholt-zu-werden\/#breadcrumb"},"inLanguage":"de","potentialAction":[{"@type":"ReadAction","target":["https:\/\/now-news.de\/de\/deutschland\/europa-steht-davor-auf-den-boden-der-tatsachen-zurueckgeholt-zu-werden\/"]}]},{"@type":"ImageObject","inLanguage":"de","@id":"https:\/\/now-news.de\/de\/deutschland\/europa-steht-davor-auf-den-boden-der-tatsachen-zurueckgeholt-zu-werden\/#primaryimage","url":"https:\/\/now-news.de\/de\/wp-content\/uploads\/sites\/3\/2023\/11\/Europa-steht-davor-auf-den-Boden-der-Tatsachen-zurueckgeholt-zu.jpg","contentUrl":"https:\/\/now-news.de\/de\/wp-content\/uploads\/sites\/3\/2023\/11\/Europa-steht-davor-auf-den-Boden-der-Tatsachen-zurueckgeholt-zu.jpg","width":460,"height":259,"caption":"Europa steht davor, auf den Boden der Tatsachen zur\u00fcckgeholt zu werden"},{"@type":"BreadcrumbList","@id":"https:\/\/now-news.de\/de\/deutschland\/europa-steht-davor-auf-den-boden-der-tatsachen-zurueckgeholt-zu-werden\/#breadcrumb","itemListElement":[{"@type":"ListItem","position":1,"name":"Home","item":"https:\/\/now-news.de\/de\/"},{"@type":"ListItem","position":2,"name":"Europa steht davor, auf den Boden der Tatsachen zur\u00fcckgeholt zu werden"}]},{"@type":"WebSite","@id":"https:\/\/now-news.de\/de\/#website","url":"https:\/\/now-news.de\/de\/","name":"just-now.NEWS Deutschland","description":"Das Portal f\u00fcr unzensierte Nachrichten aus der Welt","publisher":{"@id":"https:\/\/now-news.de\/de\/#organization"},"potentialAction":[{"@type":"SearchAction","target":{"@type":"EntryPoint","urlTemplate":"https:\/\/now-news.de\/de\/?s={search_term_string}"},"query-input":"required name=search_term_string"}],"inLanguage":"de"},{"@type":"Organization","@id":"https:\/\/now-news.de\/de\/#organization","name":"Just Now News","url":"https:\/\/now-news.de\/de\/","logo":{"@type":"ImageObject","inLanguage":"de","@id":"https:\/\/now-news.de\/de\/#\/schema\/logo\/image\/","url":"http:\/\/just-now.news\/de\/wp-content\/uploads\/sites\/3\/2022\/04\/logo500x500.jpg","contentUrl":"http:\/\/just-now.news\/de\/wp-content\/uploads\/sites\/3\/2022\/04\/logo500x500.jpg","width":500,"height":500,"caption":"Just Now News"},"image":{"@id":"https:\/\/now-news.de\/de\/#\/schema\/logo\/image\/"},"sameAs":["https:\/\/www.facebook.com\/wirmachenauf","https:\/\/x.com\/WirMachenAuf_de"]},{"@type":"Person","@id":"https:\/\/now-news.de\/de\/#\/schema\/person\/fb534a4e865501d8b3285208df34a9b5","name":"rtnews","image":{"@type":"ImageObject","inLanguage":"de","@id":"https:\/\/now-news.de\/de\/#\/schema\/person\/image\/","url":"https:\/\/secure.gravatar.com\/avatar\/82aafea7d8127119dd649515f56e2117?s=96&d=mm&r=g","contentUrl":"https:\/\/secure.gravatar.com\/avatar\/82aafea7d8127119dd649515f56e2117?s=96&d=mm&r=g","caption":"rtnews"},"url":"https:\/\/now-news.de\/de\/author\/rnews\/"}]}},"_links":{"self":[{"href":"https:\/\/now-news.de\/de\/wp-json\/wp\/v2\/posts\/49992"}],"collection":[{"href":"https:\/\/now-news.de\/de\/wp-json\/wp\/v2\/posts"}],"about":[{"href":"https:\/\/now-news.de\/de\/wp-json\/wp\/v2\/types\/post"}],"author":[{"embeddable":true,"href":"https:\/\/now-news.de\/de\/wp-json\/wp\/v2\/users\/3"}],"replies":[{"embeddable":true,"href":"https:\/\/now-news.de\/de\/wp-json\/wp\/v2\/comments?post=49992"}],"version-history":[{"count":0,"href":"https:\/\/now-news.de\/de\/wp-json\/wp\/v2\/posts\/49992\/revisions"}],"wp:featuredmedia":[{"embeddable":true,"href":"https:\/\/now-news.de\/de\/wp-json\/wp\/v2\/media\/49993"}],"wp:attachment":[{"href":"https:\/\/now-news.de\/de\/wp-json\/wp\/v2\/media?parent=49992"}],"wp:term":[{"taxonomy":"category","embeddable":true,"href":"https:\/\/now-news.de\/de\/wp-json\/wp\/v2\/categories?post=49992"},{"taxonomy":"post_tag","embeddable":true,"href":"https:\/\/now-news.de\/de\/wp-json\/wp\/v2\/tags?post=49992"}],"curies":[{"name":"wp","href":"https:\/\/api.w.org\/{rel}","templated":true}]}}