{"id":49980,"date":"2023-11-18T18:16:21","date_gmt":"2023-11-18T16:16:21","guid":{"rendered":"https:\/\/just-now.news\/de\/deutschland\/zunehmende-verfolgung-von-meinungsdelikten-man-weiss-nicht-mehr-was-man-sagen-darf\/"},"modified":"2023-11-18T18:16:21","modified_gmt":"2023-11-18T16:16:21","slug":"zunehmende-verfolgung-von-meinungsdelikten-man-weiss-nicht-mehr-was-man-sagen-darf","status":"publish","type":"post","link":"https:\/\/now-news.de\/de\/deutschland\/zunehmende-verfolgung-von-meinungsdelikten-man-weiss-nicht-mehr-was-man-sagen-darf\/","title":{"rendered":"Zunehmende Verfolgung von Meinungsdelikten \u2013 Man wei\u00df nicht mehr, was man sagen darf"},"content":{"rendered":"<p><img decoding=\"async\" src=\"http:\/\/just-now.news\/de\/wp-content\/uploads\/sites\/3\/2023\/11\/6558dd3048fbef3c1355f8c1.jpg\" \/><\/p>\n<div class=\"Text-root Text-type_1 \">\n                Im Interview warnt der K\u00f6lner Strafverteidiger Dirk Sattelmaier vor der zunehmenden Verfolgung von angeblichen Meinungsdelikten. Die B\u00fcrger w\u00fcrden zunehmend eingesch\u00fcchtert, ihre Meinung zu \u00e4u\u00dfern. Juristische Laien k\u00f6nnten nicht mehr verstehen, was verboten und was erlaubt sei.\n            <\/div>\n<p><\/p>\n<div class=\"Text-root Text-type_5 ArticleView-text ViewText-root \">\n<p><em>Von Felicitas Rabe <br \/><\/em><\/p>\n<p>K\u00fcrzlich <a rel=\"nofollow noopener\" target=\"_blank\" href=\"https:\/\/www.n-tv.de\/politik\/From-the-river-to-the-sea-ist-in-Bayern-wie-das-Hakenkreuz-article24524110.html\">k\u00fcndigte<\/a> die bayrische Generalstaatsanwaltschaft an, Nutzer des Slogans &#8220;From the River to the Sea, Palestine will be free!&#8221; (Vom Fluss bis zum Meer \u2013 Pal\u00e4stina wird frei sein!) ab sofort strafrechtlich zu verfolgen. Nach Ansicht der Generalstaatsanwaltschaft sei die &#8220;kontextlose Verwendung&#8221; des Slogans strafbar, da es sich hierbei um das Kennzeichen einer terroristischen Vereinigung handele.<\/p>\n<p>Wie die Autorin auf einer propal\u00e4stinensischen Gro\u00dfdemonstration am 28. Oktober in Rom selbst <a rel=\"nofollow noopener\" target=\"_blank\" href=\"https:\/\/freedert.online\/europa\/185317-grossdemonstration-in-rom-fuer-anti\/\">erleben<\/a> konnte, schert sich die Obrigkeit in Italien zum Beispiel \u00fcberhaupt nicht um diesen Slogan. Die Polizei stand in gr\u00f6\u00dferen Gruppen am Rande des Protestmarsches und hat bei den un\u00fcberh\u00f6rbaren Ausrufen dieses Slogans gar nichts unternommen.<\/p>\n<p>Nach Auffassung des K\u00f6lner Rechtsanwalts Dirk Sattelmaier geht es bei der Ank\u00fcndigung der bayrischen Staatsanwaltschaft aber um mehr als nur um die Unterdr\u00fcckung dieses Slogans. Er sieht ganz grunds\u00e4tzlich Anzeichen f\u00fcr eine weitere Einsch\u00fcchterung und Verunsicherung der Menschen hierzulande. Denn f\u00fcr juristische Laien w\u00fcrde immer unklarer, was man sagen d\u00fcrfe und was nicht.<\/p>\n<p><strong>Was bedeutet die Verwendung verfassungswidriger Kennzeichen nach dem deutschen Strafrecht?<\/strong><\/p>\n<p>Im Interview erkl\u00e4rte der Strafverteidiger am Mittwoch zun\u00e4chst die Bedeutung des \u00a7 86a StGB &#8220;Verwenden von Kennzeichen verfassungswidriger und terroristischer Organisationen&#8221;. Im <a rel=\"nofollow noopener\" target=\"_blank\" href=\"https:\/\/www.gesetze-im-internet.de\/stgb\/__86a.html\">Gesetzestext<\/a> des \u00a7 86a StGB hei\u00dft es im Absatz 1, Satz 1:<\/p>\n<p><em>&#8220;Mit Freiheitsstrafe bis zu drei Jahren oder mit Geldstrafe wird bestraft, wer im Inland Kennzeichen einer der in \u00a7 86 Abs. 1 Nr. 1, 2 und 4 oder Absatz 2 bezeichneten Parteien oder Vereinigungen verbreitet oder \u00f6ffentlich, in einer Versammlung oder in einem von ihm verbreiteten Inhalt (\u00a7 11 Absatz 3) verwendet.&#8221; Zu den Kennzeichen geh\u00f6ren laut Absatz 2 des Gesetzes &#8220;Fahnen, Abzeichen, Uniformst\u00fccke, Parolen und Gru\u00dfformen&#8221;.<\/em><\/p>\n<p>Gesetzestexte seien grunds\u00e4tzlich allgemein gehalten, erl\u00e4uterte Sattelmaier. Da stehe eben nicht drin, &#8220;Hakenkreuze&#8221; seien verboten oder, wie im aktuellen Fall, der Slogan &#8220;From the river to the sea \u2026&#8221; sei verboten. Die Gerichte m\u00fcssten also jeweils pr\u00fcfen, ob es sich um ein Kennzeichen einer verfassungswidrigen und terroristischen Organisation im Sinne des abstrakt gehaltenen Tatbestandes des \u00a7 86a Abs. StGB \u2013 wie zum Beispiel im Falle dieser Parole \u2013 handele.<\/p>\n<p>Was eine terroristische Organisation ist, m\u00fcsse in Deutschland zuvor festgelegt werden. Die Hamas wurde nach einigem Hin und Her am 23. November 2021 von der EU in die Liste terroristischer Organisationen aufgenommen. Infolgedessen gelte sie auch in Deutschland als Terrororganisation \u2013 in der Schweiz, wo derzeit eine Diskussion \u00fcber ihre Einstufung gef\u00fchrt wird, gelte die Hamas aktuell nicht als Terrororganisation.<\/p>\n<p><strong>Deutsches<\/strong>\u00a0<strong>Gerichtsurteil: &#8220;From the River to the Sea \u2026&#8221; ist kein Aufruf zu Gewalt und Zerst\u00f6rung<\/strong>\u00a0<\/p>\n<p>Die rechtliche Einordnung des genannten propal\u00e4stinensischen Slogans als Kennzeichen einer terroristischen Organisation habe zun\u00e4chst einmal lediglich die bayrische Generalstaatsanwaltschaft getroffen. Grunds\u00e4tzlich k\u00f6nne man nach dem \u00a7 86a Absatz 2 StGB auch Parolen als Kennzeichen einer terroristischen Organisation identifizieren, erl\u00e4uterte Sattelmaier. Eine solche Parole m\u00fcsse aber eindeutig einer bestimmten Organisation zuzuordnen sein. Das sei im Falle des Spruchs &#8220;From the River to the Sea&#8221; nicht ganz so eindeutig. Schlie\u00dflich sei dieser Slogan schon vor der Gr\u00fcndung der Hamas genutzt worden. Gepr\u00e4gt worden sei er in den 1960er-Jahren von der Pal\u00e4stinensischen Befreiungsorganisation (PLO). Die PLO stehe aber nicht auf der Terrorliste der EU.<\/p>\n<p>Auch ein deutsches Gericht habe sich erst k\u00fcrzlich zu dem Slogan ge\u00e4u\u00dfert. In seiner <a rel=\"nofollow noopener\" target=\"_blank\" href=\"https:\/\/gesetze.berlin.de\/bsbe\/document\/JURE230056038\">Entscheidung<\/a> vom 23. August dieses Jahres habe das Verwaltungsgericht Berlin zur Parole &#8220;From the River to the Sea \u2026&#8221; festgestellt:<\/p>\n<blockquote>\n<p><em>&#8220;Der Slogan m\u00fcsse in erster Linie als Ruf nach Freiheit und Gleichberechtigung verstanden werden und nicht als Ausruf zu Gewalt und Zerst\u00f6rung, sofern nicht zwingende zus\u00e4tzliche Anhaltspunkte das Gegenteil nahe legen w\u00fcrden.&#8221;<\/em><\/p>\n<\/blockquote>\n<p>Die Schlagzeilen vieler Leitmedien vermittelten den Eindruck, so der Jurist im Interview, das Rufen dieses Slogans w\u00e4re nach der Ank\u00fcndigung der Staatsanwaltschaft aus Bayern automatisch strafbar. Dem sei mitnichten so. In Deutschland entschieden &#8220;gottlob&#8221; immer noch die Strafgerichte, ob die &#8220;kontextlose Verwendung&#8221; des Slogans nach \u00a7 86a StGB strafbar ist, und nicht die Staatsanwaltschaften. Sattelmaier wundere sich, dass diese Parole jetzt auf einmal als strafbar angesehen werde: &#8220;Vor dem 7. Oktober gab es diesen Slogan auch schon \u2013 diesbez\u00fcglich ist mir kein einziger Fall einer Verurteilung bekannt.&#8221;<\/p>\n<p><strong>Sattelmaier: Es geht darum, die Menschen einzusch\u00fcchtern \u2013 Juristische Laien wissen nicht mehr, was sie sagen d\u00fcrfen<\/strong><\/p>\n<p>Auf seinem <a rel=\"nofollow noopener\" target=\"_blank\" href=\"https:\/\/t.me\/RASattelmaier\/2811\">Telegram-Kanal<\/a> hatte der K\u00f6lner Strafverteidiger deutlich gemacht, dass es bei dem angedrohten Verbot des propal\u00e4stinensischen Slogans um etwas Grunds\u00e4tzliches gehe: n\u00e4mlich um die Gefahr einer weiteren Einschr\u00e4nkung der Meinungsfreiheit insgesamt. In den letzten dreieinhalb Jahren seien zunehmend unliebsame Meinungs\u00e4u\u00dferungen strafrechtlich verfolgt worden. Das sei das eigentlich Bedenkliche bei der Ank\u00fcndigung der bayrischen Staatsanwaltschaft: Die Menschen w\u00fcrden beim Rufen dieses mutma\u00dflich verbotenen Slogans nun auch hier damit rechnen m\u00fcssen, strafrechtlich verfolgt zu werden und ein Gerichtsverfahren &#8220;an der Backe&#8221; zu haben.\u00a0<\/p>\n<p>Man k\u00f6nne das mit dem Anstieg von Gerichtsverfahren im Bereich von Volksverhetzungsdelikten in den letzten dreieinhalb Jahren vergleichen. Der Tatbestand der Volksverhetzung werde inzwischen viel weiter ausgelegt, stellte der Strafverteidiger fest:<\/p>\n<blockquote>\n<p><em>&#8220;Scheinbar jegliche Bezugnahme auf die NS-Zeit birgt schon die Gefahr einer strafrechtlichen Verfolgung <a rel=\"nofollow noopener\" target=\"_blank\" href=\"https:\/\/gesetze.berlin.de\/bsbe\/document\/JURE230056038\">nach \u00a7 130 StGB<\/a> \u2013 hier vor allem in der Variante des Verharmlosens im Absatz 3.&#8221;<\/em><\/p>\n<\/blockquote>\n<p>Angesichts dieser Entwicklung w\u00fcrden die Meinungs\u00e4u\u00dferungsdelikte f\u00fcr den Normalb\u00fcrger immer komplizierter und un\u00fcbersichtlicher. Dabei sei die Meinungsfreiheit nach Artikel 5 des Grundgesetzes ein &#8220;extrem hohes Rechtsgut&#8221;.<\/p>\n<blockquote>\n<p><em>&#8220;Wenn aber der B\u00fcrger eine Strafverfolgung bef\u00fcrchten muss, f\u00fchrt das zur Verunsicherung und damit auch zu einer Einschr\u00e4nkung der Meinungsfreiheit. Diese wird dann h\u00e4ufig nur noch in inhaltsleeren &#8216;Sonntagsreden&#8217; als &#8216;hohes Gut&#8217; bezeichnet.&#8221;<\/em>\u00a0<\/p>\n<\/blockquote>\n<p>Als Jurist sei ihm die inhaltliche Qualit\u00e4t der Meinung \u2013 ob sie also richtig oder falsch ist oder ob sie gut oder verwerflich ist \u2013 herzlich egal. Er habe auch Mandanten, deren Meinung er nicht teile, erkl\u00e4rte Sattelmaier. F\u00fcr ihn als Jurist z\u00e4hle einzig und allein, ob die Meinungs\u00e4u\u00dferung strafbar sei. &#8220;Ich kann mich des Eindrucks nicht erwehren, dass die Meinungs\u00e4u\u00dferungsdelikte von der Justiz \u2013 hier vor allem von den Strafverfolgungsbeh\u00f6rden \u2013 stark \u00fcberdehnt werden.&#8221; Das f\u00fchre f\u00fcr ihn zu der Frage nach einem politischen Motiv:<\/p>\n<blockquote>\n<p><em>&#8220;Hier kann und sollte sich jeder die Frage stellen, ob politisch unliebsame Ansichten unterdr\u00fcckt werden sollen.&#8221;<\/em><\/p>\n<\/blockquote>\n<p>An dieser Stelle r\u00e4umte der Rechtsanwalt jedoch ein, dass er das nicht belegen k\u00f6nne. Die Entwicklung der letzten dreieinhalb Jahre zeige aber, dass sich offenbar niemand seiner aktuellen Meinung &#8220;sicher&#8221; f\u00fchlen k\u00f6nne. Wer gestern noch \u00fcber Verbote von Demonstrationen gegen die Coronama\u00dfnahmen &#8220;gejubelt&#8221; habe, k\u00f6nne heute schon wegen seiner Meinung zum Konflikt im Nahen Osten oder zur Ukraine strafrechtlich verfolgt werden, wenn diese von der Staatsraison abweiche. Die Justiz als Korrektiv m\u00fcsse aufpassen, sich nicht politisch instrumentalisieren zu lassen.\u00a0 \u00a0<\/p>\n<p>Vor dieser Entwicklung habe Sattelmaier stets gewarnt. Deshalb habe er auch versucht, derartige Angriffe auf die Meinungsfreiheit juristisch abzuwehren \u2013 unabh\u00e4ngig von der Qualit\u00e4t der Meinung.<\/p>\n<p><em>Der K\u00f6lner Rechtsanwalt <strong>Dirk Sattelmaier<\/strong> berichtet auf seinem <a rel=\"nofollow noopener\" target=\"_blank\" href=\"https:\/\/t.me\/RASattelmaier\">Telegram-Kanal<\/a> und auf <a rel=\"nofollow noopener\" target=\"_blank\" href=\"https:\/\/www.youtube.com\/@RechtsanwaltDirkSattelmaier\">Youtube<\/a> in der Videoreihe &#8220;Neues aus dem Gerichtssaal&#8221; regelm\u00e4\u00dfig von besonderen Gerichtsverfahren und von F\u00e4llen, die er als Strafverteidiger vertritt.<\/em><\/p>\n<p><strong>Mehr zum Thema<\/strong> &#8211; <a rel=\"nofollow noopener\" target=\"_blank\" href=\"https:\/\/freedert.online\/inland\/173838-strafverteidiger-dirk-sattelmaier-zum-vermeintlichen\/\">Strafverteidiger Dirk Sattelmaier zum vermeintlichen Holocaustverharmloser mit j\u00fcdischem Glauben<\/a><\/p>\n<\/p>\n<\/div>\n<p><br \/>\n<br \/><a href=\"https:\/\/de.rt.com\/inland\/187400-zunehmende-verfolgung-von-meinungsdelikten-man\/\">Source link <\/a><\/p>\n","protected":false},"excerpt":{"rendered":"<p>Im Interview warnt der K\u00f6lner Strafverteidiger Dirk Sattelmaier vor der zunehmenden Verfolgung von angeblichen Meinungsdelikten. Die B\u00fcrger w\u00fcrden zunehmend eingesch\u00fcchtert, ihre Meinung zu \u00e4u\u00dfern. Juristische Laien k\u00f6nnten nicht mehr verstehen, was verboten und was erlaubt sei. Von Felicitas Rabe K\u00fcrzlich k\u00fcndigte die bayrische Generalstaatsanwaltschaft an, Nutzer des Slogans &#8220;From the River to the Sea, Palestine [&hellip;]<\/p>\n","protected":false},"author":3,"featured_media":49981,"comment_status":"open","ping_status":"open","sticky":false,"template":"","format":"standard","meta":{"_yoast_indexnow_last_ping":["1700324609"],"wp_automatic_camp":["217"],"b49d2bf73293a800a8d3b89231560af9":["Zunehmende Verfolgung von Meinungsdelikten \u2013 Man wei\u00df nicht mehr, was man sagen darf"],"original_link":["https:\/\/de.rt.com\/inland\/187400-zunehmende-verfolgung-von-meinungsdelikten-man\/"],"_thumbnail_id":["49981"],"jnews_social_counter_last_update":["1777473283"],"_wptgpro_p2tg_sent2tg":["a:1:{i:23737;s:19:\"2023-11-18 18:25:19\";}"]},"categories":[19,23],"tags":[5310,3676,2063,50761,800,3278,22482,50,20543,24957],"yoast_head":"<!-- This site is optimized with the Yoast SEO Premium plugin v22.7 (Yoast SEO v22.7) - https:\/\/yoast.com\/wordpress\/plugins\/seo\/ -->\n<title>Zunehmende Verfolgung von Meinungsdelikten \u2013 Man wei\u00df nicht mehr, was man sagen darf - just-now.NEWS Deutschland<\/title>\n<meta name=\"robots\" content=\"index, follow, max-snippet:-1, max-image-preview:large, max-video-preview:-1\" \/>\n<link rel=\"canonical\" href=\"https:\/\/now-news.de\/de\/deutschland\/zunehmende-verfolgung-von-meinungsdelikten-man-weiss-nicht-mehr-was-man-sagen-darf\/\" \/>\n<meta property=\"og:locale\" content=\"de_DE\" \/>\n<meta property=\"og:type\" content=\"article\" \/>\n<meta property=\"og:title\" content=\"Zunehmende Verfolgung von Meinungsdelikten \u2013 Man wei\u00df nicht mehr, was man sagen darf\" \/>\n<meta property=\"og:description\" content=\"Im Interview warnt der K\u00f6lner Strafverteidiger Dirk Sattelmaier vor der zunehmenden Verfolgung von angeblichen Meinungsdelikten. Die B\u00fcrger w\u00fcrden zunehmend eingesch\u00fcchtert, ihre Meinung zu \u00e4u\u00dfern. Juristische Laien k\u00f6nnten nicht mehr verstehen, was verboten und was erlaubt sei. Von Felicitas Rabe K\u00fcrzlich k\u00fcndigte die bayrische Generalstaatsanwaltschaft an, Nutzer des Slogans &#8220;From the River to the Sea, Palestine [&hellip;]\" \/>\n<meta property=\"og:url\" content=\"https:\/\/now-news.de\/de\/deutschland\/zunehmende-verfolgung-von-meinungsdelikten-man-weiss-nicht-mehr-was-man-sagen-darf\/\" \/>\n<meta property=\"og:site_name\" content=\"just-now.NEWS Deutschland\" \/>\n<meta property=\"article:publisher\" content=\"https:\/\/www.facebook.com\/wirmachenauf\" \/>\n<meta property=\"article:published_time\" content=\"2023-11-18T16:16:21+00:00\" \/>\n<meta property=\"og:image\" content=\"https:\/\/now-news.de\/de\/wp-content\/uploads\/sites\/3\/2023\/11\/Zunehmende-Verfolgung-von-Meinungsdelikten-\u2013-Man-weiss-nicht-mehr-was.jpg\" \/>\n\t<meta property=\"og:image:width\" content=\"460\" \/>\n\t<meta property=\"og:image:height\" content=\"259\" \/>\n\t<meta property=\"og:image:type\" content=\"image\/jpeg\" \/>\n<meta name=\"author\" content=\"rtnews\" \/>\n<meta name=\"twitter:card\" content=\"summary_large_image\" \/>\n<meta name=\"twitter:creator\" content=\"@WirMachenAuf_de\" \/>\n<meta name=\"twitter:site\" content=\"@WirMachenAuf_de\" \/>\n<meta name=\"twitter:label1\" content=\"Verfasst von\" \/>\n\t<meta name=\"twitter:data1\" content=\"rtnews\" \/>\n\t<meta name=\"twitter:label2\" content=\"Gesch\u00e4tzte Lesezeit\" \/>\n\t<meta name=\"twitter:data2\" content=\"6\u00a0Minuten\" \/>\n<script type=\"application\/ld+json\" class=\"yoast-schema-graph\">{\"@context\":\"https:\/\/schema.org\",\"@graph\":[{\"@type\":\"Article\",\"@id\":\"https:\/\/now-news.de\/de\/deutschland\/zunehmende-verfolgung-von-meinungsdelikten-man-weiss-nicht-mehr-was-man-sagen-darf\/#article\",\"isPartOf\":{\"@id\":\"https:\/\/now-news.de\/de\/deutschland\/zunehmende-verfolgung-von-meinungsdelikten-man-weiss-nicht-mehr-was-man-sagen-darf\/\"},\"author\":{\"name\":\"rtnews\",\"@id\":\"https:\/\/now-news.de\/de\/#\/schema\/person\/fb534a4e865501d8b3285208df34a9b5\"},\"headline\":\"Zunehmende Verfolgung von Meinungsdelikten \u2013 Man wei\u00df nicht mehr, was man sagen darf\",\"datePublished\":\"2023-11-18T16:16:21+00:00\",\"dateModified\":\"2023-11-18T16:16:21+00:00\",\"mainEntityOfPage\":{\"@id\":\"https:\/\/now-news.de\/de\/deutschland\/zunehmende-verfolgung-von-meinungsdelikten-man-weiss-nicht-mehr-was-man-sagen-darf\/\"},\"wordCount\":1254,\"commentCount\":0,\"publisher\":{\"@id\":\"https:\/\/now-news.de\/de\/#organization\"},\"image\":{\"@id\":\"https:\/\/now-news.de\/de\/deutschland\/zunehmende-verfolgung-von-meinungsdelikten-man-weiss-nicht-mehr-was-man-sagen-darf\/#primaryimage\"},\"thumbnailUrl\":\"https:\/\/now-news.de\/de\/wp-content\/uploads\/sites\/3\/2023\/11\/Zunehmende-Verfolgung-von-Meinungsdelikten-\u2013-Man-weiss-nicht-mehr-was.jpg\",\"keywords\":[\"darf\",\"Man\",\"mehr\",\"Meinungsdelikten\",\"nicht\",\"sagen\",\"Verfolgung\",\"von\",\"wei\u00df\",\"zunehmende\"],\"articleSection\":[\"Deutschland\",\"Russland\"],\"inLanguage\":\"de\",\"potentialAction\":[{\"@type\":\"CommentAction\",\"name\":\"Comment\",\"target\":[\"https:\/\/now-news.de\/de\/deutschland\/zunehmende-verfolgung-von-meinungsdelikten-man-weiss-nicht-mehr-was-man-sagen-darf\/#respond\"]}]},{\"@type\":\"WebPage\",\"@id\":\"https:\/\/now-news.de\/de\/deutschland\/zunehmende-verfolgung-von-meinungsdelikten-man-weiss-nicht-mehr-was-man-sagen-darf\/\",\"url\":\"https:\/\/now-news.de\/de\/deutschland\/zunehmende-verfolgung-von-meinungsdelikten-man-weiss-nicht-mehr-was-man-sagen-darf\/\",\"name\":\"Zunehmende Verfolgung von Meinungsdelikten \u2013 Man wei\u00df nicht mehr, was man sagen darf - just-now.NEWS Deutschland\",\"isPartOf\":{\"@id\":\"https:\/\/now-news.de\/de\/#website\"},\"primaryImageOfPage\":{\"@id\":\"https:\/\/now-news.de\/de\/deutschland\/zunehmende-verfolgung-von-meinungsdelikten-man-weiss-nicht-mehr-was-man-sagen-darf\/#primaryimage\"},\"image\":{\"@id\":\"https:\/\/now-news.de\/de\/deutschland\/zunehmende-verfolgung-von-meinungsdelikten-man-weiss-nicht-mehr-was-man-sagen-darf\/#primaryimage\"},\"thumbnailUrl\":\"https:\/\/now-news.de\/de\/wp-content\/uploads\/sites\/3\/2023\/11\/Zunehmende-Verfolgung-von-Meinungsdelikten-\u2013-Man-weiss-nicht-mehr-was.jpg\",\"datePublished\":\"2023-11-18T16:16:21+00:00\",\"dateModified\":\"2023-11-18T16:16:21+00:00\",\"breadcrumb\":{\"@id\":\"https:\/\/now-news.de\/de\/deutschland\/zunehmende-verfolgung-von-meinungsdelikten-man-weiss-nicht-mehr-was-man-sagen-darf\/#breadcrumb\"},\"inLanguage\":\"de\",\"potentialAction\":[{\"@type\":\"ReadAction\",\"target\":[\"https:\/\/now-news.de\/de\/deutschland\/zunehmende-verfolgung-von-meinungsdelikten-man-weiss-nicht-mehr-was-man-sagen-darf\/\"]}]},{\"@type\":\"ImageObject\",\"inLanguage\":\"de\",\"@id\":\"https:\/\/now-news.de\/de\/deutschland\/zunehmende-verfolgung-von-meinungsdelikten-man-weiss-nicht-mehr-was-man-sagen-darf\/#primaryimage\",\"url\":\"https:\/\/now-news.de\/de\/wp-content\/uploads\/sites\/3\/2023\/11\/Zunehmende-Verfolgung-von-Meinungsdelikten-\u2013-Man-weiss-nicht-mehr-was.jpg\",\"contentUrl\":\"https:\/\/now-news.de\/de\/wp-content\/uploads\/sites\/3\/2023\/11\/Zunehmende-Verfolgung-von-Meinungsdelikten-\u2013-Man-weiss-nicht-mehr-was.jpg\",\"width\":460,\"height\":259,\"caption\":\"Zunehmende Verfolgung von Meinungsdelikten \u2013 Man wei\u00df nicht mehr, was man sagen darf\"},{\"@type\":\"BreadcrumbList\",\"@id\":\"https:\/\/now-news.de\/de\/deutschland\/zunehmende-verfolgung-von-meinungsdelikten-man-weiss-nicht-mehr-was-man-sagen-darf\/#breadcrumb\",\"itemListElement\":[{\"@type\":\"ListItem\",\"position\":1,\"name\":\"Home\",\"item\":\"https:\/\/now-news.de\/de\/\"},{\"@type\":\"ListItem\",\"position\":2,\"name\":\"Zunehmende Verfolgung von Meinungsdelikten \u2013 Man wei\u00df nicht mehr, was man sagen darf\"}]},{\"@type\":\"WebSite\",\"@id\":\"https:\/\/now-news.de\/de\/#website\",\"url\":\"https:\/\/now-news.de\/de\/\",\"name\":\"just-now.NEWS Deutschland\",\"description\":\"Das Portal f\u00fcr unzensierte Nachrichten aus der Welt\",\"publisher\":{\"@id\":\"https:\/\/now-news.de\/de\/#organization\"},\"potentialAction\":[{\"@type\":\"SearchAction\",\"target\":{\"@type\":\"EntryPoint\",\"urlTemplate\":\"https:\/\/now-news.de\/de\/?s={search_term_string}\"},\"query-input\":\"required name=search_term_string\"}],\"inLanguage\":\"de\"},{\"@type\":\"Organization\",\"@id\":\"https:\/\/now-news.de\/de\/#organization\",\"name\":\"Just Now News\",\"url\":\"https:\/\/now-news.de\/de\/\",\"logo\":{\"@type\":\"ImageObject\",\"inLanguage\":\"de\",\"@id\":\"https:\/\/now-news.de\/de\/#\/schema\/logo\/image\/\",\"url\":\"http:\/\/just-now.news\/de\/wp-content\/uploads\/sites\/3\/2022\/04\/logo500x500.jpg\",\"contentUrl\":\"http:\/\/just-now.news\/de\/wp-content\/uploads\/sites\/3\/2022\/04\/logo500x500.jpg\",\"width\":500,\"height\":500,\"caption\":\"Just Now News\"},\"image\":{\"@id\":\"https:\/\/now-news.de\/de\/#\/schema\/logo\/image\/\"},\"sameAs\":[\"https:\/\/www.facebook.com\/wirmachenauf\",\"https:\/\/x.com\/WirMachenAuf_de\"]},{\"@type\":\"Person\",\"@id\":\"https:\/\/now-news.de\/de\/#\/schema\/person\/fb534a4e865501d8b3285208df34a9b5\",\"name\":\"rtnews\",\"image\":{\"@type\":\"ImageObject\",\"inLanguage\":\"de\",\"@id\":\"https:\/\/now-news.de\/de\/#\/schema\/person\/image\/\",\"url\":\"https:\/\/secure.gravatar.com\/avatar\/82aafea7d8127119dd649515f56e2117?s=96&d=mm&r=g\",\"contentUrl\":\"https:\/\/secure.gravatar.com\/avatar\/82aafea7d8127119dd649515f56e2117?s=96&d=mm&r=g\",\"caption\":\"rtnews\"},\"url\":\"https:\/\/now-news.de\/de\/author\/rnews\/\"}]}<\/script>\n<!-- \/ Yoast SEO Premium plugin. -->","yoast_head_json":{"title":"Zunehmende Verfolgung von Meinungsdelikten \u2013 Man wei\u00df nicht mehr, was man sagen darf - just-now.NEWS Deutschland","robots":{"index":"index","follow":"follow","max-snippet":"max-snippet:-1","max-image-preview":"max-image-preview:large","max-video-preview":"max-video-preview:-1"},"canonical":"https:\/\/now-news.de\/de\/deutschland\/zunehmende-verfolgung-von-meinungsdelikten-man-weiss-nicht-mehr-was-man-sagen-darf\/","og_locale":"de_DE","og_type":"article","og_title":"Zunehmende Verfolgung von Meinungsdelikten \u2013 Man wei\u00df nicht mehr, was man sagen darf","og_description":"Im Interview warnt der K\u00f6lner Strafverteidiger Dirk Sattelmaier vor der zunehmenden Verfolgung von angeblichen Meinungsdelikten. Die B\u00fcrger w\u00fcrden zunehmend eingesch\u00fcchtert, ihre Meinung zu \u00e4u\u00dfern. Juristische Laien k\u00f6nnten nicht mehr verstehen, was verboten und was erlaubt sei. Von Felicitas Rabe K\u00fcrzlich k\u00fcndigte die bayrische Generalstaatsanwaltschaft an, Nutzer des Slogans &#8220;From the River to the Sea, Palestine [&hellip;]","og_url":"https:\/\/now-news.de\/de\/deutschland\/zunehmende-verfolgung-von-meinungsdelikten-man-weiss-nicht-mehr-was-man-sagen-darf\/","og_site_name":"just-now.NEWS Deutschland","article_publisher":"https:\/\/www.facebook.com\/wirmachenauf","article_published_time":"2023-11-18T16:16:21+00:00","og_image":[{"width":460,"height":259,"url":"https:\/\/now-news.de\/de\/wp-content\/uploads\/sites\/3\/2023\/11\/Zunehmende-Verfolgung-von-Meinungsdelikten-\u2013-Man-weiss-nicht-mehr-was.jpg","type":"image\/jpeg"}],"author":"rtnews","twitter_card":"summary_large_image","twitter_creator":"@WirMachenAuf_de","twitter_site":"@WirMachenAuf_de","twitter_misc":{"Verfasst von":"rtnews","Gesch\u00e4tzte Lesezeit":"6\u00a0Minuten"},"schema":{"@context":"https:\/\/schema.org","@graph":[{"@type":"Article","@id":"https:\/\/now-news.de\/de\/deutschland\/zunehmende-verfolgung-von-meinungsdelikten-man-weiss-nicht-mehr-was-man-sagen-darf\/#article","isPartOf":{"@id":"https:\/\/now-news.de\/de\/deutschland\/zunehmende-verfolgung-von-meinungsdelikten-man-weiss-nicht-mehr-was-man-sagen-darf\/"},"author":{"name":"rtnews","@id":"https:\/\/now-news.de\/de\/#\/schema\/person\/fb534a4e865501d8b3285208df34a9b5"},"headline":"Zunehmende Verfolgung von Meinungsdelikten \u2013 Man wei\u00df nicht mehr, was man sagen darf","datePublished":"2023-11-18T16:16:21+00:00","dateModified":"2023-11-18T16:16:21+00:00","mainEntityOfPage":{"@id":"https:\/\/now-news.de\/de\/deutschland\/zunehmende-verfolgung-von-meinungsdelikten-man-weiss-nicht-mehr-was-man-sagen-darf\/"},"wordCount":1254,"commentCount":0,"publisher":{"@id":"https:\/\/now-news.de\/de\/#organization"},"image":{"@id":"https:\/\/now-news.de\/de\/deutschland\/zunehmende-verfolgung-von-meinungsdelikten-man-weiss-nicht-mehr-was-man-sagen-darf\/#primaryimage"},"thumbnailUrl":"https:\/\/now-news.de\/de\/wp-content\/uploads\/sites\/3\/2023\/11\/Zunehmende-Verfolgung-von-Meinungsdelikten-\u2013-Man-weiss-nicht-mehr-was.jpg","keywords":["darf","Man","mehr","Meinungsdelikten","nicht","sagen","Verfolgung","von","wei\u00df","zunehmende"],"articleSection":["Deutschland","Russland"],"inLanguage":"de","potentialAction":[{"@type":"CommentAction","name":"Comment","target":["https:\/\/now-news.de\/de\/deutschland\/zunehmende-verfolgung-von-meinungsdelikten-man-weiss-nicht-mehr-was-man-sagen-darf\/#respond"]}]},{"@type":"WebPage","@id":"https:\/\/now-news.de\/de\/deutschland\/zunehmende-verfolgung-von-meinungsdelikten-man-weiss-nicht-mehr-was-man-sagen-darf\/","url":"https:\/\/now-news.de\/de\/deutschland\/zunehmende-verfolgung-von-meinungsdelikten-man-weiss-nicht-mehr-was-man-sagen-darf\/","name":"Zunehmende Verfolgung von Meinungsdelikten \u2013 Man wei\u00df nicht mehr, was man sagen darf - just-now.NEWS Deutschland","isPartOf":{"@id":"https:\/\/now-news.de\/de\/#website"},"primaryImageOfPage":{"@id":"https:\/\/now-news.de\/de\/deutschland\/zunehmende-verfolgung-von-meinungsdelikten-man-weiss-nicht-mehr-was-man-sagen-darf\/#primaryimage"},"image":{"@id":"https:\/\/now-news.de\/de\/deutschland\/zunehmende-verfolgung-von-meinungsdelikten-man-weiss-nicht-mehr-was-man-sagen-darf\/#primaryimage"},"thumbnailUrl":"https:\/\/now-news.de\/de\/wp-content\/uploads\/sites\/3\/2023\/11\/Zunehmende-Verfolgung-von-Meinungsdelikten-\u2013-Man-weiss-nicht-mehr-was.jpg","datePublished":"2023-11-18T16:16:21+00:00","dateModified":"2023-11-18T16:16:21+00:00","breadcrumb":{"@id":"https:\/\/now-news.de\/de\/deutschland\/zunehmende-verfolgung-von-meinungsdelikten-man-weiss-nicht-mehr-was-man-sagen-darf\/#breadcrumb"},"inLanguage":"de","potentialAction":[{"@type":"ReadAction","target":["https:\/\/now-news.de\/de\/deutschland\/zunehmende-verfolgung-von-meinungsdelikten-man-weiss-nicht-mehr-was-man-sagen-darf\/"]}]},{"@type":"ImageObject","inLanguage":"de","@id":"https:\/\/now-news.de\/de\/deutschland\/zunehmende-verfolgung-von-meinungsdelikten-man-weiss-nicht-mehr-was-man-sagen-darf\/#primaryimage","url":"https:\/\/now-news.de\/de\/wp-content\/uploads\/sites\/3\/2023\/11\/Zunehmende-Verfolgung-von-Meinungsdelikten-\u2013-Man-weiss-nicht-mehr-was.jpg","contentUrl":"https:\/\/now-news.de\/de\/wp-content\/uploads\/sites\/3\/2023\/11\/Zunehmende-Verfolgung-von-Meinungsdelikten-\u2013-Man-weiss-nicht-mehr-was.jpg","width":460,"height":259,"caption":"Zunehmende Verfolgung von Meinungsdelikten \u2013 Man wei\u00df nicht mehr, was man sagen darf"},{"@type":"BreadcrumbList","@id":"https:\/\/now-news.de\/de\/deutschland\/zunehmende-verfolgung-von-meinungsdelikten-man-weiss-nicht-mehr-was-man-sagen-darf\/#breadcrumb","itemListElement":[{"@type":"ListItem","position":1,"name":"Home","item":"https:\/\/now-news.de\/de\/"},{"@type":"ListItem","position":2,"name":"Zunehmende Verfolgung von Meinungsdelikten \u2013 Man wei\u00df nicht mehr, was man sagen darf"}]},{"@type":"WebSite","@id":"https:\/\/now-news.de\/de\/#website","url":"https:\/\/now-news.de\/de\/","name":"just-now.NEWS Deutschland","description":"Das Portal f\u00fcr unzensierte Nachrichten aus der Welt","publisher":{"@id":"https:\/\/now-news.de\/de\/#organization"},"potentialAction":[{"@type":"SearchAction","target":{"@type":"EntryPoint","urlTemplate":"https:\/\/now-news.de\/de\/?s={search_term_string}"},"query-input":"required name=search_term_string"}],"inLanguage":"de"},{"@type":"Organization","@id":"https:\/\/now-news.de\/de\/#organization","name":"Just Now News","url":"https:\/\/now-news.de\/de\/","logo":{"@type":"ImageObject","inLanguage":"de","@id":"https:\/\/now-news.de\/de\/#\/schema\/logo\/image\/","url":"http:\/\/just-now.news\/de\/wp-content\/uploads\/sites\/3\/2022\/04\/logo500x500.jpg","contentUrl":"http:\/\/just-now.news\/de\/wp-content\/uploads\/sites\/3\/2022\/04\/logo500x500.jpg","width":500,"height":500,"caption":"Just Now News"},"image":{"@id":"https:\/\/now-news.de\/de\/#\/schema\/logo\/image\/"},"sameAs":["https:\/\/www.facebook.com\/wirmachenauf","https:\/\/x.com\/WirMachenAuf_de"]},{"@type":"Person","@id":"https:\/\/now-news.de\/de\/#\/schema\/person\/fb534a4e865501d8b3285208df34a9b5","name":"rtnews","image":{"@type":"ImageObject","inLanguage":"de","@id":"https:\/\/now-news.de\/de\/#\/schema\/person\/image\/","url":"https:\/\/secure.gravatar.com\/avatar\/82aafea7d8127119dd649515f56e2117?s=96&d=mm&r=g","contentUrl":"https:\/\/secure.gravatar.com\/avatar\/82aafea7d8127119dd649515f56e2117?s=96&d=mm&r=g","caption":"rtnews"},"url":"https:\/\/now-news.de\/de\/author\/rnews\/"}]}},"_links":{"self":[{"href":"https:\/\/now-news.de\/de\/wp-json\/wp\/v2\/posts\/49980"}],"collection":[{"href":"https:\/\/now-news.de\/de\/wp-json\/wp\/v2\/posts"}],"about":[{"href":"https:\/\/now-news.de\/de\/wp-json\/wp\/v2\/types\/post"}],"author":[{"embeddable":true,"href":"https:\/\/now-news.de\/de\/wp-json\/wp\/v2\/users\/3"}],"replies":[{"embeddable":true,"href":"https:\/\/now-news.de\/de\/wp-json\/wp\/v2\/comments?post=49980"}],"version-history":[{"count":0,"href":"https:\/\/now-news.de\/de\/wp-json\/wp\/v2\/posts\/49980\/revisions"}],"wp:featuredmedia":[{"embeddable":true,"href":"https:\/\/now-news.de\/de\/wp-json\/wp\/v2\/media\/49981"}],"wp:attachment":[{"href":"https:\/\/now-news.de\/de\/wp-json\/wp\/v2\/media?parent=49980"}],"wp:term":[{"taxonomy":"category","embeddable":true,"href":"https:\/\/now-news.de\/de\/wp-json\/wp\/v2\/categories?post=49980"},{"taxonomy":"post_tag","embeddable":true,"href":"https:\/\/now-news.de\/de\/wp-json\/wp\/v2\/tags?post=49980"}],"curies":[{"name":"wp","href":"https:\/\/api.w.org\/{rel}","templated":true}]}}