{"id":49972,"date":"2023-11-18T15:16:47","date_gmt":"2023-11-18T13:16:47","guid":{"rendered":"https:\/\/just-now.news\/de\/deutschland\/russlands-rache-gegen-das-hochnaesige-europa-muss-im-voraus-vorbereitet-werden\/"},"modified":"2023-11-18T15:16:47","modified_gmt":"2023-11-18T13:16:47","slug":"russlands-rache-gegen-das-hochnaesige-europa-muss-im-voraus-vorbereitet-werden","status":"publish","type":"post","link":"https:\/\/now-news.de\/de\/deutschland\/russlands-rache-gegen-das-hochnaesige-europa-muss-im-voraus-vorbereitet-werden\/","title":{"rendered":"Russlands Rache gegen das hochn\u00e4sige Europa muss im Voraus vorbereitet werden"},"content":{"rendered":"<p><img decoding=\"async\" src=\"http:\/\/just-now.news\/de\/wp-content\/uploads\/sites\/3\/2023\/11\/6557a9d0b480cc46411357bb.jpg\" \/><\/p>\n<div class=\"Text-root Text-type_1 \">\n                Die EU-L\u00e4nder versuchen, sich immer mehr in ihrer Russophobie zu \u00fcberbieten. Russland h\u00e4lt sich bei seinen Reaktionen zwar noch zur\u00fcck, doch bleibt unklar, was Br\u00fcssel und Konsorten sich als N\u00e4chstes einfallen lassen.\n            <\/div>\n<p><\/p>\n<div class=\"Text-root Text-type_5 ArticleView-text ViewText-root \">\n<p><em>Von Dmitri Bawyrin<\/em><\/p>\n<p>Am Samstagabend wird Finnland vier Kontrollpunkte an seiner Grenze zu Russland schlie\u00dfen. Anstelle des regen Personen- und Warenverkehrs wird es nur noch zwei Schlitze in der Grenze geben, die die Finnen &#8220;Salla&#8221; und &#8220;Vartijus&#8221; nennen.<\/p>\n<p>Sie wurden praktisch nie f\u00fcr den G\u00fcterverkehr genutzt, und man kommt nur zu Fu\u00df in diese L\u00fccken, denn zuvor wurde schon die Einfahrt f\u00fcr Autos aus Russland verboten, und vor Kurzem wurde das Verbot auch auf Fahrr\u00e4der ausgedehnt.<\/p>\n<p>Wenn die Finnen das Radfahren im November verbieten, bedeutet das, dass sie es sehr eilig haben. Bei normalem Tempo h\u00e4tten sie es erst im Januar verboten.<\/p>\n<p>Offiziell wird all dies mit dem Zustrom von Migranten aus dem Globalen S\u00fcden begr\u00fcndet, die nach Russland fliegen und dann versuchen, \u00fcber die Landgrenze zu Finnland in die EU zu gelangen. Unsere Diplomaten und Grenzschutzbeamten waren jedenfalls verwundert \u00fcber diese Auslegung. Und die Finnen selbst z\u00f6gern, das Ausma\u00df dieser &#8220;Invasion&#8221; zu beziffern. Wenn aber dennoch konkrete Zahlen genannt werden, so ist die Rede von mehreren Dutzend Menschen.<\/p>\n<p>Griechische und italienische Grenzschutzbeamte, die t\u00e4glich Tausende von Illegalen ins Land str\u00f6men sehen, w\u00fcrden den Finnen ins Gesicht lachen.<\/p>\n<p>Eigentlich h\u00e4tte man auf die Kom\u00f6die mit den Fahrr\u00e4dern verzichten und ganz offen sagen k\u00f6nnen: Wir wollen uns von Russland trennen \u2013 je deutlicher, desto besser. Es kommt einem so vor, als h\u00e4tten die Finnen Angst, dass wir versuchen w\u00fcrden, ihnen das nach einem solchen ehrlichen Bekenntnis wieder auszureden. Wir werden es nicht mehr tun.<\/p>\n<p>In den letzten zwei Jahren haben unsere Nachbarn (angeblich aufgekl\u00e4rte Europ\u00e4er mit einer hohen staatsb\u00fcrgerlichen Kultur und dem Glauben an die Ideale der Menschenrechte) ihren niedersten Instinkten freien Lauf gelassen. In Bezug auf Russland ist Europa ein vulg\u00e4rer Rassist, der Menschen aufgrund ihrer Herkunft Probleme bereitet oder sie schamlos erniedrigt.<\/p>\n<p>Und dann passiert etwas Beispielloses: Sogar das Europ\u00e4ische Parlament hat eine (wie alle seine Beschl\u00fcsse) unverbindliche Resolution verabschiedet, in der es ein Ende der Beschlagnahmung von pers\u00f6nlichen Gegenst\u00e4nden russischer B\u00fcrger unter dem Deckmantel von Sanktionen fordert. Ich schreibe &#8220;sogar&#8221;, weil das Europ\u00e4ische Parlament schon immer eine st\u00e4rkere antirussische Haltung eingenommen hat als die Europ\u00e4ische Kommission und die Regierungen der EU-L\u00e4nder (wenn man die baltischen Staaten nicht mitz\u00e4hlt).<\/p>\n<p>Der bizarre Disput dar\u00fcber, ob ein Finne einem Russen dessen Smartphone wegnehmen kann, findet in hohen Amtsstuben statt. Die Menschen &#8220;vor Ort&#8221; setzen, wie in allen Zeiten, die Politik der durchgeknallten Partei auf noch raffiniertere Weise um. Ein Grenzbeamter schneidet Holzkn\u00f6pfe von einem neu gekauften Pullover ab, weil die Sanktionen die Ausfuhr von Holz verbieten, und eine Kinderg\u00e4rtnerin l\u00e4sst ein Kind f\u00fcr jedes russische Wort zehn Kniebeugen machen.<\/p>\n<p>Diese Beispiele passierten zwar nicht in Finnland, sondern in einem anderen EU-Land \u2013 Lettland \u2013, aber viele osteurop\u00e4ische L\u00e4nder haben ein gemeinsames Ziel: n\u00e4mlich immer tiefer zu sinken. Wir sollten uns darauf vorbereiten, dass die EU bald alte Frauen \u00fcber den Stacheldraht direkt in russische Schneewehen werfen wird, weil sie kein Lettisch gelernt und ihre Komsomol-Abzeichen in ihren Schr\u00e4nken aufbewahrt haben.<\/p>\n<p>Man sollte sich nicht von Erkl\u00e4rungen t\u00e4uschen lassen, die behaupten, dass das Verbot von Fahrr\u00e4dern und Kleidungskn\u00f6pfen der Ukraine irgendwie helfen oder den &#8220;Organisatoren der russischen Aggression&#8221; schaden w\u00fcrde. Von Anfang an wurden die Europ\u00e4er von Verachtung getrieben: Da sie die Russen als eine zivilisatorisch, wirtschaftlich und kulturell schw\u00e4chere Volksgemeinschaft wahrnahmen, wollten sie sehen, wie wir ohne sie zu Kreuze kriechen w\u00fcrden.<\/p>\n<p>Nun sind ihre Aktionen aber eher der guten alten Angst vor dem Russen geschuldet, da die Eins\u00e4tze auf die &#8220;Gegenoffensive der ukrainischen Armee&#8221; und den Zusammenbruch der russischen Wirtschaft versiegt sind. Die Europ\u00e4er isolieren sich selbst, weil sie Angst haben. Sie glauben, dass die Russen ihnen ihre unmenschliche Behandlung nicht verzeihen werden.<\/p>\n<p>Und sie haben recht: So etwas sollte nicht vergeben werden. Unsere moralischen und ethischen Verpflichtungen gegen\u00fcber der Europ\u00e4ischen Union haben sich auf ein Minimum reduziert. Beispielsweise geh\u00f6rt die Ablehnung der Unterst\u00fctzung ihrer Todfeinde nicht mehr zu diesen moralischen Verpflichtungen. Rache um der Rache willen ist jedoch ein zerst\u00f6rerischer Weg. Es ist wichtig, nicht denselben niederen Instinkten zu erliegen, die Europa nun in die Selbstzerst\u00f6rung gest\u00fcrzt haben.<\/p>\n<p>Denn die Sanktionen sind im Prinzip selbstzerst\u00f6rerisch. Inflation, Energiekrise, industrieller Niedergang \u2013 all das sind Folgen des Versuchs, &#8220;Russland zu isolieren&#8221;. Gleichzeitig nehmen die Europ\u00e4er aber auch systematisch ihre eigenen Leute unter Beschuss. Sie schaden Europ\u00e4ern, die mit Russland verbunden sind, ebenso wie dem Teil der Russen, der sich weiterhin mit Europa identifiziert.<\/p>\n<p>Es ist unwahrscheinlich, dass das Achmat-Bataillon einen Fahrradausflug nach Finnland plante. Vielmehr war es eine Ausreisem\u00f6glichkeit f\u00fcr zum Beispiel einen politischen Emigranten aus Sankt Petersburg, dessen Ausstellung wegen LGBT-Propaganda geschlossen wurde.<\/p>\n<p>Au\u00dferdem gibt es auch gemischte Familien. Es gibt Situationen, in denen die Eltern in dem einen Land leben und die Kinder in einem anderen. Es gibt viele Einzelf\u00e4lle, bei denen die Schicksale von Menschen miteinander verbunden sind. Aber Europa hat mit niemandem Mitleid, denn die Selbstzerst\u00f6rung hat Priorit\u00e4t.<\/p>\n<p>Bei uns ist das anders. All diese Menschen, deren Leben mit Russland verbunden ist, aber nicht nur mit Russland, sind das Haupthindernis darin, die Europ\u00e4er f\u00fcr ihre Eskapaden auf eine spiegelbildliche Weise zu r\u00e4chen. Wir wollen uns selbst und den Unsrigen nicht schaden, indem wir uns zu dem herablassen, wozu sich Europa aus Hass auf uns herabgelassen hat.<\/p>\n<p>Wenn dem so ist, muss das Problem von der anderen Seite her gel\u00f6st werden \u2013 durch die Entwicklung eines Mechanismus, der es uns erm\u00f6glicht, die Unsrigen von den Fremden und die B\u00f6cke von den L\u00e4mmern zu trennen.<\/p>\n<p>In diesem Sinne ist die Einf\u00fchrung einer Art &#8220;Russenkarte&#8221; \u2013 analog zu der von Polen eingef\u00fchrten &#8220;Polenkarte&#8221; \u2013 \u00fcberf\u00e4llig. Sie verleiht zwar nicht die Rechte eines B\u00fcrgers \u2013 in der ersten Phase verleiht sie \u00fcberhaupt keine Rechte \u2013, aber es ist wichtig, sie f\u00fcr den Fall der F\u00e4lle zu haben und in der Lage zu sein, sie \u00fcber das Internet heimlich von den \u00f6rtlichen Beh\u00f6rden zu erhalten.<\/p>\n<p>Eine solche &#8220;Karte&#8221; k\u00f6nnte eine Grundlage bilden, auf der bei Bedarf schnell alles N\u00f6tige zusammengef\u00fcgt werden kann. Die Digitalisierung der Dienstleistungen, die zuerst in Moskau und dann in Russland Einzug gehalten hat, k\u00f6nnte auf die gesamte &#8220;russische Welt&#8221; \u00fcbergreifen, wenn auch in abgeschw\u00e4chter Form. Das ist bereits eine Notwendigkeit, keine Laune.<\/p>\n<p>Wir k\u00f6nnen nicht vorhersehen, welche Ideen die kranken europ\u00e4ischen K\u00f6pfe noch hervorbringen werden. Wir wissen nicht, welche Umst\u00e4nde pl\u00f6tzlich eintreten k\u00f6nnten, bei denen wir gen\u00f6tigt sein werden, &#8220;die Unsrigen&#8221; von &#8220;den Anderen&#8221; trennen zu m\u00fcssen, aber es kann zu einer echten Frage von Leben und Tod werden.<\/p>\n<p>Und wenn dies nicht eintritt und wir alle etwas mehr Gl\u00fcck haben, kann die &#8220;Karte&#8221; zum Beispiel dazu verwendet werden, dass ihre Inhaber die russische Grenze wie gewohnt passieren k\u00f6nnen, w\u00e4hrend &#8220;die Anderen&#8221; (zum Beispiel die Letten) es schwieriger haben werden, in unser Land zu kommen.<\/p>\n<p>Auf jeden Fall brauchen wir zuerst einen Mechanismus und dann werden wir sehen, wieweit die russische Kreativit\u00e4t geht, um die \u00fcberheblichen Europ\u00e4er auf den Boden der Tatsachen zur\u00fcckzuholen. Wir haben ihnen gegen\u00fcber nur noch wenige Verpflichtungen.<\/p>\n<p>Allerdings haben wir auch ein Gewissen und einen Sinn f\u00fcr Anstand. Daher lassen wir ihnen ihre Hosen und ihre Kn\u00f6pfe.<\/p>\n<p><em>\u00dcbersetzt aus dem <a rel=\"nofollow noopener\" target=\"_blank\" href=\"https:\/\/ria.ru\/20231117\/mest-1909970228.html\">Russischen<\/a>. Zuerst erschienen auf RIA Nowosti am 17. November 2023.<\/em><\/p>\n<p><em><strong>Dmitri Bawyrin<\/strong> ist ein russischer Journalist.<\/em><\/p>\n<p><strong>Mehr zum Thema<\/strong> \u2013 <a rel=\"nofollow noopener\" target=\"_blank\" href=\"https:\/\/freedert.online\/russland\/187319-russischer-chefoekonom-wachstum-von-bruttoinlandsprodukt-wird-erwartungen-uebertreffen\/\">Russischer Chef\u00f6konom: Wachstum des Bruttoinlandsprodukts wird Erwartungen \u00fcbertreffen <\/a><\/p>\n<div class=\"EmbedBlock-root EmbedBlock-externalVideo EmbedBlock-odysee\">\n<div class=\"VkEmbed\"><iframe class=\"lazyload\" data-src=\"https:\/\/odysee.com\/%24\/embed\/%40RTDE%3Ae%2FRussische-Wirtschaft-durch-Sanktionen--in-Tr%C3%BCmmern---%E2%80%93-Sacharowa-rechnet-mit-Borrell-und-von-der-Leyen-ab%3A8\" frameborder=\"0\" width=\"853\" height=\"480\" allowfullscreen><\/iframe><\/div>\n<\/div>\n<\/div>\n<p><br \/>\n<br \/><a href=\"https:\/\/de.rt.com\/meinung\/187364-russlands-rache-gegen-hochnaesige-europa\/\">Source link <\/a><\/p>\n","protected":false},"excerpt":{"rendered":"<p>Die EU-L\u00e4nder versuchen, sich immer mehr in ihrer Russophobie zu \u00fcberbieten. Russland h\u00e4lt sich bei seinen Reaktionen zwar noch zur\u00fcck, doch bleibt unklar, was Br\u00fcssel und Konsorten sich als N\u00e4chstes einfallen lassen. Von Dmitri Bawyrin Am Samstagabend wird Finnland vier Kontrollpunkte an seiner Grenze zu Russland schlie\u00dfen. Anstelle des regen Personen- und Warenverkehrs wird es [&hellip;]<\/p>\n","protected":false},"author":3,"featured_media":49973,"comment_status":"open","ping_status":"open","sticky":false,"template":"","format":"standard","meta":{"_yoast_indexnow_last_ping":["1700313790"],"wp_automatic_camp":["217"],"f479e8457c2ef65d3d68e5a0219f4ea5":["Russlands Rache gegen das hochn\u00e4sige Europa muss im Voraus vorbereitet werden"],"original_link":["https:\/\/de.rt.com\/meinung\/187364-russlands-rache-gegen-hochnaesige-europa\/"],"_thumbnail_id":["49973"],"jnews_social_counter_last_update":["1777325433"],"_wptgpro_p2tg_sent2tg":["a:1:{i:23737;s:19:\"2023-11-18 15:25:47\";}"]},"categories":[19,23],"tags":[427,1370,278,50757,534,27409,142,4395,19333,1040],"yoast_head":"<!-- This site is optimized with the Yoast SEO Premium plugin v22.7 (Yoast SEO v22.7) - https:\/\/yoast.com\/wordpress\/plugins\/seo\/ -->\n<title>Russlands Rache gegen das hochn\u00e4sige Europa muss im Voraus vorbereitet werden - just-now.NEWS Deutschland<\/title>\n<meta name=\"robots\" content=\"index, follow, max-snippet:-1, max-image-preview:large, max-video-preview:-1\" \/>\n<link rel=\"canonical\" href=\"https:\/\/now-news.de\/de\/deutschland\/russlands-rache-gegen-das-hochnaesige-europa-muss-im-voraus-vorbereitet-werden\/\" \/>\n<meta property=\"og:locale\" content=\"de_DE\" \/>\n<meta property=\"og:type\" content=\"article\" \/>\n<meta property=\"og:title\" content=\"Russlands Rache gegen das hochn\u00e4sige Europa muss im Voraus vorbereitet werden\" \/>\n<meta property=\"og:description\" content=\"Die EU-L\u00e4nder versuchen, sich immer mehr in ihrer Russophobie zu \u00fcberbieten. Russland h\u00e4lt sich bei seinen Reaktionen zwar noch zur\u00fcck, doch bleibt unklar, was Br\u00fcssel und Konsorten sich als N\u00e4chstes einfallen lassen. Von Dmitri Bawyrin Am Samstagabend wird Finnland vier Kontrollpunkte an seiner Grenze zu Russland schlie\u00dfen. Anstelle des regen Personen- und Warenverkehrs wird es [&hellip;]\" \/>\n<meta property=\"og:url\" content=\"https:\/\/now-news.de\/de\/deutschland\/russlands-rache-gegen-das-hochnaesige-europa-muss-im-voraus-vorbereitet-werden\/\" \/>\n<meta property=\"og:site_name\" content=\"just-now.NEWS Deutschland\" \/>\n<meta property=\"article:publisher\" content=\"https:\/\/www.facebook.com\/wirmachenauf\" \/>\n<meta property=\"article:published_time\" content=\"2023-11-18T13:16:47+00:00\" \/>\n<meta property=\"og:image\" content=\"https:\/\/now-news.de\/de\/wp-content\/uploads\/sites\/3\/2023\/11\/Russlands-Rache-gegen-das-hochnaesige-Europa-muss-im-Voraus-vorbereitet.jpg\" \/>\n\t<meta property=\"og:image:width\" content=\"460\" \/>\n\t<meta property=\"og:image:height\" content=\"259\" \/>\n\t<meta property=\"og:image:type\" content=\"image\/jpeg\" \/>\n<meta name=\"author\" content=\"rtnews\" \/>\n<meta name=\"twitter:card\" content=\"summary_large_image\" \/>\n<meta name=\"twitter:creator\" content=\"@WirMachenAuf_de\" \/>\n<meta name=\"twitter:site\" content=\"@WirMachenAuf_de\" \/>\n<meta name=\"twitter:label1\" content=\"Verfasst von\" \/>\n\t<meta name=\"twitter:data1\" content=\"rtnews\" \/>\n\t<meta name=\"twitter:label2\" content=\"Gesch\u00e4tzte Lesezeit\" \/>\n\t<meta name=\"twitter:data2\" content=\"7\u00a0Minuten\" \/>\n<script type=\"application\/ld+json\" class=\"yoast-schema-graph\">{\"@context\":\"https:\/\/schema.org\",\"@graph\":[{\"@type\":\"Article\",\"@id\":\"https:\/\/now-news.de\/de\/deutschland\/russlands-rache-gegen-das-hochnaesige-europa-muss-im-voraus-vorbereitet-werden\/#article\",\"isPartOf\":{\"@id\":\"https:\/\/now-news.de\/de\/deutschland\/russlands-rache-gegen-das-hochnaesige-europa-muss-im-voraus-vorbereitet-werden\/\"},\"author\":{\"name\":\"rtnews\",\"@id\":\"https:\/\/now-news.de\/de\/#\/schema\/person\/fb534a4e865501d8b3285208df34a9b5\"},\"headline\":\"Russlands Rache gegen das hochn\u00e4sige Europa muss im Voraus vorbereitet werden\",\"datePublished\":\"2023-11-18T13:16:47+00:00\",\"dateModified\":\"2023-11-18T13:16:47+00:00\",\"mainEntityOfPage\":{\"@id\":\"https:\/\/now-news.de\/de\/deutschland\/russlands-rache-gegen-das-hochnaesige-europa-muss-im-voraus-vorbereitet-werden\/\"},\"wordCount\":1339,\"commentCount\":0,\"publisher\":{\"@id\":\"https:\/\/now-news.de\/de\/#organization\"},\"image\":{\"@id\":\"https:\/\/now-news.de\/de\/deutschland\/russlands-rache-gegen-das-hochnaesige-europa-muss-im-voraus-vorbereitet-werden\/#primaryimage\"},\"thumbnailUrl\":\"https:\/\/now-news.de\/de\/wp-content\/uploads\/sites\/3\/2023\/11\/Russlands-Rache-gegen-das-hochnaesige-Europa-muss-im-Voraus-vorbereitet.jpg\",\"keywords\":[\"das\",\"Europa\",\"gegen\",\"hochn\u00e4sige\",\"muss\",\"RACHE\",\"Russlands\",\"voraus\",\"vorbereitet\",\"Werden\"],\"articleSection\":[\"Deutschland\",\"Russland\"],\"inLanguage\":\"de\",\"potentialAction\":[{\"@type\":\"CommentAction\",\"name\":\"Comment\",\"target\":[\"https:\/\/now-news.de\/de\/deutschland\/russlands-rache-gegen-das-hochnaesige-europa-muss-im-voraus-vorbereitet-werden\/#respond\"]}]},{\"@type\":\"WebPage\",\"@id\":\"https:\/\/now-news.de\/de\/deutschland\/russlands-rache-gegen-das-hochnaesige-europa-muss-im-voraus-vorbereitet-werden\/\",\"url\":\"https:\/\/now-news.de\/de\/deutschland\/russlands-rache-gegen-das-hochnaesige-europa-muss-im-voraus-vorbereitet-werden\/\",\"name\":\"Russlands Rache gegen das hochn\u00e4sige Europa muss im Voraus vorbereitet werden - just-now.NEWS Deutschland\",\"isPartOf\":{\"@id\":\"https:\/\/now-news.de\/de\/#website\"},\"primaryImageOfPage\":{\"@id\":\"https:\/\/now-news.de\/de\/deutschland\/russlands-rache-gegen-das-hochnaesige-europa-muss-im-voraus-vorbereitet-werden\/#primaryimage\"},\"image\":{\"@id\":\"https:\/\/now-news.de\/de\/deutschland\/russlands-rache-gegen-das-hochnaesige-europa-muss-im-voraus-vorbereitet-werden\/#primaryimage\"},\"thumbnailUrl\":\"https:\/\/now-news.de\/de\/wp-content\/uploads\/sites\/3\/2023\/11\/Russlands-Rache-gegen-das-hochnaesige-Europa-muss-im-Voraus-vorbereitet.jpg\",\"datePublished\":\"2023-11-18T13:16:47+00:00\",\"dateModified\":\"2023-11-18T13:16:47+00:00\",\"breadcrumb\":{\"@id\":\"https:\/\/now-news.de\/de\/deutschland\/russlands-rache-gegen-das-hochnaesige-europa-muss-im-voraus-vorbereitet-werden\/#breadcrumb\"},\"inLanguage\":\"de\",\"potentialAction\":[{\"@type\":\"ReadAction\",\"target\":[\"https:\/\/now-news.de\/de\/deutschland\/russlands-rache-gegen-das-hochnaesige-europa-muss-im-voraus-vorbereitet-werden\/\"]}]},{\"@type\":\"ImageObject\",\"inLanguage\":\"de\",\"@id\":\"https:\/\/now-news.de\/de\/deutschland\/russlands-rache-gegen-das-hochnaesige-europa-muss-im-voraus-vorbereitet-werden\/#primaryimage\",\"url\":\"https:\/\/now-news.de\/de\/wp-content\/uploads\/sites\/3\/2023\/11\/Russlands-Rache-gegen-das-hochnaesige-Europa-muss-im-Voraus-vorbereitet.jpg\",\"contentUrl\":\"https:\/\/now-news.de\/de\/wp-content\/uploads\/sites\/3\/2023\/11\/Russlands-Rache-gegen-das-hochnaesige-Europa-muss-im-Voraus-vorbereitet.jpg\",\"width\":460,\"height\":259,\"caption\":\"Russlands Rache gegen das hochn\u00e4sige Europa muss im Voraus vorbereitet werden\"},{\"@type\":\"BreadcrumbList\",\"@id\":\"https:\/\/now-news.de\/de\/deutschland\/russlands-rache-gegen-das-hochnaesige-europa-muss-im-voraus-vorbereitet-werden\/#breadcrumb\",\"itemListElement\":[{\"@type\":\"ListItem\",\"position\":1,\"name\":\"Home\",\"item\":\"https:\/\/now-news.de\/de\/\"},{\"@type\":\"ListItem\",\"position\":2,\"name\":\"Russlands Rache gegen das hochn\u00e4sige Europa muss im Voraus vorbereitet werden\"}]},{\"@type\":\"WebSite\",\"@id\":\"https:\/\/now-news.de\/de\/#website\",\"url\":\"https:\/\/now-news.de\/de\/\",\"name\":\"just-now.NEWS Deutschland\",\"description\":\"Das Portal f\u00fcr unzensierte Nachrichten aus der Welt\",\"publisher\":{\"@id\":\"https:\/\/now-news.de\/de\/#organization\"},\"potentialAction\":[{\"@type\":\"SearchAction\",\"target\":{\"@type\":\"EntryPoint\",\"urlTemplate\":\"https:\/\/now-news.de\/de\/?s={search_term_string}\"},\"query-input\":\"required name=search_term_string\"}],\"inLanguage\":\"de\"},{\"@type\":\"Organization\",\"@id\":\"https:\/\/now-news.de\/de\/#organization\",\"name\":\"Just Now News\",\"url\":\"https:\/\/now-news.de\/de\/\",\"logo\":{\"@type\":\"ImageObject\",\"inLanguage\":\"de\",\"@id\":\"https:\/\/now-news.de\/de\/#\/schema\/logo\/image\/\",\"url\":\"http:\/\/just-now.news\/de\/wp-content\/uploads\/sites\/3\/2022\/04\/logo500x500.jpg\",\"contentUrl\":\"http:\/\/just-now.news\/de\/wp-content\/uploads\/sites\/3\/2022\/04\/logo500x500.jpg\",\"width\":500,\"height\":500,\"caption\":\"Just Now News\"},\"image\":{\"@id\":\"https:\/\/now-news.de\/de\/#\/schema\/logo\/image\/\"},\"sameAs\":[\"https:\/\/www.facebook.com\/wirmachenauf\",\"https:\/\/x.com\/WirMachenAuf_de\"]},{\"@type\":\"Person\",\"@id\":\"https:\/\/now-news.de\/de\/#\/schema\/person\/fb534a4e865501d8b3285208df34a9b5\",\"name\":\"rtnews\",\"image\":{\"@type\":\"ImageObject\",\"inLanguage\":\"de\",\"@id\":\"https:\/\/now-news.de\/de\/#\/schema\/person\/image\/\",\"url\":\"https:\/\/secure.gravatar.com\/avatar\/82aafea7d8127119dd649515f56e2117?s=96&d=mm&r=g\",\"contentUrl\":\"https:\/\/secure.gravatar.com\/avatar\/82aafea7d8127119dd649515f56e2117?s=96&d=mm&r=g\",\"caption\":\"rtnews\"},\"url\":\"https:\/\/now-news.de\/de\/author\/rnews\/\"}]}<\/script>\n<!-- \/ Yoast SEO Premium plugin. -->","yoast_head_json":{"title":"Russlands Rache gegen das hochn\u00e4sige Europa muss im Voraus vorbereitet werden - just-now.NEWS Deutschland","robots":{"index":"index","follow":"follow","max-snippet":"max-snippet:-1","max-image-preview":"max-image-preview:large","max-video-preview":"max-video-preview:-1"},"canonical":"https:\/\/now-news.de\/de\/deutschland\/russlands-rache-gegen-das-hochnaesige-europa-muss-im-voraus-vorbereitet-werden\/","og_locale":"de_DE","og_type":"article","og_title":"Russlands Rache gegen das hochn\u00e4sige Europa muss im Voraus vorbereitet werden","og_description":"Die EU-L\u00e4nder versuchen, sich immer mehr in ihrer Russophobie zu \u00fcberbieten. Russland h\u00e4lt sich bei seinen Reaktionen zwar noch zur\u00fcck, doch bleibt unklar, was Br\u00fcssel und Konsorten sich als N\u00e4chstes einfallen lassen. Von Dmitri Bawyrin Am Samstagabend wird Finnland vier Kontrollpunkte an seiner Grenze zu Russland schlie\u00dfen. Anstelle des regen Personen- und Warenverkehrs wird es [&hellip;]","og_url":"https:\/\/now-news.de\/de\/deutschland\/russlands-rache-gegen-das-hochnaesige-europa-muss-im-voraus-vorbereitet-werden\/","og_site_name":"just-now.NEWS Deutschland","article_publisher":"https:\/\/www.facebook.com\/wirmachenauf","article_published_time":"2023-11-18T13:16:47+00:00","og_image":[{"width":460,"height":259,"url":"https:\/\/now-news.de\/de\/wp-content\/uploads\/sites\/3\/2023\/11\/Russlands-Rache-gegen-das-hochnaesige-Europa-muss-im-Voraus-vorbereitet.jpg","type":"image\/jpeg"}],"author":"rtnews","twitter_card":"summary_large_image","twitter_creator":"@WirMachenAuf_de","twitter_site":"@WirMachenAuf_de","twitter_misc":{"Verfasst von":"rtnews","Gesch\u00e4tzte Lesezeit":"7\u00a0Minuten"},"schema":{"@context":"https:\/\/schema.org","@graph":[{"@type":"Article","@id":"https:\/\/now-news.de\/de\/deutschland\/russlands-rache-gegen-das-hochnaesige-europa-muss-im-voraus-vorbereitet-werden\/#article","isPartOf":{"@id":"https:\/\/now-news.de\/de\/deutschland\/russlands-rache-gegen-das-hochnaesige-europa-muss-im-voraus-vorbereitet-werden\/"},"author":{"name":"rtnews","@id":"https:\/\/now-news.de\/de\/#\/schema\/person\/fb534a4e865501d8b3285208df34a9b5"},"headline":"Russlands Rache gegen das hochn\u00e4sige Europa muss im Voraus vorbereitet werden","datePublished":"2023-11-18T13:16:47+00:00","dateModified":"2023-11-18T13:16:47+00:00","mainEntityOfPage":{"@id":"https:\/\/now-news.de\/de\/deutschland\/russlands-rache-gegen-das-hochnaesige-europa-muss-im-voraus-vorbereitet-werden\/"},"wordCount":1339,"commentCount":0,"publisher":{"@id":"https:\/\/now-news.de\/de\/#organization"},"image":{"@id":"https:\/\/now-news.de\/de\/deutschland\/russlands-rache-gegen-das-hochnaesige-europa-muss-im-voraus-vorbereitet-werden\/#primaryimage"},"thumbnailUrl":"https:\/\/now-news.de\/de\/wp-content\/uploads\/sites\/3\/2023\/11\/Russlands-Rache-gegen-das-hochnaesige-Europa-muss-im-Voraus-vorbereitet.jpg","keywords":["das","Europa","gegen","hochn\u00e4sige","muss","RACHE","Russlands","voraus","vorbereitet","Werden"],"articleSection":["Deutschland","Russland"],"inLanguage":"de","potentialAction":[{"@type":"CommentAction","name":"Comment","target":["https:\/\/now-news.de\/de\/deutschland\/russlands-rache-gegen-das-hochnaesige-europa-muss-im-voraus-vorbereitet-werden\/#respond"]}]},{"@type":"WebPage","@id":"https:\/\/now-news.de\/de\/deutschland\/russlands-rache-gegen-das-hochnaesige-europa-muss-im-voraus-vorbereitet-werden\/","url":"https:\/\/now-news.de\/de\/deutschland\/russlands-rache-gegen-das-hochnaesige-europa-muss-im-voraus-vorbereitet-werden\/","name":"Russlands Rache gegen das hochn\u00e4sige Europa muss im Voraus vorbereitet werden - just-now.NEWS Deutschland","isPartOf":{"@id":"https:\/\/now-news.de\/de\/#website"},"primaryImageOfPage":{"@id":"https:\/\/now-news.de\/de\/deutschland\/russlands-rache-gegen-das-hochnaesige-europa-muss-im-voraus-vorbereitet-werden\/#primaryimage"},"image":{"@id":"https:\/\/now-news.de\/de\/deutschland\/russlands-rache-gegen-das-hochnaesige-europa-muss-im-voraus-vorbereitet-werden\/#primaryimage"},"thumbnailUrl":"https:\/\/now-news.de\/de\/wp-content\/uploads\/sites\/3\/2023\/11\/Russlands-Rache-gegen-das-hochnaesige-Europa-muss-im-Voraus-vorbereitet.jpg","datePublished":"2023-11-18T13:16:47+00:00","dateModified":"2023-11-18T13:16:47+00:00","breadcrumb":{"@id":"https:\/\/now-news.de\/de\/deutschland\/russlands-rache-gegen-das-hochnaesige-europa-muss-im-voraus-vorbereitet-werden\/#breadcrumb"},"inLanguage":"de","potentialAction":[{"@type":"ReadAction","target":["https:\/\/now-news.de\/de\/deutschland\/russlands-rache-gegen-das-hochnaesige-europa-muss-im-voraus-vorbereitet-werden\/"]}]},{"@type":"ImageObject","inLanguage":"de","@id":"https:\/\/now-news.de\/de\/deutschland\/russlands-rache-gegen-das-hochnaesige-europa-muss-im-voraus-vorbereitet-werden\/#primaryimage","url":"https:\/\/now-news.de\/de\/wp-content\/uploads\/sites\/3\/2023\/11\/Russlands-Rache-gegen-das-hochnaesige-Europa-muss-im-Voraus-vorbereitet.jpg","contentUrl":"https:\/\/now-news.de\/de\/wp-content\/uploads\/sites\/3\/2023\/11\/Russlands-Rache-gegen-das-hochnaesige-Europa-muss-im-Voraus-vorbereitet.jpg","width":460,"height":259,"caption":"Russlands Rache gegen das hochn\u00e4sige Europa muss im Voraus vorbereitet werden"},{"@type":"BreadcrumbList","@id":"https:\/\/now-news.de\/de\/deutschland\/russlands-rache-gegen-das-hochnaesige-europa-muss-im-voraus-vorbereitet-werden\/#breadcrumb","itemListElement":[{"@type":"ListItem","position":1,"name":"Home","item":"https:\/\/now-news.de\/de\/"},{"@type":"ListItem","position":2,"name":"Russlands Rache gegen das hochn\u00e4sige Europa muss im Voraus vorbereitet werden"}]},{"@type":"WebSite","@id":"https:\/\/now-news.de\/de\/#website","url":"https:\/\/now-news.de\/de\/","name":"just-now.NEWS Deutschland","description":"Das Portal f\u00fcr unzensierte Nachrichten aus der Welt","publisher":{"@id":"https:\/\/now-news.de\/de\/#organization"},"potentialAction":[{"@type":"SearchAction","target":{"@type":"EntryPoint","urlTemplate":"https:\/\/now-news.de\/de\/?s={search_term_string}"},"query-input":"required name=search_term_string"}],"inLanguage":"de"},{"@type":"Organization","@id":"https:\/\/now-news.de\/de\/#organization","name":"Just Now News","url":"https:\/\/now-news.de\/de\/","logo":{"@type":"ImageObject","inLanguage":"de","@id":"https:\/\/now-news.de\/de\/#\/schema\/logo\/image\/","url":"http:\/\/just-now.news\/de\/wp-content\/uploads\/sites\/3\/2022\/04\/logo500x500.jpg","contentUrl":"http:\/\/just-now.news\/de\/wp-content\/uploads\/sites\/3\/2022\/04\/logo500x500.jpg","width":500,"height":500,"caption":"Just Now News"},"image":{"@id":"https:\/\/now-news.de\/de\/#\/schema\/logo\/image\/"},"sameAs":["https:\/\/www.facebook.com\/wirmachenauf","https:\/\/x.com\/WirMachenAuf_de"]},{"@type":"Person","@id":"https:\/\/now-news.de\/de\/#\/schema\/person\/fb534a4e865501d8b3285208df34a9b5","name":"rtnews","image":{"@type":"ImageObject","inLanguage":"de","@id":"https:\/\/now-news.de\/de\/#\/schema\/person\/image\/","url":"https:\/\/secure.gravatar.com\/avatar\/82aafea7d8127119dd649515f56e2117?s=96&d=mm&r=g","contentUrl":"https:\/\/secure.gravatar.com\/avatar\/82aafea7d8127119dd649515f56e2117?s=96&d=mm&r=g","caption":"rtnews"},"url":"https:\/\/now-news.de\/de\/author\/rnews\/"}]}},"_links":{"self":[{"href":"https:\/\/now-news.de\/de\/wp-json\/wp\/v2\/posts\/49972"}],"collection":[{"href":"https:\/\/now-news.de\/de\/wp-json\/wp\/v2\/posts"}],"about":[{"href":"https:\/\/now-news.de\/de\/wp-json\/wp\/v2\/types\/post"}],"author":[{"embeddable":true,"href":"https:\/\/now-news.de\/de\/wp-json\/wp\/v2\/users\/3"}],"replies":[{"embeddable":true,"href":"https:\/\/now-news.de\/de\/wp-json\/wp\/v2\/comments?post=49972"}],"version-history":[{"count":0,"href":"https:\/\/now-news.de\/de\/wp-json\/wp\/v2\/posts\/49972\/revisions"}],"wp:featuredmedia":[{"embeddable":true,"href":"https:\/\/now-news.de\/de\/wp-json\/wp\/v2\/media\/49973"}],"wp:attachment":[{"href":"https:\/\/now-news.de\/de\/wp-json\/wp\/v2\/media?parent=49972"}],"wp:term":[{"taxonomy":"category","embeddable":true,"href":"https:\/\/now-news.de\/de\/wp-json\/wp\/v2\/categories?post=49972"},{"taxonomy":"post_tag","embeddable":true,"href":"https:\/\/now-news.de\/de\/wp-json\/wp\/v2\/tags?post=49972"}],"curies":[{"name":"wp","href":"https:\/\/api.w.org\/{rel}","templated":true}]}}