{"id":49928,"date":"2023-11-17T19:21:08","date_gmt":"2023-11-17T17:21:08","guid":{"rendered":"https:\/\/just-now.news\/de\/deutschland\/nachrichtenagentur-zieht-bericht-ueber-turbokrebs-nach-impfung-zurueck\/"},"modified":"2023-11-17T19:21:08","modified_gmt":"2023-11-17T17:21:08","slug":"nachrichtenagentur-zieht-bericht-ueber-turbokrebs-nach-impfung-zurueck","status":"publish","type":"post","link":"https:\/\/now-news.de\/de\/deutschland\/nachrichtenagentur-zieht-bericht-ueber-turbokrebs-nach-impfung-zurueck\/","title":{"rendered":"Nachrichtenagentur zieht Bericht \u00fcber &quot;Turbokrebs&quot; nach Impfung zur\u00fcck"},"content":{"rendered":"<p><img decoding=\"async\" src=\"http:\/\/just-now.news\/de\/wp-content\/uploads\/sites\/3\/2023\/11\/65574fd448fbef5c890e4b7b.JPG\" \/><\/p>\n<div class=\"Text-root Text-type_1 \">\n                In einem Artikel hatte der evangelische Pressedienst Mediziner zu Wort kommen lassen, die \u00fcber die Zunahme von &#8220;Turbokrebs&#8221; nach mRNA-Impfungen berichteten. Nach einer Woche zog der epd den Beitrag zur\u00fcck. &#8220;Turbokrebs&#8221; sei zudem ein Begriff der Querdenker.\n            <\/div>\n<p><\/p>\n<div class=\"Text-root Text-type_5 ArticleView-text ViewText-root \">\n<p>Der\u00a0<em>Evangelische Pressedienst<\/em>\u00a0(<em>epd<\/em>) hat einen Bericht zur\u00fcckgezogen, indem die Agentur einen m\u00f6glichen Zusammenhang zwischen mRNA-Impfungen und der Entwicklung von &#8220;Turbokrebs&#8221; thematisierte. Die Zur\u00fccknahme eines Presseagenturberichts sei \u00e4u\u00dferst ungew\u00f6hnlich, hie\u00df es dar\u00fcber in einem\u00a0<a rel=\"nofollow noopener\" target=\"_blank\" href=\"https:\/\/www.nordkurier.de\/politik\/turbokrebs-nach-corona-impfung-presseagentur-zog-bericht-zurueck-2051370\">Beitrag<\/a>\u00a0des\u00a0<em>Nordkuriers<\/em>\u00a0vom Dienstag.<\/p>\n<blockquote>\n<p><em>&#8220;Ein \u00e4u\u00dferst seltener und entsprechend ungew\u00f6hnlicher Vorgang&#8221;, bewertete der Nordkurier und analysierte das Geschehen.<\/em><\/p>\n<\/blockquote>\n<p>Demnach habe der\u00a0<em>epd<\/em>\u00a0am 21. September unter der \u00dcberschrift: &#8220;Corona-Impfstoffe: \u00c4rzte und Forscher \u00e4u\u00dfern Bedenken&#8221; Mediziner und Wissenschaftler zu Wort kommen lassen. Diese wollten eine Zunahme von schnell wachsenden Krebserkrankungen beobachtet haben, die im zeitlichen Zusammenhang mit einer mRNA-Impfung bei den Patienten entstanden seien.<\/p>\n<p>Zitiert wurde darin zum Beispiel der M\u00fcnchner Mediziner Peter Schleicher. Er betreue 30 an &#8220;Turbokrebs&#8221; leidende Patienten. Und auch der T\u00fcbinger Chemie-Professor Andreas Schnepf, habe in dem\u00a0<em>epd-<\/em>Artikel auf zu wenig beachtete Risiken der mRNA-Impfung hingewiesen.<\/p>\n<p>Es habe sich insgesamt um einen ausgewogenen Artikel gehandelt, erkl\u00e4rte der\u00a0<em>Nordkurier<\/em>. Schlie\u00dflich seien auch das Paul-Ehrlich-Institut und die Pressereferentin vom Bundesverband &#8220;Frauenselbsthilfe Krebs&#8221;, Frau Christina Mohr mit ihren Positionen aufgef\u00fchrt worden. Jeweils wiesen sie die M\u00f6glichkeit von Turbokrebsentwicklung infolge der mRNA-Impfung zur\u00fcck.<\/p>\n<p><strong>&#8220;Turbokrebs&#8221; ein &#8220;Querdenker&#8221;-Begriff?<\/strong><\/p>\n<p>Nach Einsch\u00e4tzung des\u00a0<em>Nordkuriers<\/em>\u00a0muss dieser\u00a0<em>epd-<\/em>Bericht &#8220;offenbar hinter den Kulissen f\u00fcr reichlich Wirbel&#8221; gesorgt haben. Eine Woche nach der Ver\u00f6ffentlichung wurde er am 28. September zur\u00fcckgezogen. In der Begr\u00fcndung des\u00a0<em>epd<\/em>\u00a0hie\u00df es:<\/p>\n<blockquote>\n<p><em>&#8220;Eine nachtr\u00e4gliche Pr\u00fcfung hat gezeigt, dass dieser Text vom 21. September nicht den journalistischen Standards des epd entspricht.&#8221;<\/em><\/p>\n<\/blockquote>\n<p>Daraufhin habe sich umgehend auch die\u00a0<em>Evangelische Zeitun<\/em>g von dem Text\u00a0<a rel=\"nofollow noopener\" target=\"_blank\" href=\"https:\/\/www.evangelische-zeitung.de\/corona-impfstoffe-aerzte-und-forscher-aeussern-bedenken?s=09\">distanziert<\/a>. Deren Redaktion st\u00f6rte sich an der Bezeichnung &#8220;Turbokrebs&#8221; \u2013 dieser Begriff sei durch &#8220;Querdenker&#8221; in Umlauf gebracht worden.<\/p>\n<p>In ihrer Kritik am urspr\u00fcnglichen &#8220;Turbokrebs&#8221;-Beitrag des\u00a0<em>epd<\/em>\u00a0berief sich die\u00a0<em>Evangelische Zeitung<\/em>\u00a0auch auf einen &#8220;<a rel=\"nofollow noopener\" target=\"_blank\" href=\"https:\/\/www.rki.de\/DE\/Content\/Infekt\/Impfen\/Materialien\/Impfmythen\/Sicherheit_Krebs.html\">Faktencheck des Robert Koch-Instituts (RKI)<\/a>&#8220;. Der besagte RKI-Faktencheck habe sich nur auf herk\u00f6mmliche Impfungen bezogen \u2013 also eben nicht auf mRNA-Impfungen \u2013 bem\u00e4ngelte der\u00a0<em>Nordkurier<\/em>\u00a0die wom\u00f6glich fehlende Sorgfalt der\u00a0<em>Evangelischen Zeitung<\/em>\u00a0bei ihrer Kritik am\u00a0<em>epd<\/em>-&#8220;Turbokrebs&#8221;-Beitrag: &#8220;Die neuartigen Corona-Impfungen auf\u00a0<a rel=\"nofollow noopener\" target=\"_blank\" href=\"https:\/\/www.nordkurier.de\/regional\/uckermark\/tochter-ringt-nach-hirnblutung-um-ihr-leben-1397081\">mRNA-Basis<\/a>\u00a0als m\u00f6gliche Ursache von Krebserkrankungen, der eigentliche Gegenstand des beanstandeten Artikels, werden darin gar nicht erw\u00e4hnt.&#8221;<\/p>\n<p>Man m\u00fcsse doch annehmen, dass der urspr\u00fcngliche\u00a0<em>epd<\/em>-Agenturtext einer redaktionellen Pr\u00fcfung unterzogen worden sei. Insofern dr\u00e4nge sich nun der Verdacht auf \u2013 so der\u00a0<em>Nordkurier<\/em>\u00a0\u2013 &#8220;dass von dritter Seite Druck auf den\u00a0<em>epd<\/em>\u00a0ausge\u00fcbt wurde.&#8221;<\/p>\n<p><strong>Alte Links, die einen &#8220;pr\u00e4ziseren Stand der Wissenschaft&#8221; angeben?<\/strong><\/p>\n<p>Das habe\u00a0<em>epd<\/em>-Chefredakteur Karsten Frerichs ausdr\u00fccklich zur\u00fcckgewiesen. Man w\u00fcrde &#8220;selbstverst\u00e4ndlich keinerlei beh\u00f6rdliche Einflussnahme auf unsere Berichterstattung dulden.&#8221; Stattdessen habe man nach der Ver\u00f6ffentlichung des Beitrags in der Redaktion nach verschiedenen Anfragen von Privatpersonen eine erneute Pr\u00fcfung des Artikels vorgenommen. Diese Pr\u00fcfung habe schlie\u00dflich zu Zweifeln an der Expertise der befragten Personen gef\u00fchrt.\u00a0<\/p>\n<p>Frerichs habe in einer Mail &#8220;beispielhaft&#8221; auf sieben Links verwiesen. Diese Links h\u00e4tten den Redakteuren &#8220;einen pr\u00e4ziseren Blick auf den Stand der Wissenschaft gegeben.&#8221; Die erw\u00e4hnten Links, die angeblich einen pr\u00e4ziseren Stand der Wissenschaft angeben w\u00fcrden, seien aber alle \u00e4lter und stammten gr\u00f6\u00dftenteils noch aus dem Jahr 2022, kritisierte der\u00a0<em>Nordkurier<\/em>\u00a0die Begr\u00fcndung des\u00a0<em>epd<\/em>-Chefs.<\/p>\n<p>Offensichtlich habe man es auch nicht mehr f\u00fcr n\u00f6tig gehalten, die Mediziner und Wissenschaftler aus dem urspr\u00fcnglichen Beitrag um eine Stellungnahme zu den Zweifeln an ihren Aussagen zum &#8220;Turbokrebs&#8221; zu bitten. Der Mediziner Peter Schleicher bezeichnete die R\u00fccknahme des Beitrags als &#8220;Frontalangriff auf die Pressefreiheit&#8221;, und Professor Andreas Schnepf wolle dazu einen offenen Brief ver\u00f6ffentlichen. \u00a0<\/p>\n<p><strong>Mehr zum Thema<\/strong> &#8211;\u00a0 <a rel=\"nofollow noopener\" target=\"_blank\" href=\"https:\/\/freedert.online\/meinung\/181632-europaeische-arzneimittel-agentur-bestaetigt-im\/\">Europ\u00e4ische Arzneimittel-Agentur best\u00e4tigt Todesf\u00e4lle nach COVID-Impfung \u2013 im Kleingedruckten <\/a><\/p>\n<\/p>\n<\/div>\n<p><br \/>\n<br \/><a href=\"https:\/\/de.rt.com\/inland\/187317-presseagentur-nimmt-bericht-ueber-turbokrebs\/\">Source link <\/a><\/p>\n","protected":false},"excerpt":{"rendered":"<p>In einem Artikel hatte der evangelische Pressedienst Mediziner zu Wort kommen lassen, die \u00fcber die Zunahme von &#8220;Turbokrebs&#8221; nach mRNA-Impfungen berichteten. Nach einer Woche zog der epd den Beitrag zur\u00fcck. &#8220;Turbokrebs&#8221; sei zudem ein Begriff der Querdenker. Der\u00a0Evangelische Pressedienst\u00a0(epd) hat einen Bericht zur\u00fcckgezogen, indem die Agentur einen m\u00f6glichen Zusammenhang zwischen mRNA-Impfungen und der Entwicklung von [&hellip;]<\/p>\n","protected":false},"author":3,"featured_media":49929,"comment_status":"open","ping_status":"open","sticky":false,"template":"","format":"standard","meta":{"_yoast_indexnow_last_ping":["1700242611"],"wp_automatic_camp":["217"],"653d7321d2e161acfc270709e2b2ac53":["Nachrichtenagentur zieht Bericht \u00fcber &quot;Turbokrebs&quot; nach Impfung zur\u00fcck"],"original_link":["https:\/\/de.rt.com\/inland\/187317-presseagentur-nimmt-bericht-ueber-turbokrebs\/"],"_thumbnail_id":["49929"],"_wptgpro_p2tg_sent2tg":["a:1:{i:23737;s:19:\"2023-11-17 19:37:59\";}"],"jnews_social_counter_last_update":["1777657673"]},"categories":[19,23],"tags":[667,294,979,7128,49164,139,20511,3337],"yoast_head":"<!-- This site is optimized with the Yoast SEO Premium plugin v22.7 (Yoast SEO v22.7) - https:\/\/yoast.com\/wordpress\/plugins\/seo\/ -->\n<title>Nachrichtenagentur zieht Bericht \u00fcber &quot;Turbokrebs&quot; nach Impfung zur\u00fcck - just-now.NEWS Deutschland<\/title>\n<meta name=\"robots\" content=\"index, follow, max-snippet:-1, max-image-preview:large, max-video-preview:-1\" \/>\n<link rel=\"canonical\" href=\"https:\/\/now-news.de\/de\/deutschland\/nachrichtenagentur-zieht-bericht-ueber-turbokrebs-nach-impfung-zurueck\/\" \/>\n<meta property=\"og:locale\" content=\"de_DE\" \/>\n<meta property=\"og:type\" content=\"article\" \/>\n<meta property=\"og:title\" content=\"Nachrichtenagentur zieht Bericht \u00fcber &quot;Turbokrebs&quot; nach Impfung zur\u00fcck\" \/>\n<meta property=\"og:description\" content=\"In einem Artikel hatte der evangelische Pressedienst Mediziner zu Wort kommen lassen, die \u00fcber die Zunahme von &#8220;Turbokrebs&#8221; nach mRNA-Impfungen berichteten. Nach einer Woche zog der epd den Beitrag zur\u00fcck. &#8220;Turbokrebs&#8221; sei zudem ein Begriff der Querdenker. Der\u00a0Evangelische Pressedienst\u00a0(epd) hat einen Bericht zur\u00fcckgezogen, indem die Agentur einen m\u00f6glichen Zusammenhang zwischen mRNA-Impfungen und der Entwicklung von [&hellip;]\" \/>\n<meta property=\"og:url\" content=\"https:\/\/now-news.de\/de\/deutschland\/nachrichtenagentur-zieht-bericht-ueber-turbokrebs-nach-impfung-zurueck\/\" \/>\n<meta property=\"og:site_name\" content=\"just-now.NEWS Deutschland\" \/>\n<meta property=\"article:publisher\" content=\"https:\/\/www.facebook.com\/wirmachenauf\" \/>\n<meta property=\"article:published_time\" content=\"2023-11-17T17:21:08+00:00\" \/>\n<meta property=\"og:image\" content=\"https:\/\/now-news.de\/de\/wp-content\/uploads\/sites\/3\/2023\/11\/Nachrichtenagentur-zieht-Bericht-ueber-quotTurbokrebsquot-nach-Impfung-zurueck.JPG\" \/>\n\t<meta property=\"og:image:width\" content=\"460\" \/>\n\t<meta property=\"og:image:height\" content=\"259\" \/>\n\t<meta property=\"og:image:type\" content=\"image\/jpeg\" \/>\n<meta name=\"author\" content=\"rtnews\" \/>\n<meta name=\"twitter:card\" content=\"summary_large_image\" \/>\n<meta name=\"twitter:creator\" content=\"@WirMachenAuf_de\" \/>\n<meta name=\"twitter:site\" content=\"@WirMachenAuf_de\" \/>\n<meta name=\"twitter:label1\" content=\"Verfasst von\" \/>\n\t<meta name=\"twitter:data1\" content=\"rtnews\" \/>\n\t<meta name=\"twitter:label2\" content=\"Gesch\u00e4tzte Lesezeit\" \/>\n\t<meta name=\"twitter:data2\" content=\"3\u00a0Minuten\" \/>\n<script type=\"application\/ld+json\" class=\"yoast-schema-graph\">{\"@context\":\"https:\/\/schema.org\",\"@graph\":[{\"@type\":\"Article\",\"@id\":\"https:\/\/now-news.de\/de\/deutschland\/nachrichtenagentur-zieht-bericht-ueber-turbokrebs-nach-impfung-zurueck\/#article\",\"isPartOf\":{\"@id\":\"https:\/\/now-news.de\/de\/deutschland\/nachrichtenagentur-zieht-bericht-ueber-turbokrebs-nach-impfung-zurueck\/\"},\"author\":{\"name\":\"rtnews\",\"@id\":\"https:\/\/now-news.de\/de\/#\/schema\/person\/fb534a4e865501d8b3285208df34a9b5\"},\"headline\":\"Nachrichtenagentur zieht Bericht \u00fcber &quot;Turbokrebs&quot; nach Impfung zur\u00fcck\",\"datePublished\":\"2023-11-17T17:21:08+00:00\",\"dateModified\":\"2023-11-17T17:21:08+00:00\",\"mainEntityOfPage\":{\"@id\":\"https:\/\/now-news.de\/de\/deutschland\/nachrichtenagentur-zieht-bericht-ueber-turbokrebs-nach-impfung-zurueck\/\"},\"wordCount\":662,\"commentCount\":0,\"publisher\":{\"@id\":\"https:\/\/now-news.de\/de\/#organization\"},\"image\":{\"@id\":\"https:\/\/now-news.de\/de\/deutschland\/nachrichtenagentur-zieht-bericht-ueber-turbokrebs-nach-impfung-zurueck\/#primaryimage\"},\"thumbnailUrl\":\"https:\/\/now-news.de\/de\/wp-content\/uploads\/sites\/3\/2023\/11\/Nachrichtenagentur-zieht-Bericht-ueber-quotTurbokrebsquot-nach-Impfung-zurueck.JPG\",\"keywords\":[\"Bericht\",\"impfung\",\"nach\",\"Nachrichtenagentur\",\"quotTurbokrebsquot\",\"\u00fcber\",\"zieht\",\"zur\u00fcck\"],\"articleSection\":[\"Deutschland\",\"Russland\"],\"inLanguage\":\"de\",\"potentialAction\":[{\"@type\":\"CommentAction\",\"name\":\"Comment\",\"target\":[\"https:\/\/now-news.de\/de\/deutschland\/nachrichtenagentur-zieht-bericht-ueber-turbokrebs-nach-impfung-zurueck\/#respond\"]}]},{\"@type\":\"WebPage\",\"@id\":\"https:\/\/now-news.de\/de\/deutschland\/nachrichtenagentur-zieht-bericht-ueber-turbokrebs-nach-impfung-zurueck\/\",\"url\":\"https:\/\/now-news.de\/de\/deutschland\/nachrichtenagentur-zieht-bericht-ueber-turbokrebs-nach-impfung-zurueck\/\",\"name\":\"Nachrichtenagentur zieht Bericht \u00fcber &quot;Turbokrebs&quot; nach Impfung zur\u00fcck - just-now.NEWS Deutschland\",\"isPartOf\":{\"@id\":\"https:\/\/now-news.de\/de\/#website\"},\"primaryImageOfPage\":{\"@id\":\"https:\/\/now-news.de\/de\/deutschland\/nachrichtenagentur-zieht-bericht-ueber-turbokrebs-nach-impfung-zurueck\/#primaryimage\"},\"image\":{\"@id\":\"https:\/\/now-news.de\/de\/deutschland\/nachrichtenagentur-zieht-bericht-ueber-turbokrebs-nach-impfung-zurueck\/#primaryimage\"},\"thumbnailUrl\":\"https:\/\/now-news.de\/de\/wp-content\/uploads\/sites\/3\/2023\/11\/Nachrichtenagentur-zieht-Bericht-ueber-quotTurbokrebsquot-nach-Impfung-zurueck.JPG\",\"datePublished\":\"2023-11-17T17:21:08+00:00\",\"dateModified\":\"2023-11-17T17:21:08+00:00\",\"breadcrumb\":{\"@id\":\"https:\/\/now-news.de\/de\/deutschland\/nachrichtenagentur-zieht-bericht-ueber-turbokrebs-nach-impfung-zurueck\/#breadcrumb\"},\"inLanguage\":\"de\",\"potentialAction\":[{\"@type\":\"ReadAction\",\"target\":[\"https:\/\/now-news.de\/de\/deutschland\/nachrichtenagentur-zieht-bericht-ueber-turbokrebs-nach-impfung-zurueck\/\"]}]},{\"@type\":\"ImageObject\",\"inLanguage\":\"de\",\"@id\":\"https:\/\/now-news.de\/de\/deutschland\/nachrichtenagentur-zieht-bericht-ueber-turbokrebs-nach-impfung-zurueck\/#primaryimage\",\"url\":\"https:\/\/now-news.de\/de\/wp-content\/uploads\/sites\/3\/2023\/11\/Nachrichtenagentur-zieht-Bericht-ueber-quotTurbokrebsquot-nach-Impfung-zurueck.JPG\",\"contentUrl\":\"https:\/\/now-news.de\/de\/wp-content\/uploads\/sites\/3\/2023\/11\/Nachrichtenagentur-zieht-Bericht-ueber-quotTurbokrebsquot-nach-Impfung-zurueck.JPG\",\"width\":460,\"height\":259,\"caption\":\"Nachrichtenagentur zieht Bericht \u00fcber &quot;Turbokrebs&quot; nach Impfung zur\u00fcck\"},{\"@type\":\"BreadcrumbList\",\"@id\":\"https:\/\/now-news.de\/de\/deutschland\/nachrichtenagentur-zieht-bericht-ueber-turbokrebs-nach-impfung-zurueck\/#breadcrumb\",\"itemListElement\":[{\"@type\":\"ListItem\",\"position\":1,\"name\":\"Home\",\"item\":\"https:\/\/now-news.de\/de\/\"},{\"@type\":\"ListItem\",\"position\":2,\"name\":\"Nachrichtenagentur zieht Bericht \u00fcber &quot;Turbokrebs&quot; nach Impfung zur\u00fcck\"}]},{\"@type\":\"WebSite\",\"@id\":\"https:\/\/now-news.de\/de\/#website\",\"url\":\"https:\/\/now-news.de\/de\/\",\"name\":\"just-now.NEWS Deutschland\",\"description\":\"Das Portal f\u00fcr unzensierte Nachrichten aus der Welt\",\"publisher\":{\"@id\":\"https:\/\/now-news.de\/de\/#organization\"},\"potentialAction\":[{\"@type\":\"SearchAction\",\"target\":{\"@type\":\"EntryPoint\",\"urlTemplate\":\"https:\/\/now-news.de\/de\/?s={search_term_string}\"},\"query-input\":\"required name=search_term_string\"}],\"inLanguage\":\"de\"},{\"@type\":\"Organization\",\"@id\":\"https:\/\/now-news.de\/de\/#organization\",\"name\":\"Just Now News\",\"url\":\"https:\/\/now-news.de\/de\/\",\"logo\":{\"@type\":\"ImageObject\",\"inLanguage\":\"de\",\"@id\":\"https:\/\/now-news.de\/de\/#\/schema\/logo\/image\/\",\"url\":\"http:\/\/just-now.news\/de\/wp-content\/uploads\/sites\/3\/2022\/04\/logo500x500.jpg\",\"contentUrl\":\"http:\/\/just-now.news\/de\/wp-content\/uploads\/sites\/3\/2022\/04\/logo500x500.jpg\",\"width\":500,\"height\":500,\"caption\":\"Just Now News\"},\"image\":{\"@id\":\"https:\/\/now-news.de\/de\/#\/schema\/logo\/image\/\"},\"sameAs\":[\"https:\/\/www.facebook.com\/wirmachenauf\",\"https:\/\/x.com\/WirMachenAuf_de\"]},{\"@type\":\"Person\",\"@id\":\"https:\/\/now-news.de\/de\/#\/schema\/person\/fb534a4e865501d8b3285208df34a9b5\",\"name\":\"rtnews\",\"image\":{\"@type\":\"ImageObject\",\"inLanguage\":\"de\",\"@id\":\"https:\/\/now-news.de\/de\/#\/schema\/person\/image\/\",\"url\":\"https:\/\/secure.gravatar.com\/avatar\/82aafea7d8127119dd649515f56e2117?s=96&d=mm&r=g\",\"contentUrl\":\"https:\/\/secure.gravatar.com\/avatar\/82aafea7d8127119dd649515f56e2117?s=96&d=mm&r=g\",\"caption\":\"rtnews\"},\"url\":\"https:\/\/now-news.de\/de\/author\/rnews\/\"}]}<\/script>\n<!-- \/ Yoast SEO Premium plugin. -->","yoast_head_json":{"title":"Nachrichtenagentur zieht Bericht \u00fcber &quot;Turbokrebs&quot; nach Impfung zur\u00fcck - just-now.NEWS Deutschland","robots":{"index":"index","follow":"follow","max-snippet":"max-snippet:-1","max-image-preview":"max-image-preview:large","max-video-preview":"max-video-preview:-1"},"canonical":"https:\/\/now-news.de\/de\/deutschland\/nachrichtenagentur-zieht-bericht-ueber-turbokrebs-nach-impfung-zurueck\/","og_locale":"de_DE","og_type":"article","og_title":"Nachrichtenagentur zieht Bericht \u00fcber &quot;Turbokrebs&quot; nach Impfung zur\u00fcck","og_description":"In einem Artikel hatte der evangelische Pressedienst Mediziner zu Wort kommen lassen, die \u00fcber die Zunahme von &#8220;Turbokrebs&#8221; nach mRNA-Impfungen berichteten. Nach einer Woche zog der epd den Beitrag zur\u00fcck. &#8220;Turbokrebs&#8221; sei zudem ein Begriff der Querdenker. Der\u00a0Evangelische Pressedienst\u00a0(epd) hat einen Bericht zur\u00fcckgezogen, indem die Agentur einen m\u00f6glichen Zusammenhang zwischen mRNA-Impfungen und der Entwicklung von [&hellip;]","og_url":"https:\/\/now-news.de\/de\/deutschland\/nachrichtenagentur-zieht-bericht-ueber-turbokrebs-nach-impfung-zurueck\/","og_site_name":"just-now.NEWS Deutschland","article_publisher":"https:\/\/www.facebook.com\/wirmachenauf","article_published_time":"2023-11-17T17:21:08+00:00","og_image":[{"width":460,"height":259,"url":"https:\/\/now-news.de\/de\/wp-content\/uploads\/sites\/3\/2023\/11\/Nachrichtenagentur-zieht-Bericht-ueber-quotTurbokrebsquot-nach-Impfung-zurueck.JPG","type":"image\/jpeg"}],"author":"rtnews","twitter_card":"summary_large_image","twitter_creator":"@WirMachenAuf_de","twitter_site":"@WirMachenAuf_de","twitter_misc":{"Verfasst von":"rtnews","Gesch\u00e4tzte Lesezeit":"3\u00a0Minuten"},"schema":{"@context":"https:\/\/schema.org","@graph":[{"@type":"Article","@id":"https:\/\/now-news.de\/de\/deutschland\/nachrichtenagentur-zieht-bericht-ueber-turbokrebs-nach-impfung-zurueck\/#article","isPartOf":{"@id":"https:\/\/now-news.de\/de\/deutschland\/nachrichtenagentur-zieht-bericht-ueber-turbokrebs-nach-impfung-zurueck\/"},"author":{"name":"rtnews","@id":"https:\/\/now-news.de\/de\/#\/schema\/person\/fb534a4e865501d8b3285208df34a9b5"},"headline":"Nachrichtenagentur zieht Bericht \u00fcber &quot;Turbokrebs&quot; nach Impfung zur\u00fcck","datePublished":"2023-11-17T17:21:08+00:00","dateModified":"2023-11-17T17:21:08+00:00","mainEntityOfPage":{"@id":"https:\/\/now-news.de\/de\/deutschland\/nachrichtenagentur-zieht-bericht-ueber-turbokrebs-nach-impfung-zurueck\/"},"wordCount":662,"commentCount":0,"publisher":{"@id":"https:\/\/now-news.de\/de\/#organization"},"image":{"@id":"https:\/\/now-news.de\/de\/deutschland\/nachrichtenagentur-zieht-bericht-ueber-turbokrebs-nach-impfung-zurueck\/#primaryimage"},"thumbnailUrl":"https:\/\/now-news.de\/de\/wp-content\/uploads\/sites\/3\/2023\/11\/Nachrichtenagentur-zieht-Bericht-ueber-quotTurbokrebsquot-nach-Impfung-zurueck.JPG","keywords":["Bericht","impfung","nach","Nachrichtenagentur","quotTurbokrebsquot","\u00fcber","zieht","zur\u00fcck"],"articleSection":["Deutschland","Russland"],"inLanguage":"de","potentialAction":[{"@type":"CommentAction","name":"Comment","target":["https:\/\/now-news.de\/de\/deutschland\/nachrichtenagentur-zieht-bericht-ueber-turbokrebs-nach-impfung-zurueck\/#respond"]}]},{"@type":"WebPage","@id":"https:\/\/now-news.de\/de\/deutschland\/nachrichtenagentur-zieht-bericht-ueber-turbokrebs-nach-impfung-zurueck\/","url":"https:\/\/now-news.de\/de\/deutschland\/nachrichtenagentur-zieht-bericht-ueber-turbokrebs-nach-impfung-zurueck\/","name":"Nachrichtenagentur zieht Bericht \u00fcber &quot;Turbokrebs&quot; nach Impfung zur\u00fcck - just-now.NEWS Deutschland","isPartOf":{"@id":"https:\/\/now-news.de\/de\/#website"},"primaryImageOfPage":{"@id":"https:\/\/now-news.de\/de\/deutschland\/nachrichtenagentur-zieht-bericht-ueber-turbokrebs-nach-impfung-zurueck\/#primaryimage"},"image":{"@id":"https:\/\/now-news.de\/de\/deutschland\/nachrichtenagentur-zieht-bericht-ueber-turbokrebs-nach-impfung-zurueck\/#primaryimage"},"thumbnailUrl":"https:\/\/now-news.de\/de\/wp-content\/uploads\/sites\/3\/2023\/11\/Nachrichtenagentur-zieht-Bericht-ueber-quotTurbokrebsquot-nach-Impfung-zurueck.JPG","datePublished":"2023-11-17T17:21:08+00:00","dateModified":"2023-11-17T17:21:08+00:00","breadcrumb":{"@id":"https:\/\/now-news.de\/de\/deutschland\/nachrichtenagentur-zieht-bericht-ueber-turbokrebs-nach-impfung-zurueck\/#breadcrumb"},"inLanguage":"de","potentialAction":[{"@type":"ReadAction","target":["https:\/\/now-news.de\/de\/deutschland\/nachrichtenagentur-zieht-bericht-ueber-turbokrebs-nach-impfung-zurueck\/"]}]},{"@type":"ImageObject","inLanguage":"de","@id":"https:\/\/now-news.de\/de\/deutschland\/nachrichtenagentur-zieht-bericht-ueber-turbokrebs-nach-impfung-zurueck\/#primaryimage","url":"https:\/\/now-news.de\/de\/wp-content\/uploads\/sites\/3\/2023\/11\/Nachrichtenagentur-zieht-Bericht-ueber-quotTurbokrebsquot-nach-Impfung-zurueck.JPG","contentUrl":"https:\/\/now-news.de\/de\/wp-content\/uploads\/sites\/3\/2023\/11\/Nachrichtenagentur-zieht-Bericht-ueber-quotTurbokrebsquot-nach-Impfung-zurueck.JPG","width":460,"height":259,"caption":"Nachrichtenagentur zieht Bericht \u00fcber &quot;Turbokrebs&quot; nach Impfung zur\u00fcck"},{"@type":"BreadcrumbList","@id":"https:\/\/now-news.de\/de\/deutschland\/nachrichtenagentur-zieht-bericht-ueber-turbokrebs-nach-impfung-zurueck\/#breadcrumb","itemListElement":[{"@type":"ListItem","position":1,"name":"Home","item":"https:\/\/now-news.de\/de\/"},{"@type":"ListItem","position":2,"name":"Nachrichtenagentur zieht Bericht \u00fcber &quot;Turbokrebs&quot; nach Impfung zur\u00fcck"}]},{"@type":"WebSite","@id":"https:\/\/now-news.de\/de\/#website","url":"https:\/\/now-news.de\/de\/","name":"just-now.NEWS Deutschland","description":"Das Portal f\u00fcr unzensierte Nachrichten aus der Welt","publisher":{"@id":"https:\/\/now-news.de\/de\/#organization"},"potentialAction":[{"@type":"SearchAction","target":{"@type":"EntryPoint","urlTemplate":"https:\/\/now-news.de\/de\/?s={search_term_string}"},"query-input":"required name=search_term_string"}],"inLanguage":"de"},{"@type":"Organization","@id":"https:\/\/now-news.de\/de\/#organization","name":"Just Now News","url":"https:\/\/now-news.de\/de\/","logo":{"@type":"ImageObject","inLanguage":"de","@id":"https:\/\/now-news.de\/de\/#\/schema\/logo\/image\/","url":"http:\/\/just-now.news\/de\/wp-content\/uploads\/sites\/3\/2022\/04\/logo500x500.jpg","contentUrl":"http:\/\/just-now.news\/de\/wp-content\/uploads\/sites\/3\/2022\/04\/logo500x500.jpg","width":500,"height":500,"caption":"Just Now News"},"image":{"@id":"https:\/\/now-news.de\/de\/#\/schema\/logo\/image\/"},"sameAs":["https:\/\/www.facebook.com\/wirmachenauf","https:\/\/x.com\/WirMachenAuf_de"]},{"@type":"Person","@id":"https:\/\/now-news.de\/de\/#\/schema\/person\/fb534a4e865501d8b3285208df34a9b5","name":"rtnews","image":{"@type":"ImageObject","inLanguage":"de","@id":"https:\/\/now-news.de\/de\/#\/schema\/person\/image\/","url":"https:\/\/secure.gravatar.com\/avatar\/82aafea7d8127119dd649515f56e2117?s=96&d=mm&r=g","contentUrl":"https:\/\/secure.gravatar.com\/avatar\/82aafea7d8127119dd649515f56e2117?s=96&d=mm&r=g","caption":"rtnews"},"url":"https:\/\/now-news.de\/de\/author\/rnews\/"}]}},"_links":{"self":[{"href":"https:\/\/now-news.de\/de\/wp-json\/wp\/v2\/posts\/49928"}],"collection":[{"href":"https:\/\/now-news.de\/de\/wp-json\/wp\/v2\/posts"}],"about":[{"href":"https:\/\/now-news.de\/de\/wp-json\/wp\/v2\/types\/post"}],"author":[{"embeddable":true,"href":"https:\/\/now-news.de\/de\/wp-json\/wp\/v2\/users\/3"}],"replies":[{"embeddable":true,"href":"https:\/\/now-news.de\/de\/wp-json\/wp\/v2\/comments?post=49928"}],"version-history":[{"count":0,"href":"https:\/\/now-news.de\/de\/wp-json\/wp\/v2\/posts\/49928\/revisions"}],"wp:featuredmedia":[{"embeddable":true,"href":"https:\/\/now-news.de\/de\/wp-json\/wp\/v2\/media\/49929"}],"wp:attachment":[{"href":"https:\/\/now-news.de\/de\/wp-json\/wp\/v2\/media?parent=49928"}],"wp:term":[{"taxonomy":"category","embeddable":true,"href":"https:\/\/now-news.de\/de\/wp-json\/wp\/v2\/categories?post=49928"},{"taxonomy":"post_tag","embeddable":true,"href":"https:\/\/now-news.de\/de\/wp-json\/wp\/v2\/tags?post=49928"}],"curies":[{"name":"wp","href":"https:\/\/api.w.org\/{rel}","templated":true}]}}