{"id":49880,"date":"2023-11-16T21:57:57","date_gmt":"2023-11-16T19:57:57","guid":{"rendered":"https:\/\/just-now.news\/de\/deutschland\/wegen-protestaktion-im-supermarkt-russisches-gericht-verurteilt-aktivistin-zu-sieben-jahren-haft\/"},"modified":"2023-11-16T21:57:57","modified_gmt":"2023-11-16T19:57:57","slug":"wegen-protestaktion-im-supermarkt-russisches-gericht-verurteilt-aktivistin-zu-sieben-jahren-haft","status":"publish","type":"post","link":"https:\/\/now-news.de\/de\/deutschland\/wegen-protestaktion-im-supermarkt-russisches-gericht-verurteilt-aktivistin-zu-sieben-jahren-haft\/","title":{"rendered":"Wegen Protestaktion im Supermarkt: Russisches Gericht verurteilt Aktivistin zu sieben Jahren Haft"},"content":{"rendered":"<p><img decoding=\"async\" src=\"http:\/\/just-now.news\/de\/wp-content\/uploads\/sites\/3\/2023\/11\/655643fab480cc638408a499.jpg\" \/><\/p>\n<div class=\"Text-root Text-type_1 \">\n                Eine 33-j\u00e4hrige Frau aus Sankt Petersburg hatte in einem Supermarkt Preisschilder durch Zettel ersetzt, auf denen sie zum Ende des Krieges in der Ukraine aufgerufen hatte. Ein Gericht verurteilte sie nun wegen &#8220;Falschinformationen&#8221; \u00fcber die russische Armee zu sieben Jahren Haft.\n            <\/div>\n<p><\/p>\n<div class=\"Text-root Text-type_5 ArticleView-text ViewText-root \">\n<p>Ein Gericht in Sankt Petersburg hat die Aktivistin Alexandra Skotschilenko der Verbreitung &#8220;falscher Informationen&#8221; \u00fcber die russische Armee f\u00fcr schuldig befunden und zu sieben Jahren Haft verurteilt. Die Staatsanwaltschaft hatte acht Jahre Haft gefordert, die Verteidigung auf Freispruch pl\u00e4diert.<\/p>\n<p>Skotschilenko war im April 2022 festgenommen worden, nachdem sie in einem Supermarkt Preisschilder durch Zettel ersetzt hatte, auf denen sie zum Ende des Krieges aufgerufen hatte. Die Zettel hatten auch Informationen \u00fcber zivile Todesf\u00e4lle in der Stadt Mariupol enthalten. Die Aktivistin war von einer \u00e4lteren Frau angezeigt worden, die sie beim Auswechseln der Preisschilder beobachtet hatte. In einem Interview mit dem Medienunternehmen <em>Bumaga<\/em> sagte die 76-j\u00e4hrige Seniorin, sie habe &#8220;kein Mitleid mit ihr&#8221;. Skotschilenko betonte jedoch, sie sei von der Idee angetrieben worden, Menschenleben zu retten. &#8220;Ich wollte nur den Krieg beenden, das war meine Motivation. Nicht Hass, sondern Mitgef\u00fchl. Ich bin sicher, dass jeder im Gerichtssaal nicht will, dass es Krieg gibt&#8221;, hatte sie bei einer Anh\u00f6rung im November erkl\u00e4rt.<\/p>\n<p>Vor der Urteilsverk\u00fcndung am Donnerstag sagte die Angeklagte: &#8220;Der Staatsanwalt hat mehrfach erw\u00e4hnt, dass meine Tat extrem gef\u00e4hrlich f\u00fcr die Gesellschaft und den Staat sei. Wie wenig Vertrauen hat der Staatsanwalt in unseren Staat und unsere Gesellschaft, wenn er glaubt, dass unser Staat und die \u00f6ffentliche Sicherheit durch f\u00fcnf kleine Zettel zerst\u00f6rt werden k\u00f6nnen?&#8221;<\/p>\n<p>Sie sei Pazifistin, erkl\u00e4rte sie:<\/p>\n<blockquote>\n<p><em>&#8220;Pazifisten hat es immer gegeben. Es ist eine besondere Art von Menschen, die das Leben als h\u00f6chsten Wert betrachten. Wir glauben, dass jeder Konflikt friedlich gel\u00f6st werden kann. Ich kann nicht mal eine Spinne t\u00f6ten. Ich habe Angst, mir vorzustellen, dass man jemanden t\u00f6ten kann.&#8221;<\/em><\/p>\n<\/blockquote>\n<p>Der Prozess gegen die 33-J\u00e4hrige war einer der l\u00e4ngsten im Rahmen des Gesetzes \u00fcber &#8220;Falschinformationen \u00fcber die russische Armee&#8221;, das kurz nach Beginn des Krieges in der Ukraine verabschiedet wurde.<\/p>\n<p>Seit ihrer Festnahme hat Skotschilenko 19 Monate in Untersuchungshaft verbracht. Nach Angaben ihrer Anw\u00e4ltin leidet die 33-J\u00e4hrige an Z\u00f6liakie und hat einen angeborenen Herzfehler. Ihren Antrag auf Hausarrest wegen ihres Gesundheitszustandes\u00a0hatte das Gericht abgelehnt. Auch ihre Mutter beklagte, dass sich der Zustand ihrer Tochter im Gef\u00e4ngnis deutlich verschlechtert habe.<\/p>\n<p><strong>Mehr zum Thema<\/strong> \u2013 <a rel=\"nofollow noopener\" target=\"_blank\" href=\"https:\/\/freedert.online\/russland\/187223-moskau-gruender-russischen-freiwilligenkorps-bekommt\/\">Moskau: Neonazi und RDK-Gr\u00fcnder Kapustin zu lebenslanger Freiheitsstrafe verurteilt<\/a><\/p>\n<\/div>\n<p><br \/>\n<br \/><a href=\"https:\/\/de.rt.com\/russland\/187255-wegen-protestaktion-im-supermarkt-russisches-gericht-verurteilt-aktivistin\/\">Source link <\/a><\/p>\n","protected":false},"excerpt":{"rendered":"<p>Eine 33-j\u00e4hrige Frau aus Sankt Petersburg hatte in einem Supermarkt Preisschilder durch Zettel ersetzt, auf denen sie zum Ende des Krieges in der Ukraine aufgerufen hatte. Ein Gericht verurteilte sie nun wegen &#8220;Falschinformationen&#8221; \u00fcber die russische Armee zu sieben Jahren Haft. Ein Gericht in Sankt Petersburg hat die Aktivistin Alexandra Skotschilenko der Verbreitung &#8220;falscher Informationen&#8221; [&hellip;]<\/p>\n","protected":false},"author":3,"featured_media":49881,"comment_status":"open","ping_status":"open","sticky":false,"template":"","format":"standard","meta":{"_yoast_indexnow_last_ping":["1700165307"],"wp_automatic_camp":["217"],"50f1eaeba2f9cecfe97e36e3325103b7":["Wegen Protestaktion im Supermarkt: Russisches Gericht verurteilt Aktivistin zu sieben Jahren Haft"],"original_link":["https:\/\/de.rt.com\/russland\/187255-wegen-protestaktion-im-supermarkt-russisches-gericht-verurteilt-aktivistin\/"],"_thumbnail_id":["49881"],"jnews_social_counter_last_update":["1777180665"],"_wptgpro_p2tg_sent2tg":["a:1:{i:23737;s:19:\"2023-11-16 22:10:17\";}"]},"categories":[19,23],"tags":[25396,3348,19011,1728,40219,795,1812,50707,2006,145],"yoast_head":"<!-- This site is optimized with the Yoast SEO Premium plugin v22.7 (Yoast SEO v22.7) - https:\/\/yoast.com\/wordpress\/plugins\/seo\/ -->\n<title>Wegen Protestaktion im Supermarkt: Russisches Gericht verurteilt Aktivistin zu sieben Jahren Haft - just-now.NEWS Deutschland<\/title>\n<meta name=\"robots\" content=\"index, follow, max-snippet:-1, max-image-preview:large, max-video-preview:-1\" \/>\n<link rel=\"canonical\" href=\"https:\/\/now-news.de\/de\/deutschland\/wegen-protestaktion-im-supermarkt-russisches-gericht-verurteilt-aktivistin-zu-sieben-jahren-haft\/\" \/>\n<meta property=\"og:locale\" content=\"de_DE\" \/>\n<meta property=\"og:type\" content=\"article\" \/>\n<meta property=\"og:title\" content=\"Wegen Protestaktion im Supermarkt: Russisches Gericht verurteilt Aktivistin zu sieben Jahren Haft\" \/>\n<meta property=\"og:description\" content=\"Eine 33-j\u00e4hrige Frau aus Sankt Petersburg hatte in einem Supermarkt Preisschilder durch Zettel ersetzt, auf denen sie zum Ende des Krieges in der Ukraine aufgerufen hatte. Ein Gericht verurteilte sie nun wegen &#8220;Falschinformationen&#8221; \u00fcber die russische Armee zu sieben Jahren Haft. Ein Gericht in Sankt Petersburg hat die Aktivistin Alexandra Skotschilenko der Verbreitung &#8220;falscher Informationen&#8221; [&hellip;]\" \/>\n<meta property=\"og:url\" content=\"https:\/\/now-news.de\/de\/deutschland\/wegen-protestaktion-im-supermarkt-russisches-gericht-verurteilt-aktivistin-zu-sieben-jahren-haft\/\" \/>\n<meta property=\"og:site_name\" content=\"just-now.NEWS Deutschland\" \/>\n<meta property=\"article:publisher\" content=\"https:\/\/www.facebook.com\/wirmachenauf\" \/>\n<meta property=\"article:published_time\" content=\"2023-11-16T19:57:57+00:00\" \/>\n<meta property=\"og:image\" content=\"https:\/\/now-news.de\/de\/wp-content\/uploads\/sites\/3\/2023\/11\/Wegen-Protestaktion-im-Supermarkt-Russisches-Gericht-verurteilt-Aktivistin-zu-sieben.jpg\" \/>\n\t<meta property=\"og:image:width\" content=\"460\" \/>\n\t<meta property=\"og:image:height\" content=\"259\" \/>\n\t<meta property=\"og:image:type\" content=\"image\/jpeg\" \/>\n<meta name=\"author\" content=\"rtnews\" \/>\n<meta name=\"twitter:card\" content=\"summary_large_image\" \/>\n<meta name=\"twitter:creator\" content=\"@WirMachenAuf_de\" \/>\n<meta name=\"twitter:site\" content=\"@WirMachenAuf_de\" \/>\n<meta name=\"twitter:label1\" content=\"Verfasst von\" \/>\n\t<meta name=\"twitter:data1\" content=\"rtnews\" \/>\n\t<meta name=\"twitter:label2\" content=\"Gesch\u00e4tzte Lesezeit\" \/>\n\t<meta name=\"twitter:data2\" content=\"2\u00a0Minuten\" \/>\n<script type=\"application\/ld+json\" class=\"yoast-schema-graph\">{\"@context\":\"https:\/\/schema.org\",\"@graph\":[{\"@type\":\"Article\",\"@id\":\"https:\/\/now-news.de\/de\/deutschland\/wegen-protestaktion-im-supermarkt-russisches-gericht-verurteilt-aktivistin-zu-sieben-jahren-haft\/#article\",\"isPartOf\":{\"@id\":\"https:\/\/now-news.de\/de\/deutschland\/wegen-protestaktion-im-supermarkt-russisches-gericht-verurteilt-aktivistin-zu-sieben-jahren-haft\/\"},\"author\":{\"name\":\"rtnews\",\"@id\":\"https:\/\/now-news.de\/de\/#\/schema\/person\/fb534a4e865501d8b3285208df34a9b5\"},\"headline\":\"Wegen Protestaktion im Supermarkt: Russisches Gericht verurteilt Aktivistin zu sieben Jahren Haft\",\"datePublished\":\"2023-11-16T19:57:57+00:00\",\"dateModified\":\"2023-11-16T19:57:57+00:00\",\"mainEntityOfPage\":{\"@id\":\"https:\/\/now-news.de\/de\/deutschland\/wegen-protestaktion-im-supermarkt-russisches-gericht-verurteilt-aktivistin-zu-sieben-jahren-haft\/\"},\"wordCount\":437,\"commentCount\":0,\"publisher\":{\"@id\":\"https:\/\/now-news.de\/de\/#organization\"},\"image\":{\"@id\":\"https:\/\/now-news.de\/de\/deutschland\/wegen-protestaktion-im-supermarkt-russisches-gericht-verurteilt-aktivistin-zu-sieben-jahren-haft\/#primaryimage\"},\"thumbnailUrl\":\"https:\/\/now-news.de\/de\/wp-content\/uploads\/sites\/3\/2023\/11\/Wegen-Protestaktion-im-Supermarkt-Russisches-Gericht-verurteilt-Aktivistin-zu-sieben.jpg\",\"keywords\":[\"Aktivistin\",\"Gericht\",\"Haft\",\"Jahren\",\"Protestaktion\",\"Russisches\",\"Sieben\",\"Supermarkt\",\"verurteilt\",\"wegen\"],\"articleSection\":[\"Deutschland\",\"Russland\"],\"inLanguage\":\"de\",\"potentialAction\":[{\"@type\":\"CommentAction\",\"name\":\"Comment\",\"target\":[\"https:\/\/now-news.de\/de\/deutschland\/wegen-protestaktion-im-supermarkt-russisches-gericht-verurteilt-aktivistin-zu-sieben-jahren-haft\/#respond\"]}]},{\"@type\":\"WebPage\",\"@id\":\"https:\/\/now-news.de\/de\/deutschland\/wegen-protestaktion-im-supermarkt-russisches-gericht-verurteilt-aktivistin-zu-sieben-jahren-haft\/\",\"url\":\"https:\/\/now-news.de\/de\/deutschland\/wegen-protestaktion-im-supermarkt-russisches-gericht-verurteilt-aktivistin-zu-sieben-jahren-haft\/\",\"name\":\"Wegen Protestaktion im Supermarkt: Russisches Gericht verurteilt Aktivistin zu sieben Jahren Haft - just-now.NEWS Deutschland\",\"isPartOf\":{\"@id\":\"https:\/\/now-news.de\/de\/#website\"},\"primaryImageOfPage\":{\"@id\":\"https:\/\/now-news.de\/de\/deutschland\/wegen-protestaktion-im-supermarkt-russisches-gericht-verurteilt-aktivistin-zu-sieben-jahren-haft\/#primaryimage\"},\"image\":{\"@id\":\"https:\/\/now-news.de\/de\/deutschland\/wegen-protestaktion-im-supermarkt-russisches-gericht-verurteilt-aktivistin-zu-sieben-jahren-haft\/#primaryimage\"},\"thumbnailUrl\":\"https:\/\/now-news.de\/de\/wp-content\/uploads\/sites\/3\/2023\/11\/Wegen-Protestaktion-im-Supermarkt-Russisches-Gericht-verurteilt-Aktivistin-zu-sieben.jpg\",\"datePublished\":\"2023-11-16T19:57:57+00:00\",\"dateModified\":\"2023-11-16T19:57:57+00:00\",\"breadcrumb\":{\"@id\":\"https:\/\/now-news.de\/de\/deutschland\/wegen-protestaktion-im-supermarkt-russisches-gericht-verurteilt-aktivistin-zu-sieben-jahren-haft\/#breadcrumb\"},\"inLanguage\":\"de\",\"potentialAction\":[{\"@type\":\"ReadAction\",\"target\":[\"https:\/\/now-news.de\/de\/deutschland\/wegen-protestaktion-im-supermarkt-russisches-gericht-verurteilt-aktivistin-zu-sieben-jahren-haft\/\"]}]},{\"@type\":\"ImageObject\",\"inLanguage\":\"de\",\"@id\":\"https:\/\/now-news.de\/de\/deutschland\/wegen-protestaktion-im-supermarkt-russisches-gericht-verurteilt-aktivistin-zu-sieben-jahren-haft\/#primaryimage\",\"url\":\"https:\/\/now-news.de\/de\/wp-content\/uploads\/sites\/3\/2023\/11\/Wegen-Protestaktion-im-Supermarkt-Russisches-Gericht-verurteilt-Aktivistin-zu-sieben.jpg\",\"contentUrl\":\"https:\/\/now-news.de\/de\/wp-content\/uploads\/sites\/3\/2023\/11\/Wegen-Protestaktion-im-Supermarkt-Russisches-Gericht-verurteilt-Aktivistin-zu-sieben.jpg\",\"width\":460,\"height\":259,\"caption\":\"Wegen Protestaktion im Supermarkt: Russisches Gericht verurteilt Aktivistin zu sieben Jahren Haft\"},{\"@type\":\"BreadcrumbList\",\"@id\":\"https:\/\/now-news.de\/de\/deutschland\/wegen-protestaktion-im-supermarkt-russisches-gericht-verurteilt-aktivistin-zu-sieben-jahren-haft\/#breadcrumb\",\"itemListElement\":[{\"@type\":\"ListItem\",\"position\":1,\"name\":\"Home\",\"item\":\"https:\/\/now-news.de\/de\/\"},{\"@type\":\"ListItem\",\"position\":2,\"name\":\"Wegen Protestaktion im Supermarkt: Russisches Gericht verurteilt Aktivistin zu sieben Jahren Haft\"}]},{\"@type\":\"WebSite\",\"@id\":\"https:\/\/now-news.de\/de\/#website\",\"url\":\"https:\/\/now-news.de\/de\/\",\"name\":\"just-now.NEWS Deutschland\",\"description\":\"Das Portal f\u00fcr unzensierte Nachrichten aus der Welt\",\"publisher\":{\"@id\":\"https:\/\/now-news.de\/de\/#organization\"},\"potentialAction\":[{\"@type\":\"SearchAction\",\"target\":{\"@type\":\"EntryPoint\",\"urlTemplate\":\"https:\/\/now-news.de\/de\/?s={search_term_string}\"},\"query-input\":\"required name=search_term_string\"}],\"inLanguage\":\"de\"},{\"@type\":\"Organization\",\"@id\":\"https:\/\/now-news.de\/de\/#organization\",\"name\":\"Just Now News\",\"url\":\"https:\/\/now-news.de\/de\/\",\"logo\":{\"@type\":\"ImageObject\",\"inLanguage\":\"de\",\"@id\":\"https:\/\/now-news.de\/de\/#\/schema\/logo\/image\/\",\"url\":\"http:\/\/just-now.news\/de\/wp-content\/uploads\/sites\/3\/2022\/04\/logo500x500.jpg\",\"contentUrl\":\"http:\/\/just-now.news\/de\/wp-content\/uploads\/sites\/3\/2022\/04\/logo500x500.jpg\",\"width\":500,\"height\":500,\"caption\":\"Just Now News\"},\"image\":{\"@id\":\"https:\/\/now-news.de\/de\/#\/schema\/logo\/image\/\"},\"sameAs\":[\"https:\/\/www.facebook.com\/wirmachenauf\",\"https:\/\/x.com\/WirMachenAuf_de\"]},{\"@type\":\"Person\",\"@id\":\"https:\/\/now-news.de\/de\/#\/schema\/person\/fb534a4e865501d8b3285208df34a9b5\",\"name\":\"rtnews\",\"image\":{\"@type\":\"ImageObject\",\"inLanguage\":\"de\",\"@id\":\"https:\/\/now-news.de\/de\/#\/schema\/person\/image\/\",\"url\":\"https:\/\/secure.gravatar.com\/avatar\/82aafea7d8127119dd649515f56e2117?s=96&d=mm&r=g\",\"contentUrl\":\"https:\/\/secure.gravatar.com\/avatar\/82aafea7d8127119dd649515f56e2117?s=96&d=mm&r=g\",\"caption\":\"rtnews\"},\"url\":\"https:\/\/now-news.de\/de\/author\/rnews\/\"}]}<\/script>\n<!-- \/ Yoast SEO Premium plugin. -->","yoast_head_json":{"title":"Wegen Protestaktion im Supermarkt: Russisches Gericht verurteilt Aktivistin zu sieben Jahren Haft - just-now.NEWS Deutschland","robots":{"index":"index","follow":"follow","max-snippet":"max-snippet:-1","max-image-preview":"max-image-preview:large","max-video-preview":"max-video-preview:-1"},"canonical":"https:\/\/now-news.de\/de\/deutschland\/wegen-protestaktion-im-supermarkt-russisches-gericht-verurteilt-aktivistin-zu-sieben-jahren-haft\/","og_locale":"de_DE","og_type":"article","og_title":"Wegen Protestaktion im Supermarkt: Russisches Gericht verurteilt Aktivistin zu sieben Jahren Haft","og_description":"Eine 33-j\u00e4hrige Frau aus Sankt Petersburg hatte in einem Supermarkt Preisschilder durch Zettel ersetzt, auf denen sie zum Ende des Krieges in der Ukraine aufgerufen hatte. Ein Gericht verurteilte sie nun wegen &#8220;Falschinformationen&#8221; \u00fcber die russische Armee zu sieben Jahren Haft. Ein Gericht in Sankt Petersburg hat die Aktivistin Alexandra Skotschilenko der Verbreitung &#8220;falscher Informationen&#8221; [&hellip;]","og_url":"https:\/\/now-news.de\/de\/deutschland\/wegen-protestaktion-im-supermarkt-russisches-gericht-verurteilt-aktivistin-zu-sieben-jahren-haft\/","og_site_name":"just-now.NEWS Deutschland","article_publisher":"https:\/\/www.facebook.com\/wirmachenauf","article_published_time":"2023-11-16T19:57:57+00:00","og_image":[{"width":460,"height":259,"url":"https:\/\/now-news.de\/de\/wp-content\/uploads\/sites\/3\/2023\/11\/Wegen-Protestaktion-im-Supermarkt-Russisches-Gericht-verurteilt-Aktivistin-zu-sieben.jpg","type":"image\/jpeg"}],"author":"rtnews","twitter_card":"summary_large_image","twitter_creator":"@WirMachenAuf_de","twitter_site":"@WirMachenAuf_de","twitter_misc":{"Verfasst von":"rtnews","Gesch\u00e4tzte Lesezeit":"2\u00a0Minuten"},"schema":{"@context":"https:\/\/schema.org","@graph":[{"@type":"Article","@id":"https:\/\/now-news.de\/de\/deutschland\/wegen-protestaktion-im-supermarkt-russisches-gericht-verurteilt-aktivistin-zu-sieben-jahren-haft\/#article","isPartOf":{"@id":"https:\/\/now-news.de\/de\/deutschland\/wegen-protestaktion-im-supermarkt-russisches-gericht-verurteilt-aktivistin-zu-sieben-jahren-haft\/"},"author":{"name":"rtnews","@id":"https:\/\/now-news.de\/de\/#\/schema\/person\/fb534a4e865501d8b3285208df34a9b5"},"headline":"Wegen Protestaktion im Supermarkt: Russisches Gericht verurteilt Aktivistin zu sieben Jahren Haft","datePublished":"2023-11-16T19:57:57+00:00","dateModified":"2023-11-16T19:57:57+00:00","mainEntityOfPage":{"@id":"https:\/\/now-news.de\/de\/deutschland\/wegen-protestaktion-im-supermarkt-russisches-gericht-verurteilt-aktivistin-zu-sieben-jahren-haft\/"},"wordCount":437,"commentCount":0,"publisher":{"@id":"https:\/\/now-news.de\/de\/#organization"},"image":{"@id":"https:\/\/now-news.de\/de\/deutschland\/wegen-protestaktion-im-supermarkt-russisches-gericht-verurteilt-aktivistin-zu-sieben-jahren-haft\/#primaryimage"},"thumbnailUrl":"https:\/\/now-news.de\/de\/wp-content\/uploads\/sites\/3\/2023\/11\/Wegen-Protestaktion-im-Supermarkt-Russisches-Gericht-verurteilt-Aktivistin-zu-sieben.jpg","keywords":["Aktivistin","Gericht","Haft","Jahren","Protestaktion","Russisches","Sieben","Supermarkt","verurteilt","wegen"],"articleSection":["Deutschland","Russland"],"inLanguage":"de","potentialAction":[{"@type":"CommentAction","name":"Comment","target":["https:\/\/now-news.de\/de\/deutschland\/wegen-protestaktion-im-supermarkt-russisches-gericht-verurteilt-aktivistin-zu-sieben-jahren-haft\/#respond"]}]},{"@type":"WebPage","@id":"https:\/\/now-news.de\/de\/deutschland\/wegen-protestaktion-im-supermarkt-russisches-gericht-verurteilt-aktivistin-zu-sieben-jahren-haft\/","url":"https:\/\/now-news.de\/de\/deutschland\/wegen-protestaktion-im-supermarkt-russisches-gericht-verurteilt-aktivistin-zu-sieben-jahren-haft\/","name":"Wegen Protestaktion im Supermarkt: Russisches Gericht verurteilt Aktivistin zu sieben Jahren Haft - just-now.NEWS Deutschland","isPartOf":{"@id":"https:\/\/now-news.de\/de\/#website"},"primaryImageOfPage":{"@id":"https:\/\/now-news.de\/de\/deutschland\/wegen-protestaktion-im-supermarkt-russisches-gericht-verurteilt-aktivistin-zu-sieben-jahren-haft\/#primaryimage"},"image":{"@id":"https:\/\/now-news.de\/de\/deutschland\/wegen-protestaktion-im-supermarkt-russisches-gericht-verurteilt-aktivistin-zu-sieben-jahren-haft\/#primaryimage"},"thumbnailUrl":"https:\/\/now-news.de\/de\/wp-content\/uploads\/sites\/3\/2023\/11\/Wegen-Protestaktion-im-Supermarkt-Russisches-Gericht-verurteilt-Aktivistin-zu-sieben.jpg","datePublished":"2023-11-16T19:57:57+00:00","dateModified":"2023-11-16T19:57:57+00:00","breadcrumb":{"@id":"https:\/\/now-news.de\/de\/deutschland\/wegen-protestaktion-im-supermarkt-russisches-gericht-verurteilt-aktivistin-zu-sieben-jahren-haft\/#breadcrumb"},"inLanguage":"de","potentialAction":[{"@type":"ReadAction","target":["https:\/\/now-news.de\/de\/deutschland\/wegen-protestaktion-im-supermarkt-russisches-gericht-verurteilt-aktivistin-zu-sieben-jahren-haft\/"]}]},{"@type":"ImageObject","inLanguage":"de","@id":"https:\/\/now-news.de\/de\/deutschland\/wegen-protestaktion-im-supermarkt-russisches-gericht-verurteilt-aktivistin-zu-sieben-jahren-haft\/#primaryimage","url":"https:\/\/now-news.de\/de\/wp-content\/uploads\/sites\/3\/2023\/11\/Wegen-Protestaktion-im-Supermarkt-Russisches-Gericht-verurteilt-Aktivistin-zu-sieben.jpg","contentUrl":"https:\/\/now-news.de\/de\/wp-content\/uploads\/sites\/3\/2023\/11\/Wegen-Protestaktion-im-Supermarkt-Russisches-Gericht-verurteilt-Aktivistin-zu-sieben.jpg","width":460,"height":259,"caption":"Wegen Protestaktion im Supermarkt: Russisches Gericht verurteilt Aktivistin zu sieben Jahren Haft"},{"@type":"BreadcrumbList","@id":"https:\/\/now-news.de\/de\/deutschland\/wegen-protestaktion-im-supermarkt-russisches-gericht-verurteilt-aktivistin-zu-sieben-jahren-haft\/#breadcrumb","itemListElement":[{"@type":"ListItem","position":1,"name":"Home","item":"https:\/\/now-news.de\/de\/"},{"@type":"ListItem","position":2,"name":"Wegen Protestaktion im Supermarkt: Russisches Gericht verurteilt Aktivistin zu sieben Jahren Haft"}]},{"@type":"WebSite","@id":"https:\/\/now-news.de\/de\/#website","url":"https:\/\/now-news.de\/de\/","name":"just-now.NEWS Deutschland","description":"Das Portal f\u00fcr unzensierte Nachrichten aus der Welt","publisher":{"@id":"https:\/\/now-news.de\/de\/#organization"},"potentialAction":[{"@type":"SearchAction","target":{"@type":"EntryPoint","urlTemplate":"https:\/\/now-news.de\/de\/?s={search_term_string}"},"query-input":"required name=search_term_string"}],"inLanguage":"de"},{"@type":"Organization","@id":"https:\/\/now-news.de\/de\/#organization","name":"Just Now News","url":"https:\/\/now-news.de\/de\/","logo":{"@type":"ImageObject","inLanguage":"de","@id":"https:\/\/now-news.de\/de\/#\/schema\/logo\/image\/","url":"http:\/\/just-now.news\/de\/wp-content\/uploads\/sites\/3\/2022\/04\/logo500x500.jpg","contentUrl":"http:\/\/just-now.news\/de\/wp-content\/uploads\/sites\/3\/2022\/04\/logo500x500.jpg","width":500,"height":500,"caption":"Just Now News"},"image":{"@id":"https:\/\/now-news.de\/de\/#\/schema\/logo\/image\/"},"sameAs":["https:\/\/www.facebook.com\/wirmachenauf","https:\/\/x.com\/WirMachenAuf_de"]},{"@type":"Person","@id":"https:\/\/now-news.de\/de\/#\/schema\/person\/fb534a4e865501d8b3285208df34a9b5","name":"rtnews","image":{"@type":"ImageObject","inLanguage":"de","@id":"https:\/\/now-news.de\/de\/#\/schema\/person\/image\/","url":"https:\/\/secure.gravatar.com\/avatar\/82aafea7d8127119dd649515f56e2117?s=96&d=mm&r=g","contentUrl":"https:\/\/secure.gravatar.com\/avatar\/82aafea7d8127119dd649515f56e2117?s=96&d=mm&r=g","caption":"rtnews"},"url":"https:\/\/now-news.de\/de\/author\/rnews\/"}]}},"_links":{"self":[{"href":"https:\/\/now-news.de\/de\/wp-json\/wp\/v2\/posts\/49880"}],"collection":[{"href":"https:\/\/now-news.de\/de\/wp-json\/wp\/v2\/posts"}],"about":[{"href":"https:\/\/now-news.de\/de\/wp-json\/wp\/v2\/types\/post"}],"author":[{"embeddable":true,"href":"https:\/\/now-news.de\/de\/wp-json\/wp\/v2\/users\/3"}],"replies":[{"embeddable":true,"href":"https:\/\/now-news.de\/de\/wp-json\/wp\/v2\/comments?post=49880"}],"version-history":[{"count":0,"href":"https:\/\/now-news.de\/de\/wp-json\/wp\/v2\/posts\/49880\/revisions"}],"wp:featuredmedia":[{"embeddable":true,"href":"https:\/\/now-news.de\/de\/wp-json\/wp\/v2\/media\/49881"}],"wp:attachment":[{"href":"https:\/\/now-news.de\/de\/wp-json\/wp\/v2\/media?parent=49880"}],"wp:term":[{"taxonomy":"category","embeddable":true,"href":"https:\/\/now-news.de\/de\/wp-json\/wp\/v2\/categories?post=49880"},{"taxonomy":"post_tag","embeddable":true,"href":"https:\/\/now-news.de\/de\/wp-json\/wp\/v2\/tags?post=49880"}],"curies":[{"name":"wp","href":"https:\/\/api.w.org\/{rel}","templated":true}]}}