{"id":49876,"date":"2023-11-16T20:45:42","date_gmt":"2023-11-16T18:45:42","guid":{"rendered":"https:\/\/just-now.news\/de\/deutschland\/deutscher-diplomat-friedensschluss-in-istanbul-waere-niederlage-der-nato-gewesen\/"},"modified":"2023-11-16T20:45:42","modified_gmt":"2023-11-16T18:45:42","slug":"deutscher-diplomat-friedensschluss-in-istanbul-waere-niederlage-der-nato-gewesen","status":"publish","type":"post","link":"https:\/\/now-news.de\/de\/deutschland\/deutscher-diplomat-friedensschluss-in-istanbul-waere-niederlage-der-nato-gewesen\/","title":{"rendered":"Deutscher Diplomat: Friedensschluss in Istanbul w\u00e4re Niederlage der NATO gewesen"},"content":{"rendered":"<p><img decoding=\"async\" src=\"http:\/\/just-now.news\/de\/wp-content\/uploads\/sites\/3\/2023\/11\/655628b148fbef5b0e41f54f.jpg\" \/><\/p>\n<div class=\"Text-root Text-type_1 \">\n                Man redet im Westen ungern dar\u00fcber, aber ohne dessen Einmischung w\u00e4re die milit\u00e4rische Sonderoperation Russlands bereits im April letzten Jahres durch einen Friedensvertrag beendet worden. Ein General, ein Politologe und ein Diplomat aus Deutschland sammelten nun die Details.\n            <\/div>\n<p><\/p>\n<div class=\"Text-root Text-type_5 ArticleView-text ViewText-root \">\n<p>Was ist Ende M\u00e4rz\/Anfang April vergangenen Jahres wirklich geschehen, als die Verhandlungen zwischen der Ukraine und Russland in Istanbul scheiterten? Michael von der Schulenburg, langj\u00e4hriger hochrangiger Mitarbeiter bei den Vereinten Nationen, Hajo Funke, ein emeritierter Professor f\u00fcr Politikwissenschaften, und General a. D. Harald Kujat haben auf dem Blog <em>Brave New Europe<\/em> alle inzwischen vorliegenden <a rel=\"nofollow noopener\" target=\"_blank\" href=\"https:\/\/braveneweurope.com\/michael-von-der-schulenburg-hajo-funke-harald-kujat-frieden-fur-ukraine\">Erkenntnisse<\/a> noch einmal zusammengefasst.<\/p>\n<p>Allein die Tatsache, dass derartige Texte inzwischen auf Blogs erscheinen und nicht zu Titelgeschichten etwa des <em>Spiegel<\/em> oder der <em>Frankfurter Allgemeinen Zeitung<\/em> werden, ist dramatisch genug. Aber die Belege, die zum gro\u00dfen Teil bereits einzeln in den vergangenen Monaten bekannt geworden waren (wie die Aussagen des ehemaligen israelischen Ministerpr\u00e4sidenten Naftali Bennett), zusammen mit dem vollen Text der vorl\u00e4ufigen \u00dcbereinkunft zu dem Zeitpunkt, als diese Verhandlungen abgebrochen wurden, entfalten noch eine neue Wucht. Wie schreibt es von Schulenburg in seinem Res\u00fcmee?<\/p>\n<blockquote>\n<p><em>&#8220;Die Blockierung der damaligen Friedensverhandlungen hat uns allen geschadet: Russland und auch Europa \u2013 aber vor allem den Menschen in der Ukraine, die mit ihrem Blut f\u00fcr die Ambitionen der Gro\u00dfm\u00e4chte zahlen und wohl letztlich nichts daf\u00fcr zur\u00fcckbekommen werden.&#8221;<\/em><\/p>\n<\/blockquote>\n<p>Die Verhandlungen hatten mit einem Flug Bennetts nach Moskau begonnen, am 5. M\u00e4rz 2022, also nicht einmal zwei Wochen nach Beginn der russischen Milit\u00e4roperation. Bennetts Reise war auf Bitten des ukrainischen Pr\u00e4sidenten Wladimir Selenskij erfolgt, der damals nicht nur ihn, sondern auch den deutschen Altbundeskanzler Gerhard Schr\u00f6der um Vermittlung gebeten hatte. Das Ergebnis dieser Vermittlungsversuche war die Aufnahme formeller Verhandlungen in Istanbul, von ukrainischer Seite unter anderem vom damaligen Sicherheitsberater Rustem Umjerow, der mittlerweile ukrainischer Verteidigungsminister ist.<\/p>\n<p>Am 29. M\u00e4rz war aus diesen Verhandlungen ein Kommuniqu\u00e9 entstanden, das bereits recht pr\u00e4zise Bestimmungen enthalten hatte. Die Ukraine w\u00fcrde Neutralit\u00e4t wahren und auf einen Beitritt zur NATO verzichten, aber eine Mitgliedschaft in der EU bliebe weiterhin m\u00f6glich. Die geplanten Garantiestaaten w\u00fcrden mit dem Recht versehen, der Ukraine im Falle eines Angriffs in jeder Form beizustehen, bis der UN-Sicherheitsrat reagieren k\u00f6nne.<\/p>\n<blockquote>\n<p><em>&#8220;Diese Hilfe wird durch die sofortige Durchf\u00fchrung der erforderlichen individuellen oder gemeinsamen Ma\u00dfnahmen erleichtert, einschlie\u00dflich der Schlie\u00dfung des ukrainischen Luftraums, der Bereitstellung der erforderlichen Waffen und der Anwendung bewaffneter Gewalt mit dem Ziel, die Sicherheit der Ukraine als dauerhaft neutraler Staat wiederherzustellen und dann zu erhalten.&#8221; (Zitat aus dem Kommuniqu\u00e9)<\/em><\/p>\n<\/blockquote>\n<p>Der Vertrag sollte durch ein Referendum beschlossen werden und \u00fcber eine entsprechende Ver\u00e4nderung der ukrainischen Verfassung und die Ratifizierung durch die Ukraine und die Garantiestaaten in Kraft treten. Der Status der Krim sollte im Zeitraum der folgenden 15 Jahre in bilateralen Verhandlungen gekl\u00e4rt werden.<\/p>\n<p>Anfang M\u00e4rz hatten die Verhandlungen noch die Unterst\u00fctzung der meisten westlichen Politiker gefunden; die Autoren f\u00fchren dazu eine ganze Reihe von Telefonaten an. Der Wendepunkt in Bezug auf die laufenden Verhandlungen war wohl der NATO-Sondergipfel am 24. M\u00e4rz 2022 in Br\u00fcssel, zu dem US-Pr\u00e4sident Joe Biden angereist war. Auf diesem Gipfel wurde beschlossen, die Verhandlungen nicht zu unterst\u00fctzen.<\/p>\n<p>Von der Schulenburg best\u00e4tigt aber, dass von ukrainischer Seite die Verhandlungen dennoch fortgesetzt wurden; er nennt diese Verhandlungen sogar eine &#8220;historisch einmalige Besonderheit, die nur dadurch m\u00f6glich war, weil sich Russen und Ukrainer gut kennen und &#8216;die gleiche Sprache sprechen'&#8221;. Am 28. M\u00e4rz erfolgte der R\u00fcckzug russischer Truppen aus dem Raum Charkow und dem Raum Kiew.<\/p>\n<p>Am 5. April meldete die <em>Washington Post<\/em>, die NATO bef\u00fcrworte eine Fortsetzung des Krieges. Selenskij solle &#8220;so lange weiterk\u00e4mpfen, bis Russland vollst\u00e4ndig besiegt ist&#8221;.<\/p>\n<p>Erst am 9. April erfolgte dann tats\u00e4chlich der Abbruch der Verhandlungen durch einen unangemeldeten Besuch des britischen Premierministers Boris Johnson in Kiew. Die <em>Neue Z\u00fcrcher Zeitung<\/em> bemerkte dazu noch am 12. April, das sei wohl der erste Tory-Wahlkampf, &#8220;der an den Grenzen Russlands ausgetragen wird. (\u2026) Dass dieser Konflikt von Gro\u00dfbritannien f\u00fcr einen sch\u00e4bigen bevorstehenden F\u00fchrungswettstreit missbraucht wird, ist widerw\u00e4rtig.&#8221;<\/p>\n<p>Am 25. April erkl\u00e4rte US-Verteidigungsminister Lloyd Austin, man wolle die Gelegenheit nutzen, um Russland auf Dauer zu schw\u00e4chen. Einen Tag sp\u00e4ter gab er bei einem Treffen der NATO-Verteidigungsminister in Ramstein &#8220;den milit\u00e4rischen Sieg der Ukraine als strategisches Ziel vor&#8221;.<\/p>\n<p>In der westlichen Presse waren die Umst\u00e4nde, wie die Istanbuler Verhandlungen abgebrochen wurden, kein Thema, das weiter verfolgt wurde. Erst im Sommer dieses Jahres wurde anl\u00e4sslich eines Besuchs afrikanischer Delegationen im Kreml bekannt, wie weit diese Verhandlungen tats\u00e4chlich fortgeschritten waren.<\/p>\n<p>In diesem Zusammenhang ist die Biografie der drei Autoren bedeutend. Denn man kann davon ausgehen, dass sie aus pers\u00f6nlicher Erfahrung imstande sind, zu bewerten, ob ein Verhandlungsergebnis solide und tragf\u00e4hig ist oder nicht. Dass sie es f\u00fcr erforderlich hielten, die Ergebnisse selbst auf diese Weise zu ver\u00f6ffentlichen, st\u00fctzt ein weiteres Mal ihre Einsch\u00e4tzung, dass diese Verhandlungen tats\u00e4chlich die Kampfhandlungen beendet h\u00e4tten, w\u00e4re es nicht zu jenem britisch-US-amerikanischen Eingreifen gekommen. Dazu von der Schulenburg:<\/p>\n<blockquote>\n<p><em>&#8220;Ein derartiger Friedensschluss w\u00e4re einer Niederlage der NATO, einem Ende der NATO-Osterweiterung und damit einem Ende vom Traum einer von den USA dominierten Welt gleichgekommen.&#8221;<\/em><\/p>\n<\/blockquote>\n<p><strong>Mehr zum Thema<\/strong> \u2013 <a rel=\"nofollow noopener\" target=\"_blank\" href=\"https:\/\/freedert.online\/international\/173814-us-praesidentschaftskandidat-gibt-boris-johnson\/\">Robert F. Kennedy macht Boris Johnson f\u00fcr Scheitern des Ukraine-Friedensabkommens verantwortlich <\/a><\/p>\n<\/div>\n<p><br \/>\n<br \/><a href=\"https:\/\/de.rt.com\/international\/187241-deutscher-diplomat-friedensschluss-in-istanbul-waere-niederlage-der-nato-gewesen\/\">Source link <\/a><\/p>\n","protected":false},"excerpt":{"rendered":"<p>Man redet im Westen ungern dar\u00fcber, aber ohne dessen Einmischung w\u00e4re die milit\u00e4rische Sonderoperation Russlands bereits im April letzten Jahres durch einen Friedensvertrag beendet worden. Ein General, ein Politologe und ein Diplomat aus Deutschland sammelten nun die Details. Was ist Ende M\u00e4rz\/Anfang April vergangenen Jahres wirklich geschehen, als die Verhandlungen zwischen der Ukraine und Russland [&hellip;]<\/p>\n","protected":false},"author":3,"featured_media":49877,"comment_status":"open","ping_status":"open","sticky":false,"template":"","format":"standard","meta":{"_yoast_indexnow_last_ping":["1700161179"],"wp_automatic_camp":["217"],"9654d8ad9cbea0d5b224c8db6edaa35f":["Deutscher Diplomat: Friedensschluss in Istanbul w\u00e4re Niederlage der NATO gewesen"],"original_link":["https:\/\/de.rt.com\/international\/187241-deutscher-diplomat-friedensschluss-in-istanbul-waere-niederlage-der-nato-gewesen\/"],"_thumbnail_id":["49877"],"jnews_social_counter_last_update":["1777278665"],"_wptgpro_p2tg_sent2tg":["a:1:{i:23737;s:19:\"2023-11-16 21:00:44\";}"]},"categories":[19,23],"tags":[82,8305,19597,40834,24309,27964,2697,3948,7156],"yoast_head":"<!-- This site is optimized with the Yoast SEO Premium plugin v22.7 (Yoast SEO v22.7) - https:\/\/yoast.com\/wordpress\/plugins\/seo\/ -->\n<title>Deutscher Diplomat: Friedensschluss in Istanbul w\u00e4re Niederlage der NATO gewesen - just-now.NEWS Deutschland<\/title>\n<meta name=\"robots\" content=\"index, follow, max-snippet:-1, max-image-preview:large, max-video-preview:-1\" \/>\n<link rel=\"canonical\" href=\"https:\/\/now-news.de\/de\/deutschland\/deutscher-diplomat-friedensschluss-in-istanbul-waere-niederlage-der-nato-gewesen\/\" \/>\n<meta property=\"og:locale\" content=\"de_DE\" \/>\n<meta property=\"og:type\" content=\"article\" \/>\n<meta property=\"og:title\" content=\"Deutscher Diplomat: Friedensschluss in Istanbul w\u00e4re Niederlage der NATO gewesen\" \/>\n<meta property=\"og:description\" content=\"Man redet im Westen ungern dar\u00fcber, aber ohne dessen Einmischung w\u00e4re die milit\u00e4rische Sonderoperation Russlands bereits im April letzten Jahres durch einen Friedensvertrag beendet worden. Ein General, ein Politologe und ein Diplomat aus Deutschland sammelten nun die Details. Was ist Ende M\u00e4rz\/Anfang April vergangenen Jahres wirklich geschehen, als die Verhandlungen zwischen der Ukraine und Russland [&hellip;]\" \/>\n<meta property=\"og:url\" content=\"https:\/\/now-news.de\/de\/deutschland\/deutscher-diplomat-friedensschluss-in-istanbul-waere-niederlage-der-nato-gewesen\/\" \/>\n<meta property=\"og:site_name\" content=\"just-now.NEWS Deutschland\" \/>\n<meta property=\"article:publisher\" content=\"https:\/\/www.facebook.com\/wirmachenauf\" \/>\n<meta property=\"article:published_time\" content=\"2023-11-16T18:45:42+00:00\" \/>\n<meta property=\"og:image\" content=\"https:\/\/now-news.de\/de\/wp-content\/uploads\/sites\/3\/2023\/11\/Deutscher-Diplomat-Friedensschluss-in-Istanbul-waere-Niederlage-der-NATO-gewesen.jpg\" \/>\n\t<meta property=\"og:image:width\" content=\"460\" \/>\n\t<meta property=\"og:image:height\" content=\"259\" \/>\n\t<meta property=\"og:image:type\" content=\"image\/jpeg\" \/>\n<meta name=\"author\" content=\"rtnews\" \/>\n<meta name=\"twitter:card\" content=\"summary_large_image\" \/>\n<meta name=\"twitter:creator\" content=\"@WirMachenAuf_de\" \/>\n<meta name=\"twitter:site\" content=\"@WirMachenAuf_de\" \/>\n<meta name=\"twitter:label1\" content=\"Verfasst von\" \/>\n\t<meta name=\"twitter:data1\" content=\"rtnews\" \/>\n\t<meta name=\"twitter:label2\" content=\"Gesch\u00e4tzte Lesezeit\" \/>\n\t<meta name=\"twitter:data2\" content=\"4\u00a0Minuten\" \/>\n<script type=\"application\/ld+json\" class=\"yoast-schema-graph\">{\"@context\":\"https:\/\/schema.org\",\"@graph\":[{\"@type\":\"Article\",\"@id\":\"https:\/\/now-news.de\/de\/deutschland\/deutscher-diplomat-friedensschluss-in-istanbul-waere-niederlage-der-nato-gewesen\/#article\",\"isPartOf\":{\"@id\":\"https:\/\/now-news.de\/de\/deutschland\/deutscher-diplomat-friedensschluss-in-istanbul-waere-niederlage-der-nato-gewesen\/\"},\"author\":{\"name\":\"rtnews\",\"@id\":\"https:\/\/now-news.de\/de\/#\/schema\/person\/fb534a4e865501d8b3285208df34a9b5\"},\"headline\":\"Deutscher Diplomat: Friedensschluss in Istanbul w\u00e4re Niederlage der NATO gewesen\",\"datePublished\":\"2023-11-16T18:45:42+00:00\",\"dateModified\":\"2023-11-16T18:45:42+00:00\",\"mainEntityOfPage\":{\"@id\":\"https:\/\/now-news.de\/de\/deutschland\/deutscher-diplomat-friedensschluss-in-istanbul-waere-niederlage-der-nato-gewesen\/\"},\"wordCount\":909,\"commentCount\":0,\"publisher\":{\"@id\":\"https:\/\/now-news.de\/de\/#organization\"},\"image\":{\"@id\":\"https:\/\/now-news.de\/de\/deutschland\/deutscher-diplomat-friedensschluss-in-istanbul-waere-niederlage-der-nato-gewesen\/#primaryimage\"},\"thumbnailUrl\":\"https:\/\/now-news.de\/de\/wp-content\/uploads\/sites\/3\/2023\/11\/Deutscher-Diplomat-Friedensschluss-in-Istanbul-waere-Niederlage-der-NATO-gewesen.jpg\",\"keywords\":[\"der\",\"deutscher\",\"Diplomat\",\"Friedensschluss\",\"gewesen\",\"Istanbul\",\"nato\",\"Niederlage\",\"w\u00e4re\"],\"articleSection\":[\"Deutschland\",\"Russland\"],\"inLanguage\":\"de\",\"potentialAction\":[{\"@type\":\"CommentAction\",\"name\":\"Comment\",\"target\":[\"https:\/\/now-news.de\/de\/deutschland\/deutscher-diplomat-friedensschluss-in-istanbul-waere-niederlage-der-nato-gewesen\/#respond\"]}]},{\"@type\":\"WebPage\",\"@id\":\"https:\/\/now-news.de\/de\/deutschland\/deutscher-diplomat-friedensschluss-in-istanbul-waere-niederlage-der-nato-gewesen\/\",\"url\":\"https:\/\/now-news.de\/de\/deutschland\/deutscher-diplomat-friedensschluss-in-istanbul-waere-niederlage-der-nato-gewesen\/\",\"name\":\"Deutscher Diplomat: Friedensschluss in Istanbul w\u00e4re Niederlage der NATO gewesen - just-now.NEWS Deutschland\",\"isPartOf\":{\"@id\":\"https:\/\/now-news.de\/de\/#website\"},\"primaryImageOfPage\":{\"@id\":\"https:\/\/now-news.de\/de\/deutschland\/deutscher-diplomat-friedensschluss-in-istanbul-waere-niederlage-der-nato-gewesen\/#primaryimage\"},\"image\":{\"@id\":\"https:\/\/now-news.de\/de\/deutschland\/deutscher-diplomat-friedensschluss-in-istanbul-waere-niederlage-der-nato-gewesen\/#primaryimage\"},\"thumbnailUrl\":\"https:\/\/now-news.de\/de\/wp-content\/uploads\/sites\/3\/2023\/11\/Deutscher-Diplomat-Friedensschluss-in-Istanbul-waere-Niederlage-der-NATO-gewesen.jpg\",\"datePublished\":\"2023-11-16T18:45:42+00:00\",\"dateModified\":\"2023-11-16T18:45:42+00:00\",\"breadcrumb\":{\"@id\":\"https:\/\/now-news.de\/de\/deutschland\/deutscher-diplomat-friedensschluss-in-istanbul-waere-niederlage-der-nato-gewesen\/#breadcrumb\"},\"inLanguage\":\"de\",\"potentialAction\":[{\"@type\":\"ReadAction\",\"target\":[\"https:\/\/now-news.de\/de\/deutschland\/deutscher-diplomat-friedensschluss-in-istanbul-waere-niederlage-der-nato-gewesen\/\"]}]},{\"@type\":\"ImageObject\",\"inLanguage\":\"de\",\"@id\":\"https:\/\/now-news.de\/de\/deutschland\/deutscher-diplomat-friedensschluss-in-istanbul-waere-niederlage-der-nato-gewesen\/#primaryimage\",\"url\":\"https:\/\/now-news.de\/de\/wp-content\/uploads\/sites\/3\/2023\/11\/Deutscher-Diplomat-Friedensschluss-in-Istanbul-waere-Niederlage-der-NATO-gewesen.jpg\",\"contentUrl\":\"https:\/\/now-news.de\/de\/wp-content\/uploads\/sites\/3\/2023\/11\/Deutscher-Diplomat-Friedensschluss-in-Istanbul-waere-Niederlage-der-NATO-gewesen.jpg\",\"width\":460,\"height\":259,\"caption\":\"Deutscher Diplomat: Friedensschluss in Istanbul w\u00e4re Niederlage der NATO gewesen\"},{\"@type\":\"BreadcrumbList\",\"@id\":\"https:\/\/now-news.de\/de\/deutschland\/deutscher-diplomat-friedensschluss-in-istanbul-waere-niederlage-der-nato-gewesen\/#breadcrumb\",\"itemListElement\":[{\"@type\":\"ListItem\",\"position\":1,\"name\":\"Home\",\"item\":\"https:\/\/now-news.de\/de\/\"},{\"@type\":\"ListItem\",\"position\":2,\"name\":\"Deutscher Diplomat: Friedensschluss in Istanbul w\u00e4re Niederlage der NATO gewesen\"}]},{\"@type\":\"WebSite\",\"@id\":\"https:\/\/now-news.de\/de\/#website\",\"url\":\"https:\/\/now-news.de\/de\/\",\"name\":\"just-now.NEWS Deutschland\",\"description\":\"Das Portal f\u00fcr unzensierte Nachrichten aus der Welt\",\"publisher\":{\"@id\":\"https:\/\/now-news.de\/de\/#organization\"},\"potentialAction\":[{\"@type\":\"SearchAction\",\"target\":{\"@type\":\"EntryPoint\",\"urlTemplate\":\"https:\/\/now-news.de\/de\/?s={search_term_string}\"},\"query-input\":\"required name=search_term_string\"}],\"inLanguage\":\"de\"},{\"@type\":\"Organization\",\"@id\":\"https:\/\/now-news.de\/de\/#organization\",\"name\":\"Just Now News\",\"url\":\"https:\/\/now-news.de\/de\/\",\"logo\":{\"@type\":\"ImageObject\",\"inLanguage\":\"de\",\"@id\":\"https:\/\/now-news.de\/de\/#\/schema\/logo\/image\/\",\"url\":\"http:\/\/just-now.news\/de\/wp-content\/uploads\/sites\/3\/2022\/04\/logo500x500.jpg\",\"contentUrl\":\"http:\/\/just-now.news\/de\/wp-content\/uploads\/sites\/3\/2022\/04\/logo500x500.jpg\",\"width\":500,\"height\":500,\"caption\":\"Just Now News\"},\"image\":{\"@id\":\"https:\/\/now-news.de\/de\/#\/schema\/logo\/image\/\"},\"sameAs\":[\"https:\/\/www.facebook.com\/wirmachenauf\",\"https:\/\/x.com\/WirMachenAuf_de\"]},{\"@type\":\"Person\",\"@id\":\"https:\/\/now-news.de\/de\/#\/schema\/person\/fb534a4e865501d8b3285208df34a9b5\",\"name\":\"rtnews\",\"image\":{\"@type\":\"ImageObject\",\"inLanguage\":\"de\",\"@id\":\"https:\/\/now-news.de\/de\/#\/schema\/person\/image\/\",\"url\":\"https:\/\/secure.gravatar.com\/avatar\/82aafea7d8127119dd649515f56e2117?s=96&d=mm&r=g\",\"contentUrl\":\"https:\/\/secure.gravatar.com\/avatar\/82aafea7d8127119dd649515f56e2117?s=96&d=mm&r=g\",\"caption\":\"rtnews\"},\"url\":\"https:\/\/now-news.de\/de\/author\/rnews\/\"}]}<\/script>\n<!-- \/ Yoast SEO Premium plugin. -->","yoast_head_json":{"title":"Deutscher Diplomat: Friedensschluss in Istanbul w\u00e4re Niederlage der NATO gewesen - just-now.NEWS Deutschland","robots":{"index":"index","follow":"follow","max-snippet":"max-snippet:-1","max-image-preview":"max-image-preview:large","max-video-preview":"max-video-preview:-1"},"canonical":"https:\/\/now-news.de\/de\/deutschland\/deutscher-diplomat-friedensschluss-in-istanbul-waere-niederlage-der-nato-gewesen\/","og_locale":"de_DE","og_type":"article","og_title":"Deutscher Diplomat: Friedensschluss in Istanbul w\u00e4re Niederlage der NATO gewesen","og_description":"Man redet im Westen ungern dar\u00fcber, aber ohne dessen Einmischung w\u00e4re die milit\u00e4rische Sonderoperation Russlands bereits im April letzten Jahres durch einen Friedensvertrag beendet worden. Ein General, ein Politologe und ein Diplomat aus Deutschland sammelten nun die Details. Was ist Ende M\u00e4rz\/Anfang April vergangenen Jahres wirklich geschehen, als die Verhandlungen zwischen der Ukraine und Russland [&hellip;]","og_url":"https:\/\/now-news.de\/de\/deutschland\/deutscher-diplomat-friedensschluss-in-istanbul-waere-niederlage-der-nato-gewesen\/","og_site_name":"just-now.NEWS Deutschland","article_publisher":"https:\/\/www.facebook.com\/wirmachenauf","article_published_time":"2023-11-16T18:45:42+00:00","og_image":[{"width":460,"height":259,"url":"https:\/\/now-news.de\/de\/wp-content\/uploads\/sites\/3\/2023\/11\/Deutscher-Diplomat-Friedensschluss-in-Istanbul-waere-Niederlage-der-NATO-gewesen.jpg","type":"image\/jpeg"}],"author":"rtnews","twitter_card":"summary_large_image","twitter_creator":"@WirMachenAuf_de","twitter_site":"@WirMachenAuf_de","twitter_misc":{"Verfasst von":"rtnews","Gesch\u00e4tzte Lesezeit":"4\u00a0Minuten"},"schema":{"@context":"https:\/\/schema.org","@graph":[{"@type":"Article","@id":"https:\/\/now-news.de\/de\/deutschland\/deutscher-diplomat-friedensschluss-in-istanbul-waere-niederlage-der-nato-gewesen\/#article","isPartOf":{"@id":"https:\/\/now-news.de\/de\/deutschland\/deutscher-diplomat-friedensschluss-in-istanbul-waere-niederlage-der-nato-gewesen\/"},"author":{"name":"rtnews","@id":"https:\/\/now-news.de\/de\/#\/schema\/person\/fb534a4e865501d8b3285208df34a9b5"},"headline":"Deutscher Diplomat: Friedensschluss in Istanbul w\u00e4re Niederlage der NATO gewesen","datePublished":"2023-11-16T18:45:42+00:00","dateModified":"2023-11-16T18:45:42+00:00","mainEntityOfPage":{"@id":"https:\/\/now-news.de\/de\/deutschland\/deutscher-diplomat-friedensschluss-in-istanbul-waere-niederlage-der-nato-gewesen\/"},"wordCount":909,"commentCount":0,"publisher":{"@id":"https:\/\/now-news.de\/de\/#organization"},"image":{"@id":"https:\/\/now-news.de\/de\/deutschland\/deutscher-diplomat-friedensschluss-in-istanbul-waere-niederlage-der-nato-gewesen\/#primaryimage"},"thumbnailUrl":"https:\/\/now-news.de\/de\/wp-content\/uploads\/sites\/3\/2023\/11\/Deutscher-Diplomat-Friedensschluss-in-Istanbul-waere-Niederlage-der-NATO-gewesen.jpg","keywords":["der","deutscher","Diplomat","Friedensschluss","gewesen","Istanbul","nato","Niederlage","w\u00e4re"],"articleSection":["Deutschland","Russland"],"inLanguage":"de","potentialAction":[{"@type":"CommentAction","name":"Comment","target":["https:\/\/now-news.de\/de\/deutschland\/deutscher-diplomat-friedensschluss-in-istanbul-waere-niederlage-der-nato-gewesen\/#respond"]}]},{"@type":"WebPage","@id":"https:\/\/now-news.de\/de\/deutschland\/deutscher-diplomat-friedensschluss-in-istanbul-waere-niederlage-der-nato-gewesen\/","url":"https:\/\/now-news.de\/de\/deutschland\/deutscher-diplomat-friedensschluss-in-istanbul-waere-niederlage-der-nato-gewesen\/","name":"Deutscher Diplomat: Friedensschluss in Istanbul w\u00e4re Niederlage der NATO gewesen - just-now.NEWS Deutschland","isPartOf":{"@id":"https:\/\/now-news.de\/de\/#website"},"primaryImageOfPage":{"@id":"https:\/\/now-news.de\/de\/deutschland\/deutscher-diplomat-friedensschluss-in-istanbul-waere-niederlage-der-nato-gewesen\/#primaryimage"},"image":{"@id":"https:\/\/now-news.de\/de\/deutschland\/deutscher-diplomat-friedensschluss-in-istanbul-waere-niederlage-der-nato-gewesen\/#primaryimage"},"thumbnailUrl":"https:\/\/now-news.de\/de\/wp-content\/uploads\/sites\/3\/2023\/11\/Deutscher-Diplomat-Friedensschluss-in-Istanbul-waere-Niederlage-der-NATO-gewesen.jpg","datePublished":"2023-11-16T18:45:42+00:00","dateModified":"2023-11-16T18:45:42+00:00","breadcrumb":{"@id":"https:\/\/now-news.de\/de\/deutschland\/deutscher-diplomat-friedensschluss-in-istanbul-waere-niederlage-der-nato-gewesen\/#breadcrumb"},"inLanguage":"de","potentialAction":[{"@type":"ReadAction","target":["https:\/\/now-news.de\/de\/deutschland\/deutscher-diplomat-friedensschluss-in-istanbul-waere-niederlage-der-nato-gewesen\/"]}]},{"@type":"ImageObject","inLanguage":"de","@id":"https:\/\/now-news.de\/de\/deutschland\/deutscher-diplomat-friedensschluss-in-istanbul-waere-niederlage-der-nato-gewesen\/#primaryimage","url":"https:\/\/now-news.de\/de\/wp-content\/uploads\/sites\/3\/2023\/11\/Deutscher-Diplomat-Friedensschluss-in-Istanbul-waere-Niederlage-der-NATO-gewesen.jpg","contentUrl":"https:\/\/now-news.de\/de\/wp-content\/uploads\/sites\/3\/2023\/11\/Deutscher-Diplomat-Friedensschluss-in-Istanbul-waere-Niederlage-der-NATO-gewesen.jpg","width":460,"height":259,"caption":"Deutscher Diplomat: Friedensschluss in Istanbul w\u00e4re Niederlage der NATO gewesen"},{"@type":"BreadcrumbList","@id":"https:\/\/now-news.de\/de\/deutschland\/deutscher-diplomat-friedensschluss-in-istanbul-waere-niederlage-der-nato-gewesen\/#breadcrumb","itemListElement":[{"@type":"ListItem","position":1,"name":"Home","item":"https:\/\/now-news.de\/de\/"},{"@type":"ListItem","position":2,"name":"Deutscher Diplomat: Friedensschluss in Istanbul w\u00e4re Niederlage der NATO gewesen"}]},{"@type":"WebSite","@id":"https:\/\/now-news.de\/de\/#website","url":"https:\/\/now-news.de\/de\/","name":"just-now.NEWS Deutschland","description":"Das Portal f\u00fcr unzensierte Nachrichten aus der Welt","publisher":{"@id":"https:\/\/now-news.de\/de\/#organization"},"potentialAction":[{"@type":"SearchAction","target":{"@type":"EntryPoint","urlTemplate":"https:\/\/now-news.de\/de\/?s={search_term_string}"},"query-input":"required name=search_term_string"}],"inLanguage":"de"},{"@type":"Organization","@id":"https:\/\/now-news.de\/de\/#organization","name":"Just Now News","url":"https:\/\/now-news.de\/de\/","logo":{"@type":"ImageObject","inLanguage":"de","@id":"https:\/\/now-news.de\/de\/#\/schema\/logo\/image\/","url":"http:\/\/just-now.news\/de\/wp-content\/uploads\/sites\/3\/2022\/04\/logo500x500.jpg","contentUrl":"http:\/\/just-now.news\/de\/wp-content\/uploads\/sites\/3\/2022\/04\/logo500x500.jpg","width":500,"height":500,"caption":"Just Now News"},"image":{"@id":"https:\/\/now-news.de\/de\/#\/schema\/logo\/image\/"},"sameAs":["https:\/\/www.facebook.com\/wirmachenauf","https:\/\/x.com\/WirMachenAuf_de"]},{"@type":"Person","@id":"https:\/\/now-news.de\/de\/#\/schema\/person\/fb534a4e865501d8b3285208df34a9b5","name":"rtnews","image":{"@type":"ImageObject","inLanguage":"de","@id":"https:\/\/now-news.de\/de\/#\/schema\/person\/image\/","url":"https:\/\/secure.gravatar.com\/avatar\/82aafea7d8127119dd649515f56e2117?s=96&d=mm&r=g","contentUrl":"https:\/\/secure.gravatar.com\/avatar\/82aafea7d8127119dd649515f56e2117?s=96&d=mm&r=g","caption":"rtnews"},"url":"https:\/\/now-news.de\/de\/author\/rnews\/"}]}},"_links":{"self":[{"href":"https:\/\/now-news.de\/de\/wp-json\/wp\/v2\/posts\/49876"}],"collection":[{"href":"https:\/\/now-news.de\/de\/wp-json\/wp\/v2\/posts"}],"about":[{"href":"https:\/\/now-news.de\/de\/wp-json\/wp\/v2\/types\/post"}],"author":[{"embeddable":true,"href":"https:\/\/now-news.de\/de\/wp-json\/wp\/v2\/users\/3"}],"replies":[{"embeddable":true,"href":"https:\/\/now-news.de\/de\/wp-json\/wp\/v2\/comments?post=49876"}],"version-history":[{"count":0,"href":"https:\/\/now-news.de\/de\/wp-json\/wp\/v2\/posts\/49876\/revisions"}],"wp:featuredmedia":[{"embeddable":true,"href":"https:\/\/now-news.de\/de\/wp-json\/wp\/v2\/media\/49877"}],"wp:attachment":[{"href":"https:\/\/now-news.de\/de\/wp-json\/wp\/v2\/media?parent=49876"}],"wp:term":[{"taxonomy":"category","embeddable":true,"href":"https:\/\/now-news.de\/de\/wp-json\/wp\/v2\/categories?post=49876"},{"taxonomy":"post_tag","embeddable":true,"href":"https:\/\/now-news.de\/de\/wp-json\/wp\/v2\/tags?post=49876"}],"curies":[{"name":"wp","href":"https:\/\/api.w.org\/{rel}","templated":true}]}}