{"id":49868,"date":"2023-11-16T19:53:54","date_gmt":"2023-11-16T17:53:54","guid":{"rendered":"https:\/\/just-now.news\/de\/deutschland\/ofarim-prozess-nach-fuenf-verhandlungstagen-schroedingers-kette-und-ein-twitternder-richter\/"},"modified":"2023-11-16T19:53:54","modified_gmt":"2023-11-16T17:53:54","slug":"ofarim-prozess-nach-fuenf-verhandlungstagen-schroedingers-kette-und-ein-twitternder-richter","status":"publish","type":"post","link":"https:\/\/now-news.de\/de\/deutschland\/ofarim-prozess-nach-fuenf-verhandlungstagen-schroedingers-kette-und-ein-twitternder-richter\/","title":{"rendered":"Ofarim-Prozess nach f\u00fcnf Verhandlungstagen: Schr\u00f6dingers Kette und ein twitternder Richter"},"content":{"rendered":"<div class=\"Text-root Text-type_1 \">\n                Der Ofarim-Prozess ist nach dem f\u00fcnften Verhandlungstag wieder offen, denn ein Gutachter kann sich nicht entscheiden, ob er auf den Videoaufnahmen aus dem Hotel eine Kette um den Hals des S\u00e4ngers sehen kann oder nicht. Unverhofft r\u00fcckte derweil das politische Leben des vorsitzenden Richters ins Rampenlicht.\n            <\/div>\n<p><\/p>\n<div class=\"Text-root Text-type_5 ArticleView-text ViewText-root \">\n<p><em>Von Anton Gentzen<\/em><\/p>\n<p>Der Verleumdungsprozess gegen den Musiker Gil Ofarim vor dem Landgericht Leipzig absolvierte am Donnerstag den inzwischen f\u00fcnften Verhandlungstag. \u00dcber die ersten zwei Verhandlungen hat\u00a0<em>RT DE<\/em>\u00a0<a rel=\"nofollow noopener\" target=\"_blank\" href=\"https:\/\/freedert.online\/inland\/186318-prozess-gegen-gil-ofarim-startet-in-leipzig\/\">berichtet<\/a>. W\u00e4hrend der dritte Verhandlungstag am Dienstag nichts \u00dcberraschendes geboten hatte, gab es am Mittwoch gleich zwei Entwicklungen, die einen Bericht wert sind.<\/p>\n<p>\u00dcberraschend verk\u00fcndete der vorsitzende Richter Andreas Stadler am Mittwoch, dem Gericht sei ein Brief eines der Ofarim-Verteidiger zugegangen, den die Richter als Befangenheitsantrag gegen den Vorsitzenden werten. Offenbar hatte der Verteidiger in Erfahrung gebracht, dass Richter Stadler politisch aktiv ist, n\u00e4mlich im Pr\u00e4sidium des Deutschen Richterbundes, und dabei bereits an einer \u00f6ffentlichen Debatte mit dem bekannten Politiker Konstantin von Notz von B\u00fcndnis 90\/Die Gr\u00fcnen teilgenommen hat. Zwar bleibt unklar, was daran die Besorgnis der Befangenheit begr\u00fcndet \u2013 in einem Prozess, der sich um tats\u00e4chlichen oder vermeintlichen Antisemitismus dreht \u2013, doch schlafende journalistische Hunde hat dieser Verteidiger von Ofarim damit gewiss geweckt.\u00a0<\/p>\n<p>In der Tat zeigt sich, dass Richter Stadler ein aktiver Twitterer ist und sein <a rel=\"nofollow noopener\" target=\"_blank\" href=\"https:\/\/twitter.com\/AndreasStadle18\">Twitter-Account<\/a> durchaus Verst\u00f6rendes offenbart, wenn auch lange nicht im Sinne einer Befangenheit gegen einen j\u00fcdischen S\u00e4nger. Stadler konsumiert und retweetet kommentarlos ausschlie\u00dflich russophobe, NATO-treue, euroimperialistische und militaristische Quellen. Es ist alles dabei: von der NATO selbst \u00fcber russophobe Falken wie Strack-Zimmermann und Kiesewetter, das ukrainische Milit\u00e4r, NAFO-Trolle bis hin zu einem Putin-Fake-Account, der &#8220;Satire&#8221; unterhalb der G\u00fcrtellinie abl\u00e4sst. Gerade vom Letztgenannten retweetet der gestandene Jurist oft und gerne, zum Beispiel das Foto eines splitternackten Mannes auf einem Pferd, dem der Kopf des russischen Pr\u00e4sidenten fotomontiert wurde.<\/p>\n<p>Stadler ist offenbar tief in seelische Abgr\u00fcnde getaucht. Verst\u00f6rend ist vor allem, dass auf seinem Twitter kaum noch etwas anderes au\u00dfer der Ukraine und dem Wahn, Russland milit\u00e4risch zerst\u00f6ren zu m\u00fcssen, vorkommt. Lediglich in den letzten Wochen wurden die Ukraine und Russland durch das Thema Israel und Gaza verdr\u00e4ngt. Diese nehmen nun ihrerseits die ganze Aufmerksamkeit des Hobby-Twitterers Stadler in Anspruch. Woher kommt diese Besessenheit mit L\u00e4ndern und Ereignissen, die ihn pers\u00f6nlich nichts angehen und von denen er nicht mehr zu verstehen scheint als das, was er aus der Mainstream-Propaganda aufgeschnappt hat?<\/p>\n<p>Ein Russe, der nicht sich und sein Land hasst, sollte sich vor diesem Richter besser h\u00fcten, ebenso ein Pal\u00e4stinenser \u2026 aber Ofarim? Die neuesten ReTweets deuten eher darauf hin, dass Richter Stadler fest zu Israel h\u00e4lt und die Vernichtung der Hamas um jeden noch so hohen Preis an Leben von Zivilisten unterst\u00fctzt.<\/p>\n<figure class=\"RTImage-root\">\n<div class=\"RTImage-image RTImage-original\"><picture class=\"Picture-root Picture-original\"><!--[if IE 9]><video style=\"display: none;\"><![endif]--><source media=\"(-webkit-min-device-pixel-ratio: 2) and (min-resolution: 120dpi)\" data-srcset=\" \nhttp:\/\/just-now.news\/de\/wp-content\/uploads\/sites\/3\/2023\/11\/65563082b480cc62777126b7.JPG 850w,\n                http:\/\/just-now.news\/de\/wp-content\/uploads\/sites\/3\/2023\/11\/65563082b480cc62777126b7.JPG 1960w,\n            \" ><source data-srcset=\" \nhttp:\/\/just-now.news\/de\/wp-content\/uploads\/sites\/3\/2023\/11\/65563082b480cc62777126b7.JPG 460w,\n              http:\/\/just-now.news\/de\/wp-content\/uploads\/sites\/3\/2023\/11\/65563082b480cc62777126b7.JPG 980w,\n            \" ><!--[if IE 9]><\/video><![endif]--><img decoding=\"async\" data- src=\"data:image\/png;base64,iVBORw0KGgoAAAANSUhEUgAAABAAAAAJCAQAAACRI2S5AAAAEElEQVR42mNkIAAYRxWAAQAG9gAKqv6+AwAAAABJRU5ErkJggg==\" class=\"Picture-root Picture-original lazyload\" data-src=\"http:\/\/just-now.news\/de\/wp-content\/uploads\/sites\/3\/2023\/11\/65563082b480cc62777126b7.JPG\" alt=\"\"><\/source><\/source><\/picture><!-- noscript pattern --><noscript><img decoding=\"async\" src=\"http:\/\/just-now.news\/de\/wp-content\/uploads\/sites\/3\/2023\/11\/65563082b480cc62777126b7.JPG\" alt=\"\"><\/noscript><\/div><figcaption class=\"RTImage-footer\"><span class=\"RTImage-caption\"><span class=\"RTImage-captionItem\">Screenshot des mutma\u00dflichen Twitter-Accounts von Richter Andreas Stadler, gefertigt am 16.11.2023<\/span><\/span><span class=\"RTImage-source\"><\/span><\/figcaption><\/figure>\n<p>Der X-Account (so hei\u00dft Twitter ja seit Kurzem) ist zwar nicht verifiziert, doch passen \u00e4ltere Tweets zu den Lebensumst\u00e4nden, dem beruflichen Werdegang und den \u00f6ffentlich bekannten Aktivit\u00e4ten des Richters Andreas Stadler aus Sachsen. Eine Quelle aus seinem Umfeld, die nicht genannt werden will, hat die Authentizit\u00e4t dieses Accounts best\u00e4tigt, so dass nur geringe Restzweifel bestehen, dass dieser Account tats\u00e4chlich von Stadler selbst gef\u00fchrt wird.<\/p>\n<figure class=\"RTImage-root\">\n<div class=\"RTImage-image RTImage-original\"><picture class=\"Picture-root Picture-original\"><!--[if IE 9]><video style=\"display: none;\"><![endif]--><source media=\"(-webkit-min-device-pixel-ratio: 2) and (min-resolution: 120dpi)\" data-srcset=\" \nhttp:\/\/just-now.news\/de\/wp-content\/uploads\/sites\/3\/2023\/11\/6556383db480cc6406254d43.JPG 850w,\n                http:\/\/just-now.news\/de\/wp-content\/uploads\/sites\/3\/2023\/11\/6556383db480cc6406254d43.JPG 1960w,\n            \" ><source data-srcset=\" \nhttp:\/\/just-now.news\/de\/wp-content\/uploads\/sites\/3\/2023\/11\/6556383db480cc6406254d43.JPG 460w,\n              http:\/\/just-now.news\/de\/wp-content\/uploads\/sites\/3\/2023\/11\/6556383db480cc6406254d43.JPG 980w,\n            \" ><!--[if IE 9]><\/video><![endif]--><img decoding=\"async\" data- src=\"data:image\/png;base64,iVBORw0KGgoAAAANSUhEUgAAABAAAAAJCAQAAACRI2S5AAAAEElEQVR42mNkIAAYRxWAAQAG9gAKqv6+AwAAAABJRU5ErkJggg==\" class=\"Picture-root Picture-original lazyload\" data-src=\"http:\/\/just-now.news\/de\/wp-content\/uploads\/sites\/3\/2023\/11\/6556383db480cc6406254d43.JPG\" alt=\"\"><\/source><\/source><\/picture><!-- noscript pattern --><noscript><img decoding=\"async\" src=\"http:\/\/just-now.news\/de\/wp-content\/uploads\/sites\/3\/2023\/11\/6556383db480cc6406254d43.JPG\" alt=\"\"><\/noscript><\/div><figcaption class=\"RTImage-footer\"><span class=\"RTImage-caption\"><span class=\"RTImage-captionItem\">Screenshot des X-Accounts von Andreas Stadler, 16.11.2023<\/span><\/span><span class=\"RTImage-source\"><\/span><\/figcaption><\/figure>\n<p>Wie nun das Gericht mit dem Befangenheitsantrag umgehen wird, soll n\u00e4chste Woche entschieden werden, der Prozess geht vorerst wie geplant weiter.<\/p>\n<p>Und so kam zur Sache am Mittwoch und Donnerstag auch der Gutachter zu Wort, der die wichtigste Frage des Prozesses aufkl\u00e4ren soll. Die wichtigste Frage lautet, ob auf den Videoaufnahmen aus dem Hotel eine Kette mit Davidstern-Anh\u00e4nger auf der Kleidung des S\u00e4ngers zu erkennen ist. Vor allem aber, ob mit den Aufnahmen bewiesen oder widerlegt werden kann, dass Gil Ofarim w\u00e4hrend des Streits mit dem Hotelmanager des Leipziger Westin-Hotels an einem Oktoberabend vor zwei Jahren sichtbar eine solche Kette samt Anh\u00e4nger getragen hat.\u00a0<\/p>\n<p>Um eine klare und eindeutige Antwort auf diese Frage hat sich der aufgerufene Gutachter, der die Videoaufnahmen akribisch ausgewertet und unter die Lupe genommen haben will, bislang herumgedr\u00fcckt. Eindeutig erkennbar sei eine Kette mit Davidstern-Anh\u00e4nger zwar nicht, jedoch meine er, hier und da Pixel zu erkennen, die das kurzzeitige Aufleuchten einer Kette am Hals von Gil Ofarim sein k\u00f6nnten.\u00a0<\/p>\n<p>Am Donnerstag wird es dann sogar unverhofft komisch. Als ein Verteidiger ihn fragt, ob ein gewisses Pixel nicht durchaus der Davidstern sein k\u00f6nnte, antwortet der Gutachter:\u00a0<\/p>\n<blockquote>\n<p><em>&#8220;Es kann der Stern sein oder, was ich nicht annehme, das Brusthaar von Herrn Ofarim, wenn er es nicht gek\u00e4mmt hat.&#8221;<\/em><\/p>\n<\/blockquote>\n<p>Der Gutachter empfiehlt daher nun ein Nachstellen der Ereignisse in der Hotellobby mit einer unabh\u00e4ngigen Person und mehreren Vergleichsketten unterschiedlicher Gr\u00f6\u00dfe. Ziel sei es zu pr\u00fcfen, ob der Anh\u00e4nger \u00fcberhaupt in den Videoaufnahmen abgebildet werden kann. Ob sich das Gericht auf das &#8220;Tatort-Experiment&#8221; einlassen wird, werden die n\u00e4chsten Verhandlungstage zeigen.<\/p>\n<p><strong>Mehr zum Thema<\/strong> &#8211; <a rel=\"nofollow noopener\" target=\"_blank\" href=\"https:\/\/freedert.online\/inland\/186412-da-stimmt-nichts-von-unglaublich-zeugenaussage-ofarim-prozess\/\">&#8220;Da stimmt nichts von, unglaublich!&#8221; \u2013 Zeugen widersprechen Ofarims Antisemitismus-Vorwurf<\/a><\/p>\n<\/div>\n<p><script async src=\"https:\/\/platform.twitter.com\/widgets.js\" charset=\"utf-8\"><\/script><br \/>\n<br \/><br \/>\n<br \/><a href=\"https:\/\/de.rt.com\/inland\/187244-ofarim-prozess-nach-fuenf-verhandlungstagen\/\">Source link <\/a><\/p>\n","protected":false},"excerpt":{"rendered":"<p>Der Ofarim-Prozess ist nach dem f\u00fcnften Verhandlungstag wieder offen, denn ein Gutachter kann sich nicht entscheiden, ob er auf den Videoaufnahmen aus dem Hotel eine Kette um den Hals des S\u00e4ngers sehen kann oder nicht. Unverhofft r\u00fcckte derweil das politische Leben des vorsitzenden Richters ins Rampenlicht. Von Anton Gentzen Der Verleumdungsprozess gegen den Musiker Gil [&hellip;]<\/p>\n","protected":false},"author":3,"featured_media":49869,"comment_status":"open","ping_status":"open","sticky":false,"template":"","format":"standard","meta":{"_yoast_indexnow_last_ping":["1700157353"],"wp_automatic_camp":["217"],"7c8e5978369a0ed72e53abb2804c7cad":["Ofarim-Prozess nach f\u00fcnf Verhandlungstagen: Schr\u00f6dingers Kette und ein twitternder Richter"],"original_link":["https:\/\/de.rt.com\/inland\/187244-ofarim-prozess-nach-fuenf-verhandlungstagen\/"],"_thumbnail_id":["49869"],"jnews_social_counter_last_update":["1777282251"],"_wptgpro_p2tg_sent2tg":["a:1:{i:23737;s:19:\"2023-11-16 19:56:55\";}"]},"categories":[19,23],"tags":[357,4905,50701,979,50698,3949,50700,50702,140,50699],"yoast_head":"<!-- This site is optimized with the Yoast SEO Premium plugin v22.7 (Yoast SEO v22.7) - https:\/\/yoast.com\/wordpress\/plugins\/seo\/ -->\n<title>Ofarim-Prozess nach f\u00fcnf Verhandlungstagen: Schr\u00f6dingers Kette und ein twitternder Richter - just-now.NEWS Deutschland<\/title>\n<meta name=\"robots\" content=\"index, follow, max-snippet:-1, max-image-preview:large, max-video-preview:-1\" \/>\n<link rel=\"canonical\" href=\"https:\/\/now-news.de\/de\/deutschland\/ofarim-prozess-nach-fuenf-verhandlungstagen-schroedingers-kette-und-ein-twitternder-richter\/\" \/>\n<meta property=\"og:locale\" content=\"de_DE\" \/>\n<meta property=\"og:type\" content=\"article\" \/>\n<meta property=\"og:title\" content=\"Ofarim-Prozess nach f\u00fcnf Verhandlungstagen: Schr\u00f6dingers Kette und ein twitternder Richter\" \/>\n<meta property=\"og:description\" content=\"Der Ofarim-Prozess ist nach dem f\u00fcnften Verhandlungstag wieder offen, denn ein Gutachter kann sich nicht entscheiden, ob er auf den Videoaufnahmen aus dem Hotel eine Kette um den Hals des S\u00e4ngers sehen kann oder nicht. Unverhofft r\u00fcckte derweil das politische Leben des vorsitzenden Richters ins Rampenlicht. Von Anton Gentzen Der Verleumdungsprozess gegen den Musiker Gil [&hellip;]\" \/>\n<meta property=\"og:url\" content=\"https:\/\/now-news.de\/de\/deutschland\/ofarim-prozess-nach-fuenf-verhandlungstagen-schroedingers-kette-und-ein-twitternder-richter\/\" \/>\n<meta property=\"og:site_name\" content=\"just-now.NEWS Deutschland\" \/>\n<meta property=\"article:publisher\" content=\"https:\/\/www.facebook.com\/wirmachenauf\" \/>\n<meta property=\"article:published_time\" content=\"2023-11-16T17:53:54+00:00\" \/>\n<meta property=\"og:image\" content=\"https:\/\/now-news.de\/de\/wp-content\/uploads\/sites\/3\/2023\/11\/Ofarim-Prozess-nach-fuenf-Verhandlungstagen-Schroedingers-Kette-und-ein-twitternder-Richter.JPG\" \/>\n\t<meta property=\"og:image:width\" content=\"754\" \/>\n\t<meta property=\"og:image:height\" content=\"756\" \/>\n\t<meta property=\"og:image:type\" content=\"image\/jpeg\" \/>\n<meta name=\"author\" content=\"rtnews\" \/>\n<meta name=\"twitter:card\" content=\"summary_large_image\" \/>\n<meta name=\"twitter:creator\" content=\"@WirMachenAuf_de\" \/>\n<meta name=\"twitter:site\" content=\"@WirMachenAuf_de\" \/>\n<meta name=\"twitter:label1\" content=\"Verfasst von\" \/>\n\t<meta name=\"twitter:data1\" content=\"rtnews\" \/>\n\t<meta name=\"twitter:label2\" content=\"Gesch\u00e4tzte Lesezeit\" \/>\n\t<meta name=\"twitter:data2\" content=\"4\u00a0Minuten\" \/>\n<script type=\"application\/ld+json\" class=\"yoast-schema-graph\">{\"@context\":\"https:\/\/schema.org\",\"@graph\":[{\"@type\":\"Article\",\"@id\":\"https:\/\/now-news.de\/de\/deutschland\/ofarim-prozess-nach-fuenf-verhandlungstagen-schroedingers-kette-und-ein-twitternder-richter\/#article\",\"isPartOf\":{\"@id\":\"https:\/\/now-news.de\/de\/deutschland\/ofarim-prozess-nach-fuenf-verhandlungstagen-schroedingers-kette-und-ein-twitternder-richter\/\"},\"author\":{\"name\":\"rtnews\",\"@id\":\"https:\/\/now-news.de\/de\/#\/schema\/person\/fb534a4e865501d8b3285208df34a9b5\"},\"headline\":\"Ofarim-Prozess nach f\u00fcnf Verhandlungstagen: Schr\u00f6dingers Kette und ein twitternder Richter\",\"datePublished\":\"2023-11-16T17:53:54+00:00\",\"dateModified\":\"2023-11-16T17:53:54+00:00\",\"mainEntityOfPage\":{\"@id\":\"https:\/\/now-news.de\/de\/deutschland\/ofarim-prozess-nach-fuenf-verhandlungstagen-schroedingers-kette-und-ein-twitternder-richter\/\"},\"wordCount\":865,\"commentCount\":0,\"publisher\":{\"@id\":\"https:\/\/now-news.de\/de\/#organization\"},\"image\":{\"@id\":\"https:\/\/now-news.de\/de\/deutschland\/ofarim-prozess-nach-fuenf-verhandlungstagen-schroedingers-kette-und-ein-twitternder-richter\/#primaryimage\"},\"thumbnailUrl\":\"https:\/\/now-news.de\/de\/wp-content\/uploads\/sites\/3\/2023\/11\/Ofarim-Prozess-nach-fuenf-Verhandlungstagen-Schroedingers-Kette-und-ein-twitternder-Richter.JPG\",\"keywords\":[\"ein\",\"f\u00fcnf\",\"Kette\",\"nach\",\"OfarimProzess\",\"Richter\",\"Schr\u00f6dingers\",\"twitternder\",\"und\",\"Verhandlungstagen\"],\"articleSection\":[\"Deutschland\",\"Russland\"],\"inLanguage\":\"de\",\"potentialAction\":[{\"@type\":\"CommentAction\",\"name\":\"Comment\",\"target\":[\"https:\/\/now-news.de\/de\/deutschland\/ofarim-prozess-nach-fuenf-verhandlungstagen-schroedingers-kette-und-ein-twitternder-richter\/#respond\"]}]},{\"@type\":\"WebPage\",\"@id\":\"https:\/\/now-news.de\/de\/deutschland\/ofarim-prozess-nach-fuenf-verhandlungstagen-schroedingers-kette-und-ein-twitternder-richter\/\",\"url\":\"https:\/\/now-news.de\/de\/deutschland\/ofarim-prozess-nach-fuenf-verhandlungstagen-schroedingers-kette-und-ein-twitternder-richter\/\",\"name\":\"Ofarim-Prozess nach f\u00fcnf Verhandlungstagen: Schr\u00f6dingers Kette und ein twitternder Richter - just-now.NEWS Deutschland\",\"isPartOf\":{\"@id\":\"https:\/\/now-news.de\/de\/#website\"},\"primaryImageOfPage\":{\"@id\":\"https:\/\/now-news.de\/de\/deutschland\/ofarim-prozess-nach-fuenf-verhandlungstagen-schroedingers-kette-und-ein-twitternder-richter\/#primaryimage\"},\"image\":{\"@id\":\"https:\/\/now-news.de\/de\/deutschland\/ofarim-prozess-nach-fuenf-verhandlungstagen-schroedingers-kette-und-ein-twitternder-richter\/#primaryimage\"},\"thumbnailUrl\":\"https:\/\/now-news.de\/de\/wp-content\/uploads\/sites\/3\/2023\/11\/Ofarim-Prozess-nach-fuenf-Verhandlungstagen-Schroedingers-Kette-und-ein-twitternder-Richter.JPG\",\"datePublished\":\"2023-11-16T17:53:54+00:00\",\"dateModified\":\"2023-11-16T17:53:54+00:00\",\"breadcrumb\":{\"@id\":\"https:\/\/now-news.de\/de\/deutschland\/ofarim-prozess-nach-fuenf-verhandlungstagen-schroedingers-kette-und-ein-twitternder-richter\/#breadcrumb\"},\"inLanguage\":\"de\",\"potentialAction\":[{\"@type\":\"ReadAction\",\"target\":[\"https:\/\/now-news.de\/de\/deutschland\/ofarim-prozess-nach-fuenf-verhandlungstagen-schroedingers-kette-und-ein-twitternder-richter\/\"]}]},{\"@type\":\"ImageObject\",\"inLanguage\":\"de\",\"@id\":\"https:\/\/now-news.de\/de\/deutschland\/ofarim-prozess-nach-fuenf-verhandlungstagen-schroedingers-kette-und-ein-twitternder-richter\/#primaryimage\",\"url\":\"https:\/\/now-news.de\/de\/wp-content\/uploads\/sites\/3\/2023\/11\/Ofarim-Prozess-nach-fuenf-Verhandlungstagen-Schroedingers-Kette-und-ein-twitternder-Richter.JPG\",\"contentUrl\":\"https:\/\/now-news.de\/de\/wp-content\/uploads\/sites\/3\/2023\/11\/Ofarim-Prozess-nach-fuenf-Verhandlungstagen-Schroedingers-Kette-und-ein-twitternder-Richter.JPG\",\"width\":754,\"height\":756,\"caption\":\"Ofarim-Prozess nach f\u00fcnf Verhandlungstagen: Schr\u00f6dingers Kette und ein twitternder Richter\"},{\"@type\":\"BreadcrumbList\",\"@id\":\"https:\/\/now-news.de\/de\/deutschland\/ofarim-prozess-nach-fuenf-verhandlungstagen-schroedingers-kette-und-ein-twitternder-richter\/#breadcrumb\",\"itemListElement\":[{\"@type\":\"ListItem\",\"position\":1,\"name\":\"Home\",\"item\":\"https:\/\/now-news.de\/de\/\"},{\"@type\":\"ListItem\",\"position\":2,\"name\":\"Ofarim-Prozess nach f\u00fcnf Verhandlungstagen: Schr\u00f6dingers Kette und ein twitternder Richter\"}]},{\"@type\":\"WebSite\",\"@id\":\"https:\/\/now-news.de\/de\/#website\",\"url\":\"https:\/\/now-news.de\/de\/\",\"name\":\"just-now.NEWS Deutschland\",\"description\":\"Das Portal f\u00fcr unzensierte Nachrichten aus der Welt\",\"publisher\":{\"@id\":\"https:\/\/now-news.de\/de\/#organization\"},\"potentialAction\":[{\"@type\":\"SearchAction\",\"target\":{\"@type\":\"EntryPoint\",\"urlTemplate\":\"https:\/\/now-news.de\/de\/?s={search_term_string}\"},\"query-input\":\"required name=search_term_string\"}],\"inLanguage\":\"de\"},{\"@type\":\"Organization\",\"@id\":\"https:\/\/now-news.de\/de\/#organization\",\"name\":\"Just Now News\",\"url\":\"https:\/\/now-news.de\/de\/\",\"logo\":{\"@type\":\"ImageObject\",\"inLanguage\":\"de\",\"@id\":\"https:\/\/now-news.de\/de\/#\/schema\/logo\/image\/\",\"url\":\"http:\/\/just-now.news\/de\/wp-content\/uploads\/sites\/3\/2022\/04\/logo500x500.jpg\",\"contentUrl\":\"http:\/\/just-now.news\/de\/wp-content\/uploads\/sites\/3\/2022\/04\/logo500x500.jpg\",\"width\":500,\"height\":500,\"caption\":\"Just Now News\"},\"image\":{\"@id\":\"https:\/\/now-news.de\/de\/#\/schema\/logo\/image\/\"},\"sameAs\":[\"https:\/\/www.facebook.com\/wirmachenauf\",\"https:\/\/x.com\/WirMachenAuf_de\"]},{\"@type\":\"Person\",\"@id\":\"https:\/\/now-news.de\/de\/#\/schema\/person\/fb534a4e865501d8b3285208df34a9b5\",\"name\":\"rtnews\",\"image\":{\"@type\":\"ImageObject\",\"inLanguage\":\"de\",\"@id\":\"https:\/\/now-news.de\/de\/#\/schema\/person\/image\/\",\"url\":\"https:\/\/secure.gravatar.com\/avatar\/82aafea7d8127119dd649515f56e2117?s=96&d=mm&r=g\",\"contentUrl\":\"https:\/\/secure.gravatar.com\/avatar\/82aafea7d8127119dd649515f56e2117?s=96&d=mm&r=g\",\"caption\":\"rtnews\"},\"url\":\"https:\/\/now-news.de\/de\/author\/rnews\/\"}]}<\/script>\n<!-- \/ Yoast SEO Premium plugin. -->","yoast_head_json":{"title":"Ofarim-Prozess nach f\u00fcnf Verhandlungstagen: Schr\u00f6dingers Kette und ein twitternder Richter - just-now.NEWS Deutschland","robots":{"index":"index","follow":"follow","max-snippet":"max-snippet:-1","max-image-preview":"max-image-preview:large","max-video-preview":"max-video-preview:-1"},"canonical":"https:\/\/now-news.de\/de\/deutschland\/ofarim-prozess-nach-fuenf-verhandlungstagen-schroedingers-kette-und-ein-twitternder-richter\/","og_locale":"de_DE","og_type":"article","og_title":"Ofarim-Prozess nach f\u00fcnf Verhandlungstagen: Schr\u00f6dingers Kette und ein twitternder Richter","og_description":"Der Ofarim-Prozess ist nach dem f\u00fcnften Verhandlungstag wieder offen, denn ein Gutachter kann sich nicht entscheiden, ob er auf den Videoaufnahmen aus dem Hotel eine Kette um den Hals des S\u00e4ngers sehen kann oder nicht. Unverhofft r\u00fcckte derweil das politische Leben des vorsitzenden Richters ins Rampenlicht. Von Anton Gentzen Der Verleumdungsprozess gegen den Musiker Gil [&hellip;]","og_url":"https:\/\/now-news.de\/de\/deutschland\/ofarim-prozess-nach-fuenf-verhandlungstagen-schroedingers-kette-und-ein-twitternder-richter\/","og_site_name":"just-now.NEWS Deutschland","article_publisher":"https:\/\/www.facebook.com\/wirmachenauf","article_published_time":"2023-11-16T17:53:54+00:00","og_image":[{"width":754,"height":756,"url":"https:\/\/now-news.de\/de\/wp-content\/uploads\/sites\/3\/2023\/11\/Ofarim-Prozess-nach-fuenf-Verhandlungstagen-Schroedingers-Kette-und-ein-twitternder-Richter.JPG","type":"image\/jpeg"}],"author":"rtnews","twitter_card":"summary_large_image","twitter_creator":"@WirMachenAuf_de","twitter_site":"@WirMachenAuf_de","twitter_misc":{"Verfasst von":"rtnews","Gesch\u00e4tzte Lesezeit":"4\u00a0Minuten"},"schema":{"@context":"https:\/\/schema.org","@graph":[{"@type":"Article","@id":"https:\/\/now-news.de\/de\/deutschland\/ofarim-prozess-nach-fuenf-verhandlungstagen-schroedingers-kette-und-ein-twitternder-richter\/#article","isPartOf":{"@id":"https:\/\/now-news.de\/de\/deutschland\/ofarim-prozess-nach-fuenf-verhandlungstagen-schroedingers-kette-und-ein-twitternder-richter\/"},"author":{"name":"rtnews","@id":"https:\/\/now-news.de\/de\/#\/schema\/person\/fb534a4e865501d8b3285208df34a9b5"},"headline":"Ofarim-Prozess nach f\u00fcnf Verhandlungstagen: Schr\u00f6dingers Kette und ein twitternder Richter","datePublished":"2023-11-16T17:53:54+00:00","dateModified":"2023-11-16T17:53:54+00:00","mainEntityOfPage":{"@id":"https:\/\/now-news.de\/de\/deutschland\/ofarim-prozess-nach-fuenf-verhandlungstagen-schroedingers-kette-und-ein-twitternder-richter\/"},"wordCount":865,"commentCount":0,"publisher":{"@id":"https:\/\/now-news.de\/de\/#organization"},"image":{"@id":"https:\/\/now-news.de\/de\/deutschland\/ofarim-prozess-nach-fuenf-verhandlungstagen-schroedingers-kette-und-ein-twitternder-richter\/#primaryimage"},"thumbnailUrl":"https:\/\/now-news.de\/de\/wp-content\/uploads\/sites\/3\/2023\/11\/Ofarim-Prozess-nach-fuenf-Verhandlungstagen-Schroedingers-Kette-und-ein-twitternder-Richter.JPG","keywords":["ein","f\u00fcnf","Kette","nach","OfarimProzess","Richter","Schr\u00f6dingers","twitternder","und","Verhandlungstagen"],"articleSection":["Deutschland","Russland"],"inLanguage":"de","potentialAction":[{"@type":"CommentAction","name":"Comment","target":["https:\/\/now-news.de\/de\/deutschland\/ofarim-prozess-nach-fuenf-verhandlungstagen-schroedingers-kette-und-ein-twitternder-richter\/#respond"]}]},{"@type":"WebPage","@id":"https:\/\/now-news.de\/de\/deutschland\/ofarim-prozess-nach-fuenf-verhandlungstagen-schroedingers-kette-und-ein-twitternder-richter\/","url":"https:\/\/now-news.de\/de\/deutschland\/ofarim-prozess-nach-fuenf-verhandlungstagen-schroedingers-kette-und-ein-twitternder-richter\/","name":"Ofarim-Prozess nach f\u00fcnf Verhandlungstagen: Schr\u00f6dingers Kette und ein twitternder Richter - just-now.NEWS Deutschland","isPartOf":{"@id":"https:\/\/now-news.de\/de\/#website"},"primaryImageOfPage":{"@id":"https:\/\/now-news.de\/de\/deutschland\/ofarim-prozess-nach-fuenf-verhandlungstagen-schroedingers-kette-und-ein-twitternder-richter\/#primaryimage"},"image":{"@id":"https:\/\/now-news.de\/de\/deutschland\/ofarim-prozess-nach-fuenf-verhandlungstagen-schroedingers-kette-und-ein-twitternder-richter\/#primaryimage"},"thumbnailUrl":"https:\/\/now-news.de\/de\/wp-content\/uploads\/sites\/3\/2023\/11\/Ofarim-Prozess-nach-fuenf-Verhandlungstagen-Schroedingers-Kette-und-ein-twitternder-Richter.JPG","datePublished":"2023-11-16T17:53:54+00:00","dateModified":"2023-11-16T17:53:54+00:00","breadcrumb":{"@id":"https:\/\/now-news.de\/de\/deutschland\/ofarim-prozess-nach-fuenf-verhandlungstagen-schroedingers-kette-und-ein-twitternder-richter\/#breadcrumb"},"inLanguage":"de","potentialAction":[{"@type":"ReadAction","target":["https:\/\/now-news.de\/de\/deutschland\/ofarim-prozess-nach-fuenf-verhandlungstagen-schroedingers-kette-und-ein-twitternder-richter\/"]}]},{"@type":"ImageObject","inLanguage":"de","@id":"https:\/\/now-news.de\/de\/deutschland\/ofarim-prozess-nach-fuenf-verhandlungstagen-schroedingers-kette-und-ein-twitternder-richter\/#primaryimage","url":"https:\/\/now-news.de\/de\/wp-content\/uploads\/sites\/3\/2023\/11\/Ofarim-Prozess-nach-fuenf-Verhandlungstagen-Schroedingers-Kette-und-ein-twitternder-Richter.JPG","contentUrl":"https:\/\/now-news.de\/de\/wp-content\/uploads\/sites\/3\/2023\/11\/Ofarim-Prozess-nach-fuenf-Verhandlungstagen-Schroedingers-Kette-und-ein-twitternder-Richter.JPG","width":754,"height":756,"caption":"Ofarim-Prozess nach f\u00fcnf Verhandlungstagen: Schr\u00f6dingers Kette und ein twitternder Richter"},{"@type":"BreadcrumbList","@id":"https:\/\/now-news.de\/de\/deutschland\/ofarim-prozess-nach-fuenf-verhandlungstagen-schroedingers-kette-und-ein-twitternder-richter\/#breadcrumb","itemListElement":[{"@type":"ListItem","position":1,"name":"Home","item":"https:\/\/now-news.de\/de\/"},{"@type":"ListItem","position":2,"name":"Ofarim-Prozess nach f\u00fcnf Verhandlungstagen: Schr\u00f6dingers Kette und ein twitternder Richter"}]},{"@type":"WebSite","@id":"https:\/\/now-news.de\/de\/#website","url":"https:\/\/now-news.de\/de\/","name":"just-now.NEWS Deutschland","description":"Das Portal f\u00fcr unzensierte Nachrichten aus der Welt","publisher":{"@id":"https:\/\/now-news.de\/de\/#organization"},"potentialAction":[{"@type":"SearchAction","target":{"@type":"EntryPoint","urlTemplate":"https:\/\/now-news.de\/de\/?s={search_term_string}"},"query-input":"required name=search_term_string"}],"inLanguage":"de"},{"@type":"Organization","@id":"https:\/\/now-news.de\/de\/#organization","name":"Just Now News","url":"https:\/\/now-news.de\/de\/","logo":{"@type":"ImageObject","inLanguage":"de","@id":"https:\/\/now-news.de\/de\/#\/schema\/logo\/image\/","url":"http:\/\/just-now.news\/de\/wp-content\/uploads\/sites\/3\/2022\/04\/logo500x500.jpg","contentUrl":"http:\/\/just-now.news\/de\/wp-content\/uploads\/sites\/3\/2022\/04\/logo500x500.jpg","width":500,"height":500,"caption":"Just Now News"},"image":{"@id":"https:\/\/now-news.de\/de\/#\/schema\/logo\/image\/"},"sameAs":["https:\/\/www.facebook.com\/wirmachenauf","https:\/\/x.com\/WirMachenAuf_de"]},{"@type":"Person","@id":"https:\/\/now-news.de\/de\/#\/schema\/person\/fb534a4e865501d8b3285208df34a9b5","name":"rtnews","image":{"@type":"ImageObject","inLanguage":"de","@id":"https:\/\/now-news.de\/de\/#\/schema\/person\/image\/","url":"https:\/\/secure.gravatar.com\/avatar\/82aafea7d8127119dd649515f56e2117?s=96&d=mm&r=g","contentUrl":"https:\/\/secure.gravatar.com\/avatar\/82aafea7d8127119dd649515f56e2117?s=96&d=mm&r=g","caption":"rtnews"},"url":"https:\/\/now-news.de\/de\/author\/rnews\/"}]}},"_links":{"self":[{"href":"https:\/\/now-news.de\/de\/wp-json\/wp\/v2\/posts\/49868"}],"collection":[{"href":"https:\/\/now-news.de\/de\/wp-json\/wp\/v2\/posts"}],"about":[{"href":"https:\/\/now-news.de\/de\/wp-json\/wp\/v2\/types\/post"}],"author":[{"embeddable":true,"href":"https:\/\/now-news.de\/de\/wp-json\/wp\/v2\/users\/3"}],"replies":[{"embeddable":true,"href":"https:\/\/now-news.de\/de\/wp-json\/wp\/v2\/comments?post=49868"}],"version-history":[{"count":0,"href":"https:\/\/now-news.de\/de\/wp-json\/wp\/v2\/posts\/49868\/revisions"}],"wp:featuredmedia":[{"embeddable":true,"href":"https:\/\/now-news.de\/de\/wp-json\/wp\/v2\/media\/49869"}],"wp:attachment":[{"href":"https:\/\/now-news.de\/de\/wp-json\/wp\/v2\/media?parent=49868"}],"wp:term":[{"taxonomy":"category","embeddable":true,"href":"https:\/\/now-news.de\/de\/wp-json\/wp\/v2\/categories?post=49868"},{"taxonomy":"post_tag","embeddable":true,"href":"https:\/\/now-news.de\/de\/wp-json\/wp\/v2\/tags?post=49868"}],"curies":[{"name":"wp","href":"https:\/\/api.w.org\/{rel}","templated":true}]}}