{"id":49864,"date":"2023-11-16T19:14:28","date_gmt":"2023-11-16T17:14:28","guid":{"rendered":"https:\/\/just-now.news\/de\/deutschland\/klimarettung-durch-schmiereien-erneute-farbattacke-auf-das-brandenburger-tor-in-berlin\/"},"modified":"2023-11-16T19:14:28","modified_gmt":"2023-11-16T17:14:28","slug":"klimarettung-durch-schmiereien-erneute-farbattacke-auf-das-brandenburger-tor-in-berlin","status":"publish","type":"post","link":"https:\/\/now-news.de\/de\/deutschland\/klimarettung-durch-schmiereien-erneute-farbattacke-auf-das-brandenburger-tor-in-berlin\/","title":{"rendered":"Klimarettung durch Schmiereien? \u2013 Erneute Farbattacke auf das Brandenburger Tor in Berlin"},"content":{"rendered":"<p><img decoding=\"async\" src=\"http:\/\/just-now.news\/de\/wp-content\/uploads\/sites\/3\/2023\/11\/65562bf348fbef576041c48e.jpg\" \/><\/p>\n<div class=\"Text-root Text-type_1 \">\n                Wieder versuchen Aktivisten zur Klimarettung beizutragen, indem sie in Berlin das Brandenburger Tor mit oranger Farbe bepinseln. Die mutma\u00dflichen Klimaretter werden dieses mal zeitnah festgenommen.\n            <\/div>\n<p><\/p>\n<div class=\"Text-root Text-type_5 ArticleView-text ViewText-root \">\n<p>Mit despektierlichem Unterton <a rel=\"nofollow noopener\" target=\"_blank\" href=\"https:\/\/www.focus.de\/panorama\/bleibt-orange-letzte-generation-beschmiert-erneut-brandenburger-tor_id_246838172.html?utm_source=browser&amp;utm_medium=push-notification&amp;utm_campaign=cleverpush-1700142178\">berichtete<\/a> der <em>Focus <\/em>\u00fcber eine Wiederholungsaktion der selbsternannten &#8220;Klimaretter&#8221;<em>,<\/em> dass am Donnerstag erneut Klima-Aktivisten der &#8220;Letzten Generation&#8221; in Berlin das Brandenburger Tor mit oranger Farbe beschmiert haben.<\/p>\n<p>Zeitgleich wurde von der &#8220;Letzten Generation&#8221; selbst stolz ein Video mit einem Aktivisten beim Anstreichen des ber\u00fchmtesten Berliner Baudenkmals auf der Plattform X ver\u00f6ffentlicht. Neben der Botschaft &#8220;Das Brandenburger Tor bleibt orange&#8221; wurde unter dem Video kommentiert: &#8220;Wir sind mit Farbe zur\u00fcck am Brandenburger Tor. Solange Deutschland \u00d6l, Gas und Kohle verbrennt, werden wir wiederkommen.&#8221; Ihre Aktion bezeichneten sie als ein angebliches &#8220;Mahnmal f\u00fcr die unz\u00e4hligen Menschen, die unser Z\u00f6gern mit dem Leben bezahlt haben und bezahlen werden&#8221;.<\/p>\n<p>Auch die <em>Berliner Zeitung<\/em> brachte am Donnerstag um 14 Uhr einen kurzen Clip auf X, in dem der Beginn der Anstreich-Aktion am Brandenburger Tor zu sehen war.<\/p>\n<div class=\"EmbedBlock-root EmbedBlock-twitter\">\n<div class=\"TwitterEmbed\">\n<blockquote class=\"twitter-tweet lazyload\" data-twitter=\"twitter-tweet\">\n<p lang=\"de\" dir=\"ltr\">Die <a rel=\"nofollow noopener\" target=\"_blank\" href=\"https:\/\/twitter.com\/hashtag\/LetzteGeneration?src=hash&amp;ref_src=twsrc%5Etfw\">#LetzteGeneration<\/a> ist aktuell erneut am <a rel=\"nofollow noopener\" target=\"_blank\" href=\"https:\/\/twitter.com\/hashtag\/BrandenburgerTor?src=hash&amp;ref_src=twsrc%5Etfw\">#BrandenburgerTor<\/a> aktiv. Mehrere Aktivisten malen die bisher unversehrte Seite mit oranger Farbe an. <a rel=\"nofollow noopener\" target=\"_blank\" href=\"https:\/\/twitter.com\/AufstandLastGen?ref_src=twsrc%5Etfw\">@AufstandLastGen<\/a><a rel=\"nofollow noopener\" target=\"_blank\" href=\"https:\/\/t.co\/m4Q7xiXIKs\">pic.twitter.com\/m4Q7xiXIKs<\/a><\/p>\n<p>\u2014 Berliner Zeitung (@berlinerzeitung) <a rel=\"nofollow noopener\" target=\"_blank\" href=\"https:\/\/twitter.com\/berlinerzeitung\/status\/1725138365329125734?ref_src=twsrc%5Etfw\">November 16, 2023<\/a><\/p><\/blockquote>\n<\/div>\n<\/div>\n<p>In einer weiteren Kurznachricht informierte die <em>Berliner Zeitung<\/em> dann um 14:15 Uhr \u00fcber die polizeiliche Festnahme der Aktivisten und zeigte den Beginn der\u00a0 Reinigungsversuche an den S\u00e4ulen des Denkmals.<\/p>\n<div class=\"EmbedBlock-root EmbedBlock-twitter\">\n<div class=\"TwitterEmbed\">\n<blockquote class=\"twitter-tweet lazyload\" data-twitter=\"twitter-tweet\">\n<p lang=\"de\" dir=\"ltr\">Mittlerweile hat die <a rel=\"nofollow noopener\" target=\"_blank\" href=\"https:\/\/twitter.com\/polizeiberlin?ref_src=twsrc%5Etfw\">@polizeiberlin<\/a> die Aktivisten von <a rel=\"nofollow noopener\" target=\"_blank\" href=\"https:\/\/twitter.com\/AufstandLastGen?ref_src=twsrc%5Etfw\">@AufstandLastGen<\/a> wegen ihrer Farbaktion festgenommen. Die Reinigungsarbeiten beginnen sofort. <a rel=\"nofollow noopener\" target=\"_blank\" href=\"https:\/\/twitter.com\/hashtag\/LetzteGeneration?src=hash&amp;ref_src=twsrc%5Etfw\">#LetzteGeneration<\/a><a rel=\"nofollow noopener\" target=\"_blank\" href=\"https:\/\/twitter.com\/hashtag\/BrandenburgerTor?src=hash&amp;ref_src=twsrc%5Etfw\">#BrandenburgerTor<\/a><a rel=\"nofollow noopener\" target=\"_blank\" href=\"https:\/\/t.co\/xN9bm9czJb\">pic.twitter.com\/xN9bm9czJb<\/a><\/p>\n<p>\u2014 Berliner Zeitung (@berlinerzeitung) <a rel=\"nofollow noopener\" target=\"_blank\" href=\"https:\/\/twitter.com\/berlinerzeitung\/status\/1725140550918029411?ref_src=twsrc%5Etfw\">November 16, 2023<\/a><\/p><\/blockquote>\n<\/div>\n<\/div>\n<p><strong>Mehr zum Thema<\/strong> &#8211; <a rel=\"nofollow noopener\" target=\"_blank\" href=\"https:\/\/freedert.online\/inland\/187128-german-angst-studie-soll-belegen\/\">German Angst: Studie soll belegen, dass Klimawandel gr\u00f6\u00dfte Zukunftssorge der Deutschen ist<\/a><\/p>\n<\/div>\n<p><script async src=\"https:\/\/platform.twitter.com\/widgets.js\" charset=\"utf-8\"><\/script><br \/>\n<br \/><br \/>\n<br \/><a href=\"https:\/\/de.rt.com\/gesellschaft\/187242-klimarettung-durch-schmiereien-erneute-farbattacke\/\">Source link <\/a><\/p>\n","protected":false},"excerpt":{"rendered":"<p>Wieder versuchen Aktivisten zur Klimarettung beizutragen, indem sie in Berlin das Brandenburger Tor mit oranger Farbe bepinseln. Die mutma\u00dflichen Klimaretter werden dieses mal zeitnah festgenommen. Mit despektierlichem Unterton berichtete der Focus \u00fcber eine Wiederholungsaktion der selbsternannten &#8220;Klimaretter&#8221;, dass am Donnerstag erneut Klima-Aktivisten der &#8220;Letzten Generation&#8221; in Berlin das Brandenburger Tor mit oranger Farbe beschmiert haben. [&hellip;]<\/p>\n","protected":false},"author":3,"featured_media":49865,"comment_status":"open","ping_status":"open","sticky":false,"template":"","format":"standard","meta":{"_yoast_indexnow_last_ping":["1700155304"],"wp_automatic_camp":["217"],"59483ccb6c9c268cd769a6485e6a17b9":["Klimarettung durch Schmiereien? \u2013 Erneute Farbattacke auf das Brandenburger Tor in Berlin"],"original_link":["https:\/\/de.rt.com\/gesellschaft\/187242-klimarettung-durch-schmiereien-erneute-farbattacke\/"],"_thumbnail_id":["49865"],"_wptgpro_p2tg_sent2tg":["a:1:{i:23737;s:19:\"2023-11-16 19:22:56\";}"],"jnews_social_counter_last_update":["1777371912"]},"categories":[19,23],"tags":[133,943,21665,427,1024,18823,45637,50696,50697,23663],"yoast_head":"<!-- This site is optimized with the Yoast SEO Premium plugin v22.7 (Yoast SEO v22.7) - https:\/\/yoast.com\/wordpress\/plugins\/seo\/ -->\n<title>Klimarettung durch Schmiereien? \u2013 Erneute Farbattacke auf das Brandenburger Tor in Berlin - just-now.NEWS Deutschland<\/title>\n<meta name=\"robots\" content=\"index, follow, max-snippet:-1, max-image-preview:large, max-video-preview:-1\" \/>\n<link rel=\"canonical\" href=\"https:\/\/now-news.de\/de\/deutschland\/klimarettung-durch-schmiereien-erneute-farbattacke-auf-das-brandenburger-tor-in-berlin\/\" \/>\n<meta property=\"og:locale\" content=\"de_DE\" \/>\n<meta property=\"og:type\" content=\"article\" \/>\n<meta property=\"og:title\" content=\"Klimarettung durch Schmiereien? \u2013 Erneute Farbattacke auf das Brandenburger Tor in Berlin\" \/>\n<meta property=\"og:description\" content=\"Wieder versuchen Aktivisten zur Klimarettung beizutragen, indem sie in Berlin das Brandenburger Tor mit oranger Farbe bepinseln. Die mutma\u00dflichen Klimaretter werden dieses mal zeitnah festgenommen. Mit despektierlichem Unterton berichtete der Focus \u00fcber eine Wiederholungsaktion der selbsternannten &#8220;Klimaretter&#8221;, dass am Donnerstag erneut Klima-Aktivisten der &#8220;Letzten Generation&#8221; in Berlin das Brandenburger Tor mit oranger Farbe beschmiert haben. [&hellip;]\" \/>\n<meta property=\"og:url\" content=\"https:\/\/now-news.de\/de\/deutschland\/klimarettung-durch-schmiereien-erneute-farbattacke-auf-das-brandenburger-tor-in-berlin\/\" \/>\n<meta property=\"og:site_name\" content=\"just-now.NEWS Deutschland\" \/>\n<meta property=\"article:publisher\" content=\"https:\/\/www.facebook.com\/wirmachenauf\" \/>\n<meta property=\"article:published_time\" content=\"2023-11-16T17:14:28+00:00\" \/>\n<meta property=\"og:image\" content=\"https:\/\/now-news.de\/de\/wp-content\/uploads\/sites\/3\/2023\/11\/Klimarettung-durch-Schmiereien-\u2013-Erneute-Farbattacke-auf-das-Brandenburger-Tor.jpg\" \/>\n\t<meta property=\"og:image:width\" content=\"460\" \/>\n\t<meta property=\"og:image:height\" content=\"259\" \/>\n\t<meta property=\"og:image:type\" content=\"image\/jpeg\" \/>\n<meta name=\"author\" content=\"rtnews\" \/>\n<meta name=\"twitter:card\" content=\"summary_large_image\" \/>\n<meta name=\"twitter:creator\" content=\"@WirMachenAuf_de\" \/>\n<meta name=\"twitter:site\" content=\"@WirMachenAuf_de\" \/>\n<meta name=\"twitter:label1\" content=\"Verfasst von\" \/>\n\t<meta name=\"twitter:data1\" content=\"rtnews\" \/>\n\t<meta name=\"twitter:label2\" content=\"Gesch\u00e4tzte Lesezeit\" \/>\n\t<meta name=\"twitter:data2\" content=\"1\u00a0Minute\" \/>\n<script type=\"application\/ld+json\" class=\"yoast-schema-graph\">{\"@context\":\"https:\/\/schema.org\",\"@graph\":[{\"@type\":\"Article\",\"@id\":\"https:\/\/now-news.de\/de\/deutschland\/klimarettung-durch-schmiereien-erneute-farbattacke-auf-das-brandenburger-tor-in-berlin\/#article\",\"isPartOf\":{\"@id\":\"https:\/\/now-news.de\/de\/deutschland\/klimarettung-durch-schmiereien-erneute-farbattacke-auf-das-brandenburger-tor-in-berlin\/\"},\"author\":{\"name\":\"rtnews\",\"@id\":\"https:\/\/now-news.de\/de\/#\/schema\/person\/fb534a4e865501d8b3285208df34a9b5\"},\"headline\":\"Klimarettung durch Schmiereien? \u2013 Erneute Farbattacke auf das Brandenburger Tor in Berlin\",\"datePublished\":\"2023-11-16T17:14:28+00:00\",\"dateModified\":\"2023-11-16T17:14:28+00:00\",\"mainEntityOfPage\":{\"@id\":\"https:\/\/now-news.de\/de\/deutschland\/klimarettung-durch-schmiereien-erneute-farbattacke-auf-das-brandenburger-tor-in-berlin\/\"},\"wordCount\":284,\"commentCount\":0,\"publisher\":{\"@id\":\"https:\/\/now-news.de\/de\/#organization\"},\"image\":{\"@id\":\"https:\/\/now-news.de\/de\/deutschland\/klimarettung-durch-schmiereien-erneute-farbattacke-auf-das-brandenburger-tor-in-berlin\/#primaryimage\"},\"thumbnailUrl\":\"https:\/\/now-news.de\/de\/wp-content\/uploads\/sites\/3\/2023\/11\/Klimarettung-durch-Schmiereien-\u2013-Erneute-Farbattacke-auf-das-Brandenburger-Tor.jpg\",\"keywords\":[\"AUF\",\"Berlin\",\"Brandenburger\",\"das\",\"durch\",\"erneute\",\"Farbattacke\",\"Klimarettung\",\"Schmiereien\",\"Tor\"],\"articleSection\":[\"Deutschland\",\"Russland\"],\"inLanguage\":\"de\",\"potentialAction\":[{\"@type\":\"CommentAction\",\"name\":\"Comment\",\"target\":[\"https:\/\/now-news.de\/de\/deutschland\/klimarettung-durch-schmiereien-erneute-farbattacke-auf-das-brandenburger-tor-in-berlin\/#respond\"]}]},{\"@type\":\"WebPage\",\"@id\":\"https:\/\/now-news.de\/de\/deutschland\/klimarettung-durch-schmiereien-erneute-farbattacke-auf-das-brandenburger-tor-in-berlin\/\",\"url\":\"https:\/\/now-news.de\/de\/deutschland\/klimarettung-durch-schmiereien-erneute-farbattacke-auf-das-brandenburger-tor-in-berlin\/\",\"name\":\"Klimarettung durch Schmiereien? \u2013 Erneute Farbattacke auf das Brandenburger Tor in Berlin - just-now.NEWS Deutschland\",\"isPartOf\":{\"@id\":\"https:\/\/now-news.de\/de\/#website\"},\"primaryImageOfPage\":{\"@id\":\"https:\/\/now-news.de\/de\/deutschland\/klimarettung-durch-schmiereien-erneute-farbattacke-auf-das-brandenburger-tor-in-berlin\/#primaryimage\"},\"image\":{\"@id\":\"https:\/\/now-news.de\/de\/deutschland\/klimarettung-durch-schmiereien-erneute-farbattacke-auf-das-brandenburger-tor-in-berlin\/#primaryimage\"},\"thumbnailUrl\":\"https:\/\/now-news.de\/de\/wp-content\/uploads\/sites\/3\/2023\/11\/Klimarettung-durch-Schmiereien-\u2013-Erneute-Farbattacke-auf-das-Brandenburger-Tor.jpg\",\"datePublished\":\"2023-11-16T17:14:28+00:00\",\"dateModified\":\"2023-11-16T17:14:28+00:00\",\"breadcrumb\":{\"@id\":\"https:\/\/now-news.de\/de\/deutschland\/klimarettung-durch-schmiereien-erneute-farbattacke-auf-das-brandenburger-tor-in-berlin\/#breadcrumb\"},\"inLanguage\":\"de\",\"potentialAction\":[{\"@type\":\"ReadAction\",\"target\":[\"https:\/\/now-news.de\/de\/deutschland\/klimarettung-durch-schmiereien-erneute-farbattacke-auf-das-brandenburger-tor-in-berlin\/\"]}]},{\"@type\":\"ImageObject\",\"inLanguage\":\"de\",\"@id\":\"https:\/\/now-news.de\/de\/deutschland\/klimarettung-durch-schmiereien-erneute-farbattacke-auf-das-brandenburger-tor-in-berlin\/#primaryimage\",\"url\":\"https:\/\/now-news.de\/de\/wp-content\/uploads\/sites\/3\/2023\/11\/Klimarettung-durch-Schmiereien-\u2013-Erneute-Farbattacke-auf-das-Brandenburger-Tor.jpg\",\"contentUrl\":\"https:\/\/now-news.de\/de\/wp-content\/uploads\/sites\/3\/2023\/11\/Klimarettung-durch-Schmiereien-\u2013-Erneute-Farbattacke-auf-das-Brandenburger-Tor.jpg\",\"width\":460,\"height\":259,\"caption\":\"Klimarettung durch Schmiereien? \u2013 Erneute Farbattacke auf das Brandenburger Tor in Berlin\"},{\"@type\":\"BreadcrumbList\",\"@id\":\"https:\/\/now-news.de\/de\/deutschland\/klimarettung-durch-schmiereien-erneute-farbattacke-auf-das-brandenburger-tor-in-berlin\/#breadcrumb\",\"itemListElement\":[{\"@type\":\"ListItem\",\"position\":1,\"name\":\"Home\",\"item\":\"https:\/\/now-news.de\/de\/\"},{\"@type\":\"ListItem\",\"position\":2,\"name\":\"Klimarettung durch Schmiereien? \u2013 Erneute Farbattacke auf das Brandenburger Tor in Berlin\"}]},{\"@type\":\"WebSite\",\"@id\":\"https:\/\/now-news.de\/de\/#website\",\"url\":\"https:\/\/now-news.de\/de\/\",\"name\":\"just-now.NEWS Deutschland\",\"description\":\"Das Portal f\u00fcr unzensierte Nachrichten aus der Welt\",\"publisher\":{\"@id\":\"https:\/\/now-news.de\/de\/#organization\"},\"potentialAction\":[{\"@type\":\"SearchAction\",\"target\":{\"@type\":\"EntryPoint\",\"urlTemplate\":\"https:\/\/now-news.de\/de\/?s={search_term_string}\"},\"query-input\":\"required name=search_term_string\"}],\"inLanguage\":\"de\"},{\"@type\":\"Organization\",\"@id\":\"https:\/\/now-news.de\/de\/#organization\",\"name\":\"Just Now News\",\"url\":\"https:\/\/now-news.de\/de\/\",\"logo\":{\"@type\":\"ImageObject\",\"inLanguage\":\"de\",\"@id\":\"https:\/\/now-news.de\/de\/#\/schema\/logo\/image\/\",\"url\":\"http:\/\/just-now.news\/de\/wp-content\/uploads\/sites\/3\/2022\/04\/logo500x500.jpg\",\"contentUrl\":\"http:\/\/just-now.news\/de\/wp-content\/uploads\/sites\/3\/2022\/04\/logo500x500.jpg\",\"width\":500,\"height\":500,\"caption\":\"Just Now News\"},\"image\":{\"@id\":\"https:\/\/now-news.de\/de\/#\/schema\/logo\/image\/\"},\"sameAs\":[\"https:\/\/www.facebook.com\/wirmachenauf\",\"https:\/\/x.com\/WirMachenAuf_de\"]},{\"@type\":\"Person\",\"@id\":\"https:\/\/now-news.de\/de\/#\/schema\/person\/fb534a4e865501d8b3285208df34a9b5\",\"name\":\"rtnews\",\"image\":{\"@type\":\"ImageObject\",\"inLanguage\":\"de\",\"@id\":\"https:\/\/now-news.de\/de\/#\/schema\/person\/image\/\",\"url\":\"https:\/\/secure.gravatar.com\/avatar\/82aafea7d8127119dd649515f56e2117?s=96&d=mm&r=g\",\"contentUrl\":\"https:\/\/secure.gravatar.com\/avatar\/82aafea7d8127119dd649515f56e2117?s=96&d=mm&r=g\",\"caption\":\"rtnews\"},\"url\":\"https:\/\/now-news.de\/de\/author\/rnews\/\"}]}<\/script>\n<!-- \/ Yoast SEO Premium plugin. -->","yoast_head_json":{"title":"Klimarettung durch Schmiereien? \u2013 Erneute Farbattacke auf das Brandenburger Tor in Berlin - just-now.NEWS Deutschland","robots":{"index":"index","follow":"follow","max-snippet":"max-snippet:-1","max-image-preview":"max-image-preview:large","max-video-preview":"max-video-preview:-1"},"canonical":"https:\/\/now-news.de\/de\/deutschland\/klimarettung-durch-schmiereien-erneute-farbattacke-auf-das-brandenburger-tor-in-berlin\/","og_locale":"de_DE","og_type":"article","og_title":"Klimarettung durch Schmiereien? \u2013 Erneute Farbattacke auf das Brandenburger Tor in Berlin","og_description":"Wieder versuchen Aktivisten zur Klimarettung beizutragen, indem sie in Berlin das Brandenburger Tor mit oranger Farbe bepinseln. Die mutma\u00dflichen Klimaretter werden dieses mal zeitnah festgenommen. Mit despektierlichem Unterton berichtete der Focus \u00fcber eine Wiederholungsaktion der selbsternannten &#8220;Klimaretter&#8221;, dass am Donnerstag erneut Klima-Aktivisten der &#8220;Letzten Generation&#8221; in Berlin das Brandenburger Tor mit oranger Farbe beschmiert haben. [&hellip;]","og_url":"https:\/\/now-news.de\/de\/deutschland\/klimarettung-durch-schmiereien-erneute-farbattacke-auf-das-brandenburger-tor-in-berlin\/","og_site_name":"just-now.NEWS Deutschland","article_publisher":"https:\/\/www.facebook.com\/wirmachenauf","article_published_time":"2023-11-16T17:14:28+00:00","og_image":[{"width":460,"height":259,"url":"https:\/\/now-news.de\/de\/wp-content\/uploads\/sites\/3\/2023\/11\/Klimarettung-durch-Schmiereien-\u2013-Erneute-Farbattacke-auf-das-Brandenburger-Tor.jpg","type":"image\/jpeg"}],"author":"rtnews","twitter_card":"summary_large_image","twitter_creator":"@WirMachenAuf_de","twitter_site":"@WirMachenAuf_de","twitter_misc":{"Verfasst von":"rtnews","Gesch\u00e4tzte Lesezeit":"1\u00a0Minute"},"schema":{"@context":"https:\/\/schema.org","@graph":[{"@type":"Article","@id":"https:\/\/now-news.de\/de\/deutschland\/klimarettung-durch-schmiereien-erneute-farbattacke-auf-das-brandenburger-tor-in-berlin\/#article","isPartOf":{"@id":"https:\/\/now-news.de\/de\/deutschland\/klimarettung-durch-schmiereien-erneute-farbattacke-auf-das-brandenburger-tor-in-berlin\/"},"author":{"name":"rtnews","@id":"https:\/\/now-news.de\/de\/#\/schema\/person\/fb534a4e865501d8b3285208df34a9b5"},"headline":"Klimarettung durch Schmiereien? \u2013 Erneute Farbattacke auf das Brandenburger Tor in Berlin","datePublished":"2023-11-16T17:14:28+00:00","dateModified":"2023-11-16T17:14:28+00:00","mainEntityOfPage":{"@id":"https:\/\/now-news.de\/de\/deutschland\/klimarettung-durch-schmiereien-erneute-farbattacke-auf-das-brandenburger-tor-in-berlin\/"},"wordCount":284,"commentCount":0,"publisher":{"@id":"https:\/\/now-news.de\/de\/#organization"},"image":{"@id":"https:\/\/now-news.de\/de\/deutschland\/klimarettung-durch-schmiereien-erneute-farbattacke-auf-das-brandenburger-tor-in-berlin\/#primaryimage"},"thumbnailUrl":"https:\/\/now-news.de\/de\/wp-content\/uploads\/sites\/3\/2023\/11\/Klimarettung-durch-Schmiereien-\u2013-Erneute-Farbattacke-auf-das-Brandenburger-Tor.jpg","keywords":["AUF","Berlin","Brandenburger","das","durch","erneute","Farbattacke","Klimarettung","Schmiereien","Tor"],"articleSection":["Deutschland","Russland"],"inLanguage":"de","potentialAction":[{"@type":"CommentAction","name":"Comment","target":["https:\/\/now-news.de\/de\/deutschland\/klimarettung-durch-schmiereien-erneute-farbattacke-auf-das-brandenburger-tor-in-berlin\/#respond"]}]},{"@type":"WebPage","@id":"https:\/\/now-news.de\/de\/deutschland\/klimarettung-durch-schmiereien-erneute-farbattacke-auf-das-brandenburger-tor-in-berlin\/","url":"https:\/\/now-news.de\/de\/deutschland\/klimarettung-durch-schmiereien-erneute-farbattacke-auf-das-brandenburger-tor-in-berlin\/","name":"Klimarettung durch Schmiereien? \u2013 Erneute Farbattacke auf das Brandenburger Tor in Berlin - just-now.NEWS Deutschland","isPartOf":{"@id":"https:\/\/now-news.de\/de\/#website"},"primaryImageOfPage":{"@id":"https:\/\/now-news.de\/de\/deutschland\/klimarettung-durch-schmiereien-erneute-farbattacke-auf-das-brandenburger-tor-in-berlin\/#primaryimage"},"image":{"@id":"https:\/\/now-news.de\/de\/deutschland\/klimarettung-durch-schmiereien-erneute-farbattacke-auf-das-brandenburger-tor-in-berlin\/#primaryimage"},"thumbnailUrl":"https:\/\/now-news.de\/de\/wp-content\/uploads\/sites\/3\/2023\/11\/Klimarettung-durch-Schmiereien-\u2013-Erneute-Farbattacke-auf-das-Brandenburger-Tor.jpg","datePublished":"2023-11-16T17:14:28+00:00","dateModified":"2023-11-16T17:14:28+00:00","breadcrumb":{"@id":"https:\/\/now-news.de\/de\/deutschland\/klimarettung-durch-schmiereien-erneute-farbattacke-auf-das-brandenburger-tor-in-berlin\/#breadcrumb"},"inLanguage":"de","potentialAction":[{"@type":"ReadAction","target":["https:\/\/now-news.de\/de\/deutschland\/klimarettung-durch-schmiereien-erneute-farbattacke-auf-das-brandenburger-tor-in-berlin\/"]}]},{"@type":"ImageObject","inLanguage":"de","@id":"https:\/\/now-news.de\/de\/deutschland\/klimarettung-durch-schmiereien-erneute-farbattacke-auf-das-brandenburger-tor-in-berlin\/#primaryimage","url":"https:\/\/now-news.de\/de\/wp-content\/uploads\/sites\/3\/2023\/11\/Klimarettung-durch-Schmiereien-\u2013-Erneute-Farbattacke-auf-das-Brandenburger-Tor.jpg","contentUrl":"https:\/\/now-news.de\/de\/wp-content\/uploads\/sites\/3\/2023\/11\/Klimarettung-durch-Schmiereien-\u2013-Erneute-Farbattacke-auf-das-Brandenburger-Tor.jpg","width":460,"height":259,"caption":"Klimarettung durch Schmiereien? \u2013 Erneute Farbattacke auf das Brandenburger Tor in Berlin"},{"@type":"BreadcrumbList","@id":"https:\/\/now-news.de\/de\/deutschland\/klimarettung-durch-schmiereien-erneute-farbattacke-auf-das-brandenburger-tor-in-berlin\/#breadcrumb","itemListElement":[{"@type":"ListItem","position":1,"name":"Home","item":"https:\/\/now-news.de\/de\/"},{"@type":"ListItem","position":2,"name":"Klimarettung durch Schmiereien? \u2013 Erneute Farbattacke auf das Brandenburger Tor in Berlin"}]},{"@type":"WebSite","@id":"https:\/\/now-news.de\/de\/#website","url":"https:\/\/now-news.de\/de\/","name":"just-now.NEWS Deutschland","description":"Das Portal f\u00fcr unzensierte Nachrichten aus der Welt","publisher":{"@id":"https:\/\/now-news.de\/de\/#organization"},"potentialAction":[{"@type":"SearchAction","target":{"@type":"EntryPoint","urlTemplate":"https:\/\/now-news.de\/de\/?s={search_term_string}"},"query-input":"required name=search_term_string"}],"inLanguage":"de"},{"@type":"Organization","@id":"https:\/\/now-news.de\/de\/#organization","name":"Just Now News","url":"https:\/\/now-news.de\/de\/","logo":{"@type":"ImageObject","inLanguage":"de","@id":"https:\/\/now-news.de\/de\/#\/schema\/logo\/image\/","url":"http:\/\/just-now.news\/de\/wp-content\/uploads\/sites\/3\/2022\/04\/logo500x500.jpg","contentUrl":"http:\/\/just-now.news\/de\/wp-content\/uploads\/sites\/3\/2022\/04\/logo500x500.jpg","width":500,"height":500,"caption":"Just Now News"},"image":{"@id":"https:\/\/now-news.de\/de\/#\/schema\/logo\/image\/"},"sameAs":["https:\/\/www.facebook.com\/wirmachenauf","https:\/\/x.com\/WirMachenAuf_de"]},{"@type":"Person","@id":"https:\/\/now-news.de\/de\/#\/schema\/person\/fb534a4e865501d8b3285208df34a9b5","name":"rtnews","image":{"@type":"ImageObject","inLanguage":"de","@id":"https:\/\/now-news.de\/de\/#\/schema\/person\/image\/","url":"https:\/\/secure.gravatar.com\/avatar\/82aafea7d8127119dd649515f56e2117?s=96&d=mm&r=g","contentUrl":"https:\/\/secure.gravatar.com\/avatar\/82aafea7d8127119dd649515f56e2117?s=96&d=mm&r=g","caption":"rtnews"},"url":"https:\/\/now-news.de\/de\/author\/rnews\/"}]}},"_links":{"self":[{"href":"https:\/\/now-news.de\/de\/wp-json\/wp\/v2\/posts\/49864"}],"collection":[{"href":"https:\/\/now-news.de\/de\/wp-json\/wp\/v2\/posts"}],"about":[{"href":"https:\/\/now-news.de\/de\/wp-json\/wp\/v2\/types\/post"}],"author":[{"embeddable":true,"href":"https:\/\/now-news.de\/de\/wp-json\/wp\/v2\/users\/3"}],"replies":[{"embeddable":true,"href":"https:\/\/now-news.de\/de\/wp-json\/wp\/v2\/comments?post=49864"}],"version-history":[{"count":0,"href":"https:\/\/now-news.de\/de\/wp-json\/wp\/v2\/posts\/49864\/revisions"}],"wp:featuredmedia":[{"embeddable":true,"href":"https:\/\/now-news.de\/de\/wp-json\/wp\/v2\/media\/49865"}],"wp:attachment":[{"href":"https:\/\/now-news.de\/de\/wp-json\/wp\/v2\/media?parent=49864"}],"wp:term":[{"taxonomy":"category","embeddable":true,"href":"https:\/\/now-news.de\/de\/wp-json\/wp\/v2\/categories?post=49864"},{"taxonomy":"post_tag","embeddable":true,"href":"https:\/\/now-news.de\/de\/wp-json\/wp\/v2\/tags?post=49864"}],"curies":[{"name":"wp","href":"https:\/\/api.w.org\/{rel}","templated":true}]}}