{"id":49862,"date":"2023-11-16T18:51:50","date_gmt":"2023-11-16T16:51:50","guid":{"rendered":"https:\/\/just-now.news\/de\/deutschland\/westen-ueber-selenskijs-nachfolger-uneinig\/"},"modified":"2023-11-16T18:51:50","modified_gmt":"2023-11-16T16:51:50","slug":"westen-ueber-selenskijs-nachfolger-uneinig","status":"publish","type":"post","link":"https:\/\/now-news.de\/de\/deutschland\/westen-ueber-selenskijs-nachfolger-uneinig\/","title":{"rendered":"Westen \u00fcber Selenskijs Nachfolger uneinig"},"content":{"rendered":"<p><img decoding=\"async\" src=\"http:\/\/just-now.news\/de\/wp-content\/uploads\/sites\/3\/2023\/11\/6555c464b480cc638408a442.jpg\" \/><\/p>\n<div class=\"Text-root Text-type_1 \">\n                Wer meint, f\u00fcr den ukrainischen Staatschef Selenskij stehe mit dem Befehlshaber des Milit\u00e4rs General Saluschny schon l\u00e4nger der Nachfolger fest, k\u00f6nnte sich irren. Zuviel steht f\u00fcr Team Selenskij auf dem Spiel, w\u00e4hrend Washington den engen Pfad zwischen zwei \u00dcbeln gehen muss.\n            <\/div>\n<p><\/p>\n<div class=\"Text-root Text-type_5 ArticleView-text ViewText-root \">\n<p><em>Von Dmitri Jewstafjew<\/em><\/p>\n<p>Der Kampf verschiedener Kr\u00e4fte im Vorfeld der m\u00f6glichen Pr\u00e4sidentschaftswahlen in der Ukraine mutet zunehmend wie ein ukrainisch dekoriertes Remake von &#8220;Der Bunker&#8221; aus dem Jahr 1981 mit Anthony Hopkins in der Rolle Hitlers an. Gleichzeitig wird dieses Geschehen zunehmend auf die Frage heruntergebrochen, wer Wladimir Selenskij als Gesicht des Kiewer Regimes abl\u00f6sen soll. Dass die Fragestellung gerade eine solche ist und keine andere, verwundert nicht: Zu viele Ressourcen wurden in die Ukraine als Anti-Russland unter Selenskij investiert, zu umfassend ist die Entt\u00e4uschung der Investoren durch Kiew.<\/p>\n<\/p>\n<p>Arbeiten zum Aufbau des Oberbefehlshabers des ukrainischen Milit\u00e4rs Waleri Saluschny als politische Figur begannen noch im Fr\u00fchjahr 2023, als Selenskijs Flegeleien dem Westen zuviel wurden und er diesen auf den Boden zur\u00fcckholen wollte. Nun nimmt das Weltgeschehen auch noch Fahrt auf: Eine ganze Reihe von Niederlagen an der ukrainischen Front ist der Konflikt zwischen Pal\u00e4stina und Israel in eine neue hei\u00dfe Phase getreten. Der Westen braucht dringend eine strategische Pause, um das ukrainische Milit\u00e4r wiederherzustellen, aber auch um eine neue Koalition in Unterst\u00fctzung der Ukraine zu schmieden. Immer schwerer wird es etwa im US-Kongress Hilfen durchzuboxen, solange Selenskij in Kiew im Pr\u00e4sidentensessel sitzt.<\/p>\n<\/p>\n<p>Logisch daher, dass gerade der Oberbefehlshaber der ukrainischen Streitkr\u00e4fte Saluschny als Ersatz f\u00fcr Selenskij in die engere Wahl kommt. Einerseits genie\u00dft er Autorit\u00e4t bei allen ukrainischen Beh\u00f6rden mit Gewaltanwendungsbefugnissen, aber andererseits sind ihm allerlei politische Kombinationen ebenfalls nicht fremd \u2013 und steht dabei vollst\u00e4ndig unter Washingtons Kontrolle.<\/p>\n<\/p>\n<p>Warum sollte er nicht einen neuen de Gaulle mimen und Selenskijs Mannschaft beiseiteschieben k\u00f6nnen, die politisch gesehen jedes Gef\u00fchl f\u00fcr Grenzen des Anstands verloren hat und selbst nach US-Standards \u00fcberm\u00e4\u00dfig korrumpiert ist?<\/p>\n<\/p>\n<p>\u00a0Die Analogie zu\u00a0de Gaulle liegt klar auf der Hand: Um Zeit f\u00fcr das Aufstellen eines neuen Milit\u00e4rs zwecks weiteren Krieges gegen Russland zu gewinnen, wird sich ein neuer Sitzpr\u00e4sident des Kiewer Regimes trauen m\u00fcssen, Bereitschaft zu verk\u00fcnden, das eigene &#8220;Algerien&#8221; aufzugeben.<\/p>\n<\/p>\n<p>Betonen wir: Nicht aufzugeben, sondern die Bereitschaft dazu zu verk\u00fcnden. Das ist ohnehin nicht ein und dasselbe \u2013 und bedenkt man die traditionelle Doppelz\u00fcngigkeit in der ukrainischen Politik, so erst recht nicht.<\/p>\n<\/p>\n<p>Selenskij jedenfalls ist dazu nicht mehr f\u00e4hig und beharrt auf seiner &#8220;Friedensformel&#8221;, die dem Westen die H\u00e4nde bindet. Saluschny hingegen ist sehr wohl dazu f\u00e4hig.<\/p>\n<\/p>\n<p>Allerdings gelten f\u00fcr die USA bei deren Spielereien um die ukrainischen Pr\u00e4sidentschaftswahlen zwei Einschr\u00e4nkungen. Erstens haben sie zwar reichlich Interaktionserfahrung mit Milit\u00e4rjunten von den s\u00fcdvietnamesischen Gener\u00e4len bis hin zu Pinochet. Doch in der heutigen Welt wird Washington das Kiewer Regime nach dessen Facelifting nicht blo\u00df den eigenen Satelliten vorweisen m\u00fcssen, die ohnehin alles bereitwillig absegnen und hinnehmen, und nicht einmal so sehr China, Indien und \u00fcberhaupt dem Globalen S\u00fcden, sondern wird es auch den Kritikern der Biden-Regierung in den USA selbst zur Abnahme vorlegen m\u00fcssen. Damit dies gelingt, muss Washington die Macht\u00fcbergabe in Kiew wenigstens formell legitim aussehen lassen. Daher auch der Druck auf Selenskij, damit er in der Ukraine Wahlen durchf\u00fchre. Die zweite Einschr\u00e4nkung ist die knappe Zeit: Die Operation zur Abl\u00f6sung Selenskijs darf sich nicht auf die Pr\u00e4sidialwahlkampagnen in den USA selbst auswirken. Dieser Faktor ist wichtiger als der erste.<\/p>\n<\/p>\n<p>Und gerade hinsichtlich dessen ist die Lage der US-Regierung nicht einfach:<\/p>\n<\/p>\n<p>Erstens hat Selenskij eine Gruppe ihm pers\u00f6nlich treuer Milit\u00e4rs formen k\u00f6nnen \u2013 einschlie\u00dflich so prominenter Akteure wie Alexander Syrski und Alexander Tarnawski. Dieser Zirkel ist durch gemeinsame Niederlagen verbunden. Und es mag angehen, dass ihre gemeinsamen Niederlagen diese Menschen fester verbinden als in einer anderen Lage gemeinsame Siege sie h\u00e4tten verbinden k\u00f6nnen.<\/p>\n<\/p>\n<\/p>\n<p>\u00dcberhaupt ist das Selenskij-Regime eine ziemlich gro\u00dfe Ansammlung von einflussreichen Leuten auf hohen Posten und mit reichlich Geld. Derlei Publikum wird ganz sicher nicht bis auf den letzten Mann um die Macht k\u00e4mpfen. Einfach still und leise gehen wird man jedoch erst recht nicht. Und so stellt sich den USA die Aufgabe einer gr\u00fcndlichen S\u00e4uberung der ukrainischen Elite. Doch ist Washington dazu \u00fcberhaupt bereit und in der Lage und hat es daf\u00fcr Zeit? Diese Fragen sind offen. Doch gro\u00dfe Probleme mit der Legitimit\u00e4t der Macht\u00fcbergabe in Kiew sind mehr als wahrscheinlich.<\/p>\n<\/p>\n<p>Zweitens schien Saluschnys Ernennung als Selenskijs Erbe vor gerade einmal zwei Monaten nahezu garantierte Sache zu sein. Und nun? Nun wird eingeworfen, dass der General Saluschny nahestehende Oberst Roman Tscherwinski an der Sprengung der Erdgaspipelines Nord Stream 1 und 2 beteiligt gewesen sei. Diese &#8220;Arbeitshypothese&#8221; erscheint, gelinde ausgedr\u00fcckt, eher zweifelhaft. Und doch wurde Tscherwinski bereits in einem SBU-Gef\u00e4ngnis interniert. Das sagt uns: Der Kampf um Selenskijs Nachfolge ist noch lange nicht entschieden. Denn jemand, der laut obiger Version pers\u00f6nlich die Umsetzung des gr\u00f6\u00dften Sabotageaktes der Weltgeschichte \u00fcberwacht und befehligt haben soll, wird selbst f\u00fcr das heutige US-servile Europa kaum akzeptabel sein. M\u00f6glich, dass das in Kiew gegen Biden und sein Kollektiv angeh\u00e4ufte Erpressungsmaterial hierbei eine Rolle gespielt hat. Denn obiger Einwurf wird \u00fcber die US-Mainstreammedien medial aufgebauscht.<\/p>\n<\/p>\n<p>Und so geht in Kiew das sprichw\u00f6rtliche Spiel &#8220;Reise nach Rom&#8221; munter weiter.<\/p>\n<\/p>\n<p><strong>Mehr zum Thema<\/strong> \u2013 <a rel=\"nofollow noopener\" target=\"_blank\" href=\"https:\/\/freeassange.rtde.life\/meinung\/187011-verdoppelte-stalingrad-deutschland-stockt-militaerhilfe\/\">Noch mal acht Milliarden f\u00fcr die Ukraine: Russland soll besiegt werden \u2013 um jeden Preis <\/a><\/p>\n<\/p>\n<div class=\"EmbedBlock-root EmbedBlock-externalVideo EmbedBlock-odysee\">\n<div class=\"VkEmbed\"><iframe class=\"lazyload\" data-src=\"https:\/\/odysee.com\/%24\/embed\/%40RTDE%3Ae%2F-Die-Lage-ist-schwierig--%E2%80%93-Stoltenberg-r%C3%A4umt-Probleme-Kiews-auf-dem-Schlachtfeld-ein%3A5\" frameborder=\"0\" width=\"853\" height=\"480\" allowfullscreen><\/iframe><\/div>\n<\/div>\n<\/div>\n<p><br \/>\n<br \/><a href=\"https:\/\/de.rt.com\/meinung\/187118-westen-ueber-selenskijs-nachfolger-uneinig\/\">Source link <\/a><\/p>\n","protected":false},"excerpt":{"rendered":"<p>Wer meint, f\u00fcr den ukrainischen Staatschef Selenskij stehe mit dem Befehlshaber des Milit\u00e4rs General Saluschny schon l\u00e4nger der Nachfolger fest, k\u00f6nnte sich irren. Zuviel steht f\u00fcr Team Selenskij auf dem Spiel, w\u00e4hrend Washington den engen Pfad zwischen zwei \u00dcbeln gehen muss. Von Dmitri Jewstafjew Der Kampf verschiedener Kr\u00e4fte im Vorfeld der m\u00f6glichen Pr\u00e4sidentschaftswahlen in der [&hellip;]<\/p>\n","protected":false},"author":3,"featured_media":49863,"comment_status":"open","ping_status":"open","sticky":false,"template":"","format":"standard","meta":{"_yoast_indexnow_last_ping":["1700154179"],"wp_automatic_camp":["217"],"4cd07b3c4cb93993b883d01261938a4f":["Westen \u00fcber Selenskijs Nachfolger uneinig"],"original_link":["https:\/\/de.rt.com\/meinung\/187118-westen-ueber-selenskijs-nachfolger-uneinig\/"],"_thumbnail_id":["49863"],"jnews_social_counter_last_update":["1776931181"],"_wptgpro_p2tg_sent2tg":["a:1:{i:23737;s:19:\"2023-11-16 19:03:59\";}"]},"categories":[19,23],"tags":[32191,1290,139,37018,378],"yoast_head":"<!-- This site is optimized with the Yoast SEO Premium plugin v22.7 (Yoast SEO v22.7) - https:\/\/yoast.com\/wordpress\/plugins\/seo\/ -->\n<title>Westen \u00fcber Selenskijs Nachfolger uneinig - just-now.NEWS Deutschland<\/title>\n<meta name=\"robots\" content=\"index, follow, max-snippet:-1, max-image-preview:large, max-video-preview:-1\" \/>\n<link rel=\"canonical\" href=\"https:\/\/now-news.de\/de\/deutschland\/westen-ueber-selenskijs-nachfolger-uneinig\/\" \/>\n<meta property=\"og:locale\" content=\"de_DE\" \/>\n<meta property=\"og:type\" content=\"article\" \/>\n<meta property=\"og:title\" content=\"Westen \u00fcber Selenskijs Nachfolger uneinig\" \/>\n<meta property=\"og:description\" content=\"Wer meint, f\u00fcr den ukrainischen Staatschef Selenskij stehe mit dem Befehlshaber des Milit\u00e4rs General Saluschny schon l\u00e4nger der Nachfolger fest, k\u00f6nnte sich irren. Zuviel steht f\u00fcr Team Selenskij auf dem Spiel, w\u00e4hrend Washington den engen Pfad zwischen zwei \u00dcbeln gehen muss. Von Dmitri Jewstafjew Der Kampf verschiedener Kr\u00e4fte im Vorfeld der m\u00f6glichen Pr\u00e4sidentschaftswahlen in der [&hellip;]\" \/>\n<meta property=\"og:url\" content=\"https:\/\/now-news.de\/de\/deutschland\/westen-ueber-selenskijs-nachfolger-uneinig\/\" \/>\n<meta property=\"og:site_name\" content=\"just-now.NEWS Deutschland\" \/>\n<meta property=\"article:publisher\" content=\"https:\/\/www.facebook.com\/wirmachenauf\" \/>\n<meta property=\"article:published_time\" content=\"2023-11-16T16:51:50+00:00\" \/>\n<meta property=\"og:image\" content=\"https:\/\/now-news.de\/de\/wp-content\/uploads\/sites\/3\/2023\/11\/Westen-ueber-Selenskijs-Nachfolger-uneinig.jpg\" \/>\n\t<meta property=\"og:image:width\" content=\"460\" \/>\n\t<meta property=\"og:image:height\" content=\"259\" \/>\n\t<meta property=\"og:image:type\" content=\"image\/jpeg\" \/>\n<meta name=\"author\" content=\"rtnews\" \/>\n<meta name=\"twitter:card\" content=\"summary_large_image\" \/>\n<meta name=\"twitter:creator\" content=\"@WirMachenAuf_de\" \/>\n<meta name=\"twitter:site\" content=\"@WirMachenAuf_de\" \/>\n<meta name=\"twitter:label1\" content=\"Verfasst von\" \/>\n\t<meta name=\"twitter:data1\" content=\"rtnews\" \/>\n\t<meta name=\"twitter:label2\" content=\"Gesch\u00e4tzte Lesezeit\" \/>\n\t<meta name=\"twitter:data2\" content=\"5\u00a0Minuten\" \/>\n<script type=\"application\/ld+json\" class=\"yoast-schema-graph\">{\"@context\":\"https:\/\/schema.org\",\"@graph\":[{\"@type\":\"Article\",\"@id\":\"https:\/\/now-news.de\/de\/deutschland\/westen-ueber-selenskijs-nachfolger-uneinig\/#article\",\"isPartOf\":{\"@id\":\"https:\/\/now-news.de\/de\/deutschland\/westen-ueber-selenskijs-nachfolger-uneinig\/\"},\"author\":{\"name\":\"rtnews\",\"@id\":\"https:\/\/now-news.de\/de\/#\/schema\/person\/fb534a4e865501d8b3285208df34a9b5\"},\"headline\":\"Westen \u00fcber Selenskijs Nachfolger uneinig\",\"datePublished\":\"2023-11-16T16:51:50+00:00\",\"dateModified\":\"2023-11-16T16:51:50+00:00\",\"mainEntityOfPage\":{\"@id\":\"https:\/\/now-news.de\/de\/deutschland\/westen-ueber-selenskijs-nachfolger-uneinig\/\"},\"wordCount\":941,\"commentCount\":0,\"publisher\":{\"@id\":\"https:\/\/now-news.de\/de\/#organization\"},\"image\":{\"@id\":\"https:\/\/now-news.de\/de\/deutschland\/westen-ueber-selenskijs-nachfolger-uneinig\/#primaryimage\"},\"thumbnailUrl\":\"https:\/\/now-news.de\/de\/wp-content\/uploads\/sites\/3\/2023\/11\/Westen-ueber-Selenskijs-Nachfolger-uneinig.jpg\",\"keywords\":[\"Nachfolger\",\"Selenskijs\",\"\u00fcber\",\"uneinig\",\"Westen\"],\"articleSection\":[\"Deutschland\",\"Russland\"],\"inLanguage\":\"de\",\"potentialAction\":[{\"@type\":\"CommentAction\",\"name\":\"Comment\",\"target\":[\"https:\/\/now-news.de\/de\/deutschland\/westen-ueber-selenskijs-nachfolger-uneinig\/#respond\"]}]},{\"@type\":\"WebPage\",\"@id\":\"https:\/\/now-news.de\/de\/deutschland\/westen-ueber-selenskijs-nachfolger-uneinig\/\",\"url\":\"https:\/\/now-news.de\/de\/deutschland\/westen-ueber-selenskijs-nachfolger-uneinig\/\",\"name\":\"Westen \u00fcber Selenskijs Nachfolger uneinig - just-now.NEWS Deutschland\",\"isPartOf\":{\"@id\":\"https:\/\/now-news.de\/de\/#website\"},\"primaryImageOfPage\":{\"@id\":\"https:\/\/now-news.de\/de\/deutschland\/westen-ueber-selenskijs-nachfolger-uneinig\/#primaryimage\"},\"image\":{\"@id\":\"https:\/\/now-news.de\/de\/deutschland\/westen-ueber-selenskijs-nachfolger-uneinig\/#primaryimage\"},\"thumbnailUrl\":\"https:\/\/now-news.de\/de\/wp-content\/uploads\/sites\/3\/2023\/11\/Westen-ueber-Selenskijs-Nachfolger-uneinig.jpg\",\"datePublished\":\"2023-11-16T16:51:50+00:00\",\"dateModified\":\"2023-11-16T16:51:50+00:00\",\"breadcrumb\":{\"@id\":\"https:\/\/now-news.de\/de\/deutschland\/westen-ueber-selenskijs-nachfolger-uneinig\/#breadcrumb\"},\"inLanguage\":\"de\",\"potentialAction\":[{\"@type\":\"ReadAction\",\"target\":[\"https:\/\/now-news.de\/de\/deutschland\/westen-ueber-selenskijs-nachfolger-uneinig\/\"]}]},{\"@type\":\"ImageObject\",\"inLanguage\":\"de\",\"@id\":\"https:\/\/now-news.de\/de\/deutschland\/westen-ueber-selenskijs-nachfolger-uneinig\/#primaryimage\",\"url\":\"https:\/\/now-news.de\/de\/wp-content\/uploads\/sites\/3\/2023\/11\/Westen-ueber-Selenskijs-Nachfolger-uneinig.jpg\",\"contentUrl\":\"https:\/\/now-news.de\/de\/wp-content\/uploads\/sites\/3\/2023\/11\/Westen-ueber-Selenskijs-Nachfolger-uneinig.jpg\",\"width\":460,\"height\":259,\"caption\":\"Westen \u00fcber Selenskijs Nachfolger uneinig\"},{\"@type\":\"BreadcrumbList\",\"@id\":\"https:\/\/now-news.de\/de\/deutschland\/westen-ueber-selenskijs-nachfolger-uneinig\/#breadcrumb\",\"itemListElement\":[{\"@type\":\"ListItem\",\"position\":1,\"name\":\"Home\",\"item\":\"https:\/\/now-news.de\/de\/\"},{\"@type\":\"ListItem\",\"position\":2,\"name\":\"Westen \u00fcber Selenskijs Nachfolger uneinig\"}]},{\"@type\":\"WebSite\",\"@id\":\"https:\/\/now-news.de\/de\/#website\",\"url\":\"https:\/\/now-news.de\/de\/\",\"name\":\"just-now.NEWS Deutschland\",\"description\":\"Das Portal f\u00fcr unzensierte Nachrichten aus der Welt\",\"publisher\":{\"@id\":\"https:\/\/now-news.de\/de\/#organization\"},\"potentialAction\":[{\"@type\":\"SearchAction\",\"target\":{\"@type\":\"EntryPoint\",\"urlTemplate\":\"https:\/\/now-news.de\/de\/?s={search_term_string}\"},\"query-input\":\"required name=search_term_string\"}],\"inLanguage\":\"de\"},{\"@type\":\"Organization\",\"@id\":\"https:\/\/now-news.de\/de\/#organization\",\"name\":\"Just Now News\",\"url\":\"https:\/\/now-news.de\/de\/\",\"logo\":{\"@type\":\"ImageObject\",\"inLanguage\":\"de\",\"@id\":\"https:\/\/now-news.de\/de\/#\/schema\/logo\/image\/\",\"url\":\"http:\/\/just-now.news\/de\/wp-content\/uploads\/sites\/3\/2022\/04\/logo500x500.jpg\",\"contentUrl\":\"http:\/\/just-now.news\/de\/wp-content\/uploads\/sites\/3\/2022\/04\/logo500x500.jpg\",\"width\":500,\"height\":500,\"caption\":\"Just Now News\"},\"image\":{\"@id\":\"https:\/\/now-news.de\/de\/#\/schema\/logo\/image\/\"},\"sameAs\":[\"https:\/\/www.facebook.com\/wirmachenauf\",\"https:\/\/x.com\/WirMachenAuf_de\"]},{\"@type\":\"Person\",\"@id\":\"https:\/\/now-news.de\/de\/#\/schema\/person\/fb534a4e865501d8b3285208df34a9b5\",\"name\":\"rtnews\",\"image\":{\"@type\":\"ImageObject\",\"inLanguage\":\"de\",\"@id\":\"https:\/\/now-news.de\/de\/#\/schema\/person\/image\/\",\"url\":\"https:\/\/secure.gravatar.com\/avatar\/82aafea7d8127119dd649515f56e2117?s=96&d=mm&r=g\",\"contentUrl\":\"https:\/\/secure.gravatar.com\/avatar\/82aafea7d8127119dd649515f56e2117?s=96&d=mm&r=g\",\"caption\":\"rtnews\"},\"url\":\"https:\/\/now-news.de\/de\/author\/rnews\/\"}]}<\/script>\n<!-- \/ Yoast SEO Premium plugin. -->","yoast_head_json":{"title":"Westen \u00fcber Selenskijs Nachfolger uneinig - just-now.NEWS Deutschland","robots":{"index":"index","follow":"follow","max-snippet":"max-snippet:-1","max-image-preview":"max-image-preview:large","max-video-preview":"max-video-preview:-1"},"canonical":"https:\/\/now-news.de\/de\/deutschland\/westen-ueber-selenskijs-nachfolger-uneinig\/","og_locale":"de_DE","og_type":"article","og_title":"Westen \u00fcber Selenskijs Nachfolger uneinig","og_description":"Wer meint, f\u00fcr den ukrainischen Staatschef Selenskij stehe mit dem Befehlshaber des Milit\u00e4rs General Saluschny schon l\u00e4nger der Nachfolger fest, k\u00f6nnte sich irren. Zuviel steht f\u00fcr Team Selenskij auf dem Spiel, w\u00e4hrend Washington den engen Pfad zwischen zwei \u00dcbeln gehen muss. Von Dmitri Jewstafjew Der Kampf verschiedener Kr\u00e4fte im Vorfeld der m\u00f6glichen Pr\u00e4sidentschaftswahlen in der [&hellip;]","og_url":"https:\/\/now-news.de\/de\/deutschland\/westen-ueber-selenskijs-nachfolger-uneinig\/","og_site_name":"just-now.NEWS Deutschland","article_publisher":"https:\/\/www.facebook.com\/wirmachenauf","article_published_time":"2023-11-16T16:51:50+00:00","og_image":[{"width":460,"height":259,"url":"https:\/\/now-news.de\/de\/wp-content\/uploads\/sites\/3\/2023\/11\/Westen-ueber-Selenskijs-Nachfolger-uneinig.jpg","type":"image\/jpeg"}],"author":"rtnews","twitter_card":"summary_large_image","twitter_creator":"@WirMachenAuf_de","twitter_site":"@WirMachenAuf_de","twitter_misc":{"Verfasst von":"rtnews","Gesch\u00e4tzte Lesezeit":"5\u00a0Minuten"},"schema":{"@context":"https:\/\/schema.org","@graph":[{"@type":"Article","@id":"https:\/\/now-news.de\/de\/deutschland\/westen-ueber-selenskijs-nachfolger-uneinig\/#article","isPartOf":{"@id":"https:\/\/now-news.de\/de\/deutschland\/westen-ueber-selenskijs-nachfolger-uneinig\/"},"author":{"name":"rtnews","@id":"https:\/\/now-news.de\/de\/#\/schema\/person\/fb534a4e865501d8b3285208df34a9b5"},"headline":"Westen \u00fcber Selenskijs Nachfolger uneinig","datePublished":"2023-11-16T16:51:50+00:00","dateModified":"2023-11-16T16:51:50+00:00","mainEntityOfPage":{"@id":"https:\/\/now-news.de\/de\/deutschland\/westen-ueber-selenskijs-nachfolger-uneinig\/"},"wordCount":941,"commentCount":0,"publisher":{"@id":"https:\/\/now-news.de\/de\/#organization"},"image":{"@id":"https:\/\/now-news.de\/de\/deutschland\/westen-ueber-selenskijs-nachfolger-uneinig\/#primaryimage"},"thumbnailUrl":"https:\/\/now-news.de\/de\/wp-content\/uploads\/sites\/3\/2023\/11\/Westen-ueber-Selenskijs-Nachfolger-uneinig.jpg","keywords":["Nachfolger","Selenskijs","\u00fcber","uneinig","Westen"],"articleSection":["Deutschland","Russland"],"inLanguage":"de","potentialAction":[{"@type":"CommentAction","name":"Comment","target":["https:\/\/now-news.de\/de\/deutschland\/westen-ueber-selenskijs-nachfolger-uneinig\/#respond"]}]},{"@type":"WebPage","@id":"https:\/\/now-news.de\/de\/deutschland\/westen-ueber-selenskijs-nachfolger-uneinig\/","url":"https:\/\/now-news.de\/de\/deutschland\/westen-ueber-selenskijs-nachfolger-uneinig\/","name":"Westen \u00fcber Selenskijs Nachfolger uneinig - just-now.NEWS Deutschland","isPartOf":{"@id":"https:\/\/now-news.de\/de\/#website"},"primaryImageOfPage":{"@id":"https:\/\/now-news.de\/de\/deutschland\/westen-ueber-selenskijs-nachfolger-uneinig\/#primaryimage"},"image":{"@id":"https:\/\/now-news.de\/de\/deutschland\/westen-ueber-selenskijs-nachfolger-uneinig\/#primaryimage"},"thumbnailUrl":"https:\/\/now-news.de\/de\/wp-content\/uploads\/sites\/3\/2023\/11\/Westen-ueber-Selenskijs-Nachfolger-uneinig.jpg","datePublished":"2023-11-16T16:51:50+00:00","dateModified":"2023-11-16T16:51:50+00:00","breadcrumb":{"@id":"https:\/\/now-news.de\/de\/deutschland\/westen-ueber-selenskijs-nachfolger-uneinig\/#breadcrumb"},"inLanguage":"de","potentialAction":[{"@type":"ReadAction","target":["https:\/\/now-news.de\/de\/deutschland\/westen-ueber-selenskijs-nachfolger-uneinig\/"]}]},{"@type":"ImageObject","inLanguage":"de","@id":"https:\/\/now-news.de\/de\/deutschland\/westen-ueber-selenskijs-nachfolger-uneinig\/#primaryimage","url":"https:\/\/now-news.de\/de\/wp-content\/uploads\/sites\/3\/2023\/11\/Westen-ueber-Selenskijs-Nachfolger-uneinig.jpg","contentUrl":"https:\/\/now-news.de\/de\/wp-content\/uploads\/sites\/3\/2023\/11\/Westen-ueber-Selenskijs-Nachfolger-uneinig.jpg","width":460,"height":259,"caption":"Westen \u00fcber Selenskijs Nachfolger uneinig"},{"@type":"BreadcrumbList","@id":"https:\/\/now-news.de\/de\/deutschland\/westen-ueber-selenskijs-nachfolger-uneinig\/#breadcrumb","itemListElement":[{"@type":"ListItem","position":1,"name":"Home","item":"https:\/\/now-news.de\/de\/"},{"@type":"ListItem","position":2,"name":"Westen \u00fcber Selenskijs Nachfolger uneinig"}]},{"@type":"WebSite","@id":"https:\/\/now-news.de\/de\/#website","url":"https:\/\/now-news.de\/de\/","name":"just-now.NEWS Deutschland","description":"Das Portal f\u00fcr unzensierte Nachrichten aus der Welt","publisher":{"@id":"https:\/\/now-news.de\/de\/#organization"},"potentialAction":[{"@type":"SearchAction","target":{"@type":"EntryPoint","urlTemplate":"https:\/\/now-news.de\/de\/?s={search_term_string}"},"query-input":"required name=search_term_string"}],"inLanguage":"de"},{"@type":"Organization","@id":"https:\/\/now-news.de\/de\/#organization","name":"Just Now News","url":"https:\/\/now-news.de\/de\/","logo":{"@type":"ImageObject","inLanguage":"de","@id":"https:\/\/now-news.de\/de\/#\/schema\/logo\/image\/","url":"http:\/\/just-now.news\/de\/wp-content\/uploads\/sites\/3\/2022\/04\/logo500x500.jpg","contentUrl":"http:\/\/just-now.news\/de\/wp-content\/uploads\/sites\/3\/2022\/04\/logo500x500.jpg","width":500,"height":500,"caption":"Just Now News"},"image":{"@id":"https:\/\/now-news.de\/de\/#\/schema\/logo\/image\/"},"sameAs":["https:\/\/www.facebook.com\/wirmachenauf","https:\/\/x.com\/WirMachenAuf_de"]},{"@type":"Person","@id":"https:\/\/now-news.de\/de\/#\/schema\/person\/fb534a4e865501d8b3285208df34a9b5","name":"rtnews","image":{"@type":"ImageObject","inLanguage":"de","@id":"https:\/\/now-news.de\/de\/#\/schema\/person\/image\/","url":"https:\/\/secure.gravatar.com\/avatar\/82aafea7d8127119dd649515f56e2117?s=96&d=mm&r=g","contentUrl":"https:\/\/secure.gravatar.com\/avatar\/82aafea7d8127119dd649515f56e2117?s=96&d=mm&r=g","caption":"rtnews"},"url":"https:\/\/now-news.de\/de\/author\/rnews\/"}]}},"_links":{"self":[{"href":"https:\/\/now-news.de\/de\/wp-json\/wp\/v2\/posts\/49862"}],"collection":[{"href":"https:\/\/now-news.de\/de\/wp-json\/wp\/v2\/posts"}],"about":[{"href":"https:\/\/now-news.de\/de\/wp-json\/wp\/v2\/types\/post"}],"author":[{"embeddable":true,"href":"https:\/\/now-news.de\/de\/wp-json\/wp\/v2\/users\/3"}],"replies":[{"embeddable":true,"href":"https:\/\/now-news.de\/de\/wp-json\/wp\/v2\/comments?post=49862"}],"version-history":[{"count":0,"href":"https:\/\/now-news.de\/de\/wp-json\/wp\/v2\/posts\/49862\/revisions"}],"wp:featuredmedia":[{"embeddable":true,"href":"https:\/\/now-news.de\/de\/wp-json\/wp\/v2\/media\/49863"}],"wp:attachment":[{"href":"https:\/\/now-news.de\/de\/wp-json\/wp\/v2\/media?parent=49862"}],"wp:term":[{"taxonomy":"category","embeddable":true,"href":"https:\/\/now-news.de\/de\/wp-json\/wp\/v2\/categories?post=49862"},{"taxonomy":"post_tag","embeddable":true,"href":"https:\/\/now-news.de\/de\/wp-json\/wp\/v2\/tags?post=49862"}],"curies":[{"name":"wp","href":"https:\/\/api.w.org\/{rel}","templated":true}]}}