{"id":49811,"date":"2023-11-15T19:20:29","date_gmt":"2023-11-15T17:20:29","guid":{"rendered":"https:\/\/just-now.news\/de\/deutschland\/industrieverband-deutschland-hat-seine-konkurrenzfaehigkeit-verloren\/"},"modified":"2023-11-15T19:20:29","modified_gmt":"2023-11-15T17:20:29","slug":"industrieverband-deutschland-hat-seine-konkurrenzfaehigkeit-verloren","status":"publish","type":"post","link":"https:\/\/now-news.de\/de\/deutschland\/industrieverband-deutschland-hat-seine-konkurrenzfaehigkeit-verloren\/","title":{"rendered":"Industrieverband: &quot;Deutschland hat seine Konkurrenzf\u00e4higkeit verloren&quot;"},"content":{"rendered":"<p><img decoding=\"async\" src=\"http:\/\/just-now.news\/de\/wp-content\/uploads\/sites\/3\/2023\/11\/6554e0b1b480cc2ed4138389.jpg\" \/><\/p>\n<div class=\"Text-root Text-type_1 \">\n                Eine Umfrage des BDI zur Attraktivit\u00e4t des Wirtschaftsstandortes Deutschland ergab schlechte Noten. Schlechte Infrastruktur, hohe Energiekosten, B\u00fcrokratie und mangelnde Bildung f\u00fchren dazu, dass immer mehr Unternehmen Deutschland den R\u00fccken kehren. Die Zahlen sind alarmierend.\n            <\/div>\n<p><\/p>\n<div class=\"Text-root Text-type_5 ArticleView-text ViewText-root \">\n<p>Der Bundesverband der Deutschen Industrie (BDI) hat gestern die Ergebnisse der Herbstumfrage <a rel=\"nofollow noopener\" target=\"_blank\" href=\"https:\/\/bdi.eu\/#\/artikel\/news\/wertschoepfung-im-wandel-standort-zunehmend-unter-druck\">ver\u00f6ffentlicht<\/a>, die das Beratungs- und Wirtschaftspr\u00fcfungsunternehmen Deloitte in seinem Auftrag durchgef\u00fchrt hat.\u00a0<\/p>\n<p>Ermittelt wurde die Attraktivit\u00e4t des Wirtschaftsstandorts Deutschland. Um diese steht es schlecht, denn 81 Prozent der befragten 1.000 mittelst\u00e4ndischen Unternehmen sind der Meinung, dass Deutschland seine Konkurrenzf\u00e4higkeit verloren hat.\u00a0\u00a0<\/p>\n<p>Ganze 33 Prozent der deutschen Unternehmen planen, ihre Produktion ins Ausland zu verlagern. Im Unterschied zu bisherigen Verlagerungen ins Ausland, die vor allem die Bauteilfertigung betrafen, denken viele deutsche Unternehmen nun auch \u00fcber die Verlagerung des hochwertigen Teils der Wertsch\u00f6pfung nach. Nur einen Tag nach der Ver\u00f6ffentlichung der Ergebnisse werden diese durch eine Meldung des Autobauers BMW best\u00e4tigt. Der Autokonzern verlegt seine Motorenproduktion weg aus Deutschland.\u00a0\u00a0<\/p>\n<p>Besondere Anziehungskraft haben die USA. 29 Prozent der Unternehmen in den deutschen Kernbranchen Maschinenbau und Automobilindustrie zieht es dorthin. Die Energiekosten sind in den USA deutlich niedriger, zudem versprechen die USA mit dem Inflation Reduction Act nicht nur Subventionen f\u00fcr Firmen, die in den USA produzieren, sondern drohen ausl\u00e4ndischen Produzenten auch mit umfassenden Nachteilen. So sieht das US-Gesetz zwar die F\u00f6rderung des Kaufs von Elektroautos vor, allerdings nur, wenn die Batterietechnik in den USA hergestellt wurde. Deutsche und europ\u00e4ische Hersteller werden dadurch benachteiligt.\u00a0<\/p>\n<p>Damit der Standort Deutschland wieder attraktiver wird, fordern die Unternehmen zum einen B\u00fcrokratieabbau. Mindestens ebenso wichtig sei, die Energiepreise zu senken, gefolgt von Investitionen in Bildung, Infrastruktur und Digitalisierung.<\/p>\n<p>Die Forderungen kommen nicht \u00fcberraschend. Die Infrastruktur ist sei Jahren unterfinanziert. Stra\u00dfen und Br\u00fccken sind in schlechtem Zustand. In der Bildung schneiden deutsche Sch\u00fcler im internationalen Vergleich unterdurchschnittlich ab und bei der Digitalisierung hinkt Deutschland um Jahre hinterher.\u00a0\u00a0<\/p>\n<p>Ob sich daran in absehbarer Zeit etwas \u00e4ndert, ist mit dem heutigen Urteil des Bundesverfassungsgerichts zur Schuldenbremse allerdings fraglich. Schuldenfinanzierte staatliche Investitionen sind in Deutschland durch die Verfassung verboten.\u00a0<\/p>\n<p><strong>Mehr zum Thema<\/strong>\u00a0\u2013 <a rel=\"nofollow noopener\" target=\"_blank\" href=\"https:\/\/freedert.online\/wirtschaft\/150363-krisen-und-insolvenzticker\/\">Krisen- und Insolvenzticker \u2013 E-Autos: Nachfrage um zwei Drittel schw\u00e4cher als erwartet<\/a><\/p>\n<\/div>\n<p><br \/>\n<br \/><a href=\"https:\/\/de.rt.com\/inland\/187155-industrieverband-deutschland-hat-seine-konkurrenzfaehigkeit\/\">Source link <\/a><\/p>\n","protected":false},"excerpt":{"rendered":"<p>Eine Umfrage des BDI zur Attraktivit\u00e4t des Wirtschaftsstandortes Deutschland ergab schlechte Noten. Schlechte Infrastruktur, hohe Energiekosten, B\u00fcrokratie und mangelnde Bildung f\u00fchren dazu, dass immer mehr Unternehmen Deutschland den R\u00fccken kehren. Die Zahlen sind alarmierend. Der Bundesverband der Deutschen Industrie (BDI) hat gestern die Ergebnisse der Herbstumfrage ver\u00f6ffentlicht, die das Beratungs- und Wirtschaftspr\u00fcfungsunternehmen Deloitte in seinem [&hellip;]<\/p>\n","protected":false},"author":3,"featured_media":49812,"comment_status":"open","ping_status":"open","sticky":false,"template":"","format":"standard","meta":{"_yoast_indexnow_last_ping":["1700069718"],"wp_automatic_camp":["217"],"914dc8e4bba4f5d3281ed93ca539cf62":["Industrieverband: &quot;Deutschland hat seine Konkurrenzf\u00e4higkeit verloren&quot;"],"original_link":["https:\/\/de.rt.com\/inland\/187155-industrieverband-deutschland-hat-seine-konkurrenzfaehigkeit\/"],"_thumbnail_id":["49812"],"jnews_social_counter_last_update":["1777236194"],"_wptgpro_p2tg_sent2tg":["a:1:{i:23737;s:19:\"2023-11-15 19:36:24\";}"]},"categories":[19,23],"tags":[423,50671,50672,19197,265,36213],"yoast_head":"<!-- This site is optimized with the Yoast SEO Premium plugin v22.7 (Yoast SEO v22.7) - https:\/\/yoast.com\/wordpress\/plugins\/seo\/ -->\n<title>Industrieverband: &quot;Deutschland hat seine Konkurrenzf\u00e4higkeit verloren&quot; - just-now.NEWS Deutschland<\/title>\n<meta name=\"robots\" content=\"index, follow, max-snippet:-1, max-image-preview:large, max-video-preview:-1\" \/>\n<link rel=\"canonical\" href=\"https:\/\/now-news.de\/de\/deutschland\/industrieverband-deutschland-hat-seine-konkurrenzfaehigkeit-verloren\/\" \/>\n<meta property=\"og:locale\" content=\"de_DE\" \/>\n<meta property=\"og:type\" content=\"article\" \/>\n<meta property=\"og:title\" content=\"Industrieverband: &quot;Deutschland hat seine Konkurrenzf\u00e4higkeit verloren&quot;\" \/>\n<meta property=\"og:description\" content=\"Eine Umfrage des BDI zur Attraktivit\u00e4t des Wirtschaftsstandortes Deutschland ergab schlechte Noten. Schlechte Infrastruktur, hohe Energiekosten, B\u00fcrokratie und mangelnde Bildung f\u00fchren dazu, dass immer mehr Unternehmen Deutschland den R\u00fccken kehren. Die Zahlen sind alarmierend. Der Bundesverband der Deutschen Industrie (BDI) hat gestern die Ergebnisse der Herbstumfrage ver\u00f6ffentlicht, die das Beratungs- und Wirtschaftspr\u00fcfungsunternehmen Deloitte in seinem [&hellip;]\" \/>\n<meta property=\"og:url\" content=\"https:\/\/now-news.de\/de\/deutschland\/industrieverband-deutschland-hat-seine-konkurrenzfaehigkeit-verloren\/\" \/>\n<meta property=\"og:site_name\" content=\"just-now.NEWS Deutschland\" \/>\n<meta property=\"article:publisher\" content=\"https:\/\/www.facebook.com\/wirmachenauf\" \/>\n<meta property=\"article:published_time\" content=\"2023-11-15T17:20:29+00:00\" \/>\n<meta property=\"og:image\" content=\"https:\/\/now-news.de\/de\/wp-content\/uploads\/sites\/3\/2023\/11\/Industrieverband-quotDeutschland-hat-seine-Konkurrenzfaehigkeit-verlorenquot.jpg\" \/>\n\t<meta property=\"og:image:width\" content=\"460\" \/>\n\t<meta property=\"og:image:height\" content=\"259\" \/>\n\t<meta property=\"og:image:type\" content=\"image\/jpeg\" \/>\n<meta name=\"author\" content=\"rtnews\" \/>\n<meta name=\"twitter:card\" content=\"summary_large_image\" \/>\n<meta name=\"twitter:creator\" content=\"@WirMachenAuf_de\" \/>\n<meta name=\"twitter:site\" content=\"@WirMachenAuf_de\" \/>\n<meta name=\"twitter:label1\" content=\"Verfasst von\" \/>\n\t<meta name=\"twitter:data1\" content=\"rtnews\" \/>\n\t<meta name=\"twitter:label2\" content=\"Gesch\u00e4tzte Lesezeit\" \/>\n\t<meta name=\"twitter:data2\" content=\"2\u00a0Minuten\" \/>\n<script type=\"application\/ld+json\" class=\"yoast-schema-graph\">{\"@context\":\"https:\/\/schema.org\",\"@graph\":[{\"@type\":\"Article\",\"@id\":\"https:\/\/now-news.de\/de\/deutschland\/industrieverband-deutschland-hat-seine-konkurrenzfaehigkeit-verloren\/#article\",\"isPartOf\":{\"@id\":\"https:\/\/now-news.de\/de\/deutschland\/industrieverband-deutschland-hat-seine-konkurrenzfaehigkeit-verloren\/\"},\"author\":{\"name\":\"rtnews\",\"@id\":\"https:\/\/now-news.de\/de\/#\/schema\/person\/fb534a4e865501d8b3285208df34a9b5\"},\"headline\":\"Industrieverband: &quot;Deutschland hat seine Konkurrenzf\u00e4higkeit verloren&quot;\",\"datePublished\":\"2023-11-15T17:20:29+00:00\",\"dateModified\":\"2023-11-15T17:20:29+00:00\",\"mainEntityOfPage\":{\"@id\":\"https:\/\/now-news.de\/de\/deutschland\/industrieverband-deutschland-hat-seine-konkurrenzfaehigkeit-verloren\/\"},\"wordCount\":376,\"commentCount\":0,\"publisher\":{\"@id\":\"https:\/\/now-news.de\/de\/#organization\"},\"image\":{\"@id\":\"https:\/\/now-news.de\/de\/deutschland\/industrieverband-deutschland-hat-seine-konkurrenzfaehigkeit-verloren\/#primaryimage\"},\"thumbnailUrl\":\"https:\/\/now-news.de\/de\/wp-content\/uploads\/sites\/3\/2023\/11\/Industrieverband-quotDeutschland-hat-seine-Konkurrenzfaehigkeit-verlorenquot.jpg\",\"keywords\":[\"hat\",\"Industrieverband\",\"Konkurrenzf\u00e4higkeit\",\"quotDeutschland\",\"seine\",\"verlorenquot\"],\"articleSection\":[\"Deutschland\",\"Russland\"],\"inLanguage\":\"de\",\"potentialAction\":[{\"@type\":\"CommentAction\",\"name\":\"Comment\",\"target\":[\"https:\/\/now-news.de\/de\/deutschland\/industrieverband-deutschland-hat-seine-konkurrenzfaehigkeit-verloren\/#respond\"]}]},{\"@type\":\"WebPage\",\"@id\":\"https:\/\/now-news.de\/de\/deutschland\/industrieverband-deutschland-hat-seine-konkurrenzfaehigkeit-verloren\/\",\"url\":\"https:\/\/now-news.de\/de\/deutschland\/industrieverband-deutschland-hat-seine-konkurrenzfaehigkeit-verloren\/\",\"name\":\"Industrieverband: &quot;Deutschland hat seine Konkurrenzf\u00e4higkeit verloren&quot; - just-now.NEWS Deutschland\",\"isPartOf\":{\"@id\":\"https:\/\/now-news.de\/de\/#website\"},\"primaryImageOfPage\":{\"@id\":\"https:\/\/now-news.de\/de\/deutschland\/industrieverband-deutschland-hat-seine-konkurrenzfaehigkeit-verloren\/#primaryimage\"},\"image\":{\"@id\":\"https:\/\/now-news.de\/de\/deutschland\/industrieverband-deutschland-hat-seine-konkurrenzfaehigkeit-verloren\/#primaryimage\"},\"thumbnailUrl\":\"https:\/\/now-news.de\/de\/wp-content\/uploads\/sites\/3\/2023\/11\/Industrieverband-quotDeutschland-hat-seine-Konkurrenzfaehigkeit-verlorenquot.jpg\",\"datePublished\":\"2023-11-15T17:20:29+00:00\",\"dateModified\":\"2023-11-15T17:20:29+00:00\",\"breadcrumb\":{\"@id\":\"https:\/\/now-news.de\/de\/deutschland\/industrieverband-deutschland-hat-seine-konkurrenzfaehigkeit-verloren\/#breadcrumb\"},\"inLanguage\":\"de\",\"potentialAction\":[{\"@type\":\"ReadAction\",\"target\":[\"https:\/\/now-news.de\/de\/deutschland\/industrieverband-deutschland-hat-seine-konkurrenzfaehigkeit-verloren\/\"]}]},{\"@type\":\"ImageObject\",\"inLanguage\":\"de\",\"@id\":\"https:\/\/now-news.de\/de\/deutschland\/industrieverband-deutschland-hat-seine-konkurrenzfaehigkeit-verloren\/#primaryimage\",\"url\":\"https:\/\/now-news.de\/de\/wp-content\/uploads\/sites\/3\/2023\/11\/Industrieverband-quotDeutschland-hat-seine-Konkurrenzfaehigkeit-verlorenquot.jpg\",\"contentUrl\":\"https:\/\/now-news.de\/de\/wp-content\/uploads\/sites\/3\/2023\/11\/Industrieverband-quotDeutschland-hat-seine-Konkurrenzfaehigkeit-verlorenquot.jpg\",\"width\":460,\"height\":259,\"caption\":\"Industrieverband: &quot;Deutschland hat seine Konkurrenzf\u00e4higkeit verloren&quot;\"},{\"@type\":\"BreadcrumbList\",\"@id\":\"https:\/\/now-news.de\/de\/deutschland\/industrieverband-deutschland-hat-seine-konkurrenzfaehigkeit-verloren\/#breadcrumb\",\"itemListElement\":[{\"@type\":\"ListItem\",\"position\":1,\"name\":\"Home\",\"item\":\"https:\/\/now-news.de\/de\/\"},{\"@type\":\"ListItem\",\"position\":2,\"name\":\"Industrieverband: &quot;Deutschland hat seine Konkurrenzf\u00e4higkeit verloren&quot;\"}]},{\"@type\":\"WebSite\",\"@id\":\"https:\/\/now-news.de\/de\/#website\",\"url\":\"https:\/\/now-news.de\/de\/\",\"name\":\"just-now.NEWS Deutschland\",\"description\":\"Das Portal f\u00fcr unzensierte Nachrichten aus der Welt\",\"publisher\":{\"@id\":\"https:\/\/now-news.de\/de\/#organization\"},\"potentialAction\":[{\"@type\":\"SearchAction\",\"target\":{\"@type\":\"EntryPoint\",\"urlTemplate\":\"https:\/\/now-news.de\/de\/?s={search_term_string}\"},\"query-input\":\"required name=search_term_string\"}],\"inLanguage\":\"de\"},{\"@type\":\"Organization\",\"@id\":\"https:\/\/now-news.de\/de\/#organization\",\"name\":\"Just Now News\",\"url\":\"https:\/\/now-news.de\/de\/\",\"logo\":{\"@type\":\"ImageObject\",\"inLanguage\":\"de\",\"@id\":\"https:\/\/now-news.de\/de\/#\/schema\/logo\/image\/\",\"url\":\"http:\/\/just-now.news\/de\/wp-content\/uploads\/sites\/3\/2022\/04\/logo500x500.jpg\",\"contentUrl\":\"http:\/\/just-now.news\/de\/wp-content\/uploads\/sites\/3\/2022\/04\/logo500x500.jpg\",\"width\":500,\"height\":500,\"caption\":\"Just Now News\"},\"image\":{\"@id\":\"https:\/\/now-news.de\/de\/#\/schema\/logo\/image\/\"},\"sameAs\":[\"https:\/\/www.facebook.com\/wirmachenauf\",\"https:\/\/x.com\/WirMachenAuf_de\"]},{\"@type\":\"Person\",\"@id\":\"https:\/\/now-news.de\/de\/#\/schema\/person\/fb534a4e865501d8b3285208df34a9b5\",\"name\":\"rtnews\",\"image\":{\"@type\":\"ImageObject\",\"inLanguage\":\"de\",\"@id\":\"https:\/\/now-news.de\/de\/#\/schema\/person\/image\/\",\"url\":\"https:\/\/secure.gravatar.com\/avatar\/82aafea7d8127119dd649515f56e2117?s=96&d=mm&r=g\",\"contentUrl\":\"https:\/\/secure.gravatar.com\/avatar\/82aafea7d8127119dd649515f56e2117?s=96&d=mm&r=g\",\"caption\":\"rtnews\"},\"url\":\"https:\/\/now-news.de\/de\/author\/rnews\/\"}]}<\/script>\n<!-- \/ Yoast SEO Premium plugin. -->","yoast_head_json":{"title":"Industrieverband: &quot;Deutschland hat seine Konkurrenzf\u00e4higkeit verloren&quot; - just-now.NEWS Deutschland","robots":{"index":"index","follow":"follow","max-snippet":"max-snippet:-1","max-image-preview":"max-image-preview:large","max-video-preview":"max-video-preview:-1"},"canonical":"https:\/\/now-news.de\/de\/deutschland\/industrieverband-deutschland-hat-seine-konkurrenzfaehigkeit-verloren\/","og_locale":"de_DE","og_type":"article","og_title":"Industrieverband: &quot;Deutschland hat seine Konkurrenzf\u00e4higkeit verloren&quot;","og_description":"Eine Umfrage des BDI zur Attraktivit\u00e4t des Wirtschaftsstandortes Deutschland ergab schlechte Noten. Schlechte Infrastruktur, hohe Energiekosten, B\u00fcrokratie und mangelnde Bildung f\u00fchren dazu, dass immer mehr Unternehmen Deutschland den R\u00fccken kehren. Die Zahlen sind alarmierend. Der Bundesverband der Deutschen Industrie (BDI) hat gestern die Ergebnisse der Herbstumfrage ver\u00f6ffentlicht, die das Beratungs- und Wirtschaftspr\u00fcfungsunternehmen Deloitte in seinem [&hellip;]","og_url":"https:\/\/now-news.de\/de\/deutschland\/industrieverband-deutschland-hat-seine-konkurrenzfaehigkeit-verloren\/","og_site_name":"just-now.NEWS Deutschland","article_publisher":"https:\/\/www.facebook.com\/wirmachenauf","article_published_time":"2023-11-15T17:20:29+00:00","og_image":[{"width":460,"height":259,"url":"https:\/\/now-news.de\/de\/wp-content\/uploads\/sites\/3\/2023\/11\/Industrieverband-quotDeutschland-hat-seine-Konkurrenzfaehigkeit-verlorenquot.jpg","type":"image\/jpeg"}],"author":"rtnews","twitter_card":"summary_large_image","twitter_creator":"@WirMachenAuf_de","twitter_site":"@WirMachenAuf_de","twitter_misc":{"Verfasst von":"rtnews","Gesch\u00e4tzte Lesezeit":"2\u00a0Minuten"},"schema":{"@context":"https:\/\/schema.org","@graph":[{"@type":"Article","@id":"https:\/\/now-news.de\/de\/deutschland\/industrieverband-deutschland-hat-seine-konkurrenzfaehigkeit-verloren\/#article","isPartOf":{"@id":"https:\/\/now-news.de\/de\/deutschland\/industrieverband-deutschland-hat-seine-konkurrenzfaehigkeit-verloren\/"},"author":{"name":"rtnews","@id":"https:\/\/now-news.de\/de\/#\/schema\/person\/fb534a4e865501d8b3285208df34a9b5"},"headline":"Industrieverband: &quot;Deutschland hat seine Konkurrenzf\u00e4higkeit verloren&quot;","datePublished":"2023-11-15T17:20:29+00:00","dateModified":"2023-11-15T17:20:29+00:00","mainEntityOfPage":{"@id":"https:\/\/now-news.de\/de\/deutschland\/industrieverband-deutschland-hat-seine-konkurrenzfaehigkeit-verloren\/"},"wordCount":376,"commentCount":0,"publisher":{"@id":"https:\/\/now-news.de\/de\/#organization"},"image":{"@id":"https:\/\/now-news.de\/de\/deutschland\/industrieverband-deutschland-hat-seine-konkurrenzfaehigkeit-verloren\/#primaryimage"},"thumbnailUrl":"https:\/\/now-news.de\/de\/wp-content\/uploads\/sites\/3\/2023\/11\/Industrieverband-quotDeutschland-hat-seine-Konkurrenzfaehigkeit-verlorenquot.jpg","keywords":["hat","Industrieverband","Konkurrenzf\u00e4higkeit","quotDeutschland","seine","verlorenquot"],"articleSection":["Deutschland","Russland"],"inLanguage":"de","potentialAction":[{"@type":"CommentAction","name":"Comment","target":["https:\/\/now-news.de\/de\/deutschland\/industrieverband-deutschland-hat-seine-konkurrenzfaehigkeit-verloren\/#respond"]}]},{"@type":"WebPage","@id":"https:\/\/now-news.de\/de\/deutschland\/industrieverband-deutschland-hat-seine-konkurrenzfaehigkeit-verloren\/","url":"https:\/\/now-news.de\/de\/deutschland\/industrieverband-deutschland-hat-seine-konkurrenzfaehigkeit-verloren\/","name":"Industrieverband: &quot;Deutschland hat seine Konkurrenzf\u00e4higkeit verloren&quot; - just-now.NEWS Deutschland","isPartOf":{"@id":"https:\/\/now-news.de\/de\/#website"},"primaryImageOfPage":{"@id":"https:\/\/now-news.de\/de\/deutschland\/industrieverband-deutschland-hat-seine-konkurrenzfaehigkeit-verloren\/#primaryimage"},"image":{"@id":"https:\/\/now-news.de\/de\/deutschland\/industrieverband-deutschland-hat-seine-konkurrenzfaehigkeit-verloren\/#primaryimage"},"thumbnailUrl":"https:\/\/now-news.de\/de\/wp-content\/uploads\/sites\/3\/2023\/11\/Industrieverband-quotDeutschland-hat-seine-Konkurrenzfaehigkeit-verlorenquot.jpg","datePublished":"2023-11-15T17:20:29+00:00","dateModified":"2023-11-15T17:20:29+00:00","breadcrumb":{"@id":"https:\/\/now-news.de\/de\/deutschland\/industrieverband-deutschland-hat-seine-konkurrenzfaehigkeit-verloren\/#breadcrumb"},"inLanguage":"de","potentialAction":[{"@type":"ReadAction","target":["https:\/\/now-news.de\/de\/deutschland\/industrieverband-deutschland-hat-seine-konkurrenzfaehigkeit-verloren\/"]}]},{"@type":"ImageObject","inLanguage":"de","@id":"https:\/\/now-news.de\/de\/deutschland\/industrieverband-deutschland-hat-seine-konkurrenzfaehigkeit-verloren\/#primaryimage","url":"https:\/\/now-news.de\/de\/wp-content\/uploads\/sites\/3\/2023\/11\/Industrieverband-quotDeutschland-hat-seine-Konkurrenzfaehigkeit-verlorenquot.jpg","contentUrl":"https:\/\/now-news.de\/de\/wp-content\/uploads\/sites\/3\/2023\/11\/Industrieverband-quotDeutschland-hat-seine-Konkurrenzfaehigkeit-verlorenquot.jpg","width":460,"height":259,"caption":"Industrieverband: &quot;Deutschland hat seine Konkurrenzf\u00e4higkeit verloren&quot;"},{"@type":"BreadcrumbList","@id":"https:\/\/now-news.de\/de\/deutschland\/industrieverband-deutschland-hat-seine-konkurrenzfaehigkeit-verloren\/#breadcrumb","itemListElement":[{"@type":"ListItem","position":1,"name":"Home","item":"https:\/\/now-news.de\/de\/"},{"@type":"ListItem","position":2,"name":"Industrieverband: &quot;Deutschland hat seine Konkurrenzf\u00e4higkeit verloren&quot;"}]},{"@type":"WebSite","@id":"https:\/\/now-news.de\/de\/#website","url":"https:\/\/now-news.de\/de\/","name":"just-now.NEWS Deutschland","description":"Das Portal f\u00fcr unzensierte Nachrichten aus der Welt","publisher":{"@id":"https:\/\/now-news.de\/de\/#organization"},"potentialAction":[{"@type":"SearchAction","target":{"@type":"EntryPoint","urlTemplate":"https:\/\/now-news.de\/de\/?s={search_term_string}"},"query-input":"required name=search_term_string"}],"inLanguage":"de"},{"@type":"Organization","@id":"https:\/\/now-news.de\/de\/#organization","name":"Just Now News","url":"https:\/\/now-news.de\/de\/","logo":{"@type":"ImageObject","inLanguage":"de","@id":"https:\/\/now-news.de\/de\/#\/schema\/logo\/image\/","url":"http:\/\/just-now.news\/de\/wp-content\/uploads\/sites\/3\/2022\/04\/logo500x500.jpg","contentUrl":"http:\/\/just-now.news\/de\/wp-content\/uploads\/sites\/3\/2022\/04\/logo500x500.jpg","width":500,"height":500,"caption":"Just Now News"},"image":{"@id":"https:\/\/now-news.de\/de\/#\/schema\/logo\/image\/"},"sameAs":["https:\/\/www.facebook.com\/wirmachenauf","https:\/\/x.com\/WirMachenAuf_de"]},{"@type":"Person","@id":"https:\/\/now-news.de\/de\/#\/schema\/person\/fb534a4e865501d8b3285208df34a9b5","name":"rtnews","image":{"@type":"ImageObject","inLanguage":"de","@id":"https:\/\/now-news.de\/de\/#\/schema\/person\/image\/","url":"https:\/\/secure.gravatar.com\/avatar\/82aafea7d8127119dd649515f56e2117?s=96&d=mm&r=g","contentUrl":"https:\/\/secure.gravatar.com\/avatar\/82aafea7d8127119dd649515f56e2117?s=96&d=mm&r=g","caption":"rtnews"},"url":"https:\/\/now-news.de\/de\/author\/rnews\/"}]}},"_links":{"self":[{"href":"https:\/\/now-news.de\/de\/wp-json\/wp\/v2\/posts\/49811"}],"collection":[{"href":"https:\/\/now-news.de\/de\/wp-json\/wp\/v2\/posts"}],"about":[{"href":"https:\/\/now-news.de\/de\/wp-json\/wp\/v2\/types\/post"}],"author":[{"embeddable":true,"href":"https:\/\/now-news.de\/de\/wp-json\/wp\/v2\/users\/3"}],"replies":[{"embeddable":true,"href":"https:\/\/now-news.de\/de\/wp-json\/wp\/v2\/comments?post=49811"}],"version-history":[{"count":0,"href":"https:\/\/now-news.de\/de\/wp-json\/wp\/v2\/posts\/49811\/revisions"}],"wp:featuredmedia":[{"embeddable":true,"href":"https:\/\/now-news.de\/de\/wp-json\/wp\/v2\/media\/49812"}],"wp:attachment":[{"href":"https:\/\/now-news.de\/de\/wp-json\/wp\/v2\/media?parent=49811"}],"wp:term":[{"taxonomy":"category","embeddable":true,"href":"https:\/\/now-news.de\/de\/wp-json\/wp\/v2\/categories?post=49811"},{"taxonomy":"post_tag","embeddable":true,"href":"https:\/\/now-news.de\/de\/wp-json\/wp\/v2\/tags?post=49811"}],"curies":[{"name":"wp","href":"https:\/\/api.w.org\/{rel}","templated":true}]}}