{"id":49805,"date":"2023-11-15T18:07:01","date_gmt":"2023-11-15T16:07:01","guid":{"rendered":"https:\/\/just-now.news\/de\/deutschland\/300-anwaelte-verklagen-den-zionistischen-staat-beim-internationalen-strafgerichtshof\/"},"modified":"2023-11-15T18:07:01","modified_gmt":"2023-11-15T16:07:01","slug":"300-anwaelte-verklagen-den-zionistischen-staat-beim-internationalen-strafgerichtshof","status":"publish","type":"post","link":"https:\/\/now-news.de\/de\/deutschland\/300-anwaelte-verklagen-den-zionistischen-staat-beim-internationalen-strafgerichtshof\/","title":{"rendered":"300 Anw\u00e4lte verklagen den &quot;zionistischen Staat&quot; beim Internationalen Strafgerichtshof"},"content":{"rendered":"<p><img decoding=\"async\" src=\"http:\/\/just-now.news\/de\/wp-content\/uploads\/sites\/3\/2023\/11\/6554b0bbb480cc7c6a49894e.jpg\" \/><\/p>\n<div class=\"Text-root Text-type_1 \">\n                Anw\u00e4lte aus aller Welt haben gegen den Staat Israel wegen V\u00f6lkermords und Kriegsverbrechen gegen das pal\u00e4stinensische Volk eine gemeinsame Klage beim IStGH eingereicht. Vertreter aus der Zivilgesellschaft haben sich ihnen angeschlossen.\n            <\/div>\n<p><\/p>\n<div class=\"Text-root Text-type_5 ArticleView-text ViewText-root \">\n<p>Ein internationaler Zusammenschluss von ungef\u00e4hr 300 Rechtsanw\u00e4lten und rund 100 Vertretern der Zivilgesellschaft reichte am 9. November beim Internationalen Strafgerichtshof in Den Haag (IStGH) Klage gegen den &#8220;zionistischen Staat&#8221; ein. Wie das algerische Nachrichtenportal <em>cip<\/em> am Dienstag <a rel=\"nofollow noopener\" target=\"_blank\" href=\"https:\/\/cip.dz\/fr\/me-gilles-devers-a-radio-algerie-internationale-nous-avons-ete-recus-par-la-cpi-pour-commencer-un-travail-urgent\/\">berichtete<\/a>, verklagte das Anwaltskollektiv aus aller Welt den Staat Israel wegen V\u00f6lkermords und Kriegsverbrechen gegen das pal\u00e4stinensische Volk.<\/p>\n<p>Die kollektive Klage wurde vom franz\u00f6sischen Rechtsanwalt und Rechtswissenschaftler Gilles Devers aus Lyon initiiert. Der Anwalt gab dazu eine Erkl\u00e4rung ab, die am Montag vom <em>Radio Alg\u00e9rie Internationale<\/em>\u00a0des Algerischen Rundfunks ver\u00f6ffentlicht wurde.<\/p>\n<p>Demnach wollten die Kl\u00e4ger nach dem Einreichen der Klage beim IStGH nun als n\u00e4chsten Schritt ein Treffen der Opfer organisieren. Devers erkl\u00e4rte, dass &#8220;der zweite Schritt im n\u00e4chsten Monat stattfinden wird, indem ein Treffen mit den Opfern organisiert wird&#8221;.\u00a0Der\u00a0Rechtsanwalt sagte dar\u00fcber hinaus:<\/p>\n<blockquote>\n<p><em>&#8220;Was wir zur Unterst\u00fctzung des pal\u00e4stinensischen Volkes als Opfer tun konnten, ist die Klage, die beim IStGH gegen die zionistische Regierung eingereicht wurde. Wir rufen alle L\u00e4nder der Welt dazu auf, sich dieser Initiative anzuschlie\u00dfen. Wir werden unseren Kampf fortsetzen.&#8221;<\/em><\/p>\n<\/blockquote>\n<p>Die gr\u00f6\u00dften Sorgen bereiteten dem Anwalt die unaufh\u00f6rlichen &#8220;zionistischen Bombenangriffe&#8221; auf Krankenh\u00e4user, insbesondere auf das Al-Shifa-Krankenhaus.<\/p>\n<p>&#8220;Viele Verletzte und Patienten sind umgekommen. Das ist etwas, was wir in unserer Geschichte noch nie gesehen haben. Es ist nicht einmal mehr m\u00f6glich, eine Beerdigung f\u00fcr die Opfer abzuhalten, da die Sicherheitslage wirklich beeintr\u00e4chtigt ist&#8221;, beklagte er im algerischen Rundfunk.<\/p>\n<p>Am Donnerstag fand eine Pressekonferenz zur Menschenrechtsklage des internationalen Anwaltteams statt, die von Rechtsanwalt Devers, Pierre Galand, ehemaliger Senator und Mitglied der belgischen Sozialistischen Partei, und Rechtsanwalt Khaled Al-Shouli aus Jordanien geleitet wurde. Die Moderatoren erkl\u00e4rten, angesichts all derer, die sich durch ihr Schweigen zu Komplizen dieses V\u00f6lkermords machen, m\u00fcsse man das pal\u00e4stinensische Volk unterst\u00fctzen.<\/p>\n<p>In der <a rel=\"nofollow noopener\" target=\"_blank\" href=\"https:\/\/unric.org\/fr\/israel-palestine-ce-que-fait-la-justice-internationale\/\">Meldung<\/a> &#8220;Israel-Pal\u00e4stina: Was die internationale Justiz unternimmt&#8221; wird die Kollektivklage gegen Israel am Dienstag auch auf der franz\u00f6sischsprachigen Nachrichtenseite der UNO kurz erw\u00e4hnt. Darin hei\u00dft es, diese Klage sei bereits am 8. November eingereicht worden, und zwar von nur circa 100 Juristen:<\/p>\n<p>&#8220;Eine dritte Klage wegen &#8220;V\u00f6lkermords&#8221; in Gaza wurde am 8. November von einem Kollektiv eingereicht, das aus rund 100 Juristen aus mehreren L\u00e4ndern besteht, darunter Mitglieder der Anwaltskammer in Algerien, einfache Privatpersonen und Vertreter von Vereinigungen, die von dem franz\u00f6sischen Anwalt Gilles Devers vertreten wurden.&#8221;<\/p>\n<p><strong>Mehr zum Thema<\/strong> &#8211; <a rel=\"nofollow noopener\" target=\"_blank\" href=\"https:\/\/freedert.online\/meinung\/187026-deutsche-waffenlieferungen-nach-israel-gekuendigter\/\">Deutsche Waffenlieferungen nach Israel, ein gek\u00fcndigter Kurator und ein verbotenes Zimmer<\/a><\/p>\n<\/p>\n<\/div>\n<p><br \/>\n<br \/><a href=\"https:\/\/de.rt.com\/der-nahe-osten\/187115-300-anwaelte-verklagen-zionistischen-staat\/\">Source link <\/a><\/p>\n","protected":false},"excerpt":{"rendered":"<p>Anw\u00e4lte aus aller Welt haben gegen den Staat Israel wegen V\u00f6lkermords und Kriegsverbrechen gegen das pal\u00e4stinensische Volk eine gemeinsame Klage beim IStGH eingereicht. Vertreter aus der Zivilgesellschaft haben sich ihnen angeschlossen. Ein internationaler Zusammenschluss von ungef\u00e4hr 300 Rechtsanw\u00e4lten und rund 100 Vertretern der Zivilgesellschaft reichte am 9. November beim Internationalen Strafgerichtshof in Den Haag (IStGH) [&hellip;]<\/p>\n","protected":false},"author":3,"featured_media":49806,"comment_status":"open","ping_status":"open","sticky":false,"template":"","format":"standard","meta":{"_yoast_indexnow_last_ping":["1700064888"],"wp_automatic_camp":["217"],"145bb0df16e4c657f8408816e5238e48":["300 Anw\u00e4lte verklagen den &quot;zionistischen Staat&quot; beim Internationalen Strafgerichtshof"],"original_link":["https:\/\/de.rt.com\/der-nahe-osten\/187115-300-anwaelte-verklagen-zionistischen-staat\/"],"_thumbnail_id":["49806"],"_wptgpro_p2tg_sent2tg":["a:1:{i:23737;s:19:\"2023-11-15 18:16:30\";}"],"jnews_social_counter_last_update":["1777269930"]},"categories":[19,23],"tags":[19192,1814,48,524,50667,21832,30684,7962],"yoast_head":"<!-- This site is optimized with the Yoast SEO Premium plugin v22.7 (Yoast SEO v22.7) - https:\/\/yoast.com\/wordpress\/plugins\/seo\/ -->\n<title>300 Anw\u00e4lte verklagen den &quot;zionistischen Staat&quot; beim Internationalen Strafgerichtshof - just-now.NEWS Deutschland<\/title>\n<meta name=\"robots\" content=\"index, follow, max-snippet:-1, max-image-preview:large, max-video-preview:-1\" \/>\n<link rel=\"canonical\" href=\"https:\/\/now-news.de\/de\/deutschland\/300-anwaelte-verklagen-den-zionistischen-staat-beim-internationalen-strafgerichtshof\/\" \/>\n<meta property=\"og:locale\" content=\"de_DE\" \/>\n<meta property=\"og:type\" content=\"article\" \/>\n<meta property=\"og:title\" content=\"300 Anw\u00e4lte verklagen den &quot;zionistischen Staat&quot; beim Internationalen Strafgerichtshof\" \/>\n<meta property=\"og:description\" content=\"Anw\u00e4lte aus aller Welt haben gegen den Staat Israel wegen V\u00f6lkermords und Kriegsverbrechen gegen das pal\u00e4stinensische Volk eine gemeinsame Klage beim IStGH eingereicht. Vertreter aus der Zivilgesellschaft haben sich ihnen angeschlossen. Ein internationaler Zusammenschluss von ungef\u00e4hr 300 Rechtsanw\u00e4lten und rund 100 Vertretern der Zivilgesellschaft reichte am 9. November beim Internationalen Strafgerichtshof in Den Haag (IStGH) [&hellip;]\" \/>\n<meta property=\"og:url\" content=\"https:\/\/now-news.de\/de\/deutschland\/300-anwaelte-verklagen-den-zionistischen-staat-beim-internationalen-strafgerichtshof\/\" \/>\n<meta property=\"og:site_name\" content=\"just-now.NEWS Deutschland\" \/>\n<meta property=\"article:publisher\" content=\"https:\/\/www.facebook.com\/wirmachenauf\" \/>\n<meta property=\"article:published_time\" content=\"2023-11-15T16:07:01+00:00\" \/>\n<meta property=\"og:image\" content=\"https:\/\/now-news.de\/de\/wp-content\/uploads\/sites\/3\/2023\/11\/300-Anwaelte-verklagen-den-quotzionistischen-Staatquot-beim-Internationalen-Strafgerichtshof.jpg\" \/>\n\t<meta property=\"og:image:width\" content=\"460\" \/>\n\t<meta property=\"og:image:height\" content=\"259\" \/>\n\t<meta property=\"og:image:type\" content=\"image\/jpeg\" \/>\n<meta name=\"author\" content=\"rtnews\" \/>\n<meta name=\"twitter:card\" content=\"summary_large_image\" \/>\n<meta name=\"twitter:creator\" content=\"@WirMachenAuf_de\" \/>\n<meta name=\"twitter:site\" content=\"@WirMachenAuf_de\" \/>\n<meta name=\"twitter:label1\" content=\"Verfasst von\" \/>\n\t<meta name=\"twitter:data1\" content=\"rtnews\" \/>\n\t<meta name=\"twitter:label2\" content=\"Gesch\u00e4tzte Lesezeit\" \/>\n\t<meta name=\"twitter:data2\" content=\"2\u00a0Minuten\" \/>\n<script type=\"application\/ld+json\" class=\"yoast-schema-graph\">{\"@context\":\"https:\/\/schema.org\",\"@graph\":[{\"@type\":\"Article\",\"@id\":\"https:\/\/now-news.de\/de\/deutschland\/300-anwaelte-verklagen-den-zionistischen-staat-beim-internationalen-strafgerichtshof\/#article\",\"isPartOf\":{\"@id\":\"https:\/\/now-news.de\/de\/deutschland\/300-anwaelte-verklagen-den-zionistischen-staat-beim-internationalen-strafgerichtshof\/\"},\"author\":{\"name\":\"rtnews\",\"@id\":\"https:\/\/now-news.de\/de\/#\/schema\/person\/fb534a4e865501d8b3285208df34a9b5\"},\"headline\":\"300 Anw\u00e4lte verklagen den &quot;zionistischen Staat&quot; beim Internationalen Strafgerichtshof\",\"datePublished\":\"2023-11-15T16:07:01+00:00\",\"dateModified\":\"2023-11-15T16:07:01+00:00\",\"mainEntityOfPage\":{\"@id\":\"https:\/\/now-news.de\/de\/deutschland\/300-anwaelte-verklagen-den-zionistischen-staat-beim-internationalen-strafgerichtshof\/\"},\"wordCount\":465,\"commentCount\":0,\"publisher\":{\"@id\":\"https:\/\/now-news.de\/de\/#organization\"},\"image\":{\"@id\":\"https:\/\/now-news.de\/de\/deutschland\/300-anwaelte-verklagen-den-zionistischen-staat-beim-internationalen-strafgerichtshof\/#primaryimage\"},\"thumbnailUrl\":\"https:\/\/now-news.de\/de\/wp-content\/uploads\/sites\/3\/2023\/11\/300-Anwaelte-verklagen-den-quotzionistischen-Staatquot-beim-Internationalen-Strafgerichtshof.jpg\",\"keywords\":[\"Anw\u00e4lte\",\"beim\",\"den\",\"internationalen\",\"quotzionistischen\",\"Staatquot\",\"Strafgerichtshof\",\"verklagen\"],\"articleSection\":[\"Deutschland\",\"Russland\"],\"inLanguage\":\"de\",\"potentialAction\":[{\"@type\":\"CommentAction\",\"name\":\"Comment\",\"target\":[\"https:\/\/now-news.de\/de\/deutschland\/300-anwaelte-verklagen-den-zionistischen-staat-beim-internationalen-strafgerichtshof\/#respond\"]}]},{\"@type\":\"WebPage\",\"@id\":\"https:\/\/now-news.de\/de\/deutschland\/300-anwaelte-verklagen-den-zionistischen-staat-beim-internationalen-strafgerichtshof\/\",\"url\":\"https:\/\/now-news.de\/de\/deutschland\/300-anwaelte-verklagen-den-zionistischen-staat-beim-internationalen-strafgerichtshof\/\",\"name\":\"300 Anw\u00e4lte verklagen den &quot;zionistischen Staat&quot; beim Internationalen Strafgerichtshof - just-now.NEWS Deutschland\",\"isPartOf\":{\"@id\":\"https:\/\/now-news.de\/de\/#website\"},\"primaryImageOfPage\":{\"@id\":\"https:\/\/now-news.de\/de\/deutschland\/300-anwaelte-verklagen-den-zionistischen-staat-beim-internationalen-strafgerichtshof\/#primaryimage\"},\"image\":{\"@id\":\"https:\/\/now-news.de\/de\/deutschland\/300-anwaelte-verklagen-den-zionistischen-staat-beim-internationalen-strafgerichtshof\/#primaryimage\"},\"thumbnailUrl\":\"https:\/\/now-news.de\/de\/wp-content\/uploads\/sites\/3\/2023\/11\/300-Anwaelte-verklagen-den-quotzionistischen-Staatquot-beim-Internationalen-Strafgerichtshof.jpg\",\"datePublished\":\"2023-11-15T16:07:01+00:00\",\"dateModified\":\"2023-11-15T16:07:01+00:00\",\"breadcrumb\":{\"@id\":\"https:\/\/now-news.de\/de\/deutschland\/300-anwaelte-verklagen-den-zionistischen-staat-beim-internationalen-strafgerichtshof\/#breadcrumb\"},\"inLanguage\":\"de\",\"potentialAction\":[{\"@type\":\"ReadAction\",\"target\":[\"https:\/\/now-news.de\/de\/deutschland\/300-anwaelte-verklagen-den-zionistischen-staat-beim-internationalen-strafgerichtshof\/\"]}]},{\"@type\":\"ImageObject\",\"inLanguage\":\"de\",\"@id\":\"https:\/\/now-news.de\/de\/deutschland\/300-anwaelte-verklagen-den-zionistischen-staat-beim-internationalen-strafgerichtshof\/#primaryimage\",\"url\":\"https:\/\/now-news.de\/de\/wp-content\/uploads\/sites\/3\/2023\/11\/300-Anwaelte-verklagen-den-quotzionistischen-Staatquot-beim-Internationalen-Strafgerichtshof.jpg\",\"contentUrl\":\"https:\/\/now-news.de\/de\/wp-content\/uploads\/sites\/3\/2023\/11\/300-Anwaelte-verklagen-den-quotzionistischen-Staatquot-beim-Internationalen-Strafgerichtshof.jpg\",\"width\":460,\"height\":259,\"caption\":\"300 Anw\u00e4lte verklagen den &quot;zionistischen Staat&quot; beim Internationalen Strafgerichtshof\"},{\"@type\":\"BreadcrumbList\",\"@id\":\"https:\/\/now-news.de\/de\/deutschland\/300-anwaelte-verklagen-den-zionistischen-staat-beim-internationalen-strafgerichtshof\/#breadcrumb\",\"itemListElement\":[{\"@type\":\"ListItem\",\"position\":1,\"name\":\"Home\",\"item\":\"https:\/\/now-news.de\/de\/\"},{\"@type\":\"ListItem\",\"position\":2,\"name\":\"300 Anw\u00e4lte verklagen den &quot;zionistischen Staat&quot; beim Internationalen Strafgerichtshof\"}]},{\"@type\":\"WebSite\",\"@id\":\"https:\/\/now-news.de\/de\/#website\",\"url\":\"https:\/\/now-news.de\/de\/\",\"name\":\"just-now.NEWS Deutschland\",\"description\":\"Das Portal f\u00fcr unzensierte Nachrichten aus der Welt\",\"publisher\":{\"@id\":\"https:\/\/now-news.de\/de\/#organization\"},\"potentialAction\":[{\"@type\":\"SearchAction\",\"target\":{\"@type\":\"EntryPoint\",\"urlTemplate\":\"https:\/\/now-news.de\/de\/?s={search_term_string}\"},\"query-input\":\"required name=search_term_string\"}],\"inLanguage\":\"de\"},{\"@type\":\"Organization\",\"@id\":\"https:\/\/now-news.de\/de\/#organization\",\"name\":\"Just Now News\",\"url\":\"https:\/\/now-news.de\/de\/\",\"logo\":{\"@type\":\"ImageObject\",\"inLanguage\":\"de\",\"@id\":\"https:\/\/now-news.de\/de\/#\/schema\/logo\/image\/\",\"url\":\"http:\/\/just-now.news\/de\/wp-content\/uploads\/sites\/3\/2022\/04\/logo500x500.jpg\",\"contentUrl\":\"http:\/\/just-now.news\/de\/wp-content\/uploads\/sites\/3\/2022\/04\/logo500x500.jpg\",\"width\":500,\"height\":500,\"caption\":\"Just Now News\"},\"image\":{\"@id\":\"https:\/\/now-news.de\/de\/#\/schema\/logo\/image\/\"},\"sameAs\":[\"https:\/\/www.facebook.com\/wirmachenauf\",\"https:\/\/x.com\/WirMachenAuf_de\"]},{\"@type\":\"Person\",\"@id\":\"https:\/\/now-news.de\/de\/#\/schema\/person\/fb534a4e865501d8b3285208df34a9b5\",\"name\":\"rtnews\",\"image\":{\"@type\":\"ImageObject\",\"inLanguage\":\"de\",\"@id\":\"https:\/\/now-news.de\/de\/#\/schema\/person\/image\/\",\"url\":\"https:\/\/secure.gravatar.com\/avatar\/82aafea7d8127119dd649515f56e2117?s=96&d=mm&r=g\",\"contentUrl\":\"https:\/\/secure.gravatar.com\/avatar\/82aafea7d8127119dd649515f56e2117?s=96&d=mm&r=g\",\"caption\":\"rtnews\"},\"url\":\"https:\/\/now-news.de\/de\/author\/rnews\/\"}]}<\/script>\n<!-- \/ Yoast SEO Premium plugin. -->","yoast_head_json":{"title":"300 Anw\u00e4lte verklagen den &quot;zionistischen Staat&quot; beim Internationalen Strafgerichtshof - just-now.NEWS Deutschland","robots":{"index":"index","follow":"follow","max-snippet":"max-snippet:-1","max-image-preview":"max-image-preview:large","max-video-preview":"max-video-preview:-1"},"canonical":"https:\/\/now-news.de\/de\/deutschland\/300-anwaelte-verklagen-den-zionistischen-staat-beim-internationalen-strafgerichtshof\/","og_locale":"de_DE","og_type":"article","og_title":"300 Anw\u00e4lte verklagen den &quot;zionistischen Staat&quot; beim Internationalen Strafgerichtshof","og_description":"Anw\u00e4lte aus aller Welt haben gegen den Staat Israel wegen V\u00f6lkermords und Kriegsverbrechen gegen das pal\u00e4stinensische Volk eine gemeinsame Klage beim IStGH eingereicht. Vertreter aus der Zivilgesellschaft haben sich ihnen angeschlossen. Ein internationaler Zusammenschluss von ungef\u00e4hr 300 Rechtsanw\u00e4lten und rund 100 Vertretern der Zivilgesellschaft reichte am 9. November beim Internationalen Strafgerichtshof in Den Haag (IStGH) [&hellip;]","og_url":"https:\/\/now-news.de\/de\/deutschland\/300-anwaelte-verklagen-den-zionistischen-staat-beim-internationalen-strafgerichtshof\/","og_site_name":"just-now.NEWS Deutschland","article_publisher":"https:\/\/www.facebook.com\/wirmachenauf","article_published_time":"2023-11-15T16:07:01+00:00","og_image":[{"width":460,"height":259,"url":"https:\/\/now-news.de\/de\/wp-content\/uploads\/sites\/3\/2023\/11\/300-Anwaelte-verklagen-den-quotzionistischen-Staatquot-beim-Internationalen-Strafgerichtshof.jpg","type":"image\/jpeg"}],"author":"rtnews","twitter_card":"summary_large_image","twitter_creator":"@WirMachenAuf_de","twitter_site":"@WirMachenAuf_de","twitter_misc":{"Verfasst von":"rtnews","Gesch\u00e4tzte Lesezeit":"2\u00a0Minuten"},"schema":{"@context":"https:\/\/schema.org","@graph":[{"@type":"Article","@id":"https:\/\/now-news.de\/de\/deutschland\/300-anwaelte-verklagen-den-zionistischen-staat-beim-internationalen-strafgerichtshof\/#article","isPartOf":{"@id":"https:\/\/now-news.de\/de\/deutschland\/300-anwaelte-verklagen-den-zionistischen-staat-beim-internationalen-strafgerichtshof\/"},"author":{"name":"rtnews","@id":"https:\/\/now-news.de\/de\/#\/schema\/person\/fb534a4e865501d8b3285208df34a9b5"},"headline":"300 Anw\u00e4lte verklagen den &quot;zionistischen Staat&quot; beim Internationalen Strafgerichtshof","datePublished":"2023-11-15T16:07:01+00:00","dateModified":"2023-11-15T16:07:01+00:00","mainEntityOfPage":{"@id":"https:\/\/now-news.de\/de\/deutschland\/300-anwaelte-verklagen-den-zionistischen-staat-beim-internationalen-strafgerichtshof\/"},"wordCount":465,"commentCount":0,"publisher":{"@id":"https:\/\/now-news.de\/de\/#organization"},"image":{"@id":"https:\/\/now-news.de\/de\/deutschland\/300-anwaelte-verklagen-den-zionistischen-staat-beim-internationalen-strafgerichtshof\/#primaryimage"},"thumbnailUrl":"https:\/\/now-news.de\/de\/wp-content\/uploads\/sites\/3\/2023\/11\/300-Anwaelte-verklagen-den-quotzionistischen-Staatquot-beim-Internationalen-Strafgerichtshof.jpg","keywords":["Anw\u00e4lte","beim","den","internationalen","quotzionistischen","Staatquot","Strafgerichtshof","verklagen"],"articleSection":["Deutschland","Russland"],"inLanguage":"de","potentialAction":[{"@type":"CommentAction","name":"Comment","target":["https:\/\/now-news.de\/de\/deutschland\/300-anwaelte-verklagen-den-zionistischen-staat-beim-internationalen-strafgerichtshof\/#respond"]}]},{"@type":"WebPage","@id":"https:\/\/now-news.de\/de\/deutschland\/300-anwaelte-verklagen-den-zionistischen-staat-beim-internationalen-strafgerichtshof\/","url":"https:\/\/now-news.de\/de\/deutschland\/300-anwaelte-verklagen-den-zionistischen-staat-beim-internationalen-strafgerichtshof\/","name":"300 Anw\u00e4lte verklagen den &quot;zionistischen Staat&quot; beim Internationalen Strafgerichtshof - just-now.NEWS Deutschland","isPartOf":{"@id":"https:\/\/now-news.de\/de\/#website"},"primaryImageOfPage":{"@id":"https:\/\/now-news.de\/de\/deutschland\/300-anwaelte-verklagen-den-zionistischen-staat-beim-internationalen-strafgerichtshof\/#primaryimage"},"image":{"@id":"https:\/\/now-news.de\/de\/deutschland\/300-anwaelte-verklagen-den-zionistischen-staat-beim-internationalen-strafgerichtshof\/#primaryimage"},"thumbnailUrl":"https:\/\/now-news.de\/de\/wp-content\/uploads\/sites\/3\/2023\/11\/300-Anwaelte-verklagen-den-quotzionistischen-Staatquot-beim-Internationalen-Strafgerichtshof.jpg","datePublished":"2023-11-15T16:07:01+00:00","dateModified":"2023-11-15T16:07:01+00:00","breadcrumb":{"@id":"https:\/\/now-news.de\/de\/deutschland\/300-anwaelte-verklagen-den-zionistischen-staat-beim-internationalen-strafgerichtshof\/#breadcrumb"},"inLanguage":"de","potentialAction":[{"@type":"ReadAction","target":["https:\/\/now-news.de\/de\/deutschland\/300-anwaelte-verklagen-den-zionistischen-staat-beim-internationalen-strafgerichtshof\/"]}]},{"@type":"ImageObject","inLanguage":"de","@id":"https:\/\/now-news.de\/de\/deutschland\/300-anwaelte-verklagen-den-zionistischen-staat-beim-internationalen-strafgerichtshof\/#primaryimage","url":"https:\/\/now-news.de\/de\/wp-content\/uploads\/sites\/3\/2023\/11\/300-Anwaelte-verklagen-den-quotzionistischen-Staatquot-beim-Internationalen-Strafgerichtshof.jpg","contentUrl":"https:\/\/now-news.de\/de\/wp-content\/uploads\/sites\/3\/2023\/11\/300-Anwaelte-verklagen-den-quotzionistischen-Staatquot-beim-Internationalen-Strafgerichtshof.jpg","width":460,"height":259,"caption":"300 Anw\u00e4lte verklagen den &quot;zionistischen Staat&quot; beim Internationalen Strafgerichtshof"},{"@type":"BreadcrumbList","@id":"https:\/\/now-news.de\/de\/deutschland\/300-anwaelte-verklagen-den-zionistischen-staat-beim-internationalen-strafgerichtshof\/#breadcrumb","itemListElement":[{"@type":"ListItem","position":1,"name":"Home","item":"https:\/\/now-news.de\/de\/"},{"@type":"ListItem","position":2,"name":"300 Anw\u00e4lte verklagen den &quot;zionistischen Staat&quot; beim Internationalen Strafgerichtshof"}]},{"@type":"WebSite","@id":"https:\/\/now-news.de\/de\/#website","url":"https:\/\/now-news.de\/de\/","name":"just-now.NEWS Deutschland","description":"Das Portal f\u00fcr unzensierte Nachrichten aus der Welt","publisher":{"@id":"https:\/\/now-news.de\/de\/#organization"},"potentialAction":[{"@type":"SearchAction","target":{"@type":"EntryPoint","urlTemplate":"https:\/\/now-news.de\/de\/?s={search_term_string}"},"query-input":"required name=search_term_string"}],"inLanguage":"de"},{"@type":"Organization","@id":"https:\/\/now-news.de\/de\/#organization","name":"Just Now News","url":"https:\/\/now-news.de\/de\/","logo":{"@type":"ImageObject","inLanguage":"de","@id":"https:\/\/now-news.de\/de\/#\/schema\/logo\/image\/","url":"http:\/\/just-now.news\/de\/wp-content\/uploads\/sites\/3\/2022\/04\/logo500x500.jpg","contentUrl":"http:\/\/just-now.news\/de\/wp-content\/uploads\/sites\/3\/2022\/04\/logo500x500.jpg","width":500,"height":500,"caption":"Just Now News"},"image":{"@id":"https:\/\/now-news.de\/de\/#\/schema\/logo\/image\/"},"sameAs":["https:\/\/www.facebook.com\/wirmachenauf","https:\/\/x.com\/WirMachenAuf_de"]},{"@type":"Person","@id":"https:\/\/now-news.de\/de\/#\/schema\/person\/fb534a4e865501d8b3285208df34a9b5","name":"rtnews","image":{"@type":"ImageObject","inLanguage":"de","@id":"https:\/\/now-news.de\/de\/#\/schema\/person\/image\/","url":"https:\/\/secure.gravatar.com\/avatar\/82aafea7d8127119dd649515f56e2117?s=96&d=mm&r=g","contentUrl":"https:\/\/secure.gravatar.com\/avatar\/82aafea7d8127119dd649515f56e2117?s=96&d=mm&r=g","caption":"rtnews"},"url":"https:\/\/now-news.de\/de\/author\/rnews\/"}]}},"_links":{"self":[{"href":"https:\/\/now-news.de\/de\/wp-json\/wp\/v2\/posts\/49805"}],"collection":[{"href":"https:\/\/now-news.de\/de\/wp-json\/wp\/v2\/posts"}],"about":[{"href":"https:\/\/now-news.de\/de\/wp-json\/wp\/v2\/types\/post"}],"author":[{"embeddable":true,"href":"https:\/\/now-news.de\/de\/wp-json\/wp\/v2\/users\/3"}],"replies":[{"embeddable":true,"href":"https:\/\/now-news.de\/de\/wp-json\/wp\/v2\/comments?post=49805"}],"version-history":[{"count":0,"href":"https:\/\/now-news.de\/de\/wp-json\/wp\/v2\/posts\/49805\/revisions"}],"wp:featuredmedia":[{"embeddable":true,"href":"https:\/\/now-news.de\/de\/wp-json\/wp\/v2\/media\/49806"}],"wp:attachment":[{"href":"https:\/\/now-news.de\/de\/wp-json\/wp\/v2\/media?parent=49805"}],"wp:term":[{"taxonomy":"category","embeddable":true,"href":"https:\/\/now-news.de\/de\/wp-json\/wp\/v2\/categories?post=49805"},{"taxonomy":"post_tag","embeddable":true,"href":"https:\/\/now-news.de\/de\/wp-json\/wp\/v2\/tags?post=49805"}],"curies":[{"name":"wp","href":"https:\/\/api.w.org\/{rel}","templated":true}]}}