{"id":49781,"date":"2023-11-15T11:59:37","date_gmt":"2023-11-15T09:59:37","guid":{"rendered":"https:\/\/just-now.news\/de\/deutschland\/bmw-motorenproduktion-jetzt-komplett-aus-deutschland-abgezogen\/"},"modified":"2023-11-15T11:59:37","modified_gmt":"2023-11-15T09:59:37","slug":"bmw-motorenproduktion-jetzt-komplett-aus-deutschland-abgezogen","status":"publish","type":"post","link":"https:\/\/now-news.de\/de\/deutschland\/bmw-motorenproduktion-jetzt-komplett-aus-deutschland-abgezogen\/","title":{"rendered":"BMW: Motorenproduktion jetzt komplett aus Deutschland abgezogen"},"content":{"rendered":"<p><img decoding=\"async\" src=\"http:\/\/just-now.news\/de\/wp-content\/uploads\/sites\/3\/2023\/11\/6553af7f48fbef74513f10a5.jpg\" \/><\/p>\n<div class=\"Text-root Text-type_1 \">\n                In M\u00fcnchen werden bei BMW zuk\u00fcnftig keine Verbrennungsmotoren mehr produziert; der Schwerpunkt soll auf Elektrofahrzeugen liegen. Aber dieser Schritt besagt etwas anderes, als man auf den ersten Blick meinen k\u00f6nnte. BMW tut nur so, als glaubte es an E-Autos.\n            <\/div>\n<p><\/p>\n<div class=\"Text-root Text-type_5 ArticleView-text ViewText-root \">\n<p>In Deutschland wurde das vermeldet, als ginge es um einen Fortschritt. Das Internet-Portal <em>Golem<\/em>\u00a0<a rel=\"nofollow noopener\" target=\"_blank\" href=\"https:\/\/www.golem.de\/news\/ende-einer-aera-bmw-beendet-bau-von-verbrennermotoren-in-deutschland-2311-179385.html\">schrieb<\/a>:<\/p>\n<blockquote>\n<p><em>&#8220;Es ist das Ende einer \u00c4ra f\u00fcr den M\u00fcnchner Autobauer, aber auch der Start in eine neue Zukunft, die vollelektrisch sein soll.&#8221;<\/em><\/p>\n<\/blockquote>\n<p>Richtig ist diese Aussage insofern, als im M\u00fcnchner BMW-Werk keine Verbrennermotoren mehr gefertigt werden. Dahinter verbirgt sich allerdings eine schn\u00f6de Produktionsverlagerung. Die Herstellung von Benzin- und Dieselmotoren, in der bisher im M\u00fcnchner Stammwerk 1.200 Personen besch\u00e4ftigt waren, wird in die beiden Werke in Steyr (\u00d6sterreich) und Hams Hall (Gro\u00dfbritannien) verlagert.<\/p>\n<p>Der Schritt k\u00f6nnte mit den in Deutschland schon vor den EU-Sanktionen besonders hohen Energiepreisen und der zugeh\u00f6rigen unberechenbaren Politik zu tun haben. Verbrennungsmotoren sind, im Gegensatz zu Elektromotoren, aus Metall gegossen, und Metallguss geh\u00f6rt zu den Branchen, die besonders stark von den Steigerungen der Energiekosten betroffen ist, wie zuletzt auch die Schlie\u00dfung des Automobilzulieferers Hasenclever &amp; Sohn belegte.<\/p>\n<p>Die Produktion in Steyr <a rel=\"nofollow noopener\" target=\"_blank\" href=\"https:\/\/www.tips.at\/nachrichten\/steyr\/wirtschaft-politik\/619359-bmw-group-werk-steyr-erweitert-produktpalette-start-der-manufaktur-fuer-leistungsstarke-v8-motoren\">wurde<\/a> jedenfalls bereits im September feierlich er\u00f6ffnet. Steyr soll vor allem die Motoren f\u00fcr die 8er-Serie liefern. Das Motorenwerk in Hams Hall in Warwickshire wird von BMW seit 2001 betrieben und fungiert \u2013 trotz Brexit \u2013 als interner Zulieferer f\u00fcr alle anderen ben\u00f6tigten Verbrennungsmotoren.<\/p>\n<p>Der Beschluss f\u00fcr diese Verlagerungen <a rel=\"nofollow noopener\" target=\"_blank\" href=\"https:\/\/cardealermagazine.co.uk\/publish\/bmws-hams-hall-plant\/209000\">stand<\/a> schon 2020. Die Vorgaben der EU, f\u00fcr die gesamte Fahrzeugflotte einen bestimmten CO2-Aussto\u00df nicht zu \u00fcberschreiten, d\u00fcrfte aber die Entscheidung f\u00fcr Hams Hall bekr\u00e4ftigt haben und wom\u00f6glich sogar zum Abzug kompletter Fertigungen f\u00fchren. Gro\u00dfbritannien ist schlie\u00dflich nicht Teil der EU.<\/p>\n<p><strong>Mehr zum Thema<\/strong> &#8211; <a rel=\"nofollow noopener\" target=\"_blank\" href=\"https:\/\/freedert.online\/wirtschaft\/181804-konkurrenz-fuer-vw-und-co-chinesche-e-autohersteller-bauen-deutschland-praesenz-auf\/\">Konkurrenz f\u00fcr VW und Co.: Chinesische E-Autohersteller bauen in Deutschland Pr\u00e4senz auf <\/a><\/p>\n<\/p>\n<\/div>\n<p><br \/>\n<br \/><a href=\"https:\/\/de.rt.com\/wirtschaft\/187039-bmw-motorenproduktion-jetzt-komplett-aus\/\">Source link <\/a><\/p>\n","protected":false},"excerpt":{"rendered":"<p>In M\u00fcnchen werden bei BMW zuk\u00fcnftig keine Verbrennungsmotoren mehr produziert; der Schwerpunkt soll auf Elektrofahrzeugen liegen. Aber dieser Schritt besagt etwas anderes, als man auf den ersten Blick meinen k\u00f6nnte. BMW tut nur so, als glaubte es an E-Autos. In Deutschland wurde das vermeldet, als ginge es um einen Fortschritt. Das Internet-Portal Golem\u00a0schrieb: &#8220;Es ist [&hellip;]<\/p>\n","protected":false},"author":3,"featured_media":49782,"comment_status":"open","ping_status":"open","sticky":false,"template":"","format":"standard","meta":{"_yoast_indexnow_last_ping":["1700048253"],"wp_automatic_camp":["217"],"03ea47c1d0edc0e1f59d0ba051ca1faa":["BMW: Motorenproduktion jetzt komplett aus Deutschland abgezogen"],"original_link":["https:\/\/de.rt.com\/wirtschaft\/187039-bmw-motorenproduktion-jetzt-komplett-aus\/"],"_thumbnail_id":["49782"],"_wptgpro_p2tg_sent2tg":["a:1:{i:23737;s:19:\"2023-11-15 13:38:42\";}"],"jnews_social_counter_last_update":["1777190037"]},"categories":[19,23],"tags":[30950,679,22013,179,2731,5811,50656],"yoast_head":"<!-- This site is optimized with the Yoast SEO Premium plugin v22.7 (Yoast SEO v22.7) - https:\/\/yoast.com\/wordpress\/plugins\/seo\/ -->\n<title>BMW: Motorenproduktion jetzt komplett aus Deutschland abgezogen - just-now.NEWS Deutschland<\/title>\n<meta name=\"robots\" content=\"index, follow, max-snippet:-1, max-image-preview:large, max-video-preview:-1\" \/>\n<link rel=\"canonical\" href=\"https:\/\/now-news.de\/de\/deutschland\/bmw-motorenproduktion-jetzt-komplett-aus-deutschland-abgezogen\/\" \/>\n<meta property=\"og:locale\" content=\"de_DE\" \/>\n<meta property=\"og:type\" content=\"article\" \/>\n<meta property=\"og:title\" content=\"BMW: Motorenproduktion jetzt komplett aus Deutschland abgezogen\" \/>\n<meta property=\"og:description\" content=\"In M\u00fcnchen werden bei BMW zuk\u00fcnftig keine Verbrennungsmotoren mehr produziert; der Schwerpunkt soll auf Elektrofahrzeugen liegen. Aber dieser Schritt besagt etwas anderes, als man auf den ersten Blick meinen k\u00f6nnte. BMW tut nur so, als glaubte es an E-Autos. In Deutschland wurde das vermeldet, als ginge es um einen Fortschritt. Das Internet-Portal Golem\u00a0schrieb: &#8220;Es ist [&hellip;]\" \/>\n<meta property=\"og:url\" content=\"https:\/\/now-news.de\/de\/deutschland\/bmw-motorenproduktion-jetzt-komplett-aus-deutschland-abgezogen\/\" \/>\n<meta property=\"og:site_name\" content=\"just-now.NEWS Deutschland\" \/>\n<meta property=\"article:publisher\" content=\"https:\/\/www.facebook.com\/wirmachenauf\" \/>\n<meta property=\"article:published_time\" content=\"2023-11-15T09:59:37+00:00\" \/>\n<meta property=\"og:image\" content=\"https:\/\/now-news.de\/de\/wp-content\/uploads\/sites\/3\/2023\/11\/BMW-Motorenproduktion-jetzt-komplett-aus-Deutschland-abgezogen.jpg\" \/>\n\t<meta property=\"og:image:width\" content=\"460\" \/>\n\t<meta property=\"og:image:height\" content=\"259\" \/>\n\t<meta property=\"og:image:type\" content=\"image\/jpeg\" \/>\n<meta name=\"author\" content=\"rtnews\" \/>\n<meta name=\"twitter:card\" content=\"summary_large_image\" \/>\n<meta name=\"twitter:creator\" content=\"@WirMachenAuf_de\" \/>\n<meta name=\"twitter:site\" content=\"@WirMachenAuf_de\" \/>\n<meta name=\"twitter:label1\" content=\"Verfasst von\" \/>\n\t<meta name=\"twitter:data1\" content=\"rtnews\" \/>\n\t<meta name=\"twitter:label2\" content=\"Gesch\u00e4tzte Lesezeit\" \/>\n\t<meta name=\"twitter:data2\" content=\"2\u00a0Minuten\" \/>\n<script type=\"application\/ld+json\" class=\"yoast-schema-graph\">{\"@context\":\"https:\/\/schema.org\",\"@graph\":[{\"@type\":\"Article\",\"@id\":\"https:\/\/now-news.de\/de\/deutschland\/bmw-motorenproduktion-jetzt-komplett-aus-deutschland-abgezogen\/#article\",\"isPartOf\":{\"@id\":\"https:\/\/now-news.de\/de\/deutschland\/bmw-motorenproduktion-jetzt-komplett-aus-deutschland-abgezogen\/\"},\"author\":{\"name\":\"rtnews\",\"@id\":\"https:\/\/now-news.de\/de\/#\/schema\/person\/fb534a4e865501d8b3285208df34a9b5\"},\"headline\":\"BMW: Motorenproduktion jetzt komplett aus Deutschland abgezogen\",\"datePublished\":\"2023-11-15T09:59:37+00:00\",\"dateModified\":\"2023-11-15T09:59:37+00:00\",\"mainEntityOfPage\":{\"@id\":\"https:\/\/now-news.de\/de\/deutschland\/bmw-motorenproduktion-jetzt-komplett-aus-deutschland-abgezogen\/\"},\"wordCount\":329,\"commentCount\":0,\"publisher\":{\"@id\":\"https:\/\/now-news.de\/de\/#organization\"},\"image\":{\"@id\":\"https:\/\/now-news.de\/de\/deutschland\/bmw-motorenproduktion-jetzt-komplett-aus-deutschland-abgezogen\/#primaryimage\"},\"thumbnailUrl\":\"https:\/\/now-news.de\/de\/wp-content\/uploads\/sites\/3\/2023\/11\/BMW-Motorenproduktion-jetzt-komplett-aus-Deutschland-abgezogen.jpg\",\"keywords\":[\"abgezogen\",\"aus\",\"BMW\",\"Deutschland\",\"Jetzt\",\"komplett\",\"Motorenproduktion\"],\"articleSection\":[\"Deutschland\",\"Russland\"],\"inLanguage\":\"de\",\"potentialAction\":[{\"@type\":\"CommentAction\",\"name\":\"Comment\",\"target\":[\"https:\/\/now-news.de\/de\/deutschland\/bmw-motorenproduktion-jetzt-komplett-aus-deutschland-abgezogen\/#respond\"]}]},{\"@type\":\"WebPage\",\"@id\":\"https:\/\/now-news.de\/de\/deutschland\/bmw-motorenproduktion-jetzt-komplett-aus-deutschland-abgezogen\/\",\"url\":\"https:\/\/now-news.de\/de\/deutschland\/bmw-motorenproduktion-jetzt-komplett-aus-deutschland-abgezogen\/\",\"name\":\"BMW: Motorenproduktion jetzt komplett aus Deutschland abgezogen - just-now.NEWS Deutschland\",\"isPartOf\":{\"@id\":\"https:\/\/now-news.de\/de\/#website\"},\"primaryImageOfPage\":{\"@id\":\"https:\/\/now-news.de\/de\/deutschland\/bmw-motorenproduktion-jetzt-komplett-aus-deutschland-abgezogen\/#primaryimage\"},\"image\":{\"@id\":\"https:\/\/now-news.de\/de\/deutschland\/bmw-motorenproduktion-jetzt-komplett-aus-deutschland-abgezogen\/#primaryimage\"},\"thumbnailUrl\":\"https:\/\/now-news.de\/de\/wp-content\/uploads\/sites\/3\/2023\/11\/BMW-Motorenproduktion-jetzt-komplett-aus-Deutschland-abgezogen.jpg\",\"datePublished\":\"2023-11-15T09:59:37+00:00\",\"dateModified\":\"2023-11-15T09:59:37+00:00\",\"breadcrumb\":{\"@id\":\"https:\/\/now-news.de\/de\/deutschland\/bmw-motorenproduktion-jetzt-komplett-aus-deutschland-abgezogen\/#breadcrumb\"},\"inLanguage\":\"de\",\"potentialAction\":[{\"@type\":\"ReadAction\",\"target\":[\"https:\/\/now-news.de\/de\/deutschland\/bmw-motorenproduktion-jetzt-komplett-aus-deutschland-abgezogen\/\"]}]},{\"@type\":\"ImageObject\",\"inLanguage\":\"de\",\"@id\":\"https:\/\/now-news.de\/de\/deutschland\/bmw-motorenproduktion-jetzt-komplett-aus-deutschland-abgezogen\/#primaryimage\",\"url\":\"https:\/\/now-news.de\/de\/wp-content\/uploads\/sites\/3\/2023\/11\/BMW-Motorenproduktion-jetzt-komplett-aus-Deutschland-abgezogen.jpg\",\"contentUrl\":\"https:\/\/now-news.de\/de\/wp-content\/uploads\/sites\/3\/2023\/11\/BMW-Motorenproduktion-jetzt-komplett-aus-Deutschland-abgezogen.jpg\",\"width\":460,\"height\":259,\"caption\":\"BMW: Motorenproduktion jetzt komplett aus Deutschland abgezogen\"},{\"@type\":\"BreadcrumbList\",\"@id\":\"https:\/\/now-news.de\/de\/deutschland\/bmw-motorenproduktion-jetzt-komplett-aus-deutschland-abgezogen\/#breadcrumb\",\"itemListElement\":[{\"@type\":\"ListItem\",\"position\":1,\"name\":\"Home\",\"item\":\"https:\/\/now-news.de\/de\/\"},{\"@type\":\"ListItem\",\"position\":2,\"name\":\"BMW: Motorenproduktion jetzt komplett aus Deutschland abgezogen\"}]},{\"@type\":\"WebSite\",\"@id\":\"https:\/\/now-news.de\/de\/#website\",\"url\":\"https:\/\/now-news.de\/de\/\",\"name\":\"just-now.NEWS Deutschland\",\"description\":\"Das Portal f\u00fcr unzensierte Nachrichten aus der Welt\",\"publisher\":{\"@id\":\"https:\/\/now-news.de\/de\/#organization\"},\"potentialAction\":[{\"@type\":\"SearchAction\",\"target\":{\"@type\":\"EntryPoint\",\"urlTemplate\":\"https:\/\/now-news.de\/de\/?s={search_term_string}\"},\"query-input\":\"required name=search_term_string\"}],\"inLanguage\":\"de\"},{\"@type\":\"Organization\",\"@id\":\"https:\/\/now-news.de\/de\/#organization\",\"name\":\"Just Now News\",\"url\":\"https:\/\/now-news.de\/de\/\",\"logo\":{\"@type\":\"ImageObject\",\"inLanguage\":\"de\",\"@id\":\"https:\/\/now-news.de\/de\/#\/schema\/logo\/image\/\",\"url\":\"http:\/\/just-now.news\/de\/wp-content\/uploads\/sites\/3\/2022\/04\/logo500x500.jpg\",\"contentUrl\":\"http:\/\/just-now.news\/de\/wp-content\/uploads\/sites\/3\/2022\/04\/logo500x500.jpg\",\"width\":500,\"height\":500,\"caption\":\"Just Now News\"},\"image\":{\"@id\":\"https:\/\/now-news.de\/de\/#\/schema\/logo\/image\/\"},\"sameAs\":[\"https:\/\/www.facebook.com\/wirmachenauf\",\"https:\/\/x.com\/WirMachenAuf_de\"]},{\"@type\":\"Person\",\"@id\":\"https:\/\/now-news.de\/de\/#\/schema\/person\/fb534a4e865501d8b3285208df34a9b5\",\"name\":\"rtnews\",\"image\":{\"@type\":\"ImageObject\",\"inLanguage\":\"de\",\"@id\":\"https:\/\/now-news.de\/de\/#\/schema\/person\/image\/\",\"url\":\"https:\/\/secure.gravatar.com\/avatar\/82aafea7d8127119dd649515f56e2117?s=96&d=mm&r=g\",\"contentUrl\":\"https:\/\/secure.gravatar.com\/avatar\/82aafea7d8127119dd649515f56e2117?s=96&d=mm&r=g\",\"caption\":\"rtnews\"},\"url\":\"https:\/\/now-news.de\/de\/author\/rnews\/\"}]}<\/script>\n<!-- \/ Yoast SEO Premium plugin. -->","yoast_head_json":{"title":"BMW: Motorenproduktion jetzt komplett aus Deutschland abgezogen - just-now.NEWS Deutschland","robots":{"index":"index","follow":"follow","max-snippet":"max-snippet:-1","max-image-preview":"max-image-preview:large","max-video-preview":"max-video-preview:-1"},"canonical":"https:\/\/now-news.de\/de\/deutschland\/bmw-motorenproduktion-jetzt-komplett-aus-deutschland-abgezogen\/","og_locale":"de_DE","og_type":"article","og_title":"BMW: Motorenproduktion jetzt komplett aus Deutschland abgezogen","og_description":"In M\u00fcnchen werden bei BMW zuk\u00fcnftig keine Verbrennungsmotoren mehr produziert; der Schwerpunkt soll auf Elektrofahrzeugen liegen. Aber dieser Schritt besagt etwas anderes, als man auf den ersten Blick meinen k\u00f6nnte. BMW tut nur so, als glaubte es an E-Autos. In Deutschland wurde das vermeldet, als ginge es um einen Fortschritt. Das Internet-Portal Golem\u00a0schrieb: &#8220;Es ist [&hellip;]","og_url":"https:\/\/now-news.de\/de\/deutschland\/bmw-motorenproduktion-jetzt-komplett-aus-deutschland-abgezogen\/","og_site_name":"just-now.NEWS Deutschland","article_publisher":"https:\/\/www.facebook.com\/wirmachenauf","article_published_time":"2023-11-15T09:59:37+00:00","og_image":[{"width":460,"height":259,"url":"https:\/\/now-news.de\/de\/wp-content\/uploads\/sites\/3\/2023\/11\/BMW-Motorenproduktion-jetzt-komplett-aus-Deutschland-abgezogen.jpg","type":"image\/jpeg"}],"author":"rtnews","twitter_card":"summary_large_image","twitter_creator":"@WirMachenAuf_de","twitter_site":"@WirMachenAuf_de","twitter_misc":{"Verfasst von":"rtnews","Gesch\u00e4tzte Lesezeit":"2\u00a0Minuten"},"schema":{"@context":"https:\/\/schema.org","@graph":[{"@type":"Article","@id":"https:\/\/now-news.de\/de\/deutschland\/bmw-motorenproduktion-jetzt-komplett-aus-deutschland-abgezogen\/#article","isPartOf":{"@id":"https:\/\/now-news.de\/de\/deutschland\/bmw-motorenproduktion-jetzt-komplett-aus-deutschland-abgezogen\/"},"author":{"name":"rtnews","@id":"https:\/\/now-news.de\/de\/#\/schema\/person\/fb534a4e865501d8b3285208df34a9b5"},"headline":"BMW: Motorenproduktion jetzt komplett aus Deutschland abgezogen","datePublished":"2023-11-15T09:59:37+00:00","dateModified":"2023-11-15T09:59:37+00:00","mainEntityOfPage":{"@id":"https:\/\/now-news.de\/de\/deutschland\/bmw-motorenproduktion-jetzt-komplett-aus-deutschland-abgezogen\/"},"wordCount":329,"commentCount":0,"publisher":{"@id":"https:\/\/now-news.de\/de\/#organization"},"image":{"@id":"https:\/\/now-news.de\/de\/deutschland\/bmw-motorenproduktion-jetzt-komplett-aus-deutschland-abgezogen\/#primaryimage"},"thumbnailUrl":"https:\/\/now-news.de\/de\/wp-content\/uploads\/sites\/3\/2023\/11\/BMW-Motorenproduktion-jetzt-komplett-aus-Deutschland-abgezogen.jpg","keywords":["abgezogen","aus","BMW","Deutschland","Jetzt","komplett","Motorenproduktion"],"articleSection":["Deutschland","Russland"],"inLanguage":"de","potentialAction":[{"@type":"CommentAction","name":"Comment","target":["https:\/\/now-news.de\/de\/deutschland\/bmw-motorenproduktion-jetzt-komplett-aus-deutschland-abgezogen\/#respond"]}]},{"@type":"WebPage","@id":"https:\/\/now-news.de\/de\/deutschland\/bmw-motorenproduktion-jetzt-komplett-aus-deutschland-abgezogen\/","url":"https:\/\/now-news.de\/de\/deutschland\/bmw-motorenproduktion-jetzt-komplett-aus-deutschland-abgezogen\/","name":"BMW: Motorenproduktion jetzt komplett aus Deutschland abgezogen - just-now.NEWS Deutschland","isPartOf":{"@id":"https:\/\/now-news.de\/de\/#website"},"primaryImageOfPage":{"@id":"https:\/\/now-news.de\/de\/deutschland\/bmw-motorenproduktion-jetzt-komplett-aus-deutschland-abgezogen\/#primaryimage"},"image":{"@id":"https:\/\/now-news.de\/de\/deutschland\/bmw-motorenproduktion-jetzt-komplett-aus-deutschland-abgezogen\/#primaryimage"},"thumbnailUrl":"https:\/\/now-news.de\/de\/wp-content\/uploads\/sites\/3\/2023\/11\/BMW-Motorenproduktion-jetzt-komplett-aus-Deutschland-abgezogen.jpg","datePublished":"2023-11-15T09:59:37+00:00","dateModified":"2023-11-15T09:59:37+00:00","breadcrumb":{"@id":"https:\/\/now-news.de\/de\/deutschland\/bmw-motorenproduktion-jetzt-komplett-aus-deutschland-abgezogen\/#breadcrumb"},"inLanguage":"de","potentialAction":[{"@type":"ReadAction","target":["https:\/\/now-news.de\/de\/deutschland\/bmw-motorenproduktion-jetzt-komplett-aus-deutschland-abgezogen\/"]}]},{"@type":"ImageObject","inLanguage":"de","@id":"https:\/\/now-news.de\/de\/deutschland\/bmw-motorenproduktion-jetzt-komplett-aus-deutschland-abgezogen\/#primaryimage","url":"https:\/\/now-news.de\/de\/wp-content\/uploads\/sites\/3\/2023\/11\/BMW-Motorenproduktion-jetzt-komplett-aus-Deutschland-abgezogen.jpg","contentUrl":"https:\/\/now-news.de\/de\/wp-content\/uploads\/sites\/3\/2023\/11\/BMW-Motorenproduktion-jetzt-komplett-aus-Deutschland-abgezogen.jpg","width":460,"height":259,"caption":"BMW: Motorenproduktion jetzt komplett aus Deutschland abgezogen"},{"@type":"BreadcrumbList","@id":"https:\/\/now-news.de\/de\/deutschland\/bmw-motorenproduktion-jetzt-komplett-aus-deutschland-abgezogen\/#breadcrumb","itemListElement":[{"@type":"ListItem","position":1,"name":"Home","item":"https:\/\/now-news.de\/de\/"},{"@type":"ListItem","position":2,"name":"BMW: Motorenproduktion jetzt komplett aus Deutschland abgezogen"}]},{"@type":"WebSite","@id":"https:\/\/now-news.de\/de\/#website","url":"https:\/\/now-news.de\/de\/","name":"just-now.NEWS Deutschland","description":"Das Portal f\u00fcr unzensierte Nachrichten aus der Welt","publisher":{"@id":"https:\/\/now-news.de\/de\/#organization"},"potentialAction":[{"@type":"SearchAction","target":{"@type":"EntryPoint","urlTemplate":"https:\/\/now-news.de\/de\/?s={search_term_string}"},"query-input":"required name=search_term_string"}],"inLanguage":"de"},{"@type":"Organization","@id":"https:\/\/now-news.de\/de\/#organization","name":"Just Now News","url":"https:\/\/now-news.de\/de\/","logo":{"@type":"ImageObject","inLanguage":"de","@id":"https:\/\/now-news.de\/de\/#\/schema\/logo\/image\/","url":"http:\/\/just-now.news\/de\/wp-content\/uploads\/sites\/3\/2022\/04\/logo500x500.jpg","contentUrl":"http:\/\/just-now.news\/de\/wp-content\/uploads\/sites\/3\/2022\/04\/logo500x500.jpg","width":500,"height":500,"caption":"Just Now News"},"image":{"@id":"https:\/\/now-news.de\/de\/#\/schema\/logo\/image\/"},"sameAs":["https:\/\/www.facebook.com\/wirmachenauf","https:\/\/x.com\/WirMachenAuf_de"]},{"@type":"Person","@id":"https:\/\/now-news.de\/de\/#\/schema\/person\/fb534a4e865501d8b3285208df34a9b5","name":"rtnews","image":{"@type":"ImageObject","inLanguage":"de","@id":"https:\/\/now-news.de\/de\/#\/schema\/person\/image\/","url":"https:\/\/secure.gravatar.com\/avatar\/82aafea7d8127119dd649515f56e2117?s=96&d=mm&r=g","contentUrl":"https:\/\/secure.gravatar.com\/avatar\/82aafea7d8127119dd649515f56e2117?s=96&d=mm&r=g","caption":"rtnews"},"url":"https:\/\/now-news.de\/de\/author\/rnews\/"}]}},"_links":{"self":[{"href":"https:\/\/now-news.de\/de\/wp-json\/wp\/v2\/posts\/49781"}],"collection":[{"href":"https:\/\/now-news.de\/de\/wp-json\/wp\/v2\/posts"}],"about":[{"href":"https:\/\/now-news.de\/de\/wp-json\/wp\/v2\/types\/post"}],"author":[{"embeddable":true,"href":"https:\/\/now-news.de\/de\/wp-json\/wp\/v2\/users\/3"}],"replies":[{"embeddable":true,"href":"https:\/\/now-news.de\/de\/wp-json\/wp\/v2\/comments?post=49781"}],"version-history":[{"count":0,"href":"https:\/\/now-news.de\/de\/wp-json\/wp\/v2\/posts\/49781\/revisions"}],"wp:featuredmedia":[{"embeddable":true,"href":"https:\/\/now-news.de\/de\/wp-json\/wp\/v2\/media\/49782"}],"wp:attachment":[{"href":"https:\/\/now-news.de\/de\/wp-json\/wp\/v2\/media?parent=49781"}],"wp:term":[{"taxonomy":"category","embeddable":true,"href":"https:\/\/now-news.de\/de\/wp-json\/wp\/v2\/categories?post=49781"},{"taxonomy":"post_tag","embeddable":true,"href":"https:\/\/now-news.de\/de\/wp-json\/wp\/v2\/tags?post=49781"}],"curies":[{"name":"wp","href":"https:\/\/api.w.org\/{rel}","templated":true}]}}