{"id":49768,"date":"2023-11-15T10:48:20","date_gmt":"2023-11-15T08:48:20","guid":{"rendered":"https:\/\/just-now.news\/de\/deutschland\/im-alter-von-101-jahren-letzte-teilnehmerin-der-schlacht-von-stalingrad-gestorben\/"},"modified":"2023-11-15T10:48:20","modified_gmt":"2023-11-15T08:48:20","slug":"im-alter-von-101-jahren-letzte-teilnehmerin-der-schlacht-von-stalingrad-gestorben","status":"publish","type":"post","link":"https:\/\/now-news.de\/de\/deutschland\/im-alter-von-101-jahren-letzte-teilnehmerin-der-schlacht-von-stalingrad-gestorben\/","title":{"rendered":"Im Alter von 101 Jahren: Letzte Teilnehmerin der Schlacht von Stalingrad gestorben"},"content":{"rendered":"<p><img decoding=\"async\" src=\"http:\/\/just-now.news\/de\/wp-content\/uploads\/sites\/3\/2023\/11\/65538080b480cc60dd040ff9.jpg\" \/><\/p>\n<div class=\"Text-root Text-type_1 \">\n                Walentina Schulgina, eine Zeitzeugin, Teilnehmerin und die letzte \u00dcberlebende der Schlacht von Stalingrad, ist am Wochenende in Abchasien verstorben. Sie wurde 101 Jahre alt.\n            <\/div>\n<p><\/p>\n<div class=\"Text-root Text-type_5 ArticleView-text ViewText-root \">\n<p>Walentina Schulgina, die letzte \u00fcberlebende K\u00e4mpferin, die auch an der Schlacht von Stalingrad teilgenommen hatte, ist am Sonntag im Alter von 101 Jahren verstorben. Sie erlebte als Rotarmistin fast den gesamten Zweiten Weltkrieg und feierte den Sieg der UdSSR \u00fcber Nazi-Deutschland am 9. Mai 1945 in Berlin mit einer Inschrift an den Mauern des Reichstags.<\/p>\n<p>Nach ihrem Medizinstudium in Tomsk ging sie im Alter von 19 Jahren an die Front und kommandierte dort einen Sanit\u00e4tszug. Im August 1942 wurde ihr Sanit\u00e4tszug in die Schlacht von Stalingrad geschickt, die heute als die gr\u00f6\u00dfte Schlacht dieses Krieges gilt. &#8220;Die Deutschen griffen 14 bis 15 Mal am Tag an. An einem Tag habe ich 120 Verwundete aus der Schlacht geholt, und der Befehl lautete, auch ihre Waffen zu evakuieren&#8221;, erinnerte sich die Veteranin noch im Februar dieses Jahres.<\/p>\n<p>Nach der Befreiung Stalingrads wurde sie nach Kursk geschickt, dem Schauplatz der gr\u00f6\u00dften und blutigsten Panzerschlacht in der Geschichte. Sp\u00e4ter sah sie das kriegszerst\u00f6rte Wei\u00dfrussland, Polen, K\u00f6nigsberg (heute Kaliningrad) und schlie\u00dflich die deutsche Reichshauptstadt Berlin.<\/p>\n<p>Von dort wurde sie, inzwischen mehrfach ausgezeichnet, weiter nach Japan geschickt, wo der Zweite Weltkrieg noch nicht zu Ende war. Dort lernte sie auch ihren k\u00fcnftigen Ehemann kennen. Sp\u00e4ter zog das Paar nach Abchasien, wo sie als Buchhalterin arbeitete.<\/p>\n<p>Der heutige Umgang mit den Gedenkst\u00e4tten f\u00fcr die Soldaten der Roten Armee au\u00dferhalb Russlands hat die 1922 Geborene in den vergangenen Jahren zutiefst verletzt. &#8220;Schamlos! Als sie uns damals begr\u00fc\u00dften, h\u00e4ngten sie sich an unsere Panzer und umarmten uns. Und jetzt sieht es ganz anders aus: Sie beseitigen die Kriegsdenkm\u00e4ler. Schamlos! Sie haben kein Gewissen mehr&#8221;, kommentierte das Walentina Schulgina letztes Jahr.<\/p>\n<p><strong>Mehr zum Thema<\/strong> &#8211; <a rel=\"nofollow noopener\" target=\"_blank\" href=\"https:\/\/freedert.online\/europa\/186206-hitlers-traum-wird-wahr-empoerung\/\">&#8220;Hitlers Traum wird wahr&#8221; \u2013 Emp\u00f6rung in Polen \u00fcber deutschen Ex-Botschafter<\/a><\/p>\n<\/div>\n<p><br \/>\n<br \/><a href=\"https:\/\/de.rt.com\/europa\/187018-im-alter-von-101-jahren\/\">Source link <\/a><\/p>\n","protected":false},"excerpt":{"rendered":"<p>Walentina Schulgina, eine Zeitzeugin, Teilnehmerin und die letzte \u00dcberlebende der Schlacht von Stalingrad, ist am Wochenende in Abchasien verstorben. Sie wurde 101 Jahre alt. Walentina Schulgina, die letzte \u00fcberlebende K\u00e4mpferin, die auch an der Schlacht von Stalingrad teilgenommen hatte, ist am Sonntag im Alter von 101 Jahren verstorben. Sie erlebte als Rotarmistin fast den gesamten [&hellip;]<\/p>\n","protected":false},"author":3,"featured_media":49769,"comment_status":"open","ping_status":"open","sticky":false,"template":"","format":"standard","meta":{"_yoast_indexnow_last_ping":["1700038438"],"wp_automatic_camp":["217"],"e2c2316cd7e7fb33fd84b4462aeba5d7":["Im Alter von 101 Jahren: Letzte Teilnehmerin der Schlacht von Stalingrad gestorben"],"original_link":["https:\/\/de.rt.com\/europa\/187018-im-alter-von-101-jahren\/"],"_thumbnail_id":["49769"],"_wptgpro_p2tg_sent2tg":["a:1:{i:23737;s:19:\"2023-11-15 10:56:00\";}"],"jnews_social_counter_last_update":["1777177821"]},"categories":[19,23],"tags":[10154,82,13278,1728,2109,3472,39075,30451,50],"yoast_head":"<!-- This site is optimized with the Yoast SEO Premium plugin v22.7 (Yoast SEO v22.7) - https:\/\/yoast.com\/wordpress\/plugins\/seo\/ -->\n<title>Im Alter von 101 Jahren: Letzte Teilnehmerin der Schlacht von Stalingrad gestorben - just-now.NEWS Deutschland<\/title>\n<meta name=\"robots\" content=\"index, follow, max-snippet:-1, max-image-preview:large, max-video-preview:-1\" \/>\n<link rel=\"canonical\" href=\"https:\/\/now-news.de\/de\/deutschland\/im-alter-von-101-jahren-letzte-teilnehmerin-der-schlacht-von-stalingrad-gestorben\/\" \/>\n<meta property=\"og:locale\" content=\"de_DE\" \/>\n<meta property=\"og:type\" content=\"article\" \/>\n<meta property=\"og:title\" content=\"Im Alter von 101 Jahren: Letzte Teilnehmerin der Schlacht von Stalingrad gestorben\" \/>\n<meta property=\"og:description\" content=\"Walentina Schulgina, eine Zeitzeugin, Teilnehmerin und die letzte \u00dcberlebende der Schlacht von Stalingrad, ist am Wochenende in Abchasien verstorben. Sie wurde 101 Jahre alt. Walentina Schulgina, die letzte \u00fcberlebende K\u00e4mpferin, die auch an der Schlacht von Stalingrad teilgenommen hatte, ist am Sonntag im Alter von 101 Jahren verstorben. Sie erlebte als Rotarmistin fast den gesamten [&hellip;]\" \/>\n<meta property=\"og:url\" content=\"https:\/\/now-news.de\/de\/deutschland\/im-alter-von-101-jahren-letzte-teilnehmerin-der-schlacht-von-stalingrad-gestorben\/\" \/>\n<meta property=\"og:site_name\" content=\"just-now.NEWS Deutschland\" \/>\n<meta property=\"article:publisher\" content=\"https:\/\/www.facebook.com\/wirmachenauf\" \/>\n<meta property=\"article:published_time\" content=\"2023-11-15T08:48:20+00:00\" \/>\n<meta property=\"og:image\" content=\"https:\/\/now-news.de\/de\/wp-content\/uploads\/sites\/3\/2023\/11\/Im-Alter-von-101-Jahren-Letzte-Teilnehmerin-der-Schlacht-von.jpg\" \/>\n\t<meta property=\"og:image:width\" content=\"460\" \/>\n\t<meta property=\"og:image:height\" content=\"259\" \/>\n\t<meta property=\"og:image:type\" content=\"image\/jpeg\" \/>\n<meta name=\"author\" content=\"rtnews\" \/>\n<meta name=\"twitter:card\" content=\"summary_large_image\" \/>\n<meta name=\"twitter:creator\" content=\"@WirMachenAuf_de\" \/>\n<meta name=\"twitter:site\" content=\"@WirMachenAuf_de\" \/>\n<meta name=\"twitter:label1\" content=\"Verfasst von\" \/>\n\t<meta name=\"twitter:data1\" content=\"rtnews\" \/>\n\t<meta name=\"twitter:label2\" content=\"Gesch\u00e4tzte Lesezeit\" \/>\n\t<meta name=\"twitter:data2\" content=\"2\u00a0Minuten\" \/>\n<script type=\"application\/ld+json\" class=\"yoast-schema-graph\">{\"@context\":\"https:\/\/schema.org\",\"@graph\":[{\"@type\":\"Article\",\"@id\":\"https:\/\/now-news.de\/de\/deutschland\/im-alter-von-101-jahren-letzte-teilnehmerin-der-schlacht-von-stalingrad-gestorben\/#article\",\"isPartOf\":{\"@id\":\"https:\/\/now-news.de\/de\/deutschland\/im-alter-von-101-jahren-letzte-teilnehmerin-der-schlacht-von-stalingrad-gestorben\/\"},\"author\":{\"name\":\"rtnews\",\"@id\":\"https:\/\/now-news.de\/de\/#\/schema\/person\/fb534a4e865501d8b3285208df34a9b5\"},\"headline\":\"Im Alter von 101 Jahren: Letzte Teilnehmerin der Schlacht von Stalingrad gestorben\",\"datePublished\":\"2023-11-15T08:48:20+00:00\",\"dateModified\":\"2023-11-15T08:48:20+00:00\",\"mainEntityOfPage\":{\"@id\":\"https:\/\/now-news.de\/de\/deutschland\/im-alter-von-101-jahren-letzte-teilnehmerin-der-schlacht-von-stalingrad-gestorben\/\"},\"wordCount\":332,\"commentCount\":0,\"publisher\":{\"@id\":\"https:\/\/now-news.de\/de\/#organization\"},\"image\":{\"@id\":\"https:\/\/now-news.de\/de\/deutschland\/im-alter-von-101-jahren-letzte-teilnehmerin-der-schlacht-von-stalingrad-gestorben\/#primaryimage\"},\"thumbnailUrl\":\"https:\/\/now-news.de\/de\/wp-content\/uploads\/sites\/3\/2023\/11\/Im-Alter-von-101-Jahren-Letzte-Teilnehmerin-der-Schlacht-von.jpg\",\"keywords\":[\"Alter\",\"der\",\"gestorben\",\"Jahren\",\"letzte\",\"Schlacht\",\"Stalingrad\",\"Teilnehmerin\",\"von\"],\"articleSection\":[\"Deutschland\",\"Russland\"],\"inLanguage\":\"de\",\"potentialAction\":[{\"@type\":\"CommentAction\",\"name\":\"Comment\",\"target\":[\"https:\/\/now-news.de\/de\/deutschland\/im-alter-von-101-jahren-letzte-teilnehmerin-der-schlacht-von-stalingrad-gestorben\/#respond\"]}]},{\"@type\":\"WebPage\",\"@id\":\"https:\/\/now-news.de\/de\/deutschland\/im-alter-von-101-jahren-letzte-teilnehmerin-der-schlacht-von-stalingrad-gestorben\/\",\"url\":\"https:\/\/now-news.de\/de\/deutschland\/im-alter-von-101-jahren-letzte-teilnehmerin-der-schlacht-von-stalingrad-gestorben\/\",\"name\":\"Im Alter von 101 Jahren: Letzte Teilnehmerin der Schlacht von Stalingrad gestorben - just-now.NEWS Deutschland\",\"isPartOf\":{\"@id\":\"https:\/\/now-news.de\/de\/#website\"},\"primaryImageOfPage\":{\"@id\":\"https:\/\/now-news.de\/de\/deutschland\/im-alter-von-101-jahren-letzte-teilnehmerin-der-schlacht-von-stalingrad-gestorben\/#primaryimage\"},\"image\":{\"@id\":\"https:\/\/now-news.de\/de\/deutschland\/im-alter-von-101-jahren-letzte-teilnehmerin-der-schlacht-von-stalingrad-gestorben\/#primaryimage\"},\"thumbnailUrl\":\"https:\/\/now-news.de\/de\/wp-content\/uploads\/sites\/3\/2023\/11\/Im-Alter-von-101-Jahren-Letzte-Teilnehmerin-der-Schlacht-von.jpg\",\"datePublished\":\"2023-11-15T08:48:20+00:00\",\"dateModified\":\"2023-11-15T08:48:20+00:00\",\"breadcrumb\":{\"@id\":\"https:\/\/now-news.de\/de\/deutschland\/im-alter-von-101-jahren-letzte-teilnehmerin-der-schlacht-von-stalingrad-gestorben\/#breadcrumb\"},\"inLanguage\":\"de\",\"potentialAction\":[{\"@type\":\"ReadAction\",\"target\":[\"https:\/\/now-news.de\/de\/deutschland\/im-alter-von-101-jahren-letzte-teilnehmerin-der-schlacht-von-stalingrad-gestorben\/\"]}]},{\"@type\":\"ImageObject\",\"inLanguage\":\"de\",\"@id\":\"https:\/\/now-news.de\/de\/deutschland\/im-alter-von-101-jahren-letzte-teilnehmerin-der-schlacht-von-stalingrad-gestorben\/#primaryimage\",\"url\":\"https:\/\/now-news.de\/de\/wp-content\/uploads\/sites\/3\/2023\/11\/Im-Alter-von-101-Jahren-Letzte-Teilnehmerin-der-Schlacht-von.jpg\",\"contentUrl\":\"https:\/\/now-news.de\/de\/wp-content\/uploads\/sites\/3\/2023\/11\/Im-Alter-von-101-Jahren-Letzte-Teilnehmerin-der-Schlacht-von.jpg\",\"width\":460,\"height\":259,\"caption\":\"Im Alter von 101 Jahren: Letzte Teilnehmerin der Schlacht von Stalingrad gestorben\"},{\"@type\":\"BreadcrumbList\",\"@id\":\"https:\/\/now-news.de\/de\/deutschland\/im-alter-von-101-jahren-letzte-teilnehmerin-der-schlacht-von-stalingrad-gestorben\/#breadcrumb\",\"itemListElement\":[{\"@type\":\"ListItem\",\"position\":1,\"name\":\"Home\",\"item\":\"https:\/\/now-news.de\/de\/\"},{\"@type\":\"ListItem\",\"position\":2,\"name\":\"Im Alter von 101 Jahren: Letzte Teilnehmerin der Schlacht von Stalingrad gestorben\"}]},{\"@type\":\"WebSite\",\"@id\":\"https:\/\/now-news.de\/de\/#website\",\"url\":\"https:\/\/now-news.de\/de\/\",\"name\":\"just-now.NEWS Deutschland\",\"description\":\"Das Portal f\u00fcr unzensierte Nachrichten aus der Welt\",\"publisher\":{\"@id\":\"https:\/\/now-news.de\/de\/#organization\"},\"potentialAction\":[{\"@type\":\"SearchAction\",\"target\":{\"@type\":\"EntryPoint\",\"urlTemplate\":\"https:\/\/now-news.de\/de\/?s={search_term_string}\"},\"query-input\":\"required name=search_term_string\"}],\"inLanguage\":\"de\"},{\"@type\":\"Organization\",\"@id\":\"https:\/\/now-news.de\/de\/#organization\",\"name\":\"Just Now News\",\"url\":\"https:\/\/now-news.de\/de\/\",\"logo\":{\"@type\":\"ImageObject\",\"inLanguage\":\"de\",\"@id\":\"https:\/\/now-news.de\/de\/#\/schema\/logo\/image\/\",\"url\":\"http:\/\/just-now.news\/de\/wp-content\/uploads\/sites\/3\/2022\/04\/logo500x500.jpg\",\"contentUrl\":\"http:\/\/just-now.news\/de\/wp-content\/uploads\/sites\/3\/2022\/04\/logo500x500.jpg\",\"width\":500,\"height\":500,\"caption\":\"Just Now News\"},\"image\":{\"@id\":\"https:\/\/now-news.de\/de\/#\/schema\/logo\/image\/\"},\"sameAs\":[\"https:\/\/www.facebook.com\/wirmachenauf\",\"https:\/\/x.com\/WirMachenAuf_de\"]},{\"@type\":\"Person\",\"@id\":\"https:\/\/now-news.de\/de\/#\/schema\/person\/fb534a4e865501d8b3285208df34a9b5\",\"name\":\"rtnews\",\"image\":{\"@type\":\"ImageObject\",\"inLanguage\":\"de\",\"@id\":\"https:\/\/now-news.de\/de\/#\/schema\/person\/image\/\",\"url\":\"https:\/\/secure.gravatar.com\/avatar\/82aafea7d8127119dd649515f56e2117?s=96&d=mm&r=g\",\"contentUrl\":\"https:\/\/secure.gravatar.com\/avatar\/82aafea7d8127119dd649515f56e2117?s=96&d=mm&r=g\",\"caption\":\"rtnews\"},\"url\":\"https:\/\/now-news.de\/de\/author\/rnews\/\"}]}<\/script>\n<!-- \/ Yoast SEO Premium plugin. -->","yoast_head_json":{"title":"Im Alter von 101 Jahren: Letzte Teilnehmerin der Schlacht von Stalingrad gestorben - just-now.NEWS Deutschland","robots":{"index":"index","follow":"follow","max-snippet":"max-snippet:-1","max-image-preview":"max-image-preview:large","max-video-preview":"max-video-preview:-1"},"canonical":"https:\/\/now-news.de\/de\/deutschland\/im-alter-von-101-jahren-letzte-teilnehmerin-der-schlacht-von-stalingrad-gestorben\/","og_locale":"de_DE","og_type":"article","og_title":"Im Alter von 101 Jahren: Letzte Teilnehmerin der Schlacht von Stalingrad gestorben","og_description":"Walentina Schulgina, eine Zeitzeugin, Teilnehmerin und die letzte \u00dcberlebende der Schlacht von Stalingrad, ist am Wochenende in Abchasien verstorben. Sie wurde 101 Jahre alt. Walentina Schulgina, die letzte \u00fcberlebende K\u00e4mpferin, die auch an der Schlacht von Stalingrad teilgenommen hatte, ist am Sonntag im Alter von 101 Jahren verstorben. Sie erlebte als Rotarmistin fast den gesamten [&hellip;]","og_url":"https:\/\/now-news.de\/de\/deutschland\/im-alter-von-101-jahren-letzte-teilnehmerin-der-schlacht-von-stalingrad-gestorben\/","og_site_name":"just-now.NEWS Deutschland","article_publisher":"https:\/\/www.facebook.com\/wirmachenauf","article_published_time":"2023-11-15T08:48:20+00:00","og_image":[{"width":460,"height":259,"url":"https:\/\/now-news.de\/de\/wp-content\/uploads\/sites\/3\/2023\/11\/Im-Alter-von-101-Jahren-Letzte-Teilnehmerin-der-Schlacht-von.jpg","type":"image\/jpeg"}],"author":"rtnews","twitter_card":"summary_large_image","twitter_creator":"@WirMachenAuf_de","twitter_site":"@WirMachenAuf_de","twitter_misc":{"Verfasst von":"rtnews","Gesch\u00e4tzte Lesezeit":"2\u00a0Minuten"},"schema":{"@context":"https:\/\/schema.org","@graph":[{"@type":"Article","@id":"https:\/\/now-news.de\/de\/deutschland\/im-alter-von-101-jahren-letzte-teilnehmerin-der-schlacht-von-stalingrad-gestorben\/#article","isPartOf":{"@id":"https:\/\/now-news.de\/de\/deutschland\/im-alter-von-101-jahren-letzte-teilnehmerin-der-schlacht-von-stalingrad-gestorben\/"},"author":{"name":"rtnews","@id":"https:\/\/now-news.de\/de\/#\/schema\/person\/fb534a4e865501d8b3285208df34a9b5"},"headline":"Im Alter von 101 Jahren: Letzte Teilnehmerin der Schlacht von Stalingrad gestorben","datePublished":"2023-11-15T08:48:20+00:00","dateModified":"2023-11-15T08:48:20+00:00","mainEntityOfPage":{"@id":"https:\/\/now-news.de\/de\/deutschland\/im-alter-von-101-jahren-letzte-teilnehmerin-der-schlacht-von-stalingrad-gestorben\/"},"wordCount":332,"commentCount":0,"publisher":{"@id":"https:\/\/now-news.de\/de\/#organization"},"image":{"@id":"https:\/\/now-news.de\/de\/deutschland\/im-alter-von-101-jahren-letzte-teilnehmerin-der-schlacht-von-stalingrad-gestorben\/#primaryimage"},"thumbnailUrl":"https:\/\/now-news.de\/de\/wp-content\/uploads\/sites\/3\/2023\/11\/Im-Alter-von-101-Jahren-Letzte-Teilnehmerin-der-Schlacht-von.jpg","keywords":["Alter","der","gestorben","Jahren","letzte","Schlacht","Stalingrad","Teilnehmerin","von"],"articleSection":["Deutschland","Russland"],"inLanguage":"de","potentialAction":[{"@type":"CommentAction","name":"Comment","target":["https:\/\/now-news.de\/de\/deutschland\/im-alter-von-101-jahren-letzte-teilnehmerin-der-schlacht-von-stalingrad-gestorben\/#respond"]}]},{"@type":"WebPage","@id":"https:\/\/now-news.de\/de\/deutschland\/im-alter-von-101-jahren-letzte-teilnehmerin-der-schlacht-von-stalingrad-gestorben\/","url":"https:\/\/now-news.de\/de\/deutschland\/im-alter-von-101-jahren-letzte-teilnehmerin-der-schlacht-von-stalingrad-gestorben\/","name":"Im Alter von 101 Jahren: Letzte Teilnehmerin der Schlacht von Stalingrad gestorben - just-now.NEWS Deutschland","isPartOf":{"@id":"https:\/\/now-news.de\/de\/#website"},"primaryImageOfPage":{"@id":"https:\/\/now-news.de\/de\/deutschland\/im-alter-von-101-jahren-letzte-teilnehmerin-der-schlacht-von-stalingrad-gestorben\/#primaryimage"},"image":{"@id":"https:\/\/now-news.de\/de\/deutschland\/im-alter-von-101-jahren-letzte-teilnehmerin-der-schlacht-von-stalingrad-gestorben\/#primaryimage"},"thumbnailUrl":"https:\/\/now-news.de\/de\/wp-content\/uploads\/sites\/3\/2023\/11\/Im-Alter-von-101-Jahren-Letzte-Teilnehmerin-der-Schlacht-von.jpg","datePublished":"2023-11-15T08:48:20+00:00","dateModified":"2023-11-15T08:48:20+00:00","breadcrumb":{"@id":"https:\/\/now-news.de\/de\/deutschland\/im-alter-von-101-jahren-letzte-teilnehmerin-der-schlacht-von-stalingrad-gestorben\/#breadcrumb"},"inLanguage":"de","potentialAction":[{"@type":"ReadAction","target":["https:\/\/now-news.de\/de\/deutschland\/im-alter-von-101-jahren-letzte-teilnehmerin-der-schlacht-von-stalingrad-gestorben\/"]}]},{"@type":"ImageObject","inLanguage":"de","@id":"https:\/\/now-news.de\/de\/deutschland\/im-alter-von-101-jahren-letzte-teilnehmerin-der-schlacht-von-stalingrad-gestorben\/#primaryimage","url":"https:\/\/now-news.de\/de\/wp-content\/uploads\/sites\/3\/2023\/11\/Im-Alter-von-101-Jahren-Letzte-Teilnehmerin-der-Schlacht-von.jpg","contentUrl":"https:\/\/now-news.de\/de\/wp-content\/uploads\/sites\/3\/2023\/11\/Im-Alter-von-101-Jahren-Letzte-Teilnehmerin-der-Schlacht-von.jpg","width":460,"height":259,"caption":"Im Alter von 101 Jahren: Letzte Teilnehmerin der Schlacht von Stalingrad gestorben"},{"@type":"BreadcrumbList","@id":"https:\/\/now-news.de\/de\/deutschland\/im-alter-von-101-jahren-letzte-teilnehmerin-der-schlacht-von-stalingrad-gestorben\/#breadcrumb","itemListElement":[{"@type":"ListItem","position":1,"name":"Home","item":"https:\/\/now-news.de\/de\/"},{"@type":"ListItem","position":2,"name":"Im Alter von 101 Jahren: Letzte Teilnehmerin der Schlacht von Stalingrad gestorben"}]},{"@type":"WebSite","@id":"https:\/\/now-news.de\/de\/#website","url":"https:\/\/now-news.de\/de\/","name":"just-now.NEWS Deutschland","description":"Das Portal f\u00fcr unzensierte Nachrichten aus der Welt","publisher":{"@id":"https:\/\/now-news.de\/de\/#organization"},"potentialAction":[{"@type":"SearchAction","target":{"@type":"EntryPoint","urlTemplate":"https:\/\/now-news.de\/de\/?s={search_term_string}"},"query-input":"required name=search_term_string"}],"inLanguage":"de"},{"@type":"Organization","@id":"https:\/\/now-news.de\/de\/#organization","name":"Just Now News","url":"https:\/\/now-news.de\/de\/","logo":{"@type":"ImageObject","inLanguage":"de","@id":"https:\/\/now-news.de\/de\/#\/schema\/logo\/image\/","url":"http:\/\/just-now.news\/de\/wp-content\/uploads\/sites\/3\/2022\/04\/logo500x500.jpg","contentUrl":"http:\/\/just-now.news\/de\/wp-content\/uploads\/sites\/3\/2022\/04\/logo500x500.jpg","width":500,"height":500,"caption":"Just Now News"},"image":{"@id":"https:\/\/now-news.de\/de\/#\/schema\/logo\/image\/"},"sameAs":["https:\/\/www.facebook.com\/wirmachenauf","https:\/\/x.com\/WirMachenAuf_de"]},{"@type":"Person","@id":"https:\/\/now-news.de\/de\/#\/schema\/person\/fb534a4e865501d8b3285208df34a9b5","name":"rtnews","image":{"@type":"ImageObject","inLanguage":"de","@id":"https:\/\/now-news.de\/de\/#\/schema\/person\/image\/","url":"https:\/\/secure.gravatar.com\/avatar\/82aafea7d8127119dd649515f56e2117?s=96&d=mm&r=g","contentUrl":"https:\/\/secure.gravatar.com\/avatar\/82aafea7d8127119dd649515f56e2117?s=96&d=mm&r=g","caption":"rtnews"},"url":"https:\/\/now-news.de\/de\/author\/rnews\/"}]}},"_links":{"self":[{"href":"https:\/\/now-news.de\/de\/wp-json\/wp\/v2\/posts\/49768"}],"collection":[{"href":"https:\/\/now-news.de\/de\/wp-json\/wp\/v2\/posts"}],"about":[{"href":"https:\/\/now-news.de\/de\/wp-json\/wp\/v2\/types\/post"}],"author":[{"embeddable":true,"href":"https:\/\/now-news.de\/de\/wp-json\/wp\/v2\/users\/3"}],"replies":[{"embeddable":true,"href":"https:\/\/now-news.de\/de\/wp-json\/wp\/v2\/comments?post=49768"}],"version-history":[{"count":0,"href":"https:\/\/now-news.de\/de\/wp-json\/wp\/v2\/posts\/49768\/revisions"}],"wp:featuredmedia":[{"embeddable":true,"href":"https:\/\/now-news.de\/de\/wp-json\/wp\/v2\/media\/49769"}],"wp:attachment":[{"href":"https:\/\/now-news.de\/de\/wp-json\/wp\/v2\/media?parent=49768"}],"wp:term":[{"taxonomy":"category","embeddable":true,"href":"https:\/\/now-news.de\/de\/wp-json\/wp\/v2\/categories?post=49768"},{"taxonomy":"post_tag","embeddable":true,"href":"https:\/\/now-news.de\/de\/wp-json\/wp\/v2\/tags?post=49768"}],"curies":[{"name":"wp","href":"https:\/\/api.w.org\/{rel}","templated":true}]}}