{"id":49746,"date":"2023-11-14T19:15:18","date_gmt":"2023-11-14T17:15:18","guid":{"rendered":"https:\/\/just-now.news\/de\/deutschland\/armenien-ministerpraesident-paschinjan-reist-nicht-zum-ovks-gipfel-in-minsk\/"},"modified":"2023-11-14T19:15:18","modified_gmt":"2023-11-14T17:15:18","slug":"armenien-ministerpraesident-paschinjan-reist-nicht-zum-ovks-gipfel-in-minsk","status":"publish","type":"post","link":"https:\/\/now-news.de\/de\/deutschland\/armenien-ministerpraesident-paschinjan-reist-nicht-zum-ovks-gipfel-in-minsk\/","title":{"rendered":"Armenien: Ministerpr\u00e4sident Paschinjan reist nicht zum OVKS-Gipfel in Minsk"},"content":{"rendered":"<p><img decoding=\"async\" src=\"http:\/\/just-now.news\/de\/wp-content\/uploads\/sites\/3\/2023\/11\/6553730548fbef7b20218255.jpg\" \/><\/p>\n<div class=\"Text-root Text-type_1 \">\n                Der armenische Ministerpr\u00e4sident Paschinjan wird Ende des Monats nicht am OVKS-Gipfel in Wei\u00dfrussland teilnehmen. In Moskau wird diese Entscheidung bedauert, denn solche Veranstaltungen seien eine gute Gelegenheit, Meinungen auszutauschen, sagte Kremlsprecher Peskow.\n            <\/div>\n<p><\/p>\n<div class=\"Text-root Text-type_5 ArticleView-text ViewText-root \">\n<p>Wie der Pressedienst des Ministerkabinetts in Armenien am Dienstag mitteilte, hat der armenische Premierminister Nikol Paschinjan in einem Telefongespr\u00e4ch mit dem wei\u00dfrussischen Pr\u00e4sidenten Alexander Lukaschenko erkl\u00e4rt, dass er nicht am Gipfeltreffen der Organisation des Vertrags \u00fcber kollektive Sicherheit (OVKS) teilnehmen werde. Er hoffe, dass die Mitglieder der Organisation Verst\u00e4ndnis f\u00fcr seine Entscheidung haben werden.<\/p>\n<p>Genaue Gr\u00fcnde nannte Paschinjan jedoch nicht. Das Gipfeltreffen ist f\u00fcr den 23. November 2023 in Minsk geplant.<\/p>\n<p>Diese Entscheidung sei bedauerlich, kommentierte Dmitri Peskow als Sprecher des russischen Pr\u00e4sidenten die Mitteilung. Diese Veranstaltung sei immer eine gute Gelegenheit, &#8220;die\u00a0Uhren\u00a0zu\u00a0synchronisieren&#8221; und &#8220;Erfahrungen auszutauschen&#8221;. &#8220;Wir verstehen, dass jeder Regierungs- oder Staatschef seine eigenen Veranstaltungen in seinem Arbeitsplan hat&#8221;, fuhr Peskow fort und betonte, dass die OVKS als Organisation weiterhin relevant bleibe.<\/p>\n<p>Russischen Medienberichten zufolge hat Armenien seit dem Beginn solcher Treffen im Jahr 2009 bisher noch nie einen OVKS-Gipfel verpasst. Dieses Jahr hatte die Regierung in Jerewan abgelehnt, an zwei weiteren \u00dcbungen gemeinsam mit der OVKS teilzunehmen, f\u00fchrte stattdessen Man\u00f6ver mit den Vereinigten Staaten von Amerika durch. Zudem berief man in Jerewan dessen Vertreter bei dem B\u00fcndnis ab. Gleichzeitig betonte Paschinjan dennoch, Armenien habe nicht vor, die OVKS zu verlassen.<\/p>\n<p><strong>Mehr zum Thema<\/strong> &#8211; <a rel=\"nofollow noopener\" target=\"_blank\" href=\"https:\/\/freedert.online\/international\/185010-eriwan-sieht-keinen-nutzen-aus\/\">Jerewan sieht &#8220;keinen Nutzen&#8221; in der milit\u00e4rischen Pr\u00e4senz Russlands \u2013 Kreml wartet auf Erkl\u00e4rungen<\/a><\/p>\n<\/div>\n<p><br \/>\n<br \/><a href=\"https:\/\/de.rt.com\/europa\/187004-paschinjan-reist-nicht-zum-ovks\/\">Source link <\/a><\/p>\n","protected":false},"excerpt":{"rendered":"<p>Der armenische Ministerpr\u00e4sident Paschinjan wird Ende des Monats nicht am OVKS-Gipfel in Wei\u00dfrussland teilnehmen. In Moskau wird diese Entscheidung bedauert, denn solche Veranstaltungen seien eine gute Gelegenheit, Meinungen auszutauschen, sagte Kremlsprecher Peskow. Wie der Pressedienst des Ministerkabinetts in Armenien am Dienstag mitteilte, hat der armenische Premierminister Nikol Paschinjan in einem Telefongespr\u00e4ch mit dem wei\u00dfrussischen Pr\u00e4sidenten [&hellip;]<\/p>\n","protected":false},"author":3,"featured_media":49747,"comment_status":"open","ping_status":"open","sticky":false,"template":"","format":"standard","meta":{"_yoast_indexnow_last_ping":["1699983006"],"wp_automatic_camp":["217"],"d948a6bd27728dcce9ad4e7596c4aea1":["Armenien: Ministerpr\u00e4sident Paschinjan reist nicht zum OVKS-Gipfel in Minsk"],"original_link":["https:\/\/de.rt.com\/europa\/187004-paschinjan-reist-nicht-zum-ovks\/"],"_thumbnail_id":["49747"],"_wptgpro_p2tg_sent2tg":["a:1:{i:23737;s:19:\"2023-11-14 19:31:07\";}"],"jnews_social_counter_last_update":["1777593413"]},"categories":[19,23],"tags":[10002,19174,19008,800,36357,37744,29854,565],"yoast_head":"<!-- This site is optimized with the Yoast SEO Premium plugin v22.7 (Yoast SEO v22.7) - https:\/\/yoast.com\/wordpress\/plugins\/seo\/ -->\n<title>Armenien: Ministerpr\u00e4sident Paschinjan reist nicht zum OVKS-Gipfel in Minsk - just-now.NEWS Deutschland<\/title>\n<meta name=\"robots\" content=\"index, follow, max-snippet:-1, max-image-preview:large, max-video-preview:-1\" \/>\n<link rel=\"canonical\" href=\"https:\/\/now-news.de\/de\/deutschland\/armenien-ministerpraesident-paschinjan-reist-nicht-zum-ovks-gipfel-in-minsk\/\" \/>\n<meta property=\"og:locale\" content=\"de_DE\" \/>\n<meta property=\"og:type\" content=\"article\" \/>\n<meta property=\"og:title\" content=\"Armenien: Ministerpr\u00e4sident Paschinjan reist nicht zum OVKS-Gipfel in Minsk\" \/>\n<meta property=\"og:description\" content=\"Der armenische Ministerpr\u00e4sident Paschinjan wird Ende des Monats nicht am OVKS-Gipfel in Wei\u00dfrussland teilnehmen. In Moskau wird diese Entscheidung bedauert, denn solche Veranstaltungen seien eine gute Gelegenheit, Meinungen auszutauschen, sagte Kremlsprecher Peskow. Wie der Pressedienst des Ministerkabinetts in Armenien am Dienstag mitteilte, hat der armenische Premierminister Nikol Paschinjan in einem Telefongespr\u00e4ch mit dem wei\u00dfrussischen Pr\u00e4sidenten [&hellip;]\" \/>\n<meta property=\"og:url\" content=\"https:\/\/now-news.de\/de\/deutschland\/armenien-ministerpraesident-paschinjan-reist-nicht-zum-ovks-gipfel-in-minsk\/\" \/>\n<meta property=\"og:site_name\" content=\"just-now.NEWS Deutschland\" \/>\n<meta property=\"article:publisher\" content=\"https:\/\/www.facebook.com\/wirmachenauf\" \/>\n<meta property=\"article:published_time\" content=\"2023-11-14T17:15:18+00:00\" \/>\n<meta property=\"og:image\" content=\"https:\/\/now-news.de\/de\/wp-content\/uploads\/sites\/3\/2023\/11\/Armenien-Ministerpraesident-Paschinjan-reist-nicht-zum-OVKS-Gipfel-in-Minsk.jpg\" \/>\n\t<meta property=\"og:image:width\" content=\"460\" \/>\n\t<meta property=\"og:image:height\" content=\"259\" \/>\n\t<meta property=\"og:image:type\" content=\"image\/jpeg\" \/>\n<meta name=\"author\" content=\"rtnews\" \/>\n<meta name=\"twitter:card\" content=\"summary_large_image\" \/>\n<meta name=\"twitter:creator\" content=\"@WirMachenAuf_de\" \/>\n<meta name=\"twitter:site\" content=\"@WirMachenAuf_de\" \/>\n<meta name=\"twitter:label1\" content=\"Verfasst von\" \/>\n\t<meta name=\"twitter:data1\" content=\"rtnews\" \/>\n\t<meta name=\"twitter:label2\" content=\"Gesch\u00e4tzte Lesezeit\" \/>\n\t<meta name=\"twitter:data2\" content=\"1\u00a0Minute\" \/>\n<script type=\"application\/ld+json\" class=\"yoast-schema-graph\">{\"@context\":\"https:\/\/schema.org\",\"@graph\":[{\"@type\":\"Article\",\"@id\":\"https:\/\/now-news.de\/de\/deutschland\/armenien-ministerpraesident-paschinjan-reist-nicht-zum-ovks-gipfel-in-minsk\/#article\",\"isPartOf\":{\"@id\":\"https:\/\/now-news.de\/de\/deutschland\/armenien-ministerpraesident-paschinjan-reist-nicht-zum-ovks-gipfel-in-minsk\/\"},\"author\":{\"name\":\"rtnews\",\"@id\":\"https:\/\/now-news.de\/de\/#\/schema\/person\/fb534a4e865501d8b3285208df34a9b5\"},\"headline\":\"Armenien: Ministerpr\u00e4sident Paschinjan reist nicht zum OVKS-Gipfel in Minsk\",\"datePublished\":\"2023-11-14T17:15:18+00:00\",\"dateModified\":\"2023-11-14T17:15:18+00:00\",\"mainEntityOfPage\":{\"@id\":\"https:\/\/now-news.de\/de\/deutschland\/armenien-ministerpraesident-paschinjan-reist-nicht-zum-ovks-gipfel-in-minsk\/\"},\"wordCount\":271,\"commentCount\":0,\"publisher\":{\"@id\":\"https:\/\/now-news.de\/de\/#organization\"},\"image\":{\"@id\":\"https:\/\/now-news.de\/de\/deutschland\/armenien-ministerpraesident-paschinjan-reist-nicht-zum-ovks-gipfel-in-minsk\/#primaryimage\"},\"thumbnailUrl\":\"https:\/\/now-news.de\/de\/wp-content\/uploads\/sites\/3\/2023\/11\/Armenien-Ministerpraesident-Paschinjan-reist-nicht-zum-OVKS-Gipfel-in-Minsk.jpg\",\"keywords\":[\"Armenien\",\"Ministerpr\u00e4sident\",\"Minsk\",\"nicht\",\"OVKSGipfel\",\"Paschinjan\",\"reist\",\"zum\"],\"articleSection\":[\"Deutschland\",\"Russland\"],\"inLanguage\":\"de\",\"potentialAction\":[{\"@type\":\"CommentAction\",\"name\":\"Comment\",\"target\":[\"https:\/\/now-news.de\/de\/deutschland\/armenien-ministerpraesident-paschinjan-reist-nicht-zum-ovks-gipfel-in-minsk\/#respond\"]}]},{\"@type\":\"WebPage\",\"@id\":\"https:\/\/now-news.de\/de\/deutschland\/armenien-ministerpraesident-paschinjan-reist-nicht-zum-ovks-gipfel-in-minsk\/\",\"url\":\"https:\/\/now-news.de\/de\/deutschland\/armenien-ministerpraesident-paschinjan-reist-nicht-zum-ovks-gipfel-in-minsk\/\",\"name\":\"Armenien: Ministerpr\u00e4sident Paschinjan reist nicht zum OVKS-Gipfel in Minsk - just-now.NEWS Deutschland\",\"isPartOf\":{\"@id\":\"https:\/\/now-news.de\/de\/#website\"},\"primaryImageOfPage\":{\"@id\":\"https:\/\/now-news.de\/de\/deutschland\/armenien-ministerpraesident-paschinjan-reist-nicht-zum-ovks-gipfel-in-minsk\/#primaryimage\"},\"image\":{\"@id\":\"https:\/\/now-news.de\/de\/deutschland\/armenien-ministerpraesident-paschinjan-reist-nicht-zum-ovks-gipfel-in-minsk\/#primaryimage\"},\"thumbnailUrl\":\"https:\/\/now-news.de\/de\/wp-content\/uploads\/sites\/3\/2023\/11\/Armenien-Ministerpraesident-Paschinjan-reist-nicht-zum-OVKS-Gipfel-in-Minsk.jpg\",\"datePublished\":\"2023-11-14T17:15:18+00:00\",\"dateModified\":\"2023-11-14T17:15:18+00:00\",\"breadcrumb\":{\"@id\":\"https:\/\/now-news.de\/de\/deutschland\/armenien-ministerpraesident-paschinjan-reist-nicht-zum-ovks-gipfel-in-minsk\/#breadcrumb\"},\"inLanguage\":\"de\",\"potentialAction\":[{\"@type\":\"ReadAction\",\"target\":[\"https:\/\/now-news.de\/de\/deutschland\/armenien-ministerpraesident-paschinjan-reist-nicht-zum-ovks-gipfel-in-minsk\/\"]}]},{\"@type\":\"ImageObject\",\"inLanguage\":\"de\",\"@id\":\"https:\/\/now-news.de\/de\/deutschland\/armenien-ministerpraesident-paschinjan-reist-nicht-zum-ovks-gipfel-in-minsk\/#primaryimage\",\"url\":\"https:\/\/now-news.de\/de\/wp-content\/uploads\/sites\/3\/2023\/11\/Armenien-Ministerpraesident-Paschinjan-reist-nicht-zum-OVKS-Gipfel-in-Minsk.jpg\",\"contentUrl\":\"https:\/\/now-news.de\/de\/wp-content\/uploads\/sites\/3\/2023\/11\/Armenien-Ministerpraesident-Paschinjan-reist-nicht-zum-OVKS-Gipfel-in-Minsk.jpg\",\"width\":460,\"height\":259,\"caption\":\"Armenien: Ministerpr\u00e4sident Paschinjan reist nicht zum OVKS-Gipfel in Minsk\"},{\"@type\":\"BreadcrumbList\",\"@id\":\"https:\/\/now-news.de\/de\/deutschland\/armenien-ministerpraesident-paschinjan-reist-nicht-zum-ovks-gipfel-in-minsk\/#breadcrumb\",\"itemListElement\":[{\"@type\":\"ListItem\",\"position\":1,\"name\":\"Home\",\"item\":\"https:\/\/now-news.de\/de\/\"},{\"@type\":\"ListItem\",\"position\":2,\"name\":\"Armenien: Ministerpr\u00e4sident Paschinjan reist nicht zum OVKS-Gipfel in Minsk\"}]},{\"@type\":\"WebSite\",\"@id\":\"https:\/\/now-news.de\/de\/#website\",\"url\":\"https:\/\/now-news.de\/de\/\",\"name\":\"just-now.NEWS Deutschland\",\"description\":\"Das Portal f\u00fcr unzensierte Nachrichten aus der Welt\",\"publisher\":{\"@id\":\"https:\/\/now-news.de\/de\/#organization\"},\"potentialAction\":[{\"@type\":\"SearchAction\",\"target\":{\"@type\":\"EntryPoint\",\"urlTemplate\":\"https:\/\/now-news.de\/de\/?s={search_term_string}\"},\"query-input\":\"required name=search_term_string\"}],\"inLanguage\":\"de\"},{\"@type\":\"Organization\",\"@id\":\"https:\/\/now-news.de\/de\/#organization\",\"name\":\"Just Now News\",\"url\":\"https:\/\/now-news.de\/de\/\",\"logo\":{\"@type\":\"ImageObject\",\"inLanguage\":\"de\",\"@id\":\"https:\/\/now-news.de\/de\/#\/schema\/logo\/image\/\",\"url\":\"http:\/\/just-now.news\/de\/wp-content\/uploads\/sites\/3\/2022\/04\/logo500x500.jpg\",\"contentUrl\":\"http:\/\/just-now.news\/de\/wp-content\/uploads\/sites\/3\/2022\/04\/logo500x500.jpg\",\"width\":500,\"height\":500,\"caption\":\"Just Now News\"},\"image\":{\"@id\":\"https:\/\/now-news.de\/de\/#\/schema\/logo\/image\/\"},\"sameAs\":[\"https:\/\/www.facebook.com\/wirmachenauf\",\"https:\/\/x.com\/WirMachenAuf_de\"]},{\"@type\":\"Person\",\"@id\":\"https:\/\/now-news.de\/de\/#\/schema\/person\/fb534a4e865501d8b3285208df34a9b5\",\"name\":\"rtnews\",\"image\":{\"@type\":\"ImageObject\",\"inLanguage\":\"de\",\"@id\":\"https:\/\/now-news.de\/de\/#\/schema\/person\/image\/\",\"url\":\"https:\/\/secure.gravatar.com\/avatar\/82aafea7d8127119dd649515f56e2117?s=96&d=mm&r=g\",\"contentUrl\":\"https:\/\/secure.gravatar.com\/avatar\/82aafea7d8127119dd649515f56e2117?s=96&d=mm&r=g\",\"caption\":\"rtnews\"},\"url\":\"https:\/\/now-news.de\/de\/author\/rnews\/\"}]}<\/script>\n<!-- \/ Yoast SEO Premium plugin. -->","yoast_head_json":{"title":"Armenien: Ministerpr\u00e4sident Paschinjan reist nicht zum OVKS-Gipfel in Minsk - just-now.NEWS Deutschland","robots":{"index":"index","follow":"follow","max-snippet":"max-snippet:-1","max-image-preview":"max-image-preview:large","max-video-preview":"max-video-preview:-1"},"canonical":"https:\/\/now-news.de\/de\/deutschland\/armenien-ministerpraesident-paschinjan-reist-nicht-zum-ovks-gipfel-in-minsk\/","og_locale":"de_DE","og_type":"article","og_title":"Armenien: Ministerpr\u00e4sident Paschinjan reist nicht zum OVKS-Gipfel in Minsk","og_description":"Der armenische Ministerpr\u00e4sident Paschinjan wird Ende des Monats nicht am OVKS-Gipfel in Wei\u00dfrussland teilnehmen. In Moskau wird diese Entscheidung bedauert, denn solche Veranstaltungen seien eine gute Gelegenheit, Meinungen auszutauschen, sagte Kremlsprecher Peskow. Wie der Pressedienst des Ministerkabinetts in Armenien am Dienstag mitteilte, hat der armenische Premierminister Nikol Paschinjan in einem Telefongespr\u00e4ch mit dem wei\u00dfrussischen Pr\u00e4sidenten [&hellip;]","og_url":"https:\/\/now-news.de\/de\/deutschland\/armenien-ministerpraesident-paschinjan-reist-nicht-zum-ovks-gipfel-in-minsk\/","og_site_name":"just-now.NEWS Deutschland","article_publisher":"https:\/\/www.facebook.com\/wirmachenauf","article_published_time":"2023-11-14T17:15:18+00:00","og_image":[{"width":460,"height":259,"url":"https:\/\/now-news.de\/de\/wp-content\/uploads\/sites\/3\/2023\/11\/Armenien-Ministerpraesident-Paschinjan-reist-nicht-zum-OVKS-Gipfel-in-Minsk.jpg","type":"image\/jpeg"}],"author":"rtnews","twitter_card":"summary_large_image","twitter_creator":"@WirMachenAuf_de","twitter_site":"@WirMachenAuf_de","twitter_misc":{"Verfasst von":"rtnews","Gesch\u00e4tzte Lesezeit":"1\u00a0Minute"},"schema":{"@context":"https:\/\/schema.org","@graph":[{"@type":"Article","@id":"https:\/\/now-news.de\/de\/deutschland\/armenien-ministerpraesident-paschinjan-reist-nicht-zum-ovks-gipfel-in-minsk\/#article","isPartOf":{"@id":"https:\/\/now-news.de\/de\/deutschland\/armenien-ministerpraesident-paschinjan-reist-nicht-zum-ovks-gipfel-in-minsk\/"},"author":{"name":"rtnews","@id":"https:\/\/now-news.de\/de\/#\/schema\/person\/fb534a4e865501d8b3285208df34a9b5"},"headline":"Armenien: Ministerpr\u00e4sident Paschinjan reist nicht zum OVKS-Gipfel in Minsk","datePublished":"2023-11-14T17:15:18+00:00","dateModified":"2023-11-14T17:15:18+00:00","mainEntityOfPage":{"@id":"https:\/\/now-news.de\/de\/deutschland\/armenien-ministerpraesident-paschinjan-reist-nicht-zum-ovks-gipfel-in-minsk\/"},"wordCount":271,"commentCount":0,"publisher":{"@id":"https:\/\/now-news.de\/de\/#organization"},"image":{"@id":"https:\/\/now-news.de\/de\/deutschland\/armenien-ministerpraesident-paschinjan-reist-nicht-zum-ovks-gipfel-in-minsk\/#primaryimage"},"thumbnailUrl":"https:\/\/now-news.de\/de\/wp-content\/uploads\/sites\/3\/2023\/11\/Armenien-Ministerpraesident-Paschinjan-reist-nicht-zum-OVKS-Gipfel-in-Minsk.jpg","keywords":["Armenien","Ministerpr\u00e4sident","Minsk","nicht","OVKSGipfel","Paschinjan","reist","zum"],"articleSection":["Deutschland","Russland"],"inLanguage":"de","potentialAction":[{"@type":"CommentAction","name":"Comment","target":["https:\/\/now-news.de\/de\/deutschland\/armenien-ministerpraesident-paschinjan-reist-nicht-zum-ovks-gipfel-in-minsk\/#respond"]}]},{"@type":"WebPage","@id":"https:\/\/now-news.de\/de\/deutschland\/armenien-ministerpraesident-paschinjan-reist-nicht-zum-ovks-gipfel-in-minsk\/","url":"https:\/\/now-news.de\/de\/deutschland\/armenien-ministerpraesident-paschinjan-reist-nicht-zum-ovks-gipfel-in-minsk\/","name":"Armenien: Ministerpr\u00e4sident Paschinjan reist nicht zum OVKS-Gipfel in Minsk - just-now.NEWS Deutschland","isPartOf":{"@id":"https:\/\/now-news.de\/de\/#website"},"primaryImageOfPage":{"@id":"https:\/\/now-news.de\/de\/deutschland\/armenien-ministerpraesident-paschinjan-reist-nicht-zum-ovks-gipfel-in-minsk\/#primaryimage"},"image":{"@id":"https:\/\/now-news.de\/de\/deutschland\/armenien-ministerpraesident-paschinjan-reist-nicht-zum-ovks-gipfel-in-minsk\/#primaryimage"},"thumbnailUrl":"https:\/\/now-news.de\/de\/wp-content\/uploads\/sites\/3\/2023\/11\/Armenien-Ministerpraesident-Paschinjan-reist-nicht-zum-OVKS-Gipfel-in-Minsk.jpg","datePublished":"2023-11-14T17:15:18+00:00","dateModified":"2023-11-14T17:15:18+00:00","breadcrumb":{"@id":"https:\/\/now-news.de\/de\/deutschland\/armenien-ministerpraesident-paschinjan-reist-nicht-zum-ovks-gipfel-in-minsk\/#breadcrumb"},"inLanguage":"de","potentialAction":[{"@type":"ReadAction","target":["https:\/\/now-news.de\/de\/deutschland\/armenien-ministerpraesident-paschinjan-reist-nicht-zum-ovks-gipfel-in-minsk\/"]}]},{"@type":"ImageObject","inLanguage":"de","@id":"https:\/\/now-news.de\/de\/deutschland\/armenien-ministerpraesident-paschinjan-reist-nicht-zum-ovks-gipfel-in-minsk\/#primaryimage","url":"https:\/\/now-news.de\/de\/wp-content\/uploads\/sites\/3\/2023\/11\/Armenien-Ministerpraesident-Paschinjan-reist-nicht-zum-OVKS-Gipfel-in-Minsk.jpg","contentUrl":"https:\/\/now-news.de\/de\/wp-content\/uploads\/sites\/3\/2023\/11\/Armenien-Ministerpraesident-Paschinjan-reist-nicht-zum-OVKS-Gipfel-in-Minsk.jpg","width":460,"height":259,"caption":"Armenien: Ministerpr\u00e4sident Paschinjan reist nicht zum OVKS-Gipfel in Minsk"},{"@type":"BreadcrumbList","@id":"https:\/\/now-news.de\/de\/deutschland\/armenien-ministerpraesident-paschinjan-reist-nicht-zum-ovks-gipfel-in-minsk\/#breadcrumb","itemListElement":[{"@type":"ListItem","position":1,"name":"Home","item":"https:\/\/now-news.de\/de\/"},{"@type":"ListItem","position":2,"name":"Armenien: Ministerpr\u00e4sident Paschinjan reist nicht zum OVKS-Gipfel in Minsk"}]},{"@type":"WebSite","@id":"https:\/\/now-news.de\/de\/#website","url":"https:\/\/now-news.de\/de\/","name":"just-now.NEWS Deutschland","description":"Das Portal f\u00fcr unzensierte Nachrichten aus der Welt","publisher":{"@id":"https:\/\/now-news.de\/de\/#organization"},"potentialAction":[{"@type":"SearchAction","target":{"@type":"EntryPoint","urlTemplate":"https:\/\/now-news.de\/de\/?s={search_term_string}"},"query-input":"required name=search_term_string"}],"inLanguage":"de"},{"@type":"Organization","@id":"https:\/\/now-news.de\/de\/#organization","name":"Just Now News","url":"https:\/\/now-news.de\/de\/","logo":{"@type":"ImageObject","inLanguage":"de","@id":"https:\/\/now-news.de\/de\/#\/schema\/logo\/image\/","url":"http:\/\/just-now.news\/de\/wp-content\/uploads\/sites\/3\/2022\/04\/logo500x500.jpg","contentUrl":"http:\/\/just-now.news\/de\/wp-content\/uploads\/sites\/3\/2022\/04\/logo500x500.jpg","width":500,"height":500,"caption":"Just Now News"},"image":{"@id":"https:\/\/now-news.de\/de\/#\/schema\/logo\/image\/"},"sameAs":["https:\/\/www.facebook.com\/wirmachenauf","https:\/\/x.com\/WirMachenAuf_de"]},{"@type":"Person","@id":"https:\/\/now-news.de\/de\/#\/schema\/person\/fb534a4e865501d8b3285208df34a9b5","name":"rtnews","image":{"@type":"ImageObject","inLanguage":"de","@id":"https:\/\/now-news.de\/de\/#\/schema\/person\/image\/","url":"https:\/\/secure.gravatar.com\/avatar\/82aafea7d8127119dd649515f56e2117?s=96&d=mm&r=g","contentUrl":"https:\/\/secure.gravatar.com\/avatar\/82aafea7d8127119dd649515f56e2117?s=96&d=mm&r=g","caption":"rtnews"},"url":"https:\/\/now-news.de\/de\/author\/rnews\/"}]}},"_links":{"self":[{"href":"https:\/\/now-news.de\/de\/wp-json\/wp\/v2\/posts\/49746"}],"collection":[{"href":"https:\/\/now-news.de\/de\/wp-json\/wp\/v2\/posts"}],"about":[{"href":"https:\/\/now-news.de\/de\/wp-json\/wp\/v2\/types\/post"}],"author":[{"embeddable":true,"href":"https:\/\/now-news.de\/de\/wp-json\/wp\/v2\/users\/3"}],"replies":[{"embeddable":true,"href":"https:\/\/now-news.de\/de\/wp-json\/wp\/v2\/comments?post=49746"}],"version-history":[{"count":0,"href":"https:\/\/now-news.de\/de\/wp-json\/wp\/v2\/posts\/49746\/revisions"}],"wp:featuredmedia":[{"embeddable":true,"href":"https:\/\/now-news.de\/de\/wp-json\/wp\/v2\/media\/49747"}],"wp:attachment":[{"href":"https:\/\/now-news.de\/de\/wp-json\/wp\/v2\/media?parent=49746"}],"wp:term":[{"taxonomy":"category","embeddable":true,"href":"https:\/\/now-news.de\/de\/wp-json\/wp\/v2\/categories?post=49746"},{"taxonomy":"post_tag","embeddable":true,"href":"https:\/\/now-news.de\/de\/wp-json\/wp\/v2\/tags?post=49746"}],"curies":[{"name":"wp","href":"https:\/\/api.w.org\/{rel}","templated":true}]}}