{"id":49693,"date":"2023-11-13T18:57:36","date_gmt":"2023-11-13T16:57:36","guid":{"rendered":"https:\/\/just-now.news\/de\/deutschland\/einzelhandel-wenig-vorfreude-auf-das-weihnachtsgeschaeft\/"},"modified":"2023-11-13T18:57:36","modified_gmt":"2023-11-13T16:57:36","slug":"einzelhandel-wenig-vorfreude-auf-das-weihnachtsgeschaeft","status":"publish","type":"post","link":"https:\/\/now-news.de\/de\/deutschland\/einzelhandel-wenig-vorfreude-auf-das-weihnachtsgeschaeft\/","title":{"rendered":"Einzelhandel: Wenig Vorfreude auf das Weihnachtsgesch\u00e4ft"},"content":{"rendered":"<p><img decoding=\"async\" src=\"http:\/\/just-now.news\/de\/wp-content\/uploads\/sites\/3\/2023\/11\/655227bcb480cc7073456ef2.jpg\" \/><\/p>\n<div class=\"Text-root Text-type_1 \">\n                Der deutsche Einzelhandel hat in diesem Jahr wenig Hoffnung auf ein gutes Weihnachtsgesch\u00e4ft. Es wird vielmehr gegen\u00fcber dem Vorjahreszeitraum ein reales Umsatz-Minus erwartet und bef\u00fcrchtet, denn Mieten und Strompreise belasten die Verbraucher. Rund ein Drittel der Einzelh\u00e4ndler bewerten ihre Situation negativ.\n            <\/div>\n<p><\/p>\n<div class=\"Text-root Text-type_5 ArticleView-text ViewText-root \">\n<p>Der Handelsverband Deutschland (HDE), der Spitzenverband des deutschen Einzelhandels, rechnet in diesem Jahr mit keinem gr\u00f6\u00dferen positiven Impuls f\u00fcr den Einzelhandel durch das bevorstehende Weihnachtsgesch\u00e4ft. Das teilte der Verband in einer aktuellen Meldung mit. Erwartet wird f\u00fcr die Monate November und Dezember gegen\u00fcber dem Vorjahreszeitraum vielmehr ein reales Umsatz-Minus von 5,5 Prozent. Auch der Online-Handel bleibt voraussichtlich mau. Prognostiziert wird dort ein realer Umsatz-R\u00fcckgang um vier Prozent. Auf das ganze Jahr 2023 gesehen, brechen der Online-Handel real um 4,3 Prozent und der Einzelhandel insgesamt um vier Prozent ein.\u00a0\u00a0<\/p>\n<p>Das Umfeld sei aktuell schwierig und dr\u00fccke auf die Kauflaune der Verbraucher, sagte der HDE-Verbandspr\u00e4sident Alexander von Preen:<\/p>\n<blockquote>\n<p><em>&#8220;Die Branche bekommt die wirtschaftlichen Auswirkungen des Ukraine-Krieges und der darauf folgenden Inflation sowie seit neuestem auch die infolge des Nahost-Konflikts weiter sinkende Kauflaune zu sp\u00fcren.&#8221;<\/em><\/p>\n<\/blockquote>\n<p>Gleichzeitig moniert Preen die Erwartungen von Immobilienbesitzern als Vermieter an die finanzielle Leistungsf\u00e4higkeit von Ladengesch\u00e4ften als Mieter. Preen fordert daher ein Umdenken zu umsatzbezogenen Mieten. Zus\u00e4tzlich belastend wirken sich auch noch die Energiekosten infolge der hohen Strompreise aus.\u00a0<\/p>\n<blockquote>\n<p><em>&#8220;Die Zeiten, in denen Handelsunternehmen H\u00f6chstmieten zahlen konnten, sind vorbei. Diese Einsicht hat sich noch immer nicht bei allen Vermietern und Geb\u00e4udeeigent\u00fcmern durchgesetzt.&#8221;\u00a0<\/em><\/p>\n<\/blockquote>\n<p>Ein knappes Drittel aller Einzelh\u00e4ndler im Bereich Non-Food bewertet die Lage als schlecht oder sehr schlecht. Mit den Ums\u00e4tzen im Oktober war mehr als die H\u00e4lfte von insgesamt 330 befragten Unternehmen unzufrieden oder sehr unzufrieden.\u00a0<\/p>\n<p>In einer weiteren, repr\u00e4sentativen Umfrage ermittelte der Verband, dass die Bundesb\u00fcrger planen, in diesem Jahr durchschnittlich 295 Euro f\u00fcr Weihnachtsgeschenke auszugeben.<\/p>\n<p><strong>Mehr zum Thema<\/strong>\u00a0\u2013<a rel=\"nofollow noopener\" target=\"_blank\" href=\"https:\/\/freedert.online\/kurzclips\/video\/186376-anstieg-um-44-zahl-insolvenzen\/\">\u00a0Anstieg um 44 Prozent: Zahl der Insolvenzen steigt \u2013 Einzelhandel verzweifelt<\/a><\/p>\n<\/div>\n<p><br \/>\n<br \/><a href=\"https:\/\/de.rt.com\/inland\/186876-aussichten-truebe-weihnachtsgeschaeft-ohne-impulse\/\">Source link <\/a><\/p>\n","protected":false},"excerpt":{"rendered":"<p>Der deutsche Einzelhandel hat in diesem Jahr wenig Hoffnung auf ein gutes Weihnachtsgesch\u00e4ft. Es wird vielmehr gegen\u00fcber dem Vorjahreszeitraum ein reales Umsatz-Minus erwartet und bef\u00fcrchtet, denn Mieten und Strompreise belasten die Verbraucher. Rund ein Drittel der Einzelh\u00e4ndler bewerten ihre Situation negativ. Der Handelsverband Deutschland (HDE), der Spitzenverband des deutschen Einzelhandels, rechnet in diesem Jahr mit [&hellip;]<\/p>\n","protected":false},"author":3,"featured_media":49694,"comment_status":"open","ping_status":"open","sticky":false,"template":"","format":"standard","meta":{"_yoast_indexnow_last_ping":["1699896499"],"wp_automatic_camp":["217"],"8e10f6286102eb7acd454cbd0e015c9b":["Einzelhandel: Wenig Vorfreude auf das Weihnachtsgesch\u00e4ft"],"original_link":["https:\/\/de.rt.com\/inland\/186876-aussichten-truebe-weihnachtsgeschaeft-ohne-impulse\/"],"_thumbnail_id":["49694"],"_wptgpro_p2tg_sent2tg":["a:1:{i:23737;s:19:\"2023-11-13 19:29:26\";}"],"jnews_social_counter_last_update":["1777622014"]},"categories":[19,23],"tags":[133,427,30014,37894,35476,12768],"yoast_head":"<!-- This site is optimized with the Yoast SEO Premium plugin v22.7 (Yoast SEO v22.7) - https:\/\/yoast.com\/wordpress\/plugins\/seo\/ -->\n<title>Einzelhandel: Wenig Vorfreude auf das Weihnachtsgesch\u00e4ft - just-now.NEWS Deutschland<\/title>\n<meta name=\"robots\" content=\"index, follow, max-snippet:-1, max-image-preview:large, max-video-preview:-1\" \/>\n<link rel=\"canonical\" href=\"https:\/\/now-news.de\/de\/deutschland\/einzelhandel-wenig-vorfreude-auf-das-weihnachtsgeschaeft\/\" \/>\n<meta property=\"og:locale\" content=\"de_DE\" \/>\n<meta property=\"og:type\" content=\"article\" \/>\n<meta property=\"og:title\" content=\"Einzelhandel: Wenig Vorfreude auf das Weihnachtsgesch\u00e4ft\" \/>\n<meta property=\"og:description\" content=\"Der deutsche Einzelhandel hat in diesem Jahr wenig Hoffnung auf ein gutes Weihnachtsgesch\u00e4ft. Es wird vielmehr gegen\u00fcber dem Vorjahreszeitraum ein reales Umsatz-Minus erwartet und bef\u00fcrchtet, denn Mieten und Strompreise belasten die Verbraucher. Rund ein Drittel der Einzelh\u00e4ndler bewerten ihre Situation negativ. Der Handelsverband Deutschland (HDE), der Spitzenverband des deutschen Einzelhandels, rechnet in diesem Jahr mit [&hellip;]\" \/>\n<meta property=\"og:url\" content=\"https:\/\/now-news.de\/de\/deutschland\/einzelhandel-wenig-vorfreude-auf-das-weihnachtsgeschaeft\/\" \/>\n<meta property=\"og:site_name\" content=\"just-now.NEWS Deutschland\" \/>\n<meta property=\"article:publisher\" content=\"https:\/\/www.facebook.com\/wirmachenauf\" \/>\n<meta property=\"article:published_time\" content=\"2023-11-13T16:57:36+00:00\" \/>\n<meta property=\"og:image\" content=\"https:\/\/now-news.de\/de\/wp-content\/uploads\/sites\/3\/2023\/11\/Einzelhandel-Wenig-Vorfreude-auf-das-Weihnachtsgeschaeft.jpg\" \/>\n\t<meta property=\"og:image:width\" content=\"460\" \/>\n\t<meta property=\"og:image:height\" content=\"259\" \/>\n\t<meta property=\"og:image:type\" content=\"image\/jpeg\" \/>\n<meta name=\"author\" content=\"rtnews\" \/>\n<meta name=\"twitter:card\" content=\"summary_large_image\" \/>\n<meta name=\"twitter:creator\" content=\"@WirMachenAuf_de\" \/>\n<meta name=\"twitter:site\" content=\"@WirMachenAuf_de\" \/>\n<meta name=\"twitter:label1\" content=\"Verfasst von\" \/>\n\t<meta name=\"twitter:data1\" content=\"rtnews\" \/>\n\t<meta name=\"twitter:label2\" content=\"Gesch\u00e4tzte Lesezeit\" \/>\n\t<meta name=\"twitter:data2\" content=\"2\u00a0Minuten\" \/>\n<script type=\"application\/ld+json\" class=\"yoast-schema-graph\">{\"@context\":\"https:\/\/schema.org\",\"@graph\":[{\"@type\":\"Article\",\"@id\":\"https:\/\/now-news.de\/de\/deutschland\/einzelhandel-wenig-vorfreude-auf-das-weihnachtsgeschaeft\/#article\",\"isPartOf\":{\"@id\":\"https:\/\/now-news.de\/de\/deutschland\/einzelhandel-wenig-vorfreude-auf-das-weihnachtsgeschaeft\/\"},\"author\":{\"name\":\"rtnews\",\"@id\":\"https:\/\/now-news.de\/de\/#\/schema\/person\/fb534a4e865501d8b3285208df34a9b5\"},\"headline\":\"Einzelhandel: Wenig Vorfreude auf das Weihnachtsgesch\u00e4ft\",\"datePublished\":\"2023-11-13T16:57:36+00:00\",\"dateModified\":\"2023-11-13T16:57:36+00:00\",\"mainEntityOfPage\":{\"@id\":\"https:\/\/now-news.de\/de\/deutschland\/einzelhandel-wenig-vorfreude-auf-das-weihnachtsgeschaeft\/\"},\"wordCount\":332,\"commentCount\":0,\"publisher\":{\"@id\":\"https:\/\/now-news.de\/de\/#organization\"},\"image\":{\"@id\":\"https:\/\/now-news.de\/de\/deutschland\/einzelhandel-wenig-vorfreude-auf-das-weihnachtsgeschaeft\/#primaryimage\"},\"thumbnailUrl\":\"https:\/\/now-news.de\/de\/wp-content\/uploads\/sites\/3\/2023\/11\/Einzelhandel-Wenig-Vorfreude-auf-das-Weihnachtsgeschaeft.jpg\",\"keywords\":[\"AUF\",\"das\",\"Einzelhandel\",\"Vorfreude\",\"Weihnachtsgesch\u00e4ft\",\"wenig\"],\"articleSection\":[\"Deutschland\",\"Russland\"],\"inLanguage\":\"de\",\"potentialAction\":[{\"@type\":\"CommentAction\",\"name\":\"Comment\",\"target\":[\"https:\/\/now-news.de\/de\/deutschland\/einzelhandel-wenig-vorfreude-auf-das-weihnachtsgeschaeft\/#respond\"]}]},{\"@type\":\"WebPage\",\"@id\":\"https:\/\/now-news.de\/de\/deutschland\/einzelhandel-wenig-vorfreude-auf-das-weihnachtsgeschaeft\/\",\"url\":\"https:\/\/now-news.de\/de\/deutschland\/einzelhandel-wenig-vorfreude-auf-das-weihnachtsgeschaeft\/\",\"name\":\"Einzelhandel: Wenig Vorfreude auf das Weihnachtsgesch\u00e4ft - just-now.NEWS Deutschland\",\"isPartOf\":{\"@id\":\"https:\/\/now-news.de\/de\/#website\"},\"primaryImageOfPage\":{\"@id\":\"https:\/\/now-news.de\/de\/deutschland\/einzelhandel-wenig-vorfreude-auf-das-weihnachtsgeschaeft\/#primaryimage\"},\"image\":{\"@id\":\"https:\/\/now-news.de\/de\/deutschland\/einzelhandel-wenig-vorfreude-auf-das-weihnachtsgeschaeft\/#primaryimage\"},\"thumbnailUrl\":\"https:\/\/now-news.de\/de\/wp-content\/uploads\/sites\/3\/2023\/11\/Einzelhandel-Wenig-Vorfreude-auf-das-Weihnachtsgeschaeft.jpg\",\"datePublished\":\"2023-11-13T16:57:36+00:00\",\"dateModified\":\"2023-11-13T16:57:36+00:00\",\"breadcrumb\":{\"@id\":\"https:\/\/now-news.de\/de\/deutschland\/einzelhandel-wenig-vorfreude-auf-das-weihnachtsgeschaeft\/#breadcrumb\"},\"inLanguage\":\"de\",\"potentialAction\":[{\"@type\":\"ReadAction\",\"target\":[\"https:\/\/now-news.de\/de\/deutschland\/einzelhandel-wenig-vorfreude-auf-das-weihnachtsgeschaeft\/\"]}]},{\"@type\":\"ImageObject\",\"inLanguage\":\"de\",\"@id\":\"https:\/\/now-news.de\/de\/deutschland\/einzelhandel-wenig-vorfreude-auf-das-weihnachtsgeschaeft\/#primaryimage\",\"url\":\"https:\/\/now-news.de\/de\/wp-content\/uploads\/sites\/3\/2023\/11\/Einzelhandel-Wenig-Vorfreude-auf-das-Weihnachtsgeschaeft.jpg\",\"contentUrl\":\"https:\/\/now-news.de\/de\/wp-content\/uploads\/sites\/3\/2023\/11\/Einzelhandel-Wenig-Vorfreude-auf-das-Weihnachtsgeschaeft.jpg\",\"width\":460,\"height\":259,\"caption\":\"Einzelhandel: Wenig Vorfreude auf das Weihnachtsgesch\u00e4ft\"},{\"@type\":\"BreadcrumbList\",\"@id\":\"https:\/\/now-news.de\/de\/deutschland\/einzelhandel-wenig-vorfreude-auf-das-weihnachtsgeschaeft\/#breadcrumb\",\"itemListElement\":[{\"@type\":\"ListItem\",\"position\":1,\"name\":\"Home\",\"item\":\"https:\/\/now-news.de\/de\/\"},{\"@type\":\"ListItem\",\"position\":2,\"name\":\"Einzelhandel: Wenig Vorfreude auf das Weihnachtsgesch\u00e4ft\"}]},{\"@type\":\"WebSite\",\"@id\":\"https:\/\/now-news.de\/de\/#website\",\"url\":\"https:\/\/now-news.de\/de\/\",\"name\":\"just-now.NEWS Deutschland\",\"description\":\"Das Portal f\u00fcr unzensierte Nachrichten aus der Welt\",\"publisher\":{\"@id\":\"https:\/\/now-news.de\/de\/#organization\"},\"potentialAction\":[{\"@type\":\"SearchAction\",\"target\":{\"@type\":\"EntryPoint\",\"urlTemplate\":\"https:\/\/now-news.de\/de\/?s={search_term_string}\"},\"query-input\":\"required name=search_term_string\"}],\"inLanguage\":\"de\"},{\"@type\":\"Organization\",\"@id\":\"https:\/\/now-news.de\/de\/#organization\",\"name\":\"Just Now News\",\"url\":\"https:\/\/now-news.de\/de\/\",\"logo\":{\"@type\":\"ImageObject\",\"inLanguage\":\"de\",\"@id\":\"https:\/\/now-news.de\/de\/#\/schema\/logo\/image\/\",\"url\":\"http:\/\/just-now.news\/de\/wp-content\/uploads\/sites\/3\/2022\/04\/logo500x500.jpg\",\"contentUrl\":\"http:\/\/just-now.news\/de\/wp-content\/uploads\/sites\/3\/2022\/04\/logo500x500.jpg\",\"width\":500,\"height\":500,\"caption\":\"Just Now News\"},\"image\":{\"@id\":\"https:\/\/now-news.de\/de\/#\/schema\/logo\/image\/\"},\"sameAs\":[\"https:\/\/www.facebook.com\/wirmachenauf\",\"https:\/\/x.com\/WirMachenAuf_de\"]},{\"@type\":\"Person\",\"@id\":\"https:\/\/now-news.de\/de\/#\/schema\/person\/fb534a4e865501d8b3285208df34a9b5\",\"name\":\"rtnews\",\"image\":{\"@type\":\"ImageObject\",\"inLanguage\":\"de\",\"@id\":\"https:\/\/now-news.de\/de\/#\/schema\/person\/image\/\",\"url\":\"https:\/\/secure.gravatar.com\/avatar\/82aafea7d8127119dd649515f56e2117?s=96&d=mm&r=g\",\"contentUrl\":\"https:\/\/secure.gravatar.com\/avatar\/82aafea7d8127119dd649515f56e2117?s=96&d=mm&r=g\",\"caption\":\"rtnews\"},\"url\":\"https:\/\/now-news.de\/de\/author\/rnews\/\"}]}<\/script>\n<!-- \/ Yoast SEO Premium plugin. -->","yoast_head_json":{"title":"Einzelhandel: Wenig Vorfreude auf das Weihnachtsgesch\u00e4ft - just-now.NEWS Deutschland","robots":{"index":"index","follow":"follow","max-snippet":"max-snippet:-1","max-image-preview":"max-image-preview:large","max-video-preview":"max-video-preview:-1"},"canonical":"https:\/\/now-news.de\/de\/deutschland\/einzelhandel-wenig-vorfreude-auf-das-weihnachtsgeschaeft\/","og_locale":"de_DE","og_type":"article","og_title":"Einzelhandel: Wenig Vorfreude auf das Weihnachtsgesch\u00e4ft","og_description":"Der deutsche Einzelhandel hat in diesem Jahr wenig Hoffnung auf ein gutes Weihnachtsgesch\u00e4ft. Es wird vielmehr gegen\u00fcber dem Vorjahreszeitraum ein reales Umsatz-Minus erwartet und bef\u00fcrchtet, denn Mieten und Strompreise belasten die Verbraucher. Rund ein Drittel der Einzelh\u00e4ndler bewerten ihre Situation negativ. Der Handelsverband Deutschland (HDE), der Spitzenverband des deutschen Einzelhandels, rechnet in diesem Jahr mit [&hellip;]","og_url":"https:\/\/now-news.de\/de\/deutschland\/einzelhandel-wenig-vorfreude-auf-das-weihnachtsgeschaeft\/","og_site_name":"just-now.NEWS Deutschland","article_publisher":"https:\/\/www.facebook.com\/wirmachenauf","article_published_time":"2023-11-13T16:57:36+00:00","og_image":[{"width":460,"height":259,"url":"https:\/\/now-news.de\/de\/wp-content\/uploads\/sites\/3\/2023\/11\/Einzelhandel-Wenig-Vorfreude-auf-das-Weihnachtsgeschaeft.jpg","type":"image\/jpeg"}],"author":"rtnews","twitter_card":"summary_large_image","twitter_creator":"@WirMachenAuf_de","twitter_site":"@WirMachenAuf_de","twitter_misc":{"Verfasst von":"rtnews","Gesch\u00e4tzte Lesezeit":"2\u00a0Minuten"},"schema":{"@context":"https:\/\/schema.org","@graph":[{"@type":"Article","@id":"https:\/\/now-news.de\/de\/deutschland\/einzelhandel-wenig-vorfreude-auf-das-weihnachtsgeschaeft\/#article","isPartOf":{"@id":"https:\/\/now-news.de\/de\/deutschland\/einzelhandel-wenig-vorfreude-auf-das-weihnachtsgeschaeft\/"},"author":{"name":"rtnews","@id":"https:\/\/now-news.de\/de\/#\/schema\/person\/fb534a4e865501d8b3285208df34a9b5"},"headline":"Einzelhandel: Wenig Vorfreude auf das Weihnachtsgesch\u00e4ft","datePublished":"2023-11-13T16:57:36+00:00","dateModified":"2023-11-13T16:57:36+00:00","mainEntityOfPage":{"@id":"https:\/\/now-news.de\/de\/deutschland\/einzelhandel-wenig-vorfreude-auf-das-weihnachtsgeschaeft\/"},"wordCount":332,"commentCount":0,"publisher":{"@id":"https:\/\/now-news.de\/de\/#organization"},"image":{"@id":"https:\/\/now-news.de\/de\/deutschland\/einzelhandel-wenig-vorfreude-auf-das-weihnachtsgeschaeft\/#primaryimage"},"thumbnailUrl":"https:\/\/now-news.de\/de\/wp-content\/uploads\/sites\/3\/2023\/11\/Einzelhandel-Wenig-Vorfreude-auf-das-Weihnachtsgeschaeft.jpg","keywords":["AUF","das","Einzelhandel","Vorfreude","Weihnachtsgesch\u00e4ft","wenig"],"articleSection":["Deutschland","Russland"],"inLanguage":"de","potentialAction":[{"@type":"CommentAction","name":"Comment","target":["https:\/\/now-news.de\/de\/deutschland\/einzelhandel-wenig-vorfreude-auf-das-weihnachtsgeschaeft\/#respond"]}]},{"@type":"WebPage","@id":"https:\/\/now-news.de\/de\/deutschland\/einzelhandel-wenig-vorfreude-auf-das-weihnachtsgeschaeft\/","url":"https:\/\/now-news.de\/de\/deutschland\/einzelhandel-wenig-vorfreude-auf-das-weihnachtsgeschaeft\/","name":"Einzelhandel: Wenig Vorfreude auf das Weihnachtsgesch\u00e4ft - just-now.NEWS Deutschland","isPartOf":{"@id":"https:\/\/now-news.de\/de\/#website"},"primaryImageOfPage":{"@id":"https:\/\/now-news.de\/de\/deutschland\/einzelhandel-wenig-vorfreude-auf-das-weihnachtsgeschaeft\/#primaryimage"},"image":{"@id":"https:\/\/now-news.de\/de\/deutschland\/einzelhandel-wenig-vorfreude-auf-das-weihnachtsgeschaeft\/#primaryimage"},"thumbnailUrl":"https:\/\/now-news.de\/de\/wp-content\/uploads\/sites\/3\/2023\/11\/Einzelhandel-Wenig-Vorfreude-auf-das-Weihnachtsgeschaeft.jpg","datePublished":"2023-11-13T16:57:36+00:00","dateModified":"2023-11-13T16:57:36+00:00","breadcrumb":{"@id":"https:\/\/now-news.de\/de\/deutschland\/einzelhandel-wenig-vorfreude-auf-das-weihnachtsgeschaeft\/#breadcrumb"},"inLanguage":"de","potentialAction":[{"@type":"ReadAction","target":["https:\/\/now-news.de\/de\/deutschland\/einzelhandel-wenig-vorfreude-auf-das-weihnachtsgeschaeft\/"]}]},{"@type":"ImageObject","inLanguage":"de","@id":"https:\/\/now-news.de\/de\/deutschland\/einzelhandel-wenig-vorfreude-auf-das-weihnachtsgeschaeft\/#primaryimage","url":"https:\/\/now-news.de\/de\/wp-content\/uploads\/sites\/3\/2023\/11\/Einzelhandel-Wenig-Vorfreude-auf-das-Weihnachtsgeschaeft.jpg","contentUrl":"https:\/\/now-news.de\/de\/wp-content\/uploads\/sites\/3\/2023\/11\/Einzelhandel-Wenig-Vorfreude-auf-das-Weihnachtsgeschaeft.jpg","width":460,"height":259,"caption":"Einzelhandel: Wenig Vorfreude auf das Weihnachtsgesch\u00e4ft"},{"@type":"BreadcrumbList","@id":"https:\/\/now-news.de\/de\/deutschland\/einzelhandel-wenig-vorfreude-auf-das-weihnachtsgeschaeft\/#breadcrumb","itemListElement":[{"@type":"ListItem","position":1,"name":"Home","item":"https:\/\/now-news.de\/de\/"},{"@type":"ListItem","position":2,"name":"Einzelhandel: Wenig Vorfreude auf das Weihnachtsgesch\u00e4ft"}]},{"@type":"WebSite","@id":"https:\/\/now-news.de\/de\/#website","url":"https:\/\/now-news.de\/de\/","name":"just-now.NEWS Deutschland","description":"Das Portal f\u00fcr unzensierte Nachrichten aus der Welt","publisher":{"@id":"https:\/\/now-news.de\/de\/#organization"},"potentialAction":[{"@type":"SearchAction","target":{"@type":"EntryPoint","urlTemplate":"https:\/\/now-news.de\/de\/?s={search_term_string}"},"query-input":"required name=search_term_string"}],"inLanguage":"de"},{"@type":"Organization","@id":"https:\/\/now-news.de\/de\/#organization","name":"Just Now News","url":"https:\/\/now-news.de\/de\/","logo":{"@type":"ImageObject","inLanguage":"de","@id":"https:\/\/now-news.de\/de\/#\/schema\/logo\/image\/","url":"http:\/\/just-now.news\/de\/wp-content\/uploads\/sites\/3\/2022\/04\/logo500x500.jpg","contentUrl":"http:\/\/just-now.news\/de\/wp-content\/uploads\/sites\/3\/2022\/04\/logo500x500.jpg","width":500,"height":500,"caption":"Just Now News"},"image":{"@id":"https:\/\/now-news.de\/de\/#\/schema\/logo\/image\/"},"sameAs":["https:\/\/www.facebook.com\/wirmachenauf","https:\/\/x.com\/WirMachenAuf_de"]},{"@type":"Person","@id":"https:\/\/now-news.de\/de\/#\/schema\/person\/fb534a4e865501d8b3285208df34a9b5","name":"rtnews","image":{"@type":"ImageObject","inLanguage":"de","@id":"https:\/\/now-news.de\/de\/#\/schema\/person\/image\/","url":"https:\/\/secure.gravatar.com\/avatar\/82aafea7d8127119dd649515f56e2117?s=96&d=mm&r=g","contentUrl":"https:\/\/secure.gravatar.com\/avatar\/82aafea7d8127119dd649515f56e2117?s=96&d=mm&r=g","caption":"rtnews"},"url":"https:\/\/now-news.de\/de\/author\/rnews\/"}]}},"_links":{"self":[{"href":"https:\/\/now-news.de\/de\/wp-json\/wp\/v2\/posts\/49693"}],"collection":[{"href":"https:\/\/now-news.de\/de\/wp-json\/wp\/v2\/posts"}],"about":[{"href":"https:\/\/now-news.de\/de\/wp-json\/wp\/v2\/types\/post"}],"author":[{"embeddable":true,"href":"https:\/\/now-news.de\/de\/wp-json\/wp\/v2\/users\/3"}],"replies":[{"embeddable":true,"href":"https:\/\/now-news.de\/de\/wp-json\/wp\/v2\/comments?post=49693"}],"version-history":[{"count":0,"href":"https:\/\/now-news.de\/de\/wp-json\/wp\/v2\/posts\/49693\/revisions"}],"wp:featuredmedia":[{"embeddable":true,"href":"https:\/\/now-news.de\/de\/wp-json\/wp\/v2\/media\/49694"}],"wp:attachment":[{"href":"https:\/\/now-news.de\/de\/wp-json\/wp\/v2\/media?parent=49693"}],"wp:term":[{"taxonomy":"category","embeddable":true,"href":"https:\/\/now-news.de\/de\/wp-json\/wp\/v2\/categories?post=49693"},{"taxonomy":"post_tag","embeddable":true,"href":"https:\/\/now-news.de\/de\/wp-json\/wp\/v2\/tags?post=49693"}],"curies":[{"name":"wp","href":"https:\/\/api.w.org\/{rel}","templated":true}]}}