{"id":49687,"date":"2023-11-13T18:04:58","date_gmt":"2023-11-13T16:04:58","guid":{"rendered":"https:\/\/just-now.news\/de\/deutschland\/19-verletzte-bei-schulbusunglueck-in-baden-wuerttemberg\/"},"modified":"2023-11-13T18:04:58","modified_gmt":"2023-11-13T16:04:58","slug":"19-verletzte-bei-schulbusunglueck-in-baden-wuerttemberg","status":"publish","type":"post","link":"https:\/\/now-news.de\/de\/deutschland\/19-verletzte-bei-schulbusunglueck-in-baden-wuerttemberg\/","title":{"rendered":"19 Verletzte bei Schulbusungl\u00fcck in Baden-W\u00fcrttemberg"},"content":{"rendered":"<p><img decoding=\"async\" src=\"http:\/\/just-now.news\/de\/wp-content\/uploads\/sites\/3\/2023\/11\/655242d048fbef7b164df2d4.jpg\" \/><\/p>\n<div class=\"Text-root Text-type_1 \">\n                Bei einem Unfall mit einem Schulbus im Kreis Ravensburg in Baden-W\u00fcrttemberg sind am Montagmittag 19 Personen verletzt worden, eine darunter schwer. Der Bus war von der Fahrbahn abgekommen und in einen Graben gefahren. Es entstand hoher Sachschaden.\n            <\/div>\n<p><\/p>\n<div class=\"Text-root Text-type_5 ArticleView-text ViewText-root \">\n<p>Bei Bad Waldsee im Kreis Ravensburg in Baden-W\u00fcrttemberg hat sich am Montagmittag ein Verkehrsunfall mit einem Schulbus ereignet. Das Ungl\u00fcck geschah auf der Kreisstra\u00dfe zwischen den Stadtteilen Lenatweiler und Steinenberg von Bad Waldsee. Laut Polizei kam der Bus von der Stra\u00dfe ab und st\u00fcrzte in einen Abwassergraben. Laut Angaben der \u00f6rtlichen Polizei wurden dabei eine Person schwer und weitere 18\u00a0Personen leicht verletzt. Es wird von einem Sachschaden in sechsstelliger H\u00f6he ausgegangen.<\/p>\n<p>In dem Bus befanden sich laut Polizei insgesamt 36 Menschen. Alle Verletzten, unter ihnen Sch\u00fcler und Erwachsene im Alter zwischen 9 und 21 Jahren, seien inzwischen in Krankenh\u00e4user gebracht worden. Gemeinsam mit dem Rotem Kreuz richte man eine Betreuungsstelle f\u00fcr Sch\u00fcler und Eltern ein.<\/p>\n<p>Warum der Bus von der\u00a0Stra\u00dfe abkam, ist noch nicht bekannt. Polizei und Rettungskr\u00e4fte waren mit einem Gro\u00dfaufgebot an der Unfallstelle im Einsatz.\u00a0<\/p>\n<p><strong>Mehr zum Thema<\/strong> &#8211; <a rel=\"nofollow noopener\" target=\"_blank\" href=\"https:\/\/freedert.online\/inland\/183592-bayern-unfall-nach-schleuserverfolgung-sieben\/\">Bayern: Unfall nach Schleuserverfolgung \u2013 Sieben Tote und \u00fcber 20 Verletzte, auch Kinder<\/a><\/p>\n<\/div>\n<p><br \/>\n<br \/><a href=\"https:\/\/de.rt.com\/inland\/186899-19-verletzte-bei-schulbusunglueck-in\/\">Source link <\/a><\/p>\n","protected":false},"excerpt":{"rendered":"<p>Bei einem Unfall mit einem Schulbus im Kreis Ravensburg in Baden-W\u00fcrttemberg sind am Montagmittag 19 Personen verletzt worden, eine darunter schwer. Der Bus war von der Fahrbahn abgekommen und in einen Graben gefahren. Es entstand hoher Sachschaden. Bei Bad Waldsee im Kreis Ravensburg in Baden-W\u00fcrttemberg hat sich am Montagmittag ein Verkehrsunfall mit einem Schulbus ereignet. [&hellip;]<\/p>\n","protected":false},"author":3,"featured_media":49688,"comment_status":"open","ping_status":"open","sticky":false,"template":"","format":"standard","meta":{"_yoast_indexnow_last_ping":["1699891634"],"wp_automatic_camp":["217"],"8e5388cdb90d517ef2f573ba47a0ff7a":["19 Verletzte bei Schulbusungl\u00fcck in Baden-W\u00fcrttemberg"],"original_link":["https:\/\/de.rt.com\/inland\/186899-19-verletzte-bei-schulbusunglueck-in\/"],"_thumbnail_id":["49688"],"_wptgpro_p2tg_sent2tg":["a:1:{i:23737;s:19:\"2023-11-13 18:08:22\";}"],"jnews_social_counter_last_update":["1777195898"]},"categories":[19,23],"tags":[25665,363,50609,1813],"yoast_head":"<!-- This site is optimized with the Yoast SEO Premium plugin v22.7 (Yoast SEO v22.7) - https:\/\/yoast.com\/wordpress\/plugins\/seo\/ -->\n<title>19 Verletzte bei Schulbusungl\u00fcck in Baden-W\u00fcrttemberg - just-now.NEWS Deutschland<\/title>\n<meta name=\"robots\" content=\"index, follow, max-snippet:-1, max-image-preview:large, max-video-preview:-1\" \/>\n<link rel=\"canonical\" href=\"https:\/\/now-news.de\/de\/deutschland\/19-verletzte-bei-schulbusunglueck-in-baden-wuerttemberg\/\" \/>\n<meta property=\"og:locale\" content=\"de_DE\" \/>\n<meta property=\"og:type\" content=\"article\" \/>\n<meta property=\"og:title\" content=\"19 Verletzte bei Schulbusungl\u00fcck in Baden-W\u00fcrttemberg\" \/>\n<meta property=\"og:description\" content=\"Bei einem Unfall mit einem Schulbus im Kreis Ravensburg in Baden-W\u00fcrttemberg sind am Montagmittag 19 Personen verletzt worden, eine darunter schwer. Der Bus war von der Fahrbahn abgekommen und in einen Graben gefahren. Es entstand hoher Sachschaden. Bei Bad Waldsee im Kreis Ravensburg in Baden-W\u00fcrttemberg hat sich am Montagmittag ein Verkehrsunfall mit einem Schulbus ereignet. [&hellip;]\" \/>\n<meta property=\"og:url\" content=\"https:\/\/now-news.de\/de\/deutschland\/19-verletzte-bei-schulbusunglueck-in-baden-wuerttemberg\/\" \/>\n<meta property=\"og:site_name\" content=\"just-now.NEWS Deutschland\" \/>\n<meta property=\"article:publisher\" content=\"https:\/\/www.facebook.com\/wirmachenauf\" \/>\n<meta property=\"article:published_time\" content=\"2023-11-13T16:04:58+00:00\" \/>\n<meta property=\"og:image\" content=\"https:\/\/now-news.de\/de\/wp-content\/uploads\/sites\/3\/2023\/11\/19-Verletzte-bei-Schulbusunglueck-in-Baden-Wuerttemberg.jpg\" \/>\n\t<meta property=\"og:image:width\" content=\"460\" \/>\n\t<meta property=\"og:image:height\" content=\"259\" \/>\n\t<meta property=\"og:image:type\" content=\"image\/jpeg\" \/>\n<meta name=\"author\" content=\"rtnews\" \/>\n<meta name=\"twitter:card\" content=\"summary_large_image\" \/>\n<meta name=\"twitter:creator\" content=\"@WirMachenAuf_de\" \/>\n<meta name=\"twitter:site\" content=\"@WirMachenAuf_de\" \/>\n<meta name=\"twitter:label1\" content=\"Verfasst von\" \/>\n\t<meta name=\"twitter:data1\" content=\"rtnews\" \/>\n\t<meta name=\"twitter:label2\" content=\"Gesch\u00e4tzte Lesezeit\" \/>\n\t<meta name=\"twitter:data2\" content=\"1\u00a0Minute\" \/>\n<script type=\"application\/ld+json\" class=\"yoast-schema-graph\">{\"@context\":\"https:\/\/schema.org\",\"@graph\":[{\"@type\":\"Article\",\"@id\":\"https:\/\/now-news.de\/de\/deutschland\/19-verletzte-bei-schulbusunglueck-in-baden-wuerttemberg\/#article\",\"isPartOf\":{\"@id\":\"https:\/\/now-news.de\/de\/deutschland\/19-verletzte-bei-schulbusunglueck-in-baden-wuerttemberg\/\"},\"author\":{\"name\":\"rtnews\",\"@id\":\"https:\/\/now-news.de\/de\/#\/schema\/person\/fb534a4e865501d8b3285208df34a9b5\"},\"headline\":\"19 Verletzte bei Schulbusungl\u00fcck in Baden-W\u00fcrttemberg\",\"datePublished\":\"2023-11-13T16:04:58+00:00\",\"dateModified\":\"2023-11-13T16:04:58+00:00\",\"mainEntityOfPage\":{\"@id\":\"https:\/\/now-news.de\/de\/deutschland\/19-verletzte-bei-schulbusunglueck-in-baden-wuerttemberg\/\"},\"wordCount\":210,\"commentCount\":0,\"publisher\":{\"@id\":\"https:\/\/now-news.de\/de\/#organization\"},\"image\":{\"@id\":\"https:\/\/now-news.de\/de\/deutschland\/19-verletzte-bei-schulbusunglueck-in-baden-wuerttemberg\/#primaryimage\"},\"thumbnailUrl\":\"https:\/\/now-news.de\/de\/wp-content\/uploads\/sites\/3\/2023\/11\/19-Verletzte-bei-Schulbusunglueck-in-Baden-Wuerttemberg.jpg\",\"keywords\":[\"BadenW\u00fcrttemberg\",\"bei\",\"Schulbusungl\u00fcck\",\"Verletzte\"],\"articleSection\":[\"Deutschland\",\"Russland\"],\"inLanguage\":\"de\",\"potentialAction\":[{\"@type\":\"CommentAction\",\"name\":\"Comment\",\"target\":[\"https:\/\/now-news.de\/de\/deutschland\/19-verletzte-bei-schulbusunglueck-in-baden-wuerttemberg\/#respond\"]}]},{\"@type\":\"WebPage\",\"@id\":\"https:\/\/now-news.de\/de\/deutschland\/19-verletzte-bei-schulbusunglueck-in-baden-wuerttemberg\/\",\"url\":\"https:\/\/now-news.de\/de\/deutschland\/19-verletzte-bei-schulbusunglueck-in-baden-wuerttemberg\/\",\"name\":\"19 Verletzte bei Schulbusungl\u00fcck in Baden-W\u00fcrttemberg - just-now.NEWS Deutschland\",\"isPartOf\":{\"@id\":\"https:\/\/now-news.de\/de\/#website\"},\"primaryImageOfPage\":{\"@id\":\"https:\/\/now-news.de\/de\/deutschland\/19-verletzte-bei-schulbusunglueck-in-baden-wuerttemberg\/#primaryimage\"},\"image\":{\"@id\":\"https:\/\/now-news.de\/de\/deutschland\/19-verletzte-bei-schulbusunglueck-in-baden-wuerttemberg\/#primaryimage\"},\"thumbnailUrl\":\"https:\/\/now-news.de\/de\/wp-content\/uploads\/sites\/3\/2023\/11\/19-Verletzte-bei-Schulbusunglueck-in-Baden-Wuerttemberg.jpg\",\"datePublished\":\"2023-11-13T16:04:58+00:00\",\"dateModified\":\"2023-11-13T16:04:58+00:00\",\"breadcrumb\":{\"@id\":\"https:\/\/now-news.de\/de\/deutschland\/19-verletzte-bei-schulbusunglueck-in-baden-wuerttemberg\/#breadcrumb\"},\"inLanguage\":\"de\",\"potentialAction\":[{\"@type\":\"ReadAction\",\"target\":[\"https:\/\/now-news.de\/de\/deutschland\/19-verletzte-bei-schulbusunglueck-in-baden-wuerttemberg\/\"]}]},{\"@type\":\"ImageObject\",\"inLanguage\":\"de\",\"@id\":\"https:\/\/now-news.de\/de\/deutschland\/19-verletzte-bei-schulbusunglueck-in-baden-wuerttemberg\/#primaryimage\",\"url\":\"https:\/\/now-news.de\/de\/wp-content\/uploads\/sites\/3\/2023\/11\/19-Verletzte-bei-Schulbusunglueck-in-Baden-Wuerttemberg.jpg\",\"contentUrl\":\"https:\/\/now-news.de\/de\/wp-content\/uploads\/sites\/3\/2023\/11\/19-Verletzte-bei-Schulbusunglueck-in-Baden-Wuerttemberg.jpg\",\"width\":460,\"height\":259,\"caption\":\"19 Verletzte bei Schulbusungl\u00fcck in Baden-W\u00fcrttemberg\"},{\"@type\":\"BreadcrumbList\",\"@id\":\"https:\/\/now-news.de\/de\/deutschland\/19-verletzte-bei-schulbusunglueck-in-baden-wuerttemberg\/#breadcrumb\",\"itemListElement\":[{\"@type\":\"ListItem\",\"position\":1,\"name\":\"Home\",\"item\":\"https:\/\/now-news.de\/de\/\"},{\"@type\":\"ListItem\",\"position\":2,\"name\":\"19 Verletzte bei Schulbusungl\u00fcck in Baden-W\u00fcrttemberg\"}]},{\"@type\":\"WebSite\",\"@id\":\"https:\/\/now-news.de\/de\/#website\",\"url\":\"https:\/\/now-news.de\/de\/\",\"name\":\"just-now.NEWS Deutschland\",\"description\":\"Das Portal f\u00fcr unzensierte Nachrichten aus der Welt\",\"publisher\":{\"@id\":\"https:\/\/now-news.de\/de\/#organization\"},\"potentialAction\":[{\"@type\":\"SearchAction\",\"target\":{\"@type\":\"EntryPoint\",\"urlTemplate\":\"https:\/\/now-news.de\/de\/?s={search_term_string}\"},\"query-input\":\"required name=search_term_string\"}],\"inLanguage\":\"de\"},{\"@type\":\"Organization\",\"@id\":\"https:\/\/now-news.de\/de\/#organization\",\"name\":\"Just Now News\",\"url\":\"https:\/\/now-news.de\/de\/\",\"logo\":{\"@type\":\"ImageObject\",\"inLanguage\":\"de\",\"@id\":\"https:\/\/now-news.de\/de\/#\/schema\/logo\/image\/\",\"url\":\"http:\/\/just-now.news\/de\/wp-content\/uploads\/sites\/3\/2022\/04\/logo500x500.jpg\",\"contentUrl\":\"http:\/\/just-now.news\/de\/wp-content\/uploads\/sites\/3\/2022\/04\/logo500x500.jpg\",\"width\":500,\"height\":500,\"caption\":\"Just Now News\"},\"image\":{\"@id\":\"https:\/\/now-news.de\/de\/#\/schema\/logo\/image\/\"},\"sameAs\":[\"https:\/\/www.facebook.com\/wirmachenauf\",\"https:\/\/x.com\/WirMachenAuf_de\"]},{\"@type\":\"Person\",\"@id\":\"https:\/\/now-news.de\/de\/#\/schema\/person\/fb534a4e865501d8b3285208df34a9b5\",\"name\":\"rtnews\",\"image\":{\"@type\":\"ImageObject\",\"inLanguage\":\"de\",\"@id\":\"https:\/\/now-news.de\/de\/#\/schema\/person\/image\/\",\"url\":\"https:\/\/secure.gravatar.com\/avatar\/82aafea7d8127119dd649515f56e2117?s=96&d=mm&r=g\",\"contentUrl\":\"https:\/\/secure.gravatar.com\/avatar\/82aafea7d8127119dd649515f56e2117?s=96&d=mm&r=g\",\"caption\":\"rtnews\"},\"url\":\"https:\/\/now-news.de\/de\/author\/rnews\/\"}]}<\/script>\n<!-- \/ Yoast SEO Premium plugin. -->","yoast_head_json":{"title":"19 Verletzte bei Schulbusungl\u00fcck in Baden-W\u00fcrttemberg - just-now.NEWS Deutschland","robots":{"index":"index","follow":"follow","max-snippet":"max-snippet:-1","max-image-preview":"max-image-preview:large","max-video-preview":"max-video-preview:-1"},"canonical":"https:\/\/now-news.de\/de\/deutschland\/19-verletzte-bei-schulbusunglueck-in-baden-wuerttemberg\/","og_locale":"de_DE","og_type":"article","og_title":"19 Verletzte bei Schulbusungl\u00fcck in Baden-W\u00fcrttemberg","og_description":"Bei einem Unfall mit einem Schulbus im Kreis Ravensburg in Baden-W\u00fcrttemberg sind am Montagmittag 19 Personen verletzt worden, eine darunter schwer. Der Bus war von der Fahrbahn abgekommen und in einen Graben gefahren. Es entstand hoher Sachschaden. Bei Bad Waldsee im Kreis Ravensburg in Baden-W\u00fcrttemberg hat sich am Montagmittag ein Verkehrsunfall mit einem Schulbus ereignet. [&hellip;]","og_url":"https:\/\/now-news.de\/de\/deutschland\/19-verletzte-bei-schulbusunglueck-in-baden-wuerttemberg\/","og_site_name":"just-now.NEWS Deutschland","article_publisher":"https:\/\/www.facebook.com\/wirmachenauf","article_published_time":"2023-11-13T16:04:58+00:00","og_image":[{"width":460,"height":259,"url":"https:\/\/now-news.de\/de\/wp-content\/uploads\/sites\/3\/2023\/11\/19-Verletzte-bei-Schulbusunglueck-in-Baden-Wuerttemberg.jpg","type":"image\/jpeg"}],"author":"rtnews","twitter_card":"summary_large_image","twitter_creator":"@WirMachenAuf_de","twitter_site":"@WirMachenAuf_de","twitter_misc":{"Verfasst von":"rtnews","Gesch\u00e4tzte Lesezeit":"1\u00a0Minute"},"schema":{"@context":"https:\/\/schema.org","@graph":[{"@type":"Article","@id":"https:\/\/now-news.de\/de\/deutschland\/19-verletzte-bei-schulbusunglueck-in-baden-wuerttemberg\/#article","isPartOf":{"@id":"https:\/\/now-news.de\/de\/deutschland\/19-verletzte-bei-schulbusunglueck-in-baden-wuerttemberg\/"},"author":{"name":"rtnews","@id":"https:\/\/now-news.de\/de\/#\/schema\/person\/fb534a4e865501d8b3285208df34a9b5"},"headline":"19 Verletzte bei Schulbusungl\u00fcck in Baden-W\u00fcrttemberg","datePublished":"2023-11-13T16:04:58+00:00","dateModified":"2023-11-13T16:04:58+00:00","mainEntityOfPage":{"@id":"https:\/\/now-news.de\/de\/deutschland\/19-verletzte-bei-schulbusunglueck-in-baden-wuerttemberg\/"},"wordCount":210,"commentCount":0,"publisher":{"@id":"https:\/\/now-news.de\/de\/#organization"},"image":{"@id":"https:\/\/now-news.de\/de\/deutschland\/19-verletzte-bei-schulbusunglueck-in-baden-wuerttemberg\/#primaryimage"},"thumbnailUrl":"https:\/\/now-news.de\/de\/wp-content\/uploads\/sites\/3\/2023\/11\/19-Verletzte-bei-Schulbusunglueck-in-Baden-Wuerttemberg.jpg","keywords":["BadenW\u00fcrttemberg","bei","Schulbusungl\u00fcck","Verletzte"],"articleSection":["Deutschland","Russland"],"inLanguage":"de","potentialAction":[{"@type":"CommentAction","name":"Comment","target":["https:\/\/now-news.de\/de\/deutschland\/19-verletzte-bei-schulbusunglueck-in-baden-wuerttemberg\/#respond"]}]},{"@type":"WebPage","@id":"https:\/\/now-news.de\/de\/deutschland\/19-verletzte-bei-schulbusunglueck-in-baden-wuerttemberg\/","url":"https:\/\/now-news.de\/de\/deutschland\/19-verletzte-bei-schulbusunglueck-in-baden-wuerttemberg\/","name":"19 Verletzte bei Schulbusungl\u00fcck in Baden-W\u00fcrttemberg - just-now.NEWS Deutschland","isPartOf":{"@id":"https:\/\/now-news.de\/de\/#website"},"primaryImageOfPage":{"@id":"https:\/\/now-news.de\/de\/deutschland\/19-verletzte-bei-schulbusunglueck-in-baden-wuerttemberg\/#primaryimage"},"image":{"@id":"https:\/\/now-news.de\/de\/deutschland\/19-verletzte-bei-schulbusunglueck-in-baden-wuerttemberg\/#primaryimage"},"thumbnailUrl":"https:\/\/now-news.de\/de\/wp-content\/uploads\/sites\/3\/2023\/11\/19-Verletzte-bei-Schulbusunglueck-in-Baden-Wuerttemberg.jpg","datePublished":"2023-11-13T16:04:58+00:00","dateModified":"2023-11-13T16:04:58+00:00","breadcrumb":{"@id":"https:\/\/now-news.de\/de\/deutschland\/19-verletzte-bei-schulbusunglueck-in-baden-wuerttemberg\/#breadcrumb"},"inLanguage":"de","potentialAction":[{"@type":"ReadAction","target":["https:\/\/now-news.de\/de\/deutschland\/19-verletzte-bei-schulbusunglueck-in-baden-wuerttemberg\/"]}]},{"@type":"ImageObject","inLanguage":"de","@id":"https:\/\/now-news.de\/de\/deutschland\/19-verletzte-bei-schulbusunglueck-in-baden-wuerttemberg\/#primaryimage","url":"https:\/\/now-news.de\/de\/wp-content\/uploads\/sites\/3\/2023\/11\/19-Verletzte-bei-Schulbusunglueck-in-Baden-Wuerttemberg.jpg","contentUrl":"https:\/\/now-news.de\/de\/wp-content\/uploads\/sites\/3\/2023\/11\/19-Verletzte-bei-Schulbusunglueck-in-Baden-Wuerttemberg.jpg","width":460,"height":259,"caption":"19 Verletzte bei Schulbusungl\u00fcck in Baden-W\u00fcrttemberg"},{"@type":"BreadcrumbList","@id":"https:\/\/now-news.de\/de\/deutschland\/19-verletzte-bei-schulbusunglueck-in-baden-wuerttemberg\/#breadcrumb","itemListElement":[{"@type":"ListItem","position":1,"name":"Home","item":"https:\/\/now-news.de\/de\/"},{"@type":"ListItem","position":2,"name":"19 Verletzte bei Schulbusungl\u00fcck in Baden-W\u00fcrttemberg"}]},{"@type":"WebSite","@id":"https:\/\/now-news.de\/de\/#website","url":"https:\/\/now-news.de\/de\/","name":"just-now.NEWS Deutschland","description":"Das Portal f\u00fcr unzensierte Nachrichten aus der Welt","publisher":{"@id":"https:\/\/now-news.de\/de\/#organization"},"potentialAction":[{"@type":"SearchAction","target":{"@type":"EntryPoint","urlTemplate":"https:\/\/now-news.de\/de\/?s={search_term_string}"},"query-input":"required name=search_term_string"}],"inLanguage":"de"},{"@type":"Organization","@id":"https:\/\/now-news.de\/de\/#organization","name":"Just Now News","url":"https:\/\/now-news.de\/de\/","logo":{"@type":"ImageObject","inLanguage":"de","@id":"https:\/\/now-news.de\/de\/#\/schema\/logo\/image\/","url":"http:\/\/just-now.news\/de\/wp-content\/uploads\/sites\/3\/2022\/04\/logo500x500.jpg","contentUrl":"http:\/\/just-now.news\/de\/wp-content\/uploads\/sites\/3\/2022\/04\/logo500x500.jpg","width":500,"height":500,"caption":"Just Now News"},"image":{"@id":"https:\/\/now-news.de\/de\/#\/schema\/logo\/image\/"},"sameAs":["https:\/\/www.facebook.com\/wirmachenauf","https:\/\/x.com\/WirMachenAuf_de"]},{"@type":"Person","@id":"https:\/\/now-news.de\/de\/#\/schema\/person\/fb534a4e865501d8b3285208df34a9b5","name":"rtnews","image":{"@type":"ImageObject","inLanguage":"de","@id":"https:\/\/now-news.de\/de\/#\/schema\/person\/image\/","url":"https:\/\/secure.gravatar.com\/avatar\/82aafea7d8127119dd649515f56e2117?s=96&d=mm&r=g","contentUrl":"https:\/\/secure.gravatar.com\/avatar\/82aafea7d8127119dd649515f56e2117?s=96&d=mm&r=g","caption":"rtnews"},"url":"https:\/\/now-news.de\/de\/author\/rnews\/"}]}},"_links":{"self":[{"href":"https:\/\/now-news.de\/de\/wp-json\/wp\/v2\/posts\/49687"}],"collection":[{"href":"https:\/\/now-news.de\/de\/wp-json\/wp\/v2\/posts"}],"about":[{"href":"https:\/\/now-news.de\/de\/wp-json\/wp\/v2\/types\/post"}],"author":[{"embeddable":true,"href":"https:\/\/now-news.de\/de\/wp-json\/wp\/v2\/users\/3"}],"replies":[{"embeddable":true,"href":"https:\/\/now-news.de\/de\/wp-json\/wp\/v2\/comments?post=49687"}],"version-history":[{"count":0,"href":"https:\/\/now-news.de\/de\/wp-json\/wp\/v2\/posts\/49687\/revisions"}],"wp:featuredmedia":[{"embeddable":true,"href":"https:\/\/now-news.de\/de\/wp-json\/wp\/v2\/media\/49688"}],"wp:attachment":[{"href":"https:\/\/now-news.de\/de\/wp-json\/wp\/v2\/media?parent=49687"}],"wp:term":[{"taxonomy":"category","embeddable":true,"href":"https:\/\/now-news.de\/de\/wp-json\/wp\/v2\/categories?post=49687"},{"taxonomy":"post_tag","embeddable":true,"href":"https:\/\/now-news.de\/de\/wp-json\/wp\/v2\/tags?post=49687"}],"curies":[{"name":"wp","href":"https:\/\/api.w.org\/{rel}","templated":true}]}}