{"id":49685,"date":"2023-11-13T17:46:52","date_gmt":"2023-11-13T15:46:52","guid":{"rendered":"https:\/\/just-now.news\/de\/deutschland\/nach-der-trennung-wechselt-oezdemir-nach-stuttgart\/"},"modified":"2023-11-13T17:46:52","modified_gmt":"2023-11-13T15:46:52","slug":"nach-der-trennung-wechselt-oezdemir-nach-stuttgart","status":"publish","type":"post","link":"https:\/\/now-news.de\/de\/deutschland\/nach-der-trennung-wechselt-oezdemir-nach-stuttgart\/","title":{"rendered":"Nach der Trennung: Wechselt \u00d6zdemir nach Stuttgart?"},"content":{"rendered":"<p><img decoding=\"async\" src=\"http:\/\/just-now.news\/de\/wp-content\/uploads\/sites\/3\/2023\/11\/65523dc1b480cc70f3073bdf.jpg\" \/><\/p>\n<div class=\"Text-root Text-type_1 \">\n                Cem \u00d6zdemir hat sich von seiner Frau getrennt. Was nach einer Boulevardmeldung klingt, hat auch eine politische Dimension. Denn pl\u00f6tzlich scheint ein Wechsel des Landwirtschaftsministers nach Stuttgart m\u00f6glich, wo er den greisen Winfried Kretschmann beerben k\u00f6nnte.\n            <\/div>\n<p><\/p>\n<div class=\"Text-root Text-type_5 ArticleView-text ViewText-root \">\n<p>Bundeslandwirtschaftsminister Cem \u00d6zdemir hat sich von seiner Ehefrau getrennt. Diese Meldung schwappte am Montagmorgen als &#8220;Breaking News&#8221; samt Push-Benachrichtigungen durch den deutschen Mainstream. Nur Stunden sp\u00e4ter ver\u00f6ffentlichte das Springerblatt <em>Bild<\/em> einen Folgeartikel von Chefreporter Peter Tiede, dessen Kernbotschaft lautete, dass mit der Trennung nun der Weg f\u00fcr einen Wechsel \u00d6zdemirs nach Stuttgart frei sei. Dort k\u00f6nnte er den greisen Ministerpr\u00e4sidenten Winfried Kretschmann beerben.<\/p>\n<p>\u00d6zdemir ist seit 2003 mit der aus Argentinien stammenden Pia Maria Castro verheiratet. Gemeinsam haben die beiden zwei Kinder. Castro ist Journalistin beim bundesdeutschen Staatssender <em>Deutsche Welle<\/em>. Erst vor wenigen Monaten wurde bekannt, dass sie f\u00fcr Moderationsauftr\u00e4ge <a rel=\"nofollow noopener\" target=\"_blank\" href=\"https:\/\/freedert.online\/inland\/172159-23-millionen-euro-an-gefaellige\/\">auch Zahlungen vom Ausw\u00e4rtigen Amt<\/a> erhielt, \u00fcber deren H\u00f6he sich die Bundesregierung ausschweigt. Laut <em>Bild<\/em> stand die Argentinierin bislang einem beruflichen Wechsel des Gr\u00fcnen-Politikers nach Stuttgart im Wege.<\/p>\n<p>Das Blatt schreibt beinahe gen\u00fcsslich, dass Castro die baden-w\u00fcrttembergische Landeshauptstadt zu &#8220;popelig&#8221; gewesen sei, und l\u00e4sst auch andere Reibungspunkte zwischen ihr und \u00d6zdemir erkennen:\u00a0<\/p>\n<blockquote>\n<p><em>&#8220;Der lebenslustigen, fleischverputzenden Weltenb\u00fcrgerin an der Seite des Vegetariers und Ex-Bierbotschafters war Stuttgart zu popelig, berichten Vertraute. Sie: Die in Argentinien geborene Tochter italienischer Eltern l\u00e4sst sich gern durch Salons und die Kulturszene der Weltstadt treiben (seit geraumer Zeit ohne ihn).&#8221;<\/em><\/p>\n<\/blockquote>\n<p>Seit Jahren h\u00e4tten diverse\u00a0Parteifreunde \u00d6zdemir &#8220;auf Knien&#8221; angefleht, nach Stuttgart zu wechseln, um dort die Nachfolge Kretschmanns anzutreten \u2013 und den Posten des Ministerpr\u00e4sidenten im L\u00e4ndle f\u00fcr die Gr\u00fcnen zu behaupten. Dieser betont zwar immer wieder, nicht amtsm\u00fcde zu sein, wirkt mit seinen 75 Jahren allerdings zunehmend verbraucht. Die n\u00e4chste Landtagswahl in Baden-W\u00fcrttemberg soll erst 2026 stattfinden. Damit bliebe gen\u00fcgend Zeit f\u00fcr einen geordneten \u00dcbergang deutlich vor der Wahl.<\/p>\n<p>Dass \u00d6zdemir Interesse am Posten des Landeschefs in Baden-W\u00fcrttemberg hat, ist kein Geheimnis und wird auch im Artikel noch einmal betont. Der Politiker wurde als Sohn t\u00fcrkischer Gastarbeiter 1965 im schw\u00e4bischen Urach geboren. Die deutsche Staatsb\u00fcrgerschaft beantragte er 1981 \u2013 auch, um der Wehrpflicht in der T\u00fcrkei zu entgehen. Spannender als das Regierungsamt in Stuttgart w\u00e4re f\u00fcr ihn wohl nur der unerreichbare Posten des Au\u00dfenministers. \u00d6zdemir ist in Baden-W\u00fcrttemberg durchaus beliebt. Bei der Bundestagswahl 2021 errang er im Wahlkreis Stuttgart I mit 40 Prozent der Erststimmen ein Direktmandat.<\/p>\n<p>Der <em>Bild<\/em>-Artikel l\u00e4sst auch durchblicken, dass \u00d6zdemir im Politikbetrieb alles andere als der verschmitzte und tiefenentspannte &#8220;anatolische Schwabe&#8221; ist. Tiede beschreibt, wie sich \u00d6zdemir bei der Regierungsbildung Ende 2021, als ein Wechsel nach Stuttgart aus famili\u00e4ren Gr\u00fcnden noch nicht m\u00f6glich war, mit rabiaten Methoden einen Regierungsposten sicherte:<\/p>\n<blockquote>\n<p><em>&#8220;Statt also im L\u00e4ndle langsam Landespolitik zu lernen, gr\u00e4tschte Gatte Cem sich lieber Ende November 2021 rabiat in letzter Sekunde in die Bundesregierung: mit einem brutalen Doppelfoul! Robert Habeck habe ihm einen Ministerposten zugesagt, lie\u00df er streuen. Und dann habe Habeck nicht liefern k\u00f6nnen, weil er allen Fl\u00fcgeln alles versprochen hatte.&#8221;<\/em><\/p>\n<\/blockquote>\n<p>\u00d6zdemir habe erst seinen als Biologen eigentlich besser qualifizierten Parteifreund Anton Hofreiter &#8220;aus dem Kabinett getreten&#8221; und &#8220;mit seiner Blutgr\u00e4tsche&#8221; auch einen Ministerposten f\u00fcr Katrin G\u00f6ring-Eckardt verhindert. Hofreiter k\u00f6nnte bei einem Wechsel \u00d6zdemirs nach Stuttgart doch noch zum Zuge kommen.<\/p>\n<p><em>Bild<\/em>-Autor Tiede, der durchscheinen l\u00e4sst, dass die Trennung \u00d6zdemirs im politischen Berlin kein Geheimnis war, erkl\u00e4rt zwar, dass der Politiker noch keine Entscheidung \u00fcber einen Wechsel getroffen habe. Allerdings k\u00f6nnte der Artikel selbst als Testballon dienen und den Abgang des Gr\u00fcnen aus Berlin vorbereiten.\u00a0<\/p>\n<p>\u00d6zdemirs politische Karriere hat wiederholt scharfe Wendungen genommen. Vor gut 20 Jahren schien\u00a0sie schon einmal beendet. Nach einem Skandal um Flugmeilen und ein Privatdarlehen von einem Lobbyisten gab er sein Mandat im Bundestag auf. Die transatlantische Lobbyorganisation German Marshall Fund fing ihn damals auf und erm\u00f6glichte ihm einen politischen Neustart. Diese Investition d\u00fcrfte sich gelohnt haben. Selbst <em>Bild<\/em> bezeichnet \u00d6zdemir als einen &#8220;ausgesprochenen US-Liebhaber&#8221;.<\/p>\n<p><strong>Mehr zum Thema<\/strong> &#8211; <a rel=\"nofollow noopener\" target=\"_blank\" href=\"https:\/\/freedert.online\/meinung\/172262-koerper-als-politikum-russen-als-nazi-wurzel-gruenen-kommen-immer-mehr-zum-vorschein\/\">Fleischverbot und Russenhass \u2013 Wie sich die Nazi-Wurzeln der Gr\u00fcnen in ihrer Politik widerspiegeln<\/a><\/p>\n<\/p>\n<\/div>\n<p><br \/>\n<br \/><a href=\"https:\/\/de.rt.com\/inland\/186875-nach-trennung-wechselt-oezdemir-nach\/\">Source link <\/a><\/p>\n","protected":false},"excerpt":{"rendered":"<p>Cem \u00d6zdemir hat sich von seiner Frau getrennt. Was nach einer Boulevardmeldung klingt, hat auch eine politische Dimension. Denn pl\u00f6tzlich scheint ein Wechsel des Landwirtschaftsministers nach Stuttgart m\u00f6glich, wo er den greisen Winfried Kretschmann beerben k\u00f6nnte. Bundeslandwirtschaftsminister Cem \u00d6zdemir hat sich von seiner Ehefrau getrennt. Diese Meldung schwappte am Montagmorgen als &#8220;Breaking News&#8221; samt Push-Benachrichtigungen [&hellip;]<\/p>\n","protected":false},"author":3,"featured_media":49686,"comment_status":"open","ping_status":"open","sticky":false,"template":"","format":"standard","meta":{"_yoast_indexnow_last_ping":["1699890581"],"wp_automatic_camp":["217"],"7e08b639927d843b8acb89e5df2c233a":["Nach der Trennung: Wechselt \u00d6zdemir nach Stuttgart?"],"original_link":["https:\/\/de.rt.com\/inland\/186875-nach-trennung-wechselt-oezdemir-nach\/"],"_thumbnail_id":["49686"],"jnews_social_counter_last_update":["1777207292"],"_wptgpro_p2tg_sent2tg":["a:1:{i:23737;s:19:\"2023-11-13 17:52:55\";}"]},"categories":[19,23],"tags":[82,979,2028,31306,19032,38342],"yoast_head":"<!-- This site is optimized with the Yoast SEO Premium plugin v22.7 (Yoast SEO v22.7) - https:\/\/yoast.com\/wordpress\/plugins\/seo\/ -->\n<title>Nach der Trennung: Wechselt \u00d6zdemir nach Stuttgart? - just-now.NEWS Deutschland<\/title>\n<meta name=\"robots\" content=\"index, follow, max-snippet:-1, max-image-preview:large, max-video-preview:-1\" \/>\n<link rel=\"canonical\" href=\"https:\/\/now-news.de\/de\/deutschland\/nach-der-trennung-wechselt-oezdemir-nach-stuttgart\/\" \/>\n<meta property=\"og:locale\" content=\"de_DE\" \/>\n<meta property=\"og:type\" content=\"article\" \/>\n<meta property=\"og:title\" content=\"Nach der Trennung: Wechselt \u00d6zdemir nach Stuttgart?\" \/>\n<meta property=\"og:description\" content=\"Cem \u00d6zdemir hat sich von seiner Frau getrennt. Was nach einer Boulevardmeldung klingt, hat auch eine politische Dimension. Denn pl\u00f6tzlich scheint ein Wechsel des Landwirtschaftsministers nach Stuttgart m\u00f6glich, wo er den greisen Winfried Kretschmann beerben k\u00f6nnte. Bundeslandwirtschaftsminister Cem \u00d6zdemir hat sich von seiner Ehefrau getrennt. Diese Meldung schwappte am Montagmorgen als &#8220;Breaking News&#8221; samt Push-Benachrichtigungen [&hellip;]\" \/>\n<meta property=\"og:url\" content=\"https:\/\/now-news.de\/de\/deutschland\/nach-der-trennung-wechselt-oezdemir-nach-stuttgart\/\" \/>\n<meta property=\"og:site_name\" content=\"just-now.NEWS Deutschland\" \/>\n<meta property=\"article:publisher\" content=\"https:\/\/www.facebook.com\/wirmachenauf\" \/>\n<meta property=\"article:published_time\" content=\"2023-11-13T15:46:52+00:00\" \/>\n<meta property=\"og:image\" content=\"https:\/\/now-news.de\/de\/wp-content\/uploads\/sites\/3\/2023\/11\/Nach-der-Trennung-Wechselt-Oezdemir-nach-Stuttgart.jpg\" \/>\n\t<meta property=\"og:image:width\" content=\"460\" \/>\n\t<meta property=\"og:image:height\" content=\"259\" \/>\n\t<meta property=\"og:image:type\" content=\"image\/jpeg\" \/>\n<meta name=\"author\" content=\"rtnews\" \/>\n<meta name=\"twitter:card\" content=\"summary_large_image\" \/>\n<meta name=\"twitter:creator\" content=\"@WirMachenAuf_de\" \/>\n<meta name=\"twitter:site\" content=\"@WirMachenAuf_de\" \/>\n<meta name=\"twitter:label1\" content=\"Verfasst von\" \/>\n\t<meta name=\"twitter:data1\" content=\"rtnews\" \/>\n\t<meta name=\"twitter:label2\" content=\"Gesch\u00e4tzte Lesezeit\" \/>\n\t<meta name=\"twitter:data2\" content=\"3\u00a0Minuten\" \/>\n<script type=\"application\/ld+json\" class=\"yoast-schema-graph\">{\"@context\":\"https:\/\/schema.org\",\"@graph\":[{\"@type\":\"Article\",\"@id\":\"https:\/\/now-news.de\/de\/deutschland\/nach-der-trennung-wechselt-oezdemir-nach-stuttgart\/#article\",\"isPartOf\":{\"@id\":\"https:\/\/now-news.de\/de\/deutschland\/nach-der-trennung-wechselt-oezdemir-nach-stuttgart\/\"},\"author\":{\"name\":\"rtnews\",\"@id\":\"https:\/\/now-news.de\/de\/#\/schema\/person\/fb534a4e865501d8b3285208df34a9b5\"},\"headline\":\"Nach der Trennung: Wechselt \u00d6zdemir nach Stuttgart?\",\"datePublished\":\"2023-11-13T15:46:52+00:00\",\"dateModified\":\"2023-11-13T15:46:52+00:00\",\"mainEntityOfPage\":{\"@id\":\"https:\/\/now-news.de\/de\/deutschland\/nach-der-trennung-wechselt-oezdemir-nach-stuttgart\/\"},\"wordCount\":705,\"commentCount\":0,\"publisher\":{\"@id\":\"https:\/\/now-news.de\/de\/#organization\"},\"image\":{\"@id\":\"https:\/\/now-news.de\/de\/deutschland\/nach-der-trennung-wechselt-oezdemir-nach-stuttgart\/#primaryimage\"},\"thumbnailUrl\":\"https:\/\/now-news.de\/de\/wp-content\/uploads\/sites\/3\/2023\/11\/Nach-der-Trennung-Wechselt-Oezdemir-nach-Stuttgart.jpg\",\"keywords\":[\"der\",\"nach\",\"\u00d6zdemir\",\"Stuttgart\",\"Trennung\",\"wechselt\"],\"articleSection\":[\"Deutschland\",\"Russland\"],\"inLanguage\":\"de\",\"potentialAction\":[{\"@type\":\"CommentAction\",\"name\":\"Comment\",\"target\":[\"https:\/\/now-news.de\/de\/deutschland\/nach-der-trennung-wechselt-oezdemir-nach-stuttgart\/#respond\"]}]},{\"@type\":\"WebPage\",\"@id\":\"https:\/\/now-news.de\/de\/deutschland\/nach-der-trennung-wechselt-oezdemir-nach-stuttgart\/\",\"url\":\"https:\/\/now-news.de\/de\/deutschland\/nach-der-trennung-wechselt-oezdemir-nach-stuttgart\/\",\"name\":\"Nach der Trennung: Wechselt \u00d6zdemir nach Stuttgart? - just-now.NEWS Deutschland\",\"isPartOf\":{\"@id\":\"https:\/\/now-news.de\/de\/#website\"},\"primaryImageOfPage\":{\"@id\":\"https:\/\/now-news.de\/de\/deutschland\/nach-der-trennung-wechselt-oezdemir-nach-stuttgart\/#primaryimage\"},\"image\":{\"@id\":\"https:\/\/now-news.de\/de\/deutschland\/nach-der-trennung-wechselt-oezdemir-nach-stuttgart\/#primaryimage\"},\"thumbnailUrl\":\"https:\/\/now-news.de\/de\/wp-content\/uploads\/sites\/3\/2023\/11\/Nach-der-Trennung-Wechselt-Oezdemir-nach-Stuttgart.jpg\",\"datePublished\":\"2023-11-13T15:46:52+00:00\",\"dateModified\":\"2023-11-13T15:46:52+00:00\",\"breadcrumb\":{\"@id\":\"https:\/\/now-news.de\/de\/deutschland\/nach-der-trennung-wechselt-oezdemir-nach-stuttgart\/#breadcrumb\"},\"inLanguage\":\"de\",\"potentialAction\":[{\"@type\":\"ReadAction\",\"target\":[\"https:\/\/now-news.de\/de\/deutschland\/nach-der-trennung-wechselt-oezdemir-nach-stuttgart\/\"]}]},{\"@type\":\"ImageObject\",\"inLanguage\":\"de\",\"@id\":\"https:\/\/now-news.de\/de\/deutschland\/nach-der-trennung-wechselt-oezdemir-nach-stuttgart\/#primaryimage\",\"url\":\"https:\/\/now-news.de\/de\/wp-content\/uploads\/sites\/3\/2023\/11\/Nach-der-Trennung-Wechselt-Oezdemir-nach-Stuttgart.jpg\",\"contentUrl\":\"https:\/\/now-news.de\/de\/wp-content\/uploads\/sites\/3\/2023\/11\/Nach-der-Trennung-Wechselt-Oezdemir-nach-Stuttgart.jpg\",\"width\":460,\"height\":259,\"caption\":\"Nach der Trennung: Wechselt \u00d6zdemir nach Stuttgart?\"},{\"@type\":\"BreadcrumbList\",\"@id\":\"https:\/\/now-news.de\/de\/deutschland\/nach-der-trennung-wechselt-oezdemir-nach-stuttgart\/#breadcrumb\",\"itemListElement\":[{\"@type\":\"ListItem\",\"position\":1,\"name\":\"Home\",\"item\":\"https:\/\/now-news.de\/de\/\"},{\"@type\":\"ListItem\",\"position\":2,\"name\":\"Nach der Trennung: Wechselt \u00d6zdemir nach Stuttgart?\"}]},{\"@type\":\"WebSite\",\"@id\":\"https:\/\/now-news.de\/de\/#website\",\"url\":\"https:\/\/now-news.de\/de\/\",\"name\":\"just-now.NEWS Deutschland\",\"description\":\"Das Portal f\u00fcr unzensierte Nachrichten aus der Welt\",\"publisher\":{\"@id\":\"https:\/\/now-news.de\/de\/#organization\"},\"potentialAction\":[{\"@type\":\"SearchAction\",\"target\":{\"@type\":\"EntryPoint\",\"urlTemplate\":\"https:\/\/now-news.de\/de\/?s={search_term_string}\"},\"query-input\":\"required name=search_term_string\"}],\"inLanguage\":\"de\"},{\"@type\":\"Organization\",\"@id\":\"https:\/\/now-news.de\/de\/#organization\",\"name\":\"Just Now News\",\"url\":\"https:\/\/now-news.de\/de\/\",\"logo\":{\"@type\":\"ImageObject\",\"inLanguage\":\"de\",\"@id\":\"https:\/\/now-news.de\/de\/#\/schema\/logo\/image\/\",\"url\":\"http:\/\/just-now.news\/de\/wp-content\/uploads\/sites\/3\/2022\/04\/logo500x500.jpg\",\"contentUrl\":\"http:\/\/just-now.news\/de\/wp-content\/uploads\/sites\/3\/2022\/04\/logo500x500.jpg\",\"width\":500,\"height\":500,\"caption\":\"Just Now News\"},\"image\":{\"@id\":\"https:\/\/now-news.de\/de\/#\/schema\/logo\/image\/\"},\"sameAs\":[\"https:\/\/www.facebook.com\/wirmachenauf\",\"https:\/\/x.com\/WirMachenAuf_de\"]},{\"@type\":\"Person\",\"@id\":\"https:\/\/now-news.de\/de\/#\/schema\/person\/fb534a4e865501d8b3285208df34a9b5\",\"name\":\"rtnews\",\"image\":{\"@type\":\"ImageObject\",\"inLanguage\":\"de\",\"@id\":\"https:\/\/now-news.de\/de\/#\/schema\/person\/image\/\",\"url\":\"https:\/\/secure.gravatar.com\/avatar\/82aafea7d8127119dd649515f56e2117?s=96&d=mm&r=g\",\"contentUrl\":\"https:\/\/secure.gravatar.com\/avatar\/82aafea7d8127119dd649515f56e2117?s=96&d=mm&r=g\",\"caption\":\"rtnews\"},\"url\":\"https:\/\/now-news.de\/de\/author\/rnews\/\"}]}<\/script>\n<!-- \/ Yoast SEO Premium plugin. -->","yoast_head_json":{"title":"Nach der Trennung: Wechselt \u00d6zdemir nach Stuttgart? - just-now.NEWS Deutschland","robots":{"index":"index","follow":"follow","max-snippet":"max-snippet:-1","max-image-preview":"max-image-preview:large","max-video-preview":"max-video-preview:-1"},"canonical":"https:\/\/now-news.de\/de\/deutschland\/nach-der-trennung-wechselt-oezdemir-nach-stuttgart\/","og_locale":"de_DE","og_type":"article","og_title":"Nach der Trennung: Wechselt \u00d6zdemir nach Stuttgart?","og_description":"Cem \u00d6zdemir hat sich von seiner Frau getrennt. Was nach einer Boulevardmeldung klingt, hat auch eine politische Dimension. Denn pl\u00f6tzlich scheint ein Wechsel des Landwirtschaftsministers nach Stuttgart m\u00f6glich, wo er den greisen Winfried Kretschmann beerben k\u00f6nnte. Bundeslandwirtschaftsminister Cem \u00d6zdemir hat sich von seiner Ehefrau getrennt. Diese Meldung schwappte am Montagmorgen als &#8220;Breaking News&#8221; samt Push-Benachrichtigungen [&hellip;]","og_url":"https:\/\/now-news.de\/de\/deutschland\/nach-der-trennung-wechselt-oezdemir-nach-stuttgart\/","og_site_name":"just-now.NEWS Deutschland","article_publisher":"https:\/\/www.facebook.com\/wirmachenauf","article_published_time":"2023-11-13T15:46:52+00:00","og_image":[{"width":460,"height":259,"url":"https:\/\/now-news.de\/de\/wp-content\/uploads\/sites\/3\/2023\/11\/Nach-der-Trennung-Wechselt-Oezdemir-nach-Stuttgart.jpg","type":"image\/jpeg"}],"author":"rtnews","twitter_card":"summary_large_image","twitter_creator":"@WirMachenAuf_de","twitter_site":"@WirMachenAuf_de","twitter_misc":{"Verfasst von":"rtnews","Gesch\u00e4tzte Lesezeit":"3\u00a0Minuten"},"schema":{"@context":"https:\/\/schema.org","@graph":[{"@type":"Article","@id":"https:\/\/now-news.de\/de\/deutschland\/nach-der-trennung-wechselt-oezdemir-nach-stuttgart\/#article","isPartOf":{"@id":"https:\/\/now-news.de\/de\/deutschland\/nach-der-trennung-wechselt-oezdemir-nach-stuttgart\/"},"author":{"name":"rtnews","@id":"https:\/\/now-news.de\/de\/#\/schema\/person\/fb534a4e865501d8b3285208df34a9b5"},"headline":"Nach der Trennung: Wechselt \u00d6zdemir nach Stuttgart?","datePublished":"2023-11-13T15:46:52+00:00","dateModified":"2023-11-13T15:46:52+00:00","mainEntityOfPage":{"@id":"https:\/\/now-news.de\/de\/deutschland\/nach-der-trennung-wechselt-oezdemir-nach-stuttgart\/"},"wordCount":705,"commentCount":0,"publisher":{"@id":"https:\/\/now-news.de\/de\/#organization"},"image":{"@id":"https:\/\/now-news.de\/de\/deutschland\/nach-der-trennung-wechselt-oezdemir-nach-stuttgart\/#primaryimage"},"thumbnailUrl":"https:\/\/now-news.de\/de\/wp-content\/uploads\/sites\/3\/2023\/11\/Nach-der-Trennung-Wechselt-Oezdemir-nach-Stuttgart.jpg","keywords":["der","nach","\u00d6zdemir","Stuttgart","Trennung","wechselt"],"articleSection":["Deutschland","Russland"],"inLanguage":"de","potentialAction":[{"@type":"CommentAction","name":"Comment","target":["https:\/\/now-news.de\/de\/deutschland\/nach-der-trennung-wechselt-oezdemir-nach-stuttgart\/#respond"]}]},{"@type":"WebPage","@id":"https:\/\/now-news.de\/de\/deutschland\/nach-der-trennung-wechselt-oezdemir-nach-stuttgart\/","url":"https:\/\/now-news.de\/de\/deutschland\/nach-der-trennung-wechselt-oezdemir-nach-stuttgart\/","name":"Nach der Trennung: Wechselt \u00d6zdemir nach Stuttgart? - just-now.NEWS Deutschland","isPartOf":{"@id":"https:\/\/now-news.de\/de\/#website"},"primaryImageOfPage":{"@id":"https:\/\/now-news.de\/de\/deutschland\/nach-der-trennung-wechselt-oezdemir-nach-stuttgart\/#primaryimage"},"image":{"@id":"https:\/\/now-news.de\/de\/deutschland\/nach-der-trennung-wechselt-oezdemir-nach-stuttgart\/#primaryimage"},"thumbnailUrl":"https:\/\/now-news.de\/de\/wp-content\/uploads\/sites\/3\/2023\/11\/Nach-der-Trennung-Wechselt-Oezdemir-nach-Stuttgart.jpg","datePublished":"2023-11-13T15:46:52+00:00","dateModified":"2023-11-13T15:46:52+00:00","breadcrumb":{"@id":"https:\/\/now-news.de\/de\/deutschland\/nach-der-trennung-wechselt-oezdemir-nach-stuttgart\/#breadcrumb"},"inLanguage":"de","potentialAction":[{"@type":"ReadAction","target":["https:\/\/now-news.de\/de\/deutschland\/nach-der-trennung-wechselt-oezdemir-nach-stuttgart\/"]}]},{"@type":"ImageObject","inLanguage":"de","@id":"https:\/\/now-news.de\/de\/deutschland\/nach-der-trennung-wechselt-oezdemir-nach-stuttgart\/#primaryimage","url":"https:\/\/now-news.de\/de\/wp-content\/uploads\/sites\/3\/2023\/11\/Nach-der-Trennung-Wechselt-Oezdemir-nach-Stuttgart.jpg","contentUrl":"https:\/\/now-news.de\/de\/wp-content\/uploads\/sites\/3\/2023\/11\/Nach-der-Trennung-Wechselt-Oezdemir-nach-Stuttgart.jpg","width":460,"height":259,"caption":"Nach der Trennung: Wechselt \u00d6zdemir nach Stuttgart?"},{"@type":"BreadcrumbList","@id":"https:\/\/now-news.de\/de\/deutschland\/nach-der-trennung-wechselt-oezdemir-nach-stuttgart\/#breadcrumb","itemListElement":[{"@type":"ListItem","position":1,"name":"Home","item":"https:\/\/now-news.de\/de\/"},{"@type":"ListItem","position":2,"name":"Nach der Trennung: Wechselt \u00d6zdemir nach Stuttgart?"}]},{"@type":"WebSite","@id":"https:\/\/now-news.de\/de\/#website","url":"https:\/\/now-news.de\/de\/","name":"just-now.NEWS Deutschland","description":"Das Portal f\u00fcr unzensierte Nachrichten aus der Welt","publisher":{"@id":"https:\/\/now-news.de\/de\/#organization"},"potentialAction":[{"@type":"SearchAction","target":{"@type":"EntryPoint","urlTemplate":"https:\/\/now-news.de\/de\/?s={search_term_string}"},"query-input":"required name=search_term_string"}],"inLanguage":"de"},{"@type":"Organization","@id":"https:\/\/now-news.de\/de\/#organization","name":"Just Now News","url":"https:\/\/now-news.de\/de\/","logo":{"@type":"ImageObject","inLanguage":"de","@id":"https:\/\/now-news.de\/de\/#\/schema\/logo\/image\/","url":"http:\/\/just-now.news\/de\/wp-content\/uploads\/sites\/3\/2022\/04\/logo500x500.jpg","contentUrl":"http:\/\/just-now.news\/de\/wp-content\/uploads\/sites\/3\/2022\/04\/logo500x500.jpg","width":500,"height":500,"caption":"Just Now News"},"image":{"@id":"https:\/\/now-news.de\/de\/#\/schema\/logo\/image\/"},"sameAs":["https:\/\/www.facebook.com\/wirmachenauf","https:\/\/x.com\/WirMachenAuf_de"]},{"@type":"Person","@id":"https:\/\/now-news.de\/de\/#\/schema\/person\/fb534a4e865501d8b3285208df34a9b5","name":"rtnews","image":{"@type":"ImageObject","inLanguage":"de","@id":"https:\/\/now-news.de\/de\/#\/schema\/person\/image\/","url":"https:\/\/secure.gravatar.com\/avatar\/82aafea7d8127119dd649515f56e2117?s=96&d=mm&r=g","contentUrl":"https:\/\/secure.gravatar.com\/avatar\/82aafea7d8127119dd649515f56e2117?s=96&d=mm&r=g","caption":"rtnews"},"url":"https:\/\/now-news.de\/de\/author\/rnews\/"}]}},"_links":{"self":[{"href":"https:\/\/now-news.de\/de\/wp-json\/wp\/v2\/posts\/49685"}],"collection":[{"href":"https:\/\/now-news.de\/de\/wp-json\/wp\/v2\/posts"}],"about":[{"href":"https:\/\/now-news.de\/de\/wp-json\/wp\/v2\/types\/post"}],"author":[{"embeddable":true,"href":"https:\/\/now-news.de\/de\/wp-json\/wp\/v2\/users\/3"}],"replies":[{"embeddable":true,"href":"https:\/\/now-news.de\/de\/wp-json\/wp\/v2\/comments?post=49685"}],"version-history":[{"count":0,"href":"https:\/\/now-news.de\/de\/wp-json\/wp\/v2\/posts\/49685\/revisions"}],"wp:featuredmedia":[{"embeddable":true,"href":"https:\/\/now-news.de\/de\/wp-json\/wp\/v2\/media\/49686"}],"wp:attachment":[{"href":"https:\/\/now-news.de\/de\/wp-json\/wp\/v2\/media?parent=49685"}],"wp:term":[{"taxonomy":"category","embeddable":true,"href":"https:\/\/now-news.de\/de\/wp-json\/wp\/v2\/categories?post=49685"},{"taxonomy":"post_tag","embeddable":true,"href":"https:\/\/now-news.de\/de\/wp-json\/wp\/v2\/tags?post=49685"}],"curies":[{"name":"wp","href":"https:\/\/api.w.org\/{rel}","templated":true}]}}