{"id":49673,"date":"2023-11-13T13:59:28","date_gmt":"2023-11-13T11:59:28","guid":{"rendered":"https:\/\/just-now.news\/de\/deutschland\/bye-bye-suella-braverman-welcome-back-david-cameron-britischer-premier-bildet-regierung-um\/"},"modified":"2023-11-13T13:59:28","modified_gmt":"2023-11-13T11:59:28","slug":"bye-bye-suella-braverman-welcome-back-david-cameron-britischer-premier-bildet-regierung-um","status":"publish","type":"post","link":"https:\/\/now-news.de\/de\/deutschland\/bye-bye-suella-braverman-welcome-back-david-cameron-britischer-premier-bildet-regierung-um\/","title":{"rendered":"Bye bye Suella Braverman, welcome back David Cameron \u2013 britischer Premier bildet Regierung um"},"content":{"rendered":"<p><img decoding=\"async\" src=\"http:\/\/just-now.news\/de\/wp-content\/uploads\/sites\/3\/2023\/11\/655201acb480cc6fe829b778.jpg\" \/><\/p>\n<div class=\"Text-root Text-type_1 \">\n                Die Entscheidung des britischen Premiers Rishi Sunak, seine Innenministerin Suella Braverman nach deren Kritik an Polizei und propal\u00e4stinensischen Demonstrationen zu entlassen, hatte sich angedeutet. \u00dcberraschend ist hingegen  die Ernennung von Ex-Premier David Cameron zum neuen Au\u00dfenminister.\n            <\/div>\n<p><\/p>\n<div class=\"Text-root Text-type_5 ArticleView-text ViewText-root \">\n<p>Der britische Premierminister Rishi Sunak hat seine Innenministerin Suella Braverman entlassen. Der bisherige Au\u00dfenminister James Cleverly wurde zu Bravermans Nachfolger ernannt und der fr\u00fchere Premierminister David Cameron wird neuer britischer Au\u00dfenminister, wie die Regierung am Montag in London bekannt gab.<\/p>\n<p>Sunak habe mit seiner Kabinettsumbildung bereits die Parlamentswahl im kommenden Jahr im Blick, so britische Medien, die auch spekulieren, dass Braverman ihre Entlassung provoziert habe, um demn\u00e4chst Parteivorsitzende der Torys zu werden.<\/p>\n<p>Nach Angaben der Torys soll mit den Entscheidungen Sunaks das Regierungsteam &#8220;gest\u00e4rkt&#8221; werden. Die Konservativen schrieben auf X:<\/p>\n<blockquote>\n<p><em>&#8220;Heute hat Rishi Sunak sein Regierungsteam gest\u00e4rkt, um langfristige Entscheidungen f\u00fcr eine bessere Zukunft umzusetzen.&#8221;<\/em><\/p>\n<\/blockquote>\n<p>Braverman sagte gegen\u00fcber der\u00a0<em>BBC<\/em>\u00a0lediglich:<\/p>\n<blockquote>\n<p><em>&#8220;Es war die gr\u00f6\u00dfte Ehre meines Lebens, Innenministerin zu sein (\u2026) Ich werde zu gegebener Zeit mehr zu sagen haben.&#8221;<\/em><\/p>\n<\/blockquote>\n<p>Die 43-j\u00e4hrige Politikerin hatte letzte Woche mit einem Gastbeitrag in der\u00a0<em>Times<\/em>\u00a0zum Umgang der Polizei mit propal\u00e4stinensischen Protesten eine Kontroverse ausgel\u00f6st. Rechtsbr\u00fcche solcher Demonstranten w\u00fcrden weitgehend geduldet, behauptete sie, w\u00e4hrend gegen rechtsgerichtete und nationalistische Aktivisten mit harter Hand vorgegangen werde.<\/p>\n<p>Ein Sprecher Sunaks hatte am Donnerstag best\u00e4tigt, dass Bravermans Text nicht mit dem Regierungssitz 10 Downing Street abgestimmt war. Trotzdem habe der Regierungschef &#8220;volles Vertrauen&#8221; in die konservative Parteifreundin, so der Sprecher noch am Freitag<\/p>\n<\/p>\n<p><strong>Obdachlosigkeit ein &#8220;Lifestyle&#8221;<\/strong><\/p>\n<\/p>\n<p>Braverman hatte bereits f\u00fcr mehrere Skandale gesorgt. So war sie einen Tag vor dem R\u00fccktritt von Sunaks Vorg\u00e4ngerin Liz Truss aus deren Kabinett ausgeschieden, nachdem sie entgegen den ministeriellen Regeln ein offizielles Dokument mit ihrer privaten E-Mail-Adresse weitergeleitet hatte.<\/p>\n<p>Braverman steht f\u00fcr einen harten Kurs in der Einwanderungspolitik. Im September hatte sie in einer Rede die heutige Relevanz der Genfer Fl\u00fcchtlingskonvention infrage gestellt. Wiederholt sprach Braverman von einer &#8220;Invasion&#8221; und zuletzt von einem &#8220;Hurrikan&#8221;. Zudem wollte die Politikerin Wohlt\u00e4tigkeitsorganisationen die Weitergabe von Zelten an Obdachlose verbieten, die das Leben auf der Stra\u00dfe als &#8220;Lifestyle&#8221; gew\u00e4hlt h\u00e4tten.<\/p>\n<p>Viele Tories haben den Eindruck, dass Braverman mit Absicht auf Konfrontation gesetzt hatte, so britische Medien. &#8220;Sie ist auf einer Mission, dass sie entlassen werden will&#8221;, zitierte der Sender\u00a0<em>Sky News<\/em>\u00a0im Vorfeld der Entlassung einen Abgeordneten. Einige Beobachter und Beobachterinnen glauben, dass Braverman sp\u00e4testens nach der n\u00e4chsten Nachwahl, die vermutlich 2024 stattfinden wird und nach jetzigem Stand von den Torys mit gro\u00dfen Verlusten verloren werden d\u00fcrfte, die Parteif\u00fchrung beanspruchen wird.<\/p>\n<p>\u00dcberraschender als die Absetzung von Braverman ist die Ernennung des ehemaligen Premierministers David Cameron zum neuen Au\u00dfenminister. Cameron soll demnach auch ins britische Oberhaus berufen werden. 2016 war er als Premierminister zur\u00fcckgetreten, nachdem die Briten in dem von ihm anberaumten Referendum f\u00fcr den Austritt Gro\u00dfbritanniens aus der Europ\u00e4ischen Union gestimmt hatten. Cameron hatte damals f\u00fcr den Verbleib seines Landes in der EU geworben.<\/p>\n<\/p>\n<p><strong>Mehr zum Thema<\/strong> \u2013 <a rel=\"nofollow noopener\" target=\"_blank\" href=\"https:\/\/freeassange.rtde.life\/europa\/184778-studie-ueber-million-kinder-in-grossbritannien-leben-in-schwerster-armut\/\">Studie: \u00dcber eine Million Kinder in Gro\u00dfbritannien leben in schwerster Armut <\/a><\/p>\n<\/p>\n<div class=\"EmbedBlock-root EmbedBlock-externalVideo EmbedBlock-odysee\">\n<div class=\"VkEmbed\"><iframe class=\"lazyload\" data-src=\"https:\/\/odysee.com\/%24\/embed\/%40RTDE%3Ae%2F-Diese-Fabrik-liefert-Waffen-f%C3%BCr-einen-V%C3%B6lkermord----Engl%C3%A4nder-blockieren-BAE-Systems%3A0\" frameborder=\"0\" width=\"853\" height=\"480\" allowfullscreen><\/iframe><\/div>\n<\/div>\n<\/p>\n<\/div>\n<p><br \/>\n<br \/><a href=\"https:\/\/de.rt.com\/international\/186850-bye-bye-suella-braverman-welcome-back-david-cameron-briischer-premier-bildet-regierung-um\/\">Source link <\/a><\/p>\n","protected":false},"excerpt":{"rendered":"<p>Die Entscheidung des britischen Premiers Rishi Sunak, seine Innenministerin Suella Braverman nach deren Kritik an Polizei und propal\u00e4stinensischen Demonstrationen zu entlassen, hatte sich angedeutet. \u00dcberraschend ist hingegen die Ernennung von Ex-Premier David Cameron zum neuen Au\u00dfenminister. Der britische Premierminister Rishi Sunak hat seine Innenministerin Suella Braverman entlassen. Der bisherige Au\u00dfenminister James Cleverly wurde zu Bravermans [&hellip;]<\/p>\n","protected":false},"author":3,"featured_media":49674,"comment_status":"open","ping_status":"open","sticky":false,"template":"","format":"standard","meta":{"_yoast_indexnow_last_ping":["1699877725"],"wp_automatic_camp":["217"],"86fc0da815b0b43302a10dc4e8647fcb":["Bye bye Suella Braverman, welcome back David Cameron \u2013 britischer Premier bildet Regierung um"],"original_link":["https:\/\/de.rt.com\/international\/186850-bye-bye-suella-braverman-welcome-back-david-cameron-briischer-premier-bildet-regierung-um\/"],"_thumbnail_id":["49674"],"jnews_social_counter_last_update":["1777219641"],"_wptgpro_p2tg_sent2tg":["a:1:{i:23737;s:19:\"2023-11-13 14:16:06\";}"]},"categories":[19,23],"tags":[10864,50602,1085,30447,16848,2942,9770,46,50601],"yoast_head":"<!-- This site is optimized with the Yoast SEO Premium plugin v22.7 (Yoast SEO v22.7) - https:\/\/yoast.com\/wordpress\/plugins\/seo\/ -->\n<title>Bye bye Suella Braverman, welcome back David Cameron \u2013 britischer Premier bildet Regierung um - just-now.NEWS Deutschland<\/title>\n<meta name=\"robots\" content=\"index, follow, max-snippet:-1, max-image-preview:large, max-video-preview:-1\" \/>\n<link rel=\"canonical\" href=\"https:\/\/now-news.de\/de\/deutschland\/bye-bye-suella-braverman-welcome-back-david-cameron-britischer-premier-bildet-regierung-um\/\" \/>\n<meta property=\"og:locale\" content=\"de_DE\" \/>\n<meta property=\"og:type\" content=\"article\" \/>\n<meta property=\"og:title\" content=\"Bye bye Suella Braverman, welcome back David Cameron \u2013 britischer Premier bildet Regierung um\" \/>\n<meta property=\"og:description\" content=\"Die Entscheidung des britischen Premiers Rishi Sunak, seine Innenministerin Suella Braverman nach deren Kritik an Polizei und propal\u00e4stinensischen Demonstrationen zu entlassen, hatte sich angedeutet. \u00dcberraschend ist hingegen die Ernennung von Ex-Premier David Cameron zum neuen Au\u00dfenminister. Der britische Premierminister Rishi Sunak hat seine Innenministerin Suella Braverman entlassen. Der bisherige Au\u00dfenminister James Cleverly wurde zu Bravermans [&hellip;]\" \/>\n<meta property=\"og:url\" content=\"https:\/\/now-news.de\/de\/deutschland\/bye-bye-suella-braverman-welcome-back-david-cameron-britischer-premier-bildet-regierung-um\/\" \/>\n<meta property=\"og:site_name\" content=\"just-now.NEWS Deutschland\" \/>\n<meta property=\"article:publisher\" content=\"https:\/\/www.facebook.com\/wirmachenauf\" \/>\n<meta property=\"article:published_time\" content=\"2023-11-13T11:59:28+00:00\" \/>\n<meta property=\"og:image\" content=\"https:\/\/now-news.de\/de\/wp-content\/uploads\/sites\/3\/2023\/11\/Bye-bye-Suella-Braverman-welcome-back-David-Cameron-\u2013-britischer.jpg\" \/>\n\t<meta property=\"og:image:width\" content=\"460\" \/>\n\t<meta property=\"og:image:height\" content=\"259\" \/>\n\t<meta property=\"og:image:type\" content=\"image\/jpeg\" \/>\n<meta name=\"author\" content=\"rtnews\" \/>\n<meta name=\"twitter:card\" content=\"summary_large_image\" \/>\n<meta name=\"twitter:creator\" content=\"@WirMachenAuf_de\" \/>\n<meta name=\"twitter:site\" content=\"@WirMachenAuf_de\" \/>\n<meta name=\"twitter:label1\" content=\"Verfasst von\" \/>\n\t<meta name=\"twitter:data1\" content=\"rtnews\" \/>\n\t<meta name=\"twitter:label2\" content=\"Gesch\u00e4tzte Lesezeit\" \/>\n\t<meta name=\"twitter:data2\" content=\"3\u00a0Minuten\" \/>\n<script type=\"application\/ld+json\" class=\"yoast-schema-graph\">{\"@context\":\"https:\/\/schema.org\",\"@graph\":[{\"@type\":\"Article\",\"@id\":\"https:\/\/now-news.de\/de\/deutschland\/bye-bye-suella-braverman-welcome-back-david-cameron-britischer-premier-bildet-regierung-um\/#article\",\"isPartOf\":{\"@id\":\"https:\/\/now-news.de\/de\/deutschland\/bye-bye-suella-braverman-welcome-back-david-cameron-britischer-premier-bildet-regierung-um\/\"},\"author\":{\"name\":\"rtnews\",\"@id\":\"https:\/\/now-news.de\/de\/#\/schema\/person\/fb534a4e865501d8b3285208df34a9b5\"},\"headline\":\"Bye bye Suella Braverman, welcome back David Cameron \u2013 britischer Premier bildet Regierung um\",\"datePublished\":\"2023-11-13T11:59:28+00:00\",\"dateModified\":\"2023-11-13T11:59:28+00:00\",\"mainEntityOfPage\":{\"@id\":\"https:\/\/now-news.de\/de\/deutschland\/bye-bye-suella-braverman-welcome-back-david-cameron-britischer-premier-bildet-regierung-um\/\"},\"wordCount\":541,\"commentCount\":0,\"publisher\":{\"@id\":\"https:\/\/now-news.de\/de\/#organization\"},\"image\":{\"@id\":\"https:\/\/now-news.de\/de\/deutschland\/bye-bye-suella-braverman-welcome-back-david-cameron-britischer-premier-bildet-regierung-um\/#primaryimage\"},\"thumbnailUrl\":\"https:\/\/now-news.de\/de\/wp-content\/uploads\/sites\/3\/2023\/11\/Bye-bye-Suella-Braverman-welcome-back-David-Cameron-\u2013-britischer.jpg\",\"keywords\":[\"bildet\",\"Braverman\",\"Britischer\",\"Bye\",\"Cameron\",\"David\",\"Premier\",\"Regierung\",\"Suella\"],\"articleSection\":[\"Deutschland\",\"Russland\"],\"inLanguage\":\"de\",\"potentialAction\":[{\"@type\":\"CommentAction\",\"name\":\"Comment\",\"target\":[\"https:\/\/now-news.de\/de\/deutschland\/bye-bye-suella-braverman-welcome-back-david-cameron-britischer-premier-bildet-regierung-um\/#respond\"]}]},{\"@type\":\"WebPage\",\"@id\":\"https:\/\/now-news.de\/de\/deutschland\/bye-bye-suella-braverman-welcome-back-david-cameron-britischer-premier-bildet-regierung-um\/\",\"url\":\"https:\/\/now-news.de\/de\/deutschland\/bye-bye-suella-braverman-welcome-back-david-cameron-britischer-premier-bildet-regierung-um\/\",\"name\":\"Bye bye Suella Braverman, welcome back David Cameron \u2013 britischer Premier bildet Regierung um - just-now.NEWS Deutschland\",\"isPartOf\":{\"@id\":\"https:\/\/now-news.de\/de\/#website\"},\"primaryImageOfPage\":{\"@id\":\"https:\/\/now-news.de\/de\/deutschland\/bye-bye-suella-braverman-welcome-back-david-cameron-britischer-premier-bildet-regierung-um\/#primaryimage\"},\"image\":{\"@id\":\"https:\/\/now-news.de\/de\/deutschland\/bye-bye-suella-braverman-welcome-back-david-cameron-britischer-premier-bildet-regierung-um\/#primaryimage\"},\"thumbnailUrl\":\"https:\/\/now-news.de\/de\/wp-content\/uploads\/sites\/3\/2023\/11\/Bye-bye-Suella-Braverman-welcome-back-David-Cameron-\u2013-britischer.jpg\",\"datePublished\":\"2023-11-13T11:59:28+00:00\",\"dateModified\":\"2023-11-13T11:59:28+00:00\",\"breadcrumb\":{\"@id\":\"https:\/\/now-news.de\/de\/deutschland\/bye-bye-suella-braverman-welcome-back-david-cameron-britischer-premier-bildet-regierung-um\/#breadcrumb\"},\"inLanguage\":\"de\",\"potentialAction\":[{\"@type\":\"ReadAction\",\"target\":[\"https:\/\/now-news.de\/de\/deutschland\/bye-bye-suella-braverman-welcome-back-david-cameron-britischer-premier-bildet-regierung-um\/\"]}]},{\"@type\":\"ImageObject\",\"inLanguage\":\"de\",\"@id\":\"https:\/\/now-news.de\/de\/deutschland\/bye-bye-suella-braverman-welcome-back-david-cameron-britischer-premier-bildet-regierung-um\/#primaryimage\",\"url\":\"https:\/\/now-news.de\/de\/wp-content\/uploads\/sites\/3\/2023\/11\/Bye-bye-Suella-Braverman-welcome-back-David-Cameron-\u2013-britischer.jpg\",\"contentUrl\":\"https:\/\/now-news.de\/de\/wp-content\/uploads\/sites\/3\/2023\/11\/Bye-bye-Suella-Braverman-welcome-back-David-Cameron-\u2013-britischer.jpg\",\"width\":460,\"height\":259,\"caption\":\"Bye bye Suella Braverman, welcome back David Cameron \u2013 britischer Premier bildet Regierung um\"},{\"@type\":\"BreadcrumbList\",\"@id\":\"https:\/\/now-news.de\/de\/deutschland\/bye-bye-suella-braverman-welcome-back-david-cameron-britischer-premier-bildet-regierung-um\/#breadcrumb\",\"itemListElement\":[{\"@type\":\"ListItem\",\"position\":1,\"name\":\"Home\",\"item\":\"https:\/\/now-news.de\/de\/\"},{\"@type\":\"ListItem\",\"position\":2,\"name\":\"Bye bye Suella Braverman, welcome back David Cameron \u2013 britischer Premier bildet Regierung um\"}]},{\"@type\":\"WebSite\",\"@id\":\"https:\/\/now-news.de\/de\/#website\",\"url\":\"https:\/\/now-news.de\/de\/\",\"name\":\"just-now.NEWS Deutschland\",\"description\":\"Das Portal f\u00fcr unzensierte Nachrichten aus der Welt\",\"publisher\":{\"@id\":\"https:\/\/now-news.de\/de\/#organization\"},\"potentialAction\":[{\"@type\":\"SearchAction\",\"target\":{\"@type\":\"EntryPoint\",\"urlTemplate\":\"https:\/\/now-news.de\/de\/?s={search_term_string}\"},\"query-input\":\"required name=search_term_string\"}],\"inLanguage\":\"de\"},{\"@type\":\"Organization\",\"@id\":\"https:\/\/now-news.de\/de\/#organization\",\"name\":\"Just Now News\",\"url\":\"https:\/\/now-news.de\/de\/\",\"logo\":{\"@type\":\"ImageObject\",\"inLanguage\":\"de\",\"@id\":\"https:\/\/now-news.de\/de\/#\/schema\/logo\/image\/\",\"url\":\"http:\/\/just-now.news\/de\/wp-content\/uploads\/sites\/3\/2022\/04\/logo500x500.jpg\",\"contentUrl\":\"http:\/\/just-now.news\/de\/wp-content\/uploads\/sites\/3\/2022\/04\/logo500x500.jpg\",\"width\":500,\"height\":500,\"caption\":\"Just Now News\"},\"image\":{\"@id\":\"https:\/\/now-news.de\/de\/#\/schema\/logo\/image\/\"},\"sameAs\":[\"https:\/\/www.facebook.com\/wirmachenauf\",\"https:\/\/x.com\/WirMachenAuf_de\"]},{\"@type\":\"Person\",\"@id\":\"https:\/\/now-news.de\/de\/#\/schema\/person\/fb534a4e865501d8b3285208df34a9b5\",\"name\":\"rtnews\",\"image\":{\"@type\":\"ImageObject\",\"inLanguage\":\"de\",\"@id\":\"https:\/\/now-news.de\/de\/#\/schema\/person\/image\/\",\"url\":\"https:\/\/secure.gravatar.com\/avatar\/82aafea7d8127119dd649515f56e2117?s=96&d=mm&r=g\",\"contentUrl\":\"https:\/\/secure.gravatar.com\/avatar\/82aafea7d8127119dd649515f56e2117?s=96&d=mm&r=g\",\"caption\":\"rtnews\"},\"url\":\"https:\/\/now-news.de\/de\/author\/rnews\/\"}]}<\/script>\n<!-- \/ Yoast SEO Premium plugin. -->","yoast_head_json":{"title":"Bye bye Suella Braverman, welcome back David Cameron \u2013 britischer Premier bildet Regierung um - just-now.NEWS Deutschland","robots":{"index":"index","follow":"follow","max-snippet":"max-snippet:-1","max-image-preview":"max-image-preview:large","max-video-preview":"max-video-preview:-1"},"canonical":"https:\/\/now-news.de\/de\/deutschland\/bye-bye-suella-braverman-welcome-back-david-cameron-britischer-premier-bildet-regierung-um\/","og_locale":"de_DE","og_type":"article","og_title":"Bye bye Suella Braverman, welcome back David Cameron \u2013 britischer Premier bildet Regierung um","og_description":"Die Entscheidung des britischen Premiers Rishi Sunak, seine Innenministerin Suella Braverman nach deren Kritik an Polizei und propal\u00e4stinensischen Demonstrationen zu entlassen, hatte sich angedeutet. \u00dcberraschend ist hingegen die Ernennung von Ex-Premier David Cameron zum neuen Au\u00dfenminister. Der britische Premierminister Rishi Sunak hat seine Innenministerin Suella Braverman entlassen. Der bisherige Au\u00dfenminister James Cleverly wurde zu Bravermans [&hellip;]","og_url":"https:\/\/now-news.de\/de\/deutschland\/bye-bye-suella-braverman-welcome-back-david-cameron-britischer-premier-bildet-regierung-um\/","og_site_name":"just-now.NEWS Deutschland","article_publisher":"https:\/\/www.facebook.com\/wirmachenauf","article_published_time":"2023-11-13T11:59:28+00:00","og_image":[{"width":460,"height":259,"url":"https:\/\/now-news.de\/de\/wp-content\/uploads\/sites\/3\/2023\/11\/Bye-bye-Suella-Braverman-welcome-back-David-Cameron-\u2013-britischer.jpg","type":"image\/jpeg"}],"author":"rtnews","twitter_card":"summary_large_image","twitter_creator":"@WirMachenAuf_de","twitter_site":"@WirMachenAuf_de","twitter_misc":{"Verfasst von":"rtnews","Gesch\u00e4tzte Lesezeit":"3\u00a0Minuten"},"schema":{"@context":"https:\/\/schema.org","@graph":[{"@type":"Article","@id":"https:\/\/now-news.de\/de\/deutschland\/bye-bye-suella-braverman-welcome-back-david-cameron-britischer-premier-bildet-regierung-um\/#article","isPartOf":{"@id":"https:\/\/now-news.de\/de\/deutschland\/bye-bye-suella-braverman-welcome-back-david-cameron-britischer-premier-bildet-regierung-um\/"},"author":{"name":"rtnews","@id":"https:\/\/now-news.de\/de\/#\/schema\/person\/fb534a4e865501d8b3285208df34a9b5"},"headline":"Bye bye Suella Braverman, welcome back David Cameron \u2013 britischer Premier bildet Regierung um","datePublished":"2023-11-13T11:59:28+00:00","dateModified":"2023-11-13T11:59:28+00:00","mainEntityOfPage":{"@id":"https:\/\/now-news.de\/de\/deutschland\/bye-bye-suella-braverman-welcome-back-david-cameron-britischer-premier-bildet-regierung-um\/"},"wordCount":541,"commentCount":0,"publisher":{"@id":"https:\/\/now-news.de\/de\/#organization"},"image":{"@id":"https:\/\/now-news.de\/de\/deutschland\/bye-bye-suella-braverman-welcome-back-david-cameron-britischer-premier-bildet-regierung-um\/#primaryimage"},"thumbnailUrl":"https:\/\/now-news.de\/de\/wp-content\/uploads\/sites\/3\/2023\/11\/Bye-bye-Suella-Braverman-welcome-back-David-Cameron-\u2013-britischer.jpg","keywords":["bildet","Braverman","Britischer","Bye","Cameron","David","Premier","Regierung","Suella"],"articleSection":["Deutschland","Russland"],"inLanguage":"de","potentialAction":[{"@type":"CommentAction","name":"Comment","target":["https:\/\/now-news.de\/de\/deutschland\/bye-bye-suella-braverman-welcome-back-david-cameron-britischer-premier-bildet-regierung-um\/#respond"]}]},{"@type":"WebPage","@id":"https:\/\/now-news.de\/de\/deutschland\/bye-bye-suella-braverman-welcome-back-david-cameron-britischer-premier-bildet-regierung-um\/","url":"https:\/\/now-news.de\/de\/deutschland\/bye-bye-suella-braverman-welcome-back-david-cameron-britischer-premier-bildet-regierung-um\/","name":"Bye bye Suella Braverman, welcome back David Cameron \u2013 britischer Premier bildet Regierung um - just-now.NEWS Deutschland","isPartOf":{"@id":"https:\/\/now-news.de\/de\/#website"},"primaryImageOfPage":{"@id":"https:\/\/now-news.de\/de\/deutschland\/bye-bye-suella-braverman-welcome-back-david-cameron-britischer-premier-bildet-regierung-um\/#primaryimage"},"image":{"@id":"https:\/\/now-news.de\/de\/deutschland\/bye-bye-suella-braverman-welcome-back-david-cameron-britischer-premier-bildet-regierung-um\/#primaryimage"},"thumbnailUrl":"https:\/\/now-news.de\/de\/wp-content\/uploads\/sites\/3\/2023\/11\/Bye-bye-Suella-Braverman-welcome-back-David-Cameron-\u2013-britischer.jpg","datePublished":"2023-11-13T11:59:28+00:00","dateModified":"2023-11-13T11:59:28+00:00","breadcrumb":{"@id":"https:\/\/now-news.de\/de\/deutschland\/bye-bye-suella-braverman-welcome-back-david-cameron-britischer-premier-bildet-regierung-um\/#breadcrumb"},"inLanguage":"de","potentialAction":[{"@type":"ReadAction","target":["https:\/\/now-news.de\/de\/deutschland\/bye-bye-suella-braverman-welcome-back-david-cameron-britischer-premier-bildet-regierung-um\/"]}]},{"@type":"ImageObject","inLanguage":"de","@id":"https:\/\/now-news.de\/de\/deutschland\/bye-bye-suella-braverman-welcome-back-david-cameron-britischer-premier-bildet-regierung-um\/#primaryimage","url":"https:\/\/now-news.de\/de\/wp-content\/uploads\/sites\/3\/2023\/11\/Bye-bye-Suella-Braverman-welcome-back-David-Cameron-\u2013-britischer.jpg","contentUrl":"https:\/\/now-news.de\/de\/wp-content\/uploads\/sites\/3\/2023\/11\/Bye-bye-Suella-Braverman-welcome-back-David-Cameron-\u2013-britischer.jpg","width":460,"height":259,"caption":"Bye bye Suella Braverman, welcome back David Cameron \u2013 britischer Premier bildet Regierung um"},{"@type":"BreadcrumbList","@id":"https:\/\/now-news.de\/de\/deutschland\/bye-bye-suella-braverman-welcome-back-david-cameron-britischer-premier-bildet-regierung-um\/#breadcrumb","itemListElement":[{"@type":"ListItem","position":1,"name":"Home","item":"https:\/\/now-news.de\/de\/"},{"@type":"ListItem","position":2,"name":"Bye bye Suella Braverman, welcome back David Cameron \u2013 britischer Premier bildet Regierung um"}]},{"@type":"WebSite","@id":"https:\/\/now-news.de\/de\/#website","url":"https:\/\/now-news.de\/de\/","name":"just-now.NEWS Deutschland","description":"Das Portal f\u00fcr unzensierte Nachrichten aus der Welt","publisher":{"@id":"https:\/\/now-news.de\/de\/#organization"},"potentialAction":[{"@type":"SearchAction","target":{"@type":"EntryPoint","urlTemplate":"https:\/\/now-news.de\/de\/?s={search_term_string}"},"query-input":"required name=search_term_string"}],"inLanguage":"de"},{"@type":"Organization","@id":"https:\/\/now-news.de\/de\/#organization","name":"Just Now News","url":"https:\/\/now-news.de\/de\/","logo":{"@type":"ImageObject","inLanguage":"de","@id":"https:\/\/now-news.de\/de\/#\/schema\/logo\/image\/","url":"http:\/\/just-now.news\/de\/wp-content\/uploads\/sites\/3\/2022\/04\/logo500x500.jpg","contentUrl":"http:\/\/just-now.news\/de\/wp-content\/uploads\/sites\/3\/2022\/04\/logo500x500.jpg","width":500,"height":500,"caption":"Just Now News"},"image":{"@id":"https:\/\/now-news.de\/de\/#\/schema\/logo\/image\/"},"sameAs":["https:\/\/www.facebook.com\/wirmachenauf","https:\/\/x.com\/WirMachenAuf_de"]},{"@type":"Person","@id":"https:\/\/now-news.de\/de\/#\/schema\/person\/fb534a4e865501d8b3285208df34a9b5","name":"rtnews","image":{"@type":"ImageObject","inLanguage":"de","@id":"https:\/\/now-news.de\/de\/#\/schema\/person\/image\/","url":"https:\/\/secure.gravatar.com\/avatar\/82aafea7d8127119dd649515f56e2117?s=96&d=mm&r=g","contentUrl":"https:\/\/secure.gravatar.com\/avatar\/82aafea7d8127119dd649515f56e2117?s=96&d=mm&r=g","caption":"rtnews"},"url":"https:\/\/now-news.de\/de\/author\/rnews\/"}]}},"_links":{"self":[{"href":"https:\/\/now-news.de\/de\/wp-json\/wp\/v2\/posts\/49673"}],"collection":[{"href":"https:\/\/now-news.de\/de\/wp-json\/wp\/v2\/posts"}],"about":[{"href":"https:\/\/now-news.de\/de\/wp-json\/wp\/v2\/types\/post"}],"author":[{"embeddable":true,"href":"https:\/\/now-news.de\/de\/wp-json\/wp\/v2\/users\/3"}],"replies":[{"embeddable":true,"href":"https:\/\/now-news.de\/de\/wp-json\/wp\/v2\/comments?post=49673"}],"version-history":[{"count":0,"href":"https:\/\/now-news.de\/de\/wp-json\/wp\/v2\/posts\/49673\/revisions"}],"wp:featuredmedia":[{"embeddable":true,"href":"https:\/\/now-news.de\/de\/wp-json\/wp\/v2\/media\/49674"}],"wp:attachment":[{"href":"https:\/\/now-news.de\/de\/wp-json\/wp\/v2\/media?parent=49673"}],"wp:term":[{"taxonomy":"category","embeddable":true,"href":"https:\/\/now-news.de\/de\/wp-json\/wp\/v2\/categories?post=49673"},{"taxonomy":"post_tag","embeddable":true,"href":"https:\/\/now-news.de\/de\/wp-json\/wp\/v2\/tags?post=49673"}],"curies":[{"name":"wp","href":"https:\/\/api.w.org\/{rel}","templated":true}]}}