{"id":49671,"date":"2023-11-13T13:19:22","date_gmt":"2023-11-13T11:19:22","guid":{"rendered":"https:\/\/just-now.news\/de\/deutschland\/afd-kandidat-kotre-verliert-landratswahl-im-kreis-dahme-spreewald\/"},"modified":"2023-11-13T13:19:22","modified_gmt":"2023-11-13T11:19:22","slug":"afd-kandidat-kotre-verliert-landratswahl-im-kreis-dahme-spreewald","status":"publish","type":"post","link":"https:\/\/now-news.de\/de\/deutschland\/afd-kandidat-kotre-verliert-landratswahl-im-kreis-dahme-spreewald\/","title":{"rendered":"AfD-Kandidat Kotr\u00e9 verliert Landratswahl im Kreis Dahme-Spreewald"},"content":{"rendered":"<p><img decoding=\"async\" src=\"http:\/\/just-now.news\/de\/wp-content\/uploads\/sites\/3\/2023\/11\/65520224b480cc73bf67ba24.jpg\" \/><\/p>\n<div class=\"Text-root Text-type_1 \">\n                Der Landkreis Dahme-Spreewald im s\u00fcdlichen Brandenburg hat einen neuen Landrat gew\u00e4hlt. Die \u00dcberraschung in der Stichwahl blieb dabei aus. Der unabh\u00e4ngige Kandidat Sven Herzberger siegt deutlich, der AfD-Kandidat Steffen Kotr\u00e9 erhielt nur ein gutes Drittel der Stimmen.\n            <\/div>\n<p><\/p>\n<div class=\"Text-root Text-type_5 ArticleView-text ViewText-root \">\n<p>Der AfD-Kandidat und Bundestagsabgeordnete Steffen Kotr\u00e9 hat die Landratswahl im brandenburgischen Kreis Dahme-Spreewald verloren. Er kam bei der Stichwahl am Sonntag nach <a rel=\"nofollow noopener\" target=\"_blank\" href=\"https:\/\/www.dahme-spreewald.info\/wahlen\/stichlrw23\/ergebnisse_amt_120615114.html\">Angaben des Wahlleiters<\/a> auf 35,2 Prozent. Es siegte der parteilose Kandidat Sven Herzberger mit 64,8 Prozent der Stimmen.\u00a0Die Wahlbeteiligung lag bei 47,9 Prozent, also etwas niedriger als im ersten Wahlgang, als die Beteiligung 50,8 Prozent betrug.<\/p>\n<p>Beim ersten Wahlgang am 8. Oktober hatten Kotr\u00e9 und Herzberger jeweils etwa 35 Prozent erhalten.\u00a0Der AfD-Mann\u00a0hatte einige Hundert Stimmen mehr erhalten als der parteilose Kandidat. Dieser wurde\u00a0nach der ersten Runde von allen Parteien au\u00dfer der AfD unterst\u00fctzt. Herzberger gab sich nach seinem deutlichen Erfolg beeindruckt:\u00a0<\/p>\n<blockquote>\n<p><em>&#8220;Dass so viele Leute f\u00fcr ein weltoffenes und tolerantes Dahme-Spreewald gestimmt haben, das ist schon echt beeindruckend.&#8221;<\/em><\/p>\n<\/blockquote>\n<p>Mit so einem klaren Sieg habe er nicht gerechnet. Er werde, so Herzberger, als neuer Landrat &#8220;nicht spalten, sondern zusammenf\u00fchren&#8221;. Besonders stark schnitt Herzberger im Berliner Umland ab. So erhielt er in Eichwalde mehr als drei Viertel der abgegebenen Stimmen. Kotr\u00e9 konnte im\u00a0Amt Unterspreewald mit 46,8 Prozent sein bestes Ergebnis erzielen. Diese Spaltung des Landkreises sprach der Wahlsieger auch an:<\/p>\n<blockquote>\n<p><em>&#8220;Wir wollen daf\u00fcr sorgen, dass der Norden und der S\u00fcden noch besser zusammenwachsen, sodass das Narrativ des reichen Nordens und des armen S\u00fcdens endlich ein Ende findet.&#8221;<\/em><\/p>\n<\/blockquote>\n<p>Die Wahl in einem der einwohnerst\u00e4rksten Landkreise Brandenburgs gilt als richtungsweisend. Der Landkreis gilt als Boomregion, dort liegt auch der Flughafen BER. Nirgendwo in Brandenburg gibt es so wenig Arbeitslose. Mit rund 3,6 Prozent liegt die Arbeitslosigkeit auch deutlich unter dem bundesweiten Durchschnitt.<\/p>\n<p>Wahlverlierer Kotr\u00e9 gab sich nach der Wahlniederlage gelassen. Jeder dritte W\u00e4hler habe auch im zweiten Wahlgang die AfD gew\u00e4hlt. Der geb\u00fcrtige Ostberliner, der selbst nicht abstimmen durfte, weil er im Havelland lebt, bleibt damit Abgeordneter des Bundestages. Das Springerblatt <em>Bild<\/em> hatte Kotr\u00e9 vor der Wahl &#8220;rechtsextreme Reden&#8221; und &#8220;Russland-Propaganda&#8221; vorgeworfen und freut sich nun \u00fcber die &#8220;haushohe Niederlage&#8221; des Kandidaten.<\/p>\n<\/div>\n<p><br \/>\n<br \/><a href=\"https:\/\/de.rt.com\/inland\/186839-afd-kandidat-kotre-verliert-landratswahl\/\">Source link <\/a><\/p>\n","protected":false},"excerpt":{"rendered":"<p>Der Landkreis Dahme-Spreewald im s\u00fcdlichen Brandenburg hat einen neuen Landrat gew\u00e4hlt. Die \u00dcberraschung in der Stichwahl blieb dabei aus. Der unabh\u00e4ngige Kandidat Sven Herzberger siegt deutlich, der AfD-Kandidat Steffen Kotr\u00e9 erhielt nur ein gutes Drittel der Stimmen. Der AfD-Kandidat und Bundestagsabgeordnete Steffen Kotr\u00e9 hat die Landratswahl im brandenburgischen Kreis Dahme-Spreewald verloren. Er kam bei der [&hellip;]<\/p>\n","protected":false},"author":3,"featured_media":49672,"comment_status":"open","ping_status":"open","sticky":false,"template":"","format":"standard","meta":{"_yoast_indexnow_last_ping":["1699875806"],"wp_automatic_camp":["217"],"dd3694dae0a08b6a5fec1ec92ab0804c":["AfD-Kandidat Kotr\u00e9 verliert Landratswahl im Kreis Dahme-Spreewald"],"original_link":["https:\/\/de.rt.com\/inland\/186839-afd-kandidat-kotre-verliert-landratswahl\/"],"_thumbnail_id":["49672"],"_wptgpro_p2tg_sent2tg":["a:1:{i:23737;s:19:\"2023-11-13 13:45:12\";}"],"jnews_social_counter_last_update":["1777172790"]},"categories":[19,23],"tags":[45231,49627,9754,8908,45519,11487],"yoast_head":"<!-- This site is optimized with the Yoast SEO Premium plugin v22.7 (Yoast SEO v22.7) - https:\/\/yoast.com\/wordpress\/plugins\/seo\/ -->\n<title>AfD-Kandidat Kotr\u00e9 verliert Landratswahl im Kreis Dahme-Spreewald - just-now.NEWS Deutschland<\/title>\n<meta name=\"robots\" content=\"index, follow, max-snippet:-1, max-image-preview:large, max-video-preview:-1\" \/>\n<link rel=\"canonical\" href=\"https:\/\/now-news.de\/de\/deutschland\/afd-kandidat-kotre-verliert-landratswahl-im-kreis-dahme-spreewald\/\" \/>\n<meta property=\"og:locale\" content=\"de_DE\" \/>\n<meta property=\"og:type\" content=\"article\" \/>\n<meta property=\"og:title\" content=\"AfD-Kandidat Kotr\u00e9 verliert Landratswahl im Kreis Dahme-Spreewald\" \/>\n<meta property=\"og:description\" content=\"Der Landkreis Dahme-Spreewald im s\u00fcdlichen Brandenburg hat einen neuen Landrat gew\u00e4hlt. Die \u00dcberraschung in der Stichwahl blieb dabei aus. Der unabh\u00e4ngige Kandidat Sven Herzberger siegt deutlich, der AfD-Kandidat Steffen Kotr\u00e9 erhielt nur ein gutes Drittel der Stimmen. Der AfD-Kandidat und Bundestagsabgeordnete Steffen Kotr\u00e9 hat die Landratswahl im brandenburgischen Kreis Dahme-Spreewald verloren. Er kam bei der [&hellip;]\" \/>\n<meta property=\"og:url\" content=\"https:\/\/now-news.de\/de\/deutschland\/afd-kandidat-kotre-verliert-landratswahl-im-kreis-dahme-spreewald\/\" \/>\n<meta property=\"og:site_name\" content=\"just-now.NEWS Deutschland\" \/>\n<meta property=\"article:publisher\" content=\"https:\/\/www.facebook.com\/wirmachenauf\" \/>\n<meta property=\"article:published_time\" content=\"2023-11-13T11:19:22+00:00\" \/>\n<meta property=\"og:image\" content=\"https:\/\/now-news.de\/de\/wp-content\/uploads\/sites\/3\/2023\/11\/AfD-Kandidat-Kotre-verliert-Landratswahl-im-Kreis-Dahme-Spreewald.jpg\" \/>\n\t<meta property=\"og:image:width\" content=\"460\" \/>\n\t<meta property=\"og:image:height\" content=\"259\" \/>\n\t<meta property=\"og:image:type\" content=\"image\/jpeg\" \/>\n<meta name=\"author\" content=\"rtnews\" \/>\n<meta name=\"twitter:card\" content=\"summary_large_image\" \/>\n<meta name=\"twitter:creator\" content=\"@WirMachenAuf_de\" \/>\n<meta name=\"twitter:site\" content=\"@WirMachenAuf_de\" \/>\n<meta name=\"twitter:label1\" content=\"Verfasst von\" \/>\n\t<meta name=\"twitter:data1\" content=\"rtnews\" \/>\n\t<meta name=\"twitter:label2\" content=\"Gesch\u00e4tzte Lesezeit\" \/>\n\t<meta name=\"twitter:data2\" content=\"2\u00a0Minuten\" \/>\n<script type=\"application\/ld+json\" class=\"yoast-schema-graph\">{\"@context\":\"https:\/\/schema.org\",\"@graph\":[{\"@type\":\"Article\",\"@id\":\"https:\/\/now-news.de\/de\/deutschland\/afd-kandidat-kotre-verliert-landratswahl-im-kreis-dahme-spreewald\/#article\",\"isPartOf\":{\"@id\":\"https:\/\/now-news.de\/de\/deutschland\/afd-kandidat-kotre-verliert-landratswahl-im-kreis-dahme-spreewald\/\"},\"author\":{\"name\":\"rtnews\",\"@id\":\"https:\/\/now-news.de\/de\/#\/schema\/person\/fb534a4e865501d8b3285208df34a9b5\"},\"headline\":\"AfD-Kandidat Kotr\u00e9 verliert Landratswahl im Kreis Dahme-Spreewald\",\"datePublished\":\"2023-11-13T11:19:22+00:00\",\"dateModified\":\"2023-11-13T11:19:22+00:00\",\"mainEntityOfPage\":{\"@id\":\"https:\/\/now-news.de\/de\/deutschland\/afd-kandidat-kotre-verliert-landratswahl-im-kreis-dahme-spreewald\/\"},\"wordCount\":368,\"commentCount\":0,\"publisher\":{\"@id\":\"https:\/\/now-news.de\/de\/#organization\"},\"image\":{\"@id\":\"https:\/\/now-news.de\/de\/deutschland\/afd-kandidat-kotre-verliert-landratswahl-im-kreis-dahme-spreewald\/#primaryimage\"},\"thumbnailUrl\":\"https:\/\/now-news.de\/de\/wp-content\/uploads\/sites\/3\/2023\/11\/AfD-Kandidat-Kotre-verliert-Landratswahl-im-Kreis-Dahme-Spreewald.jpg\",\"keywords\":[\"AfDKandidat\",\"DahmeSpreewald\",\"Kotr\u00e9\",\"Kreis\",\"Landratswahl\",\"verliert\"],\"articleSection\":[\"Deutschland\",\"Russland\"],\"inLanguage\":\"de\",\"potentialAction\":[{\"@type\":\"CommentAction\",\"name\":\"Comment\",\"target\":[\"https:\/\/now-news.de\/de\/deutschland\/afd-kandidat-kotre-verliert-landratswahl-im-kreis-dahme-spreewald\/#respond\"]}]},{\"@type\":\"WebPage\",\"@id\":\"https:\/\/now-news.de\/de\/deutschland\/afd-kandidat-kotre-verliert-landratswahl-im-kreis-dahme-spreewald\/\",\"url\":\"https:\/\/now-news.de\/de\/deutschland\/afd-kandidat-kotre-verliert-landratswahl-im-kreis-dahme-spreewald\/\",\"name\":\"AfD-Kandidat Kotr\u00e9 verliert Landratswahl im Kreis Dahme-Spreewald - just-now.NEWS Deutschland\",\"isPartOf\":{\"@id\":\"https:\/\/now-news.de\/de\/#website\"},\"primaryImageOfPage\":{\"@id\":\"https:\/\/now-news.de\/de\/deutschland\/afd-kandidat-kotre-verliert-landratswahl-im-kreis-dahme-spreewald\/#primaryimage\"},\"image\":{\"@id\":\"https:\/\/now-news.de\/de\/deutschland\/afd-kandidat-kotre-verliert-landratswahl-im-kreis-dahme-spreewald\/#primaryimage\"},\"thumbnailUrl\":\"https:\/\/now-news.de\/de\/wp-content\/uploads\/sites\/3\/2023\/11\/AfD-Kandidat-Kotre-verliert-Landratswahl-im-Kreis-Dahme-Spreewald.jpg\",\"datePublished\":\"2023-11-13T11:19:22+00:00\",\"dateModified\":\"2023-11-13T11:19:22+00:00\",\"breadcrumb\":{\"@id\":\"https:\/\/now-news.de\/de\/deutschland\/afd-kandidat-kotre-verliert-landratswahl-im-kreis-dahme-spreewald\/#breadcrumb\"},\"inLanguage\":\"de\",\"potentialAction\":[{\"@type\":\"ReadAction\",\"target\":[\"https:\/\/now-news.de\/de\/deutschland\/afd-kandidat-kotre-verliert-landratswahl-im-kreis-dahme-spreewald\/\"]}]},{\"@type\":\"ImageObject\",\"inLanguage\":\"de\",\"@id\":\"https:\/\/now-news.de\/de\/deutschland\/afd-kandidat-kotre-verliert-landratswahl-im-kreis-dahme-spreewald\/#primaryimage\",\"url\":\"https:\/\/now-news.de\/de\/wp-content\/uploads\/sites\/3\/2023\/11\/AfD-Kandidat-Kotre-verliert-Landratswahl-im-Kreis-Dahme-Spreewald.jpg\",\"contentUrl\":\"https:\/\/now-news.de\/de\/wp-content\/uploads\/sites\/3\/2023\/11\/AfD-Kandidat-Kotre-verliert-Landratswahl-im-Kreis-Dahme-Spreewald.jpg\",\"width\":460,\"height\":259,\"caption\":\"AfD-Kandidat Kotr\u00e9 verliert Landratswahl im Kreis Dahme-Spreewald\"},{\"@type\":\"BreadcrumbList\",\"@id\":\"https:\/\/now-news.de\/de\/deutschland\/afd-kandidat-kotre-verliert-landratswahl-im-kreis-dahme-spreewald\/#breadcrumb\",\"itemListElement\":[{\"@type\":\"ListItem\",\"position\":1,\"name\":\"Home\",\"item\":\"https:\/\/now-news.de\/de\/\"},{\"@type\":\"ListItem\",\"position\":2,\"name\":\"AfD-Kandidat Kotr\u00e9 verliert Landratswahl im Kreis Dahme-Spreewald\"}]},{\"@type\":\"WebSite\",\"@id\":\"https:\/\/now-news.de\/de\/#website\",\"url\":\"https:\/\/now-news.de\/de\/\",\"name\":\"just-now.NEWS Deutschland\",\"description\":\"Das Portal f\u00fcr unzensierte Nachrichten aus der Welt\",\"publisher\":{\"@id\":\"https:\/\/now-news.de\/de\/#organization\"},\"potentialAction\":[{\"@type\":\"SearchAction\",\"target\":{\"@type\":\"EntryPoint\",\"urlTemplate\":\"https:\/\/now-news.de\/de\/?s={search_term_string}\"},\"query-input\":\"required name=search_term_string\"}],\"inLanguage\":\"de\"},{\"@type\":\"Organization\",\"@id\":\"https:\/\/now-news.de\/de\/#organization\",\"name\":\"Just Now News\",\"url\":\"https:\/\/now-news.de\/de\/\",\"logo\":{\"@type\":\"ImageObject\",\"inLanguage\":\"de\",\"@id\":\"https:\/\/now-news.de\/de\/#\/schema\/logo\/image\/\",\"url\":\"http:\/\/just-now.news\/de\/wp-content\/uploads\/sites\/3\/2022\/04\/logo500x500.jpg\",\"contentUrl\":\"http:\/\/just-now.news\/de\/wp-content\/uploads\/sites\/3\/2022\/04\/logo500x500.jpg\",\"width\":500,\"height\":500,\"caption\":\"Just Now News\"},\"image\":{\"@id\":\"https:\/\/now-news.de\/de\/#\/schema\/logo\/image\/\"},\"sameAs\":[\"https:\/\/www.facebook.com\/wirmachenauf\",\"https:\/\/x.com\/WirMachenAuf_de\"]},{\"@type\":\"Person\",\"@id\":\"https:\/\/now-news.de\/de\/#\/schema\/person\/fb534a4e865501d8b3285208df34a9b5\",\"name\":\"rtnews\",\"image\":{\"@type\":\"ImageObject\",\"inLanguage\":\"de\",\"@id\":\"https:\/\/now-news.de\/de\/#\/schema\/person\/image\/\",\"url\":\"https:\/\/secure.gravatar.com\/avatar\/82aafea7d8127119dd649515f56e2117?s=96&d=mm&r=g\",\"contentUrl\":\"https:\/\/secure.gravatar.com\/avatar\/82aafea7d8127119dd649515f56e2117?s=96&d=mm&r=g\",\"caption\":\"rtnews\"},\"url\":\"https:\/\/now-news.de\/de\/author\/rnews\/\"}]}<\/script>\n<!-- \/ Yoast SEO Premium plugin. -->","yoast_head_json":{"title":"AfD-Kandidat Kotr\u00e9 verliert Landratswahl im Kreis Dahme-Spreewald - just-now.NEWS Deutschland","robots":{"index":"index","follow":"follow","max-snippet":"max-snippet:-1","max-image-preview":"max-image-preview:large","max-video-preview":"max-video-preview:-1"},"canonical":"https:\/\/now-news.de\/de\/deutschland\/afd-kandidat-kotre-verliert-landratswahl-im-kreis-dahme-spreewald\/","og_locale":"de_DE","og_type":"article","og_title":"AfD-Kandidat Kotr\u00e9 verliert Landratswahl im Kreis Dahme-Spreewald","og_description":"Der Landkreis Dahme-Spreewald im s\u00fcdlichen Brandenburg hat einen neuen Landrat gew\u00e4hlt. Die \u00dcberraschung in der Stichwahl blieb dabei aus. Der unabh\u00e4ngige Kandidat Sven Herzberger siegt deutlich, der AfD-Kandidat Steffen Kotr\u00e9 erhielt nur ein gutes Drittel der Stimmen. Der AfD-Kandidat und Bundestagsabgeordnete Steffen Kotr\u00e9 hat die Landratswahl im brandenburgischen Kreis Dahme-Spreewald verloren. Er kam bei der [&hellip;]","og_url":"https:\/\/now-news.de\/de\/deutschland\/afd-kandidat-kotre-verliert-landratswahl-im-kreis-dahme-spreewald\/","og_site_name":"just-now.NEWS Deutschland","article_publisher":"https:\/\/www.facebook.com\/wirmachenauf","article_published_time":"2023-11-13T11:19:22+00:00","og_image":[{"width":460,"height":259,"url":"https:\/\/now-news.de\/de\/wp-content\/uploads\/sites\/3\/2023\/11\/AfD-Kandidat-Kotre-verliert-Landratswahl-im-Kreis-Dahme-Spreewald.jpg","type":"image\/jpeg"}],"author":"rtnews","twitter_card":"summary_large_image","twitter_creator":"@WirMachenAuf_de","twitter_site":"@WirMachenAuf_de","twitter_misc":{"Verfasst von":"rtnews","Gesch\u00e4tzte Lesezeit":"2\u00a0Minuten"},"schema":{"@context":"https:\/\/schema.org","@graph":[{"@type":"Article","@id":"https:\/\/now-news.de\/de\/deutschland\/afd-kandidat-kotre-verliert-landratswahl-im-kreis-dahme-spreewald\/#article","isPartOf":{"@id":"https:\/\/now-news.de\/de\/deutschland\/afd-kandidat-kotre-verliert-landratswahl-im-kreis-dahme-spreewald\/"},"author":{"name":"rtnews","@id":"https:\/\/now-news.de\/de\/#\/schema\/person\/fb534a4e865501d8b3285208df34a9b5"},"headline":"AfD-Kandidat Kotr\u00e9 verliert Landratswahl im Kreis Dahme-Spreewald","datePublished":"2023-11-13T11:19:22+00:00","dateModified":"2023-11-13T11:19:22+00:00","mainEntityOfPage":{"@id":"https:\/\/now-news.de\/de\/deutschland\/afd-kandidat-kotre-verliert-landratswahl-im-kreis-dahme-spreewald\/"},"wordCount":368,"commentCount":0,"publisher":{"@id":"https:\/\/now-news.de\/de\/#organization"},"image":{"@id":"https:\/\/now-news.de\/de\/deutschland\/afd-kandidat-kotre-verliert-landratswahl-im-kreis-dahme-spreewald\/#primaryimage"},"thumbnailUrl":"https:\/\/now-news.de\/de\/wp-content\/uploads\/sites\/3\/2023\/11\/AfD-Kandidat-Kotre-verliert-Landratswahl-im-Kreis-Dahme-Spreewald.jpg","keywords":["AfDKandidat","DahmeSpreewald","Kotr\u00e9","Kreis","Landratswahl","verliert"],"articleSection":["Deutschland","Russland"],"inLanguage":"de","potentialAction":[{"@type":"CommentAction","name":"Comment","target":["https:\/\/now-news.de\/de\/deutschland\/afd-kandidat-kotre-verliert-landratswahl-im-kreis-dahme-spreewald\/#respond"]}]},{"@type":"WebPage","@id":"https:\/\/now-news.de\/de\/deutschland\/afd-kandidat-kotre-verliert-landratswahl-im-kreis-dahme-spreewald\/","url":"https:\/\/now-news.de\/de\/deutschland\/afd-kandidat-kotre-verliert-landratswahl-im-kreis-dahme-spreewald\/","name":"AfD-Kandidat Kotr\u00e9 verliert Landratswahl im Kreis Dahme-Spreewald - just-now.NEWS Deutschland","isPartOf":{"@id":"https:\/\/now-news.de\/de\/#website"},"primaryImageOfPage":{"@id":"https:\/\/now-news.de\/de\/deutschland\/afd-kandidat-kotre-verliert-landratswahl-im-kreis-dahme-spreewald\/#primaryimage"},"image":{"@id":"https:\/\/now-news.de\/de\/deutschland\/afd-kandidat-kotre-verliert-landratswahl-im-kreis-dahme-spreewald\/#primaryimage"},"thumbnailUrl":"https:\/\/now-news.de\/de\/wp-content\/uploads\/sites\/3\/2023\/11\/AfD-Kandidat-Kotre-verliert-Landratswahl-im-Kreis-Dahme-Spreewald.jpg","datePublished":"2023-11-13T11:19:22+00:00","dateModified":"2023-11-13T11:19:22+00:00","breadcrumb":{"@id":"https:\/\/now-news.de\/de\/deutschland\/afd-kandidat-kotre-verliert-landratswahl-im-kreis-dahme-spreewald\/#breadcrumb"},"inLanguage":"de","potentialAction":[{"@type":"ReadAction","target":["https:\/\/now-news.de\/de\/deutschland\/afd-kandidat-kotre-verliert-landratswahl-im-kreis-dahme-spreewald\/"]}]},{"@type":"ImageObject","inLanguage":"de","@id":"https:\/\/now-news.de\/de\/deutschland\/afd-kandidat-kotre-verliert-landratswahl-im-kreis-dahme-spreewald\/#primaryimage","url":"https:\/\/now-news.de\/de\/wp-content\/uploads\/sites\/3\/2023\/11\/AfD-Kandidat-Kotre-verliert-Landratswahl-im-Kreis-Dahme-Spreewald.jpg","contentUrl":"https:\/\/now-news.de\/de\/wp-content\/uploads\/sites\/3\/2023\/11\/AfD-Kandidat-Kotre-verliert-Landratswahl-im-Kreis-Dahme-Spreewald.jpg","width":460,"height":259,"caption":"AfD-Kandidat Kotr\u00e9 verliert Landratswahl im Kreis Dahme-Spreewald"},{"@type":"BreadcrumbList","@id":"https:\/\/now-news.de\/de\/deutschland\/afd-kandidat-kotre-verliert-landratswahl-im-kreis-dahme-spreewald\/#breadcrumb","itemListElement":[{"@type":"ListItem","position":1,"name":"Home","item":"https:\/\/now-news.de\/de\/"},{"@type":"ListItem","position":2,"name":"AfD-Kandidat Kotr\u00e9 verliert Landratswahl im Kreis Dahme-Spreewald"}]},{"@type":"WebSite","@id":"https:\/\/now-news.de\/de\/#website","url":"https:\/\/now-news.de\/de\/","name":"just-now.NEWS Deutschland","description":"Das Portal f\u00fcr unzensierte Nachrichten aus der Welt","publisher":{"@id":"https:\/\/now-news.de\/de\/#organization"},"potentialAction":[{"@type":"SearchAction","target":{"@type":"EntryPoint","urlTemplate":"https:\/\/now-news.de\/de\/?s={search_term_string}"},"query-input":"required name=search_term_string"}],"inLanguage":"de"},{"@type":"Organization","@id":"https:\/\/now-news.de\/de\/#organization","name":"Just Now News","url":"https:\/\/now-news.de\/de\/","logo":{"@type":"ImageObject","inLanguage":"de","@id":"https:\/\/now-news.de\/de\/#\/schema\/logo\/image\/","url":"http:\/\/just-now.news\/de\/wp-content\/uploads\/sites\/3\/2022\/04\/logo500x500.jpg","contentUrl":"http:\/\/just-now.news\/de\/wp-content\/uploads\/sites\/3\/2022\/04\/logo500x500.jpg","width":500,"height":500,"caption":"Just Now News"},"image":{"@id":"https:\/\/now-news.de\/de\/#\/schema\/logo\/image\/"},"sameAs":["https:\/\/www.facebook.com\/wirmachenauf","https:\/\/x.com\/WirMachenAuf_de"]},{"@type":"Person","@id":"https:\/\/now-news.de\/de\/#\/schema\/person\/fb534a4e865501d8b3285208df34a9b5","name":"rtnews","image":{"@type":"ImageObject","inLanguage":"de","@id":"https:\/\/now-news.de\/de\/#\/schema\/person\/image\/","url":"https:\/\/secure.gravatar.com\/avatar\/82aafea7d8127119dd649515f56e2117?s=96&d=mm&r=g","contentUrl":"https:\/\/secure.gravatar.com\/avatar\/82aafea7d8127119dd649515f56e2117?s=96&d=mm&r=g","caption":"rtnews"},"url":"https:\/\/now-news.de\/de\/author\/rnews\/"}]}},"_links":{"self":[{"href":"https:\/\/now-news.de\/de\/wp-json\/wp\/v2\/posts\/49671"}],"collection":[{"href":"https:\/\/now-news.de\/de\/wp-json\/wp\/v2\/posts"}],"about":[{"href":"https:\/\/now-news.de\/de\/wp-json\/wp\/v2\/types\/post"}],"author":[{"embeddable":true,"href":"https:\/\/now-news.de\/de\/wp-json\/wp\/v2\/users\/3"}],"replies":[{"embeddable":true,"href":"https:\/\/now-news.de\/de\/wp-json\/wp\/v2\/comments?post=49671"}],"version-history":[{"count":0,"href":"https:\/\/now-news.de\/de\/wp-json\/wp\/v2\/posts\/49671\/revisions"}],"wp:featuredmedia":[{"embeddable":true,"href":"https:\/\/now-news.de\/de\/wp-json\/wp\/v2\/media\/49672"}],"wp:attachment":[{"href":"https:\/\/now-news.de\/de\/wp-json\/wp\/v2\/media?parent=49671"}],"wp:term":[{"taxonomy":"category","embeddable":true,"href":"https:\/\/now-news.de\/de\/wp-json\/wp\/v2\/categories?post=49671"},{"taxonomy":"post_tag","embeddable":true,"href":"https:\/\/now-news.de\/de\/wp-json\/wp\/v2\/tags?post=49671"}],"curies":[{"name":"wp","href":"https:\/\/api.w.org\/{rel}","templated":true}]}}