{"id":49664,"date":"2023-11-13T08:30:00","date_gmt":"2023-11-13T06:30:00","guid":{"rendered":"https:\/\/just-now.news\/de\/deutschland\/kinder-als-waffe-die-entmenschlichung-der-palaestinenser-ist-zum-mainstream-geworden\/"},"modified":"2023-11-13T08:30:00","modified_gmt":"2023-11-13T06:30:00","slug":"kinder-als-waffe-die-entmenschlichung-der-palaestinenser-ist-zum-mainstream-geworden","status":"publish","type":"post","link":"https:\/\/now-news.de\/de\/deutschland\/kinder-als-waffe-die-entmenschlichung-der-palaestinenser-ist-zum-mainstream-geworden\/","title":{"rendered":"Kinder als Waffe: Die Entmenschlichung der Pal\u00e4stinenser ist zum Mainstream geworden"},"content":{"rendered":"<p><img decoding=\"async\" src=\"http:\/\/just-now.news\/de\/wp-content\/uploads\/sites\/3\/2023\/11\/654cd39248fbef7325438f07.jpg\" \/><\/p>\n<div class=\"Text-root Text-type_1 \">\n                Eine angesehene westliche Publikation lieferte eine zynische Erkl\u00e4rung daf\u00fcr, warum so viele Minderj\u00e4hrige bei israelischen Angriffen auf dem Gazastreifen zu Tode kommen. Doch es steckt mehr hinter dieser als cool pr\u00e4sentierten Analyse, die im vornehmen englischen Stil gehalten wurde.\n            <\/div>\n<p><\/p>\n<div class=\"Text-root Text-type_5 ArticleView-text ViewText-root \">\n<p><em>Von Tarik Cyril Amar<\/em><\/p>\n<p>Die Wochenzeitung <em>The Economist<\/em> hat <a rel=\"nofollow noopener\" target=\"_blank\" href=\"https:\/\/www.economist.com\/graphic-detail\/2023\/10\/27\/why-are-so-many-of-the-victims-in-gaza-children\">einen Artikel ver\u00f6ffentlicht<\/a>, in dem vorgegeben wird, die Antwort darauf zu wissen, warum Israel so viele pal\u00e4stinensische Kinder t\u00f6tet, oder, wie in der britischen Zeitschrift zu lesen, warum &#8220;Kinder einen sehr hohen Anteil der Opfer des Krieges im Gazastreifen ausmachen&#8221;. Die Autoren stellten fest, dass &#8220;in der Ukraine, einem Konflikt zwischen zwei viel gr\u00f6\u00dferen M\u00e4chten, \u00fcber einen viel l\u00e4ngeren Zeitraum hinweg, Kinder weniger als 550 der etwa 9.800 zivilen Todesopfern ausmachten.&#8221; Daher kamen sie zum Schluss: &#8220;Die enorme Zahl von Kindern unter den Todesopfern im Gazastreifen ist unter anderem darauf zur\u00fcckzuf\u00fchren, dass die Bev\u00f6lkerung dort besonders jung ist.&#8221;<\/p>\n<p>Dreist entfernten die Autoren die tats\u00e4chlichen M\u00f6rder aus dem Bild \u2013 die Kinder seien &#8220;dem Krieg&#8221; zum Opfer gefallen, nicht den Israelis. Es gab gerade genug Raum f\u00fcr die verlogenen Zweifel von US-Pr\u00e4sident Joe Biden an den von den Pal\u00e4stinensern gemeldeten Opferzahlen, die in Wirklichkeit mit Sicherheit h\u00f6her liegen w\u00fcrden, um den Leser zum Staunen zu bringen. Er erw\u00e4hnte aber nicht die wahre Antwort: &#8220;Es werden so viele Kinder get\u00f6tet, weil Israel ein Kriegsverbrechen nach dem anderen gegen Zivilisten begeht, in der Verfolgung einer Strategie der kollektiven Bestrafung, die einem V\u00f6lkermord und einer ethnischen S\u00e4uberung gleichkommt.&#8221; Allerdings wurden diese Definitionen, wie das oft bei den Aktionen Israels der Fall ist, auf verschiedenen offiziellen Ebenen relativiert. Und all dies geschieht auch, weil es aufgrund der Komplizenschaft des Westens mit Israel m\u00f6glich ist. Zusammenfassend kann gesagt werden, dass es sich beim Artikel im <em>The Economist<\/em> um ein ordin\u00e4res Beispiel f\u00fcr die westliche Mainstream-Berichterstattung handelt.<\/p>\n<p>Doch es steckt mehr hinter dieser als cool und besonnen pr\u00e4sentierten Analyse, die im vornehmen englischen Stil gehalten wurde, komplett mit Statistiken und einem Diagramm. Unbeabsichtigt \u00f6ffnet der Artikel ein weites Fenster zu etwas H\u00e4sslichem, aber sehr essenziellem: Zu dem Punkt, an dem Abhandlungen dar\u00fcber geschrieben werden, wer wie viele Babys vorzuweisen hat, oder kurz gesagt, die Demografie auf die Entmenschlichung trifft, die Gr\u00e4ueltaten gegen Mitmenschen erleichtert.<\/p>\n<p>Wie Khaled Elgindy, der Direktor des Programms f\u00fcr Pal\u00e4stina und pal\u00e4stinensisch-israelische Angelegenheiten am Middle East Institute, in der <em>Newsweek<\/em>\u00a0<a rel=\"nofollow noopener\" target=\"_blank\" href=\"https:\/\/www.newsweek.com\/2023\/10\/27\/dehumanization-lack-empathy-palestinians-alarming-dangerous-1834549\">erkl\u00e4rte<\/a>, vermittelt entmenschlichende Rhetorik die Idee, dass &#8220;das Leben, das Leiden und die Menschlichkeit der Pal\u00e4stinenser weniger wert sind, als das Leben, das Leiden und die Menschlichkeit der Israelis&#8221;. Und wie der Experte f\u00fcr V\u00f6lkermord und Holocaust, Raz Segal, <a rel=\"nofollow noopener\" target=\"_blank\" href=\"https:\/\/jewishcurrents.org\/a-textbook-case-of-genocide\">herausgefunden hat<\/a>, ist der israelische Angriff auf den Gazastreifen nach den Kriterien der <a rel=\"nofollow noopener\" target=\"_blank\" href=\"https:\/\/www.ohchr.org\/en\/instruments-mechanisms\/instruments\/convention-prevention-and-punishment-crime-genocide\">V\u00f6lkermordkonvention der Vereinten Nationen<\/a> von 1948 ein &#8220;Lehrbuchfall&#8221;. Es ist ein typisches Element des V\u00f6lkermords, andere Volksgruppen als weniger menschlich darzustellen.<\/p>\n<p>Diese verheerende Waffe der massenhaften Falschdarstellung von Menschen und ganzen Volksgruppen gibt den T\u00e4tern das Gef\u00fchl,\u00a0wie es bei vielen Israelis mittlerweile der Fall ist, zum T\u00f6ten bereit und mit sich \u00fcber das Ergebnis im Reinen zu sein. Es motiviert und sch\u00fctzt auch deren Komplizen, viele davon in der politischen, medialen und intellektuellen Elite des Westens. F\u00fcr die Umstehenden gilt, f\u00fcr diejenigen, die angesichts des verzweifelten Schutzbed\u00fcrfnisses der Pal\u00e4stinenser lediglich schweigen und passiv bleiben, inmitten eines entmenschlichenden Sprachgebrauchs, mit dem Pal\u00e4stinenser als &#8220;Tiere&#8221; und &#8220;Wilde&#8221; verh\u00f6hnt werden, und jene, die alle Aufrufe zum Protest dagegen ohne jede Nuance als Unterst\u00fctzung f\u00fcr den &#8220;Terrorismus&#8221; bezeichnen: &#8220;Unterdr\u00fcckt eure Empathie, bet\u00e4ubt alles, was noch von eurem Gewissen \u00fcbrig ist und rationalisiert euer eklatantes moralisches Versagen.&#8221;<\/p>\n<p><em>Die The Economist<\/em>-Autoren achten nat\u00fcrlich penibel darauf, den Schein zu wahren, indem sie ihre ekelhaften Argumente in reichlich Soziologie verpacken und \u00fcber Durchschnittseinkommen, Geburtenraten und Sekundarschulbildung informieren. Aber ihre Botschaft kommt immer noch klar und deutlich zum Ausdruck: &#8220;Die Kinder im Gazastreifen sterben in Scharen, nicht, weil Israelis sie ermorden, sondern weil es so viele von ihnen gibt.&#8221; Schritt eins der Entmenschlichung: Man h\u00f6re auf, Kinder als Kinder mit Namen und Gesichtern zu betrachten. Man betrachte sie stattdessen als Zahlen und Statistiken. Und obendrein als \u00fcbertriebe Zahlen.<\/p>\n<p>Schritt zwei der Entmenschlichung: Die Tatsache, warum es so viele junge Pal\u00e4stinenser gibt, ist, wie wir aus dem Magazinbeitrag erfahren, keine normale Entwicklung einer menschlichen Gesellschaft. Durch den Vergleich der Pal\u00e4stinenser mit noch \u00e4rmeren Bev\u00f6lkerungsgruppen auf dieser Welt, kommen die Autoren zu dem Schluss, dass die hohen Geburtenraten bei den Pal\u00e4stinensern eine Anomalie darstellen. Diese Anomalie kann nach Meinung der Autoren durch eine militante Politik erkl\u00e4rt werden, n\u00e4mlich durch die Politik des Pronatalismus der pal\u00e4stinensischen F\u00fchrer, begonnen vom verstorbenen F\u00fchrer der PLO, Jassir Arafat, weitergef\u00fchrt bis heute durch die Hamas. Kurz gesagt, Pal\u00e4stinenser werden als Menschen dargestellt, die, wie wir bereitwillig sagen, ihre eigene Fortpflanzung und damit ihre Kinder zur Waffe machen.<\/p>\n<p>Die Logik dahinter ist klar, wenn auch b\u00f6sartig. Man erinnere sich daran, dass der Angriff auf den Gazastreifen, einschlie\u00dflich des Aushungerns und T\u00f6tens von Zivilisten, in den Augen der USA\u00a0\u2013 Israels wichtigstem westlichen Verb\u00fcndeten\u00a0\u2013 einen Kollateralschaden in Bezug auf das Recht Israels darstellt, Selbstverteidigung auszu\u00fcben. Lassen wir dabei einfach mal au\u00dfer Acht, dass Israel nach internationalem Recht <a rel=\"nofollow noopener\" target=\"_blank\" href=\"https:\/\/www.jadaliyya.com\/Details\/27551\">eine milit\u00e4rische Besatzungsmacht ist<\/a> und daher &#8220;Selbstverteidigung&#8221; keine anwendbare Rechtfertigung f\u00fcr die Anwendung von Gewalt gegen die besetzten Gebiete ist. Jetzt kombiniere man das mit dem, was die Journalisten von <em>The Economist<\/em> \u00fcber pal\u00e4stinensische Kinder schreiben, die &#8220;von der Wiege an&#8221; Teil einer Strategie der langfristigen Kriegsf\u00fchrung mittels Bev\u00f6lkerungswachstum sein sollen. Von hier aus muss man nur noch zwei Punkte miteinander verbinden, um zu dem Schluss zu gelangen, dass es v\u00f6llig akzeptabel w\u00e4re, &#8220;Selbstverteidigung&#8221; gegen Kinder auszu\u00fcben, weil sie schlie\u00dflich eine &#8220;Waffe&#8221; darstellten. Auch wenn es niemandem bei <em>The Economist<\/em> gibt, von den Autoren bis zu den Redakteuren, dem es gelungen ist, den moralischen Abgrund zu durchdenken, den ihre Argumentation aufrei\u00dft, ist dieses Scheitern allein schon besch\u00e4mend aufschlussreich.<\/p>\n<p>In Wirklichkeit mussten die Pal\u00e4stinenser lernen, ihre Kinder als ihre Zukunft zu verstehen, mit einer Vordringlichkeit, die Menschen, die in der Vergangenheit nicht systematischen ethnischen S\u00e4uberungen, Apartheid und V\u00f6lkermord ausgesetzt waren, m\u00f6glicherweise nicht verstehen werden. Das Massaker an diesen pal\u00e4stinensischen Kindern durch israelische T\u00e4ter dann tats\u00e4chlich den pal\u00e4stinensischen Opfern in die Schuhe zu schieben, weil sie es angesichts der unerbittlichen Unterdr\u00fcckung gewagt haben, sich zu vermehren, ist erb\u00e4rmlich zynisch.<\/p>\n<p>Nat\u00fcrlich kennen auch Juden diese Vordringlichkeit, insbesondere aufgrund des historisch Versuchs Nazi-Deutschlands, sie auszurotten. Aber der V\u00f6lkermord an ihrem eigenen Volk hat sich bei den modernen zionistischen F\u00fchrern nicht in Empathie niedergeschlagen. Der Slogan &#8220;Nie wieder&#8221; bedeutet f\u00fcr sie &#8220;Nie wieder f\u00fcr uns&#8221;.<\/p>\n<p>Dar\u00fcber hinaus sind die pal\u00e4stinensischen F\u00fchrer nicht die Einzigen, die sich Gedanken \u00fcber die Bev\u00f6lkerungsentwicklung machen. Tats\u00e4chlich stand seit dem sp\u00e4ten 19. Jahrhundert die Bev\u00f6lkerungspolitik von Anfang an im Mittelpunkt des zionistischen Projekts, und zwar in zwei Formen: als st\u00e4ndige proaktive Sorge um die Erh\u00f6hung der Zahl j\u00fcdischer Siedler und sp\u00e4terer j\u00fcdischer, israelischer B\u00fcrger und als anhaltende Angst vor dem Wachstum der pal\u00e4stinensischen Bev\u00f6lkerung. Seit der ersten ethnischen S\u00e4uberung der \u00fcberwiegenden Mehrheit der Pal\u00e4stinenser \u2013 mindestens 700.000 Menschen \u2013 die noch vor dem arabisch-israelischen Krieg von 1948 begann und w\u00e4hrend dieses Krieges fortgef\u00fchrt wurde, war die Reduzierung und das Kleinhalten der pal\u00e4stinensischen Bev\u00f6lkerungszahl einer der Hauptgr\u00fcnde, warum Israel das pal\u00e4stinensische Recht auf R\u00fcckkehr, bekr\u00e4ftigt in der Resolution 194 der UN-Generalversammlung, stets verweigert hat.<\/p>\n<p>Dies wiederum war einer der Hauptfaktoren, die eine dauerhafte Friedensl\u00f6sung unm\u00f6glich gemacht haben. Mit anderen Worten: &#8220;Israel betrachtet die Pal\u00e4stinenser und ihre Kinder als eine grundlegende Bedrohung f\u00fcr seine nationale Sicherheit, und das ist eines der gr\u00f6\u00dften Hindernisse auf dem Weg zu einer L\u00f6sung, die den Pal\u00e4stinensern Gerechtigkeit bringen und die Welt von einer nie endenden, extrem gef\u00e4hrlichen Krise befreien w\u00fcrde, die l\u00e4ngst h\u00e4tte beigelegt werden sollen.&#8221;<\/p>\n<p>Wie kann es sein, dass eine renommierte, meinungsbildende Publikation wie der <em>The Economist<\/em> mit einem solchen Artikel davonkommt \u2013 und das nicht zu irgendeinem Zeitpunkt, sondern w\u00e4hrend eines andauernden Angriffs auf den Gazastreifen, bei dem bereits mehr als 10.000 Menschen get\u00f6tet wurden, fast die H\u00e4lfte davon Kinder? Die Antwort ist: &#8220;Die systematische Entmenschlichung der Pal\u00e4stinenser, ihre rhetorische Reduzierung auf &#8216;blo\u00dfes biologisches Leben, das ohne moralischen Zweifel ausgel\u00f6scht werden kann&#8217; hat eine lange Geschichte&#8221;, wie der amerikanische Journalist und Autor <a rel=\"nofollow noopener\" target=\"_blank\" href=\"https:\/\/electronicintifada.net\/content\/dehumanizing-palestinians\/7149\">Ali Abunimah erkl\u00e4rte<\/a>.<\/p>\n<p>Scharfsinnige Beobachter weisen darauf hin, dass die Unterst\u00fctzung des Westens f\u00fcr Israels Vorgehen das Land jedes Ansehen kostet, das es im Rest \u2013 also im gr\u00f6\u00dften Teil \u2013 der Welt noch hat. Das ist wahr und es ist hochverdient. Denn noch schlimmer als die Sprache der Entmenschlichung ist, dass es sich \u00fcberhaupt nicht um ein Randph\u00e4nomen handelt: Im Westen kann man an dieser den <a rel=\"nofollow noopener\" target=\"_blank\" href=\"https:\/\/www.theguardian.com\/world\/2023\/oct\/19\/extreme-republican-palestine-conflict-us-muslim-safety\">V\u00f6lkermord f\u00f6rdernden Praxis teilnehmen<\/a> und Resonanz und Anerkennung finden, statt Schmach und Tadel, solange die Opfer die Pal\u00e4stinenser sind. Der Westen, der sich selbst als &#8220;Garten&#8221; der &#8220;Werte&#8221; halluziniert, blickt auf eine lange Geschichte ersch\u00fctternder Gewalt gepaart mit atemberaubender Heuchelei zur\u00fcck. Aber zum jetzigen Zeitpunkt dieser sich fortsetzenden Geschichte, ist der schreckliche Missbrauch der Pal\u00e4stinenser \u2013 in Worten und Taten \u2013 die ungeheuerlichste Verderbtheit \u00fcberhaupt. Aber der Rest der Menschheit wird dies weder vergessen noch vergeben.<\/p>\n<p><em>Aus dem <a rel=\"nofollow noopener\" target=\"_blank\" href=\"https:\/\/www.rt.com\/news\/586845-israel-gaza-dehumanization-palestinians\/\">Englischen<\/a>.<\/em><\/p>\n<p><em><strong>Tarik Cyril Amar<\/strong>\u00a0ist Historiker an der Ko\u00e7-Universit\u00e4t in Istanbul, befasst sich mit Russland, der Ukraine und Osteuropa, der Geschichte des Zweiten Weltkriegs, dem kulturellen Kalten Krieg und der Erinnerungspolitik. Er findet ihn auf X unter\u00a0<a rel=\"nofollow noopener\" target=\"_blank\" href=\"https:\/\/twitter.com\/tarikcyrilamar\">@tarikcyrilamar<\/a>.<\/em><\/p>\n<p><strong>Mehr zum Thema<\/strong> \u2013 <a rel=\"nofollow noopener\" target=\"_blank\" href=\"https:\/\/freeassange.rtde.life\/international\/182960-updates-zur-gaza-israel-eskalation\/\">Krieg in Nahost: \u00c4gypten lehnt US-Plan f\u00fcr die Eliminierung der Hamas in Gaza ab <\/a><\/p>\n<div class=\"EmbedBlock-root EmbedBlock-externalVideo EmbedBlock-vk\">\n<div class=\"VkEmbed\"><iframe class=\"lazyload\" data-src=\"https:\/\/vk.com\/video_ext.php?oid=-134310637&amp;id=456271643&amp;hash=3990d6d0bc9324f7\" frameborder=\"0\" width=\"853\" height=\"480\" allowfullscreen><\/iframe><\/div>\n<\/div>\n<\/div>\n<p><script async src=\"https:\/\/platform.twitter.com\/widgets.js\" charset=\"utf-8\"><\/script><br \/>\n<br \/><br \/>\n<br \/><a href=\"https:\/\/de.rt.com\/meinung\/186496-kinder-als-waffe-entmenschlichung-palaestinenser-ist-zum-mainstream-geworden\/\">Source link <\/a><\/p>\n","protected":false},"excerpt":{"rendered":"<p>Eine angesehene westliche Publikation lieferte eine zynische Erkl\u00e4rung daf\u00fcr, warum so viele Minderj\u00e4hrige bei israelischen Angriffen auf dem Gazastreifen zu Tode kommen. Doch es steckt mehr hinter dieser als cool pr\u00e4sentierten Analyse, die im vornehmen englischen Stil gehalten wurde. Von Tarik Cyril Amar Die Wochenzeitung The Economist hat einen Artikel ver\u00f6ffentlicht, in dem vorgegeben wird, [&hellip;]<\/p>\n","protected":false},"author":3,"featured_media":49665,"comment_status":"open","ping_status":"open","sticky":false,"template":"","format":"standard","meta":{"_yoast_indexnow_last_ping":["1699857303"],"wp_automatic_camp":["217"],"a8a8ec2779fd9efd357ee24a8b6be68d":["Kinder als Waffe: Die Entmenschlichung der Pal\u00e4stinenser ist zum Mainstream geworden"],"original_link":["https:\/\/de.rt.com\/meinung\/186496-kinder-als-waffe-entmenschlichung-palaestinenser-ist-zum-mainstream-geworden\/"],"_thumbnail_id":["49665"],"jnews_social_counter_last_update":["1777222824"],"_wptgpro_p2tg_sent2tg":["a:1:{i:23737;s:19:\"2023-11-13 08:36:14\";}"]},"categories":[19,23],"tags":[273,82,45,50596,24565,414,3567,24689,7583,6663,565],"yoast_head":"<!-- This site is optimized with the Yoast SEO Premium plugin v22.7 (Yoast SEO v22.7) - https:\/\/yoast.com\/wordpress\/plugins\/seo\/ -->\n<title>Kinder als Waffe: Die Entmenschlichung der Pal\u00e4stinenser ist zum Mainstream geworden - just-now.NEWS Deutschland<\/title>\n<meta name=\"robots\" content=\"index, follow, max-snippet:-1, max-image-preview:large, max-video-preview:-1\" \/>\n<link rel=\"canonical\" href=\"https:\/\/now-news.de\/de\/deutschland\/kinder-als-waffe-die-entmenschlichung-der-palaestinenser-ist-zum-mainstream-geworden\/\" \/>\n<meta property=\"og:locale\" content=\"de_DE\" \/>\n<meta property=\"og:type\" content=\"article\" \/>\n<meta property=\"og:title\" content=\"Kinder als Waffe: Die Entmenschlichung der Pal\u00e4stinenser ist zum Mainstream geworden\" \/>\n<meta property=\"og:description\" content=\"Eine angesehene westliche Publikation lieferte eine zynische Erkl\u00e4rung daf\u00fcr, warum so viele Minderj\u00e4hrige bei israelischen Angriffen auf dem Gazastreifen zu Tode kommen. Doch es steckt mehr hinter dieser als cool pr\u00e4sentierten Analyse, die im vornehmen englischen Stil gehalten wurde. Von Tarik Cyril Amar Die Wochenzeitung The Economist hat einen Artikel ver\u00f6ffentlicht, in dem vorgegeben wird, [&hellip;]\" \/>\n<meta property=\"og:url\" content=\"https:\/\/now-news.de\/de\/deutschland\/kinder-als-waffe-die-entmenschlichung-der-palaestinenser-ist-zum-mainstream-geworden\/\" \/>\n<meta property=\"og:site_name\" content=\"just-now.NEWS Deutschland\" \/>\n<meta property=\"article:publisher\" content=\"https:\/\/www.facebook.com\/wirmachenauf\" \/>\n<meta property=\"article:published_time\" content=\"2023-11-13T06:30:00+00:00\" \/>\n<meta property=\"og:image\" content=\"https:\/\/now-news.de\/de\/wp-content\/uploads\/sites\/3\/2023\/11\/Kinder-als-Waffe-Die-Entmenschlichung-der-Palaestinenser-ist-zum-Mainstream.jpg\" \/>\n\t<meta property=\"og:image:width\" content=\"460\" \/>\n\t<meta property=\"og:image:height\" content=\"259\" \/>\n\t<meta property=\"og:image:type\" content=\"image\/jpeg\" \/>\n<meta name=\"author\" content=\"rtnews\" \/>\n<meta name=\"twitter:card\" content=\"summary_large_image\" \/>\n<meta name=\"twitter:creator\" content=\"@WirMachenAuf_de\" \/>\n<meta name=\"twitter:site\" content=\"@WirMachenAuf_de\" \/>\n<meta name=\"twitter:label1\" content=\"Verfasst von\" \/>\n\t<meta name=\"twitter:data1\" content=\"rtnews\" \/>\n\t<meta name=\"twitter:label2\" content=\"Gesch\u00e4tzte Lesezeit\" \/>\n\t<meta name=\"twitter:data2\" content=\"8\u00a0Minuten\" \/>\n<script type=\"application\/ld+json\" class=\"yoast-schema-graph\">{\"@context\":\"https:\/\/schema.org\",\"@graph\":[{\"@type\":\"Article\",\"@id\":\"https:\/\/now-news.de\/de\/deutschland\/kinder-als-waffe-die-entmenschlichung-der-palaestinenser-ist-zum-mainstream-geworden\/#article\",\"isPartOf\":{\"@id\":\"https:\/\/now-news.de\/de\/deutschland\/kinder-als-waffe-die-entmenschlichung-der-palaestinenser-ist-zum-mainstream-geworden\/\"},\"author\":{\"name\":\"rtnews\",\"@id\":\"https:\/\/now-news.de\/de\/#\/schema\/person\/fb534a4e865501d8b3285208df34a9b5\"},\"headline\":\"Kinder als Waffe: Die Entmenschlichung der Pal\u00e4stinenser ist zum Mainstream geworden\",\"datePublished\":\"2023-11-13T06:30:00+00:00\",\"dateModified\":\"2023-11-13T06:30:00+00:00\",\"mainEntityOfPage\":{\"@id\":\"https:\/\/now-news.de\/de\/deutschland\/kinder-als-waffe-die-entmenschlichung-der-palaestinenser-ist-zum-mainstream-geworden\/\"},\"wordCount\":1688,\"commentCount\":0,\"publisher\":{\"@id\":\"https:\/\/now-news.de\/de\/#organization\"},\"image\":{\"@id\":\"https:\/\/now-news.de\/de\/deutschland\/kinder-als-waffe-die-entmenschlichung-der-palaestinenser-ist-zum-mainstream-geworden\/#primaryimage\"},\"thumbnailUrl\":\"https:\/\/now-news.de\/de\/wp-content\/uploads\/sites\/3\/2023\/11\/Kinder-als-Waffe-Die-Entmenschlichung-der-Palaestinenser-ist-zum-Mainstream.jpg\",\"keywords\":[\"als\",\"der\",\"die\",\"Entmenschlichung\",\"geworden\",\"ist\",\"Kinder\",\"Mainstream\",\"Pal\u00e4stinenser\",\"Waffe\",\"zum\"],\"articleSection\":[\"Deutschland\",\"Russland\"],\"inLanguage\":\"de\",\"potentialAction\":[{\"@type\":\"CommentAction\",\"name\":\"Comment\",\"target\":[\"https:\/\/now-news.de\/de\/deutschland\/kinder-als-waffe-die-entmenschlichung-der-palaestinenser-ist-zum-mainstream-geworden\/#respond\"]}]},{\"@type\":\"WebPage\",\"@id\":\"https:\/\/now-news.de\/de\/deutschland\/kinder-als-waffe-die-entmenschlichung-der-palaestinenser-ist-zum-mainstream-geworden\/\",\"url\":\"https:\/\/now-news.de\/de\/deutschland\/kinder-als-waffe-die-entmenschlichung-der-palaestinenser-ist-zum-mainstream-geworden\/\",\"name\":\"Kinder als Waffe: Die Entmenschlichung der Pal\u00e4stinenser ist zum Mainstream geworden - just-now.NEWS Deutschland\",\"isPartOf\":{\"@id\":\"https:\/\/now-news.de\/de\/#website\"},\"primaryImageOfPage\":{\"@id\":\"https:\/\/now-news.de\/de\/deutschland\/kinder-als-waffe-die-entmenschlichung-der-palaestinenser-ist-zum-mainstream-geworden\/#primaryimage\"},\"image\":{\"@id\":\"https:\/\/now-news.de\/de\/deutschland\/kinder-als-waffe-die-entmenschlichung-der-palaestinenser-ist-zum-mainstream-geworden\/#primaryimage\"},\"thumbnailUrl\":\"https:\/\/now-news.de\/de\/wp-content\/uploads\/sites\/3\/2023\/11\/Kinder-als-Waffe-Die-Entmenschlichung-der-Palaestinenser-ist-zum-Mainstream.jpg\",\"datePublished\":\"2023-11-13T06:30:00+00:00\",\"dateModified\":\"2023-11-13T06:30:00+00:00\",\"breadcrumb\":{\"@id\":\"https:\/\/now-news.de\/de\/deutschland\/kinder-als-waffe-die-entmenschlichung-der-palaestinenser-ist-zum-mainstream-geworden\/#breadcrumb\"},\"inLanguage\":\"de\",\"potentialAction\":[{\"@type\":\"ReadAction\",\"target\":[\"https:\/\/now-news.de\/de\/deutschland\/kinder-als-waffe-die-entmenschlichung-der-palaestinenser-ist-zum-mainstream-geworden\/\"]}]},{\"@type\":\"ImageObject\",\"inLanguage\":\"de\",\"@id\":\"https:\/\/now-news.de\/de\/deutschland\/kinder-als-waffe-die-entmenschlichung-der-palaestinenser-ist-zum-mainstream-geworden\/#primaryimage\",\"url\":\"https:\/\/now-news.de\/de\/wp-content\/uploads\/sites\/3\/2023\/11\/Kinder-als-Waffe-Die-Entmenschlichung-der-Palaestinenser-ist-zum-Mainstream.jpg\",\"contentUrl\":\"https:\/\/now-news.de\/de\/wp-content\/uploads\/sites\/3\/2023\/11\/Kinder-als-Waffe-Die-Entmenschlichung-der-Palaestinenser-ist-zum-Mainstream.jpg\",\"width\":460,\"height\":259,\"caption\":\"Kinder als Waffe: Die Entmenschlichung der Pal\u00e4stinenser ist zum Mainstream geworden\"},{\"@type\":\"BreadcrumbList\",\"@id\":\"https:\/\/now-news.de\/de\/deutschland\/kinder-als-waffe-die-entmenschlichung-der-palaestinenser-ist-zum-mainstream-geworden\/#breadcrumb\",\"itemListElement\":[{\"@type\":\"ListItem\",\"position\":1,\"name\":\"Home\",\"item\":\"https:\/\/now-news.de\/de\/\"},{\"@type\":\"ListItem\",\"position\":2,\"name\":\"Kinder als Waffe: Die Entmenschlichung der Pal\u00e4stinenser ist zum Mainstream geworden\"}]},{\"@type\":\"WebSite\",\"@id\":\"https:\/\/now-news.de\/de\/#website\",\"url\":\"https:\/\/now-news.de\/de\/\",\"name\":\"just-now.NEWS Deutschland\",\"description\":\"Das Portal f\u00fcr unzensierte Nachrichten aus der Welt\",\"publisher\":{\"@id\":\"https:\/\/now-news.de\/de\/#organization\"},\"potentialAction\":[{\"@type\":\"SearchAction\",\"target\":{\"@type\":\"EntryPoint\",\"urlTemplate\":\"https:\/\/now-news.de\/de\/?s={search_term_string}\"},\"query-input\":\"required name=search_term_string\"}],\"inLanguage\":\"de\"},{\"@type\":\"Organization\",\"@id\":\"https:\/\/now-news.de\/de\/#organization\",\"name\":\"Just Now News\",\"url\":\"https:\/\/now-news.de\/de\/\",\"logo\":{\"@type\":\"ImageObject\",\"inLanguage\":\"de\",\"@id\":\"https:\/\/now-news.de\/de\/#\/schema\/logo\/image\/\",\"url\":\"http:\/\/just-now.news\/de\/wp-content\/uploads\/sites\/3\/2022\/04\/logo500x500.jpg\",\"contentUrl\":\"http:\/\/just-now.news\/de\/wp-content\/uploads\/sites\/3\/2022\/04\/logo500x500.jpg\",\"width\":500,\"height\":500,\"caption\":\"Just Now News\"},\"image\":{\"@id\":\"https:\/\/now-news.de\/de\/#\/schema\/logo\/image\/\"},\"sameAs\":[\"https:\/\/www.facebook.com\/wirmachenauf\",\"https:\/\/x.com\/WirMachenAuf_de\"]},{\"@type\":\"Person\",\"@id\":\"https:\/\/now-news.de\/de\/#\/schema\/person\/fb534a4e865501d8b3285208df34a9b5\",\"name\":\"rtnews\",\"image\":{\"@type\":\"ImageObject\",\"inLanguage\":\"de\",\"@id\":\"https:\/\/now-news.de\/de\/#\/schema\/person\/image\/\",\"url\":\"https:\/\/secure.gravatar.com\/avatar\/82aafea7d8127119dd649515f56e2117?s=96&d=mm&r=g\",\"contentUrl\":\"https:\/\/secure.gravatar.com\/avatar\/82aafea7d8127119dd649515f56e2117?s=96&d=mm&r=g\",\"caption\":\"rtnews\"},\"url\":\"https:\/\/now-news.de\/de\/author\/rnews\/\"}]}<\/script>\n<!-- \/ Yoast SEO Premium plugin. -->","yoast_head_json":{"title":"Kinder als Waffe: Die Entmenschlichung der Pal\u00e4stinenser ist zum Mainstream geworden - just-now.NEWS Deutschland","robots":{"index":"index","follow":"follow","max-snippet":"max-snippet:-1","max-image-preview":"max-image-preview:large","max-video-preview":"max-video-preview:-1"},"canonical":"https:\/\/now-news.de\/de\/deutschland\/kinder-als-waffe-die-entmenschlichung-der-palaestinenser-ist-zum-mainstream-geworden\/","og_locale":"de_DE","og_type":"article","og_title":"Kinder als Waffe: Die Entmenschlichung der Pal\u00e4stinenser ist zum Mainstream geworden","og_description":"Eine angesehene westliche Publikation lieferte eine zynische Erkl\u00e4rung daf\u00fcr, warum so viele Minderj\u00e4hrige bei israelischen Angriffen auf dem Gazastreifen zu Tode kommen. Doch es steckt mehr hinter dieser als cool pr\u00e4sentierten Analyse, die im vornehmen englischen Stil gehalten wurde. Von Tarik Cyril Amar Die Wochenzeitung The Economist hat einen Artikel ver\u00f6ffentlicht, in dem vorgegeben wird, [&hellip;]","og_url":"https:\/\/now-news.de\/de\/deutschland\/kinder-als-waffe-die-entmenschlichung-der-palaestinenser-ist-zum-mainstream-geworden\/","og_site_name":"just-now.NEWS Deutschland","article_publisher":"https:\/\/www.facebook.com\/wirmachenauf","article_published_time":"2023-11-13T06:30:00+00:00","og_image":[{"width":460,"height":259,"url":"https:\/\/now-news.de\/de\/wp-content\/uploads\/sites\/3\/2023\/11\/Kinder-als-Waffe-Die-Entmenschlichung-der-Palaestinenser-ist-zum-Mainstream.jpg","type":"image\/jpeg"}],"author":"rtnews","twitter_card":"summary_large_image","twitter_creator":"@WirMachenAuf_de","twitter_site":"@WirMachenAuf_de","twitter_misc":{"Verfasst von":"rtnews","Gesch\u00e4tzte Lesezeit":"8\u00a0Minuten"},"schema":{"@context":"https:\/\/schema.org","@graph":[{"@type":"Article","@id":"https:\/\/now-news.de\/de\/deutschland\/kinder-als-waffe-die-entmenschlichung-der-palaestinenser-ist-zum-mainstream-geworden\/#article","isPartOf":{"@id":"https:\/\/now-news.de\/de\/deutschland\/kinder-als-waffe-die-entmenschlichung-der-palaestinenser-ist-zum-mainstream-geworden\/"},"author":{"name":"rtnews","@id":"https:\/\/now-news.de\/de\/#\/schema\/person\/fb534a4e865501d8b3285208df34a9b5"},"headline":"Kinder als Waffe: Die Entmenschlichung der Pal\u00e4stinenser ist zum Mainstream geworden","datePublished":"2023-11-13T06:30:00+00:00","dateModified":"2023-11-13T06:30:00+00:00","mainEntityOfPage":{"@id":"https:\/\/now-news.de\/de\/deutschland\/kinder-als-waffe-die-entmenschlichung-der-palaestinenser-ist-zum-mainstream-geworden\/"},"wordCount":1688,"commentCount":0,"publisher":{"@id":"https:\/\/now-news.de\/de\/#organization"},"image":{"@id":"https:\/\/now-news.de\/de\/deutschland\/kinder-als-waffe-die-entmenschlichung-der-palaestinenser-ist-zum-mainstream-geworden\/#primaryimage"},"thumbnailUrl":"https:\/\/now-news.de\/de\/wp-content\/uploads\/sites\/3\/2023\/11\/Kinder-als-Waffe-Die-Entmenschlichung-der-Palaestinenser-ist-zum-Mainstream.jpg","keywords":["als","der","die","Entmenschlichung","geworden","ist","Kinder","Mainstream","Pal\u00e4stinenser","Waffe","zum"],"articleSection":["Deutschland","Russland"],"inLanguage":"de","potentialAction":[{"@type":"CommentAction","name":"Comment","target":["https:\/\/now-news.de\/de\/deutschland\/kinder-als-waffe-die-entmenschlichung-der-palaestinenser-ist-zum-mainstream-geworden\/#respond"]}]},{"@type":"WebPage","@id":"https:\/\/now-news.de\/de\/deutschland\/kinder-als-waffe-die-entmenschlichung-der-palaestinenser-ist-zum-mainstream-geworden\/","url":"https:\/\/now-news.de\/de\/deutschland\/kinder-als-waffe-die-entmenschlichung-der-palaestinenser-ist-zum-mainstream-geworden\/","name":"Kinder als Waffe: Die Entmenschlichung der Pal\u00e4stinenser ist zum Mainstream geworden - just-now.NEWS Deutschland","isPartOf":{"@id":"https:\/\/now-news.de\/de\/#website"},"primaryImageOfPage":{"@id":"https:\/\/now-news.de\/de\/deutschland\/kinder-als-waffe-die-entmenschlichung-der-palaestinenser-ist-zum-mainstream-geworden\/#primaryimage"},"image":{"@id":"https:\/\/now-news.de\/de\/deutschland\/kinder-als-waffe-die-entmenschlichung-der-palaestinenser-ist-zum-mainstream-geworden\/#primaryimage"},"thumbnailUrl":"https:\/\/now-news.de\/de\/wp-content\/uploads\/sites\/3\/2023\/11\/Kinder-als-Waffe-Die-Entmenschlichung-der-Palaestinenser-ist-zum-Mainstream.jpg","datePublished":"2023-11-13T06:30:00+00:00","dateModified":"2023-11-13T06:30:00+00:00","breadcrumb":{"@id":"https:\/\/now-news.de\/de\/deutschland\/kinder-als-waffe-die-entmenschlichung-der-palaestinenser-ist-zum-mainstream-geworden\/#breadcrumb"},"inLanguage":"de","potentialAction":[{"@type":"ReadAction","target":["https:\/\/now-news.de\/de\/deutschland\/kinder-als-waffe-die-entmenschlichung-der-palaestinenser-ist-zum-mainstream-geworden\/"]}]},{"@type":"ImageObject","inLanguage":"de","@id":"https:\/\/now-news.de\/de\/deutschland\/kinder-als-waffe-die-entmenschlichung-der-palaestinenser-ist-zum-mainstream-geworden\/#primaryimage","url":"https:\/\/now-news.de\/de\/wp-content\/uploads\/sites\/3\/2023\/11\/Kinder-als-Waffe-Die-Entmenschlichung-der-Palaestinenser-ist-zum-Mainstream.jpg","contentUrl":"https:\/\/now-news.de\/de\/wp-content\/uploads\/sites\/3\/2023\/11\/Kinder-als-Waffe-Die-Entmenschlichung-der-Palaestinenser-ist-zum-Mainstream.jpg","width":460,"height":259,"caption":"Kinder als Waffe: Die Entmenschlichung der Pal\u00e4stinenser ist zum Mainstream geworden"},{"@type":"BreadcrumbList","@id":"https:\/\/now-news.de\/de\/deutschland\/kinder-als-waffe-die-entmenschlichung-der-palaestinenser-ist-zum-mainstream-geworden\/#breadcrumb","itemListElement":[{"@type":"ListItem","position":1,"name":"Home","item":"https:\/\/now-news.de\/de\/"},{"@type":"ListItem","position":2,"name":"Kinder als Waffe: Die Entmenschlichung der Pal\u00e4stinenser ist zum Mainstream geworden"}]},{"@type":"WebSite","@id":"https:\/\/now-news.de\/de\/#website","url":"https:\/\/now-news.de\/de\/","name":"just-now.NEWS Deutschland","description":"Das Portal f\u00fcr unzensierte Nachrichten aus der Welt","publisher":{"@id":"https:\/\/now-news.de\/de\/#organization"},"potentialAction":[{"@type":"SearchAction","target":{"@type":"EntryPoint","urlTemplate":"https:\/\/now-news.de\/de\/?s={search_term_string}"},"query-input":"required name=search_term_string"}],"inLanguage":"de"},{"@type":"Organization","@id":"https:\/\/now-news.de\/de\/#organization","name":"Just Now News","url":"https:\/\/now-news.de\/de\/","logo":{"@type":"ImageObject","inLanguage":"de","@id":"https:\/\/now-news.de\/de\/#\/schema\/logo\/image\/","url":"http:\/\/just-now.news\/de\/wp-content\/uploads\/sites\/3\/2022\/04\/logo500x500.jpg","contentUrl":"http:\/\/just-now.news\/de\/wp-content\/uploads\/sites\/3\/2022\/04\/logo500x500.jpg","width":500,"height":500,"caption":"Just Now News"},"image":{"@id":"https:\/\/now-news.de\/de\/#\/schema\/logo\/image\/"},"sameAs":["https:\/\/www.facebook.com\/wirmachenauf","https:\/\/x.com\/WirMachenAuf_de"]},{"@type":"Person","@id":"https:\/\/now-news.de\/de\/#\/schema\/person\/fb534a4e865501d8b3285208df34a9b5","name":"rtnews","image":{"@type":"ImageObject","inLanguage":"de","@id":"https:\/\/now-news.de\/de\/#\/schema\/person\/image\/","url":"https:\/\/secure.gravatar.com\/avatar\/82aafea7d8127119dd649515f56e2117?s=96&d=mm&r=g","contentUrl":"https:\/\/secure.gravatar.com\/avatar\/82aafea7d8127119dd649515f56e2117?s=96&d=mm&r=g","caption":"rtnews"},"url":"https:\/\/now-news.de\/de\/author\/rnews\/"}]}},"_links":{"self":[{"href":"https:\/\/now-news.de\/de\/wp-json\/wp\/v2\/posts\/49664"}],"collection":[{"href":"https:\/\/now-news.de\/de\/wp-json\/wp\/v2\/posts"}],"about":[{"href":"https:\/\/now-news.de\/de\/wp-json\/wp\/v2\/types\/post"}],"author":[{"embeddable":true,"href":"https:\/\/now-news.de\/de\/wp-json\/wp\/v2\/users\/3"}],"replies":[{"embeddable":true,"href":"https:\/\/now-news.de\/de\/wp-json\/wp\/v2\/comments?post=49664"}],"version-history":[{"count":0,"href":"https:\/\/now-news.de\/de\/wp-json\/wp\/v2\/posts\/49664\/revisions"}],"wp:featuredmedia":[{"embeddable":true,"href":"https:\/\/now-news.de\/de\/wp-json\/wp\/v2\/media\/49665"}],"wp:attachment":[{"href":"https:\/\/now-news.de\/de\/wp-json\/wp\/v2\/media?parent=49664"}],"wp:term":[{"taxonomy":"category","embeddable":true,"href":"https:\/\/now-news.de\/de\/wp-json\/wp\/v2\/categories?post=49664"},{"taxonomy":"post_tag","embeddable":true,"href":"https:\/\/now-news.de\/de\/wp-json\/wp\/v2\/tags?post=49664"}],"curies":[{"name":"wp","href":"https:\/\/api.w.org\/{rel}","templated":true}]}}