{"id":4965,"date":"2022-04-29T20:03:48","date_gmt":"2022-04-29T18:03:48","guid":{"rendered":"http:\/\/just-now.news\/de\/deutschland\/afd-co-fraktionschef-chrupalla-fuer-inbetriebnahme-von-nord-stream-2\/"},"modified":"2022-04-29T20:03:48","modified_gmt":"2022-04-29T18:03:48","slug":"afd-co-fraktionschef-chrupalla-fuer-inbetriebnahme-von-nord-stream-2","status":"publish","type":"post","link":"https:\/\/now-news.de\/de\/deutschland\/afd-co-fraktionschef-chrupalla-fuer-inbetriebnahme-von-nord-stream-2\/","title":{"rendered":"AfD-Co-Fraktionschef Chrupalla f\u00fcr Inbetriebnahme von &quot;Nord Stream 2&quot;"},"content":{"rendered":"<div class=\"Text-root Text-type_5 ArticleView-text ViewText-root \">\n<p>In einem Interview mit <em>RIA Nowosti<\/em> hat sich der AfD-Politiker und Co-Vorsitzende der AfD-Bundestagsfraktion, Tino Chrupalla, wie die <em>Berliner Zeitung<\/em>\u00a0<a target=\"_blank\" href=\"https:\/\/www.berliner-zeitung.de\/wirtschaft-verantwortung\/nord-stream-2-in-betrieb-nehmen-afd-chef-sorgt-in-russland-fuer-schlagzeilen-li.224988\" rel=\"noopener noreferrer\">meldete<\/a>, daf\u00fcr ausgesprochen, die l\u00e4ngst fertiggestellte Erdgas-Pipeline Nord Stream 2 doch in Betrieb zu nehmen. Allerdings forderte der AfD-Mann, im Gegenzug m\u00fcsse Moskau wieder Zahlungen in Euro akzeptieren. Das w\u00e4re eine &#8220;gute Idee&#8221;, zitierte ihn die Zeitung.<\/p>\n<div class=\"ReadMore-root Section-root Section-is1to3-xs_is1to1\" data-widgets=\"ReadMore\" data-has-alias>\n<div class=\"Section-container Section-isRow-isTop-isWrap\">\n<article class=\"Card-root Card-is1to1 \">\n<div class=\"Card-imageWrap\">\n<div class=\"Card-picture\">\n<picture class=\"Picture-root Picture-default\"><!--[if IE 9]><video style=\"display: none;\"><![endif]--><source media=\"(-webkit-min-device-pixel-ratio: 2) and (min-resolution: 120dpi)\" data-srcset=\" \nhttps:\/\/cdni.russiatoday.com\/deutsch\/images\/2022.04\/thumbnail\/626936b548fbef04b238d19b.jpg 850w,\n                https:\/\/cdni.russiatoday.com\/deutsch\/images\/2022.04\/article\/626936b548fbef04b238d19a.jpg 1960w,\n            \" srcset=\"data:image\/png;base64,iVBORw0KGgoAAAANSUhEUgAAABAAAAAJCAQAAACRI2S5AAAAEElEQVR42mNkIAAYRxWAAQAG9gAKqv6+AwAAAABJRU5ErkJggg==\"><source data-srcset=\" \nhttps:\/\/cdni.russiatoday.com\/deutsch\/images\/2022.04\/thumbnail\/626936b548fbef04b238d19b.jpg 460w,\n              https:\/\/cdni.russiatoday.com\/deutsch\/images\/2022.04\/article\/626936b548fbef04b238d19a.jpg 980w,\n            \" srcset=\"data:image\/png;base64,iVBORw0KGgoAAAANSUhEUgAAABAAAAAJCAQAAACRI2S5AAAAEElEQVR42mNkIAAYRxWAAQAG9gAKqv6+AwAAAABJRU5ErkJggg==\"><!--[if IE 9]><\/video><![endif]--><\/source><\/source><\/picture><!-- noscript pattern --><noscript><img decoding=\"async\" src=\"https:\/\/cdni.russiatoday.com\/deutsch\/images\/2022.04\/article\/626936b548fbef04b238d19a.jpg\" alt=\"Vier EU-L\u00e4nder einigen sich darauf, russisches Gas in Rubel zu bezahlen\"><\/noscript>    <\/div><\/div>\n<div class=\"Card-contentWrap\">\n<div class=\"Card-content\">\n<div class=\"Card-title\">\n<div class=\"HeaderNews-root HeaderNews-type_6 \">\n<p>            <a target=\"_blank\" href=\"https:\/\/de.rt.com\/europa\/137176-medienbericht-vier-eu-lander-einigen\/\" class=\"Link-root Link-isFullCard \" rel=\"noopener\"><br \/>\n                Vier EU-L\u00e4nder einigen sich darauf, russisches Gas in Rubel zu bezahlen<br \/>\n            <\/a><\/p><\/div><\/div><\/div><\/div>\n<\/article>\n<\/div><\/div>\n<p>Weiter hei\u00dft es, seine Partei sei &#8220;der Meinung, dass Deutschland auf jeden Fall an der Inbetriebnahme von Nord Stream 2, die von der Bundesregierung zu Beginn der russischen Invasion in der Ukraine gestoppt wurde, festhalten&#8221; solle. Das Beharren auf die M\u00f6glichkeit, in Euro zu bezahlen, k\u00f6nnte nach Meinung Chrupallas die Bundesregierung \u00fcberzeugen, die Gasleitung doch noch in Betrieb zu nehmen. Der Abgeordnete wird jedoch auch mit der Bef\u00fcrchtung zitiert, &#8220;dass &#8216;wir jetzt \u00fcberhaupt nicht \u00fcber solche Details sprechen'&#8221;.<\/p>\n<p>Chrupalla habe in dem Gespr\u00e4ch darauf hingewiesen, dass das Einfrieren russischer Devisen seitens westlicher Staaten &#8220;eine destruktive Ma\u00dfnahme&#8221; gewesen ist, &#8220;die Russland dazu gezwungen habe, die Gas-Zahlungen auf den Rubel umzustellen&#8221;.<\/p>\n<p>Mit dieser Stellungnahme ist die AfD unter den Bundestagsparteien eine Ausnahme. Sowohl die Koalitionsparteien als auch die anderen Oppositionsparteien halten an den Russland-Sanktionen, unter die auch die deutsche Blockadepolitik gegen die Pipeline Nord Stream 2 f\u00e4llt, fest und wollen diese noch weiter versch\u00e4rfen. Der AfD-Politiker machte damit einen Vorschlag entgegen den aktuellen Diskussionen, auf welche Weise Deutschland und die EU sich m\u00f6glichst bald von Lieferungen russischer Energietr\u00e4ger unabh\u00e4ngig machen k\u00f6nnen.<\/p>\n<p><strong>Mehr zum Thema<\/strong> \u2013 <a target=\"_blank\" href=\"https:\/\/de.rt.com\/inland\/137331-basf-chef-brudermuller-gegen-embargo\/\" rel=\"noopener noreferrer\">BASF-Chef: Erdgas-Embargo gegen Russland w\u00fcrde deutsche Wirtschaft irreversibel besch\u00e4digen<\/a><\/p>\n<\/p>\n<\/div>\n<p><br \/>\n<br \/><a href=\"https:\/\/de.rt.com\/inland\/137377-afd-co-fraktionschef-chrupalla-fur\/\">Source link <\/a><\/p>\n","protected":false},"excerpt":{"rendered":"<p>In einem Interview mit RIA Nowosti hat sich der AfD-Politiker und Co-Vorsitzende der AfD-Bundestagsfraktion, Tino Chrupalla, wie die Berliner Zeitung\u00a0meldete, daf\u00fcr ausgesprochen, die l\u00e4ngst fertiggestellte Erdgas-Pipeline Nord Stream 2 doch in Betrieb zu nehmen. Allerdings forderte der AfD-Mann, im Gegenzug m\u00fcsse Moskau wieder Zahlungen in Euro akzeptieren. Das w\u00e4re eine &#8220;gute Idee&#8221;, zitierte ihn die [&hellip;]<\/p>\n","protected":false},"author":3,"featured_media":4966,"comment_status":"open","ping_status":"open","sticky":false,"template":"","format":"standard","meta":{"wp_automatic_camp":["217"],"7b130eec5963c98d734a648be40d616f":["AfD-Co-Fraktionschef Chrupalla f\u00fcr Inbetriebnahme von &quot;Nord Stream 2&quot;"],"original_link":["https:\/\/de.rt.com\/inland\/137377-afd-co-fraktionschef-chrupalla-fur\/"],"_thumbnail_id":["4966"],"wp_automatic_remove_first_image":["yes"],"_wptg_p2tg_sent2tg":["2022-04-29 20:06:43"],"jnews_social_counter_last_update":["1777359492"]},"categories":[19,23],"tags":[13959,13955,13956,221,13957,13958,8951,50],"yoast_head":"<!-- This site is optimized with the Yoast SEO Premium plugin v22.7 (Yoast SEO v22.7) - https:\/\/yoast.com\/wordpress\/plugins\/seo\/ -->\n<title>AfD-Co-Fraktionschef Chrupalla f\u00fcr Inbetriebnahme von &quot;Nord Stream 2&quot; - just-now.NEWS Deutschland<\/title>\n<meta name=\"robots\" content=\"index, follow, max-snippet:-1, max-image-preview:large, max-video-preview:-1\" \/>\n<link rel=\"canonical\" href=\"https:\/\/now-news.de\/de\/deutschland\/afd-co-fraktionschef-chrupalla-fuer-inbetriebnahme-von-nord-stream-2\/\" \/>\n<meta property=\"og:locale\" content=\"de_DE\" \/>\n<meta property=\"og:type\" content=\"article\" \/>\n<meta property=\"og:title\" content=\"AfD-Co-Fraktionschef Chrupalla f\u00fcr Inbetriebnahme von &quot;Nord Stream 2&quot;\" \/>\n<meta property=\"og:description\" content=\"In einem Interview mit RIA Nowosti hat sich der AfD-Politiker und Co-Vorsitzende der AfD-Bundestagsfraktion, Tino Chrupalla, wie die Berliner Zeitung\u00a0meldete, daf\u00fcr ausgesprochen, die l\u00e4ngst fertiggestellte Erdgas-Pipeline Nord Stream 2 doch in Betrieb zu nehmen. Allerdings forderte der AfD-Mann, im Gegenzug m\u00fcsse Moskau wieder Zahlungen in Euro akzeptieren. Das w\u00e4re eine &#8220;gute Idee&#8221;, zitierte ihn die [&hellip;]\" \/>\n<meta property=\"og:url\" content=\"https:\/\/now-news.de\/de\/deutschland\/afd-co-fraktionschef-chrupalla-fuer-inbetriebnahme-von-nord-stream-2\/\" \/>\n<meta property=\"og:site_name\" content=\"just-now.NEWS Deutschland\" \/>\n<meta property=\"article:publisher\" content=\"https:\/\/www.facebook.com\/wirmachenauf\" \/>\n<meta property=\"article:published_time\" content=\"2022-04-29T18:03:48+00:00\" \/>\n<meta property=\"og:image\" content=\"https:\/\/now-news.de\/de\/wp-content\/uploads\/sites\/3\/2022\/04\/AfD-Co-Fraktionschef-Chrupalla-fuer-Inbetriebnahme-von-quotNord-Stream-2quot.jpg\" \/>\n\t<meta property=\"og:image:width\" content=\"1104\" \/>\n\t<meta property=\"og:image:height\" content=\"622\" \/>\n\t<meta property=\"og:image:type\" content=\"image\/jpeg\" \/>\n<meta name=\"author\" content=\"rtnews\" \/>\n<meta name=\"twitter:card\" content=\"summary_large_image\" \/>\n<meta name=\"twitter:creator\" content=\"@WirMachenAuf_de\" \/>\n<meta name=\"twitter:site\" content=\"@WirMachenAuf_de\" \/>\n<meta name=\"twitter:label1\" content=\"Verfasst von\" \/>\n\t<meta name=\"twitter:data1\" content=\"rtnews\" \/>\n\t<meta name=\"twitter:label2\" content=\"Gesch\u00e4tzte Lesezeit\" \/>\n\t<meta name=\"twitter:data2\" content=\"1\u00a0Minute\" \/>\n<script type=\"application\/ld+json\" class=\"yoast-schema-graph\">{\"@context\":\"https:\/\/schema.org\",\"@graph\":[{\"@type\":\"Article\",\"@id\":\"https:\/\/now-news.de\/de\/deutschland\/afd-co-fraktionschef-chrupalla-fuer-inbetriebnahme-von-nord-stream-2\/#article\",\"isPartOf\":{\"@id\":\"https:\/\/now-news.de\/de\/deutschland\/afd-co-fraktionschef-chrupalla-fuer-inbetriebnahme-von-nord-stream-2\/\"},\"author\":{\"name\":\"rtnews\",\"@id\":\"https:\/\/now-news.de\/de\/#\/schema\/person\/fb534a4e865501d8b3285208df34a9b5\"},\"headline\":\"AfD-Co-Fraktionschef Chrupalla f\u00fcr Inbetriebnahme von &quot;Nord Stream 2&quot;\",\"datePublished\":\"2022-04-29T18:03:48+00:00\",\"dateModified\":\"2022-04-29T18:03:48+00:00\",\"mainEntityOfPage\":{\"@id\":\"https:\/\/now-news.de\/de\/deutschland\/afd-co-fraktionschef-chrupalla-fuer-inbetriebnahme-von-nord-stream-2\/\"},\"wordCount\":288,\"commentCount\":0,\"publisher\":{\"@id\":\"https:\/\/now-news.de\/de\/#organization\"},\"image\":{\"@id\":\"https:\/\/now-news.de\/de\/deutschland\/afd-co-fraktionschef-chrupalla-fuer-inbetriebnahme-von-nord-stream-2\/#primaryimage\"},\"thumbnailUrl\":\"https:\/\/now-news.de\/de\/wp-content\/uploads\/sites\/3\/2022\/04\/AfD-Co-Fraktionschef-Chrupalla-fuer-Inbetriebnahme-von-quotNord-Stream-2quot.jpg\",\"keywords\":[\"2quot\",\"AfDCoFraktionschef\",\"Chrupalla\",\"f\u00fcr\",\"Inbetriebnahme\",\"quotNord\",\"stream\",\"von\"],\"articleSection\":[\"Deutschland\",\"Russland\"],\"inLanguage\":\"de\",\"potentialAction\":[{\"@type\":\"CommentAction\",\"name\":\"Comment\",\"target\":[\"https:\/\/now-news.de\/de\/deutschland\/afd-co-fraktionschef-chrupalla-fuer-inbetriebnahme-von-nord-stream-2\/#respond\"]}]},{\"@type\":\"WebPage\",\"@id\":\"https:\/\/now-news.de\/de\/deutschland\/afd-co-fraktionschef-chrupalla-fuer-inbetriebnahme-von-nord-stream-2\/\",\"url\":\"https:\/\/now-news.de\/de\/deutschland\/afd-co-fraktionschef-chrupalla-fuer-inbetriebnahme-von-nord-stream-2\/\",\"name\":\"AfD-Co-Fraktionschef Chrupalla f\u00fcr Inbetriebnahme von &quot;Nord Stream 2&quot; - just-now.NEWS Deutschland\",\"isPartOf\":{\"@id\":\"https:\/\/now-news.de\/de\/#website\"},\"primaryImageOfPage\":{\"@id\":\"https:\/\/now-news.de\/de\/deutschland\/afd-co-fraktionschef-chrupalla-fuer-inbetriebnahme-von-nord-stream-2\/#primaryimage\"},\"image\":{\"@id\":\"https:\/\/now-news.de\/de\/deutschland\/afd-co-fraktionschef-chrupalla-fuer-inbetriebnahme-von-nord-stream-2\/#primaryimage\"},\"thumbnailUrl\":\"https:\/\/now-news.de\/de\/wp-content\/uploads\/sites\/3\/2022\/04\/AfD-Co-Fraktionschef-Chrupalla-fuer-Inbetriebnahme-von-quotNord-Stream-2quot.jpg\",\"datePublished\":\"2022-04-29T18:03:48+00:00\",\"dateModified\":\"2022-04-29T18:03:48+00:00\",\"breadcrumb\":{\"@id\":\"https:\/\/now-news.de\/de\/deutschland\/afd-co-fraktionschef-chrupalla-fuer-inbetriebnahme-von-nord-stream-2\/#breadcrumb\"},\"inLanguage\":\"de\",\"potentialAction\":[{\"@type\":\"ReadAction\",\"target\":[\"https:\/\/now-news.de\/de\/deutschland\/afd-co-fraktionschef-chrupalla-fuer-inbetriebnahme-von-nord-stream-2\/\"]}]},{\"@type\":\"ImageObject\",\"inLanguage\":\"de\",\"@id\":\"https:\/\/now-news.de\/de\/deutschland\/afd-co-fraktionschef-chrupalla-fuer-inbetriebnahme-von-nord-stream-2\/#primaryimage\",\"url\":\"https:\/\/now-news.de\/de\/wp-content\/uploads\/sites\/3\/2022\/04\/AfD-Co-Fraktionschef-Chrupalla-fuer-Inbetriebnahme-von-quotNord-Stream-2quot.jpg\",\"contentUrl\":\"https:\/\/now-news.de\/de\/wp-content\/uploads\/sites\/3\/2022\/04\/AfD-Co-Fraktionschef-Chrupalla-fuer-Inbetriebnahme-von-quotNord-Stream-2quot.jpg\",\"width\":1104,\"height\":622,\"caption\":\"AfD-Co-Fraktionschef Chrupalla f\u00fcr Inbetriebnahme von &quot;Nord Stream 2&quot;\"},{\"@type\":\"BreadcrumbList\",\"@id\":\"https:\/\/now-news.de\/de\/deutschland\/afd-co-fraktionschef-chrupalla-fuer-inbetriebnahme-von-nord-stream-2\/#breadcrumb\",\"itemListElement\":[{\"@type\":\"ListItem\",\"position\":1,\"name\":\"Home\",\"item\":\"https:\/\/now-news.de\/de\/\"},{\"@type\":\"ListItem\",\"position\":2,\"name\":\"AfD-Co-Fraktionschef Chrupalla f\u00fcr Inbetriebnahme von &quot;Nord Stream 2&quot;\"}]},{\"@type\":\"WebSite\",\"@id\":\"https:\/\/now-news.de\/de\/#website\",\"url\":\"https:\/\/now-news.de\/de\/\",\"name\":\"just-now.NEWS Deutschland\",\"description\":\"Das Portal f\u00fcr unzensierte Nachrichten aus der Welt\",\"publisher\":{\"@id\":\"https:\/\/now-news.de\/de\/#organization\"},\"potentialAction\":[{\"@type\":\"SearchAction\",\"target\":{\"@type\":\"EntryPoint\",\"urlTemplate\":\"https:\/\/now-news.de\/de\/?s={search_term_string}\"},\"query-input\":\"required name=search_term_string\"}],\"inLanguage\":\"de\"},{\"@type\":\"Organization\",\"@id\":\"https:\/\/now-news.de\/de\/#organization\",\"name\":\"Just Now News\",\"url\":\"https:\/\/now-news.de\/de\/\",\"logo\":{\"@type\":\"ImageObject\",\"inLanguage\":\"de\",\"@id\":\"https:\/\/now-news.de\/de\/#\/schema\/logo\/image\/\",\"url\":\"http:\/\/just-now.news\/de\/wp-content\/uploads\/sites\/3\/2022\/04\/logo500x500.jpg\",\"contentUrl\":\"http:\/\/just-now.news\/de\/wp-content\/uploads\/sites\/3\/2022\/04\/logo500x500.jpg\",\"width\":500,\"height\":500,\"caption\":\"Just Now News\"},\"image\":{\"@id\":\"https:\/\/now-news.de\/de\/#\/schema\/logo\/image\/\"},\"sameAs\":[\"https:\/\/www.facebook.com\/wirmachenauf\",\"https:\/\/x.com\/WirMachenAuf_de\"]},{\"@type\":\"Person\",\"@id\":\"https:\/\/now-news.de\/de\/#\/schema\/person\/fb534a4e865501d8b3285208df34a9b5\",\"name\":\"rtnews\",\"image\":{\"@type\":\"ImageObject\",\"inLanguage\":\"de\",\"@id\":\"https:\/\/now-news.de\/de\/#\/schema\/person\/image\/\",\"url\":\"https:\/\/secure.gravatar.com\/avatar\/82aafea7d8127119dd649515f56e2117?s=96&d=mm&r=g\",\"contentUrl\":\"https:\/\/secure.gravatar.com\/avatar\/82aafea7d8127119dd649515f56e2117?s=96&d=mm&r=g\",\"caption\":\"rtnews\"},\"url\":\"https:\/\/now-news.de\/de\/author\/rnews\/\"}]}<\/script>\n<!-- \/ Yoast SEO Premium plugin. -->","yoast_head_json":{"title":"AfD-Co-Fraktionschef Chrupalla f\u00fcr Inbetriebnahme von &quot;Nord Stream 2&quot; - just-now.NEWS Deutschland","robots":{"index":"index","follow":"follow","max-snippet":"max-snippet:-1","max-image-preview":"max-image-preview:large","max-video-preview":"max-video-preview:-1"},"canonical":"https:\/\/now-news.de\/de\/deutschland\/afd-co-fraktionschef-chrupalla-fuer-inbetriebnahme-von-nord-stream-2\/","og_locale":"de_DE","og_type":"article","og_title":"AfD-Co-Fraktionschef Chrupalla f\u00fcr Inbetriebnahme von &quot;Nord Stream 2&quot;","og_description":"In einem Interview mit RIA Nowosti hat sich der AfD-Politiker und Co-Vorsitzende der AfD-Bundestagsfraktion, Tino Chrupalla, wie die Berliner Zeitung\u00a0meldete, daf\u00fcr ausgesprochen, die l\u00e4ngst fertiggestellte Erdgas-Pipeline Nord Stream 2 doch in Betrieb zu nehmen. Allerdings forderte der AfD-Mann, im Gegenzug m\u00fcsse Moskau wieder Zahlungen in Euro akzeptieren. Das w\u00e4re eine &#8220;gute Idee&#8221;, zitierte ihn die [&hellip;]","og_url":"https:\/\/now-news.de\/de\/deutschland\/afd-co-fraktionschef-chrupalla-fuer-inbetriebnahme-von-nord-stream-2\/","og_site_name":"just-now.NEWS Deutschland","article_publisher":"https:\/\/www.facebook.com\/wirmachenauf","article_published_time":"2022-04-29T18:03:48+00:00","og_image":[{"width":1104,"height":622,"url":"https:\/\/now-news.de\/de\/wp-content\/uploads\/sites\/3\/2022\/04\/AfD-Co-Fraktionschef-Chrupalla-fuer-Inbetriebnahme-von-quotNord-Stream-2quot.jpg","type":"image\/jpeg"}],"author":"rtnews","twitter_card":"summary_large_image","twitter_creator":"@WirMachenAuf_de","twitter_site":"@WirMachenAuf_de","twitter_misc":{"Verfasst von":"rtnews","Gesch\u00e4tzte Lesezeit":"1\u00a0Minute"},"schema":{"@context":"https:\/\/schema.org","@graph":[{"@type":"Article","@id":"https:\/\/now-news.de\/de\/deutschland\/afd-co-fraktionschef-chrupalla-fuer-inbetriebnahme-von-nord-stream-2\/#article","isPartOf":{"@id":"https:\/\/now-news.de\/de\/deutschland\/afd-co-fraktionschef-chrupalla-fuer-inbetriebnahme-von-nord-stream-2\/"},"author":{"name":"rtnews","@id":"https:\/\/now-news.de\/de\/#\/schema\/person\/fb534a4e865501d8b3285208df34a9b5"},"headline":"AfD-Co-Fraktionschef Chrupalla f\u00fcr Inbetriebnahme von &quot;Nord Stream 2&quot;","datePublished":"2022-04-29T18:03:48+00:00","dateModified":"2022-04-29T18:03:48+00:00","mainEntityOfPage":{"@id":"https:\/\/now-news.de\/de\/deutschland\/afd-co-fraktionschef-chrupalla-fuer-inbetriebnahme-von-nord-stream-2\/"},"wordCount":288,"commentCount":0,"publisher":{"@id":"https:\/\/now-news.de\/de\/#organization"},"image":{"@id":"https:\/\/now-news.de\/de\/deutschland\/afd-co-fraktionschef-chrupalla-fuer-inbetriebnahme-von-nord-stream-2\/#primaryimage"},"thumbnailUrl":"https:\/\/now-news.de\/de\/wp-content\/uploads\/sites\/3\/2022\/04\/AfD-Co-Fraktionschef-Chrupalla-fuer-Inbetriebnahme-von-quotNord-Stream-2quot.jpg","keywords":["2quot","AfDCoFraktionschef","Chrupalla","f\u00fcr","Inbetriebnahme","quotNord","stream","von"],"articleSection":["Deutschland","Russland"],"inLanguage":"de","potentialAction":[{"@type":"CommentAction","name":"Comment","target":["https:\/\/now-news.de\/de\/deutschland\/afd-co-fraktionschef-chrupalla-fuer-inbetriebnahme-von-nord-stream-2\/#respond"]}]},{"@type":"WebPage","@id":"https:\/\/now-news.de\/de\/deutschland\/afd-co-fraktionschef-chrupalla-fuer-inbetriebnahme-von-nord-stream-2\/","url":"https:\/\/now-news.de\/de\/deutschland\/afd-co-fraktionschef-chrupalla-fuer-inbetriebnahme-von-nord-stream-2\/","name":"AfD-Co-Fraktionschef Chrupalla f\u00fcr Inbetriebnahme von &quot;Nord Stream 2&quot; - just-now.NEWS Deutschland","isPartOf":{"@id":"https:\/\/now-news.de\/de\/#website"},"primaryImageOfPage":{"@id":"https:\/\/now-news.de\/de\/deutschland\/afd-co-fraktionschef-chrupalla-fuer-inbetriebnahme-von-nord-stream-2\/#primaryimage"},"image":{"@id":"https:\/\/now-news.de\/de\/deutschland\/afd-co-fraktionschef-chrupalla-fuer-inbetriebnahme-von-nord-stream-2\/#primaryimage"},"thumbnailUrl":"https:\/\/now-news.de\/de\/wp-content\/uploads\/sites\/3\/2022\/04\/AfD-Co-Fraktionschef-Chrupalla-fuer-Inbetriebnahme-von-quotNord-Stream-2quot.jpg","datePublished":"2022-04-29T18:03:48+00:00","dateModified":"2022-04-29T18:03:48+00:00","breadcrumb":{"@id":"https:\/\/now-news.de\/de\/deutschland\/afd-co-fraktionschef-chrupalla-fuer-inbetriebnahme-von-nord-stream-2\/#breadcrumb"},"inLanguage":"de","potentialAction":[{"@type":"ReadAction","target":["https:\/\/now-news.de\/de\/deutschland\/afd-co-fraktionschef-chrupalla-fuer-inbetriebnahme-von-nord-stream-2\/"]}]},{"@type":"ImageObject","inLanguage":"de","@id":"https:\/\/now-news.de\/de\/deutschland\/afd-co-fraktionschef-chrupalla-fuer-inbetriebnahme-von-nord-stream-2\/#primaryimage","url":"https:\/\/now-news.de\/de\/wp-content\/uploads\/sites\/3\/2022\/04\/AfD-Co-Fraktionschef-Chrupalla-fuer-Inbetriebnahme-von-quotNord-Stream-2quot.jpg","contentUrl":"https:\/\/now-news.de\/de\/wp-content\/uploads\/sites\/3\/2022\/04\/AfD-Co-Fraktionschef-Chrupalla-fuer-Inbetriebnahme-von-quotNord-Stream-2quot.jpg","width":1104,"height":622,"caption":"AfD-Co-Fraktionschef Chrupalla f\u00fcr Inbetriebnahme von &quot;Nord Stream 2&quot;"},{"@type":"BreadcrumbList","@id":"https:\/\/now-news.de\/de\/deutschland\/afd-co-fraktionschef-chrupalla-fuer-inbetriebnahme-von-nord-stream-2\/#breadcrumb","itemListElement":[{"@type":"ListItem","position":1,"name":"Home","item":"https:\/\/now-news.de\/de\/"},{"@type":"ListItem","position":2,"name":"AfD-Co-Fraktionschef Chrupalla f\u00fcr Inbetriebnahme von &quot;Nord Stream 2&quot;"}]},{"@type":"WebSite","@id":"https:\/\/now-news.de\/de\/#website","url":"https:\/\/now-news.de\/de\/","name":"just-now.NEWS Deutschland","description":"Das Portal f\u00fcr unzensierte Nachrichten aus der Welt","publisher":{"@id":"https:\/\/now-news.de\/de\/#organization"},"potentialAction":[{"@type":"SearchAction","target":{"@type":"EntryPoint","urlTemplate":"https:\/\/now-news.de\/de\/?s={search_term_string}"},"query-input":"required name=search_term_string"}],"inLanguage":"de"},{"@type":"Organization","@id":"https:\/\/now-news.de\/de\/#organization","name":"Just Now News","url":"https:\/\/now-news.de\/de\/","logo":{"@type":"ImageObject","inLanguage":"de","@id":"https:\/\/now-news.de\/de\/#\/schema\/logo\/image\/","url":"http:\/\/just-now.news\/de\/wp-content\/uploads\/sites\/3\/2022\/04\/logo500x500.jpg","contentUrl":"http:\/\/just-now.news\/de\/wp-content\/uploads\/sites\/3\/2022\/04\/logo500x500.jpg","width":500,"height":500,"caption":"Just Now News"},"image":{"@id":"https:\/\/now-news.de\/de\/#\/schema\/logo\/image\/"},"sameAs":["https:\/\/www.facebook.com\/wirmachenauf","https:\/\/x.com\/WirMachenAuf_de"]},{"@type":"Person","@id":"https:\/\/now-news.de\/de\/#\/schema\/person\/fb534a4e865501d8b3285208df34a9b5","name":"rtnews","image":{"@type":"ImageObject","inLanguage":"de","@id":"https:\/\/now-news.de\/de\/#\/schema\/person\/image\/","url":"https:\/\/secure.gravatar.com\/avatar\/82aafea7d8127119dd649515f56e2117?s=96&d=mm&r=g","contentUrl":"https:\/\/secure.gravatar.com\/avatar\/82aafea7d8127119dd649515f56e2117?s=96&d=mm&r=g","caption":"rtnews"},"url":"https:\/\/now-news.de\/de\/author\/rnews\/"}]}},"_links":{"self":[{"href":"https:\/\/now-news.de\/de\/wp-json\/wp\/v2\/posts\/4965"}],"collection":[{"href":"https:\/\/now-news.de\/de\/wp-json\/wp\/v2\/posts"}],"about":[{"href":"https:\/\/now-news.de\/de\/wp-json\/wp\/v2\/types\/post"}],"author":[{"embeddable":true,"href":"https:\/\/now-news.de\/de\/wp-json\/wp\/v2\/users\/3"}],"replies":[{"embeddable":true,"href":"https:\/\/now-news.de\/de\/wp-json\/wp\/v2\/comments?post=4965"}],"version-history":[{"count":0,"href":"https:\/\/now-news.de\/de\/wp-json\/wp\/v2\/posts\/4965\/revisions"}],"wp:featuredmedia":[{"embeddable":true,"href":"https:\/\/now-news.de\/de\/wp-json\/wp\/v2\/media\/4966"}],"wp:attachment":[{"href":"https:\/\/now-news.de\/de\/wp-json\/wp\/v2\/media?parent=4965"}],"wp:term":[{"taxonomy":"category","embeddable":true,"href":"https:\/\/now-news.de\/de\/wp-json\/wp\/v2\/categories?post=4965"},{"taxonomy":"post_tag","embeddable":true,"href":"https:\/\/now-news.de\/de\/wp-json\/wp\/v2\/tags?post=4965"}],"curies":[{"name":"wp","href":"https:\/\/api.w.org\/{rel}","templated":true}]}}