{"id":49644,"date":"2023-11-12T20:31:38","date_gmt":"2023-11-12T18:31:38","guid":{"rendered":"https:\/\/just-now.news\/de\/deutschland\/meinungsterror-wird-deutsche-staatsraeson\/"},"modified":"2023-11-12T20:31:38","modified_gmt":"2023-11-12T18:31:38","slug":"meinungsterror-wird-deutsche-staatsraeson","status":"publish","type":"post","link":"https:\/\/now-news.de\/de\/deutschland\/meinungsterror-wird-deutsche-staatsraeson\/","title":{"rendered":"Meinungsterror wird deutsche Staatsr\u00e4son"},"content":{"rendered":"<p><img decoding=\"async\" src=\"http:\/\/just-now.news\/de\/wp-content\/uploads\/sites\/3\/2023\/11\/65510f9748fbef78ee1dd4ae.jpg\" \/><\/p>\n<div class=\"Text-root Text-type_1 \">\n                Staatlich vorangetriebene Zensur und Selbstzensur f\u00fchren in den Polizeistaat. Das ist zwar seit Jahrhunderten bekannt, aber Deutschland hat nichts, wirklich gar nichts aus der Geschichte gelernt und gleitet selbstzufrieden in lange nicht mehr gekannte Abgr\u00fcnde hinab. Eine Argumentation von Friedhelm Klinkhammer und Volker Br\u00e4utigam.\n            <\/div>\n<p><\/p>\n<div class=\"Text-root Text-type_5 ArticleView-text ViewText-root \">\n<p><em>Von Friedhelm Klinkhammer und Volker Br\u00e4utigam<\/em><\/p>\n<p>Also sprach Kanzler Olaf Scholz:<\/p>\n<blockquote>\n<p><em>&#8220;<a rel=\"nofollow noopener\" target=\"_blank\" href=\"https:\/\/www.bundesregierung.de\/breg-de\/aktuelles\/parlamentarischer-rat-2217234\">Diese beste Demokratie, die wir in Deutschland je hatten,<\/a> die auch eine ist, die wir verteidigen m\u00fcssen \u2026&#8221;<\/em><\/p>\n<\/blockquote>\n<p>Der wie so oft verkorkste Satz, gesprochen vor zwei Monaten w\u00e4hrend eines Staatsaktes in Bonn, klingt nur bei oberfl\u00e4chlicher Wahrnehmung d\u00fcmmlich aufgeblasen. Denn jetzt kommt&#8217;s:<\/p>\n<blockquote>\n<p><em>&#8220;\u2026 verteidigen und besch\u00fctzen auch gegen diejenigen, die sie von innen zu untergraben versuchen.&#8221; <\/em><\/p>\n<\/blockquote>\n<p>Kontext: Wer W\u00fchlmaus ist, das befindet die Bundesregierung. So primitiv wie wirkungsvoll: Politiker behaupten etwas als Tatsache und diskriminieren jede Gegenmeinung als demokratiefeindlich. Der Vorwurf &#8220;Desinformation&#8221; gen\u00fcgt inzwischen, um Zensur zu rechtfertigen. Mit automatischer, vieltausendfacher Nachahmung und Anwendung, in den Beh\u00f6rden, in der Wirtschaft, im Kulturbereich, in den Laufstallmedien \u2013 eine &#8220;Verhaltensweise <a rel=\"nofollow noopener\" target=\"_blank\" href=\"https:\/\/www.nachdenkseiten.de\/?p=106312\">ganz nah an den Nazis<\/a>&#8220;. Der Staat und seine zivilen Helfershelfer brauchen keine Beweise mehr, um jemanden als Verfassungsfeind zu brandmarken und fertigzumachen.<\/p>\n<p>Scholz-Diagnose: &#8220;Deutschland, die beste Demokratie, die wir je hatten.&#8221; Ach ja? Deutschland ist im westeurop\u00e4ischen Vergleich Spitzenreiter bei der Einschr\u00e4nkung b\u00fcrgerlicher Rechte, speziell der Versammlungsfreiheit und des freien Redens und Schreibens \u2013 vom Abbau sozialer Standards ganz abgesehen (<a rel=\"nofollow noopener\" target=\"_blank\" href=\"https:\/\/www.malteser.de\/aware\/hilfreich\/kinderarmut-in-deutschland-alles-was-du-darueber-wissen-musst.html\">Kinderarmut<\/a>, <a rel=\"nofollow noopener\" target=\"_blank\" href=\"https:\/\/www.fr.de\/politik\/rente-deutschland-altersarmut-bedroht-rentner-geld-92072587.html\">Altersarmut<\/a>, <a rel=\"nofollow noopener\" target=\"_blank\" href=\"https:\/\/www.destatis.de\/DE\/Themen\/Arbeit\/Arbeitsmarkt\/Qualitaet-Arbeit\/Dimension-2\/niedriglohnquote.html\">Niedrigl\u00f6hne<\/a>, <a rel=\"nofollow noopener\" target=\"_blank\" href=\"https:\/\/www.tagesschau.de\/inland\/gesellschaft\/wohnungslose-deutschland-statistik-100.html\">Wohnungsnot<\/a>, <a rel=\"nofollow noopener\" target=\"_blank\" href=\"https:\/\/www.n-tv.de\/panorama\/Zahl-der-Obdachlosen-in-Deutschland-steigt-drastisch-article24514765.html\">Obdachlosigkeit<\/a>, <a rel=\"nofollow noopener\" target=\"_blank\" href=\"https:\/\/www.deutschlandfunk.de\/kontrovers-bildungsnotstand-in-deutschland-was-hilft-dlf-0bcb4c2d-100.html\">Bildungsnotstand<\/a> und ganz speziell beim <a rel=\"nofollow noopener\" target=\"_blank\" href=\"https:\/\/dvg-ev.org\/2021\/05\/regierung-zockt-rentner-ab\/\">Rentenklau<\/a>).\u00a0<em><\/em><\/p>\n<p>&#8220;<a rel=\"nofollow noopener\" target=\"_blank\" href=\"https:\/\/www.kulturrat.de\/presse\/pressemitteilung\/nie-wieder-krieg-nie-wieder-faschismus\/\">Nie wieder Faschismus! Nie wieder Krieg!<\/a>&#8220;, lauteten Deutschlands Postulate nach seiner Befreiung von der Nazi-Diktatur 1945. Seither geh\u00f6rt es zu unserer staatlich gef\u00f6rderten Selbstt\u00e4uschung, die friedliebendste Nation der Welt zu sein. Wir haben \u2013 auch dies ist eine deutsche Erfindung \u2013 erfolgreich &#8220;Vergangenheitsbew\u00e4ltigung&#8221; betrieben. Deshalb gedenken wir unter anderem j\u00e4hrlich am 27. April (Tag der Befreiung des Konzentrationslagers Auschwitz durch die Rote Armee) der rund sechs Millionen ermordeten Juden und r\u00e4umen den \u00dcberlebenden und Nachkommen dieser Glaubensgemeinschaft besondere Rechte ein.<\/p>\n<p>Dass Nazi-Deutschland gleichzeitig (mit der Leningrad-Blockade) eine Million Sowjetmenschen in den Hungertod trieb und die deutsche Soldateska mindestens 15 Millionen sowjetische Zivilisten ermordete, finden wir hingegen bis heute keines Gedenktags wert. Von den drei Millionen Rotarmisten, die unsere Wehrmacht in ihren Gefangenenlagern <a rel=\"nofollow noopener\" target=\"_blank\" href=\"https:\/\/www.welt.de\/geschichte\/zweiter-weltkrieg\/article173239044\/Kriegsverbrechen-Nicht-arbeitende-Kriegsgefangene-haben-zu-verhungern.html\">planm\u00e4\u00dfig verhungern lie\u00df<\/a>, und den Tausenden, die sie erschoss, erschlug oder <a rel=\"nofollow noopener\" target=\"_blank\" href=\"https:\/\/www.focus.de\/wissen\/mensch\/geschichte\/zweiter-weltkrieg\/geschunden-und-gequaelt-von-den-nazis-perfider-hunger-plan-das-grausame-schicksal-der-sowjetischen-kriegs-gefangenen_id_22187169.html\">zu Tode qu\u00e4lte<\/a>, ganz zu schweigen. Das waren ja alles blo\u00df Russen, nicht? Wer wird denn f\u00fcr die schon Umst\u00e4nde machen.<\/p>\n<p>Trotz der\u00a0vom Grundgesetz vorgegebenen <a rel=\"nofollow noopener\" target=\"_blank\" href=\"https:\/\/bueso.de\/gen-ad-harald-kujat-friedensgebot-grundgesetzes-umsetzen\">Verpflichtung\u00a0zur\u00a0Friedensf\u00f6rderung<\/a> setzt\u00a0unser politisches F\u00fchrungspersonal um <a rel=\"nofollow noopener\" target=\"_blank\" href=\"https:\/\/www.youtube.com\/watch?v=mb4qBgBqTFI\">Scholz<\/a>, <a rel=\"nofollow noopener\" target=\"_blank\" href=\"https:\/\/www.zeit.de\/politik\/ausland\/2023-09\/boris-pistorius-annual-baltic-conference-on-defense-ukraine-krieg\">Pistorius<\/a>, <a rel=\"nofollow noopener\" target=\"_blank\" href=\"https:\/\/www.stern.de\/panorama\/video-habeck---russland-darf-den-krieg-nicht-gewinnen-31767834.html\">Habeck<\/a> und <a rel=\"nofollow noopener\" target=\"_blank\" href=\"https:\/\/www.spiegel.de\/politik\/deutschland\/annalena-baerbock-zum-ukraine-krieg-die-ukraine-muss-gewinnen-a-0cd49e21-6c93-42ac-a248-a1e00f79e88a\">Baerbock<\/a> auf Krieg gegen Russland \u2013 bis zum Endsieg, wie gehabt.<\/p>\n<p><strong>Am deutschen Wesen \u2026<\/strong><\/p>\n<p>Sozialabbau und Kriegstreiberei bed\u00fcrfen sorgf\u00e4ltiger journalistischer Politur und ausgefeilter Akzeptanzstrategien. Eine Dreiviertelmehrheit der Bev\u00f6lkerung muss der Seelenmassage und der Hirnw\u00e4sche unterzogen werden, damit sie dieses Treiben als demokratischen Austrag hinnimmt. Die Einschr\u00e4nkung der Meinungsfreiheit durch Zensur, Bezichtigung und Ausgrenzung \u2013 die sogenannte Cancel Culture \u2013 ist in vollem Gange. Auch auf diesem Feld ist Deutschland jetzt europ\u00e4ischer Vorreiter.<\/p>\n<p>Nehmen wir den gem\u00e4\u00df \u00a7 130 StGB strafbewehrten Vorwurf der &#8220;Volksverhetzung&#8221;, mit dem auch eine &#8220;\u00f6ffentliche Billigung von Putins Angriffskrieg in der Ukraine&#8221; <a rel=\"nofollow noopener\" target=\"_blank\" href=\"https:\/\/www.brak.de\/newsroom\/news\/volksverhetzung-verharmlosung-von-kriegsverbrechen-wird-strafbar\/\">verfolgt werden kann<\/a>. Vergleichbare gesetzliche Maulk\u00f6rbe wird man bei unseren europ\u00e4ischen Nachbarn (noch) vergeblich suchen, trotz hartn\u00e4ckiger Richtlinien-Vorst\u00f6\u00dfe vonseiten der deutsch pr\u00e4sidierten EU-Kommission gegen &#8220;russische Desinformation&#8221;.<\/p>\n<p>Hierzulande ruft bereits eine ausl\u00e4nderfeindliche \u00c4u\u00dferung oder sonstige &#8220;Hassrede&#8221; (neudeutsch: H\u00e4jt spietsch) den Staatsanwalt auf den Plan. Dabei ist es noch nicht allzu lange her, dass die &#8220;Meinungsfreiheit&#8221; fast uneingeschr\u00e4nkt h\u00f6chstrichterliche Absicherung fand. Anno 2010 erkannte das Bundesverfassungsgericht f\u00fcr Recht:\u00a0<\/p>\n<blockquote>\n<p><em>&#8220;<a rel=\"nofollow noopener\" target=\"_blank\" href=\"https:\/\/dejure.org\/dienste\/vernetzung\/rechtsprechung?Gericht=BVerfG&amp;Datum=04.02.2010&amp;Aktenzeichen=1%20BvR%20369\/04\">Ausl\u00e4nderfeindlichkeit allein ist nicht strafbar<\/a>. Ausl\u00e4nderfeindliche Meinungen versto\u00dfen zwar gegen die Werte des Grundgesetzes und das Toleranzgebot. Aber das ist noch kein Grund, ihnen den Schutz der Meinungsfreiheit zu entziehen \u2026\u00a0Die B\u00fcrger sind rechtlich nicht gehalten, die Wertsetzungen der Verfassung pers\u00f6nlich zu teilen. Das Grundgesetz baut zwar auf der Erwartung auf, dass die B\u00fcrger die allgemeinen Werte der Verfassung akzeptieren und verwirklichen, erzwingt die Werteloyalit\u00e4t aber nicht. Die B\u00fcrger sind grunds\u00e4tzlich auch frei, grundlegende Wertungen der Verfassung in Frage zu stellen oder die \u00c4nderung tragender Prinzipien zu fordern.&#8221;<\/em><\/p>\n<\/blockquote>\n<p>Von solch tats\u00e4chlich freiheitlich-demokratischem Denken haben wir uns, der Bundeskanzler vorneweg, inzwischen meilenweit entfernt.<\/p>\n<p>In diesem Zusammenhang eine Lese-Empfehlung: In der <em>Spiegel<\/em>-Kolumne &#8220;Was m\u00fcssen die Muslime Robert Habeck beweisen?&#8221; hat Thomas Fischer, vormals Vorsitzender Richter des 2. Strafsenats am Bundesgerichtshof, die schw\u00fclstige Rede des Vizekanzlers (!) zu Israel und Antisemitismus analytisch so gr\u00fcndlich zertr\u00fcmmert, dass nur noch Schwatzpulver <a rel=\"nofollow noopener\" target=\"_blank\" href=\"https:\/\/archive.li\/8D8Pb\">\u00fcbrigblieb<\/a>. Leider sind streitbare Denker, die es noch wagen, sich \u00f6ffentlich und rechtens mit Regierungspolitikern anzulegen und sie geh\u00f6rig abzub\u00fcrsten, inzwischen eine Rarit\u00e4t.<\/p>\n<p><strong>Journalisten als B\u00fcchsenspanner<\/strong><\/p>\n<p>Unsere Journaille ist als Urheber und Antreiber entlarvt: <a rel=\"nofollow noopener\" target=\"_blank\" href=\"https:\/\/www.spiegel.de\/netzwelt\/netzpolitik\/ukraine-krieg-der-deutsche-lumpen-pazifismus-kolumne-a-77ea2788-e80f-4a51-838f-591843da8356\">Sascha Lobo sch\u00e4umte<\/a> im <em>Spiegel<\/em> gegen den &#8220;deutschen Lumpenpazifismus&#8221; und Clemens Wergin, Chefkorrespondent Au\u00dfenpolitik der Springer-Zeitung <em>Welt<\/em>, <a rel=\"nofollow noopener\" target=\"_blank\" href=\"https:\/\/www.welt.de\/debatte\/kommentare\/plus243999979\/Putin-will-nicht-verhandeln-deutsche-Pazifisten-muessen-das-kapieren.html\">tat es ihm gleich<\/a>. Mit &#8220;Lumpenpazifisten&#8221; meinten die beiden Herrenreiter offensichtlich die Kriegsgegnerinnen Sahra Wagenknecht und Alice Schwarzer. Ihre <a rel=\"nofollow noopener\" target=\"_blank\" href=\"https:\/\/philosophia-perennis.com\/2023\/02\/28\/fratze-lumpenpazifisten\/\">Schm\u00e4hung<\/a> ist eng verwandt mit der Hasstirade des ber\u00fcchtigten Nazi-Volksgerichtshofspr\u00e4sidenten Roland Freisler, der den angeklagten Graf Schwerin von Schwanenfeldt mit &#8220;Sie sind ja ein sch\u00e4biger Lump!&#8221; <a rel=\"nofollow noopener\" target=\"_blank\" href=\"https:\/\/www.youtube.com\/watch?app=desktop&amp;v=D3qsImhAswo&amp;t=87s\">anschrie<\/a>.<\/p>\n<p>Es setzt dem dann die Krone auf, dass <em><a rel=\"nofollow noopener\" target=\"_blank\" href=\"https:\/\/www.spiegel.de\/netzwelt\/republik-21-zwischen-meinungsfreiheit-und-hassrede-a-d473b484-8cb4-4ecb-930c-19a61f029358\">Der Spiegel<\/a>\u00a0<\/em>und die <a rel=\"nofollow noopener\" target=\"_blank\" href=\"https:\/\/www.welt.de\/regionales\/hamburg\/article248247088\/Forderung-nach-besserem-Rechtsschutz-fuer-Hatespeech-Opfer.html\">Welt<\/a> sich anma\u00dfen, f\u00fcr den Umgang mit &#8220;Hasstiraden&#8221; im Netz Ratschl\u00e4ge zu erteilen.\u00a0<\/p>\n<p>Das Konstrukt &#8220;Hassrede im Netz&#8221; war f\u00fcr die SPD-Spitzenkraft Heiko Maas, seinerzeit Bundesjustizminister, der Ansto\u00df f\u00fcr das inzwischen ber\u00fcchtigte &#8220;<a rel=\"nofollow noopener\" target=\"_blank\" href=\"https:\/\/www.gesetze-im-internet.de\/netzdg\/BJNR335210017.html\">Netzwerkdurchsetzungsgesetz<\/a>&#8220;, auch Facebook-Gesetz genannt. Begr\u00fcndet wurde es im Jahr 2017 so: \u00a0<\/p>\n<blockquote>\n<p><em>&#8220;Die Debattenkultur im Netz ist oft aggressiv, verletzend und nicht selten hasserf\u00fcllt. Durch Hasskriminalit\u00e4t und andere strafbare Inhalte kann jede und jeder aufgrund der Meinung, Hautfarbe oder Herkunft, der Religion, des Geschlechts oder der Sexualit\u00e4t diffamiert werden. Hasskriminalit\u00e4t und andere strafbare Inhalte, die nicht effektiv bek\u00e4mpft und verfolgt werden k\u00f6nnen, bergen eine gro\u00dfe Gefahr f\u00fcr das friedliche Zusammenleben einer freien, <a rel=\"nofollow noopener\" target=\"_blank\" href=\"https:\/\/dserver.bundestag.de\/btd\/18\/123\/1812356.pdf\">offenen und demokratischen Gesellschaft<\/a>.&#8221;<\/em><\/p>\n<\/blockquote>\n<p>Auffallend ist: Es finden sich keine gesicherten Daten \u00fcber das Ausma\u00df der behaupteten &#8220;Hass-Kultur&#8221; im Netz.\u00a0Deren Definition ist schwammig, die genannten Zahlen sind spekulativ und lassen darauf schlie\u00dfen, dass &#8220;Hasskriminalit\u00e4t&#8221; eine weitaus geringere Bedeutung hat, als\u00a0ihr beigemessen wird. <em><\/em><\/p>\n<p><strong>Eine 0,2-Prozent-Bagatelle<\/strong><\/p>\n<p>Der Verdacht erh\u00e4rtet sich, dass mit dem Gesetz Machtanspr\u00fcche befriedigt werden. Den Berliner-Polit-Darstellern geht es um Kontrolle und den ungehinderten Zugriff auf personenbezogene Daten in den sozialen Medien. In der Begr\u00fcndung der Gesetzesvorlage steht n\u00e4mlich auch dieser (verr\u00e4terische) Satz:<\/p>\n<blockquote>\n<p><em>&#8220;Nach den Erfahrungen im US-Wahlkampf hat \u00fcberdies auch in der Bundesrepublik Deutschland die Bek\u00e4mpfung von strafbaren Falschnachrichten (&#8216;Fake News&#8217;) in sozialen Netzwerken <\/em><a rel=\"nofollow noopener\" target=\"_blank\" href=\"https:\/\/dserver.bundestag.de\/btd\/18\/123\/1812356.pdf\"><em>hohe Priorit\u00e4t gewonnen.<\/em><\/a><em>&#8220;<\/em><\/p>\n<\/blockquote>\n<p>Falschnachrichten sind strafbar? Wer bestimmt, was eine strafbare Falschnachricht ist? Bringen der Kanzler und seine Ministerriege nicht tagt\u00e4glich Falschnachrichten in Umlauf? Haben nur sie das Recht, nach Belieben Fakten zu leugnen, zu verdrehen, zu erfinden, der B\u00fcrger aber nicht? Haben die Mehrheitsparteien die Befugnis, die Farbe der Brillengl\u00e4ser zu bestimmen, durch die wir die Welt zu betrachten haben?<\/p>\n<p>Dass die\u00a0\u00fcbertrieben betonte Hasskriminalit\u00e4t keine besondere Gef\u00e4hrdung im Vergleich zu anderen Problemen der Gesellschaft (zum Beispiel wachsende Armut) darstellt, zeigen\u00a0die statistischen Erhebungen in den &#8220;Transparenz-Berichten&#8221; von Facebook, die regelm\u00e4\u00dfig im &#8220;Bundesanzeiger&#8221; ver\u00f6ffentlicht werden. Danach sind unter 10.000 gepr\u00fcften Inhalten nur zwei als Hassrede zu qualifizieren \u2013 ein <a rel=\"nofollow noopener\" target=\"_blank\" href=\"https:\/\/about.fb.com\/de\/news\/2023\/01\/facebook-veroeffentlicht-zehnten-netzdg-transparenzbericht\/\">winziger Anteil von 0,02 Prozent<\/a>. Es handelt sich dabei jedoch nur um Verst\u00f6\u00dfe gegen Facebook-Regeln, nicht um Straftaten im juristischen Sinne. Das ist schon ein dickes Ding: Die &#8220;sozialen&#8221; Netzwerke d\u00fcrfen nach einem <a rel=\"nofollow noopener\" target=\"_blank\" href=\"https:\/\/juris.bundesgerichtshof.de\/cgi-bin\/rechtsprechung\/document.py?Gericht=bgh&amp;Art=en&amp;nr=121741&amp;pos=0&amp;anz=1\">Urteil des Bundesgerichtshofs<\/a> tats\u00e4chlich die Rechte ihrer Nutzer selbstst\u00e4ndig begrenzen, ungeachtet des Grundgesetz-Artikels 5 \u00fcber die Meinungsfreiheit.<\/p>\n<p>Im zweiten Halbjahr 2022 verzeichnete Facebook 125.000 Beschwerden von Privatpersonen und Institutionen wegen anst\u00f6\u00dfiger Texte.\u00a0In nur knapp einem\u00a0Drittel der F\u00e4lle ging es um typische Ehrdelikte wie Beleidigung oder \u00fcble Nachrede.\u00a0Nur in rund 13,8 Prozent der Beschwerden sah Facebook \u00fcberhaupt Anlass, gegen die angezeigten Inhalte <a rel=\"nofollow noopener\" target=\"_blank\" href=\"https:\/\/scontent.fham6-1.fna.fbcdn.net\/v\/t39.8562-6\/327151920_907084790305794_6193992151844220602_n.pdf?_nc_cat=102&amp;ccb=1-7&amp;_nc_sid=b8d81d&amp;_nc_ohc=ZwKhAKsYsDgAX_VcHv9&amp;_nc_oc=AQm_zByJJ0rVNacBWtMfanoPNgYLs-4l0E4Ey6sDrHSX27OPcxqigVK2k6RUKKUAdUUUZKZIlRG-ba7Wu9T2xO1e&amp;_nc_ht=scontent.fham6-1.fna&amp;oh=00_AfBX6gtLFTfviI3kA4KjNJtkiiBLSFb7ymS3YmkxaPaPQg&amp;oe=65549E42\">vorzugehen<\/a> (Transparenzbericht, S. 28). Viel L\u00e4rm um nichts!<\/p>\n<p>Zahlen f\u00fcr den \u00dcberblick: Im Jahr 2022 wurden insgesamt <a rel=\"nofollow noopener\" target=\"_blank\" href=\"https:\/\/de.statista.com\/themen\/94\/kriminalitaet\/#topicOverview\">5,63 Millionen Straftaten<\/a> erfasst. 396.000 wurden per &#8220;Tatmittel Internet&#8221; begangen, das sind <a rel=\"nofollow noopener\" target=\"_blank\" href=\"https:\/\/de.statista.com\/statistik\/daten\/studie\/12802\/umfrage\/internet-kriminalitaet-in-deutschland-anteile-der-delikte\/\">gerade mal sieben Prozent.<\/a> Die Fallzahlen der virtuellen Kriminalit\u00e4t sind im Vergleich zur realen Alltagskriminalit\u00e4t gering.<\/p>\n<p>Erst recht spielt die spezielle Straftat &#8220;Beleidigung im Internet&#8221; (=Hassrede) in den Statistiken der Polizei beziehungsweise des Innenministeriums eine untergeordnete Rolle. Nur rund 17.600 der 236.000 F\u00e4lle im Jahr 2022 wurden per Internet begangen, das sind 7,5 Prozent. Gegen\u00fcber dem Jahr 2021 wurde eine Zunahme von <a rel=\"nofollow noopener\" target=\"_blank\" href=\"https:\/\/www.bmi.bund.de\/SharedDocs\/downloads\/DE\/publikationen\/themen\/sicherheit\/pks-2022.pdf?__blob=publicationFile&amp;v=4\">lediglich 404 F\u00e4llen<\/a> festgestellt. Kleinkram.<\/p>\n<p><strong>Vorgeblich &#8220;Hassbek\u00e4mpfung&#8221;<\/strong><\/p>\n<p>Virtuell begangenes Unrecht l\u00e4sst sich ebenso wenig wie das Unrecht im realen Alltag mit \u00dcberwachung und Strafandrohung verhindern. Die Initiatoren des Gesetzes wussten das nat\u00fcrlich.\u00a0Doch statt es laufend auf Angemessenheit zu pr\u00fcfen, sch\u00e4rften sie nach: mit dem &#8220;<a rel=\"nofollow noopener\" target=\"_blank\" href=\"https:\/\/www.bundestag.de\/dokumente\/textarchiv\/2020\/kw25-de-rechtsextremismus-701104\">Gesetz zur Bek\u00e4mpfung von Rechtsextremismus und Hasskriminalit\u00e4t<\/a>&#8220;. Es sieht nunmehr auch f\u00fcr sogenannte Hassstraftaten eine Meldepflicht vor sowie schwerere Strafen f\u00fcr Drohungen und Beleidigungen. Die Konzerne der sozialen Netzwerke m\u00fcssen die inkriminierten Inhalte vorab strafrechtlich bewerten und die Daten der Tatverd\u00e4chtigen <a rel=\"nofollow noopener\" target=\"_blank\" href=\"https:\/\/www.evangelisch.de\/inhalte\/184392\/30-03-2021\/gesetz-gegen-hass-im-netz-final-unterzeichnet\">dem Bundeskriminalamt \u00fcbergeben<\/a>: Personaldaten, E-Mail-Adressen, IP-Adressen.<\/p>\n<p>Der Schutzanspruch der Opfer von Hassverbrechen war schon vor dieser Versch\u00e4rfung zufriedenstellend geregelt gewesen. Nunmehr aber bekam der Staat umfassende Zugriffsrechte auf die Nutzerdaten, und zwar aufgrund blo\u00dfer Text-Vorpr\u00fcfung durch Internet-Konzerne. Deren gigantische technische Mittel und ohnehin problematische Datensammlung macht sich der Staat jetzt zunutze f\u00fcr die (polizeiliche) Kontrolle, mit massiven Auswirkungen auf die individuelle Meinungs\u00e4u\u00dferung. Die parlamentarischen Unterst\u00fctzer dieses Systems demonstrierten damit fast so viel demokratisches Bewusstsein wie Attila, der Hunnenk\u00f6nig. Kein Wunder, dass der Datenschutz-Beauftragte Ulrich Kelber &#8220;schwerwiegende Grundrechtseingriffe&#8221; <a rel=\"nofollow noopener\" target=\"_blank\" href=\"https:\/\/www.bfdi.bund.de\/SharedDocs\/Downloads\/DE\/DokumenteBfDI\/Stellungnahmen\/2020\/Stellungnahme_Gesetz_Bek%C3%A4mpfung_Hasskriminalit%C3%A4t.pdf?__blob=publicationFile&amp;v=6\">diagnostizierte.<\/a><\/p>\n<p>Das Schlagwort &#8220;Hassbek\u00e4mpfung&#8221; diente demnach nur der Tarnung anderer Ziele: der Perfektionierung des \u00dcberwachungsstaats, der Durchsetzung von Zensur, der Unterwerfung unter die Deutungshoheit der Regierung und der Unangreifbarkeit der &#8220;herrschenden Meinung&#8221;. Kurz gesagt: dem staatlichen Meinungsterror. Daf\u00fcr sprechen auch die regelrechten Hasskampagnen gegen\u00a0Andersdenkende, deren Ausgrenzung und Beleidigung. Das herabw\u00fcrdigende Etikett &#8220;Verschw\u00f6rungsideologe&#8221; klebt ihnen <a rel=\"nofollow noopener\" target=\"_blank\" href=\"https:\/\/www.tagesschau.de\/faktenfinder\/ganser-guerot-krone-schmalz-101.html\">sogar die <em>Tagesschau<\/em><\/a> auf. Es dient der gesellschaftlichen \u00c4chtung, und Kanzler Scholz schl\u00e4gt ebenfalls gerne mit dieser <a rel=\"nofollow noopener\" target=\"_blank\" href=\"https:\/\/lokalo.de\/artikel\/293317\/scholz-ueber-regierung-wir-sind-nette-leute-verschwoerungsideologen-kritisiert\/\">verbalen Keule<\/a> um sich. So erledigt man alle als unangenehm empfundenen Kritiker.<\/p>\n<p>Man macht sie mundtot, indem man ihnen Veranstaltungsr\u00e4ume verweigert, sie beruflich <a rel=\"nofollow noopener\" target=\"_blank\" href=\"https:\/\/www.sueddeutsche.de\/muenchen\/lmu-muenchen-professor-verschwoerungstheorien-1.4917222\">drangsaliert<\/a>, von den \u00f6ffentlichen Podien verdr\u00e4ngt und ihre wirtschaftliche Basis torpediert. Kritiker beispielsweise der verbrecherischen israelischen Besatzungspolitik in Pal\u00e4stina werden in Bausch und Bogen\u00a0als Antisemiten <a rel=\"nofollow noopener\" target=\"_blank\" href=\"https:\/\/www.rnz.de\/region\/heidelberg_artikel,-Heidelberg-Hochschule-wollte-Vortrag-von-Palmyra-Verleger-verhindern-_arid,1220555.html\">beschimpft<\/a> und gar \u2013 beweislos \u2013 der Holocaust-Leugnung und des Geschichtsrevisionismus <a rel=\"nofollow noopener\" target=\"_blank\" href=\"https:\/\/www.kn-online.de\/lokales\/kiel\/kritik-an-ganser-auftritt-in-kiel-er-verhoehnt-die-opfer-des-holocaust-W5ZWS6YHYJGANKFVN2XAM62FDM.html\">bezichtigt<\/a>.<\/p>\n<p>&#8220;Hass im Netz&#8221; ist\u00a0entgegen allen Behauptungen kein au\u00dfergew\u00f6hnliches\u00a0Problem,\u00a0Hass ist in allen gesellschaftlichen R\u00e4umen allt\u00e4glich. Es gibt ihn seit Menschengedenken, der Bruderm\u00f6rder Kain ist ein literarischer Beleg. Jedermann kann sich gegen kriminelle Hass-Ausbr\u00fcche wehren; Polizei, Staatsanw\u00e4lte und Richter geben Beistand und Schutz. Politiker, die den &#8220;Kampf gegen Hassrede&#8221; ansagen und damit doch nur systematischen Abbau der Meinungsfreiheit meinen, braucht es ganz sicher nicht.<\/p>\n<p>Das gesetzliche Machwerk ist rundum ein \u00dcbel:<\/p>\n<blockquote>\n<p><em>&#8220;Ohne juristische Kontrolle ist die Abgabe der Verantwortung f\u00fcr die L\u00f6schung von Inhalten Dritter an private Firmen <a rel=\"nofollow noopener\" target=\"_blank\" href=\"https:\/\/netzpolitik.org\/2017\/un-sonderberichterstatter-netzwerkdurchsetzungsgesetz-verstoesst-gegen-menschenrechte\/\">nicht mit den internationalen Menschenrechtsbestimmungen vereinbar<\/a>&#8220;,<\/em><\/p>\n<\/blockquote>\n<p>schrieb der UNO-Experte David Kaye an die Bundesregierung. Ohne Erfolg. Die Berliner Regierung hat sich selbst mit dem Unfehlbarkeitsdogma aller Kritik enthoben.\u00a0<\/p>\n<p><strong>Zensur-industrieller Komplex<\/strong><\/p>\n<p>Der\u00a0Mord\u00a0an dem CDU-Politiker Walter L\u00fcbcke\u00a0bot unseren regierungsamtlichen Bevormundern den Anlass, eine weitere Einschr\u00e4nkung der Meinungsfreiheit auf den Weg zu bringen. Mit dem &#8220;Gesetz zur Bek\u00e4mpfung von Rechtsextremismus und Hasskriminalit\u00e4t&#8221; und seinen\u00a0teils unsinnigen\u00a0Konstruktionen f\u00fcr Straftatbest\u00e4nde\u00a0passte\u00a0man sich\u00a0faktisch\u00a0den Ma\u00dfst\u00e4ben autorit\u00e4rer L\u00e4nder an.\u00a0So soll unter anderem die &#8220;Billigung von Straftaten&#8221; (\u00a7 140 StGB) bereits\u00a0ein Delikt\u00a0sein,\u00a0wenn der T\u00e4ter die Tat noch gar <a rel=\"nofollow noopener\" target=\"_blank\" href=\"https:\/\/kripoz.de\/wp-content\/uploads\/2020\/09\/schiemann-aenderungen-im-strafgesetzbuch-durch-das-gesetz-zur-bekaempfung-des-rechtsextremismus-und-der-hasskriminalitaet.pdf\">nicht in ihren\u00a0Einzelheiten kennt<\/a>.\u00a0\u00a0<\/p>\n<p>Mutma\u00dflich weil damit auf l\u00e4ngere Sicht das Vertrauen in die sozialen Medien untergraben wird, haben Facebook &amp; Co. gegen diese Zumutungen <a rel=\"nofollow noopener\" target=\"_blank\" href=\"https:\/\/www.golem.de\/news\/facebook-google-tiktok-netzdg-wird-nach-klagen-teilweise-nicht-angewendet-2202-162823.html\">geklagt<\/a>. Das Urteil des K\u00f6lner Verwaltungsgerichts brachte ihnen einen Teilerfolg, doch nur auf Zeit: Vom Februar an soll der von Deutschland initiierte &#8220;Hate speech&#8221;-Kontrollwahn <a rel=\"nofollow noopener\" target=\"_blank\" href=\"https:\/\/www.taylorwessing.com\/de\/insights-and-events\/insights\/2022\/11\/digital-services-act-ein-ueberblick\">in ganz Von-der-Leyen-Europa herrschen<\/a>.<\/p>\n<p>Das Gesetz nennt sich dann &#8220;Digital Services Act (DSA)&#8221;. Es soll jederzeit die L\u00f6schung und <a rel=\"nofollow noopener\" target=\"_blank\" href=\"https:\/\/eur-lex.europa.eu\/legal-content\/EN\/TXT\/?uri=CELEX%3A32022R2065&amp;qid=1666857835014\">Strafverfolgung &#8220;illegaler Inhalte&#8221;<\/a> erm\u00f6glichen, was immer darunter zu verstehen ist. Staatliche Beh\u00f6rden sollen k\u00fcnftig ohne richterlichen Beschluss umfassende Aufzeichnungen \u00fcber die Online-Aktivit\u00e4ten einer Person anfordern k\u00f6nnen. Logisch, dass diese Beliebigkeit <a rel=\"nofollow noopener\" target=\"_blank\" href=\"https:\/\/www.piratenpartei.de\/2022\/01\/26\/abstimmung-zum-digitale-dienste-gesetz-riesenerfolge-und-rueckschlaege-im-kampf-um-unsere-digitalen-grundrechte\/\">zulasten der Meinungsfreiheit<\/a> geht. Selbst der Deutsche Journalistenverband, eine dem Beamtenbund \u00e4hnliche Standesorganisation im Gewerkschaftsm\u00e4ntelchen, h\u00e4lt dieses Machwerk f\u00fcr <a rel=\"nofollow noopener\" target=\"_blank\" href=\"https:\/\/www.djv.de\/startseite\/profil\/der-djv\/pressebereich-download\/pressemitteilungen\/detail\/news-gesetz-ist-verfassungswidrig\">verfassungswidrig<\/a>.<\/p>\n<p>Auf den Punkt gebracht hatte es der US-Blogger &#8220;Simplicius The Thinker&#8221; (Simplicius, der Denker): \u00a0<\/p>\n<blockquote>\n<p><em>&#8220;Die Ironie besteht darin, dass das Gesetz \u2013 das als das &#8216;ehrgeizigste&#8217; Gesetz dieser Art in der Geschichte bezeichnet wird \u2013 von seinen Verfassern als &#8216;Schutz&#8217; der freien Meinungs\u00e4u\u00dferung ausgegeben wird, w\u00e4hrend es sich gegen &#8216;illegale oder hasserf\u00fcllte Inhalte&#8217; richtet. Der erste Teil ist nur eine absichtlich irref\u00fchrende Floskel; die &#8216;illegalen&#8217; und &#8216;hasserf\u00fcllten&#8217; Inhalte sind genau jene freie Meinungs\u00e4u\u00dferung, die mit dem Gesetz eingeschr\u00e4nkt werden soll. \u2026 Alle derartigen k\u00fcnstlichen Konstrukte m\u00fcssen \u2026 abgeschafft werden, da (sie) \u2026 <a rel=\"nofollow noopener\" target=\"_blank\" href=\"https:\/\/darkfutura.substack.com\/p\/censorship-clampdowns-redux-eu-dsa?utm_source=post-email-title&amp;publication_id=1463861&amp;post_id=138295309&amp;utm_campaign=email-post-title&amp;isFreemail=true&amp;r=223qas&amp;utm_medium=email\">dazu dienen, Anschuldigungen mit dem Stempel der Autorit\u00e4t zu erheben<\/a>.&#8221;<\/em><\/p>\n<\/blockquote>\n<p>Aller substanziellen Einw\u00e4nde zum Trotz wurde auch dieses EU-Gesetz durchgedr\u00fcckt.<\/p>\n<p>Wer kontrolliert die Kontrolleure? Den Deutschen ist es erneut gelungen, mit ihrer Blaupause &#8220;Netzwerkdurchsetzungsgesetz&#8221; reaktion\u00e4re Strukturen auf Europa zu \u00fcbertragen. Die intellektuellen Anf\u00fchrer dieses <a rel=\"nofollow noopener\" target=\"_blank\" href=\"https:\/\/weltwoche.ch\/daily\/vereinigte-staaten-der-unfreiheit-in-den-usa-wird-systematisch-zensuriert-dahinter-stecken-handfeste-militaerisch-oekonomische-interessen-diese-entwicklung-ist-beunruhigend-fuer-die-ganze-welt\/\">Zensur-industriellen Komplexes<\/a> mit seinen \u00f6konomischen und milit\u00e4rischen Vormacht-Interessen nutzen ihre effiziente Lobby in Washington, Br\u00fcssel und Berlin. Eines ihrer absurden Dogmen: Mehr Selbstzensur f\u00fchre zu genauerer Berichterstattung.<\/p>\n<p>Das kommt uns doch sehr bekannt vor: Waffen schaffen Frieden! L\u00fcge ist Wahrheit! Unter solchen Parolen sollen wir unseren politischen Vorturnern in den regelbasierten, sozialdemokratisch-gr\u00fcn get\u00fcnchten Protofaschismus folgen. Man empfiehlt uns die Aufzucht von Feuersalamandern im Keller zum Zwecke der Warmwasserbereitung, stellt ehrenwerte Kritiker und Querdenker vor Gericht, f\u00fcgt der journalistischen Berufskleidung den Maulkorb hinzu und gibt korrupte Ukronazis als Bereicherung der EU aus. Man f\u00fchrt einen &#8220;hybriden&#8221; Krieg gegen Russland und f\u00e4hrt daf\u00fcr die deutsche Wirtschaft vor die Wand.<\/p>\n<p>Wir sind die Guten! Und dabei bleibt&#8217;s.<\/p>\n<p><strong>Mehr zum Thema<\/strong> &#8211; <a rel=\"nofollow noopener\" target=\"_blank\" href=\"https:\/\/freedert.online\/meinung\/185796-denunziatonsparagrafen-wie-nancy-faeser-gesetzlich\/\">Denunziationsparagrafen: Wie Nancy Faeser gesetzlich den Rechtsstaat abschafft<\/a><\/p>\n<\/p>\n<\/div>\n<p><br \/>\n<br \/><a href=\"https:\/\/de.rt.com\/meinung\/186799-meinungsterror-wird-deutsche-staatsraeson\/\">Source link <\/a><\/p>\n","protected":false},"excerpt":{"rendered":"<p>Staatlich vorangetriebene Zensur und Selbstzensur f\u00fchren in den Polizeistaat. Das ist zwar seit Jahrhunderten bekannt, aber Deutschland hat nichts, wirklich gar nichts aus der Geschichte gelernt und gleitet selbstzufrieden in lange nicht mehr gekannte Abgr\u00fcnde hinab. Eine Argumentation von Friedhelm Klinkhammer und Volker Br\u00e4utigam. Von Friedhelm Klinkhammer und Volker Br\u00e4utigam Also sprach Kanzler Olaf Scholz: [&hellip;]<\/p>\n","protected":false},"author":3,"featured_media":49645,"comment_status":"open","ping_status":"open","sticky":false,"template":"","format":"standard","meta":{"_yoast_indexnow_last_ping":["1699815371"],"wp_automatic_camp":["217"],"58c75140982f277b43a2a38bb9fd7b58":["Meinungsterror wird deutsche Staatsr\u00e4son"],"original_link":["https:\/\/de.rt.com\/meinung\/186799-meinungsterror-wird-deutsche-staatsraeson\/"],"_thumbnail_id":["49645"],"jnews_social_counter_last_update":["1777360217"],"_wptgpro_p2tg_sent2tg":["a:1:{i:23737;s:19:\"2023-11-12 20:58:15\";}"]},"categories":[19,23],"tags":[2374,50584,42052,374],"yoast_head":"<!-- This site is optimized with the Yoast SEO Premium plugin v22.7 (Yoast SEO v22.7) - https:\/\/yoast.com\/wordpress\/plugins\/seo\/ -->\n<title>Meinungsterror wird deutsche Staatsr\u00e4son - just-now.NEWS Deutschland<\/title>\n<meta name=\"robots\" content=\"index, follow, max-snippet:-1, max-image-preview:large, max-video-preview:-1\" \/>\n<link rel=\"canonical\" href=\"https:\/\/now-news.de\/de\/deutschland\/meinungsterror-wird-deutsche-staatsraeson\/\" \/>\n<meta property=\"og:locale\" content=\"de_DE\" \/>\n<meta property=\"og:type\" content=\"article\" \/>\n<meta property=\"og:title\" content=\"Meinungsterror wird deutsche Staatsr\u00e4son\" \/>\n<meta property=\"og:description\" content=\"Staatlich vorangetriebene Zensur und Selbstzensur f\u00fchren in den Polizeistaat. Das ist zwar seit Jahrhunderten bekannt, aber Deutschland hat nichts, wirklich gar nichts aus der Geschichte gelernt und gleitet selbstzufrieden in lange nicht mehr gekannte Abgr\u00fcnde hinab. Eine Argumentation von Friedhelm Klinkhammer und Volker Br\u00e4utigam. Von Friedhelm Klinkhammer und Volker Br\u00e4utigam Also sprach Kanzler Olaf Scholz: [&hellip;]\" \/>\n<meta property=\"og:url\" content=\"https:\/\/now-news.de\/de\/deutschland\/meinungsterror-wird-deutsche-staatsraeson\/\" \/>\n<meta property=\"og:site_name\" content=\"just-now.NEWS Deutschland\" \/>\n<meta property=\"article:publisher\" content=\"https:\/\/www.facebook.com\/wirmachenauf\" \/>\n<meta property=\"article:published_time\" content=\"2023-11-12T18:31:38+00:00\" \/>\n<meta property=\"og:image\" content=\"https:\/\/now-news.de\/de\/wp-content\/uploads\/sites\/3\/2023\/11\/Meinungsterror-wird-deutsche-Staatsraeson.jpg\" \/>\n\t<meta property=\"og:image:width\" content=\"460\" \/>\n\t<meta property=\"og:image:height\" content=\"259\" \/>\n\t<meta property=\"og:image:type\" content=\"image\/jpeg\" \/>\n<meta name=\"author\" content=\"rtnews\" \/>\n<meta name=\"twitter:card\" content=\"summary_large_image\" \/>\n<meta name=\"twitter:creator\" content=\"@WirMachenAuf_de\" \/>\n<meta name=\"twitter:site\" content=\"@WirMachenAuf_de\" \/>\n<meta name=\"twitter:label1\" content=\"Verfasst von\" \/>\n\t<meta name=\"twitter:data1\" content=\"rtnews\" \/>\n\t<meta name=\"twitter:label2\" content=\"Gesch\u00e4tzte Lesezeit\" \/>\n\t<meta name=\"twitter:data2\" content=\"12\u00a0Minuten\" \/>\n<script type=\"application\/ld+json\" class=\"yoast-schema-graph\">{\"@context\":\"https:\/\/schema.org\",\"@graph\":[{\"@type\":\"Article\",\"@id\":\"https:\/\/now-news.de\/de\/deutschland\/meinungsterror-wird-deutsche-staatsraeson\/#article\",\"isPartOf\":{\"@id\":\"https:\/\/now-news.de\/de\/deutschland\/meinungsterror-wird-deutsche-staatsraeson\/\"},\"author\":{\"name\":\"rtnews\",\"@id\":\"https:\/\/now-news.de\/de\/#\/schema\/person\/fb534a4e865501d8b3285208df34a9b5\"},\"headline\":\"Meinungsterror wird deutsche Staatsr\u00e4son\",\"datePublished\":\"2023-11-12T18:31:38+00:00\",\"dateModified\":\"2023-11-12T18:31:38+00:00\",\"mainEntityOfPage\":{\"@id\":\"https:\/\/now-news.de\/de\/deutschland\/meinungsterror-wird-deutsche-staatsraeson\/\"},\"wordCount\":2373,\"commentCount\":0,\"publisher\":{\"@id\":\"https:\/\/now-news.de\/de\/#organization\"},\"image\":{\"@id\":\"https:\/\/now-news.de\/de\/deutschland\/meinungsterror-wird-deutsche-staatsraeson\/#primaryimage\"},\"thumbnailUrl\":\"https:\/\/now-news.de\/de\/wp-content\/uploads\/sites\/3\/2023\/11\/Meinungsterror-wird-deutsche-Staatsraeson.jpg\",\"keywords\":[\"Deutsche\",\"Meinungsterror\",\"Staatsr\u00e4son\",\"wird\"],\"articleSection\":[\"Deutschland\",\"Russland\"],\"inLanguage\":\"de\",\"potentialAction\":[{\"@type\":\"CommentAction\",\"name\":\"Comment\",\"target\":[\"https:\/\/now-news.de\/de\/deutschland\/meinungsterror-wird-deutsche-staatsraeson\/#respond\"]}]},{\"@type\":\"WebPage\",\"@id\":\"https:\/\/now-news.de\/de\/deutschland\/meinungsterror-wird-deutsche-staatsraeson\/\",\"url\":\"https:\/\/now-news.de\/de\/deutschland\/meinungsterror-wird-deutsche-staatsraeson\/\",\"name\":\"Meinungsterror wird deutsche Staatsr\u00e4son - just-now.NEWS Deutschland\",\"isPartOf\":{\"@id\":\"https:\/\/now-news.de\/de\/#website\"},\"primaryImageOfPage\":{\"@id\":\"https:\/\/now-news.de\/de\/deutschland\/meinungsterror-wird-deutsche-staatsraeson\/#primaryimage\"},\"image\":{\"@id\":\"https:\/\/now-news.de\/de\/deutschland\/meinungsterror-wird-deutsche-staatsraeson\/#primaryimage\"},\"thumbnailUrl\":\"https:\/\/now-news.de\/de\/wp-content\/uploads\/sites\/3\/2023\/11\/Meinungsterror-wird-deutsche-Staatsraeson.jpg\",\"datePublished\":\"2023-11-12T18:31:38+00:00\",\"dateModified\":\"2023-11-12T18:31:38+00:00\",\"breadcrumb\":{\"@id\":\"https:\/\/now-news.de\/de\/deutschland\/meinungsterror-wird-deutsche-staatsraeson\/#breadcrumb\"},\"inLanguage\":\"de\",\"potentialAction\":[{\"@type\":\"ReadAction\",\"target\":[\"https:\/\/now-news.de\/de\/deutschland\/meinungsterror-wird-deutsche-staatsraeson\/\"]}]},{\"@type\":\"ImageObject\",\"inLanguage\":\"de\",\"@id\":\"https:\/\/now-news.de\/de\/deutschland\/meinungsterror-wird-deutsche-staatsraeson\/#primaryimage\",\"url\":\"https:\/\/now-news.de\/de\/wp-content\/uploads\/sites\/3\/2023\/11\/Meinungsterror-wird-deutsche-Staatsraeson.jpg\",\"contentUrl\":\"https:\/\/now-news.de\/de\/wp-content\/uploads\/sites\/3\/2023\/11\/Meinungsterror-wird-deutsche-Staatsraeson.jpg\",\"width\":460,\"height\":259,\"caption\":\"Meinungsterror wird deutsche Staatsr\u00e4son\"},{\"@type\":\"BreadcrumbList\",\"@id\":\"https:\/\/now-news.de\/de\/deutschland\/meinungsterror-wird-deutsche-staatsraeson\/#breadcrumb\",\"itemListElement\":[{\"@type\":\"ListItem\",\"position\":1,\"name\":\"Home\",\"item\":\"https:\/\/now-news.de\/de\/\"},{\"@type\":\"ListItem\",\"position\":2,\"name\":\"Meinungsterror wird deutsche Staatsr\u00e4son\"}]},{\"@type\":\"WebSite\",\"@id\":\"https:\/\/now-news.de\/de\/#website\",\"url\":\"https:\/\/now-news.de\/de\/\",\"name\":\"just-now.NEWS Deutschland\",\"description\":\"Das Portal f\u00fcr unzensierte Nachrichten aus der Welt\",\"publisher\":{\"@id\":\"https:\/\/now-news.de\/de\/#organization\"},\"potentialAction\":[{\"@type\":\"SearchAction\",\"target\":{\"@type\":\"EntryPoint\",\"urlTemplate\":\"https:\/\/now-news.de\/de\/?s={search_term_string}\"},\"query-input\":\"required name=search_term_string\"}],\"inLanguage\":\"de\"},{\"@type\":\"Organization\",\"@id\":\"https:\/\/now-news.de\/de\/#organization\",\"name\":\"Just Now News\",\"url\":\"https:\/\/now-news.de\/de\/\",\"logo\":{\"@type\":\"ImageObject\",\"inLanguage\":\"de\",\"@id\":\"https:\/\/now-news.de\/de\/#\/schema\/logo\/image\/\",\"url\":\"http:\/\/just-now.news\/de\/wp-content\/uploads\/sites\/3\/2022\/04\/logo500x500.jpg\",\"contentUrl\":\"http:\/\/just-now.news\/de\/wp-content\/uploads\/sites\/3\/2022\/04\/logo500x500.jpg\",\"width\":500,\"height\":500,\"caption\":\"Just Now News\"},\"image\":{\"@id\":\"https:\/\/now-news.de\/de\/#\/schema\/logo\/image\/\"},\"sameAs\":[\"https:\/\/www.facebook.com\/wirmachenauf\",\"https:\/\/x.com\/WirMachenAuf_de\"]},{\"@type\":\"Person\",\"@id\":\"https:\/\/now-news.de\/de\/#\/schema\/person\/fb534a4e865501d8b3285208df34a9b5\",\"name\":\"rtnews\",\"image\":{\"@type\":\"ImageObject\",\"inLanguage\":\"de\",\"@id\":\"https:\/\/now-news.de\/de\/#\/schema\/person\/image\/\",\"url\":\"https:\/\/secure.gravatar.com\/avatar\/82aafea7d8127119dd649515f56e2117?s=96&d=mm&r=g\",\"contentUrl\":\"https:\/\/secure.gravatar.com\/avatar\/82aafea7d8127119dd649515f56e2117?s=96&d=mm&r=g\",\"caption\":\"rtnews\"},\"url\":\"https:\/\/now-news.de\/de\/author\/rnews\/\"}]}<\/script>\n<!-- \/ Yoast SEO Premium plugin. -->","yoast_head_json":{"title":"Meinungsterror wird deutsche Staatsr\u00e4son - just-now.NEWS Deutschland","robots":{"index":"index","follow":"follow","max-snippet":"max-snippet:-1","max-image-preview":"max-image-preview:large","max-video-preview":"max-video-preview:-1"},"canonical":"https:\/\/now-news.de\/de\/deutschland\/meinungsterror-wird-deutsche-staatsraeson\/","og_locale":"de_DE","og_type":"article","og_title":"Meinungsterror wird deutsche Staatsr\u00e4son","og_description":"Staatlich vorangetriebene Zensur und Selbstzensur f\u00fchren in den Polizeistaat. Das ist zwar seit Jahrhunderten bekannt, aber Deutschland hat nichts, wirklich gar nichts aus der Geschichte gelernt und gleitet selbstzufrieden in lange nicht mehr gekannte Abgr\u00fcnde hinab. Eine Argumentation von Friedhelm Klinkhammer und Volker Br\u00e4utigam. Von Friedhelm Klinkhammer und Volker Br\u00e4utigam Also sprach Kanzler Olaf Scholz: [&hellip;]","og_url":"https:\/\/now-news.de\/de\/deutschland\/meinungsterror-wird-deutsche-staatsraeson\/","og_site_name":"just-now.NEWS Deutschland","article_publisher":"https:\/\/www.facebook.com\/wirmachenauf","article_published_time":"2023-11-12T18:31:38+00:00","og_image":[{"width":460,"height":259,"url":"https:\/\/now-news.de\/de\/wp-content\/uploads\/sites\/3\/2023\/11\/Meinungsterror-wird-deutsche-Staatsraeson.jpg","type":"image\/jpeg"}],"author":"rtnews","twitter_card":"summary_large_image","twitter_creator":"@WirMachenAuf_de","twitter_site":"@WirMachenAuf_de","twitter_misc":{"Verfasst von":"rtnews","Gesch\u00e4tzte Lesezeit":"12\u00a0Minuten"},"schema":{"@context":"https:\/\/schema.org","@graph":[{"@type":"Article","@id":"https:\/\/now-news.de\/de\/deutschland\/meinungsterror-wird-deutsche-staatsraeson\/#article","isPartOf":{"@id":"https:\/\/now-news.de\/de\/deutschland\/meinungsterror-wird-deutsche-staatsraeson\/"},"author":{"name":"rtnews","@id":"https:\/\/now-news.de\/de\/#\/schema\/person\/fb534a4e865501d8b3285208df34a9b5"},"headline":"Meinungsterror wird deutsche Staatsr\u00e4son","datePublished":"2023-11-12T18:31:38+00:00","dateModified":"2023-11-12T18:31:38+00:00","mainEntityOfPage":{"@id":"https:\/\/now-news.de\/de\/deutschland\/meinungsterror-wird-deutsche-staatsraeson\/"},"wordCount":2373,"commentCount":0,"publisher":{"@id":"https:\/\/now-news.de\/de\/#organization"},"image":{"@id":"https:\/\/now-news.de\/de\/deutschland\/meinungsterror-wird-deutsche-staatsraeson\/#primaryimage"},"thumbnailUrl":"https:\/\/now-news.de\/de\/wp-content\/uploads\/sites\/3\/2023\/11\/Meinungsterror-wird-deutsche-Staatsraeson.jpg","keywords":["Deutsche","Meinungsterror","Staatsr\u00e4son","wird"],"articleSection":["Deutschland","Russland"],"inLanguage":"de","potentialAction":[{"@type":"CommentAction","name":"Comment","target":["https:\/\/now-news.de\/de\/deutschland\/meinungsterror-wird-deutsche-staatsraeson\/#respond"]}]},{"@type":"WebPage","@id":"https:\/\/now-news.de\/de\/deutschland\/meinungsterror-wird-deutsche-staatsraeson\/","url":"https:\/\/now-news.de\/de\/deutschland\/meinungsterror-wird-deutsche-staatsraeson\/","name":"Meinungsterror wird deutsche Staatsr\u00e4son - just-now.NEWS Deutschland","isPartOf":{"@id":"https:\/\/now-news.de\/de\/#website"},"primaryImageOfPage":{"@id":"https:\/\/now-news.de\/de\/deutschland\/meinungsterror-wird-deutsche-staatsraeson\/#primaryimage"},"image":{"@id":"https:\/\/now-news.de\/de\/deutschland\/meinungsterror-wird-deutsche-staatsraeson\/#primaryimage"},"thumbnailUrl":"https:\/\/now-news.de\/de\/wp-content\/uploads\/sites\/3\/2023\/11\/Meinungsterror-wird-deutsche-Staatsraeson.jpg","datePublished":"2023-11-12T18:31:38+00:00","dateModified":"2023-11-12T18:31:38+00:00","breadcrumb":{"@id":"https:\/\/now-news.de\/de\/deutschland\/meinungsterror-wird-deutsche-staatsraeson\/#breadcrumb"},"inLanguage":"de","potentialAction":[{"@type":"ReadAction","target":["https:\/\/now-news.de\/de\/deutschland\/meinungsterror-wird-deutsche-staatsraeson\/"]}]},{"@type":"ImageObject","inLanguage":"de","@id":"https:\/\/now-news.de\/de\/deutschland\/meinungsterror-wird-deutsche-staatsraeson\/#primaryimage","url":"https:\/\/now-news.de\/de\/wp-content\/uploads\/sites\/3\/2023\/11\/Meinungsterror-wird-deutsche-Staatsraeson.jpg","contentUrl":"https:\/\/now-news.de\/de\/wp-content\/uploads\/sites\/3\/2023\/11\/Meinungsterror-wird-deutsche-Staatsraeson.jpg","width":460,"height":259,"caption":"Meinungsterror wird deutsche Staatsr\u00e4son"},{"@type":"BreadcrumbList","@id":"https:\/\/now-news.de\/de\/deutschland\/meinungsterror-wird-deutsche-staatsraeson\/#breadcrumb","itemListElement":[{"@type":"ListItem","position":1,"name":"Home","item":"https:\/\/now-news.de\/de\/"},{"@type":"ListItem","position":2,"name":"Meinungsterror wird deutsche Staatsr\u00e4son"}]},{"@type":"WebSite","@id":"https:\/\/now-news.de\/de\/#website","url":"https:\/\/now-news.de\/de\/","name":"just-now.NEWS Deutschland","description":"Das Portal f\u00fcr unzensierte Nachrichten aus der Welt","publisher":{"@id":"https:\/\/now-news.de\/de\/#organization"},"potentialAction":[{"@type":"SearchAction","target":{"@type":"EntryPoint","urlTemplate":"https:\/\/now-news.de\/de\/?s={search_term_string}"},"query-input":"required name=search_term_string"}],"inLanguage":"de"},{"@type":"Organization","@id":"https:\/\/now-news.de\/de\/#organization","name":"Just Now News","url":"https:\/\/now-news.de\/de\/","logo":{"@type":"ImageObject","inLanguage":"de","@id":"https:\/\/now-news.de\/de\/#\/schema\/logo\/image\/","url":"http:\/\/just-now.news\/de\/wp-content\/uploads\/sites\/3\/2022\/04\/logo500x500.jpg","contentUrl":"http:\/\/just-now.news\/de\/wp-content\/uploads\/sites\/3\/2022\/04\/logo500x500.jpg","width":500,"height":500,"caption":"Just Now News"},"image":{"@id":"https:\/\/now-news.de\/de\/#\/schema\/logo\/image\/"},"sameAs":["https:\/\/www.facebook.com\/wirmachenauf","https:\/\/x.com\/WirMachenAuf_de"]},{"@type":"Person","@id":"https:\/\/now-news.de\/de\/#\/schema\/person\/fb534a4e865501d8b3285208df34a9b5","name":"rtnews","image":{"@type":"ImageObject","inLanguage":"de","@id":"https:\/\/now-news.de\/de\/#\/schema\/person\/image\/","url":"https:\/\/secure.gravatar.com\/avatar\/82aafea7d8127119dd649515f56e2117?s=96&d=mm&r=g","contentUrl":"https:\/\/secure.gravatar.com\/avatar\/82aafea7d8127119dd649515f56e2117?s=96&d=mm&r=g","caption":"rtnews"},"url":"https:\/\/now-news.de\/de\/author\/rnews\/"}]}},"_links":{"self":[{"href":"https:\/\/now-news.de\/de\/wp-json\/wp\/v2\/posts\/49644"}],"collection":[{"href":"https:\/\/now-news.de\/de\/wp-json\/wp\/v2\/posts"}],"about":[{"href":"https:\/\/now-news.de\/de\/wp-json\/wp\/v2\/types\/post"}],"author":[{"embeddable":true,"href":"https:\/\/now-news.de\/de\/wp-json\/wp\/v2\/users\/3"}],"replies":[{"embeddable":true,"href":"https:\/\/now-news.de\/de\/wp-json\/wp\/v2\/comments?post=49644"}],"version-history":[{"count":0,"href":"https:\/\/now-news.de\/de\/wp-json\/wp\/v2\/posts\/49644\/revisions"}],"wp:featuredmedia":[{"embeddable":true,"href":"https:\/\/now-news.de\/de\/wp-json\/wp\/v2\/media\/49645"}],"wp:attachment":[{"href":"https:\/\/now-news.de\/de\/wp-json\/wp\/v2\/media?parent=49644"}],"wp:term":[{"taxonomy":"category","embeddable":true,"href":"https:\/\/now-news.de\/de\/wp-json\/wp\/v2\/categories?post=49644"},{"taxonomy":"post_tag","embeddable":true,"href":"https:\/\/now-news.de\/de\/wp-json\/wp\/v2\/tags?post=49644"}],"curies":[{"name":"wp","href":"https:\/\/api.w.org\/{rel}","templated":true}]}}