{"id":49558,"date":"2023-11-10T20:49:22","date_gmt":"2023-11-10T18:49:22","guid":{"rendered":"https:\/\/just-now.news\/de\/deutschland\/scholz-auf-bundeswehrtagung-militaeretat-wird-dauerhaft-steigen\/"},"modified":"2023-11-10T20:49:22","modified_gmt":"2023-11-10T18:49:22","slug":"scholz-auf-bundeswehrtagung-militaeretat-wird-dauerhaft-steigen","status":"publish","type":"post","link":"https:\/\/now-news.de\/de\/deutschland\/scholz-auf-bundeswehrtagung-militaeretat-wird-dauerhaft-steigen\/","title":{"rendered":"Scholz auf Bundeswehrtagung: Milit\u00e4retat wird dauerhaft steigen"},"content":{"rendered":"<p><img decoding=\"async\" src=\"http:\/\/just-now.news\/de\/wp-content\/uploads\/sites\/3\/2023\/11\/654e6f32b480cc3cbd5ec7d4.jpg\" \/><\/p>\n<div class=\"Text-root Text-type_1 \">\n                Bei der diesj\u00e4hrigen Bundeswehrtagung in Berlin haben Bundeskanzler Olaf Scholz und Verteidigungsminister Boris Pistorius eine massive Ausweitung der Haushaltsmittel f\u00fcr die Bundeswehr angek\u00fcndigt. J\u00e4hrlich sollen \u00fcber 20 Milliarden mehr als bislang in neue Waffen und milit\u00e4risches Personal flie\u00dfen.\n            <\/div>\n<p><\/p>\n<div class=\"Text-root Text-type_5 ArticleView-text ViewText-root \">\n<p>Bundeskanzler Olaf Scholz trat am Freitag bei der Tagung der politischen und milit\u00e4rischen F\u00fchrung der Bundeswehr in Berlin (die sogenannte Bundeswehrtagung) auf. In seiner Rede vor den Versammelten versprach der Kanzler, dass die Bundeswehr langfristig einen hohen Etat erhalten werde.\u00a0<\/p>\n<p>Bereits im kommenden Jahr, sagte Scholz, werde Deutschland das mit der NATO vereinbarte Ziel erreichen, mindestens zwei Prozent des Bruttoinlandsprodukts in den Verteidigungsetat flie\u00dfen zu lassen. Zuwendungen in dieser H\u00f6he werde die Bundesregierung &#8220;dauerhaft&#8221; erf\u00fcllen:<\/p>\n<blockquote><p><em>&#8220;Wir werden dauerhaft diese zwei Prozent gew\u00e4hrleisten, die ganzen 20er-Jahre \u00fcber, die 30er-Jahre. Das sage ich sehr bewusst, weil nat\u00fcrlich manches, was man jetzt vielleicht bestellt, geliefert wird in den 30er-Jahren.&#8221;<\/em><\/p><\/blockquote>\n<p>Als Begr\u00fcndung f\u00fcr diese Entscheidung wies Scholz erneut auf die von ihm verk\u00fcndete &#8220;Zeitenwende&#8221; und auf die &#8220;weltpolitische Lage mit dem russischen Angriffskrieg gegen die Ukraine und den Angriffen der Terrororganisation Hamas gegen Israel&#8221; hin. Dies zeige, wie wichtig eine &#8220;gut aufgestellte Truppe&#8221; sei, so der Kanzler.\u00a0<\/p>\n<p>Unmittelbar nach der russischen Intervention in der Ukraine hatte der Bundestag ein\u00a0Sonderverm\u00f6gen f\u00fcr die Bundeswehr in H\u00f6he von 100 Milliarden Euro bewilligt. Scholz sagte heute, dass zwei Drittel dieser Summe bis Ende des Jahres f\u00fcr R\u00fcstungsauftr\u00e4ge &#8220;vertraglich gebunden&#8221; sein werden. Bis dahin w\u00fcrden voraussichtlich 50 Beschaffungsvorhaben durch den Haushaltsausschuss des Bundestages gehen.<\/p>\n<p>Das Sonderverm\u00f6gen sei aber nur ein erster Schritt gewesen, betonte Scholz. Um das Zwei-Prozent-Ziel zu erreichen, werde der Verteidigungsetat um j\u00e4hrlich mehr als 20 Milliarden Euro aufgestockt.\u00a0Erstmals werde Deutschland das NATO-Ziel im n\u00e4chsten Jahr erreichen.<\/p>\n<p>Bundesverteidigungsminister Boris Pistorius bekundete seinerseits auf der Tagung, er wolle sein Ressort verkleinern und daf\u00fcr zus\u00e4tzliche Stellen in der Bundeswehr schaffen. Es sollen drei Unterabteilungen des Verteidigungsministeriums aufgel\u00f6st werden. Mehr als 200 Dienstposten werden aus dem Ministerium in den nachgeordneten Bereich der Bundeswehr verlagert.\u00a0<\/p>\n<p><strong>Mehr zum Thema<\/strong> &#8211; <a rel=\"nofollow noopener\" target=\"_blank\" href=\"https:\/\/freedert.online\/inland\/186115-unseren-frieden-verteidigen-chef-bundeswehrverbands\/\">&#8220;Unseren Frieden verteidigen&#8221; \u2013 Chef des Bundeswehrverbands fordert Debatte \u00fcber Wehrpflicht<\/a><\/p>\n<\/p>\n<\/div>\n<p><br \/>\n<br \/><a href=\"https:\/\/de.rt.com\/inland\/186655-scholz-auf-bundeswehrtagung-militaeretat-wird-dauerhaft-steigen\/\">Source link <\/a><\/p>\n","protected":false},"excerpt":{"rendered":"<p>Bei der diesj\u00e4hrigen Bundeswehrtagung in Berlin haben Bundeskanzler Olaf Scholz und Verteidigungsminister Boris Pistorius eine massive Ausweitung der Haushaltsmittel f\u00fcr die Bundeswehr angek\u00fcndigt. J\u00e4hrlich sollen \u00fcber 20 Milliarden mehr als bislang in neue Waffen und milit\u00e4risches Personal flie\u00dfen. Bundeskanzler Olaf Scholz trat am Freitag bei der Tagung der politischen und milit\u00e4rischen F\u00fchrung der Bundeswehr in [&hellip;]<\/p>\n","protected":false},"author":3,"featured_media":49559,"comment_status":"open","ping_status":"open","sticky":false,"template":"","format":"standard","meta":{"_yoast_indexnow_last_ping":["1699642202"],"wp_automatic_camp":["217"],"b00223f14348f6e68b801f25b82df4e2":["Scholz auf Bundeswehrtagung: Milit\u00e4retat wird dauerhaft steigen"],"original_link":["https:\/\/de.rt.com\/inland\/186655-scholz-auf-bundeswehrtagung-militaeretat-wird-dauerhaft-steigen\/"],"_thumbnail_id":["49559"],"_wptgpro_p2tg_sent2tg":["a:1:{i:23737;s:19:\"2023-11-10 20:51:28\";}"],"jnews_social_counter_last_update":["1777326825"]},"categories":[19,23],"tags":[133,50544,3914,31675,1001,1472,374],"yoast_head":"<!-- This site is optimized with the Yoast SEO Premium plugin v22.7 (Yoast SEO v22.7) - https:\/\/yoast.com\/wordpress\/plugins\/seo\/ -->\n<title>Scholz auf Bundeswehrtagung: Milit\u00e4retat wird dauerhaft steigen - just-now.NEWS Deutschland<\/title>\n<meta name=\"robots\" content=\"index, follow, max-snippet:-1, max-image-preview:large, max-video-preview:-1\" \/>\n<link rel=\"canonical\" href=\"https:\/\/now-news.de\/de\/deutschland\/scholz-auf-bundeswehrtagung-militaeretat-wird-dauerhaft-steigen\/\" \/>\n<meta property=\"og:locale\" content=\"de_DE\" \/>\n<meta property=\"og:type\" content=\"article\" \/>\n<meta property=\"og:title\" content=\"Scholz auf Bundeswehrtagung: Milit\u00e4retat wird dauerhaft steigen\" \/>\n<meta property=\"og:description\" content=\"Bei der diesj\u00e4hrigen Bundeswehrtagung in Berlin haben Bundeskanzler Olaf Scholz und Verteidigungsminister Boris Pistorius eine massive Ausweitung der Haushaltsmittel f\u00fcr die Bundeswehr angek\u00fcndigt. J\u00e4hrlich sollen \u00fcber 20 Milliarden mehr als bislang in neue Waffen und milit\u00e4risches Personal flie\u00dfen. Bundeskanzler Olaf Scholz trat am Freitag bei der Tagung der politischen und milit\u00e4rischen F\u00fchrung der Bundeswehr in [&hellip;]\" \/>\n<meta property=\"og:url\" content=\"https:\/\/now-news.de\/de\/deutschland\/scholz-auf-bundeswehrtagung-militaeretat-wird-dauerhaft-steigen\/\" \/>\n<meta property=\"og:site_name\" content=\"just-now.NEWS Deutschland\" \/>\n<meta property=\"article:publisher\" content=\"https:\/\/www.facebook.com\/wirmachenauf\" \/>\n<meta property=\"article:published_time\" content=\"2023-11-10T18:49:22+00:00\" \/>\n<meta property=\"og:image\" content=\"https:\/\/now-news.de\/de\/wp-content\/uploads\/sites\/3\/2023\/11\/Scholz-auf-Bundeswehrtagung-Militaeretat-wird-dauerhaft-steigen.jpg\" \/>\n\t<meta property=\"og:image:width\" content=\"460\" \/>\n\t<meta property=\"og:image:height\" content=\"259\" \/>\n\t<meta property=\"og:image:type\" content=\"image\/jpeg\" \/>\n<meta name=\"author\" content=\"rtnews\" \/>\n<meta name=\"twitter:card\" content=\"summary_large_image\" \/>\n<meta name=\"twitter:creator\" content=\"@WirMachenAuf_de\" \/>\n<meta name=\"twitter:site\" content=\"@WirMachenAuf_de\" \/>\n<meta name=\"twitter:label1\" content=\"Verfasst von\" \/>\n\t<meta name=\"twitter:data1\" content=\"rtnews\" \/>\n\t<meta name=\"twitter:label2\" content=\"Gesch\u00e4tzte Lesezeit\" \/>\n\t<meta name=\"twitter:data2\" content=\"2\u00a0Minuten\" \/>\n<script type=\"application\/ld+json\" class=\"yoast-schema-graph\">{\"@context\":\"https:\/\/schema.org\",\"@graph\":[{\"@type\":\"Article\",\"@id\":\"https:\/\/now-news.de\/de\/deutschland\/scholz-auf-bundeswehrtagung-militaeretat-wird-dauerhaft-steigen\/#article\",\"isPartOf\":{\"@id\":\"https:\/\/now-news.de\/de\/deutschland\/scholz-auf-bundeswehrtagung-militaeretat-wird-dauerhaft-steigen\/\"},\"author\":{\"name\":\"rtnews\",\"@id\":\"https:\/\/now-news.de\/de\/#\/schema\/person\/fb534a4e865501d8b3285208df34a9b5\"},\"headline\":\"Scholz auf Bundeswehrtagung: Milit\u00e4retat wird dauerhaft steigen\",\"datePublished\":\"2023-11-10T18:49:22+00:00\",\"dateModified\":\"2023-11-10T18:49:22+00:00\",\"mainEntityOfPage\":{\"@id\":\"https:\/\/now-news.de\/de\/deutschland\/scholz-auf-bundeswehrtagung-militaeretat-wird-dauerhaft-steigen\/\"},\"wordCount\":373,\"commentCount\":0,\"publisher\":{\"@id\":\"https:\/\/now-news.de\/de\/#organization\"},\"image\":{\"@id\":\"https:\/\/now-news.de\/de\/deutschland\/scholz-auf-bundeswehrtagung-militaeretat-wird-dauerhaft-steigen\/#primaryimage\"},\"thumbnailUrl\":\"https:\/\/now-news.de\/de\/wp-content\/uploads\/sites\/3\/2023\/11\/Scholz-auf-Bundeswehrtagung-Militaeretat-wird-dauerhaft-steigen.jpg\",\"keywords\":[\"AUF\",\"Bundeswehrtagung\",\"dauerhaft\",\"Milit\u00e4retat\",\"Scholz\",\"steigen\",\"wird\"],\"articleSection\":[\"Deutschland\",\"Russland\"],\"inLanguage\":\"de\",\"potentialAction\":[{\"@type\":\"CommentAction\",\"name\":\"Comment\",\"target\":[\"https:\/\/now-news.de\/de\/deutschland\/scholz-auf-bundeswehrtagung-militaeretat-wird-dauerhaft-steigen\/#respond\"]}]},{\"@type\":\"WebPage\",\"@id\":\"https:\/\/now-news.de\/de\/deutschland\/scholz-auf-bundeswehrtagung-militaeretat-wird-dauerhaft-steigen\/\",\"url\":\"https:\/\/now-news.de\/de\/deutschland\/scholz-auf-bundeswehrtagung-militaeretat-wird-dauerhaft-steigen\/\",\"name\":\"Scholz auf Bundeswehrtagung: Milit\u00e4retat wird dauerhaft steigen - just-now.NEWS Deutschland\",\"isPartOf\":{\"@id\":\"https:\/\/now-news.de\/de\/#website\"},\"primaryImageOfPage\":{\"@id\":\"https:\/\/now-news.de\/de\/deutschland\/scholz-auf-bundeswehrtagung-militaeretat-wird-dauerhaft-steigen\/#primaryimage\"},\"image\":{\"@id\":\"https:\/\/now-news.de\/de\/deutschland\/scholz-auf-bundeswehrtagung-militaeretat-wird-dauerhaft-steigen\/#primaryimage\"},\"thumbnailUrl\":\"https:\/\/now-news.de\/de\/wp-content\/uploads\/sites\/3\/2023\/11\/Scholz-auf-Bundeswehrtagung-Militaeretat-wird-dauerhaft-steigen.jpg\",\"datePublished\":\"2023-11-10T18:49:22+00:00\",\"dateModified\":\"2023-11-10T18:49:22+00:00\",\"breadcrumb\":{\"@id\":\"https:\/\/now-news.de\/de\/deutschland\/scholz-auf-bundeswehrtagung-militaeretat-wird-dauerhaft-steigen\/#breadcrumb\"},\"inLanguage\":\"de\",\"potentialAction\":[{\"@type\":\"ReadAction\",\"target\":[\"https:\/\/now-news.de\/de\/deutschland\/scholz-auf-bundeswehrtagung-militaeretat-wird-dauerhaft-steigen\/\"]}]},{\"@type\":\"ImageObject\",\"inLanguage\":\"de\",\"@id\":\"https:\/\/now-news.de\/de\/deutschland\/scholz-auf-bundeswehrtagung-militaeretat-wird-dauerhaft-steigen\/#primaryimage\",\"url\":\"https:\/\/now-news.de\/de\/wp-content\/uploads\/sites\/3\/2023\/11\/Scholz-auf-Bundeswehrtagung-Militaeretat-wird-dauerhaft-steigen.jpg\",\"contentUrl\":\"https:\/\/now-news.de\/de\/wp-content\/uploads\/sites\/3\/2023\/11\/Scholz-auf-Bundeswehrtagung-Militaeretat-wird-dauerhaft-steigen.jpg\",\"width\":460,\"height\":259,\"caption\":\"Scholz auf Bundeswehrtagung: Milit\u00e4retat wird dauerhaft steigen\"},{\"@type\":\"BreadcrumbList\",\"@id\":\"https:\/\/now-news.de\/de\/deutschland\/scholz-auf-bundeswehrtagung-militaeretat-wird-dauerhaft-steigen\/#breadcrumb\",\"itemListElement\":[{\"@type\":\"ListItem\",\"position\":1,\"name\":\"Home\",\"item\":\"https:\/\/now-news.de\/de\/\"},{\"@type\":\"ListItem\",\"position\":2,\"name\":\"Scholz auf Bundeswehrtagung: Milit\u00e4retat wird dauerhaft steigen\"}]},{\"@type\":\"WebSite\",\"@id\":\"https:\/\/now-news.de\/de\/#website\",\"url\":\"https:\/\/now-news.de\/de\/\",\"name\":\"just-now.NEWS Deutschland\",\"description\":\"Das Portal f\u00fcr unzensierte Nachrichten aus der Welt\",\"publisher\":{\"@id\":\"https:\/\/now-news.de\/de\/#organization\"},\"potentialAction\":[{\"@type\":\"SearchAction\",\"target\":{\"@type\":\"EntryPoint\",\"urlTemplate\":\"https:\/\/now-news.de\/de\/?s={search_term_string}\"},\"query-input\":\"required name=search_term_string\"}],\"inLanguage\":\"de\"},{\"@type\":\"Organization\",\"@id\":\"https:\/\/now-news.de\/de\/#organization\",\"name\":\"Just Now News\",\"url\":\"https:\/\/now-news.de\/de\/\",\"logo\":{\"@type\":\"ImageObject\",\"inLanguage\":\"de\",\"@id\":\"https:\/\/now-news.de\/de\/#\/schema\/logo\/image\/\",\"url\":\"http:\/\/just-now.news\/de\/wp-content\/uploads\/sites\/3\/2022\/04\/logo500x500.jpg\",\"contentUrl\":\"http:\/\/just-now.news\/de\/wp-content\/uploads\/sites\/3\/2022\/04\/logo500x500.jpg\",\"width\":500,\"height\":500,\"caption\":\"Just Now News\"},\"image\":{\"@id\":\"https:\/\/now-news.de\/de\/#\/schema\/logo\/image\/\"},\"sameAs\":[\"https:\/\/www.facebook.com\/wirmachenauf\",\"https:\/\/x.com\/WirMachenAuf_de\"]},{\"@type\":\"Person\",\"@id\":\"https:\/\/now-news.de\/de\/#\/schema\/person\/fb534a4e865501d8b3285208df34a9b5\",\"name\":\"rtnews\",\"image\":{\"@type\":\"ImageObject\",\"inLanguage\":\"de\",\"@id\":\"https:\/\/now-news.de\/de\/#\/schema\/person\/image\/\",\"url\":\"https:\/\/secure.gravatar.com\/avatar\/82aafea7d8127119dd649515f56e2117?s=96&d=mm&r=g\",\"contentUrl\":\"https:\/\/secure.gravatar.com\/avatar\/82aafea7d8127119dd649515f56e2117?s=96&d=mm&r=g\",\"caption\":\"rtnews\"},\"url\":\"https:\/\/now-news.de\/de\/author\/rnews\/\"}]}<\/script>\n<!-- \/ Yoast SEO Premium plugin. -->","yoast_head_json":{"title":"Scholz auf Bundeswehrtagung: Milit\u00e4retat wird dauerhaft steigen - just-now.NEWS Deutschland","robots":{"index":"index","follow":"follow","max-snippet":"max-snippet:-1","max-image-preview":"max-image-preview:large","max-video-preview":"max-video-preview:-1"},"canonical":"https:\/\/now-news.de\/de\/deutschland\/scholz-auf-bundeswehrtagung-militaeretat-wird-dauerhaft-steigen\/","og_locale":"de_DE","og_type":"article","og_title":"Scholz auf Bundeswehrtagung: Milit\u00e4retat wird dauerhaft steigen","og_description":"Bei der diesj\u00e4hrigen Bundeswehrtagung in Berlin haben Bundeskanzler Olaf Scholz und Verteidigungsminister Boris Pistorius eine massive Ausweitung der Haushaltsmittel f\u00fcr die Bundeswehr angek\u00fcndigt. J\u00e4hrlich sollen \u00fcber 20 Milliarden mehr als bislang in neue Waffen und milit\u00e4risches Personal flie\u00dfen. Bundeskanzler Olaf Scholz trat am Freitag bei der Tagung der politischen und milit\u00e4rischen F\u00fchrung der Bundeswehr in [&hellip;]","og_url":"https:\/\/now-news.de\/de\/deutschland\/scholz-auf-bundeswehrtagung-militaeretat-wird-dauerhaft-steigen\/","og_site_name":"just-now.NEWS Deutschland","article_publisher":"https:\/\/www.facebook.com\/wirmachenauf","article_published_time":"2023-11-10T18:49:22+00:00","og_image":[{"width":460,"height":259,"url":"https:\/\/now-news.de\/de\/wp-content\/uploads\/sites\/3\/2023\/11\/Scholz-auf-Bundeswehrtagung-Militaeretat-wird-dauerhaft-steigen.jpg","type":"image\/jpeg"}],"author":"rtnews","twitter_card":"summary_large_image","twitter_creator":"@WirMachenAuf_de","twitter_site":"@WirMachenAuf_de","twitter_misc":{"Verfasst von":"rtnews","Gesch\u00e4tzte Lesezeit":"2\u00a0Minuten"},"schema":{"@context":"https:\/\/schema.org","@graph":[{"@type":"Article","@id":"https:\/\/now-news.de\/de\/deutschland\/scholz-auf-bundeswehrtagung-militaeretat-wird-dauerhaft-steigen\/#article","isPartOf":{"@id":"https:\/\/now-news.de\/de\/deutschland\/scholz-auf-bundeswehrtagung-militaeretat-wird-dauerhaft-steigen\/"},"author":{"name":"rtnews","@id":"https:\/\/now-news.de\/de\/#\/schema\/person\/fb534a4e865501d8b3285208df34a9b5"},"headline":"Scholz auf Bundeswehrtagung: Milit\u00e4retat wird dauerhaft steigen","datePublished":"2023-11-10T18:49:22+00:00","dateModified":"2023-11-10T18:49:22+00:00","mainEntityOfPage":{"@id":"https:\/\/now-news.de\/de\/deutschland\/scholz-auf-bundeswehrtagung-militaeretat-wird-dauerhaft-steigen\/"},"wordCount":373,"commentCount":0,"publisher":{"@id":"https:\/\/now-news.de\/de\/#organization"},"image":{"@id":"https:\/\/now-news.de\/de\/deutschland\/scholz-auf-bundeswehrtagung-militaeretat-wird-dauerhaft-steigen\/#primaryimage"},"thumbnailUrl":"https:\/\/now-news.de\/de\/wp-content\/uploads\/sites\/3\/2023\/11\/Scholz-auf-Bundeswehrtagung-Militaeretat-wird-dauerhaft-steigen.jpg","keywords":["AUF","Bundeswehrtagung","dauerhaft","Milit\u00e4retat","Scholz","steigen","wird"],"articleSection":["Deutschland","Russland"],"inLanguage":"de","potentialAction":[{"@type":"CommentAction","name":"Comment","target":["https:\/\/now-news.de\/de\/deutschland\/scholz-auf-bundeswehrtagung-militaeretat-wird-dauerhaft-steigen\/#respond"]}]},{"@type":"WebPage","@id":"https:\/\/now-news.de\/de\/deutschland\/scholz-auf-bundeswehrtagung-militaeretat-wird-dauerhaft-steigen\/","url":"https:\/\/now-news.de\/de\/deutschland\/scholz-auf-bundeswehrtagung-militaeretat-wird-dauerhaft-steigen\/","name":"Scholz auf Bundeswehrtagung: Milit\u00e4retat wird dauerhaft steigen - just-now.NEWS Deutschland","isPartOf":{"@id":"https:\/\/now-news.de\/de\/#website"},"primaryImageOfPage":{"@id":"https:\/\/now-news.de\/de\/deutschland\/scholz-auf-bundeswehrtagung-militaeretat-wird-dauerhaft-steigen\/#primaryimage"},"image":{"@id":"https:\/\/now-news.de\/de\/deutschland\/scholz-auf-bundeswehrtagung-militaeretat-wird-dauerhaft-steigen\/#primaryimage"},"thumbnailUrl":"https:\/\/now-news.de\/de\/wp-content\/uploads\/sites\/3\/2023\/11\/Scholz-auf-Bundeswehrtagung-Militaeretat-wird-dauerhaft-steigen.jpg","datePublished":"2023-11-10T18:49:22+00:00","dateModified":"2023-11-10T18:49:22+00:00","breadcrumb":{"@id":"https:\/\/now-news.de\/de\/deutschland\/scholz-auf-bundeswehrtagung-militaeretat-wird-dauerhaft-steigen\/#breadcrumb"},"inLanguage":"de","potentialAction":[{"@type":"ReadAction","target":["https:\/\/now-news.de\/de\/deutschland\/scholz-auf-bundeswehrtagung-militaeretat-wird-dauerhaft-steigen\/"]}]},{"@type":"ImageObject","inLanguage":"de","@id":"https:\/\/now-news.de\/de\/deutschland\/scholz-auf-bundeswehrtagung-militaeretat-wird-dauerhaft-steigen\/#primaryimage","url":"https:\/\/now-news.de\/de\/wp-content\/uploads\/sites\/3\/2023\/11\/Scholz-auf-Bundeswehrtagung-Militaeretat-wird-dauerhaft-steigen.jpg","contentUrl":"https:\/\/now-news.de\/de\/wp-content\/uploads\/sites\/3\/2023\/11\/Scholz-auf-Bundeswehrtagung-Militaeretat-wird-dauerhaft-steigen.jpg","width":460,"height":259,"caption":"Scholz auf Bundeswehrtagung: Milit\u00e4retat wird dauerhaft steigen"},{"@type":"BreadcrumbList","@id":"https:\/\/now-news.de\/de\/deutschland\/scholz-auf-bundeswehrtagung-militaeretat-wird-dauerhaft-steigen\/#breadcrumb","itemListElement":[{"@type":"ListItem","position":1,"name":"Home","item":"https:\/\/now-news.de\/de\/"},{"@type":"ListItem","position":2,"name":"Scholz auf Bundeswehrtagung: Milit\u00e4retat wird dauerhaft steigen"}]},{"@type":"WebSite","@id":"https:\/\/now-news.de\/de\/#website","url":"https:\/\/now-news.de\/de\/","name":"just-now.NEWS Deutschland","description":"Das Portal f\u00fcr unzensierte Nachrichten aus der Welt","publisher":{"@id":"https:\/\/now-news.de\/de\/#organization"},"potentialAction":[{"@type":"SearchAction","target":{"@type":"EntryPoint","urlTemplate":"https:\/\/now-news.de\/de\/?s={search_term_string}"},"query-input":"required name=search_term_string"}],"inLanguage":"de"},{"@type":"Organization","@id":"https:\/\/now-news.de\/de\/#organization","name":"Just Now News","url":"https:\/\/now-news.de\/de\/","logo":{"@type":"ImageObject","inLanguage":"de","@id":"https:\/\/now-news.de\/de\/#\/schema\/logo\/image\/","url":"http:\/\/just-now.news\/de\/wp-content\/uploads\/sites\/3\/2022\/04\/logo500x500.jpg","contentUrl":"http:\/\/just-now.news\/de\/wp-content\/uploads\/sites\/3\/2022\/04\/logo500x500.jpg","width":500,"height":500,"caption":"Just Now News"},"image":{"@id":"https:\/\/now-news.de\/de\/#\/schema\/logo\/image\/"},"sameAs":["https:\/\/www.facebook.com\/wirmachenauf","https:\/\/x.com\/WirMachenAuf_de"]},{"@type":"Person","@id":"https:\/\/now-news.de\/de\/#\/schema\/person\/fb534a4e865501d8b3285208df34a9b5","name":"rtnews","image":{"@type":"ImageObject","inLanguage":"de","@id":"https:\/\/now-news.de\/de\/#\/schema\/person\/image\/","url":"https:\/\/secure.gravatar.com\/avatar\/82aafea7d8127119dd649515f56e2117?s=96&d=mm&r=g","contentUrl":"https:\/\/secure.gravatar.com\/avatar\/82aafea7d8127119dd649515f56e2117?s=96&d=mm&r=g","caption":"rtnews"},"url":"https:\/\/now-news.de\/de\/author\/rnews\/"}]}},"_links":{"self":[{"href":"https:\/\/now-news.de\/de\/wp-json\/wp\/v2\/posts\/49558"}],"collection":[{"href":"https:\/\/now-news.de\/de\/wp-json\/wp\/v2\/posts"}],"about":[{"href":"https:\/\/now-news.de\/de\/wp-json\/wp\/v2\/types\/post"}],"author":[{"embeddable":true,"href":"https:\/\/now-news.de\/de\/wp-json\/wp\/v2\/users\/3"}],"replies":[{"embeddable":true,"href":"https:\/\/now-news.de\/de\/wp-json\/wp\/v2\/comments?post=49558"}],"version-history":[{"count":0,"href":"https:\/\/now-news.de\/de\/wp-json\/wp\/v2\/posts\/49558\/revisions"}],"wp:featuredmedia":[{"embeddable":true,"href":"https:\/\/now-news.de\/de\/wp-json\/wp\/v2\/media\/49559"}],"wp:attachment":[{"href":"https:\/\/now-news.de\/de\/wp-json\/wp\/v2\/media?parent=49558"}],"wp:term":[{"taxonomy":"category","embeddable":true,"href":"https:\/\/now-news.de\/de\/wp-json\/wp\/v2\/categories?post=49558"},{"taxonomy":"post_tag","embeddable":true,"href":"https:\/\/now-news.de\/de\/wp-json\/wp\/v2\/tags?post=49558"}],"curies":[{"name":"wp","href":"https:\/\/api.w.org\/{rel}","templated":true}]}}