{"id":49445,"date":"2023-11-08T21:46:04","date_gmt":"2023-11-08T19:46:04","guid":{"rendered":"https:\/\/just-now.news\/de\/deutschland\/gaza-diskussion-in-berlin-rosa-luxemburg-stiftung-laedt-ex-labour-chef-jeremy-corbyn-aus\/"},"modified":"2023-11-08T21:46:04","modified_gmt":"2023-11-08T19:46:04","slug":"gaza-diskussion-in-berlin-rosa-luxemburg-stiftung-laedt-ex-labour-chef-jeremy-corbyn-aus","status":"publish","type":"post","link":"https:\/\/now-news.de\/de\/deutschland\/gaza-diskussion-in-berlin-rosa-luxemburg-stiftung-laedt-ex-labour-chef-jeremy-corbyn-aus\/","title":{"rendered":"Gaza-Diskussion in Berlin: Rosa-Luxemburg-Stiftung l\u00e4dt Ex-Labour-Chef Jeremy Corbyn aus"},"content":{"rendered":"<p><img decoding=\"async\" src=\"http:\/\/just-now.news\/de\/wp-content\/uploads\/sites\/3\/2023\/11\/654b740748fbef72c40e0d96.jpeg\" \/><\/p>\n<div class=\"Text-root Text-type_1 \">\n                Falsche Position zum Krieg in Nahost? Jeremy Corbyn von der britischen Labour Party darf nicht auf einer Konferenz der Rosa-Luxemburg-Stiftung referieren. Diese hat ihn, wohl auf Druck der Berliner Volksb\u00fchne, kurzfristig ausgeladen.\n            <\/div>\n<p><\/p>\n<div class=\"Text-root Text-type_5 ArticleView-text ViewText-root \">\n<p><em>Von Susan Bonath<\/em><\/p>\n<p>W\u00e4hrend Kriegstreiber zunehmend die westliche Politik bestimmen und die imperialistische Realit\u00e4t immer bedrohlicher wird, hat die Rosa-Luxemburg-Stiftung (RLS) linke Politiker und Aktivisten aus aller Welt zu einer <a rel=\"nofollow noopener\" target=\"_blank\" href=\"https:\/\/www.rosalux.de\/veranstaltung\/es_detail\/FJG48\/europa-den-raeten\">dreit\u00e4gigen Konferenz<\/a>\u00a0in die Berliner Volksb\u00fchne geladen. Im Zuge der nahenden Europawahlen debattieren diese noch bis Freitag zum Thema &#8220;Europa den R\u00e4ten&#8221;. Es gehe um die Frage &#8220;Wie k\u00f6nnte eine EU aussehen, die nicht von B\u00fcrokraten, sondern von B\u00fcrgerr\u00e4ten bestimmt wird?&#8221;.<\/p>\n<p>Doch nicht alle Linken d\u00fcrfen mitmachen. So luden die Veranstalter ihren wohl bekanntesten Referenten Jeremy Corbyn, Ex-Vorsitzender der britischen Labour Party, und seine brasilianische Mitreferentin Sabrina Fernandes kurz vor dem Start der Konferenz wieder aus. Der Grund: Corbyns Position zum Israel-Pal\u00e4stina-Konflikt gefalle dem Management der Volksb\u00fchne nicht.<\/p>\n<p><strong>Volksb\u00fchne \u00fcbte offenbar Druck aus<\/strong><\/p>\n<p>Jeremy Corbyn werde &#8220;aufgrund der aktuellen Ereignisse im Nahen Osten leider nicht teilnehmen&#8221;, <a rel=\"nofollow noopener\" target=\"_blank\" href=\"https:\/\/www.nd-aktuell.de\/artikel\/1177558.eu-wahlen-alle-macht-den-raeten.html\">erkl\u00e4rte<\/a> Moderator Krunoslav Stojakovi\u0107 am 6. November der linken Tageszeitung <em>ND<\/em>. Laut Stojakovi\u0107 seien Corbyns &#8220;propal\u00e4stinensische Positionen aufgrund des aktuellen Krieges zwischen Israel und Gaza zu einem Problem geworden&#8221;.\u00a0<\/p>\n<p>Ausgeladen habe man Corbyn allerdings erst auf Druck der Volksb\u00fchne, bekr\u00e4ftigte Stojakovi\u0107. Lena Fuchs, Sprecherin der Berliner Kultureinrichtung, best\u00e4tigte dies. Man wolle dem britischen Ex-Labour-Chef &#8220;aufgrund seiner Haltung zum Nahost-Konflikt keine \u00d6ffentlichkeit bieten&#8221;, erkl\u00e4rte sie dem <em>ND<\/em>.<\/p>\n<p>Corbyn wollte nach Informationen der Autorin gemeinsam mit der brasilianischen linken Soziologin Sabrina Fernandes auftreten. Unter dem Titel &#8220;F\u00fcr ein solidarisches Europa mit der ganzen Welt&#8221; wollten die beiden dar\u00fcber diskutieren, wie ein politischer Wandel in Europa aussehen k\u00f6nnte und m\u00fcsste. Da die Veranstaltung mit Corbyn gestrichen wurde, trifft die Ausladung auch Fernandes.<\/p>\n<p>Auf der Plattform X (ehemals Twitter) hatte die Brasilianerin bereits Ende Oktober den Zustand der Linken scharf <a rel=\"nofollow noopener\" target=\"_blank\" href=\"https:\/\/twitter.com\/safbf\/status\/1719360591351906794\">kritisiert<\/a>. Der Umgang mit Kritikern der rechten israelischen Politik sei &#8220;der Lackmustest f\u00fcr die globale Linke&#8221;, schrieb sie. Daran zeige sich, &#8220;wer auf der Seite der Menschheit steht und wer V\u00f6lkermord zulassen wird, solange er von Israel gef\u00f6rdert wird&#8221;, so Fernandes.\u00a0Nach Erscheinen des <em>ND<\/em>-Artikels, als die Absage der Veranstaltung der beiden \u00f6ffentlich bekannt geworden war, \u00e4u\u00dferte\u00a0sie sich nochmals <a rel=\"nofollow noopener\" target=\"_blank\" href=\"https:\/\/twitter.com\/safbf\/status\/1721656059511664894?t=KfUkwC6pIbUE7GQnne0qmw&amp;s=09\">kritisch<\/a>. Fernandes w\u00f6rtlich in ihrem Posting:<\/p>\n<blockquote>\n<p><em>&#8220;Wenigstens kann ich jetzt meine Meinung sagen, denn es ist \u00f6ffentlich bekannt geworden, dass der Grund f\u00fcr die Absage der Veranstaltung, an der ich mit Jeremy Corbyn in Berlin teilnehmen wollte, darin liegt, dass linke Gruppen in Deutschland auch propal\u00e4stinensische Sozialisten zum Schweigen bringen. Es ist nicht nur die deutsche Rechte.&#8221;<\/em><\/p>\n<\/blockquote>\n<p><strong>Corbyn: &#8220;Ich finde alle Angriffe falsch&#8221;<\/strong><\/p>\n<p>Corbyn hatte sich in einem mit Journalisten gef\u00fchrten\u00a0<a rel=\"nofollow noopener\" target=\"_blank\" href=\"https:\/\/www.independent.co.uk\/news\/uk\/politics\/jeremy-corbyn-hamas-israel-palestine-b2426364.html\">Interview<\/a>, das von der britischen Zeitung <em>The Independent<\/em> ver\u00f6ffentlicht\u00a0wurde, im westlichen Mainstream unbeliebt gemacht. Er sagte bez\u00fcglich der aktuellen Geschehnisse in Nahost, er finde &#8220;alle Angriffe falsch&#8221;, sowohl von der Hamas als auch seitens Israels. Der Konflikt, so Corbyn weiter, sei nur zu l\u00f6sen, wenn Israels Regierung die Besatzung der pal\u00e4stinensischen Gebiete beende. Dies sei &#8220;der Hintergrund des ganzen Problems&#8221;, konstatierte er und f\u00fcgte an, er unterst\u00fctze weder die Angriffe der einen noch der anderen Seite. &#8220;Deshalb kritisiere ich sie alle&#8221;, so Corbyn.<\/p>\n<p><strong>Pl\u00e4doyer f\u00fcr Waffenstillstand in Nahost<\/strong><\/p>\n<p>Das linke Magazin <em>Jacobin<\/em> hatte dazu k\u00fcrzlich einen <a rel=\"nofollow noopener\" target=\"_blank\" href=\"https:\/\/jacobin.de\/artikel\/jeremy-corbyn-ich-verurteile-die-gewalt-gegen-alle-zivilisten\">Artikel<\/a> von Corbyn auf Deutsch ver\u00f6ffentlicht. Von einer einseitigen propal\u00e4stinenstischen Position Corbyns ist darin nichts zu erkennen. Er erkl\u00e4rt vielmehr deutlich:<\/p>\n<blockquote>\n<p><em>&#8220;Am vergangenen Samstag sind nun hunderte unschuldige Menschen im S\u00fcden Israels bei Anschl\u00e4gen der Hamas brutal ermordet worden. Dutzende wurden als Geiseln genommen. Heute und f\u00fcr den Rest ihres Lebens werden Familien in Israel um ihre Angeh\u00f6rigen trauern, die in einem abscheulichen Blutbad niedergemetzelt wurden.&#8221;<\/em><\/p>\n<\/blockquote>\n<p>Der Ex-Labour-Chef sieht aber auch die andere Seite. So kritisiert er scharf die Reaktion der israelischen F\u00fchrung. Die habe ganze Stadtviertel in Gaza zerst\u00f6rt, die Versorgung mit Lebensmitteln, Wasser, Strom und Gas unterbrochen. Weiter f\u00fchrt Corbyn aus:<\/p>\n<blockquote>\n<p><em>&#8220;Es wurden Krankenh\u00e4user angegriffen, Krankenwagen zerst\u00f6rt, Kinderg\u00e4rten besch\u00e4digt. Au\u00dferdem wurde der Grenz\u00fcbergang Rafah bombardiert und damit der einzige Fluchtweg blockiert. Das pal\u00e4stinensische Volk ist in Gaza in einem riesigen Freiluftgef\u00e4ngnis gefangen. Diese Menschen k\u00f6nnen nirgendwohin fliehen, sich nirgendwo in Sicherheit bringen, sich nirgendwo verstecken.&#8221;<\/em><\/p>\n<\/blockquote>\n<p>Corbyn sprach von einem &#8220;Kreislauf des Hasses&#8221;, der in eine humanit\u00e4re Katastrophe gef\u00fchrt habe und dringend beendet werden m\u00fcsse, um weitere unschuldige Opfer zu vermeiden. Bereits unmittelbar nach dem \u00dcberfall der Hamas auf israelische Zivilisten am 7. Oktober hatte Corbyn in einem X-<a rel=\"nofollow noopener\" target=\"_blank\" href=\"https:\/\/twitter.com\/jeremycorbyn\/status\/1710632920950489167\">Posting<\/a> w\u00f6rtlich erkl\u00e4rt:<\/p>\n<blockquote>\n<p><em>&#8220;Die Ereignisse in Israel und Pal\u00e4stina sind zutiefst besorgniserregend. Wir brauchen einen sofortigen Waffenstillstand und eine dringende Deeskalation. Und wir ben\u00f6tigen einen Ausweg aus diesem tragischen Kreislauf der Gewalt: Die Beendigung der Besatzung ist der einzige Weg, um einen gerechten und dauerhaften Frieden zu erreichen.&#8221;<\/em><\/p>\n<\/blockquote>\n<p><strong><em>Der\u00a0<\/em><em>Spiegel<\/em> unterstellt Corbyn &#8220;Antisemitismus&#8221;<\/strong><\/p>\n<p>Ungeachtet der Tatsache, dass Corbyn mit seinen \u00c4u\u00dferungen unzweifelhaft sowohl das Massaker der Hamas am 7. Oktober als auch die massenhafte Bombardierung des Gazastreifens durch die israelische Armee mit ungleich mehr zivilen Opfern kritisierte, <a rel=\"nofollow noopener\" target=\"_blank\" href=\"https:\/\/www.spiegel.de\/ausland\/jeremy-corbyn-ex-labour-chef-will-hamas-angriff-auf-israel-nicht-verurteilen-a-4aa648c8-61c2-41c7-ba11-aae07c924bd3\">fantasierte<\/a> das Magazin <em>Der<\/em>\u00a0<em>Spiegel<\/em> in seine &#8220;unklaren Worte&#8221; Antisemitismus hinein.<\/p>\n<p>Corbyn werde, so der <em>Spiegel<\/em>, seit l\u00e4ngerer Zeit &#8220;vorgeworfen, in seiner Zeit als Parteichef von 2015 bis 2020 nicht entschieden genug gegen antisemitische Str\u00f6mungen in der Partei vorgegangen zu sein&#8221;. Er habe zwar die Vorw\u00fcrfe stets zur\u00fcckgewiesen, sei aber auch selbst &#8220;in Verdacht geraten, ein antisemitisches Weltbild zu haben&#8221;.<\/p>\n<p>Im Gegensatz zu Corbyn l\u00e4sst das Blatt jedoch selbst seine Leser im Unklaren. Denn Belege f\u00fcr tats\u00e4chliche antisemitische \u00c4u\u00dferungen Corbyns liefert es nicht. Es ist vielmehr das \u00fcbliche Geraune, mit dem jede Kritik an der israelischen Staatsf\u00fchrung mit Antisemitismus, also Judenfeindlichkeit, gleichsetzt wird.\u00a0<\/p>\n<p><strong>Linke an der Seite rechtsreligi\u00f6ser Hardliner?<\/strong><\/p>\n<p>Besonders links im politischen Sinne erscheint eine uneingeschr\u00e4nkte Parteinahme f\u00fcr die ultrarechte Regierung in Israel allerdings nicht, schon gar nicht angesichts ihrer nun harten Reaktionen auf das Hamas-Massaker, die bereits tausende zivile Opfer im Gazastreifen gefordert haben, darunter viele Kinder.<\/p>\n<p>Israelische Linke sind mit ihrer Staatsf\u00fchrung alles andere als einverstanden. Vor allem der Aufstieg eines rechtsreligi\u00f6sen B\u00fcndnisses aus radikalen Siedlern bei der Wahl Ende 2022 f\u00fchrte zu Frust. Monatelang protestierten zehntausende Israelis gegen die Pl\u00e4ne der neuen Regierung unter Benjamin Netanjahu, darunter eine Justizreform und Initiativen f\u00fcr eine Geschlechtertrennung in \u00f6ffentlichen R\u00e4umen.<\/p>\n<p>Im August berichtete\u00a0ein\u00a0<em>Zeit<\/em>&#8211;<a rel=\"nofollow noopener\" target=\"_blank\" href=\"https:\/\/www.zeit.de\/politik\/ausland\/2023-08\/israel-proteste-justizreform-frauenrechte\">Artikel<\/a> von &#8220;mehr als hunderttausend Menschen&#8221;, die in diesem Zuge &#8220;gegen die Politik der rechtsextremen Regierung von Benjamin Netanjahu demonstriert&#8221; hatten. Auch in den USA widersprechen Linke der westlichen Doktrin von einer &#8220;uneingeschr\u00e4nkten Solidarit\u00e4t&#8221; mit Israels F\u00fchrung. So <a rel=\"nofollow noopener\" target=\"_blank\" href=\"https:\/\/www.middleeasteye.net\/news\/israel-palestine-war-us-activists-block-boeing-facility-supplying-bombs-israel\">blockierten<\/a> beispielsweise Friedensaktivisten k\u00fcrzlich eine Zufahrt des Konzerns Boeing in Missouri, um das Ausliefern von Bomben f\u00fcr Israel zu verhindern.<\/p>\n<p>Nach urspr\u00fcnglichem Verst\u00e4ndnis stehen Linke an der Seite der Unterdr\u00fcckten und Geknechteten, der Mittellosen und Entrechteten, nicht aber hinter irgendeiner imperialistischen, rechten Staatsf\u00fchrung. In der Volksb\u00fchne und der RLS sehen das offenbar einige anders. Ihnen sei dringend geraten, ihr linkes Image offiziell infrage zu stellen. Vielleicht h\u00e4tte die RLS erst einmal \u00fcber diese Frage debattieren sollen, anstatt sich derzeit kaum umsetzbaren utopischen Rollenspielen hinzugeben.<\/p>\n<p><strong>Mehr zum Thema &#8211;<\/strong>\u00a0<a rel=\"nofollow noopener\" target=\"_blank\" href=\"https:\/\/freedert.online\/meinung\/186297-zivilisten-im-gazastreifen-eigentliches-ziel-der-israelischen-bomben\/\">Zivilisten im Gazastreifen \u2013 eigentliches Ziel der israelischen Bomben?<\/a><\/p>\n<\/p>\n<\/div>\n<p><script async src=\"https:\/\/platform.twitter.com\/widgets.js\" charset=\"utf-8\"><\/script><br \/>\n<br \/><br \/>\n<br \/><a href=\"https:\/\/de.rt.com\/meinung\/186363-gaza-diskussion-berliner-rosa-luxemburg\/\">Source link <\/a><\/p>\n","protected":false},"excerpt":{"rendered":"<p>Falsche Position zum Krieg in Nahost? Jeremy Corbyn von der britischen Labour Party darf nicht auf einer Konferenz der Rosa-Luxemburg-Stiftung referieren. Diese hat ihn, wohl auf Druck der Berliner Volksb\u00fchne, kurzfristig ausgeladen. Von Susan Bonath W\u00e4hrend Kriegstreiber zunehmend die westliche Politik bestimmen und die imperialistische Realit\u00e4t immer bedrohlicher wird, hat die Rosa-Luxemburg-Stiftung (RLS) linke Politiker [&hellip;]<\/p>\n","protected":false},"author":3,"featured_media":49446,"comment_status":"open","ping_status":"open","sticky":false,"template":"","format":"standard","meta":{"_yoast_indexnow_last_ping":["1699473372"],"wp_automatic_camp":["217"],"04a19c7aed516a85b49398ac5ad69fc7":["Gaza-Diskussion in Berlin: Rosa-Luxemburg-Stiftung l\u00e4dt Ex-Labour-Chef Jeremy Corbyn aus"],"original_link":["https:\/\/de.rt.com\/meinung\/186363-gaza-diskussion-berliner-rosa-luxemburg\/"],"_thumbnail_id":["49446"],"_wptgpro_p2tg_sent2tg":["a:1:{i:23737;s:19:\"2023-11-08 21:57:22\";}"],"jnews_social_counter_last_update":["1777590257"]},"categories":[19,23],"tags":[679,943,30404,50481,50441,30403,19885,50480],"yoast_head":"<!-- This site is optimized with the Yoast SEO Premium plugin v22.7 (Yoast SEO v22.7) - https:\/\/yoast.com\/wordpress\/plugins\/seo\/ -->\n<title>Gaza-Diskussion in Berlin: Rosa-Luxemburg-Stiftung l\u00e4dt Ex-Labour-Chef Jeremy Corbyn aus - just-now.NEWS Deutschland<\/title>\n<meta name=\"robots\" content=\"index, follow, max-snippet:-1, max-image-preview:large, max-video-preview:-1\" \/>\n<link rel=\"canonical\" href=\"https:\/\/now-news.de\/de\/deutschland\/gaza-diskussion-in-berlin-rosa-luxemburg-stiftung-laedt-ex-labour-chef-jeremy-corbyn-aus\/\" \/>\n<meta property=\"og:locale\" content=\"de_DE\" \/>\n<meta property=\"og:type\" content=\"article\" \/>\n<meta property=\"og:title\" content=\"Gaza-Diskussion in Berlin: Rosa-Luxemburg-Stiftung l\u00e4dt Ex-Labour-Chef Jeremy Corbyn aus\" \/>\n<meta property=\"og:description\" content=\"Falsche Position zum Krieg in Nahost? Jeremy Corbyn von der britischen Labour Party darf nicht auf einer Konferenz der Rosa-Luxemburg-Stiftung referieren. Diese hat ihn, wohl auf Druck der Berliner Volksb\u00fchne, kurzfristig ausgeladen. Von Susan Bonath W\u00e4hrend Kriegstreiber zunehmend die westliche Politik bestimmen und die imperialistische Realit\u00e4t immer bedrohlicher wird, hat die Rosa-Luxemburg-Stiftung (RLS) linke Politiker [&hellip;]\" \/>\n<meta property=\"og:url\" content=\"https:\/\/now-news.de\/de\/deutschland\/gaza-diskussion-in-berlin-rosa-luxemburg-stiftung-laedt-ex-labour-chef-jeremy-corbyn-aus\/\" \/>\n<meta property=\"og:site_name\" content=\"just-now.NEWS Deutschland\" \/>\n<meta property=\"article:publisher\" content=\"https:\/\/www.facebook.com\/wirmachenauf\" \/>\n<meta property=\"article:published_time\" content=\"2023-11-08T19:46:04+00:00\" \/>\n<meta property=\"og:image\" content=\"https:\/\/now-news.de\/de\/wp-content\/uploads\/sites\/3\/2023\/11\/Gaza-Diskussion-in-Berlin-Rosa-Luxemburg-Stiftung-laedt-Ex-Labour-Chef-Jeremy-Corbyn-aus.jpeg\" \/>\n\t<meta property=\"og:image:width\" content=\"460\" \/>\n\t<meta property=\"og:image:height\" content=\"259\" \/>\n\t<meta property=\"og:image:type\" content=\"image\/jpeg\" \/>\n<meta name=\"author\" content=\"rtnews\" \/>\n<meta name=\"twitter:card\" content=\"summary_large_image\" \/>\n<meta name=\"twitter:creator\" content=\"@WirMachenAuf_de\" \/>\n<meta name=\"twitter:site\" content=\"@WirMachenAuf_de\" \/>\n<meta name=\"twitter:label1\" content=\"Verfasst von\" \/>\n\t<meta name=\"twitter:data1\" content=\"rtnews\" \/>\n\t<meta name=\"twitter:label2\" content=\"Gesch\u00e4tzte Lesezeit\" \/>\n\t<meta name=\"twitter:data2\" content=\"6\u00a0Minuten\" \/>\n<script type=\"application\/ld+json\" class=\"yoast-schema-graph\">{\"@context\":\"https:\/\/schema.org\",\"@graph\":[{\"@type\":\"Article\",\"@id\":\"https:\/\/now-news.de\/de\/deutschland\/gaza-diskussion-in-berlin-rosa-luxemburg-stiftung-laedt-ex-labour-chef-jeremy-corbyn-aus\/#article\",\"isPartOf\":{\"@id\":\"https:\/\/now-news.de\/de\/deutschland\/gaza-diskussion-in-berlin-rosa-luxemburg-stiftung-laedt-ex-labour-chef-jeremy-corbyn-aus\/\"},\"author\":{\"name\":\"rtnews\",\"@id\":\"https:\/\/now-news.de\/de\/#\/schema\/person\/fb534a4e865501d8b3285208df34a9b5\"},\"headline\":\"Gaza-Diskussion in Berlin: Rosa-Luxemburg-Stiftung l\u00e4dt Ex-Labour-Chef Jeremy Corbyn aus\",\"datePublished\":\"2023-11-08T19:46:04+00:00\",\"dateModified\":\"2023-11-08T19:46:04+00:00\",\"mainEntityOfPage\":{\"@id\":\"https:\/\/now-news.de\/de\/deutschland\/gaza-diskussion-in-berlin-rosa-luxemburg-stiftung-laedt-ex-labour-chef-jeremy-corbyn-aus\/\"},\"wordCount\":1252,\"commentCount\":0,\"publisher\":{\"@id\":\"https:\/\/now-news.de\/de\/#organization\"},\"image\":{\"@id\":\"https:\/\/now-news.de\/de\/deutschland\/gaza-diskussion-in-berlin-rosa-luxemburg-stiftung-laedt-ex-labour-chef-jeremy-corbyn-aus\/#primaryimage\"},\"thumbnailUrl\":\"https:\/\/now-news.de\/de\/wp-content\/uploads\/sites\/3\/2023\/11\/Gaza-Diskussion-in-Berlin-Rosa-Luxemburg-Stiftung-laedt-Ex-Labour-Chef-Jeremy-Corbyn-aus.jpeg\",\"keywords\":[\"aus\",\"Berlin\",\"Corbyn\",\"ExLabourChef\",\"GazaDiskussion\",\"Jeremy\",\"l\u00e4dt\",\"RosaLuxemburgStiftung\"],\"articleSection\":[\"Deutschland\",\"Russland\"],\"inLanguage\":\"de\",\"potentialAction\":[{\"@type\":\"CommentAction\",\"name\":\"Comment\",\"target\":[\"https:\/\/now-news.de\/de\/deutschland\/gaza-diskussion-in-berlin-rosa-luxemburg-stiftung-laedt-ex-labour-chef-jeremy-corbyn-aus\/#respond\"]}]},{\"@type\":\"WebPage\",\"@id\":\"https:\/\/now-news.de\/de\/deutschland\/gaza-diskussion-in-berlin-rosa-luxemburg-stiftung-laedt-ex-labour-chef-jeremy-corbyn-aus\/\",\"url\":\"https:\/\/now-news.de\/de\/deutschland\/gaza-diskussion-in-berlin-rosa-luxemburg-stiftung-laedt-ex-labour-chef-jeremy-corbyn-aus\/\",\"name\":\"Gaza-Diskussion in Berlin: Rosa-Luxemburg-Stiftung l\u00e4dt Ex-Labour-Chef Jeremy Corbyn aus - just-now.NEWS Deutschland\",\"isPartOf\":{\"@id\":\"https:\/\/now-news.de\/de\/#website\"},\"primaryImageOfPage\":{\"@id\":\"https:\/\/now-news.de\/de\/deutschland\/gaza-diskussion-in-berlin-rosa-luxemburg-stiftung-laedt-ex-labour-chef-jeremy-corbyn-aus\/#primaryimage\"},\"image\":{\"@id\":\"https:\/\/now-news.de\/de\/deutschland\/gaza-diskussion-in-berlin-rosa-luxemburg-stiftung-laedt-ex-labour-chef-jeremy-corbyn-aus\/#primaryimage\"},\"thumbnailUrl\":\"https:\/\/now-news.de\/de\/wp-content\/uploads\/sites\/3\/2023\/11\/Gaza-Diskussion-in-Berlin-Rosa-Luxemburg-Stiftung-laedt-Ex-Labour-Chef-Jeremy-Corbyn-aus.jpeg\",\"datePublished\":\"2023-11-08T19:46:04+00:00\",\"dateModified\":\"2023-11-08T19:46:04+00:00\",\"breadcrumb\":{\"@id\":\"https:\/\/now-news.de\/de\/deutschland\/gaza-diskussion-in-berlin-rosa-luxemburg-stiftung-laedt-ex-labour-chef-jeremy-corbyn-aus\/#breadcrumb\"},\"inLanguage\":\"de\",\"potentialAction\":[{\"@type\":\"ReadAction\",\"target\":[\"https:\/\/now-news.de\/de\/deutschland\/gaza-diskussion-in-berlin-rosa-luxemburg-stiftung-laedt-ex-labour-chef-jeremy-corbyn-aus\/\"]}]},{\"@type\":\"ImageObject\",\"inLanguage\":\"de\",\"@id\":\"https:\/\/now-news.de\/de\/deutschland\/gaza-diskussion-in-berlin-rosa-luxemburg-stiftung-laedt-ex-labour-chef-jeremy-corbyn-aus\/#primaryimage\",\"url\":\"https:\/\/now-news.de\/de\/wp-content\/uploads\/sites\/3\/2023\/11\/Gaza-Diskussion-in-Berlin-Rosa-Luxemburg-Stiftung-laedt-Ex-Labour-Chef-Jeremy-Corbyn-aus.jpeg\",\"contentUrl\":\"https:\/\/now-news.de\/de\/wp-content\/uploads\/sites\/3\/2023\/11\/Gaza-Diskussion-in-Berlin-Rosa-Luxemburg-Stiftung-laedt-Ex-Labour-Chef-Jeremy-Corbyn-aus.jpeg\",\"width\":460,\"height\":259,\"caption\":\"Gaza-Diskussion in Berlin: Rosa-Luxemburg-Stiftung l\u00e4dt Ex-Labour-Chef Jeremy Corbyn aus\"},{\"@type\":\"BreadcrumbList\",\"@id\":\"https:\/\/now-news.de\/de\/deutschland\/gaza-diskussion-in-berlin-rosa-luxemburg-stiftung-laedt-ex-labour-chef-jeremy-corbyn-aus\/#breadcrumb\",\"itemListElement\":[{\"@type\":\"ListItem\",\"position\":1,\"name\":\"Home\",\"item\":\"https:\/\/now-news.de\/de\/\"},{\"@type\":\"ListItem\",\"position\":2,\"name\":\"Gaza-Diskussion in Berlin: Rosa-Luxemburg-Stiftung l\u00e4dt Ex-Labour-Chef Jeremy Corbyn aus\"}]},{\"@type\":\"WebSite\",\"@id\":\"https:\/\/now-news.de\/de\/#website\",\"url\":\"https:\/\/now-news.de\/de\/\",\"name\":\"just-now.NEWS Deutschland\",\"description\":\"Das Portal f\u00fcr unzensierte Nachrichten aus der Welt\",\"publisher\":{\"@id\":\"https:\/\/now-news.de\/de\/#organization\"},\"potentialAction\":[{\"@type\":\"SearchAction\",\"target\":{\"@type\":\"EntryPoint\",\"urlTemplate\":\"https:\/\/now-news.de\/de\/?s={search_term_string}\"},\"query-input\":\"required name=search_term_string\"}],\"inLanguage\":\"de\"},{\"@type\":\"Organization\",\"@id\":\"https:\/\/now-news.de\/de\/#organization\",\"name\":\"Just Now News\",\"url\":\"https:\/\/now-news.de\/de\/\",\"logo\":{\"@type\":\"ImageObject\",\"inLanguage\":\"de\",\"@id\":\"https:\/\/now-news.de\/de\/#\/schema\/logo\/image\/\",\"url\":\"http:\/\/just-now.news\/de\/wp-content\/uploads\/sites\/3\/2022\/04\/logo500x500.jpg\",\"contentUrl\":\"http:\/\/just-now.news\/de\/wp-content\/uploads\/sites\/3\/2022\/04\/logo500x500.jpg\",\"width\":500,\"height\":500,\"caption\":\"Just Now News\"},\"image\":{\"@id\":\"https:\/\/now-news.de\/de\/#\/schema\/logo\/image\/\"},\"sameAs\":[\"https:\/\/www.facebook.com\/wirmachenauf\",\"https:\/\/x.com\/WirMachenAuf_de\"]},{\"@type\":\"Person\",\"@id\":\"https:\/\/now-news.de\/de\/#\/schema\/person\/fb534a4e865501d8b3285208df34a9b5\",\"name\":\"rtnews\",\"image\":{\"@type\":\"ImageObject\",\"inLanguage\":\"de\",\"@id\":\"https:\/\/now-news.de\/de\/#\/schema\/person\/image\/\",\"url\":\"https:\/\/secure.gravatar.com\/avatar\/82aafea7d8127119dd649515f56e2117?s=96&d=mm&r=g\",\"contentUrl\":\"https:\/\/secure.gravatar.com\/avatar\/82aafea7d8127119dd649515f56e2117?s=96&d=mm&r=g\",\"caption\":\"rtnews\"},\"url\":\"https:\/\/now-news.de\/de\/author\/rnews\/\"}]}<\/script>\n<!-- \/ Yoast SEO Premium plugin. -->","yoast_head_json":{"title":"Gaza-Diskussion in Berlin: Rosa-Luxemburg-Stiftung l\u00e4dt Ex-Labour-Chef Jeremy Corbyn aus - just-now.NEWS Deutschland","robots":{"index":"index","follow":"follow","max-snippet":"max-snippet:-1","max-image-preview":"max-image-preview:large","max-video-preview":"max-video-preview:-1"},"canonical":"https:\/\/now-news.de\/de\/deutschland\/gaza-diskussion-in-berlin-rosa-luxemburg-stiftung-laedt-ex-labour-chef-jeremy-corbyn-aus\/","og_locale":"de_DE","og_type":"article","og_title":"Gaza-Diskussion in Berlin: Rosa-Luxemburg-Stiftung l\u00e4dt Ex-Labour-Chef Jeremy Corbyn aus","og_description":"Falsche Position zum Krieg in Nahost? Jeremy Corbyn von der britischen Labour Party darf nicht auf einer Konferenz der Rosa-Luxemburg-Stiftung referieren. Diese hat ihn, wohl auf Druck der Berliner Volksb\u00fchne, kurzfristig ausgeladen. Von Susan Bonath W\u00e4hrend Kriegstreiber zunehmend die westliche Politik bestimmen und die imperialistische Realit\u00e4t immer bedrohlicher wird, hat die Rosa-Luxemburg-Stiftung (RLS) linke Politiker [&hellip;]","og_url":"https:\/\/now-news.de\/de\/deutschland\/gaza-diskussion-in-berlin-rosa-luxemburg-stiftung-laedt-ex-labour-chef-jeremy-corbyn-aus\/","og_site_name":"just-now.NEWS Deutschland","article_publisher":"https:\/\/www.facebook.com\/wirmachenauf","article_published_time":"2023-11-08T19:46:04+00:00","og_image":[{"width":460,"height":259,"url":"https:\/\/now-news.de\/de\/wp-content\/uploads\/sites\/3\/2023\/11\/Gaza-Diskussion-in-Berlin-Rosa-Luxemburg-Stiftung-laedt-Ex-Labour-Chef-Jeremy-Corbyn-aus.jpeg","type":"image\/jpeg"}],"author":"rtnews","twitter_card":"summary_large_image","twitter_creator":"@WirMachenAuf_de","twitter_site":"@WirMachenAuf_de","twitter_misc":{"Verfasst von":"rtnews","Gesch\u00e4tzte Lesezeit":"6\u00a0Minuten"},"schema":{"@context":"https:\/\/schema.org","@graph":[{"@type":"Article","@id":"https:\/\/now-news.de\/de\/deutschland\/gaza-diskussion-in-berlin-rosa-luxemburg-stiftung-laedt-ex-labour-chef-jeremy-corbyn-aus\/#article","isPartOf":{"@id":"https:\/\/now-news.de\/de\/deutschland\/gaza-diskussion-in-berlin-rosa-luxemburg-stiftung-laedt-ex-labour-chef-jeremy-corbyn-aus\/"},"author":{"name":"rtnews","@id":"https:\/\/now-news.de\/de\/#\/schema\/person\/fb534a4e865501d8b3285208df34a9b5"},"headline":"Gaza-Diskussion in Berlin: Rosa-Luxemburg-Stiftung l\u00e4dt Ex-Labour-Chef Jeremy Corbyn aus","datePublished":"2023-11-08T19:46:04+00:00","dateModified":"2023-11-08T19:46:04+00:00","mainEntityOfPage":{"@id":"https:\/\/now-news.de\/de\/deutschland\/gaza-diskussion-in-berlin-rosa-luxemburg-stiftung-laedt-ex-labour-chef-jeremy-corbyn-aus\/"},"wordCount":1252,"commentCount":0,"publisher":{"@id":"https:\/\/now-news.de\/de\/#organization"},"image":{"@id":"https:\/\/now-news.de\/de\/deutschland\/gaza-diskussion-in-berlin-rosa-luxemburg-stiftung-laedt-ex-labour-chef-jeremy-corbyn-aus\/#primaryimage"},"thumbnailUrl":"https:\/\/now-news.de\/de\/wp-content\/uploads\/sites\/3\/2023\/11\/Gaza-Diskussion-in-Berlin-Rosa-Luxemburg-Stiftung-laedt-Ex-Labour-Chef-Jeremy-Corbyn-aus.jpeg","keywords":["aus","Berlin","Corbyn","ExLabourChef","GazaDiskussion","Jeremy","l\u00e4dt","RosaLuxemburgStiftung"],"articleSection":["Deutschland","Russland"],"inLanguage":"de","potentialAction":[{"@type":"CommentAction","name":"Comment","target":["https:\/\/now-news.de\/de\/deutschland\/gaza-diskussion-in-berlin-rosa-luxemburg-stiftung-laedt-ex-labour-chef-jeremy-corbyn-aus\/#respond"]}]},{"@type":"WebPage","@id":"https:\/\/now-news.de\/de\/deutschland\/gaza-diskussion-in-berlin-rosa-luxemburg-stiftung-laedt-ex-labour-chef-jeremy-corbyn-aus\/","url":"https:\/\/now-news.de\/de\/deutschland\/gaza-diskussion-in-berlin-rosa-luxemburg-stiftung-laedt-ex-labour-chef-jeremy-corbyn-aus\/","name":"Gaza-Diskussion in Berlin: Rosa-Luxemburg-Stiftung l\u00e4dt Ex-Labour-Chef Jeremy Corbyn aus - just-now.NEWS Deutschland","isPartOf":{"@id":"https:\/\/now-news.de\/de\/#website"},"primaryImageOfPage":{"@id":"https:\/\/now-news.de\/de\/deutschland\/gaza-diskussion-in-berlin-rosa-luxemburg-stiftung-laedt-ex-labour-chef-jeremy-corbyn-aus\/#primaryimage"},"image":{"@id":"https:\/\/now-news.de\/de\/deutschland\/gaza-diskussion-in-berlin-rosa-luxemburg-stiftung-laedt-ex-labour-chef-jeremy-corbyn-aus\/#primaryimage"},"thumbnailUrl":"https:\/\/now-news.de\/de\/wp-content\/uploads\/sites\/3\/2023\/11\/Gaza-Diskussion-in-Berlin-Rosa-Luxemburg-Stiftung-laedt-Ex-Labour-Chef-Jeremy-Corbyn-aus.jpeg","datePublished":"2023-11-08T19:46:04+00:00","dateModified":"2023-11-08T19:46:04+00:00","breadcrumb":{"@id":"https:\/\/now-news.de\/de\/deutschland\/gaza-diskussion-in-berlin-rosa-luxemburg-stiftung-laedt-ex-labour-chef-jeremy-corbyn-aus\/#breadcrumb"},"inLanguage":"de","potentialAction":[{"@type":"ReadAction","target":["https:\/\/now-news.de\/de\/deutschland\/gaza-diskussion-in-berlin-rosa-luxemburg-stiftung-laedt-ex-labour-chef-jeremy-corbyn-aus\/"]}]},{"@type":"ImageObject","inLanguage":"de","@id":"https:\/\/now-news.de\/de\/deutschland\/gaza-diskussion-in-berlin-rosa-luxemburg-stiftung-laedt-ex-labour-chef-jeremy-corbyn-aus\/#primaryimage","url":"https:\/\/now-news.de\/de\/wp-content\/uploads\/sites\/3\/2023\/11\/Gaza-Diskussion-in-Berlin-Rosa-Luxemburg-Stiftung-laedt-Ex-Labour-Chef-Jeremy-Corbyn-aus.jpeg","contentUrl":"https:\/\/now-news.de\/de\/wp-content\/uploads\/sites\/3\/2023\/11\/Gaza-Diskussion-in-Berlin-Rosa-Luxemburg-Stiftung-laedt-Ex-Labour-Chef-Jeremy-Corbyn-aus.jpeg","width":460,"height":259,"caption":"Gaza-Diskussion in Berlin: Rosa-Luxemburg-Stiftung l\u00e4dt Ex-Labour-Chef Jeremy Corbyn aus"},{"@type":"BreadcrumbList","@id":"https:\/\/now-news.de\/de\/deutschland\/gaza-diskussion-in-berlin-rosa-luxemburg-stiftung-laedt-ex-labour-chef-jeremy-corbyn-aus\/#breadcrumb","itemListElement":[{"@type":"ListItem","position":1,"name":"Home","item":"https:\/\/now-news.de\/de\/"},{"@type":"ListItem","position":2,"name":"Gaza-Diskussion in Berlin: Rosa-Luxemburg-Stiftung l\u00e4dt Ex-Labour-Chef Jeremy Corbyn aus"}]},{"@type":"WebSite","@id":"https:\/\/now-news.de\/de\/#website","url":"https:\/\/now-news.de\/de\/","name":"just-now.NEWS Deutschland","description":"Das Portal f\u00fcr unzensierte Nachrichten aus der Welt","publisher":{"@id":"https:\/\/now-news.de\/de\/#organization"},"potentialAction":[{"@type":"SearchAction","target":{"@type":"EntryPoint","urlTemplate":"https:\/\/now-news.de\/de\/?s={search_term_string}"},"query-input":"required name=search_term_string"}],"inLanguage":"de"},{"@type":"Organization","@id":"https:\/\/now-news.de\/de\/#organization","name":"Just Now News","url":"https:\/\/now-news.de\/de\/","logo":{"@type":"ImageObject","inLanguage":"de","@id":"https:\/\/now-news.de\/de\/#\/schema\/logo\/image\/","url":"http:\/\/just-now.news\/de\/wp-content\/uploads\/sites\/3\/2022\/04\/logo500x500.jpg","contentUrl":"http:\/\/just-now.news\/de\/wp-content\/uploads\/sites\/3\/2022\/04\/logo500x500.jpg","width":500,"height":500,"caption":"Just Now News"},"image":{"@id":"https:\/\/now-news.de\/de\/#\/schema\/logo\/image\/"},"sameAs":["https:\/\/www.facebook.com\/wirmachenauf","https:\/\/x.com\/WirMachenAuf_de"]},{"@type":"Person","@id":"https:\/\/now-news.de\/de\/#\/schema\/person\/fb534a4e865501d8b3285208df34a9b5","name":"rtnews","image":{"@type":"ImageObject","inLanguage":"de","@id":"https:\/\/now-news.de\/de\/#\/schema\/person\/image\/","url":"https:\/\/secure.gravatar.com\/avatar\/82aafea7d8127119dd649515f56e2117?s=96&d=mm&r=g","contentUrl":"https:\/\/secure.gravatar.com\/avatar\/82aafea7d8127119dd649515f56e2117?s=96&d=mm&r=g","caption":"rtnews"},"url":"https:\/\/now-news.de\/de\/author\/rnews\/"}]}},"_links":{"self":[{"href":"https:\/\/now-news.de\/de\/wp-json\/wp\/v2\/posts\/49445"}],"collection":[{"href":"https:\/\/now-news.de\/de\/wp-json\/wp\/v2\/posts"}],"about":[{"href":"https:\/\/now-news.de\/de\/wp-json\/wp\/v2\/types\/post"}],"author":[{"embeddable":true,"href":"https:\/\/now-news.de\/de\/wp-json\/wp\/v2\/users\/3"}],"replies":[{"embeddable":true,"href":"https:\/\/now-news.de\/de\/wp-json\/wp\/v2\/comments?post=49445"}],"version-history":[{"count":0,"href":"https:\/\/now-news.de\/de\/wp-json\/wp\/v2\/posts\/49445\/revisions"}],"wp:featuredmedia":[{"embeddable":true,"href":"https:\/\/now-news.de\/de\/wp-json\/wp\/v2\/media\/49446"}],"wp:attachment":[{"href":"https:\/\/now-news.de\/de\/wp-json\/wp\/v2\/media?parent=49445"}],"wp:term":[{"taxonomy":"category","embeddable":true,"href":"https:\/\/now-news.de\/de\/wp-json\/wp\/v2\/categories?post=49445"},{"taxonomy":"post_tag","embeddable":true,"href":"https:\/\/now-news.de\/de\/wp-json\/wp\/v2\/tags?post=49445"}],"curies":[{"name":"wp","href":"https:\/\/api.w.org\/{rel}","templated":true}]}}