{"id":49397,"date":"2023-11-07T22:02:43","date_gmt":"2023-11-07T20:02:43","guid":{"rendered":"https:\/\/just-now.news\/de\/deutschland\/aus-und-vorbei-dietmar-bartsch-will-linksfraktion-kommende-woche-aufloesen\/"},"modified":"2023-11-07T22:02:43","modified_gmt":"2023-11-07T20:02:43","slug":"aus-und-vorbei-dietmar-bartsch-will-linksfraktion-kommende-woche-aufloesen","status":"publish","type":"post","link":"https:\/\/now-news.de\/de\/deutschland\/aus-und-vorbei-dietmar-bartsch-will-linksfraktion-kommende-woche-aufloesen\/","title":{"rendered":"Aus und vorbei: Dietmar Bartsch will Linksfraktion kommende Woche aufl\u00f6sen"},"content":{"rendered":"<p><img decoding=\"async\" src=\"http:\/\/just-now.news\/de\/wp-content\/uploads\/sites\/3\/2023\/11\/654a9181b480cc53d274548b.jpg\" \/><\/p>\n<div class=\"Text-root Text-type_1 \">\n                Nach dem Bruch mit Sahra Wagenknecht wird Die Linke nur noch als sogenannte Gruppe im Parlament sitzen. &#8220;Wir haben entschieden, dass wir in der n\u00e4chsten Woche die Liquidation einleiten werden&#8221;, erkl\u00e4rte Noch-Fraktionschef Dietmar Bartsch am Dienstag.\n            <\/div>\n<p><\/p>\n<div class=\"Text-root Text-type_5 ArticleView-text ViewText-root \">\n<p>Die Linksfraktion im\u00a0Bundestag\u00a0will n\u00e4chste Woche ihre Aufl\u00f6sung beschlie\u00dfen und dann auch ein Datum daf\u00fcr festlegen. Dies teilte Fraktionschef Dietmar Bartsch nach einer Fraktionssitzung in Berlin mit, wie die <em>S\u00fcddeutsche Zeitung<\/em>\u00a0<a rel=\"nofollow noopener\" target=\"_blank\" href=\"https:\/\/www.sueddeutsche.de\/politik\/linksfraktion-bundestag-fraktion-aufloesung-1.6299965\">berichtet<\/a>.\u00a0Als Ursache steht\u00a0der Bruch mit Sahra Wagenknecht und neun weiteren Abgeordneten fest. Bartsch sagte:<\/p>\n<blockquote>\n<p><em> &#8220;Wir haben entschieden, dass wir in der n\u00e4chsten Woche die Liquidation einleiten werden.&#8221;<\/em><\/p>\n<\/blockquote>\n<p>Dann werde auch festgelegt, &#8220;zu welchem Datum diese Liquidation beginnt&#8221;. Diesen Zeitpunkt k\u00f6nne er jetzt noch nicht nennen: &#8220;Am n\u00e4chsten Dienstag kann ich Ihnen sagen, zu welchem Datum das\u00a0passiert.&#8221;<\/p>\n<div class=\"EmbedBlock-root EmbedBlock-twitter\">\n<div class=\"TwitterEmbed\">\n<blockquote class=\"twitter-tweet lazyload\" data-twitter=\"twitter-tweet\">\n<p lang=\"de\" dir=\"ltr\">Die <a rel=\"nofollow noopener\" target=\"_blank\" href=\"https:\/\/twitter.com\/Linksfraktion?ref_src=twsrc%5Etfw\">@Linksfraktion<\/a> beschlie\u00dft, n\u00e4chste Woche zu beschlie\u00dfen, wann die Fraktion aufgel\u00f6st wird. \u00dcber den Antrag von <a rel=\"nofollow noopener\" target=\"_blank\" href=\"https:\/\/twitter.com\/hashtag\/Wagenknecht?src=hash&amp;ref_src=twsrc%5Etfw\">#Wagenknecht<\/a> &amp; Co soll nicht mehr abgestimmt werden. <a rel=\"nofollow noopener\" target=\"_blank\" href=\"https:\/\/twitter.com\/ZDFheute?ref_src=twsrc%5Etfw\">@ZDFheute<\/a><a rel=\"nofollow noopener\" target=\"_blank\" href=\"https:\/\/t.co\/f6k5Ld9yYY\">pic.twitter.com\/f6k5Ld9yYY<\/a><\/p>\n<p>\u2014 Andrea Maurer (@an_maurer) <a rel=\"nofollow noopener\" target=\"_blank\" href=\"https:\/\/twitter.com\/an_maurer\/status\/1721931548507672752?ref_src=twsrc%5Etfw\">November 7, 2023<\/a><\/p><\/blockquote>\n<\/div>\n<\/div>\n<p>Als Gruppe h\u00e4tte die Linke deutlich weniger parlamentarische Rechte und bek\u00e4me weniger staatliche Unterst\u00fctzung. Mehr als 100 Mitarbeiter m\u00fcssen sich einen neuen Job suchen. Dennoch rechnen sich sowohl die Rest-Linke um Spitzendkandidatin Carola Rackete als auch die &#8220;Wagenknecht-Partei&#8221;, die erstmals im Jahr 2024 bei Wahlen antreten will, gute Chancen bei den kommenden EU-Wahlen aus.<\/p>\n<p><strong>Mehr zum Thema<\/strong> \u2013 <a rel=\"nofollow noopener\" target=\"_blank\" href=\"https:\/\/freedert.online\/inland\/186285-fraktion-ist-letztlich-tot-linke\/\">&#8220;Die Fraktion ist letztlich tot&#8221; \u2013 Linksfraktion im Bundestag debattiert \u00fcber Aufl\u00f6sung<\/a><\/p>\n<\/div>\n<p><script async src=\"https:\/\/platform.twitter.com\/widgets.js\" charset=\"utf-8\"><\/script><br \/>\n<br \/><br \/>\n<br \/><a href=\"https:\/\/de.rt.com\/inland\/186308-aus-und-vorbei-dietmar-bartsch\/\">Source link <\/a><\/p>\n","protected":false},"excerpt":{"rendered":"<p>Nach dem Bruch mit Sahra Wagenknecht wird Die Linke nur noch als sogenannte Gruppe im Parlament sitzen. &#8220;Wir haben entschieden, dass wir in der n\u00e4chsten Woche die Liquidation einleiten werden&#8221;, erkl\u00e4rte Noch-Fraktionschef Dietmar Bartsch am Dienstag. Die Linksfraktion im\u00a0Bundestag\u00a0will n\u00e4chste Woche ihre Aufl\u00f6sung beschlie\u00dfen und dann auch ein Datum daf\u00fcr festlegen. Dies teilte Fraktionschef Dietmar [&hellip;]<\/p>\n","protected":false},"author":3,"featured_media":49398,"comment_status":"open","ping_status":"open","sticky":false,"template":"","format":"standard","meta":{"_yoast_indexnow_last_ping":["1699389313"],"wp_automatic_camp":["217"],"11132260f5ee62d4cbe5d6e6e88e6d54":["Aus und vorbei: Dietmar Bartsch will Linksfraktion kommende Woche aufl\u00f6sen"],"original_link":["https:\/\/de.rt.com\/inland\/186308-aus-und-vorbei-dietmar-bartsch\/"],"_thumbnail_id":["49398"],"jnews_social_counter_last_update":["1777567531"],"_wptgpro_p2tg_sent2tg":["a:1:{i:23737;s:19:\"2023-11-07 22:36:19\";}"]},"categories":[19,23],"tags":[46013,679,32901,32900,11022,21666,140,13481,3841],"yoast_head":"<!-- This site is optimized with the Yoast SEO Premium plugin v22.7 (Yoast SEO v22.7) - https:\/\/yoast.com\/wordpress\/plugins\/seo\/ -->\n<title>Aus und vorbei: Dietmar Bartsch will Linksfraktion kommende Woche aufl\u00f6sen - just-now.NEWS Deutschland<\/title>\n<meta name=\"robots\" content=\"index, follow, max-snippet:-1, max-image-preview:large, max-video-preview:-1\" \/>\n<link rel=\"canonical\" href=\"https:\/\/now-news.de\/de\/deutschland\/aus-und-vorbei-dietmar-bartsch-will-linksfraktion-kommende-woche-aufloesen\/\" \/>\n<meta property=\"og:locale\" content=\"de_DE\" \/>\n<meta property=\"og:type\" content=\"article\" \/>\n<meta property=\"og:title\" content=\"Aus und vorbei: Dietmar Bartsch will Linksfraktion kommende Woche aufl\u00f6sen\" \/>\n<meta property=\"og:description\" content=\"Nach dem Bruch mit Sahra Wagenknecht wird Die Linke nur noch als sogenannte Gruppe im Parlament sitzen. &#8220;Wir haben entschieden, dass wir in der n\u00e4chsten Woche die Liquidation einleiten werden&#8221;, erkl\u00e4rte Noch-Fraktionschef Dietmar Bartsch am Dienstag. Die Linksfraktion im\u00a0Bundestag\u00a0will n\u00e4chste Woche ihre Aufl\u00f6sung beschlie\u00dfen und dann auch ein Datum daf\u00fcr festlegen. Dies teilte Fraktionschef Dietmar [&hellip;]\" \/>\n<meta property=\"og:url\" content=\"https:\/\/now-news.de\/de\/deutschland\/aus-und-vorbei-dietmar-bartsch-will-linksfraktion-kommende-woche-aufloesen\/\" \/>\n<meta property=\"og:site_name\" content=\"just-now.NEWS Deutschland\" \/>\n<meta property=\"article:publisher\" content=\"https:\/\/www.facebook.com\/wirmachenauf\" \/>\n<meta property=\"article:published_time\" content=\"2023-11-07T20:02:43+00:00\" \/>\n<meta property=\"og:image\" content=\"https:\/\/now-news.de\/de\/wp-content\/uploads\/sites\/3\/2023\/11\/Aus-und-vorbei-Dietmar-Bartsch-will-Linksfraktion-kommende-Woche-aufloesen.jpg\" \/>\n\t<meta property=\"og:image:width\" content=\"460\" \/>\n\t<meta property=\"og:image:height\" content=\"259\" \/>\n\t<meta property=\"og:image:type\" content=\"image\/jpeg\" \/>\n<meta name=\"author\" content=\"rtnews\" \/>\n<meta name=\"twitter:card\" content=\"summary_large_image\" \/>\n<meta name=\"twitter:creator\" content=\"@WirMachenAuf_de\" \/>\n<meta name=\"twitter:site\" content=\"@WirMachenAuf_de\" \/>\n<meta name=\"twitter:label1\" content=\"Verfasst von\" \/>\n\t<meta name=\"twitter:data1\" content=\"rtnews\" \/>\n\t<meta name=\"twitter:label2\" content=\"Gesch\u00e4tzte Lesezeit\" \/>\n\t<meta name=\"twitter:data2\" content=\"1\u00a0Minute\" \/>\n<script type=\"application\/ld+json\" class=\"yoast-schema-graph\">{\"@context\":\"https:\/\/schema.org\",\"@graph\":[{\"@type\":\"Article\",\"@id\":\"https:\/\/now-news.de\/de\/deutschland\/aus-und-vorbei-dietmar-bartsch-will-linksfraktion-kommende-woche-aufloesen\/#article\",\"isPartOf\":{\"@id\":\"https:\/\/now-news.de\/de\/deutschland\/aus-und-vorbei-dietmar-bartsch-will-linksfraktion-kommende-woche-aufloesen\/\"},\"author\":{\"name\":\"rtnews\",\"@id\":\"https:\/\/now-news.de\/de\/#\/schema\/person\/fb534a4e865501d8b3285208df34a9b5\"},\"headline\":\"Aus und vorbei: Dietmar Bartsch will Linksfraktion kommende Woche aufl\u00f6sen\",\"datePublished\":\"2023-11-07T20:02:43+00:00\",\"dateModified\":\"2023-11-07T20:02:43+00:00\",\"mainEntityOfPage\":{\"@id\":\"https:\/\/now-news.de\/de\/deutschland\/aus-und-vorbei-dietmar-bartsch-will-linksfraktion-kommende-woche-aufloesen\/\"},\"wordCount\":263,\"commentCount\":0,\"publisher\":{\"@id\":\"https:\/\/now-news.de\/de\/#organization\"},\"image\":{\"@id\":\"https:\/\/now-news.de\/de\/deutschland\/aus-und-vorbei-dietmar-bartsch-will-linksfraktion-kommende-woche-aufloesen\/#primaryimage\"},\"thumbnailUrl\":\"https:\/\/now-news.de\/de\/wp-content\/uploads\/sites\/3\/2023\/11\/Aus-und-vorbei-Dietmar-Bartsch-will-Linksfraktion-kommende-Woche-aufloesen.jpg\",\"keywords\":[\"aufl\u00f6sen\",\"aus\",\"Bartsch\",\"Dietmar\",\"kommende\",\"Linksfraktion\",\"und\",\"vorbei\",\"Woche\"],\"articleSection\":[\"Deutschland\",\"Russland\"],\"inLanguage\":\"de\",\"potentialAction\":[{\"@type\":\"CommentAction\",\"name\":\"Comment\",\"target\":[\"https:\/\/now-news.de\/de\/deutschland\/aus-und-vorbei-dietmar-bartsch-will-linksfraktion-kommende-woche-aufloesen\/#respond\"]}]},{\"@type\":\"WebPage\",\"@id\":\"https:\/\/now-news.de\/de\/deutschland\/aus-und-vorbei-dietmar-bartsch-will-linksfraktion-kommende-woche-aufloesen\/\",\"url\":\"https:\/\/now-news.de\/de\/deutschland\/aus-und-vorbei-dietmar-bartsch-will-linksfraktion-kommende-woche-aufloesen\/\",\"name\":\"Aus und vorbei: Dietmar Bartsch will Linksfraktion kommende Woche aufl\u00f6sen - just-now.NEWS Deutschland\",\"isPartOf\":{\"@id\":\"https:\/\/now-news.de\/de\/#website\"},\"primaryImageOfPage\":{\"@id\":\"https:\/\/now-news.de\/de\/deutschland\/aus-und-vorbei-dietmar-bartsch-will-linksfraktion-kommende-woche-aufloesen\/#primaryimage\"},\"image\":{\"@id\":\"https:\/\/now-news.de\/de\/deutschland\/aus-und-vorbei-dietmar-bartsch-will-linksfraktion-kommende-woche-aufloesen\/#primaryimage\"},\"thumbnailUrl\":\"https:\/\/now-news.de\/de\/wp-content\/uploads\/sites\/3\/2023\/11\/Aus-und-vorbei-Dietmar-Bartsch-will-Linksfraktion-kommende-Woche-aufloesen.jpg\",\"datePublished\":\"2023-11-07T20:02:43+00:00\",\"dateModified\":\"2023-11-07T20:02:43+00:00\",\"breadcrumb\":{\"@id\":\"https:\/\/now-news.de\/de\/deutschland\/aus-und-vorbei-dietmar-bartsch-will-linksfraktion-kommende-woche-aufloesen\/#breadcrumb\"},\"inLanguage\":\"de\",\"potentialAction\":[{\"@type\":\"ReadAction\",\"target\":[\"https:\/\/now-news.de\/de\/deutschland\/aus-und-vorbei-dietmar-bartsch-will-linksfraktion-kommende-woche-aufloesen\/\"]}]},{\"@type\":\"ImageObject\",\"inLanguage\":\"de\",\"@id\":\"https:\/\/now-news.de\/de\/deutschland\/aus-und-vorbei-dietmar-bartsch-will-linksfraktion-kommende-woche-aufloesen\/#primaryimage\",\"url\":\"https:\/\/now-news.de\/de\/wp-content\/uploads\/sites\/3\/2023\/11\/Aus-und-vorbei-Dietmar-Bartsch-will-Linksfraktion-kommende-Woche-aufloesen.jpg\",\"contentUrl\":\"https:\/\/now-news.de\/de\/wp-content\/uploads\/sites\/3\/2023\/11\/Aus-und-vorbei-Dietmar-Bartsch-will-Linksfraktion-kommende-Woche-aufloesen.jpg\",\"width\":460,\"height\":259,\"caption\":\"Aus und vorbei: Dietmar Bartsch will Linksfraktion kommende Woche aufl\u00f6sen\"},{\"@type\":\"BreadcrumbList\",\"@id\":\"https:\/\/now-news.de\/de\/deutschland\/aus-und-vorbei-dietmar-bartsch-will-linksfraktion-kommende-woche-aufloesen\/#breadcrumb\",\"itemListElement\":[{\"@type\":\"ListItem\",\"position\":1,\"name\":\"Home\",\"item\":\"https:\/\/now-news.de\/de\/\"},{\"@type\":\"ListItem\",\"position\":2,\"name\":\"Aus und vorbei: Dietmar Bartsch will Linksfraktion kommende Woche aufl\u00f6sen\"}]},{\"@type\":\"WebSite\",\"@id\":\"https:\/\/now-news.de\/de\/#website\",\"url\":\"https:\/\/now-news.de\/de\/\",\"name\":\"just-now.NEWS Deutschland\",\"description\":\"Das Portal f\u00fcr unzensierte Nachrichten aus der Welt\",\"publisher\":{\"@id\":\"https:\/\/now-news.de\/de\/#organization\"},\"potentialAction\":[{\"@type\":\"SearchAction\",\"target\":{\"@type\":\"EntryPoint\",\"urlTemplate\":\"https:\/\/now-news.de\/de\/?s={search_term_string}\"},\"query-input\":\"required name=search_term_string\"}],\"inLanguage\":\"de\"},{\"@type\":\"Organization\",\"@id\":\"https:\/\/now-news.de\/de\/#organization\",\"name\":\"Just Now News\",\"url\":\"https:\/\/now-news.de\/de\/\",\"logo\":{\"@type\":\"ImageObject\",\"inLanguage\":\"de\",\"@id\":\"https:\/\/now-news.de\/de\/#\/schema\/logo\/image\/\",\"url\":\"http:\/\/just-now.news\/de\/wp-content\/uploads\/sites\/3\/2022\/04\/logo500x500.jpg\",\"contentUrl\":\"http:\/\/just-now.news\/de\/wp-content\/uploads\/sites\/3\/2022\/04\/logo500x500.jpg\",\"width\":500,\"height\":500,\"caption\":\"Just Now News\"},\"image\":{\"@id\":\"https:\/\/now-news.de\/de\/#\/schema\/logo\/image\/\"},\"sameAs\":[\"https:\/\/www.facebook.com\/wirmachenauf\",\"https:\/\/x.com\/WirMachenAuf_de\"]},{\"@type\":\"Person\",\"@id\":\"https:\/\/now-news.de\/de\/#\/schema\/person\/fb534a4e865501d8b3285208df34a9b5\",\"name\":\"rtnews\",\"image\":{\"@type\":\"ImageObject\",\"inLanguage\":\"de\",\"@id\":\"https:\/\/now-news.de\/de\/#\/schema\/person\/image\/\",\"url\":\"https:\/\/secure.gravatar.com\/avatar\/82aafea7d8127119dd649515f56e2117?s=96&d=mm&r=g\",\"contentUrl\":\"https:\/\/secure.gravatar.com\/avatar\/82aafea7d8127119dd649515f56e2117?s=96&d=mm&r=g\",\"caption\":\"rtnews\"},\"url\":\"https:\/\/now-news.de\/de\/author\/rnews\/\"}]}<\/script>\n<!-- \/ Yoast SEO Premium plugin. -->","yoast_head_json":{"title":"Aus und vorbei: Dietmar Bartsch will Linksfraktion kommende Woche aufl\u00f6sen - just-now.NEWS Deutschland","robots":{"index":"index","follow":"follow","max-snippet":"max-snippet:-1","max-image-preview":"max-image-preview:large","max-video-preview":"max-video-preview:-1"},"canonical":"https:\/\/now-news.de\/de\/deutschland\/aus-und-vorbei-dietmar-bartsch-will-linksfraktion-kommende-woche-aufloesen\/","og_locale":"de_DE","og_type":"article","og_title":"Aus und vorbei: Dietmar Bartsch will Linksfraktion kommende Woche aufl\u00f6sen","og_description":"Nach dem Bruch mit Sahra Wagenknecht wird Die Linke nur noch als sogenannte Gruppe im Parlament sitzen. &#8220;Wir haben entschieden, dass wir in der n\u00e4chsten Woche die Liquidation einleiten werden&#8221;, erkl\u00e4rte Noch-Fraktionschef Dietmar Bartsch am Dienstag. Die Linksfraktion im\u00a0Bundestag\u00a0will n\u00e4chste Woche ihre Aufl\u00f6sung beschlie\u00dfen und dann auch ein Datum daf\u00fcr festlegen. Dies teilte Fraktionschef Dietmar [&hellip;]","og_url":"https:\/\/now-news.de\/de\/deutschland\/aus-und-vorbei-dietmar-bartsch-will-linksfraktion-kommende-woche-aufloesen\/","og_site_name":"just-now.NEWS Deutschland","article_publisher":"https:\/\/www.facebook.com\/wirmachenauf","article_published_time":"2023-11-07T20:02:43+00:00","og_image":[{"width":460,"height":259,"url":"https:\/\/now-news.de\/de\/wp-content\/uploads\/sites\/3\/2023\/11\/Aus-und-vorbei-Dietmar-Bartsch-will-Linksfraktion-kommende-Woche-aufloesen.jpg","type":"image\/jpeg"}],"author":"rtnews","twitter_card":"summary_large_image","twitter_creator":"@WirMachenAuf_de","twitter_site":"@WirMachenAuf_de","twitter_misc":{"Verfasst von":"rtnews","Gesch\u00e4tzte Lesezeit":"1\u00a0Minute"},"schema":{"@context":"https:\/\/schema.org","@graph":[{"@type":"Article","@id":"https:\/\/now-news.de\/de\/deutschland\/aus-und-vorbei-dietmar-bartsch-will-linksfraktion-kommende-woche-aufloesen\/#article","isPartOf":{"@id":"https:\/\/now-news.de\/de\/deutschland\/aus-und-vorbei-dietmar-bartsch-will-linksfraktion-kommende-woche-aufloesen\/"},"author":{"name":"rtnews","@id":"https:\/\/now-news.de\/de\/#\/schema\/person\/fb534a4e865501d8b3285208df34a9b5"},"headline":"Aus und vorbei: Dietmar Bartsch will Linksfraktion kommende Woche aufl\u00f6sen","datePublished":"2023-11-07T20:02:43+00:00","dateModified":"2023-11-07T20:02:43+00:00","mainEntityOfPage":{"@id":"https:\/\/now-news.de\/de\/deutschland\/aus-und-vorbei-dietmar-bartsch-will-linksfraktion-kommende-woche-aufloesen\/"},"wordCount":263,"commentCount":0,"publisher":{"@id":"https:\/\/now-news.de\/de\/#organization"},"image":{"@id":"https:\/\/now-news.de\/de\/deutschland\/aus-und-vorbei-dietmar-bartsch-will-linksfraktion-kommende-woche-aufloesen\/#primaryimage"},"thumbnailUrl":"https:\/\/now-news.de\/de\/wp-content\/uploads\/sites\/3\/2023\/11\/Aus-und-vorbei-Dietmar-Bartsch-will-Linksfraktion-kommende-Woche-aufloesen.jpg","keywords":["aufl\u00f6sen","aus","Bartsch","Dietmar","kommende","Linksfraktion","und","vorbei","Woche"],"articleSection":["Deutschland","Russland"],"inLanguage":"de","potentialAction":[{"@type":"CommentAction","name":"Comment","target":["https:\/\/now-news.de\/de\/deutschland\/aus-und-vorbei-dietmar-bartsch-will-linksfraktion-kommende-woche-aufloesen\/#respond"]}]},{"@type":"WebPage","@id":"https:\/\/now-news.de\/de\/deutschland\/aus-und-vorbei-dietmar-bartsch-will-linksfraktion-kommende-woche-aufloesen\/","url":"https:\/\/now-news.de\/de\/deutschland\/aus-und-vorbei-dietmar-bartsch-will-linksfraktion-kommende-woche-aufloesen\/","name":"Aus und vorbei: Dietmar Bartsch will Linksfraktion kommende Woche aufl\u00f6sen - just-now.NEWS Deutschland","isPartOf":{"@id":"https:\/\/now-news.de\/de\/#website"},"primaryImageOfPage":{"@id":"https:\/\/now-news.de\/de\/deutschland\/aus-und-vorbei-dietmar-bartsch-will-linksfraktion-kommende-woche-aufloesen\/#primaryimage"},"image":{"@id":"https:\/\/now-news.de\/de\/deutschland\/aus-und-vorbei-dietmar-bartsch-will-linksfraktion-kommende-woche-aufloesen\/#primaryimage"},"thumbnailUrl":"https:\/\/now-news.de\/de\/wp-content\/uploads\/sites\/3\/2023\/11\/Aus-und-vorbei-Dietmar-Bartsch-will-Linksfraktion-kommende-Woche-aufloesen.jpg","datePublished":"2023-11-07T20:02:43+00:00","dateModified":"2023-11-07T20:02:43+00:00","breadcrumb":{"@id":"https:\/\/now-news.de\/de\/deutschland\/aus-und-vorbei-dietmar-bartsch-will-linksfraktion-kommende-woche-aufloesen\/#breadcrumb"},"inLanguage":"de","potentialAction":[{"@type":"ReadAction","target":["https:\/\/now-news.de\/de\/deutschland\/aus-und-vorbei-dietmar-bartsch-will-linksfraktion-kommende-woche-aufloesen\/"]}]},{"@type":"ImageObject","inLanguage":"de","@id":"https:\/\/now-news.de\/de\/deutschland\/aus-und-vorbei-dietmar-bartsch-will-linksfraktion-kommende-woche-aufloesen\/#primaryimage","url":"https:\/\/now-news.de\/de\/wp-content\/uploads\/sites\/3\/2023\/11\/Aus-und-vorbei-Dietmar-Bartsch-will-Linksfraktion-kommende-Woche-aufloesen.jpg","contentUrl":"https:\/\/now-news.de\/de\/wp-content\/uploads\/sites\/3\/2023\/11\/Aus-und-vorbei-Dietmar-Bartsch-will-Linksfraktion-kommende-Woche-aufloesen.jpg","width":460,"height":259,"caption":"Aus und vorbei: Dietmar Bartsch will Linksfraktion kommende Woche aufl\u00f6sen"},{"@type":"BreadcrumbList","@id":"https:\/\/now-news.de\/de\/deutschland\/aus-und-vorbei-dietmar-bartsch-will-linksfraktion-kommende-woche-aufloesen\/#breadcrumb","itemListElement":[{"@type":"ListItem","position":1,"name":"Home","item":"https:\/\/now-news.de\/de\/"},{"@type":"ListItem","position":2,"name":"Aus und vorbei: Dietmar Bartsch will Linksfraktion kommende Woche aufl\u00f6sen"}]},{"@type":"WebSite","@id":"https:\/\/now-news.de\/de\/#website","url":"https:\/\/now-news.de\/de\/","name":"just-now.NEWS Deutschland","description":"Das Portal f\u00fcr unzensierte Nachrichten aus der Welt","publisher":{"@id":"https:\/\/now-news.de\/de\/#organization"},"potentialAction":[{"@type":"SearchAction","target":{"@type":"EntryPoint","urlTemplate":"https:\/\/now-news.de\/de\/?s={search_term_string}"},"query-input":"required name=search_term_string"}],"inLanguage":"de"},{"@type":"Organization","@id":"https:\/\/now-news.de\/de\/#organization","name":"Just Now News","url":"https:\/\/now-news.de\/de\/","logo":{"@type":"ImageObject","inLanguage":"de","@id":"https:\/\/now-news.de\/de\/#\/schema\/logo\/image\/","url":"http:\/\/just-now.news\/de\/wp-content\/uploads\/sites\/3\/2022\/04\/logo500x500.jpg","contentUrl":"http:\/\/just-now.news\/de\/wp-content\/uploads\/sites\/3\/2022\/04\/logo500x500.jpg","width":500,"height":500,"caption":"Just Now News"},"image":{"@id":"https:\/\/now-news.de\/de\/#\/schema\/logo\/image\/"},"sameAs":["https:\/\/www.facebook.com\/wirmachenauf","https:\/\/x.com\/WirMachenAuf_de"]},{"@type":"Person","@id":"https:\/\/now-news.de\/de\/#\/schema\/person\/fb534a4e865501d8b3285208df34a9b5","name":"rtnews","image":{"@type":"ImageObject","inLanguage":"de","@id":"https:\/\/now-news.de\/de\/#\/schema\/person\/image\/","url":"https:\/\/secure.gravatar.com\/avatar\/82aafea7d8127119dd649515f56e2117?s=96&d=mm&r=g","contentUrl":"https:\/\/secure.gravatar.com\/avatar\/82aafea7d8127119dd649515f56e2117?s=96&d=mm&r=g","caption":"rtnews"},"url":"https:\/\/now-news.de\/de\/author\/rnews\/"}]}},"_links":{"self":[{"href":"https:\/\/now-news.de\/de\/wp-json\/wp\/v2\/posts\/49397"}],"collection":[{"href":"https:\/\/now-news.de\/de\/wp-json\/wp\/v2\/posts"}],"about":[{"href":"https:\/\/now-news.de\/de\/wp-json\/wp\/v2\/types\/post"}],"author":[{"embeddable":true,"href":"https:\/\/now-news.de\/de\/wp-json\/wp\/v2\/users\/3"}],"replies":[{"embeddable":true,"href":"https:\/\/now-news.de\/de\/wp-json\/wp\/v2\/comments?post=49397"}],"version-history":[{"count":0,"href":"https:\/\/now-news.de\/de\/wp-json\/wp\/v2\/posts\/49397\/revisions"}],"wp:featuredmedia":[{"embeddable":true,"href":"https:\/\/now-news.de\/de\/wp-json\/wp\/v2\/media\/49398"}],"wp:attachment":[{"href":"https:\/\/now-news.de\/de\/wp-json\/wp\/v2\/media?parent=49397"}],"wp:term":[{"taxonomy":"category","embeddable":true,"href":"https:\/\/now-news.de\/de\/wp-json\/wp\/v2\/categories?post=49397"},{"taxonomy":"post_tag","embeddable":true,"href":"https:\/\/now-news.de\/de\/wp-json\/wp\/v2\/tags?post=49397"}],"curies":[{"name":"wp","href":"https:\/\/api.w.org\/{rel}","templated":true}]}}