{"id":49375,"date":"2023-11-07T17:52:11","date_gmt":"2023-11-07T15:52:11","guid":{"rendered":"https:\/\/just-now.news\/de\/deutschland\/die-fraktion-ist-letztlich-tot-linksfraktion-im-bundestag-debattiert-ueber-aufloesung\/"},"modified":"2023-11-07T17:52:11","modified_gmt":"2023-11-07T15:52:11","slug":"die-fraktion-ist-letztlich-tot-linksfraktion-im-bundestag-debattiert-ueber-aufloesung","status":"publish","type":"post","link":"https:\/\/now-news.de\/de\/deutschland\/die-fraktion-ist-letztlich-tot-linksfraktion-im-bundestag-debattiert-ueber-aufloesung\/","title":{"rendered":"&quot;Die Fraktion ist letztlich tot&quot; \u2013 Linksfraktion im Bundestag debattiert \u00fcber Aufl\u00f6sung"},"content":{"rendered":"<p><img decoding=\"async\" src=\"http:\/\/just-now.news\/de\/wp-content\/uploads\/sites\/3\/2023\/11\/654a545e48fbef77dc7771c9.jpg\" \/><\/p>\n<div class=\"Text-root Text-type_1 \">\n                Zehn Bundestagsabgeordnete haben die Partei Die Linke vor zwei Wochen verlassen. Die Bundestagsfraktion steht vor einem Dilemma: Will sie die Aufs\u00e4ssigen loswerden, verliert sie ihren Fraktionsstatus und muss massive finanzielle Einschnitte hinnehmen. Dennoch scheint das bald Realit\u00e4t zu werden.\n            <\/div>\n<p><\/p>\n<div class=\"Text-root Text-type_5 ArticleView-text ViewText-root \">\n<p>Die Fraktion der Partei Die Linke im Bundestag steht unmittelbar vor dem Aus. Nach dem Austritt von Sahra Wagenknecht und neun weiteren Abgeordneten aus der Linken beriet die Bundestagsfraktion am Montag \u00fcber ihre eigene Zukunft, wie die <em>Zeit<\/em>\u00a0<a rel=\"nofollow noopener\" target=\"_blank\" href=\"https:\/\/www.zeit.de\/politik\/deutschland\/2023-11\/linksfraktion-aufloesung-sahra-wagenknecht\">berichtete<\/a>. Sicher scheint, dass sich die Fraktion in den n\u00e4chsten Wochen aufl\u00f6st und die Linke ohne Wagenknecht und\u00a0Co. als &#8220;Gruppe&#8221; weitermacht.<\/p>\n<p>F\u00fcr die Linksfraktion mit ehemals 38 Mitgliedern ist der Riss durch die Partei ein Problem: Ohne Wagenknecht und ihre Mitstreiter reicht es nicht mehr f\u00fcr die Mindestgr\u00f6\u00dfe von 37 Mandatstr\u00e4gern. Als Gruppe h\u00e4tten die\u00a0Abgeordneten im Bundestag\u00a0weniger Rechte als in einer Fraktion. Zudem g\u00e4be es weniger staatliche Unterst\u00fctzung. Die meisten der mehr als 100 Mitarbeiter der Fraktion k\u00f6nnten dann nicht \u00fcbernommen werden. Um kurzfristige Entlassungen zu vermeiden, haben Wagenknecht und deren Unterst\u00fctzer beantragt, vorerst in der Fraktion zu bleiben.<\/p>\n<p>Das wird allerdings nur ein kurzer Zeitraum sein, denn die Lager sind nicht mehr unter einem Hut zu bekommen. Parteichefin Janine Wissler am Montag:<\/p>\n<blockquote>\n<p><em>&#8220;F\u00fcr mich ist vollkommen klar, dass dies nat\u00fcrlich kein haltbarer Zustand ist. [&#8230;] Wir m\u00fcssen den \u00dcbergang jetzt so schnell wie m\u00f6glich hinkriegen.&#8221; <\/em><\/p>\n<\/blockquote>\n<p>Ihre Fraktionskollegin Susanne Ferschl dr\u00fcckt es noch drastischer aus: &#8220;Die Fraktion ist letztlich tot.&#8221;<\/p>\n<p>Wenn die Mehrheit der Fraktion die Antr\u00e4ge von Wagenknecht und ihren Unterst\u00fctzern auf Verbleib ablehnt, w\u00e4re das dann Realit\u00e4t. Damit wird f\u00fcr Mitte November gerechnet, noch bevor der linke &#8220;Europaparteitag&#8221; in Augsburg am 17. November beginnt. Sowohl die Rest-Linke um Spitzendkandidatin Carola Rackete sowie die &#8220;Wagenknecht-Partei&#8221;, die erstmals im Jahr 2024 bei Wahlen antreten will, rechnen sich gute Chancen f\u00fcr Br\u00fcssel aus. In welche Richtung sich die alte Linke bewegt, ist auch klar: Am Sonntag machte Wissler einen Vorsto\u00df f\u00fcr 200 Euro monatliches &#8220;Klimageld&#8221; f\u00fcr sozial Schwache \u2013 auf Kosten der Steuerzahler. Auch zum Thema Migration gibt man sich <a rel=\"nofollow noopener\" target=\"_blank\" href=\"https:\/\/www.berliner-zeitung.de\/news\/linke-feur-radikale-wirtschaftswende-200-euro-klimageld-im-monat-li.2155838\">unbeirrt<\/a>:<\/p>\n<blockquote>\n<p><em>\u00a0&#8220;Das ganze Gerede von Obergrenzen und Grenzkontrollen, das l\u00f6st kein einziges Problem. Was wir tats\u00e4chlich brauchen, ist eine bessere Finanzierung der Kommunen.&#8221;<\/em><\/p>\n<\/blockquote>\n<p><strong>Mehr zum Thema<\/strong> \u2013 <a rel=\"nofollow noopener\" target=\"_blank\" href=\"https:\/\/freedert.online\/meinung\/185783-bewegung-in-erstarrtes-land-bringen-dehm-und-maassen\/\">&#8220;Bewegung in das erstarrte Land bringen&#8221; \u2013 Diether Dehm interviewt Hans-Georg Maa\u00dfen<\/a><\/p>\n<\/div>\n<p><br \/>\n<br \/><a href=\"https:\/\/de.rt.com\/inland\/186285-fraktion-ist-letztlich-tot-linke\/\">Source link <\/a><\/p>\n","protected":false},"excerpt":{"rendered":"<p>Zehn Bundestagsabgeordnete haben die Partei Die Linke vor zwei Wochen verlassen. Die Bundestagsfraktion steht vor einem Dilemma: Will sie die Aufs\u00e4ssigen loswerden, verliert sie ihren Fraktionsstatus und muss massive finanzielle Einschnitte hinnehmen. Dennoch scheint das bald Realit\u00e4t zu werden. Die Fraktion der Partei Die Linke im Bundestag steht unmittelbar vor dem Aus. Nach dem Austritt [&hellip;]<\/p>\n","protected":false},"author":3,"featured_media":49376,"comment_status":"open","ping_status":"open","sticky":false,"template":"","format":"standard","meta":{"_yoast_indexnow_last_ping":["1699372790"],"wp_automatic_camp":["217"],"529ac44ec30ba48690ef3c8fea54b374":["&quot;Die Fraktion ist letztlich tot&quot; \u2013 Linksfraktion im Bundestag debattiert \u00fcber Aufl\u00f6sung"],"original_link":["https:\/\/de.rt.com\/inland\/186285-fraktion-ist-letztlich-tot-linke\/"],"_thumbnail_id":["49376"],"_wptgpro_p2tg_sent2tg":["a:1:{i:23737;s:19:\"2023-11-07 18:00:54\";}"],"jnews_social_counter_last_update":["1777574549"]},"categories":[19,23],"tags":[10100,2105,43367,33491,414,50450,21666,1933,44419,139],"yoast_head":"<!-- This site is optimized with the Yoast SEO Premium plugin v22.7 (Yoast SEO v22.7) - https:\/\/yoast.com\/wordpress\/plugins\/seo\/ -->\n<title>&quot;Die Fraktion ist letztlich tot&quot; \u2013 Linksfraktion im Bundestag debattiert \u00fcber Aufl\u00f6sung - just-now.NEWS Deutschland<\/title>\n<meta name=\"robots\" content=\"index, follow, max-snippet:-1, max-image-preview:large, max-video-preview:-1\" \/>\n<link rel=\"canonical\" href=\"https:\/\/now-news.de\/de\/deutschland\/die-fraktion-ist-letztlich-tot-linksfraktion-im-bundestag-debattiert-ueber-aufloesung\/\" \/>\n<meta property=\"og:locale\" content=\"de_DE\" \/>\n<meta property=\"og:type\" content=\"article\" \/>\n<meta property=\"og:title\" content=\"&quot;Die Fraktion ist letztlich tot&quot; \u2013 Linksfraktion im Bundestag debattiert \u00fcber Aufl\u00f6sung\" \/>\n<meta property=\"og:description\" content=\"Zehn Bundestagsabgeordnete haben die Partei Die Linke vor zwei Wochen verlassen. Die Bundestagsfraktion steht vor einem Dilemma: Will sie die Aufs\u00e4ssigen loswerden, verliert sie ihren Fraktionsstatus und muss massive finanzielle Einschnitte hinnehmen. Dennoch scheint das bald Realit\u00e4t zu werden. Die Fraktion der Partei Die Linke im Bundestag steht unmittelbar vor dem Aus. Nach dem Austritt [&hellip;]\" \/>\n<meta property=\"og:url\" content=\"https:\/\/now-news.de\/de\/deutschland\/die-fraktion-ist-letztlich-tot-linksfraktion-im-bundestag-debattiert-ueber-aufloesung\/\" \/>\n<meta property=\"og:site_name\" content=\"just-now.NEWS Deutschland\" \/>\n<meta property=\"article:publisher\" content=\"https:\/\/www.facebook.com\/wirmachenauf\" \/>\n<meta property=\"article:published_time\" content=\"2023-11-07T15:52:11+00:00\" \/>\n<meta property=\"og:image\" content=\"https:\/\/now-news.de\/de\/wp-content\/uploads\/sites\/3\/2023\/11\/quotDie-Fraktion-ist-letztlich-totquot-\u2013-Linksfraktion-im-Bundestag-debattiert.jpg\" \/>\n\t<meta property=\"og:image:width\" content=\"460\" \/>\n\t<meta property=\"og:image:height\" content=\"259\" \/>\n\t<meta property=\"og:image:type\" content=\"image\/jpeg\" \/>\n<meta name=\"author\" content=\"rtnews\" \/>\n<meta name=\"twitter:card\" content=\"summary_large_image\" \/>\n<meta name=\"twitter:creator\" content=\"@WirMachenAuf_de\" \/>\n<meta name=\"twitter:site\" content=\"@WirMachenAuf_de\" \/>\n<meta name=\"twitter:label1\" content=\"Verfasst von\" \/>\n\t<meta name=\"twitter:data1\" content=\"rtnews\" \/>\n\t<meta name=\"twitter:label2\" content=\"Gesch\u00e4tzte Lesezeit\" \/>\n\t<meta name=\"twitter:data2\" content=\"2\u00a0Minuten\" \/>\n<script type=\"application\/ld+json\" class=\"yoast-schema-graph\">{\"@context\":\"https:\/\/schema.org\",\"@graph\":[{\"@type\":\"Article\",\"@id\":\"https:\/\/now-news.de\/de\/deutschland\/die-fraktion-ist-letztlich-tot-linksfraktion-im-bundestag-debattiert-ueber-aufloesung\/#article\",\"isPartOf\":{\"@id\":\"https:\/\/now-news.de\/de\/deutschland\/die-fraktion-ist-letztlich-tot-linksfraktion-im-bundestag-debattiert-ueber-aufloesung\/\"},\"author\":{\"name\":\"rtnews\",\"@id\":\"https:\/\/now-news.de\/de\/#\/schema\/person\/fb534a4e865501d8b3285208df34a9b5\"},\"headline\":\"&quot;Die Fraktion ist letztlich tot&quot; \u2013 Linksfraktion im Bundestag debattiert \u00fcber Aufl\u00f6sung\",\"datePublished\":\"2023-11-07T15:52:11+00:00\",\"dateModified\":\"2023-11-07T15:52:11+00:00\",\"mainEntityOfPage\":{\"@id\":\"https:\/\/now-news.de\/de\/deutschland\/die-fraktion-ist-letztlich-tot-linksfraktion-im-bundestag-debattiert-ueber-aufloesung\/\"},\"wordCount\":415,\"commentCount\":0,\"publisher\":{\"@id\":\"https:\/\/now-news.de\/de\/#organization\"},\"image\":{\"@id\":\"https:\/\/now-news.de\/de\/deutschland\/die-fraktion-ist-letztlich-tot-linksfraktion-im-bundestag-debattiert-ueber-aufloesung\/#primaryimage\"},\"thumbnailUrl\":\"https:\/\/now-news.de\/de\/wp-content\/uploads\/sites\/3\/2023\/11\/quotDie-Fraktion-ist-letztlich-totquot-\u2013-Linksfraktion-im-Bundestag-debattiert.jpg\",\"keywords\":[\"Aufl\u00f6sung\",\"Bundestag\",\"debattiert\",\"Fraktion\",\"ist\",\"letztlich\",\"Linksfraktion\",\"quotDie\",\"totquot\",\"\u00fcber\"],\"articleSection\":[\"Deutschland\",\"Russland\"],\"inLanguage\":\"de\",\"potentialAction\":[{\"@type\":\"CommentAction\",\"name\":\"Comment\",\"target\":[\"https:\/\/now-news.de\/de\/deutschland\/die-fraktion-ist-letztlich-tot-linksfraktion-im-bundestag-debattiert-ueber-aufloesung\/#respond\"]}]},{\"@type\":\"WebPage\",\"@id\":\"https:\/\/now-news.de\/de\/deutschland\/die-fraktion-ist-letztlich-tot-linksfraktion-im-bundestag-debattiert-ueber-aufloesung\/\",\"url\":\"https:\/\/now-news.de\/de\/deutschland\/die-fraktion-ist-letztlich-tot-linksfraktion-im-bundestag-debattiert-ueber-aufloesung\/\",\"name\":\"&quot;Die Fraktion ist letztlich tot&quot; \u2013 Linksfraktion im Bundestag debattiert \u00fcber Aufl\u00f6sung - just-now.NEWS Deutschland\",\"isPartOf\":{\"@id\":\"https:\/\/now-news.de\/de\/#website\"},\"primaryImageOfPage\":{\"@id\":\"https:\/\/now-news.de\/de\/deutschland\/die-fraktion-ist-letztlich-tot-linksfraktion-im-bundestag-debattiert-ueber-aufloesung\/#primaryimage\"},\"image\":{\"@id\":\"https:\/\/now-news.de\/de\/deutschland\/die-fraktion-ist-letztlich-tot-linksfraktion-im-bundestag-debattiert-ueber-aufloesung\/#primaryimage\"},\"thumbnailUrl\":\"https:\/\/now-news.de\/de\/wp-content\/uploads\/sites\/3\/2023\/11\/quotDie-Fraktion-ist-letztlich-totquot-\u2013-Linksfraktion-im-Bundestag-debattiert.jpg\",\"datePublished\":\"2023-11-07T15:52:11+00:00\",\"dateModified\":\"2023-11-07T15:52:11+00:00\",\"breadcrumb\":{\"@id\":\"https:\/\/now-news.de\/de\/deutschland\/die-fraktion-ist-letztlich-tot-linksfraktion-im-bundestag-debattiert-ueber-aufloesung\/#breadcrumb\"},\"inLanguage\":\"de\",\"potentialAction\":[{\"@type\":\"ReadAction\",\"target\":[\"https:\/\/now-news.de\/de\/deutschland\/die-fraktion-ist-letztlich-tot-linksfraktion-im-bundestag-debattiert-ueber-aufloesung\/\"]}]},{\"@type\":\"ImageObject\",\"inLanguage\":\"de\",\"@id\":\"https:\/\/now-news.de\/de\/deutschland\/die-fraktion-ist-letztlich-tot-linksfraktion-im-bundestag-debattiert-ueber-aufloesung\/#primaryimage\",\"url\":\"https:\/\/now-news.de\/de\/wp-content\/uploads\/sites\/3\/2023\/11\/quotDie-Fraktion-ist-letztlich-totquot-\u2013-Linksfraktion-im-Bundestag-debattiert.jpg\",\"contentUrl\":\"https:\/\/now-news.de\/de\/wp-content\/uploads\/sites\/3\/2023\/11\/quotDie-Fraktion-ist-letztlich-totquot-\u2013-Linksfraktion-im-Bundestag-debattiert.jpg\",\"width\":460,\"height\":259,\"caption\":\"&quot;Die Fraktion ist letztlich tot&quot; \u2013 Linksfraktion im Bundestag debattiert \u00fcber Aufl\u00f6sung\"},{\"@type\":\"BreadcrumbList\",\"@id\":\"https:\/\/now-news.de\/de\/deutschland\/die-fraktion-ist-letztlich-tot-linksfraktion-im-bundestag-debattiert-ueber-aufloesung\/#breadcrumb\",\"itemListElement\":[{\"@type\":\"ListItem\",\"position\":1,\"name\":\"Home\",\"item\":\"https:\/\/now-news.de\/de\/\"},{\"@type\":\"ListItem\",\"position\":2,\"name\":\"&quot;Die Fraktion ist letztlich tot&quot; \u2013 Linksfraktion im Bundestag debattiert \u00fcber Aufl\u00f6sung\"}]},{\"@type\":\"WebSite\",\"@id\":\"https:\/\/now-news.de\/de\/#website\",\"url\":\"https:\/\/now-news.de\/de\/\",\"name\":\"just-now.NEWS Deutschland\",\"description\":\"Das Portal f\u00fcr unzensierte Nachrichten aus der Welt\",\"publisher\":{\"@id\":\"https:\/\/now-news.de\/de\/#organization\"},\"potentialAction\":[{\"@type\":\"SearchAction\",\"target\":{\"@type\":\"EntryPoint\",\"urlTemplate\":\"https:\/\/now-news.de\/de\/?s={search_term_string}\"},\"query-input\":\"required name=search_term_string\"}],\"inLanguage\":\"de\"},{\"@type\":\"Organization\",\"@id\":\"https:\/\/now-news.de\/de\/#organization\",\"name\":\"Just Now News\",\"url\":\"https:\/\/now-news.de\/de\/\",\"logo\":{\"@type\":\"ImageObject\",\"inLanguage\":\"de\",\"@id\":\"https:\/\/now-news.de\/de\/#\/schema\/logo\/image\/\",\"url\":\"http:\/\/just-now.news\/de\/wp-content\/uploads\/sites\/3\/2022\/04\/logo500x500.jpg\",\"contentUrl\":\"http:\/\/just-now.news\/de\/wp-content\/uploads\/sites\/3\/2022\/04\/logo500x500.jpg\",\"width\":500,\"height\":500,\"caption\":\"Just Now News\"},\"image\":{\"@id\":\"https:\/\/now-news.de\/de\/#\/schema\/logo\/image\/\"},\"sameAs\":[\"https:\/\/www.facebook.com\/wirmachenauf\",\"https:\/\/x.com\/WirMachenAuf_de\"]},{\"@type\":\"Person\",\"@id\":\"https:\/\/now-news.de\/de\/#\/schema\/person\/fb534a4e865501d8b3285208df34a9b5\",\"name\":\"rtnews\",\"image\":{\"@type\":\"ImageObject\",\"inLanguage\":\"de\",\"@id\":\"https:\/\/now-news.de\/de\/#\/schema\/person\/image\/\",\"url\":\"https:\/\/secure.gravatar.com\/avatar\/82aafea7d8127119dd649515f56e2117?s=96&d=mm&r=g\",\"contentUrl\":\"https:\/\/secure.gravatar.com\/avatar\/82aafea7d8127119dd649515f56e2117?s=96&d=mm&r=g\",\"caption\":\"rtnews\"},\"url\":\"https:\/\/now-news.de\/de\/author\/rnews\/\"}]}<\/script>\n<!-- \/ Yoast SEO Premium plugin. -->","yoast_head_json":{"title":"&quot;Die Fraktion ist letztlich tot&quot; \u2013 Linksfraktion im Bundestag debattiert \u00fcber Aufl\u00f6sung - just-now.NEWS Deutschland","robots":{"index":"index","follow":"follow","max-snippet":"max-snippet:-1","max-image-preview":"max-image-preview:large","max-video-preview":"max-video-preview:-1"},"canonical":"https:\/\/now-news.de\/de\/deutschland\/die-fraktion-ist-letztlich-tot-linksfraktion-im-bundestag-debattiert-ueber-aufloesung\/","og_locale":"de_DE","og_type":"article","og_title":"&quot;Die Fraktion ist letztlich tot&quot; \u2013 Linksfraktion im Bundestag debattiert \u00fcber Aufl\u00f6sung","og_description":"Zehn Bundestagsabgeordnete haben die Partei Die Linke vor zwei Wochen verlassen. Die Bundestagsfraktion steht vor einem Dilemma: Will sie die Aufs\u00e4ssigen loswerden, verliert sie ihren Fraktionsstatus und muss massive finanzielle Einschnitte hinnehmen. Dennoch scheint das bald Realit\u00e4t zu werden. Die Fraktion der Partei Die Linke im Bundestag steht unmittelbar vor dem Aus. Nach dem Austritt [&hellip;]","og_url":"https:\/\/now-news.de\/de\/deutschland\/die-fraktion-ist-letztlich-tot-linksfraktion-im-bundestag-debattiert-ueber-aufloesung\/","og_site_name":"just-now.NEWS Deutschland","article_publisher":"https:\/\/www.facebook.com\/wirmachenauf","article_published_time":"2023-11-07T15:52:11+00:00","og_image":[{"width":460,"height":259,"url":"https:\/\/now-news.de\/de\/wp-content\/uploads\/sites\/3\/2023\/11\/quotDie-Fraktion-ist-letztlich-totquot-\u2013-Linksfraktion-im-Bundestag-debattiert.jpg","type":"image\/jpeg"}],"author":"rtnews","twitter_card":"summary_large_image","twitter_creator":"@WirMachenAuf_de","twitter_site":"@WirMachenAuf_de","twitter_misc":{"Verfasst von":"rtnews","Gesch\u00e4tzte Lesezeit":"2\u00a0Minuten"},"schema":{"@context":"https:\/\/schema.org","@graph":[{"@type":"Article","@id":"https:\/\/now-news.de\/de\/deutschland\/die-fraktion-ist-letztlich-tot-linksfraktion-im-bundestag-debattiert-ueber-aufloesung\/#article","isPartOf":{"@id":"https:\/\/now-news.de\/de\/deutschland\/die-fraktion-ist-letztlich-tot-linksfraktion-im-bundestag-debattiert-ueber-aufloesung\/"},"author":{"name":"rtnews","@id":"https:\/\/now-news.de\/de\/#\/schema\/person\/fb534a4e865501d8b3285208df34a9b5"},"headline":"&quot;Die Fraktion ist letztlich tot&quot; \u2013 Linksfraktion im Bundestag debattiert \u00fcber Aufl\u00f6sung","datePublished":"2023-11-07T15:52:11+00:00","dateModified":"2023-11-07T15:52:11+00:00","mainEntityOfPage":{"@id":"https:\/\/now-news.de\/de\/deutschland\/die-fraktion-ist-letztlich-tot-linksfraktion-im-bundestag-debattiert-ueber-aufloesung\/"},"wordCount":415,"commentCount":0,"publisher":{"@id":"https:\/\/now-news.de\/de\/#organization"},"image":{"@id":"https:\/\/now-news.de\/de\/deutschland\/die-fraktion-ist-letztlich-tot-linksfraktion-im-bundestag-debattiert-ueber-aufloesung\/#primaryimage"},"thumbnailUrl":"https:\/\/now-news.de\/de\/wp-content\/uploads\/sites\/3\/2023\/11\/quotDie-Fraktion-ist-letztlich-totquot-\u2013-Linksfraktion-im-Bundestag-debattiert.jpg","keywords":["Aufl\u00f6sung","Bundestag","debattiert","Fraktion","ist","letztlich","Linksfraktion","quotDie","totquot","\u00fcber"],"articleSection":["Deutschland","Russland"],"inLanguage":"de","potentialAction":[{"@type":"CommentAction","name":"Comment","target":["https:\/\/now-news.de\/de\/deutschland\/die-fraktion-ist-letztlich-tot-linksfraktion-im-bundestag-debattiert-ueber-aufloesung\/#respond"]}]},{"@type":"WebPage","@id":"https:\/\/now-news.de\/de\/deutschland\/die-fraktion-ist-letztlich-tot-linksfraktion-im-bundestag-debattiert-ueber-aufloesung\/","url":"https:\/\/now-news.de\/de\/deutschland\/die-fraktion-ist-letztlich-tot-linksfraktion-im-bundestag-debattiert-ueber-aufloesung\/","name":"&quot;Die Fraktion ist letztlich tot&quot; \u2013 Linksfraktion im Bundestag debattiert \u00fcber Aufl\u00f6sung - just-now.NEWS Deutschland","isPartOf":{"@id":"https:\/\/now-news.de\/de\/#website"},"primaryImageOfPage":{"@id":"https:\/\/now-news.de\/de\/deutschland\/die-fraktion-ist-letztlich-tot-linksfraktion-im-bundestag-debattiert-ueber-aufloesung\/#primaryimage"},"image":{"@id":"https:\/\/now-news.de\/de\/deutschland\/die-fraktion-ist-letztlich-tot-linksfraktion-im-bundestag-debattiert-ueber-aufloesung\/#primaryimage"},"thumbnailUrl":"https:\/\/now-news.de\/de\/wp-content\/uploads\/sites\/3\/2023\/11\/quotDie-Fraktion-ist-letztlich-totquot-\u2013-Linksfraktion-im-Bundestag-debattiert.jpg","datePublished":"2023-11-07T15:52:11+00:00","dateModified":"2023-11-07T15:52:11+00:00","breadcrumb":{"@id":"https:\/\/now-news.de\/de\/deutschland\/die-fraktion-ist-letztlich-tot-linksfraktion-im-bundestag-debattiert-ueber-aufloesung\/#breadcrumb"},"inLanguage":"de","potentialAction":[{"@type":"ReadAction","target":["https:\/\/now-news.de\/de\/deutschland\/die-fraktion-ist-letztlich-tot-linksfraktion-im-bundestag-debattiert-ueber-aufloesung\/"]}]},{"@type":"ImageObject","inLanguage":"de","@id":"https:\/\/now-news.de\/de\/deutschland\/die-fraktion-ist-letztlich-tot-linksfraktion-im-bundestag-debattiert-ueber-aufloesung\/#primaryimage","url":"https:\/\/now-news.de\/de\/wp-content\/uploads\/sites\/3\/2023\/11\/quotDie-Fraktion-ist-letztlich-totquot-\u2013-Linksfraktion-im-Bundestag-debattiert.jpg","contentUrl":"https:\/\/now-news.de\/de\/wp-content\/uploads\/sites\/3\/2023\/11\/quotDie-Fraktion-ist-letztlich-totquot-\u2013-Linksfraktion-im-Bundestag-debattiert.jpg","width":460,"height":259,"caption":"&quot;Die Fraktion ist letztlich tot&quot; \u2013 Linksfraktion im Bundestag debattiert \u00fcber Aufl\u00f6sung"},{"@type":"BreadcrumbList","@id":"https:\/\/now-news.de\/de\/deutschland\/die-fraktion-ist-letztlich-tot-linksfraktion-im-bundestag-debattiert-ueber-aufloesung\/#breadcrumb","itemListElement":[{"@type":"ListItem","position":1,"name":"Home","item":"https:\/\/now-news.de\/de\/"},{"@type":"ListItem","position":2,"name":"&quot;Die Fraktion ist letztlich tot&quot; \u2013 Linksfraktion im Bundestag debattiert \u00fcber Aufl\u00f6sung"}]},{"@type":"WebSite","@id":"https:\/\/now-news.de\/de\/#website","url":"https:\/\/now-news.de\/de\/","name":"just-now.NEWS Deutschland","description":"Das Portal f\u00fcr unzensierte Nachrichten aus der Welt","publisher":{"@id":"https:\/\/now-news.de\/de\/#organization"},"potentialAction":[{"@type":"SearchAction","target":{"@type":"EntryPoint","urlTemplate":"https:\/\/now-news.de\/de\/?s={search_term_string}"},"query-input":"required name=search_term_string"}],"inLanguage":"de"},{"@type":"Organization","@id":"https:\/\/now-news.de\/de\/#organization","name":"Just Now News","url":"https:\/\/now-news.de\/de\/","logo":{"@type":"ImageObject","inLanguage":"de","@id":"https:\/\/now-news.de\/de\/#\/schema\/logo\/image\/","url":"http:\/\/just-now.news\/de\/wp-content\/uploads\/sites\/3\/2022\/04\/logo500x500.jpg","contentUrl":"http:\/\/just-now.news\/de\/wp-content\/uploads\/sites\/3\/2022\/04\/logo500x500.jpg","width":500,"height":500,"caption":"Just Now News"},"image":{"@id":"https:\/\/now-news.de\/de\/#\/schema\/logo\/image\/"},"sameAs":["https:\/\/www.facebook.com\/wirmachenauf","https:\/\/x.com\/WirMachenAuf_de"]},{"@type":"Person","@id":"https:\/\/now-news.de\/de\/#\/schema\/person\/fb534a4e865501d8b3285208df34a9b5","name":"rtnews","image":{"@type":"ImageObject","inLanguage":"de","@id":"https:\/\/now-news.de\/de\/#\/schema\/person\/image\/","url":"https:\/\/secure.gravatar.com\/avatar\/82aafea7d8127119dd649515f56e2117?s=96&d=mm&r=g","contentUrl":"https:\/\/secure.gravatar.com\/avatar\/82aafea7d8127119dd649515f56e2117?s=96&d=mm&r=g","caption":"rtnews"},"url":"https:\/\/now-news.de\/de\/author\/rnews\/"}]}},"_links":{"self":[{"href":"https:\/\/now-news.de\/de\/wp-json\/wp\/v2\/posts\/49375"}],"collection":[{"href":"https:\/\/now-news.de\/de\/wp-json\/wp\/v2\/posts"}],"about":[{"href":"https:\/\/now-news.de\/de\/wp-json\/wp\/v2\/types\/post"}],"author":[{"embeddable":true,"href":"https:\/\/now-news.de\/de\/wp-json\/wp\/v2\/users\/3"}],"replies":[{"embeddable":true,"href":"https:\/\/now-news.de\/de\/wp-json\/wp\/v2\/comments?post=49375"}],"version-history":[{"count":0,"href":"https:\/\/now-news.de\/de\/wp-json\/wp\/v2\/posts\/49375\/revisions"}],"wp:featuredmedia":[{"embeddable":true,"href":"https:\/\/now-news.de\/de\/wp-json\/wp\/v2\/media\/49376"}],"wp:attachment":[{"href":"https:\/\/now-news.de\/de\/wp-json\/wp\/v2\/media?parent=49375"}],"wp:term":[{"taxonomy":"category","embeddable":true,"href":"https:\/\/now-news.de\/de\/wp-json\/wp\/v2\/categories?post=49375"},{"taxonomy":"post_tag","embeddable":true,"href":"https:\/\/now-news.de\/de\/wp-json\/wp\/v2\/tags?post=49375"}],"curies":[{"name":"wp","href":"https:\/\/api.w.org\/{rel}","templated":true}]}}