{"id":49364,"date":"2023-11-07T15:34:57","date_gmt":"2023-11-07T13:34:57","guid":{"rendered":"https:\/\/just-now.news\/de\/deutschland\/gaza-diskussion-gruenen-politiker-beck-sorgt-fuer-friedensgebet-absage-in-muenchen\/"},"modified":"2023-11-07T15:34:57","modified_gmt":"2023-11-07T13:34:57","slug":"gaza-diskussion-gruenen-politiker-beck-sorgt-fuer-friedensgebet-absage-in-muenchen","status":"publish","type":"post","link":"https:\/\/now-news.de\/de\/deutschland\/gaza-diskussion-gruenen-politiker-beck-sorgt-fuer-friedensgebet-absage-in-muenchen\/","title":{"rendered":"Gaza-Diskussion: Gr\u00fcnen-Politiker Beck sorgt f\u00fcr &#039;Friedensgebet&#039;-Absage in M\u00fcnchen"},"content":{"rendered":"<p><img decoding=\"async\" src=\"http:\/\/just-now.news\/de\/wp-content\/uploads\/sites\/3\/2023\/11\/654a093648fbef165f361711.jpeg\" \/><\/p>\n<div class=\"Text-root Text-type_1 \">\n                Erst j\u00fcngst klagte Volker Beck als hundertprozentiger &#8220;Israel-Versteher&#8221; gegen einen Spieler des FC Bayern. Kontr\u00e4re Wahrnehmungen und Bem\u00fchungen zum Gaza-Israel-Konflikt werden seitens Beck weiterhin nicht geduldet. Nun sorgte seine Kritik an einem gemeinsamen Friedensgebet von Muslimen, Juden und Christen f\u00fcr die Absage.\n            <\/div>\n<p><\/p>\n<div class=\"Text-root Text-type_5 ArticleView-text ViewText-root \">\n<p>Die medial-politische Stimmung in Deutschland hinsichtlich der weiterhin aufgeheizten und kontrovers gef\u00fchrten Diskussion rund um die Ereignisse im Gaza-Israel-Konflikt seit dem 7. Oktober erf\u00e4hrt ein neues Kapitel. Die Stadt M\u00fcnchen plante demnach als deeskalierende und konfessions\u00fcbergreifende Initiative\u00a0ein gemeinsames Gebet von Juden, Muslimen und Christen f\u00fcr den Frieden im Nahen Osten. Der ge\u00e4u\u00dferten Kritik an der Veranstaltung durch einen wenige Tage zuvor erschienenen Artikel der als &#8216;antideutsch&#8217; und proisraelisch geltenden Zeitung\u00a0<em>Jungle World\u00a0<\/em>und<em>\u00a0<\/em>Mitteilungen der M\u00fcnchner Gruppierung &#8220;Linke B\u00fcndnis gegen Antisemitismus&#8221; schloss sich der\u00a0Pr\u00e4sident der Deutsch-Israelischen Gesellschaft, Volker Beck (Gr\u00fcne), anscheinend wirkungsvoll an. Das am 6. November geplante Friedensgebet wurde nun aufgrund des medial-politischen Drucks kurzfristig abgesagt.<\/p>\n<p>Die Schirmherrschaft f\u00fcr die geplante Zusammenkunft hatte Oberb\u00fcrgermeister Dieter Reiter (SPD) pers\u00f6nlich \u00fcbernommen.\u00a0Dieser\u00a0teilte im Verlauf des Montags\u00a0laut Bayerischen Rundfunk (<em>BR24<\/em>) mit, dass\u00a0er &#8220;gerade in dieser hochemotionalen Zeit, die auch in unserer M\u00fcnchner Stadtgesellschaft deutlich zu sp\u00fcren ist&#8221;, die Idee eines &#8220;interreligi\u00f6sen Friedensgebets als unterst\u00fctzenswert&#8221;\u00a0<a rel=\"nofollow noopener\" target=\"_blank\" href=\"https:\/\/www.br.de\/nachrichten\/deutschland-welt\/bittere-erfahrung-muenchner-muslimrat-sagt-friedensgebet-ab,TupdKTs\">befunden<\/a>\u00a0h\u00e4tte. Voraussetzung sei jedoch gewesen, &#8220;dass auch ein Vertreter der j\u00fcdischen Glaubensgemeinschaft ein Gebet spricht&#8221;. Die j\u00fcdische Seite lehnte diese Offerte jedoch ab. Diesbez\u00fcglicher Absage, hei\u00dft es in dem Artikel:<\/p>\n<blockquote>\n<p><em>&#8220;Vorausgegangen war Kritik an der Veranstaltung durch den Gr\u00fcnen-Politiker und Pr\u00e4sidenten der Deutsch-Israelischen Gesellschaft Volker Beck und das M\u00fcnchner &#8220;Linke B\u00fcndnis gegen Antisemitismus&#8221;. Der Vorwurf: Unter dem Dach des M\u00fcnchner Muslimrats seien auch Gruppierungen wie die t\u00fcrkischen Gruppierungen DITIB und Mill\u00ee-G\u00f6r\u00fc\u015f sowie die Muslimbruderschaft, deren Haltung zum aktuellen Konflikt in Israel und Gaza nicht klar sei.&#8221;<\/em><\/p>\n<\/blockquote>\n<p>Der\u00a0<em>Jungle World<\/em>&#8211;<a rel=\"nofollow noopener\" target=\"_blank\" href=\"https:\/\/jungle.world\/blog\/von-tunis-nach-teheran\/2023\/11\/muenchen-friedensgebet-mit-muslimrat\">Artikel<\/a>\u00a0hatte diese\u00a0Wahrnehmung mit einem am 4. November publizierten Gastbeitrag der Gruppierung &#8220;Linkes B\u00fcndnis gegen Antisemitismus M\u00fcnchen&#8221; untermauert. M\u00fcnchens\u00a0Oberb\u00fcrgermeister Reiter stellte nun vor der Absage fest:<\/p>\n<blockquote>\n<p><em>&#8220;Die\u00a0Gegenwart ist offenbar nicht reif, um in und f\u00fcr M\u00fcnchen ein gemeinsames Friedensgebet zu erm\u00f6glichen.&#8221;<\/em><\/p>\n<\/blockquote>\n<p>Die Initiative zu dem Friedensgebet entstand vor zwei Wochen bei einem\u00a0Treffen zwischen M\u00fcnchner Imamen und Oberb\u00fcrgermeister Reiter. In der dann versandten Einladung hie\u00df es ausdr\u00fccklich: &#8220;Keine Flaggen, keine Schilder, keine Parolen&#8221;. Der M\u00fcnchner\u00a0<a rel=\"nofollow noopener\" target=\"_blank\" href=\"https:\/\/islam-penzberg.de\/imam-benjamin-idriz\/\">Imam Benjamin Idriz<\/a>\u00a0nannte die kurzfristig erfolgte Absage eine &#8220;sehr bittere Erfahrung&#8221;.\u00a0Der M\u00fcnchner Muslimrat als Veranstalter des Friedensgebets zeigte sich laut\u00a0<em>BR24<\/em>\u00a0&#8220;entt\u00e4uscht&#8221;. Die Veranstaltung habe rein &#8220;als ausgestreckte Hand und deutliches Zeichen f\u00fcr das Miteinander&#8221; gelten sollen.<\/p>\n<p>Geplant war demnach, dass neben den Imamen\u00a0am Montagabend Rabbiner Jan Guggenheim von der Israelitischen Kultusgemeinde (IKG) M\u00fcnchen und Oberbayern sowie der evangelische Landesbischof Christian Kopp und Dompfarrer Monsignore Klaus Peter Franzl f\u00fcr das Erzbistum M\u00fcnchen und Freising an dem Friedensgebet teilnehmen.\u00a0Das offizielle Motto lautete: &#8220;Muslime, Juden und Christen beten f\u00fcr Frieden im Heiligen Land und f\u00fcr das Miteinander in M\u00fcnchen&#8221;.<\/p>\n<p>Volker Beck reagierte als\u00a0Pr\u00e4sident der Deutsch-Israelischen Gesellschaft in einer Mitteilung mit den Worten, dass er &#8220;die Absage des sogenannten Friedensgebets des Muslimrates begr\u00fc\u00dft&#8221;, um w\u00f6rtlich darzulegen:<\/p>\n<blockquote>\n<p><em>&#8220;Freilich ist nicht jede Friedensbotschaft per se unschuldig und tats\u00e4chlich friedlich.&#8221;\u00a0<\/em><\/p>\n<\/blockquote>\n<p>So sei es\u00a0f\u00fcr Beck\u00a0&#8220;kein Frieden, wenn Angegriffene und Angreifer auf eine Stufe gestellt w\u00fcrden&#8221;, um festzustellen:<\/p>\n<blockquote>\n<p><em>&#8220;Das w\u00e4re eine Rechtfertigung des Angriffs. Oder wenn man den Angegriffenen zum Niederlegen der Waffen auffordert, sobald er sich wehrt. Dass dieses Friedensgebet hier eine klare Haltung hat, konnte ich nicht erkennen.&#8221;<\/em><\/p>\n<\/blockquote>\n<p>Der Muslimrat sei schlicht &#8220;der falsche Partner f\u00fcr die Stadt gewesen&#8221;, so Beck abschlie\u00dfend.\u00a0Die Imame hatten demgegen\u00fcber im Vorfeld laut\u00a0<em>BR24<\/em>\u00a0in ihren Gemeinden &#8220;ausdr\u00fccklich von der Teilnahme von propal\u00e4stinensischen Demonstrationen abgeraten&#8221; und stattdessen das Gebet in M\u00fcnchen als bewusst gemeinsame Friedensaktion angek\u00fcndigt und beworben.<\/p>\n<p><strong>Mehr zum Thema &#8211;<\/strong>\u00a0<a rel=\"nofollow noopener\" target=\"_blank\" href=\"https:\/\/freedert.online\/meinung\/185456-abschiebeoffensive-aus-solidaritaet-mit-israel\/\">&#8220;Abschiebeoffensive&#8221; aus Solidarit\u00e4t mit Israel? Warum das &#8220;Bild-Manifest&#8221; eine Farce ist<\/a><\/p>\n<\/div>\n<p><br \/>\n<br \/><a href=\"https:\/\/de.rt.com\/inland\/186227-gaza-diskussion-gruenen-politiker-beck\/\">Source link <\/a><\/p>\n","protected":false},"excerpt":{"rendered":"<p>Erst j\u00fcngst klagte Volker Beck als hundertprozentiger &#8220;Israel-Versteher&#8221; gegen einen Spieler des FC Bayern. Kontr\u00e4re Wahrnehmungen und Bem\u00fchungen zum Gaza-Israel-Konflikt werden seitens Beck weiterhin nicht geduldet. Nun sorgte seine Kritik an einem gemeinsamen Friedensgebet von Muslimen, Juden und Christen f\u00fcr die Absage. Die medial-politische Stimmung in Deutschland hinsichtlich der weiterhin aufgeheizten und kontrovers gef\u00fchrten Diskussion [&hellip;]<\/p>\n","protected":false},"author":3,"featured_media":49365,"comment_status":"open","ping_status":"open","sticky":false,"template":"","format":"standard","meta":{"_yoast_indexnow_last_ping":["1699364153"],"wp_automatic_camp":["217"],"f6e90ab0973ee20eb88be51f662fdb02":["Gaza-Diskussion: Gr\u00fcnen-Politiker Beck sorgt f\u00fcr &#039;Friedensgebet&#039;-Absage in M\u00fcnchen"],"original_link":["https:\/\/de.rt.com\/inland\/186227-gaza-diskussion-gruenen-politiker-beck\/"],"_thumbnail_id":["49365"],"_wptgpro_p2tg_sent2tg":["a:1:{i:23737;s:19:\"2023-11-07 15:36:58\";}"],"jnews_social_counter_last_update":["1777264737"]},"categories":[19,23],"tags":[50442,521,221,50441,20706,2003,23727],"yoast_head":"<!-- This site is optimized with the Yoast SEO Premium plugin v22.7 (Yoast SEO v22.7) - https:\/\/yoast.com\/wordpress\/plugins\/seo\/ -->\n<title>Gaza-Diskussion: Gr\u00fcnen-Politiker Beck sorgt f\u00fcr &#039;Friedensgebet&#039;-Absage in M\u00fcnchen - just-now.NEWS Deutschland<\/title>\n<meta name=\"robots\" content=\"index, follow, max-snippet:-1, max-image-preview:large, max-video-preview:-1\" \/>\n<link rel=\"canonical\" href=\"https:\/\/now-news.de\/de\/deutschland\/gaza-diskussion-gruenen-politiker-beck-sorgt-fuer-friedensgebet-absage-in-muenchen\/\" \/>\n<meta property=\"og:locale\" content=\"de_DE\" \/>\n<meta property=\"og:type\" content=\"article\" \/>\n<meta property=\"og:title\" content=\"Gaza-Diskussion: Gr\u00fcnen-Politiker Beck sorgt f\u00fcr &#039;Friedensgebet&#039;-Absage in M\u00fcnchen\" \/>\n<meta property=\"og:description\" content=\"Erst j\u00fcngst klagte Volker Beck als hundertprozentiger &#8220;Israel-Versteher&#8221; gegen einen Spieler des FC Bayern. Kontr\u00e4re Wahrnehmungen und Bem\u00fchungen zum Gaza-Israel-Konflikt werden seitens Beck weiterhin nicht geduldet. Nun sorgte seine Kritik an einem gemeinsamen Friedensgebet von Muslimen, Juden und Christen f\u00fcr die Absage. Die medial-politische Stimmung in Deutschland hinsichtlich der weiterhin aufgeheizten und kontrovers gef\u00fchrten Diskussion [&hellip;]\" \/>\n<meta property=\"og:url\" content=\"https:\/\/now-news.de\/de\/deutschland\/gaza-diskussion-gruenen-politiker-beck-sorgt-fuer-friedensgebet-absage-in-muenchen\/\" \/>\n<meta property=\"og:site_name\" content=\"just-now.NEWS Deutschland\" \/>\n<meta property=\"article:publisher\" content=\"https:\/\/www.facebook.com\/wirmachenauf\" \/>\n<meta property=\"article:published_time\" content=\"2023-11-07T13:34:57+00:00\" \/>\n<meta property=\"og:image\" content=\"https:\/\/now-news.de\/de\/wp-content\/uploads\/sites\/3\/2023\/11\/Gaza-Diskussion-Gruenen-Politiker-Beck-sorgt-fuer-039Friedensgebet039-Absage-in-Muenchen.jpeg\" \/>\n\t<meta property=\"og:image:width\" content=\"460\" \/>\n\t<meta property=\"og:image:height\" content=\"259\" \/>\n\t<meta property=\"og:image:type\" content=\"image\/jpeg\" \/>\n<meta name=\"author\" content=\"rtnews\" \/>\n<meta name=\"twitter:card\" content=\"summary_large_image\" \/>\n<meta name=\"twitter:creator\" content=\"@WirMachenAuf_de\" \/>\n<meta name=\"twitter:site\" content=\"@WirMachenAuf_de\" \/>\n<meta name=\"twitter:label1\" content=\"Verfasst von\" \/>\n\t<meta name=\"twitter:data1\" content=\"rtnews\" \/>\n\t<meta name=\"twitter:label2\" content=\"Gesch\u00e4tzte Lesezeit\" \/>\n\t<meta name=\"twitter:data2\" content=\"3\u00a0Minuten\" \/>\n<script type=\"application\/ld+json\" class=\"yoast-schema-graph\">{\"@context\":\"https:\/\/schema.org\",\"@graph\":[{\"@type\":\"Article\",\"@id\":\"https:\/\/now-news.de\/de\/deutschland\/gaza-diskussion-gruenen-politiker-beck-sorgt-fuer-friedensgebet-absage-in-muenchen\/#article\",\"isPartOf\":{\"@id\":\"https:\/\/now-news.de\/de\/deutschland\/gaza-diskussion-gruenen-politiker-beck-sorgt-fuer-friedensgebet-absage-in-muenchen\/\"},\"author\":{\"name\":\"rtnews\",\"@id\":\"https:\/\/now-news.de\/de\/#\/schema\/person\/fb534a4e865501d8b3285208df34a9b5\"},\"headline\":\"Gaza-Diskussion: Gr\u00fcnen-Politiker Beck sorgt f\u00fcr &#039;Friedensgebet&#039;-Absage in M\u00fcnchen\",\"datePublished\":\"2023-11-07T13:34:57+00:00\",\"dateModified\":\"2023-11-07T13:34:57+00:00\",\"mainEntityOfPage\":{\"@id\":\"https:\/\/now-news.de\/de\/deutschland\/gaza-diskussion-gruenen-politiker-beck-sorgt-fuer-friedensgebet-absage-in-muenchen\/\"},\"wordCount\":698,\"commentCount\":0,\"publisher\":{\"@id\":\"https:\/\/now-news.de\/de\/#organization\"},\"image\":{\"@id\":\"https:\/\/now-news.de\/de\/deutschland\/gaza-diskussion-gruenen-politiker-beck-sorgt-fuer-friedensgebet-absage-in-muenchen\/#primaryimage\"},\"thumbnailUrl\":\"https:\/\/now-news.de\/de\/wp-content\/uploads\/sites\/3\/2023\/11\/Gaza-Diskussion-Gruenen-Politiker-Beck-sorgt-fuer-039Friedensgebet039-Absage-in-Muenchen.jpeg\",\"keywords\":[\"039Friedensgebet039Absage\",\"Beck\",\"f\u00fcr\",\"GazaDiskussion\",\"Gr\u00fcnenPolitiker\",\"M\u00fcnchen\",\"sorgt\"],\"articleSection\":[\"Deutschland\",\"Russland\"],\"inLanguage\":\"de\",\"potentialAction\":[{\"@type\":\"CommentAction\",\"name\":\"Comment\",\"target\":[\"https:\/\/now-news.de\/de\/deutschland\/gaza-diskussion-gruenen-politiker-beck-sorgt-fuer-friedensgebet-absage-in-muenchen\/#respond\"]}]},{\"@type\":\"WebPage\",\"@id\":\"https:\/\/now-news.de\/de\/deutschland\/gaza-diskussion-gruenen-politiker-beck-sorgt-fuer-friedensgebet-absage-in-muenchen\/\",\"url\":\"https:\/\/now-news.de\/de\/deutschland\/gaza-diskussion-gruenen-politiker-beck-sorgt-fuer-friedensgebet-absage-in-muenchen\/\",\"name\":\"Gaza-Diskussion: Gr\u00fcnen-Politiker Beck sorgt f\u00fcr &#039;Friedensgebet&#039;-Absage in M\u00fcnchen - just-now.NEWS Deutschland\",\"isPartOf\":{\"@id\":\"https:\/\/now-news.de\/de\/#website\"},\"primaryImageOfPage\":{\"@id\":\"https:\/\/now-news.de\/de\/deutschland\/gaza-diskussion-gruenen-politiker-beck-sorgt-fuer-friedensgebet-absage-in-muenchen\/#primaryimage\"},\"image\":{\"@id\":\"https:\/\/now-news.de\/de\/deutschland\/gaza-diskussion-gruenen-politiker-beck-sorgt-fuer-friedensgebet-absage-in-muenchen\/#primaryimage\"},\"thumbnailUrl\":\"https:\/\/now-news.de\/de\/wp-content\/uploads\/sites\/3\/2023\/11\/Gaza-Diskussion-Gruenen-Politiker-Beck-sorgt-fuer-039Friedensgebet039-Absage-in-Muenchen.jpeg\",\"datePublished\":\"2023-11-07T13:34:57+00:00\",\"dateModified\":\"2023-11-07T13:34:57+00:00\",\"breadcrumb\":{\"@id\":\"https:\/\/now-news.de\/de\/deutschland\/gaza-diskussion-gruenen-politiker-beck-sorgt-fuer-friedensgebet-absage-in-muenchen\/#breadcrumb\"},\"inLanguage\":\"de\",\"potentialAction\":[{\"@type\":\"ReadAction\",\"target\":[\"https:\/\/now-news.de\/de\/deutschland\/gaza-diskussion-gruenen-politiker-beck-sorgt-fuer-friedensgebet-absage-in-muenchen\/\"]}]},{\"@type\":\"ImageObject\",\"inLanguage\":\"de\",\"@id\":\"https:\/\/now-news.de\/de\/deutschland\/gaza-diskussion-gruenen-politiker-beck-sorgt-fuer-friedensgebet-absage-in-muenchen\/#primaryimage\",\"url\":\"https:\/\/now-news.de\/de\/wp-content\/uploads\/sites\/3\/2023\/11\/Gaza-Diskussion-Gruenen-Politiker-Beck-sorgt-fuer-039Friedensgebet039-Absage-in-Muenchen.jpeg\",\"contentUrl\":\"https:\/\/now-news.de\/de\/wp-content\/uploads\/sites\/3\/2023\/11\/Gaza-Diskussion-Gruenen-Politiker-Beck-sorgt-fuer-039Friedensgebet039-Absage-in-Muenchen.jpeg\",\"width\":460,\"height\":259,\"caption\":\"Gaza-Diskussion: Gr\u00fcnen-Politiker Beck sorgt f\u00fcr &#039;Friedensgebet&#039;-Absage in M\u00fcnchen\"},{\"@type\":\"BreadcrumbList\",\"@id\":\"https:\/\/now-news.de\/de\/deutschland\/gaza-diskussion-gruenen-politiker-beck-sorgt-fuer-friedensgebet-absage-in-muenchen\/#breadcrumb\",\"itemListElement\":[{\"@type\":\"ListItem\",\"position\":1,\"name\":\"Home\",\"item\":\"https:\/\/now-news.de\/de\/\"},{\"@type\":\"ListItem\",\"position\":2,\"name\":\"Gaza-Diskussion: Gr\u00fcnen-Politiker Beck sorgt f\u00fcr &#039;Friedensgebet&#039;-Absage in M\u00fcnchen\"}]},{\"@type\":\"WebSite\",\"@id\":\"https:\/\/now-news.de\/de\/#website\",\"url\":\"https:\/\/now-news.de\/de\/\",\"name\":\"just-now.NEWS Deutschland\",\"description\":\"Das Portal f\u00fcr unzensierte Nachrichten aus der Welt\",\"publisher\":{\"@id\":\"https:\/\/now-news.de\/de\/#organization\"},\"potentialAction\":[{\"@type\":\"SearchAction\",\"target\":{\"@type\":\"EntryPoint\",\"urlTemplate\":\"https:\/\/now-news.de\/de\/?s={search_term_string}\"},\"query-input\":\"required name=search_term_string\"}],\"inLanguage\":\"de\"},{\"@type\":\"Organization\",\"@id\":\"https:\/\/now-news.de\/de\/#organization\",\"name\":\"Just Now News\",\"url\":\"https:\/\/now-news.de\/de\/\",\"logo\":{\"@type\":\"ImageObject\",\"inLanguage\":\"de\",\"@id\":\"https:\/\/now-news.de\/de\/#\/schema\/logo\/image\/\",\"url\":\"http:\/\/just-now.news\/de\/wp-content\/uploads\/sites\/3\/2022\/04\/logo500x500.jpg\",\"contentUrl\":\"http:\/\/just-now.news\/de\/wp-content\/uploads\/sites\/3\/2022\/04\/logo500x500.jpg\",\"width\":500,\"height\":500,\"caption\":\"Just Now News\"},\"image\":{\"@id\":\"https:\/\/now-news.de\/de\/#\/schema\/logo\/image\/\"},\"sameAs\":[\"https:\/\/www.facebook.com\/wirmachenauf\",\"https:\/\/x.com\/WirMachenAuf_de\"]},{\"@type\":\"Person\",\"@id\":\"https:\/\/now-news.de\/de\/#\/schema\/person\/fb534a4e865501d8b3285208df34a9b5\",\"name\":\"rtnews\",\"image\":{\"@type\":\"ImageObject\",\"inLanguage\":\"de\",\"@id\":\"https:\/\/now-news.de\/de\/#\/schema\/person\/image\/\",\"url\":\"https:\/\/secure.gravatar.com\/avatar\/82aafea7d8127119dd649515f56e2117?s=96&d=mm&r=g\",\"contentUrl\":\"https:\/\/secure.gravatar.com\/avatar\/82aafea7d8127119dd649515f56e2117?s=96&d=mm&r=g\",\"caption\":\"rtnews\"},\"url\":\"https:\/\/now-news.de\/de\/author\/rnews\/\"}]}<\/script>\n<!-- \/ Yoast SEO Premium plugin. -->","yoast_head_json":{"title":"Gaza-Diskussion: Gr\u00fcnen-Politiker Beck sorgt f\u00fcr &#039;Friedensgebet&#039;-Absage in M\u00fcnchen - just-now.NEWS Deutschland","robots":{"index":"index","follow":"follow","max-snippet":"max-snippet:-1","max-image-preview":"max-image-preview:large","max-video-preview":"max-video-preview:-1"},"canonical":"https:\/\/now-news.de\/de\/deutschland\/gaza-diskussion-gruenen-politiker-beck-sorgt-fuer-friedensgebet-absage-in-muenchen\/","og_locale":"de_DE","og_type":"article","og_title":"Gaza-Diskussion: Gr\u00fcnen-Politiker Beck sorgt f\u00fcr &#039;Friedensgebet&#039;-Absage in M\u00fcnchen","og_description":"Erst j\u00fcngst klagte Volker Beck als hundertprozentiger &#8220;Israel-Versteher&#8221; gegen einen Spieler des FC Bayern. Kontr\u00e4re Wahrnehmungen und Bem\u00fchungen zum Gaza-Israel-Konflikt werden seitens Beck weiterhin nicht geduldet. Nun sorgte seine Kritik an einem gemeinsamen Friedensgebet von Muslimen, Juden und Christen f\u00fcr die Absage. Die medial-politische Stimmung in Deutschland hinsichtlich der weiterhin aufgeheizten und kontrovers gef\u00fchrten Diskussion [&hellip;]","og_url":"https:\/\/now-news.de\/de\/deutschland\/gaza-diskussion-gruenen-politiker-beck-sorgt-fuer-friedensgebet-absage-in-muenchen\/","og_site_name":"just-now.NEWS Deutschland","article_publisher":"https:\/\/www.facebook.com\/wirmachenauf","article_published_time":"2023-11-07T13:34:57+00:00","og_image":[{"width":460,"height":259,"url":"https:\/\/now-news.de\/de\/wp-content\/uploads\/sites\/3\/2023\/11\/Gaza-Diskussion-Gruenen-Politiker-Beck-sorgt-fuer-039Friedensgebet039-Absage-in-Muenchen.jpeg","type":"image\/jpeg"}],"author":"rtnews","twitter_card":"summary_large_image","twitter_creator":"@WirMachenAuf_de","twitter_site":"@WirMachenAuf_de","twitter_misc":{"Verfasst von":"rtnews","Gesch\u00e4tzte Lesezeit":"3\u00a0Minuten"},"schema":{"@context":"https:\/\/schema.org","@graph":[{"@type":"Article","@id":"https:\/\/now-news.de\/de\/deutschland\/gaza-diskussion-gruenen-politiker-beck-sorgt-fuer-friedensgebet-absage-in-muenchen\/#article","isPartOf":{"@id":"https:\/\/now-news.de\/de\/deutschland\/gaza-diskussion-gruenen-politiker-beck-sorgt-fuer-friedensgebet-absage-in-muenchen\/"},"author":{"name":"rtnews","@id":"https:\/\/now-news.de\/de\/#\/schema\/person\/fb534a4e865501d8b3285208df34a9b5"},"headline":"Gaza-Diskussion: Gr\u00fcnen-Politiker Beck sorgt f\u00fcr &#039;Friedensgebet&#039;-Absage in M\u00fcnchen","datePublished":"2023-11-07T13:34:57+00:00","dateModified":"2023-11-07T13:34:57+00:00","mainEntityOfPage":{"@id":"https:\/\/now-news.de\/de\/deutschland\/gaza-diskussion-gruenen-politiker-beck-sorgt-fuer-friedensgebet-absage-in-muenchen\/"},"wordCount":698,"commentCount":0,"publisher":{"@id":"https:\/\/now-news.de\/de\/#organization"},"image":{"@id":"https:\/\/now-news.de\/de\/deutschland\/gaza-diskussion-gruenen-politiker-beck-sorgt-fuer-friedensgebet-absage-in-muenchen\/#primaryimage"},"thumbnailUrl":"https:\/\/now-news.de\/de\/wp-content\/uploads\/sites\/3\/2023\/11\/Gaza-Diskussion-Gruenen-Politiker-Beck-sorgt-fuer-039Friedensgebet039-Absage-in-Muenchen.jpeg","keywords":["039Friedensgebet039Absage","Beck","f\u00fcr","GazaDiskussion","Gr\u00fcnenPolitiker","M\u00fcnchen","sorgt"],"articleSection":["Deutschland","Russland"],"inLanguage":"de","potentialAction":[{"@type":"CommentAction","name":"Comment","target":["https:\/\/now-news.de\/de\/deutschland\/gaza-diskussion-gruenen-politiker-beck-sorgt-fuer-friedensgebet-absage-in-muenchen\/#respond"]}]},{"@type":"WebPage","@id":"https:\/\/now-news.de\/de\/deutschland\/gaza-diskussion-gruenen-politiker-beck-sorgt-fuer-friedensgebet-absage-in-muenchen\/","url":"https:\/\/now-news.de\/de\/deutschland\/gaza-diskussion-gruenen-politiker-beck-sorgt-fuer-friedensgebet-absage-in-muenchen\/","name":"Gaza-Diskussion: Gr\u00fcnen-Politiker Beck sorgt f\u00fcr &#039;Friedensgebet&#039;-Absage in M\u00fcnchen - just-now.NEWS Deutschland","isPartOf":{"@id":"https:\/\/now-news.de\/de\/#website"},"primaryImageOfPage":{"@id":"https:\/\/now-news.de\/de\/deutschland\/gaza-diskussion-gruenen-politiker-beck-sorgt-fuer-friedensgebet-absage-in-muenchen\/#primaryimage"},"image":{"@id":"https:\/\/now-news.de\/de\/deutschland\/gaza-diskussion-gruenen-politiker-beck-sorgt-fuer-friedensgebet-absage-in-muenchen\/#primaryimage"},"thumbnailUrl":"https:\/\/now-news.de\/de\/wp-content\/uploads\/sites\/3\/2023\/11\/Gaza-Diskussion-Gruenen-Politiker-Beck-sorgt-fuer-039Friedensgebet039-Absage-in-Muenchen.jpeg","datePublished":"2023-11-07T13:34:57+00:00","dateModified":"2023-11-07T13:34:57+00:00","breadcrumb":{"@id":"https:\/\/now-news.de\/de\/deutschland\/gaza-diskussion-gruenen-politiker-beck-sorgt-fuer-friedensgebet-absage-in-muenchen\/#breadcrumb"},"inLanguage":"de","potentialAction":[{"@type":"ReadAction","target":["https:\/\/now-news.de\/de\/deutschland\/gaza-diskussion-gruenen-politiker-beck-sorgt-fuer-friedensgebet-absage-in-muenchen\/"]}]},{"@type":"ImageObject","inLanguage":"de","@id":"https:\/\/now-news.de\/de\/deutschland\/gaza-diskussion-gruenen-politiker-beck-sorgt-fuer-friedensgebet-absage-in-muenchen\/#primaryimage","url":"https:\/\/now-news.de\/de\/wp-content\/uploads\/sites\/3\/2023\/11\/Gaza-Diskussion-Gruenen-Politiker-Beck-sorgt-fuer-039Friedensgebet039-Absage-in-Muenchen.jpeg","contentUrl":"https:\/\/now-news.de\/de\/wp-content\/uploads\/sites\/3\/2023\/11\/Gaza-Diskussion-Gruenen-Politiker-Beck-sorgt-fuer-039Friedensgebet039-Absage-in-Muenchen.jpeg","width":460,"height":259,"caption":"Gaza-Diskussion: Gr\u00fcnen-Politiker Beck sorgt f\u00fcr &#039;Friedensgebet&#039;-Absage in M\u00fcnchen"},{"@type":"BreadcrumbList","@id":"https:\/\/now-news.de\/de\/deutschland\/gaza-diskussion-gruenen-politiker-beck-sorgt-fuer-friedensgebet-absage-in-muenchen\/#breadcrumb","itemListElement":[{"@type":"ListItem","position":1,"name":"Home","item":"https:\/\/now-news.de\/de\/"},{"@type":"ListItem","position":2,"name":"Gaza-Diskussion: Gr\u00fcnen-Politiker Beck sorgt f\u00fcr &#039;Friedensgebet&#039;-Absage in M\u00fcnchen"}]},{"@type":"WebSite","@id":"https:\/\/now-news.de\/de\/#website","url":"https:\/\/now-news.de\/de\/","name":"just-now.NEWS Deutschland","description":"Das Portal f\u00fcr unzensierte Nachrichten aus der Welt","publisher":{"@id":"https:\/\/now-news.de\/de\/#organization"},"potentialAction":[{"@type":"SearchAction","target":{"@type":"EntryPoint","urlTemplate":"https:\/\/now-news.de\/de\/?s={search_term_string}"},"query-input":"required name=search_term_string"}],"inLanguage":"de"},{"@type":"Organization","@id":"https:\/\/now-news.de\/de\/#organization","name":"Just Now News","url":"https:\/\/now-news.de\/de\/","logo":{"@type":"ImageObject","inLanguage":"de","@id":"https:\/\/now-news.de\/de\/#\/schema\/logo\/image\/","url":"http:\/\/just-now.news\/de\/wp-content\/uploads\/sites\/3\/2022\/04\/logo500x500.jpg","contentUrl":"http:\/\/just-now.news\/de\/wp-content\/uploads\/sites\/3\/2022\/04\/logo500x500.jpg","width":500,"height":500,"caption":"Just Now News"},"image":{"@id":"https:\/\/now-news.de\/de\/#\/schema\/logo\/image\/"},"sameAs":["https:\/\/www.facebook.com\/wirmachenauf","https:\/\/x.com\/WirMachenAuf_de"]},{"@type":"Person","@id":"https:\/\/now-news.de\/de\/#\/schema\/person\/fb534a4e865501d8b3285208df34a9b5","name":"rtnews","image":{"@type":"ImageObject","inLanguage":"de","@id":"https:\/\/now-news.de\/de\/#\/schema\/person\/image\/","url":"https:\/\/secure.gravatar.com\/avatar\/82aafea7d8127119dd649515f56e2117?s=96&d=mm&r=g","contentUrl":"https:\/\/secure.gravatar.com\/avatar\/82aafea7d8127119dd649515f56e2117?s=96&d=mm&r=g","caption":"rtnews"},"url":"https:\/\/now-news.de\/de\/author\/rnews\/"}]}},"_links":{"self":[{"href":"https:\/\/now-news.de\/de\/wp-json\/wp\/v2\/posts\/49364"}],"collection":[{"href":"https:\/\/now-news.de\/de\/wp-json\/wp\/v2\/posts"}],"about":[{"href":"https:\/\/now-news.de\/de\/wp-json\/wp\/v2\/types\/post"}],"author":[{"embeddable":true,"href":"https:\/\/now-news.de\/de\/wp-json\/wp\/v2\/users\/3"}],"replies":[{"embeddable":true,"href":"https:\/\/now-news.de\/de\/wp-json\/wp\/v2\/comments?post=49364"}],"version-history":[{"count":0,"href":"https:\/\/now-news.de\/de\/wp-json\/wp\/v2\/posts\/49364\/revisions"}],"wp:featuredmedia":[{"embeddable":true,"href":"https:\/\/now-news.de\/de\/wp-json\/wp\/v2\/media\/49365"}],"wp:attachment":[{"href":"https:\/\/now-news.de\/de\/wp-json\/wp\/v2\/media?parent=49364"}],"wp:term":[{"taxonomy":"category","embeddable":true,"href":"https:\/\/now-news.de\/de\/wp-json\/wp\/v2\/categories?post=49364"},{"taxonomy":"post_tag","embeddable":true,"href":"https:\/\/now-news.de\/de\/wp-json\/wp\/v2\/tags?post=49364"}],"curies":[{"name":"wp","href":"https:\/\/api.w.org\/{rel}","templated":true}]}}