{"id":49356,"date":"2023-11-07T13:52:22","date_gmt":"2023-11-07T11:52:22","guid":{"rendered":"https:\/\/just-now.news\/de\/deutschland\/meilenstein-usa-und-armenien-beginnen-militaerische-zusammenarbeit\/"},"modified":"2023-11-07T13:52:22","modified_gmt":"2023-11-07T11:52:22","slug":"meilenstein-usa-und-armenien-beginnen-militaerische-zusammenarbeit","status":"publish","type":"post","link":"https:\/\/now-news.de\/de\/deutschland\/meilenstein-usa-und-armenien-beginnen-militaerische-zusammenarbeit\/","title":{"rendered":"&quot;Meilenstein&quot; \u2013 USA und Armenien beginnen milit\u00e4rische Zusammenarbeit"},"content":{"rendered":"<p><img decoding=\"async\" src=\"http:\/\/just-now.news\/de\/wp-content\/uploads\/sites\/3\/2023\/11\/654a11b5b480cc300e340bb6.jpg\" \/><\/p>\n<div class=\"Text-root Text-type_1 \">\n                Der Chef des armenischen Generalstabs besuchte am vergangenen Freitag ein hochrangiges NATO-Ausbildungszentrum in Deutschland. Wenn es nach den USA geht, ist dies nur der Auftakt. Washington wolle die &#8220;Verteidigungsbeziehungen bewusst und schrittweise ausbauen&#8221;, so ein US-General.\n            <\/div>\n<p><\/p>\n<div class=\"Text-root Text-type_5 ArticleView-text ViewText-root \">\n<p>Armenien, ein russischer Verb\u00fcndeter, hat den Chef seines Generalstabs in ein hochrangiges NATO-Ausbildungszentrum in Deutschland entsandt, um zu er\u00f6rtern, welche Hilfe Eriwan von Washington bei der Reform seiner Streitkr\u00e4fte erhalten kann. Der Besuch erfolgt Wochen nach Armeniens politisch kostspieligem Scheitern in der Auseinandersetzung mit seinem Nachbarn Aserbaidschan um Berg-Karabach.<\/p>\n<p>Der stellvertretende Verteidigungsminister, Generalleutnant Edvard Asryan, der den armenischen Generalstab leitet, wurde am vergangenen Freitag von Generalleutnant Steven Basham, dem stellvertretenden Befehlshaber des US European Command (EUCOM), in dessen Hauptquartier in Stuttgart empfangen. Der Beamte besichtigte auch das Joint Multinational Readiness Center in Hohenfels, eine von den USA betriebene NATO-Ausbildungseinrichtung.<\/p>\n<p>Basham begr\u00fc\u00dfte den Besuch als &#8220;Meilenstein&#8221; in den bilateralen Beziehungen und sagte, die USA und Armenien wollten die &#8220;Verteidigungsbeziehungen bewusst und schrittweise ausbauen&#8221;.<\/p>\n<p>Asryan unterrichtete den US-amerikanischen Gastgeber \u00fcber die Pl\u00e4ne Eriwans, sein Milit\u00e4r &#8220;professioneller und leistungsf\u00e4higer&#8221; zu machen. Der General nannte Kommando- und Kontrollsysteme, Gefechtsfeldmedizin und die Ausbildung von Unteroffizieren als Schl\u00fcsselbereiche f\u00fcr Reformen und erl\u00e4uterte &#8220;die von den USA erwartete Unterst\u00fctzung bei deren Umsetzung&#8221;, wie das armenische Verteidigungsministerium am Montag mitteilte.<\/p>\n<p>Armenien ist ein Verb\u00fcndeter Russlands und Mitglied der Organisation des Vertrags \u00fcber kollektive Sicherheit, (OVKS), einem regionalen Verteidigungsblock. Es ist eines der wenigen L\u00e4nder, die einen russischen Milit\u00e4rst\u00fctzpunkt beherbergen.<\/p>\n<p>Die Regierung von Premierminister Nikol Paschinjan hat sich jedoch in den letzten Jahren von Moskau distanziert. Laut Paschinjan hat die OVKS es nicht geschafft, Armenien im Jahr 2022 zu sch\u00fctzen, als es zu Grenzkonflikten mit seinem Nachbarn und Rivalen Aserbaidschan kam. Die Organisation entschied sich, keine Truppen gegen Aserbaidschan zu entsenden, sondern vermittelte einen Waffenstillstand und stationierte Beobachter entlang der Grenze.<\/p>\n<p>Im September erlitt die Regierung Paschinjan einen politischen R\u00fcckschlag, als Aserbaidschan die vollst\u00e4ndige Kontrolle \u00fcber Berg-Karabach \u00fcbernahm, eine \u00fcberwiegend ethnisch-armenische Region des Landes, die seit den 1990er-Jahren als nicht anerkannte abtr\u00fcnnige Republik existiert. Die praktisch unwidersprochene Macht\u00fcbernahme f\u00fchrte zu einem Zustrom von Fl\u00fcchtlingen nach Armenien und zu Massenprotesten gegen den Ministerpr\u00e4sidenten, der R\u00fccktrittsforderungen zur\u00fcckwies.<\/p>\n<p>Russland hatte erkl\u00e4rt, es sei nicht in der Lage, in Berg-Karabach zu intervenieren, da Paschinjan selbst die Souver\u00e4nit\u00e4t Bakus \u00fcber das Gebiet anerkannt habe \u00ad\u2013 auch als er im vergangenen Jahr den Waffenstillstand mit Aserbaidschan unterzeichnete.<\/p>\n<p><strong>Mehr zum Thema<\/strong> \u2013 <a rel=\"nofollow noopener\" target=\"_blank\" href=\"https:\/\/freeassange.rtde.life\/international\/185769-armenien-schlaegt-russland-vereinbarung-zu\/\">Armenien schl\u00e4gt Russland Vereinbarung zu Umgehung des R\u00f6mischen Statuts vor<\/a><\/p>\n<div class=\"EmbedBlock-root EmbedBlock-externalVideo EmbedBlock-odysee\">\n<div class=\"VkEmbed\"><iframe class=\"lazyload\" data-src=\"https:\/\/odysee.com\/%24\/embed\/%40RTDE%3Ae%2Flawrow-in-teheran-aserbaidschanisch-armenischer-normalisierungsprozess-auf-der-agenda%3A2\" frameborder=\"0\" width=\"853\" height=\"480\" allowfullscreen><\/iframe><\/div>\n<\/div>\n<\/div>\n<p><br \/>\n<br \/><a href=\"https:\/\/de.rt.com\/international\/186231-meilenstein-usa-und-armenien-beginnen-militaerische-zusammenarbeit\/\">Source link <\/a><\/p>\n","protected":false},"excerpt":{"rendered":"<p>Der Chef des armenischen Generalstabs besuchte am vergangenen Freitag ein hochrangiges NATO-Ausbildungszentrum in Deutschland. Wenn es nach den USA geht, ist dies nur der Auftakt. Washington wolle die &#8220;Verteidigungsbeziehungen bewusst und schrittweise ausbauen&#8221;, so ein US-General. Armenien, ein russischer Verb\u00fcndeter, hat den Chef seines Generalstabs in ein hochrangiges NATO-Ausbildungszentrum in Deutschland entsandt, um zu er\u00f6rtern, [&hellip;]<\/p>\n","protected":false},"author":3,"featured_media":49357,"comment_status":"open","ping_status":"open","sticky":false,"template":"","format":"standard","meta":{"_yoast_indexnow_last_ping":["1699358390"],"wp_automatic_camp":["217"],"98919faeb010e51125e6c4732589eca8":["&quot;Meilenstein&quot; \u2013 USA und Armenien beginnen milit\u00e4rische Zusammenarbeit"],"original_link":["https:\/\/de.rt.com\/international\/186231-meilenstein-usa-und-armenien-beginnen-militaerische-zusammenarbeit\/"],"_thumbnail_id":["49357"],"_wptgpro_p2tg_sent2tg":["a:1:{i:23737;s:19:\"2023-11-07 14:00:55\";}"],"jnews_social_counter_last_update":["1777613019"]},"categories":[19,23],"tags":[10002,13260,14415,50434,140,193,5645],"yoast_head":"<!-- This site is optimized with the Yoast SEO Premium plugin v22.7 (Yoast SEO v22.7) - https:\/\/yoast.com\/wordpress\/plugins\/seo\/ -->\n<title>&quot;Meilenstein&quot; \u2013 USA und Armenien beginnen milit\u00e4rische Zusammenarbeit - just-now.NEWS Deutschland<\/title>\n<meta name=\"robots\" content=\"index, follow, max-snippet:-1, max-image-preview:large, max-video-preview:-1\" \/>\n<link rel=\"canonical\" href=\"https:\/\/now-news.de\/de\/deutschland\/meilenstein-usa-und-armenien-beginnen-militaerische-zusammenarbeit\/\" \/>\n<meta property=\"og:locale\" content=\"de_DE\" \/>\n<meta property=\"og:type\" content=\"article\" \/>\n<meta property=\"og:title\" content=\"&quot;Meilenstein&quot; \u2013 USA und Armenien beginnen milit\u00e4rische Zusammenarbeit\" \/>\n<meta property=\"og:description\" content=\"Der Chef des armenischen Generalstabs besuchte am vergangenen Freitag ein hochrangiges NATO-Ausbildungszentrum in Deutschland. Wenn es nach den USA geht, ist dies nur der Auftakt. Washington wolle die &#8220;Verteidigungsbeziehungen bewusst und schrittweise ausbauen&#8221;, so ein US-General. Armenien, ein russischer Verb\u00fcndeter, hat den Chef seines Generalstabs in ein hochrangiges NATO-Ausbildungszentrum in Deutschland entsandt, um zu er\u00f6rtern, [&hellip;]\" \/>\n<meta property=\"og:url\" content=\"https:\/\/now-news.de\/de\/deutschland\/meilenstein-usa-und-armenien-beginnen-militaerische-zusammenarbeit\/\" \/>\n<meta property=\"og:site_name\" content=\"just-now.NEWS Deutschland\" \/>\n<meta property=\"article:publisher\" content=\"https:\/\/www.facebook.com\/wirmachenauf\" \/>\n<meta property=\"article:published_time\" content=\"2023-11-07T11:52:22+00:00\" \/>\n<meta property=\"og:image\" content=\"https:\/\/now-news.de\/de\/wp-content\/uploads\/sites\/3\/2023\/11\/quotMeilensteinquot-\u2013-USA-und-Armenien-beginnen-militaerische-Zusammenarbeit.jpg\" \/>\n\t<meta property=\"og:image:width\" content=\"460\" \/>\n\t<meta property=\"og:image:height\" content=\"259\" \/>\n\t<meta property=\"og:image:type\" content=\"image\/jpeg\" \/>\n<meta name=\"author\" content=\"rtnews\" \/>\n<meta name=\"twitter:card\" content=\"summary_large_image\" \/>\n<meta name=\"twitter:creator\" content=\"@WirMachenAuf_de\" \/>\n<meta name=\"twitter:site\" content=\"@WirMachenAuf_de\" \/>\n<meta name=\"twitter:label1\" content=\"Verfasst von\" \/>\n\t<meta name=\"twitter:data1\" content=\"rtnews\" \/>\n\t<meta name=\"twitter:label2\" content=\"Gesch\u00e4tzte Lesezeit\" \/>\n\t<meta name=\"twitter:data2\" content=\"2\u00a0Minuten\" \/>\n<script type=\"application\/ld+json\" class=\"yoast-schema-graph\">{\"@context\":\"https:\/\/schema.org\",\"@graph\":[{\"@type\":\"Article\",\"@id\":\"https:\/\/now-news.de\/de\/deutschland\/meilenstein-usa-und-armenien-beginnen-militaerische-zusammenarbeit\/#article\",\"isPartOf\":{\"@id\":\"https:\/\/now-news.de\/de\/deutschland\/meilenstein-usa-und-armenien-beginnen-militaerische-zusammenarbeit\/\"},\"author\":{\"name\":\"rtnews\",\"@id\":\"https:\/\/now-news.de\/de\/#\/schema\/person\/fb534a4e865501d8b3285208df34a9b5\"},\"headline\":\"&quot;Meilenstein&quot; \u2013 USA und Armenien beginnen milit\u00e4rische Zusammenarbeit\",\"datePublished\":\"2023-11-07T11:52:22+00:00\",\"dateModified\":\"2023-11-07T11:52:22+00:00\",\"mainEntityOfPage\":{\"@id\":\"https:\/\/now-news.de\/de\/deutschland\/meilenstein-usa-und-armenien-beginnen-militaerische-zusammenarbeit\/\"},\"wordCount\":442,\"commentCount\":0,\"publisher\":{\"@id\":\"https:\/\/now-news.de\/de\/#organization\"},\"image\":{\"@id\":\"https:\/\/now-news.de\/de\/deutschland\/meilenstein-usa-und-armenien-beginnen-militaerische-zusammenarbeit\/#primaryimage\"},\"thumbnailUrl\":\"https:\/\/now-news.de\/de\/wp-content\/uploads\/sites\/3\/2023\/11\/quotMeilensteinquot-\u2013-USA-und-Armenien-beginnen-militaerische-Zusammenarbeit.jpg\",\"keywords\":[\"Armenien\",\"beginnen\",\"Milit\u00e4rische\",\"quotMeilensteinquot\",\"und\",\"USA\",\"Zusammenarbeit\"],\"articleSection\":[\"Deutschland\",\"Russland\"],\"inLanguage\":\"de\",\"potentialAction\":[{\"@type\":\"CommentAction\",\"name\":\"Comment\",\"target\":[\"https:\/\/now-news.de\/de\/deutschland\/meilenstein-usa-und-armenien-beginnen-militaerische-zusammenarbeit\/#respond\"]}]},{\"@type\":\"WebPage\",\"@id\":\"https:\/\/now-news.de\/de\/deutschland\/meilenstein-usa-und-armenien-beginnen-militaerische-zusammenarbeit\/\",\"url\":\"https:\/\/now-news.de\/de\/deutschland\/meilenstein-usa-und-armenien-beginnen-militaerische-zusammenarbeit\/\",\"name\":\"&quot;Meilenstein&quot; \u2013 USA und Armenien beginnen milit\u00e4rische Zusammenarbeit - just-now.NEWS Deutschland\",\"isPartOf\":{\"@id\":\"https:\/\/now-news.de\/de\/#website\"},\"primaryImageOfPage\":{\"@id\":\"https:\/\/now-news.de\/de\/deutschland\/meilenstein-usa-und-armenien-beginnen-militaerische-zusammenarbeit\/#primaryimage\"},\"image\":{\"@id\":\"https:\/\/now-news.de\/de\/deutschland\/meilenstein-usa-und-armenien-beginnen-militaerische-zusammenarbeit\/#primaryimage\"},\"thumbnailUrl\":\"https:\/\/now-news.de\/de\/wp-content\/uploads\/sites\/3\/2023\/11\/quotMeilensteinquot-\u2013-USA-und-Armenien-beginnen-militaerische-Zusammenarbeit.jpg\",\"datePublished\":\"2023-11-07T11:52:22+00:00\",\"dateModified\":\"2023-11-07T11:52:22+00:00\",\"breadcrumb\":{\"@id\":\"https:\/\/now-news.de\/de\/deutschland\/meilenstein-usa-und-armenien-beginnen-militaerische-zusammenarbeit\/#breadcrumb\"},\"inLanguage\":\"de\",\"potentialAction\":[{\"@type\":\"ReadAction\",\"target\":[\"https:\/\/now-news.de\/de\/deutschland\/meilenstein-usa-und-armenien-beginnen-militaerische-zusammenarbeit\/\"]}]},{\"@type\":\"ImageObject\",\"inLanguage\":\"de\",\"@id\":\"https:\/\/now-news.de\/de\/deutschland\/meilenstein-usa-und-armenien-beginnen-militaerische-zusammenarbeit\/#primaryimage\",\"url\":\"https:\/\/now-news.de\/de\/wp-content\/uploads\/sites\/3\/2023\/11\/quotMeilensteinquot-\u2013-USA-und-Armenien-beginnen-militaerische-Zusammenarbeit.jpg\",\"contentUrl\":\"https:\/\/now-news.de\/de\/wp-content\/uploads\/sites\/3\/2023\/11\/quotMeilensteinquot-\u2013-USA-und-Armenien-beginnen-militaerische-Zusammenarbeit.jpg\",\"width\":460,\"height\":259,\"caption\":\"&quot;Meilenstein&quot; \u2013 USA und Armenien beginnen milit\u00e4rische Zusammenarbeit\"},{\"@type\":\"BreadcrumbList\",\"@id\":\"https:\/\/now-news.de\/de\/deutschland\/meilenstein-usa-und-armenien-beginnen-militaerische-zusammenarbeit\/#breadcrumb\",\"itemListElement\":[{\"@type\":\"ListItem\",\"position\":1,\"name\":\"Home\",\"item\":\"https:\/\/now-news.de\/de\/\"},{\"@type\":\"ListItem\",\"position\":2,\"name\":\"&quot;Meilenstein&quot; \u2013 USA und Armenien beginnen milit\u00e4rische Zusammenarbeit\"}]},{\"@type\":\"WebSite\",\"@id\":\"https:\/\/now-news.de\/de\/#website\",\"url\":\"https:\/\/now-news.de\/de\/\",\"name\":\"just-now.NEWS Deutschland\",\"description\":\"Das Portal f\u00fcr unzensierte Nachrichten aus der Welt\",\"publisher\":{\"@id\":\"https:\/\/now-news.de\/de\/#organization\"},\"potentialAction\":[{\"@type\":\"SearchAction\",\"target\":{\"@type\":\"EntryPoint\",\"urlTemplate\":\"https:\/\/now-news.de\/de\/?s={search_term_string}\"},\"query-input\":\"required name=search_term_string\"}],\"inLanguage\":\"de\"},{\"@type\":\"Organization\",\"@id\":\"https:\/\/now-news.de\/de\/#organization\",\"name\":\"Just Now News\",\"url\":\"https:\/\/now-news.de\/de\/\",\"logo\":{\"@type\":\"ImageObject\",\"inLanguage\":\"de\",\"@id\":\"https:\/\/now-news.de\/de\/#\/schema\/logo\/image\/\",\"url\":\"http:\/\/just-now.news\/de\/wp-content\/uploads\/sites\/3\/2022\/04\/logo500x500.jpg\",\"contentUrl\":\"http:\/\/just-now.news\/de\/wp-content\/uploads\/sites\/3\/2022\/04\/logo500x500.jpg\",\"width\":500,\"height\":500,\"caption\":\"Just Now News\"},\"image\":{\"@id\":\"https:\/\/now-news.de\/de\/#\/schema\/logo\/image\/\"},\"sameAs\":[\"https:\/\/www.facebook.com\/wirmachenauf\",\"https:\/\/x.com\/WirMachenAuf_de\"]},{\"@type\":\"Person\",\"@id\":\"https:\/\/now-news.de\/de\/#\/schema\/person\/fb534a4e865501d8b3285208df34a9b5\",\"name\":\"rtnews\",\"image\":{\"@type\":\"ImageObject\",\"inLanguage\":\"de\",\"@id\":\"https:\/\/now-news.de\/de\/#\/schema\/person\/image\/\",\"url\":\"https:\/\/secure.gravatar.com\/avatar\/82aafea7d8127119dd649515f56e2117?s=96&d=mm&r=g\",\"contentUrl\":\"https:\/\/secure.gravatar.com\/avatar\/82aafea7d8127119dd649515f56e2117?s=96&d=mm&r=g\",\"caption\":\"rtnews\"},\"url\":\"https:\/\/now-news.de\/de\/author\/rnews\/\"}]}<\/script>\n<!-- \/ Yoast SEO Premium plugin. -->","yoast_head_json":{"title":"&quot;Meilenstein&quot; \u2013 USA und Armenien beginnen milit\u00e4rische Zusammenarbeit - just-now.NEWS Deutschland","robots":{"index":"index","follow":"follow","max-snippet":"max-snippet:-1","max-image-preview":"max-image-preview:large","max-video-preview":"max-video-preview:-1"},"canonical":"https:\/\/now-news.de\/de\/deutschland\/meilenstein-usa-und-armenien-beginnen-militaerische-zusammenarbeit\/","og_locale":"de_DE","og_type":"article","og_title":"&quot;Meilenstein&quot; \u2013 USA und Armenien beginnen milit\u00e4rische Zusammenarbeit","og_description":"Der Chef des armenischen Generalstabs besuchte am vergangenen Freitag ein hochrangiges NATO-Ausbildungszentrum in Deutschland. Wenn es nach den USA geht, ist dies nur der Auftakt. Washington wolle die &#8220;Verteidigungsbeziehungen bewusst und schrittweise ausbauen&#8221;, so ein US-General. Armenien, ein russischer Verb\u00fcndeter, hat den Chef seines Generalstabs in ein hochrangiges NATO-Ausbildungszentrum in Deutschland entsandt, um zu er\u00f6rtern, [&hellip;]","og_url":"https:\/\/now-news.de\/de\/deutschland\/meilenstein-usa-und-armenien-beginnen-militaerische-zusammenarbeit\/","og_site_name":"just-now.NEWS Deutschland","article_publisher":"https:\/\/www.facebook.com\/wirmachenauf","article_published_time":"2023-11-07T11:52:22+00:00","og_image":[{"width":460,"height":259,"url":"https:\/\/now-news.de\/de\/wp-content\/uploads\/sites\/3\/2023\/11\/quotMeilensteinquot-\u2013-USA-und-Armenien-beginnen-militaerische-Zusammenarbeit.jpg","type":"image\/jpeg"}],"author":"rtnews","twitter_card":"summary_large_image","twitter_creator":"@WirMachenAuf_de","twitter_site":"@WirMachenAuf_de","twitter_misc":{"Verfasst von":"rtnews","Gesch\u00e4tzte Lesezeit":"2\u00a0Minuten"},"schema":{"@context":"https:\/\/schema.org","@graph":[{"@type":"Article","@id":"https:\/\/now-news.de\/de\/deutschland\/meilenstein-usa-und-armenien-beginnen-militaerische-zusammenarbeit\/#article","isPartOf":{"@id":"https:\/\/now-news.de\/de\/deutschland\/meilenstein-usa-und-armenien-beginnen-militaerische-zusammenarbeit\/"},"author":{"name":"rtnews","@id":"https:\/\/now-news.de\/de\/#\/schema\/person\/fb534a4e865501d8b3285208df34a9b5"},"headline":"&quot;Meilenstein&quot; \u2013 USA und Armenien beginnen milit\u00e4rische Zusammenarbeit","datePublished":"2023-11-07T11:52:22+00:00","dateModified":"2023-11-07T11:52:22+00:00","mainEntityOfPage":{"@id":"https:\/\/now-news.de\/de\/deutschland\/meilenstein-usa-und-armenien-beginnen-militaerische-zusammenarbeit\/"},"wordCount":442,"commentCount":0,"publisher":{"@id":"https:\/\/now-news.de\/de\/#organization"},"image":{"@id":"https:\/\/now-news.de\/de\/deutschland\/meilenstein-usa-und-armenien-beginnen-militaerische-zusammenarbeit\/#primaryimage"},"thumbnailUrl":"https:\/\/now-news.de\/de\/wp-content\/uploads\/sites\/3\/2023\/11\/quotMeilensteinquot-\u2013-USA-und-Armenien-beginnen-militaerische-Zusammenarbeit.jpg","keywords":["Armenien","beginnen","Milit\u00e4rische","quotMeilensteinquot","und","USA","Zusammenarbeit"],"articleSection":["Deutschland","Russland"],"inLanguage":"de","potentialAction":[{"@type":"CommentAction","name":"Comment","target":["https:\/\/now-news.de\/de\/deutschland\/meilenstein-usa-und-armenien-beginnen-militaerische-zusammenarbeit\/#respond"]}]},{"@type":"WebPage","@id":"https:\/\/now-news.de\/de\/deutschland\/meilenstein-usa-und-armenien-beginnen-militaerische-zusammenarbeit\/","url":"https:\/\/now-news.de\/de\/deutschland\/meilenstein-usa-und-armenien-beginnen-militaerische-zusammenarbeit\/","name":"&quot;Meilenstein&quot; \u2013 USA und Armenien beginnen milit\u00e4rische Zusammenarbeit - just-now.NEWS Deutschland","isPartOf":{"@id":"https:\/\/now-news.de\/de\/#website"},"primaryImageOfPage":{"@id":"https:\/\/now-news.de\/de\/deutschland\/meilenstein-usa-und-armenien-beginnen-militaerische-zusammenarbeit\/#primaryimage"},"image":{"@id":"https:\/\/now-news.de\/de\/deutschland\/meilenstein-usa-und-armenien-beginnen-militaerische-zusammenarbeit\/#primaryimage"},"thumbnailUrl":"https:\/\/now-news.de\/de\/wp-content\/uploads\/sites\/3\/2023\/11\/quotMeilensteinquot-\u2013-USA-und-Armenien-beginnen-militaerische-Zusammenarbeit.jpg","datePublished":"2023-11-07T11:52:22+00:00","dateModified":"2023-11-07T11:52:22+00:00","breadcrumb":{"@id":"https:\/\/now-news.de\/de\/deutschland\/meilenstein-usa-und-armenien-beginnen-militaerische-zusammenarbeit\/#breadcrumb"},"inLanguage":"de","potentialAction":[{"@type":"ReadAction","target":["https:\/\/now-news.de\/de\/deutschland\/meilenstein-usa-und-armenien-beginnen-militaerische-zusammenarbeit\/"]}]},{"@type":"ImageObject","inLanguage":"de","@id":"https:\/\/now-news.de\/de\/deutschland\/meilenstein-usa-und-armenien-beginnen-militaerische-zusammenarbeit\/#primaryimage","url":"https:\/\/now-news.de\/de\/wp-content\/uploads\/sites\/3\/2023\/11\/quotMeilensteinquot-\u2013-USA-und-Armenien-beginnen-militaerische-Zusammenarbeit.jpg","contentUrl":"https:\/\/now-news.de\/de\/wp-content\/uploads\/sites\/3\/2023\/11\/quotMeilensteinquot-\u2013-USA-und-Armenien-beginnen-militaerische-Zusammenarbeit.jpg","width":460,"height":259,"caption":"&quot;Meilenstein&quot; \u2013 USA und Armenien beginnen milit\u00e4rische Zusammenarbeit"},{"@type":"BreadcrumbList","@id":"https:\/\/now-news.de\/de\/deutschland\/meilenstein-usa-und-armenien-beginnen-militaerische-zusammenarbeit\/#breadcrumb","itemListElement":[{"@type":"ListItem","position":1,"name":"Home","item":"https:\/\/now-news.de\/de\/"},{"@type":"ListItem","position":2,"name":"&quot;Meilenstein&quot; \u2013 USA und Armenien beginnen milit\u00e4rische Zusammenarbeit"}]},{"@type":"WebSite","@id":"https:\/\/now-news.de\/de\/#website","url":"https:\/\/now-news.de\/de\/","name":"just-now.NEWS Deutschland","description":"Das Portal f\u00fcr unzensierte Nachrichten aus der Welt","publisher":{"@id":"https:\/\/now-news.de\/de\/#organization"},"potentialAction":[{"@type":"SearchAction","target":{"@type":"EntryPoint","urlTemplate":"https:\/\/now-news.de\/de\/?s={search_term_string}"},"query-input":"required name=search_term_string"}],"inLanguage":"de"},{"@type":"Organization","@id":"https:\/\/now-news.de\/de\/#organization","name":"Just Now News","url":"https:\/\/now-news.de\/de\/","logo":{"@type":"ImageObject","inLanguage":"de","@id":"https:\/\/now-news.de\/de\/#\/schema\/logo\/image\/","url":"http:\/\/just-now.news\/de\/wp-content\/uploads\/sites\/3\/2022\/04\/logo500x500.jpg","contentUrl":"http:\/\/just-now.news\/de\/wp-content\/uploads\/sites\/3\/2022\/04\/logo500x500.jpg","width":500,"height":500,"caption":"Just Now News"},"image":{"@id":"https:\/\/now-news.de\/de\/#\/schema\/logo\/image\/"},"sameAs":["https:\/\/www.facebook.com\/wirmachenauf","https:\/\/x.com\/WirMachenAuf_de"]},{"@type":"Person","@id":"https:\/\/now-news.de\/de\/#\/schema\/person\/fb534a4e865501d8b3285208df34a9b5","name":"rtnews","image":{"@type":"ImageObject","inLanguage":"de","@id":"https:\/\/now-news.de\/de\/#\/schema\/person\/image\/","url":"https:\/\/secure.gravatar.com\/avatar\/82aafea7d8127119dd649515f56e2117?s=96&d=mm&r=g","contentUrl":"https:\/\/secure.gravatar.com\/avatar\/82aafea7d8127119dd649515f56e2117?s=96&d=mm&r=g","caption":"rtnews"},"url":"https:\/\/now-news.de\/de\/author\/rnews\/"}]}},"_links":{"self":[{"href":"https:\/\/now-news.de\/de\/wp-json\/wp\/v2\/posts\/49356"}],"collection":[{"href":"https:\/\/now-news.de\/de\/wp-json\/wp\/v2\/posts"}],"about":[{"href":"https:\/\/now-news.de\/de\/wp-json\/wp\/v2\/types\/post"}],"author":[{"embeddable":true,"href":"https:\/\/now-news.de\/de\/wp-json\/wp\/v2\/users\/3"}],"replies":[{"embeddable":true,"href":"https:\/\/now-news.de\/de\/wp-json\/wp\/v2\/comments?post=49356"}],"version-history":[{"count":0,"href":"https:\/\/now-news.de\/de\/wp-json\/wp\/v2\/posts\/49356\/revisions"}],"wp:featuredmedia":[{"embeddable":true,"href":"https:\/\/now-news.de\/de\/wp-json\/wp\/v2\/media\/49357"}],"wp:attachment":[{"href":"https:\/\/now-news.de\/de\/wp-json\/wp\/v2\/media?parent=49356"}],"wp:term":[{"taxonomy":"category","embeddable":true,"href":"https:\/\/now-news.de\/de\/wp-json\/wp\/v2\/categories?post=49356"},{"taxonomy":"post_tag","embeddable":true,"href":"https:\/\/now-news.de\/de\/wp-json\/wp\/v2\/tags?post=49356"}],"curies":[{"name":"wp","href":"https:\/\/api.w.org\/{rel}","templated":true}]}}