{"id":49330,"date":"2023-11-06T19:47:07","date_gmt":"2023-11-06T17:47:07","guid":{"rendered":"https:\/\/just-now.news\/de\/deutschland\/new-york-times-sieht-erste-risse-in-ukrainischer-fuehrung\/"},"modified":"2023-11-06T19:47:07","modified_gmt":"2023-11-06T17:47:07","slug":"new-york-times-sieht-erste-risse-in-ukrainischer-fuehrung","status":"publish","type":"post","link":"https:\/\/now-news.de\/de\/deutschland\/new-york-times-sieht-erste-risse-in-ukrainischer-fuehrung\/","title":{"rendered":"New York Times sieht erste Risse in ukrainischer F\u00fchrung"},"content":{"rendered":"<p><img decoding=\"async\" src=\"http:\/\/just-now.news\/de\/wp-content\/uploads\/sites\/3\/2023\/11\/6548fb2c48fbef22395ee6e3.jpg\" \/><\/p>\n<div class=\"Text-root Text-type_1 \">\n                Laut der &#8220;New York Times&#8221; gibt es einen Zwist zwischen dem Pr\u00e4sidialamt von Wladimir Selenskij und dem obersten Milit\u00e4rkommandanten Waleri Saluschny. Der General hatte in einem Artikel davor gewarnt, dass sich die Kriegsparteien in einer &#8220;Pattsituation&#8221; bef\u00e4nden.\n            <\/div>\n<p><\/p>\n<div class=\"Text-root Text-type_5 ArticleView-text ViewText-root \">\n<p>In einem Bericht vom Samstag schreibt die <em>New York Times<\/em>, dass die ukrainische F\u00fchrung zunehmend gespalten sei, und beruft sich dabei auf die j\u00fcngste \u00f6ffentliche Kritik der Regierung von Pr\u00e4sident Wladimir Selenskij an dem obersten Milit\u00e4rkommandeur des Landes, Waleri Saluschny.<\/p>\n<p>Der General hatte in der vergangenen Woche in einem Artikel f\u00fcr das britische Magazin <em>The Economist<\/em> geschrieben, der Konflikt mit Russland sei in eine Sackgasse geraten und keine der beiden Seiten werde in absehbarer Zeit nennenswerte Fortschritte machen.<\/p>\n<p>In ihrem Artikel vom Samstag interpretierte die <em>New York Times<\/em>, die \u00f6ffentliche R\u00fcge signalisiere &#8220;eine sich abzeichnende Kluft zwischen der milit\u00e4rischen und der zivilen F\u00fchrung in einer f\u00fcr die Ukraine ohnehin schwierigen Zeit&#8221;.<\/p>\n<p>Der Zeitung zufolge kursieren in der Ukraine bereits seit \u00fcber einem Jahr Ger\u00fcchte \u00fcber Spannungen zwischen Selenskij und Saluschny. Die Kritik, die der stellvertretende Leiter des Pr\u00e4sidialamtes, Igor Schowkwa, dem Kommandeur wegen seines Artikels f\u00fcr <em>The Economist<\/em> entgegenbrachte, k\u00f6nnte jedoch das erste Mal gewesen sein, dass dieser Riss aufgedeckt wurde, so die <em>New York Times<\/em> weiter.<\/p>\n<p>Selenskijs Regierung hatte Saluschny \u00f6ffentlich kritisiert, nachdem dieser in seinem Artikel f\u00fcr das britische Magazin davor gewarnt hatte, dass sich die Kriegsparteien in einer &#8220;Pattsituation&#8221; bef\u00e4nden, und die Situation mit dem Ersten Weltkrieg verglichen hatte.<\/p>\n<p>Der General hatte weiter geschrieben, dass es unwahrscheinlich sei, dass das ukrainische Milit\u00e4r einen &#8220;tiefen und sch\u00f6nen Durchbruch&#8221; schaffen werde, es sei denn, seine Unterst\u00fctzer w\u00fcrden ihm modernere Waffen zur Verf\u00fcgung stellen.<\/p>\n<p>Zu Saluschnys Artikel sagte Schowkwa, &#8220;dass das Letzte, was ich tun w\u00fcrde, ein Kommentar f\u00fcr die Presse w\u00e4re &#8230; \u00fcber das, was an der Front passiert [und] was an der Front passieren k\u00f6nnte&#8221;. Der stellvertretende Leiter des Pr\u00e4sidialamtes fuhr fort, dass solche Enth\u00fcllungen &#8220;Russland in die H\u00e4nde spielen&#8221;.<\/p>\n<p>Er behauptete zudem, er habe Anrufe von ungenannten westlichen Politikern erhalten, die in Panik gewesen seien und sich erkundigt h\u00e4tten, ob Kiew &#8220;wirklich in einer Sackgasse&#8221; sei. Auch Selenskij machte auf einer Pressekonferenz am Samstag deutlich, dass er die Front nicht als festgefahren ansieht.<\/p>\n<p>Der \u00f6ffentliche Schlagabtausch fand inmitten schwerer Verluste und bescheidener Erfolge statt, die die ukrainische Gegenoffensive, die Anfang Juni begonnen hatte, bisher erbracht hat. Nach Sch\u00e4tzungen des russischen Verteidigungsministers Sergei Schoigu hat Kiew seither bis zu 90.000 Soldaten verloren.<\/p>\n<p>Die ukrainische F\u00fchrung hat einger\u00e4umt, dass die Operation nicht so reibungslos verlaufe wie geplant, ein Umstand, der laut Selenskij auf die unzureichende Unterst\u00fctzung durch den Westen zur\u00fcckzuf\u00fchren sei.<\/p>\n<p><strong>Mehr zum Thema<\/strong> \u2013 <a rel=\"nofollow noopener\" target=\"_blank\" href=\"https:\/\/freeassange.rtde.life\/international\/185966-medien-westen-diskutiert-mit-kiew\/\">Medien: Westen diskutiert mit Kiew m\u00f6gliche Friedensgespr\u00e4che <\/a><\/p>\n<div class=\"EmbedBlock-root EmbedBlock-externalVideo EmbedBlock-odysee\">\n<div class=\"VkEmbed\"><iframe class=\"lazyload\" data-src=\"https:\/\/odysee.com\/%24\/embed\/%40RTDE%3Ae%2Fsacharowa-westen-ist-eine-dunkle-macht%3A0\" frameborder=\"0\" width=\"853\" height=\"480\" allowfullscreen><\/iframe><\/div>\n<\/div>\n<\/div>\n<p><br \/>\n<br \/><a href=\"https:\/\/de.rt.com\/international\/186154-new-york-times-sieht-erste-risse-in-ukrainischer-fuehrung\/\">Source link <\/a><\/p>\n","protected":false},"excerpt":{"rendered":"<p>Laut der &#8220;New York Times&#8221; gibt es einen Zwist zwischen dem Pr\u00e4sidialamt von Wladimir Selenskij und dem obersten Milit\u00e4rkommandanten Waleri Saluschny. Der General hatte in einem Artikel davor gewarnt, dass sich die Kriegsparteien in einer &#8220;Pattsituation&#8221; bef\u00e4nden. In einem Bericht vom Samstag schreibt die New York Times, dass die ukrainische F\u00fchrung zunehmend gespalten sei, und [&hellip;]<\/p>\n","protected":false},"author":3,"featured_media":49331,"comment_status":"open","ping_status":"open","sticky":false,"template":"","format":"standard","meta":{"_yoast_indexnow_last_ping":["1699293734"],"wp_automatic_camp":["217"],"3f48d18317d8c20de76476175974bbce":["New York Times sieht erste Risse in ukrainischer F\u00fchrung"],"original_link":["https:\/\/de.rt.com\/international\/186154-new-york-times-sieht-erste-risse-in-ukrainischer-fuehrung\/"],"_thumbnail_id":["49331"],"_wptgpro_p2tg_sent2tg":["a:1:{i:23737;s:19:\"2023-11-06 20:03:22\";}"],"jnews_social_counter_last_update":["1777251848"]},"categories":[19,23],"tags":[274,19159,6251,6809,259,488,6849],"yoast_head":"<!-- This site is optimized with the Yoast SEO Premium plugin v22.7 (Yoast SEO v22.7) - https:\/\/yoast.com\/wordpress\/plugins\/seo\/ -->\n<title>New York Times sieht erste Risse in ukrainischer F\u00fchrung - just-now.NEWS Deutschland<\/title>\n<meta name=\"robots\" content=\"index, follow, max-snippet:-1, max-image-preview:large, max-video-preview:-1\" \/>\n<link rel=\"canonical\" href=\"https:\/\/now-news.de\/de\/deutschland\/new-york-times-sieht-erste-risse-in-ukrainischer-fuehrung\/\" \/>\n<meta property=\"og:locale\" content=\"de_DE\" \/>\n<meta property=\"og:type\" content=\"article\" \/>\n<meta property=\"og:title\" content=\"New York Times sieht erste Risse in ukrainischer F\u00fchrung\" \/>\n<meta property=\"og:description\" content=\"Laut der &#8220;New York Times&#8221; gibt es einen Zwist zwischen dem Pr\u00e4sidialamt von Wladimir Selenskij und dem obersten Milit\u00e4rkommandanten Waleri Saluschny. Der General hatte in einem Artikel davor gewarnt, dass sich die Kriegsparteien in einer &#8220;Pattsituation&#8221; bef\u00e4nden. In einem Bericht vom Samstag schreibt die New York Times, dass die ukrainische F\u00fchrung zunehmend gespalten sei, und [&hellip;]\" \/>\n<meta property=\"og:url\" content=\"https:\/\/now-news.de\/de\/deutschland\/new-york-times-sieht-erste-risse-in-ukrainischer-fuehrung\/\" \/>\n<meta property=\"og:site_name\" content=\"just-now.NEWS Deutschland\" \/>\n<meta property=\"article:publisher\" content=\"https:\/\/www.facebook.com\/wirmachenauf\" \/>\n<meta property=\"article:published_time\" content=\"2023-11-06T17:47:07+00:00\" \/>\n<meta property=\"og:image\" content=\"https:\/\/now-news.de\/de\/wp-content\/uploads\/sites\/3\/2023\/11\/New-York-Times-sieht-erste-Risse-in-ukrainischer-Fuehrung.jpg\" \/>\n\t<meta property=\"og:image:width\" content=\"460\" \/>\n\t<meta property=\"og:image:height\" content=\"259\" \/>\n\t<meta property=\"og:image:type\" content=\"image\/jpeg\" \/>\n<meta name=\"author\" content=\"rtnews\" \/>\n<meta name=\"twitter:card\" content=\"summary_large_image\" \/>\n<meta name=\"twitter:creator\" content=\"@WirMachenAuf_de\" \/>\n<meta name=\"twitter:site\" content=\"@WirMachenAuf_de\" \/>\n<meta name=\"twitter:label1\" content=\"Verfasst von\" \/>\n\t<meta name=\"twitter:data1\" content=\"rtnews\" \/>\n\t<meta name=\"twitter:label2\" content=\"Gesch\u00e4tzte Lesezeit\" \/>\n\t<meta name=\"twitter:data2\" content=\"2\u00a0Minuten\" \/>\n<script type=\"application\/ld+json\" class=\"yoast-schema-graph\">{\"@context\":\"https:\/\/schema.org\",\"@graph\":[{\"@type\":\"Article\",\"@id\":\"https:\/\/now-news.de\/de\/deutschland\/new-york-times-sieht-erste-risse-in-ukrainischer-fuehrung\/#article\",\"isPartOf\":{\"@id\":\"https:\/\/now-news.de\/de\/deutschland\/new-york-times-sieht-erste-risse-in-ukrainischer-fuehrung\/\"},\"author\":{\"name\":\"rtnews\",\"@id\":\"https:\/\/now-news.de\/de\/#\/schema\/person\/fb534a4e865501d8b3285208df34a9b5\"},\"headline\":\"New York Times sieht erste Risse in ukrainischer F\u00fchrung\",\"datePublished\":\"2023-11-06T17:47:07+00:00\",\"dateModified\":\"2023-11-06T17:47:07+00:00\",\"mainEntityOfPage\":{\"@id\":\"https:\/\/now-news.de\/de\/deutschland\/new-york-times-sieht-erste-risse-in-ukrainischer-fuehrung\/\"},\"wordCount\":489,\"commentCount\":0,\"publisher\":{\"@id\":\"https:\/\/now-news.de\/de\/#organization\"},\"image\":{\"@id\":\"https:\/\/now-news.de\/de\/deutschland\/new-york-times-sieht-erste-risse-in-ukrainischer-fuehrung\/#primaryimage\"},\"thumbnailUrl\":\"https:\/\/now-news.de\/de\/wp-content\/uploads\/sites\/3\/2023\/11\/New-York-Times-sieht-erste-Risse-in-ukrainischer-Fuehrung.jpg\",\"keywords\":[\"Erste\",\"F\u00fchrung\",\"Risse\",\"sieht\",\"Times\",\"Ukrainischer\",\"York\"],\"articleSection\":[\"Deutschland\",\"Russland\"],\"inLanguage\":\"de\",\"potentialAction\":[{\"@type\":\"CommentAction\",\"name\":\"Comment\",\"target\":[\"https:\/\/now-news.de\/de\/deutschland\/new-york-times-sieht-erste-risse-in-ukrainischer-fuehrung\/#respond\"]}]},{\"@type\":\"WebPage\",\"@id\":\"https:\/\/now-news.de\/de\/deutschland\/new-york-times-sieht-erste-risse-in-ukrainischer-fuehrung\/\",\"url\":\"https:\/\/now-news.de\/de\/deutschland\/new-york-times-sieht-erste-risse-in-ukrainischer-fuehrung\/\",\"name\":\"New York Times sieht erste Risse in ukrainischer F\u00fchrung - just-now.NEWS Deutschland\",\"isPartOf\":{\"@id\":\"https:\/\/now-news.de\/de\/#website\"},\"primaryImageOfPage\":{\"@id\":\"https:\/\/now-news.de\/de\/deutschland\/new-york-times-sieht-erste-risse-in-ukrainischer-fuehrung\/#primaryimage\"},\"image\":{\"@id\":\"https:\/\/now-news.de\/de\/deutschland\/new-york-times-sieht-erste-risse-in-ukrainischer-fuehrung\/#primaryimage\"},\"thumbnailUrl\":\"https:\/\/now-news.de\/de\/wp-content\/uploads\/sites\/3\/2023\/11\/New-York-Times-sieht-erste-Risse-in-ukrainischer-Fuehrung.jpg\",\"datePublished\":\"2023-11-06T17:47:07+00:00\",\"dateModified\":\"2023-11-06T17:47:07+00:00\",\"breadcrumb\":{\"@id\":\"https:\/\/now-news.de\/de\/deutschland\/new-york-times-sieht-erste-risse-in-ukrainischer-fuehrung\/#breadcrumb\"},\"inLanguage\":\"de\",\"potentialAction\":[{\"@type\":\"ReadAction\",\"target\":[\"https:\/\/now-news.de\/de\/deutschland\/new-york-times-sieht-erste-risse-in-ukrainischer-fuehrung\/\"]}]},{\"@type\":\"ImageObject\",\"inLanguage\":\"de\",\"@id\":\"https:\/\/now-news.de\/de\/deutschland\/new-york-times-sieht-erste-risse-in-ukrainischer-fuehrung\/#primaryimage\",\"url\":\"https:\/\/now-news.de\/de\/wp-content\/uploads\/sites\/3\/2023\/11\/New-York-Times-sieht-erste-Risse-in-ukrainischer-Fuehrung.jpg\",\"contentUrl\":\"https:\/\/now-news.de\/de\/wp-content\/uploads\/sites\/3\/2023\/11\/New-York-Times-sieht-erste-Risse-in-ukrainischer-Fuehrung.jpg\",\"width\":460,\"height\":259,\"caption\":\"New York Times sieht erste Risse in ukrainischer F\u00fchrung\"},{\"@type\":\"BreadcrumbList\",\"@id\":\"https:\/\/now-news.de\/de\/deutschland\/new-york-times-sieht-erste-risse-in-ukrainischer-fuehrung\/#breadcrumb\",\"itemListElement\":[{\"@type\":\"ListItem\",\"position\":1,\"name\":\"Home\",\"item\":\"https:\/\/now-news.de\/de\/\"},{\"@type\":\"ListItem\",\"position\":2,\"name\":\"New York Times sieht erste Risse in ukrainischer F\u00fchrung\"}]},{\"@type\":\"WebSite\",\"@id\":\"https:\/\/now-news.de\/de\/#website\",\"url\":\"https:\/\/now-news.de\/de\/\",\"name\":\"just-now.NEWS Deutschland\",\"description\":\"Das Portal f\u00fcr unzensierte Nachrichten aus der Welt\",\"publisher\":{\"@id\":\"https:\/\/now-news.de\/de\/#organization\"},\"potentialAction\":[{\"@type\":\"SearchAction\",\"target\":{\"@type\":\"EntryPoint\",\"urlTemplate\":\"https:\/\/now-news.de\/de\/?s={search_term_string}\"},\"query-input\":\"required name=search_term_string\"}],\"inLanguage\":\"de\"},{\"@type\":\"Organization\",\"@id\":\"https:\/\/now-news.de\/de\/#organization\",\"name\":\"Just Now News\",\"url\":\"https:\/\/now-news.de\/de\/\",\"logo\":{\"@type\":\"ImageObject\",\"inLanguage\":\"de\",\"@id\":\"https:\/\/now-news.de\/de\/#\/schema\/logo\/image\/\",\"url\":\"http:\/\/just-now.news\/de\/wp-content\/uploads\/sites\/3\/2022\/04\/logo500x500.jpg\",\"contentUrl\":\"http:\/\/just-now.news\/de\/wp-content\/uploads\/sites\/3\/2022\/04\/logo500x500.jpg\",\"width\":500,\"height\":500,\"caption\":\"Just Now News\"},\"image\":{\"@id\":\"https:\/\/now-news.de\/de\/#\/schema\/logo\/image\/\"},\"sameAs\":[\"https:\/\/www.facebook.com\/wirmachenauf\",\"https:\/\/x.com\/WirMachenAuf_de\"]},{\"@type\":\"Person\",\"@id\":\"https:\/\/now-news.de\/de\/#\/schema\/person\/fb534a4e865501d8b3285208df34a9b5\",\"name\":\"rtnews\",\"image\":{\"@type\":\"ImageObject\",\"inLanguage\":\"de\",\"@id\":\"https:\/\/now-news.de\/de\/#\/schema\/person\/image\/\",\"url\":\"https:\/\/secure.gravatar.com\/avatar\/82aafea7d8127119dd649515f56e2117?s=96&d=mm&r=g\",\"contentUrl\":\"https:\/\/secure.gravatar.com\/avatar\/82aafea7d8127119dd649515f56e2117?s=96&d=mm&r=g\",\"caption\":\"rtnews\"},\"url\":\"https:\/\/now-news.de\/de\/author\/rnews\/\"}]}<\/script>\n<!-- \/ Yoast SEO Premium plugin. -->","yoast_head_json":{"title":"New York Times sieht erste Risse in ukrainischer F\u00fchrung - just-now.NEWS Deutschland","robots":{"index":"index","follow":"follow","max-snippet":"max-snippet:-1","max-image-preview":"max-image-preview:large","max-video-preview":"max-video-preview:-1"},"canonical":"https:\/\/now-news.de\/de\/deutschland\/new-york-times-sieht-erste-risse-in-ukrainischer-fuehrung\/","og_locale":"de_DE","og_type":"article","og_title":"New York Times sieht erste Risse in ukrainischer F\u00fchrung","og_description":"Laut der &#8220;New York Times&#8221; gibt es einen Zwist zwischen dem Pr\u00e4sidialamt von Wladimir Selenskij und dem obersten Milit\u00e4rkommandanten Waleri Saluschny. Der General hatte in einem Artikel davor gewarnt, dass sich die Kriegsparteien in einer &#8220;Pattsituation&#8221; bef\u00e4nden. In einem Bericht vom Samstag schreibt die New York Times, dass die ukrainische F\u00fchrung zunehmend gespalten sei, und [&hellip;]","og_url":"https:\/\/now-news.de\/de\/deutschland\/new-york-times-sieht-erste-risse-in-ukrainischer-fuehrung\/","og_site_name":"just-now.NEWS Deutschland","article_publisher":"https:\/\/www.facebook.com\/wirmachenauf","article_published_time":"2023-11-06T17:47:07+00:00","og_image":[{"width":460,"height":259,"url":"https:\/\/now-news.de\/de\/wp-content\/uploads\/sites\/3\/2023\/11\/New-York-Times-sieht-erste-Risse-in-ukrainischer-Fuehrung.jpg","type":"image\/jpeg"}],"author":"rtnews","twitter_card":"summary_large_image","twitter_creator":"@WirMachenAuf_de","twitter_site":"@WirMachenAuf_de","twitter_misc":{"Verfasst von":"rtnews","Gesch\u00e4tzte Lesezeit":"2\u00a0Minuten"},"schema":{"@context":"https:\/\/schema.org","@graph":[{"@type":"Article","@id":"https:\/\/now-news.de\/de\/deutschland\/new-york-times-sieht-erste-risse-in-ukrainischer-fuehrung\/#article","isPartOf":{"@id":"https:\/\/now-news.de\/de\/deutschland\/new-york-times-sieht-erste-risse-in-ukrainischer-fuehrung\/"},"author":{"name":"rtnews","@id":"https:\/\/now-news.de\/de\/#\/schema\/person\/fb534a4e865501d8b3285208df34a9b5"},"headline":"New York Times sieht erste Risse in ukrainischer F\u00fchrung","datePublished":"2023-11-06T17:47:07+00:00","dateModified":"2023-11-06T17:47:07+00:00","mainEntityOfPage":{"@id":"https:\/\/now-news.de\/de\/deutschland\/new-york-times-sieht-erste-risse-in-ukrainischer-fuehrung\/"},"wordCount":489,"commentCount":0,"publisher":{"@id":"https:\/\/now-news.de\/de\/#organization"},"image":{"@id":"https:\/\/now-news.de\/de\/deutschland\/new-york-times-sieht-erste-risse-in-ukrainischer-fuehrung\/#primaryimage"},"thumbnailUrl":"https:\/\/now-news.de\/de\/wp-content\/uploads\/sites\/3\/2023\/11\/New-York-Times-sieht-erste-Risse-in-ukrainischer-Fuehrung.jpg","keywords":["Erste","F\u00fchrung","Risse","sieht","Times","Ukrainischer","York"],"articleSection":["Deutschland","Russland"],"inLanguage":"de","potentialAction":[{"@type":"CommentAction","name":"Comment","target":["https:\/\/now-news.de\/de\/deutschland\/new-york-times-sieht-erste-risse-in-ukrainischer-fuehrung\/#respond"]}]},{"@type":"WebPage","@id":"https:\/\/now-news.de\/de\/deutschland\/new-york-times-sieht-erste-risse-in-ukrainischer-fuehrung\/","url":"https:\/\/now-news.de\/de\/deutschland\/new-york-times-sieht-erste-risse-in-ukrainischer-fuehrung\/","name":"New York Times sieht erste Risse in ukrainischer F\u00fchrung - just-now.NEWS Deutschland","isPartOf":{"@id":"https:\/\/now-news.de\/de\/#website"},"primaryImageOfPage":{"@id":"https:\/\/now-news.de\/de\/deutschland\/new-york-times-sieht-erste-risse-in-ukrainischer-fuehrung\/#primaryimage"},"image":{"@id":"https:\/\/now-news.de\/de\/deutschland\/new-york-times-sieht-erste-risse-in-ukrainischer-fuehrung\/#primaryimage"},"thumbnailUrl":"https:\/\/now-news.de\/de\/wp-content\/uploads\/sites\/3\/2023\/11\/New-York-Times-sieht-erste-Risse-in-ukrainischer-Fuehrung.jpg","datePublished":"2023-11-06T17:47:07+00:00","dateModified":"2023-11-06T17:47:07+00:00","breadcrumb":{"@id":"https:\/\/now-news.de\/de\/deutschland\/new-york-times-sieht-erste-risse-in-ukrainischer-fuehrung\/#breadcrumb"},"inLanguage":"de","potentialAction":[{"@type":"ReadAction","target":["https:\/\/now-news.de\/de\/deutschland\/new-york-times-sieht-erste-risse-in-ukrainischer-fuehrung\/"]}]},{"@type":"ImageObject","inLanguage":"de","@id":"https:\/\/now-news.de\/de\/deutschland\/new-york-times-sieht-erste-risse-in-ukrainischer-fuehrung\/#primaryimage","url":"https:\/\/now-news.de\/de\/wp-content\/uploads\/sites\/3\/2023\/11\/New-York-Times-sieht-erste-Risse-in-ukrainischer-Fuehrung.jpg","contentUrl":"https:\/\/now-news.de\/de\/wp-content\/uploads\/sites\/3\/2023\/11\/New-York-Times-sieht-erste-Risse-in-ukrainischer-Fuehrung.jpg","width":460,"height":259,"caption":"New York Times sieht erste Risse in ukrainischer F\u00fchrung"},{"@type":"BreadcrumbList","@id":"https:\/\/now-news.de\/de\/deutschland\/new-york-times-sieht-erste-risse-in-ukrainischer-fuehrung\/#breadcrumb","itemListElement":[{"@type":"ListItem","position":1,"name":"Home","item":"https:\/\/now-news.de\/de\/"},{"@type":"ListItem","position":2,"name":"New York Times sieht erste Risse in ukrainischer F\u00fchrung"}]},{"@type":"WebSite","@id":"https:\/\/now-news.de\/de\/#website","url":"https:\/\/now-news.de\/de\/","name":"just-now.NEWS Deutschland","description":"Das Portal f\u00fcr unzensierte Nachrichten aus der Welt","publisher":{"@id":"https:\/\/now-news.de\/de\/#organization"},"potentialAction":[{"@type":"SearchAction","target":{"@type":"EntryPoint","urlTemplate":"https:\/\/now-news.de\/de\/?s={search_term_string}"},"query-input":"required name=search_term_string"}],"inLanguage":"de"},{"@type":"Organization","@id":"https:\/\/now-news.de\/de\/#organization","name":"Just Now News","url":"https:\/\/now-news.de\/de\/","logo":{"@type":"ImageObject","inLanguage":"de","@id":"https:\/\/now-news.de\/de\/#\/schema\/logo\/image\/","url":"http:\/\/just-now.news\/de\/wp-content\/uploads\/sites\/3\/2022\/04\/logo500x500.jpg","contentUrl":"http:\/\/just-now.news\/de\/wp-content\/uploads\/sites\/3\/2022\/04\/logo500x500.jpg","width":500,"height":500,"caption":"Just Now News"},"image":{"@id":"https:\/\/now-news.de\/de\/#\/schema\/logo\/image\/"},"sameAs":["https:\/\/www.facebook.com\/wirmachenauf","https:\/\/x.com\/WirMachenAuf_de"]},{"@type":"Person","@id":"https:\/\/now-news.de\/de\/#\/schema\/person\/fb534a4e865501d8b3285208df34a9b5","name":"rtnews","image":{"@type":"ImageObject","inLanguage":"de","@id":"https:\/\/now-news.de\/de\/#\/schema\/person\/image\/","url":"https:\/\/secure.gravatar.com\/avatar\/82aafea7d8127119dd649515f56e2117?s=96&d=mm&r=g","contentUrl":"https:\/\/secure.gravatar.com\/avatar\/82aafea7d8127119dd649515f56e2117?s=96&d=mm&r=g","caption":"rtnews"},"url":"https:\/\/now-news.de\/de\/author\/rnews\/"}]}},"_links":{"self":[{"href":"https:\/\/now-news.de\/de\/wp-json\/wp\/v2\/posts\/49330"}],"collection":[{"href":"https:\/\/now-news.de\/de\/wp-json\/wp\/v2\/posts"}],"about":[{"href":"https:\/\/now-news.de\/de\/wp-json\/wp\/v2\/types\/post"}],"author":[{"embeddable":true,"href":"https:\/\/now-news.de\/de\/wp-json\/wp\/v2\/users\/3"}],"replies":[{"embeddable":true,"href":"https:\/\/now-news.de\/de\/wp-json\/wp\/v2\/comments?post=49330"}],"version-history":[{"count":0,"href":"https:\/\/now-news.de\/de\/wp-json\/wp\/v2\/posts\/49330\/revisions"}],"wp:featuredmedia":[{"embeddable":true,"href":"https:\/\/now-news.de\/de\/wp-json\/wp\/v2\/media\/49331"}],"wp:attachment":[{"href":"https:\/\/now-news.de\/de\/wp-json\/wp\/v2\/media?parent=49330"}],"wp:term":[{"taxonomy":"category","embeddable":true,"href":"https:\/\/now-news.de\/de\/wp-json\/wp\/v2\/categories?post=49330"},{"taxonomy":"post_tag","embeddable":true,"href":"https:\/\/now-news.de\/de\/wp-json\/wp\/v2\/tags?post=49330"}],"curies":[{"name":"wp","href":"https:\/\/api.w.org\/{rel}","templated":true}]}}