{"id":49285,"date":"2023-11-05T15:35:16","date_gmt":"2023-11-05T13:35:16","guid":{"rendered":"https:\/\/just-now.news\/de\/deutschland\/vfl-osnabrueck-ohne-steaks-kicken-fuers-klima\/"},"modified":"2023-11-05T15:35:16","modified_gmt":"2023-11-05T13:35:16","slug":"vfl-osnabrueck-ohne-steaks-kicken-fuers-klima","status":"publish","type":"post","link":"https:\/\/now-news.de\/de\/deutschland\/vfl-osnabrueck-ohne-steaks-kicken-fuers-klima\/","title":{"rendered":"VfL Osnabr\u00fcck ohne Steaks: Kicken f\u00fcrs Klima?"},"content":{"rendered":"<p><img decoding=\"async\" src=\"http:\/\/just-now.news\/de\/wp-content\/uploads\/sites\/3\/2023\/11\/6544f80fb480cc5bed409da6.jpeg\" \/><\/p>\n<div class=\"Text-root Text-type_1 \">\n                In Deutschland wird nichts verboten, jeder kann essen, was er will. Es sei denn, er ist beim Fu\u00dfball-Zweitligisten VfL Osnabr\u00fcck angestellt. Die sogenannte \u201eGemeinwohlklausel\u201c ist ein Bestandteil des Arbeitsvertrages, und sie schaut genau hin, damit der \u00f6kologische Fu\u00dfabdruck der Angestellten nicht zu gro\u00df wird.\n            <\/div>\n<p><\/p>\n<div class=\"Text-root Text-type_5 ArticleView-text ViewText-root \">\n<p><em>Von Tom J. Wellbrock<\/em><\/p>\n<p>Sind verschm\u00e4hte Steaks und \u00f6kologisch saubere F\u00fc\u00dfe daf\u00fcr verantwortlich, dass es in der letzten Saison beim VFL Osnabr\u00fcck recht gut lief? Oder k\u00e4mpft der Verein aus dem gleichen Grund in diesem Jahr gegen den Abstieg? Diese Frage kann wohl nur der Fu\u00dfballgott beantworten. Dass der VfL aber erheblich in das Verhalten seiner Angestellten eingreift, ist Fakt. Auch wenn der Gesch\u00e4ftsf\u00fchrer des Vereins abwiegelt.<\/p>\n<p>Alles nur ein Missverst\u00e4ndnis?<\/p>\n<p>K\u00fcrzlich ging durch einige Medien, dass die Arbeitsvertr\u00e4ge des VfL Osnabr\u00fcck eine Klausel enthalten, die nicht nur arbeitsrechtlich bedenklich ist. Sie spiegelt zudem eine allgemeine Verbotsmentalit\u00e4t wider, die es offiziell nicht gibt.<\/p>\n<p>Worum es genau geht, l\u00e4sst sich auf der Website des Vereins nachlesen:<\/p>\n<p><em>&#8220;Per sogenannter Gemeinwohlklausel in den Arbeitsvertr\u00e4gen verpflichten sich Mitarbeitende des VfL Osnabr\u00fcck von der Profimannschaft \u00fcber das Nachwuchsleistungszentrum bis zur Gesch\u00e4ftsstelle auch zur Kompensation ihrer individuellen CO2e-Emissionen, die in beruflichem Kontext produziert werden. F\u00fcr dieses Projekt arbeiten die Lila-Wei\u00dfen inzwischen seit knapp zwei Jahren bereits mit ForTomorrow zusammen.&#8221;<\/em><\/p>\n<p>Klare Worte, von denen Gesch\u00e4ftsf\u00fchrer Michael Welling aber so nichts mehr wissen will. Gegen\u00fcber der <em><a rel=\"nofollow noopener\" target=\"_blank\" href=\"https:\/\/www.noz.de\/sport\/vfl-osnabrueck\/artikel\/vfl-osnabrueck-nach-kritik-kein-steak-esser-muss-strafe-zahlen-45742938\">Neuen Osnabr\u00fccker Zeitung<\/a><\/em>\u00a0(<em>noz<\/em>) verk\u00fcndete Welling auf die Frage, ob die Klausel wirklich verpflichtend sei:<\/p>\n<p><em>&#8220;Nein&#8221;, sagt Welling: &#8220;Sie k\u00f6nnen prinzipiell frei entscheiden, ob die Klausel im Vertrag enthalten ist oder nicht.&#8221; Dar\u00fcber hinaus betont Welling: &#8220;Wir werden keinen potenziellen Arbeitnehmer nicht einstellen, wenn er die Klausel nicht unterschreibt. Und: Kein Mitarbeiter, der die Klausel hat, ist am Ende finanziell schlechter gestellt, als ein Mitarbeiter ohne Klausel. Daher betrifft die Umsetzung auch nur neue Mitarbeiter oder solche, die eine Lohnerh\u00f6hung erhalten. Hei\u00dft: Keiner muss eine Strafe zahlen bei Fleischkonsum oder wenn er mit dem Auto zur Arbeit f\u00e4hrt. Das Gegenteil ist der Fall: Der VfL schafft mit den neuen Vertr\u00e4gen einen monet\u00e4ren Anreiz, sich mit seinem CO2-Abdruck auseinanderzusetzen. Teilzeitkr\u00e4fte und geringf\u00fcgig Besch\u00e4ftigte sind von der Regelung ausgenommen.&#8221;<\/em><\/p>\n<p>Die Autorin des Artikels bl\u00e4st ins gleiche Horn:<\/p>\n<p>&#8220;<em>Von Strafe kann keine Rede sein. Im Gegenteil. Der Fu\u00dfball-Zweitligist schafft Anreize f\u00fcr einen bewussteren Umgang mit dem eigenen CO2-Abdruck.&#8221;<\/em><\/p>\n<p>Also, was denn nun?<\/p>\n<p>Alles nur hei\u00dfe Luft?<\/p>\n<p>Michael Welling kennt entweder seine eigene Webseite nicht oder ist zur Sicherheit ein paar Meter zur\u00fcckgerudert. Wie die Gemeinwohlklausel intern tats\u00e4chlich behandelt wird, bleibt also unklar. Dennoch gibt diese Praxis Auskunft \u00fcber eine Tendenz, die sich auch im gr\u00f6\u00dferen gesellschaftlichen Kontext zeigt.<\/p>\n<p>Die in der <em>noz<\/em> angesprochenen &#8220;Anreize&#8221; sind \u00fcbrigens so reizvoll nun auch wieder nicht. Denn sie bedeuten f\u00fcr Mitarbeiter (vom VfL politisch korrekt als Mitarbeitende bezeichnet) zwar eine j\u00e4hrliche Lohnerh\u00f6hung von 750 Euro, was zun\u00e4chst einmal f\u00fcr die Mitarbeiter, die sie nicht unterschreiben, einen Nachteil bedeutet. Ob die Summe am Ende auch ausgezahlt wird, h\u00e4ngt aber von den Antworten auf ein paar &#8220;kleine&#8221; Fragen ab.<\/p>\n<p>Zu jenen Fragen geh\u00f6ren etwa die nach dem Fleischkonsum des Mitarbeiters, oder auch die nach seinem Arbeitsweg und ob er diesen mit dem Auto zur\u00fccklegt. Werden die Fragen bejaht, kommt das in die Berechnung des \u00f6kologischen Fu\u00dfabdrucks mit hinein und wird dann wiederum vom zuvor erh\u00f6hten Lohn abgezogen.<\/p>\n<p>Arbeitsrechtler bewerten dieses Verfahren unterschiedlich. Die einen meinen, dass an der Klausel nichts problematisch sei, sofern sie wirklich der Freiwilligkeit unterliegt. Andere betrachten die Fragen als einen Eingriff in die Privatsph\u00e4re, die Arbeitgebern nicht gestattet sei. Abschlie\u00dfend beurteilen l\u00e4sst sich die Praxis ohnehin nicht, da aus dem Verein widerspr\u00fcchliche Aussagen hinsichtlich der Verpflichtung oder eben Nicht-Verpflichtung gemacht werden.<\/p>\n<p>Anreiz oder Druck?<\/p>\n<p>Eine zus\u00e4tzliche Frage ist die nach dem Gruppendruck, der durch die Gemeinwohlklausel entstehen kann, aber nicht muss. Nat\u00fcrlich ist es m\u00f6glich, dass jeder Mitarbeiter, der seine Unterschrift verweigert, keinerlei Konsequenzen erf\u00e4hrt. Ebenso denkbar ist aber auch ein moralischer Druck, der \u00fcber die Bereitschaft oder Verweigerung klimagerechten Verhaltens ausge\u00fcbt wird.<\/p>\n<p>Womit wir den Bereich des Fu\u00dfballs verlassen und zur gesellschaftlichen Tendenz kommen. Man denke an Kitas, die auf Fleisch verzichten, das gro\u00dfe Werben f\u00fcr vegetarisches oder gleich veganes Essen und Marketingaktionen, die Insekten statt Steak empfehlen, weil diese gesund, klimasch\u00fctzend und unglaublich lecker seien.<\/p>\n<p>Der Klimawandel ist ja \u2013 obgleich es zahlreiche Wissenschaftler gibt, die andere Thesen vertreten \u2013 l\u00e4ngst in Stein gemei\u00dfelt, und nachdem wir alle verpflichtet wurden, &#8220;der&#8221; Wissenschaft zu folgen, sind Widerworte unerw\u00fcnscht und werden scharf kritisiert. Ein falsches Wort, schon ist man ein &#8220;Klimaleugner&#8221; oder &#8220;Wissenschaftsfeind&#8221;, der Volksmund hat den Begriff des &#8220;Schwurblers&#8221; \u00fcbernommen und diffamiert flei\u00dfig drauflos, wenn jemand vom Narrativ abweicht.<\/p>\n<p>Gew\u00fcnschtes Verhalten im Zusammenhang mit dem, was gemeinhin als Klimaschutz bezeichnet wird, erf\u00e4hrt heute auch kein Lob oder wird als Anreiz verstanden, sondern ist eine Selbstverst\u00e4ndlichkeit, auf die man sich blo\u00df nichts einbilden sollte. Kosten die Ma\u00dfnahmen, die f\u00fcr den Klimaschutz erwartet werden, den B\u00fcrger mehr Geld? Sicher, nat\u00fcrlich, aber das ist eben der Preis, den wir alle zahlen m\u00fcssen, wenn wir auch in 20 oder 30 Jahren noch atmen wollen.<\/p>\n<p>Es geht \u2013 mal wieder \u2013 um Leben und Tod, und an diesem Punkt ist Humorlosigkeit angesagt, denn wer sich verweigert, ist ein potenzieller M\u00f6rder, wir kennen das aus der Corona-Episode. Der VfL Osnabr\u00fcck mag aufgrund der widerspr\u00fcchlichen Stellungnahmen des Vereins eine etwas bizarre Angelegenheit sein, die aber doch zeigt, wohin die Reise geht.<\/p>\n<p>Gut m\u00f6glich, dass es mit dem VfL Osnabr\u00fcck fu\u00dfballerisch wieder aufw\u00e4rtsgeht, wenn die Ern\u00e4hrung auf Spaghetti Bolognese und saftige Steaks umgestellt wird. So etwas wie eine gesamtgesellschaftliche Gemeinwohlklausel d\u00fcrfte aber ganz andere Auswirkungen haben. Und wenn wir ehrlich sind, steht sie ungeschrieben ohnehin schon in den Startl\u00f6chern.<\/p>\n<p><em>Tom J. Wellbrock ist Journalist, Sprecher, Texter, Podcaster, Moderator und Mitherausgeber des Blogs\u00a0<\/em><a rel=\"nofollow noopener\" target=\"_blank\" href=\"https:\/\/www.neulandrebellen.de\/\">neulandrebellen<\/a><em>.<\/em><\/p>\n<p><strong>Mehr zum Thema &#8211;<\/strong>\u00a0<a rel=\"nofollow noopener\" target=\"_blank\" href=\"https:\/\/freedert.online\/meinung\/185646-fussball-wm-hurra-endlich-wieder\/\">Fu\u00dfball-WM bei den Saudis: Hurra, endlich wieder Zeit f\u00fcr deutsche Selbst\u00fcbersch\u00e4tzung!<\/a><\/p>\n<\/p>\n<\/p>\n<\/div>\n<p><br \/>\n<br \/><a href=\"https:\/\/de.rt.com\/meinung\/185856-vfl-osnabrueck-ohne-steaks-kicken\/\">Source link <\/a><\/p>\n","protected":false},"excerpt":{"rendered":"<p>In Deutschland wird nichts verboten, jeder kann essen, was er will. Es sei denn, er ist beim Fu\u00dfball-Zweitligisten VfL Osnabr\u00fcck angestellt. Die sogenannte \u201eGemeinwohlklausel\u201c ist ein Bestandteil des Arbeitsvertrages, und sie schaut genau hin, damit der \u00f6kologische Fu\u00dfabdruck der Angestellten nicht zu gro\u00df wird. Von Tom J. Wellbrock Sind verschm\u00e4hte Steaks und \u00f6kologisch saubere F\u00fc\u00dfe [&hellip;]<\/p>\n","protected":false},"author":3,"featured_media":49286,"comment_status":"open","ping_status":"open","sticky":false,"template":"","format":"standard","meta":{"_yoast_indexnow_last_ping":["1699191807"],"wp_automatic_camp":["217"],"718d1bdd4f2fadac8a9ef556f0b4bc1d":["VfL Osnabr\u00fcck ohne Steaks: Kicken f\u00fcrs Klima?"],"original_link":["https:\/\/de.rt.com\/meinung\/185856-vfl-osnabrueck-ohne-steaks-kicken\/"],"_thumbnail_id":["49286"],"_wptgpro_p2tg_sent2tg":["a:1:{i:23737;s:19:\"2023-11-05 15:44:30\";}"],"jnews_social_counter_last_update":["1777325726"]},"categories":[19,23],"tags":[34754,50398,2642,779,36300,50397,50396],"yoast_head":"<!-- This site is optimized with the Yoast SEO Premium plugin v22.7 (Yoast SEO v22.7) - https:\/\/yoast.com\/wordpress\/plugins\/seo\/ -->\n<title>VfL Osnabr\u00fcck ohne Steaks: Kicken f\u00fcrs Klima? - just-now.NEWS Deutschland<\/title>\n<meta name=\"robots\" content=\"index, follow, max-snippet:-1, max-image-preview:large, max-video-preview:-1\" \/>\n<link rel=\"canonical\" href=\"https:\/\/now-news.de\/de\/deutschland\/vfl-osnabrueck-ohne-steaks-kicken-fuers-klima\/\" \/>\n<meta property=\"og:locale\" content=\"de_DE\" \/>\n<meta property=\"og:type\" content=\"article\" \/>\n<meta property=\"og:title\" content=\"VfL Osnabr\u00fcck ohne Steaks: Kicken f\u00fcrs Klima?\" \/>\n<meta property=\"og:description\" content=\"In Deutschland wird nichts verboten, jeder kann essen, was er will. Es sei denn, er ist beim Fu\u00dfball-Zweitligisten VfL Osnabr\u00fcck angestellt. Die sogenannte \u201eGemeinwohlklausel\u201c ist ein Bestandteil des Arbeitsvertrages, und sie schaut genau hin, damit der \u00f6kologische Fu\u00dfabdruck der Angestellten nicht zu gro\u00df wird. Von Tom J. Wellbrock Sind verschm\u00e4hte Steaks und \u00f6kologisch saubere F\u00fc\u00dfe [&hellip;]\" \/>\n<meta property=\"og:url\" content=\"https:\/\/now-news.de\/de\/deutschland\/vfl-osnabrueck-ohne-steaks-kicken-fuers-klima\/\" \/>\n<meta property=\"og:site_name\" content=\"just-now.NEWS Deutschland\" \/>\n<meta property=\"article:publisher\" content=\"https:\/\/www.facebook.com\/wirmachenauf\" \/>\n<meta property=\"article:published_time\" content=\"2023-11-05T13:35:16+00:00\" \/>\n<meta property=\"og:image\" content=\"https:\/\/now-news.de\/de\/wp-content\/uploads\/sites\/3\/2023\/11\/VfL-Osnabrueck-ohne-Steaks-Kicken-fuers-Klima.jpeg\" \/>\n\t<meta property=\"og:image:width\" content=\"460\" \/>\n\t<meta property=\"og:image:height\" content=\"259\" \/>\n\t<meta property=\"og:image:type\" content=\"image\/jpeg\" \/>\n<meta name=\"author\" content=\"rtnews\" \/>\n<meta name=\"twitter:card\" content=\"summary_large_image\" \/>\n<meta name=\"twitter:creator\" content=\"@WirMachenAuf_de\" \/>\n<meta name=\"twitter:site\" content=\"@WirMachenAuf_de\" \/>\n<meta name=\"twitter:label1\" content=\"Verfasst von\" \/>\n\t<meta name=\"twitter:data1\" content=\"rtnews\" \/>\n\t<meta name=\"twitter:label2\" content=\"Gesch\u00e4tzte Lesezeit\" \/>\n\t<meta name=\"twitter:data2\" content=\"5\u00a0Minuten\" \/>\n<script type=\"application\/ld+json\" class=\"yoast-schema-graph\">{\"@context\":\"https:\/\/schema.org\",\"@graph\":[{\"@type\":\"Article\",\"@id\":\"https:\/\/now-news.de\/de\/deutschland\/vfl-osnabrueck-ohne-steaks-kicken-fuers-klima\/#article\",\"isPartOf\":{\"@id\":\"https:\/\/now-news.de\/de\/deutschland\/vfl-osnabrueck-ohne-steaks-kicken-fuers-klima\/\"},\"author\":{\"name\":\"rtnews\",\"@id\":\"https:\/\/now-news.de\/de\/#\/schema\/person\/fb534a4e865501d8b3285208df34a9b5\"},\"headline\":\"VfL Osnabr\u00fcck ohne Steaks: Kicken f\u00fcrs Klima?\",\"datePublished\":\"2023-11-05T13:35:16+00:00\",\"dateModified\":\"2023-11-05T13:35:16+00:00\",\"mainEntityOfPage\":{\"@id\":\"https:\/\/now-news.de\/de\/deutschland\/vfl-osnabrueck-ohne-steaks-kicken-fuers-klima\/\"},\"wordCount\":1059,\"commentCount\":0,\"publisher\":{\"@id\":\"https:\/\/now-news.de\/de\/#organization\"},\"image\":{\"@id\":\"https:\/\/now-news.de\/de\/deutschland\/vfl-osnabrueck-ohne-steaks-kicken-fuers-klima\/#primaryimage\"},\"thumbnailUrl\":\"https:\/\/now-news.de\/de\/wp-content\/uploads\/sites\/3\/2023\/11\/VfL-Osnabrueck-ohne-Steaks-Kicken-fuers-Klima.jpeg\",\"keywords\":[\"f\u00fcrs\",\"Kicken\",\"klima\",\"ohne\",\"Osnabr\u00fcck\",\"Steaks\",\"VfL\"],\"articleSection\":[\"Deutschland\",\"Russland\"],\"inLanguage\":\"de\",\"potentialAction\":[{\"@type\":\"CommentAction\",\"name\":\"Comment\",\"target\":[\"https:\/\/now-news.de\/de\/deutschland\/vfl-osnabrueck-ohne-steaks-kicken-fuers-klima\/#respond\"]}]},{\"@type\":\"WebPage\",\"@id\":\"https:\/\/now-news.de\/de\/deutschland\/vfl-osnabrueck-ohne-steaks-kicken-fuers-klima\/\",\"url\":\"https:\/\/now-news.de\/de\/deutschland\/vfl-osnabrueck-ohne-steaks-kicken-fuers-klima\/\",\"name\":\"VfL Osnabr\u00fcck ohne Steaks: Kicken f\u00fcrs Klima? - just-now.NEWS Deutschland\",\"isPartOf\":{\"@id\":\"https:\/\/now-news.de\/de\/#website\"},\"primaryImageOfPage\":{\"@id\":\"https:\/\/now-news.de\/de\/deutschland\/vfl-osnabrueck-ohne-steaks-kicken-fuers-klima\/#primaryimage\"},\"image\":{\"@id\":\"https:\/\/now-news.de\/de\/deutschland\/vfl-osnabrueck-ohne-steaks-kicken-fuers-klima\/#primaryimage\"},\"thumbnailUrl\":\"https:\/\/now-news.de\/de\/wp-content\/uploads\/sites\/3\/2023\/11\/VfL-Osnabrueck-ohne-Steaks-Kicken-fuers-Klima.jpeg\",\"datePublished\":\"2023-11-05T13:35:16+00:00\",\"dateModified\":\"2023-11-05T13:35:16+00:00\",\"breadcrumb\":{\"@id\":\"https:\/\/now-news.de\/de\/deutschland\/vfl-osnabrueck-ohne-steaks-kicken-fuers-klima\/#breadcrumb\"},\"inLanguage\":\"de\",\"potentialAction\":[{\"@type\":\"ReadAction\",\"target\":[\"https:\/\/now-news.de\/de\/deutschland\/vfl-osnabrueck-ohne-steaks-kicken-fuers-klima\/\"]}]},{\"@type\":\"ImageObject\",\"inLanguage\":\"de\",\"@id\":\"https:\/\/now-news.de\/de\/deutschland\/vfl-osnabrueck-ohne-steaks-kicken-fuers-klima\/#primaryimage\",\"url\":\"https:\/\/now-news.de\/de\/wp-content\/uploads\/sites\/3\/2023\/11\/VfL-Osnabrueck-ohne-Steaks-Kicken-fuers-Klima.jpeg\",\"contentUrl\":\"https:\/\/now-news.de\/de\/wp-content\/uploads\/sites\/3\/2023\/11\/VfL-Osnabrueck-ohne-Steaks-Kicken-fuers-Klima.jpeg\",\"width\":460,\"height\":259,\"caption\":\"VfL Osnabr\u00fcck ohne Steaks: Kicken f\u00fcrs Klima?\"},{\"@type\":\"BreadcrumbList\",\"@id\":\"https:\/\/now-news.de\/de\/deutschland\/vfl-osnabrueck-ohne-steaks-kicken-fuers-klima\/#breadcrumb\",\"itemListElement\":[{\"@type\":\"ListItem\",\"position\":1,\"name\":\"Home\",\"item\":\"https:\/\/now-news.de\/de\/\"},{\"@type\":\"ListItem\",\"position\":2,\"name\":\"VfL Osnabr\u00fcck ohne Steaks: Kicken f\u00fcrs Klima?\"}]},{\"@type\":\"WebSite\",\"@id\":\"https:\/\/now-news.de\/de\/#website\",\"url\":\"https:\/\/now-news.de\/de\/\",\"name\":\"just-now.NEWS Deutschland\",\"description\":\"Das Portal f\u00fcr unzensierte Nachrichten aus der Welt\",\"publisher\":{\"@id\":\"https:\/\/now-news.de\/de\/#organization\"},\"potentialAction\":[{\"@type\":\"SearchAction\",\"target\":{\"@type\":\"EntryPoint\",\"urlTemplate\":\"https:\/\/now-news.de\/de\/?s={search_term_string}\"},\"query-input\":\"required name=search_term_string\"}],\"inLanguage\":\"de\"},{\"@type\":\"Organization\",\"@id\":\"https:\/\/now-news.de\/de\/#organization\",\"name\":\"Just Now News\",\"url\":\"https:\/\/now-news.de\/de\/\",\"logo\":{\"@type\":\"ImageObject\",\"inLanguage\":\"de\",\"@id\":\"https:\/\/now-news.de\/de\/#\/schema\/logo\/image\/\",\"url\":\"http:\/\/just-now.news\/de\/wp-content\/uploads\/sites\/3\/2022\/04\/logo500x500.jpg\",\"contentUrl\":\"http:\/\/just-now.news\/de\/wp-content\/uploads\/sites\/3\/2022\/04\/logo500x500.jpg\",\"width\":500,\"height\":500,\"caption\":\"Just Now News\"},\"image\":{\"@id\":\"https:\/\/now-news.de\/de\/#\/schema\/logo\/image\/\"},\"sameAs\":[\"https:\/\/www.facebook.com\/wirmachenauf\",\"https:\/\/x.com\/WirMachenAuf_de\"]},{\"@type\":\"Person\",\"@id\":\"https:\/\/now-news.de\/de\/#\/schema\/person\/fb534a4e865501d8b3285208df34a9b5\",\"name\":\"rtnews\",\"image\":{\"@type\":\"ImageObject\",\"inLanguage\":\"de\",\"@id\":\"https:\/\/now-news.de\/de\/#\/schema\/person\/image\/\",\"url\":\"https:\/\/secure.gravatar.com\/avatar\/82aafea7d8127119dd649515f56e2117?s=96&d=mm&r=g\",\"contentUrl\":\"https:\/\/secure.gravatar.com\/avatar\/82aafea7d8127119dd649515f56e2117?s=96&d=mm&r=g\",\"caption\":\"rtnews\"},\"url\":\"https:\/\/now-news.de\/de\/author\/rnews\/\"}]}<\/script>\n<!-- \/ Yoast SEO Premium plugin. -->","yoast_head_json":{"title":"VfL Osnabr\u00fcck ohne Steaks: Kicken f\u00fcrs Klima? - just-now.NEWS Deutschland","robots":{"index":"index","follow":"follow","max-snippet":"max-snippet:-1","max-image-preview":"max-image-preview:large","max-video-preview":"max-video-preview:-1"},"canonical":"https:\/\/now-news.de\/de\/deutschland\/vfl-osnabrueck-ohne-steaks-kicken-fuers-klima\/","og_locale":"de_DE","og_type":"article","og_title":"VfL Osnabr\u00fcck ohne Steaks: Kicken f\u00fcrs Klima?","og_description":"In Deutschland wird nichts verboten, jeder kann essen, was er will. Es sei denn, er ist beim Fu\u00dfball-Zweitligisten VfL Osnabr\u00fcck angestellt. Die sogenannte \u201eGemeinwohlklausel\u201c ist ein Bestandteil des Arbeitsvertrages, und sie schaut genau hin, damit der \u00f6kologische Fu\u00dfabdruck der Angestellten nicht zu gro\u00df wird. Von Tom J. Wellbrock Sind verschm\u00e4hte Steaks und \u00f6kologisch saubere F\u00fc\u00dfe [&hellip;]","og_url":"https:\/\/now-news.de\/de\/deutschland\/vfl-osnabrueck-ohne-steaks-kicken-fuers-klima\/","og_site_name":"just-now.NEWS Deutschland","article_publisher":"https:\/\/www.facebook.com\/wirmachenauf","article_published_time":"2023-11-05T13:35:16+00:00","og_image":[{"width":460,"height":259,"url":"https:\/\/now-news.de\/de\/wp-content\/uploads\/sites\/3\/2023\/11\/VfL-Osnabrueck-ohne-Steaks-Kicken-fuers-Klima.jpeg","type":"image\/jpeg"}],"author":"rtnews","twitter_card":"summary_large_image","twitter_creator":"@WirMachenAuf_de","twitter_site":"@WirMachenAuf_de","twitter_misc":{"Verfasst von":"rtnews","Gesch\u00e4tzte Lesezeit":"5\u00a0Minuten"},"schema":{"@context":"https:\/\/schema.org","@graph":[{"@type":"Article","@id":"https:\/\/now-news.de\/de\/deutschland\/vfl-osnabrueck-ohne-steaks-kicken-fuers-klima\/#article","isPartOf":{"@id":"https:\/\/now-news.de\/de\/deutschland\/vfl-osnabrueck-ohne-steaks-kicken-fuers-klima\/"},"author":{"name":"rtnews","@id":"https:\/\/now-news.de\/de\/#\/schema\/person\/fb534a4e865501d8b3285208df34a9b5"},"headline":"VfL Osnabr\u00fcck ohne Steaks: Kicken f\u00fcrs Klima?","datePublished":"2023-11-05T13:35:16+00:00","dateModified":"2023-11-05T13:35:16+00:00","mainEntityOfPage":{"@id":"https:\/\/now-news.de\/de\/deutschland\/vfl-osnabrueck-ohne-steaks-kicken-fuers-klima\/"},"wordCount":1059,"commentCount":0,"publisher":{"@id":"https:\/\/now-news.de\/de\/#organization"},"image":{"@id":"https:\/\/now-news.de\/de\/deutschland\/vfl-osnabrueck-ohne-steaks-kicken-fuers-klima\/#primaryimage"},"thumbnailUrl":"https:\/\/now-news.de\/de\/wp-content\/uploads\/sites\/3\/2023\/11\/VfL-Osnabrueck-ohne-Steaks-Kicken-fuers-Klima.jpeg","keywords":["f\u00fcrs","Kicken","klima","ohne","Osnabr\u00fcck","Steaks","VfL"],"articleSection":["Deutschland","Russland"],"inLanguage":"de","potentialAction":[{"@type":"CommentAction","name":"Comment","target":["https:\/\/now-news.de\/de\/deutschland\/vfl-osnabrueck-ohne-steaks-kicken-fuers-klima\/#respond"]}]},{"@type":"WebPage","@id":"https:\/\/now-news.de\/de\/deutschland\/vfl-osnabrueck-ohne-steaks-kicken-fuers-klima\/","url":"https:\/\/now-news.de\/de\/deutschland\/vfl-osnabrueck-ohne-steaks-kicken-fuers-klima\/","name":"VfL Osnabr\u00fcck ohne Steaks: Kicken f\u00fcrs Klima? - just-now.NEWS Deutschland","isPartOf":{"@id":"https:\/\/now-news.de\/de\/#website"},"primaryImageOfPage":{"@id":"https:\/\/now-news.de\/de\/deutschland\/vfl-osnabrueck-ohne-steaks-kicken-fuers-klima\/#primaryimage"},"image":{"@id":"https:\/\/now-news.de\/de\/deutschland\/vfl-osnabrueck-ohne-steaks-kicken-fuers-klima\/#primaryimage"},"thumbnailUrl":"https:\/\/now-news.de\/de\/wp-content\/uploads\/sites\/3\/2023\/11\/VfL-Osnabrueck-ohne-Steaks-Kicken-fuers-Klima.jpeg","datePublished":"2023-11-05T13:35:16+00:00","dateModified":"2023-11-05T13:35:16+00:00","breadcrumb":{"@id":"https:\/\/now-news.de\/de\/deutschland\/vfl-osnabrueck-ohne-steaks-kicken-fuers-klima\/#breadcrumb"},"inLanguage":"de","potentialAction":[{"@type":"ReadAction","target":["https:\/\/now-news.de\/de\/deutschland\/vfl-osnabrueck-ohne-steaks-kicken-fuers-klima\/"]}]},{"@type":"ImageObject","inLanguage":"de","@id":"https:\/\/now-news.de\/de\/deutschland\/vfl-osnabrueck-ohne-steaks-kicken-fuers-klima\/#primaryimage","url":"https:\/\/now-news.de\/de\/wp-content\/uploads\/sites\/3\/2023\/11\/VfL-Osnabrueck-ohne-Steaks-Kicken-fuers-Klima.jpeg","contentUrl":"https:\/\/now-news.de\/de\/wp-content\/uploads\/sites\/3\/2023\/11\/VfL-Osnabrueck-ohne-Steaks-Kicken-fuers-Klima.jpeg","width":460,"height":259,"caption":"VfL Osnabr\u00fcck ohne Steaks: Kicken f\u00fcrs Klima?"},{"@type":"BreadcrumbList","@id":"https:\/\/now-news.de\/de\/deutschland\/vfl-osnabrueck-ohne-steaks-kicken-fuers-klima\/#breadcrumb","itemListElement":[{"@type":"ListItem","position":1,"name":"Home","item":"https:\/\/now-news.de\/de\/"},{"@type":"ListItem","position":2,"name":"VfL Osnabr\u00fcck ohne Steaks: Kicken f\u00fcrs Klima?"}]},{"@type":"WebSite","@id":"https:\/\/now-news.de\/de\/#website","url":"https:\/\/now-news.de\/de\/","name":"just-now.NEWS Deutschland","description":"Das Portal f\u00fcr unzensierte Nachrichten aus der Welt","publisher":{"@id":"https:\/\/now-news.de\/de\/#organization"},"potentialAction":[{"@type":"SearchAction","target":{"@type":"EntryPoint","urlTemplate":"https:\/\/now-news.de\/de\/?s={search_term_string}"},"query-input":"required name=search_term_string"}],"inLanguage":"de"},{"@type":"Organization","@id":"https:\/\/now-news.de\/de\/#organization","name":"Just Now News","url":"https:\/\/now-news.de\/de\/","logo":{"@type":"ImageObject","inLanguage":"de","@id":"https:\/\/now-news.de\/de\/#\/schema\/logo\/image\/","url":"http:\/\/just-now.news\/de\/wp-content\/uploads\/sites\/3\/2022\/04\/logo500x500.jpg","contentUrl":"http:\/\/just-now.news\/de\/wp-content\/uploads\/sites\/3\/2022\/04\/logo500x500.jpg","width":500,"height":500,"caption":"Just Now News"},"image":{"@id":"https:\/\/now-news.de\/de\/#\/schema\/logo\/image\/"},"sameAs":["https:\/\/www.facebook.com\/wirmachenauf","https:\/\/x.com\/WirMachenAuf_de"]},{"@type":"Person","@id":"https:\/\/now-news.de\/de\/#\/schema\/person\/fb534a4e865501d8b3285208df34a9b5","name":"rtnews","image":{"@type":"ImageObject","inLanguage":"de","@id":"https:\/\/now-news.de\/de\/#\/schema\/person\/image\/","url":"https:\/\/secure.gravatar.com\/avatar\/82aafea7d8127119dd649515f56e2117?s=96&d=mm&r=g","contentUrl":"https:\/\/secure.gravatar.com\/avatar\/82aafea7d8127119dd649515f56e2117?s=96&d=mm&r=g","caption":"rtnews"},"url":"https:\/\/now-news.de\/de\/author\/rnews\/"}]}},"_links":{"self":[{"href":"https:\/\/now-news.de\/de\/wp-json\/wp\/v2\/posts\/49285"}],"collection":[{"href":"https:\/\/now-news.de\/de\/wp-json\/wp\/v2\/posts"}],"about":[{"href":"https:\/\/now-news.de\/de\/wp-json\/wp\/v2\/types\/post"}],"author":[{"embeddable":true,"href":"https:\/\/now-news.de\/de\/wp-json\/wp\/v2\/users\/3"}],"replies":[{"embeddable":true,"href":"https:\/\/now-news.de\/de\/wp-json\/wp\/v2\/comments?post=49285"}],"version-history":[{"count":0,"href":"https:\/\/now-news.de\/de\/wp-json\/wp\/v2\/posts\/49285\/revisions"}],"wp:featuredmedia":[{"embeddable":true,"href":"https:\/\/now-news.de\/de\/wp-json\/wp\/v2\/media\/49286"}],"wp:attachment":[{"href":"https:\/\/now-news.de\/de\/wp-json\/wp\/v2\/media?parent=49285"}],"wp:term":[{"taxonomy":"category","embeddable":true,"href":"https:\/\/now-news.de\/de\/wp-json\/wp\/v2\/categories?post=49285"},{"taxonomy":"post_tag","embeddable":true,"href":"https:\/\/now-news.de\/de\/wp-json\/wp\/v2\/tags?post=49285"}],"curies":[{"name":"wp","href":"https:\/\/api.w.org\/{rel}","templated":true}]}}