{"id":49227,"date":"2023-11-04T08:30:18","date_gmt":"2023-11-04T06:30:18","guid":{"rendered":"https:\/\/just-now.news\/de\/deutschland\/herr-pistorius-kriegstuechtig-gegen-wen-das-ratespiel-hat-begonnen\/"},"modified":"2023-11-04T08:30:18","modified_gmt":"2023-11-04T06:30:18","slug":"herr-pistorius-kriegstuechtig-gegen-wen-das-ratespiel-hat-begonnen","status":"publish","type":"post","link":"https:\/\/now-news.de\/de\/deutschland\/herr-pistorius-kriegstuechtig-gegen-wen-das-ratespiel-hat-begonnen\/","title":{"rendered":"Herr Pistorius, &quot;kriegst\u00fcchtig&quot; gegen wen? \u2013 Das Ratespiel hat begonnen"},"content":{"rendered":"<p><img decoding=\"async\" src=\"http:\/\/just-now.news\/de\/wp-content\/uploads\/sites\/3\/2023\/11\/6544ba1748fbef582a44cf5a.jpg\" \/><\/p>\n<div class=\"Text-root Text-type_1 \">\n                Beim Krieg braucht es &#8220;das Fremde&#8221; \u2013 den Feind, gegen den man die eigenen Staatssubjekte in den Krieg ziehen lassen kann. Wen meinte Verteidigungsminister Pistorius dann eigentlich, als er zu mehr deutscher &#8220;Kriegst\u00fcchtigkeit&#8221; aufrief und vor &#8220;Krieg in Europa&#8221; warnte?\n            <\/div>\n<p><\/p>\n<div class=\"Text-root Text-type_5 ArticleView-text ViewText-root \">\n<p><em>Ein Gedankenspiel von Elem Chintsky<\/em><\/p>\n<p>Der deutsche Bundesminister der Verteidigung Boris Pistorius k\u00fcndigte de facto eine aufsehenerregende Zeitenwende f\u00fcr Deutschland an.<\/p>\n<p>Der knapp \u00fcber viermin\u00fctige <a rel=\"nofollow noopener\" target=\"_blank\" href=\"https:\/\/www.youtube.com\/watch?v=ZCmpbDbYO8A\">Fernsehbeitrag<\/a> von den <em>ZDF heute<\/em>-Nachrichten, der an das Interview mit Boris Pistorius heranf\u00fchrt, ist nat\u00fcrlich ziemlich einseitig dirigiert. Sowohl die Politologin und ehemalige NATO-Mitarbeiterin Stefanie Babst und der ehemalige US-Oberbefehlshaber in Europa Ben Hodges als auch der deutsche Milit\u00e4rhistoriker S\u00f6nke Neitzel pl\u00e4dieren gleichgeschaltet und allesamt f\u00fcr ein milit\u00e4risch viel mehr engagiertes Deutschland, welches kriegerisch eingreifen und reagieren kann \u2013 f\u00fcr den &#8220;politischen Willen zu mehr Wehrhaftigkeit&#8221; der BRD. F\u00fcr Pistorius sind das &#8220;Ratschl\u00e4ge aus allen Richtungen&#8221; und man versuche ja schon, bereits eiligst das Beste dahingehend zu tun.<\/p>\n<p>Die im Framing befriedigend geschulte ZDF-Moderatorin legt den Begriff des deutschen &#8220;Mentalit\u00e4tswandels&#8221; direkt Pistorius zu F\u00fc\u00dfen \u2013 dieser greift ihn im ersten Antwortsatz auf und knetet ihn augenblicklich zu der Variante &#8220;Mentalit\u00e4tswechsel&#8221; um. Dieser sei f\u00fcr die heutige BRD nun unverzichtbar, nicht nur in der Bundeswehr selbst, wo er angeblich schon im vollen Gange sei, sondern &#8220;in der gesamten Gesellschaft und Politik&#8221;. Fertig ist der erste O-Ton des deutschen Verteidigungsministers.<\/p>\n<p>Es wird stets von der global fehlenden &#8220;Wehr- und Verteidigungsf\u00e4higkeit&#8221; durch deutsche Hand gesprochen, und das ZDF nennt die derzeit prominentesten Krisenherde der Welt zur Veranschaulichung: den Nahostkrieg, den Ukrainekrieg, den drohenden Krieg der USA gegen China \u2013 wegen Taiwan. Im Kontext dieser insgesamt hoch angespannten, internationalen Lage wird Deutschland mit seinen aus sicherer Distanz veranstalteten Waffen- und Kreditlieferungen als &#8220;zu passiv&#8221; dargestellt. Pistorius spricht auch offen davon, dass die Bundeswehr in den 30 Jahren seit Ende des Kalten Krieges eine sichtliche R\u00fcckentwicklung erfuhr, die man erst jetzt begonnen habe zu beheben.<\/p>\n<p>Auf die Frage, &#8220;welche Art der uneingeschr\u00e4nkten Unterst\u00fctzung&#8221; Deutschland f\u00fcr Israel leisten werde, sofern diese angefordert wird, erwiderte Pistorius: mit &#8220;aller Art aus dem Sanit\u00e4ts- und Materialbereich&#8221;. Wie sich diese Zugest\u00e4ndnisse des hohen SPD-Beamten synchronisieren lassen k\u00f6nnten mit den Aussagen eines Herrn Kiesewetters aus der CDU, vertiefen wir gleich noch einmal.<\/p>\n<p>Klar ist, dass anhand der Aussagen des vom ZDF als zur\u00fcckhaltend und gem\u00e4\u00dfigt angek\u00fcndigten Pistorius \u2013 und seiner allgemeinen Forderung, dass die Mentalit\u00e4t in der BRD sich nun hin zu mehr &#8220;Kriegst\u00fcchtigkeit&#8221; \u00e4ndern m\u00fcsse \u2013 eine offensichtliche Frage unbeantwortet bleibt:\u00a0<\/p>\n<p>Gegen wen konkret sollen sich denn die BRD und deren Bev\u00f6lkerung nun also zum Krieg\u00a0wappnen? Wo ist dieser &#8220;potenzielle Feind&#8221; konkret zu verorten? Sicherlich nicht in \u00dcbersee oder auf einem weit entfernten Kontinent fernab direkter Kontaktlinien, wenn es doch Pistorius selbst war, der von einem &#8220;Krieg in Europa&#8221; im Futur sprach. Den bereits laufenden Ukrainekrieg in Osteuropa konnte er nicht meinen, da dieser seit sp\u00e4testens Februar 2022 l\u00e4uft. Somit f\u00fchrte der deutsche Verteidigungsminister eine neue geografische Kategorie ein, die sich dem Zentrum vom &#8220;europ\u00e4ischen Garten&#8221; des EU-Chef-Diplomaten Josep Borrell wohl gef\u00e4hrlich n\u00e4hert.\u00a0<\/p>\n<p><strong><em>Hintert\u00fcr Nummer eins: Russland?<\/em><\/strong><\/p>\n<p>Einen direkten &#8220;Krieg mit Russland&#8221; kann er ja auch nicht meinen \u2013 zumindest nicht als &#8220;Erstkontakt&#8221;. Weder hat Russland irgendeine geostrategische Ratio aus einem Pr\u00e4ventivschlag gegen Deutschland \u2013 womit das Verteidigungsprinzip von Artikel 5 des Nordatlantik-Paktes erlischt \u2013 noch hat Deutschland auch nur im Ansatz die milit\u00e4rische F\u00e4higkeit oder den massentauglichen, ideologischen Vorwand, selbst einen Angriff gegen Russland zu starten, geschweige denn, den atomaren Schlag zu verkraften, der seitens der Russen daf\u00fcr kommen w\u00fcrde.<\/p>\n<p>Mit der ohnehin schon schwindenden Ukraine-Wahrnehmung und zur\u00fcckgefahrenen Hilfe f\u00fcr Kiew, welcher sich sogar mittlerweile der EU-Hardliner Polen noch unter PiS unterzog, verfliegt ein solches Szenario umso mehr.<\/p>\n<p>Die alarmistische und von US-amerikanischen Spin-Doktoren gerne gesehene und von ihnen selbst beigemischte psychologische Kriegslosung in Europas medialer NATO-Echokammer, dass Russland jederzeit &#8220;bis nach Lissabon vorsto\u00dfen k\u00f6nnte&#8221; und dort vor aller Augen den Lissabonner Vertrag zerkn\u00fcllt, verliert innerhalb der europ\u00e4ischen Bev\u00f6lkerungen ihren Zauber. Die Nachbeben dieser kollektiven, kognitiven Schl\u00e4ge (in den Jahren 2014\u20132023 vielmals und konsequent verabreicht) lassen also mittlerweile etwas nach. Sogar im Zenit der antirussischen Propaganda in Deutschland war eine generelle Bereitschaft innerhalb der Bev\u00f6lkerung, mit Russland in einen direkten Krieg einzutreten, nicht existent. Der Kriegswahn der Ampel beschr\u00e4nkte sich immer auf eine virtuelle, weitaus abstraktere Kriegslust \u2013 eine, welche sich lediglich auf die Bereitschaft beschr\u00e4nkte, deutsches Steuergeld f\u00fcr milit\u00e4rische und finanzielle Leihgaben an Kiew zu vergeuden und einzig ukrainisches Leben zu opfern.<\/p>\n<p>\u00a0<\/p>\n<p><strong><em>Hintert\u00fcr Nummer zwei: Erdo\u011fan, der sagt, es k\u00f6nnte der Islam sein<\/em><\/strong><\/p>\n<p>Wom\u00f6glich liefert der t\u00fcrkische Staatspr\u00e4sident das n\u00f6tige Puzzlest\u00fcck, welches Pistorius beim <em>ZDF<\/em> verbummelt hat. Denn Recep Tayyip Erdo\u011fans aktuelle Frage zum Thema lautet: <strong><em>&#8220;Hey Westen, ich frage dich, willst du den Krieg zwischen der Mondsichel und dem Kreuz wieder entfachen?&#8221;<\/em><\/strong> Wobei ich hier sogar behaupten w\u00fcrde, dass die meisten im Westen kaum mehr dechiffrieren k\u00f6nnen, was da Erdo\u011fan \u00fcberhaupt meinen k\u00f6nnte \u2014 so sehr hat Europa ihre christlichen sowie aufkl\u00e4rerischen Wurzeln unterdr\u00fcckt, verneint oder vergessen, dass sie nicht verstehen, von welchem solchen Krieg der &#8220;irrationale Populist und orientalische Demagoge&#8221; Erdo\u011fan da nur sprechen k\u00f6nnte. Die typisch westliche, mit politischer Korrektheit kontaminierte moralische \u00dcberheblichkeit verblendet alle europ\u00e4ischen Eliten und deren treuen Gefolgsleute davor, solche mit Kalk\u00fcl ge\u00e4u\u00dferten, realpolitischen Gedanken des t\u00fcrkischen Staatsoberhaupts zu begreifen. Die einfache und direkte Semantik Erdo\u011fans muss ironischerweise aus ihrer Einfachheit erneut &#8220;entwirrt werden&#8221; \u2013 was in einer perfekten Welt, in der Didaktik und Logik regieren, eigentlich vollkommen unn\u00f6tig w\u00e4re, aber so weit sind &#8220;wir&#8221; im \u00a0Kommunikations-Paradoxon Europas schon fortgeschritten.<\/p>\n<p>Hier nun die Fu\u00dfnote zu Erdo\u011fans glasklarer Warnung, die sich auch auf die westliche Scheinheiligkeit und Doppelmoral gegen\u00fcber der langj\u00e4hrigen, dramatischen Causa der Pal\u00e4stinenser bezieht: Er meint einen Krieg zwischen dem s\u00e4kular-neoliberalen Westen, der nach dem Zweiten Weltkrieg weitestgehend zionistisch umerzogen und gleichgeschaltet wurde, und der Mondsichel der internationalen muslimischen Gesellschaft in allen islamischen Nationen, aber auch der signifikanten muslimischen Minderheiten innerhalb der europ\u00e4ischen Nationen \u2013 vor allem in Deutschland, Frankreich und den Benelux-Staaten sowie Skandinavien.<\/p>\n<p>Wie sich herausstellt, assoziieren die meisten Muslime, die in den Westen kommen, den hedonistischen Materialismus, die L\u00fcgen- und Sittenlosigkeitspropaganda im US-amerikanischen &#8220;Silver Screen&#8221; mit dem Christentum und dem &#8220;direkten Verm\u00e4chtnis christlicher Zivilisation&#8221;. Somit schlussfolgern sie, dass das eine das andere in einer direkten Kausalkette bedingt. Das ist nat\u00fcrlich ein kapitaler Kategorie-Fehler seitens der Muslime, aber im Westen korrigiert den niemand, weil die Kommunikation und das Gewahrsein f\u00fcr dieses Missverst\u00e4ndnis dank dem universalistischen und oberfl\u00e4chigen Pluralismus der Post-Postmoderne des Westens so erb\u00e4rmlich unterentwickelt ist. Interessante Lekt\u00fcren und Expos\u00e9s dazu verfasste der 2017 verstorbene Nabeel Qureshi \u2013 ein junger US-amerikanischer Arzt und frommer Moslem, der \u00fcber fast vier Jahre des geistlichen Gr\u00fcbelns schlie\u00dflich zum protestantischen Christentum konvertierte. Seine analytischen Ausf\u00fchrungen, wie eigentlich gl\u00e4ubige US-Muslime ganz genau die westliche Kultur, in der sie leben, wahrnehmen und wie sie diese f\u00e4lschlicherweise mit dem Christentum assoziieren \u2013 wie einst auch Qureshi selbst und seine muslimische US-Gemeinde \u2013 illustrieren diese Missverst\u00e4ndnisse besonders treffend.<\/p>\n<p>Erdo\u011fan redet zwar von &#8220;Krieg&#8221; zwischen den genannten Fraktionen, aber ein &#8220;Kulturkrieg&#8221; oder auch ein &#8220;B\u00fcrgerkrieg&#8221; innerhalb der &#8220;Festung Europa&#8221; \u2013 anstelle eines konventionellen Krieges an den Au\u00dfengrenzen des &#8220;EU-Gartens&#8221; \u2013 ist bei seiner Warnung nicht auszuschlie\u00dfen. Wobei auch niemand garantieren k\u00f6nnte, dass nicht auch beides gleichzeitig vonstattengehen k\u00f6nnte.<\/p>\n<p>\u00a0<\/p>\n<p><strong><em>Hintert\u00fcr Nummer drei: Die untersch\u00e4tzte, muslimische Minderheit in der BRD<\/em><\/strong><\/p>\n<p>Bauend auf dem Hinweis, der sich in Erdogans Zitat &#8220;verbarg&#8221;, sollte man nun auf die 100.000 bis 300.000 propal\u00e4stinensischen Demonstranten (die meisten sind Muslime) schauen, die j\u00fcngst in London, aber auch in Istanbul und anderen Metropolen, auf die Stra\u00dfe gingen. Es zeigt sich ein anderes Konfliktpotenzial \u2014 eines, das in Berlin und anderen deutschen St\u00e4dten noch mit Polizeiverboten und Eins\u00e4tzen unterdr\u00fcckt wird. Die vielen Menschen muslimischen Glaubens im Herzen Europas sind zu Recht bereits au\u00dferordentlich affektiert \u00fcber den Genozid, der in Gaza von den Israelis begonnen wird. Anders als bei der israelischen und proisraelischen Interpretation der j\u00fcngsten Geschehnisse, beginnt bei der muslimischen Weltgemeinde die Zeitrechnung nicht am 7. Oktober 2023, sondern reicht mindestens bis ins Jahr 2005 oder sogar bis zu den Jahren 1917\/1918 und 1947\/1948 zur\u00fcck. Zugegeben, \u00fcber lange Zeitabschnitte hinweg kann man auch in der Vergangenheit eine fehlende Anteilnahme, eine Teilnahmslosigkeit, eine Passivit\u00e4t und einen Unwillen bei sunnitischen und schiitischen L\u00e4ndern des Nahen und Mittleren Ostens erkennen, die &#8220;pal\u00e4stinensische Frage&#8221; gerecht l\u00f6sen zu helfen. Durch die j\u00fcngste Entwicklung des Nahostkonfliktes jedoch wurde diese diplomatische Lethargie aber eindeutig ausgemerzt.<\/p>\n<p>Jede weitere Stufe der Eskalation im Gazastreifen, jeder weitere Massenmord an pal\u00e4stinensischen Zivilisten durch die israelische Regierung wird die \u00f6ffentliche Meinung unter den Muslimen im Westen stark in Richtung Tatendrang lenken \u2013 in den muslimischen Nationen umso mehr. Es bahnt sich sogar eine Befriedung der fast 1.400 Jahre alten Fehde zwischen Sunniten (u. a. T\u00fcrkei, Saudi Arabien) und Schiiten (u. a. Iran) an, die sich unter dem Banner der gemeinsamen Aufgabe der &#8220;Verurteilung und Bek\u00e4mpfung zionistischer Aggression im Nahen Osten&#8221; zeitweise formen k\u00f6nnte.<\/p>\n<p>Wenn der scheindemokratische Prozess in ihrer zweiten Heimat, in Europa, scheitern sollte und die Muslime sehen, dass die EU-Staaten nicht an einer unvoreingenommenen L\u00f6sung des Nahost-Konfliktes interessiert sind (wie etwa an einer &#8220;Zwei-Staaten-L\u00f6sung&#8221;), gilt eine pr\u00e4zedenzlose, gesellschaftliche Unruhe als nat\u00fcrliche Folge. Kongruent zu der kriegerischen Eskalation im israelisch-pal\u00e4stinensischen Krieg im Nahen Osten w\u00fcrde eine zivilgesellschaftliche Eskalation b\u00fcrgerkriegs\u00e4hnlicher Proportionen auf dem alten Kontinent entfacht werden.<\/p>\n<p>Vielleicht hatte also Pistorius mit seinen Prognosen allgemein recht, aber es m\u00fcsste dann auch der Begriff &#8220;B\u00fcrgerkrieg&#8221; \u2013 statt nur konventioneller &#8220;Krieg&#8221; \u2013 hinzugef\u00fcgt werden. Also ginge es um einen &#8220;inneren Notstand&#8221;, der &#8220;zur Abwehr einer drohenden Gefahr f\u00fcr den Bestand oder die freiheitliche demokratische Grundordnung des Bundes&#8221;, wie es die Bundeswehr anhand des Grundgesetzes <a rel=\"nofollow noopener\" target=\"_blank\" href=\"https:\/\/www.bundeswehr.de\/de\/aktuelles\/meldungen\/klare-regeln-einsatz-im-innern-254332\">selbst erkl\u00e4rt<\/a>. Bisher konnte man die deutsche Bev\u00f6lkerung auch \u00fcber das oben Beschriebene hinwegt\u00e4uschen. Zum Beispiel mit Theaterinszenierungen einer anderen, unmittelbaren, staatsgef\u00e4hrdenden, &#8220;rechtsextremen&#8221; Terrorgefahr innerhalb Deutschlands, wie das exklusiv Der Spiegel mit dem angef\u00fchrten Medienst\u00fcck von Anfang Dezember 2022 <a rel=\"nofollow noopener\" target=\"_blank\" href=\"https:\/\/www.spiegel.de\/politik\/deutschland\/ermittler-heben-rechtsextreme-terrororganisation-aus-a-2233c457-4caa-4abb-91e0-3660a3dfcf46\">suggerierte<\/a>.<\/p>\n<p>\u00a0<\/p>\n<p><strong>Wissen all die Muslime Deutschlands um &#8220;seine h\u00f6chste Staatsr\u00e4son&#8221;?<\/strong><\/p>\n<p>Die tragische, aber extrem unterbelichtete, weil kaum berichtete Trag\u00f6die des Nahost-Konfliktes \u2013 besonders seit der Milit\u00e4r-Okkupation des Gazastreifens durch Israel seit 2005 \u2013 ist zum Beispiel in Deutschland fast g\u00e4nzlich unbekannt. Hierzulande begann alles ganz pl\u00f6tzlich am 7. Oktober 2023 \u2013 mit dem Massenmord an israelischen Zivilisten durch die Hamas. Man berichtet mittlerweile zuhauf \u00fcber den laufenden Konflikt selbst. Es ist das wichtigste Nachrichtenthema, welches zwar jetzt alles andere als verschwiegen wird, aber eben aus einer streng prozionistischen Perspektive projiziert wird \u2013 wie \u00fcblich getarnt als &#8220;objektive, unabh\u00e4ngige und unvoreingenommene&#8221; deutsche Berichterstattung.<\/p>\n<p>Der israelisch-pal\u00e4stinensische beziehungsweise israelisch-arabische Konflikt ist nicht Teil des staatlichen Pflicht-Curriculums der deutschen Ober- und Hochschulen in den politologischen und historischen F\u00e4chern und Fakult\u00e4ten. Der Autor dieser Zeilen erfuhr \u00fcber die Geschichte der Balfour-Erkl\u00e4rung aus dem Jahr 1917 erstmals aus dem &#8220;unberechenbaren&#8221; Internet, lange nach seiner deutschen Reifepr\u00fcfung. B\u00fccher von Berichterstattern \u2013 wie etwa von dem gr\u00fcndlichen Historiker Sir David Robert Gilmour (<em>&#8220;<\/em><a rel=\"nofollow noopener\" target=\"_blank\" href=\"https:\/\/archive.org\/details\/dispossessedorde0000gilm_i8v6\"><em>Dispossessed: The Ordeal of the Palestinians 1917\u20131980&#8243;<\/em><\/a><em>&#8220;, 1980<\/em>) oder dem kompromisslosen britischen Kriegskorrespondenten Joseph Mary Nagle Jeffries (<a rel=\"nofollow noopener\" target=\"_blank\" href=\"https:\/\/refugeeacademy.org\/upload\/library\/Palestine_-_The_Reality.pdf\"><em>&#8220;Palestine: The Reality&#8221;<\/em><\/a>, 1939 [2016]) \u2013 sind bis heute nicht ins Deutsche \u00fcbersetzt worden. Die ins Deutsche \u00fcbersetzten B\u00fccher des Historikers Norman Finkelstein werden an den Peripherien des deutschen Diskurses unfairerweise als &#8220;antisemitische&#8221; Schriften eines &#8220;selbsthassenden&#8221; US-Juden stigmatisiert.<\/p>\n<p>Die Muslime in Deutschland \u2013 besonders die, welche als Fl\u00fcchtlinge, Gefl\u00fcchtete und Wirtschaftsmigranten in erster Generation seit den fr\u00fchen 2000ern, 2008 und 2015 in die BRD gekommen sind \u2013 wissen nicht oder untersch\u00e4tzen zumindest fahrl\u00e4ssig den Fakt, dass ihre Zweitheimat Deutschland dem j\u00fcdischen Staat vorbehaltlos und blind verpflichtet ist \u2013 geopolitisch, moralisch, ideologisch. Und ferner ahnen sie kaum, dass in der Frage des Nahost-Konfliktes im deutschen Staat die &#8220;zionistische Auslegung&#8221; schier absolute Deutungshoheit besitzt und die wichtigste &#8220;deutsche Staatsr\u00e4son&#8221; darstellt. Letzteres haben deutsche Politiker in den vergangenen Wochen im Bundestag und anderswo f\u00fcr alle h\u00f6rbar vermehrt und lautstark postuliert und \u00fcber die \u00f6ffentlich-rechtlichen Staatsmedien an die diskursive Oberfl\u00e4che gesp\u00fclt \u2013 wof\u00fcr auch reger, partei\u00fcbergreifender Applaus durch den ehemaligen &#8220;Reichstag&#8221; hallte. Diese prinzipielle Verfestigung der &#8220;deutschen Staatsr\u00e4son&#8221; kam ebenfalls von allerh\u00f6chster Staatsspitze selbst \u2013 dem deutschen Bundeskanzler Olaf Scholz. Wenn das das einzige relevante Politikum in Deutschland w\u00e4re, h\u00e4tten wir wohl die allergr\u00f6\u00dfte &#8220;Gro\u00dfe Koalition&#8221; in Deutschland seit es Deutsche gibt: eine dynamische und geeinte Koalition aus B\u00fcndnis 90\/Die Gr\u00fcnen, der AfD, der FDP, der SPD, Die Linke und der CDU und CSU. Unter den deutschen Alt-Linken w\u00fcrden sich wom\u00f6glich noch welche finden, die eine \u2013 allerdings geerdete \u2013 Kritik gegen\u00fcber dem historischen und heutigen Zionismus sowie Israels Apartheid-Politik gegen\u00fcber den Pal\u00e4stinensern \u00fcben. Das reicht aber nicht, um eine neue Volkspartei in der BRD zu gr\u00fcnden.<\/p>\n<p>Die Ank\u00fcndigung aus der SPD-Spitze zu retardierter &#8220;Einwanderung&#8221; und der strengeren Ahndung von damit verbundener Kriminalit\u00e4t sowie mittlerweile sogar das Benutzen des politisch aufgeladenen Wortes &#8220;Abschiebung&#8221; durch eine System- und Regierungspartei sind lediglich Lippenbekenntnisse. Sie dienen eigentlich als Ank\u00fcndigung einer neuen \u00c4ra. Was die SPD unter Scholz beginnt, vorsichtig und bedacht vorzuschlagen \u2013 unter Protest des Koalitionspartners Die Gr\u00fcnen und der Opposition Die Linke \u2013 wird sowieso nicht mehr von der SPD in die Praxis \u00fcbertragen. An der Reaktion der AfD sieht man bereits, wohin die Reise gehen k\u00f6nnte. Die rechtskonservative Opposition greift diese Lippenbekenntnisse der SPD \u2013 zu Recht \u2013 als solche an und versichert, dass sie die Einzigen w\u00e4ren, welche solche politischen Versprechen tats\u00e4chlich auch in die Tat umsetzen w\u00fcrden. Die AfD hat auch ein ziemlich greifendes Argument, in dem sie erkl\u00e4rt, dass der derzeit in Deutschland sichtbar gewordene &#8220;muslimische Antisemitismus&#8221;, der die deutsch-j\u00fcdische Bev\u00f6lkerung gef\u00e4hrdet, auf die Migrationspolitik und &#8220;Willkommenskultur&#8221; der &#8220;Ampel&#8221; und der Merkel-Epoche seit 2005 zur\u00fcckzuf\u00fchren ist. Auf diesem Rennpferd wird die AfD relativ lange noch glaubhaft reiten k\u00f6nnen \u2013 diese Kuh wird ausgesprochen lange gemolken werden k\u00f6nnen.\u00a0<\/p>\n<p>\u00a0<\/p>\n<p><strong>Zwischen &#8220;unbeschr\u00e4nkter Hilfe im Sanit\u00e4ts- und Materialbereich&#8221; und &#8220;deutsches Leben geben f\u00fcr Israel&#8221;<\/strong><\/p>\n<p>Pistorius&#8217; Worte haben wir im <em>ZDF<\/em> klar geh\u00f6rt. In Kombination mit \u00c4u\u00dferungen aus der &#8220;gem\u00e4\u00dfigten&#8221; Opposition wird erst ein Paar Schuhe daraus. Denn man kann nicht erwarten, dass die ganze Wahrheit von nur einem Regierungspolitiker kommen kann. Mit <a rel=\"nofollow noopener\" target=\"_blank\" href=\"https:\/\/www.zdf.de\/politik\/berlin-direkt\/berlin-direkt-vom-15-oktober-2023-100.html\">den Ausf\u00fchrungen<\/a> des CDU-Au\u00dfenpolitikers Roderich Kiesewetter Mitte Oktober beim <em>ZDF<\/em> hat er unmissverst\u00e4ndlich die reale M\u00f6glichkeit in den Raum gestellt, dass deutsche Bundeswehr-Soldaten perspektivisch in den Nahen Osten geschickt werden sollten, um den j\u00fcdischen Staat vor den Pal\u00e4stinensern und anderen Arabern und notfalls auch vor Iran mit <strong><em>&#8220;unserem Leben zu verteidigen&#8221;<\/em><\/strong>. Dies k\u00f6nnte realistisch werden, wenn eine neue Stufe der Eskalation erreicht w\u00e4re \u2013 zum Beispiel, wenn die K\u00e4mpfe sich nach au\u00dferhalb Gazas und damit ins Innere Israels ausweiten w\u00fcrden. Ganz besonders, wenn auf der Seite der Hamas und des Pal\u00e4stinensischen Islamischen Dschihad neue Kriegsparteien (Hisbollah, Iran usw.) auftauchen w\u00fcrden. Eine weitere Variante w\u00e4re die Entscheidung Israels, die al-Aqsa-Moschee in Jerusalem endlich in die Luft zu sprengen \u2013 getrieben vom Irrglauben, dass dies den pal\u00e4stinensischen Widerstand und die internationale, muslimische L\u00e4nderkoalition um sie herum v\u00f6llig demoralisieren w\u00fcrde sowie gen\u00fcgend Platz schaffe, einen j\u00fcdischen &#8220;Dritten Tempel&#8221; zu errichten. Diese hypothetische Entsendung deutscher Soldaten nach Israel schlie\u00dft ein gleichzeitiges Szenario eines innerdeutschen B\u00fcrgerkriegszustandes, in dem die Bundeswehr auch unbedingt vonn\u00f6ten w\u00e4re, nicht aus \u2013 beide Prozesse k\u00f6nnten sich parallel entwickeln und sich sogar bedingen, indem die proaktive, muslimische Minderheit in Deutschland \u2013 die meisten unter ihnen mit deutschen P\u00e4ssen \u2013 mit dem Entsenden deutscher Bundeswehr-Truppen zur Hilfe Israels verst\u00e4ndlicherweise nicht d\u2019accord gehen w\u00fcrde.<\/p>\n<p>\u00a0<\/p>\n<p><strong><em>Das eigentliche Schicksal der AfD? Tun, was weder die &#8220;Ampel&#8221; noch die CDU derzeit zu tun imstande w\u00e4ren<\/em><\/strong><\/p>\n<p>Dass unter einer von der AfD gef\u00fchrten Regierungskoalition eine beschleunigte, dringliche Aufr\u00fcstung der Bundeswehr stattfinden w\u00fcrde, ist klar. H\u00f6chstwahrscheinlich w\u00fcrde die CDU sich als K\u00f6nigsmacher anbieten \u2013 \u00e4hnlich wie es damals die Zentrumspartei mit der NSDAP von Adolf Hitler tat. Ohne unbedingt die weiteren, \u00fcblichen, direkten und verleumdenden Vergleiche zwischen der Alternative f\u00fcr Deutschland und den Nationalsozialisten hier aufstellen zu m\u00fcssen. Eine absolute Mehrheit bei einer Bundestagswahl kann ich mir einfach bei der AfD in dieser Generation nicht vorstellen. Brot, K\u00e4se, Strom und Wohnhaft m\u00fcssten sonst in Deutschland erst vollkommen unbezahlbar werden. Somit w\u00fcrde die AfD vorerst auf einen Koalitionspartner angewiesen sein. Sahra Wagenknecht schloss das bereits f\u00fcr die Langfrist aus. Also bleiben nur die gegenw\u00e4rtig von Ber\u00fchrungs\u00e4ngsten gepeinigten Opportunisten unter den Christdemokraten. Der programmatische Zionismus der CDU und der AfD, wie etwa von Kiesewetter oder Gauland verk\u00f6rpert, k\u00f6nnten den n\u00f6tigen Cocktail liefern.<\/p>\n<p>Des Weiteren schneidet die AfD seit ihrer Gr\u00fcndung die Coupons daf\u00fcr ab, dass sie die einzigen Islam-Skeptiker und Abschiebe-Enthusiasten des politischen Spektrums in Deutschland seien. Je mehr muslimische Einwanderer nach Deutschland kommen, umso mehr wird die zionistische Auslegung des Nahostkonfliktes einer diskursiven Mehrheit beraubt, und gleichzeitig ist das einer der Hauptgr\u00fcnde f\u00fcr eine wachsende gesellschaftliche Spannung innerhalb der Bundesrepublik. Ja, die SPD beteuert auch, Israel an erster Stelle zu haben \u2013 aber es ist die AfD-Spitze, die in der Position einer zuk\u00fcnftigen Regierungsverantwortung ihren Zionismus wahrhaft tollk\u00fchn umsetzen k\u00f6nnte. Der Vorwurf der AfD, dass die alten Systemparteien den innerdeutsch wachsenden &#8220;irrationalen muslimischen Antisemitismus&#8221; zu verantworten haben, wird den meisten als Begr\u00fcndung f\u00fcr den weiteren politischen Weg des erneut camouflierten Verheizens von deutscher Seite ausreichen.<\/p>\n<p>In einem Inlandeinsatz der Bundeswehr gegen islamische Widerst\u00e4nde, die einen B\u00fcrgerkrieg verhei\u00dfen lassen w\u00fcrden, w\u00e4re es eine solche AfD, die eher h\u00e4rter durchgreifen w\u00fcrde, als es die \u00e4lteren Systemparteien zu tun imstande w\u00e4ren.<\/p>\n<p>Auch w\u00e4re es wohl der letztm\u00f6glich verbliebene Schachzug, um die sonst unvermeidliche Deindustrialisierung Deutschlands abzuwenden: Das Umschalten und Neuz\u00fcnden der deutschen Schwerindustrie in den Modus &#8220;Krieg&#8221;. Da versucht selbst der Verteidigungsminister Pistorius mit sanften Schrittchen den Pfad im Rahmen der &#8220;Ampel&#8221; f\u00fcr die AfD vorzutreten.<\/p>\n<p>Obwohl also Pistorius nicht transparent dar\u00fcber redete, wie genau Deutschland oder Europa in einen Krieg hineingezogen werden k\u00f6nnten, ist seine generelle Warnung vor der stetig wachsenden Wahrscheinlichkeit eines Krieges in Deutschland und innerhalb Europas durchaus nicht fehl am Platz. Gegen &#8220;wen&#8221; dies geschehen soll, wird aber aller Offensichtlichkeit halber erst einmal ein &#8220;obskures Geheimnis&#8221; bleiben.<\/p>\n<p><strong>Mehr zum Thema<\/strong> \u2013 <a rel=\"nofollow noopener\" target=\"_blank\" href=\"https:\/\/freeassange.rtde.life\/inland\/185414-wir-muessen-kriegstuechtig-werden-pistorius\/\">&#8220;Wir m\u00fcssen kriegst\u00fcchtig werden&#8221; \u2013 Pistorius fordert Militarisierung Deutschlands<\/a><\/p>\n<div class=\"EmbedBlock-root EmbedBlock-externalVideo EmbedBlock-odysee\">\n<div class=\"VkEmbed\"><iframe class=\"lazyload\" data-src=\"https:\/\/odysee.com\/%24\/embed\/%40RTDE%3Ae%2FMilliardenverschwendung-bei-der-Bundeswehr-neue-Funkger%C3%A4te-unbrauchbar%3A9\" frameborder=\"0\" width=\"853\" height=\"480\" allowfullscreen><\/iframe><\/div>\n<\/div>\n<p><strong><em>Elem Chintsky <\/em><\/strong><em>ist ein deutsch-polnischer Journalist, der zu geopolitischen, historischen, finanziellen und kulturellen Themen schreibt. Die fruchtbare Zusammenarbeit mit RT DE besteht seit 2017. Seit Anfang 2020 lebt und arbeitet der freischaffende Autor im russischen Sankt Petersburg. Der urspr\u00fcnglich als Filmregisseur und Drehbuchautor ausgebildete Chintsky betreibt au\u00dferdem einen eigenen <\/em><a rel=\"nofollow noopener\" target=\"_blank\" href=\"https:\/\/t.me\/elemread\"><em>Kanal auf Telegram<\/em><\/a><em>, auf dem man noch mehr von ihm lesen kann.<\/em><\/p>\n<\/div>\n<p><br \/>\n<br \/><a href=\"https:\/\/de.rt.com\/meinung\/185816-herr-pistorius-kriegstuechtig-gegen-wen-das-ratespiel-hat-begonnen\/\">Source link <\/a><\/p>\n","protected":false},"excerpt":{"rendered":"<p>Beim Krieg braucht es &#8220;das Fremde&#8221; \u2013 den Feind, gegen den man die eigenen Staatssubjekte in den Krieg ziehen lassen kann. Wen meinte Verteidigungsminister Pistorius dann eigentlich, als er zu mehr deutscher &#8220;Kriegst\u00fcchtigkeit&#8221; aufrief und vor &#8220;Krieg in Europa&#8221; warnte? Ein Gedankenspiel von Elem Chintsky Der deutsche Bundesminister der Verteidigung Boris Pistorius k\u00fcndigte de facto [&hellip;]<\/p>\n","protected":false},"author":3,"featured_media":49228,"comment_status":"open","ping_status":"open","sticky":false,"template":"","format":"standard","meta":{"_yoast_indexnow_last_ping":["1699080314"],"wp_automatic_camp":["217"],"22d027bc3547d0ef9106adc0db21777d":["Herr Pistorius, &quot;kriegst\u00fcchtig&quot; gegen wen? \u2013 Das Ratespiel hat begonnen"],"original_link":["https:\/\/de.rt.com\/meinung\/185816-herr-pistorius-kriegstuechtig-gegen-wen-das-ratespiel-hat-begonnen\/"],"_thumbnail_id":["49228"],"jnews_social_counter_last_update":["1777330762"],"_wptgpro_p2tg_sent2tg":["a:1:{i:23737;s:19:\"2023-11-04 08:46:34\";}"]},"categories":[19,23],"tags":[3473,427,278,423,35488,39179,50373,50374,22920],"yoast_head":"<!-- This site is optimized with the Yoast SEO Premium plugin v22.7 (Yoast SEO v22.7) - https:\/\/yoast.com\/wordpress\/plugins\/seo\/ -->\n<title>Herr Pistorius, &quot;kriegst\u00fcchtig&quot; gegen wen? \u2013 Das Ratespiel hat begonnen - just-now.NEWS Deutschland<\/title>\n<meta name=\"robots\" content=\"index, follow, max-snippet:-1, max-image-preview:large, max-video-preview:-1\" \/>\n<link rel=\"canonical\" href=\"https:\/\/now-news.de\/de\/deutschland\/herr-pistorius-kriegstuechtig-gegen-wen-das-ratespiel-hat-begonnen\/\" \/>\n<meta property=\"og:locale\" content=\"de_DE\" \/>\n<meta property=\"og:type\" content=\"article\" \/>\n<meta property=\"og:title\" content=\"Herr Pistorius, &quot;kriegst\u00fcchtig&quot; gegen wen? \u2013 Das Ratespiel hat begonnen\" \/>\n<meta property=\"og:description\" content=\"Beim Krieg braucht es &#8220;das Fremde&#8221; \u2013 den Feind, gegen den man die eigenen Staatssubjekte in den Krieg ziehen lassen kann. Wen meinte Verteidigungsminister Pistorius dann eigentlich, als er zu mehr deutscher &#8220;Kriegst\u00fcchtigkeit&#8221; aufrief und vor &#8220;Krieg in Europa&#8221; warnte? Ein Gedankenspiel von Elem Chintsky Der deutsche Bundesminister der Verteidigung Boris Pistorius k\u00fcndigte de facto [&hellip;]\" \/>\n<meta property=\"og:url\" content=\"https:\/\/now-news.de\/de\/deutschland\/herr-pistorius-kriegstuechtig-gegen-wen-das-ratespiel-hat-begonnen\/\" \/>\n<meta property=\"og:site_name\" content=\"just-now.NEWS Deutschland\" \/>\n<meta property=\"article:publisher\" content=\"https:\/\/www.facebook.com\/wirmachenauf\" \/>\n<meta property=\"article:published_time\" content=\"2023-11-04T06:30:18+00:00\" \/>\n<meta property=\"og:image\" content=\"https:\/\/now-news.de\/de\/wp-content\/uploads\/sites\/3\/2023\/11\/Herr-Pistorius-quotkriegstuechtigquot-gegen-wen-\u2013-Das-Ratespiel-hat-begonnen.jpg\" \/>\n\t<meta property=\"og:image:width\" content=\"460\" \/>\n\t<meta property=\"og:image:height\" content=\"259\" \/>\n\t<meta property=\"og:image:type\" content=\"image\/jpeg\" \/>\n<meta name=\"author\" content=\"rtnews\" \/>\n<meta name=\"twitter:card\" content=\"summary_large_image\" \/>\n<meta name=\"twitter:creator\" content=\"@WirMachenAuf_de\" \/>\n<meta name=\"twitter:site\" content=\"@WirMachenAuf_de\" \/>\n<meta name=\"twitter:label1\" content=\"Verfasst von\" \/>\n\t<meta name=\"twitter:data1\" content=\"rtnews\" \/>\n\t<meta name=\"twitter:label2\" content=\"Gesch\u00e4tzte Lesezeit\" \/>\n\t<meta name=\"twitter:data2\" content=\"16\u00a0Minuten\" \/>\n<script type=\"application\/ld+json\" class=\"yoast-schema-graph\">{\"@context\":\"https:\/\/schema.org\",\"@graph\":[{\"@type\":\"Article\",\"@id\":\"https:\/\/now-news.de\/de\/deutschland\/herr-pistorius-kriegstuechtig-gegen-wen-das-ratespiel-hat-begonnen\/#article\",\"isPartOf\":{\"@id\":\"https:\/\/now-news.de\/de\/deutschland\/herr-pistorius-kriegstuechtig-gegen-wen-das-ratespiel-hat-begonnen\/\"},\"author\":{\"name\":\"rtnews\",\"@id\":\"https:\/\/now-news.de\/de\/#\/schema\/person\/fb534a4e865501d8b3285208df34a9b5\"},\"headline\":\"Herr Pistorius, &quot;kriegst\u00fcchtig&quot; gegen wen? \u2013 Das Ratespiel hat begonnen\",\"datePublished\":\"2023-11-04T06:30:18+00:00\",\"dateModified\":\"2023-11-04T06:30:18+00:00\",\"mainEntityOfPage\":{\"@id\":\"https:\/\/now-news.de\/de\/deutschland\/herr-pistorius-kriegstuechtig-gegen-wen-das-ratespiel-hat-begonnen\/\"},\"wordCount\":3225,\"commentCount\":0,\"publisher\":{\"@id\":\"https:\/\/now-news.de\/de\/#organization\"},\"image\":{\"@id\":\"https:\/\/now-news.de\/de\/deutschland\/herr-pistorius-kriegstuechtig-gegen-wen-das-ratespiel-hat-begonnen\/#primaryimage\"},\"thumbnailUrl\":\"https:\/\/now-news.de\/de\/wp-content\/uploads\/sites\/3\/2023\/11\/Herr-Pistorius-quotkriegstuechtigquot-gegen-wen-\u2013-Das-Ratespiel-hat-begonnen.jpg\",\"keywords\":[\"begonnen\",\"das\",\"gegen\",\"hat\",\"Herr\",\"Pistorius\",\"quotkriegst\u00fcchtigquot\",\"Ratespiel\",\"wen\"],\"articleSection\":[\"Deutschland\",\"Russland\"],\"inLanguage\":\"de\",\"potentialAction\":[{\"@type\":\"CommentAction\",\"name\":\"Comment\",\"target\":[\"https:\/\/now-news.de\/de\/deutschland\/herr-pistorius-kriegstuechtig-gegen-wen-das-ratespiel-hat-begonnen\/#respond\"]}]},{\"@type\":\"WebPage\",\"@id\":\"https:\/\/now-news.de\/de\/deutschland\/herr-pistorius-kriegstuechtig-gegen-wen-das-ratespiel-hat-begonnen\/\",\"url\":\"https:\/\/now-news.de\/de\/deutschland\/herr-pistorius-kriegstuechtig-gegen-wen-das-ratespiel-hat-begonnen\/\",\"name\":\"Herr Pistorius, &quot;kriegst\u00fcchtig&quot; gegen wen? \u2013 Das Ratespiel hat begonnen - just-now.NEWS Deutschland\",\"isPartOf\":{\"@id\":\"https:\/\/now-news.de\/de\/#website\"},\"primaryImageOfPage\":{\"@id\":\"https:\/\/now-news.de\/de\/deutschland\/herr-pistorius-kriegstuechtig-gegen-wen-das-ratespiel-hat-begonnen\/#primaryimage\"},\"image\":{\"@id\":\"https:\/\/now-news.de\/de\/deutschland\/herr-pistorius-kriegstuechtig-gegen-wen-das-ratespiel-hat-begonnen\/#primaryimage\"},\"thumbnailUrl\":\"https:\/\/now-news.de\/de\/wp-content\/uploads\/sites\/3\/2023\/11\/Herr-Pistorius-quotkriegstuechtigquot-gegen-wen-\u2013-Das-Ratespiel-hat-begonnen.jpg\",\"datePublished\":\"2023-11-04T06:30:18+00:00\",\"dateModified\":\"2023-11-04T06:30:18+00:00\",\"breadcrumb\":{\"@id\":\"https:\/\/now-news.de\/de\/deutschland\/herr-pistorius-kriegstuechtig-gegen-wen-das-ratespiel-hat-begonnen\/#breadcrumb\"},\"inLanguage\":\"de\",\"potentialAction\":[{\"@type\":\"ReadAction\",\"target\":[\"https:\/\/now-news.de\/de\/deutschland\/herr-pistorius-kriegstuechtig-gegen-wen-das-ratespiel-hat-begonnen\/\"]}]},{\"@type\":\"ImageObject\",\"inLanguage\":\"de\",\"@id\":\"https:\/\/now-news.de\/de\/deutschland\/herr-pistorius-kriegstuechtig-gegen-wen-das-ratespiel-hat-begonnen\/#primaryimage\",\"url\":\"https:\/\/now-news.de\/de\/wp-content\/uploads\/sites\/3\/2023\/11\/Herr-Pistorius-quotkriegstuechtigquot-gegen-wen-\u2013-Das-Ratespiel-hat-begonnen.jpg\",\"contentUrl\":\"https:\/\/now-news.de\/de\/wp-content\/uploads\/sites\/3\/2023\/11\/Herr-Pistorius-quotkriegstuechtigquot-gegen-wen-\u2013-Das-Ratespiel-hat-begonnen.jpg\",\"width\":460,\"height\":259,\"caption\":\"Herr Pistorius, &quot;kriegst\u00fcchtig&quot; gegen wen? \u2013 Das Ratespiel hat begonnen\"},{\"@type\":\"BreadcrumbList\",\"@id\":\"https:\/\/now-news.de\/de\/deutschland\/herr-pistorius-kriegstuechtig-gegen-wen-das-ratespiel-hat-begonnen\/#breadcrumb\",\"itemListElement\":[{\"@type\":\"ListItem\",\"position\":1,\"name\":\"Home\",\"item\":\"https:\/\/now-news.de\/de\/\"},{\"@type\":\"ListItem\",\"position\":2,\"name\":\"Herr Pistorius, &quot;kriegst\u00fcchtig&quot; gegen wen? \u2013 Das Ratespiel hat begonnen\"}]},{\"@type\":\"WebSite\",\"@id\":\"https:\/\/now-news.de\/de\/#website\",\"url\":\"https:\/\/now-news.de\/de\/\",\"name\":\"just-now.NEWS Deutschland\",\"description\":\"Das Portal f\u00fcr unzensierte Nachrichten aus der Welt\",\"publisher\":{\"@id\":\"https:\/\/now-news.de\/de\/#organization\"},\"potentialAction\":[{\"@type\":\"SearchAction\",\"target\":{\"@type\":\"EntryPoint\",\"urlTemplate\":\"https:\/\/now-news.de\/de\/?s={search_term_string}\"},\"query-input\":\"required name=search_term_string\"}],\"inLanguage\":\"de\"},{\"@type\":\"Organization\",\"@id\":\"https:\/\/now-news.de\/de\/#organization\",\"name\":\"Just Now News\",\"url\":\"https:\/\/now-news.de\/de\/\",\"logo\":{\"@type\":\"ImageObject\",\"inLanguage\":\"de\",\"@id\":\"https:\/\/now-news.de\/de\/#\/schema\/logo\/image\/\",\"url\":\"http:\/\/just-now.news\/de\/wp-content\/uploads\/sites\/3\/2022\/04\/logo500x500.jpg\",\"contentUrl\":\"http:\/\/just-now.news\/de\/wp-content\/uploads\/sites\/3\/2022\/04\/logo500x500.jpg\",\"width\":500,\"height\":500,\"caption\":\"Just Now News\"},\"image\":{\"@id\":\"https:\/\/now-news.de\/de\/#\/schema\/logo\/image\/\"},\"sameAs\":[\"https:\/\/www.facebook.com\/wirmachenauf\",\"https:\/\/x.com\/WirMachenAuf_de\"]},{\"@type\":\"Person\",\"@id\":\"https:\/\/now-news.de\/de\/#\/schema\/person\/fb534a4e865501d8b3285208df34a9b5\",\"name\":\"rtnews\",\"image\":{\"@type\":\"ImageObject\",\"inLanguage\":\"de\",\"@id\":\"https:\/\/now-news.de\/de\/#\/schema\/person\/image\/\",\"url\":\"https:\/\/secure.gravatar.com\/avatar\/82aafea7d8127119dd649515f56e2117?s=96&d=mm&r=g\",\"contentUrl\":\"https:\/\/secure.gravatar.com\/avatar\/82aafea7d8127119dd649515f56e2117?s=96&d=mm&r=g\",\"caption\":\"rtnews\"},\"url\":\"https:\/\/now-news.de\/de\/author\/rnews\/\"}]}<\/script>\n<!-- \/ Yoast SEO Premium plugin. -->","yoast_head_json":{"title":"Herr Pistorius, &quot;kriegst\u00fcchtig&quot; gegen wen? \u2013 Das Ratespiel hat begonnen - just-now.NEWS Deutschland","robots":{"index":"index","follow":"follow","max-snippet":"max-snippet:-1","max-image-preview":"max-image-preview:large","max-video-preview":"max-video-preview:-1"},"canonical":"https:\/\/now-news.de\/de\/deutschland\/herr-pistorius-kriegstuechtig-gegen-wen-das-ratespiel-hat-begonnen\/","og_locale":"de_DE","og_type":"article","og_title":"Herr Pistorius, &quot;kriegst\u00fcchtig&quot; gegen wen? \u2013 Das Ratespiel hat begonnen","og_description":"Beim Krieg braucht es &#8220;das Fremde&#8221; \u2013 den Feind, gegen den man die eigenen Staatssubjekte in den Krieg ziehen lassen kann. Wen meinte Verteidigungsminister Pistorius dann eigentlich, als er zu mehr deutscher &#8220;Kriegst\u00fcchtigkeit&#8221; aufrief und vor &#8220;Krieg in Europa&#8221; warnte? Ein Gedankenspiel von Elem Chintsky Der deutsche Bundesminister der Verteidigung Boris Pistorius k\u00fcndigte de facto [&hellip;]","og_url":"https:\/\/now-news.de\/de\/deutschland\/herr-pistorius-kriegstuechtig-gegen-wen-das-ratespiel-hat-begonnen\/","og_site_name":"just-now.NEWS Deutschland","article_publisher":"https:\/\/www.facebook.com\/wirmachenauf","article_published_time":"2023-11-04T06:30:18+00:00","og_image":[{"width":460,"height":259,"url":"https:\/\/now-news.de\/de\/wp-content\/uploads\/sites\/3\/2023\/11\/Herr-Pistorius-quotkriegstuechtigquot-gegen-wen-\u2013-Das-Ratespiel-hat-begonnen.jpg","type":"image\/jpeg"}],"author":"rtnews","twitter_card":"summary_large_image","twitter_creator":"@WirMachenAuf_de","twitter_site":"@WirMachenAuf_de","twitter_misc":{"Verfasst von":"rtnews","Gesch\u00e4tzte Lesezeit":"16\u00a0Minuten"},"schema":{"@context":"https:\/\/schema.org","@graph":[{"@type":"Article","@id":"https:\/\/now-news.de\/de\/deutschland\/herr-pistorius-kriegstuechtig-gegen-wen-das-ratespiel-hat-begonnen\/#article","isPartOf":{"@id":"https:\/\/now-news.de\/de\/deutschland\/herr-pistorius-kriegstuechtig-gegen-wen-das-ratespiel-hat-begonnen\/"},"author":{"name":"rtnews","@id":"https:\/\/now-news.de\/de\/#\/schema\/person\/fb534a4e865501d8b3285208df34a9b5"},"headline":"Herr Pistorius, &quot;kriegst\u00fcchtig&quot; gegen wen? \u2013 Das Ratespiel hat begonnen","datePublished":"2023-11-04T06:30:18+00:00","dateModified":"2023-11-04T06:30:18+00:00","mainEntityOfPage":{"@id":"https:\/\/now-news.de\/de\/deutschland\/herr-pistorius-kriegstuechtig-gegen-wen-das-ratespiel-hat-begonnen\/"},"wordCount":3225,"commentCount":0,"publisher":{"@id":"https:\/\/now-news.de\/de\/#organization"},"image":{"@id":"https:\/\/now-news.de\/de\/deutschland\/herr-pistorius-kriegstuechtig-gegen-wen-das-ratespiel-hat-begonnen\/#primaryimage"},"thumbnailUrl":"https:\/\/now-news.de\/de\/wp-content\/uploads\/sites\/3\/2023\/11\/Herr-Pistorius-quotkriegstuechtigquot-gegen-wen-\u2013-Das-Ratespiel-hat-begonnen.jpg","keywords":["begonnen","das","gegen","hat","Herr","Pistorius","quotkriegst\u00fcchtigquot","Ratespiel","wen"],"articleSection":["Deutschland","Russland"],"inLanguage":"de","potentialAction":[{"@type":"CommentAction","name":"Comment","target":["https:\/\/now-news.de\/de\/deutschland\/herr-pistorius-kriegstuechtig-gegen-wen-das-ratespiel-hat-begonnen\/#respond"]}]},{"@type":"WebPage","@id":"https:\/\/now-news.de\/de\/deutschland\/herr-pistorius-kriegstuechtig-gegen-wen-das-ratespiel-hat-begonnen\/","url":"https:\/\/now-news.de\/de\/deutschland\/herr-pistorius-kriegstuechtig-gegen-wen-das-ratespiel-hat-begonnen\/","name":"Herr Pistorius, &quot;kriegst\u00fcchtig&quot; gegen wen? \u2013 Das Ratespiel hat begonnen - just-now.NEWS Deutschland","isPartOf":{"@id":"https:\/\/now-news.de\/de\/#website"},"primaryImageOfPage":{"@id":"https:\/\/now-news.de\/de\/deutschland\/herr-pistorius-kriegstuechtig-gegen-wen-das-ratespiel-hat-begonnen\/#primaryimage"},"image":{"@id":"https:\/\/now-news.de\/de\/deutschland\/herr-pistorius-kriegstuechtig-gegen-wen-das-ratespiel-hat-begonnen\/#primaryimage"},"thumbnailUrl":"https:\/\/now-news.de\/de\/wp-content\/uploads\/sites\/3\/2023\/11\/Herr-Pistorius-quotkriegstuechtigquot-gegen-wen-\u2013-Das-Ratespiel-hat-begonnen.jpg","datePublished":"2023-11-04T06:30:18+00:00","dateModified":"2023-11-04T06:30:18+00:00","breadcrumb":{"@id":"https:\/\/now-news.de\/de\/deutschland\/herr-pistorius-kriegstuechtig-gegen-wen-das-ratespiel-hat-begonnen\/#breadcrumb"},"inLanguage":"de","potentialAction":[{"@type":"ReadAction","target":["https:\/\/now-news.de\/de\/deutschland\/herr-pistorius-kriegstuechtig-gegen-wen-das-ratespiel-hat-begonnen\/"]}]},{"@type":"ImageObject","inLanguage":"de","@id":"https:\/\/now-news.de\/de\/deutschland\/herr-pistorius-kriegstuechtig-gegen-wen-das-ratespiel-hat-begonnen\/#primaryimage","url":"https:\/\/now-news.de\/de\/wp-content\/uploads\/sites\/3\/2023\/11\/Herr-Pistorius-quotkriegstuechtigquot-gegen-wen-\u2013-Das-Ratespiel-hat-begonnen.jpg","contentUrl":"https:\/\/now-news.de\/de\/wp-content\/uploads\/sites\/3\/2023\/11\/Herr-Pistorius-quotkriegstuechtigquot-gegen-wen-\u2013-Das-Ratespiel-hat-begonnen.jpg","width":460,"height":259,"caption":"Herr Pistorius, &quot;kriegst\u00fcchtig&quot; gegen wen? \u2013 Das Ratespiel hat begonnen"},{"@type":"BreadcrumbList","@id":"https:\/\/now-news.de\/de\/deutschland\/herr-pistorius-kriegstuechtig-gegen-wen-das-ratespiel-hat-begonnen\/#breadcrumb","itemListElement":[{"@type":"ListItem","position":1,"name":"Home","item":"https:\/\/now-news.de\/de\/"},{"@type":"ListItem","position":2,"name":"Herr Pistorius, &quot;kriegst\u00fcchtig&quot; gegen wen? \u2013 Das Ratespiel hat begonnen"}]},{"@type":"WebSite","@id":"https:\/\/now-news.de\/de\/#website","url":"https:\/\/now-news.de\/de\/","name":"just-now.NEWS Deutschland","description":"Das Portal f\u00fcr unzensierte Nachrichten aus der Welt","publisher":{"@id":"https:\/\/now-news.de\/de\/#organization"},"potentialAction":[{"@type":"SearchAction","target":{"@type":"EntryPoint","urlTemplate":"https:\/\/now-news.de\/de\/?s={search_term_string}"},"query-input":"required name=search_term_string"}],"inLanguage":"de"},{"@type":"Organization","@id":"https:\/\/now-news.de\/de\/#organization","name":"Just Now News","url":"https:\/\/now-news.de\/de\/","logo":{"@type":"ImageObject","inLanguage":"de","@id":"https:\/\/now-news.de\/de\/#\/schema\/logo\/image\/","url":"http:\/\/just-now.news\/de\/wp-content\/uploads\/sites\/3\/2022\/04\/logo500x500.jpg","contentUrl":"http:\/\/just-now.news\/de\/wp-content\/uploads\/sites\/3\/2022\/04\/logo500x500.jpg","width":500,"height":500,"caption":"Just Now News"},"image":{"@id":"https:\/\/now-news.de\/de\/#\/schema\/logo\/image\/"},"sameAs":["https:\/\/www.facebook.com\/wirmachenauf","https:\/\/x.com\/WirMachenAuf_de"]},{"@type":"Person","@id":"https:\/\/now-news.de\/de\/#\/schema\/person\/fb534a4e865501d8b3285208df34a9b5","name":"rtnews","image":{"@type":"ImageObject","inLanguage":"de","@id":"https:\/\/now-news.de\/de\/#\/schema\/person\/image\/","url":"https:\/\/secure.gravatar.com\/avatar\/82aafea7d8127119dd649515f56e2117?s=96&d=mm&r=g","contentUrl":"https:\/\/secure.gravatar.com\/avatar\/82aafea7d8127119dd649515f56e2117?s=96&d=mm&r=g","caption":"rtnews"},"url":"https:\/\/now-news.de\/de\/author\/rnews\/"}]}},"_links":{"self":[{"href":"https:\/\/now-news.de\/de\/wp-json\/wp\/v2\/posts\/49227"}],"collection":[{"href":"https:\/\/now-news.de\/de\/wp-json\/wp\/v2\/posts"}],"about":[{"href":"https:\/\/now-news.de\/de\/wp-json\/wp\/v2\/types\/post"}],"author":[{"embeddable":true,"href":"https:\/\/now-news.de\/de\/wp-json\/wp\/v2\/users\/3"}],"replies":[{"embeddable":true,"href":"https:\/\/now-news.de\/de\/wp-json\/wp\/v2\/comments?post=49227"}],"version-history":[{"count":0,"href":"https:\/\/now-news.de\/de\/wp-json\/wp\/v2\/posts\/49227\/revisions"}],"wp:featuredmedia":[{"embeddable":true,"href":"https:\/\/now-news.de\/de\/wp-json\/wp\/v2\/media\/49228"}],"wp:attachment":[{"href":"https:\/\/now-news.de\/de\/wp-json\/wp\/v2\/media?parent=49227"}],"wp:term":[{"taxonomy":"category","embeddable":true,"href":"https:\/\/now-news.de\/de\/wp-json\/wp\/v2\/categories?post=49227"},{"taxonomy":"post_tag","embeddable":true,"href":"https:\/\/now-news.de\/de\/wp-json\/wp\/v2\/tags?post=49227"}],"curies":[{"name":"wp","href":"https:\/\/api.w.org\/{rel}","templated":true}]}}