{"id":49225,"date":"2023-11-04T08:15:49","date_gmt":"2023-11-04T06:15:49","guid":{"rendered":"https:\/\/just-now.news\/de\/deutschland\/es-ist-wie-1914-joschka-fischer-im-interview-zur-aktuellen-weltlage\/"},"modified":"2023-11-04T08:15:49","modified_gmt":"2023-11-04T06:15:49","slug":"es-ist-wie-1914-joschka-fischer-im-interview-zur-aktuellen-weltlage","status":"publish","type":"post","link":"https:\/\/now-news.de\/de\/deutschland\/es-ist-wie-1914-joschka-fischer-im-interview-zur-aktuellen-weltlage\/","title":{"rendered":"&quot;Es ist wie 1914&quot; &#8211; Joschka Fischer im Interview zur aktuellen Weltlage"},"content":{"rendered":"<p><img decoding=\"async\" src=\"http:\/\/just-now.news\/de\/wp-content\/uploads\/sites\/3\/2023\/11\/6544e0c948fbef31c142d5f8.jpeg\" \/><\/p>\n<div class=\"Text-root Text-type_1 \">\n                Der Ex-Au\u00dfenminister \u00e4u\u00dferte sich im Rahmen eines Interviews mit einer italienischen Zeitung. Fischer spannt dabei einen Bogen vom Ukraine- zum Gaza-Israel-Konflikt und dem Status quo der USA. F\u00fcr Fischer gl\u00e4nze aktuell US-Pr\u00e4sident Joe Biden durch eine &#8220;umsichtige und erfahrene F\u00fchrung&#8221;.\n            <\/div>\n<p><\/p>\n<div class=\"Text-root Text-type_5 ArticleView-text ViewText-root \">\n<p>Der <a rel=\"nofollow noopener\" target=\"_blank\" href=\"https:\/\/www.corriere.it\/esteri\/23_novembre_02\/joschka-fischer-come-1914-catena-conflitti-attenta-all-ordine-globale-318980e4-79c1-11ee-a899-4ecc4adbacdd.shtml\">Artikel<\/a>\u00a0der italienischen Zeitung <em>Corriere della Sera <\/em>erkl\u00e4rt einleitend zum Interview mit Fischer, dass\u00a0laut Einsch\u00e4tzung\u00a0des deutschen ehemaligen Au\u00dfenministers &#8220;titanische diplomatische Bem\u00fchungen&#8221; erforderlich seien, um die aktuell weltweit angespannte politische Situation zu beruhigen. Israel h\u00e4tte demnach &#8220;keine andere Wahl, als milit\u00e4risch zur\u00fcckzuschlagen, um seine Abschreckungsf\u00e4higkeit wiederherzustellen&#8221;, erl\u00e4utert Fischer. Er h\u00e4tte laut dem Artikel\u00a0bei seinen \u00c4u\u00dferungen &#8220;ein Wort nach dem anderen abgewogen&#8221;, um bezogen auf den Gaza-Israel-Konflikt klarzustellen, dass f\u00fcr ihn\u00a0&#8220;die gesamte Region an den Rand eines allgemeinen Konflikts gedr\u00e4ngt&#8221; werde. Er sei daher &#8220;sehr besorgt und pessimistisch&#8221;.<\/p>\n<p>Fischer erl\u00e4utert\u00a0demnach weiter zur gegenw\u00e4rtigen Situation der weltweiten Ereignisse:<\/p>\n<blockquote>\n<p><em>&#8220;Es ist schwer, nicht an das Jahr 1914 zur\u00fcckzudenken, als die Ereignisse eine unkontrollierbare Wendung nahmen und den Ersten Weltkrieg ausl\u00f6sten.&#8221;<\/em><\/p>\n<\/blockquote>\n<p>Der Ukraine-Krieg sei dabei f\u00fcr Fischer &#8220;nur der erste Dominostein, der die Pax Americana\u00a0\u2012 nach historischen US-Vorstellungen geregelte Friedensordnungen\u00a0\u2012 nach 1945 endg\u00fcltig untergr\u00e4bt&#8221; und dabei eine &#8220;neue geopolitische Polarisierung ausl\u00f6st&#8221;, bei der &#8220;niemand am Ende gewinnen&#8221; k\u00f6nnte. Zwischen dem Krieg in der Ukraine und dem derzeitigen Krieg im Gazastreifen gibt es laut Fischer eine f\u00fcr ihn &#8220;auff\u00e4llige Parallele&#8221;:<\/p>\n<blockquote>\n<p><em>&#8220;Beide haben im Kern einen existenziellen Kampf um das \u00dcberleben eines Nationalstaates.&#8221;<\/em><\/p>\n<\/blockquote>\n<p>Fischer erl\u00e4utert weiter, dass er dem Iran unterstellt, bei den Ereignissen vom 7. Oktober &#8220;eine entscheidende lenkende und unterst\u00fctzende Rolle gespielt&#8221; zu haben. Daraus resultierend h\u00e4tte Israel &#8220;keine andere Wahl&#8221; gehabt, als milit\u00e4risch zu reagieren, &#8220;um seine Abschreckungsf\u00e4higkeit wiederherzustellen&#8221;, auch wenn dies &#8220;viele Menschenleben&#8221; kosten w\u00fcrde und &#8220;den Hass zwischen beiden Seiten noch weiter sch\u00fcrt&#8221;.<\/p>\n<p>Beide Konfliktsituationen, Ukraine wie Gaza, w\u00fcrden daher f\u00fcr Fischer aktuell zeigen, dass &#8220;wir Zeugen der Entstehung einer neuen Weltordnung sind&#8221;, in der der Westen auf der Seite von Kiew und Tel Aviv stehen w\u00fcrde, w\u00e4hrend &#8220;M\u00e4chte wie China und Russland sowie fast der gesamte sogenannte globale S\u00fcden&#8221; auf der Gegenseite st\u00fcnden. Fischer betont dabei w\u00f6rtlich:<\/p>\n<blockquote>\n<p><em>&#8220;Das ist eine Dynamik, die der Westen einfach nicht akzeptieren kann.&#8221;<\/em><\/p>\n<\/blockquote>\n<p>Es seien daher politische\u00a0Anstrengungen vonn\u00f6ten, bei denen &#8220;die Forderung nach Anerkennung und einem Platz am Tisch&#8221; aus dem Blickwinkel des Globalen S\u00fcdens &#8220;ber\u00fccksichtigt werden muss&#8221;. Fischer fasst zusammen:<\/p>\n<blockquote>\n<p><em>&#8220;Nicht zuletzt\u00a0w\u00e4chst die Gefahr einer milit\u00e4rischen Konfrontation im Chinesischen Meer und in der Stra\u00dfe von Taiwan, in die die Superm\u00e4chte USA und China direkt verwickelt werden k\u00f6nnten.&#8221;<\/em><\/p>\n<\/blockquote>\n<p>Kritisch und aufmerksam zu beobachten seien zudem weitgreifend betrachtet f\u00fcr Fischer &#8220;schwelende potenzielle Kriegsherde&#8221; im Kaukasus zwischen Aserbaidschan und Armenien, auf dem Balkan zwischen Serbien und dem Kosovo, wie auch in Afrika in der Sahelzone, &#8220;wo eine Reihe von Milit\u00e4rputschen und der strategische R\u00fcckzug Frankreichs die Region ins totale Chaos gest\u00fcrzt&#8221; habe. Fischer kommentiert abschlie\u00dfend mit einem Erfahrungswert seiner politischen Vergangenheit:<\/p>\n<blockquote>\n<p><em>&#8220;Versuche, das globale Machtgleichgewicht zu verschieben und eine neue internationale Ordnung durchzusetzen, sind noch nie ohne Gewalt abgelaufen. Das macht die gegenseitigen T\u00f6ne der Gro\u00dfm\u00e4chte aggressiver und umso besorgniserregender.&#8221;<\/em><\/p>\n<\/blockquote>\n<p>Jene L\u00e4nder, die &#8220;die Pax Americana herausfordern&#8221;, also die aktuell schw\u00e4chelnde USA, wollten dabei das aktuelle Washington lediglich ausnutzen:<\/p>\n<blockquote>\n<p><em>&#8220;Der Wille der internationalen Gemeinschaft, den Status quo zu erhalten, hat erheblich nachgelassen. Der Ehrgeiz tritt an die Stelle der Vernunft, die einmal mehr zur Geisel nationalistischer und religi\u00f6ser Leidenschaften wird.&#8221;<\/em><\/p>\n<\/blockquote>\n<p>Abschlie\u00dfend\u00a0lobt Fischer laut <em>Corriere della Sera<\/em><em>&#8211;<\/em>Artikel die f\u00fcr ihn &#8220;umsichtige und erfahrene F\u00fchrung&#8221; von US-Pr\u00e4sident Joe Biden, den &#8220;viele wegen seines Alters bel\u00e4cheln w\u00fcrden&#8221;. Fischer ist sich demnach sicher, dass ohne Biden &#8220;die Welt noch unsicherer und gef\u00e4hrlicher w\u00e4re, als sie ist&#8221;.<\/p>\n<p>Der Artikel gibt nicht zu Protokoll, warum oder in welchem Rahmen das Interview vereinbart wurde. Im Mai dieses Jahres\u00a0<a rel=\"nofollow noopener\" target=\"_blank\" href=\"https:\/\/www.zdf.de\/nachrichten\/politik\/joschka-fischer-europa-sicherheit-ukraine-krieg-russland-100.html\">zitierte<\/a> ihn das <em>ZDF<\/em> mit der Wahrnehmung, dass &#8220;Europa dauerhaft von Russland bedroht&#8221; w\u00fcrde. Der Grundgedanke &#8220;Sicherheit vor Russland&#8221; werde f\u00fcr Fischer &#8220;die Zukunft bestimmen m\u00fcssen&#8221;. Fischer ist, soweit bekannt, seit dem Ende seiner politischen Karriere als gut dotierter Berater, Lobbyist und Buchautor t\u00e4tig.<\/p>\n<p>Im Jahr\u00a02006 wurde Joschka Fischer mit der Ehrendoktorw\u00fcrde der\u00a0Universit\u00e4t Tel Aviv\u00a0ausgezeichnet. Am 22. Oktober war Fischer als Teilnehmer der proisraelischen Kundgebung zum Thema &#8220;Aufstehen gegen Terror, Hass und Antisemitismus&#8221; in Berlin anwesend.<\/p>\n<p>Im Dezember 2020 forderte er in einem <em>NZZ<\/em>&#8211;<a rel=\"nofollow noopener\" target=\"_blank\" href=\"https:\/\/www.nzz.ch\/international\/joschka-fischer-mit-brexit-und-trump-haben-sich-die-briten-und-amerikaner-vom-westen-verabschiedet-ld.1592878\">Interview<\/a> &#8220;mehr milit\u00e4risches Engagement von Deutschland und Europa&#8221;. Zuvor wurde im Jahr 2018 <a rel=\"nofollow noopener\" target=\"_blank\" href=\"https:\/\/www.businesswire.com\/news\/home\/20181213005466\/de\/\">bekannt<\/a>, dass Fischer Mitglied eines &#8220;internationalen Beirats&#8221; des Unternehmens Tilray wurde. Die Firma gilt als &#8220;weltweiter Vorreiter bei Herstellung und Vertrieb von Cannabis&#8221;.\u00a0\u00a0<\/p>\n<p><strong>Mehr zum Thema &#8211; <\/strong><a rel=\"nofollow noopener\" target=\"_blank\" href=\"https:\/\/freedert.online\/der-nahe-osten\/185851-medienbericht-iran-will-krieg-in\/\">Medienbericht: Iran will gro\u00dfen Krieg gegen Israel vermeiden<\/a><\/p>\n<\/p>\n<\/div>\n<p><br \/>\n<br \/><a href=\"https:\/\/de.rt.com\/europa\/185862-joschka-fischer-im-interview-es\/\">Source link <\/a><\/p>\n","protected":false},"excerpt":{"rendered":"<p>Der Ex-Au\u00dfenminister \u00e4u\u00dferte sich im Rahmen eines Interviews mit einer italienischen Zeitung. Fischer spannt dabei einen Bogen vom Ukraine- zum Gaza-Israel-Konflikt und dem Status quo der USA. F\u00fcr Fischer gl\u00e4nze aktuell US-Pr\u00e4sident Joe Biden durch eine &#8220;umsichtige und erfahrene F\u00fchrung&#8221;. Der Artikel\u00a0der italienischen Zeitung Corriere della Sera erkl\u00e4rt einleitend zum Interview mit Fischer, dass\u00a0laut Einsch\u00e4tzung\u00a0des [&hellip;]<\/p>\n","protected":false},"author":3,"featured_media":49226,"comment_status":"open","ping_status":"open","sticky":false,"template":"","format":"standard","meta":{"_yoast_indexnow_last_ping":["1699079379"],"wp_automatic_camp":["217"],"0441da594b903a76b65dbf26589d8a2c":["&quot;Es ist wie 1914&quot; - Joschka Fischer im Interview zur aktuellen Weltlage"],"original_link":["https:\/\/de.rt.com\/europa\/185862-joschka-fischer-im-interview-es\/"],"_thumbnail_id":["49226"],"_wptgpro_p2tg_sent2tg":["a:1:{i:23737;s:19:\"2023-11-04 08:31:44\";}"],"jnews_social_counter_last_update":["1777826605"]},"categories":[19,23],"tags":[50371,21924,6671,122,414,50372,19377,34344,579,581],"yoast_head":"<!-- This site is optimized with the Yoast SEO Premium plugin v22.7 (Yoast SEO v22.7) - https:\/\/yoast.com\/wordpress\/plugins\/seo\/ -->\n<title>&quot;Es ist wie 1914&quot; - Joschka Fischer im Interview zur aktuellen Weltlage - just-now.NEWS Deutschland<\/title>\n<meta name=\"robots\" content=\"index, follow, max-snippet:-1, max-image-preview:large, max-video-preview:-1\" \/>\n<link rel=\"canonical\" href=\"https:\/\/now-news.de\/de\/deutschland\/es-ist-wie-1914-joschka-fischer-im-interview-zur-aktuellen-weltlage\/\" \/>\n<meta property=\"og:locale\" content=\"de_DE\" \/>\n<meta property=\"og:type\" content=\"article\" \/>\n<meta property=\"og:title\" content=\"&quot;Es ist wie 1914&quot; - Joschka Fischer im Interview zur aktuellen Weltlage\" \/>\n<meta property=\"og:description\" content=\"Der Ex-Au\u00dfenminister \u00e4u\u00dferte sich im Rahmen eines Interviews mit einer italienischen Zeitung. Fischer spannt dabei einen Bogen vom Ukraine- zum Gaza-Israel-Konflikt und dem Status quo der USA. F\u00fcr Fischer gl\u00e4nze aktuell US-Pr\u00e4sident Joe Biden durch eine &#8220;umsichtige und erfahrene F\u00fchrung&#8221;. Der Artikel\u00a0der italienischen Zeitung Corriere della Sera erkl\u00e4rt einleitend zum Interview mit Fischer, dass\u00a0laut Einsch\u00e4tzung\u00a0des [&hellip;]\" \/>\n<meta property=\"og:url\" content=\"https:\/\/now-news.de\/de\/deutschland\/es-ist-wie-1914-joschka-fischer-im-interview-zur-aktuellen-weltlage\/\" \/>\n<meta property=\"og:site_name\" content=\"just-now.NEWS Deutschland\" \/>\n<meta property=\"article:publisher\" content=\"https:\/\/www.facebook.com\/wirmachenauf\" \/>\n<meta property=\"article:published_time\" content=\"2023-11-04T06:15:49+00:00\" \/>\n<meta property=\"og:image\" content=\"https:\/\/now-news.de\/de\/wp-content\/uploads\/sites\/3\/2023\/11\/quotEs-ist-wie-1914quot-Joschka-Fischer-im-Interview-zur.jpeg\" \/>\n\t<meta property=\"og:image:width\" content=\"460\" \/>\n\t<meta property=\"og:image:height\" content=\"259\" \/>\n\t<meta property=\"og:image:type\" content=\"image\/jpeg\" \/>\n<meta name=\"author\" content=\"rtnews\" \/>\n<meta name=\"twitter:card\" content=\"summary_large_image\" \/>\n<meta name=\"twitter:creator\" content=\"@WirMachenAuf_de\" \/>\n<meta name=\"twitter:site\" content=\"@WirMachenAuf_de\" \/>\n<meta name=\"twitter:label1\" content=\"Verfasst von\" \/>\n\t<meta name=\"twitter:data1\" content=\"rtnews\" \/>\n\t<meta name=\"twitter:label2\" content=\"Gesch\u00e4tzte Lesezeit\" \/>\n\t<meta name=\"twitter:data2\" content=\"4\u00a0Minuten\" \/>\n<script type=\"application\/ld+json\" class=\"yoast-schema-graph\">{\"@context\":\"https:\/\/schema.org\",\"@graph\":[{\"@type\":\"Article\",\"@id\":\"https:\/\/now-news.de\/de\/deutschland\/es-ist-wie-1914-joschka-fischer-im-interview-zur-aktuellen-weltlage\/#article\",\"isPartOf\":{\"@id\":\"https:\/\/now-news.de\/de\/deutschland\/es-ist-wie-1914-joschka-fischer-im-interview-zur-aktuellen-weltlage\/\"},\"author\":{\"name\":\"rtnews\",\"@id\":\"https:\/\/now-news.de\/de\/#\/schema\/person\/fb534a4e865501d8b3285208df34a9b5\"},\"headline\":\"&quot;Es ist wie 1914&quot; &#8211; Joschka Fischer im Interview zur aktuellen Weltlage\",\"datePublished\":\"2023-11-04T06:15:49+00:00\",\"dateModified\":\"2023-11-04T06:15:49+00:00\",\"mainEntityOfPage\":{\"@id\":\"https:\/\/now-news.de\/de\/deutschland\/es-ist-wie-1914-joschka-fischer-im-interview-zur-aktuellen-weltlage\/\"},\"wordCount\":836,\"commentCount\":0,\"publisher\":{\"@id\":\"https:\/\/now-news.de\/de\/#organization\"},\"image\":{\"@id\":\"https:\/\/now-news.de\/de\/deutschland\/es-ist-wie-1914-joschka-fischer-im-interview-zur-aktuellen-weltlage\/#primaryimage\"},\"thumbnailUrl\":\"https:\/\/now-news.de\/de\/wp-content\/uploads\/sites\/3\/2023\/11\/quotEs-ist-wie-1914quot-Joschka-Fischer-im-Interview-zur.jpeg\",\"keywords\":[\"1914quot\",\"aktuellen\",\"Fischer\",\"interview\",\"ist\",\"Joschka\",\"quotEs\",\"Weltlage\",\"Wie\",\"zur\"],\"articleSection\":[\"Deutschland\",\"Russland\"],\"inLanguage\":\"de\",\"potentialAction\":[{\"@type\":\"CommentAction\",\"name\":\"Comment\",\"target\":[\"https:\/\/now-news.de\/de\/deutschland\/es-ist-wie-1914-joschka-fischer-im-interview-zur-aktuellen-weltlage\/#respond\"]}]},{\"@type\":\"WebPage\",\"@id\":\"https:\/\/now-news.de\/de\/deutschland\/es-ist-wie-1914-joschka-fischer-im-interview-zur-aktuellen-weltlage\/\",\"url\":\"https:\/\/now-news.de\/de\/deutschland\/es-ist-wie-1914-joschka-fischer-im-interview-zur-aktuellen-weltlage\/\",\"name\":\"&quot;Es ist wie 1914&quot; - Joschka Fischer im Interview zur aktuellen Weltlage - just-now.NEWS Deutschland\",\"isPartOf\":{\"@id\":\"https:\/\/now-news.de\/de\/#website\"},\"primaryImageOfPage\":{\"@id\":\"https:\/\/now-news.de\/de\/deutschland\/es-ist-wie-1914-joschka-fischer-im-interview-zur-aktuellen-weltlage\/#primaryimage\"},\"image\":{\"@id\":\"https:\/\/now-news.de\/de\/deutschland\/es-ist-wie-1914-joschka-fischer-im-interview-zur-aktuellen-weltlage\/#primaryimage\"},\"thumbnailUrl\":\"https:\/\/now-news.de\/de\/wp-content\/uploads\/sites\/3\/2023\/11\/quotEs-ist-wie-1914quot-Joschka-Fischer-im-Interview-zur.jpeg\",\"datePublished\":\"2023-11-04T06:15:49+00:00\",\"dateModified\":\"2023-11-04T06:15:49+00:00\",\"breadcrumb\":{\"@id\":\"https:\/\/now-news.de\/de\/deutschland\/es-ist-wie-1914-joschka-fischer-im-interview-zur-aktuellen-weltlage\/#breadcrumb\"},\"inLanguage\":\"de\",\"potentialAction\":[{\"@type\":\"ReadAction\",\"target\":[\"https:\/\/now-news.de\/de\/deutschland\/es-ist-wie-1914-joschka-fischer-im-interview-zur-aktuellen-weltlage\/\"]}]},{\"@type\":\"ImageObject\",\"inLanguage\":\"de\",\"@id\":\"https:\/\/now-news.de\/de\/deutschland\/es-ist-wie-1914-joschka-fischer-im-interview-zur-aktuellen-weltlage\/#primaryimage\",\"url\":\"https:\/\/now-news.de\/de\/wp-content\/uploads\/sites\/3\/2023\/11\/quotEs-ist-wie-1914quot-Joschka-Fischer-im-Interview-zur.jpeg\",\"contentUrl\":\"https:\/\/now-news.de\/de\/wp-content\/uploads\/sites\/3\/2023\/11\/quotEs-ist-wie-1914quot-Joschka-Fischer-im-Interview-zur.jpeg\",\"width\":460,\"height\":259,\"caption\":\"&quot;Es ist wie 1914&quot; - Joschka Fischer im Interview zur aktuellen Weltlage\"},{\"@type\":\"BreadcrumbList\",\"@id\":\"https:\/\/now-news.de\/de\/deutschland\/es-ist-wie-1914-joschka-fischer-im-interview-zur-aktuellen-weltlage\/#breadcrumb\",\"itemListElement\":[{\"@type\":\"ListItem\",\"position\":1,\"name\":\"Home\",\"item\":\"https:\/\/now-news.de\/de\/\"},{\"@type\":\"ListItem\",\"position\":2,\"name\":\"&quot;Es ist wie 1914&quot; &#8211; Joschka Fischer im Interview zur aktuellen Weltlage\"}]},{\"@type\":\"WebSite\",\"@id\":\"https:\/\/now-news.de\/de\/#website\",\"url\":\"https:\/\/now-news.de\/de\/\",\"name\":\"just-now.NEWS Deutschland\",\"description\":\"Das Portal f\u00fcr unzensierte Nachrichten aus der Welt\",\"publisher\":{\"@id\":\"https:\/\/now-news.de\/de\/#organization\"},\"potentialAction\":[{\"@type\":\"SearchAction\",\"target\":{\"@type\":\"EntryPoint\",\"urlTemplate\":\"https:\/\/now-news.de\/de\/?s={search_term_string}\"},\"query-input\":\"required name=search_term_string\"}],\"inLanguage\":\"de\"},{\"@type\":\"Organization\",\"@id\":\"https:\/\/now-news.de\/de\/#organization\",\"name\":\"Just Now News\",\"url\":\"https:\/\/now-news.de\/de\/\",\"logo\":{\"@type\":\"ImageObject\",\"inLanguage\":\"de\",\"@id\":\"https:\/\/now-news.de\/de\/#\/schema\/logo\/image\/\",\"url\":\"http:\/\/just-now.news\/de\/wp-content\/uploads\/sites\/3\/2022\/04\/logo500x500.jpg\",\"contentUrl\":\"http:\/\/just-now.news\/de\/wp-content\/uploads\/sites\/3\/2022\/04\/logo500x500.jpg\",\"width\":500,\"height\":500,\"caption\":\"Just Now News\"},\"image\":{\"@id\":\"https:\/\/now-news.de\/de\/#\/schema\/logo\/image\/\"},\"sameAs\":[\"https:\/\/www.facebook.com\/wirmachenauf\",\"https:\/\/x.com\/WirMachenAuf_de\"]},{\"@type\":\"Person\",\"@id\":\"https:\/\/now-news.de\/de\/#\/schema\/person\/fb534a4e865501d8b3285208df34a9b5\",\"name\":\"rtnews\",\"image\":{\"@type\":\"ImageObject\",\"inLanguage\":\"de\",\"@id\":\"https:\/\/now-news.de\/de\/#\/schema\/person\/image\/\",\"url\":\"https:\/\/secure.gravatar.com\/avatar\/82aafea7d8127119dd649515f56e2117?s=96&d=mm&r=g\",\"contentUrl\":\"https:\/\/secure.gravatar.com\/avatar\/82aafea7d8127119dd649515f56e2117?s=96&d=mm&r=g\",\"caption\":\"rtnews\"},\"url\":\"https:\/\/now-news.de\/de\/author\/rnews\/\"}]}<\/script>\n<!-- \/ Yoast SEO Premium plugin. -->","yoast_head_json":{"title":"&quot;Es ist wie 1914&quot; - Joschka Fischer im Interview zur aktuellen Weltlage - just-now.NEWS Deutschland","robots":{"index":"index","follow":"follow","max-snippet":"max-snippet:-1","max-image-preview":"max-image-preview:large","max-video-preview":"max-video-preview:-1"},"canonical":"https:\/\/now-news.de\/de\/deutschland\/es-ist-wie-1914-joschka-fischer-im-interview-zur-aktuellen-weltlage\/","og_locale":"de_DE","og_type":"article","og_title":"&quot;Es ist wie 1914&quot; - Joschka Fischer im Interview zur aktuellen Weltlage","og_description":"Der Ex-Au\u00dfenminister \u00e4u\u00dferte sich im Rahmen eines Interviews mit einer italienischen Zeitung. Fischer spannt dabei einen Bogen vom Ukraine- zum Gaza-Israel-Konflikt und dem Status quo der USA. F\u00fcr Fischer gl\u00e4nze aktuell US-Pr\u00e4sident Joe Biden durch eine &#8220;umsichtige und erfahrene F\u00fchrung&#8221;. Der Artikel\u00a0der italienischen Zeitung Corriere della Sera erkl\u00e4rt einleitend zum Interview mit Fischer, dass\u00a0laut Einsch\u00e4tzung\u00a0des [&hellip;]","og_url":"https:\/\/now-news.de\/de\/deutschland\/es-ist-wie-1914-joschka-fischer-im-interview-zur-aktuellen-weltlage\/","og_site_name":"just-now.NEWS Deutschland","article_publisher":"https:\/\/www.facebook.com\/wirmachenauf","article_published_time":"2023-11-04T06:15:49+00:00","og_image":[{"width":460,"height":259,"url":"https:\/\/now-news.de\/de\/wp-content\/uploads\/sites\/3\/2023\/11\/quotEs-ist-wie-1914quot-Joschka-Fischer-im-Interview-zur.jpeg","type":"image\/jpeg"}],"author":"rtnews","twitter_card":"summary_large_image","twitter_creator":"@WirMachenAuf_de","twitter_site":"@WirMachenAuf_de","twitter_misc":{"Verfasst von":"rtnews","Gesch\u00e4tzte Lesezeit":"4\u00a0Minuten"},"schema":{"@context":"https:\/\/schema.org","@graph":[{"@type":"Article","@id":"https:\/\/now-news.de\/de\/deutschland\/es-ist-wie-1914-joschka-fischer-im-interview-zur-aktuellen-weltlage\/#article","isPartOf":{"@id":"https:\/\/now-news.de\/de\/deutschland\/es-ist-wie-1914-joschka-fischer-im-interview-zur-aktuellen-weltlage\/"},"author":{"name":"rtnews","@id":"https:\/\/now-news.de\/de\/#\/schema\/person\/fb534a4e865501d8b3285208df34a9b5"},"headline":"&quot;Es ist wie 1914&quot; &#8211; Joschka Fischer im Interview zur aktuellen Weltlage","datePublished":"2023-11-04T06:15:49+00:00","dateModified":"2023-11-04T06:15:49+00:00","mainEntityOfPage":{"@id":"https:\/\/now-news.de\/de\/deutschland\/es-ist-wie-1914-joschka-fischer-im-interview-zur-aktuellen-weltlage\/"},"wordCount":836,"commentCount":0,"publisher":{"@id":"https:\/\/now-news.de\/de\/#organization"},"image":{"@id":"https:\/\/now-news.de\/de\/deutschland\/es-ist-wie-1914-joschka-fischer-im-interview-zur-aktuellen-weltlage\/#primaryimage"},"thumbnailUrl":"https:\/\/now-news.de\/de\/wp-content\/uploads\/sites\/3\/2023\/11\/quotEs-ist-wie-1914quot-Joschka-Fischer-im-Interview-zur.jpeg","keywords":["1914quot","aktuellen","Fischer","interview","ist","Joschka","quotEs","Weltlage","Wie","zur"],"articleSection":["Deutschland","Russland"],"inLanguage":"de","potentialAction":[{"@type":"CommentAction","name":"Comment","target":["https:\/\/now-news.de\/de\/deutschland\/es-ist-wie-1914-joschka-fischer-im-interview-zur-aktuellen-weltlage\/#respond"]}]},{"@type":"WebPage","@id":"https:\/\/now-news.de\/de\/deutschland\/es-ist-wie-1914-joschka-fischer-im-interview-zur-aktuellen-weltlage\/","url":"https:\/\/now-news.de\/de\/deutschland\/es-ist-wie-1914-joschka-fischer-im-interview-zur-aktuellen-weltlage\/","name":"&quot;Es ist wie 1914&quot; - Joschka Fischer im Interview zur aktuellen Weltlage - just-now.NEWS Deutschland","isPartOf":{"@id":"https:\/\/now-news.de\/de\/#website"},"primaryImageOfPage":{"@id":"https:\/\/now-news.de\/de\/deutschland\/es-ist-wie-1914-joschka-fischer-im-interview-zur-aktuellen-weltlage\/#primaryimage"},"image":{"@id":"https:\/\/now-news.de\/de\/deutschland\/es-ist-wie-1914-joschka-fischer-im-interview-zur-aktuellen-weltlage\/#primaryimage"},"thumbnailUrl":"https:\/\/now-news.de\/de\/wp-content\/uploads\/sites\/3\/2023\/11\/quotEs-ist-wie-1914quot-Joschka-Fischer-im-Interview-zur.jpeg","datePublished":"2023-11-04T06:15:49+00:00","dateModified":"2023-11-04T06:15:49+00:00","breadcrumb":{"@id":"https:\/\/now-news.de\/de\/deutschland\/es-ist-wie-1914-joschka-fischer-im-interview-zur-aktuellen-weltlage\/#breadcrumb"},"inLanguage":"de","potentialAction":[{"@type":"ReadAction","target":["https:\/\/now-news.de\/de\/deutschland\/es-ist-wie-1914-joschka-fischer-im-interview-zur-aktuellen-weltlage\/"]}]},{"@type":"ImageObject","inLanguage":"de","@id":"https:\/\/now-news.de\/de\/deutschland\/es-ist-wie-1914-joschka-fischer-im-interview-zur-aktuellen-weltlage\/#primaryimage","url":"https:\/\/now-news.de\/de\/wp-content\/uploads\/sites\/3\/2023\/11\/quotEs-ist-wie-1914quot-Joschka-Fischer-im-Interview-zur.jpeg","contentUrl":"https:\/\/now-news.de\/de\/wp-content\/uploads\/sites\/3\/2023\/11\/quotEs-ist-wie-1914quot-Joschka-Fischer-im-Interview-zur.jpeg","width":460,"height":259,"caption":"&quot;Es ist wie 1914&quot; - Joschka Fischer im Interview zur aktuellen Weltlage"},{"@type":"BreadcrumbList","@id":"https:\/\/now-news.de\/de\/deutschland\/es-ist-wie-1914-joschka-fischer-im-interview-zur-aktuellen-weltlage\/#breadcrumb","itemListElement":[{"@type":"ListItem","position":1,"name":"Home","item":"https:\/\/now-news.de\/de\/"},{"@type":"ListItem","position":2,"name":"&quot;Es ist wie 1914&quot; &#8211; Joschka Fischer im Interview zur aktuellen Weltlage"}]},{"@type":"WebSite","@id":"https:\/\/now-news.de\/de\/#website","url":"https:\/\/now-news.de\/de\/","name":"just-now.NEWS Deutschland","description":"Das Portal f\u00fcr unzensierte Nachrichten aus der Welt","publisher":{"@id":"https:\/\/now-news.de\/de\/#organization"},"potentialAction":[{"@type":"SearchAction","target":{"@type":"EntryPoint","urlTemplate":"https:\/\/now-news.de\/de\/?s={search_term_string}"},"query-input":"required name=search_term_string"}],"inLanguage":"de"},{"@type":"Organization","@id":"https:\/\/now-news.de\/de\/#organization","name":"Just Now News","url":"https:\/\/now-news.de\/de\/","logo":{"@type":"ImageObject","inLanguage":"de","@id":"https:\/\/now-news.de\/de\/#\/schema\/logo\/image\/","url":"http:\/\/just-now.news\/de\/wp-content\/uploads\/sites\/3\/2022\/04\/logo500x500.jpg","contentUrl":"http:\/\/just-now.news\/de\/wp-content\/uploads\/sites\/3\/2022\/04\/logo500x500.jpg","width":500,"height":500,"caption":"Just Now News"},"image":{"@id":"https:\/\/now-news.de\/de\/#\/schema\/logo\/image\/"},"sameAs":["https:\/\/www.facebook.com\/wirmachenauf","https:\/\/x.com\/WirMachenAuf_de"]},{"@type":"Person","@id":"https:\/\/now-news.de\/de\/#\/schema\/person\/fb534a4e865501d8b3285208df34a9b5","name":"rtnews","image":{"@type":"ImageObject","inLanguage":"de","@id":"https:\/\/now-news.de\/de\/#\/schema\/person\/image\/","url":"https:\/\/secure.gravatar.com\/avatar\/82aafea7d8127119dd649515f56e2117?s=96&d=mm&r=g","contentUrl":"https:\/\/secure.gravatar.com\/avatar\/82aafea7d8127119dd649515f56e2117?s=96&d=mm&r=g","caption":"rtnews"},"url":"https:\/\/now-news.de\/de\/author\/rnews\/"}]}},"_links":{"self":[{"href":"https:\/\/now-news.de\/de\/wp-json\/wp\/v2\/posts\/49225"}],"collection":[{"href":"https:\/\/now-news.de\/de\/wp-json\/wp\/v2\/posts"}],"about":[{"href":"https:\/\/now-news.de\/de\/wp-json\/wp\/v2\/types\/post"}],"author":[{"embeddable":true,"href":"https:\/\/now-news.de\/de\/wp-json\/wp\/v2\/users\/3"}],"replies":[{"embeddable":true,"href":"https:\/\/now-news.de\/de\/wp-json\/wp\/v2\/comments?post=49225"}],"version-history":[{"count":0,"href":"https:\/\/now-news.de\/de\/wp-json\/wp\/v2\/posts\/49225\/revisions"}],"wp:featuredmedia":[{"embeddable":true,"href":"https:\/\/now-news.de\/de\/wp-json\/wp\/v2\/media\/49226"}],"wp:attachment":[{"href":"https:\/\/now-news.de\/de\/wp-json\/wp\/v2\/media?parent=49225"}],"wp:term":[{"taxonomy":"category","embeddable":true,"href":"https:\/\/now-news.de\/de\/wp-json\/wp\/v2\/categories?post=49225"},{"taxonomy":"post_tag","embeddable":true,"href":"https:\/\/now-news.de\/de\/wp-json\/wp\/v2\/tags?post=49225"}],"curies":[{"name":"wp","href":"https:\/\/api.w.org\/{rel}","templated":true}]}}