{"id":49201,"date":"2023-11-03T17:42:08","date_gmt":"2023-11-03T15:42:08","guid":{"rendered":"https:\/\/just-now.news\/de\/deutschland\/ukraine-ex-selenskij-berater-arestowitsch-will-bei-naechsten-praesidentschaftswahlen-kandidieren\/"},"modified":"2023-11-03T17:42:08","modified_gmt":"2023-11-03T15:42:08","slug":"ukraine-ex-selenskij-berater-arestowitsch-will-bei-naechsten-praesidentschaftswahlen-kandidieren","status":"publish","type":"post","link":"https:\/\/now-news.de\/de\/deutschland\/ukraine-ex-selenskij-berater-arestowitsch-will-bei-naechsten-praesidentschaftswahlen-kandidieren\/","title":{"rendered":"Ukraine: Ex-Selenskij-Berater Arestowitsch will bei n\u00e4chsten Pr\u00e4sidentschaftswahlen kandidieren"},"content":{"rendered":"<p><img decoding=\"async\" src=\"http:\/\/just-now.news\/de\/wp-content\/uploads\/sites\/3\/2023\/11\/6544f06fb480cc59792f2a11.jpg\" \/><\/p>\n<div class=\"Text-root Text-type_1 \">\n                Alexei Arestowitsch, ein ehemaliger Berater im B\u00fcro des derzeitigen ukrainischen Pr\u00e4sidenten Wladimir Selenskij, hat bekannt gegeben, bei den n\u00e4chsten Pr\u00e4sidentschaftswahlen im M\u00e4rz kandidieren zu wollen, falls diese Wahlen stattfinden. Dazu pr\u00e4sentierte er auch gleich sein Wahlprogramm mit einem &#8220;Vorschlag an den kollektiven Westen&#8221;.\n            <\/div>\n<p><\/p>\n<div class=\"Text-root Text-type_5 ArticleView-text ViewText-root \">\n<p>Die n\u00e4chsten Pr\u00e4sidentschaftswahlen in der Ukraine sind derzeit noch f\u00fcr M\u00e4rz 2024 geplant. Aufgrund des Kriegsrechts k\u00f6nnten sie aber verschoben werden.\u00a0Falls sie dennoch stattfinden, wird Alexei Arestowitsch, ein ehemaliger Berater im B\u00fcro des ukrainischen Pr\u00e4sidenten, kandidieren, erkl\u00e4rte er diese Woche. Er best\u00e4tigte auch, dass die k\u00fcrzlich von ihm in den sozialen Netzwerken ver\u00f6ffentlichten Vorschl\u00e4ge sein Wahlprogramm seien.<\/p>\n<p>Am Mittwoch hatte er dutzende Punkte zu politischen, wirtschaftlichen, sozialen, milit\u00e4rischen und anderen Reformen in der Ukraine ver\u00f6ffentlicht. Unter anderem\u00a0sollten nach seiner Ansicht die Streitkr\u00e4fte der Ukraine auf &#8220;strategische Verteidigung&#8221; umgestellt werden. Auch die Herangehensweise an die Mobilmachung von potenziellen neuen K\u00e4mpfern m\u00fcsse ge\u00e4ndert werden.\u00a0Wehrpflichtigen M\u00e4nnern solle die Ausreise ins Ausland gestattet werden.<\/p>\n<p>F\u00fcr die Bereiche Wirtschaft, Finanzen und Energie schlug er das Verh\u00e4ngen eines Ausnahmezustands vor. Als gesonderte Ma\u00dfnahme hob er die Pr\u00fcfung des gesamten Landes durch eine\u00a0globale Wirtschaftspr\u00fcfungsgesellschaft hervor. Gleichzeitig m\u00fcssten die Steuer- und Zollgesetze des Landes \u00fcberarbeitet werden, mit dem Ziel, die Verwaltung zu vereinfachen. Weitere Punkte betreffen die Gesundheitsversicherung sowie eine Renten- und eine Justizreform.\u00a0In Bezug auf die umk\u00e4mpften Gebiete des Landes schrieb Arestowitsch:<\/p>\n<blockquote>\n<p><em>&#8220;Ein Vorschlag an den kollektiven Westen: Wir sind bereit f\u00fcr Kissingers Option. Wir fordern den NATO-Beitritt mit der Verpflichtung, die zum Zeitpunkt des Beitritts besetzten Gebiete nicht zur\u00fcckzuerobern, sondern ihre R\u00fcckgabe nur mit politischen Mitteln zu erreichen.&#8221;<\/em><\/p>\n<\/blockquote>\n<p>Im Januar war der 48-J\u00e4hrige von seinem Amt als Berater im B\u00fcro des ukrainischen Pr\u00e4sidenten Wladimir Selenskij zur\u00fcckgetreten. Grund war seine Aussage, dass ein Teil eines Wohnhauses in der Stadt Dnipro (russisch: Dnjepropetrowsk) durch den Einschlag einer eigenen Rakete eingest\u00fcrzt sei, die vom ukrainischen Luftverteidigungssystem gestartet worden war.\u00a0Auch Russland hatte die ukrainische Luftverteidigung f\u00fcr den Vorfall verantwortlich gemacht. Das ukrainische Milit\u00e4rkommando bestritt jedoch diese Informationen. Wenige Tage sp\u00e4ter\u00a0sagte Arestowitsch, er habe einen &#8220;schwerwiegenden Fehler&#8221; gemacht, und entschuldigte sich\u00a0bei den Stadtbewohnern, die sich durch seine Version der Geschehnisse verletzt f\u00fchlten.<\/p>\n<p>Anfang Oktober berichteten russische Medien, dass Moskau Arestowitsch auf die Fahndungsliste gesetzt hatte. Zuvor war er in die Liste der Terroristen und Extremisten aufgenommen worden. Wenige Tage sp\u00e4ter leitete auch die ukrainische Polizei Ermittlungen gegen Arestowitsch aufgrund der Verbreitung von Werken ein, die &#8220;den Kult der Gewalt und Grausamkeit f\u00f6rdern&#8221; w\u00fcrden. Im September geriet der Politiker in einen Skandal, als er bei einem nicht\u00f6ffentlichen Seminar Frauen als &#8220;Wesen&#8221; bezeichnet hatte, die &#8220;man erw\u00fcrgen will&#8221;. Sp\u00e4ter erkl\u00e4rte er, seine Worte seien aus dem Zusammenhang gerissen worden.<\/p>\n<p>Im vergangenen Jahr hat sich der Politiker zunehmend harscher gegen Wladimir Selenskij und dessen Umfeld ge\u00e4u\u00dfert, wodurch\u00a0ihn mittlerweile viele\u00a0Ukrainer als &#8220;prorussisch&#8221; betrachten.<\/p>\n<p><strong>Mehr zum Thema<\/strong> &#8211; <a rel=\"nofollow noopener\" target=\"_blank\" href=\"https:\/\/freedert.online\/kurzclips\/video\/176573-ehemaliger-selenskij-berater-wenn-krim\/\">Ehemaliger Selenskij-Berater: Wenn die Krim Hunger leidet, k\u00f6nnen wir verhandeln<\/a><\/p>\n<\/div>\n<p><br \/>\n<br \/><a href=\"https:\/\/de.rt.com\/europa\/185875-ukraine-ex-selenskij-berater-arestowitsch\/\">Source link <\/a><\/p>\n","protected":false},"excerpt":{"rendered":"<p>Alexei Arestowitsch, ein ehemaliger Berater im B\u00fcro des derzeitigen ukrainischen Pr\u00e4sidenten Wladimir Selenskij, hat bekannt gegeben, bei den n\u00e4chsten Pr\u00e4sidentschaftswahlen im M\u00e4rz kandidieren zu wollen, falls diese Wahlen stattfinden. Dazu pr\u00e4sentierte er auch gleich sein Wahlprogramm mit einem &#8220;Vorschlag an den kollektiven Westen&#8221;. Die n\u00e4chsten Pr\u00e4sidentschaftswahlen in der Ukraine sind derzeit noch f\u00fcr M\u00e4rz 2024 [&hellip;]<\/p>\n","protected":false},"author":3,"featured_media":49202,"comment_status":"open","ping_status":"open","sticky":false,"template":"","format":"standard","meta":{"_yoast_indexnow_last_ping":["1699026827"],"wp_automatic_camp":["217"],"a4f3e6ab873810ee04b31608d0fe0423":["Ukraine: Ex-Selenskij-Berater Arestowitsch will bei n\u00e4chsten Pr\u00e4sidentschaftswahlen kandidieren"],"original_link":["https:\/\/de.rt.com\/europa\/185875-ukraine-ex-selenskij-berater-arestowitsch\/"],"_thumbnail_id":["49202"],"_wptgpro_p2tg_sent2tg":["a:1:{i:23737;s:19:\"2023-11-03 17:54:51\";}"],"jnews_social_counter_last_update":["1777206119"]},"categories":[19,23],"tags":[25756,363,47733,5447,7529,27236,127],"yoast_head":"<!-- This site is optimized with the Yoast SEO Premium plugin v22.7 (Yoast SEO v22.7) - https:\/\/yoast.com\/wordpress\/plugins\/seo\/ -->\n<title>Ukraine: Ex-Selenskij-Berater Arestowitsch will bei n\u00e4chsten Pr\u00e4sidentschaftswahlen kandidieren - just-now.NEWS Deutschland<\/title>\n<meta name=\"robots\" content=\"index, follow, max-snippet:-1, max-image-preview:large, max-video-preview:-1\" \/>\n<link rel=\"canonical\" href=\"https:\/\/now-news.de\/de\/deutschland\/ukraine-ex-selenskij-berater-arestowitsch-will-bei-naechsten-praesidentschaftswahlen-kandidieren\/\" \/>\n<meta property=\"og:locale\" content=\"de_DE\" \/>\n<meta property=\"og:type\" content=\"article\" \/>\n<meta property=\"og:title\" content=\"Ukraine: Ex-Selenskij-Berater Arestowitsch will bei n\u00e4chsten Pr\u00e4sidentschaftswahlen kandidieren\" \/>\n<meta property=\"og:description\" content=\"Alexei Arestowitsch, ein ehemaliger Berater im B\u00fcro des derzeitigen ukrainischen Pr\u00e4sidenten Wladimir Selenskij, hat bekannt gegeben, bei den n\u00e4chsten Pr\u00e4sidentschaftswahlen im M\u00e4rz kandidieren zu wollen, falls diese Wahlen stattfinden. Dazu pr\u00e4sentierte er auch gleich sein Wahlprogramm mit einem &#8220;Vorschlag an den kollektiven Westen&#8221;. Die n\u00e4chsten Pr\u00e4sidentschaftswahlen in der Ukraine sind derzeit noch f\u00fcr M\u00e4rz 2024 [&hellip;]\" \/>\n<meta property=\"og:url\" content=\"https:\/\/now-news.de\/de\/deutschland\/ukraine-ex-selenskij-berater-arestowitsch-will-bei-naechsten-praesidentschaftswahlen-kandidieren\/\" \/>\n<meta property=\"og:site_name\" content=\"just-now.NEWS Deutschland\" \/>\n<meta property=\"article:publisher\" content=\"https:\/\/www.facebook.com\/wirmachenauf\" \/>\n<meta property=\"article:published_time\" content=\"2023-11-03T15:42:08+00:00\" \/>\n<meta property=\"og:image\" content=\"https:\/\/now-news.de\/de\/wp-content\/uploads\/sites\/3\/2023\/11\/Ukraine-Ex-Selenskij-Berater-Arestowitsch-will-bei-naechsten-Praesidentschaftswahlen-kandidieren.jpg\" \/>\n\t<meta property=\"og:image:width\" content=\"460\" \/>\n\t<meta property=\"og:image:height\" content=\"259\" \/>\n\t<meta property=\"og:image:type\" content=\"image\/jpeg\" \/>\n<meta name=\"author\" content=\"rtnews\" \/>\n<meta name=\"twitter:card\" content=\"summary_large_image\" \/>\n<meta name=\"twitter:creator\" content=\"@WirMachenAuf_de\" \/>\n<meta name=\"twitter:site\" content=\"@WirMachenAuf_de\" \/>\n<meta name=\"twitter:label1\" content=\"Verfasst von\" \/>\n\t<meta name=\"twitter:data1\" content=\"rtnews\" \/>\n\t<meta name=\"twitter:label2\" content=\"Gesch\u00e4tzte Lesezeit\" \/>\n\t<meta name=\"twitter:data2\" content=\"3\u00a0Minuten\" \/>\n<script type=\"application\/ld+json\" class=\"yoast-schema-graph\">{\"@context\":\"https:\/\/schema.org\",\"@graph\":[{\"@type\":\"Article\",\"@id\":\"https:\/\/now-news.de\/de\/deutschland\/ukraine-ex-selenskij-berater-arestowitsch-will-bei-naechsten-praesidentschaftswahlen-kandidieren\/#article\",\"isPartOf\":{\"@id\":\"https:\/\/now-news.de\/de\/deutschland\/ukraine-ex-selenskij-berater-arestowitsch-will-bei-naechsten-praesidentschaftswahlen-kandidieren\/\"},\"author\":{\"name\":\"rtnews\",\"@id\":\"https:\/\/now-news.de\/de\/#\/schema\/person\/fb534a4e865501d8b3285208df34a9b5\"},\"headline\":\"Ukraine: Ex-Selenskij-Berater Arestowitsch will bei n\u00e4chsten Pr\u00e4sidentschaftswahlen kandidieren\",\"datePublished\":\"2023-11-03T15:42:08+00:00\",\"dateModified\":\"2023-11-03T15:42:08+00:00\",\"mainEntityOfPage\":{\"@id\":\"https:\/\/now-news.de\/de\/deutschland\/ukraine-ex-selenskij-berater-arestowitsch-will-bei-naechsten-praesidentschaftswahlen-kandidieren\/\"},\"wordCount\":541,\"commentCount\":0,\"publisher\":{\"@id\":\"https:\/\/now-news.de\/de\/#organization\"},\"image\":{\"@id\":\"https:\/\/now-news.de\/de\/deutschland\/ukraine-ex-selenskij-berater-arestowitsch-will-bei-naechsten-praesidentschaftswahlen-kandidieren\/#primaryimage\"},\"thumbnailUrl\":\"https:\/\/now-news.de\/de\/wp-content\/uploads\/sites\/3\/2023\/11\/Ukraine-Ex-Selenskij-Berater-Arestowitsch-will-bei-naechsten-Praesidentschaftswahlen-kandidieren.jpg\",\"keywords\":[\"Arestowitsch\",\"bei\",\"ExSelenskijBerater\",\"kandidieren\",\"n\u00e4chsten\",\"Pr\u00e4sidentschaftswahlen\",\"ukraine\"],\"articleSection\":[\"Deutschland\",\"Russland\"],\"inLanguage\":\"de\",\"potentialAction\":[{\"@type\":\"CommentAction\",\"name\":\"Comment\",\"target\":[\"https:\/\/now-news.de\/de\/deutschland\/ukraine-ex-selenskij-berater-arestowitsch-will-bei-naechsten-praesidentschaftswahlen-kandidieren\/#respond\"]}]},{\"@type\":\"WebPage\",\"@id\":\"https:\/\/now-news.de\/de\/deutschland\/ukraine-ex-selenskij-berater-arestowitsch-will-bei-naechsten-praesidentschaftswahlen-kandidieren\/\",\"url\":\"https:\/\/now-news.de\/de\/deutschland\/ukraine-ex-selenskij-berater-arestowitsch-will-bei-naechsten-praesidentschaftswahlen-kandidieren\/\",\"name\":\"Ukraine: Ex-Selenskij-Berater Arestowitsch will bei n\u00e4chsten Pr\u00e4sidentschaftswahlen kandidieren - just-now.NEWS Deutschland\",\"isPartOf\":{\"@id\":\"https:\/\/now-news.de\/de\/#website\"},\"primaryImageOfPage\":{\"@id\":\"https:\/\/now-news.de\/de\/deutschland\/ukraine-ex-selenskij-berater-arestowitsch-will-bei-naechsten-praesidentschaftswahlen-kandidieren\/#primaryimage\"},\"image\":{\"@id\":\"https:\/\/now-news.de\/de\/deutschland\/ukraine-ex-selenskij-berater-arestowitsch-will-bei-naechsten-praesidentschaftswahlen-kandidieren\/#primaryimage\"},\"thumbnailUrl\":\"https:\/\/now-news.de\/de\/wp-content\/uploads\/sites\/3\/2023\/11\/Ukraine-Ex-Selenskij-Berater-Arestowitsch-will-bei-naechsten-Praesidentschaftswahlen-kandidieren.jpg\",\"datePublished\":\"2023-11-03T15:42:08+00:00\",\"dateModified\":\"2023-11-03T15:42:08+00:00\",\"breadcrumb\":{\"@id\":\"https:\/\/now-news.de\/de\/deutschland\/ukraine-ex-selenskij-berater-arestowitsch-will-bei-naechsten-praesidentschaftswahlen-kandidieren\/#breadcrumb\"},\"inLanguage\":\"de\",\"potentialAction\":[{\"@type\":\"ReadAction\",\"target\":[\"https:\/\/now-news.de\/de\/deutschland\/ukraine-ex-selenskij-berater-arestowitsch-will-bei-naechsten-praesidentschaftswahlen-kandidieren\/\"]}]},{\"@type\":\"ImageObject\",\"inLanguage\":\"de\",\"@id\":\"https:\/\/now-news.de\/de\/deutschland\/ukraine-ex-selenskij-berater-arestowitsch-will-bei-naechsten-praesidentschaftswahlen-kandidieren\/#primaryimage\",\"url\":\"https:\/\/now-news.de\/de\/wp-content\/uploads\/sites\/3\/2023\/11\/Ukraine-Ex-Selenskij-Berater-Arestowitsch-will-bei-naechsten-Praesidentschaftswahlen-kandidieren.jpg\",\"contentUrl\":\"https:\/\/now-news.de\/de\/wp-content\/uploads\/sites\/3\/2023\/11\/Ukraine-Ex-Selenskij-Berater-Arestowitsch-will-bei-naechsten-Praesidentschaftswahlen-kandidieren.jpg\",\"width\":460,\"height\":259,\"caption\":\"Ukraine: Ex-Selenskij-Berater Arestowitsch will bei n\u00e4chsten Pr\u00e4sidentschaftswahlen kandidieren\"},{\"@type\":\"BreadcrumbList\",\"@id\":\"https:\/\/now-news.de\/de\/deutschland\/ukraine-ex-selenskij-berater-arestowitsch-will-bei-naechsten-praesidentschaftswahlen-kandidieren\/#breadcrumb\",\"itemListElement\":[{\"@type\":\"ListItem\",\"position\":1,\"name\":\"Home\",\"item\":\"https:\/\/now-news.de\/de\/\"},{\"@type\":\"ListItem\",\"position\":2,\"name\":\"Ukraine: Ex-Selenskij-Berater Arestowitsch will bei n\u00e4chsten Pr\u00e4sidentschaftswahlen kandidieren\"}]},{\"@type\":\"WebSite\",\"@id\":\"https:\/\/now-news.de\/de\/#website\",\"url\":\"https:\/\/now-news.de\/de\/\",\"name\":\"just-now.NEWS Deutschland\",\"description\":\"Das Portal f\u00fcr unzensierte Nachrichten aus der Welt\",\"publisher\":{\"@id\":\"https:\/\/now-news.de\/de\/#organization\"},\"potentialAction\":[{\"@type\":\"SearchAction\",\"target\":{\"@type\":\"EntryPoint\",\"urlTemplate\":\"https:\/\/now-news.de\/de\/?s={search_term_string}\"},\"query-input\":\"required name=search_term_string\"}],\"inLanguage\":\"de\"},{\"@type\":\"Organization\",\"@id\":\"https:\/\/now-news.de\/de\/#organization\",\"name\":\"Just Now News\",\"url\":\"https:\/\/now-news.de\/de\/\",\"logo\":{\"@type\":\"ImageObject\",\"inLanguage\":\"de\",\"@id\":\"https:\/\/now-news.de\/de\/#\/schema\/logo\/image\/\",\"url\":\"http:\/\/just-now.news\/de\/wp-content\/uploads\/sites\/3\/2022\/04\/logo500x500.jpg\",\"contentUrl\":\"http:\/\/just-now.news\/de\/wp-content\/uploads\/sites\/3\/2022\/04\/logo500x500.jpg\",\"width\":500,\"height\":500,\"caption\":\"Just Now News\"},\"image\":{\"@id\":\"https:\/\/now-news.de\/de\/#\/schema\/logo\/image\/\"},\"sameAs\":[\"https:\/\/www.facebook.com\/wirmachenauf\",\"https:\/\/x.com\/WirMachenAuf_de\"]},{\"@type\":\"Person\",\"@id\":\"https:\/\/now-news.de\/de\/#\/schema\/person\/fb534a4e865501d8b3285208df34a9b5\",\"name\":\"rtnews\",\"image\":{\"@type\":\"ImageObject\",\"inLanguage\":\"de\",\"@id\":\"https:\/\/now-news.de\/de\/#\/schema\/person\/image\/\",\"url\":\"https:\/\/secure.gravatar.com\/avatar\/82aafea7d8127119dd649515f56e2117?s=96&d=mm&r=g\",\"contentUrl\":\"https:\/\/secure.gravatar.com\/avatar\/82aafea7d8127119dd649515f56e2117?s=96&d=mm&r=g\",\"caption\":\"rtnews\"},\"url\":\"https:\/\/now-news.de\/de\/author\/rnews\/\"}]}<\/script>\n<!-- \/ Yoast SEO Premium plugin. -->","yoast_head_json":{"title":"Ukraine: Ex-Selenskij-Berater Arestowitsch will bei n\u00e4chsten Pr\u00e4sidentschaftswahlen kandidieren - just-now.NEWS Deutschland","robots":{"index":"index","follow":"follow","max-snippet":"max-snippet:-1","max-image-preview":"max-image-preview:large","max-video-preview":"max-video-preview:-1"},"canonical":"https:\/\/now-news.de\/de\/deutschland\/ukraine-ex-selenskij-berater-arestowitsch-will-bei-naechsten-praesidentschaftswahlen-kandidieren\/","og_locale":"de_DE","og_type":"article","og_title":"Ukraine: Ex-Selenskij-Berater Arestowitsch will bei n\u00e4chsten Pr\u00e4sidentschaftswahlen kandidieren","og_description":"Alexei Arestowitsch, ein ehemaliger Berater im B\u00fcro des derzeitigen ukrainischen Pr\u00e4sidenten Wladimir Selenskij, hat bekannt gegeben, bei den n\u00e4chsten Pr\u00e4sidentschaftswahlen im M\u00e4rz kandidieren zu wollen, falls diese Wahlen stattfinden. Dazu pr\u00e4sentierte er auch gleich sein Wahlprogramm mit einem &#8220;Vorschlag an den kollektiven Westen&#8221;. Die n\u00e4chsten Pr\u00e4sidentschaftswahlen in der Ukraine sind derzeit noch f\u00fcr M\u00e4rz 2024 [&hellip;]","og_url":"https:\/\/now-news.de\/de\/deutschland\/ukraine-ex-selenskij-berater-arestowitsch-will-bei-naechsten-praesidentschaftswahlen-kandidieren\/","og_site_name":"just-now.NEWS Deutschland","article_publisher":"https:\/\/www.facebook.com\/wirmachenauf","article_published_time":"2023-11-03T15:42:08+00:00","og_image":[{"width":460,"height":259,"url":"https:\/\/now-news.de\/de\/wp-content\/uploads\/sites\/3\/2023\/11\/Ukraine-Ex-Selenskij-Berater-Arestowitsch-will-bei-naechsten-Praesidentschaftswahlen-kandidieren.jpg","type":"image\/jpeg"}],"author":"rtnews","twitter_card":"summary_large_image","twitter_creator":"@WirMachenAuf_de","twitter_site":"@WirMachenAuf_de","twitter_misc":{"Verfasst von":"rtnews","Gesch\u00e4tzte Lesezeit":"3\u00a0Minuten"},"schema":{"@context":"https:\/\/schema.org","@graph":[{"@type":"Article","@id":"https:\/\/now-news.de\/de\/deutschland\/ukraine-ex-selenskij-berater-arestowitsch-will-bei-naechsten-praesidentschaftswahlen-kandidieren\/#article","isPartOf":{"@id":"https:\/\/now-news.de\/de\/deutschland\/ukraine-ex-selenskij-berater-arestowitsch-will-bei-naechsten-praesidentschaftswahlen-kandidieren\/"},"author":{"name":"rtnews","@id":"https:\/\/now-news.de\/de\/#\/schema\/person\/fb534a4e865501d8b3285208df34a9b5"},"headline":"Ukraine: Ex-Selenskij-Berater Arestowitsch will bei n\u00e4chsten Pr\u00e4sidentschaftswahlen kandidieren","datePublished":"2023-11-03T15:42:08+00:00","dateModified":"2023-11-03T15:42:08+00:00","mainEntityOfPage":{"@id":"https:\/\/now-news.de\/de\/deutschland\/ukraine-ex-selenskij-berater-arestowitsch-will-bei-naechsten-praesidentschaftswahlen-kandidieren\/"},"wordCount":541,"commentCount":0,"publisher":{"@id":"https:\/\/now-news.de\/de\/#organization"},"image":{"@id":"https:\/\/now-news.de\/de\/deutschland\/ukraine-ex-selenskij-berater-arestowitsch-will-bei-naechsten-praesidentschaftswahlen-kandidieren\/#primaryimage"},"thumbnailUrl":"https:\/\/now-news.de\/de\/wp-content\/uploads\/sites\/3\/2023\/11\/Ukraine-Ex-Selenskij-Berater-Arestowitsch-will-bei-naechsten-Praesidentschaftswahlen-kandidieren.jpg","keywords":["Arestowitsch","bei","ExSelenskijBerater","kandidieren","n\u00e4chsten","Pr\u00e4sidentschaftswahlen","ukraine"],"articleSection":["Deutschland","Russland"],"inLanguage":"de","potentialAction":[{"@type":"CommentAction","name":"Comment","target":["https:\/\/now-news.de\/de\/deutschland\/ukraine-ex-selenskij-berater-arestowitsch-will-bei-naechsten-praesidentschaftswahlen-kandidieren\/#respond"]}]},{"@type":"WebPage","@id":"https:\/\/now-news.de\/de\/deutschland\/ukraine-ex-selenskij-berater-arestowitsch-will-bei-naechsten-praesidentschaftswahlen-kandidieren\/","url":"https:\/\/now-news.de\/de\/deutschland\/ukraine-ex-selenskij-berater-arestowitsch-will-bei-naechsten-praesidentschaftswahlen-kandidieren\/","name":"Ukraine: Ex-Selenskij-Berater Arestowitsch will bei n\u00e4chsten Pr\u00e4sidentschaftswahlen kandidieren - just-now.NEWS Deutschland","isPartOf":{"@id":"https:\/\/now-news.de\/de\/#website"},"primaryImageOfPage":{"@id":"https:\/\/now-news.de\/de\/deutschland\/ukraine-ex-selenskij-berater-arestowitsch-will-bei-naechsten-praesidentschaftswahlen-kandidieren\/#primaryimage"},"image":{"@id":"https:\/\/now-news.de\/de\/deutschland\/ukraine-ex-selenskij-berater-arestowitsch-will-bei-naechsten-praesidentschaftswahlen-kandidieren\/#primaryimage"},"thumbnailUrl":"https:\/\/now-news.de\/de\/wp-content\/uploads\/sites\/3\/2023\/11\/Ukraine-Ex-Selenskij-Berater-Arestowitsch-will-bei-naechsten-Praesidentschaftswahlen-kandidieren.jpg","datePublished":"2023-11-03T15:42:08+00:00","dateModified":"2023-11-03T15:42:08+00:00","breadcrumb":{"@id":"https:\/\/now-news.de\/de\/deutschland\/ukraine-ex-selenskij-berater-arestowitsch-will-bei-naechsten-praesidentschaftswahlen-kandidieren\/#breadcrumb"},"inLanguage":"de","potentialAction":[{"@type":"ReadAction","target":["https:\/\/now-news.de\/de\/deutschland\/ukraine-ex-selenskij-berater-arestowitsch-will-bei-naechsten-praesidentschaftswahlen-kandidieren\/"]}]},{"@type":"ImageObject","inLanguage":"de","@id":"https:\/\/now-news.de\/de\/deutschland\/ukraine-ex-selenskij-berater-arestowitsch-will-bei-naechsten-praesidentschaftswahlen-kandidieren\/#primaryimage","url":"https:\/\/now-news.de\/de\/wp-content\/uploads\/sites\/3\/2023\/11\/Ukraine-Ex-Selenskij-Berater-Arestowitsch-will-bei-naechsten-Praesidentschaftswahlen-kandidieren.jpg","contentUrl":"https:\/\/now-news.de\/de\/wp-content\/uploads\/sites\/3\/2023\/11\/Ukraine-Ex-Selenskij-Berater-Arestowitsch-will-bei-naechsten-Praesidentschaftswahlen-kandidieren.jpg","width":460,"height":259,"caption":"Ukraine: Ex-Selenskij-Berater Arestowitsch will bei n\u00e4chsten Pr\u00e4sidentschaftswahlen kandidieren"},{"@type":"BreadcrumbList","@id":"https:\/\/now-news.de\/de\/deutschland\/ukraine-ex-selenskij-berater-arestowitsch-will-bei-naechsten-praesidentschaftswahlen-kandidieren\/#breadcrumb","itemListElement":[{"@type":"ListItem","position":1,"name":"Home","item":"https:\/\/now-news.de\/de\/"},{"@type":"ListItem","position":2,"name":"Ukraine: Ex-Selenskij-Berater Arestowitsch will bei n\u00e4chsten Pr\u00e4sidentschaftswahlen kandidieren"}]},{"@type":"WebSite","@id":"https:\/\/now-news.de\/de\/#website","url":"https:\/\/now-news.de\/de\/","name":"just-now.NEWS Deutschland","description":"Das Portal f\u00fcr unzensierte Nachrichten aus der Welt","publisher":{"@id":"https:\/\/now-news.de\/de\/#organization"},"potentialAction":[{"@type":"SearchAction","target":{"@type":"EntryPoint","urlTemplate":"https:\/\/now-news.de\/de\/?s={search_term_string}"},"query-input":"required name=search_term_string"}],"inLanguage":"de"},{"@type":"Organization","@id":"https:\/\/now-news.de\/de\/#organization","name":"Just Now News","url":"https:\/\/now-news.de\/de\/","logo":{"@type":"ImageObject","inLanguage":"de","@id":"https:\/\/now-news.de\/de\/#\/schema\/logo\/image\/","url":"http:\/\/just-now.news\/de\/wp-content\/uploads\/sites\/3\/2022\/04\/logo500x500.jpg","contentUrl":"http:\/\/just-now.news\/de\/wp-content\/uploads\/sites\/3\/2022\/04\/logo500x500.jpg","width":500,"height":500,"caption":"Just Now News"},"image":{"@id":"https:\/\/now-news.de\/de\/#\/schema\/logo\/image\/"},"sameAs":["https:\/\/www.facebook.com\/wirmachenauf","https:\/\/x.com\/WirMachenAuf_de"]},{"@type":"Person","@id":"https:\/\/now-news.de\/de\/#\/schema\/person\/fb534a4e865501d8b3285208df34a9b5","name":"rtnews","image":{"@type":"ImageObject","inLanguage":"de","@id":"https:\/\/now-news.de\/de\/#\/schema\/person\/image\/","url":"https:\/\/secure.gravatar.com\/avatar\/82aafea7d8127119dd649515f56e2117?s=96&d=mm&r=g","contentUrl":"https:\/\/secure.gravatar.com\/avatar\/82aafea7d8127119dd649515f56e2117?s=96&d=mm&r=g","caption":"rtnews"},"url":"https:\/\/now-news.de\/de\/author\/rnews\/"}]}},"_links":{"self":[{"href":"https:\/\/now-news.de\/de\/wp-json\/wp\/v2\/posts\/49201"}],"collection":[{"href":"https:\/\/now-news.de\/de\/wp-json\/wp\/v2\/posts"}],"about":[{"href":"https:\/\/now-news.de\/de\/wp-json\/wp\/v2\/types\/post"}],"author":[{"embeddable":true,"href":"https:\/\/now-news.de\/de\/wp-json\/wp\/v2\/users\/3"}],"replies":[{"embeddable":true,"href":"https:\/\/now-news.de\/de\/wp-json\/wp\/v2\/comments?post=49201"}],"version-history":[{"count":0,"href":"https:\/\/now-news.de\/de\/wp-json\/wp\/v2\/posts\/49201\/revisions"}],"wp:featuredmedia":[{"embeddable":true,"href":"https:\/\/now-news.de\/de\/wp-json\/wp\/v2\/media\/49202"}],"wp:attachment":[{"href":"https:\/\/now-news.de\/de\/wp-json\/wp\/v2\/media?parent=49201"}],"wp:term":[{"taxonomy":"category","embeddable":true,"href":"https:\/\/now-news.de\/de\/wp-json\/wp\/v2\/categories?post=49201"},{"taxonomy":"post_tag","embeddable":true,"href":"https:\/\/now-news.de\/de\/wp-json\/wp\/v2\/tags?post=49201"}],"curies":[{"name":"wp","href":"https:\/\/api.w.org\/{rel}","templated":true}]}}