{"id":49155,"date":"2023-11-02T20:25:42","date_gmt":"2023-11-02T18:25:42","guid":{"rendered":"https:\/\/just-now.news\/de\/deutschland\/fachkraeftemangel-scholz-holt-sich-abfuhr-in-afrika-deutschland-nicht-attraktiv\/"},"modified":"2023-11-02T20:25:42","modified_gmt":"2023-11-02T18:25:42","slug":"fachkraeftemangel-scholz-holt-sich-abfuhr-in-afrika-deutschland-nicht-attraktiv","status":"publish","type":"post","link":"https:\/\/now-news.de\/de\/deutschland\/fachkraeftemangel-scholz-holt-sich-abfuhr-in-afrika-deutschland-nicht-attraktiv\/","title":{"rendered":"Fachkr\u00e4ftemangel: Scholz holt sich Abfuhr in Afrika \u2013 Deutschland nicht attraktiv"},"content":{"rendered":"<p><img decoding=\"async\" src=\"http:\/\/just-now.news\/de\/wp-content\/uploads\/sites\/3\/2023\/11\/6543885eb480cc709a2b0faa.jpg\" \/><\/p>\n<div class=\"Text-root Text-type_1 \">\n                Bei der dritten Reise des Kanzlers nach Afrika nahm das Anwerben von Fachkr\u00e4ften zur Bek\u00e4mpfung des Fachkr\u00e4ftemangels einen gro\u00dfen Raum ein. Scholz holte sich eine Abfuhr. Deutschland ist f\u00fcr ausgebildete Afrikaner nicht attraktiv. Der Kontinent bietet ihnen inzwischen gute Perspektiven.\n            <\/div>\n<p><\/p>\n<div class=\"Text-root Text-type_5 ArticleView-text ViewText-root \">\n<p><em>Von Gert Ewen Ungar<\/em><\/p>\n<p>Im russischen Fernsehen wird derzeit eine Serie mit dem Titel &#8220;<a rel=\"nofollow noopener\" target=\"_blank\" href=\"https:\/\/smotrim.ru\/brand\/69886?utm_source=internal&amp;utm_medium=serials&amp;utm_campaign=serials-premier\">Fieber<\/a>&#8221; gezeigt. Die Rahmenhandlung ist schnell erz\u00e4hlt. In einem afrikanischen Land bricht eine hochansteckende und meist t\u00f6dlich verlaufende Krankheit aus. Eine neue Variante des Ebola-Virus ist daf\u00fcr verantwortlich. Ein westliches Team vor Ort streicht aufgrund der Gefahr die Segel und reist ab. Die Mitarbeiter des afrikanischen Seuchenzentrums f\u00fchlen sich im Stich gelassen. Sie wenden sich in ihrer Notlage an Russland, das im Gegensatz zum Westen zur Hilfe auch unter Gefahren bereit ist. Russland schickt eine gut ausger\u00fcstete Gruppe von Freiwilligen, bestehend aus Medizinern und Virologen.\u00a0Da die afrikanische Kollegin in Sankt Petersburg studiert hat, ist die Kommunikation auf Russisch kein Problem. Russland rettet vielleicht nicht die ganze Welt, aber zumindest Teile Afrikas und baut zudem seine Beziehungen dorthin aus. Ein schlichter, aber sympathischer Plot.\u00a0<\/p>\n<p>Nun mag man das f\u00fcr sehr weit hergeholt halten. Dass sich die Sympathien des afrikanischen Kontinents jedoch nicht mehr auf der Seite des Westens befinden, musste der deutsche Bundeskanzler bei seiner Reise durch Afrika feststellen. Auf seiner dritten Reise nach Afrika seit Amtsantritt besuchte Scholz Nigeria und Ghana.<\/p>\n<p>Und dass der Bundeskanzler zunehmend auch den Job der Au\u00dfenministerin macht, hat gute Gr\u00fcnde. Baerbock fehlt jedes Gesp\u00fcr f\u00fcr Diplomatie, sie ist rhetorisch ungeschickt, um es h\u00f6flich zu formulieren, sie ist zu sehr Ideologin, um kompromissf\u00e4hig zu sein, die F\u00e4higkeit zur Einf\u00fchlung fehlt ihr v\u00f6llig. Sie ersetzt dieses Defizit durch Phrasen der Betroffenheit und R\u00fchrung, die regelm\u00e4\u00dfig in Kitsch abgleiten. Man nimmt es ihr daher nicht ab.\u00a0<\/p>\n<p>Baerbock tritt zudem unangenehm belehrend auf. Ihr au\u00dfenpolitisches Ziel ist, andere L\u00e4nder zu unterwerfen und zur \u00dcbernahme der deutschen Sicht und der deutschen Sprachregelungen zu zwingen. Die Zeiten, in denen man sich einen derart kolonialistischen Gestus ungestraft erlauben konnte, sind allerdings vorbei.<\/p>\n<p>Baerbock ist f\u00fcr den Posten, den sie bekleidet, absolut ungeeignet. Der Kanzler wei\u00df das und zieht die Au\u00dfenpolitik an sich. Im Ergebnis \u00e4ndert das allerdings nichts, wie sich jetzt zeigt. Scholz mag \u00fcber bessere rhetorische Fertigkeiten und \u00fcber mehr politische Erfahrung verf\u00fcgen, dennoch bringt auch er wie vorher schon Baerbock von seiner Afrikareise nichts Substanzielles mit. Auch ihm wurde die T\u00fcr vor der Nase zugeschlagen.<\/p>\n<p>Deutschland ist f\u00fcr Afrika nicht mehr attraktiv. Gemeinsam mit der EU wurde Afrika immer hingehalten, immer vertr\u00f6stet und abgespeist.\u00a0Die j\u00fcngsten Beispiele daf\u00fcr: W\u00e4hrend der Corona-Pandemie kam Hilfe nicht aus dem Westen, sondern aus China und Russland. Die EU h\u00e4lt am Sanktionsregime gegen Russland fest, obwohl das die \u00e4rmsten L\u00e4nder der Welt hart trifft. Der UN-Menschenrechtsrat hat dies klar verurteilt. Russland spendet nun Weizen und D\u00fcnger, w\u00e4hrend die EU hart bleibt.\u00a0<\/p>\n<p>Russland \u00f6ffnet sich aktuell gegen\u00fcber Afrika wie keine andere Region der Welt \u2013 von China abgesehen. Die Zahl afrikanischer Studenten, die an einer russischen Universit\u00e4t studieren, hat sich in der letzten Dekade verdreifacht, 35.000 afrikanische Studenten waren es im vergangenen Studienjahr. F\u00fcr die laufende Periode wurde das Kontingent von Studienpl\u00e4tzen f\u00fcr diese Gruppe um weitere 4720 Pl\u00e4tze erh\u00f6ht. In Russland wird ein Teil der afrikanischen Fachkr\u00e4fte ausgebildet, die man in Deutschland gerne h\u00e4tte. Allerdings musste Kanzler Scholz bei einem Besuch der Universit\u00e4t Ashesi in Ghana zur Kenntnis nehmen, dass es die afrikanischen Fachkr\u00e4fte, die Deutschland so dringend ben\u00f6tigt, um seinen Standard halten zu k\u00f6nnen, nicht nach Deutschland zieht. &#8220;Wir brauchen keine Retter aus dem Westen&#8221;, erkl\u00e4rt eine Studentin des Maschinenbaus dem Kanzler.\u00a0<\/p>\n<p>Was Jahrzehnte der Entwicklungszusammenarbeit mit Deutschland nicht geschafft haben, schafft die Kooperation Afrikas mit China und Russland. Afrika entwickelt sich, es gibt Perspektiven. Man will zur Entwicklung des eigenen Landes beitragen, bekommt Scholz von jenen Fachkr\u00e4ften gesagt, mit denen er in Deutschland gerne kosteng\u00fcnstig die durch eigenes Versagen entstandenen L\u00fccken schlie\u00dfen m\u00f6chte.\u00a0<\/p>\n<p>Auch in Nigeria war Migration ein Thema \u2013 gleich in doppelter Hinsicht, denn auch dort wollte Scholz Fachkr\u00e4fte f\u00fcr Deutschland anwerben. Gleichzeitig ging es darum, eine Vereinbarung \u00fcber die R\u00fcckf\u00fchrung von abgelehnten Asylbewerbern zu finden. In Deutschland leben rund 12.000 ausreisepflichtige Asylsuchende, die Nigeria allerdings nicht zur\u00fccknehmen m\u00f6chte.<\/p>\n<p>Deutschland m\u00f6chte Rosinen picken, das machte der verungl\u00fcckte Balanceakt des Kanzlers deutlich. Dass Nigeria unter diesen Umst\u00e4nden kaum zur Zusammenarbeit zu bewegen sein wird, ist klar.\u00a0Wie jedes andere\u00a0Land der Welt bildet auch Nigeria seine Fachkr\u00e4fte nicht f\u00fcr Deutschland, sondern f\u00fcr den eigenen Bedarf aus. Wenn Deutschland Fachkr\u00e4fte sucht, dann soll es die gef\u00e4lligst selbst ausbilden, ist die inh\u00e4rente Botschaft, die man permanent von dort zur\u00fccksendet,\u00a0wo Berlin anwerben m\u00f6chte. Sie wird in Berlin jedoch nicht geh\u00f6rt. Man tingelt daher weiter durch die Welt.<\/p>\n<p>Auch wenn es eine narzisstische Kr\u00e4nkung f\u00fcr Deutschlands gut gep\u00e4ppeltes Ego bedeutet: F\u00fcr Fachkr\u00e4fte aus Afrika ist Deutschland nicht mehr attraktiv, zumal Deutschland nicht nach Kooperation auf Augenh\u00f6he, sondern nach L\u00fcckenf\u00fcllern sucht, die der deutschen Wirtschaft aus der Patsche helfen. Kooperation, das wei\u00df man in Afrika nicht erst seit der Coronakrise, kommt nicht aus der EU und auch nicht aus Deutschland. Wenn es ernst wird, setzt man dort auf Abschottung und pflegt den Egoismus. Echte Kooperation kommt aus anderen Regionen der Welt. In der Fernsehserie &#8220;Fieber&#8221; wurde das zum Thema gemacht. Scholz bekam in Afrika die Grundannahme f\u00fcr den Plot in der Realit\u00e4t zu sp\u00fcren.<\/p>\n<p><strong>Mehr zum Thema<\/strong>\u00a0\u2013 <a rel=\"nofollow noopener\" target=\"_blank\" href=\"https:\/\/freedert.online\/kurzclips\/video\/185405-energiequelle-nigeria-bundeskanzler-scholz-auf\/\">Energiequelle Nigeria: Bundeskanzler Scholz auf Afrika-Reise<\/a><\/p>\n<\/p>\n<\/div>\n<p><br \/>\n<br \/><a href=\"https:\/\/de.rt.com\/meinung\/185744-fachkraeftemangel-scholz-holt-sich-abfuhr\/\">Source link <\/a><\/p>\n","protected":false},"excerpt":{"rendered":"<p>Bei der dritten Reise des Kanzlers nach Afrika nahm das Anwerben von Fachkr\u00e4ften zur Bek\u00e4mpfung des Fachkr\u00e4ftemangels einen gro\u00dfen Raum ein. Scholz holte sich eine Abfuhr. Deutschland ist f\u00fcr ausgebildete Afrikaner nicht attraktiv. Der Kontinent bietet ihnen inzwischen gute Perspektiven. Von Gert Ewen Ungar Im russischen Fernsehen wird derzeit eine Serie mit dem Titel &#8220;Fieber&#8221; [&hellip;]<\/p>\n","protected":false},"author":3,"featured_media":49156,"comment_status":"open","ping_status":"open","sticky":false,"template":"","format":"standard","meta":{"_yoast_indexnow_last_ping":["1698950638"],"wp_automatic_camp":["217"],"82096568ca769b0f4610bf1eb2f030e3":["Fachkr\u00e4ftemangel: Scholz holt sich Abfuhr in Afrika \u2013 Deutschland nicht attraktiv"],"original_link":["https:\/\/de.rt.com\/meinung\/185744-fachkraeftemangel-scholz-holt-sich-abfuhr\/"],"_thumbnail_id":["49156"],"_wptgpro_p2tg_sent2tg":["a:1:{i:23737;s:19:\"2023-11-02 20:45:02\";}"],"jnews_social_counter_last_update":["1788437842"]},"categories":[19,23],"tags":[37034,18099,47735,179,36933,23435,800,1001,434],"class_list":["post-49155","post","type-post","status-publish","format-standard","has-post-thumbnail","hentry","category-deutschland","category-russland","tag-abfuhr","tag-afrika","tag-attraktiv","tag-deutschland","tag-fachkraeftemangel","tag-holt","tag-nicht","tag-scholz","tag-sich"],"yoast_head":"<!-- This site is optimized with the Yoast SEO Premium plugin v22.7 (Yoast SEO v28.2) - https:\/\/yoast.com\/product\/yoast-seo-premium-wordpress\/ -->\n<title>Fachkr\u00e4ftemangel: Scholz holt sich Abfuhr in Afrika \u2013 Deutschland nicht attraktiv - just-now.NEWS Deutschland<\/title>\n<meta name=\"robots\" content=\"index, follow, max-snippet:-1, max-image-preview:large, max-video-preview:-1\" \/>\n<link rel=\"canonical\" href=\"https:\/\/now-news.de\/de\/deutschland\/fachkraeftemangel-scholz-holt-sich-abfuhr-in-afrika-deutschland-nicht-attraktiv\/\" \/>\n<meta property=\"og:locale\" content=\"de_DE\" \/>\n<meta property=\"og:type\" content=\"article\" \/>\n<meta property=\"og:title\" content=\"Fachkr\u00e4ftemangel: Scholz holt sich Abfuhr in Afrika \u2013 Deutschland nicht attraktiv\" \/>\n<meta property=\"og:description\" content=\"Bei der dritten Reise des Kanzlers nach Afrika nahm das Anwerben von Fachkr\u00e4ften zur Bek\u00e4mpfung des Fachkr\u00e4ftemangels einen gro\u00dfen Raum ein. Scholz holte sich eine Abfuhr. Deutschland ist f\u00fcr ausgebildete Afrikaner nicht attraktiv. Der Kontinent bietet ihnen inzwischen gute Perspektiven. Von Gert Ewen Ungar Im russischen Fernsehen wird derzeit eine Serie mit dem Titel &#8220;Fieber&#8221; [&hellip;]\" \/>\n<meta property=\"og:url\" content=\"https:\/\/now-news.de\/de\/deutschland\/fachkraeftemangel-scholz-holt-sich-abfuhr-in-afrika-deutschland-nicht-attraktiv\/\" \/>\n<meta property=\"og:site_name\" content=\"just-now.NEWS Deutschland\" \/>\n<meta property=\"article:publisher\" content=\"https:\/\/www.facebook.com\/wirmachenauf\" \/>\n<meta property=\"article:published_time\" content=\"2023-11-02T18:25:42+00:00\" \/>\n<meta property=\"og:image\" content=\"https:\/\/now-news.de\/de\/wp-content\/uploads\/sites\/3\/2023\/11\/Fachkraeftemangel-Scholz-holt-sich-Abfuhr-in-Afrika-\u2013-Deutschland-nicht.jpg\" \/>\n\t<meta property=\"og:image:width\" content=\"460\" \/>\n\t<meta property=\"og:image:height\" content=\"259\" \/>\n\t<meta property=\"og:image:type\" content=\"image\/jpeg\" \/>\n<meta name=\"author\" content=\"rtnews\" \/>\n<meta name=\"twitter:card\" content=\"summary_large_image\" \/>\n<meta name=\"twitter:creator\" content=\"@WirMachenAuf_de\" \/>\n<meta name=\"twitter:site\" content=\"@WirMachenAuf_de\" \/>\n<meta name=\"twitter:label1\" content=\"Verfasst von\" \/>\n\t<meta name=\"twitter:data1\" content=\"rtnews\" \/>\n\t<meta name=\"twitter:label2\" content=\"Gesch\u00e4tzte Lesezeit\" \/>\n\t<meta name=\"twitter:data2\" content=\"5\u00a0Minuten\" \/>\n<script type=\"application\/ld+json\" class=\"yoast-schema-graph\">{\"@context\":\"https:\\\/\\\/schema.org\",\"@graph\":[{\"@type\":\"Article\",\"@id\":\"https:\\\/\\\/now-news.de\\\/de\\\/deutschland\\\/fachkraeftemangel-scholz-holt-sich-abfuhr-in-afrika-deutschland-nicht-attraktiv\\\/#article\",\"isPartOf\":{\"@id\":\"https:\\\/\\\/now-news.de\\\/de\\\/deutschland\\\/fachkraeftemangel-scholz-holt-sich-abfuhr-in-afrika-deutschland-nicht-attraktiv\\\/\"},\"author\":{\"name\":\"rtnews\",\"@id\":\"https:\\\/\\\/now-news.de\\\/de\\\/#\\\/schema\\\/person\\\/fb534a4e865501d8b3285208df34a9b5\"},\"headline\":\"Fachkr\u00e4ftemangel: Scholz holt sich Abfuhr in Afrika \u2013 Deutschland nicht attraktiv\",\"datePublished\":\"2023-11-02T18:25:42+00:00\",\"mainEntityOfPage\":{\"@id\":\"https:\\\/\\\/now-news.de\\\/de\\\/deutschland\\\/fachkraeftemangel-scholz-holt-sich-abfuhr-in-afrika-deutschland-nicht-attraktiv\\\/\"},\"wordCount\":986,\"commentCount\":0,\"publisher\":{\"@id\":\"https:\\\/\\\/now-news.de\\\/de\\\/#organization\"},\"image\":{\"@id\":\"https:\\\/\\\/now-news.de\\\/de\\\/deutschland\\\/fachkraeftemangel-scholz-holt-sich-abfuhr-in-afrika-deutschland-nicht-attraktiv\\\/#primaryimage\"},\"thumbnailUrl\":\"https:\\\/\\\/now-news.de\\\/de\\\/wp-content\\\/uploads\\\/sites\\\/3\\\/2023\\\/11\\\/Fachkraeftemangel-Scholz-holt-sich-Abfuhr-in-Afrika-\u2013-Deutschland-nicht.jpg\",\"keywords\":[\"Abfuhr\",\"Afrika\",\"attraktiv\",\"Deutschland\",\"Fachkr\u00e4ftemangel\",\"holt\",\"nicht\",\"Scholz\",\"sich\"],\"articleSection\":[\"Deutschland\",\"Russland\"],\"inLanguage\":\"de\",\"potentialAction\":[{\"@type\":\"CommentAction\",\"name\":\"Comment\",\"target\":[\"https:\\\/\\\/now-news.de\\\/de\\\/deutschland\\\/fachkraeftemangel-scholz-holt-sich-abfuhr-in-afrika-deutschland-nicht-attraktiv\\\/#respond\"]}]},{\"@type\":\"WebPage\",\"@id\":\"https:\\\/\\\/now-news.de\\\/de\\\/deutschland\\\/fachkraeftemangel-scholz-holt-sich-abfuhr-in-afrika-deutschland-nicht-attraktiv\\\/\",\"url\":\"https:\\\/\\\/now-news.de\\\/de\\\/deutschland\\\/fachkraeftemangel-scholz-holt-sich-abfuhr-in-afrika-deutschland-nicht-attraktiv\\\/\",\"name\":\"Fachkr\u00e4ftemangel: Scholz holt sich Abfuhr in Afrika \u2013 Deutschland nicht attraktiv - just-now.NEWS Deutschland\",\"isPartOf\":{\"@id\":\"https:\\\/\\\/now-news.de\\\/de\\\/#website\"},\"primaryImageOfPage\":{\"@id\":\"https:\\\/\\\/now-news.de\\\/de\\\/deutschland\\\/fachkraeftemangel-scholz-holt-sich-abfuhr-in-afrika-deutschland-nicht-attraktiv\\\/#primaryimage\"},\"image\":{\"@id\":\"https:\\\/\\\/now-news.de\\\/de\\\/deutschland\\\/fachkraeftemangel-scholz-holt-sich-abfuhr-in-afrika-deutschland-nicht-attraktiv\\\/#primaryimage\"},\"thumbnailUrl\":\"https:\\\/\\\/now-news.de\\\/de\\\/wp-content\\\/uploads\\\/sites\\\/3\\\/2023\\\/11\\\/Fachkraeftemangel-Scholz-holt-sich-Abfuhr-in-Afrika-\u2013-Deutschland-nicht.jpg\",\"datePublished\":\"2023-11-02T18:25:42+00:00\",\"breadcrumb\":{\"@id\":\"https:\\\/\\\/now-news.de\\\/de\\\/deutschland\\\/fachkraeftemangel-scholz-holt-sich-abfuhr-in-afrika-deutschland-nicht-attraktiv\\\/#breadcrumb\"},\"inLanguage\":\"de\",\"potentialAction\":[{\"@type\":\"ReadAction\",\"target\":[\"https:\\\/\\\/now-news.de\\\/de\\\/deutschland\\\/fachkraeftemangel-scholz-holt-sich-abfuhr-in-afrika-deutschland-nicht-attraktiv\\\/\"]}]},{\"@type\":\"ImageObject\",\"inLanguage\":\"de\",\"@id\":\"https:\\\/\\\/now-news.de\\\/de\\\/deutschland\\\/fachkraeftemangel-scholz-holt-sich-abfuhr-in-afrika-deutschland-nicht-attraktiv\\\/#primaryimage\",\"url\":\"https:\\\/\\\/now-news.de\\\/de\\\/wp-content\\\/uploads\\\/sites\\\/3\\\/2023\\\/11\\\/Fachkraeftemangel-Scholz-holt-sich-Abfuhr-in-Afrika-\u2013-Deutschland-nicht.jpg\",\"contentUrl\":\"https:\\\/\\\/now-news.de\\\/de\\\/wp-content\\\/uploads\\\/sites\\\/3\\\/2023\\\/11\\\/Fachkraeftemangel-Scholz-holt-sich-Abfuhr-in-Afrika-\u2013-Deutschland-nicht.jpg\",\"width\":460,\"height\":259,\"caption\":\"Fachkr\u00e4ftemangel: Scholz holt sich Abfuhr in Afrika \u2013 Deutschland nicht attraktiv\"},{\"@type\":\"BreadcrumbList\",\"@id\":\"https:\\\/\\\/now-news.de\\\/de\\\/deutschland\\\/fachkraeftemangel-scholz-holt-sich-abfuhr-in-afrika-deutschland-nicht-attraktiv\\\/#breadcrumb\",\"itemListElement\":[{\"@type\":\"ListItem\",\"position\":1,\"name\":\"Home\",\"item\":\"https:\\\/\\\/now-news.de\\\/de\\\/\"},{\"@type\":\"ListItem\",\"position\":2,\"name\":\"Fachkr\u00e4ftemangel: Scholz holt sich Abfuhr in Afrika \u2013 Deutschland nicht attraktiv\"}]},{\"@type\":\"WebSite\",\"@id\":\"https:\\\/\\\/now-news.de\\\/de\\\/#website\",\"url\":\"https:\\\/\\\/now-news.de\\\/de\\\/\",\"name\":\"just-now.NEWS Deutschland\",\"description\":\"Das Portal f\u00fcr unzensierte Nachrichten aus der Welt\",\"publisher\":{\"@id\":\"https:\\\/\\\/now-news.de\\\/de\\\/#organization\"},\"potentialAction\":[{\"@type\":\"SearchAction\",\"target\":{\"@type\":\"EntryPoint\",\"urlTemplate\":\"https:\\\/\\\/now-news.de\\\/de\\\/?s={search_term_string}\"},\"query-input\":{\"@type\":\"PropertyValueSpecification\",\"valueRequired\":true,\"valueName\":\"search_term_string\"}}],\"inLanguage\":\"de\"},{\"@type\":\"Organization\",\"@id\":\"https:\\\/\\\/now-news.de\\\/de\\\/#organization\",\"name\":\"Just Now News\",\"url\":\"https:\\\/\\\/now-news.de\\\/de\\\/\",\"logo\":{\"@type\":\"ImageObject\",\"inLanguage\":\"de\",\"@id\":\"https:\\\/\\\/now-news.de\\\/de\\\/#\\\/schema\\\/logo\\\/image\\\/\",\"url\":\"http:\\\/\\\/just-now.news\\\/de\\\/wp-content\\\/uploads\\\/sites\\\/3\\\/2022\\\/04\\\/logo500x500.jpg\",\"contentUrl\":\"http:\\\/\\\/just-now.news\\\/de\\\/wp-content\\\/uploads\\\/sites\\\/3\\\/2022\\\/04\\\/logo500x500.jpg\",\"width\":500,\"height\":500,\"caption\":\"Just Now News\"},\"image\":{\"@id\":\"https:\\\/\\\/now-news.de\\\/de\\\/#\\\/schema\\\/logo\\\/image\\\/\"},\"sameAs\":[\"https:\\\/\\\/www.facebook.com\\\/wirmachenauf\",\"https:\\\/\\\/x.com\\\/WirMachenAuf_de\"]},{\"@type\":\"Person\",\"@id\":\"https:\\\/\\\/now-news.de\\\/de\\\/#\\\/schema\\\/person\\\/fb534a4e865501d8b3285208df34a9b5\",\"name\":\"rtnews\",\"image\":{\"@type\":\"ImageObject\",\"inLanguage\":\"de\",\"@id\":\"https:\\\/\\\/secure.gravatar.com\\\/avatar\\\/358fe31b3ab5769fea05376e1953329834cd9912cf9daf607e2af3076a1b982b?s=96&d=mm&r=g\",\"url\":\"https:\\\/\\\/secure.gravatar.com\\\/avatar\\\/358fe31b3ab5769fea05376e1953329834cd9912cf9daf607e2af3076a1b982b?s=96&d=mm&r=g\",\"contentUrl\":\"https:\\\/\\\/secure.gravatar.com\\\/avatar\\\/358fe31b3ab5769fea05376e1953329834cd9912cf9daf607e2af3076a1b982b?s=96&d=mm&r=g\",\"caption\":\"rtnews\"},\"url\":\"https:\\\/\\\/now-news.de\\\/de\\\/author\\\/rnews\\\/\"}]}<\/script>\n<!-- \/ Yoast SEO Premium plugin. -->","yoast_head_json":{"title":"Fachkr\u00e4ftemangel: Scholz holt sich Abfuhr in Afrika \u2013 Deutschland nicht attraktiv - just-now.NEWS Deutschland","robots":{"index":"index","follow":"follow","max-snippet":"max-snippet:-1","max-image-preview":"max-image-preview:large","max-video-preview":"max-video-preview:-1"},"canonical":"https:\/\/now-news.de\/de\/deutschland\/fachkraeftemangel-scholz-holt-sich-abfuhr-in-afrika-deutschland-nicht-attraktiv\/","og_locale":"de_DE","og_type":"article","og_title":"Fachkr\u00e4ftemangel: Scholz holt sich Abfuhr in Afrika \u2013 Deutschland nicht attraktiv","og_description":"Bei der dritten Reise des Kanzlers nach Afrika nahm das Anwerben von Fachkr\u00e4ften zur Bek\u00e4mpfung des Fachkr\u00e4ftemangels einen gro\u00dfen Raum ein. Scholz holte sich eine Abfuhr. Deutschland ist f\u00fcr ausgebildete Afrikaner nicht attraktiv. Der Kontinent bietet ihnen inzwischen gute Perspektiven. Von Gert Ewen Ungar Im russischen Fernsehen wird derzeit eine Serie mit dem Titel &#8220;Fieber&#8221; [&hellip;]","og_url":"https:\/\/now-news.de\/de\/deutschland\/fachkraeftemangel-scholz-holt-sich-abfuhr-in-afrika-deutschland-nicht-attraktiv\/","og_site_name":"just-now.NEWS Deutschland","article_publisher":"https:\/\/www.facebook.com\/wirmachenauf","article_published_time":"2023-11-02T18:25:42+00:00","og_image":[{"width":460,"height":259,"url":"https:\/\/now-news.de\/de\/wp-content\/uploads\/sites\/3\/2023\/11\/Fachkraeftemangel-Scholz-holt-sich-Abfuhr-in-Afrika-\u2013-Deutschland-nicht.jpg","type":"image\/jpeg"}],"author":"rtnews","twitter_card":"summary_large_image","twitter_creator":"@WirMachenAuf_de","twitter_site":"@WirMachenAuf_de","twitter_misc":{"Verfasst von":"rtnews","Gesch\u00e4tzte Lesezeit":"5\u00a0Minuten"},"schema":{"@context":"https:\/\/schema.org","@graph":[{"@type":"Article","@id":"https:\/\/now-news.de\/de\/deutschland\/fachkraeftemangel-scholz-holt-sich-abfuhr-in-afrika-deutschland-nicht-attraktiv\/#article","isPartOf":{"@id":"https:\/\/now-news.de\/de\/deutschland\/fachkraeftemangel-scholz-holt-sich-abfuhr-in-afrika-deutschland-nicht-attraktiv\/"},"author":{"name":"rtnews","@id":"https:\/\/now-news.de\/de\/#\/schema\/person\/fb534a4e865501d8b3285208df34a9b5"},"headline":"Fachkr\u00e4ftemangel: Scholz holt sich Abfuhr in Afrika \u2013 Deutschland nicht attraktiv","datePublished":"2023-11-02T18:25:42+00:00","mainEntityOfPage":{"@id":"https:\/\/now-news.de\/de\/deutschland\/fachkraeftemangel-scholz-holt-sich-abfuhr-in-afrika-deutschland-nicht-attraktiv\/"},"wordCount":986,"commentCount":0,"publisher":{"@id":"https:\/\/now-news.de\/de\/#organization"},"image":{"@id":"https:\/\/now-news.de\/de\/deutschland\/fachkraeftemangel-scholz-holt-sich-abfuhr-in-afrika-deutschland-nicht-attraktiv\/#primaryimage"},"thumbnailUrl":"https:\/\/now-news.de\/de\/wp-content\/uploads\/sites\/3\/2023\/11\/Fachkraeftemangel-Scholz-holt-sich-Abfuhr-in-Afrika-\u2013-Deutschland-nicht.jpg","keywords":["Abfuhr","Afrika","attraktiv","Deutschland","Fachkr\u00e4ftemangel","holt","nicht","Scholz","sich"],"articleSection":["Deutschland","Russland"],"inLanguage":"de","potentialAction":[{"@type":"CommentAction","name":"Comment","target":["https:\/\/now-news.de\/de\/deutschland\/fachkraeftemangel-scholz-holt-sich-abfuhr-in-afrika-deutschland-nicht-attraktiv\/#respond"]}]},{"@type":"WebPage","@id":"https:\/\/now-news.de\/de\/deutschland\/fachkraeftemangel-scholz-holt-sich-abfuhr-in-afrika-deutschland-nicht-attraktiv\/","url":"https:\/\/now-news.de\/de\/deutschland\/fachkraeftemangel-scholz-holt-sich-abfuhr-in-afrika-deutschland-nicht-attraktiv\/","name":"Fachkr\u00e4ftemangel: Scholz holt sich Abfuhr in Afrika \u2013 Deutschland nicht attraktiv - just-now.NEWS Deutschland","isPartOf":{"@id":"https:\/\/now-news.de\/de\/#website"},"primaryImageOfPage":{"@id":"https:\/\/now-news.de\/de\/deutschland\/fachkraeftemangel-scholz-holt-sich-abfuhr-in-afrika-deutschland-nicht-attraktiv\/#primaryimage"},"image":{"@id":"https:\/\/now-news.de\/de\/deutschland\/fachkraeftemangel-scholz-holt-sich-abfuhr-in-afrika-deutschland-nicht-attraktiv\/#primaryimage"},"thumbnailUrl":"https:\/\/now-news.de\/de\/wp-content\/uploads\/sites\/3\/2023\/11\/Fachkraeftemangel-Scholz-holt-sich-Abfuhr-in-Afrika-\u2013-Deutschland-nicht.jpg","datePublished":"2023-11-02T18:25:42+00:00","breadcrumb":{"@id":"https:\/\/now-news.de\/de\/deutschland\/fachkraeftemangel-scholz-holt-sich-abfuhr-in-afrika-deutschland-nicht-attraktiv\/#breadcrumb"},"inLanguage":"de","potentialAction":[{"@type":"ReadAction","target":["https:\/\/now-news.de\/de\/deutschland\/fachkraeftemangel-scholz-holt-sich-abfuhr-in-afrika-deutschland-nicht-attraktiv\/"]}]},{"@type":"ImageObject","inLanguage":"de","@id":"https:\/\/now-news.de\/de\/deutschland\/fachkraeftemangel-scholz-holt-sich-abfuhr-in-afrika-deutschland-nicht-attraktiv\/#primaryimage","url":"https:\/\/now-news.de\/de\/wp-content\/uploads\/sites\/3\/2023\/11\/Fachkraeftemangel-Scholz-holt-sich-Abfuhr-in-Afrika-\u2013-Deutschland-nicht.jpg","contentUrl":"https:\/\/now-news.de\/de\/wp-content\/uploads\/sites\/3\/2023\/11\/Fachkraeftemangel-Scholz-holt-sich-Abfuhr-in-Afrika-\u2013-Deutschland-nicht.jpg","width":460,"height":259,"caption":"Fachkr\u00e4ftemangel: Scholz holt sich Abfuhr in Afrika \u2013 Deutschland nicht attraktiv"},{"@type":"BreadcrumbList","@id":"https:\/\/now-news.de\/de\/deutschland\/fachkraeftemangel-scholz-holt-sich-abfuhr-in-afrika-deutschland-nicht-attraktiv\/#breadcrumb","itemListElement":[{"@type":"ListItem","position":1,"name":"Home","item":"https:\/\/now-news.de\/de\/"},{"@type":"ListItem","position":2,"name":"Fachkr\u00e4ftemangel: Scholz holt sich Abfuhr in Afrika \u2013 Deutschland nicht attraktiv"}]},{"@type":"WebSite","@id":"https:\/\/now-news.de\/de\/#website","url":"https:\/\/now-news.de\/de\/","name":"just-now.NEWS Deutschland","description":"Das Portal f\u00fcr unzensierte Nachrichten aus der Welt","publisher":{"@id":"https:\/\/now-news.de\/de\/#organization"},"potentialAction":[{"@type":"SearchAction","target":{"@type":"EntryPoint","urlTemplate":"https:\/\/now-news.de\/de\/?s={search_term_string}"},"query-input":{"@type":"PropertyValueSpecification","valueRequired":true,"valueName":"search_term_string"}}],"inLanguage":"de"},{"@type":"Organization","@id":"https:\/\/now-news.de\/de\/#organization","name":"Just Now News","url":"https:\/\/now-news.de\/de\/","logo":{"@type":"ImageObject","inLanguage":"de","@id":"https:\/\/now-news.de\/de\/#\/schema\/logo\/image\/","url":"http:\/\/just-now.news\/de\/wp-content\/uploads\/sites\/3\/2022\/04\/logo500x500.jpg","contentUrl":"http:\/\/just-now.news\/de\/wp-content\/uploads\/sites\/3\/2022\/04\/logo500x500.jpg","width":500,"height":500,"caption":"Just Now News"},"image":{"@id":"https:\/\/now-news.de\/de\/#\/schema\/logo\/image\/"},"sameAs":["https:\/\/www.facebook.com\/wirmachenauf","https:\/\/x.com\/WirMachenAuf_de"]},{"@type":"Person","@id":"https:\/\/now-news.de\/de\/#\/schema\/person\/fb534a4e865501d8b3285208df34a9b5","name":"rtnews","image":{"@type":"ImageObject","inLanguage":"de","@id":"https:\/\/secure.gravatar.com\/avatar\/358fe31b3ab5769fea05376e1953329834cd9912cf9daf607e2af3076a1b982b?s=96&d=mm&r=g","url":"https:\/\/secure.gravatar.com\/avatar\/358fe31b3ab5769fea05376e1953329834cd9912cf9daf607e2af3076a1b982b?s=96&d=mm&r=g","contentUrl":"https:\/\/secure.gravatar.com\/avatar\/358fe31b3ab5769fea05376e1953329834cd9912cf9daf607e2af3076a1b982b?s=96&d=mm&r=g","caption":"rtnews"},"url":"https:\/\/now-news.de\/de\/author\/rnews\/"}]}},"_links":{"self":[{"href":"https:\/\/now-news.de\/de\/wp-json\/wp\/v2\/posts\/49155","targetHints":{"allow":["GET"]}}],"collection":[{"href":"https:\/\/now-news.de\/de\/wp-json\/wp\/v2\/posts"}],"about":[{"href":"https:\/\/now-news.de\/de\/wp-json\/wp\/v2\/types\/post"}],"author":[{"embeddable":true,"href":"https:\/\/now-news.de\/de\/wp-json\/wp\/v2\/users\/3"}],"replies":[{"embeddable":true,"href":"https:\/\/now-news.de\/de\/wp-json\/wp\/v2\/comments?post=49155"}],"version-history":[{"count":0,"href":"https:\/\/now-news.de\/de\/wp-json\/wp\/v2\/posts\/49155\/revisions"}],"wp:featuredmedia":[{"embeddable":true,"href":"https:\/\/now-news.de\/de\/wp-json\/wp\/v2\/media\/49156"}],"wp:attachment":[{"href":"https:\/\/now-news.de\/de\/wp-json\/wp\/v2\/media?parent=49155"}],"wp:term":[{"taxonomy":"category","embeddable":true,"href":"https:\/\/now-news.de\/de\/wp-json\/wp\/v2\/categories?post=49155"},{"taxonomy":"post_tag","embeddable":true,"href":"https:\/\/now-news.de\/de\/wp-json\/wp\/v2\/tags?post=49155"}],"curies":[{"name":"wp","href":"https:\/\/api.w.org\/{rel}","templated":true}]}}