{"id":4908,"date":"2022-04-29T17:12:00","date_gmt":"2022-04-29T15:12:00","guid":{"rendered":"http:\/\/just-now.news\/de\/usa\/bidens-aussenminister-tony-blinken-sagt-es-gebe-groessere-stabilitaet-und-frieden-fuer-frauen-in-afghanistan-unter-den-taliban-video\/"},"modified":"2022-04-29T17:12:00","modified_gmt":"2022-04-29T15:12:00","slug":"bidens-aussenminister-tony-blinken-sagt-es-gebe-groessere-stabilitaet-und-frieden-fuer-frauen-in-afghanistan-unter-den-taliban-video","status":"publish","type":"post","link":"https:\/\/now-news.de\/de\/usa\/bidens-aussenminister-tony-blinken-sagt-es-gebe-groessere-stabilitaet-und-frieden-fuer-frauen-in-afghanistan-unter-den-taliban-video\/","title":{"rendered":"Bidens Au\u00dfenminister Tony Blinken sagt, es gebe \u201egr\u00f6\u00dfere Stabilit\u00e4t und Frieden\u201c f\u00fcr Frauen in Afghanistan unter den Taliban (VIDEO)"},"content":{"rendered":"<div class=\"entry-content\">\n<p><\/p>\n<p><strong>Soros Connected Tony Blinken, Au\u00dfenminister von Biden, behauptet, Frauen in Afghanistan seien unter den Taliban besser dran, da es \u201emehr Stabilit\u00e4t und Frieden\u201c gebe.<\/strong><\/p>\n<p>Tony Blinken war am Mittwoch vor dem US-Senat und teilte mit, dass es den Frauen in Afghanistan unter den Taliban besser gehe als zuvor.  Hier ist, was er sagte:<\/p>\n<div id=\"IC1-ad\" class=\"sponsor IC1\">\n<p class=\"ad-notice flipboard-remove\" fl:fl-noexcerpt=\"true\">Werbung \u2013 die Geschichte geht unten weiter<\/p>\n<div id=\"IC1\">\n<script>\n\t\t\t\t\tif( FFADS.units.IC1 && FFADS.units.IC1.ad_type == 'custom' && FFADS.units.IC1.custom_ads && ! getCookie( 'ff_subbed' ) ) {\n\t\t\t\t\t\tdocument.getElementById( 'IC1' ).innerHTML = FFADS.units.IC1.custom_ads[0].code;\n\t\t\t\t\t\tif( ! FFADS.units.IC1.lazy_load ) eval( FFADS.units.IC1.custom_ads[0].rendering_script );\n\t\t\t\t\t}\n\t\t\t\t\telse if( FFADS.units.IC1 && ! getCookie( 'ff_subbed' ) ) {\n\t\t\t\t\t\tif( 'IC' != 'SB' && 'IC' != 'SA' && FFADS.use_fixed_containers ) {\n\t\t\t\t\t\t\tlet max_wh = firefly_size_list_to_max_wh( FFADS.units.IC1.sizes );\n\t\t\t\t\t\t\tlet el = document.querySelector( '#IC1' );\n\t\t\t\t\t\t\tif( 'IC' != 'SA' && FFADS.slide_pixels ) {\n\t\t\t\t\t\t\t\tmax_wh[1] += parseInt( FFADS.slide_pixels );\n\t\t\t\t\t\t\t\tel.classList.add( 'sliding' );\n\t\t\t\t\t\t\t}\n\t\t\t\t\t\t\tel.style.width = max_wh[0] + 'px';\n\t\t\t\t\t\t\tel.style.height = max_wh[1] + 'px';\n\t\t\t\t\t\t\tel.classList.add( 'fixed-size' );\n\t\t\t\t\t\t}\n\t\t\t\t\t\tgoogletag.cmd.push( function() {\n\t\t\t\t\t\t\tFFADS.debug( 'googletag.displaying IC1' );\n\t\t\t\t\t\t\tgoogletag.display( 'IC1' );\n\t\t\t\t\t\t} );\n\t\t\t\t\t}\n\t\t\t\t\telse {\n\t\t\t\t\t\tdocument.querySelector( '#IC1-ad' ).style.display = 'none';}\n\t\t\t\t<\/script><\/div>\n<\/div>\n<blockquote class=\"twitter-tweet\">\n<p dir=\"ltr\" lang=\"en\">Au\u00dfenminister Antony Blinken sagt, es gebe \u201emehr Stabilit\u00e4t und Frieden\u201c f\u00fcr Frauen im von den Taliban gef\u00fchrten Afghanistan <a rel=\"nofollow noopener\" target=\"_blank\" href=\"https:\/\/t.co\/61FOp7kYxZ\">pic.twitter.com\/61FOp7kYxZ<\/a><\/p>\n<p>\u2014 RNC-Forschung (@RNCResearch) <a rel=\"nofollow noopener\" target=\"_blank\" href=\"https:\/\/twitter.com\/RNCResearch\/status\/1519426831933485056\">27. April 2022<\/a><\/p>\n<\/blockquote>\n<p><script async src=\"https:\/\/platform.twitter.com\/widgets.js\" charset=\"utf-8\"><\/script><\/p>\n<p><script>\n\t\t\t\t\tif( ! getCookie( 'ff_subbed' ) ) if( typeof FFADS.replace_ict != 'undefined' ) if( FFADS.replace_ict ) eval( FFADS.replace_ict );\n\t\t\t\t<\/script><\/p>\n<p>Hotair antwortete auf diesen Kommentar von Blinken:<\/p>\n<blockquote>\n<p>Jazz kommentierte mir hinter den Kulissen, dass dies wie eine Geschichte aus der Zwiebel klingt.  Leider hat Au\u00dfenminister Antony Blinken dieses Argument gestern in seiner Aussage vor dem Senat wirklich vorgebracht.  \u201eWie steht es derzeit um Frauen in Afghanistan?\u201c  fragte Senator Lindsey Graham, nachdem Blinken darauf bestanden hatte, dass er den Abzug der amerikanischen Streitkr\u00e4fte aus dem Land nicht bereue.  \u201eWas ist der Vorteil?\u201c<\/p>\n<\/blockquote>\n<div id=\"IC2-ad\" class=\"sponsor IC2\">\n<p class=\"ad-notice flipboard-remove\" fl:fl-noexcerpt=\"true\">Werbung \u2013 die Geschichte geht unten weiter<\/p>\n<div id=\"IC2\">\n<script>\n\t\t\t\t\tif( FFADS.units.IC2 && FFADS.units.IC2.ad_type == 'custom' && FFADS.units.IC2.custom_ads && ! getCookie( 'ff_subbed' ) ) {\n\t\t\t\t\t\tdocument.getElementById( 'IC2' ).innerHTML = FFADS.units.IC2.custom_ads[0].code;\n\t\t\t\t\t\tif( ! FFADS.units.IC2.lazy_load ) eval( FFADS.units.IC2.custom_ads[0].rendering_script );\n\t\t\t\t\t}\n\t\t\t\t\telse if( FFADS.units.IC2 && ! getCookie( 'ff_subbed' ) ) {\n\t\t\t\t\t\tif( 'IC' != 'SB' && 'IC' != 'SA' && FFADS.use_fixed_containers ) {\n\t\t\t\t\t\t\tlet max_wh = firefly_size_list_to_max_wh( FFADS.units.IC2.sizes );\n\t\t\t\t\t\t\tlet el = document.querySelector( '#IC2' );\n\t\t\t\t\t\t\tif( 'IC' != 'SA' && FFADS.slide_pixels ) {\n\t\t\t\t\t\t\t\tmax_wh[1] += parseInt( FFADS.slide_pixels );\n\t\t\t\t\t\t\t\tel.classList.add( 'sliding' );\n\t\t\t\t\t\t\t}\n\t\t\t\t\t\t\tel.style.width = max_wh[0] + 'px';\n\t\t\t\t\t\t\tel.style.height = max_wh[1] + 'px';\n\t\t\t\t\t\t\tel.classList.add( 'fixed-size' );\n\t\t\t\t\t\t}\n\t\t\t\t\t\tgoogletag.cmd.push( function() {\n\t\t\t\t\t\t\tFFADS.debug( 'googletag.displaying IC2' );\n\t\t\t\t\t\t\tgoogletag.display( 'IC2' );\n\t\t\t\t\t\t} );\n\t\t\t\t\t}\n\t\t\t\t\telse {\n\t\t\t\t\t\tdocument.querySelector( '#IC2-ad' ).style.display = 'none';}\n\t\t\t\t<\/script><\/div>\n<\/div>\n<div class=\"my-4\">\n<blockquote>\n<div id=\"div-gpt-300x250_4\" class=\"gpt-ad ad-250 text-center\">Die Antwort w\u00e4re in Vergessenheit geraten, wenn die Babylon Bee sie als Satire angeboten h\u00e4tte.<\/div>\n<\/blockquote>\n<div>Hotair fuhr fort, darauf hinzuweisen:<\/div>\n<blockquote>\n<p>\u2026der US-Austritt hat nicht den Krieg in Afghanistan beendet, sondern nur unsere Beteiligung daran.  Die Taliban k\u00e4mpfen immer noch gegen konkurrierende Terrorgruppen, einschlie\u00dflich ISIS-K, die die USA auch als Bedrohung f\u00fcr unsere eigene nationale Sicherheit betrachten.  Die Washington Post berichtete letzte Woche, dass der Krieg in Afghanistan tats\u00e4chlich eskaliert.<\/p>\n<\/blockquote>\n<p>Viele fragen sich, wie Blinken jemals den Posten von Bidens Au\u00dfenminister bekommen hat.  Wie wir bereits berichtet haben, k\u00f6nnte es daran liegen, dass seine Eltern eng mit George Soros zusammen sind.  Oder es k\u00f6nnte daran liegen, dass er unter Obamas Au\u00dfenminister John Kerry stand.  Insgesamt ist Blinken schrecklich f\u00fcr das Land, aber perfekt f\u00fcr Biden.<\/p>\n<blockquote class=\"wp-embedded-content\" data-secret=\"npLqUWRYtK\">\n<p>Bidens Au\u00dfenminister Blinken hat famili\u00e4re Beziehungen zu George Soros<\/p>\n<\/blockquote>\n<p><iframe class=\"wp-embedded-content\" sandbox=\"allow-scripts\" security=\"restricted\" style=\"position: absolute; clip: rect(1px, 1px, 1px, 1px);\" title=\"\u201cBiden\u2019s Secretary of State Blinken has Family Ties with George Soros\u201d \u2014 The Gateway Pundit\" data-src=\"https:\/\/www.thegatewaypundit.com\/2022\/03\/no-wonder-us-foreign-policy-nightmare-bidens-secretary-state-blinken-family-ties-george-soros\/embed\/#?secret=npLqUWRYtK\" data-secret=\"npLqUWRYtK\" width=\"500\" height=\"282\" frameborder=\"0\" marginwidth=\"0\" marginheight=\"0\" scrolling=\"no\"><\/iframe><\/p>\n<\/div>\n<p class=\"article-ask\"><span class=\"ask\"><script>\n  if( getParameterByName( \"utm_source\" ) == \"testpage\" ) {\n    !function(e,t,a,n,g){e[n]=e[n]||[],e[n].push({\"gtm.start\":(new Date).getTime(),event:\"gtm.js\"});var m=t.getElementsByTagName(a)[0],r=t.createElement(a);r.async=!0,r.src=\"https:\/\/www.googletagmanager.com\/gtm.js?id=GTM-PL4PD49\",m.parentNode.insertBefore(r,m)}(window.parent,window.parent.document,\"script\",\"dataLayer\");\n    var iframe=window.parent.document.createElement(\"iframe\");iframe.src=\"https:\/\/www.googletagmanager.com\/ns.html?id=GTM-PL4PD49\";iframe.height=\"0\";iframe.width=\"0\";iframe.style=\"display:none;visibility:hidden\";window.parent.document.body.appendChild(iframe);\n    window.parent[\"$$mm-analytics\"] = window.parent[\"$$mm-analytics\"] || {};if (typeof window.parent[\"$$mm-analytics\"].firstEmbed === \"undefined\") {window.parent[\"$$mm-analytics\"].firstEmbed = Date.now();}\n    let as1 = document.createElement( \"script\" );\n    as1.src = \"https:\/\/bucket1.mm-syringe.com\/prod\/configs\/ee2300c8-43d2-7f0b-dac0-40aaf31c9d3d.js\";\n    document.body.appendChild( as1 );\n    let as2 = document.createElement( \"script\" );\n    as2.src = \"https:\/\/bucket1.mm-syringe.com\/prod\/injector\/injector.1.5.3.js\";\n    document.body.appendChild( as2 );\n  }\n<\/script><\/p>\n<div class=\"apester-media\" data-token=\"5f10a39f94902bc81d3d59a7\" data-context=\"true\" data-tags=\"\" data-fallback=\"true\" height=\"350\"><\/div>\n<p><script id=\"apester_script\" src=\"https:\/\/static.apester.com\/js\/sdk\/latest\/apester-sdk.js\" async><\/script><script async src=\"https:\/\/www.googletagmanager.com\/gtag\/js?id=G-EFE91RJVSQ\"><\/script><script>\n  window.dataLayer = window.dataLayer || [];\n  function gtag(){dataLayer.push(arguments);}\n  gtag(\\'js\\', new Date());\n  gtag(\\'config\\', \\'G-EFE91RJVSQ\\');\n<\/script><\/span><\/p>\n<\/div>\n<p><br \/>\n<br \/><a href=\"https:\/\/www.thegatewaypundit.com\/2022\/04\/bidens-secretary-state-tony-blinken-says-greater-stability-peace-women-afghanistan-taliban-video\/\">Source link <\/a><\/p>\n","protected":false},"excerpt":{"rendered":"<p>Soros Connected Tony Blinken, Au\u00dfenminister von Biden, behauptet, Frauen in Afghanistan seien unter den Taliban besser dran, da es \u201emehr Stabilit\u00e4t und Frieden\u201c gebe. Tony Blinken war am Mittwoch vor dem US-Senat und teilte mit, dass es den Frauen in Afghanistan unter den Taliban besser gehe als zuvor. Hier ist, was er sagte: Werbung \u2013 [&hellip;]<\/p>\n","protected":false},"author":5,"featured_media":4909,"comment_status":"open","ping_status":"open","sticky":false,"template":"","format":"standard","meta":{"wp_automatic_camp":["1161"],"f4e7560a81305d627727a912da9423e6":["Bidens Au\u00dfenminister Tony Blinken sagt, es gebe \u201egr\u00f6\u00dfere Stabilit\u00e4t und Frieden\u201c f\u00fcr Frauen in Afghanistan unter den Taliban (VIDEO)\n"],"original_link":["https:\/\/www.thegatewaypundit.com\/2022\/04\/bidens-secretary-state-tony-blinken-says-greater-stability-peace-women-afghanistan-taliban-video\/"],"_thumbnail_id":["4909"],"wp_automatic_remove_first_image":["yes"],"jnews_social_counter_last_update":["1777678639"]},"categories":[25],"tags":[1799,13830,670,4254,48,13372,614,221,13831,8166,3564,13832,1789,12401,140,908,173],"yoast_head":"<!-- This site is optimized with the Yoast SEO Premium plugin v22.7 (Yoast SEO v22.7) - https:\/\/yoast.com\/wordpress\/plugins\/seo\/ -->\n<title>Bidens Au\u00dfenminister Tony Blinken sagt, es gebe \u201egr\u00f6\u00dfere Stabilit\u00e4t und Frieden\u201c f\u00fcr Frauen in Afghanistan unter den Taliban (VIDEO) - just-now.NEWS Deutschland<\/title>\n<meta name=\"robots\" content=\"index, follow, max-snippet:-1, max-image-preview:large, max-video-preview:-1\" \/>\n<link rel=\"canonical\" href=\"https:\/\/now-news.de\/de\/usa\/bidens-aussenminister-tony-blinken-sagt-es-gebe-groessere-stabilitaet-und-frieden-fuer-frauen-in-afghanistan-unter-den-taliban-video\/\" \/>\n<meta property=\"og:locale\" content=\"de_DE\" \/>\n<meta property=\"og:type\" content=\"article\" \/>\n<meta property=\"og:title\" content=\"Bidens Au\u00dfenminister Tony Blinken sagt, es gebe \u201egr\u00f6\u00dfere Stabilit\u00e4t und Frieden\u201c f\u00fcr Frauen in Afghanistan unter den Taliban (VIDEO)\" \/>\n<meta property=\"og:description\" content=\"Soros Connected Tony Blinken, Au\u00dfenminister von Biden, behauptet, Frauen in Afghanistan seien unter den Taliban besser dran, da es \u201emehr Stabilit\u00e4t und Frieden\u201c gebe. Tony Blinken war am Mittwoch vor dem US-Senat und teilte mit, dass es den Frauen in Afghanistan unter den Taliban besser gehe als zuvor. Hier ist, was er sagte: Werbung \u2013 [&hellip;]\" \/>\n<meta property=\"og:url\" content=\"https:\/\/now-news.de\/de\/usa\/bidens-aussenminister-tony-blinken-sagt-es-gebe-groessere-stabilitaet-und-frieden-fuer-frauen-in-afghanistan-unter-den-taliban-video\/\" \/>\n<meta property=\"og:site_name\" content=\"just-now.NEWS Deutschland\" \/>\n<meta property=\"article:publisher\" content=\"https:\/\/www.facebook.com\/wirmachenauf\" \/>\n<meta property=\"article:published_time\" content=\"2022-04-29T15:12:00+00:00\" \/>\n<meta property=\"og:image\" content=\"https:\/\/now-news.de\/de\/wp-content\/uploads\/sites\/3\/2022\/04\/Bidens-Aussenminister-Tony-Blinken-sagt-es-gebe-\u201egroessere-Stabilitaet-und.jpg\" \/>\n\t<meta property=\"og:image:width\" content=\"685\" \/>\n\t<meta property=\"og:image:height\" content=\"424\" \/>\n\t<meta property=\"og:image:type\" content=\"image\/jpeg\" \/>\n<meta name=\"author\" content=\"greatreset\" \/>\n<meta name=\"twitter:card\" content=\"summary_large_image\" \/>\n<meta name=\"twitter:creator\" content=\"@WirMachenAuf_de\" \/>\n<meta name=\"twitter:site\" content=\"@WirMachenAuf_de\" \/>\n<meta name=\"twitter:label1\" content=\"Verfasst von\" \/>\n\t<meta name=\"twitter:data1\" content=\"greatreset\" \/>\n\t<meta name=\"twitter:label2\" content=\"Gesch\u00e4tzte Lesezeit\" \/>\n\t<meta name=\"twitter:data2\" content=\"2\u00a0Minuten\" \/>\n<script type=\"application\/ld+json\" class=\"yoast-schema-graph\">{\"@context\":\"https:\/\/schema.org\",\"@graph\":[{\"@type\":\"Article\",\"@id\":\"https:\/\/now-news.de\/de\/usa\/bidens-aussenminister-tony-blinken-sagt-es-gebe-groessere-stabilitaet-und-frieden-fuer-frauen-in-afghanistan-unter-den-taliban-video\/#article\",\"isPartOf\":{\"@id\":\"https:\/\/now-news.de\/de\/usa\/bidens-aussenminister-tony-blinken-sagt-es-gebe-groessere-stabilitaet-und-frieden-fuer-frauen-in-afghanistan-unter-den-taliban-video\/\"},\"author\":{\"name\":\"greatreset\",\"@id\":\"https:\/\/now-news.de\/de\/#\/schema\/person\/8afb4cd92b68572db7902c13a349ffcb\"},\"headline\":\"Bidens Au\u00dfenminister Tony Blinken sagt, es gebe \u201egr\u00f6\u00dfere Stabilit\u00e4t und Frieden\u201c f\u00fcr Frauen in Afghanistan unter den Taliban (VIDEO)\",\"datePublished\":\"2022-04-29T15:12:00+00:00\",\"dateModified\":\"2022-04-29T15:12:00+00:00\",\"mainEntityOfPage\":{\"@id\":\"https:\/\/now-news.de\/de\/usa\/bidens-aussenminister-tony-blinken-sagt-es-gebe-groessere-stabilitaet-und-frieden-fuer-frauen-in-afghanistan-unter-den-taliban-video\/\"},\"wordCount\":343,\"commentCount\":0,\"publisher\":{\"@id\":\"https:\/\/now-news.de\/de\/#organization\"},\"image\":{\"@id\":\"https:\/\/now-news.de\/de\/usa\/bidens-aussenminister-tony-blinken-sagt-es-gebe-groessere-stabilitaet-und-frieden-fuer-frauen-in-afghanistan-unter-den-taliban-video\/#primaryimage\"},\"thumbnailUrl\":\"https:\/\/now-news.de\/de\/wp-content\/uploads\/sites\/3\/2022\/04\/Bidens-Aussenminister-Tony-Blinken-sagt-es-gebe-\u201egroessere-Stabilitaet-und.jpg\",\"keywords\":[\"Afghanistan\",\"Au\u00dfenminister\",\"Bidens\",\"Blinken\",\"den\",\"Frauen\",\"Frieden\",\"f\u00fcr\",\"gebe\",\"gr\u00f6\u00dfere\",\"sagt\",\"Stabilit\u00e4t\",\"Taliban\",\"Tony\",\"und\",\"unter\",\"Video\"],\"articleSection\":[\"USA\"],\"inLanguage\":\"de\",\"potentialAction\":[{\"@type\":\"CommentAction\",\"name\":\"Comment\",\"target\":[\"https:\/\/now-news.de\/de\/usa\/bidens-aussenminister-tony-blinken-sagt-es-gebe-groessere-stabilitaet-und-frieden-fuer-frauen-in-afghanistan-unter-den-taliban-video\/#respond\"]}]},{\"@type\":\"WebPage\",\"@id\":\"https:\/\/now-news.de\/de\/usa\/bidens-aussenminister-tony-blinken-sagt-es-gebe-groessere-stabilitaet-und-frieden-fuer-frauen-in-afghanistan-unter-den-taliban-video\/\",\"url\":\"https:\/\/now-news.de\/de\/usa\/bidens-aussenminister-tony-blinken-sagt-es-gebe-groessere-stabilitaet-und-frieden-fuer-frauen-in-afghanistan-unter-den-taliban-video\/\",\"name\":\"Bidens Au\u00dfenminister Tony Blinken sagt, es gebe \u201egr\u00f6\u00dfere Stabilit\u00e4t und Frieden\u201c f\u00fcr Frauen in Afghanistan unter den Taliban (VIDEO) - just-now.NEWS Deutschland\",\"isPartOf\":{\"@id\":\"https:\/\/now-news.de\/de\/#website\"},\"primaryImageOfPage\":{\"@id\":\"https:\/\/now-news.de\/de\/usa\/bidens-aussenminister-tony-blinken-sagt-es-gebe-groessere-stabilitaet-und-frieden-fuer-frauen-in-afghanistan-unter-den-taliban-video\/#primaryimage\"},\"image\":{\"@id\":\"https:\/\/now-news.de\/de\/usa\/bidens-aussenminister-tony-blinken-sagt-es-gebe-groessere-stabilitaet-und-frieden-fuer-frauen-in-afghanistan-unter-den-taliban-video\/#primaryimage\"},\"thumbnailUrl\":\"https:\/\/now-news.de\/de\/wp-content\/uploads\/sites\/3\/2022\/04\/Bidens-Aussenminister-Tony-Blinken-sagt-es-gebe-\u201egroessere-Stabilitaet-und.jpg\",\"datePublished\":\"2022-04-29T15:12:00+00:00\",\"dateModified\":\"2022-04-29T15:12:00+00:00\",\"breadcrumb\":{\"@id\":\"https:\/\/now-news.de\/de\/usa\/bidens-aussenminister-tony-blinken-sagt-es-gebe-groessere-stabilitaet-und-frieden-fuer-frauen-in-afghanistan-unter-den-taliban-video\/#breadcrumb\"},\"inLanguage\":\"de\",\"potentialAction\":[{\"@type\":\"ReadAction\",\"target\":[\"https:\/\/now-news.de\/de\/usa\/bidens-aussenminister-tony-blinken-sagt-es-gebe-groessere-stabilitaet-und-frieden-fuer-frauen-in-afghanistan-unter-den-taliban-video\/\"]}]},{\"@type\":\"ImageObject\",\"inLanguage\":\"de\",\"@id\":\"https:\/\/now-news.de\/de\/usa\/bidens-aussenminister-tony-blinken-sagt-es-gebe-groessere-stabilitaet-und-frieden-fuer-frauen-in-afghanistan-unter-den-taliban-video\/#primaryimage\",\"url\":\"https:\/\/now-news.de\/de\/wp-content\/uploads\/sites\/3\/2022\/04\/Bidens-Aussenminister-Tony-Blinken-sagt-es-gebe-\u201egroessere-Stabilitaet-und.jpg\",\"contentUrl\":\"https:\/\/now-news.de\/de\/wp-content\/uploads\/sites\/3\/2022\/04\/Bidens-Aussenminister-Tony-Blinken-sagt-es-gebe-\u201egroessere-Stabilitaet-und.jpg\",\"width\":685,\"height\":424},{\"@type\":\"BreadcrumbList\",\"@id\":\"https:\/\/now-news.de\/de\/usa\/bidens-aussenminister-tony-blinken-sagt-es-gebe-groessere-stabilitaet-und-frieden-fuer-frauen-in-afghanistan-unter-den-taliban-video\/#breadcrumb\",\"itemListElement\":[{\"@type\":\"ListItem\",\"position\":1,\"name\":\"Home\",\"item\":\"https:\/\/now-news.de\/de\/\"},{\"@type\":\"ListItem\",\"position\":2,\"name\":\"Bidens Au\u00dfenminister Tony Blinken sagt, es gebe \u201egr\u00f6\u00dfere Stabilit\u00e4t und Frieden\u201c f\u00fcr Frauen in Afghanistan unter den Taliban (VIDEO)\"}]},{\"@type\":\"WebSite\",\"@id\":\"https:\/\/now-news.de\/de\/#website\",\"url\":\"https:\/\/now-news.de\/de\/\",\"name\":\"just-now.NEWS Deutschland\",\"description\":\"Das Portal f\u00fcr unzensierte Nachrichten aus der Welt\",\"publisher\":{\"@id\":\"https:\/\/now-news.de\/de\/#organization\"},\"potentialAction\":[{\"@type\":\"SearchAction\",\"target\":{\"@type\":\"EntryPoint\",\"urlTemplate\":\"https:\/\/now-news.de\/de\/?s={search_term_string}\"},\"query-input\":\"required name=search_term_string\"}],\"inLanguage\":\"de\"},{\"@type\":\"Organization\",\"@id\":\"https:\/\/now-news.de\/de\/#organization\",\"name\":\"Just Now News\",\"url\":\"https:\/\/now-news.de\/de\/\",\"logo\":{\"@type\":\"ImageObject\",\"inLanguage\":\"de\",\"@id\":\"https:\/\/now-news.de\/de\/#\/schema\/logo\/image\/\",\"url\":\"http:\/\/just-now.news\/de\/wp-content\/uploads\/sites\/3\/2022\/04\/logo500x500.jpg\",\"contentUrl\":\"http:\/\/just-now.news\/de\/wp-content\/uploads\/sites\/3\/2022\/04\/logo500x500.jpg\",\"width\":500,\"height\":500,\"caption\":\"Just Now News\"},\"image\":{\"@id\":\"https:\/\/now-news.de\/de\/#\/schema\/logo\/image\/\"},\"sameAs\":[\"https:\/\/www.facebook.com\/wirmachenauf\",\"https:\/\/x.com\/WirMachenAuf_de\"]},{\"@type\":\"Person\",\"@id\":\"https:\/\/now-news.de\/de\/#\/schema\/person\/8afb4cd92b68572db7902c13a349ffcb\",\"name\":\"greatreset\",\"image\":{\"@type\":\"ImageObject\",\"inLanguage\":\"de\",\"@id\":\"https:\/\/now-news.de\/de\/#\/schema\/person\/image\/\",\"url\":\"https:\/\/secure.gravatar.com\/avatar\/a088df625d49991c090e78c8b9542592?s=96&d=mm&r=g\",\"contentUrl\":\"https:\/\/secure.gravatar.com\/avatar\/a088df625d49991c090e78c8b9542592?s=96&d=mm&r=g\",\"caption\":\"greatreset\"},\"url\":\"https:\/\/now-news.de\/de\/author\/greatreset\/\"}]}<\/script>\n<!-- \/ Yoast SEO Premium plugin. -->","yoast_head_json":{"title":"Bidens Au\u00dfenminister Tony Blinken sagt, es gebe \u201egr\u00f6\u00dfere Stabilit\u00e4t und Frieden\u201c f\u00fcr Frauen in Afghanistan unter den Taliban (VIDEO) - just-now.NEWS Deutschland","robots":{"index":"index","follow":"follow","max-snippet":"max-snippet:-1","max-image-preview":"max-image-preview:large","max-video-preview":"max-video-preview:-1"},"canonical":"https:\/\/now-news.de\/de\/usa\/bidens-aussenminister-tony-blinken-sagt-es-gebe-groessere-stabilitaet-und-frieden-fuer-frauen-in-afghanistan-unter-den-taliban-video\/","og_locale":"de_DE","og_type":"article","og_title":"Bidens Au\u00dfenminister Tony Blinken sagt, es gebe \u201egr\u00f6\u00dfere Stabilit\u00e4t und Frieden\u201c f\u00fcr Frauen in Afghanistan unter den Taliban (VIDEO)","og_description":"Soros Connected Tony Blinken, Au\u00dfenminister von Biden, behauptet, Frauen in Afghanistan seien unter den Taliban besser dran, da es \u201emehr Stabilit\u00e4t und Frieden\u201c gebe. Tony Blinken war am Mittwoch vor dem US-Senat und teilte mit, dass es den Frauen in Afghanistan unter den Taliban besser gehe als zuvor. Hier ist, was er sagte: Werbung \u2013 [&hellip;]","og_url":"https:\/\/now-news.de\/de\/usa\/bidens-aussenminister-tony-blinken-sagt-es-gebe-groessere-stabilitaet-und-frieden-fuer-frauen-in-afghanistan-unter-den-taliban-video\/","og_site_name":"just-now.NEWS Deutschland","article_publisher":"https:\/\/www.facebook.com\/wirmachenauf","article_published_time":"2022-04-29T15:12:00+00:00","og_image":[{"width":685,"height":424,"url":"https:\/\/now-news.de\/de\/wp-content\/uploads\/sites\/3\/2022\/04\/Bidens-Aussenminister-Tony-Blinken-sagt-es-gebe-\u201egroessere-Stabilitaet-und.jpg","type":"image\/jpeg"}],"author":"greatreset","twitter_card":"summary_large_image","twitter_creator":"@WirMachenAuf_de","twitter_site":"@WirMachenAuf_de","twitter_misc":{"Verfasst von":"greatreset","Gesch\u00e4tzte Lesezeit":"2\u00a0Minuten"},"schema":{"@context":"https:\/\/schema.org","@graph":[{"@type":"Article","@id":"https:\/\/now-news.de\/de\/usa\/bidens-aussenminister-tony-blinken-sagt-es-gebe-groessere-stabilitaet-und-frieden-fuer-frauen-in-afghanistan-unter-den-taliban-video\/#article","isPartOf":{"@id":"https:\/\/now-news.de\/de\/usa\/bidens-aussenminister-tony-blinken-sagt-es-gebe-groessere-stabilitaet-und-frieden-fuer-frauen-in-afghanistan-unter-den-taliban-video\/"},"author":{"name":"greatreset","@id":"https:\/\/now-news.de\/de\/#\/schema\/person\/8afb4cd92b68572db7902c13a349ffcb"},"headline":"Bidens Au\u00dfenminister Tony Blinken sagt, es gebe \u201egr\u00f6\u00dfere Stabilit\u00e4t und Frieden\u201c f\u00fcr Frauen in Afghanistan unter den Taliban (VIDEO)","datePublished":"2022-04-29T15:12:00+00:00","dateModified":"2022-04-29T15:12:00+00:00","mainEntityOfPage":{"@id":"https:\/\/now-news.de\/de\/usa\/bidens-aussenminister-tony-blinken-sagt-es-gebe-groessere-stabilitaet-und-frieden-fuer-frauen-in-afghanistan-unter-den-taliban-video\/"},"wordCount":343,"commentCount":0,"publisher":{"@id":"https:\/\/now-news.de\/de\/#organization"},"image":{"@id":"https:\/\/now-news.de\/de\/usa\/bidens-aussenminister-tony-blinken-sagt-es-gebe-groessere-stabilitaet-und-frieden-fuer-frauen-in-afghanistan-unter-den-taliban-video\/#primaryimage"},"thumbnailUrl":"https:\/\/now-news.de\/de\/wp-content\/uploads\/sites\/3\/2022\/04\/Bidens-Aussenminister-Tony-Blinken-sagt-es-gebe-\u201egroessere-Stabilitaet-und.jpg","keywords":["Afghanistan","Au\u00dfenminister","Bidens","Blinken","den","Frauen","Frieden","f\u00fcr","gebe","gr\u00f6\u00dfere","sagt","Stabilit\u00e4t","Taliban","Tony","und","unter","Video"],"articleSection":["USA"],"inLanguage":"de","potentialAction":[{"@type":"CommentAction","name":"Comment","target":["https:\/\/now-news.de\/de\/usa\/bidens-aussenminister-tony-blinken-sagt-es-gebe-groessere-stabilitaet-und-frieden-fuer-frauen-in-afghanistan-unter-den-taliban-video\/#respond"]}]},{"@type":"WebPage","@id":"https:\/\/now-news.de\/de\/usa\/bidens-aussenminister-tony-blinken-sagt-es-gebe-groessere-stabilitaet-und-frieden-fuer-frauen-in-afghanistan-unter-den-taliban-video\/","url":"https:\/\/now-news.de\/de\/usa\/bidens-aussenminister-tony-blinken-sagt-es-gebe-groessere-stabilitaet-und-frieden-fuer-frauen-in-afghanistan-unter-den-taliban-video\/","name":"Bidens Au\u00dfenminister Tony Blinken sagt, es gebe \u201egr\u00f6\u00dfere Stabilit\u00e4t und Frieden\u201c f\u00fcr Frauen in Afghanistan unter den Taliban (VIDEO) - just-now.NEWS Deutschland","isPartOf":{"@id":"https:\/\/now-news.de\/de\/#website"},"primaryImageOfPage":{"@id":"https:\/\/now-news.de\/de\/usa\/bidens-aussenminister-tony-blinken-sagt-es-gebe-groessere-stabilitaet-und-frieden-fuer-frauen-in-afghanistan-unter-den-taliban-video\/#primaryimage"},"image":{"@id":"https:\/\/now-news.de\/de\/usa\/bidens-aussenminister-tony-blinken-sagt-es-gebe-groessere-stabilitaet-und-frieden-fuer-frauen-in-afghanistan-unter-den-taliban-video\/#primaryimage"},"thumbnailUrl":"https:\/\/now-news.de\/de\/wp-content\/uploads\/sites\/3\/2022\/04\/Bidens-Aussenminister-Tony-Blinken-sagt-es-gebe-\u201egroessere-Stabilitaet-und.jpg","datePublished":"2022-04-29T15:12:00+00:00","dateModified":"2022-04-29T15:12:00+00:00","breadcrumb":{"@id":"https:\/\/now-news.de\/de\/usa\/bidens-aussenminister-tony-blinken-sagt-es-gebe-groessere-stabilitaet-und-frieden-fuer-frauen-in-afghanistan-unter-den-taliban-video\/#breadcrumb"},"inLanguage":"de","potentialAction":[{"@type":"ReadAction","target":["https:\/\/now-news.de\/de\/usa\/bidens-aussenminister-tony-blinken-sagt-es-gebe-groessere-stabilitaet-und-frieden-fuer-frauen-in-afghanistan-unter-den-taliban-video\/"]}]},{"@type":"ImageObject","inLanguage":"de","@id":"https:\/\/now-news.de\/de\/usa\/bidens-aussenminister-tony-blinken-sagt-es-gebe-groessere-stabilitaet-und-frieden-fuer-frauen-in-afghanistan-unter-den-taliban-video\/#primaryimage","url":"https:\/\/now-news.de\/de\/wp-content\/uploads\/sites\/3\/2022\/04\/Bidens-Aussenminister-Tony-Blinken-sagt-es-gebe-\u201egroessere-Stabilitaet-und.jpg","contentUrl":"https:\/\/now-news.de\/de\/wp-content\/uploads\/sites\/3\/2022\/04\/Bidens-Aussenminister-Tony-Blinken-sagt-es-gebe-\u201egroessere-Stabilitaet-und.jpg","width":685,"height":424},{"@type":"BreadcrumbList","@id":"https:\/\/now-news.de\/de\/usa\/bidens-aussenminister-tony-blinken-sagt-es-gebe-groessere-stabilitaet-und-frieden-fuer-frauen-in-afghanistan-unter-den-taliban-video\/#breadcrumb","itemListElement":[{"@type":"ListItem","position":1,"name":"Home","item":"https:\/\/now-news.de\/de\/"},{"@type":"ListItem","position":2,"name":"Bidens Au\u00dfenminister Tony Blinken sagt, es gebe \u201egr\u00f6\u00dfere Stabilit\u00e4t und Frieden\u201c f\u00fcr Frauen in Afghanistan unter den Taliban (VIDEO)"}]},{"@type":"WebSite","@id":"https:\/\/now-news.de\/de\/#website","url":"https:\/\/now-news.de\/de\/","name":"just-now.NEWS Deutschland","description":"Das Portal f\u00fcr unzensierte Nachrichten aus der Welt","publisher":{"@id":"https:\/\/now-news.de\/de\/#organization"},"potentialAction":[{"@type":"SearchAction","target":{"@type":"EntryPoint","urlTemplate":"https:\/\/now-news.de\/de\/?s={search_term_string}"},"query-input":"required name=search_term_string"}],"inLanguage":"de"},{"@type":"Organization","@id":"https:\/\/now-news.de\/de\/#organization","name":"Just Now News","url":"https:\/\/now-news.de\/de\/","logo":{"@type":"ImageObject","inLanguage":"de","@id":"https:\/\/now-news.de\/de\/#\/schema\/logo\/image\/","url":"http:\/\/just-now.news\/de\/wp-content\/uploads\/sites\/3\/2022\/04\/logo500x500.jpg","contentUrl":"http:\/\/just-now.news\/de\/wp-content\/uploads\/sites\/3\/2022\/04\/logo500x500.jpg","width":500,"height":500,"caption":"Just Now News"},"image":{"@id":"https:\/\/now-news.de\/de\/#\/schema\/logo\/image\/"},"sameAs":["https:\/\/www.facebook.com\/wirmachenauf","https:\/\/x.com\/WirMachenAuf_de"]},{"@type":"Person","@id":"https:\/\/now-news.de\/de\/#\/schema\/person\/8afb4cd92b68572db7902c13a349ffcb","name":"greatreset","image":{"@type":"ImageObject","inLanguage":"de","@id":"https:\/\/now-news.de\/de\/#\/schema\/person\/image\/","url":"https:\/\/secure.gravatar.com\/avatar\/a088df625d49991c090e78c8b9542592?s=96&d=mm&r=g","contentUrl":"https:\/\/secure.gravatar.com\/avatar\/a088df625d49991c090e78c8b9542592?s=96&d=mm&r=g","caption":"greatreset"},"url":"https:\/\/now-news.de\/de\/author\/greatreset\/"}]}},"_links":{"self":[{"href":"https:\/\/now-news.de\/de\/wp-json\/wp\/v2\/posts\/4908"}],"collection":[{"href":"https:\/\/now-news.de\/de\/wp-json\/wp\/v2\/posts"}],"about":[{"href":"https:\/\/now-news.de\/de\/wp-json\/wp\/v2\/types\/post"}],"author":[{"embeddable":true,"href":"https:\/\/now-news.de\/de\/wp-json\/wp\/v2\/users\/5"}],"replies":[{"embeddable":true,"href":"https:\/\/now-news.de\/de\/wp-json\/wp\/v2\/comments?post=4908"}],"version-history":[{"count":0,"href":"https:\/\/now-news.de\/de\/wp-json\/wp\/v2\/posts\/4908\/revisions"}],"wp:featuredmedia":[{"embeddable":true,"href":"https:\/\/now-news.de\/de\/wp-json\/wp\/v2\/media\/4909"}],"wp:attachment":[{"href":"https:\/\/now-news.de\/de\/wp-json\/wp\/v2\/media?parent=4908"}],"wp:term":[{"taxonomy":"category","embeddable":true,"href":"https:\/\/now-news.de\/de\/wp-json\/wp\/v2\/categories?post=4908"},{"taxonomy":"post_tag","embeddable":true,"href":"https:\/\/now-news.de\/de\/wp-json\/wp\/v2\/tags?post=4908"}],"curies":[{"name":"wp","href":"https:\/\/api.w.org\/{rel}","templated":true}]}}